{"id":916,"date":"2019-10-20T19:17:18","date_gmt":"2019-10-20T19:17:18","guid":{"rendered":"http:\/\/lichri.radeln-in-den-sonnenaufgang.de\/?p=916"},"modified":"2019-10-20T19:17:18","modified_gmt":"2019-10-20T19:17:18","slug":"in-den-bergen-chinas","status":"publish","type":"post","link":"http:\/\/lichri.radeln-in-den-sonnenaufgang.de\/?p=916","title":{"rendered":"In den Bergen Chinas"},"content":{"rendered":"\n<p>Die Tischdecken der Nachbartische tropfen noch. Es ist frisch. In Regenjacken, Pullies, Wollsocken und langen Hosen sitzen wir auf einem der trocken gebliebenen Sofas der Dachterrasse in Stefans Absteige \u201eGlad Inn\u201c in Kunming. W\u00e4hrend Lisa die letzten Seiten ihres Romans beendet, streichelt ihre Hand unabl\u00e4ssig das kleine schwarze Katzenjunge auf ihrem Scho\u00df. \u00dcber Kopfh\u00f6rer, die wir uns teilen, lauschen wir sanfter Indie-Folk Musik. Das Prasseln des Regens abl\u00f6send \u00fcbert\u00f6nt es nun das einsetzende Klappern der kleinen Tastatur auf Chris Beinen. Mit einem L\u00e4cheln bemerkt Chris durch einen Seitenblick etwas Schokocreme vom Mittags-Snack-Baguette an Lisas Mundwinkeln \u2013 manche Dinge \u00e4ndern sich nie. Und das ist sch\u00f6n. \u00dcber drei Wochen ist es nun her, dass wir an eben diesem Ort sa\u00dfen. Und nur etwa zwei Tage weiter zur\u00fcck liegt unser letztes Update an euch.<\/p>\n\n\n\n<div class=\"wp-block-image\"><figure class=\"aligncenter\"><img decoding=\"async\" loading=\"lazy\" width=\"683\" height=\"1024\" src=\"http:\/\/lichri.radeln-in-den-sonnenaufgang.de\/wp-content\/uploads\/2019\/10\/IMG_5949_compress43-e1571597207135-683x1024.jpg\" alt=\"\" class=\"wp-image-1099\" srcset=\"http:\/\/lichri.radeln-in-den-sonnenaufgang.de\/wp-content\/uploads\/2019\/10\/IMG_5949_compress43-e1571597207135-683x1024.jpg 683w, http:\/\/lichri.radeln-in-den-sonnenaufgang.de\/wp-content\/uploads\/2019\/10\/IMG_5949_compress43-e1571597207135-200x300.jpg 200w, http:\/\/lichri.radeln-in-den-sonnenaufgang.de\/wp-content\/uploads\/2019\/10\/IMG_5949_compress43-e1571597207135-768x1152.jpg 768w, http:\/\/lichri.radeln-in-den-sonnenaufgang.de\/wp-content\/uploads\/2019\/10\/IMG_5949_compress43-e1571597207135.jpg 864w\" sizes=\"(max-width: 683px) 100vw, 683px\" \/><\/figure><\/div>\n\n\n\n<p><strong>Yangshou \u2013 Guilin \u2013 Kunming<\/strong><br><em>Bekannte Sicherheit, sichere Bekanntheit \u2013 Heckmeck mit Zug und Gep\u00e4ck \u2013 Highspeed nach Westen<\/em><\/p>\n\n\n\n<p>Wir verlie\u00dfen Yangshou mit einem Bus in Richtung Guilin. Es ist immer wieder etwas wie heimkommen, wenn wir an einem uns bekannten Ort zur\u00fcckkehren. Das mag daran liegen, dass uns auf unserer nun schon mehr als f\u00fcnfmonatigen Reise alles bekannte ein Gef\u00fchl der Sicherheit gibt, das uns insgesamt etwas abhanden gekommen ist. Jeder Tag ist neu, anders, ungewiss. Das ist spannend, erf\u00fcllend und zugleich zehrt es an einem. Umso mehr sch\u00e4tzten wir es, die Nacht in dem uns bekannten Hostel zu verbringen, das wir bereits einige Tage vorher nutzten. <\/p>\n\n\n\n<p>Da wir kein Ticket f\u00fcr den Zug online kaufen wollten, bevor wir nicht die R\u00e4der aufgegeben h\u00e4tten, kamen wir etwas sp\u00e4ter von Guilin los. Nachdem man uns am Nordbahnhof, wo wir die China Railway Company beauftragten, R\u00e4der und Packtaschen nach Xichang zu bringen, s\u00e4mtliches Camping-Gas herauspickte, das wir noch hatten, fuhren wir mit einem Bus an den Westbahnhof, um nun von dort den sp\u00e4teren Zug zu nehmen. An den Sicherheitskontrollen zog man \u2013 wie wir es bereits annahmen \u2013 uns dann wieder die Gaskartuschen aus den Taschen. Wir hatten es den CRE-Leuten ja gesagt, aber die meinten, wir sollten es versuchen. Tja, nun wurde Chris Pass zusammen mit dem Gefahrengut abgelichtet und so wird das wohl noch eine Weile im System bleiben. Prima. Das war erstmal ein komisches Gef\u00fchl, doch lie\u00dfen wir uns nicht beirren und so ging Chris einfach nochmal zum Security Check und fragte, ob er die Kartuschen ebenfalls nochmal fotografieren d\u00fcrfe. Schlie\u00dflich m\u00fcsse er jetzt neue kaufen. <\/p>\n\n\n\n<p>Die Fahrt im Hochgeschwindigkeitszug war einerseits recht unspektakul\u00e4r, da man von Beschleunigung und Geschwindigkeit des Zuges zwischen all den anderen Passagieren des vollen Wagons nichts wahrnahm. Sah man aus dem Fenster, konnte man bei bewusster Betrachtung die Fahrtgeschwindigkeit einsch\u00e4tzen und sie bewundern. Eindrucksvoller \u2013 selbst als die Aussichten \u2013 waren die schier endlosen Tunnel auf dem Weg. Es wurde deutlich, wie schnurgerade die Bahntrasse hier durchs Land gezogen wurde. Ohne wahrnehmbare Steigung oder Kurven schoss der Zug \u00fcber T\u00e4ler und durch Berge, als w\u00e4re es das normalste der Welt. Die manifestierte Schaffenskraft der Chinesen machte G\u00e4nsehaut. Der Ressourcen- und Energieverbrauch f\u00fcr den Bau dieser Infrastrukturen, der kaum zu erahnen war, lie\u00df Chris gruseln. <\/p>\n\n\n\n<p><strong>Kunming<\/strong><br><em>Mit Polizeigeleit ins Hotel \u2013 Scharfes auf dem Nachtmarkt &#8211; Orangerote Kois im Gr\u00fcnen See &#8211; Tempel \u00fcber der Stadt \u2013 Be\u00e4ngstigende sowie belustigende Vorsicht am Kunminger Bahnhof<\/em><\/p>\n\n\n\n<p>Es war bereits dunkel, als wir in DER Gro\u00dfstadt Yunnans ankamen. Da wir uns der R\u00e4der vorerst entledigt hatten, konnten wir nun etwa 15 Stationen mit der U-Bahn passieren um schlie\u00dflich nach Fu De, zum Expo-Gel\u00e4nde und dem nahe am Bahnhof gelegenen Hostel zu gelangen, das wir uns per Smartphone unterwegs aussuchten. Da es etwas versteckt liegt und die Koordinaten die wir zur Buchung erhielten nicht ganz zur Realit\u00e4t passten, f\u00fchrte uns ein netter Polizist mehrere Hundert Meter bis zum Geb\u00e4ude und schlie\u00dflich hinauf bis in den vierten Stock an die Rezeption, wo er sich ein hitziges Wortgepl\u00e4nkel mit der Chefin lieferte. Wie uns sp\u00e4ter erkl\u00e4rt wurde, wurde es nur hitzig, weil der Polizist die ihm angebotene H\u00f6flichkeits-Zigarette verweigerte. Schon witzig.<\/p>\n\n\n\n<p>Zwar ist es kein wirklich sch\u00f6ner Ort, doch wurden wir hier freundlich und interessiert von unserem Landsmann Stefan begr\u00fc\u00dft, der das Hostel zusammen mit seiner chinesischen Freundin zwei Wochen vorher \u00fcbernommen hatte und nun leitete. Wir mieteten uns hier f\u00fcr zwei N\u00e4chte ein, bevor wir nach Xichang weiterfahren w\u00fcrden. Da es bereits sp\u00e4t war, wir jedoch Hunger hatten, empfahlen uns die Besitzer den s\u00fcdlich gelegenen Nachtmarkt aufzusuchen. Gesagt \u2013 getan. Dort angekommen stie\u00dfen wir auf eine Vielzahl von Essensst\u00e4nden mit Kochern, Fritteusen, Woks und Dampfgarern, die wiederum gef\u00fcllt waren mit allem m\u00f6glichen und unm\u00f6glichen Fleisch, Mixed Pickels, scharfen Pasten und Gem\u00fcse. Wir entschieden uns f\u00fcr Nudeln mit Gem\u00fcse sowie einer Portion Kartoffeln, die an Pommes-Frites erinnerten, jedoch recht scharf gew\u00fcrzt waren. Leider fast t\u00f6dlich scharf war die Nudelsuppe, an der sich Chris zu allem \u00dcberfluss am Stra\u00dfenrand, wo wir auf einer Bank Platz nahmen, derart verschluckte, dass er das schmerzhafte Brennen der Sch\u00e4rfe den ganzen Abend nicht mehr loswurde. Dennoch schien er sich gut genug angestellt zu haben, dass ein Obstverk\u00e4ufer am gegen\u00fcberliegenden Stra\u00dfenrand Chris St\u00e4bchen-Beherrschung beim Nudel-Essen mit je einer T\u00fcte s\u00fc\u00dfen und salzigen Snacks als Geschenk belohnte. Die futterten wir dann auch gleich noch auf. \ud83d\ude42<\/p>\n\n\n\n<p>Tags drauf \u2013 die Gemeinschaftsb\u00e4der stellten sich in ihrer Schmuddelligkeit als ziemliche Entt\u00e4uschung heraus \u2013 g\u00f6nnten wir uns, nach einem Einkauf bei Walmart gegen\u00fcber, der uns mit Menge und Vielfalt der Produkte mit Eindr\u00fccken \u00fcberflutete, ein leckeres, ausgiebiges Fr\u00fchst\u00fcck. Eher einen Brunch mit Croissants, Baguette und Schokocreme. Wir nahmen die Bahn in die Altstadt, schlenderten durch die Gassen, die dem alten Baustil mehr nachempfunden rekonstruiert wurde, als dass sie wirklich im Original fortbestand. Sie war gef\u00fcllt mit L\u00e4den und Restaurants und an den Stra\u00dfenr\u00e4ndern waren immer wieder Bronzefiguren aufgestellt, \u00fcber die sich besonders die Kinder freuten. <\/p>\n\n\n\n<div class=\"wp-block-image\"><figure class=\"aligncenter\"><img decoding=\"async\" loading=\"lazy\" width=\"683\" height=\"1024\" src=\"http:\/\/lichri.radeln-in-den-sonnenaufgang.de\/wp-content\/uploads\/2019\/10\/IMG_4355_compress11-e1571566048177-683x1024.jpg\" alt=\"\" class=\"wp-image-918\" srcset=\"http:\/\/lichri.radeln-in-den-sonnenaufgang.de\/wp-content\/uploads\/2019\/10\/IMG_4355_compress11-e1571566048177-683x1024.jpg 683w, http:\/\/lichri.radeln-in-den-sonnenaufgang.de\/wp-content\/uploads\/2019\/10\/IMG_4355_compress11-e1571566048177-200x300.jpg 200w, http:\/\/lichri.radeln-in-den-sonnenaufgang.de\/wp-content\/uploads\/2019\/10\/IMG_4355_compress11-e1571566048177-768x1152.jpg 768w, http:\/\/lichri.radeln-in-den-sonnenaufgang.de\/wp-content\/uploads\/2019\/10\/IMG_4355_compress11-e1571566048177.jpg 864w\" sizes=\"(max-width: 683px) 100vw, 683px\" \/><figcaption>Zocken mit dem Kaiser<\/figcaption><\/figure><\/div>\n\n\n\n<figure class=\"wp-block-image\"><img decoding=\"async\" loading=\"lazy\" width=\"1024\" height=\"683\" src=\"http:\/\/lichri.radeln-in-den-sonnenaufgang.de\/wp-content\/uploads\/2019\/10\/IMG_4351_compress97-1024x683.jpg\" alt=\"\" class=\"wp-image-929\" srcset=\"http:\/\/lichri.radeln-in-den-sonnenaufgang.de\/wp-content\/uploads\/2019\/10\/IMG_4351_compress97-1024x683.jpg 1024w, http:\/\/lichri.radeln-in-den-sonnenaufgang.de\/wp-content\/uploads\/2019\/10\/IMG_4351_compress97-300x200.jpg 300w, http:\/\/lichri.radeln-in-den-sonnenaufgang.de\/wp-content\/uploads\/2019\/10\/IMG_4351_compress97-768x512.jpg 768w, http:\/\/lichri.radeln-in-den-sonnenaufgang.de\/wp-content\/uploads\/2019\/10\/IMG_4351_compress97.jpg 1296w\" sizes=\"(max-width: 767px) 89vw, (max-width: 1000px) 54vw, (max-width: 1071px) 543px, 580px\" \/><\/figure>\n\n\n\n<p>Wir besuchten den gr\u00fcnen See, einen sehr belebten Park, den wir als kostenlose Empfehlung im Reisef\u00fchrer fanden. Und er stellte sich tats\u00e4chlich als sehr belebt heraus. Nicht nur die jungen Paare und Eltern mit Kindern, die sich an den Bambusidyllen und Kois und Enten im Teich freuten, f\u00fcllten den Park. Es waren vor allem die Musik, Ges\u00e4nge und Rufe die von einer der Inseln im See (Park) \u00fcber das ganze Gel\u00e4nde schallten. Dort f\u00fchrten Menschen in traditionellen Gew\u00e4ndern zusammen mit modern gekleideten Besuchern Mit-Mach-T\u00e4nze auf, spielten diverse Instrumente und sangen, umringt von hunderten Zuh\u00f6rern den teils schrillen Kl\u00e4ngen. Auch die eine oder andere Karaoke-Box, die scheppernd musik-\u00e4hnlichen L\u00e4rm von sich gab, trug zusammen mit den tr\u00e4llernden und wackligen Stimmen der Mikrofon-Besitzer zur kaum ertr\u00e4glich dissonanten Kakophonie auf dem Platz bei. <\/p>\n\n\n\n<ul class=\"is-layout-flex wp-block-gallery-1 wp-block-gallery columns-3 is-cropped\"><li class=\"blocks-gallery-item\"><figure><img decoding=\"async\" loading=\"lazy\" width=\"1024\" height=\"683\" src=\"http:\/\/lichri.radeln-in-den-sonnenaufgang.de\/wp-content\/uploads\/2019\/10\/IMG_4369_compress53-1024x683.jpg\" alt=\"\" data-id=\"920\" data-link=\"http:\/\/lichri.radeln-in-den-sonnenaufgang.de\/?attachment_id=920\" class=\"wp-image-920\" srcset=\"http:\/\/lichri.radeln-in-den-sonnenaufgang.de\/wp-content\/uploads\/2019\/10\/IMG_4369_compress53-1024x683.jpg 1024w, http:\/\/lichri.radeln-in-den-sonnenaufgang.de\/wp-content\/uploads\/2019\/10\/IMG_4369_compress53-300x200.jpg 300w, http:\/\/lichri.radeln-in-den-sonnenaufgang.de\/wp-content\/uploads\/2019\/10\/IMG_4369_compress53-768x512.jpg 768w, http:\/\/lichri.radeln-in-den-sonnenaufgang.de\/wp-content\/uploads\/2019\/10\/IMG_4369_compress53.jpg 1296w\" sizes=\"(max-width: 767px) 89vw, (max-width: 1000px) 54vw, (max-width: 1071px) 543px, 580px\" \/><\/figure><\/li><li class=\"blocks-gallery-item\"><figure><img decoding=\"async\" loading=\"lazy\" width=\"1024\" height=\"683\" src=\"http:\/\/lichri.radeln-in-den-sonnenaufgang.de\/wp-content\/uploads\/2019\/10\/IMG_4368_compress17-1024x683.jpg\" alt=\"\" data-id=\"921\" data-link=\"http:\/\/lichri.radeln-in-den-sonnenaufgang.de\/?attachment_id=921\" class=\"wp-image-921\" srcset=\"http:\/\/lichri.radeln-in-den-sonnenaufgang.de\/wp-content\/uploads\/2019\/10\/IMG_4368_compress17-1024x683.jpg 1024w, http:\/\/lichri.radeln-in-den-sonnenaufgang.de\/wp-content\/uploads\/2019\/10\/IMG_4368_compress17-300x200.jpg 300w, http:\/\/lichri.radeln-in-den-sonnenaufgang.de\/wp-content\/uploads\/2019\/10\/IMG_4368_compress17-768x512.jpg 768w, http:\/\/lichri.radeln-in-den-sonnenaufgang.de\/wp-content\/uploads\/2019\/10\/IMG_4368_compress17.jpg 1296w\" sizes=\"(max-width: 767px) 89vw, (max-width: 1000px) 54vw, (max-width: 1071px) 543px, 580px\" \/><\/figure><\/li><li class=\"blocks-gallery-item\"><figure><img decoding=\"async\" loading=\"lazy\" width=\"1024\" height=\"683\" src=\"http:\/\/lichri.radeln-in-den-sonnenaufgang.de\/wp-content\/uploads\/2019\/10\/IMG_4362_compress40-1024x683.jpg\" alt=\"\" data-id=\"922\" data-link=\"http:\/\/lichri.radeln-in-den-sonnenaufgang.de\/?attachment_id=922\" class=\"wp-image-922\" srcset=\"http:\/\/lichri.radeln-in-den-sonnenaufgang.de\/wp-content\/uploads\/2019\/10\/IMG_4362_compress40-1024x683.jpg 1024w, http:\/\/lichri.radeln-in-den-sonnenaufgang.de\/wp-content\/uploads\/2019\/10\/IMG_4362_compress40-300x200.jpg 300w, http:\/\/lichri.radeln-in-den-sonnenaufgang.de\/wp-content\/uploads\/2019\/10\/IMG_4362_compress40-768x512.jpg 768w, http:\/\/lichri.radeln-in-den-sonnenaufgang.de\/wp-content\/uploads\/2019\/10\/IMG_4362_compress40.jpg 1296w\" sizes=\"(max-width: 767px) 89vw, (max-width: 1000px) 54vw, (max-width: 1071px) 543px, 580px\" \/><\/figure><\/li><li class=\"blocks-gallery-item\"><figure><img decoding=\"async\" loading=\"lazy\" width=\"1024\" height=\"683\" src=\"http:\/\/lichri.radeln-in-den-sonnenaufgang.de\/wp-content\/uploads\/2019\/10\/IMG_4389_compress65-1024x683.jpg\" alt=\"\" data-id=\"923\" data-link=\"http:\/\/lichri.radeln-in-den-sonnenaufgang.de\/?attachment_id=923\" class=\"wp-image-923\" srcset=\"http:\/\/lichri.radeln-in-den-sonnenaufgang.de\/wp-content\/uploads\/2019\/10\/IMG_4389_compress65-1024x683.jpg 1024w, http:\/\/lichri.radeln-in-den-sonnenaufgang.de\/wp-content\/uploads\/2019\/10\/IMG_4389_compress65-300x200.jpg 300w, http:\/\/lichri.radeln-in-den-sonnenaufgang.de\/wp-content\/uploads\/2019\/10\/IMG_4389_compress65-768x512.jpg 768w, http:\/\/lichri.radeln-in-den-sonnenaufgang.de\/wp-content\/uploads\/2019\/10\/IMG_4389_compress65.jpg 1296w\" sizes=\"(max-width: 767px) 89vw, (max-width: 1000px) 54vw, (max-width: 1071px) 543px, 580px\" \/><\/figure><\/li><\/ul>\n\n\n\n<figure class=\"wp-block-image\"><img decoding=\"async\" loading=\"lazy\" width=\"1024\" height=\"683\" src=\"http:\/\/lichri.radeln-in-den-sonnenaufgang.de\/wp-content\/uploads\/2019\/10\/IMG_4383_compress96-1024x683.jpg\" alt=\"\" class=\"wp-image-927\" srcset=\"http:\/\/lichri.radeln-in-den-sonnenaufgang.de\/wp-content\/uploads\/2019\/10\/IMG_4383_compress96-1024x683.jpg 1024w, http:\/\/lichri.radeln-in-den-sonnenaufgang.de\/wp-content\/uploads\/2019\/10\/IMG_4383_compress96-300x200.jpg 300w, http:\/\/lichri.radeln-in-den-sonnenaufgang.de\/wp-content\/uploads\/2019\/10\/IMG_4383_compress96-768x512.jpg 768w, http:\/\/lichri.radeln-in-den-sonnenaufgang.de\/wp-content\/uploads\/2019\/10\/IMG_4383_compress96.jpg 1296w\" sizes=\"(max-width: 767px) 89vw, (max-width: 1000px) 54vw, (max-width: 1071px) 543px, 580px\" \/><\/figure>\n\n\n\n<ul class=\"is-layout-flex wp-block-gallery-3 wp-block-gallery columns-3 is-cropped\"><li class=\"blocks-gallery-item\"><figure><img decoding=\"async\" loading=\"lazy\" width=\"683\" height=\"1024\" src=\"http:\/\/lichri.radeln-in-den-sonnenaufgang.de\/wp-content\/uploads\/2019\/10\/IMG_4377_compress56-e1571566556402-683x1024.jpg\" alt=\"\" data-id=\"924\" data-link=\"http:\/\/lichri.radeln-in-den-sonnenaufgang.de\/?attachment_id=924\" class=\"wp-image-924\" srcset=\"http:\/\/lichri.radeln-in-den-sonnenaufgang.de\/wp-content\/uploads\/2019\/10\/IMG_4377_compress56-e1571566556402-683x1024.jpg 683w, http:\/\/lichri.radeln-in-den-sonnenaufgang.de\/wp-content\/uploads\/2019\/10\/IMG_4377_compress56-e1571566556402-200x300.jpg 200w, http:\/\/lichri.radeln-in-den-sonnenaufgang.de\/wp-content\/uploads\/2019\/10\/IMG_4377_compress56-e1571566556402-768x1152.jpg 768w, http:\/\/lichri.radeln-in-den-sonnenaufgang.de\/wp-content\/uploads\/2019\/10\/IMG_4377_compress56-e1571566556402.jpg 864w\" sizes=\"(max-width: 683px) 100vw, 683px\" \/><\/figure><\/li><li class=\"blocks-gallery-item\"><figure><img decoding=\"async\" loading=\"lazy\" width=\"1024\" height=\"683\" src=\"http:\/\/lichri.radeln-in-den-sonnenaufgang.de\/wp-content\/uploads\/2019\/10\/IMG_4376_compress18-1024x683.jpg\" alt=\"\" data-id=\"925\" data-link=\"http:\/\/lichri.radeln-in-den-sonnenaufgang.de\/?attachment_id=925\" class=\"wp-image-925\" srcset=\"http:\/\/lichri.radeln-in-den-sonnenaufgang.de\/wp-content\/uploads\/2019\/10\/IMG_4376_compress18-1024x683.jpg 1024w, http:\/\/lichri.radeln-in-den-sonnenaufgang.de\/wp-content\/uploads\/2019\/10\/IMG_4376_compress18-300x200.jpg 300w, http:\/\/lichri.radeln-in-den-sonnenaufgang.de\/wp-content\/uploads\/2019\/10\/IMG_4376_compress18-768x512.jpg 768w, http:\/\/lichri.radeln-in-den-sonnenaufgang.de\/wp-content\/uploads\/2019\/10\/IMG_4376_compress18.jpg 1296w\" sizes=\"(max-width: 767px) 89vw, (max-width: 1000px) 54vw, (max-width: 1071px) 543px, 580px\" \/><\/figure><\/li><li class=\"blocks-gallery-item\"><figure><img decoding=\"async\" loading=\"lazy\" width=\"683\" height=\"1024\" src=\"http:\/\/lichri.radeln-in-den-sonnenaufgang.de\/wp-content\/uploads\/2019\/10\/IMG_4374_compress24-e1571566587761-683x1024.jpg\" alt=\"\" data-id=\"926\" data-link=\"http:\/\/lichri.radeln-in-den-sonnenaufgang.de\/?attachment_id=926\" class=\"wp-image-926\" srcset=\"http:\/\/lichri.radeln-in-den-sonnenaufgang.de\/wp-content\/uploads\/2019\/10\/IMG_4374_compress24-e1571566587761-683x1024.jpg 683w, http:\/\/lichri.radeln-in-den-sonnenaufgang.de\/wp-content\/uploads\/2019\/10\/IMG_4374_compress24-e1571566587761-200x300.jpg 200w, http:\/\/lichri.radeln-in-den-sonnenaufgang.de\/wp-content\/uploads\/2019\/10\/IMG_4374_compress24-e1571566587761-768x1152.jpg 768w, http:\/\/lichri.radeln-in-den-sonnenaufgang.de\/wp-content\/uploads\/2019\/10\/IMG_4374_compress24-e1571566587761.jpg 864w\" sizes=\"(max-width: 683px) 100vw, 683px\" \/><\/figure><\/li><\/ul>\n\n\n\n<p>Nach dem Bad in dieser tummelnden, lauten Menge machten wir uns schnell zur Bahnstation auf und fuhren nach Westen zum Ende der Stadt, wo wir vom gr\u00fcnen Berg aus, \u00fcber See und Metropole blickten, aber auch unterwegs die eine oder andere Sehensw\u00fcrdigkeit fanden.<\/p>\n\n\n\n<figure class=\"wp-block-image\"><img decoding=\"async\" loading=\"lazy\" width=\"1024\" height=\"683\" src=\"http:\/\/lichri.radeln-in-den-sonnenaufgang.de\/wp-content\/uploads\/2019\/10\/IMG_4347_compress92-1024x683.jpg\" alt=\"\" class=\"wp-image-928\" srcset=\"http:\/\/lichri.radeln-in-den-sonnenaufgang.de\/wp-content\/uploads\/2019\/10\/IMG_4347_compress92-1024x683.jpg 1024w, http:\/\/lichri.radeln-in-den-sonnenaufgang.de\/wp-content\/uploads\/2019\/10\/IMG_4347_compress92-300x200.jpg 300w, http:\/\/lichri.radeln-in-den-sonnenaufgang.de\/wp-content\/uploads\/2019\/10\/IMG_4347_compress92-768x512.jpg 768w, http:\/\/lichri.radeln-in-den-sonnenaufgang.de\/wp-content\/uploads\/2019\/10\/IMG_4347_compress92.jpg 1296w\" sizes=\"(max-width: 767px) 89vw, (max-width: 1000px) 54vw, (max-width: 1071px) 543px, 580px\" \/><figcaption>The Bike-Boy! Uuuh! \ud83d\ude1b<\/figcaption><\/figure>\n\n\n\n<figure class=\"wp-block-image\"><img decoding=\"async\" loading=\"lazy\" width=\"1024\" height=\"683\" src=\"http:\/\/lichri.radeln-in-den-sonnenaufgang.de\/wp-content\/uploads\/2019\/10\/IMG_4404_compress44-1024x683.jpg\" alt=\"\" class=\"wp-image-935\" srcset=\"http:\/\/lichri.radeln-in-den-sonnenaufgang.de\/wp-content\/uploads\/2019\/10\/IMG_4404_compress44-1024x683.jpg 1024w, http:\/\/lichri.radeln-in-den-sonnenaufgang.de\/wp-content\/uploads\/2019\/10\/IMG_4404_compress44-300x200.jpg 300w, http:\/\/lichri.radeln-in-den-sonnenaufgang.de\/wp-content\/uploads\/2019\/10\/IMG_4404_compress44-768x512.jpg 768w, http:\/\/lichri.radeln-in-den-sonnenaufgang.de\/wp-content\/uploads\/2019\/10\/IMG_4404_compress44.jpg 1296w\" sizes=\"(max-width: 767px) 89vw, (max-width: 1000px) 54vw, (max-width: 1071px) 543px, 580px\" \/><figcaption>The Candy-Man! Yeah! \ud83d\ude00<\/figcaption><\/figure>\n\n\n\n<ul class=\"is-layout-flex wp-block-gallery-5 wp-block-gallery columns-2 is-cropped\"><li class=\"blocks-gallery-item\"><figure><img decoding=\"async\" loading=\"lazy\" width=\"1024\" height=\"683\" src=\"http:\/\/lichri.radeln-in-den-sonnenaufgang.de\/wp-content\/uploads\/2019\/10\/IMG_4441_compress80-1024x683.jpg\" alt=\"\" data-id=\"930\" data-link=\"http:\/\/lichri.radeln-in-den-sonnenaufgang.de\/?attachment_id=930\" class=\"wp-image-930\" srcset=\"http:\/\/lichri.radeln-in-den-sonnenaufgang.de\/wp-content\/uploads\/2019\/10\/IMG_4441_compress80-1024x683.jpg 1024w, http:\/\/lichri.radeln-in-den-sonnenaufgang.de\/wp-content\/uploads\/2019\/10\/IMG_4441_compress80-300x200.jpg 300w, http:\/\/lichri.radeln-in-den-sonnenaufgang.de\/wp-content\/uploads\/2019\/10\/IMG_4441_compress80-768x512.jpg 768w, http:\/\/lichri.radeln-in-den-sonnenaufgang.de\/wp-content\/uploads\/2019\/10\/IMG_4441_compress80.jpg 1296w\" sizes=\"(max-width: 767px) 89vw, (max-width: 1000px) 54vw, (max-width: 1071px) 543px, 580px\" \/><\/figure><\/li><li class=\"blocks-gallery-item\"><figure><img decoding=\"async\" loading=\"lazy\" width=\"1024\" height=\"683\" src=\"http:\/\/lichri.radeln-in-den-sonnenaufgang.de\/wp-content\/uploads\/2019\/10\/IMG_4472_compress23-1024x683.jpg\" alt=\"\" data-id=\"932\" data-link=\"http:\/\/lichri.radeln-in-den-sonnenaufgang.de\/?attachment_id=932\" class=\"wp-image-932\" srcset=\"http:\/\/lichri.radeln-in-den-sonnenaufgang.de\/wp-content\/uploads\/2019\/10\/IMG_4472_compress23-1024x683.jpg 1024w, http:\/\/lichri.radeln-in-den-sonnenaufgang.de\/wp-content\/uploads\/2019\/10\/IMG_4472_compress23-300x200.jpg 300w, http:\/\/lichri.radeln-in-den-sonnenaufgang.de\/wp-content\/uploads\/2019\/10\/IMG_4472_compress23-768x512.jpg 768w, http:\/\/lichri.radeln-in-den-sonnenaufgang.de\/wp-content\/uploads\/2019\/10\/IMG_4472_compress23.jpg 1296w\" sizes=\"(max-width: 767px) 89vw, (max-width: 1000px) 54vw, (max-width: 1071px) 543px, 580px\" \/><\/figure><\/li><\/ul>\n\n\n\n<figure class=\"wp-block-image\"><img decoding=\"async\" loading=\"lazy\" width=\"1024\" height=\"683\" src=\"http:\/\/lichri.radeln-in-den-sonnenaufgang.de\/wp-content\/uploads\/2019\/10\/IMG_4417_compress75-1024x683.jpg\" alt=\"\" class=\"wp-image-936\" srcset=\"http:\/\/lichri.radeln-in-den-sonnenaufgang.de\/wp-content\/uploads\/2019\/10\/IMG_4417_compress75-1024x683.jpg 1024w, http:\/\/lichri.radeln-in-den-sonnenaufgang.de\/wp-content\/uploads\/2019\/10\/IMG_4417_compress75-300x200.jpg 300w, http:\/\/lichri.radeln-in-den-sonnenaufgang.de\/wp-content\/uploads\/2019\/10\/IMG_4417_compress75-768x512.jpg 768w, http:\/\/lichri.radeln-in-den-sonnenaufgang.de\/wp-content\/uploads\/2019\/10\/IMG_4417_compress75.jpg 1296w\" sizes=\"(max-width: 767px) 89vw, (max-width: 1000px) 54vw, (max-width: 1071px) 543px, 580px\" \/><\/figure>\n\n\n\n<ul class=\"is-layout-flex wp-block-gallery-7 wp-block-gallery columns-2 is-cropped\"><li class=\"blocks-gallery-item\"><figure><img decoding=\"async\" loading=\"lazy\" width=\"683\" height=\"1024\" src=\"http:\/\/lichri.radeln-in-den-sonnenaufgang.de\/wp-content\/uploads\/2019\/10\/IMG_4429_compress31-e1571567253607-683x1024.jpg\" alt=\"\" data-id=\"931\" data-link=\"http:\/\/lichri.radeln-in-den-sonnenaufgang.de\/?attachment_id=931\" class=\"wp-image-931\" srcset=\"http:\/\/lichri.radeln-in-den-sonnenaufgang.de\/wp-content\/uploads\/2019\/10\/IMG_4429_compress31-e1571567253607-683x1024.jpg 683w, http:\/\/lichri.radeln-in-den-sonnenaufgang.de\/wp-content\/uploads\/2019\/10\/IMG_4429_compress31-e1571567253607-200x300.jpg 200w, http:\/\/lichri.radeln-in-den-sonnenaufgang.de\/wp-content\/uploads\/2019\/10\/IMG_4429_compress31-e1571567253607-768x1152.jpg 768w, http:\/\/lichri.radeln-in-den-sonnenaufgang.de\/wp-content\/uploads\/2019\/10\/IMG_4429_compress31-e1571567253607.jpg 864w\" sizes=\"(max-width: 683px) 100vw, 683px\" \/><\/figure><\/li><li class=\"blocks-gallery-item\"><figure><img decoding=\"async\" loading=\"lazy\" width=\"683\" height=\"1024\" src=\"http:\/\/lichri.radeln-in-den-sonnenaufgang.de\/wp-content\/uploads\/2019\/10\/IMG_4425_compress48-e1571567495264-683x1024.jpg\" alt=\"\" data-id=\"933\" data-link=\"http:\/\/lichri.radeln-in-den-sonnenaufgang.de\/?attachment_id=933\" class=\"wp-image-933\" srcset=\"http:\/\/lichri.radeln-in-den-sonnenaufgang.de\/wp-content\/uploads\/2019\/10\/IMG_4425_compress48-e1571567495264-683x1024.jpg 683w, http:\/\/lichri.radeln-in-den-sonnenaufgang.de\/wp-content\/uploads\/2019\/10\/IMG_4425_compress48-e1571567495264-200x300.jpg 200w, http:\/\/lichri.radeln-in-den-sonnenaufgang.de\/wp-content\/uploads\/2019\/10\/IMG_4425_compress48-e1571567495264-768x1152.jpg 768w, http:\/\/lichri.radeln-in-den-sonnenaufgang.de\/wp-content\/uploads\/2019\/10\/IMG_4425_compress48-e1571567495264.jpg 864w\" sizes=\"(max-width: 683px) 100vw, 683px\" \/><\/figure><\/li><\/ul>\n\n\n\n<ul class=\"is-layout-flex wp-block-gallery-9 wp-block-gallery columns-1 is-cropped\"><li class=\"blocks-gallery-item\"><figure><img decoding=\"async\" loading=\"lazy\" width=\"1024\" height=\"683\" src=\"http:\/\/lichri.radeln-in-den-sonnenaufgang.de\/wp-content\/uploads\/2019\/10\/IMG_4455_compress84-1024x683.jpg\" alt=\"\" data-id=\"937\" data-link=\"http:\/\/lichri.radeln-in-den-sonnenaufgang.de\/?attachment_id=937\" class=\"wp-image-937\" srcset=\"http:\/\/lichri.radeln-in-den-sonnenaufgang.de\/wp-content\/uploads\/2019\/10\/IMG_4455_compress84-1024x683.jpg 1024w, http:\/\/lichri.radeln-in-den-sonnenaufgang.de\/wp-content\/uploads\/2019\/10\/IMG_4455_compress84-300x200.jpg 300w, http:\/\/lichri.radeln-in-den-sonnenaufgang.de\/wp-content\/uploads\/2019\/10\/IMG_4455_compress84-768x512.jpg 768w, http:\/\/lichri.radeln-in-den-sonnenaufgang.de\/wp-content\/uploads\/2019\/10\/IMG_4455_compress84.jpg 1296w\" sizes=\"(max-width: 767px) 89vw, (max-width: 1000px) 54vw, (max-width: 1071px) 543px, 580px\" \/><\/figure><\/li><\/ul>\n\n\n\n<p>Bevor wir zum Hostel zur\u00fcckkehrten, dachten wir, k\u00f6nnten wir schnell noch die Tickets f\u00fcr die morgige Fahrt am Bahnhof besorgen. Dass dieser nicht ganz so auf dem Weg lag, wie wir es annahmen, hat uns dann nicht nur Zeit, sondern vor allem einiges an Nerven gekostet. Die U-Bahn-Station Kunming-Bahnhof lag zwar direkt s\u00fcdlich des Bahnhofes, doch der S\u00fcdeingang (falls es diesen einmal gab) war gesperrt, und das scheinbar schon lange. Wir liefen zirka zwanzig Minuten, um schlie\u00dflich auf einen Platz zu treten, der von zwei Wacht\u00fcrmen \u00fcberragt wurde, auf denen Polizisten mit Maschinengewehren die Kommenden und Gehenden im Auge behielten. Auch Panzerw\u00e4gen und permanent blinkendes und blitzende Blaulicht, sowie Flutlichtstrahler f\u00fcllten einigen Raum auf diesem, durch Barrikaden abgeriegelten Vorplatz des Bahnhofes. Unmittelbar nach Betreten des Platzes wurden wir von einem Wachmann nach unseren P\u00e4ssen gebeten. Daraufhin mussten wir feststellen, dass wir \u2013 um zu den Ticketschaltern zu  gelangen \u2013 ebenfalls durch die Sicherheitskontrollen des Bahnhofs mussten: Taschen durchleuchten, K\u00f6rperscanner, Abtasten, Passkontrolle. <\/p>\n\n\n\n<p>Drinnen wurde die angespannte Stimmung dann durch eine witzige Episode am Schalter wieder aufgebrochen. Am Ticketschalter angekommen, erbat Chris Fahrkarten nach Xichang. Der junge Mann erkl\u00e4rte uns auf Englisch knapp, dass wir zu Schalter Nr. 5 m\u00fcssten. Wir schauten uns suchend um und erkannten, dass Schalter Nr. 5 direkt nebenan war. Artig stellten wir uns dort an und erkl\u00e4rten erneut unser Anliegen. Der ebenfalls recht junge Angestellte der Bahn hatte jedoch mitbekommen, dass wir uns zuvor bei seinem Kollegen nebenan nach einem Ticket erkundigt hatten. Er wechselte kurz zwei S\u00e4tze mit seinem Kollegen und schwuppdiwupp wurden hinter der Glasscheibe die Pl\u00e4tze getauscht. Ganz nach dem Motto: Moment mal, Herr Kollege, dass kannst du sch\u00f6n selber erledigen. Etwas aufgeregt (wahrscheinlich wegen vermeindlich fehlenden Englisch-Kentnissen) nahm sich der junge Mann unseres Anliegens aber schlie\u00dflich an und nach kurzem Hin und Her hatten wir schlie\u00dflich die Tickets in der Hand, nicht ohne dem jungen Angestellten ein Kompliment im Gegenzug zu hinterlassen. <\/p>\n\n\n\n<figure class=\"wp-block-image\"><img decoding=\"async\" loading=\"lazy\" width=\"683\" height=\"1024\" src=\"http:\/\/lichri.radeln-in-den-sonnenaufgang.de\/wp-content\/uploads\/2019\/10\/IMG_4461_compress92-e1571568236230-683x1024.jpg\" alt=\"\" class=\"wp-image-938\" srcset=\"http:\/\/lichri.radeln-in-den-sonnenaufgang.de\/wp-content\/uploads\/2019\/10\/IMG_4461_compress92-e1571568236230-683x1024.jpg 683w, http:\/\/lichri.radeln-in-den-sonnenaufgang.de\/wp-content\/uploads\/2019\/10\/IMG_4461_compress92-e1571568236230-200x300.jpg 200w, http:\/\/lichri.radeln-in-den-sonnenaufgang.de\/wp-content\/uploads\/2019\/10\/IMG_4461_compress92-e1571568236230-768x1152.jpg 768w, http:\/\/lichri.radeln-in-den-sonnenaufgang.de\/wp-content\/uploads\/2019\/10\/IMG_4461_compress92-e1571568236230.jpg 864w\" sizes=\"(max-width: 683px) 100vw, 683px\" \/><figcaption>Bye-bye Kunming!<\/figcaption><\/figure>\n\n\n\n<p><strong>Xichang<\/strong><br><em>CRE ist sp\u00e4t &#8211; Gitarre auf dem Bahnhofsplatz &#8211; Unerwartete Geschwister &#8211; N\u00e4chtliche Taxifahrt &#8211; Illegal im Hotel &#8211; See am Morgen &#8211; Marsch durch die Stadt (Gas, Gas!) &#8211; Sp\u00e4ter Aufbruch<\/em><\/p>\n\n\n\n<p>Am n\u00e4chsten morgen machten wir uns recht fr\u00fch auf dem langen Weg zum Bahnhof und mit der Bummelbahn ging es dann weiter nach Xichang. Wie sich herausstellte, waren die R\u00e4der trotz einem Tag Pause in Kunming nicht mit uns angekommen. Wir sollten am n\u00e4chsten Tag noch einmal vorbei schauen. Da Chris im Zug noch einen Warmshowers Gastgeber angeschrieben hatte, wollten wir noch etwas warten, bevor wir eine Unterkunft f\u00fcr die Nacht suchten. Es k\u00f6nnte ja sein, dass sich noch jemand meldet. Also setzten wir uns auf dem Bahnhofsvorplatz unter einen Baum, Lisa schrieb Tagebuch und Chris klimperte auf der Gitarre. Schnell hatten sich einige Zuh\u00f6rer gefunden und Gespr\u00e4che ergaben sich. Eine Frau sprach Lisa an und kam sehr schnell und direkt auf die Frage: Seid ihr Christen? Etwas \u00fcberrumpelt und bang angesichts dessen, was wir \u00fcber Christen in chinesischen Umerziehungslagern, Pastoren im Gef\u00e4ngnis und die vermeintlich strategisch destruktiv zusammenwirkenden Missionare aus dem Ausland geh\u00f6rt hatten, antworteten wir so gut es ging vorsichtig und bestimmt zugleich: Ja. Auf die etwas weiter auf\u2019s Eis f\u00fchrende Frage, ob wir andere Leute zum Glauben bringen wollten, antworteten wir dann doch etwas ausweichender, da \u2013 vor allem Chris \u2013 hier eine Falle witterte. Es stellte sich aber schnell heraus, dass dies nicht der Fall war. Und zwar gar nicht. Uns gegen\u00fcber gab sich eine selbst verfolgte, chinesische Missionarin zu erkennen, die eben aus dem Exil in Malaysia zur\u00fcckkehrte, wo sie zudem ein theologisches Seminar abschloss. Nun wollte sie zur\u00fcck zu ihren Kindern, ihrer Familie, und hoffte, dass sich das polizeiliche Interesse an ihr inzwischen etwas gelegt hatte. Wir gingen zusammen in ein Restaurant am Bahnhofsvorplatz und a\u00dfen gemeinsam von einem reich gedeckten Tisch. Wir unterhielten uns per Google-Translator, doch dann wurde die Atmosph\u00e4re pl\u00f6tzlich angespannt. Wir sollten schnell aufessen und Nummern tauschen. Wir erkannten schlie\u00dflich den Grund des Unbehagens unserer neuen Freunde (Es war auch ein Mann dabei, der eben aus dem Gef\u00e4ngnis entlassen wurde und sich scheinbar bekehrt hatte): Drau\u00dfen auf der Stra\u00dfe n\u00e4hrten sich mehrere Polizisten dem Lokal. Wir verhielten uns unauff\u00e4llig und leerten schnell unsere Teller und Bierflaschen. Die Polizei entfernte sich, doch noch immer schien Eile geboten. Wir wollten zahlen, wurden jedoch kurzerhand eingeladen, was uns einerseits unangenehm und zugleich positiv \u00fcberraschte. Wir gingen \u00fcber die Stra\u00dfe in den Schatten eines Baumes, traten hinter einen Holzverschlag und beteten gemeinsam kurze Gebete. Dann wurden wir in ein Taxi buxiert, als gelte es noch immer, zu verschwinden. Sie sagten uns, besonders als Ausl\u00e4nder w\u00e4ren wir in Gefahr, unter den Verdacht der Mission zu fallen. Wir sollten uns vorsehen. Wir gehorchten und lie\u00dfen uns vom Taxifahrer &#8211; unseres Zieles unbewusst &#8211; wegbringen. <\/p>\n\n\n\n<p>Wir fuhren l\u00e4nger als uns lieb war und Chris verfolgte auf dem Navi, wohin es ging. Dummerweise fuhr uns der Fahrer aus der Stadt heraus, was uns nicht recht war, da wir am n\u00e4chsten Morgen zur\u00fcck in die Stadt fahren m\u00fcssten, um unsere R\u00e4der und Taschen zu holen. Wir kamen an ein Hotel und hielten. W\u00e4hrend wir unsere Taschen hereintrugen machte der Fahrer Anstalten uns am Schalter ein Zimmer zu organisieren. Er wurde wohl von unseren christlichen Freunden beauftragt. Abermals dummerweise stellte sich heraus, dass das angesteuerte Hotel zwar g\u00fcnstig, jedoch f\u00fcr Ausl\u00e4nder keine Zulassung hatte. Irgendwie ging es dann aber doch, wir wurden auf ein Zimmer gef\u00fchrt und versuchten die Lage zu akzeptieren und uns zu entspannen. Das fiel jedoch vor allem Chris schwer, woraufhin er hinunterging, um nach dem Rechten zu sehen und \u2013 wenn m\u00f6glich \u2013 unsere P\u00e4sse wieder zu bekommen, die zum Einchecken in Hotels in der Regel ben\u00f6tigt werden. An der Rezeption war nur noch ein Mann mittleren Alters anzutreffen, der eher besorgt und genervt wirkte, woraufhin Chris sich erkundigte, ob es Probleme g\u00e4be. Das wurde bejaht, dass Hilfsangebot von Chris\u2018 Seite hingegen abgelehnt: Es w\u00fcrde ein \u201eAudit\u201c geben. Was auch immer das zu bedeuten hatte. Schlie\u00dflich wurden uns die P\u00e4sse von einer netten jungen Frau aufs Zimmer gebracht, die nicht den Eindruck machte, als g\u00e4be es \u00fcberhaupt irgendwelche Probleme. Wir zogen uns ins Zimmer zur\u00fcck und machten uns daran, diesen ereignisreichen Nachmittag zu verarbeiten. <\/p>\n\n\n\n<figure class=\"wp-block-image\"><img decoding=\"async\" loading=\"lazy\" width=\"683\" height=\"1024\" src=\"http:\/\/lichri.radeln-in-den-sonnenaufgang.de\/wp-content\/uploads\/2019\/10\/IMG_4484_compress26-e1571568805661-683x1024.jpg\" alt=\"\" class=\"wp-image-939\" srcset=\"http:\/\/lichri.radeln-in-den-sonnenaufgang.de\/wp-content\/uploads\/2019\/10\/IMG_4484_compress26-e1571568805661-683x1024.jpg 683w, http:\/\/lichri.radeln-in-den-sonnenaufgang.de\/wp-content\/uploads\/2019\/10\/IMG_4484_compress26-e1571568805661-200x300.jpg 200w, http:\/\/lichri.radeln-in-den-sonnenaufgang.de\/wp-content\/uploads\/2019\/10\/IMG_4484_compress26-e1571568805661-768x1152.jpg 768w, http:\/\/lichri.radeln-in-den-sonnenaufgang.de\/wp-content\/uploads\/2019\/10\/IMG_4484_compress26-e1571568805661.jpg 864w\" sizes=\"(max-width: 683px) 100vw, 683px\" \/><\/figure>\n\n\n\n<p>Tagsdrauf starteten wir dann doch recht entspannt in den Tag. Wir w\u00fcrden unsere Sachen ohnehin erst am fr\u00fchen Nachmittag abholen k\u00f6nnen. Also machten wir Fr\u00fchst\u00fcck auf dem kleinen Hotelbalkon im Hinterhof und spazierten gut zwei Stunden an der Uferpromenade des Sees entlang. Dieser scheint selbst eine Art Tourismusziel zu sein, weshalb sich hier, au\u00dferhalb der eigentlichen Stadt, einige Hotels und Restaurants aneinander reihten. Wir genossen den kleinen \u201eStrand\u201c-Spaziergang, kehrten dann jedoch recht z\u00fcgig zum Hotel zur\u00fcck, um schlie\u00dflich einen Bus in die Stadt zu nehmen. <\/p>\n\n\n\n<figure class=\"wp-block-image\"><img decoding=\"async\" loading=\"lazy\" width=\"1024\" height=\"683\" src=\"http:\/\/lichri.radeln-in-den-sonnenaufgang.de\/wp-content\/uploads\/2019\/10\/IMG_4492_compress49-1024x683.jpg\" alt=\"\" class=\"wp-image-946\" srcset=\"http:\/\/lichri.radeln-in-den-sonnenaufgang.de\/wp-content\/uploads\/2019\/10\/IMG_4492_compress49-1024x683.jpg 1024w, http:\/\/lichri.radeln-in-den-sonnenaufgang.de\/wp-content\/uploads\/2019\/10\/IMG_4492_compress49-300x200.jpg 300w, http:\/\/lichri.radeln-in-den-sonnenaufgang.de\/wp-content\/uploads\/2019\/10\/IMG_4492_compress49-768x512.jpg 768w, http:\/\/lichri.radeln-in-den-sonnenaufgang.de\/wp-content\/uploads\/2019\/10\/IMG_4492_compress49.jpg 1296w\" sizes=\"(max-width: 767px) 89vw, (max-width: 1000px) 54vw, (max-width: 1071px) 543px, 580px\" \/><\/figure>\n\n\n\n<ul class=\"is-layout-flex wp-block-gallery-11 wp-block-gallery columns-3 is-cropped\"><li class=\"blocks-gallery-item\"><figure><img decoding=\"async\" loading=\"lazy\" width=\"1024\" height=\"683\" src=\"http:\/\/lichri.radeln-in-den-sonnenaufgang.de\/wp-content\/uploads\/2019\/10\/IMG_4487_compress63-1024x683.jpg\" alt=\"\" data-id=\"940\" data-link=\"http:\/\/lichri.radeln-in-den-sonnenaufgang.de\/?attachment_id=940\" class=\"wp-image-940\" srcset=\"http:\/\/lichri.radeln-in-den-sonnenaufgang.de\/wp-content\/uploads\/2019\/10\/IMG_4487_compress63-1024x683.jpg 1024w, http:\/\/lichri.radeln-in-den-sonnenaufgang.de\/wp-content\/uploads\/2019\/10\/IMG_4487_compress63-300x200.jpg 300w, http:\/\/lichri.radeln-in-den-sonnenaufgang.de\/wp-content\/uploads\/2019\/10\/IMG_4487_compress63-768x512.jpg 768w, http:\/\/lichri.radeln-in-den-sonnenaufgang.de\/wp-content\/uploads\/2019\/10\/IMG_4487_compress63.jpg 1296w\" sizes=\"(max-width: 767px) 89vw, (max-width: 1000px) 54vw, (max-width: 1071px) 543px, 580px\" \/><\/figure><\/li><li class=\"blocks-gallery-item\"><figure><img decoding=\"async\" loading=\"lazy\" width=\"1024\" height=\"683\" src=\"http:\/\/lichri.radeln-in-den-sonnenaufgang.de\/wp-content\/uploads\/2019\/10\/IMG_4489_compress96-1024x683.jpg\" alt=\"\" data-id=\"941\" data-link=\"http:\/\/lichri.radeln-in-den-sonnenaufgang.de\/?attachment_id=941\" class=\"wp-image-941\" srcset=\"http:\/\/lichri.radeln-in-den-sonnenaufgang.de\/wp-content\/uploads\/2019\/10\/IMG_4489_compress96-1024x683.jpg 1024w, http:\/\/lichri.radeln-in-den-sonnenaufgang.de\/wp-content\/uploads\/2019\/10\/IMG_4489_compress96-300x200.jpg 300w, http:\/\/lichri.radeln-in-den-sonnenaufgang.de\/wp-content\/uploads\/2019\/10\/IMG_4489_compress96-768x512.jpg 768w, http:\/\/lichri.radeln-in-den-sonnenaufgang.de\/wp-content\/uploads\/2019\/10\/IMG_4489_compress96.jpg 1296w\" sizes=\"(max-width: 767px) 89vw, (max-width: 1000px) 54vw, (max-width: 1071px) 543px, 580px\" \/><\/figure><\/li><li class=\"blocks-gallery-item\"><figure><img decoding=\"async\" loading=\"lazy\" width=\"1024\" height=\"683\" src=\"http:\/\/lichri.radeln-in-den-sonnenaufgang.de\/wp-content\/uploads\/2019\/10\/IMG_4486_compress89-1024x683.jpg\" alt=\"\" data-id=\"942\" data-link=\"http:\/\/lichri.radeln-in-den-sonnenaufgang.de\/?attachment_id=942\" class=\"wp-image-942\" srcset=\"http:\/\/lichri.radeln-in-den-sonnenaufgang.de\/wp-content\/uploads\/2019\/10\/IMG_4486_compress89-1024x683.jpg 1024w, http:\/\/lichri.radeln-in-den-sonnenaufgang.de\/wp-content\/uploads\/2019\/10\/IMG_4486_compress89-300x200.jpg 300w, http:\/\/lichri.radeln-in-den-sonnenaufgang.de\/wp-content\/uploads\/2019\/10\/IMG_4486_compress89-768x512.jpg 768w, http:\/\/lichri.radeln-in-den-sonnenaufgang.de\/wp-content\/uploads\/2019\/10\/IMG_4486_compress89.jpg 1296w\" sizes=\"(max-width: 767px) 89vw, (max-width: 1000px) 54vw, (max-width: 1071px) 543px, 580px\" \/><\/figure><\/li><li class=\"blocks-gallery-item\"><figure><img decoding=\"async\" loading=\"lazy\" width=\"1024\" height=\"683\" src=\"http:\/\/lichri.radeln-in-den-sonnenaufgang.de\/wp-content\/uploads\/2019\/10\/IMG_4482_compress67-1024x683.jpg\" alt=\"\" data-id=\"943\" data-link=\"http:\/\/lichri.radeln-in-den-sonnenaufgang.de\/?attachment_id=943\" class=\"wp-image-943\" srcset=\"http:\/\/lichri.radeln-in-den-sonnenaufgang.de\/wp-content\/uploads\/2019\/10\/IMG_4482_compress67-1024x683.jpg 1024w, http:\/\/lichri.radeln-in-den-sonnenaufgang.de\/wp-content\/uploads\/2019\/10\/IMG_4482_compress67-300x200.jpg 300w, http:\/\/lichri.radeln-in-den-sonnenaufgang.de\/wp-content\/uploads\/2019\/10\/IMG_4482_compress67-768x512.jpg 768w, http:\/\/lichri.radeln-in-den-sonnenaufgang.de\/wp-content\/uploads\/2019\/10\/IMG_4482_compress67.jpg 1296w\" sizes=\"(max-width: 767px) 89vw, (max-width: 1000px) 54vw, (max-width: 1071px) 543px, 580px\" \/><\/figure><\/li><\/ul>\n\n\n\n<p>Wir mussten feststellen, dass es keinen direkten Bus zum Bahnhof gab und dank der Sprachbarriere, wussten wir auch nicht wirklich, welchen Bus wir als n\u00e4chstes nehmen m\u00fcssten. Also entschieden wir uns den Stopp in der Stadt zu nutzen, um die hiesigen L\u00e4den nach Gas f\u00fcr unseren Gaskocher abzusuchen. Nach einem langen Marsch und kurzen Besuchen in allerlei L\u00e4den fanden wir in einem Walmart, den wir gezielt ansteuerten, zwar kein Gas, aber alle m\u00f6glichen Leckereien und so deckten wir uns mit Geb\u00e4ck, Hafer, Nudeln und Schokolade ein \u2013 die es jetzt zus\u00e4tzlich durch die Stadt zu tragen galt. In einem kleinen K\u00fcchenshop erfuhren wir, dass man diese Gaskartuschen wahrscheinlich nur im Internet bekommt. Also gaben wir die Suche auf, nahmen den Bus, den uns die Frau bei den Backwaren im Walmart nannte, und waren dann auch schnell am Bahnhof. Die Angestellten der China Railway Express Company verlangten eine \u201eSurgery Fee\u201c von 4 Yuan (50ct), bei der wir nicht verstanden wof\u00fcr sie war, dann aber doch zahlten und somit unser R\u00e4der und Taschen ausl\u00f6sten. <\/p>\n\n\n\n<figure class=\"wp-block-image\"><img decoding=\"async\" loading=\"lazy\" width=\"1024\" height=\"683\" src=\"http:\/\/lichri.radeln-in-den-sonnenaufgang.de\/wp-content\/uploads\/2019\/10\/IMG_4501_compress80-1024x683.jpg\" alt=\"\" class=\"wp-image-944\" srcset=\"http:\/\/lichri.radeln-in-den-sonnenaufgang.de\/wp-content\/uploads\/2019\/10\/IMG_4501_compress80-1024x683.jpg 1024w, http:\/\/lichri.radeln-in-den-sonnenaufgang.de\/wp-content\/uploads\/2019\/10\/IMG_4501_compress80-300x200.jpg 300w, http:\/\/lichri.radeln-in-den-sonnenaufgang.de\/wp-content\/uploads\/2019\/10\/IMG_4501_compress80-768x512.jpg 768w, http:\/\/lichri.radeln-in-den-sonnenaufgang.de\/wp-content\/uploads\/2019\/10\/IMG_4501_compress80.jpg 1296w\" sizes=\"(max-width: 767px) 89vw, (max-width: 1000px) 54vw, (max-width: 1071px) 543px, 580px\" \/><figcaption>30. September &#8211; ein Tag vor dem gro\u00dfen Jubil\u00e4um: 70 Jahre Volksrepublik China<\/figcaption><\/figure>\n\n\n\n<p><strong>Ab in die Berge gen Lugu-Lake <\/strong><br><em>Back in traffic! &#8211; Geschenkte Tomaten &#8211; Nacht zwischen \u00d6lpalmen und Umspannwerk &#8211; Endloser Aufstieg (mit kleinem Lift) &#8211; Erste Nacht auf 3300m H\u00f6he &#8211; Schussfahrt ins Tal &#8211; Klamme Nacht in verlassenem Verschlag am Fluss &#8211; Fantastische \u201eFluss-Fahrt\u201c &#8211; Zur Kasse gebeten &#8211; Nacht im Bauernhof<\/em><\/p>\n\n\n\n<p>Endlich wiedervereint beeilten wir uns, die Taschen umzupacken und an die R\u00e4der zu schnallen. Wir checkten noch etwas Reis und Gem\u00fcse im Restaurant des gestrigen Abends und holten \u00c4pfel und Wasser an einigen kleinen St\u00e4nden in der N\u00e4he. Dann brachen wir auf. Doch entgegen unserer Erwartungen dauerte es eine ganze Weile, bis wir schlie\u00dflich die Stadt hinter uns lie\u00dfen. Und so wurden wir durch den fiesen Stadtverkehr schnell wieder an stickende Abgase und permanentes Hupen beim \u00dcberholen gew\u00f6hnt. Das hatten wir nicht vermisst. <\/p>\n\n\n\n<p>Als wir schlie\u00dflich die letzten Ausl\u00e4ufer des Stadtgebietes und das sich anschlie\u00dfende Stahl- und Vanadium Werk hinter uns lie\u00dfen, passierten wir einen Tomaten-Stand am Stra\u00dfenrand, an dem Chris unbedingt noch etwas frisches Gem\u00fcse erstehen wollte. Doch der Mann hinter den roten Fr\u00fcchten wollte f\u00fcr die zwei dicken Tomaten in Chris H\u00e4nden kein Geld haben. Nein, er gab uns sogar nochmal zwei obendrauf. Das war superlieb und so entsch\u00e4digt radelten wir fr\u00f6hlich die letzten Kilometer im Halbdunkel der D\u00e4mmerung durch das Tal und die gegen\u00fcberliegenden Berge hinauf, bevor wir uns schlie\u00dflich einen Platz zwischen \u00d6lpalmen an einem terrassierten Hang suchten und unser Zelt aufschlugen. Die Nachtluft war erf\u00fcllt von Grillenzirpen und dem best\u00e4ndigen Surren eines einige Hundert Meter entfernten Umspannwerkes und den Hochspannungsleitungen, die in allen Richtungen dort hin und davon weg f\u00fchrten und die auch \u00fcber unserem Zelt hingen. <\/p>\n\n\n\n<figure class=\"wp-block-image\"><img decoding=\"async\" loading=\"lazy\" width=\"1024\" height=\"683\" src=\"http:\/\/lichri.radeln-in-den-sonnenaufgang.de\/wp-content\/uploads\/2019\/10\/IMG_4508_compress69-1024x683.jpg\" alt=\"\" class=\"wp-image-945\" srcset=\"http:\/\/lichri.radeln-in-den-sonnenaufgang.de\/wp-content\/uploads\/2019\/10\/IMG_4508_compress69-1024x683.jpg 1024w, http:\/\/lichri.radeln-in-den-sonnenaufgang.de\/wp-content\/uploads\/2019\/10\/IMG_4508_compress69-300x200.jpg 300w, http:\/\/lichri.radeln-in-den-sonnenaufgang.de\/wp-content\/uploads\/2019\/10\/IMG_4508_compress69-768x512.jpg 768w, http:\/\/lichri.radeln-in-den-sonnenaufgang.de\/wp-content\/uploads\/2019\/10\/IMG_4508_compress69.jpg 1296w\" sizes=\"(max-width: 767px) 89vw, (max-width: 1000px) 54vw, (max-width: 1071px) 543px, 580px\" \/><\/figure>\n\n\n\n<p>Der kommende Tag begann mit einem Aufstieg, der nicht mehr enden wollte. Langsam aber stetig k\u00e4mpften wir uns die sich windende Bergstra\u00dfe empor. Es war der 1. Oktober. Der h\u00f6chste Nationalfeiertag Chinas. 70 Jahre Volksrepublik China. Dementsprechend waren alle unterwegs. Wir hatten eigentlich erwartet, dass es Paraden geben w\u00fcrde, Menschen sich in St\u00e4dten versammelten und feierten. Aber nix da. Der Tag wurde genutzt um endlich \u2013 EEEENDLICH \u2013 mal wieder raus zu kommen. Am Besten in die Berge. Am Besten zum Lugu-See\u2026<\/p>\n\n\n\n<p>Zwar waren wir noch nicht auf einer Hauptverkehrsstra\u00dfen, doch dennoch waren die Automassen, die sich an uns vorbei dr\u00e4ngten oder auch mal vorbeischossen absolut unverh\u00e4ltnism\u00e4\u00dfig. Wir passierten Bergwerke und offenen Tagebau, strampelten uns Serpentine nach Serpentine aus dem Tal empor und wurden schlie\u00dflich mit einer Talfahrt belohnt, die ein dunkler, langer Tunnel einleitete, in dem es keine Ventilation gab. Doch da es bergab ging und wir mit 25-30km\/h unterwegs waren, wurden wir bald wieder ausgespuckt, hinaus in ein gr\u00fcnes Tal, wo wir bei sch\u00f6ner Aussicht erstmal durchatmen konnten.<\/p>\n\n\n\n<figure class=\"wp-block-image\"><img decoding=\"async\" loading=\"lazy\" width=\"576\" height=\"1024\" src=\"http:\/\/lichri.radeln-in-den-sonnenaufgang.de\/wp-content\/uploads\/2019\/10\/IMG_20191020_182437_753-576x1024.jpg\" alt=\"\" class=\"wp-image-947\" srcset=\"http:\/\/lichri.radeln-in-den-sonnenaufgang.de\/wp-content\/uploads\/2019\/10\/IMG_20191020_182437_753-576x1024.jpg 576w, http:\/\/lichri.radeln-in-den-sonnenaufgang.de\/wp-content\/uploads\/2019\/10\/IMG_20191020_182437_753-169x300.jpg 169w, http:\/\/lichri.radeln-in-den-sonnenaufgang.de\/wp-content\/uploads\/2019\/10\/IMG_20191020_182437_753.jpg 720w\" sizes=\"(max-width: 576px) 100vw, 576px\" \/><\/figure>\n\n\n\n<figure class=\"wp-block-image\"><img decoding=\"async\" loading=\"lazy\" width=\"683\" height=\"1024\" src=\"http:\/\/lichri.radeln-in-den-sonnenaufgang.de\/wp-content\/uploads\/2019\/10\/IMG_4605_compress1-e1571571334612-683x1024.jpg\" alt=\"\" class=\"wp-image-948\" srcset=\"http:\/\/lichri.radeln-in-den-sonnenaufgang.de\/wp-content\/uploads\/2019\/10\/IMG_4605_compress1-e1571571334612-683x1024.jpg 683w, http:\/\/lichri.radeln-in-den-sonnenaufgang.de\/wp-content\/uploads\/2019\/10\/IMG_4605_compress1-e1571571334612-200x300.jpg 200w, http:\/\/lichri.radeln-in-den-sonnenaufgang.de\/wp-content\/uploads\/2019\/10\/IMG_4605_compress1-e1571571334612-768x1152.jpg 768w, http:\/\/lichri.radeln-in-den-sonnenaufgang.de\/wp-content\/uploads\/2019\/10\/IMG_4605_compress1-e1571571334612.jpg 864w\" sizes=\"(max-width: 683px) 100vw, 683px\" \/><\/figure>\n\n\n\n<figure class=\"wp-block-image\"><img decoding=\"async\" loading=\"lazy\" width=\"1024\" height=\"683\" src=\"http:\/\/lichri.radeln-in-den-sonnenaufgang.de\/wp-content\/uploads\/2019\/10\/IMG_4620_compress50-1024x683.jpg\" alt=\"\" class=\"wp-image-949\" srcset=\"http:\/\/lichri.radeln-in-den-sonnenaufgang.de\/wp-content\/uploads\/2019\/10\/IMG_4620_compress50-1024x683.jpg 1024w, http:\/\/lichri.radeln-in-den-sonnenaufgang.de\/wp-content\/uploads\/2019\/10\/IMG_4620_compress50-300x200.jpg 300w, http:\/\/lichri.radeln-in-den-sonnenaufgang.de\/wp-content\/uploads\/2019\/10\/IMG_4620_compress50-768x512.jpg 768w, http:\/\/lichri.radeln-in-den-sonnenaufgang.de\/wp-content\/uploads\/2019\/10\/IMG_4620_compress50.jpg 1296w\" sizes=\"(max-width: 767px) 89vw, (max-width: 1000px) 54vw, (max-width: 1071px) 543px, 580px\" \/><\/figure>\n\n\n\n<figure class=\"wp-block-image\"><img decoding=\"async\" loading=\"lazy\" width=\"1024\" height=\"683\" src=\"http:\/\/lichri.radeln-in-den-sonnenaufgang.de\/wp-content\/uploads\/2019\/10\/IMG_4624_compress99-1024x683.jpg\" alt=\"\" class=\"wp-image-950\" srcset=\"http:\/\/lichri.radeln-in-den-sonnenaufgang.de\/wp-content\/uploads\/2019\/10\/IMG_4624_compress99-1024x683.jpg 1024w, http:\/\/lichri.radeln-in-den-sonnenaufgang.de\/wp-content\/uploads\/2019\/10\/IMG_4624_compress99-300x200.jpg 300w, http:\/\/lichri.radeln-in-den-sonnenaufgang.de\/wp-content\/uploads\/2019\/10\/IMG_4624_compress99-768x512.jpg 768w, http:\/\/lichri.radeln-in-den-sonnenaufgang.de\/wp-content\/uploads\/2019\/10\/IMG_4624_compress99.jpg 1296w\" sizes=\"(max-width: 767px) 89vw, (max-width: 1000px) 54vw, (max-width: 1071px) 543px, 580px\" \/><\/figure>\n\n\n\n<figure class=\"wp-block-image\"><img decoding=\"async\" loading=\"lazy\" width=\"683\" height=\"1024\" src=\"http:\/\/lichri.radeln-in-den-sonnenaufgang.de\/wp-content\/uploads\/2019\/10\/IMG_4628_compress30-e1571571187967-683x1024.jpg\" alt=\"\" class=\"wp-image-952\" srcset=\"http:\/\/lichri.radeln-in-den-sonnenaufgang.de\/wp-content\/uploads\/2019\/10\/IMG_4628_compress30-e1571571187967-683x1024.jpg 683w, http:\/\/lichri.radeln-in-den-sonnenaufgang.de\/wp-content\/uploads\/2019\/10\/IMG_4628_compress30-e1571571187967-200x300.jpg 200w, http:\/\/lichri.radeln-in-den-sonnenaufgang.de\/wp-content\/uploads\/2019\/10\/IMG_4628_compress30-e1571571187967-768x1152.jpg 768w, http:\/\/lichri.radeln-in-den-sonnenaufgang.de\/wp-content\/uploads\/2019\/10\/IMG_4628_compress30-e1571571187967.jpg 864w\" sizes=\"(max-width: 683px) 100vw, 683px\" \/><\/figure>\n\n\n\n<figure class=\"wp-block-image\"><img decoding=\"async\" loading=\"lazy\" width=\"1024\" height=\"683\" src=\"http:\/\/lichri.radeln-in-den-sonnenaufgang.de\/wp-content\/uploads\/2019\/10\/IMG_4598_compress27-1024x683.jpg\" alt=\"\" class=\"wp-image-951\" srcset=\"http:\/\/lichri.radeln-in-den-sonnenaufgang.de\/wp-content\/uploads\/2019\/10\/IMG_4598_compress27-1024x683.jpg 1024w, http:\/\/lichri.radeln-in-den-sonnenaufgang.de\/wp-content\/uploads\/2019\/10\/IMG_4598_compress27-300x200.jpg 300w, http:\/\/lichri.radeln-in-den-sonnenaufgang.de\/wp-content\/uploads\/2019\/10\/IMG_4598_compress27-768x512.jpg 768w, http:\/\/lichri.radeln-in-den-sonnenaufgang.de\/wp-content\/uploads\/2019\/10\/IMG_4598_compress27.jpg 1296w\" sizes=\"(max-width: 767px) 89vw, (max-width: 1000px) 54vw, (max-width: 1071px) 543px, 580px\" \/><\/figure>\n\n\n\n<figure class=\"wp-block-image\"><img decoding=\"async\" loading=\"lazy\" width=\"1024\" height=\"683\" src=\"http:\/\/lichri.radeln-in-den-sonnenaufgang.de\/wp-content\/uploads\/2019\/10\/IMG_4609_compress33-1024x683.jpg\" alt=\"\" class=\"wp-image-953\" srcset=\"http:\/\/lichri.radeln-in-den-sonnenaufgang.de\/wp-content\/uploads\/2019\/10\/IMG_4609_compress33-1024x683.jpg 1024w, http:\/\/lichri.radeln-in-den-sonnenaufgang.de\/wp-content\/uploads\/2019\/10\/IMG_4609_compress33-300x200.jpg 300w, http:\/\/lichri.radeln-in-den-sonnenaufgang.de\/wp-content\/uploads\/2019\/10\/IMG_4609_compress33-768x512.jpg 768w, http:\/\/lichri.radeln-in-den-sonnenaufgang.de\/wp-content\/uploads\/2019\/10\/IMG_4609_compress33.jpg 1296w\" sizes=\"(max-width: 767px) 89vw, (max-width: 1000px) 54vw, (max-width: 1071px) 543px, 580px\" \/><\/figure>\n\n\n\n<p>Wir genossen es sehr einige Kilometer einfach nur rollen zu d\u00fcrfen und den versammelten Verkehr nun nicht mehr aufzuhalten oder an uns vorbei rauschen zu sehen, sondern mit 40-55 Kilometern pro Stunde Teil des Korsos zu sein, der sich seinen Weg in das Tal bahnte. Doch das Gl\u00fcck sollte nicht von Dauer sein. Logisch, wir fuhren schlie\u00dflich in DIE Berge, nicht \u00fcber DEN Berg. Also reintreten! 70km w\u00fcrde es im folgenden bergauf gehen. Nach etwa 30 km war Lisa jedoch derma\u00dfen am Ende, dass wir zur Seite fuhren und einen Platz suchten, von dem aus wir Wagen herauswinken konnten. Wir w\u00fcrden die letzten steilen 40km Serpentinen trampen \u2013 ein heftiger Anstieg pro Tag m\u00fcsste reichen. Und tats\u00e4chlich: An dem Restaurant an dem wir hielten wurde uns nach einigen Minuten warten und einigen weiteren Minuten des Erkl\u00e4rens, was wir taten und beabsichtigten, schnell geholfen. Zwei der Restaurantg\u00e4ste waren Paketfahrer, ihr LKW parkte vor der T\u00fcr und \u2013 siehe da \u2013 sie w\u00fcrden nach Yanyuan fahren, die Stadt, die routenbedingt auch auf unserem Weg lag \u2026 und zwar jenseits des 3300m Berges. Schwupps, waren die R\u00e4der im LKW verstaut und los ging es. Wir hatten vorher gefragt, ob wir ihnen daf\u00fcr etwas Geld geben sollte, was best\u00e4tigt wurde. W\u00e4hrend der Fahrt unterhielten wir uns ein wenig, erkl\u00e4rten was wir machten, warum wir jetzt trampten, woher wir kamen. Schlie\u00dflich wurden wir wieder gefragt, ob wir Christen seien. Etwas verwirrt bejahten wir und fragten zur\u00fcck. Die beiden waren Muslime. Wir wussten zwar, dass wir in einem ethnisch diversen Landstrich Chinas unterwegs waren, aber mit Muslimen hatten wir hier nicht gerechnet. Neugierig erkundigte Chris sich, ob sie sich frei f\u00fchlten, ihren Glauben zu praktizieren. Ein z\u00f6gerndes Schweigen, dann ein verhaltenes \u201eja\u201c. Vielleicht hatte Chris sich mit der Frage etwas aus dem Fenster gelehnt. Wir akzeptierten die Antwort mit der Sorge im Hinterkopf, dass es wom\u00f6glich nicht ganz die Wahrheit war. Da wir unter anderem gefragt wurden, wie wir das finanzierten, und wir zugaben mussten, dass unser Erspartes sich dem Ende neige, wollten die beiden schlie\u00dflich als sie uns auf dem Pass herauslie\u00dfen kein Geld von uns. Das freute uns und stimmte uns noch dankbarer als wir ohnehin f\u00fcr den Lift auf den Berg waren. Wir bepackten die R\u00e4der und zogen an dem Stau vorbei, der uns erst die entspannte M\u00f6glichkeit gab, hier mitten auf der Stra\u00dfe zu halten. Einige hundert Meter bergab fanden wir schlie\u00dflich eine unbewaldete Bergkuppe, auf der wir unser Zelt aufschlagen konnten. Es war sehr kalt hier oben, das Gras halbhoch, das Laub der vereinzelten Kr\u00e4uter meist dickbl\u00e4ttrig wuchernd auf den kargen Felsen. Wir f\u00fchlten uns etwas an die Alpen erinnert. Hinzu kam eine einzigartige Aussicht \u00fcber das gesamte Tal bis hinab in die Ebene um Yanyuan. Die Nachtluft war angenehm, nur das Zucken von Blitzen in der Ferne und das durchdringende dumpfe Beben des heranrollenden Donners lie\u00dfen uns noch eine Weile wach liegen. <\/p>\n\n\n\n<ul class=\"is-layout-flex wp-block-gallery-13 wp-block-gallery columns-3 is-cropped\"><li class=\"blocks-gallery-item\"><figure><img decoding=\"async\" loading=\"lazy\" width=\"1024\" height=\"683\" src=\"http:\/\/lichri.radeln-in-den-sonnenaufgang.de\/wp-content\/uploads\/2019\/10\/IMG_4531_compress49-1024x683.jpg\" alt=\"\" data-id=\"957\" data-link=\"http:\/\/lichri.radeln-in-den-sonnenaufgang.de\/?attachment_id=957\" class=\"wp-image-957\" srcset=\"http:\/\/lichri.radeln-in-den-sonnenaufgang.de\/wp-content\/uploads\/2019\/10\/IMG_4531_compress49-1024x683.jpg 1024w, http:\/\/lichri.radeln-in-den-sonnenaufgang.de\/wp-content\/uploads\/2019\/10\/IMG_4531_compress49-300x200.jpg 300w, http:\/\/lichri.radeln-in-den-sonnenaufgang.de\/wp-content\/uploads\/2019\/10\/IMG_4531_compress49-768x512.jpg 768w, http:\/\/lichri.radeln-in-den-sonnenaufgang.de\/wp-content\/uploads\/2019\/10\/IMG_4531_compress49.jpg 1296w\" sizes=\"(max-width: 767px) 89vw, (max-width: 1000px) 54vw, (max-width: 1071px) 543px, 580px\" \/><\/figure><\/li><li class=\"blocks-gallery-item\"><figure><img decoding=\"async\" loading=\"lazy\" width=\"1024\" height=\"683\" src=\"http:\/\/lichri.radeln-in-den-sonnenaufgang.de\/wp-content\/uploads\/2019\/10\/IMG_4524_compress97-1024x683.jpg\" alt=\"\" data-id=\"958\" data-link=\"http:\/\/lichri.radeln-in-den-sonnenaufgang.de\/?attachment_id=958\" class=\"wp-image-958\" srcset=\"http:\/\/lichri.radeln-in-den-sonnenaufgang.de\/wp-content\/uploads\/2019\/10\/IMG_4524_compress97-1024x683.jpg 1024w, http:\/\/lichri.radeln-in-den-sonnenaufgang.de\/wp-content\/uploads\/2019\/10\/IMG_4524_compress97-300x200.jpg 300w, http:\/\/lichri.radeln-in-den-sonnenaufgang.de\/wp-content\/uploads\/2019\/10\/IMG_4524_compress97-768x512.jpg 768w, http:\/\/lichri.radeln-in-den-sonnenaufgang.de\/wp-content\/uploads\/2019\/10\/IMG_4524_compress97.jpg 1296w\" sizes=\"(max-width: 767px) 89vw, (max-width: 1000px) 54vw, (max-width: 1071px) 543px, 580px\" \/><\/figure><\/li><li class=\"blocks-gallery-item\"><figure><img decoding=\"async\" loading=\"lazy\" width=\"1024\" height=\"683\" src=\"http:\/\/lichri.radeln-in-den-sonnenaufgang.de\/wp-content\/uploads\/2019\/10\/IMG_4521_compress88-1024x683.jpg\" alt=\"\" data-id=\"959\" data-link=\"http:\/\/lichri.radeln-in-den-sonnenaufgang.de\/?attachment_id=959\" class=\"wp-image-959\" srcset=\"http:\/\/lichri.radeln-in-den-sonnenaufgang.de\/wp-content\/uploads\/2019\/10\/IMG_4521_compress88-1024x683.jpg 1024w, http:\/\/lichri.radeln-in-den-sonnenaufgang.de\/wp-content\/uploads\/2019\/10\/IMG_4521_compress88-300x200.jpg 300w, http:\/\/lichri.radeln-in-den-sonnenaufgang.de\/wp-content\/uploads\/2019\/10\/IMG_4521_compress88-768x512.jpg 768w, http:\/\/lichri.radeln-in-den-sonnenaufgang.de\/wp-content\/uploads\/2019\/10\/IMG_4521_compress88.jpg 1296w\" sizes=\"(max-width: 767px) 89vw, (max-width: 1000px) 54vw, (max-width: 1071px) 543px, 580px\" \/><\/figure><\/li><\/ul>\n\n\n\n<ul class=\"is-layout-flex wp-block-gallery-15 wp-block-gallery columns-2 is-cropped\"><li class=\"blocks-gallery-item\"><figure><img decoding=\"async\" loading=\"lazy\" width=\"1024\" height=\"683\" src=\"http:\/\/lichri.radeln-in-den-sonnenaufgang.de\/wp-content\/uploads\/2019\/10\/IMG_4549_compress54-1024x683.jpg\" alt=\"\" data-id=\"954\" data-link=\"http:\/\/lichri.radeln-in-den-sonnenaufgang.de\/?attachment_id=954\" class=\"wp-image-954\" srcset=\"http:\/\/lichri.radeln-in-den-sonnenaufgang.de\/wp-content\/uploads\/2019\/10\/IMG_4549_compress54-1024x683.jpg 1024w, http:\/\/lichri.radeln-in-den-sonnenaufgang.de\/wp-content\/uploads\/2019\/10\/IMG_4549_compress54-300x200.jpg 300w, http:\/\/lichri.radeln-in-den-sonnenaufgang.de\/wp-content\/uploads\/2019\/10\/IMG_4549_compress54-768x512.jpg 768w, http:\/\/lichri.radeln-in-den-sonnenaufgang.de\/wp-content\/uploads\/2019\/10\/IMG_4549_compress54.jpg 1296w\" sizes=\"(max-width: 767px) 89vw, (max-width: 1000px) 54vw, (max-width: 1071px) 543px, 580px\" \/><\/figure><\/li><li class=\"blocks-gallery-item\"><figure><img decoding=\"async\" loading=\"lazy\" width=\"1024\" height=\"683\" src=\"http:\/\/lichri.radeln-in-den-sonnenaufgang.de\/wp-content\/uploads\/2019\/10\/IMG_4533_compress46-1024x683.jpg\" alt=\"\" data-id=\"955\" data-link=\"http:\/\/lichri.radeln-in-den-sonnenaufgang.de\/?attachment_id=955\" class=\"wp-image-955\" srcset=\"http:\/\/lichri.radeln-in-den-sonnenaufgang.de\/wp-content\/uploads\/2019\/10\/IMG_4533_compress46-1024x683.jpg 1024w, http:\/\/lichri.radeln-in-den-sonnenaufgang.de\/wp-content\/uploads\/2019\/10\/IMG_4533_compress46-300x200.jpg 300w, http:\/\/lichri.radeln-in-den-sonnenaufgang.de\/wp-content\/uploads\/2019\/10\/IMG_4533_compress46-768x512.jpg 768w, http:\/\/lichri.radeln-in-den-sonnenaufgang.de\/wp-content\/uploads\/2019\/10\/IMG_4533_compress46.jpg 1296w\" sizes=\"(max-width: 767px) 89vw, (max-width: 1000px) 54vw, (max-width: 1071px) 543px, 580px\" \/><\/figure><\/li><\/ul>\n\n\n\n<figure class=\"wp-block-image\"><img decoding=\"async\" loading=\"lazy\" width=\"1024\" height=\"683\" src=\"http:\/\/lichri.radeln-in-den-sonnenaufgang.de\/wp-content\/uploads\/2019\/10\/IMG_4559_compress68-1024x683.jpg\" alt=\"\" class=\"wp-image-956\" srcset=\"http:\/\/lichri.radeln-in-den-sonnenaufgang.de\/wp-content\/uploads\/2019\/10\/IMG_4559_compress68-1024x683.jpg 1024w, http:\/\/lichri.radeln-in-den-sonnenaufgang.de\/wp-content\/uploads\/2019\/10\/IMG_4559_compress68-300x200.jpg 300w, http:\/\/lichri.radeln-in-den-sonnenaufgang.de\/wp-content\/uploads\/2019\/10\/IMG_4559_compress68-768x512.jpg 768w, http:\/\/lichri.radeln-in-den-sonnenaufgang.de\/wp-content\/uploads\/2019\/10\/IMG_4559_compress68.jpg 1296w\" sizes=\"(max-width: 767px) 89vw, (max-width: 1000px) 54vw, (max-width: 1071px) 543px, 580px\" \/><figcaption>Am Morgen nach unserer ersten Nacht auf 3.300 m \u00fcNN<\/figcaption><\/figure>\n\n\n\n<p>Die Abfahrt am n\u00e4chsten Tag war wundersch\u00f6n und wir kamen sehr schnell voran. Meist fuhr Lisa sogar voraus, da Chris immer wieder anhielt, um Fotos zu schie\u00dfen. Als Lisa bei einer dieser Gelegenheiten auf Chris wartete wurde sie schnell von ein paar Einheimischen umringt, die auf der Art Rastplatz ihr Obst feil boten. Bis Chris nach einer Weile angerollt kam, wurde sie bereits mit einer gro\u00dfen T\u00fcte Obst beschenkt. Die T\u00fcte war so voll mit \u00c4pfeln und Pfirsichen, dass sie nicht in die Packtasche gepasst hat. Nur sehr z\u00f6gernd nahmen die netten Verk\u00e4ufer ein paar der Fr\u00fcchte wieder zur\u00fcck. Diese Situation wiederholte sich in den n\u00e4chsten Tagen des \u00d6fteren und wir bekamen immer wieder \u00c4pfel geschenkt, die hier in der Gegend geerntet wurden. <\/p>\n\n\n\n<figure class=\"wp-block-image\"><img decoding=\"async\" loading=\"lazy\" width=\"1024\" height=\"683\" src=\"http:\/\/lichri.radeln-in-den-sonnenaufgang.de\/wp-content\/uploads\/2019\/10\/IMG_4576_compress25-1024x683.jpg\" alt=\"\" class=\"wp-image-960\" srcset=\"http:\/\/lichri.radeln-in-den-sonnenaufgang.de\/wp-content\/uploads\/2019\/10\/IMG_4576_compress25-1024x683.jpg 1024w, http:\/\/lichri.radeln-in-den-sonnenaufgang.de\/wp-content\/uploads\/2019\/10\/IMG_4576_compress25-300x200.jpg 300w, http:\/\/lichri.radeln-in-den-sonnenaufgang.de\/wp-content\/uploads\/2019\/10\/IMG_4576_compress25-768x512.jpg 768w, http:\/\/lichri.radeln-in-den-sonnenaufgang.de\/wp-content\/uploads\/2019\/10\/IMG_4576_compress25.jpg 1296w\" sizes=\"(max-width: 767px) 89vw, (max-width: 1000px) 54vw, (max-width: 1071px) 543px, 580px\" \/><figcaption>Haha!  Sch\u00f6n scheinheilig nach 40km bergauf trampen \ud83d\ude09<\/figcaption><\/figure>\n\n\n\n<figure class=\"wp-block-image\"><img decoding=\"async\" loading=\"lazy\" width=\"1024\" height=\"683\" src=\"http:\/\/lichri.radeln-in-den-sonnenaufgang.de\/wp-content\/uploads\/2019\/10\/IMG_4580_compress92-1024x683.jpg\" alt=\"\" class=\"wp-image-961\" srcset=\"http:\/\/lichri.radeln-in-den-sonnenaufgang.de\/wp-content\/uploads\/2019\/10\/IMG_4580_compress92-1024x683.jpg 1024w, http:\/\/lichri.radeln-in-den-sonnenaufgang.de\/wp-content\/uploads\/2019\/10\/IMG_4580_compress92-300x200.jpg 300w, http:\/\/lichri.radeln-in-den-sonnenaufgang.de\/wp-content\/uploads\/2019\/10\/IMG_4580_compress92-768x512.jpg 768w, http:\/\/lichri.radeln-in-den-sonnenaufgang.de\/wp-content\/uploads\/2019\/10\/IMG_4580_compress92.jpg 1296w\" sizes=\"(max-width: 767px) 89vw, (max-width: 1000px) 54vw, (max-width: 1071px) 543px, 580px\" \/><\/figure>\n\n\n\n<p>Nach weiterem Auf und Ab schlugen wir unser Zelt in dieser Nacht in einem Tal auf einem verlassenen Grundst\u00fcck auf. Das sich darauf befindende Haus sah wie ein Lagerhaus aus und nebenan verlief ein kleiner Bachlauf, der bald den gr\u00f6\u00dferen Fluss m\u00fcndete \u2013 Wasser hatten wir also genug an diesem Abend, auch zum Kochen. Nur zum Baden war es zu kalt und etwas bedenklich waren die leeren Spritzmittelpackungen, die direkt neben dem Bach lagen. <\/p>\n\n\n\n<figure class=\"wp-block-image\"><img decoding=\"async\" loading=\"lazy\" width=\"1024\" height=\"683\" src=\"http:\/\/lichri.radeln-in-den-sonnenaufgang.de\/wp-content\/uploads\/2019\/10\/IMG_4593_compress89-1024x683.jpg\" alt=\"\" class=\"wp-image-962\" srcset=\"http:\/\/lichri.radeln-in-den-sonnenaufgang.de\/wp-content\/uploads\/2019\/10\/IMG_4593_compress89-1024x683.jpg 1024w, http:\/\/lichri.radeln-in-den-sonnenaufgang.de\/wp-content\/uploads\/2019\/10\/IMG_4593_compress89-300x200.jpg 300w, http:\/\/lichri.radeln-in-den-sonnenaufgang.de\/wp-content\/uploads\/2019\/10\/IMG_4593_compress89-768x512.jpg 768w, http:\/\/lichri.radeln-in-den-sonnenaufgang.de\/wp-content\/uploads\/2019\/10\/IMG_4593_compress89.jpg 1296w\" sizes=\"(max-width: 767px) 89vw, (max-width: 1000px) 54vw, (max-width: 1071px) 543px, 580px\" \/><\/figure>\n\n\n\n<figure class=\"wp-block-image\"><img decoding=\"async\" loading=\"lazy\" width=\"1024\" height=\"683\" src=\"http:\/\/lichri.radeln-in-den-sonnenaufgang.de\/wp-content\/uploads\/2019\/10\/IMG_4589_compress94-1024x683.jpg\" alt=\"\" class=\"wp-image-963\" srcset=\"http:\/\/lichri.radeln-in-den-sonnenaufgang.de\/wp-content\/uploads\/2019\/10\/IMG_4589_compress94-1024x683.jpg 1024w, http:\/\/lichri.radeln-in-den-sonnenaufgang.de\/wp-content\/uploads\/2019\/10\/IMG_4589_compress94-300x200.jpg 300w, http:\/\/lichri.radeln-in-den-sonnenaufgang.de\/wp-content\/uploads\/2019\/10\/IMG_4589_compress94-768x512.jpg 768w, http:\/\/lichri.radeln-in-den-sonnenaufgang.de\/wp-content\/uploads\/2019\/10\/IMG_4589_compress94.jpg 1296w\" sizes=\"(max-width: 767px) 89vw, (max-width: 1000px) 54vw, (max-width: 1071px) 543px, 580px\" \/><\/figure>\n\n\n\n<p>Feucht, wenn auch ohne Regen, daf\u00fcr wolkenbehangen begr\u00fc\u00dfte uns der n\u00e4chste Tag. Wir wuschen uns am Wasserschlauch den Schlaf aus den Augen, fr\u00fchst\u00fcckten Porrige und starteten in den zunehmend sonnigen Tag. Wir genossen noch einige Kilometer bergab, bevor es \u2013 nach einer pomp\u00f6sen Mittagspause mit etwas zu viel Essen dank Sprachbarriere \u2013 bergauf weiter ging. Die Aussicht auf den gewaltigen Gebirgsstrom, der aufgrund seiner homogen hellbraunen Farbe denken lie\u00df, eine Instant-Caf\u00e9-Fabrik weiter oben w\u00e4re explodiert, war einfach toll! Die bunten Felsw\u00e4nde, die den sich brutal hin und her werfenden braunen Strom in seiner Bahn hielten und die zu ihrem tiefgr\u00fcnen Bewuchs leuchtende Kontraste bildeten, waren einmalig. (Leider mussten wir feststellen, dass beim Versuch, die Daten von Chris verr\u00fcckt spielendem Handy zu retten, die sch\u00f6nen Aufnahmen und Fotos, die w\u00e4hrend dieser Fahrt entstanden, verloren gingen&#8230; so bleibt nur die Erinnerung- und diese Schilderung.) <\/p>\n\n\n\n<figure class=\"wp-block-image\"><img decoding=\"async\" loading=\"lazy\" width=\"683\" height=\"1024\" src=\"http:\/\/lichri.radeln-in-den-sonnenaufgang.de\/wp-content\/uploads\/2019\/10\/IMG_4661_compress41-e1571583606505-683x1024.jpg\" alt=\"\" class=\"wp-image-965\" srcset=\"http:\/\/lichri.radeln-in-den-sonnenaufgang.de\/wp-content\/uploads\/2019\/10\/IMG_4661_compress41-e1571583606505-683x1024.jpg 683w, http:\/\/lichri.radeln-in-den-sonnenaufgang.de\/wp-content\/uploads\/2019\/10\/IMG_4661_compress41-e1571583606505-200x300.jpg 200w, http:\/\/lichri.radeln-in-den-sonnenaufgang.de\/wp-content\/uploads\/2019\/10\/IMG_4661_compress41-e1571583606505-768x1152.jpg 768w, http:\/\/lichri.radeln-in-den-sonnenaufgang.de\/wp-content\/uploads\/2019\/10\/IMG_4661_compress41-e1571583606505.jpg 864w\" sizes=\"(max-width: 683px) 100vw, 683px\" \/><\/figure>\n\n\n\n<p>Dass wir stets an einer Klippe entlang fuhren, gab dem Ganzen eine zus\u00e4tzliche Spannung. Die Steigung war halb so wild \u2013 meint Chris. Was uns allerdings den letzten Nerv raubte und Chris schier wahnsinnig machte \u2013 er schimpfte am Abend aus vollem Hals wie ein \u00fcberdimensionierter Rohrspatz \u2013 das waren die absolut hirnverbrannten Autofahrer, die scheinbar nichts besseres zu tun hatten, als in endlosen Kolonnen bergauf und -ab zu rasen und sich in kranken, suizidalen \u00dcberholman\u00f6vern zu \u00fcberbieten. Dem konnte Chris durch demonstratives \u201einmitten der Spur fahren\u201c etwas Einhalt gebieten, doch das eigentlich Schlimme waren vielmehr die Hupen. Ob wir einfach gewarnt werden sollten, dass sich ein Auto nahte, oder ein wom\u00f6glich entgegenkommendes Auto aufmerksam gemacht werden sollte, oder wir aus dem Weg gehupt werden sollten, war kaum auszumachen. Einzig und allein kam bei uns bei jedem zweiten Fahrzeug durchdringender Hupenl\u00e4rm an. Zum Haareraufen! <\/p>\n\n\n\n<p>Am Abend erreichten wir dann das Eintrittstor zum Lugu-Lake. Dass es ein solches gab wussten wir nicht, genauso wenig wie von der Geb\u00fchr, die man zu entrichten hatte, um das Areal um den Lugu-Lake zu betreten. Etwas angefressen zahlten wir die knapp 17 Euro f\u00fcr \u201eAdministration und Umwelt\u201c. Am Abend \u00fcbernachteten wir dann bei einer Bauernfamilie, die uns an der Stra\u00dfe abpasste. Da wir sehr m\u00fcde waren, diskutierten wir nur kurz \u00fcber den verlangten hohen Preis. Immerhin war es eine interessante Erfahrung in einem chinesischen Bauernhof mit quickenden Schweinen und Ferkeln zu \u00fcbernachten. <\/p>\n\n\n\n<figure class=\"wp-block-image\"><img decoding=\"async\" loading=\"lazy\" width=\"1024\" height=\"683\" src=\"http:\/\/lichri.radeln-in-den-sonnenaufgang.de\/wp-content\/uploads\/2019\/10\/IMG_4669_compress59-1024x683.jpg\" alt=\"\" class=\"wp-image-966\" srcset=\"http:\/\/lichri.radeln-in-den-sonnenaufgang.de\/wp-content\/uploads\/2019\/10\/IMG_4669_compress59-1024x683.jpg 1024w, http:\/\/lichri.radeln-in-den-sonnenaufgang.de\/wp-content\/uploads\/2019\/10\/IMG_4669_compress59-300x200.jpg 300w, http:\/\/lichri.radeln-in-den-sonnenaufgang.de\/wp-content\/uploads\/2019\/10\/IMG_4669_compress59-768x512.jpg 768w, http:\/\/lichri.radeln-in-den-sonnenaufgang.de\/wp-content\/uploads\/2019\/10\/IMG_4669_compress59.jpg 1296w\" sizes=\"(max-width: 767px) 89vw, (max-width: 1000px) 54vw, (max-width: 1071px) 543px, 580px\" \/><\/figure>\n\n\n\n<p><strong>Lugu-Lake<\/strong><br><em>Tag am See, Ab zum Ausguck, Suche nach Nachtlager, Wolken- und Sonnenuntergangs-Spektakel, durch den Schlamm und um den See, Krank in die Absteige, der lange Weg zur\u00fcck in die Berge, Nacht an der Stra\u00dfe<\/em><\/p>\n\n\n\n<p>Erst am n\u00e4chsten Tag sahen wir dann den touristisch begehrten und erschlossenen Bergsee. Dieser hat von oben betrachtet die Form eines Pferdehufs. Vorbei an kleinen buddistischen Gebetsst\u00e4tten und vielen, vielen tibetischen Gebetsfahnen verlie\u00dfen wir die Hauptstra\u00dfe um den See herum und folgten einem kleineren Weg entlang uralter D\u00f6rfchen, Obstg\u00e4rten und Feuchtwiesen &#8230; <\/p>\n\n\n\n<figure class=\"wp-block-image\"><img decoding=\"async\" loading=\"lazy\" width=\"1024\" height=\"683\" src=\"http:\/\/lichri.radeln-in-den-sonnenaufgang.de\/wp-content\/uploads\/2019\/10\/IMG_4682_compress75-1024x683.jpg\" alt=\"\" class=\"wp-image-968\" srcset=\"http:\/\/lichri.radeln-in-den-sonnenaufgang.de\/wp-content\/uploads\/2019\/10\/IMG_4682_compress75-1024x683.jpg 1024w, http:\/\/lichri.radeln-in-den-sonnenaufgang.de\/wp-content\/uploads\/2019\/10\/IMG_4682_compress75-300x200.jpg 300w, http:\/\/lichri.radeln-in-den-sonnenaufgang.de\/wp-content\/uploads\/2019\/10\/IMG_4682_compress75-768x512.jpg 768w, http:\/\/lichri.radeln-in-den-sonnenaufgang.de\/wp-content\/uploads\/2019\/10\/IMG_4682_compress75.jpg 1296w\" sizes=\"(max-width: 767px) 89vw, (max-width: 1000px) 54vw, (max-width: 1071px) 543px, 580px\" \/><\/figure>\n\n\n\n<figure class=\"wp-block-image\"><img decoding=\"async\" loading=\"lazy\" width=\"1024\" height=\"683\" src=\"http:\/\/lichri.radeln-in-den-sonnenaufgang.de\/wp-content\/uploads\/2019\/10\/IMG_4685_compress56-1024x683.jpg\" alt=\"\" class=\"wp-image-969\" srcset=\"http:\/\/lichri.radeln-in-den-sonnenaufgang.de\/wp-content\/uploads\/2019\/10\/IMG_4685_compress56-1024x683.jpg 1024w, http:\/\/lichri.radeln-in-den-sonnenaufgang.de\/wp-content\/uploads\/2019\/10\/IMG_4685_compress56-300x200.jpg 300w, http:\/\/lichri.radeln-in-den-sonnenaufgang.de\/wp-content\/uploads\/2019\/10\/IMG_4685_compress56-768x512.jpg 768w, http:\/\/lichri.radeln-in-den-sonnenaufgang.de\/wp-content\/uploads\/2019\/10\/IMG_4685_compress56.jpg 1296w\" sizes=\"(max-width: 767px) 89vw, (max-width: 1000px) 54vw, (max-width: 1071px) 543px, 580px\" \/><\/figure>\n\n\n\n<p>&#8230; zu einem Aussichtspunkt \u00fcber dem See \u2013 einer heiligen St\u00e4tte der Mosuo. Die Mosuo, um hier mal einen kleinen erkl\u00e4renden Exkurs einzubauen, sind die \u201eUreinwohner\u201c des Sees und haben eine matriarchiale bzw. matrilineare Kultur. Frauen wurden verehrt und lebten in der sogenannten Besuchsehe (walking marriage), in der die Frau entschied mit wem und wie lange sie mit wem zusammen sein und Kinder haben wollte. Das paar lebt hierbei nicht zusammen, sondern bleibt in der jeweiligen Hausgemeinschaft. M\u00e4nnliche Bezugspersonen sind dann eher die Onkel anstatt die leiblichen V\u00e4ter. Schon allein wegen dieser Kultur ist der Ort ein touristischer Magnet. Wie viel von der Kultur heute noch \u00fcbrig ist k\u00f6nnen wir nicht beurteilten. <\/p>\n\n\n\n<figure class=\"wp-block-image\"><img decoding=\"async\" loading=\"lazy\" width=\"1024\" height=\"683\" src=\"http:\/\/lichri.radeln-in-den-sonnenaufgang.de\/wp-content\/uploads\/2019\/10\/IMG_4701_compress46-1024x683.jpg\" alt=\"\" class=\"wp-image-970\" srcset=\"http:\/\/lichri.radeln-in-den-sonnenaufgang.de\/wp-content\/uploads\/2019\/10\/IMG_4701_compress46-1024x683.jpg 1024w, http:\/\/lichri.radeln-in-den-sonnenaufgang.de\/wp-content\/uploads\/2019\/10\/IMG_4701_compress46-300x200.jpg 300w, http:\/\/lichri.radeln-in-den-sonnenaufgang.de\/wp-content\/uploads\/2019\/10\/IMG_4701_compress46-768x512.jpg 768w, http:\/\/lichri.radeln-in-den-sonnenaufgang.de\/wp-content\/uploads\/2019\/10\/IMG_4701_compress46.jpg 1296w\" sizes=\"(max-width: 767px) 89vw, (max-width: 1000px) 54vw, (max-width: 1071px) 543px, 580px\" \/><\/figure>\n\n\n\n<figure class=\"wp-block-image\"><img decoding=\"async\" loading=\"lazy\" width=\"683\" height=\"1024\" src=\"http:\/\/lichri.radeln-in-den-sonnenaufgang.de\/wp-content\/uploads\/2019\/10\/IMG_4709_compress24-e1571584193489-683x1024.jpg\" alt=\"\" class=\"wp-image-971\" srcset=\"http:\/\/lichri.radeln-in-den-sonnenaufgang.de\/wp-content\/uploads\/2019\/10\/IMG_4709_compress24-e1571584193489-683x1024.jpg 683w, http:\/\/lichri.radeln-in-den-sonnenaufgang.de\/wp-content\/uploads\/2019\/10\/IMG_4709_compress24-e1571584193489-200x300.jpg 200w, http:\/\/lichri.radeln-in-den-sonnenaufgang.de\/wp-content\/uploads\/2019\/10\/IMG_4709_compress24-e1571584193489-768x1152.jpg 768w, http:\/\/lichri.radeln-in-den-sonnenaufgang.de\/wp-content\/uploads\/2019\/10\/IMG_4709_compress24-e1571584193489.jpg 864w\" sizes=\"(max-width: 683px) 100vw, 683px\" \/><\/figure>\n\n\n\n<p>Sch\u00f6n sind auch die Legenden \u00fcber die Entstehung des Sees. Eine Legende besagt, dass der weibliche Berggeist Gemu viele Geliebte hatte. Einer dieser Geliebten war Waru Shila. W\u00e4hrend ihrer ersten romantischen Begegnung inmitten eines Blumengartens verga\u00dfen sie alles um sich herum und merkten nicht, dass das Tageslicht nahte. Weil sie Angst davor hatten entdeckt zu werden, floh Waru Shila auf seinem Pferd zum n\u00e4chsten H\u00fcgel, w\u00e4hrend Gemu ihm nachsah. Bei dem Versuch einen letzten Blick auf seine Geliebte zu erhaschen, zog Waru die Z\u00fcgel des Pferdes eng an sich. Dabei stolperte das Pferd und fiel. Der Boden ersch\u00fctterte. Da der Tag nun schon angebrochen war, konnte Waru nicht in seinen Himmel zur\u00fcck und verwandelte sich in einen Berg im Osten des Sees. Gemu, die dieses Geschehen verfolgte weinte hemmungslos und f\u00fcllte die Mulde, die der Sturz des Pferdes hinterlie\u00df mit dem Wasser ihrer Tr\u00e4nen. Daraus entstand der Lugu See, in den sie sieben ihrer kostbaren Perlen warf, die zu den sieben Inseln des Sees wurden. Dann verwandelte sie sich ebenfalls in einen Berg, um \u00fcber den See und ihren Geliebten zu wachen. <\/p>\n\n\n\n<figure class=\"wp-block-image\"><img decoding=\"async\" loading=\"lazy\" width=\"1024\" height=\"683\" src=\"http:\/\/lichri.radeln-in-den-sonnenaufgang.de\/wp-content\/uploads\/2019\/10\/IMG_4693_compress54-1024x683.jpg\" alt=\"\" class=\"wp-image-972\" srcset=\"http:\/\/lichri.radeln-in-den-sonnenaufgang.de\/wp-content\/uploads\/2019\/10\/IMG_4693_compress54-1024x683.jpg 1024w, http:\/\/lichri.radeln-in-den-sonnenaufgang.de\/wp-content\/uploads\/2019\/10\/IMG_4693_compress54-300x200.jpg 300w, http:\/\/lichri.radeln-in-den-sonnenaufgang.de\/wp-content\/uploads\/2019\/10\/IMG_4693_compress54-768x512.jpg 768w, http:\/\/lichri.radeln-in-den-sonnenaufgang.de\/wp-content\/uploads\/2019\/10\/IMG_4693_compress54.jpg 1296w\" sizes=\"(max-width: 767px) 89vw, (max-width: 1000px) 54vw, (max-width: 1071px) 543px, 580px\" \/><\/figure>\n\n\n\n<figure class=\"wp-block-image\"><img decoding=\"async\" loading=\"lazy\" width=\"1024\" height=\"683\" src=\"http:\/\/lichri.radeln-in-den-sonnenaufgang.de\/wp-content\/uploads\/2019\/10\/IMG_4731_compress52-1024x683.jpg\" alt=\"\" class=\"wp-image-973\" srcset=\"http:\/\/lichri.radeln-in-den-sonnenaufgang.de\/wp-content\/uploads\/2019\/10\/IMG_4731_compress52-1024x683.jpg 1024w, http:\/\/lichri.radeln-in-den-sonnenaufgang.de\/wp-content\/uploads\/2019\/10\/IMG_4731_compress52-300x200.jpg 300w, http:\/\/lichri.radeln-in-den-sonnenaufgang.de\/wp-content\/uploads\/2019\/10\/IMG_4731_compress52-768x512.jpg 768w, http:\/\/lichri.radeln-in-den-sonnenaufgang.de\/wp-content\/uploads\/2019\/10\/IMG_4731_compress52.jpg 1296w\" sizes=\"(max-width: 767px) 89vw, (max-width: 1000px) 54vw, (max-width: 1071px) 543px, 580px\" \/><\/figure>\n\n\n\n<figure class=\"wp-block-image\"><img decoding=\"async\" loading=\"lazy\" width=\"683\" height=\"1024\" src=\"http:\/\/lichri.radeln-in-den-sonnenaufgang.de\/wp-content\/uploads\/2019\/10\/IMG_4743_compress67-e1571584388917-683x1024.jpg\" alt=\"\" class=\"wp-image-974\" srcset=\"http:\/\/lichri.radeln-in-den-sonnenaufgang.de\/wp-content\/uploads\/2019\/10\/IMG_4743_compress67-e1571584388917-683x1024.jpg 683w, http:\/\/lichri.radeln-in-den-sonnenaufgang.de\/wp-content\/uploads\/2019\/10\/IMG_4743_compress67-e1571584388917-200x300.jpg 200w, http:\/\/lichri.radeln-in-den-sonnenaufgang.de\/wp-content\/uploads\/2019\/10\/IMG_4743_compress67-e1571584388917-768x1152.jpg 768w, http:\/\/lichri.radeln-in-den-sonnenaufgang.de\/wp-content\/uploads\/2019\/10\/IMG_4743_compress67-e1571584388917.jpg 864w\" sizes=\"(max-width: 683px) 100vw, 683px\" \/><\/figure>\n\n\n\n<p>Am Abend suchten wir uns einen Platz abseits der gro\u00dfen Wege mit Blick auf den See. Der Sonnenuntergang war ein Spektakel. Wolkenberge und letzte Sonnenstrahlen, sowie immer wieder aufkommendes Blitzlicht setzten den Himmel, die Berge und das Wasser in Szene. <\/p>\n\n\n\n<ul class=\"is-layout-flex wp-block-gallery-17 wp-block-gallery columns-3 is-cropped\"><li class=\"blocks-gallery-item\"><figure><img decoding=\"async\" loading=\"lazy\" width=\"683\" height=\"1024\" src=\"http:\/\/lichri.radeln-in-den-sonnenaufgang.de\/wp-content\/uploads\/2019\/10\/IMG_4770_compress64-e1571584696938-683x1024.jpg\" alt=\"\" data-id=\"976\" data-link=\"http:\/\/lichri.radeln-in-den-sonnenaufgang.de\/?attachment_id=976\" class=\"wp-image-976\" srcset=\"http:\/\/lichri.radeln-in-den-sonnenaufgang.de\/wp-content\/uploads\/2019\/10\/IMG_4770_compress64-e1571584696938-683x1024.jpg 683w, http:\/\/lichri.radeln-in-den-sonnenaufgang.de\/wp-content\/uploads\/2019\/10\/IMG_4770_compress64-e1571584696938-200x300.jpg 200w, http:\/\/lichri.radeln-in-den-sonnenaufgang.de\/wp-content\/uploads\/2019\/10\/IMG_4770_compress64-e1571584696938-768x1152.jpg 768w, http:\/\/lichri.radeln-in-den-sonnenaufgang.de\/wp-content\/uploads\/2019\/10\/IMG_4770_compress64-e1571584696938.jpg 864w\" sizes=\"(max-width: 683px) 100vw, 683px\" \/><\/figure><\/li><li class=\"blocks-gallery-item\"><figure><img decoding=\"async\" loading=\"lazy\" width=\"683\" height=\"1024\" src=\"http:\/\/lichri.radeln-in-den-sonnenaufgang.de\/wp-content\/uploads\/2019\/10\/IMG_4782_compress89-e1571584806831-683x1024.jpg\" alt=\"\" data-id=\"977\" data-link=\"http:\/\/lichri.radeln-in-den-sonnenaufgang.de\/?attachment_id=977\" class=\"wp-image-977\" srcset=\"http:\/\/lichri.radeln-in-den-sonnenaufgang.de\/wp-content\/uploads\/2019\/10\/IMG_4782_compress89-e1571584806831-683x1024.jpg 683w, http:\/\/lichri.radeln-in-den-sonnenaufgang.de\/wp-content\/uploads\/2019\/10\/IMG_4782_compress89-e1571584806831-200x300.jpg 200w, http:\/\/lichri.radeln-in-den-sonnenaufgang.de\/wp-content\/uploads\/2019\/10\/IMG_4782_compress89-e1571584806831-768x1152.jpg 768w, http:\/\/lichri.radeln-in-den-sonnenaufgang.de\/wp-content\/uploads\/2019\/10\/IMG_4782_compress89-e1571584806831.jpg 864w\" sizes=\"(max-width: 683px) 100vw, 683px\" \/><\/figure><\/li><li class=\"blocks-gallery-item\"><figure><img decoding=\"async\" loading=\"lazy\" width=\"683\" height=\"1024\" src=\"http:\/\/lichri.radeln-in-den-sonnenaufgang.de\/wp-content\/uploads\/2019\/10\/IMG_4801_compress88-e1571584823706-683x1024.jpg\" alt=\"\" data-id=\"978\" data-link=\"http:\/\/lichri.radeln-in-den-sonnenaufgang.de\/?attachment_id=978\" class=\"wp-image-978\" srcset=\"http:\/\/lichri.radeln-in-den-sonnenaufgang.de\/wp-content\/uploads\/2019\/10\/IMG_4801_compress88-e1571584823706-683x1024.jpg 683w, http:\/\/lichri.radeln-in-den-sonnenaufgang.de\/wp-content\/uploads\/2019\/10\/IMG_4801_compress88-e1571584823706-200x300.jpg 200w, http:\/\/lichri.radeln-in-den-sonnenaufgang.de\/wp-content\/uploads\/2019\/10\/IMG_4801_compress88-e1571584823706-768x1152.jpg 768w, http:\/\/lichri.radeln-in-den-sonnenaufgang.de\/wp-content\/uploads\/2019\/10\/IMG_4801_compress88-e1571584823706.jpg 864w\" sizes=\"(max-width: 683px) 100vw, 683px\" \/><\/figure><\/li><\/ul>\n\n\n\n<figure class=\"wp-block-image\"><img decoding=\"async\" loading=\"lazy\" width=\"683\" height=\"1024\" src=\"http:\/\/lichri.radeln-in-den-sonnenaufgang.de\/wp-content\/uploads\/2019\/10\/IMG_4768_compress79-e1571584577303-683x1024.jpg\" alt=\"\" class=\"wp-image-975\" srcset=\"http:\/\/lichri.radeln-in-den-sonnenaufgang.de\/wp-content\/uploads\/2019\/10\/IMG_4768_compress79-e1571584577303-683x1024.jpg 683w, http:\/\/lichri.radeln-in-den-sonnenaufgang.de\/wp-content\/uploads\/2019\/10\/IMG_4768_compress79-e1571584577303-200x300.jpg 200w, http:\/\/lichri.radeln-in-den-sonnenaufgang.de\/wp-content\/uploads\/2019\/10\/IMG_4768_compress79-e1571584577303-768x1152.jpg 768w, http:\/\/lichri.radeln-in-den-sonnenaufgang.de\/wp-content\/uploads\/2019\/10\/IMG_4768_compress79-e1571584577303.jpg 864w\" sizes=\"(max-width: 683px) 100vw, 683px\" \/><\/figure>\n\n\n\n<ul class=\"is-layout-flex wp-block-gallery-19 wp-block-gallery columns-3 is-cropped\"><li class=\"blocks-gallery-item\"><figure><img decoding=\"async\" loading=\"lazy\" width=\"683\" height=\"1024\" src=\"http:\/\/lichri.radeln-in-den-sonnenaufgang.de\/wp-content\/uploads\/2019\/10\/IMG_4820_compress99-e1571585011530-683x1024.jpg\" alt=\"\" data-id=\"979\" data-link=\"http:\/\/lichri.radeln-in-den-sonnenaufgang.de\/?attachment_id=979\" class=\"wp-image-979\" srcset=\"http:\/\/lichri.radeln-in-den-sonnenaufgang.de\/wp-content\/uploads\/2019\/10\/IMG_4820_compress99-e1571585011530-683x1024.jpg 683w, http:\/\/lichri.radeln-in-den-sonnenaufgang.de\/wp-content\/uploads\/2019\/10\/IMG_4820_compress99-e1571585011530-200x300.jpg 200w, http:\/\/lichri.radeln-in-den-sonnenaufgang.de\/wp-content\/uploads\/2019\/10\/IMG_4820_compress99-e1571585011530-768x1152.jpg 768w, http:\/\/lichri.radeln-in-den-sonnenaufgang.de\/wp-content\/uploads\/2019\/10\/IMG_4820_compress99-e1571585011530.jpg 864w\" sizes=\"(max-width: 683px) 100vw, 683px\" \/><\/figure><\/li><li class=\"blocks-gallery-item\"><figure><img decoding=\"async\" loading=\"lazy\" width=\"1024\" height=\"683\" src=\"http:\/\/lichri.radeln-in-den-sonnenaufgang.de\/wp-content\/uploads\/2019\/10\/IMG_4835_compress43-1024x683.jpg\" alt=\"\" data-id=\"980\" data-link=\"http:\/\/lichri.radeln-in-den-sonnenaufgang.de\/?attachment_id=980\" class=\"wp-image-980\" srcset=\"http:\/\/lichri.radeln-in-den-sonnenaufgang.de\/wp-content\/uploads\/2019\/10\/IMG_4835_compress43-1024x683.jpg 1024w, http:\/\/lichri.radeln-in-den-sonnenaufgang.de\/wp-content\/uploads\/2019\/10\/IMG_4835_compress43-300x200.jpg 300w, http:\/\/lichri.radeln-in-den-sonnenaufgang.de\/wp-content\/uploads\/2019\/10\/IMG_4835_compress43-768x512.jpg 768w, http:\/\/lichri.radeln-in-den-sonnenaufgang.de\/wp-content\/uploads\/2019\/10\/IMG_4835_compress43.jpg 1296w\" sizes=\"(max-width: 767px) 89vw, (max-width: 1000px) 54vw, (max-width: 1071px) 543px, 580px\" \/><\/figure><\/li><li class=\"blocks-gallery-item\"><figure><img decoding=\"async\" loading=\"lazy\" width=\"1024\" height=\"683\" src=\"http:\/\/lichri.radeln-in-den-sonnenaufgang.de\/wp-content\/uploads\/2019\/10\/IMG_4845_compress31-1024x683.jpg\" alt=\"\" data-id=\"981\" data-link=\"http:\/\/lichri.radeln-in-den-sonnenaufgang.de\/?attachment_id=981\" class=\"wp-image-981\" srcset=\"http:\/\/lichri.radeln-in-den-sonnenaufgang.de\/wp-content\/uploads\/2019\/10\/IMG_4845_compress31-1024x683.jpg 1024w, http:\/\/lichri.radeln-in-den-sonnenaufgang.de\/wp-content\/uploads\/2019\/10\/IMG_4845_compress31-300x200.jpg 300w, http:\/\/lichri.radeln-in-den-sonnenaufgang.de\/wp-content\/uploads\/2019\/10\/IMG_4845_compress31-768x512.jpg 768w, http:\/\/lichri.radeln-in-den-sonnenaufgang.de\/wp-content\/uploads\/2019\/10\/IMG_4845_compress31.jpg 1296w\" sizes=\"(max-width: 767px) 89vw, (max-width: 1000px) 54vw, (max-width: 1071px) 543px, 580px\" \/><\/figure><\/li><\/ul>\n\n\n\n<p>Am n\u00e4chsten morgen regnete es und wir machten uns einen gem\u00fctlichen Vormittag im Zelt, bevor wir dann doch aufbrachen und den See ein wenig weiter erkundeten. Es ging vorbei an vielen sch\u00f6n hergerichteten Hotels direkt am See zu einem buddistischen Kloster auf einer Halbinsel. Da wir beide, wahrscheinlich wegen Wind und Wetter, gesundheitlich etwas angeschlagen waren, suchten wir uns dann doch im n\u00e4chsten Ort ein Hotel zum \u00dcbernachten. Das Hotel war leider eine ziemliche Absteige, aber wir wollten nicht noch eine Nacht im k\u00fchlen, nassen Zelt verbringen und immerhin war diese Unterkunft einigerma\u00dfen erschwinglich. Die Preise f\u00fcr die Zimmer sind in der Woche vom Nationalfeiertag ziemlich in die H\u00f6he geschossen. <\/p>\n\n\n\n<ul class=\"is-layout-flex wp-block-gallery-21 wp-block-gallery columns-2 is-cropped\"><li class=\"blocks-gallery-item\"><figure><img decoding=\"async\" loading=\"lazy\" width=\"1024\" height=\"683\" src=\"http:\/\/lichri.radeln-in-den-sonnenaufgang.de\/wp-content\/uploads\/2019\/10\/IMG_4899_compress15-1024x683.jpg\" alt=\"\" data-id=\"982\" data-link=\"http:\/\/lichri.radeln-in-den-sonnenaufgang.de\/?attachment_id=982\" class=\"wp-image-982\" srcset=\"http:\/\/lichri.radeln-in-den-sonnenaufgang.de\/wp-content\/uploads\/2019\/10\/IMG_4899_compress15-1024x683.jpg 1024w, http:\/\/lichri.radeln-in-den-sonnenaufgang.de\/wp-content\/uploads\/2019\/10\/IMG_4899_compress15-300x200.jpg 300w, http:\/\/lichri.radeln-in-den-sonnenaufgang.de\/wp-content\/uploads\/2019\/10\/IMG_4899_compress15-768x512.jpg 768w, http:\/\/lichri.radeln-in-den-sonnenaufgang.de\/wp-content\/uploads\/2019\/10\/IMG_4899_compress15.jpg 1296w\" sizes=\"(max-width: 767px) 89vw, (max-width: 1000px) 54vw, (max-width: 1071px) 543px, 580px\" \/><\/figure><\/li><li class=\"blocks-gallery-item\"><figure><img decoding=\"async\" loading=\"lazy\" width=\"1024\" height=\"683\" src=\"http:\/\/lichri.radeln-in-den-sonnenaufgang.de\/wp-content\/uploads\/2019\/10\/IMG_4892_compress90-1024x683.jpg\" alt=\"\" data-id=\"983\" data-link=\"http:\/\/lichri.radeln-in-den-sonnenaufgang.de\/?attachment_id=983\" class=\"wp-image-983\" srcset=\"http:\/\/lichri.radeln-in-den-sonnenaufgang.de\/wp-content\/uploads\/2019\/10\/IMG_4892_compress90-1024x683.jpg 1024w, http:\/\/lichri.radeln-in-den-sonnenaufgang.de\/wp-content\/uploads\/2019\/10\/IMG_4892_compress90-300x200.jpg 300w, http:\/\/lichri.radeln-in-den-sonnenaufgang.de\/wp-content\/uploads\/2019\/10\/IMG_4892_compress90-768x512.jpg 768w, http:\/\/lichri.radeln-in-den-sonnenaufgang.de\/wp-content\/uploads\/2019\/10\/IMG_4892_compress90.jpg 1296w\" sizes=\"(max-width: 767px) 89vw, (max-width: 1000px) 54vw, (max-width: 1071px) 543px, 580px\" \/><\/figure><\/li><\/ul>\n\n\n\n<figure class=\"wp-block-image\"><img decoding=\"async\" loading=\"lazy\" width=\"1024\" height=\"683\" src=\"http:\/\/lichri.radeln-in-den-sonnenaufgang.de\/wp-content\/uploads\/2019\/10\/IMG_4914_compress31-1024x683.jpg\" alt=\"\" class=\"wp-image-985\" srcset=\"http:\/\/lichri.radeln-in-den-sonnenaufgang.de\/wp-content\/uploads\/2019\/10\/IMG_4914_compress31-1024x683.jpg 1024w, http:\/\/lichri.radeln-in-den-sonnenaufgang.de\/wp-content\/uploads\/2019\/10\/IMG_4914_compress31-300x200.jpg 300w, http:\/\/lichri.radeln-in-den-sonnenaufgang.de\/wp-content\/uploads\/2019\/10\/IMG_4914_compress31-768x512.jpg 768w, http:\/\/lichri.radeln-in-den-sonnenaufgang.de\/wp-content\/uploads\/2019\/10\/IMG_4914_compress31.jpg 1296w\" sizes=\"(max-width: 767px) 89vw, (max-width: 1000px) 54vw, (max-width: 1071px) 543px, 580px\" \/><\/figure>\n\n\n\n<ul class=\"is-layout-flex wp-block-gallery-23 wp-block-gallery columns-2 is-cropped\"><li class=\"blocks-gallery-item\"><figure><img decoding=\"async\" loading=\"lazy\" width=\"683\" height=\"1024\" src=\"http:\/\/lichri.radeln-in-den-sonnenaufgang.de\/wp-content\/uploads\/2019\/10\/IMG_4924_compress38-e1571585396582-683x1024.jpg\" alt=\"\" data-id=\"986\" data-link=\"http:\/\/lichri.radeln-in-den-sonnenaufgang.de\/?attachment_id=986\" class=\"wp-image-986\" srcset=\"http:\/\/lichri.radeln-in-den-sonnenaufgang.de\/wp-content\/uploads\/2019\/10\/IMG_4924_compress38-e1571585396582-683x1024.jpg 683w, http:\/\/lichri.radeln-in-den-sonnenaufgang.de\/wp-content\/uploads\/2019\/10\/IMG_4924_compress38-e1571585396582-200x300.jpg 200w, http:\/\/lichri.radeln-in-den-sonnenaufgang.de\/wp-content\/uploads\/2019\/10\/IMG_4924_compress38-e1571585396582-768x1152.jpg 768w, http:\/\/lichri.radeln-in-den-sonnenaufgang.de\/wp-content\/uploads\/2019\/10\/IMG_4924_compress38-e1571585396582.jpg 864w\" sizes=\"(max-width: 683px) 100vw, 683px\" \/><\/figure><\/li><li class=\"blocks-gallery-item\"><figure><img decoding=\"async\" loading=\"lazy\" width=\"683\" height=\"1024\" src=\"http:\/\/lichri.radeln-in-den-sonnenaufgang.de\/wp-content\/uploads\/2019\/10\/IMG_4909_compress32-1-e1571585408325-683x1024.jpg\" alt=\"\" data-id=\"987\" data-link=\"http:\/\/lichri.radeln-in-den-sonnenaufgang.de\/?attachment_id=987\" class=\"wp-image-987\" srcset=\"http:\/\/lichri.radeln-in-den-sonnenaufgang.de\/wp-content\/uploads\/2019\/10\/IMG_4909_compress32-1-e1571585408325-683x1024.jpg 683w, http:\/\/lichri.radeln-in-den-sonnenaufgang.de\/wp-content\/uploads\/2019\/10\/IMG_4909_compress32-1-e1571585408325-200x300.jpg 200w, http:\/\/lichri.radeln-in-den-sonnenaufgang.de\/wp-content\/uploads\/2019\/10\/IMG_4909_compress32-1-e1571585408325-768x1152.jpg 768w, http:\/\/lichri.radeln-in-den-sonnenaufgang.de\/wp-content\/uploads\/2019\/10\/IMG_4909_compress32-1-e1571585408325.jpg 864w\" sizes=\"(max-width: 683px) 100vw, 683px\" \/><\/figure><\/li><\/ul>\n\n\n\n<figure class=\"wp-block-image\"><img decoding=\"async\" loading=\"lazy\" width=\"1024\" height=\"683\" src=\"http:\/\/lichri.radeln-in-den-sonnenaufgang.de\/wp-content\/uploads\/2019\/10\/IMG_4937_compress96-1024x683.jpg\" alt=\"\" class=\"wp-image-988\" srcset=\"http:\/\/lichri.radeln-in-den-sonnenaufgang.de\/wp-content\/uploads\/2019\/10\/IMG_4937_compress96-1024x683.jpg 1024w, http:\/\/lichri.radeln-in-den-sonnenaufgang.de\/wp-content\/uploads\/2019\/10\/IMG_4937_compress96-300x200.jpg 300w, http:\/\/lichri.radeln-in-den-sonnenaufgang.de\/wp-content\/uploads\/2019\/10\/IMG_4937_compress96-768x512.jpg 768w, http:\/\/lichri.radeln-in-den-sonnenaufgang.de\/wp-content\/uploads\/2019\/10\/IMG_4937_compress96.jpg 1296w\" sizes=\"(max-width: 767px) 89vw, (max-width: 1000px) 54vw, (max-width: 1071px) 543px, 580px\" \/><\/figure>\n\n\n\n<ul class=\"is-layout-flex wp-block-gallery-25 wp-block-gallery columns-2 is-cropped\"><li class=\"blocks-gallery-item\"><figure><img decoding=\"async\" loading=\"lazy\" width=\"1024\" height=\"683\" src=\"http:\/\/lichri.radeln-in-den-sonnenaufgang.de\/wp-content\/uploads\/2019\/10\/IMG_4942_compress53-1024x683.jpg\" alt=\"\" data-id=\"989\" data-link=\"http:\/\/lichri.radeln-in-den-sonnenaufgang.de\/?attachment_id=989\" class=\"wp-image-989\" srcset=\"http:\/\/lichri.radeln-in-den-sonnenaufgang.de\/wp-content\/uploads\/2019\/10\/IMG_4942_compress53-1024x683.jpg 1024w, http:\/\/lichri.radeln-in-den-sonnenaufgang.de\/wp-content\/uploads\/2019\/10\/IMG_4942_compress53-300x200.jpg 300w, http:\/\/lichri.radeln-in-den-sonnenaufgang.de\/wp-content\/uploads\/2019\/10\/IMG_4942_compress53-768x512.jpg 768w, http:\/\/lichri.radeln-in-den-sonnenaufgang.de\/wp-content\/uploads\/2019\/10\/IMG_4942_compress53.jpg 1296w\" sizes=\"(max-width: 767px) 89vw, (max-width: 1000px) 54vw, (max-width: 1071px) 543px, 580px\" \/><\/figure><\/li><li class=\"blocks-gallery-item\"><figure><img decoding=\"async\" loading=\"lazy\" width=\"1024\" height=\"683\" src=\"http:\/\/lichri.radeln-in-den-sonnenaufgang.de\/wp-content\/uploads\/2019\/10\/IMG_4939_compress54-1024x683.jpg\" alt=\"\" data-id=\"990\" data-link=\"http:\/\/lichri.radeln-in-den-sonnenaufgang.de\/?attachment_id=990\" class=\"wp-image-990\" srcset=\"http:\/\/lichri.radeln-in-den-sonnenaufgang.de\/wp-content\/uploads\/2019\/10\/IMG_4939_compress54-1024x683.jpg 1024w, http:\/\/lichri.radeln-in-den-sonnenaufgang.de\/wp-content\/uploads\/2019\/10\/IMG_4939_compress54-300x200.jpg 300w, http:\/\/lichri.radeln-in-den-sonnenaufgang.de\/wp-content\/uploads\/2019\/10\/IMG_4939_compress54-768x512.jpg 768w, http:\/\/lichri.radeln-in-den-sonnenaufgang.de\/wp-content\/uploads\/2019\/10\/IMG_4939_compress54.jpg 1296w\" sizes=\"(max-width: 767px) 89vw, (max-width: 1000px) 54vw, (max-width: 1071px) 543px, 580px\" \/><\/figure><\/li><\/ul>\n\n\n\n<p><strong>Kalte, nasse Berge <\/strong><br><em>Ein Tag lang Aufstieg \u2013 Die zweite Nacht auf \u00fcber 3000m &#8211; Fahrt aus den Wolken &#8211; Nicht noch ein endloser Aufstieg!<\/em><\/p>\n\n\n\n<p>Das Wetter besserte sich leider nicht wirklich und bei Regen ging es den n\u00e4chsten Tag weiter am See entlang und \u00fcber den Berg in Richtung Lijiang. Nach einem langen Aufstieg und immer wieder Niesel kamen wir oben an und verlie\u00dfen das Touri-Areal des Lugu Lake. Noch w\u00e4hrend wir in das folgende Tal rollten, durch Tunnel, \u00fcber schwindelerregende Br\u00fccken und vorbei an Schweinen und Ziegen, \u00fcberlegten wir, welchen Weg wir w\u00e4hlen sollten: direkt nach Lijiang oder doch per Rad erst zur Tigersprungschlucht? Der Plan nach Shangri-La zu radeln wurde durch die entweder l\u00fcckenhaften Stra\u00dfenkarten oder das l\u00fcckenhafte Stra\u00dfennetz sowie einer nun wahrgenommenen Zeitknappheit zunichte gemacht. Letzterem entsprechend entscheiden wir uns dann auch f\u00fcr den direkten Weg nach Lijiang. Wir w\u00fcrden dort sehen, wie es weiter gehen sollte. Als es schon dunkel wurde, fanden wir einen kleinen Laden und konnten unsere Wasservorr\u00e4te auff\u00fcllen und etwas weiter unser Zelt direkt an der Stra\u00dfe aufschlagen. Nicht der perfekte Platz, aber der einzige, den wir unter diesen Bedingungen finden konnten. <\/p>\n\n\n\n<figure class=\"wp-block-image\"><img decoding=\"async\" loading=\"lazy\" width=\"1024\" height=\"683\" src=\"http:\/\/lichri.radeln-in-den-sonnenaufgang.de\/wp-content\/uploads\/2019\/10\/IMG_4981_compress50-1024x683.jpg\" alt=\"\" class=\"wp-image-991\" srcset=\"http:\/\/lichri.radeln-in-den-sonnenaufgang.de\/wp-content\/uploads\/2019\/10\/IMG_4981_compress50-1024x683.jpg 1024w, http:\/\/lichri.radeln-in-den-sonnenaufgang.de\/wp-content\/uploads\/2019\/10\/IMG_4981_compress50-300x200.jpg 300w, http:\/\/lichri.radeln-in-den-sonnenaufgang.de\/wp-content\/uploads\/2019\/10\/IMG_4981_compress50-768x512.jpg 768w, http:\/\/lichri.radeln-in-den-sonnenaufgang.de\/wp-content\/uploads\/2019\/10\/IMG_4981_compress50.jpg 1296w\" sizes=\"(max-width: 767px) 89vw, (max-width: 1000px) 54vw, (max-width: 1071px) 543px, 580px\" \/><\/figure>\n\n\n\n<ul class=\"is-layout-flex wp-block-gallery-27 wp-block-gallery columns-3 is-cropped\"><li class=\"blocks-gallery-item\"><figure><img decoding=\"async\" loading=\"lazy\" width=\"576\" height=\"1024\" src=\"http:\/\/lichri.radeln-in-den-sonnenaufgang.de\/wp-content\/uploads\/2019\/10\/DSC_0116-e1571585898251-576x1024.jpg\" alt=\"\" data-id=\"992\" data-link=\"http:\/\/lichri.radeln-in-den-sonnenaufgang.de\/?attachment_id=992\" class=\"wp-image-992\" srcset=\"http:\/\/lichri.radeln-in-den-sonnenaufgang.de\/wp-content\/uploads\/2019\/10\/DSC_0116-e1571585898251-576x1024.jpg 576w, http:\/\/lichri.radeln-in-den-sonnenaufgang.de\/wp-content\/uploads\/2019\/10\/DSC_0116-e1571585898251-169x300.jpg 169w, http:\/\/lichri.radeln-in-den-sonnenaufgang.de\/wp-content\/uploads\/2019\/10\/DSC_0116-e1571585898251-768x1365.jpg 768w\" sizes=\"(max-width: 576px) 100vw, 576px\" \/><\/figure><\/li><li class=\"blocks-gallery-item\"><figure><img decoding=\"async\" loading=\"lazy\" width=\"1024\" height=\"576\" src=\"http:\/\/lichri.radeln-in-den-sonnenaufgang.de\/wp-content\/uploads\/2019\/10\/DSC_0046-1-1024x576.jpg\" alt=\"\" data-id=\"994\" data-link=\"http:\/\/lichri.radeln-in-den-sonnenaufgang.de\/?attachment_id=994\" class=\"wp-image-994\" srcset=\"http:\/\/lichri.radeln-in-den-sonnenaufgang.de\/wp-content\/uploads\/2019\/10\/DSC_0046-1-1024x576.jpg 1024w, http:\/\/lichri.radeln-in-den-sonnenaufgang.de\/wp-content\/uploads\/2019\/10\/DSC_0046-1-300x169.jpg 300w, http:\/\/lichri.radeln-in-den-sonnenaufgang.de\/wp-content\/uploads\/2019\/10\/DSC_0046-1-768x432.jpg 768w\" sizes=\"(max-width: 767px) 89vw, (max-width: 1000px) 54vw, (max-width: 1071px) 543px, 580px\" \/><\/figure><\/li><li class=\"blocks-gallery-item\"><figure><img decoding=\"async\" loading=\"lazy\" width=\"1024\" height=\"683\" src=\"http:\/\/lichri.radeln-in-den-sonnenaufgang.de\/wp-content\/uploads\/2019\/10\/IMG_4994_compress23-1024x683.jpg\" alt=\"\" data-id=\"996\" data-link=\"http:\/\/lichri.radeln-in-den-sonnenaufgang.de\/?attachment_id=996\" class=\"wp-image-996\" srcset=\"http:\/\/lichri.radeln-in-den-sonnenaufgang.de\/wp-content\/uploads\/2019\/10\/IMG_4994_compress23-1024x683.jpg 1024w, http:\/\/lichri.radeln-in-den-sonnenaufgang.de\/wp-content\/uploads\/2019\/10\/IMG_4994_compress23-300x200.jpg 300w, http:\/\/lichri.radeln-in-den-sonnenaufgang.de\/wp-content\/uploads\/2019\/10\/IMG_4994_compress23-768x512.jpg 768w, http:\/\/lichri.radeln-in-den-sonnenaufgang.de\/wp-content\/uploads\/2019\/10\/IMG_4994_compress23.jpg 1296w\" sizes=\"(max-width: 767px) 89vw, (max-width: 1000px) 54vw, (max-width: 1071px) 543px, 580px\" \/><\/figure><\/li><li class=\"blocks-gallery-item\"><figure><img decoding=\"async\" loading=\"lazy\" width=\"1024\" height=\"683\" src=\"http:\/\/lichri.radeln-in-den-sonnenaufgang.de\/wp-content\/uploads\/2019\/10\/IMG_4999_compress94-1024x683.jpg\" alt=\"\" data-id=\"997\" data-link=\"http:\/\/lichri.radeln-in-den-sonnenaufgang.de\/?attachment_id=997\" class=\"wp-image-997\" srcset=\"http:\/\/lichri.radeln-in-den-sonnenaufgang.de\/wp-content\/uploads\/2019\/10\/IMG_4999_compress94-1024x683.jpg 1024w, http:\/\/lichri.radeln-in-den-sonnenaufgang.de\/wp-content\/uploads\/2019\/10\/IMG_4999_compress94-300x200.jpg 300w, http:\/\/lichri.radeln-in-den-sonnenaufgang.de\/wp-content\/uploads\/2019\/10\/IMG_4999_compress94-768x512.jpg 768w, http:\/\/lichri.radeln-in-den-sonnenaufgang.de\/wp-content\/uploads\/2019\/10\/IMG_4999_compress94.jpg 1296w\" sizes=\"(max-width: 767px) 89vw, (max-width: 1000px) 54vw, (max-width: 1071px) 543px, 580px\" \/><\/figure><\/li><\/ul>\n\n\n\n<p>Am n\u00e4chsten Tag brachen wir unser Zelt zwischen den Steinhaufen ab, wobei wir immer wieder neugierigen Blicken der Nachbarn ausgesetzt waren. In der Stadt Ningjiang (oder so \u00e4hnlich) wie auf dem Land haben wir verschiedene Eindr\u00fccke \u00fcber die Locals gesammelt, die zum Teil gesch\u00e4ftig Tuktuks und Mopeds reparierten oder mit allerlei \u00fcberdimensionierten Waren beluden. Andere a\u00dfen in den vielen kleinen \u201eGark\u00fcchen\u201c (Restaurants w\u00e4re \u00fcbertrieben) mit schmuddeligem Garagen-Charme mit ihren Familien an viel zu kleinen Tischen zu Fr\u00fchst\u00fcck. Wieder andere sa\u00dfen an einem Wasserhahn an der Stra\u00dfe und putzten Z\u00e4hne. St\u00e4nde wurden best\u00fcckt, Kisten an die Kioske geliefert. Auf dem Land, also vor und nach Ningjang, beobachteten wir Gruppen traditionell gekleideter v. a. \u00e4lterer Frauen, mit runzligen Gesichtern und recht dunkler Haut und mal mehr, mal weniger Z\u00e4hnen, dabei, wie sie Sammelgut und Ernten in gro\u00dfen K\u00f6rben auf dem R\u00fccken die Stra\u00dfe entlang trugen. Vereinzelt waren da auch Kinder, zwei M\u00e4dels und zwei Jungs, die mit K\u00f6rben voll Mais nach Hause liefen. Diese H\u00e4user waren teils halbwegs modern mit verglasten Fluren zu den Zimmern, mit traditionellen D\u00e4chern und Drachen-\/Tierfiguren darauf. Die grauen Schindeld\u00e4cher lie\u00dfen sie zudem \u00e4lter wirken. Manche Geb\u00e4ude waren aus Stampflehm und hingen voller Mais, der daran trocknete. Sie waren h\u00fcbsch anzusehen, wobei manche auch sehr heruntergekommen waren. Auf den geschwungenen Terrassenfeldern arbeiteten mal einzelne M\u00e4nner, vorwiegend jedoch Frauen, oder auch mal eine ganze Meute.<\/p>\n\n\n\n<figure class=\"wp-block-image\"><img decoding=\"async\" loading=\"lazy\" width=\"1024\" height=\"576\" src=\"http:\/\/lichri.radeln-in-den-sonnenaufgang.de\/wp-content\/uploads\/2019\/10\/DSC_0054_compress65-1024x576.jpg\" alt=\"\" class=\"wp-image-998\" srcset=\"http:\/\/lichri.radeln-in-den-sonnenaufgang.de\/wp-content\/uploads\/2019\/10\/DSC_0054_compress65-1024x576.jpg 1024w, http:\/\/lichri.radeln-in-den-sonnenaufgang.de\/wp-content\/uploads\/2019\/10\/DSC_0054_compress65-300x169.jpg 300w, http:\/\/lichri.radeln-in-den-sonnenaufgang.de\/wp-content\/uploads\/2019\/10\/DSC_0054_compress65-768x432.jpg 768w, http:\/\/lichri.radeln-in-den-sonnenaufgang.de\/wp-content\/uploads\/2019\/10\/DSC_0054_compress65.jpg 1280w\" sizes=\"(max-width: 767px) 89vw, (max-width: 1000px) 54vw, (max-width: 1071px) 543px, 580px\" \/><\/figure>\n\n\n\n<figure class=\"wp-block-image\"><img decoding=\"async\" loading=\"lazy\" width=\"1024\" height=\"576\" src=\"http:\/\/lichri.radeln-in-den-sonnenaufgang.de\/wp-content\/uploads\/2019\/10\/DSC_0072_compress66-1024x576.jpg\" alt=\"\" class=\"wp-image-999\" srcset=\"http:\/\/lichri.radeln-in-den-sonnenaufgang.de\/wp-content\/uploads\/2019\/10\/DSC_0072_compress66-1024x576.jpg 1024w, http:\/\/lichri.radeln-in-den-sonnenaufgang.de\/wp-content\/uploads\/2019\/10\/DSC_0072_compress66-300x169.jpg 300w, http:\/\/lichri.radeln-in-den-sonnenaufgang.de\/wp-content\/uploads\/2019\/10\/DSC_0072_compress66-768x432.jpg 768w, http:\/\/lichri.radeln-in-den-sonnenaufgang.de\/wp-content\/uploads\/2019\/10\/DSC_0072_compress66.jpg 1280w\" sizes=\"(max-width: 767px) 89vw, (max-width: 1000px) 54vw, (max-width: 1071px) 543px, 580px\" \/><\/figure>\n\n\n\n<figure class=\"wp-block-image\"><img decoding=\"async\" loading=\"lazy\" width=\"1024\" height=\"683\" src=\"http:\/\/lichri.radeln-in-den-sonnenaufgang.de\/wp-content\/uploads\/2019\/10\/IMG_5024_compress73-1024x683.jpg\" alt=\"\" class=\"wp-image-1002\" srcset=\"http:\/\/lichri.radeln-in-den-sonnenaufgang.de\/wp-content\/uploads\/2019\/10\/IMG_5024_compress73-1024x683.jpg 1024w, http:\/\/lichri.radeln-in-den-sonnenaufgang.de\/wp-content\/uploads\/2019\/10\/IMG_5024_compress73-300x200.jpg 300w, http:\/\/lichri.radeln-in-den-sonnenaufgang.de\/wp-content\/uploads\/2019\/10\/IMG_5024_compress73-768x512.jpg 768w, http:\/\/lichri.radeln-in-den-sonnenaufgang.de\/wp-content\/uploads\/2019\/10\/IMG_5024_compress73.jpg 1296w\" sizes=\"(max-width: 767px) 89vw, (max-width: 1000px) 54vw, (max-width: 1071px) 543px, 580px\" \/><\/figure>\n\n\n\n<figure class=\"wp-block-image\"><img decoding=\"async\" loading=\"lazy\" width=\"1024\" height=\"683\" src=\"http:\/\/lichri.radeln-in-den-sonnenaufgang.de\/wp-content\/uploads\/2019\/10\/IMG_5032_compress28-1024x683.jpg\" alt=\"\" class=\"wp-image-1000\" srcset=\"http:\/\/lichri.radeln-in-den-sonnenaufgang.de\/wp-content\/uploads\/2019\/10\/IMG_5032_compress28-1024x683.jpg 1024w, http:\/\/lichri.radeln-in-den-sonnenaufgang.de\/wp-content\/uploads\/2019\/10\/IMG_5032_compress28-300x200.jpg 300w, http:\/\/lichri.radeln-in-den-sonnenaufgang.de\/wp-content\/uploads\/2019\/10\/IMG_5032_compress28-768x512.jpg 768w, http:\/\/lichri.radeln-in-den-sonnenaufgang.de\/wp-content\/uploads\/2019\/10\/IMG_5032_compress28.jpg 1296w\" sizes=\"(max-width: 767px) 89vw, (max-width: 1000px) 54vw, (max-width: 1071px) 543px, 580px\" \/><\/figure>\n\n\n\n<figure class=\"wp-block-image\"><img decoding=\"async\" loading=\"lazy\" width=\"1024\" height=\"576\" src=\"http:\/\/lichri.radeln-in-den-sonnenaufgang.de\/wp-content\/uploads\/2019\/10\/DSC_0074_compress60-1024x576.jpg\" alt=\"\" class=\"wp-image-1001\" srcset=\"http:\/\/lichri.radeln-in-den-sonnenaufgang.de\/wp-content\/uploads\/2019\/10\/DSC_0074_compress60-1024x576.jpg 1024w, http:\/\/lichri.radeln-in-den-sonnenaufgang.de\/wp-content\/uploads\/2019\/10\/DSC_0074_compress60-300x169.jpg 300w, http:\/\/lichri.radeln-in-den-sonnenaufgang.de\/wp-content\/uploads\/2019\/10\/DSC_0074_compress60-768x432.jpg 768w, http:\/\/lichri.radeln-in-den-sonnenaufgang.de\/wp-content\/uploads\/2019\/10\/DSC_0074_compress60.jpg 1280w\" sizes=\"(max-width: 767px) 89vw, (max-width: 1000px) 54vw, (max-width: 1071px) 543px, 580px\" \/><\/figure>\n\n\n\n<figure class=\"wp-block-image\"><img decoding=\"async\" loading=\"lazy\" width=\"1024\" height=\"849\" src=\"http:\/\/lichri.radeln-in-den-sonnenaufgang.de\/wp-content\/uploads\/2019\/10\/DSC_0076-e1571586859386-1024x849.jpg\" alt=\"\" class=\"wp-image-1003\" srcset=\"http:\/\/lichri.radeln-in-den-sonnenaufgang.de\/wp-content\/uploads\/2019\/10\/DSC_0076-e1571586859386-1024x849.jpg 1024w, http:\/\/lichri.radeln-in-den-sonnenaufgang.de\/wp-content\/uploads\/2019\/10\/DSC_0076-e1571586859386-300x249.jpg 300w, http:\/\/lichri.radeln-in-den-sonnenaufgang.de\/wp-content\/uploads\/2019\/10\/DSC_0076-e1571586859386-768x636.jpg 768w, http:\/\/lichri.radeln-in-den-sonnenaufgang.de\/wp-content\/uploads\/2019\/10\/DSC_0076-e1571586859386.jpg 1459w\" sizes=\"(max-width: 767px) 89vw, (max-width: 1000px) 54vw, (max-width: 1071px) 543px, 580px\" \/><\/figure>\n\n\n\n<p>Nach Ningjang ging es dann richtig in die Berge und wir schnauften! Angeschlagen wie wir waren fiel es uns \u2013 vielleicht auch wegen der H\u00f6henluft \u2013 recht schwer und besonders Lisa ging es zunehmend schlechter. Dennoch k\u00e4mpften wir uns bis halb sieben (um sieben wird es dunkel) bis zu einer Tankstelle \u201emit Blick auf den Snow-Mountain\u201c, wo wir Wasser kauften und auch hei\u00dfes Wasser bekamen. Bereits im Halbdunkel bauten wir unser Zelt im Wind am Berghang auf. Es gab einen Wasserfall in der N\u00e4he, doch aufgrund der K\u00e4lte wuschen wir uns nur H\u00e4nde und Gesicht. Ohne zu kochen krochen wir in die Schlafs\u00e4cke und tranken das hei\u00dfe Wasser. Den Rest bekam Lisa als W\u00e4rmflasche. Wir waren immerhin wieder auf \u00fcber 3000 H\u00f6henmetern angekommen. Den Snow-Mountain, der eine Sehensw\u00fcrdigkeit ist (mit seinen ca. 5.500 H\u00f6henmetern) bekamen wir aufgrund der Wolken nicht zu sehen.  <\/p>\n\n\n\n<figure class=\"wp-block-image\"><img decoding=\"async\" loading=\"lazy\" width=\"1024\" height=\"683\" src=\"http:\/\/lichri.radeln-in-den-sonnenaufgang.de\/wp-content\/uploads\/2019\/10\/IMG_5051_compress75-1024x683.jpg\" alt=\"\" class=\"wp-image-1004\" srcset=\"http:\/\/lichri.radeln-in-den-sonnenaufgang.de\/wp-content\/uploads\/2019\/10\/IMG_5051_compress75-1024x683.jpg 1024w, http:\/\/lichri.radeln-in-den-sonnenaufgang.de\/wp-content\/uploads\/2019\/10\/IMG_5051_compress75-300x200.jpg 300w, http:\/\/lichri.radeln-in-den-sonnenaufgang.de\/wp-content\/uploads\/2019\/10\/IMG_5051_compress75-768x512.jpg 768w, http:\/\/lichri.radeln-in-den-sonnenaufgang.de\/wp-content\/uploads\/2019\/10\/IMG_5051_compress75.jpg 1296w\" sizes=\"(max-width: 767px) 89vw, (max-width: 1000px) 54vw, (max-width: 1071px) 543px, 580px\" \/><\/figure>\n\n\n\n<p>Am n\u00e4chsten Morgen war es bitterkalt und feucht. Wir zogen alle unsere warmen Klamotten in Schichten an und machten uns an die Abfahrt. 40 km bergab \u2013 ein Traum! Wir fuhren durch die Wolken. Den Snow-Mountain konnten wir deshalb immer noch nicht erblicken, daf\u00fcr terrassierte H\u00fcgel im \u201eTal\u201c, auf das man von hier oben herab sehen konnte. <\/p>\n\n\n\n<figure class=\"wp-block-image\"><img decoding=\"async\" loading=\"lazy\" width=\"1024\" height=\"768\" src=\"http:\/\/lichri.radeln-in-den-sonnenaufgang.de\/wp-content\/uploads\/2019\/10\/DSC_0091_compress19-1024x768.jpg\" alt=\"\" class=\"wp-image-1005\" srcset=\"http:\/\/lichri.radeln-in-den-sonnenaufgang.de\/wp-content\/uploads\/2019\/10\/DSC_0091_compress19-1024x768.jpg 1024w, http:\/\/lichri.radeln-in-den-sonnenaufgang.de\/wp-content\/uploads\/2019\/10\/DSC_0091_compress19-300x225.jpg 300w, http:\/\/lichri.radeln-in-den-sonnenaufgang.de\/wp-content\/uploads\/2019\/10\/DSC_0091_compress19-768x576.jpg 768w, http:\/\/lichri.radeln-in-den-sonnenaufgang.de\/wp-content\/uploads\/2019\/10\/DSC_0091_compress19.jpg 1312w\" sizes=\"(max-width: 767px) 89vw, (max-width: 1000px) 54vw, (max-width: 1071px) 543px, 580px\" \/><\/figure>\n\n\n\n<ul class=\"is-layout-flex wp-block-gallery-29 wp-block-gallery columns-2 is-cropped\"><li class=\"blocks-gallery-item\"><figure><img decoding=\"async\" loading=\"lazy\" width=\"1024\" height=\"683\" src=\"http:\/\/lichri.radeln-in-den-sonnenaufgang.de\/wp-content\/uploads\/2019\/10\/IMG_5042_compress62-1024x683.jpg\" alt=\"\" data-id=\"1007\" data-link=\"http:\/\/lichri.radeln-in-den-sonnenaufgang.de\/?attachment_id=1007\" class=\"wp-image-1007\" srcset=\"http:\/\/lichri.radeln-in-den-sonnenaufgang.de\/wp-content\/uploads\/2019\/10\/IMG_5042_compress62-1024x683.jpg 1024w, http:\/\/lichri.radeln-in-den-sonnenaufgang.de\/wp-content\/uploads\/2019\/10\/IMG_5042_compress62-300x200.jpg 300w, http:\/\/lichri.radeln-in-den-sonnenaufgang.de\/wp-content\/uploads\/2019\/10\/IMG_5042_compress62-768x512.jpg 768w, http:\/\/lichri.radeln-in-den-sonnenaufgang.de\/wp-content\/uploads\/2019\/10\/IMG_5042_compress62.jpg 1296w\" sizes=\"(max-width: 767px) 89vw, (max-width: 1000px) 54vw, (max-width: 1071px) 543px, 580px\" \/><\/figure><\/li><li class=\"blocks-gallery-item\"><figure><img decoding=\"async\" loading=\"lazy\" width=\"1024\" height=\"683\" src=\"http:\/\/lichri.radeln-in-den-sonnenaufgang.de\/wp-content\/uploads\/2019\/10\/IMG_5061_compress97-1024x683.jpg\" alt=\"\" data-id=\"1008\" data-link=\"http:\/\/lichri.radeln-in-den-sonnenaufgang.de\/?attachment_id=1008\" class=\"wp-image-1008\" srcset=\"http:\/\/lichri.radeln-in-den-sonnenaufgang.de\/wp-content\/uploads\/2019\/10\/IMG_5061_compress97-1024x683.jpg 1024w, http:\/\/lichri.radeln-in-den-sonnenaufgang.de\/wp-content\/uploads\/2019\/10\/IMG_5061_compress97-300x200.jpg 300w, http:\/\/lichri.radeln-in-den-sonnenaufgang.de\/wp-content\/uploads\/2019\/10\/IMG_5061_compress97-768x512.jpg 768w, http:\/\/lichri.radeln-in-den-sonnenaufgang.de\/wp-content\/uploads\/2019\/10\/IMG_5061_compress97.jpg 1296w\" sizes=\"(max-width: 767px) 89vw, (max-width: 1000px) 54vw, (max-width: 1071px) 543px, 580px\" \/><\/figure><\/li><\/ul>\n\n\n\n<figure class=\"wp-block-image\"><img decoding=\"async\" loading=\"lazy\" width=\"1024\" height=\"576\" src=\"http:\/\/lichri.radeln-in-den-sonnenaufgang.de\/wp-content\/uploads\/2019\/10\/DSC_0107_compress1-1024x576.jpg\" alt=\"\" class=\"wp-image-1096\" srcset=\"http:\/\/lichri.radeln-in-den-sonnenaufgang.de\/wp-content\/uploads\/2019\/10\/DSC_0107_compress1-1024x576.jpg 1024w, http:\/\/lichri.radeln-in-den-sonnenaufgang.de\/wp-content\/uploads\/2019\/10\/DSC_0107_compress1-300x169.jpg 300w, http:\/\/lichri.radeln-in-den-sonnenaufgang.de\/wp-content\/uploads\/2019\/10\/DSC_0107_compress1-768x432.jpg 768w, http:\/\/lichri.radeln-in-den-sonnenaufgang.de\/wp-content\/uploads\/2019\/10\/DSC_0107_compress1.jpg 1280w\" sizes=\"(max-width: 767px) 89vw, (max-width: 1000px) 54vw, (max-width: 1071px) 543px, 580px\" \/><\/figure>\n\n\n\n<figure class=\"wp-block-image\"><img decoding=\"async\" loading=\"lazy\" width=\"1024\" height=\"683\" src=\"http:\/\/lichri.radeln-in-den-sonnenaufgang.de\/wp-content\/uploads\/2019\/10\/IMG_5090_compress34-1024x683.jpg\" alt=\"\" class=\"wp-image-1009\" srcset=\"http:\/\/lichri.radeln-in-den-sonnenaufgang.de\/wp-content\/uploads\/2019\/10\/IMG_5090_compress34-1024x683.jpg 1024w, http:\/\/lichri.radeln-in-den-sonnenaufgang.de\/wp-content\/uploads\/2019\/10\/IMG_5090_compress34-300x200.jpg 300w, http:\/\/lichri.radeln-in-den-sonnenaufgang.de\/wp-content\/uploads\/2019\/10\/IMG_5090_compress34-768x512.jpg 768w, http:\/\/lichri.radeln-in-den-sonnenaufgang.de\/wp-content\/uploads\/2019\/10\/IMG_5090_compress34.jpg 1296w\" sizes=\"(max-width: 767px) 89vw, (max-width: 1000px) 54vw, (max-width: 1071px) 543px, 580px\" \/><\/figure>\n\n\n\n<figure class=\"wp-block-image\"><img decoding=\"async\" loading=\"lazy\" width=\"1024\" height=\"683\" src=\"http:\/\/lichri.radeln-in-den-sonnenaufgang.de\/wp-content\/uploads\/2019\/10\/IMG_5117_compress33-1024x683.jpg\" alt=\"\" class=\"wp-image-1010\" srcset=\"http:\/\/lichri.radeln-in-den-sonnenaufgang.de\/wp-content\/uploads\/2019\/10\/IMG_5117_compress33-1024x683.jpg 1024w, http:\/\/lichri.radeln-in-den-sonnenaufgang.de\/wp-content\/uploads\/2019\/10\/IMG_5117_compress33-300x200.jpg 300w, http:\/\/lichri.radeln-in-den-sonnenaufgang.de\/wp-content\/uploads\/2019\/10\/IMG_5117_compress33-768x512.jpg 768w, http:\/\/lichri.radeln-in-den-sonnenaufgang.de\/wp-content\/uploads\/2019\/10\/IMG_5117_compress33.jpg 1296w\" sizes=\"(max-width: 767px) 89vw, (max-width: 1000px) 54vw, (max-width: 1071px) 543px, 580px\" \/><\/figure>\n\n\n\n<figure class=\"wp-block-image\"><img decoding=\"async\" loading=\"lazy\" width=\"1024\" height=\"683\" src=\"http:\/\/lichri.radeln-in-den-sonnenaufgang.de\/wp-content\/uploads\/2019\/10\/IMG_5144_compress50-1024x683.jpg\" alt=\"\" class=\"wp-image-1011\" srcset=\"http:\/\/lichri.radeln-in-den-sonnenaufgang.de\/wp-content\/uploads\/2019\/10\/IMG_5144_compress50-1024x683.jpg 1024w, http:\/\/lichri.radeln-in-den-sonnenaufgang.de\/wp-content\/uploads\/2019\/10\/IMG_5144_compress50-300x200.jpg 300w, http:\/\/lichri.radeln-in-den-sonnenaufgang.de\/wp-content\/uploads\/2019\/10\/IMG_5144_compress50-768x512.jpg 768w, http:\/\/lichri.radeln-in-den-sonnenaufgang.de\/wp-content\/uploads\/2019\/10\/IMG_5144_compress50.jpg 1296w\" sizes=\"(max-width: 767px) 89vw, (max-width: 1000px) 54vw, (max-width: 1071px) 543px, 580px\" \/><\/figure>\n\n\n\n<figure class=\"wp-block-image\"><img decoding=\"async\" loading=\"lazy\" width=\"1024\" height=\"225\" src=\"http:\/\/lichri.radeln-in-den-sonnenaufgang.de\/wp-content\/uploads\/2019\/10\/DSC_0121_compress94-1024x225.jpg\" alt=\"\" class=\"wp-image-1012\" srcset=\"http:\/\/lichri.radeln-in-den-sonnenaufgang.de\/wp-content\/uploads\/2019\/10\/DSC_0121_compress94-1024x225.jpg 1024w, http:\/\/lichri.radeln-in-den-sonnenaufgang.de\/wp-content\/uploads\/2019\/10\/DSC_0121_compress94-300x66.jpg 300w, http:\/\/lichri.radeln-in-den-sonnenaufgang.de\/wp-content\/uploads\/2019\/10\/DSC_0121_compress94-768x169.jpg 768w\" sizes=\"(max-width: 767px) 89vw, (max-width: 1000px) 54vw, (max-width: 1071px) 543px, 580px\" \/><\/figure>\n\n\n\n<p>Je weiter wir nach unten kamen, umso w\u00e4rmer wurde es und wir konnten uns Schicht um Schicht aus den Klamotten sch\u00e4len. Als es dann nach der Abfahrt erneut mehr als 40 km bergauf gehen sollte streikte Lisa. <\/p>\n\n\n\n<figure class=\"wp-block-image\"><img decoding=\"async\" loading=\"lazy\" width=\"1024\" height=\"683\" src=\"http:\/\/lichri.radeln-in-den-sonnenaufgang.de\/wp-content\/uploads\/2019\/10\/IMG_5183_compress90-1024x683.jpg\" alt=\"\" class=\"wp-image-1013\" srcset=\"http:\/\/lichri.radeln-in-den-sonnenaufgang.de\/wp-content\/uploads\/2019\/10\/IMG_5183_compress90-1024x683.jpg 1024w, http:\/\/lichri.radeln-in-den-sonnenaufgang.de\/wp-content\/uploads\/2019\/10\/IMG_5183_compress90-300x200.jpg 300w, http:\/\/lichri.radeln-in-den-sonnenaufgang.de\/wp-content\/uploads\/2019\/10\/IMG_5183_compress90-768x512.jpg 768w, http:\/\/lichri.radeln-in-den-sonnenaufgang.de\/wp-content\/uploads\/2019\/10\/IMG_5183_compress90.jpg 1296w\" sizes=\"(max-width: 767px) 89vw, (max-width: 1000px) 54vw, (max-width: 1071px) 543px, 580px\" \/><figcaption>Erneut 1.50m  rauf, Serpentinen, Br\u00fccken und neue Serpentinen&#8230; man kann sie in der Ferne nur erahnen. <\/figcaption><\/figure>\n\n\n\n<p>Eine Mitfahrgelegenheit musste gefunden werden. Das war jedoch kein leichtes Unterfangen. Wir fuhren immer ein St\u00fcck weiter, blieben an geeigneten Stellen stehen, streckten die Hand bei geeignet erscheinenden Fahrzeugen heraus, wurden entt\u00e4uscht, warteten, fuhren wieder ein St\u00fcck weiter, streckten erneut die Hand heraus. Schon halb am Aufgeben strampelten wir uns dann doch Serpentine um Serpentine den Berg hoch, bis es Chris schlie\u00dflich gelang eine kleine Gruppe Chinesen unseres Alters herauszuwinken, die in einem Pickup unterwegs waren. Der Fahrer zeigte sich bereit, uns mitzunehmen. Allerdings wollte er daf\u00fcr 100Yuan pro Person haben. Chris erkl\u00e4rte wahrheitsgem\u00e4\u00df, gar nicht mehr so viel Bargeld zu haben (25\u20ac) und schickte ihn bereits weiter mit den Worten, wenn er nicht helfen wolle, k\u00f6nnen sie jetzt weiterfahren. Schlie\u00dflich, und Chris immernoch sehr gegen den Strich, erkl\u00e4rte er sich bereit uns f\u00fcr den Rest Bargeld (70Yuan) den wir noch hatten, mit nach Lijiang zu nehmen. Wir sagten zu, da wir nicht noch eine Nacht am Stra\u00dfenrand neben den endlosen Serpentinen verbringen wollten und so genossen wir die kurvenreiche Fahrt im Pickup und bewunderten staunend die Stra\u00dfenbaukunst der Chinesen. <\/p>\n\n\n\n<figure class=\"wp-block-image\"><img decoding=\"async\" loading=\"lazy\" width=\"683\" height=\"1024\" src=\"http:\/\/lichri.radeln-in-den-sonnenaufgang.de\/wp-content\/uploads\/2019\/10\/IMG_5357_compress71-e1571587807807-683x1024.jpg\" alt=\"\" class=\"wp-image-1014\" srcset=\"http:\/\/lichri.radeln-in-den-sonnenaufgang.de\/wp-content\/uploads\/2019\/10\/IMG_5357_compress71-e1571587807807-683x1024.jpg 683w, http:\/\/lichri.radeln-in-den-sonnenaufgang.de\/wp-content\/uploads\/2019\/10\/IMG_5357_compress71-e1571587807807-200x300.jpg 200w, http:\/\/lichri.radeln-in-den-sonnenaufgang.de\/wp-content\/uploads\/2019\/10\/IMG_5357_compress71-e1571587807807-768x1152.jpg 768w, http:\/\/lichri.radeln-in-den-sonnenaufgang.de\/wp-content\/uploads\/2019\/10\/IMG_5357_compress71-e1571587807807.jpg 864w\" sizes=\"(max-width: 683px) 100vw, 683px\" \/><\/figure>\n\n\n\n<p><strong>Lijiang <\/strong><br><em>Ankunft am Abend \u2013 Markttreiben &#8211;  Im ged\u00e4mpften Licht altehrw\u00fcrdiger Gassen &#8211; Kirche als Museum, Glaube als Gefahr &#8211; Ein ruhiger Tag im Hotel &#8211; Treffen mit Gillam und Darja &#8211; Fritierter Tofu, Eis und Volkst\u00e4nze<\/em><\/p>\n\n\n\n<p>Am Abend wurden wir dann &#8211; relativ nahe der Altstadt, aber doch sehr pl\u00f6tzlich &#8211; auf einer gro\u00dfen Stra\u00dfe herausgelassen. Wir sattelten die Bikes und da sich, wie bisher leider \u00fcblich, kein WarmShowers-Gastgeber mehr ausfindig machen lie\u00df, bzw. keine unserer WS und Couchsurfing (CS) Anfragen beantwortet wurde, machten wir uns zu aller erst auf zu einer Bank, bevor wir unsere R\u00e4der schlie\u00dflich durch die altehrw\u00fcrdigen Gassen im Zentrum zu dem g\u00fcnstigen Hotel schoben, dass wir online schlie\u00dflich noch ausfindig machen konnten. Von der gr\u00f6\u00dferen Verkehrsader, die uns zum Bankautomaten f\u00fchrte, bogen wir zur Altstadt hin in eine kleinere Nebengasse ein und wurden hier von gesch\u00e4ftigem Markttreiben begr\u00fc\u00dft: Obstst\u00e4nde, die \u00c4pfel und Granat\u00e4pfel, Bananen und Kiwis, Stern- und Drachenfr\u00fcchte feilboten neben Fleischst\u00e4nden, an denen Haxen und H\u00fchner hingen oder sich auch mal ein paar Fische in viel zu kleinen Becken wanden sowie zwischendrin Gem\u00fcse, Eier, Schmuck, lebende Tiere, Pu\u2019er Tee-P\u00e4ckchen und Unmengen in Plastik verpackte Kekse und \u2026 \u201eBackwaren\u201c, die an billige Madeleines erinnerten. Eigentlich eher: Plastik mit etwas softem Milchteig gef\u00fcllt, um das Verh\u00e4ltnis richtig zu stellen. Um diesen Marktplatz her reihten sich Kiosks, mit Getr\u00e4nken, Fertignudeln und S\u00fc\u00dfkram \u2013 wie sie in China \u00fcberall zu finden sind \u2013 an Haushaltswaren- bzw. Handwerks- oder Baumarkt-L\u00e4dchen. Dazwischen mal eine B\u00e4ckerei-Stube (Cakes &amp; Bread, mit passablen Croissants) oder ein Schmuckladen, der mit seiner Anwesenheit am weniger touristischen Marktplatz bereits in die sehr touristischen G\u00e4sschen einleitete, durch die wir uns als n\u00e4chstes unseren Weg bahnten. <\/p>\n\n\n\n<figure class=\"wp-block-image\"><img decoding=\"async\" loading=\"lazy\" width=\"1024\" height=\"683\" src=\"http:\/\/lichri.radeln-in-den-sonnenaufgang.de\/wp-content\/uploads\/2019\/10\/IMG_5191_compress41-1024x683.jpg\" alt=\"\" class=\"wp-image-1015\" srcset=\"http:\/\/lichri.radeln-in-den-sonnenaufgang.de\/wp-content\/uploads\/2019\/10\/IMG_5191_compress41-1024x683.jpg 1024w, http:\/\/lichri.radeln-in-den-sonnenaufgang.de\/wp-content\/uploads\/2019\/10\/IMG_5191_compress41-300x200.jpg 300w, http:\/\/lichri.radeln-in-den-sonnenaufgang.de\/wp-content\/uploads\/2019\/10\/IMG_5191_compress41-768x512.jpg 768w, http:\/\/lichri.radeln-in-den-sonnenaufgang.de\/wp-content\/uploads\/2019\/10\/IMG_5191_compress41.jpg 1296w\" sizes=\"(max-width: 767px) 89vw, (max-width: 1000px) 54vw, (max-width: 1071px) 543px, 580px\" \/><\/figure>\n\n\n\n<p>Lijiang hat \u2013 wenn auch von Touristenmassen \u00fcberlaufen \u2013 tats\u00e4chlich ein sehr h\u00fcbsches Altst\u00e4dtchen, welches von Regierungsseite auch so erhalten werden will. Scheinbar alle 100-150m wiederholt sich die Laden-Reihungen (Rosenbl\u00fcten-K\u00fcchlein, Trommeln, Jade- und Bernstein-Schmuck, gebratene Durian (puh, dieser Geruch!), Fleisch- und Kraken-BBQ-Spie\u00dfe, gebratener Tofu, Trockeneis-Dampf umwabertes Obst, Traditionelle und moderne Damenkleidung, Rosenbl\u00fcten-K\u00fcchlein und so weiter und so fort). Obgleich dieses Franchise-Stils, der die traditionell erhaltenen und restaurierten niedrigen Geb\u00e4ude mit den sch\u00f6nen Holzverzierungen, grauen Ziegeln und roten Laternen mit Kommerz und Konsum f\u00fcllten, haben die Gassen einen unvergleichlichen Charme \u2013 den besonders die sanfte und warme Beleuchtung unterstrich, welche die holzreichen Fassaden in den Gassen, die Laternen und Schirme dar\u00fcber und die kleinen Br\u00fccken \u00fcber die Kan\u00e4le der alten, abendlichen Bergstadt in Szene setzte. <\/p>\n\n\n\n<figure class=\"wp-block-image\"><img decoding=\"async\" loading=\"lazy\" width=\"1024\" height=\"683\" src=\"http:\/\/lichri.radeln-in-den-sonnenaufgang.de\/wp-content\/uploads\/2019\/10\/IMG_5193_compress8-1024x683.jpg\" alt=\"\" class=\"wp-image-1016\" srcset=\"http:\/\/lichri.radeln-in-den-sonnenaufgang.de\/wp-content\/uploads\/2019\/10\/IMG_5193_compress8-1024x683.jpg 1024w, http:\/\/lichri.radeln-in-den-sonnenaufgang.de\/wp-content\/uploads\/2019\/10\/IMG_5193_compress8-300x200.jpg 300w, http:\/\/lichri.radeln-in-den-sonnenaufgang.de\/wp-content\/uploads\/2019\/10\/IMG_5193_compress8-768x512.jpg 768w, http:\/\/lichri.radeln-in-den-sonnenaufgang.de\/wp-content\/uploads\/2019\/10\/IMG_5193_compress8.jpg 1296w\" sizes=\"(max-width: 767px) 89vw, (max-width: 1000px) 54vw, (max-width: 1071px) 543px, 580px\" \/><\/figure>\n\n\n\n<figure class=\"wp-block-image\"><img decoding=\"async\" loading=\"lazy\" width=\"683\" height=\"1024\" src=\"http:\/\/lichri.radeln-in-den-sonnenaufgang.de\/wp-content\/uploads\/2019\/10\/IMG_5206_compress55-e1571588102656-683x1024.jpg\" alt=\"\" class=\"wp-image-1017\" srcset=\"http:\/\/lichri.radeln-in-den-sonnenaufgang.de\/wp-content\/uploads\/2019\/10\/IMG_5206_compress55-e1571588102656-683x1024.jpg 683w, http:\/\/lichri.radeln-in-den-sonnenaufgang.de\/wp-content\/uploads\/2019\/10\/IMG_5206_compress55-e1571588102656-200x300.jpg 200w, http:\/\/lichri.radeln-in-den-sonnenaufgang.de\/wp-content\/uploads\/2019\/10\/IMG_5206_compress55-e1571588102656-768x1152.jpg 768w, http:\/\/lichri.radeln-in-den-sonnenaufgang.de\/wp-content\/uploads\/2019\/10\/IMG_5206_compress55-e1571588102656.jpg 864w\" sizes=\"(max-width: 683px) 100vw, 683px\" \/><\/figure>\n\n\n\n<p>Auf dem Weg zum Hotel kamen wir auch an einer alten Kirche vorbei, die jedoch nur als Touristenattraktion ge\u00f6ffnet war und nicht mehr f\u00fcr Gottesdienste genutzt werden durfte (Versammlungen &#8211; insbesondere religi\u00f6se &#8211; waren streng verboten!). Sie erinnerte paradoxerweise scheinbar stolz an eine Zeit kultureller und religi\u00f6ser Vielfalt, welche jedoch sp\u00e4testens mit der Kulturrevolution endete. Die Erben ihrer R\u00e4delsf\u00fchrer unterdr\u00fccken und verbieten eben jene Vielfalt bis heute. Einzig und allein zum Schein und f\u00fcr den Kommerz werden urspr\u00fcnglich religi\u00f6se Elemente eingesetzt. Das fiel uns bereits bei unserer Einreise nach China, etwa 7 Wochen vorher auf: Die in der Mongolei noch beschriebenen und mit buddhistischen Motiven versehenen Gebetsfahnen wurden auf chinesischer Seite durch mindestens genauso bunte, jedoch unbeschriebene, leere Wimpelketten ersetzt, mit denen man H\u00e4user und St\u00e4tten verzierte. Man will den Eindruck, das Aussehen, den Charme \u2013 aber ohne Inhalt. Bunt, aber tot. <\/p>\n\n\n\n<p>Nat\u00fcrlich war es nicht \u00fcberall so und besonders an den tats\u00e4chlichen buddhistischen Klostern, die ja auch gerade unter dem aktuellen Machthaber Chinas wieder gef\u00f6rdert werden, findet man M\u00f6nche, Altare und auch echte Gebetsfahnen. Doch hat es gute Gr\u00fcnde f\u00fcr die KP, gerade Schulen konfuzianischer Philosophie und buddhistische Kl\u00f6ster zu f\u00f6rdern: Nicht nur werden sie als f\u00f6rderlich f\u00fcr die \u201eVolksidentit\u00e4t\u201c instrumentalisiert, sie sind auch gerade diejenigen Religionen und Schulen, die am ungef\u00e4hrlichsten f\u00fcr die Regierenden sind. Von ihnen werden keine gro\u00dfen Gerechtigkeitsfragen gestellt, keine Kritik am System oder den Machthabern ge\u00fcbt. Anstand und Akzeptanz der Umst\u00e4nde spielen dem System in die H\u00e4nde \u2013 im Gegensatz zu den als gef\u00e4hrlich und destabilisierend wahrgenommenen Glaubenswelten und Weltanschauungen von Christentum oder auch Islam\u2026 Also kein Gottesdienst, kein Gebet, keine Versammlungen \u2013 nicht hier. Und wenn, dann nur mit staatlichen Aufpassern. Die Partei ist stets dabei.<\/p>\n\n\n\n<p>Etwas betr\u00fcbt von dem, was wir auf der Infotafel \u00fcber das Treiben und Nicht-Treiben in der Kirche gelesen haben, spazierten wir mit den R\u00e4dern weiter durch die Gassen, wobei uns aus jedem der L\u00e4den eine andere Musik beschallte, begleitet von Trommeln, welche die Verk\u00e4uferInnen in ihren L\u00e4den geschickt zum Beat der Musik spielten, um Kunden zu locken. Der Duft von fritiertem Fleisch und Fisch, Durian, gesch\u00e4ltem Obst und das Rosenbl\u00fctenaroma der allgegenw\u00e4rtigen K\u00fcchlein-L\u00e4den schw\u00e4ngerten die Luft der bereits n\u00e4chtlichen Stra\u00dfen. <\/p>\n\n\n\n<ul class=\"is-layout-flex wp-block-gallery-31 wp-block-gallery columns-1 is-cropped\"><li class=\"blocks-gallery-item\"><figure><img decoding=\"async\" loading=\"lazy\" width=\"1024\" height=\"683\" src=\"http:\/\/lichri.radeln-in-den-sonnenaufgang.de\/wp-content\/uploads\/2019\/10\/IMG_5251_compress2-1024x683.jpg\" alt=\"\" data-id=\"1018\" data-link=\"http:\/\/lichri.radeln-in-den-sonnenaufgang.de\/?attachment_id=1018\" class=\"wp-image-1018\" srcset=\"http:\/\/lichri.radeln-in-den-sonnenaufgang.de\/wp-content\/uploads\/2019\/10\/IMG_5251_compress2-1024x683.jpg 1024w, http:\/\/lichri.radeln-in-den-sonnenaufgang.de\/wp-content\/uploads\/2019\/10\/IMG_5251_compress2-300x200.jpg 300w, http:\/\/lichri.radeln-in-den-sonnenaufgang.de\/wp-content\/uploads\/2019\/10\/IMG_5251_compress2-768x512.jpg 768w, http:\/\/lichri.radeln-in-den-sonnenaufgang.de\/wp-content\/uploads\/2019\/10\/IMG_5251_compress2.jpg 1296w\" sizes=\"(max-width: 767px) 89vw, (max-width: 1000px) 54vw, (max-width: 1071px) 543px, 580px\" \/><\/figure><\/li><\/ul>\n\n\n\n<p>Wir kamen an den Ort, an dem uns Open-Street-Map das Hotel anzeigte, doch konnten wir es nicht finden. Wir kontaktierten die Betreiber, doch diese sprachen nur Chinesisch und machten uns per SMS verst\u00e4ndlich, dass wir einen Chinesen suchen sollten, der Englisch spreche. Dieser fand dann schlie\u00dflich uns, als wir einen Stra\u00dfen- bzw. Parkw\u00e4chter ansprachen. Er war selbst Reisender und gerade auf der Suche nach Obst, als er uns mit der \u00dcbersetzungs-App k\u00e4mpfen sah. Kurzerhand bot der gro\u00dfe Chinese mittleren Alters seine Hilfe an, telefonierte mit der Rezeption und f\u00fchrte uns \u2013 wenngleich \u00fcber Umwege \u2013 fast einen Kilometer weiter n\u00f6rdlich, bevor uns der Rezeptionist schlie\u00dflich entgegenkam und von hier an mitnahm. An diesem Tag entschied ich mich \u2013 wenngleich f\u00fcr unseren China Aufenthalt recht sp\u00e4t \u2013 doch das chinesische Pendant zu Google-Maps herunterzuladen. <\/p>\n\n\n\n<figure class=\"wp-block-image\"><img decoding=\"async\" loading=\"lazy\" width=\"683\" height=\"1024\" src=\"http:\/\/lichri.radeln-in-den-sonnenaufgang.de\/wp-content\/uploads\/2019\/10\/IMG_5717_compress30-e1571588506116-683x1024.jpg\" alt=\"\" class=\"wp-image-1019\" srcset=\"http:\/\/lichri.radeln-in-den-sonnenaufgang.de\/wp-content\/uploads\/2019\/10\/IMG_5717_compress30-e1571588506116-683x1024.jpg 683w, http:\/\/lichri.radeln-in-den-sonnenaufgang.de\/wp-content\/uploads\/2019\/10\/IMG_5717_compress30-e1571588506116-200x300.jpg 200w, http:\/\/lichri.radeln-in-den-sonnenaufgang.de\/wp-content\/uploads\/2019\/10\/IMG_5717_compress30-e1571588506116-768x1152.jpg 768w, http:\/\/lichri.radeln-in-den-sonnenaufgang.de\/wp-content\/uploads\/2019\/10\/IMG_5717_compress30-e1571588506116.jpg 864w\" sizes=\"(max-width: 683px) 100vw, 683px\" \/><\/figure>\n\n\n\n<p>Auf diese anstrengenden und eindrucksreichen Reise nach \u2013 und schlie\u00dflich durch \u2013 Lijiang folgte ein Tag der Entspannung. Wir wuschen fast unsere gesamte W\u00e4sche, die es bitter n\u00f6tig hatte. Wir lasen im Schatten der \u00fcberdachten, h\u00f6lzernen Hollywood-Schaukel im charmanten Innenhof des kleinen Hotels und schlie\u00dflich g\u00f6nnten wir uns einen erneuten, diesmal ohne Rad etwas gem\u00fctlicheren Bummel durch die Stadt. Auf dem Weg begegneten uns zwei super netten Backpackern aus Frankreich und Russland, die uns halfen, f\u00fcr den n\u00e4chsten Tag einen Weg zur Tigerspruch Schlucht zu finden. Diese wollte Chris unbedingt gesehen haben, wenn wir schon in der Gegend waren. Auch die beiden Reisenden, Daria und Guillaume (www.almostaroundtheworld.com \u2013 der humorvoll und unterhaltsam geschriebene Reiseblog der beiden \u2013 auf englisch), wollten am n\u00e4chsten Tag zur Schlucht fahren. Witziger Weise hat dieses Rucksack-reisende P\u00e4rchen den gleichen Weg hinter sich wie wir, nur waren sie (so ohne Fahrr\u00e4der) um einiges z\u00fcgiger unterwegs. Sie beabsichtigten sogar den gleichen Weg bis Singapur weiter zu reisen, den wir \u2013 zu diesem Zeitpunkt \u2013 angepeilt hatten. Wir sind gespannt, ob wir uns noch einmal begegnen werden. <\/p>\n\n\n\n<p>Gemeinsam verbrachten wir schlie\u00dflich noch den Nachmittag und den Abend, erkundeten das Wahrzeichen der Stadt (ein gro\u00dfes Wasserrad), erklommen den Parkh\u00fcgel, snackten gebratenen, scharfen Tofu und Eis und wohnten einer kleinen \u201eVolkstanz\u201c-Runde auf dem Market Square bei, wo einige traditionell gekleidete Frauen und ein Mann die Besucher zum gemeinsamen Tanz um eine Feuerschale animierten. <\/p>\n\n\n\n<ul class=\"is-layout-flex wp-block-gallery-33 wp-block-gallery columns-2 is-cropped\"><li class=\"blocks-gallery-item\"><figure><img decoding=\"async\" loading=\"lazy\" width=\"683\" height=\"1024\" src=\"http:\/\/lichri.radeln-in-den-sonnenaufgang.de\/wp-content\/uploads\/2019\/10\/IMG_5227_compress98-e1571588671397-683x1024.jpg\" alt=\"\" data-id=\"1020\" data-link=\"http:\/\/lichri.radeln-in-den-sonnenaufgang.de\/?attachment_id=1020\" class=\"wp-image-1020\" srcset=\"http:\/\/lichri.radeln-in-den-sonnenaufgang.de\/wp-content\/uploads\/2019\/10\/IMG_5227_compress98-e1571588671397-683x1024.jpg 683w, http:\/\/lichri.radeln-in-den-sonnenaufgang.de\/wp-content\/uploads\/2019\/10\/IMG_5227_compress98-e1571588671397-200x300.jpg 200w, http:\/\/lichri.radeln-in-den-sonnenaufgang.de\/wp-content\/uploads\/2019\/10\/IMG_5227_compress98-e1571588671397-768x1152.jpg 768w, http:\/\/lichri.radeln-in-den-sonnenaufgang.de\/wp-content\/uploads\/2019\/10\/IMG_5227_compress98-e1571588671397.jpg 864w\" sizes=\"(max-width: 683px) 100vw, 683px\" \/><\/figure><\/li><li class=\"blocks-gallery-item\"><figure><img decoding=\"async\" loading=\"lazy\" width=\"683\" height=\"1024\" src=\"http:\/\/lichri.radeln-in-den-sonnenaufgang.de\/wp-content\/uploads\/2019\/10\/IMG_5228_compress3-e1571588774905-683x1024.jpg\" alt=\"\" data-id=\"1021\" data-link=\"http:\/\/lichri.radeln-in-den-sonnenaufgang.de\/?attachment_id=1021\" class=\"wp-image-1021\" srcset=\"http:\/\/lichri.radeln-in-den-sonnenaufgang.de\/wp-content\/uploads\/2019\/10\/IMG_5228_compress3-e1571588774905-683x1024.jpg 683w, http:\/\/lichri.radeln-in-den-sonnenaufgang.de\/wp-content\/uploads\/2019\/10\/IMG_5228_compress3-e1571588774905-200x300.jpg 200w, http:\/\/lichri.radeln-in-den-sonnenaufgang.de\/wp-content\/uploads\/2019\/10\/IMG_5228_compress3-e1571588774905-768x1152.jpg 768w, http:\/\/lichri.radeln-in-den-sonnenaufgang.de\/wp-content\/uploads\/2019\/10\/IMG_5228_compress3-e1571588774905.jpg 864w\" sizes=\"(max-width: 683px) 100vw, 683px\" \/><\/figure><\/li><\/ul>\n\n\n\n<ul class=\"is-layout-flex wp-block-gallery-35 wp-block-gallery columns-3 is-cropped\"><li class=\"blocks-gallery-item\"><figure><img decoding=\"async\" loading=\"lazy\" width=\"1024\" height=\"683\" src=\"http:\/\/lichri.radeln-in-den-sonnenaufgang.de\/wp-content\/uploads\/2019\/10\/IMG_5221_compress16-1024x683.jpg\" alt=\"\" data-id=\"1023\" data-link=\"http:\/\/lichri.radeln-in-den-sonnenaufgang.de\/?attachment_id=1023\" class=\"wp-image-1023\" srcset=\"http:\/\/lichri.radeln-in-den-sonnenaufgang.de\/wp-content\/uploads\/2019\/10\/IMG_5221_compress16-1024x683.jpg 1024w, http:\/\/lichri.radeln-in-den-sonnenaufgang.de\/wp-content\/uploads\/2019\/10\/IMG_5221_compress16-300x200.jpg 300w, http:\/\/lichri.radeln-in-den-sonnenaufgang.de\/wp-content\/uploads\/2019\/10\/IMG_5221_compress16-768x512.jpg 768w, http:\/\/lichri.radeln-in-den-sonnenaufgang.de\/wp-content\/uploads\/2019\/10\/IMG_5221_compress16.jpg 1296w\" sizes=\"(max-width: 767px) 89vw, (max-width: 1000px) 54vw, (max-width: 1071px) 543px, 580px\" \/><\/figure><\/li><li class=\"blocks-gallery-item\"><figure><img decoding=\"async\" loading=\"lazy\" width=\"1024\" height=\"683\" src=\"http:\/\/lichri.radeln-in-den-sonnenaufgang.de\/wp-content\/uploads\/2019\/10\/IMG_5231_compress83-1024x683.jpg\" alt=\"\" data-id=\"1024\" data-link=\"http:\/\/lichri.radeln-in-den-sonnenaufgang.de\/?attachment_id=1024\" class=\"wp-image-1024\" srcset=\"http:\/\/lichri.radeln-in-den-sonnenaufgang.de\/wp-content\/uploads\/2019\/10\/IMG_5231_compress83-1024x683.jpg 1024w, http:\/\/lichri.radeln-in-den-sonnenaufgang.de\/wp-content\/uploads\/2019\/10\/IMG_5231_compress83-300x200.jpg 300w, http:\/\/lichri.radeln-in-den-sonnenaufgang.de\/wp-content\/uploads\/2019\/10\/IMG_5231_compress83-768x512.jpg 768w, http:\/\/lichri.radeln-in-den-sonnenaufgang.de\/wp-content\/uploads\/2019\/10\/IMG_5231_compress83.jpg 1296w\" sizes=\"(max-width: 767px) 89vw, (max-width: 1000px) 54vw, (max-width: 1071px) 543px, 580px\" \/><\/figure><\/li><li class=\"blocks-gallery-item\"><figure><img decoding=\"async\" loading=\"lazy\" width=\"1024\" height=\"683\" src=\"http:\/\/lichri.radeln-in-den-sonnenaufgang.de\/wp-content\/uploads\/2019\/10\/IMG_5233_compress10-1024x683.jpg\" alt=\"\" data-id=\"1025\" data-link=\"http:\/\/lichri.radeln-in-den-sonnenaufgang.de\/?attachment_id=1025\" class=\"wp-image-1025\" srcset=\"http:\/\/lichri.radeln-in-den-sonnenaufgang.de\/wp-content\/uploads\/2019\/10\/IMG_5233_compress10-1024x683.jpg 1024w, http:\/\/lichri.radeln-in-den-sonnenaufgang.de\/wp-content\/uploads\/2019\/10\/IMG_5233_compress10-300x200.jpg 300w, http:\/\/lichri.radeln-in-den-sonnenaufgang.de\/wp-content\/uploads\/2019\/10\/IMG_5233_compress10-768x512.jpg 768w, http:\/\/lichri.radeln-in-den-sonnenaufgang.de\/wp-content\/uploads\/2019\/10\/IMG_5233_compress10.jpg 1296w\" sizes=\"(max-width: 767px) 89vw, (max-width: 1000px) 54vw, (max-width: 1071px) 543px, 580px\" \/><\/figure><\/li><li class=\"blocks-gallery-item\"><figure><img decoding=\"async\" loading=\"lazy\" width=\"1024\" height=\"683\" src=\"http:\/\/lichri.radeln-in-den-sonnenaufgang.de\/wp-content\/uploads\/2019\/10\/IMG_5238_compress8-1024x683.jpg\" alt=\"\" data-id=\"1026\" data-link=\"http:\/\/lichri.radeln-in-den-sonnenaufgang.de\/?attachment_id=1026\" class=\"wp-image-1026\" srcset=\"http:\/\/lichri.radeln-in-den-sonnenaufgang.de\/wp-content\/uploads\/2019\/10\/IMG_5238_compress8-1024x683.jpg 1024w, http:\/\/lichri.radeln-in-den-sonnenaufgang.de\/wp-content\/uploads\/2019\/10\/IMG_5238_compress8-300x200.jpg 300w, http:\/\/lichri.radeln-in-den-sonnenaufgang.de\/wp-content\/uploads\/2019\/10\/IMG_5238_compress8-768x512.jpg 768w, http:\/\/lichri.radeln-in-den-sonnenaufgang.de\/wp-content\/uploads\/2019\/10\/IMG_5238_compress8.jpg 1296w\" sizes=\"(max-width: 767px) 89vw, (max-width: 1000px) 54vw, (max-width: 1071px) 543px, 580px\" \/><\/figure><\/li><\/ul>\n\n\n\n<ul class=\"is-layout-flex wp-block-gallery-37 wp-block-gallery columns-2 is-cropped\"><li class=\"blocks-gallery-item\"><figure><img decoding=\"async\" loading=\"lazy\" width=\"1024\" height=\"683\" src=\"http:\/\/lichri.radeln-in-den-sonnenaufgang.de\/wp-content\/uploads\/2019\/10\/IMG_5253_compress1-1024x683.jpg\" alt=\"\" data-id=\"1027\" data-link=\"http:\/\/lichri.radeln-in-den-sonnenaufgang.de\/?attachment_id=1027\" class=\"wp-image-1027\" srcset=\"http:\/\/lichri.radeln-in-den-sonnenaufgang.de\/wp-content\/uploads\/2019\/10\/IMG_5253_compress1-1024x683.jpg 1024w, http:\/\/lichri.radeln-in-den-sonnenaufgang.de\/wp-content\/uploads\/2019\/10\/IMG_5253_compress1-300x200.jpg 300w, http:\/\/lichri.radeln-in-den-sonnenaufgang.de\/wp-content\/uploads\/2019\/10\/IMG_5253_compress1-768x512.jpg 768w, http:\/\/lichri.radeln-in-den-sonnenaufgang.de\/wp-content\/uploads\/2019\/10\/IMG_5253_compress1.jpg 1296w\" sizes=\"(max-width: 767px) 89vw, (max-width: 1000px) 54vw, (max-width: 1071px) 543px, 580px\" \/><\/figure><\/li><li class=\"blocks-gallery-item\"><figure><img decoding=\"async\" loading=\"lazy\" width=\"1024\" height=\"683\" src=\"http:\/\/lichri.radeln-in-den-sonnenaufgang.de\/wp-content\/uploads\/2019\/10\/IMG_5261_compress44-1024x683.jpg\" alt=\"\" data-id=\"1028\" data-link=\"http:\/\/lichri.radeln-in-den-sonnenaufgang.de\/?attachment_id=1028\" class=\"wp-image-1028\" srcset=\"http:\/\/lichri.radeln-in-den-sonnenaufgang.de\/wp-content\/uploads\/2019\/10\/IMG_5261_compress44-1024x683.jpg 1024w, http:\/\/lichri.radeln-in-den-sonnenaufgang.de\/wp-content\/uploads\/2019\/10\/IMG_5261_compress44-300x200.jpg 300w, http:\/\/lichri.radeln-in-den-sonnenaufgang.de\/wp-content\/uploads\/2019\/10\/IMG_5261_compress44-768x512.jpg 768w, http:\/\/lichri.radeln-in-den-sonnenaufgang.de\/wp-content\/uploads\/2019\/10\/IMG_5261_compress44.jpg 1296w\" sizes=\"(max-width: 767px) 89vw, (max-width: 1000px) 54vw, (max-width: 1071px) 543px, 580px\" \/><\/figure><\/li><\/ul>\n\n\n\n<figure class=\"wp-block-image\"><img decoding=\"async\" loading=\"lazy\" width=\"683\" height=\"1024\" src=\"http:\/\/lichri.radeln-in-den-sonnenaufgang.de\/wp-content\/uploads\/2019\/10\/IMG_5284_compress5-e1571589566334-683x1024.jpg\" alt=\"\" class=\"wp-image-1034\" srcset=\"http:\/\/lichri.radeln-in-den-sonnenaufgang.de\/wp-content\/uploads\/2019\/10\/IMG_5284_compress5-e1571589566334-683x1024.jpg 683w, http:\/\/lichri.radeln-in-den-sonnenaufgang.de\/wp-content\/uploads\/2019\/10\/IMG_5284_compress5-e1571589566334-200x300.jpg 200w, http:\/\/lichri.radeln-in-den-sonnenaufgang.de\/wp-content\/uploads\/2019\/10\/IMG_5284_compress5-e1571589566334-768x1152.jpg 768w, http:\/\/lichri.radeln-in-den-sonnenaufgang.de\/wp-content\/uploads\/2019\/10\/IMG_5284_compress5-e1571589566334.jpg 864w\" sizes=\"(max-width: 683px) 100vw, 683px\" \/><\/figure>\n\n\n\n<figure class=\"wp-block-image\"><img decoding=\"async\" loading=\"lazy\" width=\"1024\" height=\"683\" src=\"http:\/\/lichri.radeln-in-den-sonnenaufgang.de\/wp-content\/uploads\/2019\/10\/IMG_5300_compress47-1024x683.jpg\" alt=\"\" class=\"wp-image-1033\" srcset=\"http:\/\/lichri.radeln-in-den-sonnenaufgang.de\/wp-content\/uploads\/2019\/10\/IMG_5300_compress47-1024x683.jpg 1024w, http:\/\/lichri.radeln-in-den-sonnenaufgang.de\/wp-content\/uploads\/2019\/10\/IMG_5300_compress47-300x200.jpg 300w, http:\/\/lichri.radeln-in-den-sonnenaufgang.de\/wp-content\/uploads\/2019\/10\/IMG_5300_compress47-768x512.jpg 768w, http:\/\/lichri.radeln-in-den-sonnenaufgang.de\/wp-content\/uploads\/2019\/10\/IMG_5300_compress47.jpg 1296w\" sizes=\"(max-width: 767px) 89vw, (max-width: 1000px) 54vw, (max-width: 1071px) 543px, 580px\" \/><\/figure>\n\n\n\n<figure class=\"wp-block-image\"><img decoding=\"async\" loading=\"lazy\" width=\"1024\" height=\"683\" src=\"http:\/\/lichri.radeln-in-den-sonnenaufgang.de\/wp-content\/uploads\/2019\/10\/IMG_5310_compress39-1-1024x683.jpg\" alt=\"\" class=\"wp-image-1030\" srcset=\"http:\/\/lichri.radeln-in-den-sonnenaufgang.de\/wp-content\/uploads\/2019\/10\/IMG_5310_compress39-1-1024x683.jpg 1024w, http:\/\/lichri.radeln-in-den-sonnenaufgang.de\/wp-content\/uploads\/2019\/10\/IMG_5310_compress39-1-300x200.jpg 300w, http:\/\/lichri.radeln-in-den-sonnenaufgang.de\/wp-content\/uploads\/2019\/10\/IMG_5310_compress39-1-768x512.jpg 768w, http:\/\/lichri.radeln-in-den-sonnenaufgang.de\/wp-content\/uploads\/2019\/10\/IMG_5310_compress39-1.jpg 1296w\" sizes=\"(max-width: 767px) 89vw, (max-width: 1000px) 54vw, (max-width: 1071px) 543px, 580px\" \/><\/figure>\n\n\n\n<figure class=\"wp-block-image\"><img decoding=\"async\" loading=\"lazy\" width=\"683\" height=\"1024\" src=\"http:\/\/lichri.radeln-in-den-sonnenaufgang.de\/wp-content\/uploads\/2019\/10\/IMG_5324_compress53-e1571589354297-683x1024.jpg\" alt=\"\" class=\"wp-image-1031\" srcset=\"http:\/\/lichri.radeln-in-den-sonnenaufgang.de\/wp-content\/uploads\/2019\/10\/IMG_5324_compress53-e1571589354297-683x1024.jpg 683w, http:\/\/lichri.radeln-in-den-sonnenaufgang.de\/wp-content\/uploads\/2019\/10\/IMG_5324_compress53-e1571589354297-200x300.jpg 200w, http:\/\/lichri.radeln-in-den-sonnenaufgang.de\/wp-content\/uploads\/2019\/10\/IMG_5324_compress53-e1571589354297-768x1152.jpg 768w, http:\/\/lichri.radeln-in-den-sonnenaufgang.de\/wp-content\/uploads\/2019\/10\/IMG_5324_compress53-e1571589354297.jpg 864w\" sizes=\"(max-width: 683px) 100vw, 683px\" \/><\/figure>\n\n\n\n<figure class=\"wp-block-image\"><img decoding=\"async\" loading=\"lazy\" width=\"1024\" height=\"683\" src=\"http:\/\/lichri.radeln-in-den-sonnenaufgang.de\/wp-content\/uploads\/2019\/10\/IMG_5361_compress72-1024x683.jpg\" alt=\"\" class=\"wp-image-1032\" srcset=\"http:\/\/lichri.radeln-in-den-sonnenaufgang.de\/wp-content\/uploads\/2019\/10\/IMG_5361_compress72-1024x683.jpg 1024w, http:\/\/lichri.radeln-in-den-sonnenaufgang.de\/wp-content\/uploads\/2019\/10\/IMG_5361_compress72-300x200.jpg 300w, http:\/\/lichri.radeln-in-den-sonnenaufgang.de\/wp-content\/uploads\/2019\/10\/IMG_5361_compress72-768x512.jpg 768w, http:\/\/lichri.radeln-in-den-sonnenaufgang.de\/wp-content\/uploads\/2019\/10\/IMG_5361_compress72.jpg 1296w\" sizes=\"(max-width: 767px) 89vw, (max-width: 1000px) 54vw, (max-width: 1071px) 543px, 580px\" \/><\/figure>\n\n\n\n<figure class=\"wp-block-image\"><img decoding=\"async\" loading=\"lazy\" width=\"1024\" height=\"683\" src=\"http:\/\/lichri.radeln-in-den-sonnenaufgang.de\/wp-content\/uploads\/2019\/10\/IMG_5373_compress10-1024x683.jpg\" alt=\"\" class=\"wp-image-1036\" srcset=\"http:\/\/lichri.radeln-in-den-sonnenaufgang.de\/wp-content\/uploads\/2019\/10\/IMG_5373_compress10-1024x683.jpg 1024w, http:\/\/lichri.radeln-in-den-sonnenaufgang.de\/wp-content\/uploads\/2019\/10\/IMG_5373_compress10-300x200.jpg 300w, http:\/\/lichri.radeln-in-den-sonnenaufgang.de\/wp-content\/uploads\/2019\/10\/IMG_5373_compress10-768x512.jpg 768w, http:\/\/lichri.radeln-in-den-sonnenaufgang.de\/wp-content\/uploads\/2019\/10\/IMG_5373_compress10.jpg 1296w\" sizes=\"(max-width: 767px) 89vw, (max-width: 1000px) 54vw, (max-width: 1071px) 543px, 580px\" \/><\/figure>\n\n\n\n<p><strong>Tagesausflug zur Tigersprungschlucht<\/strong> <br><em>Fat-cakes zum Fr\u00fchst\u00fcck, abenteuerliche Busfahrt, Touri- und Wassermassen, Uralte Z\u00f6llnerin, Abstieg in die Tiefe, Bebende Felsen und schwingende Br\u00fccken, Himmelsleiter, Apfel-\u201eKuchen\u201c und Yakk\u00e4se-Dumplings<\/em><\/p>\n\n\n\n<p>Da es recht fr\u00fch los ging, verzichteten wir darauf selbst Fr\u00fchst\u00fcck zuzubereiten und holten uns in einem der Nudelimbisse ein schnelles, fettiges Fr\u00fchst\u00fcck. Das h\u00e4tten wir besser mal gelassen, denn es schlug uns w\u00e4hrend der Busfahrt in die Berge doch ziemlich auf den Magen. Langsam schl\u00e4ngelten wir uns aus der Stadt, was eine halbe Ewigkeit dauerte. Nach einer kurzen Pinkelpause, dem entrichteten Eintrittsgeld und vier Stunden sp\u00e4ter erreichten wir die Tigersprungschlucht.  Der Busfahrer machte einen kurzen Fotostop bei der Plattform und Chris flog f\u00f6rmlich die Treppen hinab, um das verhei\u00dfungsvoll donnernde Schauspiel abzulichten, welches hier so viele Chinesen sehen wollten. Lisa lies sich von der Menschenmasse indes Absatz um Absatz nach unten treiben und bezweifelte bereits auf halber Strecke, dass 10 Minuten ausreichen w\u00fcrden, um allein nach unten und wieder zum Bus zur\u00fcck zu kommen. Am Aussichtspunkt im Tal angekommen, bestaunten wir schlie\u00dflich zusammen mit hunderten Chinesinnen und Chinesen, wie die Wassermassen des bereits gro\u00dfen Stromes hier mit be\u00e4ngstigender Gewalt nach unten und sch\u00e4umend und spritzend an uns vorbeidonnerten. Die Luft bebte und war erf\u00fcllt mit Wassertropfen, die sich auf die Linsen der st\u00e4ndig klickenden Kameras legten. <\/p>\n\n\n\n<figure class=\"wp-block-image\"><img decoding=\"async\" loading=\"lazy\" width=\"683\" height=\"1024\" src=\"http:\/\/lichri.radeln-in-den-sonnenaufgang.de\/wp-content\/uploads\/2019\/10\/IMG_5407_compress33-e1571589743976-683x1024.jpg\" alt=\"\" class=\"wp-image-1035\" srcset=\"http:\/\/lichri.radeln-in-den-sonnenaufgang.de\/wp-content\/uploads\/2019\/10\/IMG_5407_compress33-e1571589743976-683x1024.jpg 683w, http:\/\/lichri.radeln-in-den-sonnenaufgang.de\/wp-content\/uploads\/2019\/10\/IMG_5407_compress33-e1571589743976-200x300.jpg 200w, http:\/\/lichri.radeln-in-den-sonnenaufgang.de\/wp-content\/uploads\/2019\/10\/IMG_5407_compress33-e1571589743976-768x1152.jpg 768w, http:\/\/lichri.radeln-in-den-sonnenaufgang.de\/wp-content\/uploads\/2019\/10\/IMG_5407_compress33-e1571589743976.jpg 864w\" sizes=\"(max-width: 683px) 100vw, 683px\" \/><\/figure>\n\n\n\n<p>Mit etwas viel Versp\u00e4tung kamen wir wieder beim Bus an, der uns am Abgrund entlang zu Tinas Guesthouse fuhr \u2013 den Eintrittspunkt der nun folgenden kleinen Wanderung. Dort bekamen wir die Route erkl\u00e4rt und wir wurden darauf eingestellt, dass an verschiedenen Stellen auf dem Weg ein kleiner Obulus zu entrichten sei, den die Einheimischen kassierten, da sie die Wege hier selbst anlegten und pflegten. Bevor wir jedoch den langen Abstieg antraten, verabschiedeten wir uns von Daria und Guillaume, die erst noch in ihr Hostel einchecken wollten. Da sie dort bleiben w\u00fcrden, trennten sich hier unsere Wege aufs Erste. Noch w\u00e4hrend wir dort standen dr\u00fcckte sich eine alte, eine seeehr alte Lady in traditioneller, etwas schmuddeliger Kleidung am Eingang des Pfades herum. Immer wieder tat sie einen schaukelnden Schritt in unser Sichtfeld, bevor sie \u2013 abwartend, oder besser \u201elauernd\u201c \u2013 wieder daraus zur\u00fcck trat. Als wir sie schlie\u00dflich passierten, l\u00e4chelte sie uns breit an und bedeutete uns mit einer Geste auf ein erkl\u00e4rendes Schild, dass wir nun erstmal zu blechen hatten. An insgesamt drei Gelegenheiten auf dem Weg wurden uns schlie\u00dflich umgerechnet 10 \u20ac abgekn\u00f6pft, was Chris an die Locals jedoch eher zu zahlen bereit war und sich indes etwas \u00fcber die Eintrittsgelder an der Zufahrtsstra\u00dfe zum Tal echauffierte. <\/p>\n\n\n\n<ul class=\"is-layout-flex wp-block-gallery-39 wp-block-gallery columns-2 is-cropped\"><li class=\"blocks-gallery-item\"><figure><img decoding=\"async\" loading=\"lazy\" width=\"1024\" height=\"683\" src=\"http:\/\/lichri.radeln-in-den-sonnenaufgang.de\/wp-content\/uploads\/2019\/10\/IMG_5500_compress11-1024x683.jpg\" alt=\"\" data-id=\"1037\" data-link=\"http:\/\/lichri.radeln-in-den-sonnenaufgang.de\/?attachment_id=1037\" class=\"wp-image-1037\" srcset=\"http:\/\/lichri.radeln-in-den-sonnenaufgang.de\/wp-content\/uploads\/2019\/10\/IMG_5500_compress11-1024x683.jpg 1024w, http:\/\/lichri.radeln-in-den-sonnenaufgang.de\/wp-content\/uploads\/2019\/10\/IMG_5500_compress11-300x200.jpg 300w, http:\/\/lichri.radeln-in-den-sonnenaufgang.de\/wp-content\/uploads\/2019\/10\/IMG_5500_compress11-768x512.jpg 768w, http:\/\/lichri.radeln-in-den-sonnenaufgang.de\/wp-content\/uploads\/2019\/10\/IMG_5500_compress11.jpg 1296w\" sizes=\"(max-width: 767px) 89vw, (max-width: 1000px) 54vw, (max-width: 1071px) 543px, 580px\" \/><\/figure><\/li><li class=\"blocks-gallery-item\"><figure><img decoding=\"async\" loading=\"lazy\" width=\"1024\" height=\"683\" src=\"http:\/\/lichri.radeln-in-den-sonnenaufgang.de\/wp-content\/uploads\/2019\/10\/IMG_5515_compress13-1024x683.jpg\" alt=\"\" data-id=\"1038\" data-link=\"http:\/\/lichri.radeln-in-den-sonnenaufgang.de\/?attachment_id=1038\" class=\"wp-image-1038\" srcset=\"http:\/\/lichri.radeln-in-den-sonnenaufgang.de\/wp-content\/uploads\/2019\/10\/IMG_5515_compress13-1024x683.jpg 1024w, http:\/\/lichri.radeln-in-den-sonnenaufgang.de\/wp-content\/uploads\/2019\/10\/IMG_5515_compress13-300x200.jpg 300w, http:\/\/lichri.radeln-in-den-sonnenaufgang.de\/wp-content\/uploads\/2019\/10\/IMG_5515_compress13-768x512.jpg 768w, http:\/\/lichri.radeln-in-den-sonnenaufgang.de\/wp-content\/uploads\/2019\/10\/IMG_5515_compress13.jpg 1296w\" sizes=\"(max-width: 767px) 89vw, (max-width: 1000px) 54vw, (max-width: 1071px) 543px, 580px\" \/><\/figure><\/li><\/ul>\n\n\n\n<figure class=\"wp-block-image\"><img decoding=\"async\" loading=\"lazy\" width=\"683\" height=\"1024\" src=\"http:\/\/lichri.radeln-in-den-sonnenaufgang.de\/wp-content\/uploads\/2019\/10\/IMG_5511_compress44-e1571590083779-683x1024.jpg\" alt=\"\" class=\"wp-image-1039\" srcset=\"http:\/\/lichri.radeln-in-den-sonnenaufgang.de\/wp-content\/uploads\/2019\/10\/IMG_5511_compress44-e1571590083779-683x1024.jpg 683w, http:\/\/lichri.radeln-in-den-sonnenaufgang.de\/wp-content\/uploads\/2019\/10\/IMG_5511_compress44-e1571590083779-200x300.jpg 200w, http:\/\/lichri.radeln-in-den-sonnenaufgang.de\/wp-content\/uploads\/2019\/10\/IMG_5511_compress44-e1571590083779-768x1152.jpg 768w, http:\/\/lichri.radeln-in-den-sonnenaufgang.de\/wp-content\/uploads\/2019\/10\/IMG_5511_compress44-e1571590083779.jpg 864w\" sizes=\"(max-width: 683px) 100vw, 683px\" \/><\/figure>\n\n\n\n<ul class=\"is-layout-flex wp-block-gallery-41 wp-block-gallery columns-3 is-cropped\"><li class=\"blocks-gallery-item\"><figure><img decoding=\"async\" loading=\"lazy\" width=\"1024\" height=\"683\" src=\"http:\/\/lichri.radeln-in-den-sonnenaufgang.de\/wp-content\/uploads\/2019\/10\/IMG_5523_compress26-1024x683.jpg\" alt=\"\" data-id=\"1040\" data-link=\"http:\/\/lichri.radeln-in-den-sonnenaufgang.de\/?attachment_id=1040\" class=\"wp-image-1040\" srcset=\"http:\/\/lichri.radeln-in-den-sonnenaufgang.de\/wp-content\/uploads\/2019\/10\/IMG_5523_compress26-1024x683.jpg 1024w, http:\/\/lichri.radeln-in-den-sonnenaufgang.de\/wp-content\/uploads\/2019\/10\/IMG_5523_compress26-300x200.jpg 300w, http:\/\/lichri.radeln-in-den-sonnenaufgang.de\/wp-content\/uploads\/2019\/10\/IMG_5523_compress26-768x512.jpg 768w, http:\/\/lichri.radeln-in-den-sonnenaufgang.de\/wp-content\/uploads\/2019\/10\/IMG_5523_compress26.jpg 1296w\" sizes=\"(max-width: 767px) 89vw, (max-width: 1000px) 54vw, (max-width: 1071px) 543px, 580px\" \/><\/figure><\/li><li class=\"blocks-gallery-item\"><figure><img decoding=\"async\" loading=\"lazy\" width=\"683\" height=\"1024\" src=\"http:\/\/lichri.radeln-in-den-sonnenaufgang.de\/wp-content\/uploads\/2019\/10\/IMG_5521_compress20-e1571590251386-683x1024.jpg\" alt=\"\" data-id=\"1041\" data-link=\"http:\/\/lichri.radeln-in-den-sonnenaufgang.de\/?attachment_id=1041\" class=\"wp-image-1041\" srcset=\"http:\/\/lichri.radeln-in-den-sonnenaufgang.de\/wp-content\/uploads\/2019\/10\/IMG_5521_compress20-e1571590251386-683x1024.jpg 683w, http:\/\/lichri.radeln-in-den-sonnenaufgang.de\/wp-content\/uploads\/2019\/10\/IMG_5521_compress20-e1571590251386-200x300.jpg 200w, http:\/\/lichri.radeln-in-den-sonnenaufgang.de\/wp-content\/uploads\/2019\/10\/IMG_5521_compress20-e1571590251386-768x1152.jpg 768w, http:\/\/lichri.radeln-in-den-sonnenaufgang.de\/wp-content\/uploads\/2019\/10\/IMG_5521_compress20-e1571590251386.jpg 864w\" sizes=\"(max-width: 683px) 100vw, 683px\" \/><\/figure><\/li><li class=\"blocks-gallery-item\"><figure><img decoding=\"async\" loading=\"lazy\" width=\"683\" height=\"1024\" src=\"http:\/\/lichri.radeln-in-den-sonnenaufgang.de\/wp-content\/uploads\/2019\/10\/IMG_5518_compress26-e1571590262414-683x1024.jpg\" alt=\"\" data-id=\"1042\" data-link=\"http:\/\/lichri.radeln-in-den-sonnenaufgang.de\/?attachment_id=1042\" class=\"wp-image-1042\" srcset=\"http:\/\/lichri.radeln-in-den-sonnenaufgang.de\/wp-content\/uploads\/2019\/10\/IMG_5518_compress26-e1571590262414-683x1024.jpg 683w, http:\/\/lichri.radeln-in-den-sonnenaufgang.de\/wp-content\/uploads\/2019\/10\/IMG_5518_compress26-e1571590262414-200x300.jpg 200w, http:\/\/lichri.radeln-in-den-sonnenaufgang.de\/wp-content\/uploads\/2019\/10\/IMG_5518_compress26-e1571590262414-768x1152.jpg 768w, http:\/\/lichri.radeln-in-den-sonnenaufgang.de\/wp-content\/uploads\/2019\/10\/IMG_5518_compress26-e1571590262414.jpg 864w\" sizes=\"(max-width: 683px) 100vw, 683px\" \/><\/figure><\/li><\/ul>\n\n\n\n<p>Es war ein sch\u00f6ner, ruhiger und etwas wilder Weg und wir genossen es durch die Natur um uns her zu wandern. Die Berge gegen\u00fcber erschienen bereits zu Beginn wie eine un\u00fcberwindbare Felswand und erinnerten an \u201edie Mauer\u201c einer sehr bekannten und erfolgreichen Fernsehserie. Ein imposanter Anblick, der mit dem Abstieg noch eindrucksvoller wurde.<\/p>\n\n\n\n<ul class=\"is-layout-flex wp-block-gallery-43 wp-block-gallery columns-2 is-cropped\"><li class=\"blocks-gallery-item\"><figure><img decoding=\"async\" loading=\"lazy\" width=\"683\" height=\"1024\" src=\"http:\/\/lichri.radeln-in-den-sonnenaufgang.de\/wp-content\/uploads\/2019\/10\/IMG_5552_compress42-e1571590393498-683x1024.jpg\" alt=\"\" data-id=\"1043\" data-link=\"http:\/\/lichri.radeln-in-den-sonnenaufgang.de\/?attachment_id=1043\" class=\"wp-image-1043\" srcset=\"http:\/\/lichri.radeln-in-den-sonnenaufgang.de\/wp-content\/uploads\/2019\/10\/IMG_5552_compress42-e1571590393498-683x1024.jpg 683w, http:\/\/lichri.radeln-in-den-sonnenaufgang.de\/wp-content\/uploads\/2019\/10\/IMG_5552_compress42-e1571590393498-200x300.jpg 200w, http:\/\/lichri.radeln-in-den-sonnenaufgang.de\/wp-content\/uploads\/2019\/10\/IMG_5552_compress42-e1571590393498-768x1152.jpg 768w, http:\/\/lichri.radeln-in-den-sonnenaufgang.de\/wp-content\/uploads\/2019\/10\/IMG_5552_compress42-e1571590393498.jpg 864w\" sizes=\"(max-width: 683px) 100vw, 683px\" \/><\/figure><\/li><li class=\"blocks-gallery-item\"><figure><img decoding=\"async\" loading=\"lazy\" width=\"683\" height=\"1024\" src=\"http:\/\/lichri.radeln-in-den-sonnenaufgang.de\/wp-content\/uploads\/2019\/10\/IMG_5547_compress35-e1571590404598-683x1024.jpg\" alt=\"\" data-id=\"1044\" data-link=\"http:\/\/lichri.radeln-in-den-sonnenaufgang.de\/?attachment_id=1044\" class=\"wp-image-1044\" srcset=\"http:\/\/lichri.radeln-in-den-sonnenaufgang.de\/wp-content\/uploads\/2019\/10\/IMG_5547_compress35-e1571590404598-683x1024.jpg 683w, http:\/\/lichri.radeln-in-den-sonnenaufgang.de\/wp-content\/uploads\/2019\/10\/IMG_5547_compress35-e1571590404598-200x300.jpg 200w, http:\/\/lichri.radeln-in-den-sonnenaufgang.de\/wp-content\/uploads\/2019\/10\/IMG_5547_compress35-e1571590404598-768x1152.jpg 768w, http:\/\/lichri.radeln-in-den-sonnenaufgang.de\/wp-content\/uploads\/2019\/10\/IMG_5547_compress35-e1571590404598.jpg 864w\" sizes=\"(max-width: 683px) 100vw, 683px\" \/><\/figure><\/li><\/ul>\n\n\n\n<p>Auch auf unserer Seite liefen wir bald an steilen Felsw\u00e4nden entlang. Nach und nach \u00fcberholten uns andere europ\u00e4isch\/amerikanisch aussehende Touristen. Dann hatten wir den Abstieg geschafft, standen erneut am felsigen Ufer dieses gewaltigen Stroms, der sich hier durch eine Enge zwischen den steil aufragenden Felsw\u00e4nden brausend und krachend seinen Weg bahnte. Wir beobachteten, wie das Wasser badewannenweise nach oben geschleudert wurde, in H\u00f6hen, die man nur dann in Relation setzen konnte, wenn man sich bewusst wurde, wie langsam diese Wasserma\u00dfen zur\u00fcck in den Strom zu fallen schienen. Nicht langsam \u2013 weit\u2026 Es war beeindruckend und laut. <\/p>\n\n\n\n<figure class=\"wp-block-image\"><img decoding=\"async\" loading=\"lazy\" width=\"683\" height=\"1024\" src=\"http:\/\/lichri.radeln-in-den-sonnenaufgang.de\/wp-content\/uploads\/2019\/10\/IMG_5569_compress88-e1571590544696-683x1024.jpg\" alt=\"\" class=\"wp-image-1045\" srcset=\"http:\/\/lichri.radeln-in-den-sonnenaufgang.de\/wp-content\/uploads\/2019\/10\/IMG_5569_compress88-e1571590544696-683x1024.jpg 683w, http:\/\/lichri.radeln-in-den-sonnenaufgang.de\/wp-content\/uploads\/2019\/10\/IMG_5569_compress88-e1571590544696-200x300.jpg 200w, http:\/\/lichri.radeln-in-den-sonnenaufgang.de\/wp-content\/uploads\/2019\/10\/IMG_5569_compress88-e1571590544696-768x1152.jpg 768w, http:\/\/lichri.radeln-in-den-sonnenaufgang.de\/wp-content\/uploads\/2019\/10\/IMG_5569_compress88-e1571590544696.jpg 864w\" sizes=\"(max-width: 683px) 100vw, 683px\" \/><\/figure>\n\n\n\n<p>In dieser Enge lag ein gigantischer Felsbrocken. Die Einheimischen hatten an Stahlseilen eine H\u00e4ngebr\u00fccke errichtet, welche die Felswand und somit den Wanderweg mit dem badenden Giganten verband. Zum letzten Mal Wegzoll entrichtend taumelten wir \u00fcber die h\u00f6lzernen Planken der H\u00e4ngebr\u00fccke, unter welcher der schmalere Teil des Stromes peitschte. Als wir uns schlie\u00dflich f\u00fcr einen Moment auf dem Felsen niederlie\u00dfen, machte Lisa Chris auf das scheinbar Unm\u00f6gliche aufmerksam: der Untergrund, dieser sicher hunderte, wenn nicht tausende Tonnen schwere Fels bebte, schaukelte. Mit einer erneuten Ehrfurcht genossen wir das Spektakel noch eine Weile, bevor wir uns dann wegen des Buses zur\u00fcck nach Lijiang wieder auf den Weg machen mussten. Wir sogen sie f\u00f6rmlich auf: den Geruch der Schlucht, die Wassertropfen in der Luft, die unvorstellbaren Anblicke der Sturzfluten, die in ihrer Dimension keinen Sinn zu ergeben schienen oder zumindest kaum einzuordnen waren. Das Beben in der Luft, das Krachen, Sch\u00e4umen, Wummern. <\/p>\n\n\n\n<ul class=\"is-layout-flex wp-block-gallery-45 wp-block-gallery columns-2 is-cropped\"><li class=\"blocks-gallery-item\"><figure><img decoding=\"async\" loading=\"lazy\" width=\"683\" height=\"1024\" src=\"http:\/\/lichri.radeln-in-den-sonnenaufgang.de\/wp-content\/uploads\/2019\/10\/IMG_5619-e1571591263290-683x1024.jpg\" alt=\"\" data-id=\"1047\" data-link=\"http:\/\/lichri.radeln-in-den-sonnenaufgang.de\/?attachment_id=1047\" class=\"wp-image-1047\" srcset=\"http:\/\/lichri.radeln-in-den-sonnenaufgang.de\/wp-content\/uploads\/2019\/10\/IMG_5619-e1571591263290-683x1024.jpg 683w, http:\/\/lichri.radeln-in-den-sonnenaufgang.de\/wp-content\/uploads\/2019\/10\/IMG_5619-e1571591263290-200x300.jpg 200w, http:\/\/lichri.radeln-in-den-sonnenaufgang.de\/wp-content\/uploads\/2019\/10\/IMG_5619-e1571591263290-768x1152.jpg 768w\" sizes=\"(max-width: 683px) 100vw, 683px\" \/><\/figure><\/li><li class=\"blocks-gallery-item\"><figure><img decoding=\"async\" loading=\"lazy\" width=\"683\" height=\"1024\" src=\"http:\/\/lichri.radeln-in-den-sonnenaufgang.de\/wp-content\/uploads\/2019\/10\/IMG_5634_compress46-1-e1571591451309-683x1024.jpg\" alt=\"\" data-id=\"1049\" data-link=\"http:\/\/lichri.radeln-in-den-sonnenaufgang.de\/?attachment_id=1049\" class=\"wp-image-1049\" srcset=\"http:\/\/lichri.radeln-in-den-sonnenaufgang.de\/wp-content\/uploads\/2019\/10\/IMG_5634_compress46-1-e1571591451309-683x1024.jpg 683w, http:\/\/lichri.radeln-in-den-sonnenaufgang.de\/wp-content\/uploads\/2019\/10\/IMG_5634_compress46-1-e1571591451309-200x300.jpg 200w, http:\/\/lichri.radeln-in-den-sonnenaufgang.de\/wp-content\/uploads\/2019\/10\/IMG_5634_compress46-1-e1571591451309-768x1152.jpg 768w, http:\/\/lichri.radeln-in-den-sonnenaufgang.de\/wp-content\/uploads\/2019\/10\/IMG_5634_compress46-1-e1571591451309.jpg 864w\" sizes=\"(max-width: 683px) 100vw, 683px\" \/><\/figure><\/li><\/ul>\n\n\n\n<figure class=\"wp-block-image\"><img decoding=\"async\" loading=\"lazy\" width=\"1024\" height=\"683\" src=\"http:\/\/lichri.radeln-in-den-sonnenaufgang.de\/wp-content\/uploads\/2019\/10\/IMG_5628_compress32-1024x683.jpg\" alt=\"\" class=\"wp-image-1050\" srcset=\"http:\/\/lichri.radeln-in-den-sonnenaufgang.de\/wp-content\/uploads\/2019\/10\/IMG_5628_compress32-1024x683.jpg 1024w, http:\/\/lichri.radeln-in-den-sonnenaufgang.de\/wp-content\/uploads\/2019\/10\/IMG_5628_compress32-300x200.jpg 300w, http:\/\/lichri.radeln-in-den-sonnenaufgang.de\/wp-content\/uploads\/2019\/10\/IMG_5628_compress32-768x512.jpg 768w, http:\/\/lichri.radeln-in-den-sonnenaufgang.de\/wp-content\/uploads\/2019\/10\/IMG_5628_compress32.jpg 1296w\" sizes=\"(max-width: 767px) 89vw, (max-width: 1000px) 54vw, (max-width: 1071px) 543px, 580px\" \/><\/figure>\n\n\n\n<figure class=\"wp-block-image\"><img decoding=\"async\" loading=\"lazy\" width=\"1024\" height=\"683\" src=\"http:\/\/lichri.radeln-in-den-sonnenaufgang.de\/wp-content\/uploads\/2019\/10\/IMG_5655-1024x683.jpg\" alt=\"\" class=\"wp-image-1046\" srcset=\"http:\/\/lichri.radeln-in-den-sonnenaufgang.de\/wp-content\/uploads\/2019\/10\/IMG_5655-1024x683.jpg 1024w, http:\/\/lichri.radeln-in-den-sonnenaufgang.de\/wp-content\/uploads\/2019\/10\/IMG_5655-300x200.jpg 300w, http:\/\/lichri.radeln-in-den-sonnenaufgang.de\/wp-content\/uploads\/2019\/10\/IMG_5655-768x512.jpg 768w\" sizes=\"(max-width: 767px) 89vw, (max-width: 1000px) 54vw, (max-width: 1071px) 543px, 580px\" \/><\/figure>\n\n\n\n<p>Der Aufstieg war einigerma\u00dfen schwer und steil. In Serpentinen ging es auf bis zur sogenannten \u201eHimmelsleiter\u201c, auf die sich Lisa nur mit viel Selbst-Zuspruch traute. Auch danach dauerte es noch eine ganze Weile, ehe wir in der Ferne wieder H\u00e4user und die sich windende Stra\u00dfe erblickten. Wir schafften es schlie\u00dflich ohne Abst\u00fcrze rechtzeitig zur\u00fcck zu Tinas Guesthouse, wo wir uns noch einige Yakcheese-Dumplings und einen Applepie g\u00f6nnten. Beides schmeckte und sah anders aus, als wir dachten. Wir a\u00dfen beides mit Genuss, wenn auch aufgrund der Zeitnot bereits im Bus. Eine spannende, sch\u00f6ne R\u00fcckfahrt begann und wir kamen fix und fertig, aber zufrieden im Hotel an. <\/p>\n\n\n\n<figure class=\"wp-block-image\"><img decoding=\"async\" loading=\"lazy\" width=\"683\" height=\"1024\" src=\"http:\/\/lichri.radeln-in-den-sonnenaufgang.de\/wp-content\/uploads\/2019\/10\/IMG_5671_compress73-e1571591903404-683x1024.jpg\" alt=\"\" class=\"wp-image-1052\" srcset=\"http:\/\/lichri.radeln-in-den-sonnenaufgang.de\/wp-content\/uploads\/2019\/10\/IMG_5671_compress73-e1571591903404-683x1024.jpg 683w, http:\/\/lichri.radeln-in-den-sonnenaufgang.de\/wp-content\/uploads\/2019\/10\/IMG_5671_compress73-e1571591903404-200x300.jpg 200w, http:\/\/lichri.radeln-in-den-sonnenaufgang.de\/wp-content\/uploads\/2019\/10\/IMG_5671_compress73-e1571591903404-768x1152.jpg 768w, http:\/\/lichri.radeln-in-den-sonnenaufgang.de\/wp-content\/uploads\/2019\/10\/IMG_5671_compress73-e1571591903404.jpg 864w\" sizes=\"(max-width: 683px) 100vw, 683px\" \/><\/figure>\n\n\n\n<ul class=\"is-layout-flex wp-block-gallery-47 wp-block-gallery columns-2 is-cropped\"><li class=\"blocks-gallery-item\"><figure><img decoding=\"async\" loading=\"lazy\" width=\"1024\" height=\"683\" src=\"http:\/\/lichri.radeln-in-den-sonnenaufgang.de\/wp-content\/uploads\/2019\/10\/IMG_5679_compress38-1024x683.jpg\" alt=\"\" data-id=\"1053\" data-link=\"http:\/\/lichri.radeln-in-den-sonnenaufgang.de\/?attachment_id=1053\" class=\"wp-image-1053\" srcset=\"http:\/\/lichri.radeln-in-den-sonnenaufgang.de\/wp-content\/uploads\/2019\/10\/IMG_5679_compress38-1024x683.jpg 1024w, http:\/\/lichri.radeln-in-den-sonnenaufgang.de\/wp-content\/uploads\/2019\/10\/IMG_5679_compress38-300x200.jpg 300w, http:\/\/lichri.radeln-in-den-sonnenaufgang.de\/wp-content\/uploads\/2019\/10\/IMG_5679_compress38-768x512.jpg 768w, http:\/\/lichri.radeln-in-den-sonnenaufgang.de\/wp-content\/uploads\/2019\/10\/IMG_5679_compress38.jpg 1296w\" sizes=\"(max-width: 767px) 89vw, (max-width: 1000px) 54vw, (max-width: 1071px) 543px, 580px\" \/><\/figure><\/li><li class=\"blocks-gallery-item\"><figure><img decoding=\"async\" loading=\"lazy\" width=\"1024\" height=\"683\" src=\"http:\/\/lichri.radeln-in-den-sonnenaufgang.de\/wp-content\/uploads\/2019\/10\/IMG_5681_compress6-1024x683.jpg\" alt=\"\" data-id=\"1054\" data-link=\"http:\/\/lichri.radeln-in-den-sonnenaufgang.de\/?attachment_id=1054\" class=\"wp-image-1054\" srcset=\"http:\/\/lichri.radeln-in-den-sonnenaufgang.de\/wp-content\/uploads\/2019\/10\/IMG_5681_compress6-1024x683.jpg 1024w, http:\/\/lichri.radeln-in-den-sonnenaufgang.de\/wp-content\/uploads\/2019\/10\/IMG_5681_compress6-300x200.jpg 300w, http:\/\/lichri.radeln-in-den-sonnenaufgang.de\/wp-content\/uploads\/2019\/10\/IMG_5681_compress6-768x512.jpg 768w, http:\/\/lichri.radeln-in-den-sonnenaufgang.de\/wp-content\/uploads\/2019\/10\/IMG_5681_compress6.jpg 1296w\" sizes=\"(max-width: 767px) 89vw, (max-width: 1000px) 54vw, (max-width: 1071px) 543px, 580px\" \/><\/figure><\/li><\/ul>\n\n\n\n<figure class=\"wp-block-image\"><img decoding=\"async\" loading=\"lazy\" width=\"1024\" height=\"683\" src=\"http:\/\/lichri.radeln-in-den-sonnenaufgang.de\/wp-content\/uploads\/2019\/10\/IMG_5695_compress72-1024x683.jpg\" alt=\"\" class=\"wp-image-1055\" srcset=\"http:\/\/lichri.radeln-in-den-sonnenaufgang.de\/wp-content\/uploads\/2019\/10\/IMG_5695_compress72-1024x683.jpg 1024w, http:\/\/lichri.radeln-in-den-sonnenaufgang.de\/wp-content\/uploads\/2019\/10\/IMG_5695_compress72-300x200.jpg 300w, http:\/\/lichri.radeln-in-den-sonnenaufgang.de\/wp-content\/uploads\/2019\/10\/IMG_5695_compress72-768x512.jpg 768w, http:\/\/lichri.radeln-in-den-sonnenaufgang.de\/wp-content\/uploads\/2019\/10\/IMG_5695_compress72.jpg 1296w\" sizes=\"(max-width: 767px) 89vw, (max-width: 1000px) 54vw, (max-width: 1071px) 543px, 580px\" \/><\/figure>\n\n\n\n<figure class=\"wp-block-image\"><img decoding=\"async\" loading=\"lazy\" width=\"1024\" height=\"683\" src=\"http:\/\/lichri.radeln-in-den-sonnenaufgang.de\/wp-content\/uploads\/2019\/10\/IMG_5707_compress72-1024x683.jpg\" alt=\"\" class=\"wp-image-1057\" srcset=\"http:\/\/lichri.radeln-in-den-sonnenaufgang.de\/wp-content\/uploads\/2019\/10\/IMG_5707_compress72-1024x683.jpg 1024w, http:\/\/lichri.radeln-in-den-sonnenaufgang.de\/wp-content\/uploads\/2019\/10\/IMG_5707_compress72-300x200.jpg 300w, http:\/\/lichri.radeln-in-den-sonnenaufgang.de\/wp-content\/uploads\/2019\/10\/IMG_5707_compress72-768x512.jpg 768w, http:\/\/lichri.radeln-in-den-sonnenaufgang.de\/wp-content\/uploads\/2019\/10\/IMG_5707_compress72.jpg 1296w\" sizes=\"(max-width: 767px) 89vw, (max-width: 1000px) 54vw, (max-width: 1071px) 543px, 580px\" \/><\/figure>\n\n\n\n<p><strong>Ab nach Dali <\/strong><br><em>Der lange Weg aus der Stadt, Chris erster Sturz, Kartoffelernte, Zelten im Kiefernforst, Pfui Spinne!, Vollmondnacht, Ankunft am See, mit Gastgebern beschenkt<\/em><\/p>\n\n\n\n<p>Chinesische St\u00e4dte sind wirklich gro\u00df und so haben sie es an sich, dass es eine Weile dauert, bis man aus ihnen heraus gefahren ist. Von Lijiang aus ging es erstmal 35 km bergauf. Hier geschah es dann, zwischen den Baustellen der letzten Stadtausl\u00e4ufer und den ersten Feldern, dass Chris im vom Regen schmierig gewordenen Staub der Stra\u00dfe ins Schlingern geriet und den ersten Sturz auf unserer langen Fahrt hinlegte. Da Lisa podcasth\u00f6rend vorausfuhr, bekam sie nicht mit, wie Chris sich und das Rad an den Stra\u00dfenrand schleppte und begann &#8211; die apathischen Chinesen in ihren Obstst\u00e4nden am Stra\u00dfenrand verfluchend &#8211; sich mit Wasser aus der Trinkflasche, Taschent\u00fcchern, Desinfekta, Braunovidol und Pflastern soweit selbst verarztete, dass er weiterfahren konnte. Erst verwirrt, dann bedauernd passte Lisa in Folge gut auf Chris auf und sorgte sich jedes mal wenn er aus ihrem Sichtfeld verschwand. <\/p>\n\n\n\n<figure class=\"wp-block-image\"><img decoding=\"async\" loading=\"lazy\" width=\"1024\" height=\"683\" src=\"http:\/\/lichri.radeln-in-den-sonnenaufgang.de\/wp-content\/uploads\/2019\/10\/IMG_5728_compress76-1024x683.jpg\" alt=\"\" class=\"wp-image-1062\" srcset=\"http:\/\/lichri.radeln-in-den-sonnenaufgang.de\/wp-content\/uploads\/2019\/10\/IMG_5728_compress76-1024x683.jpg 1024w, http:\/\/lichri.radeln-in-den-sonnenaufgang.de\/wp-content\/uploads\/2019\/10\/IMG_5728_compress76-300x200.jpg 300w, http:\/\/lichri.radeln-in-den-sonnenaufgang.de\/wp-content\/uploads\/2019\/10\/IMG_5728_compress76-768x512.jpg 768w, http:\/\/lichri.radeln-in-den-sonnenaufgang.de\/wp-content\/uploads\/2019\/10\/IMG_5728_compress76.jpg 1296w\" sizes=\"(max-width: 767px) 89vw, (max-width: 1000px) 54vw, (max-width: 1071px) 543px, 580px\" \/><\/figure>\n\n\n\n<p>An Kartoffel\u00e4ckern und Feldern vorbei folgten wir der kleinen Stra\u00dfe gen S\u00fcdwesten bergauf. Erst sp\u00e4t schlugen wir aufgrund der Lichtverh\u00e4ltnisse in einem Kiefernwald auf dem Berg unser Zelt auf. Es war ungewohnt in einem Wald zu zelten \u2013 wir haben das seit Russland nicht mehr gemacht. Der Geruch der Kiefern und die k\u00fchle, sonnige Luft erinnerte uns an Eberswalde und wir bekamen beide etwas Heimweh. <\/p>\n\n\n\n<figure class=\"wp-block-image\"><img decoding=\"async\" loading=\"lazy\" width=\"576\" height=\"1024\" src=\"http:\/\/lichri.radeln-in-den-sonnenaufgang.de\/wp-content\/uploads\/2019\/10\/DSC_0258_compress34-e1571592516131-576x1024.jpg\" alt=\"\" class=\"wp-image-1059\" srcset=\"http:\/\/lichri.radeln-in-den-sonnenaufgang.de\/wp-content\/uploads\/2019\/10\/DSC_0258_compress34-e1571592516131-576x1024.jpg 576w, http:\/\/lichri.radeln-in-den-sonnenaufgang.de\/wp-content\/uploads\/2019\/10\/DSC_0258_compress34-e1571592516131-169x300.jpg 169w, http:\/\/lichri.radeln-in-den-sonnenaufgang.de\/wp-content\/uploads\/2019\/10\/DSC_0258_compress34-e1571592516131.jpg 720w\" sizes=\"(max-width: 576px) 100vw, 576px\" \/><\/figure>\n\n\n\n<p>Am n\u00e4chsten Morgen genossen wir die Abfahrt durch das Kiefernw\u00e4ldchen umso mehr und bewunderten das hektische Treiben der flei\u00dfigen Chinesen, die gerade bei der Kartoffelernte waren, Krummbeeren puhlten, vom Boden in S\u00e4cke klaubten, S\u00e4cke auf Lasten-Tuktuks luden und diese am Stra\u00dfenrand stapelten oder direkt auf \u2013 wegen der kleinen Stra\u00dfen und Tuktuks \u00fcberdimensioniert wirkende \u2013 Lastwagen verfrachteten, die es ihrerseits schwer hatten, zwischen den Tuktuks, den Kartoffelsackbauten und anderen Lkws auf den engen Stra\u00dfen zu man\u00f6vrieren. <\/p>\n\n\n\n<figure class=\"wp-block-image\"><img decoding=\"async\" loading=\"lazy\" width=\"1024\" height=\"683\" src=\"http:\/\/lichri.radeln-in-den-sonnenaufgang.de\/wp-content\/uploads\/2019\/10\/IMG_5741_compress6-1024x683.jpg\" alt=\"\" class=\"wp-image-1063\" srcset=\"http:\/\/lichri.radeln-in-den-sonnenaufgang.de\/wp-content\/uploads\/2019\/10\/IMG_5741_compress6-1024x683.jpg 1024w, http:\/\/lichri.radeln-in-den-sonnenaufgang.de\/wp-content\/uploads\/2019\/10\/IMG_5741_compress6-300x200.jpg 300w, http:\/\/lichri.radeln-in-den-sonnenaufgang.de\/wp-content\/uploads\/2019\/10\/IMG_5741_compress6-768x512.jpg 768w, http:\/\/lichri.radeln-in-den-sonnenaufgang.de\/wp-content\/uploads\/2019\/10\/IMG_5741_compress6.jpg 1296w\" sizes=\"(max-width: 767px) 89vw, (max-width: 1000px) 54vw, (max-width: 1071px) 543px, 580px\" \/><\/figure>\n\n\n\n<figure class=\"wp-block-image\"><img decoding=\"async\" loading=\"lazy\" width=\"1024\" height=\"576\" src=\"http:\/\/lichri.radeln-in-den-sonnenaufgang.de\/wp-content\/uploads\/2019\/10\/DSC_0278_compress83-1-1024x576.jpg\" alt=\"\" class=\"wp-image-1064\" srcset=\"http:\/\/lichri.radeln-in-den-sonnenaufgang.de\/wp-content\/uploads\/2019\/10\/DSC_0278_compress83-1-1024x576.jpg 1024w, http:\/\/lichri.radeln-in-den-sonnenaufgang.de\/wp-content\/uploads\/2019\/10\/DSC_0278_compress83-1-300x169.jpg 300w, http:\/\/lichri.radeln-in-den-sonnenaufgang.de\/wp-content\/uploads\/2019\/10\/DSC_0278_compress83-1-768x432.jpg 768w, http:\/\/lichri.radeln-in-den-sonnenaufgang.de\/wp-content\/uploads\/2019\/10\/DSC_0278_compress83-1.jpg 1280w\" sizes=\"(max-width: 767px) 89vw, (max-width: 1000px) 54vw, (max-width: 1071px) 543px, 580px\" \/><\/figure>\n\n\n\n<figure class=\"wp-block-image\"><img decoding=\"async\" loading=\"lazy\" width=\"1024\" height=\"576\" src=\"http:\/\/lichri.radeln-in-den-sonnenaufgang.de\/wp-content\/uploads\/2019\/10\/DSC_0286_compress53-1-1024x576.jpg\" alt=\"\" class=\"wp-image-1065\" srcset=\"http:\/\/lichri.radeln-in-den-sonnenaufgang.de\/wp-content\/uploads\/2019\/10\/DSC_0286_compress53-1-1024x576.jpg 1024w, http:\/\/lichri.radeln-in-den-sonnenaufgang.de\/wp-content\/uploads\/2019\/10\/DSC_0286_compress53-1-300x169.jpg 300w, http:\/\/lichri.radeln-in-den-sonnenaufgang.de\/wp-content\/uploads\/2019\/10\/DSC_0286_compress53-1-768x432.jpg 768w, http:\/\/lichri.radeln-in-den-sonnenaufgang.de\/wp-content\/uploads\/2019\/10\/DSC_0286_compress53-1.jpg 1280w\" sizes=\"(max-width: 767px) 89vw, (max-width: 1000px) 54vw, (max-width: 1071px) 543px, 580px\" \/><\/figure>\n\n\n\n<figure class=\"wp-block-image\"><img decoding=\"async\" loading=\"lazy\" width=\"683\" height=\"1024\" src=\"http:\/\/lichri.radeln-in-den-sonnenaufgang.de\/wp-content\/uploads\/2019\/10\/IMG_5757_compress92-e1571592968820-683x1024.jpg\" alt=\"\" class=\"wp-image-1066\" srcset=\"http:\/\/lichri.radeln-in-den-sonnenaufgang.de\/wp-content\/uploads\/2019\/10\/IMG_5757_compress92-e1571592968820-683x1024.jpg 683w, http:\/\/lichri.radeln-in-den-sonnenaufgang.de\/wp-content\/uploads\/2019\/10\/IMG_5757_compress92-e1571592968820-200x300.jpg 200w, http:\/\/lichri.radeln-in-den-sonnenaufgang.de\/wp-content\/uploads\/2019\/10\/IMG_5757_compress92-e1571592968820-768x1152.jpg 768w, http:\/\/lichri.radeln-in-den-sonnenaufgang.de\/wp-content\/uploads\/2019\/10\/IMG_5757_compress92-e1571592968820.jpg 864w\" sizes=\"(max-width: 683px) 100vw, 683px\" \/><\/figure>\n\n\n\n<p> Wir rollten lange ins Tal hinab, wobei wir f\u00fcr wenige Momente immer wieder Blicke auf den bereits fernab liegenden Snow-Mountain erhaschen durften, der mit seinen wei\u00dfen Kuppen majest\u00e4tisch, nur leider f\u00fcr Fotos zu weit weg und zu unvollst\u00e4ndig hinter den H\u00fcgeln, die wir hinabrollten, aufragte.<\/p>\n\n\n\n<figure class=\"wp-block-image\"><img decoding=\"async\" loading=\"lazy\" width=\"683\" height=\"1024\" src=\"http:\/\/lichri.radeln-in-den-sonnenaufgang.de\/wp-content\/uploads\/2019\/10\/IMG_5795_compress98-e1571593186618-683x1024.jpg\" alt=\"\" class=\"wp-image-1067\"\/><\/figure>\n\n\n\n<figure class=\"wp-block-image\"><img decoding=\"async\" loading=\"lazy\" width=\"1024\" height=\"576\" src=\"http:\/\/lichri.radeln-in-den-sonnenaufgang.de\/wp-content\/uploads\/2019\/10\/DSC_0338_compress77-1024x576.jpg\" alt=\"\" class=\"wp-image-1072\" srcset=\"http:\/\/lichri.radeln-in-den-sonnenaufgang.de\/wp-content\/uploads\/2019\/10\/DSC_0338_compress77-1024x576.jpg 1024w, http:\/\/lichri.radeln-in-den-sonnenaufgang.de\/wp-content\/uploads\/2019\/10\/DSC_0338_compress77-300x169.jpg 300w, http:\/\/lichri.radeln-in-den-sonnenaufgang.de\/wp-content\/uploads\/2019\/10\/DSC_0338_compress77-768x432.jpg 768w, http:\/\/lichri.radeln-in-den-sonnenaufgang.de\/wp-content\/uploads\/2019\/10\/DSC_0338_compress77.jpg 1280w\" sizes=\"(max-width: 767px) 89vw, (max-width: 1000px) 54vw, (max-width: 1071px) 543px, 580px\" \/><\/figure>\n\n\n\n<p>Hier wurden wir uns auch gewahr, dass es allm\u00e4hlich Herbst wurde. Nicht nur aufgrund der Kartoffelernte. Gr\u00e4ser und Laub verf\u00e4rbten sich zusehends gelb. In dieser sch\u00f6nen Stimmung sonnendurchflutet-goldenen Herbstes kamen wir nun wieder durch Siedlungen und kleine St\u00e4dte. Stampflehmbauten bildeten Vierseitenh\u00f6fe neben solchen, die aus Ziegeln gebaut und verputzt waren. Mais hing an den Hausw\u00e4nden, Stroh unter den D\u00e4chern hervor und unter den hohen Stahlbeton-Br\u00fcckenbauten setzte diese Komposition von Alt und Neu, Bauern- und Ingeneurskunst, Lehmbraun und Beton-Grau etwas in Szene, das Lisa noch beim Gedanken daran erschauern l\u00e4sst: Alles war eingesponnen von gewaltigen Spinnennetzen, in denen wiederum hunderte kleine und gro\u00dfe, dicke Spinnen sa\u00dfen und auf ihre fliegende Beute warteten. <\/p>\n\n\n\n<figure class=\"wp-block-image\"><img decoding=\"async\" loading=\"lazy\" width=\"1024\" height=\"683\" src=\"http:\/\/lichri.radeln-in-den-sonnenaufgang.de\/wp-content\/uploads\/2019\/10\/IMG_5765_compress11-1024x683.jpg\" alt=\"\" class=\"wp-image-1068\" srcset=\"http:\/\/lichri.radeln-in-den-sonnenaufgang.de\/wp-content\/uploads\/2019\/10\/IMG_5765_compress11-1024x683.jpg 1024w, http:\/\/lichri.radeln-in-den-sonnenaufgang.de\/wp-content\/uploads\/2019\/10\/IMG_5765_compress11-300x200.jpg 300w, http:\/\/lichri.radeln-in-den-sonnenaufgang.de\/wp-content\/uploads\/2019\/10\/IMG_5765_compress11-768x512.jpg 768w, http:\/\/lichri.radeln-in-den-sonnenaufgang.de\/wp-content\/uploads\/2019\/10\/IMG_5765_compress11.jpg 1296w\" sizes=\"(max-width: 767px) 89vw, (max-width: 1000px) 54vw, (max-width: 1071px) 543px, 580px\" \/><\/figure>\n\n\n\n<figure class=\"wp-block-image\"><img decoding=\"async\" loading=\"lazy\" width=\"683\" height=\"1024\" src=\"http:\/\/lichri.radeln-in-den-sonnenaufgang.de\/wp-content\/uploads\/2019\/10\/IMG_5784_compress68-e1571593476666-683x1024.jpg\" alt=\"\" class=\"wp-image-1069\" srcset=\"http:\/\/lichri.radeln-in-den-sonnenaufgang.de\/wp-content\/uploads\/2019\/10\/IMG_5784_compress68-e1571593476666-683x1024.jpg 683w, http:\/\/lichri.radeln-in-den-sonnenaufgang.de\/wp-content\/uploads\/2019\/10\/IMG_5784_compress68-e1571593476666-200x300.jpg 200w, http:\/\/lichri.radeln-in-den-sonnenaufgang.de\/wp-content\/uploads\/2019\/10\/IMG_5784_compress68-e1571593476666-768x1152.jpg 768w, http:\/\/lichri.radeln-in-den-sonnenaufgang.de\/wp-content\/uploads\/2019\/10\/IMG_5784_compress68-e1571593476666.jpg 864w\" sizes=\"(max-width: 683px) 100vw, 683px\" \/><\/figure>\n\n\n\n<figure class=\"wp-block-image\"><img decoding=\"async\" loading=\"lazy\" width=\"1024\" height=\"683\" src=\"http:\/\/lichri.radeln-in-den-sonnenaufgang.de\/wp-content\/uploads\/2019\/10\/IMG_5782_compress80-1024x683.jpg\" alt=\"\" class=\"wp-image-1070\" srcset=\"http:\/\/lichri.radeln-in-den-sonnenaufgang.de\/wp-content\/uploads\/2019\/10\/IMG_5782_compress80-1024x683.jpg 1024w, http:\/\/lichri.radeln-in-den-sonnenaufgang.de\/wp-content\/uploads\/2019\/10\/IMG_5782_compress80-300x200.jpg 300w, http:\/\/lichri.radeln-in-den-sonnenaufgang.de\/wp-content\/uploads\/2019\/10\/IMG_5782_compress80-768x512.jpg 768w, http:\/\/lichri.radeln-in-den-sonnenaufgang.de\/wp-content\/uploads\/2019\/10\/IMG_5782_compress80.jpg 1296w\" sizes=\"(max-width: 767px) 89vw, (max-width: 1000px) 54vw, (max-width: 1071px) 543px, 580px\" \/><\/figure>\n\n\n\n<figure class=\"wp-block-image\"><img decoding=\"async\" loading=\"lazy\" width=\"1024\" height=\"683\" src=\"http:\/\/lichri.radeln-in-den-sonnenaufgang.de\/wp-content\/uploads\/2019\/10\/IMG_5832_compress46-1024x683.jpg\" alt=\"\" class=\"wp-image-1071\" srcset=\"http:\/\/lichri.radeln-in-den-sonnenaufgang.de\/wp-content\/uploads\/2019\/10\/IMG_5832_compress46-1024x683.jpg 1024w, http:\/\/lichri.radeln-in-den-sonnenaufgang.de\/wp-content\/uploads\/2019\/10\/IMG_5832_compress46-300x200.jpg 300w, http:\/\/lichri.radeln-in-den-sonnenaufgang.de\/wp-content\/uploads\/2019\/10\/IMG_5832_compress46-768x512.jpg 768w, http:\/\/lichri.radeln-in-den-sonnenaufgang.de\/wp-content\/uploads\/2019\/10\/IMG_5832_compress46.jpg 1296w\" sizes=\"(max-width: 767px) 89vw, (max-width: 1000px) 54vw, (max-width: 1071px) 543px, 580px\" \/><\/figure>\n\n\n\n<p>So fuhren wir Kilometer um Kilometer, durch St\u00e4dte und zwischen Feldern voll flei\u00dfigen B\u00e4uerinnen und Bauern, durchs Tal und wieder hinauf auf einen Berg, dessen Erklimmen die letzten Sonnenstunden beanspruchten und wir erneut erhaben \u00fcber dem n\u00e4chsten Tal auf dem Weg nach Dali unser Nachtlager herrichteten. <\/p>\n\n\n\n<figure class=\"wp-block-image\"><img decoding=\"async\" loading=\"lazy\" width=\"576\" height=\"1024\" src=\"http:\/\/lichri.radeln-in-den-sonnenaufgang.de\/wp-content\/uploads\/2019\/10\/DSC_0368_compress26-e1571594927854-576x1024.jpg\" alt=\"\" class=\"wp-image-1076\" srcset=\"http:\/\/lichri.radeln-in-den-sonnenaufgang.de\/wp-content\/uploads\/2019\/10\/DSC_0368_compress26-e1571594927854-576x1024.jpg 576w, http:\/\/lichri.radeln-in-den-sonnenaufgang.de\/wp-content\/uploads\/2019\/10\/DSC_0368_compress26-e1571594927854-169x300.jpg 169w, http:\/\/lichri.radeln-in-den-sonnenaufgang.de\/wp-content\/uploads\/2019\/10\/DSC_0368_compress26-e1571594927854.jpg 720w\" sizes=\"(max-width: 576px) 100vw, 576px\" \/><\/figure>\n\n\n\n<figure class=\"wp-block-image\"><img decoding=\"async\" loading=\"lazy\" width=\"1024\" height=\"576\" src=\"http:\/\/lichri.radeln-in-den-sonnenaufgang.de\/wp-content\/uploads\/2019\/10\/DSC_0387_compress1-1024x576.jpg\" alt=\"\" class=\"wp-image-1079\" srcset=\"http:\/\/lichri.radeln-in-den-sonnenaufgang.de\/wp-content\/uploads\/2019\/10\/DSC_0387_compress1-1024x576.jpg 1024w, http:\/\/lichri.radeln-in-den-sonnenaufgang.de\/wp-content\/uploads\/2019\/10\/DSC_0387_compress1-300x169.jpg 300w, http:\/\/lichri.radeln-in-den-sonnenaufgang.de\/wp-content\/uploads\/2019\/10\/DSC_0387_compress1-768x432.jpg 768w, http:\/\/lichri.radeln-in-den-sonnenaufgang.de\/wp-content\/uploads\/2019\/10\/DSC_0387_compress1.jpg 1280w\" sizes=\"(max-width: 767px) 89vw, (max-width: 1000px) 54vw, (max-width: 1071px) 543px, 580px\" \/><\/figure>\n\n\n\n<figure class=\"wp-block-image\"><img decoding=\"async\" loading=\"lazy\" width=\"1024\" height=\"576\" src=\"http:\/\/lichri.radeln-in-den-sonnenaufgang.de\/wp-content\/uploads\/2019\/10\/DSC_0417_compress59-1024x576.jpg\" alt=\"\" class=\"wp-image-1078\"\/><\/figure>\n\n\n\n<figure class=\"wp-block-image\"><img decoding=\"async\" loading=\"lazy\" width=\"1024\" height=\"576\" src=\"http:\/\/lichri.radeln-in-den-sonnenaufgang.de\/wp-content\/uploads\/2019\/10\/DSC_0394_compress51-1024x576.jpg\" alt=\"\" class=\"wp-image-1095\" srcset=\"http:\/\/lichri.radeln-in-den-sonnenaufgang.de\/wp-content\/uploads\/2019\/10\/DSC_0394_compress51-1024x576.jpg 1024w, http:\/\/lichri.radeln-in-den-sonnenaufgang.de\/wp-content\/uploads\/2019\/10\/DSC_0394_compress51-300x169.jpg 300w, http:\/\/lichri.radeln-in-den-sonnenaufgang.de\/wp-content\/uploads\/2019\/10\/DSC_0394_compress51-768x432.jpg 768w, http:\/\/lichri.radeln-in-den-sonnenaufgang.de\/wp-content\/uploads\/2019\/10\/DSC_0394_compress51.jpg 1280w\" sizes=\"(max-width: 767px) 89vw, (max-width: 1000px) 54vw, (max-width: 1071px) 543px, 580px\" \/><\/figure>\n\n\n\n<figure class=\"wp-block-image\"><img decoding=\"async\" loading=\"lazy\" width=\"1024\" height=\"576\" src=\"http:\/\/lichri.radeln-in-den-sonnenaufgang.de\/wp-content\/uploads\/2019\/10\/DSC_0397_compress82-1024x576.jpg\" alt=\"\" class=\"wp-image-1077\"\/><\/figure>\n\n\n\n<figure class=\"wp-block-image\"><img decoding=\"async\" loading=\"lazy\" width=\"1024\" height=\"683\" src=\"http:\/\/lichri.radeln-in-den-sonnenaufgang.de\/wp-content\/uploads\/2019\/10\/IMG_5841_compress23-1024x683.jpg\" alt=\"\" class=\"wp-image-1081\" srcset=\"http:\/\/lichri.radeln-in-den-sonnenaufgang.de\/wp-content\/uploads\/2019\/10\/IMG_5841_compress23-1024x683.jpg 1024w, http:\/\/lichri.radeln-in-den-sonnenaufgang.de\/wp-content\/uploads\/2019\/10\/IMG_5841_compress23-300x200.jpg 300w, http:\/\/lichri.radeln-in-den-sonnenaufgang.de\/wp-content\/uploads\/2019\/10\/IMG_5841_compress23-768x512.jpg 768w, http:\/\/lichri.radeln-in-den-sonnenaufgang.de\/wp-content\/uploads\/2019\/10\/IMG_5841_compress23.jpg 1296w\" sizes=\"(max-width: 767px) 89vw, (max-width: 1000px) 54vw, (max-width: 1071px) 543px, 580px\" \/><\/figure>\n\n\n\n<p>Nach einer trotz Vollmond und Tiergetrappel einigerma\u00dfen erholsamen Nacht brachte uns die folgende Tagesetappe bis knapp vor die Stadt. Und endlich hatten wir mal wieder Gl\u00fcck mit WarmShowers: Garrett aus Kalifornien und Coco aus Chengdu w\u00fcrden uns in ihrem gem\u00fctlichen kleinen Hof am Rand des im Berghang liegenden Vorortes Dalis beherbergen. Und es h\u00e4tte uns nichts besseres passieren k\u00f6nnen!<\/p>\n\n\n\n<figure class=\"wp-block-image\"><img decoding=\"async\" loading=\"lazy\" width=\"1024\" height=\"576\" src=\"http:\/\/lichri.radeln-in-den-sonnenaufgang.de\/wp-content\/uploads\/2019\/10\/DSC_0405_compress80-1024x576.jpg\" alt=\"\" class=\"wp-image-1082\" srcset=\"http:\/\/lichri.radeln-in-den-sonnenaufgang.de\/wp-content\/uploads\/2019\/10\/DSC_0405_compress80-1024x576.jpg 1024w, http:\/\/lichri.radeln-in-den-sonnenaufgang.de\/wp-content\/uploads\/2019\/10\/DSC_0405_compress80-300x169.jpg 300w, http:\/\/lichri.radeln-in-den-sonnenaufgang.de\/wp-content\/uploads\/2019\/10\/DSC_0405_compress80-768x432.jpg 768w, http:\/\/lichri.radeln-in-den-sonnenaufgang.de\/wp-content\/uploads\/2019\/10\/DSC_0405_compress80.jpg 1280w\" sizes=\"(max-width: 767px) 89vw, (max-width: 1000px) 54vw, (max-width: 1071px) 543px, 580px\" \/><\/figure>\n\n\n\n<p><strong>Ein paar Tage Frieden <\/strong><br><em>Der Koch und die Yoga-Lehrerin &#8211; Wein unter Yoga-Lehrern &#8211; Babykatzen! &#8211; Visa f\u00fcr Vietnam &#8211; kleiner Abstecher in die Stadt &#8211; Flammkuchen, Spaghetti und Gl\u00fchwein &#8211; Ein Tag Ruhe und Frieden im Vierseitenhof mit Vollverk\u00f6stigung &#8211; Schmerzlicher Abschied<\/em><\/p>\n\n\n\n<p>Jammi! War das wieder gut \ud83d\ude42 Dankbar \u00fcber das gemeinsame Abendessen am Tag unserer Ankunft konnten wir noch nicht ahnen, was uns da bl\u00fchte: Garrett ist ein ausgezeichneter Koch und er scheint es wirklich zu lieben in der K\u00fcche zu stehen, zu schnibblen, braten, w\u00fcrzen\u2026 Hm! Gegen den gebratenen Gem\u00fcse-Reis mit Ei zum Fr\u00fchst\u00fcck, das Sushi zum Abendessen, die Pancakes zu Fr\u00fchst\u00fcck stank unser Selbstgemachtes, das immer noch ganz gut schmeckte, total ab. Und w\u00e4hrend wir a\u00dfen, W\u00e4sche wuschen, duschten, lasen und den Komfort und die Ruhe genossen schallte leise Musik aus dem Zimmer der Untermieterin, die hier ebenfalls hauste \u2013 und zusammen mit Coco ein Yoga-Lehrerinnen Duo aus zwei unterschiedlichen Schulen bildete. Am ersten Abend wurden wir alle gemeinsam noch zu den im Air-BnB lebenden Nachbarn eingeladen und fanden uns schlie\u00dflich Obst und Chips snackend und Wein schl\u00fcrfend in Gemeinschaft mit insgesamt 5 Yogalehrerinnen und einem indischen Yogalehrer wieder, der seine Hangdrums pr\u00e4sentierte und spielen lie\u00df. Da die Konversationen nach und nach nur noch auf Chinesisch abliefen und der Inder und wir Deutschen uns vielsagend \u201everst\u00e4ndnislose\u201c Blicke zuwarfen und wir ohnehin fix und fertig waren, zumal vom Wein, verabschiedeten wir uns zuerst und krochen in unsere Schlafs\u00e4cke im Wohnhaus unserer beiden Gastgeber.<\/p>\n\n\n\n<figure class=\"wp-block-image\"><img decoding=\"async\" loading=\"lazy\" width=\"1024\" height=\"683\" src=\"http:\/\/lichri.radeln-in-den-sonnenaufgang.de\/wp-content\/uploads\/2019\/10\/IMG_5932_compress63-1024x683.jpg\" alt=\"\" class=\"wp-image-1084\" srcset=\"http:\/\/lichri.radeln-in-den-sonnenaufgang.de\/wp-content\/uploads\/2019\/10\/IMG_5932_compress63-1024x683.jpg 1024w, http:\/\/lichri.radeln-in-den-sonnenaufgang.de\/wp-content\/uploads\/2019\/10\/IMG_5932_compress63-300x200.jpg 300w, http:\/\/lichri.radeln-in-den-sonnenaufgang.de\/wp-content\/uploads\/2019\/10\/IMG_5932_compress63-768x512.jpg 768w, http:\/\/lichri.radeln-in-den-sonnenaufgang.de\/wp-content\/uploads\/2019\/10\/IMG_5932_compress63.jpg 1296w\" sizes=\"(max-width: 767px) 89vw, (max-width: 1000px) 54vw, (max-width: 1071px) 543px, 580px\" \/><\/figure>\n\n\n\n<p>Maaaaauuuw\u2026 Maaaaauuuw\u2026 Geweckt von der etwas merkw\u00fcrdig maunzenden wei\u00dfen Katze, die sich zusammen mit Coco und Garrett hier niederlie\u00df, begann der erste von zwei sch\u00f6nen Pausetagen im Hof der beiden. Die Katze hatte eine dicke Ratte im Maul und wollte sie zeigen, sie pr\u00e4sentieren, aber schien auch irgendwie nicht weiter zu wissen. So lief sie auf und ab, mauzte mitleiderregend und versteckte sich, wenn man sie fangen und hinausbringen wollte. Schlie\u00dflich schafften wir es, sie auszusperren, was ihr zwar auch nicht gefiel, uns jedoch noch etwas Ruhe lie\u00df. <\/p>\n\n\n\n<p>Unten begr\u00fc\u00dften uns dann drei zuckers\u00fc\u00dfe Baby-K\u00e4tzchen, die wenige Wochen alt waren und noch recht tappsig durch den Hof h\u00fcpften, aufeinander herumlagen und miteinander spielten. Sie eroberten unsere Herzen im Sturm und so kam es, dass wir \u2013 nach dem gemeinsamen Fr\u00fchst\u00fcck, dem Waschen und der nervenaufreibenden und doch etwas zeitintensiveren Bew\u00e4ltigung des E-Visums f\u00fcr Vietnam mit den Katzen im Scho\u00df noch eine ganze Weile brauchten um uns loszueisen und schlie\u00dflich doch nochmal nach Dali aufzubrechen. <\/p>\n\n\n\n<figure class=\"wp-block-image\"><img decoding=\"async\" loading=\"lazy\" width=\"1024\" height=\"683\" src=\"http:\/\/lichri.radeln-in-den-sonnenaufgang.de\/wp-content\/uploads\/2019\/10\/IMG_5941_compress27-1024x683.jpg\" alt=\"\" class=\"wp-image-1085\" srcset=\"http:\/\/lichri.radeln-in-den-sonnenaufgang.de\/wp-content\/uploads\/2019\/10\/IMG_5941_compress27-1024x683.jpg 1024w, http:\/\/lichri.radeln-in-den-sonnenaufgang.de\/wp-content\/uploads\/2019\/10\/IMG_5941_compress27-300x200.jpg 300w, http:\/\/lichri.radeln-in-den-sonnenaufgang.de\/wp-content\/uploads\/2019\/10\/IMG_5941_compress27-768x512.jpg 768w, http:\/\/lichri.radeln-in-den-sonnenaufgang.de\/wp-content\/uploads\/2019\/10\/IMG_5941_compress27.jpg 1296w\" sizes=\"(max-width: 767px) 89vw, (max-width: 1000px) 54vw, (max-width: 1071px) 543px, 580px\" \/><\/figure>\n\n\n\n<figure class=\"wp-block-image\"><img decoding=\"async\" loading=\"lazy\" width=\"683\" height=\"1024\" src=\"http:\/\/lichri.radeln-in-den-sonnenaufgang.de\/wp-content\/uploads\/2019\/10\/IMG_5844_compress69-e1571595656573-683x1024.jpg\" alt=\"\" class=\"wp-image-1086\" srcset=\"http:\/\/lichri.radeln-in-den-sonnenaufgang.de\/wp-content\/uploads\/2019\/10\/IMG_5844_compress69-e1571595656573-683x1024.jpg 683w, http:\/\/lichri.radeln-in-den-sonnenaufgang.de\/wp-content\/uploads\/2019\/10\/IMG_5844_compress69-e1571595656573-200x300.jpg 200w, http:\/\/lichri.radeln-in-den-sonnenaufgang.de\/wp-content\/uploads\/2019\/10\/IMG_5844_compress69-e1571595656573-768x1152.jpg 768w, http:\/\/lichri.radeln-in-den-sonnenaufgang.de\/wp-content\/uploads\/2019\/10\/IMG_5844_compress69-e1571595656573.jpg 864w\" sizes=\"(max-width: 683px) 100vw, 683px\" \/><figcaption>Nicht ganz das richtige Licht f\u00fcr die ben\u00f6tigten Passbilder, die wir improvisierten &#8211;  aber umso sch\u00f6ner, meine Liebste \ud83d\ude42<\/figcaption><\/figure>\n\n\n\n<p>Wir brauchten eine ganze Weile um von Coco und Garrets Oase der Ruhe in die 10km entfernte Altstadt zu radeln. Wir kamen an den drei Pagodent\u00fcrmen vorbei, die eine besondere Sehensw\u00fcrdigkeit der Stadt sein sollten, uns jedoch durch ihren Eintrittspreis auf Distanz hielten. Man sah sie ja aber auch aus der Entfernung und \u00fcber die hohen Mauern hinweg, die sie wegsperrten. Die Altstadt Dalis gefiel uns nicht so sehr wie die Lijiangs \u2013 das hatte einfach etwas mehr Flair, wenngleich der See unterhalb der Stadt sicher ein Plus-Punkt f\u00fcr die Besucher war. <\/p>\n\n\n\n<ul class=\"is-layout-flex wp-block-gallery-49 wp-block-gallery columns-2 is-cropped\"><li class=\"blocks-gallery-item\"><figure><img decoding=\"async\" loading=\"lazy\" width=\"1024\" height=\"683\" src=\"http:\/\/lichri.radeln-in-den-sonnenaufgang.de\/wp-content\/uploads\/2019\/10\/IMG_5877_compress5-1024x683.jpg\" alt=\"\" data-id=\"1083\" class=\"wp-image-1083\" srcset=\"http:\/\/lichri.radeln-in-den-sonnenaufgang.de\/wp-content\/uploads\/2019\/10\/IMG_5877_compress5-1024x683.jpg 1024w, http:\/\/lichri.radeln-in-den-sonnenaufgang.de\/wp-content\/uploads\/2019\/10\/IMG_5877_compress5-300x200.jpg 300w, http:\/\/lichri.radeln-in-den-sonnenaufgang.de\/wp-content\/uploads\/2019\/10\/IMG_5877_compress5-768x512.jpg 768w, http:\/\/lichri.radeln-in-den-sonnenaufgang.de\/wp-content\/uploads\/2019\/10\/IMG_5877_compress5.jpg 1296w\" sizes=\"(max-width: 767px) 89vw, (max-width: 1000px) 54vw, (max-width: 1071px) 543px, 580px\" \/><\/figure><\/li><li class=\"blocks-gallery-item\"><figure><img decoding=\"async\" loading=\"lazy\" width=\"1024\" height=\"683\" src=\"http:\/\/lichri.radeln-in-den-sonnenaufgang.de\/wp-content\/uploads\/2019\/10\/IMG_5896_compress10-1024x683.jpg\" alt=\"\" data-id=\"1087\" data-link=\"http:\/\/lichri.radeln-in-den-sonnenaufgang.de\/?attachment_id=1087\" class=\"wp-image-1087\" srcset=\"http:\/\/lichri.radeln-in-den-sonnenaufgang.de\/wp-content\/uploads\/2019\/10\/IMG_5896_compress10-1024x683.jpg 1024w, http:\/\/lichri.radeln-in-den-sonnenaufgang.de\/wp-content\/uploads\/2019\/10\/IMG_5896_compress10-300x200.jpg 300w, http:\/\/lichri.radeln-in-den-sonnenaufgang.de\/wp-content\/uploads\/2019\/10\/IMG_5896_compress10-768x512.jpg 768w, http:\/\/lichri.radeln-in-den-sonnenaufgang.de\/wp-content\/uploads\/2019\/10\/IMG_5896_compress10.jpg 1296w\" sizes=\"(max-width: 767px) 89vw, (max-width: 1000px) 54vw, (max-width: 1071px) 543px, 580px\" \/><\/figure><\/li><\/ul>\n\n\n\n<figure class=\"wp-block-image\"><img decoding=\"async\" loading=\"lazy\" width=\"683\" height=\"1024\" src=\"http:\/\/lichri.radeln-in-den-sonnenaufgang.de\/wp-content\/uploads\/2019\/10\/IMG_5908_compress5-1-e1571595867364-683x1024.jpg\" alt=\"\" class=\"wp-image-1089\" srcset=\"http:\/\/lichri.radeln-in-den-sonnenaufgang.de\/wp-content\/uploads\/2019\/10\/IMG_5908_compress5-1-e1571595867364-683x1024.jpg 683w, http:\/\/lichri.radeln-in-den-sonnenaufgang.de\/wp-content\/uploads\/2019\/10\/IMG_5908_compress5-1-e1571595867364-200x300.jpg 200w, http:\/\/lichri.radeln-in-den-sonnenaufgang.de\/wp-content\/uploads\/2019\/10\/IMG_5908_compress5-1-e1571595867364-768x1152.jpg 768w, http:\/\/lichri.radeln-in-den-sonnenaufgang.de\/wp-content\/uploads\/2019\/10\/IMG_5908_compress5-1-e1571595867364.jpg 864w\" sizes=\"(max-width: 683px) 100vw, 683px\" \/><\/figure>\n\n\n\n<figure class=\"wp-block-image\"><img decoding=\"async\" loading=\"lazy\" width=\"683\" height=\"1024\" src=\"http:\/\/lichri.radeln-in-den-sonnenaufgang.de\/wp-content\/uploads\/2019\/10\/IMG_5920_compress89-e1571595977121-683x1024.jpg\" alt=\"\" class=\"wp-image-1090\" srcset=\"http:\/\/lichri.radeln-in-den-sonnenaufgang.de\/wp-content\/uploads\/2019\/10\/IMG_5920_compress89-e1571595977121-683x1024.jpg 683w, http:\/\/lichri.radeln-in-den-sonnenaufgang.de\/wp-content\/uploads\/2019\/10\/IMG_5920_compress89-e1571595977121-200x300.jpg 200w, http:\/\/lichri.radeln-in-den-sonnenaufgang.de\/wp-content\/uploads\/2019\/10\/IMG_5920_compress89-e1571595977121-768x1152.jpg 768w, http:\/\/lichri.radeln-in-den-sonnenaufgang.de\/wp-content\/uploads\/2019\/10\/IMG_5920_compress89-e1571595977121.jpg 864w\" sizes=\"(max-width: 683px) 100vw, 683px\" \/><\/figure>\n\n\n\n<p>Wir bummelten hier ein wenig, schoben die R\u00e4der durch die Gassen und begn\u00fcgten uns letztlich damit in einem kleinen Restaurant namens \u201eBring me to the moon!\u201c das erste westliche Essen seit gef\u00fchlten Ewigkeiten zu genie\u00dfen: vegetarischer Flammkuchen, Spaghetti mit Basilikum Pesto und Gl\u00fchwein. Wenngleich das f\u00fcr unsere Verh\u00e4ltnisse inzwischen ganz ordentlich zu Buche schlug (umgerechnet 13 Euro) konnten wir nicht widerstehen und genossen unser Dinner auf der Dachterrasse und den Gl\u00fchwein und den nepalesischen Milchtee an der Bar.<\/p>\n\n\n\n<figure class=\"wp-block-image\"><img decoding=\"async\" loading=\"lazy\" width=\"576\" height=\"1024\" src=\"http:\/\/lichri.radeln-in-den-sonnenaufgang.de\/wp-content\/uploads\/2019\/10\/DSC_0425_compress95-e1571596053991-576x1024.jpg\" alt=\"\" class=\"wp-image-1091\" srcset=\"http:\/\/lichri.radeln-in-den-sonnenaufgang.de\/wp-content\/uploads\/2019\/10\/DSC_0425_compress95-e1571596053991-576x1024.jpg 576w, http:\/\/lichri.radeln-in-den-sonnenaufgang.de\/wp-content\/uploads\/2019\/10\/DSC_0425_compress95-e1571596053991-169x300.jpg 169w, http:\/\/lichri.radeln-in-den-sonnenaufgang.de\/wp-content\/uploads\/2019\/10\/DSC_0425_compress95-e1571596053991.jpg 720w\" sizes=\"(max-width: 576px) 100vw, 576px\" \/><figcaption>Njomnjomnjom!<\/figcaption><\/figure>\n\n\n\n<p>Eine Nachtfahrt und eine halbe Nacht Schlaf sp\u00e4ter genossen wir unseren zweiten vollen Tag, nachdem wir uns entschieden eine weitere Nacht zu bleiben, bevor es nach Kunming und Richtung Grenze weiter gehen sollte. Das erste mal seit vielen Wochen geschah nun etwas ganz besonderes: Gar nichts. Wir taten tats\u00e4chlich einen ganzen Tag mal gar nichts. Abgesehen von Babyk\u00e4tzchen streicheln und Buch lesen, \u00fcber Glaube und Philosophie diskutieren und gemeinsam zu Kochen und zu Essen. Es war eine solche Wohltat, die Gelassenheit und Ruhe dieses Ortes zu genie\u00dfen und wir w\u00fcnschten schlie\u00dflich, wir h\u00e4tten uns entschieden noch einen oder zweit Tage l\u00e4nger zu bleiben. Doch wir bef\u00fcrchteten, nicht rechtzeitig zur Ausreise an die Grenze zu kommen. <\/p>\n\n\n\n<p>Und so kam es schlie\u00dflich, dass wir uns auf der Gasse vor dem Hof von unseren wirklich ausgesprochen gro\u00dfz\u00fcgigen und liebevollen Gastgebern verabschieden mussten, die uns scheinbar ihrerseits ins Herz geschlossen hatten. Wir denken gerne an sie und hoffen sie eines Tages wieder zu treffen &lt;3<\/p>\n\n\n\n<figure class=\"wp-block-image\"><img decoding=\"async\" loading=\"lazy\" width=\"1024\" height=\"576\" src=\"http:\/\/lichri.radeln-in-den-sonnenaufgang.de\/wp-content\/uploads\/2019\/10\/DSC_0436_compress77-1024x576.jpg\" alt=\"\" class=\"wp-image-1092\" srcset=\"http:\/\/lichri.radeln-in-den-sonnenaufgang.de\/wp-content\/uploads\/2019\/10\/DSC_0436_compress77-1024x576.jpg 1024w, http:\/\/lichri.radeln-in-den-sonnenaufgang.de\/wp-content\/uploads\/2019\/10\/DSC_0436_compress77-300x169.jpg 300w, http:\/\/lichri.radeln-in-den-sonnenaufgang.de\/wp-content\/uploads\/2019\/10\/DSC_0436_compress77-768x432.jpg 768w, http:\/\/lichri.radeln-in-den-sonnenaufgang.de\/wp-content\/uploads\/2019\/10\/DSC_0436_compress77.jpg 1296w\" sizes=\"(max-width: 767px) 89vw, (max-width: 1000px) 54vw, (max-width: 1071px) 543px, 580px\" \/><\/figure>\n\n\n\n<ul class=\"is-layout-flex wp-block-gallery-51 wp-block-gallery columns-2 is-cropped\"><li class=\"blocks-gallery-item\"><figure><img decoding=\"async\" loading=\"lazy\" width=\"1024\" height=\"576\" src=\"http:\/\/lichri.radeln-in-den-sonnenaufgang.de\/wp-content\/uploads\/2019\/10\/DSC_0438_compress2-1024x576.jpg\" alt=\"\" data-id=\"1093\" data-link=\"http:\/\/lichri.radeln-in-den-sonnenaufgang.de\/?attachment_id=1093\" class=\"wp-image-1093\" srcset=\"http:\/\/lichri.radeln-in-den-sonnenaufgang.de\/wp-content\/uploads\/2019\/10\/DSC_0438_compress2-1024x576.jpg 1024w, http:\/\/lichri.radeln-in-den-sonnenaufgang.de\/wp-content\/uploads\/2019\/10\/DSC_0438_compress2-300x169.jpg 300w, http:\/\/lichri.radeln-in-den-sonnenaufgang.de\/wp-content\/uploads\/2019\/10\/DSC_0438_compress2-768x432.jpg 768w, http:\/\/lichri.radeln-in-den-sonnenaufgang.de\/wp-content\/uploads\/2019\/10\/DSC_0438_compress2.jpg 1280w\" sizes=\"(max-width: 767px) 89vw, (max-width: 1000px) 54vw, (max-width: 1071px) 543px, 580px\" \/><\/figure><\/li><li class=\"blocks-gallery-item\"><figure><img decoding=\"async\" loading=\"lazy\" width=\"1024\" height=\"576\" src=\"http:\/\/lichri.radeln-in-den-sonnenaufgang.de\/wp-content\/uploads\/2019\/10\/DSC_0441_compress5-1024x576.jpg\" alt=\"\" data-id=\"1094\" data-link=\"http:\/\/lichri.radeln-in-den-sonnenaufgang.de\/?attachment_id=1094\" class=\"wp-image-1094\" srcset=\"http:\/\/lichri.radeln-in-den-sonnenaufgang.de\/wp-content\/uploads\/2019\/10\/DSC_0441_compress5-1024x576.jpg 1024w, http:\/\/lichri.radeln-in-den-sonnenaufgang.de\/wp-content\/uploads\/2019\/10\/DSC_0441_compress5-300x169.jpg 300w, http:\/\/lichri.radeln-in-den-sonnenaufgang.de\/wp-content\/uploads\/2019\/10\/DSC_0441_compress5-768x432.jpg 768w, http:\/\/lichri.radeln-in-den-sonnenaufgang.de\/wp-content\/uploads\/2019\/10\/DSC_0441_compress5.jpg 1280w\" sizes=\"(max-width: 767px) 89vw, (max-width: 1000px) 54vw, (max-width: 1071px) 543px, 580px\" \/><\/figure><\/li><\/ul>\n\n\n\n<figure class=\"wp-block-image\"><img decoding=\"async\" loading=\"lazy\" width=\"1024\" height=\"683\" src=\"http:\/\/lichri.radeln-in-den-sonnenaufgang.de\/wp-content\/uploads\/2019\/10\/IMG_5944_compress12-1024x683.jpg\" alt=\"\" class=\"wp-image-1097\" srcset=\"http:\/\/lichri.radeln-in-den-sonnenaufgang.de\/wp-content\/uploads\/2019\/10\/IMG_5944_compress12-1024x683.jpg 1024w, http:\/\/lichri.radeln-in-den-sonnenaufgang.de\/wp-content\/uploads\/2019\/10\/IMG_5944_compress12-300x200.jpg 300w, http:\/\/lichri.radeln-in-den-sonnenaufgang.de\/wp-content\/uploads\/2019\/10\/IMG_5944_compress12-768x512.jpg 768w, http:\/\/lichri.radeln-in-den-sonnenaufgang.de\/wp-content\/uploads\/2019\/10\/IMG_5944_compress12.jpg 1296w\" sizes=\"(max-width: 767px) 89vw, (max-width: 1000px) 54vw, (max-width: 1071px) 543px, 580px\" \/><figcaption>Kleiner Wegfund<\/figcaption><\/figure>\n\n\n\n<p><strong>On it goes! <\/strong><br>Vom Busfahren und Busfahrern &#8211; immerhin 35! &#8211; Zur\u00fcck in Stefans Hostel &#8211; Pausetag vor der Ausreise<\/p>\n\n\n\n<p>Um die Mittagszeit etwa kamen wir an das Busterminal Nord in Dalis Downtown. Es war kein Problem, ein Ticket zu bekommen, wenngleich wir einen Bus sp\u00e4ter nehmen mussten, als geplant. Was uns eher herausforderte, war der Busfahrer. Gerade als wir die R\u00e4der in den Bus packen wollten, er\u00f6ffnete er uns, er wolle 160 Yuan f\u00fcr ihren Transport haben. Uns sind fast die Augen aus dem Kopf gefallen. 160 Yuan! 20 Euro, soviel hatten wir nicht einmal gezahlt um die R\u00e4der in die Transsib zu bekommen. Eine absolute Unversch\u00e4mtheit. Und sicher nicht legal. Leider erwiesen wir uns nicht als standhaft genug, als der Busfahrer zur Eile dr\u00e4ngte, er m\u00fcsse jetzt losfahren. Nat\u00fcrlich hat er uns \u00fcbers Ohr gehauen und da half auch nicht, dass er auf 100 Yuan herunterging. <\/p>\n\n\n\n<p>Schlie\u00dflich kamen wir jedoch in Kunming an, wenn auch am Stadtrand, was wir nicht geahnt hatten. Insgesamt fuhren wir an unserem Bus-Tag also immer noch etwas mehr als 35km mit dem Rad, bevor wir zur\u00fcck zu Stefan in sein Glad Inn kamen. Auch wenn uns das Hostel nicht sonderlich gefiel und es selbst f\u00fcr den g\u00fcnstigen Preis immer noch zu schmuddelig war, kannten wir Stefan. Au\u00dferdem hatten wir zwei Gaskartuschen online hier hin bestellt. Die wurden uns ja auf den Weg nach Xichang abgenommen (siehe Anfang des Blogeintrags). <\/p>\n\n\n\n<p>Im Hostel hatten wir schlie\u00dflich endlich Zeit, diesen Blogeintrag zu schreiben \u2013 oder sagen wir: zu beginnen \ud83d\ude42<\/p>\n\n\n\n<figure class=\"wp-block-image\"><img decoding=\"async\" loading=\"lazy\" width=\"576\" height=\"1024\" src=\"http:\/\/lichri.radeln-in-den-sonnenaufgang.de\/wp-content\/uploads\/2019\/10\/DSC_0444_compress38-e1571596677894-576x1024.jpg\" alt=\"\" class=\"wp-image-1098\" srcset=\"http:\/\/lichri.radeln-in-den-sonnenaufgang.de\/wp-content\/uploads\/2019\/10\/DSC_0444_compress38-e1571596677894-576x1024.jpg 576w, http:\/\/lichri.radeln-in-den-sonnenaufgang.de\/wp-content\/uploads\/2019\/10\/DSC_0444_compress38-e1571596677894-169x300.jpg 169w, http:\/\/lichri.radeln-in-den-sonnenaufgang.de\/wp-content\/uploads\/2019\/10\/DSC_0444_compress38-e1571596677894.jpg 720w\" sizes=\"(max-width: 576px) 100vw, 576px\" \/><\/figure>\n\n\n\n<p>Zwischenspiel: Inzwischen hat Lisa keine Schokolade mehr am Mundwinkel. Auch sitzen wir nicht mehr in besagtem Hostel in Kunming. Immerhin sind wir schon so weit, das ich folgendes in der Retrospektive weiterschreiben kann:<\/p>\n\n\n\n<p>Das Warten auf die Bewilligung von Chris Vietnam-Visum gab uns zwei Tage Zwangspause, welche wir gr\u00f6\u00dftenteils auf der Dachterrasse des Hostels verbrachten, Katzen streichelten (Babykatzen!) und an deren Ende wir zwar das Visum, jedoch nicht das Gas in H\u00e4nden hielten. Nun gut, wir haben ja immer noch unseren Benzinkocher, der jetzt wieder funktioniert. Gas war nur so viel einfacher und sauberer zu handeln und wir h\u00e4tten mit zwei Kochern kochen k\u00f6nnen, wo wir doch schon beide mit uns herumfuhren. \ud83d\ude09 <\/p>\n\n\n\n<p>Am Abend des zweiten Tages in Kunming fuhren wir schlie\u00dflich mit ausgedruckten Visa zum Busbahnhof um ein Ticket f\u00fcr den n\u00e4chsten Tag, den 19. Oktober, zu bekommen \u2013 der Tag an dem unser Visum auslaufen w\u00fcrde. Wir fanden ein kleines Hotel mit Doppelzimmer und buchten es, doch als wir nach dem Ticketkauf dort ankamen, drau\u00dfen am Stadtrand, nahe des Busterminals, erkl\u00e4rte uns die Inhaberin, sie k\u00f6nne keine Ausl\u00e4nder aufnehmen. (So langsam haben wir dieses Land mit seinen dummen Regeln wirklich satt.) Sie schickte uns weiter zu einem Hotel, das sich als unbezahlbares Luxushotel mit g\u00fcnstigen R\u00e4umen ab 45 Euro pro Nacht herausstellte. Wir lehnten ab, w\u00fcrden eher drau\u00dfen schlafen. Doch das fand Lisa nicht so \u00fcberzeugend, weshalb wir schlussendlich f\u00fcr die letzte Nacht in China doch noch einmal in die Stadt radelten und hier ein sauberes, bezahlbares Bett genie\u00dfen durften \u2013 auch wenn wir um 6:30 Uhr dort aufbrechen m\u00fcssten. <\/p>\n\n\n\n<p>Wann waren wir das letzte mal so fr\u00fch wach? Wann hat das letzte Mal der Wecker vor dem Sonnenaufgang geklingelt? Schrecklich, die Vorstellung dies jeden Tag erleiden zu m\u00fcssen. W\u00e4hrend unserer Reise sind wir in vielen Dingen abgestumpft oder auch h\u00e4rter geworden, aber Wecker? Oh, die kann ich noch weniger leiden als davor (Chris).<\/p>\n\n\n\n<p>Wir haben es allerdings geschafft. Das Aufstehen und das rechtzeitig zum Bus kommen. Auf unserer Tour mussten wir einmal den Bus wechseln, doch beide Busfahrer hatten kein Interesse daran, uns f\u00fcr die R\u00e4der Geld abzukn\u00f6pfen. Freundliche Grenzbeamte in Hekou halfen uns schlie\u00dflich, lotsten uns nacheinander durch die Passkontrollen in der Immigration-Office und halfen uns durch die Zollkontrolle, vor der sich eine lange Reihe schwer beladener Fahrr\u00e4der reihte. Keine Reisenden, nein. <\/p>\n\n\n\n<figure class=\"wp-block-image\"><img decoding=\"async\" loading=\"lazy\" width=\"1024\" height=\"576\" src=\"http:\/\/lichri.radeln-in-den-sonnenaufgang.de\/wp-content\/uploads\/2019\/10\/DSC_0467-1024x576.jpg\" alt=\"\" class=\"wp-image-1102\" srcset=\"http:\/\/lichri.radeln-in-den-sonnenaufgang.de\/wp-content\/uploads\/2019\/10\/DSC_0467-1024x576.jpg 1024w, http:\/\/lichri.radeln-in-den-sonnenaufgang.de\/wp-content\/uploads\/2019\/10\/DSC_0467-300x169.jpg 300w, http:\/\/lichri.radeln-in-den-sonnenaufgang.de\/wp-content\/uploads\/2019\/10\/DSC_0467-768x432.jpg 768w\" sizes=\"(max-width: 767px) 89vw, (max-width: 1000px) 54vw, (max-width: 1071px) 543px, 580px\" \/><\/figure>\n\n\n\n<p>Kistenweise beladen mit Waren aus China rollte hier ein Rad nach dem anderen zu den R\u00f6ntgen-Scannern und weiter \u00fcber die Br\u00fccke \u00fcber den Grenzfluss, den auch wir an dieser Stelle\u2026<\/p>\n\n\n\n<figure class=\"wp-block-image\"><img decoding=\"async\" loading=\"lazy\" width=\"683\" height=\"1024\" src=\"http:\/\/lichri.radeln-in-den-sonnenaufgang.de\/wp-content\/uploads\/2019\/10\/IMG_5958_compress17-e1571597236669-683x1024.jpg\" alt=\"\" class=\"wp-image-1100\" srcset=\"http:\/\/lichri.radeln-in-den-sonnenaufgang.de\/wp-content\/uploads\/2019\/10\/IMG_5958_compress17-e1571597236669-683x1024.jpg 683w, http:\/\/lichri.radeln-in-den-sonnenaufgang.de\/wp-content\/uploads\/2019\/10\/IMG_5958_compress17-e1571597236669-200x300.jpg 200w, http:\/\/lichri.radeln-in-den-sonnenaufgang.de\/wp-content\/uploads\/2019\/10\/IMG_5958_compress17-e1571597236669-768x1152.jpg 768w, http:\/\/lichri.radeln-in-den-sonnenaufgang.de\/wp-content\/uploads\/2019\/10\/IMG_5958_compress17-e1571597236669.jpg 864w\" sizes=\"(max-width: 683px) 100vw, 683px\" \/><\/figure>\n\n\n\n<figure class=\"wp-block-image\"><img decoding=\"async\" loading=\"lazy\" width=\"1024\" height=\"683\" src=\"http:\/\/lichri.radeln-in-den-sonnenaufgang.de\/wp-content\/uploads\/2019\/10\/IMG_5956_compress19-1024x683.jpg\" alt=\"\" class=\"wp-image-1101\" srcset=\"http:\/\/lichri.radeln-in-den-sonnenaufgang.de\/wp-content\/uploads\/2019\/10\/IMG_5956_compress19-1024x683.jpg 1024w, http:\/\/lichri.radeln-in-den-sonnenaufgang.de\/wp-content\/uploads\/2019\/10\/IMG_5956_compress19-300x200.jpg 300w, http:\/\/lichri.radeln-in-den-sonnenaufgang.de\/wp-content\/uploads\/2019\/10\/IMG_5956_compress19-768x512.jpg 768w, http:\/\/lichri.radeln-in-den-sonnenaufgang.de\/wp-content\/uploads\/2019\/10\/IMG_5956_compress19.jpg 1296w\" sizes=\"(max-width: 767px) 89vw, (max-width: 1000px) 54vw, (max-width: 1071px) 543px, 580px\" \/><\/figure>\n\n\n\n<p><strong>Next level<\/strong><br>Vietnam \ud83d\ude42 Okay okay. Mehr erfahrt ihr dann beim n\u00e4chsten Mal! Jetzt ist&#8217;s auch wirklich mal genug &#8230; <br> (Spoileralarm! \u2013 Wir sind inzwischen schon raus aus der Volksrepublik China\u2026 \ud83d\ude1b )<\/p>\n\n\n\n<p>Bis zum n\u00e4chsten Update dann! Wir versuchen jetzt wirklich, die Abst\u00e4nde zwischen den Eintr\u00e4gen zu verk\u00fcrzen und etwas knapper zu werden. Anyways, lasst uns gerne wieder Kommentare da und sagt uns, was euch gef\u00e4llt,  gebt Tipps,  stellt Fragen \ud83d\ude42  Wir freuen uns immer, von euch zu lesen!<\/p>\n\n\n\n<p>See ya!<\/p>\n","protected":false},"excerpt":{"rendered":"<p>Die Tischdecken der Nachbartische tropfen noch. Es ist frisch. In Regenjacken, Pullies, Wollsocken und langen Hosen sitzen wir auf einem der trocken gebliebenen Sofas der Dachterrasse in Stefans Absteige \u201eGlad Inn\u201c in Kunming. W\u00e4hrend Lisa die letzten Seiten ihres Romans beendet, streichelt ihre Hand unabl\u00e4ssig das kleine schwarze Katzenjunge auf ihrem Scho\u00df. \u00dcber Kopfh\u00f6rer, die &hellip; <\/p>\n<p class=\"link-more\"><a href=\"http:\/\/lichri.radeln-in-den-sonnenaufgang.de\/?p=916\" class=\"more-link\"><span class=\"screen-reader-text\">\u201eIn den Bergen Chinas\u201c<\/span> weiterlesen<\/a><\/p>\n","protected":false},"author":3,"featured_media":970,"comment_status":"open","ping_status":"open","sticky":false,"template":"","format":"standard","meta":[],"categories":[1],"tags":[],"_links":{"self":[{"href":"http:\/\/lichri.radeln-in-den-sonnenaufgang.de\/index.php?rest_route=\/wp\/v2\/posts\/916"}],"collection":[{"href":"http:\/\/lichri.radeln-in-den-sonnenaufgang.de\/index.php?rest_route=\/wp\/v2\/posts"}],"about":[{"href":"http:\/\/lichri.radeln-in-den-sonnenaufgang.de\/index.php?rest_route=\/wp\/v2\/types\/post"}],"author":[{"embeddable":true,"href":"http:\/\/lichri.radeln-in-den-sonnenaufgang.de\/index.php?rest_route=\/wp\/v2\/users\/3"}],"replies":[{"embeddable":true,"href":"http:\/\/lichri.radeln-in-den-sonnenaufgang.de\/index.php?rest_route=%2Fwp%2Fv2%2Fcomments&post=916"}],"version-history":[{"count":2,"href":"http:\/\/lichri.radeln-in-den-sonnenaufgang.de\/index.php?rest_route=\/wp\/v2\/posts\/916\/revisions"}],"predecessor-version":[{"id":1103,"href":"http:\/\/lichri.radeln-in-den-sonnenaufgang.de\/index.php?rest_route=\/wp\/v2\/posts\/916\/revisions\/1103"}],"wp:featuredmedia":[{"embeddable":true,"href":"http:\/\/lichri.radeln-in-den-sonnenaufgang.de\/index.php?rest_route=\/wp\/v2\/media\/970"}],"wp:attachment":[{"href":"http:\/\/lichri.radeln-in-den-sonnenaufgang.de\/index.php?rest_route=%2Fwp%2Fv2%2Fmedia&parent=916"}],"wp:term":[{"taxonomy":"category","embeddable":true,"href":"http:\/\/lichri.radeln-in-den-sonnenaufgang.de\/index.php?rest_route=%2Fwp%2Fv2%2Fcategories&post=916"},{"taxonomy":"post_tag","embeddable":true,"href":"http:\/\/lichri.radeln-in-den-sonnenaufgang.de\/index.php?rest_route=%2Fwp%2Fv2%2Ftags&post=916"}],"curies":[{"name":"wp","href":"https:\/\/api.w.org\/{rel}","templated":true}]}}