{"id":776,"date":"2019-09-26T07:12:13","date_gmt":"2019-09-26T07:12:13","guid":{"rendered":"http:\/\/lichri.radeln-in-den-sonnenaufgang.de\/?p=776"},"modified":"2019-09-26T07:12:13","modified_gmt":"2019-09-26T07:12:13","slug":"im-reich-der-mitte","status":"publish","type":"post","link":"http:\/\/lichri.radeln-in-den-sonnenaufgang.de\/?p=776","title":{"rendered":"Im Reich der Mitte"},"content":{"rendered":"\n<p>Die Nebelberge &#8211;  Hitze und Versorgung auf der Fahrt nach Huaihua &#8211; Sperrgebiet &#8211; Guilin \u2013 Karst am Li \u2013 Yangshuo<\/p>\n\n\n\n<p>Ihr sch\u00f6nen Menschen, <br>da der letzte Blogeintrag mit einem kleinen Cliffhanger endete, wollen wir euch nicht l\u00e4nger auf die Folter spannen \u2013 nur noch ein bisschen.<\/p>\n\n\n\n<p>In der Nacht, die wir mit dem Zug von Peking nach Zhangjiajie gefahren sind, sind Lisa einige unsch\u00f6ne Gedanken durch den Kopf gegangen, die sie nicht wieder einschlafen liesen: Was, wenn die R\u00e4der nicht mit dem Zug, sondern mit dem Flugzeug gebracht werden? Hat der Mann nicht mit seinem Arm eine Bewegung gemacht, die so etwas angedeutet haben k\u00f6nnte? Und wenn die R\u00e4der mit dem Flugzeug verschickt werden, dann ist es wohl nicht so sicher, dass wir unsere Gaskartuschen noch in den Taschen hatten, oder? Wie ist das mit Unter- oder \u00dcberdruck? K\u00f6nnen die dann explodieren? Und was passiert dann? W\u00e4ren nur die Taschen kaputt, oder st\u00fcrzt das komplette Flugzeug ab? Wahrscheinlich werden sie aber mit dem Zug verschickt \u2013 muss doch so sein, immerhin hei\u00dft das ja Railway Express\u2026 Dann k\u00f6nnte es aber passieren, dass die Gasflaschen bei der Hitze explodieren, wenn sie die Taschen in der Sonne stehen lassen. Oder? Vielleicht haben sie aber auch die Gasflaschen noch rausgenommen, nachdem sie die Taschen durchleuchtet haben. Sind dann unsere anderen Wertsachen vor ihnen sicher, oder haben sie auch unsere Haarschere, die anderen Messer und mein Deo rausgenommen? Gedankenkreise ohne Ende. Mit dieser Spannung musste Lisa die n\u00e4chsten Tage noch leben, jedoch hatten wir viel Ablenkung und deshalb war es nicht ganz so schlimm.  <\/p>\n\n\n\n<p>Die Nebelberge<\/p>\n\n\n\n<p>In Zhangjiajie angekommen stiegen wir aus dem Zug und liefen wie gegen eine Wand \u2013 feucht hei\u00dfes Klima erwartete uns. Nach einer kurzen Orientierungsphase fanden wir den China Railway Express und da die R\u00e4der wie erwartet nicht mit uns angekommen sind, vereinbarten wir, dass wir sie zwei Tage sp\u00e4ter erst abholen w\u00fcrden. In der Zwischenzeit w\u00fcrden wir die fantastischen Nebelberge im Zhangjiajie Forest Nationalpark besteigen. <br>Am fr\u00fchen Nachmittag kamen wir in unserem Hostel an. Da es zu sp\u00e4t war an diesem Tag bereits in den Park zu gehen, entschieden wir uns einen kleinen Spaziergang durch Wulingyuan zu machen \u2013 eine sch\u00f6ne Kleinstadt, umgeben von Bergen, durchzogen von einem Fluss. Ein perfekter Platz, um sch\u00f6ne Bilder zu machen, wurde bald gefunden. Wir hatten viel Spa\u00df beim Posen, bis in einer unvorsichtigen Sekunde sowohl die teure Fahrradbrille, als auch die Roomcard des Hotels im Fluss landete\u2026 Tja, Shit happens (auch wenn der frustrierte Chris das in dem Moment so nicht abgetan hatte). \ud83d\ude09<\/p>\n\n\n\n<figure class=\"wp-block-image\"><img decoding=\"async\" loading=\"lazy\" width=\"683\" height=\"1024\" src=\"http:\/\/lichri.radeln-in-den-sonnenaufgang.de\/wp-content\/uploads\/2019\/09\/IMG_1502_compress37-e1569467130234-683x1024.jpg\" alt=\"\" class=\"wp-image-760\" srcset=\"http:\/\/lichri.radeln-in-den-sonnenaufgang.de\/wp-content\/uploads\/2019\/09\/IMG_1502_compress37-e1569467130234-683x1024.jpg 683w, http:\/\/lichri.radeln-in-den-sonnenaufgang.de\/wp-content\/uploads\/2019\/09\/IMG_1502_compress37-e1569467130234-200x300.jpg 200w, http:\/\/lichri.radeln-in-den-sonnenaufgang.de\/wp-content\/uploads\/2019\/09\/IMG_1502_compress37-e1569467130234-768x1152.jpg 768w, http:\/\/lichri.radeln-in-den-sonnenaufgang.de\/wp-content\/uploads\/2019\/09\/IMG_1502_compress37-e1569467130234.jpg 864w\" sizes=\"(max-width: 683px) 100vw, 683px\" \/><\/figure>\n\n\n\n<p>Tags drauf st\u00fcrzten wir uns daf\u00fcr wieder guter Dinge in ein neues Abenteuer! Schon fr\u00fch am Morgen wurden wir von lauten Stimmen und dem Zuschlagen von T\u00fcren im Hostel geweckt. Die Anderen wollten wohl zeitig los. Der Grund daf\u00fcr wurde uns \u2013 als wir uns dem Park n\u00e4herten \u2013 auch schnell bewusst. Ein Touribus nach dem anderen stoppte vor dem riesigen Eingangs-Vorplatz. Im Halb-Minutentakt spuckten Bus um Bus hunderte Touristen aus, die sich zu den bereits vor dem Eingang f\u00fcr Selfies posierenden Touris gesellten. Es waren Tausende, zu etwa 95 Prozent Chinesen. <br>Angef\u00fchrt von scheppernd verst\u00e4rkt dr\u00f6hnenden und F\u00e4hnchen schwingenden Guides trudelte Gruppe um Gruppe dem Eingang zum Park entgegen, wo sich lange Schlagen vor den zig Drehkreuzen mit Fingerabdruck- und Kartenscannern nebeneinander reihten. Im n\u00e4chsten Level ging es dann darum, einen Bus zu finden, der einen dahin bringt, wo man hinwollte\u2026 Zur Seilbahn? \u2013 Pah! Zum Aufzug?! \u2013 NEVER!!! Nat\u00fcrlich w\u00fcrden wir die Berge ZU FUSS besteigen! Immerhin haben uns unsere strammen Wadeln bis hier her gebracht, da werden die doch wohl so ein paar H\u00fcgelchen hochlaufen \u2013 ufff\u2026 Okay, es war schon eine wirklich schwei\u00dftreibende Angelegenheit, besonders angesichts des hier vorherrschenden Klimas! Aber immerhin haben wir uns damit nochmal 20 Euro gespart \ud83d\ude09<\/p>\n\n\n\n<figure class=\"wp-block-image\"><img decoding=\"async\" loading=\"lazy\" width=\"1024\" height=\"683\" src=\"http:\/\/lichri.radeln-in-den-sonnenaufgang.de\/wp-content\/uploads\/2019\/09\/IMG_1543_compress91-1024x683.jpg\" alt=\"\" class=\"wp-image-836\" srcset=\"http:\/\/lichri.radeln-in-den-sonnenaufgang.de\/wp-content\/uploads\/2019\/09\/IMG_1543_compress91-1024x683.jpg 1024w, http:\/\/lichri.radeln-in-den-sonnenaufgang.de\/wp-content\/uploads\/2019\/09\/IMG_1543_compress91-300x200.jpg 300w, http:\/\/lichri.radeln-in-den-sonnenaufgang.de\/wp-content\/uploads\/2019\/09\/IMG_1543_compress91-768x512.jpg 768w, http:\/\/lichri.radeln-in-den-sonnenaufgang.de\/wp-content\/uploads\/2019\/09\/IMG_1543_compress91.jpg 1296w\" sizes=\"(max-width: 767px) 89vw, (max-width: 1000px) 54vw, (max-width: 1071px) 543px, 580px\" \/><\/figure>\n\n\n\n<figure class=\"wp-block-image\"><img decoding=\"async\" loading=\"lazy\" width=\"683\" height=\"1024\" src=\"http:\/\/lichri.radeln-in-den-sonnenaufgang.de\/wp-content\/uploads\/2019\/09\/IMG_1752_compress59-e1569467638438-683x1024.jpg\" alt=\"\" class=\"wp-image-839\" srcset=\"http:\/\/lichri.radeln-in-den-sonnenaufgang.de\/wp-content\/uploads\/2019\/09\/IMG_1752_compress59-e1569467638438-683x1024.jpg 683w, http:\/\/lichri.radeln-in-den-sonnenaufgang.de\/wp-content\/uploads\/2019\/09\/IMG_1752_compress59-e1569467638438-200x300.jpg 200w, http:\/\/lichri.radeln-in-den-sonnenaufgang.de\/wp-content\/uploads\/2019\/09\/IMG_1752_compress59-e1569467638438-768x1152.jpg 768w, http:\/\/lichri.radeln-in-den-sonnenaufgang.de\/wp-content\/uploads\/2019\/09\/IMG_1752_compress59-e1569467638438.jpg 864w\" sizes=\"(max-width: 683px) 100vw, 683px\" \/><\/figure>\n\n\n\n<p>Das Wandern hatte jedoch noch mehr Vorteile als reine Geldersparnis. Zum einen sind die chinesischen Touri-Gruppen nicht daran interessiert die Berge zu besteigen, wenn es doch eine Gondel oder einen sagenhaften Aufzug gibt. Dementsprechend hatten wir, nachdem wir den Bus verlassen und den richtigen Weg zum Aufstieg gefunden hatten, diesen so gut wie f\u00fcr uns alleine. Den Weg zu finden war jedoch gar nicht so leicht, eben weil er so unpopul\u00e4r war. Wunderbare Ruhe umgab uns, unterbrochen nur von nat\u00fcrlichen Waldger\u00e4uschen und \u2013 und da w\u00e4ren wir bei einem weiteren Pluspunkt f\u00fcr\u2019s Laufen \u2013 von dem Miauen eines kleinen K\u00e4tzchens. Dankbar nahm Lisa die Gelegenheit an eine halbe Stunde Wanderpause einzulegen und zu spielen und zu schmusen. <\/p>\n\n\n\n<ul class=\"is-layout-flex wp-block-gallery-1 wp-block-gallery columns-2 is-cropped\"><li class=\"blocks-gallery-item\"><figure><img decoding=\"async\" loading=\"lazy\" width=\"1024\" height=\"683\" src=\"http:\/\/lichri.radeln-in-den-sonnenaufgang.de\/wp-content\/uploads\/2019\/09\/IMG_1706_compress72-1024x683.jpg\" alt=\"\" data-id=\"841\" data-link=\"http:\/\/lichri.radeln-in-den-sonnenaufgang.de\/?attachment_id=841\" class=\"wp-image-841\" srcset=\"http:\/\/lichri.radeln-in-den-sonnenaufgang.de\/wp-content\/uploads\/2019\/09\/IMG_1706_compress72-1024x683.jpg 1024w, http:\/\/lichri.radeln-in-den-sonnenaufgang.de\/wp-content\/uploads\/2019\/09\/IMG_1706_compress72-300x200.jpg 300w, http:\/\/lichri.radeln-in-den-sonnenaufgang.de\/wp-content\/uploads\/2019\/09\/IMG_1706_compress72-768x512.jpg 768w, http:\/\/lichri.radeln-in-den-sonnenaufgang.de\/wp-content\/uploads\/2019\/09\/IMG_1706_compress72.jpg 1296w\" sizes=\"(max-width: 767px) 89vw, (max-width: 1000px) 54vw, (max-width: 1071px) 543px, 580px\" \/><\/figure><\/li><li class=\"blocks-gallery-item\"><figure><img decoding=\"async\" loading=\"lazy\" width=\"683\" height=\"1024\" src=\"http:\/\/lichri.radeln-in-den-sonnenaufgang.de\/wp-content\/uploads\/2019\/09\/IMG_1642_compress16-e1569467617851-683x1024.jpg\" alt=\"\" data-id=\"838\" data-link=\"http:\/\/lichri.radeln-in-den-sonnenaufgang.de\/?attachment_id=838\" class=\"wp-image-838\" srcset=\"http:\/\/lichri.radeln-in-den-sonnenaufgang.de\/wp-content\/uploads\/2019\/09\/IMG_1642_compress16-e1569467617851-683x1024.jpg 683w, http:\/\/lichri.radeln-in-den-sonnenaufgang.de\/wp-content\/uploads\/2019\/09\/IMG_1642_compress16-e1569467617851-200x300.jpg 200w, http:\/\/lichri.radeln-in-den-sonnenaufgang.de\/wp-content\/uploads\/2019\/09\/IMG_1642_compress16-e1569467617851-768x1152.jpg 768w, http:\/\/lichri.radeln-in-den-sonnenaufgang.de\/wp-content\/uploads\/2019\/09\/IMG_1642_compress16-e1569467617851.jpg 864w\" sizes=\"(max-width: 683px) 100vw, 683px\" \/><\/figure><\/li><\/ul>\n\n\n\n<p>Am liebsten h\u00e4tten wir das kleine Wesen in unseren Rucksack gepackt und mitgenommen. Aber so begeistert war die kleine Maus davon dann doch nicht. <br> Schritt f\u00fcr Schritt schoben wir uns weiter nach oben und der Ausblick auf die umstehenden Felst\u00fcrme wurde immer fantastischer. Je steiler der Anstieg wurde, desto \u00f6fter gab der Wald uns freie Sicht auf die gegen\u00fcberliegenden, zerkl\u00fcfteten Bergw\u00e4nde und deren sich zum Himmel streckenden, fingerf\u00f6rmig steinernen Ausl\u00e4ufern. Stand man am Fu\u00df der Kolosse, so brach man sich fast den Hals, um zu deren bewaldeten Spitzen hinaufzuschauen. Stand man schlie\u00dflich oben an einer der vielen Aussichtspunkte und wollte sehen, wo diese Himmelss\u00e4ulen wurzelten, so st\u00fcrzte man fast vom Gel\u00e4nder, auf das man steigen musste, um in die endlose Tiefe unter der senkrecht abfallenden Klippe zu blicken. Kurzum: Es war atemberaubend! Besonders sch\u00f6n anzusehen waren die vom Dunst in den T\u00e4lern unterschiedlich gef\u00e4rbten Schemen der Felst\u00fcrme, die sich zum Horizont hin blasser f\u00e4rbten und dem dadurch etwas getr\u00fcbten Anblick eine zus\u00e4tzliche Tiefe gaben. <\/p>\n\n\n\n<ul class=\"is-layout-flex wp-block-gallery-3 wp-block-gallery columns-3 is-cropped\"><li class=\"blocks-gallery-item\"><figure><img decoding=\"async\" loading=\"lazy\" width=\"683\" height=\"1024\" src=\"http:\/\/lichri.radeln-in-den-sonnenaufgang.de\/wp-content\/uploads\/2019\/09\/IMG_1587_compress33-e1569467560339-683x1024.jpg\" alt=\"\" data-id=\"837\" data-link=\"http:\/\/lichri.radeln-in-den-sonnenaufgang.de\/?attachment_id=837\" class=\"wp-image-837\" srcset=\"http:\/\/lichri.radeln-in-den-sonnenaufgang.de\/wp-content\/uploads\/2019\/09\/IMG_1587_compress33-e1569467560339-683x1024.jpg 683w, http:\/\/lichri.radeln-in-den-sonnenaufgang.de\/wp-content\/uploads\/2019\/09\/IMG_1587_compress33-e1569467560339-200x300.jpg 200w, http:\/\/lichri.radeln-in-den-sonnenaufgang.de\/wp-content\/uploads\/2019\/09\/IMG_1587_compress33-e1569467560339-768x1152.jpg 768w, http:\/\/lichri.radeln-in-den-sonnenaufgang.de\/wp-content\/uploads\/2019\/09\/IMG_1587_compress33-e1569467560339.jpg 864w\" sizes=\"(max-width: 683px) 100vw, 683px\" \/><\/figure><\/li><li class=\"blocks-gallery-item\"><figure><img decoding=\"async\" loading=\"lazy\" width=\"683\" height=\"1024\" src=\"http:\/\/lichri.radeln-in-den-sonnenaufgang.de\/wp-content\/uploads\/2019\/09\/IMG_1842_compress57-e1569467670397-683x1024.jpg\" alt=\"\" data-id=\"842\" data-link=\"http:\/\/lichri.radeln-in-den-sonnenaufgang.de\/?attachment_id=842\" class=\"wp-image-842\" srcset=\"http:\/\/lichri.radeln-in-den-sonnenaufgang.de\/wp-content\/uploads\/2019\/09\/IMG_1842_compress57-e1569467670397-683x1024.jpg 683w, http:\/\/lichri.radeln-in-den-sonnenaufgang.de\/wp-content\/uploads\/2019\/09\/IMG_1842_compress57-e1569467670397-200x300.jpg 200w, http:\/\/lichri.radeln-in-den-sonnenaufgang.de\/wp-content\/uploads\/2019\/09\/IMG_1842_compress57-e1569467670397-768x1152.jpg 768w, http:\/\/lichri.radeln-in-den-sonnenaufgang.de\/wp-content\/uploads\/2019\/09\/IMG_1842_compress57-e1569467670397.jpg 864w\" sizes=\"(max-width: 683px) 100vw, 683px\" \/><\/figure><\/li><li class=\"blocks-gallery-item\"><figure><img decoding=\"async\" loading=\"lazy\" width=\"683\" height=\"1024\" src=\"http:\/\/lichri.radeln-in-den-sonnenaufgang.de\/wp-content\/uploads\/2019\/09\/IMG_2532_compress20-e1569467849763-683x1024.jpg\" alt=\"\" data-id=\"854\" data-link=\"http:\/\/lichri.radeln-in-den-sonnenaufgang.de\/?attachment_id=854\" class=\"wp-image-854\" srcset=\"http:\/\/lichri.radeln-in-den-sonnenaufgang.de\/wp-content\/uploads\/2019\/09\/IMG_2532_compress20-e1569467849763-683x1024.jpg 683w, http:\/\/lichri.radeln-in-den-sonnenaufgang.de\/wp-content\/uploads\/2019\/09\/IMG_2532_compress20-e1569467849763-200x300.jpg 200w, http:\/\/lichri.radeln-in-den-sonnenaufgang.de\/wp-content\/uploads\/2019\/09\/IMG_2532_compress20-e1569467849763-768x1152.jpg 768w, http:\/\/lichri.radeln-in-den-sonnenaufgang.de\/wp-content\/uploads\/2019\/09\/IMG_2532_compress20-e1569467849763.jpg 864w\" sizes=\"(max-width: 683px) 100vw, 683px\" \/><\/figure><\/li><li class=\"blocks-gallery-item\"><figure><img decoding=\"async\" loading=\"lazy\" width=\"1024\" height=\"683\" src=\"http:\/\/lichri.radeln-in-den-sonnenaufgang.de\/wp-content\/uploads\/2019\/09\/IMG_2051-1024x683.jpg\" alt=\"\" data-id=\"911\" data-link=\"http:\/\/lichri.radeln-in-den-sonnenaufgang.de\/?attachment_id=911\" class=\"wp-image-911\" srcset=\"http:\/\/lichri.radeln-in-den-sonnenaufgang.de\/wp-content\/uploads\/2019\/09\/IMG_2051-1024x683.jpg 1024w, http:\/\/lichri.radeln-in-den-sonnenaufgang.de\/wp-content\/uploads\/2019\/09\/IMG_2051-300x200.jpg 300w, http:\/\/lichri.radeln-in-den-sonnenaufgang.de\/wp-content\/uploads\/2019\/09\/IMG_2051-768x512.jpg 768w\" sizes=\"(max-width: 767px) 89vw, (max-width: 1000px) 54vw, (max-width: 1071px) 543px, 580px\" \/><\/figure><\/li><\/ul>\n\n\n\n<p>Besonders im Licht der untergehenden Sonne, das wir an beiden Tagen unseres Parkbesuches w\u00e4hrend der Abstiege genie\u00dfen durften, wurden die Formationen, die T\u00fcrme und Mauern, die \u00fcberh\u00e4ngenden und schwebend anmutenden Felseng\u00e4rten, T\u00e4ler, H\u00f6hlen und Aush\u00f6hlungen in Szene gesetzt. <\/p>\n\n\n\n<figure class=\"wp-block-image\"><img decoding=\"async\" loading=\"lazy\" width=\"683\" height=\"1024\" src=\"http:\/\/lichri.radeln-in-den-sonnenaufgang.de\/wp-content\/uploads\/2019\/09\/IMG_2641_compress42-e1569467910420-683x1024.jpg\" alt=\"\" class=\"wp-image-857\" srcset=\"http:\/\/lichri.radeln-in-den-sonnenaufgang.de\/wp-content\/uploads\/2019\/09\/IMG_2641_compress42-e1569467910420-683x1024.jpg 683w, http:\/\/lichri.radeln-in-den-sonnenaufgang.de\/wp-content\/uploads\/2019\/09\/IMG_2641_compress42-e1569467910420-200x300.jpg 200w, http:\/\/lichri.radeln-in-den-sonnenaufgang.de\/wp-content\/uploads\/2019\/09\/IMG_2641_compress42-e1569467910420-768x1152.jpg 768w, http:\/\/lichri.radeln-in-den-sonnenaufgang.de\/wp-content\/uploads\/2019\/09\/IMG_2641_compress42-e1569467910420.jpg 864w\" sizes=\"(max-width: 683px) 100vw, 683px\" \/><\/figure>\n\n\n\n<ul class=\"is-layout-flex wp-block-gallery-5 wp-block-gallery columns-2 is-cropped\"><li class=\"blocks-gallery-item\"><figure><img decoding=\"async\" loading=\"lazy\" width=\"1024\" height=\"683\" src=\"http:\/\/lichri.radeln-in-den-sonnenaufgang.de\/wp-content\/uploads\/2019\/09\/IMG_2349_compress87-1024x683.jpg\" alt=\"\" data-id=\"850\" data-link=\"http:\/\/lichri.radeln-in-den-sonnenaufgang.de\/?attachment_id=850\" class=\"wp-image-850\" srcset=\"http:\/\/lichri.radeln-in-den-sonnenaufgang.de\/wp-content\/uploads\/2019\/09\/IMG_2349_compress87-1024x683.jpg 1024w, http:\/\/lichri.radeln-in-den-sonnenaufgang.de\/wp-content\/uploads\/2019\/09\/IMG_2349_compress87-300x200.jpg 300w, http:\/\/lichri.radeln-in-den-sonnenaufgang.de\/wp-content\/uploads\/2019\/09\/IMG_2349_compress87-768x512.jpg 768w, http:\/\/lichri.radeln-in-den-sonnenaufgang.de\/wp-content\/uploads\/2019\/09\/IMG_2349_compress87.jpg 1296w\" sizes=\"(max-width: 767px) 89vw, (max-width: 1000px) 54vw, (max-width: 1071px) 543px, 580px\" \/><\/figure><\/li><li class=\"blocks-gallery-item\"><figure><img decoding=\"async\" loading=\"lazy\" width=\"1024\" height=\"683\" src=\"http:\/\/lichri.radeln-in-den-sonnenaufgang.de\/wp-content\/uploads\/2019\/09\/IMG_2337_compress20-1024x683.jpg\" alt=\"\" data-id=\"849\" data-link=\"http:\/\/lichri.radeln-in-den-sonnenaufgang.de\/?attachment_id=849\" class=\"wp-image-849\" srcset=\"http:\/\/lichri.radeln-in-den-sonnenaufgang.de\/wp-content\/uploads\/2019\/09\/IMG_2337_compress20-1024x683.jpg 1024w, http:\/\/lichri.radeln-in-den-sonnenaufgang.de\/wp-content\/uploads\/2019\/09\/IMG_2337_compress20-300x200.jpg 300w, http:\/\/lichri.radeln-in-den-sonnenaufgang.de\/wp-content\/uploads\/2019\/09\/IMG_2337_compress20-768x512.jpg 768w, http:\/\/lichri.radeln-in-den-sonnenaufgang.de\/wp-content\/uploads\/2019\/09\/IMG_2337_compress20.jpg 1296w\" sizes=\"(max-width: 767px) 89vw, (max-width: 1000px) 54vw, (max-width: 1071px) 543px, 580px\" \/><\/figure><\/li><\/ul>\n\n\n\n<figure class=\"wp-block-image\"><img decoding=\"async\" loading=\"lazy\" width=\"1024\" height=\"683\" src=\"http:\/\/lichri.radeln-in-den-sonnenaufgang.de\/wp-content\/uploads\/2019\/09\/IMG_2567_compress29-1024x683.jpg\" alt=\"\" class=\"wp-image-856\" srcset=\"http:\/\/lichri.radeln-in-den-sonnenaufgang.de\/wp-content\/uploads\/2019\/09\/IMG_2567_compress29-1024x683.jpg 1024w, http:\/\/lichri.radeln-in-den-sonnenaufgang.de\/wp-content\/uploads\/2019\/09\/IMG_2567_compress29-300x200.jpg 300w, http:\/\/lichri.radeln-in-den-sonnenaufgang.de\/wp-content\/uploads\/2019\/09\/IMG_2567_compress29-768x512.jpg 768w, http:\/\/lichri.radeln-in-den-sonnenaufgang.de\/wp-content\/uploads\/2019\/09\/IMG_2567_compress29.jpg 1296w\" sizes=\"(max-width: 767px) 89vw, (max-width: 1000px) 54vw, (max-width: 1071px) 543px, 580px\" \/><\/figure>\n\n\n\n<figure class=\"wp-block-image\"><img decoding=\"async\" loading=\"lazy\" width=\"683\" height=\"1024\" src=\"http:\/\/lichri.radeln-in-den-sonnenaufgang.de\/wp-content\/uploads\/2019\/09\/IMG_2484_compress90-e1569467879507-683x1024.jpg\" alt=\"\" class=\"wp-image-855\" srcset=\"http:\/\/lichri.radeln-in-den-sonnenaufgang.de\/wp-content\/uploads\/2019\/09\/IMG_2484_compress90-e1569467879507-683x1024.jpg 683w, http:\/\/lichri.radeln-in-den-sonnenaufgang.de\/wp-content\/uploads\/2019\/09\/IMG_2484_compress90-e1569467879507-200x300.jpg 200w, http:\/\/lichri.radeln-in-den-sonnenaufgang.de\/wp-content\/uploads\/2019\/09\/IMG_2484_compress90-e1569467879507-768x1152.jpg 768w, http:\/\/lichri.radeln-in-den-sonnenaufgang.de\/wp-content\/uploads\/2019\/09\/IMG_2484_compress90-e1569467879507.jpg 864w\" sizes=\"(max-width: 683px) 100vw, 683px\" \/><\/figure>\n\n\n\n<figure class=\"wp-block-image\"><img decoding=\"async\" loading=\"lazy\" width=\"683\" height=\"1024\" src=\"http:\/\/lichri.radeln-in-den-sonnenaufgang.de\/wp-content\/uploads\/2019\/09\/IMG_2660_compress26-e1569467975365-683x1024.jpg\" alt=\"\" class=\"wp-image-860\" srcset=\"http:\/\/lichri.radeln-in-den-sonnenaufgang.de\/wp-content\/uploads\/2019\/09\/IMG_2660_compress26-e1569467975365-683x1024.jpg 683w, http:\/\/lichri.radeln-in-den-sonnenaufgang.de\/wp-content\/uploads\/2019\/09\/IMG_2660_compress26-e1569467975365-200x300.jpg 200w, http:\/\/lichri.radeln-in-den-sonnenaufgang.de\/wp-content\/uploads\/2019\/09\/IMG_2660_compress26-e1569467975365-768x1152.jpg 768w, http:\/\/lichri.radeln-in-den-sonnenaufgang.de\/wp-content\/uploads\/2019\/09\/IMG_2660_compress26-e1569467975365.jpg 864w\" sizes=\"(max-width: 683px) 100vw, 683px\" \/><\/figure>\n\n\n\n<figure class=\"wp-block-image\"><img decoding=\"async\" loading=\"lazy\" width=\"1024\" height=\"683\" src=\"http:\/\/lichri.radeln-in-den-sonnenaufgang.de\/wp-content\/uploads\/2019\/09\/IMG_2643_compress20-1024x683.jpg\" alt=\"\" class=\"wp-image-858\" srcset=\"http:\/\/lichri.radeln-in-den-sonnenaufgang.de\/wp-content\/uploads\/2019\/09\/IMG_2643_compress20-1024x683.jpg 1024w, http:\/\/lichri.radeln-in-den-sonnenaufgang.de\/wp-content\/uploads\/2019\/09\/IMG_2643_compress20-300x200.jpg 300w, http:\/\/lichri.radeln-in-den-sonnenaufgang.de\/wp-content\/uploads\/2019\/09\/IMG_2643_compress20-768x512.jpg 768w, http:\/\/lichri.radeln-in-den-sonnenaufgang.de\/wp-content\/uploads\/2019\/09\/IMG_2643_compress20.jpg 1296w\" sizes=\"(max-width: 767px) 89vw, (max-width: 1000px) 54vw, (max-width: 1071px) 543px, 580px\" \/><\/figure>\n\n\n\n<figure class=\"wp-block-image\"><img decoding=\"async\" loading=\"lazy\" width=\"683\" height=\"1024\" src=\"http:\/\/lichri.radeln-in-den-sonnenaufgang.de\/wp-content\/uploads\/2019\/09\/IMG_1847_compress36-e1569467698206-683x1024.jpg\" alt=\"\" class=\"wp-image-843\" srcset=\"http:\/\/lichri.radeln-in-den-sonnenaufgang.de\/wp-content\/uploads\/2019\/09\/IMG_1847_compress36-e1569467698206-683x1024.jpg 683w, http:\/\/lichri.radeln-in-den-sonnenaufgang.de\/wp-content\/uploads\/2019\/09\/IMG_1847_compress36-e1569467698206-200x300.jpg 200w, http:\/\/lichri.radeln-in-den-sonnenaufgang.de\/wp-content\/uploads\/2019\/09\/IMG_1847_compress36-e1569467698206-768x1152.jpg 768w, http:\/\/lichri.radeln-in-den-sonnenaufgang.de\/wp-content\/uploads\/2019\/09\/IMG_1847_compress36-e1569467698206.jpg 864w\" sizes=\"(max-width: 683px) 100vw, 683px\" \/><\/figure>\n\n\n\n<p>Wir \u00fcberquerten eine nat\u00fcrliche Br\u00fccke \u00fcber einem mehrere hundert Meter tiefen Abgrund und sahen die Halleluja-Mountains, die James Cameron zur Kulisse des erfolgreichsten Streifens in der Geschichte des Filmbusiness inspirierten. Und wir lernten ein paar sehr nette, junge Deutsche kennen, die mit uns eine Weile wanderten\u2026 Wenn jemand hier wanderte, dann waren es ziemlich sicher Deutsche\u2026 Oder Affen.<\/p>\n\n\n\n<p>Was uns zu einem der \u2013 wenn auch nicht allzu erfreulichen \u2013 H\u00f6hepunkte unseres Parkbesuchs bringt. <\/p>\n\n\n\n<p>Damit hatten wir nicht gerechnet. Zwar sind wir an einem Schild zum \u201eAffengarten\u201c vorbeigekommen, dachten uns aber nicht wirklich etwas dabei. Am Abend des ersten Tages im Park kam es beim Abstieg dann zu einer unterwarteten Begegnung. Chris war gerade zum Fotografieren auf eine Plattform hinabgestiegen, als er Lisa rufen h\u00f6rte. Ged\u00e4mpft, wenn man das dann noch rufen nennen kann. \u201eChris\u2026 Da kommt ein Affe\u2026 Der kommt direkt auf mich zu\u2026\u201c. Chris machte noch ein letztes Foto, bevor er sich anschickte, zu Lisa aufzuschlie\u00dfen. Doch da kam schon die Entwarnung: \u201eDer geht einfach an mir vorbei.\u201c Auf dem Weg passierte er dann auch Chris und sein roter Affen-Hintern schaukelte im desinteressiert l\u00e4ssigen Gang, als er an Chris vorbeitapste. <\/p>\n\n\n\n<p>Sp\u00e4testens aber als wir am 2. Tag durch mehrere Affenkolonien stolpern mussten, die wegelagernd und mit allerlei Verpackungsm\u00fcll und das eine oder andere Affenbaby in den H\u00e4nden herumsa\u00dfen, mussten wir einsehen, dass wir Homos nicht die einzigen anwesenden Primaten waren. Es war auch recht am\u00fcsant, sich von Nervenkitzel begleitet an den behaarten Cousins vorbei zu zw\u00e4ngen und den anderen Touristen zuzusehen, wenn sie merkten, dass sich ihnen ein Affe von hinten n\u00e4herte und sie sich furchtbar erschraken. <\/p>\n\n\n\n<ul class=\"is-layout-flex wp-block-gallery-7 wp-block-gallery columns-3 is-cropped\"><li class=\"blocks-gallery-item\"><figure><img decoding=\"async\" loading=\"lazy\" width=\"1024\" height=\"683\" src=\"http:\/\/lichri.radeln-in-den-sonnenaufgang.de\/wp-content\/uploads\/2019\/09\/IMG_2296_compress83-1024x683.jpg\" alt=\"\" data-id=\"847\" data-link=\"http:\/\/lichri.radeln-in-den-sonnenaufgang.de\/?attachment_id=847\" class=\"wp-image-847\" srcset=\"http:\/\/lichri.radeln-in-den-sonnenaufgang.de\/wp-content\/uploads\/2019\/09\/IMG_2296_compress83-1024x683.jpg 1024w, http:\/\/lichri.radeln-in-den-sonnenaufgang.de\/wp-content\/uploads\/2019\/09\/IMG_2296_compress83-300x200.jpg 300w, http:\/\/lichri.radeln-in-den-sonnenaufgang.de\/wp-content\/uploads\/2019\/09\/IMG_2296_compress83-768x512.jpg 768w, http:\/\/lichri.radeln-in-den-sonnenaufgang.de\/wp-content\/uploads\/2019\/09\/IMG_2296_compress83.jpg 1296w\" sizes=\"(max-width: 767px) 89vw, (max-width: 1000px) 54vw, (max-width: 1071px) 543px, 580px\" \/><\/figure><\/li><li class=\"blocks-gallery-item\"><figure><img decoding=\"async\" loading=\"lazy\" width=\"1024\" height=\"683\" src=\"http:\/\/lichri.radeln-in-den-sonnenaufgang.de\/wp-content\/uploads\/2019\/09\/IMG_2227_compress21-1024x683.jpg\" alt=\"\" data-id=\"846\" data-link=\"http:\/\/lichri.radeln-in-den-sonnenaufgang.de\/?attachment_id=846\" class=\"wp-image-846\" srcset=\"http:\/\/lichri.radeln-in-den-sonnenaufgang.de\/wp-content\/uploads\/2019\/09\/IMG_2227_compress21-1024x683.jpg 1024w, http:\/\/lichri.radeln-in-den-sonnenaufgang.de\/wp-content\/uploads\/2019\/09\/IMG_2227_compress21-300x200.jpg 300w, http:\/\/lichri.radeln-in-den-sonnenaufgang.de\/wp-content\/uploads\/2019\/09\/IMG_2227_compress21-768x512.jpg 768w, http:\/\/lichri.radeln-in-den-sonnenaufgang.de\/wp-content\/uploads\/2019\/09\/IMG_2227_compress21.jpg 1296w\" sizes=\"(max-width: 767px) 89vw, (max-width: 1000px) 54vw, (max-width: 1071px) 543px, 580px\" \/><\/figure><\/li><li class=\"blocks-gallery-item\"><figure><img decoding=\"async\" loading=\"lazy\" width=\"1024\" height=\"683\" src=\"http:\/\/lichri.radeln-in-den-sonnenaufgang.de\/wp-content\/uploads\/2019\/09\/IMG_2646_compress34-1024x683.jpg\" alt=\"\" data-id=\"902\" data-link=\"http:\/\/lichri.radeln-in-den-sonnenaufgang.de\/?attachment_id=902\" class=\"wp-image-902\" srcset=\"http:\/\/lichri.radeln-in-den-sonnenaufgang.de\/wp-content\/uploads\/2019\/09\/IMG_2646_compress34-1024x683.jpg 1024w, http:\/\/lichri.radeln-in-den-sonnenaufgang.de\/wp-content\/uploads\/2019\/09\/IMG_2646_compress34-300x200.jpg 300w, http:\/\/lichri.radeln-in-den-sonnenaufgang.de\/wp-content\/uploads\/2019\/09\/IMG_2646_compress34-768x512.jpg 768w, http:\/\/lichri.radeln-in-den-sonnenaufgang.de\/wp-content\/uploads\/2019\/09\/IMG_2646_compress34.jpg 1296w\" sizes=\"(max-width: 767px) 89vw, (max-width: 1000px) 54vw, (max-width: 1071px) 543px, 580px\" \/><\/figure><\/li><\/ul>\n\n\n\n<p>Als wir uns schlie\u00dflich an einem ruhigen Fleck an einem Tisch niederlie\u00dfen um zu picknicken, kam \u2013 v\u00f6llig unbek\u00fcmmert und arglos \u2013 ein einzelner Affe, auf allen Vieren etwa 50 cm gro\u00df, aus dem Wald und kam schnurstracks auf uns zu. Das Ganze ging so schnell und er war so unbeeindruckt von unserem Aufstehen und Zischen und Rufen, dass wir es gar nicht glauben konnten, als er pl\u00f6tzlich gleich mehrere unserer Sachen vom Tisch schnappte und uns anstarrte. Nun schreiend und grabschend versuchten wir ihm seine Beute \u00fcber den Tisch hinweg zu entrei\u00dfen, doch der Affe h\u00fcpfte, die Toastpackung bereits ge\u00f6ffnet und vier bis f\u00fcnf Toasts im Maul, mit der restlichen Brotpackung einfach davon. Nicht einmal weit. Scheinbar waren wir keine Bedrohung f\u00fcr ihn. Also wurden wir aggressiver und offensiver. Mit allem Mut, den wir aufbringen konnten schafften wir es gerade mal vier Scheiben Toast aus den Klauen des Affen zur\u00fcck zu erobern. Da war\u2019s dahin \u2013 unser Mittagessen. Geld hatten wir ja auch keines mehr. Danke, Merkel ;). <\/p>\n\n\n\n<figure class=\"wp-block-image\"><img decoding=\"async\" loading=\"lazy\" width=\"1024\" height=\"683\" src=\"http:\/\/lichri.radeln-in-den-sonnenaufgang.de\/wp-content\/uploads\/2019\/09\/IMG_2380_compress6-1024x683.jpg\" alt=\"\" class=\"wp-image-851\" srcset=\"http:\/\/lichri.radeln-in-den-sonnenaufgang.de\/wp-content\/uploads\/2019\/09\/IMG_2380_compress6-1024x683.jpg 1024w, http:\/\/lichri.radeln-in-den-sonnenaufgang.de\/wp-content\/uploads\/2019\/09\/IMG_2380_compress6-300x200.jpg 300w, http:\/\/lichri.radeln-in-den-sonnenaufgang.de\/wp-content\/uploads\/2019\/09\/IMG_2380_compress6-768x512.jpg 768w, http:\/\/lichri.radeln-in-den-sonnenaufgang.de\/wp-content\/uploads\/2019\/09\/IMG_2380_compress6.jpg 1296w\" sizes=\"(max-width: 767px) 89vw, (max-width: 1000px) 54vw, (max-width: 1071px) 543px, 580px\" \/><figcaption>Hier sitzt er der \u00dcbelt\u00e4ter<\/figcaption><\/figure>\n\n\n\n<p>Nach einem mehr oder weniger \u201ewestlichem\u201c Fr\u00fchst\u00fcck, das wir uns vor der Abreise aus Wulingyuan g\u00f6nnten, fuhren wir mit dem Bus zur\u00fcck nach Zhangjiajie an den Bahnhof, wo wir hofften die R\u00e4der und das vollst\u00e4ndige Gep\u00e4ck entgegen nehmen zu k\u00f6nnen. Als wir in den gro\u00dfen Lagerraum sp\u00e4hten erkannten wir den riesen gro\u00dfen blauen Plastiksack, in den wir in Peking kurz vor der Abfahrt alle unsere Taschen geworfen hatten. Siehe da: Es gab keine Bombenexplosion und wir wurden nicht von Polizeibeamten erwartet \u2013 nun ja noch nicht, aber dazu kommen wir sp\u00e4ter. <br>Zufrieden und von mehreren Augenpaaren neugierig beobachtet, bepackten wir unsere R\u00e4der und machten uns auf den Weg in die ca. 700 km s\u00fcdlich gelegene Stadt Guilin. <\/p>\n\n\n\n<figure class=\"wp-block-image\"><img decoding=\"async\" loading=\"lazy\" width=\"768\" height=\"1024\" src=\"http:\/\/lichri.radeln-in-den-sonnenaufgang.de\/wp-content\/uploads\/2019\/09\/DSC_0696_compress19-e1569468278109-768x1024.jpg\" alt=\"\" class=\"wp-image-887\" srcset=\"http:\/\/lichri.radeln-in-den-sonnenaufgang.de\/wp-content\/uploads\/2019\/09\/DSC_0696_compress19-e1569468278109-768x1024.jpg 768w, http:\/\/lichri.radeln-in-den-sonnenaufgang.de\/wp-content\/uploads\/2019\/09\/DSC_0696_compress19-e1569468278109-225x300.jpg 225w, http:\/\/lichri.radeln-in-den-sonnenaufgang.de\/wp-content\/uploads\/2019\/09\/DSC_0696_compress19-e1569468278109.jpg 984w\" sizes=\"(max-width: 767px) 89vw, (max-width: 1000px) 54vw, (max-width: 1071px) 543px, 580px\" \/><\/figure>\n\n\n\n<p>Hitze und Versorgung auf der Fahrt nach Huaihua<\/p>\n\n\n\n<p>Weit kamen wir nicht. Nach etwas mehr als zwei Kilometern machte Lisa schlapp. Es war zu hei\u00df. Der Schwei\u00df floss aus allen erdenklichen Poren. Die Brille rutschte von der Nase, der Schwei\u00df brannte in den Augen. Neben der Hitze \u2013 so sollte erw\u00e4hnt werden \u2013 ging es bergauf. Ein kleiner Vergleich: ihr sitzt in einer Sauna auf einem Hometrainer, der auf die schwerste Stufe eingestellt ist. Nur sitzen wir da nicht zum Schwitzen, sondern m\u00fcssen einen Berg rauf. Und dann den n\u00e4chsten und den n\u00e4chsten\u2026 Lisa war zum Heulen und Chris dann auch, denn der hatte wenig Geduld und Verst\u00e4ndnis. Zu Lisas Verteidigung: sie hat es durchgehalten. Ganze 18 km an diesem Tag, bevor wir uns am Abend eine Unterkunft suchten. <\/p>\n\n\n\n<figure class=\"wp-block-image\"><img decoding=\"async\" loading=\"lazy\" width=\"1024\" height=\"683\" src=\"http:\/\/lichri.radeln-in-den-sonnenaufgang.de\/wp-content\/uploads\/2019\/09\/IMG_2744_compress71-1024x683.jpg\" alt=\"\" class=\"wp-image-862\" srcset=\"http:\/\/lichri.radeln-in-den-sonnenaufgang.de\/wp-content\/uploads\/2019\/09\/IMG_2744_compress71-1024x683.jpg 1024w, http:\/\/lichri.radeln-in-den-sonnenaufgang.de\/wp-content\/uploads\/2019\/09\/IMG_2744_compress71-300x200.jpg 300w, http:\/\/lichri.radeln-in-den-sonnenaufgang.de\/wp-content\/uploads\/2019\/09\/IMG_2744_compress71-768x512.jpg 768w, http:\/\/lichri.radeln-in-den-sonnenaufgang.de\/wp-content\/uploads\/2019\/09\/IMG_2744_compress71.jpg 1296w\" sizes=\"(max-width: 767px) 89vw, (max-width: 1000px) 54vw, (max-width: 1071px) 543px, 580px\" \/><\/figure>\n\n\n\n<figure class=\"wp-block-image\"><img decoding=\"async\" loading=\"lazy\" width=\"683\" height=\"1024\" src=\"http:\/\/lichri.radeln-in-den-sonnenaufgang.de\/wp-content\/uploads\/2019\/09\/IMG_2742_compress90-e1569468033388-683x1024.jpg\" alt=\"\" class=\"wp-image-863\" srcset=\"http:\/\/lichri.radeln-in-den-sonnenaufgang.de\/wp-content\/uploads\/2019\/09\/IMG_2742_compress90-e1569468033388-683x1024.jpg 683w, http:\/\/lichri.radeln-in-den-sonnenaufgang.de\/wp-content\/uploads\/2019\/09\/IMG_2742_compress90-e1569468033388-200x300.jpg 200w, http:\/\/lichri.radeln-in-den-sonnenaufgang.de\/wp-content\/uploads\/2019\/09\/IMG_2742_compress90-e1569468033388-768x1152.jpg 768w, http:\/\/lichri.radeln-in-den-sonnenaufgang.de\/wp-content\/uploads\/2019\/09\/IMG_2742_compress90-e1569468033388.jpg 864w\" sizes=\"(max-width: 683px) 100vw, 683px\" \/><\/figure>\n\n\n\n<figure class=\"wp-block-image\"><img decoding=\"async\" loading=\"lazy\" width=\"1024\" height=\"683\" src=\"http:\/\/lichri.radeln-in-den-sonnenaufgang.de\/wp-content\/uploads\/2019\/09\/IMG_2791_compress22-1024x683.jpg\" alt=\"\" class=\"wp-image-864\" srcset=\"http:\/\/lichri.radeln-in-den-sonnenaufgang.de\/wp-content\/uploads\/2019\/09\/IMG_2791_compress22-1024x683.jpg 1024w, http:\/\/lichri.radeln-in-den-sonnenaufgang.de\/wp-content\/uploads\/2019\/09\/IMG_2791_compress22-300x200.jpg 300w, http:\/\/lichri.radeln-in-den-sonnenaufgang.de\/wp-content\/uploads\/2019\/09\/IMG_2791_compress22-768x512.jpg 768w, http:\/\/lichri.radeln-in-den-sonnenaufgang.de\/wp-content\/uploads\/2019\/09\/IMG_2791_compress22.jpg 1296w\" sizes=\"(max-width: 767px) 89vw, (max-width: 1000px) 54vw, (max-width: 1071px) 543px, 580px\" \/><\/figure>\n\n\n\n<p>Auszug aus dem Tagebuch: \u201eIch war fix und fertig, brauchte immer wieder lange Pausen, zog mich bis zum Sport BH aus und wischte mir den Schwei\u00df aus dem Gesicht so gut es ging, bevor er mir in die Augen laufen konnte. Die Aussichten waren immer wieder wundersch\u00f6n, aber durch die Anstregnung konnte ich das kaum genie\u00dfen. Ich bekam Durchfall von der Hitze. (..) Die Abfahrt war angenehmer, aber dennoch war alles nass. Als ob es den ganzen Tag geregnet h\u00e4tte, klebten die Kleider an mir. Wir entschieden uns ein Hotel zu nehmen und zu duschen. Jetzt sitzen wir hier, frisch geduscht, haben W\u00e4sche gewaschen und versuchen nicht zu oft auf das eklige Hockklo zu gehen, oder das unsinnige Waschbecken zu verwenden, aus dem der ganze Schmodder einfach wieder herausflie\u00dft. Wenigstens gibt es eine Klimaanlage, die einigerma\u00dfen funktioniert. Sie k\u00e4mpft summend gegen die Hitze. Wenn ich die Augen hebe, schaue ich auf das Bild einer barbusigen Asiatin. Ich mein: Sie ist sch\u00f6n, aber muss das sein? W\u00fcrde weniger ausmachen, wenn nicht die Tapeten von der Wand h\u00e4ngen w\u00fcrden. Wenigstens war das Essen gut.\u201c<\/p>\n\n\n\n<p>\u00c4hnlich ging es die n\u00e4chsten Tage weiter. Mehr als 50 km am Tag schafften wir wegen Hitze und st\u00e4ndigen steilen Aufstiegen nicht. Wir nahmen uns vor, fr\u00fch zu starten. Da es da noch am k\u00fchlsten war, nutzen die Zeit dann aber meistens, um doch noch etwas Schlaf zu bekommen. Mittags machten wir, wenn wir eine geeignete Stelle fanden, eine lange Mittagspause, um der gr\u00f6\u00dften Hitze zu entgehen, und fuhren am sp\u00e4ten Nachmittag weiter. Einmal waren wir ziemlich gl\u00fccklich und fanden einen Flusslauf, der direkt aus den Bergen zu kommen und deshalb recht sauber schien. Wir nutzten die Gelegenheit zum Baden \u2013 es war herrlich. <\/p>\n\n\n\n<figure class=\"wp-block-image\"><img decoding=\"async\" loading=\"lazy\" width=\"683\" height=\"1024\" src=\"http:\/\/lichri.radeln-in-den-sonnenaufgang.de\/wp-content\/uploads\/2019\/09\/IMG_2888_compress16-1-e1569468060754-683x1024.jpg\" alt=\"\" class=\"wp-image-866\" srcset=\"http:\/\/lichri.radeln-in-den-sonnenaufgang.de\/wp-content\/uploads\/2019\/09\/IMG_2888_compress16-1-e1569468060754-683x1024.jpg 683w, http:\/\/lichri.radeln-in-den-sonnenaufgang.de\/wp-content\/uploads\/2019\/09\/IMG_2888_compress16-1-e1569468060754-200x300.jpg 200w, http:\/\/lichri.radeln-in-den-sonnenaufgang.de\/wp-content\/uploads\/2019\/09\/IMG_2888_compress16-1-e1569468060754-768x1152.jpg 768w, http:\/\/lichri.radeln-in-den-sonnenaufgang.de\/wp-content\/uploads\/2019\/09\/IMG_2888_compress16-1-e1569468060754.jpg 864w\" sizes=\"(max-width: 683px) 100vw, 683px\" \/><\/figure>\n\n\n\n<p>Zwei Tage sp\u00e4ter nahmen wir erneut ein Hotel um zu duschen und \u00fcberlegten schon einen Tag Pause einzulegen, aber dann k\u00fchlte es am n\u00e4chsten Tag auf angenehme 27 Grad herunter und die Fahrt ging weiter. Wir besuchten den Ph\u00f6nix Tempel in Yuanlingxian, der eher eine Art Freizeitgel\u00e4nde mit Open-Air Karaoke war und waren recht sp\u00e4t wieder auf der der Stra\u00dfe. <\/p>\n\n\n\n<figure class=\"wp-block-image\"><img decoding=\"async\" loading=\"lazy\" width=\"1024\" height=\"576\" src=\"http:\/\/lichri.radeln-in-den-sonnenaufgang.de\/wp-content\/uploads\/2019\/09\/DSC_0054_1_compress84-1024x576.jpg\" alt=\"\" class=\"wp-image-870\" srcset=\"http:\/\/lichri.radeln-in-den-sonnenaufgang.de\/wp-content\/uploads\/2019\/09\/DSC_0054_1_compress84-1024x576.jpg 1024w, http:\/\/lichri.radeln-in-den-sonnenaufgang.de\/wp-content\/uploads\/2019\/09\/DSC_0054_1_compress84-300x169.jpg 300w, http:\/\/lichri.radeln-in-den-sonnenaufgang.de\/wp-content\/uploads\/2019\/09\/DSC_0054_1_compress84-768x432.jpg 768w, http:\/\/lichri.radeln-in-den-sonnenaufgang.de\/wp-content\/uploads\/2019\/09\/DSC_0054_1_compress84.jpg 1280w\" sizes=\"(max-width: 767px) 89vw, (max-width: 1000px) 54vw, (max-width: 1071px) 543px, 580px\" \/><\/figure>\n\n\n\n<p>Gegen Nachmittag erreichten wir ein kleines Restaurant und gingen Essen. Eine nette junge Chinesin sprach etwas Englisch und half uns beim Bestellen. Erst dachten wir, sie geh\u00f6rt zum Personal. Sie setzte sich zu uns und erkl\u00e4rte, dass sie uns zum Essen einladen w\u00fcrde. Wir wussten nicht, ob wir das richtig verstanden hatten und lie\u00dfen die Situation auf uns zukommen. Als sie ging schenkte sie uns eine gro\u00dfe T\u00fcte mit kleinen apfel\u00e4hnlichen Fr\u00fcchten und gab uns ihre Visitenkarte. Erst als wir gehen und bezahlen wollten, verstanden wir, dass sie das Essen bereits f\u00fcr uns bezahlt hatte. <\/p>\n\n\n\n<p>Unterwegs kamen wir immer wieder an terrassierten, organisch-geschwungenen Feldern vorbei, die sich in schmale und breitere T\u00e4ler hinaufzogen. Ansonsten ist fast alles besiedelt und wird zusehends bebaut\u2026 Die kleinen D\u00f6rfer sind belebt mit unz\u00e4hligen H\u00fchnern, Enten, Hunden und Kindern. Junge Erwachsene gibt es, doch die Alten dominieren das Bild. Man sieht sie oft gebeugt, teilweise buckelig mit ihren gro\u00dfen, runden Spitzh\u00fcten. Oft rechen sie das Getreide, sch\u00e4tzungsweise Reis, oder wenden es, wo es auf den Beton-Terrassen und Stra\u00dfen, Einfahrten und \u00f6ffentlichen Pl\u00e4tzen zum Trocknen in der Sonne liegt. <\/p>\n\n\n\n<figure class=\"wp-block-image\"><img decoding=\"async\" loading=\"lazy\" width=\"1024\" height=\"576\" src=\"http:\/\/lichri.radeln-in-den-sonnenaufgang.de\/wp-content\/uploads\/2019\/09\/DSC_0113_1_compress51-1024x576.jpg\" alt=\"\" class=\"wp-image-878\" srcset=\"http:\/\/lichri.radeln-in-den-sonnenaufgang.de\/wp-content\/uploads\/2019\/09\/DSC_0113_1_compress51-1024x576.jpg 1024w, http:\/\/lichri.radeln-in-den-sonnenaufgang.de\/wp-content\/uploads\/2019\/09\/DSC_0113_1_compress51-300x169.jpg 300w, http:\/\/lichri.radeln-in-den-sonnenaufgang.de\/wp-content\/uploads\/2019\/09\/DSC_0113_1_compress51-768x432.jpg 768w, http:\/\/lichri.radeln-in-den-sonnenaufgang.de\/wp-content\/uploads\/2019\/09\/DSC_0113_1_compress51.jpg 1280w\" sizes=\"(max-width: 767px) 89vw, (max-width: 1000px) 54vw, (max-width: 1071px) 543px, 580px\" \/><\/figure>\n\n\n\n<ul class=\"is-layout-flex wp-block-gallery-9 wp-block-gallery columns-3 is-cropped\"><li class=\"blocks-gallery-item\"><figure><img decoding=\"async\" loading=\"lazy\" width=\"1024\" height=\"576\" src=\"http:\/\/lichri.radeln-in-den-sonnenaufgang.de\/wp-content\/uploads\/2019\/09\/DSC_0006_compress94-1024x576.jpg\" alt=\"\" data-id=\"869\" data-link=\"http:\/\/lichri.radeln-in-den-sonnenaufgang.de\/?attachment_id=869\" class=\"wp-image-869\" srcset=\"http:\/\/lichri.radeln-in-den-sonnenaufgang.de\/wp-content\/uploads\/2019\/09\/DSC_0006_compress94-1024x576.jpg 1024w, http:\/\/lichri.radeln-in-den-sonnenaufgang.de\/wp-content\/uploads\/2019\/09\/DSC_0006_compress94-300x169.jpg 300w, http:\/\/lichri.radeln-in-den-sonnenaufgang.de\/wp-content\/uploads\/2019\/09\/DSC_0006_compress94-768x432.jpg 768w, http:\/\/lichri.radeln-in-den-sonnenaufgang.de\/wp-content\/uploads\/2019\/09\/DSC_0006_compress94.jpg 1280w\" sizes=\"(max-width: 767px) 89vw, (max-width: 1000px) 54vw, (max-width: 1071px) 543px, 580px\" \/><\/figure><\/li><li class=\"blocks-gallery-item\"><figure><img decoding=\"async\" loading=\"lazy\" width=\"1024\" height=\"576\" src=\"http:\/\/lichri.radeln-in-den-sonnenaufgang.de\/wp-content\/uploads\/2019\/09\/DSC_0064_compress89-1024x576.jpg\" alt=\"\" data-id=\"872\" data-link=\"http:\/\/lichri.radeln-in-den-sonnenaufgang.de\/?attachment_id=872\" class=\"wp-image-872\" srcset=\"http:\/\/lichri.radeln-in-den-sonnenaufgang.de\/wp-content\/uploads\/2019\/09\/DSC_0064_compress89-1024x576.jpg 1024w, http:\/\/lichri.radeln-in-den-sonnenaufgang.de\/wp-content\/uploads\/2019\/09\/DSC_0064_compress89-300x169.jpg 300w, http:\/\/lichri.radeln-in-den-sonnenaufgang.de\/wp-content\/uploads\/2019\/09\/DSC_0064_compress89-768x432.jpg 768w, http:\/\/lichri.radeln-in-den-sonnenaufgang.de\/wp-content\/uploads\/2019\/09\/DSC_0064_compress89.jpg 1280w\" sizes=\"(max-width: 767px) 89vw, (max-width: 1000px) 54vw, (max-width: 1071px) 543px, 580px\" \/><\/figure><\/li><li class=\"blocks-gallery-item\"><figure><img decoding=\"async\" loading=\"lazy\" width=\"1024\" height=\"576\" src=\"http:\/\/lichri.radeln-in-den-sonnenaufgang.de\/wp-content\/uploads\/2019\/09\/DSC_0042_compress35-1024x576.jpg\" alt=\"\" data-id=\"871\" data-link=\"http:\/\/lichri.radeln-in-den-sonnenaufgang.de\/?attachment_id=871\" class=\"wp-image-871\" srcset=\"http:\/\/lichri.radeln-in-den-sonnenaufgang.de\/wp-content\/uploads\/2019\/09\/DSC_0042_compress35-1024x576.jpg 1024w, http:\/\/lichri.radeln-in-den-sonnenaufgang.de\/wp-content\/uploads\/2019\/09\/DSC_0042_compress35-300x169.jpg 300w, http:\/\/lichri.radeln-in-den-sonnenaufgang.de\/wp-content\/uploads\/2019\/09\/DSC_0042_compress35-768x432.jpg 768w, http:\/\/lichri.radeln-in-den-sonnenaufgang.de\/wp-content\/uploads\/2019\/09\/DSC_0042_compress35.jpg 1280w\" sizes=\"(max-width: 767px) 89vw, (max-width: 1000px) 54vw, (max-width: 1071px) 543px, 580px\" \/><\/figure><\/li><li class=\"blocks-gallery-item\"><figure><img decoding=\"async\" loading=\"lazy\" width=\"1024\" height=\"576\" src=\"http:\/\/lichri.radeln-in-den-sonnenaufgang.de\/wp-content\/uploads\/2019\/09\/DSC_0097_1_compress51-1024x576.jpg\" alt=\"\" data-id=\"873\" data-link=\"http:\/\/lichri.radeln-in-den-sonnenaufgang.de\/?attachment_id=873\" class=\"wp-image-873\" srcset=\"http:\/\/lichri.radeln-in-den-sonnenaufgang.de\/wp-content\/uploads\/2019\/09\/DSC_0097_1_compress51-1024x576.jpg 1024w, http:\/\/lichri.radeln-in-den-sonnenaufgang.de\/wp-content\/uploads\/2019\/09\/DSC_0097_1_compress51-300x169.jpg 300w, http:\/\/lichri.radeln-in-den-sonnenaufgang.de\/wp-content\/uploads\/2019\/09\/DSC_0097_1_compress51-768x432.jpg 768w, http:\/\/lichri.radeln-in-den-sonnenaufgang.de\/wp-content\/uploads\/2019\/09\/DSC_0097_1_compress51.jpg 1280w\" sizes=\"(max-width: 767px) 89vw, (max-width: 1000px) 54vw, (max-width: 1071px) 543px, 580px\" \/><\/figure><\/li><li class=\"blocks-gallery-item\"><figure><img decoding=\"async\" loading=\"lazy\" width=\"768\" height=\"1024\" src=\"http:\/\/lichri.radeln-in-den-sonnenaufgang.de\/wp-content\/uploads\/2019\/09\/DSC_0099_1_compress75-1-e1569468102815-768x1024.jpg\" alt=\"\" data-id=\"876\" data-link=\"http:\/\/lichri.radeln-in-den-sonnenaufgang.de\/?attachment_id=876\" class=\"wp-image-876\" srcset=\"http:\/\/lichri.radeln-in-den-sonnenaufgang.de\/wp-content\/uploads\/2019\/09\/DSC_0099_1_compress75-1-e1569468102815-768x1024.jpg 768w, http:\/\/lichri.radeln-in-den-sonnenaufgang.de\/wp-content\/uploads\/2019\/09\/DSC_0099_1_compress75-1-e1569468102815-225x300.jpg 225w, http:\/\/lichri.radeln-in-den-sonnenaufgang.de\/wp-content\/uploads\/2019\/09\/DSC_0099_1_compress75-1-e1569468102815.jpg 984w\" sizes=\"(max-width: 767px) 89vw, (max-width: 1000px) 54vw, (max-width: 1071px) 543px, 580px\" \/><\/figure><\/li><li class=\"blocks-gallery-item\"><figure><img decoding=\"async\" loading=\"lazy\" width=\"576\" height=\"1024\" src=\"http:\/\/lichri.radeln-in-den-sonnenaufgang.de\/wp-content\/uploads\/2019\/09\/DSC_0137_compress24-e1569468125222-576x1024.jpg\" alt=\"\" data-id=\"879\" data-link=\"http:\/\/lichri.radeln-in-den-sonnenaufgang.de\/?attachment_id=879\" class=\"wp-image-879\" srcset=\"http:\/\/lichri.radeln-in-den-sonnenaufgang.de\/wp-content\/uploads\/2019\/09\/DSC_0137_compress24-e1569468125222-576x1024.jpg 576w, http:\/\/lichri.radeln-in-den-sonnenaufgang.de\/wp-content\/uploads\/2019\/09\/DSC_0137_compress24-e1569468125222-169x300.jpg 169w, http:\/\/lichri.radeln-in-den-sonnenaufgang.de\/wp-content\/uploads\/2019\/09\/DSC_0137_compress24-e1569468125222.jpg 720w\" sizes=\"(max-width: 576px) 100vw, 576px\" \/><\/figure><\/li><li class=\"blocks-gallery-item\"><figure><img decoding=\"async\" loading=\"lazy\" width=\"1024\" height=\"683\" src=\"http:\/\/lichri.radeln-in-den-sonnenaufgang.de\/wp-content\/uploads\/2019\/09\/IMG_2898_compress69-1-1024x683.jpg\" alt=\"\" data-id=\"903\" data-link=\"http:\/\/lichri.radeln-in-den-sonnenaufgang.de\/?attachment_id=903\" class=\"wp-image-903\" srcset=\"http:\/\/lichri.radeln-in-den-sonnenaufgang.de\/wp-content\/uploads\/2019\/09\/IMG_2898_compress69-1-1024x683.jpg 1024w, http:\/\/lichri.radeln-in-den-sonnenaufgang.de\/wp-content\/uploads\/2019\/09\/IMG_2898_compress69-1-300x200.jpg 300w, http:\/\/lichri.radeln-in-den-sonnenaufgang.de\/wp-content\/uploads\/2019\/09\/IMG_2898_compress69-1-768x512.jpg 768w, http:\/\/lichri.radeln-in-den-sonnenaufgang.de\/wp-content\/uploads\/2019\/09\/IMG_2898_compress69-1.jpg 1296w\" sizes=\"(max-width: 767px) 89vw, (max-width: 1000px) 54vw, (max-width: 1071px) 543px, 580px\" \/><\/figure><\/li><\/ul>\n\n\n\n<figure class=\"wp-block-image\"><img decoding=\"async\" loading=\"lazy\" width=\"1024\" height=\"576\" src=\"http:\/\/lichri.radeln-in-den-sonnenaufgang.de\/wp-content\/uploads\/2019\/09\/DSC_0197_compress14-1024x576.jpg\" alt=\"\" class=\"wp-image-885\" srcset=\"http:\/\/lichri.radeln-in-den-sonnenaufgang.de\/wp-content\/uploads\/2019\/09\/DSC_0197_compress14-1024x576.jpg 1024w, http:\/\/lichri.radeln-in-den-sonnenaufgang.de\/wp-content\/uploads\/2019\/09\/DSC_0197_compress14-300x169.jpg 300w, http:\/\/lichri.radeln-in-den-sonnenaufgang.de\/wp-content\/uploads\/2019\/09\/DSC_0197_compress14-768x432.jpg 768w, http:\/\/lichri.radeln-in-den-sonnenaufgang.de\/wp-content\/uploads\/2019\/09\/DSC_0197_compress14.jpg 1280w\" sizes=\"(max-width: 767px) 89vw, (max-width: 1000px) 54vw, (max-width: 1071px) 543px, 580px\" \/><\/figure>\n\n\n\n<p>Manche andere fegen die Fahrbahn. Andere kommen mit Haken von den Feldern auf die Stra\u00dfe gestiegen. Allesamt sind sie sehr d\u00fcrr und sehr klein. Obgleich die Stra\u00dfen, vom Staat gebaut, wertig und gut sind, sind die Bewohner auf dem Land oft arm oder ihre Anwesen lassen es so wirken. Daf\u00fcr sind sie oft geschm\u00fcckt mit den typisch chinesischen roten Laternen, Statuen von Drachen, L\u00f6wen oder \u00e4hnlichem Kitsch. Die D\u00f6rfer sind manchmal voll mit kleinen Gesch\u00e4ften, die anderen wieder rein b\u00e4uerlich. \u00dcberhaupt ist so ziemlich jedes halbwegs zug\u00e4ngliche Gel\u00e4nde bebaut oder bewirtschaftet, was unsere Suche nach Nachtlagern stark erschwerte.<\/p>\n\n\n\n<p>Eine Erfahrung, die wir mittlerweile schon h\u00e4ufiger gemacht haben ist, dass das Essen, das in dem einen Restaurant sehr gut war, in einem anderen ganz anders aussehen kann. Das k\u00f6nnte auch daran liegen, dass wir die Karte schlichtweg nicht verstehen. Die Chinesen gehen mit dieser Herausforderung h\u00e4ufig recht offensiv um und f\u00fchren uns in ihre K\u00fcche oder zum K\u00fchlschrank, um uns zu zeigen, welches Gem\u00fcse sie zur Auswahl haben. Nicht schlecht eigentlich, denn so k\u00f6nnen wir uns direkt einen Einblick in die hygienischen Verh\u00e4ltnisse schaffen. Generell wird in China h\u00e4ufig scharf gegessen, im S\u00fcden mehr als im Norden. Immer von der Partie ist viel, viel Knoblauch und Reis. F\u00fcr Nicht-Vegetarier gibt es nat\u00fcrlich Fleisch, Fisch, Ente, Krabben, H\u00fchner oder auch Hunde (haben wir zumindest auf einer Speisekarte entdeckt). Frisches Essen ist den Chinesen sehr wichtig. Aus diesem Grund kommt es nicht selten vor, dass die lebendigen Tiere \u2013 das kann auch mal ein kleiner Kaiman sein \u2013 vor dem Restaurant zu sehen sind oder das frische Gem\u00fcse vor dem Restaurant gewaschen und vorbereitet wird.<\/p>\n\n\n\n<ul class=\"is-layout-flex wp-block-gallery-11 wp-block-gallery columns-3 is-cropped\"><li class=\"blocks-gallery-item\"><figure><img decoding=\"async\" loading=\"lazy\" width=\"1024\" height=\"683\" src=\"http:\/\/lichri.radeln-in-den-sonnenaufgang.de\/wp-content\/uploads\/2019\/09\/IMG_2961_compress77-1024x683.jpg\" alt=\"\" data-id=\"831\" data-link=\"http:\/\/lichri.radeln-in-den-sonnenaufgang.de\/?attachment_id=831\" class=\"wp-image-831\" srcset=\"http:\/\/lichri.radeln-in-den-sonnenaufgang.de\/wp-content\/uploads\/2019\/09\/IMG_2961_compress77-1024x683.jpg 1024w, http:\/\/lichri.radeln-in-den-sonnenaufgang.de\/wp-content\/uploads\/2019\/09\/IMG_2961_compress77-300x200.jpg 300w, http:\/\/lichri.radeln-in-den-sonnenaufgang.de\/wp-content\/uploads\/2019\/09\/IMG_2961_compress77-768x512.jpg 768w, http:\/\/lichri.radeln-in-den-sonnenaufgang.de\/wp-content\/uploads\/2019\/09\/IMG_2961_compress77.jpg 1296w\" sizes=\"(max-width: 767px) 89vw, (max-width: 1000px) 54vw, (max-width: 1071px) 543px, 580px\" \/><\/figure><\/li><li class=\"blocks-gallery-item\"><figure><img decoding=\"async\" loading=\"lazy\" width=\"576\" height=\"1024\" src=\"http:\/\/lichri.radeln-in-den-sonnenaufgang.de\/wp-content\/uploads\/2019\/09\/DSC_0109_1_compress9-e1569467428703-576x1024.jpg\" alt=\"\" data-id=\"820\" data-link=\"http:\/\/lichri.radeln-in-den-sonnenaufgang.de\/?attachment_id=820\" class=\"wp-image-820\" srcset=\"http:\/\/lichri.radeln-in-den-sonnenaufgang.de\/wp-content\/uploads\/2019\/09\/DSC_0109_1_compress9-e1569467428703-576x1024.jpg 576w, http:\/\/lichri.radeln-in-den-sonnenaufgang.de\/wp-content\/uploads\/2019\/09\/DSC_0109_1_compress9-e1569467428703-169x300.jpg 169w, http:\/\/lichri.radeln-in-den-sonnenaufgang.de\/wp-content\/uploads\/2019\/09\/DSC_0109_1_compress9-e1569467428703.jpg 720w\" sizes=\"(max-width: 576px) 100vw, 576px\" \/><\/figure><\/li><li class=\"blocks-gallery-item\"><figure><img decoding=\"async\" loading=\"lazy\" width=\"1024\" height=\"683\" src=\"http:\/\/lichri.radeln-in-den-sonnenaufgang.de\/wp-content\/uploads\/2019\/09\/IMG_2960_compress25-1024x683.jpg\" alt=\"\" data-id=\"830\" data-link=\"http:\/\/lichri.radeln-in-den-sonnenaufgang.de\/?attachment_id=830\" class=\"wp-image-830\" srcset=\"http:\/\/lichri.radeln-in-den-sonnenaufgang.de\/wp-content\/uploads\/2019\/09\/IMG_2960_compress25-1024x683.jpg 1024w, http:\/\/lichri.radeln-in-den-sonnenaufgang.de\/wp-content\/uploads\/2019\/09\/IMG_2960_compress25-300x200.jpg 300w, http:\/\/lichri.radeln-in-den-sonnenaufgang.de\/wp-content\/uploads\/2019\/09\/IMG_2960_compress25-768x512.jpg 768w, http:\/\/lichri.radeln-in-den-sonnenaufgang.de\/wp-content\/uploads\/2019\/09\/IMG_2960_compress25.jpg 1296w\" sizes=\"(max-width: 767px) 89vw, (max-width: 1000px) 54vw, (max-width: 1071px) 543px, 580px\" \/><\/figure><\/li><li class=\"blocks-gallery-item\"><figure><img decoding=\"async\" loading=\"lazy\" width=\"683\" height=\"1024\" src=\"http:\/\/lichri.radeln-in-den-sonnenaufgang.de\/wp-content\/uploads\/2019\/09\/IMG_4012_compress87-e1569467213686-683x1024.jpg\" alt=\"\" data-id=\"795\" data-link=\"http:\/\/lichri.radeln-in-den-sonnenaufgang.de\/?attachment_id=795\" class=\"wp-image-795\" srcset=\"http:\/\/lichri.radeln-in-den-sonnenaufgang.de\/wp-content\/uploads\/2019\/09\/IMG_4012_compress87-e1569467213686-683x1024.jpg 683w, http:\/\/lichri.radeln-in-den-sonnenaufgang.de\/wp-content\/uploads\/2019\/09\/IMG_4012_compress87-e1569467213686-200x300.jpg 200w, http:\/\/lichri.radeln-in-den-sonnenaufgang.de\/wp-content\/uploads\/2019\/09\/IMG_4012_compress87-e1569467213686-768x1152.jpg 768w, http:\/\/lichri.radeln-in-den-sonnenaufgang.de\/wp-content\/uploads\/2019\/09\/IMG_4012_compress87-e1569467213686.jpg 864w\" sizes=\"(max-width: 683px) 100vw, 683px\" \/><\/figure><\/li><li class=\"blocks-gallery-item\"><figure><img decoding=\"async\" loading=\"lazy\" width=\"1024\" height=\"768\" src=\"http:\/\/lichri.radeln-in-den-sonnenaufgang.de\/wp-content\/uploads\/2019\/09\/DSC_0142_compress41-1024x768.jpg\" alt=\"\" data-id=\"793\" data-link=\"http:\/\/lichri.radeln-in-den-sonnenaufgang.de\/?attachment_id=793\" class=\"wp-image-793\" srcset=\"http:\/\/lichri.radeln-in-den-sonnenaufgang.de\/wp-content\/uploads\/2019\/09\/DSC_0142_compress41-1024x768.jpg 1024w, http:\/\/lichri.radeln-in-den-sonnenaufgang.de\/wp-content\/uploads\/2019\/09\/DSC_0142_compress41-300x225.jpg 300w, http:\/\/lichri.radeln-in-den-sonnenaufgang.de\/wp-content\/uploads\/2019\/09\/DSC_0142_compress41-768x576.jpg 768w, http:\/\/lichri.radeln-in-den-sonnenaufgang.de\/wp-content\/uploads\/2019\/09\/DSC_0142_compress41.jpg 1312w\" sizes=\"(max-width: 767px) 89vw, (max-width: 1000px) 54vw, (max-width: 1071px) 543px, 580px\" \/><\/figure><\/li><li class=\"blocks-gallery-item\"><figure><img decoding=\"async\" loading=\"lazy\" width=\"1024\" height=\"683\" src=\"http:\/\/lichri.radeln-in-den-sonnenaufgang.de\/wp-content\/uploads\/2019\/09\/IMG_4023_compress30-1024x683.jpg\" alt=\"\" data-id=\"796\" data-link=\"http:\/\/lichri.radeln-in-den-sonnenaufgang.de\/?attachment_id=796\" class=\"wp-image-796\" srcset=\"http:\/\/lichri.radeln-in-den-sonnenaufgang.de\/wp-content\/uploads\/2019\/09\/IMG_4023_compress30-1024x683.jpg 1024w, http:\/\/lichri.radeln-in-den-sonnenaufgang.de\/wp-content\/uploads\/2019\/09\/IMG_4023_compress30-300x200.jpg 300w, http:\/\/lichri.radeln-in-den-sonnenaufgang.de\/wp-content\/uploads\/2019\/09\/IMG_4023_compress30-768x512.jpg 768w, http:\/\/lichri.radeln-in-den-sonnenaufgang.de\/wp-content\/uploads\/2019\/09\/IMG_4023_compress30.jpg 1296w\" sizes=\"(max-width: 767px) 89vw, (max-width: 1000px) 54vw, (max-width: 1071px) 543px, 580px\" \/><\/figure><\/li><\/ul>\n\n\n\n<p>So fuhren wir fr\u00f6hlich vor uns hin, lie\u00dfen all diese Eindr\u00fccke auf uns einprasseln, bis Chris an einem Tag bei km 47 die Gangschaltung kaputt ging und die Kette durchhing. Da es schon recht sp\u00e4t war und wir das Problem offensichtlich nicht alleine l\u00f6sen konnten, waren wir ganz froh, dass sich nach kurzer Zeit eine kleine Traube Menschen um uns scharrte, die versuchte uns zu helfen. Manchmal fragen wir uns wo sie denn immer so schnell herkommen. Wir gaben mit Hand und Fu\u00df und Google \u00dcbersetzer zu verstehen, was unser Problem war. Alle Hebel wurden in Bewegung gesetzt und mehrere Leute angerufen um zu fragen, ob sie w\u00fcssten was zu tun sei. Da es recht sp\u00e4t war, lud uns Seibensei (\u00fcber die Schreibweise sind wir uns nicht sicher), vor dessen Haus wir stehen geblieben waren, zu sich nach Hause ein. Er r\u00e4umte uns ein gro\u00dfes Bett frei, zeigte uns Klo und Dusche und einen Platz f\u00fcr unsere R\u00e4der. Am n\u00e4chsten Tag, so bot er uns an, w\u00fcrde er mit uns in die n\u00e4chste Stadt fahren, um das Rad reparieren zu lassen. Wir waren baff von dieser Gastfreundschaft, die doch so viel mehr beinhaltete als wir uns je zu erbitten gewagt h\u00e4tten\u2026<\/p>\n\n\n\n<figure class=\"wp-block-image\"><img decoding=\"async\" loading=\"lazy\" width=\"1024\" height=\"576\" src=\"http:\/\/lichri.radeln-in-den-sonnenaufgang.de\/wp-content\/uploads\/2019\/09\/DSC_0144_compress98-1024x576.jpg\" alt=\"\" class=\"wp-image-880\" srcset=\"http:\/\/lichri.radeln-in-den-sonnenaufgang.de\/wp-content\/uploads\/2019\/09\/DSC_0144_compress98-1024x576.jpg 1024w, http:\/\/lichri.radeln-in-den-sonnenaufgang.de\/wp-content\/uploads\/2019\/09\/DSC_0144_compress98-300x169.jpg 300w, http:\/\/lichri.radeln-in-den-sonnenaufgang.de\/wp-content\/uploads\/2019\/09\/DSC_0144_compress98-768x432.jpg 768w, http:\/\/lichri.radeln-in-den-sonnenaufgang.de\/wp-content\/uploads\/2019\/09\/DSC_0144_compress98.jpg 1296w\" sizes=\"(max-width: 767px) 89vw, (max-width: 1000px) 54vw, (max-width: 1071px) 543px, 580px\" \/><\/figure>\n\n\n\n<p>Ein Chinese h\u00e4lt sein Wort und so machte Seibensei uns Nudeln zum Fr\u00fchst\u00fcck und half uns Chris\u2018 Rad auseinander zu nehmen und in seinen PKW zu verfrachten. Dann ging es die 30 km in die Stadt zur\u00fcck, durch die wir am Vortag gefahren sind. Nach einer Weile fanden wir einen Fahrradladen und das Problem wurde nach einigem Hin und Her behoben. Unser Plan war am Mittag weiter zu fahren. Auf dem Weg zur\u00fcck zu Seibenseis Haus kauften wir ein paar Granat\u00e4pfel und eine Grapefruit am Stra\u00dfenrand, welche wir zum Mittagessen verspeisten. Wir bepackten unsere R\u00e4der und wollten uns verabschieden, als Seibensei uns vorschlug noch eine Nacht zu bleiben. Wir k\u00f6nnten ja am n\u00e4chsten Morgen den fr\u00fchen Tag nutzen und aufbrechen. Er wolle gerne noch einen Ausflug mit uns unternehmen. Da es schon wieder recht hei\u00df war und wir immer dankbar \u00fcber einen Schlafplatz mit Dusche und Toilette sind, stimmten wir zu. Also ging es zur\u00fcck in Seibenseis Auto und er fuhr uns einige km weiter zu einer Art Freizeitpark. <\/p>\n\n\n\n<figure class=\"wp-block-image\"><img decoding=\"async\" loading=\"lazy\" width=\"768\" height=\"1024\" src=\"http:\/\/lichri.radeln-in-den-sonnenaufgang.de\/wp-content\/uploads\/2019\/09\/DSC_0146_compress75-e1569468151893-768x1024.jpg\" alt=\"\" class=\"wp-image-881\" srcset=\"http:\/\/lichri.radeln-in-den-sonnenaufgang.de\/wp-content\/uploads\/2019\/09\/DSC_0146_compress75-e1569468151893-768x1024.jpg 768w, http:\/\/lichri.radeln-in-den-sonnenaufgang.de\/wp-content\/uploads\/2019\/09\/DSC_0146_compress75-e1569468151893-225x300.jpg 225w, http:\/\/lichri.radeln-in-den-sonnenaufgang.de\/wp-content\/uploads\/2019\/09\/DSC_0146_compress75-e1569468151893.jpg 984w\" sizes=\"(max-width: 767px) 89vw, (max-width: 1000px) 54vw, (max-width: 1071px) 543px, 580px\" \/><figcaption>Das Fahrrad fressende Auto<\/figcaption><\/figure>\n\n\n\n<p>Freizeit hatten wir, ein Park war es auch, aber wirklich was los war hier nicht. Angler tummelten sich an einem kleinen Stausee, \u00fcber den sich eine ausgediente Seilbahn spannte. Auch einen Wasserpark gab es hier, aber den interessierte scheinbar auch kein Mensch. Stattdessen wurden hier kleine Kaimane und Fische gez\u00fcchtet \u2013 in separaten Becken nat\u00fcrlich. Nach dem wir noch zusehen durften wie ein gr\u00f6\u00dferes der Fischchen gefangen und zerlegt wurde, blieben wir noch zum Essen. Nicht, dass uns das angemacht h\u00e4tte, aber Seibensei hat arrangiert, dass wir mit einer anderen Gruppe Besucher hier zu Abend essen konnten. Also schlemmten wir ordentlich!<\/p>\n\n\n\n<ul class=\"is-layout-flex wp-block-gallery-13 wp-block-gallery columns-3 is-cropped\"><li class=\"blocks-gallery-item\"><figure><img decoding=\"async\" loading=\"lazy\" width=\"576\" height=\"1024\" src=\"http:\/\/lichri.radeln-in-den-sonnenaufgang.de\/wp-content\/uploads\/2019\/09\/DSC_0163_compress49-e1569468193934-576x1024.jpg\" alt=\"\" data-id=\"883\" data-link=\"http:\/\/lichri.radeln-in-den-sonnenaufgang.de\/?attachment_id=883\" class=\"wp-image-883\" srcset=\"http:\/\/lichri.radeln-in-den-sonnenaufgang.de\/wp-content\/uploads\/2019\/09\/DSC_0163_compress49-e1569468193934-576x1024.jpg 576w, http:\/\/lichri.radeln-in-den-sonnenaufgang.de\/wp-content\/uploads\/2019\/09\/DSC_0163_compress49-e1569468193934-169x300.jpg 169w, http:\/\/lichri.radeln-in-den-sonnenaufgang.de\/wp-content\/uploads\/2019\/09\/DSC_0163_compress49-e1569468193934.jpg 720w\" sizes=\"(max-width: 576px) 100vw, 576px\" \/><\/figure><\/li><li class=\"blocks-gallery-item\"><figure><img decoding=\"async\" loading=\"lazy\" width=\"576\" height=\"1024\" src=\"http:\/\/lichri.radeln-in-den-sonnenaufgang.de\/wp-content\/uploads\/2019\/09\/DSC_0171_compress82-e1569468167973-576x1024.jpg\" alt=\"\" data-id=\"882\" data-link=\"http:\/\/lichri.radeln-in-den-sonnenaufgang.de\/?attachment_id=882\" class=\"wp-image-882\" srcset=\"http:\/\/lichri.radeln-in-den-sonnenaufgang.de\/wp-content\/uploads\/2019\/09\/DSC_0171_compress82-e1569468167973-576x1024.jpg 576w, http:\/\/lichri.radeln-in-den-sonnenaufgang.de\/wp-content\/uploads\/2019\/09\/DSC_0171_compress82-e1569468167973-169x300.jpg 169w, http:\/\/lichri.radeln-in-den-sonnenaufgang.de\/wp-content\/uploads\/2019\/09\/DSC_0171_compress82-e1569468167973.jpg 720w\" sizes=\"(max-width: 576px) 100vw, 576px\" \/><\/figure><\/li><li class=\"blocks-gallery-item\"><figure><img decoding=\"async\" loading=\"lazy\" width=\"768\" height=\"1024\" src=\"http:\/\/lichri.radeln-in-den-sonnenaufgang.de\/wp-content\/uploads\/2019\/09\/DSC_0178_compress90-e1569468220405-768x1024.jpg\" alt=\"\" data-id=\"884\" data-link=\"http:\/\/lichri.radeln-in-den-sonnenaufgang.de\/?attachment_id=884\" class=\"wp-image-884\" srcset=\"http:\/\/lichri.radeln-in-den-sonnenaufgang.de\/wp-content\/uploads\/2019\/09\/DSC_0178_compress90-e1569468220405-768x1024.jpg 768w, http:\/\/lichri.radeln-in-den-sonnenaufgang.de\/wp-content\/uploads\/2019\/09\/DSC_0178_compress90-e1569468220405-225x300.jpg 225w, http:\/\/lichri.radeln-in-den-sonnenaufgang.de\/wp-content\/uploads\/2019\/09\/DSC_0178_compress90-e1569468220405.jpg 984w\" sizes=\"(max-width: 767px) 89vw, (max-width: 1000px) 54vw, (max-width: 1071px) 543px, 580px\" \/><\/figure><\/li><\/ul>\n\n\n\n<p><br>Am n\u00e4chsten Morgen ging es \u2013 entgegen der Ansage aber entsprechend unserer Erwartungen \u2013 nicht fr\u00fch los. Wir machten uns zwar fr\u00fch bereit zum Aufbrechen, doch Seibensei wollte uns am liebsten noch einen Tag hier behalten. Wir stimmten zu, mit ihm Fr\u00fchst\u00fccken zu gehen und fuhren in den n\u00e4chten Ort. Nach einer Schale Nudeln ging es aber nicht direkt zur\u00fcck zu den R\u00e4dern, wie Chris Seibensei immer wieder bat. Er genoss es sichtlich uns herumzuzeigen. Und damit meine ich uns den anderen zu zeigen, wenngleich er es Aussehen lassen wollte, als w\u00fcrde er uns die anderen zeigen. So gingen wir zu einer Gruppe Frauen an der gegen\u00fcberliegenden Stra\u00dfenseite, die gerade allerlei Gem\u00fcse putzten und schnibbelten. Da wir uns leider nicht verst\u00e4ndigen k\u00f6nnen, sitzen wir dann einfach da und schauen zu und l\u00e4cheln freundlich, wenn sichtlich \u00fcber uns oder auch mal mit uns geredet wird. <br> Pl\u00f6tzlich kam Schwung in die Gruppe und wir dachten, dass wir jetzt zu den R\u00e4dern zur\u00fcck gebracht w\u00fcrden. Wir folgten der Menge und wunderten uns, dass es am Auto vorbei ging. Auf dem Weg erkl\u00e4rte man uns, wir w\u00fcrden jetzt eine Schule besuchen. Das war uns sehr unangenehm, waren wir \u2013 angezogen mit unserer Sportkleidung und auch im Hinblick auf alle anderen Faktoren \u2013 nicht auf einen solchen Besuch eingestellt. Was sollten wir auch da? Wir w\u00fcrden die Klassen nur st\u00f6ren. Aber schon standen wir vor dem Eingangstor zur Schule. Vor dem Schulgeb\u00e4ude standen alle Sch\u00fcler aufgereiht mit dem R\u00fccken zu uns und machten zu lauter, fr\u00f6hlicher Musik Tanzbewegungen der Lehrerinnen nach. Nach kurzer Zeit wurden die Lehrer auf die Gruppe vor dem Tor aufmerksam und kamen auf uns zu. Unsere Begleiter erkl\u00e4rten kurz wer wir sind und was \u00abwir\u00bb hier wollen (wir wollten hier gar nichts) und schwupp die wupp standen wir vor der versammelten Mannschaft, winkten den Kindern gr\u00fc\u00dfend zu und posierten mit den Lehrern vor der Kamera. Das geh\u00f6rt zu einer Erfahrung nach dem Motto: Augen zu und durch\u2026 Da es den Kindern und den Lehrern und auch unseren Begleitern sehr gefallen hat, schlugen letztere uns vor, noch andere Schulen in dem Dorf zu besuchen. <\/p>\n\n\n\n<figure class=\"wp-block-image\"><img decoding=\"async\" loading=\"lazy\" width=\"576\" height=\"1024\" src=\"http:\/\/lichri.radeln-in-den-sonnenaufgang.de\/wp-content\/uploads\/2019\/09\/DSC_0183-e1569474989400-576x1024.jpg\" alt=\"\" class=\"wp-image-904\" srcset=\"http:\/\/lichri.radeln-in-den-sonnenaufgang.de\/wp-content\/uploads\/2019\/09\/DSC_0183-e1569474989400-576x1024.jpg 576w, http:\/\/lichri.radeln-in-den-sonnenaufgang.de\/wp-content\/uploads\/2019\/09\/DSC_0183-e1569474989400-169x300.jpg 169w, http:\/\/lichri.radeln-in-den-sonnenaufgang.de\/wp-content\/uploads\/2019\/09\/DSC_0183-e1569474989400-768x1365.jpg 768w, http:\/\/lichri.radeln-in-den-sonnenaufgang.de\/wp-content\/uploads\/2019\/09\/DSC_0183-e1569474989400.jpg 1458w\" sizes=\"(max-width: 576px) 100vw, 576px\" \/><\/figure>\n\n\n\n<p>Diesmal wehrten wir uns vehementer, wollten einfach nur auf unserer R\u00e4der und weiter fahren. Das \u201eVorgezeigt-werden\u201c ist doch ziemlich anstrengend. Aber wieder lief die Gruppe mit uns an dem Auto von Seibensei vorbei. Wir verstanden nicht wohin es ging, wollten aber nicht einfach wie bockige Kinder am Auto stehen bleiben und so folgten wir den anderen. Diese brachten uns dann zum \u201eVillage Commit\u00e9e\u201c, wo wir die Ortsvorsteher und einige andere kennenlernen konnten. Einer der M\u00e4nner machte mit uns eine F\u00fchrung durchs Haus und erkl\u00e4rte, dass sie eine sich schnell entwickelnde Dorfgemeinschaft sind. Wir wurden an Bildern von Mao, Lenin, Stalin, Marx und Engels vorbei gef\u00fchrt, bevor uns Seibensei zum Gehen aufforderte.<\/p>\n\n\n\n<p>Danach besuchten wir nur noch kurz eine Baustelle, bei der wir nicht ganz verstanden, warum wir dorthin fuhren, aber annahmen, dass es etwas mit dem Job von Seibensei zu tun haben muss. Endlich machten wir uns auf den Weg zur\u00fcck zu Haus und Fahrr\u00e4dern. Es war ein ziemlich spannender Vormittag, wenn auch anders als geplant und die Zeit war weit fortgeschritten, als wir uns ausf\u00fchrlich und herzlich verabschiedeten und auf die R\u00e4der stiegen. Seibensei schlug abermals vor noch einen Tag zu bleiben, gab uns dann jedoch zu verstehen, dass er heute auch nach Huaihua fahren w\u00fcrde und wir uns am Abend noch einmal sehen. Sein urspr\u00fcnglicher Plan war es die kompletten 50 km mit dem Auto neben uns herzufahren. Davon konnten wir ihn allerdings abbringen, indem wir ihm versicherten, dass wir dazu viel zu langsam waren. Dann waren wir alleine. Wieder frei auf den Stra\u00dfen Chinas unterwegs. Am sp\u00e4ten Nachmittag schrieben wir Seibensei, dass wir auch in Huaihua angekommen sind. Er gab uns eine Adresse zu der wir fahren und uns mit ihm treffen sollten. Als wir diese aber nicht finden konnten, erkl\u00e4rte er, dass er uns abholen w\u00fcrde und tats\u00e4chlich stand er nach einer gef\u00fchlten Ewigkeit vor uns. Wir wissen immer noch nicht so recht wie er uns gefunden hat. Seibensei bezahlte ein Hotelzimmer f\u00fcr uns und ging mit uns zum Abendessen. Dort lernten wir seine Freundin kennen und zu viert machten wir einen Spaziergang am Fluss entlang. Irgendwann merkten wir, dass Seibensei heute nicht mehr zu sich nach Hause fahren w\u00fcrde, sondern im gleichen Hotel ein Zimmer f\u00fcr sich gebucht hatte. Wir waren erstaunt, fanden es etwas lustig, aber auch ein wenig gruselig.<\/p>\n\n\n\n<p>Am n\u00e4chsten Morgen brachte Seibensei uns tats\u00e4chlich noch einmal Fr\u00fchst\u00fcck, bevor er sich \u2013 wie schon so oft zuvor, aber diesmal schlussendlich \u2013 von uns verabschiedete. Und dann waren wir wieder alleine.<\/p>\n\n\n\n<p>Sperrgebiet<\/p>\n\n\n\n<p>Auf dem Weg aus der Stadt riss Chris vorderer Schaltzug entzwei. Gl\u00fccklicherweise fuhren wir nur wenige Minuten vorher an einem Radladen vorbei, wo Chris nach einer Radler-Brille fragte. Also zur\u00fcck \u2013 und wir hatten noch mehr Gl\u00fcck: Der liebe Radschrauber war nicht nur im Nullkommanix fertig, er wollte auch kein Geld daf\u00fcr. Krass! Wir fuhren frohen Mutes weiter Richtung Guilin. <\/p>\n\n\n\n<figure class=\"wp-block-image\"><img decoding=\"async\" loading=\"lazy\" width=\"1024\" height=\"576\" src=\"http:\/\/lichri.radeln-in-den-sonnenaufgang.de\/wp-content\/uploads\/2019\/09\/DSC_0030_1_compress69-1024x576.jpg\" alt=\"\" class=\"wp-image-819\" srcset=\"http:\/\/lichri.radeln-in-den-sonnenaufgang.de\/wp-content\/uploads\/2019\/09\/DSC_0030_1_compress69-1024x576.jpg 1024w, http:\/\/lichri.radeln-in-den-sonnenaufgang.de\/wp-content\/uploads\/2019\/09\/DSC_0030_1_compress69-300x169.jpg 300w, http:\/\/lichri.radeln-in-den-sonnenaufgang.de\/wp-content\/uploads\/2019\/09\/DSC_0030_1_compress69-768x432.jpg 768w, http:\/\/lichri.radeln-in-den-sonnenaufgang.de\/wp-content\/uploads\/2019\/09\/DSC_0030_1_compress69.jpg 1280w\" sizes=\"(max-width: 767px) 89vw, (max-width: 1000px) 54vw, (max-width: 1071px) 543px, 580px\" \/><\/figure>\n\n\n\n<p>Nach kilometerlangen Baustellen auf denen ganze Wohnblocks, Br\u00fccken und Stra\u00dfenz\u00fcge entstanden und es mit Baggern, Kr\u00e4nen, Rad- und Kippladern wimmelte wie auf einem Ameisenhaufen, standen wir schlie\u00dflich vor einer gesperrten Br\u00fccke. Doch die 10 km zur\u00fcck durch das staubige Baustellengewusel wurde uns durch eine kleine F\u00e4hre erspart, die uns f\u00fcr umgerechnet 40 ct \u00fcber den Fluss brachte. Langsam verlie\u00dfen wir nun die st\u00e4dtische Gegend. Wundersch\u00f6ne Landschaften und alte Holzh\u00e4user zogen an uns vorbei \u2013 oder eher wir an ihnen. <\/p>\n\n\n\n<ul class=\"is-layout-flex wp-block-gallery-15 wp-block-gallery columns-3 is-cropped\"><li class=\"blocks-gallery-item\"><figure><img decoding=\"async\" loading=\"lazy\" width=\"768\" height=\"1024\" src=\"http:\/\/lichri.radeln-in-den-sonnenaufgang.de\/wp-content\/uploads\/2019\/09\/DSC_0073_2_compress36-e1569467467893-768x1024.jpg\" alt=\"\" data-id=\"822\" data-link=\"http:\/\/lichri.radeln-in-den-sonnenaufgang.de\/?attachment_id=822\" class=\"wp-image-822\" srcset=\"http:\/\/lichri.radeln-in-den-sonnenaufgang.de\/wp-content\/uploads\/2019\/09\/DSC_0073_2_compress36-e1569467467893-768x1024.jpg 768w, http:\/\/lichri.radeln-in-den-sonnenaufgang.de\/wp-content\/uploads\/2019\/09\/DSC_0073_2_compress36-e1569467467893-225x300.jpg 225w, http:\/\/lichri.radeln-in-den-sonnenaufgang.de\/wp-content\/uploads\/2019\/09\/DSC_0073_2_compress36-e1569467467893.jpg 984w\" sizes=\"(max-width: 767px) 89vw, (max-width: 1000px) 54vw, (max-width: 1071px) 543px, 580px\" \/><\/figure><\/li><li class=\"blocks-gallery-item\"><figure><img decoding=\"async\" loading=\"lazy\" width=\"1024\" height=\"576\" src=\"http:\/\/lichri.radeln-in-den-sonnenaufgang.de\/wp-content\/uploads\/2019\/09\/DSC_0095_compress13-1024x576.jpg\" alt=\"\" data-id=\"821\" data-link=\"http:\/\/lichri.radeln-in-den-sonnenaufgang.de\/?attachment_id=821\" class=\"wp-image-821\" srcset=\"http:\/\/lichri.radeln-in-den-sonnenaufgang.de\/wp-content\/uploads\/2019\/09\/DSC_0095_compress13-1024x576.jpg 1024w, http:\/\/lichri.radeln-in-den-sonnenaufgang.de\/wp-content\/uploads\/2019\/09\/DSC_0095_compress13-300x169.jpg 300w, http:\/\/lichri.radeln-in-den-sonnenaufgang.de\/wp-content\/uploads\/2019\/09\/DSC_0095_compress13-768x432.jpg 768w, http:\/\/lichri.radeln-in-den-sonnenaufgang.de\/wp-content\/uploads\/2019\/09\/DSC_0095_compress13.jpg 1280w\" sizes=\"(max-width: 767px) 89vw, (max-width: 1000px) 54vw, (max-width: 1071px) 543px, 580px\" \/><\/figure><\/li><li class=\"blocks-gallery-item\"><figure><img decoding=\"async\" loading=\"lazy\" width=\"1024\" height=\"768\" src=\"http:\/\/lichri.radeln-in-den-sonnenaufgang.de\/wp-content\/uploads\/2019\/09\/DSC_0013_2_compress36-1024x768.jpg\" alt=\"\" data-id=\"824\" data-link=\"http:\/\/lichri.radeln-in-den-sonnenaufgang.de\/?attachment_id=824\" class=\"wp-image-824\" srcset=\"http:\/\/lichri.radeln-in-den-sonnenaufgang.de\/wp-content\/uploads\/2019\/09\/DSC_0013_2_compress36-1024x768.jpg 1024w, http:\/\/lichri.radeln-in-den-sonnenaufgang.de\/wp-content\/uploads\/2019\/09\/DSC_0013_2_compress36-300x225.jpg 300w, http:\/\/lichri.radeln-in-den-sonnenaufgang.de\/wp-content\/uploads\/2019\/09\/DSC_0013_2_compress36-768x576.jpg 768w, http:\/\/lichri.radeln-in-den-sonnenaufgang.de\/wp-content\/uploads\/2019\/09\/DSC_0013_2_compress36.jpg 1312w\" sizes=\"(max-width: 767px) 89vw, (max-width: 1000px) 54vw, (max-width: 1071px) 543px, 580px\" \/><\/figure><\/li><li class=\"blocks-gallery-item\"><figure><img decoding=\"async\" loading=\"lazy\" width=\"576\" height=\"1024\" src=\"http:\/\/lichri.radeln-in-den-sonnenaufgang.de\/wp-content\/uploads\/2019\/09\/DSC_0042_2_compress30-e1569467485423-576x1024.jpg\" alt=\"\" data-id=\"823\" data-link=\"http:\/\/lichri.radeln-in-den-sonnenaufgang.de\/?attachment_id=823\" class=\"wp-image-823\" srcset=\"http:\/\/lichri.radeln-in-den-sonnenaufgang.de\/wp-content\/uploads\/2019\/09\/DSC_0042_2_compress30-e1569467485423-576x1024.jpg 576w, http:\/\/lichri.radeln-in-den-sonnenaufgang.de\/wp-content\/uploads\/2019\/09\/DSC_0042_2_compress30-e1569467485423-169x300.jpg 169w, http:\/\/lichri.radeln-in-den-sonnenaufgang.de\/wp-content\/uploads\/2019\/09\/DSC_0042_2_compress30-e1569467485423.jpg 729w\" sizes=\"(max-width: 576px) 100vw, 576px\" \/><figcaption>Die aufmerksame Kellnerin schenkt uns neue &#8222;Handbremsen&#8220;<\/figcaption><\/figure><\/li><li class=\"blocks-gallery-item\"><figure><img decoding=\"async\" loading=\"lazy\" width=\"1024\" height=\"576\" src=\"http:\/\/lichri.radeln-in-den-sonnenaufgang.de\/wp-content\/uploads\/2019\/09\/DSC_0001_2_compress83-1024x576.jpg\" alt=\"\" data-id=\"825\" data-link=\"http:\/\/lichri.radeln-in-den-sonnenaufgang.de\/?attachment_id=825\" class=\"wp-image-825\" srcset=\"http:\/\/lichri.radeln-in-den-sonnenaufgang.de\/wp-content\/uploads\/2019\/09\/DSC_0001_2_compress83-1024x576.jpg 1024w, http:\/\/lichri.radeln-in-den-sonnenaufgang.de\/wp-content\/uploads\/2019\/09\/DSC_0001_2_compress83-300x169.jpg 300w, http:\/\/lichri.radeln-in-den-sonnenaufgang.de\/wp-content\/uploads\/2019\/09\/DSC_0001_2_compress83-768x432.jpg 768w, http:\/\/lichri.radeln-in-den-sonnenaufgang.de\/wp-content\/uploads\/2019\/09\/DSC_0001_2_compress83.jpg 1280w\" sizes=\"(max-width: 767px) 89vw, (max-width: 1000px) 54vw, (max-width: 1071px) 543px, 580px\" \/><\/figure><\/li><\/ul>\n\n\n\n<p>Erst am Abend, kurz bevor wir f\u00fcr die Nacht einen Schlafplatz suchen wollten, endete diese Reise nach 75 Tageskilometern abrupt. Nicht wie beim letzten Mal wegen eines kaputten Fahrradteils, sondern aufgrund eines jungen Polizisten, der uns von der Stra\u00dfe winkte. Freundlich, sachlich, aber auch etwas aufgeregt erkl\u00e4rte er uns, dass wir uns in einem Sperrgebiet f\u00fcr Ausl\u00e4nder bef\u00e4nden. Es sei uns nicht erlaubt \u00fcber diese Stra\u00dfen nach Guilin weiterzureisen. Wir waren recht verdutzt, wussten wir doch nichts von diesem Verbot und was es f\u00fcr uns zu bedeuten hatte. Er machte Fotos von uns und unseren P\u00e4ssen, telefonierte mit seinem Vorgesetzten, w\u00e4hrend wir recht ersch\u00f6pft, ein wenig verwirrt, aber immer noch guter Dinge waren einen geeigneten Platz f\u00fcr die Nacht zu finden. Ca. eine viertel Stunde sp\u00e4ter kamen zwei weitere Polizisten in einem Jeep angefahren. Einer der beiden war der Vorgesetzte und sprach ein wenig Englisch. Erneut erkl\u00e4rte er uns, dass wir uns in einem Sperrgebiet aufhielten und nicht weiterreisen konnten, machte Fotos von uns und unseren Reisep\u00e4ssen und erkl\u00e4rte, dass er deutschen Fu\u00dfball und deutsches Bier mochte. Er z\u00e4hlte uns ein paar deutsche St\u00e4dte auf, die er von der Bundesliga kannte und wir fragten ihn, wie wir denn jetzt weiterkommen konnte. Da es nicht weiter ging, mussten wir zur\u00fcck nach Huaihua und kurzentschlossen entschieden sich die freundlichen Polizisten uns eigenh\u00e4ndig dorthin zur\u00fcck zu fahren, die gesamten 75 km. Sie halfen uns die R\u00e4der auf den Jeep zu laden und dann ging es zur\u00fcck. <\/p>\n\n\n\n<figure class=\"wp-block-image\"><img decoding=\"async\" loading=\"lazy\" width=\"1024\" height=\"576\" src=\"http:\/\/lichri.radeln-in-den-sonnenaufgang.de\/wp-content\/uploads\/2019\/09\/IMG_20190926_140754_404-1024x576.jpg\" alt=\"\" class=\"wp-image-913\" srcset=\"http:\/\/lichri.radeln-in-den-sonnenaufgang.de\/wp-content\/uploads\/2019\/09\/IMG_20190926_140754_404-1024x576.jpg 1024w, http:\/\/lichri.radeln-in-den-sonnenaufgang.de\/wp-content\/uploads\/2019\/09\/IMG_20190926_140754_404-300x169.jpg 300w, http:\/\/lichri.radeln-in-den-sonnenaufgang.de\/wp-content\/uploads\/2019\/09\/IMG_20190926_140754_404-768x432.jpg 768w, http:\/\/lichri.radeln-in-den-sonnenaufgang.de\/wp-content\/uploads\/2019\/09\/IMG_20190926_140754_404.jpg 1280w\" sizes=\"(max-width: 767px) 89vw, (max-width: 1000px) 54vw, (max-width: 1071px) 543px, 580px\" \/><\/figure>\n\n\n\n<p>Sie setzten uns am Busbahnhof ab, der eigentlich der Hochgeschwindigkeits-Zug-Bahnhof war und \u2013 so w\u00fcrden wir tagsdrauf feststellen \u2013 die absolut falsche Adresse. Wir fanden ein halbwegs bezahlbares Hotel und belie\u00dfen es f\u00fcr heute dabei. Es war ja schon mitten in der Nacht.<\/p>\n\n\n\n<p>Von besagtem Flopp des Bahnhofs fuhren wir etwa 10 km durch die Stadt, um dort den Bus nach Guilin zu nehmen, zu dem uns die Polizisten geraten hatten. So m\u00fcssten wir  nicht lange auf die R\u00e4der warten und es war um einiges g\u00fcnstiger. Die Sicherheitskontrollen waren hier au\u00dferdem viel lascher und niemand behelligte uns wegen irgendwelcher Gep\u00e4ckst\u00fccke. Wir durften \u2013 nachdem der Busfahrer es rabiat ausprobierte \u2013 die R\u00e4der selbst einladen und so wurde alles gut und sicher transportiert. <\/p>\n\n\n\n<p>Guilin<\/p>\n\n\n\n<p>In Guilin angekommen checkten wir schnell ein Hostel aus \u2013 der Technik sei Dank. Couchsurfing und Warmshowers war wenig aufschlussreich, also wiedermal dem Kommerz aufsitzen. Aber erstmal auf die R\u00e4der. Wir fuhren durch einen Markt und tauchten direkt ein in das Aroma der Au\u00dfenbezirke dieses Touri-Ortes. Es roch nach Essen und \u2026 naja, nach Pisse. Wir schl\u00e4ngelten uns zwischen Verkaufsst\u00e4nden und deren Kunden hindurch, vorbei an ganzen und halben, behaarten und geh\u00e4uteten, zappelnden und zerhackten H\u00fchnern, Enten und Fischen sowie allerlei Obst, Gem\u00fcse und Plastikprodukten. <\/p>\n\n\n\n<p>Dann, heraus aus dem Markt, wurden wir beinahe von einer Roller-Lawine \u00fcberrollt. Tats\u00e4chlich gibt es weiter s\u00fcdlich \u2013 wie Zhipeng prophezeite \u2013 noch vieeel mehr Rollerfahrer. Alles was zwei Beine hatte war hier auf zwei R\u00e4dern unterwegs, die halb-halb elektrisch oder fossil betrieben wurden. Dazwischen versuchten ein paar Autos durchzukommen. An anderen Stellen war der Verkehr besser organisiert und es gab einen Fahrradstreifen, einen Motorradstreifen und eine Autofahrbahn. Der Fahrradstreifen war aber faktisch entweder Fu\u00dfwegersatz oder ebenso Motorradstreifen. Im Endeffekt wuselten die surrenden Zweir\u00e4der \u00fcberall umher. Dennoch \u2013 wir fanden unseren Weg und unser Hostel, was f\u00fcr einen unschlagbar g\u00fcnstigen Preis sauber und sch\u00f6n war<\/p>\n\n\n\n<p>Wir genossen also einen Tag Pause in Guilin bevor wir nach S\u00fcden gen Yangshou aufbrechen w\u00fcrden, um die m\u00e4rchenhaften Karstlandschaften dort am Fluss Li zu erkunden. Leider mussten wir feststellen, dass a) so ziemlich alles was halbwegs sehenswert ist mit Kassen und Eintrittspreisen versehen ist sowie b) dass Chris&#8216; Schaltung schon wieder defekt war, diesmal der hintere Schaltzug, der am Griff gerissen war. <br>Also verbrachten wir den Tag in der Stadt, radelten wie uns von der Rezeption empfohlen wurde, einmal um die Innenstadt, am Wasser entlang, wobei das spannendste wohl der Verkehr in der mittleren Gro\u00dfstadt blieb. Nach langem Suchen und fragen fanden wir au\u00dferhalb des Zentrums einen kleinen Radladen, wo uns bereitwillig, wenn auch diesmal nicht umsonst, geholfen wurde. Au\u00dferdem gab es nebenan einen Optiker, wo Chris seine fehlende Sonnenbrille endlich (und Lisas \u00c4sthetikempfinden diesmal zufriedenstellend) ersetzen konnte. <\/p>\n\n\n\n<ul class=\"is-layout-flex wp-block-gallery-17 wp-block-gallery columns-3 is-cropped\"><li class=\"blocks-gallery-item\"><figure><img decoding=\"async\" loading=\"lazy\" width=\"1024\" height=\"683\" src=\"http:\/\/lichri.radeln-in-den-sonnenaufgang.de\/wp-content\/uploads\/2019\/09\/IMG_2924_compress31-1-1024x683.jpg\" alt=\"\" data-id=\"835\" data-link=\"http:\/\/lichri.radeln-in-den-sonnenaufgang.de\/?attachment_id=835\" class=\"wp-image-835\" srcset=\"http:\/\/lichri.radeln-in-den-sonnenaufgang.de\/wp-content\/uploads\/2019\/09\/IMG_2924_compress31-1-1024x683.jpg 1024w, http:\/\/lichri.radeln-in-den-sonnenaufgang.de\/wp-content\/uploads\/2019\/09\/IMG_2924_compress31-1-300x200.jpg 300w, http:\/\/lichri.radeln-in-den-sonnenaufgang.de\/wp-content\/uploads\/2019\/09\/IMG_2924_compress31-1-768x512.jpg 768w, http:\/\/lichri.radeln-in-den-sonnenaufgang.de\/wp-content\/uploads\/2019\/09\/IMG_2924_compress31-1.jpg 1296w\" sizes=\"(max-width: 767px) 89vw, (max-width: 1000px) 54vw, (max-width: 1071px) 543px, 580px\" \/><\/figure><\/li><li class=\"blocks-gallery-item\"><figure><img decoding=\"async\" loading=\"lazy\" width=\"1024\" height=\"683\" src=\"http:\/\/lichri.radeln-in-den-sonnenaufgang.de\/wp-content\/uploads\/2019\/09\/IMG_2945_compress60-1024x683.jpg\" alt=\"\" data-id=\"834\" data-link=\"http:\/\/lichri.radeln-in-den-sonnenaufgang.de\/?attachment_id=834\" class=\"wp-image-834\" srcset=\"http:\/\/lichri.radeln-in-den-sonnenaufgang.de\/wp-content\/uploads\/2019\/09\/IMG_2945_compress60-1024x683.jpg 1024w, http:\/\/lichri.radeln-in-den-sonnenaufgang.de\/wp-content\/uploads\/2019\/09\/IMG_2945_compress60-300x200.jpg 300w, http:\/\/lichri.radeln-in-den-sonnenaufgang.de\/wp-content\/uploads\/2019\/09\/IMG_2945_compress60-768x512.jpg 768w, http:\/\/lichri.radeln-in-den-sonnenaufgang.de\/wp-content\/uploads\/2019\/09\/IMG_2945_compress60.jpg 1296w\" sizes=\"(max-width: 767px) 89vw, (max-width: 1000px) 54vw, (max-width: 1071px) 543px, 580px\" \/><\/figure><\/li><li class=\"blocks-gallery-item\"><figure><img decoding=\"async\" loading=\"lazy\" width=\"1024\" height=\"683\" src=\"http:\/\/lichri.radeln-in-den-sonnenaufgang.de\/wp-content\/uploads\/2019\/09\/IMG_2943_compress67-1024x683.jpg\" alt=\"\" data-id=\"832\" data-link=\"http:\/\/lichri.radeln-in-den-sonnenaufgang.de\/?attachment_id=832\" class=\"wp-image-832\" srcset=\"http:\/\/lichri.radeln-in-den-sonnenaufgang.de\/wp-content\/uploads\/2019\/09\/IMG_2943_compress67-1024x683.jpg 1024w, http:\/\/lichri.radeln-in-den-sonnenaufgang.de\/wp-content\/uploads\/2019\/09\/IMG_2943_compress67-300x200.jpg 300w, http:\/\/lichri.radeln-in-den-sonnenaufgang.de\/wp-content\/uploads\/2019\/09\/IMG_2943_compress67-768x512.jpg 768w, http:\/\/lichri.radeln-in-den-sonnenaufgang.de\/wp-content\/uploads\/2019\/09\/IMG_2943_compress67.jpg 1296w\" sizes=\"(max-width: 767px) 89vw, (max-width: 1000px) 54vw, (max-width: 1071px) 543px, 580px\" \/><\/figure><\/li><li class=\"blocks-gallery-item\"><figure><img decoding=\"async\" loading=\"lazy\" width=\"1024\" height=\"683\" src=\"http:\/\/lichri.radeln-in-den-sonnenaufgang.de\/wp-content\/uploads\/2019\/09\/IMG_2976_compress8-1024x683.jpg\" alt=\"\" data-id=\"828\" data-link=\"http:\/\/lichri.radeln-in-den-sonnenaufgang.de\/?attachment_id=828\" class=\"wp-image-828\" srcset=\"http:\/\/lichri.radeln-in-den-sonnenaufgang.de\/wp-content\/uploads\/2019\/09\/IMG_2976_compress8-1024x683.jpg 1024w, http:\/\/lichri.radeln-in-den-sonnenaufgang.de\/wp-content\/uploads\/2019\/09\/IMG_2976_compress8-300x200.jpg 300w, http:\/\/lichri.radeln-in-den-sonnenaufgang.de\/wp-content\/uploads\/2019\/09\/IMG_2976_compress8-768x512.jpg 768w, http:\/\/lichri.radeln-in-den-sonnenaufgang.de\/wp-content\/uploads\/2019\/09\/IMG_2976_compress8.jpg 1296w\" sizes=\"(max-width: 767px) 89vw, (max-width: 1000px) 54vw, (max-width: 1071px) 543px, 580px\" \/><\/figure><\/li><li class=\"blocks-gallery-item\"><figure><img decoding=\"async\" loading=\"lazy\" width=\"1024\" height=\"683\" src=\"http:\/\/lichri.radeln-in-den-sonnenaufgang.de\/wp-content\/uploads\/2019\/09\/IMG_2979_compress44-1024x683.jpg\" alt=\"\" data-id=\"829\" data-link=\"http:\/\/lichri.radeln-in-den-sonnenaufgang.de\/?attachment_id=829\" class=\"wp-image-829\" srcset=\"http:\/\/lichri.radeln-in-den-sonnenaufgang.de\/wp-content\/uploads\/2019\/09\/IMG_2979_compress44-1024x683.jpg 1024w, http:\/\/lichri.radeln-in-den-sonnenaufgang.de\/wp-content\/uploads\/2019\/09\/IMG_2979_compress44-300x200.jpg 300w, http:\/\/lichri.radeln-in-den-sonnenaufgang.de\/wp-content\/uploads\/2019\/09\/IMG_2979_compress44-768x512.jpg 768w, http:\/\/lichri.radeln-in-den-sonnenaufgang.de\/wp-content\/uploads\/2019\/09\/IMG_2979_compress44.jpg 1296w\" sizes=\"(max-width: 767px) 89vw, (max-width: 1000px) 54vw, (max-width: 1071px) 543px, 580px\" \/><\/figure><\/li><li class=\"blocks-gallery-item\"><figure><img decoding=\"async\" loading=\"lazy\" width=\"683\" height=\"1024\" src=\"http:\/\/lichri.radeln-in-den-sonnenaufgang.de\/wp-content\/uploads\/2019\/09\/IMG_2990_compress80-e1569467507242-683x1024.jpg\" alt=\"\" data-id=\"826\" data-link=\"http:\/\/lichri.radeln-in-den-sonnenaufgang.de\/?attachment_id=826\" class=\"wp-image-826\" srcset=\"http:\/\/lichri.radeln-in-den-sonnenaufgang.de\/wp-content\/uploads\/2019\/09\/IMG_2990_compress80-e1569467507242-683x1024.jpg 683w, http:\/\/lichri.radeln-in-den-sonnenaufgang.de\/wp-content\/uploads\/2019\/09\/IMG_2990_compress80-e1569467507242-200x300.jpg 200w, http:\/\/lichri.radeln-in-den-sonnenaufgang.de\/wp-content\/uploads\/2019\/09\/IMG_2990_compress80-e1569467507242-768x1152.jpg 768w, http:\/\/lichri.radeln-in-den-sonnenaufgang.de\/wp-content\/uploads\/2019\/09\/IMG_2990_compress80-e1569467507242.jpg 864w\" sizes=\"(max-width: 683px) 100vw, 683px\" \/><\/figure><\/li><li class=\"blocks-gallery-item\"><figure><img decoding=\"async\" loading=\"lazy\" width=\"1024\" height=\"683\" src=\"http:\/\/lichri.radeln-in-den-sonnenaufgang.de\/wp-content\/uploads\/2019\/09\/IMG_2984_compress16-1024x683.jpg\" alt=\"\" data-id=\"827\" data-link=\"http:\/\/lichri.radeln-in-den-sonnenaufgang.de\/?attachment_id=827\" class=\"wp-image-827\" srcset=\"http:\/\/lichri.radeln-in-den-sonnenaufgang.de\/wp-content\/uploads\/2019\/09\/IMG_2984_compress16-1024x683.jpg 1024w, http:\/\/lichri.radeln-in-den-sonnenaufgang.de\/wp-content\/uploads\/2019\/09\/IMG_2984_compress16-300x200.jpg 300w, http:\/\/lichri.radeln-in-den-sonnenaufgang.de\/wp-content\/uploads\/2019\/09\/IMG_2984_compress16-768x512.jpg 768w, http:\/\/lichri.radeln-in-den-sonnenaufgang.de\/wp-content\/uploads\/2019\/09\/IMG_2984_compress16.jpg 1296w\" sizes=\"(max-width: 767px) 89vw, (max-width: 1000px) 54vw, (max-width: 1071px) 543px, 580px\" \/><\/figure><\/li><\/ul>\n\n\n\n<p>Karst am Li<\/p>\n\n\n\n<p>Die Fahrt am kommenden Tag begann dann recht unspektakul\u00e4r, abgesehen von den verr\u00fcckten M\u00e4rkten an den Stra\u00dfenr\u00e4ndern und den spielenden und musizierenden Chinesen, die es Samstag hier zum Kartenspielen und Zusammensitzen auf die Stra\u00dfen trieb. <\/p>\n\n\n\n<p>Erst viele Kilometer s\u00fcdlich kamen wir schlie\u00dflich den ersten Ausl\u00e4ufern der wundersam geschwungenen und mit runden Kuppen versehenen Berge. (Kleine Anmerkung vom M\u00f6chtegern-Geomorphologen: Eigentlich sind dies erodierte Karstformationen, also von Niederschlag und Fl\u00fcssen durch Aufl\u00f6sung, Aus- und Umsp\u00fclung geformte T\u00e4ler. Die \u201eBerge\u201c sind das was stehen blieb \u2026 \ud83d\ude09 Karst haben wir in Deutschland auch, z.B. im oberen Donautal. Schaut da nur anders aus, weil der Karst \u2013 der Kalkstein &#8211; hier in einem anderen Klima und unter anderen bio-geochemischen Umst\u00e4nden erodierte.)<\/p>\n\n\n\n<figure class=\"wp-block-image\"><img decoding=\"async\" loading=\"lazy\" width=\"1024\" height=\"683\" src=\"http:\/\/lichri.radeln-in-den-sonnenaufgang.de\/wp-content\/uploads\/2019\/09\/IMG_3249_compress11-1024x683.jpg\" alt=\"\" class=\"wp-image-813\" srcset=\"http:\/\/lichri.radeln-in-den-sonnenaufgang.de\/wp-content\/uploads\/2019\/09\/IMG_3249_compress11-1024x683.jpg 1024w, http:\/\/lichri.radeln-in-den-sonnenaufgang.de\/wp-content\/uploads\/2019\/09\/IMG_3249_compress11-300x200.jpg 300w, http:\/\/lichri.radeln-in-den-sonnenaufgang.de\/wp-content\/uploads\/2019\/09\/IMG_3249_compress11-768x512.jpg 768w, http:\/\/lichri.radeln-in-den-sonnenaufgang.de\/wp-content\/uploads\/2019\/09\/IMG_3249_compress11.jpg 1296w\" sizes=\"(max-width: 767px) 89vw, (max-width: 1000px) 54vw, (max-width: 1071px) 543px, 580px\" \/><\/figure>\n\n\n\n<p>Wir fuhren von der gro\u00dfen Stra\u00dfe ab, um unmittelbarer durch diese wundersch\u00f6ne, wenn auch anspruchsvolle Landschaft zu radeln. Bevor wir an diesem Abend unser Zelt in einer Orangenplantage in den Bergen aufschlugen, wurden wir noch Zeugen eines spektakul\u00e4ren Sonnenuntergangs\u2026<br><\/p>\n\n\n\n<figure class=\"wp-block-image\"><img decoding=\"async\" loading=\"lazy\" width=\"1024\" height=\"683\" src=\"http:\/\/lichri.radeln-in-den-sonnenaufgang.de\/wp-content\/uploads\/2019\/09\/IMG_3208_compress27-1024x683.jpg\" alt=\"\" class=\"wp-image-812\" srcset=\"http:\/\/lichri.radeln-in-den-sonnenaufgang.de\/wp-content\/uploads\/2019\/09\/IMG_3208_compress27-1024x683.jpg 1024w, http:\/\/lichri.radeln-in-den-sonnenaufgang.de\/wp-content\/uploads\/2019\/09\/IMG_3208_compress27-300x200.jpg 300w, http:\/\/lichri.radeln-in-den-sonnenaufgang.de\/wp-content\/uploads\/2019\/09\/IMG_3208_compress27-768x512.jpg 768w, http:\/\/lichri.radeln-in-den-sonnenaufgang.de\/wp-content\/uploads\/2019\/09\/IMG_3208_compress27.jpg 1296w\" sizes=\"(max-width: 767px) 89vw, (max-width: 1000px) 54vw, (max-width: 1071px) 543px, 580px\" \/><\/figure>\n\n\n\n<p>Die kommenden Tage waren hei\u00df und wir nutzten jede Gelegenheit uns abzuk\u00fchlen. Mehrfach kamen wir an Quellen im Fels vorbei, an denen wir uns und die an uns klebenden Klamotten ausgiebig wuschen, tranken und unsere Flaschen auff\u00fcllten. Unten am Fluss Li angekommen fanden wir dann erst ein kleines Restaurant, dessen Besitzerin uns mit dem Gartengem\u00fcse von hinterm Haus bekochte und uns wunderbare Maracujas aus ebenjenem Garten schenkte. Etwas weiter am Fluss entlang kamen wir dann an eine F\u00e4hre. Hier endete die Ruhe j\u00e4h: Der Fluss war voller Boote. Bambus-Motorboote und gr\u00f6\u00dfere Touri-Kutter sausten nur so \u00fcber den Fluss, der sich dadurch anh\u00f6rte wie ein gigantischer Bienenstock. <\/p>\n\n\n\n<ul class=\"is-layout-flex wp-block-gallery-19 wp-block-gallery columns-3 is-cropped\"><li class=\"blocks-gallery-item\"><figure><img decoding=\"async\" loading=\"lazy\" width=\"683\" height=\"1024\" src=\"http:\/\/lichri.radeln-in-den-sonnenaufgang.de\/wp-content\/uploads\/2019\/09\/IMG_3281_compress26-e1569467359211-683x1024.jpg\" alt=\"\" data-id=\"811\" data-link=\"http:\/\/lichri.radeln-in-den-sonnenaufgang.de\/?attachment_id=811\" class=\"wp-image-811\" srcset=\"http:\/\/lichri.radeln-in-den-sonnenaufgang.de\/wp-content\/uploads\/2019\/09\/IMG_3281_compress26-e1569467359211-683x1024.jpg 683w, http:\/\/lichri.radeln-in-den-sonnenaufgang.de\/wp-content\/uploads\/2019\/09\/IMG_3281_compress26-e1569467359211-200x300.jpg 200w, http:\/\/lichri.radeln-in-den-sonnenaufgang.de\/wp-content\/uploads\/2019\/09\/IMG_3281_compress26-e1569467359211-768x1152.jpg 768w, http:\/\/lichri.radeln-in-den-sonnenaufgang.de\/wp-content\/uploads\/2019\/09\/IMG_3281_compress26-e1569467359211.jpg 864w\" sizes=\"(max-width: 683px) 100vw, 683px\" \/><\/figure><\/li><li class=\"blocks-gallery-item\"><figure><img decoding=\"async\" loading=\"lazy\" width=\"1024\" height=\"683\" src=\"http:\/\/lichri.radeln-in-den-sonnenaufgang.de\/wp-content\/uploads\/2019\/09\/IMG_3335_compress81-1024x683.jpg\" alt=\"\" data-id=\"810\" data-link=\"http:\/\/lichri.radeln-in-den-sonnenaufgang.de\/?attachment_id=810\" class=\"wp-image-810\" srcset=\"http:\/\/lichri.radeln-in-den-sonnenaufgang.de\/wp-content\/uploads\/2019\/09\/IMG_3335_compress81-1024x683.jpg 1024w, http:\/\/lichri.radeln-in-den-sonnenaufgang.de\/wp-content\/uploads\/2019\/09\/IMG_3335_compress81-300x200.jpg 300w, http:\/\/lichri.radeln-in-den-sonnenaufgang.de\/wp-content\/uploads\/2019\/09\/IMG_3335_compress81-768x512.jpg 768w, http:\/\/lichri.radeln-in-den-sonnenaufgang.de\/wp-content\/uploads\/2019\/09\/IMG_3335_compress81.jpg 1296w\" sizes=\"(max-width: 767px) 89vw, (max-width: 1000px) 54vw, (max-width: 1071px) 543px, 580px\" \/><\/figure><\/li><li class=\"blocks-gallery-item\"><figure><img decoding=\"async\" loading=\"lazy\" width=\"1024\" height=\"683\" src=\"http:\/\/lichri.radeln-in-den-sonnenaufgang.de\/wp-content\/uploads\/2019\/09\/IMG_3295_compress50-1024x683.jpg\" alt=\"\" data-id=\"809\" data-link=\"http:\/\/lichri.radeln-in-den-sonnenaufgang.de\/?attachment_id=809\" class=\"wp-image-809\" srcset=\"http:\/\/lichri.radeln-in-den-sonnenaufgang.de\/wp-content\/uploads\/2019\/09\/IMG_3295_compress50-1024x683.jpg 1024w, http:\/\/lichri.radeln-in-den-sonnenaufgang.de\/wp-content\/uploads\/2019\/09\/IMG_3295_compress50-300x200.jpg 300w, http:\/\/lichri.radeln-in-den-sonnenaufgang.de\/wp-content\/uploads\/2019\/09\/IMG_3295_compress50-768x512.jpg 768w, http:\/\/lichri.radeln-in-den-sonnenaufgang.de\/wp-content\/uploads\/2019\/09\/IMG_3295_compress50.jpg 1296w\" sizes=\"(max-width: 767px) 89vw, (max-width: 1000px) 54vw, (max-width: 1071px) 543px, 580px\" \/><\/figure><\/li><li class=\"blocks-gallery-item\"><figure><img decoding=\"async\" loading=\"lazy\" width=\"683\" height=\"1024\" src=\"http:\/\/lichri.radeln-in-den-sonnenaufgang.de\/wp-content\/uploads\/2019\/09\/IMG_3388_compress54-e1569467294742-683x1024.jpg\" alt=\"\" data-id=\"808\" data-link=\"http:\/\/lichri.radeln-in-den-sonnenaufgang.de\/?attachment_id=808\" class=\"wp-image-808\" srcset=\"http:\/\/lichri.radeln-in-den-sonnenaufgang.de\/wp-content\/uploads\/2019\/09\/IMG_3388_compress54-e1569467294742-683x1024.jpg 683w, http:\/\/lichri.radeln-in-den-sonnenaufgang.de\/wp-content\/uploads\/2019\/09\/IMG_3388_compress54-e1569467294742-200x300.jpg 200w, http:\/\/lichri.radeln-in-den-sonnenaufgang.de\/wp-content\/uploads\/2019\/09\/IMG_3388_compress54-e1569467294742-768x1152.jpg 768w, http:\/\/lichri.radeln-in-den-sonnenaufgang.de\/wp-content\/uploads\/2019\/09\/IMG_3388_compress54-e1569467294742.jpg 864w\" sizes=\"(max-width: 683px) 100vw, 683px\" \/><\/figure><\/li><li class=\"blocks-gallery-item\"><figure><img decoding=\"async\" loading=\"lazy\" width=\"1024\" height=\"683\" src=\"http:\/\/lichri.radeln-in-den-sonnenaufgang.de\/wp-content\/uploads\/2019\/09\/IMG_3415_compress74-1024x683.jpg\" alt=\"\" data-id=\"805\" data-link=\"http:\/\/lichri.radeln-in-den-sonnenaufgang.de\/?attachment_id=805\" class=\"wp-image-805\" srcset=\"http:\/\/lichri.radeln-in-den-sonnenaufgang.de\/wp-content\/uploads\/2019\/09\/IMG_3415_compress74-1024x683.jpg 1024w, http:\/\/lichri.radeln-in-den-sonnenaufgang.de\/wp-content\/uploads\/2019\/09\/IMG_3415_compress74-300x200.jpg 300w, http:\/\/lichri.radeln-in-den-sonnenaufgang.de\/wp-content\/uploads\/2019\/09\/IMG_3415_compress74-768x512.jpg 768w, http:\/\/lichri.radeln-in-den-sonnenaufgang.de\/wp-content\/uploads\/2019\/09\/IMG_3415_compress74.jpg 1296w\" sizes=\"(max-width: 767px) 89vw, (max-width: 1000px) 54vw, (max-width: 1071px) 543px, 580px\" \/><\/figure><\/li><li class=\"blocks-gallery-item\"><figure><img decoding=\"async\" loading=\"lazy\" width=\"1024\" height=\"683\" src=\"http:\/\/lichri.radeln-in-den-sonnenaufgang.de\/wp-content\/uploads\/2019\/09\/IMG_3372_compress42-1024x683.jpg\" alt=\"\" data-id=\"807\" data-link=\"http:\/\/lichri.radeln-in-den-sonnenaufgang.de\/?attachment_id=807\" class=\"wp-image-807\" srcset=\"http:\/\/lichri.radeln-in-den-sonnenaufgang.de\/wp-content\/uploads\/2019\/09\/IMG_3372_compress42-1024x683.jpg 1024w, http:\/\/lichri.radeln-in-den-sonnenaufgang.de\/wp-content\/uploads\/2019\/09\/IMG_3372_compress42-300x200.jpg 300w, http:\/\/lichri.radeln-in-den-sonnenaufgang.de\/wp-content\/uploads\/2019\/09\/IMG_3372_compress42-768x512.jpg 768w, http:\/\/lichri.radeln-in-den-sonnenaufgang.de\/wp-content\/uploads\/2019\/09\/IMG_3372_compress42.jpg 1296w\" sizes=\"(max-width: 767px) 89vw, (max-width: 1000px) 54vw, (max-width: 1071px) 543px, 580px\" \/><\/figure><\/li><\/ul>\n\n\n\n<figure class=\"wp-block-image\"><img decoding=\"async\" loading=\"lazy\" width=\"1024\" height=\"683\" src=\"http:\/\/lichri.radeln-in-den-sonnenaufgang.de\/wp-content\/uploads\/2019\/09\/IMG_3457-1024x683.jpg\" alt=\"\" class=\"wp-image-905\" srcset=\"http:\/\/lichri.radeln-in-den-sonnenaufgang.de\/wp-content\/uploads\/2019\/09\/IMG_3457-1024x683.jpg 1024w, http:\/\/lichri.radeln-in-den-sonnenaufgang.de\/wp-content\/uploads\/2019\/09\/IMG_3457-300x200.jpg 300w, http:\/\/lichri.radeln-in-den-sonnenaufgang.de\/wp-content\/uploads\/2019\/09\/IMG_3457-768x512.jpg 768w\" sizes=\"(max-width: 767px) 89vw, (max-width: 1000px) 54vw, (max-width: 1071px) 543px, 580px\" \/><\/figure>\n\n\n\n<p>Wir setzten \u00fcber, k\u00e4mpften uns durch Scharen von Touristen und wichen den E-Kutschen aus, mit denen sie von A nach B gekarrt wurden. Schlie\u00dflich mussten wir erneut \u00fcber den Fluss, um weiter nach Yangshou zu kommen. Hiernach beruhigte sich die Fahrt und wir sahen haupts\u00e4chlich locals, die hier am Fluss lebten. Nach einem kleinen Essen und einer weiteren Waschpause am Berg wurden wir \u2013 auf der Suche nach einem Weg auf eben jenen Berg \u2013 von zwei Ladies aufgegabelt, die uns \u00fcberzeugten, mit zu ihrem Hotel zu kommen. Da es zu sp\u00e4t war, den Aufstieg auf den doch etwas zu unwegsamen Bergpfad zu meistern, campten wir auf dem Hotelgel\u00e4nde. <\/p>\n\n\n\n<figure class=\"wp-block-image\"><img decoding=\"async\" loading=\"lazy\" width=\"1024\" height=\"683\" src=\"http:\/\/lichri.radeln-in-den-sonnenaufgang.de\/wp-content\/uploads\/2019\/09\/IMG_3580_compress55-1-1024x683.jpg\" alt=\"\" class=\"wp-image-889\" srcset=\"http:\/\/lichri.radeln-in-den-sonnenaufgang.de\/wp-content\/uploads\/2019\/09\/IMG_3580_compress55-1-1024x683.jpg 1024w, http:\/\/lichri.radeln-in-den-sonnenaufgang.de\/wp-content\/uploads\/2019\/09\/IMG_3580_compress55-1-300x200.jpg 300w, http:\/\/lichri.radeln-in-den-sonnenaufgang.de\/wp-content\/uploads\/2019\/09\/IMG_3580_compress55-1-768x512.jpg 768w, http:\/\/lichri.radeln-in-den-sonnenaufgang.de\/wp-content\/uploads\/2019\/09\/IMG_3580_compress55-1.jpg 1296w\" sizes=\"(max-width: 767px) 89vw, (max-width: 1000px) 54vw, (max-width: 1071px) 543px, 580px\" \/><\/figure>\n\n\n\n<ul class=\"is-layout-flex wp-block-gallery-21 wp-block-gallery columns-3 is-cropped\"><li class=\"blocks-gallery-item\"><figure><img decoding=\"async\" loading=\"lazy\" width=\"1024\" height=\"683\" src=\"http:\/\/lichri.radeln-in-den-sonnenaufgang.de\/wp-content\/uploads\/2019\/09\/IMG_3453_compress19-1024x683.jpg\" alt=\"\" data-id=\"806\" data-link=\"http:\/\/lichri.radeln-in-den-sonnenaufgang.de\/?attachment_id=806\" class=\"wp-image-806\" srcset=\"http:\/\/lichri.radeln-in-den-sonnenaufgang.de\/wp-content\/uploads\/2019\/09\/IMG_3453_compress19-1024x683.jpg 1024w, http:\/\/lichri.radeln-in-den-sonnenaufgang.de\/wp-content\/uploads\/2019\/09\/IMG_3453_compress19-300x200.jpg 300w, http:\/\/lichri.radeln-in-den-sonnenaufgang.de\/wp-content\/uploads\/2019\/09\/IMG_3453_compress19-768x512.jpg 768w, http:\/\/lichri.radeln-in-den-sonnenaufgang.de\/wp-content\/uploads\/2019\/09\/IMG_3453_compress19.jpg 1296w\" sizes=\"(max-width: 767px) 89vw, (max-width: 1000px) 54vw, (max-width: 1071px) 543px, 580px\" \/><\/figure><\/li><li class=\"blocks-gallery-item\"><figure><img decoding=\"async\" loading=\"lazy\" width=\"1024\" height=\"683\" src=\"http:\/\/lichri.radeln-in-den-sonnenaufgang.de\/wp-content\/uploads\/2019\/09\/IMG_3636_compress92-1024x683.jpg\" alt=\"\" data-id=\"802\" data-link=\"http:\/\/lichri.radeln-in-den-sonnenaufgang.de\/?attachment_id=802\" class=\"wp-image-802\" srcset=\"http:\/\/lichri.radeln-in-den-sonnenaufgang.de\/wp-content\/uploads\/2019\/09\/IMG_3636_compress92-1024x683.jpg 1024w, http:\/\/lichri.radeln-in-den-sonnenaufgang.de\/wp-content\/uploads\/2019\/09\/IMG_3636_compress92-300x200.jpg 300w, http:\/\/lichri.radeln-in-den-sonnenaufgang.de\/wp-content\/uploads\/2019\/09\/IMG_3636_compress92-768x512.jpg 768w, http:\/\/lichri.radeln-in-den-sonnenaufgang.de\/wp-content\/uploads\/2019\/09\/IMG_3636_compress92.jpg 1296w\" sizes=\"(max-width: 767px) 89vw, (max-width: 1000px) 54vw, (max-width: 1071px) 543px, 580px\" \/><\/figure><\/li><li class=\"blocks-gallery-item\"><figure><img decoding=\"async\" loading=\"lazy\" width=\"1024\" height=\"683\" src=\"http:\/\/lichri.radeln-in-den-sonnenaufgang.de\/wp-content\/uploads\/2019\/09\/IMG_3455_compress44-1024x683.jpg\" alt=\"\" data-id=\"804\" data-link=\"http:\/\/lichri.radeln-in-den-sonnenaufgang.de\/?attachment_id=804\" class=\"wp-image-804\" srcset=\"http:\/\/lichri.radeln-in-den-sonnenaufgang.de\/wp-content\/uploads\/2019\/09\/IMG_3455_compress44-1024x683.jpg 1024w, http:\/\/lichri.radeln-in-den-sonnenaufgang.de\/wp-content\/uploads\/2019\/09\/IMG_3455_compress44-300x200.jpg 300w, http:\/\/lichri.radeln-in-den-sonnenaufgang.de\/wp-content\/uploads\/2019\/09\/IMG_3455_compress44-768x512.jpg 768w, http:\/\/lichri.radeln-in-den-sonnenaufgang.de\/wp-content\/uploads\/2019\/09\/IMG_3455_compress44.jpg 1296w\" sizes=\"(max-width: 767px) 89vw, (max-width: 1000px) 54vw, (max-width: 1071px) 543px, 580px\" \/><\/figure><\/li><\/ul>\n\n\n\n<figure class=\"wp-block-image\"><img decoding=\"async\" loading=\"lazy\" width=\"1024\" height=\"576\" src=\"http:\/\/lichri.radeln-in-den-sonnenaufgang.de\/wp-content\/uploads\/2019\/09\/DSC_0296_compress69-1-1024x576.jpg\" alt=\"\" class=\"wp-image-789\" srcset=\"http:\/\/lichri.radeln-in-den-sonnenaufgang.de\/wp-content\/uploads\/2019\/09\/DSC_0296_compress69-1-1024x576.jpg 1024w, http:\/\/lichri.radeln-in-den-sonnenaufgang.de\/wp-content\/uploads\/2019\/09\/DSC_0296_compress69-1-300x169.jpg 300w, http:\/\/lichri.radeln-in-den-sonnenaufgang.de\/wp-content\/uploads\/2019\/09\/DSC_0296_compress69-1-768x432.jpg 768w, http:\/\/lichri.radeln-in-den-sonnenaufgang.de\/wp-content\/uploads\/2019\/09\/DSC_0296_compress69-1.jpg 1280w\" sizes=\"(max-width: 767px) 89vw, (max-width: 1000px) 54vw, (max-width: 1071px) 543px, 580px\" \/><\/figure>\n\n\n\n<p>Um viertel vor sieben am Morgen starteten wir dann noch vor Sonnenaufgang und Fr\u00fchst\u00fcck auf den Berg. Unsere OSMAND-Karten-App zeigte dort einen Aussichtspunkt an. Witziger Weise folgten uns die H\u00fcndin vom Hotel, zusammen mit ihren drolligen wei\u00dfen Welpen, die uns durch ihr verspieltes Zanken schon den Vorabend vers\u00fc\u00dften. Nach einigen Hundert Metern den Berg hinauf waren die Hunde dann pl\u00f6tzlich verschwunden. Also gingen wir alleine weiter. Nur wenige Minuten sp\u00e4ter war die Hunde-Mami dann jedoch zur\u00fcck und ging uns voraus, als wollte sie uns den Weg zeigen. Als es schlie\u00dflich steiler wurde und Chris ungeduldig vorauseilte, um \u201eden Sonnenaufgang noch auf\u2019s Bild\u201c zu bekommen, blieb die Hunde-Mami treu und f\u00fcrsorglich bei der schnaufenden Lisa, bzw. wartete auf sie, um nach ihr zu sehen. Sehr s\u00fc\u00df!<\/p>\n\n\n\n<figure class=\"wp-block-image\"><img decoding=\"async\" loading=\"lazy\" width=\"1024\" height=\"683\" src=\"http:\/\/lichri.radeln-in-den-sonnenaufgang.de\/wp-content\/uploads\/2019\/09\/IMG_3753_compress3-1024x683.jpg\" alt=\"\" class=\"wp-image-800\" srcset=\"http:\/\/lichri.radeln-in-den-sonnenaufgang.de\/wp-content\/uploads\/2019\/09\/IMG_3753_compress3-1024x683.jpg 1024w, http:\/\/lichri.radeln-in-den-sonnenaufgang.de\/wp-content\/uploads\/2019\/09\/IMG_3753_compress3-300x200.jpg 300w, http:\/\/lichri.radeln-in-den-sonnenaufgang.de\/wp-content\/uploads\/2019\/09\/IMG_3753_compress3-768x512.jpg 768w, http:\/\/lichri.radeln-in-den-sonnenaufgang.de\/wp-content\/uploads\/2019\/09\/IMG_3753_compress3.jpg 1296w\" sizes=\"(max-width: 767px) 89vw, (max-width: 1000px) 54vw, (max-width: 1071px) 543px, 580px\" \/><\/figure>\n\n\n\n<p>Oben angekommen bot sich dann ein sagenhafter Anblick \u2013 zuf\u00e4lliger Weise genau der, den wir vorher schon auf Postkarten in Guilin sahen \u2013 und wir waren zutiefst zufrieden und dankbar f\u00fcr diese, den heftigen Aufstieg lohnende Aussicht.<\/p>\n\n\n\n<figure class=\"wp-block-image\"><img decoding=\"async\" loading=\"lazy\" width=\"1024\" height=\"683\" src=\"http:\/\/lichri.radeln-in-den-sonnenaufgang.de\/wp-content\/uploads\/2019\/09\/IMG_3764_compress58-1024x683.jpg\" alt=\"\" class=\"wp-image-798\" srcset=\"http:\/\/lichri.radeln-in-den-sonnenaufgang.de\/wp-content\/uploads\/2019\/09\/IMG_3764_compress58-1024x683.jpg 1024w, http:\/\/lichri.radeln-in-den-sonnenaufgang.de\/wp-content\/uploads\/2019\/09\/IMG_3764_compress58-300x200.jpg 300w, http:\/\/lichri.radeln-in-den-sonnenaufgang.de\/wp-content\/uploads\/2019\/09\/IMG_3764_compress58-768x512.jpg 768w, http:\/\/lichri.radeln-in-den-sonnenaufgang.de\/wp-content\/uploads\/2019\/09\/IMG_3764_compress58.jpg 1296w\" sizes=\"(max-width: 767px) 89vw, (max-width: 1000px) 54vw, (max-width: 1071px) 543px, 580px\" \/><\/figure>\n\n\n\n<p>Yangshou<\/p>\n\n\n\n<p>An diesem Tag radelten wir dann noch \u2013 in der prallen Sonne und somit immer wieder schwei\u00dfgebadet \u2013 bis nach Yangshuo. Die Stadt ist \u2013 idyllisch eingebettet zwischen den hochaufragenden runden, felsigen und bewaldeten Kuppen \u2013 ein wahrer Touri-Magnet. Nachdem wir die Natur und Landschaft auf dem Weg hierher bereits ausgiebig genie\u00dfen durften und wir weitaus sch\u00f6nere Aussichten bereits mitgenommen haben, ist die Stadt f\u00fcr uns in erster Linie voll, laut und stressig. Nichtsdestotrotz machen wir hier einen Tag Pause \u2013 weshalb wir nun auch endlich dazu kommen, euch diese neue Episode unserer Reise zu schildern. \ud83d\ude09<\/p>\n\n\n\n<ul class=\"is-layout-flex wp-block-gallery-23 wp-block-gallery columns-3 is-cropped\"><li class=\"blocks-gallery-item\"><figure><img decoding=\"async\" loading=\"lazy\" width=\"1024\" height=\"683\" src=\"http:\/\/lichri.radeln-in-den-sonnenaufgang.de\/wp-content\/uploads\/2019\/09\/IMG_4036_compress75-1024x683.jpg\" alt=\"\" data-id=\"786\" data-link=\"http:\/\/lichri.radeln-in-den-sonnenaufgang.de\/?attachment_id=786\" class=\"wp-image-786\" srcset=\"http:\/\/lichri.radeln-in-den-sonnenaufgang.de\/wp-content\/uploads\/2019\/09\/IMG_4036_compress75-1024x683.jpg 1024w, http:\/\/lichri.radeln-in-den-sonnenaufgang.de\/wp-content\/uploads\/2019\/09\/IMG_4036_compress75-300x200.jpg 300w, http:\/\/lichri.radeln-in-den-sonnenaufgang.de\/wp-content\/uploads\/2019\/09\/IMG_4036_compress75-768x512.jpg 768w, http:\/\/lichri.radeln-in-den-sonnenaufgang.de\/wp-content\/uploads\/2019\/09\/IMG_4036_compress75.jpg 1296w\" sizes=\"(max-width: 767px) 89vw, (max-width: 1000px) 54vw, (max-width: 1071px) 543px, 580px\" \/><\/figure><\/li><li class=\"blocks-gallery-item\"><figure><img decoding=\"async\" loading=\"lazy\" width=\"1024\" height=\"683\" src=\"http:\/\/lichri.radeln-in-den-sonnenaufgang.de\/wp-content\/uploads\/2019\/09\/IMG_4050_compress94-1024x683.jpg\" alt=\"\" data-id=\"785\" data-link=\"http:\/\/lichri.radeln-in-den-sonnenaufgang.de\/?attachment_id=785\" class=\"wp-image-785\" srcset=\"http:\/\/lichri.radeln-in-den-sonnenaufgang.de\/wp-content\/uploads\/2019\/09\/IMG_4050_compress94-1024x683.jpg 1024w, http:\/\/lichri.radeln-in-den-sonnenaufgang.de\/wp-content\/uploads\/2019\/09\/IMG_4050_compress94-300x200.jpg 300w, http:\/\/lichri.radeln-in-den-sonnenaufgang.de\/wp-content\/uploads\/2019\/09\/IMG_4050_compress94-768x512.jpg 768w, http:\/\/lichri.radeln-in-den-sonnenaufgang.de\/wp-content\/uploads\/2019\/09\/IMG_4050_compress94.jpg 1296w\" sizes=\"(max-width: 767px) 89vw, (max-width: 1000px) 54vw, (max-width: 1071px) 543px, 580px\" \/><\/figure><\/li><li class=\"blocks-gallery-item\"><figure><img decoding=\"async\" loading=\"lazy\" width=\"1024\" height=\"683\" src=\"http:\/\/lichri.radeln-in-den-sonnenaufgang.de\/wp-content\/uploads\/2019\/09\/IMG_4071_compress91-1024x683.jpg\" alt=\"\" data-id=\"787\" data-link=\"http:\/\/lichri.radeln-in-den-sonnenaufgang.de\/?attachment_id=787\" class=\"wp-image-787\" srcset=\"http:\/\/lichri.radeln-in-den-sonnenaufgang.de\/wp-content\/uploads\/2019\/09\/IMG_4071_compress91-1024x683.jpg 1024w, http:\/\/lichri.radeln-in-den-sonnenaufgang.de\/wp-content\/uploads\/2019\/09\/IMG_4071_compress91-300x200.jpg 300w, http:\/\/lichri.radeln-in-den-sonnenaufgang.de\/wp-content\/uploads\/2019\/09\/IMG_4071_compress91-768x512.jpg 768w, http:\/\/lichri.radeln-in-den-sonnenaufgang.de\/wp-content\/uploads\/2019\/09\/IMG_4071_compress91.jpg 1296w\" sizes=\"(max-width: 767px) 89vw, (max-width: 1000px) 54vw, (max-width: 1071px) 543px, 580px\" \/><\/figure><\/li><li class=\"blocks-gallery-item\"><figure><img decoding=\"async\" loading=\"lazy\" width=\"683\" height=\"1024\" src=\"http:\/\/lichri.radeln-in-den-sonnenaufgang.de\/wp-content\/uploads\/2019\/09\/IMG_4099_compress65-e1569466976593-683x1024.jpg\" alt=\"\" data-id=\"788\" data-link=\"http:\/\/lichri.radeln-in-den-sonnenaufgang.de\/?attachment_id=788\" class=\"wp-image-788\" srcset=\"http:\/\/lichri.radeln-in-den-sonnenaufgang.de\/wp-content\/uploads\/2019\/09\/IMG_4099_compress65-e1569466976593-683x1024.jpg 683w, http:\/\/lichri.radeln-in-den-sonnenaufgang.de\/wp-content\/uploads\/2019\/09\/IMG_4099_compress65-e1569466976593-200x300.jpg 200w, http:\/\/lichri.radeln-in-den-sonnenaufgang.de\/wp-content\/uploads\/2019\/09\/IMG_4099_compress65-e1569466976593-768x1152.jpg 768w, http:\/\/lichri.radeln-in-den-sonnenaufgang.de\/wp-content\/uploads\/2019\/09\/IMG_4099_compress65-e1569466976593.jpg 864w\" sizes=\"(max-width: 683px) 100vw, 683px\" \/><\/figure><\/li><\/ul>\n\n\n\n<ul class=\"is-layout-flex wp-block-gallery-25 wp-block-gallery columns-3 is-cropped\"><li class=\"blocks-gallery-item\"><figure><img decoding=\"async\" loading=\"lazy\" width=\"1024\" height=\"683\" src=\"http:\/\/lichri.radeln-in-den-sonnenaufgang.de\/wp-content\/uploads\/2019\/09\/IMG_4112_compress11-1024x683.jpg\" alt=\"\" data-id=\"790\" data-link=\"http:\/\/lichri.radeln-in-den-sonnenaufgang.de\/?attachment_id=790\" class=\"wp-image-790\" srcset=\"http:\/\/lichri.radeln-in-den-sonnenaufgang.de\/wp-content\/uploads\/2019\/09\/IMG_4112_compress11-1024x683.jpg 1024w, http:\/\/lichri.radeln-in-den-sonnenaufgang.de\/wp-content\/uploads\/2019\/09\/IMG_4112_compress11-300x200.jpg 300w, http:\/\/lichri.radeln-in-den-sonnenaufgang.de\/wp-content\/uploads\/2019\/09\/IMG_4112_compress11-768x512.jpg 768w, http:\/\/lichri.radeln-in-den-sonnenaufgang.de\/wp-content\/uploads\/2019\/09\/IMG_4112_compress11.jpg 1296w\" sizes=\"(max-width: 767px) 89vw, (max-width: 1000px) 54vw, (max-width: 1071px) 543px, 580px\" \/><\/figure><\/li><li class=\"blocks-gallery-item\"><figure><img decoding=\"async\" loading=\"lazy\" width=\"592\" height=\"1024\" src=\"http:\/\/lichri.radeln-in-den-sonnenaufgang.de\/wp-content\/uploads\/2019\/09\/malerei_compress71-592x1024.jpg\" alt=\"\" data-id=\"781\" data-link=\"http:\/\/lichri.radeln-in-den-sonnenaufgang.de\/?attachment_id=781\" class=\"wp-image-781\" srcset=\"http:\/\/lichri.radeln-in-den-sonnenaufgang.de\/wp-content\/uploads\/2019\/09\/malerei_compress71-592x1024.jpg 592w, http:\/\/lichri.radeln-in-den-sonnenaufgang.de\/wp-content\/uploads\/2019\/09\/malerei_compress71-173x300.jpg 173w, http:\/\/lichri.radeln-in-den-sonnenaufgang.de\/wp-content\/uploads\/2019\/09\/malerei_compress71.jpg 674w\" sizes=\"(max-width: 592px) 100vw, 592px\" \/><\/figure><\/li><li class=\"blocks-gallery-item\"><figure><img decoding=\"async\" loading=\"lazy\" width=\"683\" height=\"1024\" src=\"http:\/\/lichri.radeln-in-den-sonnenaufgang.de\/wp-content\/uploads\/2019\/09\/IMG_4117_compress75-e1569467063799-683x1024.jpg\" alt=\"\" data-id=\"791\" data-link=\"http:\/\/lichri.radeln-in-den-sonnenaufgang.de\/?attachment_id=791\" class=\"wp-image-791\" srcset=\"http:\/\/lichri.radeln-in-den-sonnenaufgang.de\/wp-content\/uploads\/2019\/09\/IMG_4117_compress75-e1569467063799-683x1024.jpg 683w, http:\/\/lichri.radeln-in-den-sonnenaufgang.de\/wp-content\/uploads\/2019\/09\/IMG_4117_compress75-e1569467063799-200x300.jpg 200w, http:\/\/lichri.radeln-in-den-sonnenaufgang.de\/wp-content\/uploads\/2019\/09\/IMG_4117_compress75-e1569467063799-768x1152.jpg 768w, http:\/\/lichri.radeln-in-den-sonnenaufgang.de\/wp-content\/uploads\/2019\/09\/IMG_4117_compress75-e1569467063799.jpg 864w\" sizes=\"(max-width: 683px) 100vw, 683px\" \/><\/figure><\/li><li class=\"blocks-gallery-item\"><figure><img decoding=\"async\" loading=\"lazy\" width=\"683\" height=\"1024\" src=\"http:\/\/lichri.radeln-in-den-sonnenaufgang.de\/wp-content\/uploads\/2019\/09\/IMG_4115_compress54-e1569467170692-683x1024.jpg\" alt=\"\" data-id=\"792\" data-link=\"http:\/\/lichri.radeln-in-den-sonnenaufgang.de\/?attachment_id=792\" class=\"wp-image-792\" srcset=\"http:\/\/lichri.radeln-in-den-sonnenaufgang.de\/wp-content\/uploads\/2019\/09\/IMG_4115_compress54-e1569467170692-683x1024.jpg 683w, http:\/\/lichri.radeln-in-den-sonnenaufgang.de\/wp-content\/uploads\/2019\/09\/IMG_4115_compress54-e1569467170692-200x300.jpg 200w, http:\/\/lichri.radeln-in-den-sonnenaufgang.de\/wp-content\/uploads\/2019\/09\/IMG_4115_compress54-e1569467170692-768x1152.jpg 768w, http:\/\/lichri.radeln-in-den-sonnenaufgang.de\/wp-content\/uploads\/2019\/09\/IMG_4115_compress54-e1569467170692.jpg 864w\" sizes=\"(max-width: 683px) 100vw, 683px\" \/><\/figure><\/li><\/ul>\n\n\n\n<ul class=\"is-layout-flex wp-block-gallery-27 wp-block-gallery columns-3 is-cropped\"><li class=\"blocks-gallery-item\"><figure><img decoding=\"async\" loading=\"lazy\" width=\"683\" height=\"1024\" src=\"http:\/\/lichri.radeln-in-den-sonnenaufgang.de\/wp-content\/uploads\/2019\/09\/IMG_4330_compress16-e1569468445978-683x1024.jpg\" alt=\"\" data-id=\"893\" data-link=\"http:\/\/lichri.radeln-in-den-sonnenaufgang.de\/?attachment_id=893\" class=\"wp-image-893\" srcset=\"http:\/\/lichri.radeln-in-den-sonnenaufgang.de\/wp-content\/uploads\/2019\/09\/IMG_4330_compress16-e1569468445978-683x1024.jpg 683w, http:\/\/lichri.radeln-in-den-sonnenaufgang.de\/wp-content\/uploads\/2019\/09\/IMG_4330_compress16-e1569468445978-200x300.jpg 200w, http:\/\/lichri.radeln-in-den-sonnenaufgang.de\/wp-content\/uploads\/2019\/09\/IMG_4330_compress16-e1569468445978-768x1152.jpg 768w, http:\/\/lichri.radeln-in-den-sonnenaufgang.de\/wp-content\/uploads\/2019\/09\/IMG_4330_compress16-e1569468445978.jpg 864w\" sizes=\"(max-width: 683px) 100vw, 683px\" \/><\/figure><\/li><li class=\"blocks-gallery-item\"><figure><img decoding=\"async\" loading=\"lazy\" width=\"1024\" height=\"683\" src=\"http:\/\/lichri.radeln-in-den-sonnenaufgang.de\/wp-content\/uploads\/2019\/09\/IMG_4298_compress61-1024x683.jpg\" alt=\"\" data-id=\"894\" data-link=\"http:\/\/lichri.radeln-in-den-sonnenaufgang.de\/?attachment_id=894\" class=\"wp-image-894\" srcset=\"http:\/\/lichri.radeln-in-den-sonnenaufgang.de\/wp-content\/uploads\/2019\/09\/IMG_4298_compress61-1024x683.jpg 1024w, http:\/\/lichri.radeln-in-den-sonnenaufgang.de\/wp-content\/uploads\/2019\/09\/IMG_4298_compress61-300x200.jpg 300w, http:\/\/lichri.radeln-in-den-sonnenaufgang.de\/wp-content\/uploads\/2019\/09\/IMG_4298_compress61-768x512.jpg 768w, http:\/\/lichri.radeln-in-den-sonnenaufgang.de\/wp-content\/uploads\/2019\/09\/IMG_4298_compress61.jpg 1296w\" sizes=\"(max-width: 767px) 89vw, (max-width: 1000px) 54vw, (max-width: 1071px) 543px, 580px\" \/><\/figure><\/li><li class=\"blocks-gallery-item\"><figure><img decoding=\"async\" loading=\"lazy\" width=\"683\" height=\"1024\" src=\"http:\/\/lichri.radeln-in-den-sonnenaufgang.de\/wp-content\/uploads\/2019\/09\/IMG_4302_compress24-e1569468554939-683x1024.jpg\" alt=\"\" data-id=\"895\" data-link=\"http:\/\/lichri.radeln-in-den-sonnenaufgang.de\/?attachment_id=895\" class=\"wp-image-895\" srcset=\"http:\/\/lichri.radeln-in-den-sonnenaufgang.de\/wp-content\/uploads\/2019\/09\/IMG_4302_compress24-e1569468554939-683x1024.jpg 683w, http:\/\/lichri.radeln-in-den-sonnenaufgang.de\/wp-content\/uploads\/2019\/09\/IMG_4302_compress24-e1569468554939-200x300.jpg 200w, http:\/\/lichri.radeln-in-den-sonnenaufgang.de\/wp-content\/uploads\/2019\/09\/IMG_4302_compress24-e1569468554939-768x1152.jpg 768w, http:\/\/lichri.radeln-in-den-sonnenaufgang.de\/wp-content\/uploads\/2019\/09\/IMG_4302_compress24-e1569468554939.jpg 864w\" sizes=\"(max-width: 683px) 100vw, 683px\" \/><\/figure><\/li><li class=\"blocks-gallery-item\"><figure><img decoding=\"async\" loading=\"lazy\" width=\"1024\" height=\"683\" src=\"http:\/\/lichri.radeln-in-den-sonnenaufgang.de\/wp-content\/uploads\/2019\/09\/IMG_4148_compress74-1024x683.jpg\" alt=\"\" data-id=\"899\" data-link=\"http:\/\/lichri.radeln-in-den-sonnenaufgang.de\/?attachment_id=899\" class=\"wp-image-899\" srcset=\"http:\/\/lichri.radeln-in-den-sonnenaufgang.de\/wp-content\/uploads\/2019\/09\/IMG_4148_compress74-1024x683.jpg 1024w, http:\/\/lichri.radeln-in-den-sonnenaufgang.de\/wp-content\/uploads\/2019\/09\/IMG_4148_compress74-300x200.jpg 300w, http:\/\/lichri.radeln-in-den-sonnenaufgang.de\/wp-content\/uploads\/2019\/09\/IMG_4148_compress74-768x512.jpg 768w, http:\/\/lichri.radeln-in-den-sonnenaufgang.de\/wp-content\/uploads\/2019\/09\/IMG_4148_compress74.jpg 1296w\" sizes=\"(max-width: 767px) 89vw, (max-width: 1000px) 54vw, (max-width: 1071px) 543px, 580px\" \/><\/figure><\/li><\/ul>\n\n\n\n<figure class=\"wp-block-image\"><img decoding=\"async\" loading=\"lazy\" width=\"683\" height=\"1024\" src=\"http:\/\/lichri.radeln-in-den-sonnenaufgang.de\/wp-content\/uploads\/2019\/09\/IMG_4278_compress6-e1569468577863-683x1024.jpg\" alt=\"\" class=\"wp-image-896\" srcset=\"http:\/\/lichri.radeln-in-den-sonnenaufgang.de\/wp-content\/uploads\/2019\/09\/IMG_4278_compress6-e1569468577863-683x1024.jpg 683w, http:\/\/lichri.radeln-in-den-sonnenaufgang.de\/wp-content\/uploads\/2019\/09\/IMG_4278_compress6-e1569468577863-200x300.jpg 200w, http:\/\/lichri.radeln-in-den-sonnenaufgang.de\/wp-content\/uploads\/2019\/09\/IMG_4278_compress6-e1569468577863-768x1152.jpg 768w, http:\/\/lichri.radeln-in-den-sonnenaufgang.de\/wp-content\/uploads\/2019\/09\/IMG_4278_compress6-e1569468577863.jpg 864w\" sizes=\"(max-width: 683px) 100vw, 683px\" \/><\/figure>\n\n\n\n<p>Hier gilt es jetzt einen Plan zu schmieden, wie wir in den kommenden und letzten vier Wochen in China weiterreisen. Da Lisa nicht allzu sehr angetan davon ist, Berge zu erklimmen, wird Chris&#8216; Plan von Chengdu, etwas weiter nordwestlich in China, nach Shangri-La, Dali und Kunming zu radeln etwas in Frage gestellt. Auch schrumpfende Finanzen und der empfundene Bedarf mal etwas f\u00fcr die Kasse zu tun, geben uns zu denken. Wie es weiter geht erfahrt ihr dann wieder hier. F\u00fcr Tipps und Anregungen sind wir auf jeden Fall offen! \ud83d\ude09<\/p>\n\n\n\n<p>Liebste Gr\u00fc\u00dfe aus dem Reich der Mitte,<br>eure F\u00f6rsters<\/p>\n\n\n\n<figure class=\"wp-block-image\"><img decoding=\"async\" loading=\"lazy\" width=\"1024\" height=\"683\" src=\"http:\/\/lichri.radeln-in-den-sonnenaufgang.de\/wp-content\/uploads\/2019\/09\/IMG_3893_compress96-1024x683.jpg\" alt=\"\" class=\"wp-image-797\" srcset=\"http:\/\/lichri.radeln-in-den-sonnenaufgang.de\/wp-content\/uploads\/2019\/09\/IMG_3893_compress96-1024x683.jpg 1024w, http:\/\/lichri.radeln-in-den-sonnenaufgang.de\/wp-content\/uploads\/2019\/09\/IMG_3893_compress96-300x200.jpg 300w, http:\/\/lichri.radeln-in-den-sonnenaufgang.de\/wp-content\/uploads\/2019\/09\/IMG_3893_compress96-768x512.jpg 768w, http:\/\/lichri.radeln-in-den-sonnenaufgang.de\/wp-content\/uploads\/2019\/09\/IMG_3893_compress96.jpg 1296w\" sizes=\"(max-width: 767px) 89vw, (max-width: 1000px) 54vw, (max-width: 1071px) 543px, 580px\" \/><\/figure>\n\n\n\n<p>PS: Wir sind mittlerweile f\u00fcnf Monate unterwegs. Wenn wir Bilder von vor drei Wochen anschauen, kommt uns das meist so vor als w\u00e4ren nicht Wochen, sondern Monate seitdem vergangen. Wahrscheinlich liegt das an den abenteuerlichen Eindr\u00fccken, die jeden Tag auf uns einprasseln. Vielleicht ist das die einzige M\u00f6glichkeit sein Leben zu verl\u00e4ngern &#8211; indem die Tage so ereignisreich sind, dass sie sich wie Monate anf\u00fchlen. <\/p>\n","protected":false},"excerpt":{"rendered":"<p>Die Nebelberge &#8211; Hitze und Versorgung auf der Fahrt nach Huaihua &#8211; Sperrgebiet &#8211; Guilin \u2013 Karst am Li \u2013 Yangshuo Ihr sch\u00f6nen Menschen, da der letzte Blogeintrag mit einem kleinen Cliffhanger endete, wollen wir euch nicht l\u00e4nger auf die Folter spannen \u2013 nur noch ein bisschen. In der Nacht, die wir mit dem Zug &hellip; <\/p>\n<p class=\"link-more\"><a href=\"http:\/\/lichri.radeln-in-den-sonnenaufgang.de\/?p=776\" class=\"more-link\"><span class=\"screen-reader-text\">\u201eIm Reich der Mitte\u201c<\/span> weiterlesen<\/a><\/p>\n","protected":false},"author":3,"featured_media":898,"comment_status":"open","ping_status":"open","sticky":false,"template":"","format":"standard","meta":[],"categories":[1],"tags":[],"_links":{"self":[{"href":"http:\/\/lichri.radeln-in-den-sonnenaufgang.de\/index.php?rest_route=\/wp\/v2\/posts\/776"}],"collection":[{"href":"http:\/\/lichri.radeln-in-den-sonnenaufgang.de\/index.php?rest_route=\/wp\/v2\/posts"}],"about":[{"href":"http:\/\/lichri.radeln-in-den-sonnenaufgang.de\/index.php?rest_route=\/wp\/v2\/types\/post"}],"author":[{"embeddable":true,"href":"http:\/\/lichri.radeln-in-den-sonnenaufgang.de\/index.php?rest_route=\/wp\/v2\/users\/3"}],"replies":[{"embeddable":true,"href":"http:\/\/lichri.radeln-in-den-sonnenaufgang.de\/index.php?rest_route=%2Fwp%2Fv2%2Fcomments&post=776"}],"version-history":[{"count":8,"href":"http:\/\/lichri.radeln-in-den-sonnenaufgang.de\/index.php?rest_route=\/wp\/v2\/posts\/776\/revisions"}],"predecessor-version":[{"id":914,"href":"http:\/\/lichri.radeln-in-den-sonnenaufgang.de\/index.php?rest_route=\/wp\/v2\/posts\/776\/revisions\/914"}],"wp:featuredmedia":[{"embeddable":true,"href":"http:\/\/lichri.radeln-in-den-sonnenaufgang.de\/index.php?rest_route=\/wp\/v2\/media\/898"}],"wp:attachment":[{"href":"http:\/\/lichri.radeln-in-den-sonnenaufgang.de\/index.php?rest_route=%2Fwp%2Fv2%2Fmedia&parent=776"}],"wp:term":[{"taxonomy":"category","embeddable":true,"href":"http:\/\/lichri.radeln-in-den-sonnenaufgang.de\/index.php?rest_route=%2Fwp%2Fv2%2Fcategories&post=776"},{"taxonomy":"post_tag","embeddable":true,"href":"http:\/\/lichri.radeln-in-den-sonnenaufgang.de\/index.php?rest_route=%2Fwp%2Fv2%2Ftags&post=776"}],"curies":[{"name":"wp","href":"https:\/\/api.w.org\/{rel}","templated":true}]}}