{"id":634,"date":"2019-09-09T14:59:22","date_gmt":"2019-09-09T14:59:22","guid":{"rendered":"http:\/\/lichri.radeln-in-den-sonnenaufgang.de\/?p=634"},"modified":"2019-09-09T15:23:51","modified_gmt":"2019-09-09T15:23:51","slug":"von-ub-nach-beijing","status":"publish","type":"post","link":"http:\/\/lichri.radeln-in-den-sonnenaufgang.de\/?p=634","title":{"rendered":"Von UB nach Beijing"},"content":{"rendered":"\n<p>Ulan Bator &#8211; Gobi \u2013 Innere Mongolei \u2013 Mauerland \u2013 Peking<\/p>\n\n\n\n<p> Peking 12:45 Uhr: Viel haben wir noch nicht von dieser Stadt gesehen &#8211; abgesehen von den vielen, riesigen Asphaltstra\u00dfen, Wohnh\u00e4usern und kleinen L\u00e4den rechts und links der Stra\u00dfe. Schon 50 km vor der \u201eInnenstadt\u201c ist alles vollgebaut und es wird flei\u00dfig erweitert. Wir sind gestern Abend in der Hauptstadt Chinas angekommen \u2013 mit den Fahrr\u00e4dern. Eigentlich wollten wir bei einem WarmShowers- oder Couchsurfing-Gastgeber unterkommen. Es ist sch\u00f6n mit den Leuten vor Ort ins Gespr\u00e4ch zu kommen und von ihrer Sicht mehr \u00fcber die St\u00e4dte zu erfahren. Leider hat auf unsere diversen Anfragen kaum jemand geantwortet, bzw. haben wir wenn dann nur Absagen bekommen. Also haben wir ein Hotelzimmer gebucht. Mit 30 Euro pro Nacht f\u00fcr uns recht teuer, f\u00fcr Peking recht g\u00fcnstig. Wir haben etwas mehr Platz als in unserem Zelt, aber daf\u00fcr eine Toilette und eine Dusche! Da es in unserem Hotel keinen W\u00e4schedienst gibt, haben wir uns heute morgen auf die Suche nach einer W\u00e4scherei begeben. Das war gar nicht so einfach, denn die erste W\u00e4scherei hatte zu, die anderen, die wir in einigen km Entfernung gefunden haben, nehmen pro Teil zwei bis drei Euro \u2013 unbezahlbar also, denn bei uns hat sich seit dem Weggang aus Ulan Bator einiges an W\u00e4sche angesammelt. Im Hotel fragten wir erneut nach Hilfe, aber die Frau an der Rezeption blieb beharrlich bei dem Standpunkt uns nicht helfen zu k\u00f6nnen. W\u00e4hrend Chris den Kampf an der Rezeption ausfocht, unterhielt Lisa sich vor dem Hotel mit zwei M\u00e4nnern, die unsere Geschichte mit dem Fahrrad von Deutschland bis nach China gefahren zu sein sehr ungl\u00e4ubig aber auch begeistert verfolgten. Ich sei zu abgemagert und zu jung. Ich best\u00e4tigte mehrfach, dass wir genug essen und es uns gut geht und erkl\u00e4rte, dass wir aber dringend eine Waschmaschine brauchen, um unsere W\u00e4sche zu waschen. Wie sich herausstellte arbeiteten die beiden M\u00e4nner im Hotel und wissen wo die Waschmaschine steht. Kurzerhand brachte einer der beiden, der Hotelkoch, uns \u2013 wohl verbotener Weise \u2013 in eine kleine Kammer mit einem wundersch\u00f6nen Toplader! Herrlich! Jetzt sitzen wir in unserem Hotelzimmer und warten bis die Waschmaschine durchgelaufen ist\u2026 Wo wir die ganze W\u00e4sche in unserem winzigen Zimmerchen aufh\u00e4ngen werden, m\u00fcssen wir wohl noch herausfinden. Die Zeit, die wir jetzt \u00fcbrig haben k\u00f6nnen wir jedenfalls gut mit Blogschreiben ausf\u00fcllen.<\/p>\n\n\n\n<figure class=\"wp-block-image\"><img decoding=\"async\" loading=\"lazy\" width=\"683\" height=\"1024\" src=\"http:\/\/lichri.radeln-in-den-sonnenaufgang.de\/wp-content\/uploads\/2019\/09\/IMG_0893-e1567954044375-683x1024.jpg\" alt=\"\" class=\"wp-image-763\" srcset=\"http:\/\/lichri.radeln-in-den-sonnenaufgang.de\/wp-content\/uploads\/2019\/09\/IMG_0893-e1567954044375-683x1024.jpg 683w, http:\/\/lichri.radeln-in-den-sonnenaufgang.de\/wp-content\/uploads\/2019\/09\/IMG_0893-e1567954044375-200x300.jpg 200w, http:\/\/lichri.radeln-in-den-sonnenaufgang.de\/wp-content\/uploads\/2019\/09\/IMG_0893-e1567954044375-768x1152.jpg 768w\" sizes=\"(max-width: 683px) 100vw, 683px\" \/><\/figure>\n\n\n\n<p> Bevor wir zu dem kommen, was bisher geschah ein kleiner Kommentar zu den Kommentaren: DANKE \ud83d\ude42 Wir freuen uns jedes mal, wenn wir von einer\/einem von euch etwas lesen k\u00f6nnen und sind begeistert dar\u00fcber, dass es Leute gibt, die unseren Blog tats\u00e4chlich lesen. Es gibt sogar solche, die nach neuen Blogeintr\u00e4gen fragen! Wir freuen uns euch ein st\u00fcckweit in andere Welten hinein nehmen zu k\u00f6nnen und unsere Erlebnisse zu teilen. Wenn wir dann eine R\u00fcckmeldung von euch bekommen ist diese ganze Blog-Geschichte noch viel pers\u00f6nlicher. Also macht gerne weiter so \ud83d\ude42 das ermutigt uns. Zu Christl: Unsere R\u00e4der haben noch keine Namen, au\u00dfer \u201eDrahtesel\u201c z\u00e4hlt\u2026 abgesehen von diversen Beschimpfungen, mit denen Chris sein Rad oder einzelne Teile immer wieder belegt, reden wir auch nicht sonderlich viel mit den R\u00e4dern. Aber mich w\u00fcrde es nicht wundern, wenn wir bald damit anfangen :). Vielleicht hat ja jemand von euch eine Idee f\u00fcr einen guten Namen f\u00fcr unsere R\u00e4der. Ich w\u00fcrde sagen wir sind f\u00fcr jeden Vorschlag offen, verdient h\u00e4tten sie es nach vier Monaten Reise ja schon. (Vielleicht n\u00fctzt uns als Anhaltspunkt f\u00fcr die Namensgebung Chris\u2018 Vergleich meines Rades mit einer dicken Gazelle und seines mit einem kleinen B\u00fcffel.)<\/p>\n\n\n\n<p>Ulan Bator<\/p>\n\n\n\n<p> Und nun zur\u00fcck in die Mongolei. Nach unserem letzten Blogeintrag haben wir viel hin und her \u00fcberlegt wohin und wie es nun weiter gehen soll. Wir verl\u00e4ngerten unseren Aufenthalt in Ulan Bator Tag f\u00fcr Tag, halfen Froit und der N\u00e4herin so gut wir konnten eines der Jurten-Zelte rechtzeitig herzustellen und lernten eine Menge dabei. <\/p>\n\n\n\n<figure class=\"wp-block-image\"><img decoding=\"async\" loading=\"lazy\" width=\"768\" height=\"1024\" src=\"http:\/\/lichri.radeln-in-den-sonnenaufgang.de\/wp-content\/uploads\/2019\/09\/DSC_0236_compress28-e1567951109749-768x1024.jpg\" alt=\"\" class=\"wp-image-637\" srcset=\"http:\/\/lichri.radeln-in-den-sonnenaufgang.de\/wp-content\/uploads\/2019\/09\/DSC_0236_compress28-e1567951109749-768x1024.jpg 768w, http:\/\/lichri.radeln-in-den-sonnenaufgang.de\/wp-content\/uploads\/2019\/09\/DSC_0236_compress28-e1567951109749-225x300.jpg 225w, http:\/\/lichri.radeln-in-den-sonnenaufgang.de\/wp-content\/uploads\/2019\/09\/DSC_0236_compress28-e1567951109749.jpg 984w\" sizes=\"(max-width: 767px) 89vw, (max-width: 1000px) 54vw, (max-width: 1071px) 543px, 580px\" \/><\/figure>\n\n\n\n<p>Damit wir auf der weiteren Reise nicht zu einsam werden haben wir unsere Reisegruppe vergr\u00f6\u00dfert und eine kleine Gitarre angeschafft. Ich denke, f\u00fcr Chris war das sein nachgeholtes Geburtstagsgeschenk. Froit half uns dabei eine passende H\u00fclle f\u00fcr das Instrument herzustellen \u2013 viel professioneller, als wir es uns erhofft hatten. Wahrscheinlich w\u00e4re die Gitarrentasche auch noch h\u00fcbscher geworden, h\u00e4tten wir gar nicht mitgeholfen \ud83d\ude42  . Wir nutzten die Zeit, um die R\u00e4der sauber zu machen und auf Vordermann zu bringen und schlussendlich war eine Entscheidung gefallen: wir fahren am Sonntag mit dem Zug bis Sainshand und die restlichen 200 km bis zur chinesischen Grenze durch die Gobi mit dem Rad. Am Ticketschalter besorgten wir also ein Nachtticket mit dem Regionalzug und verabschiedeten uns schweren Herzens von Froit und seiner Frau. Die hatte am letzten Abend extra f\u00fcr uns Pommes und Mozarellasticks (aus Deutschland) gemacht, weil Froit sie darum gebeten hatte. Richtig s\u00fc\u00df \ud83d\ude42 Wir konnten jedoch das Essen leider nicht so sehr genie\u00dfen wie wir wollten, weil es uns die ganze Zeit in Ulan Bator Bauch-m\u00e4\u00dfig nicht ganz so gut ging. Das geh\u00f6rt wohl zum Reisen dazu. Da wir am Sonntag erst sp\u00e4t am Abend am Zug sein mussten, g\u00f6nnten wir uns einen weiteren Besuch in der Church of all Nations in Ulan Bator, in der wir zwei Wochen zu vor auch schon waren. Es war wie Heimkommen f\u00fcr uns. Wir haben uns sehr wohl gef\u00fchlt und sind herzlich aufgenommen worden. Ein Missionsteam aus England und zwei aus den USA waren auch da und so hatten wir viele junge Leute, mit denen wir uns nach dem Gottesdienst unterhalten konnten. Die Briten haben bei einem Sommercamp des Kinderheims geholfen. Die amerikanischen Teams waren von World-Race-Teams von Mission Adventure (oder so). Es war sehr ermutigend mit ihnen zu reden. Nach dem Gottesdienst versorgte eine pensionierte Kinder\u00e4rztin Chris noch mit den n\u00f6tigen Magen-Darm-Medikamenten. Dann konnte es ja weiter gehen \u2013 in die W\u00fcste. <\/p>\n\n\n\n<p> Gobi <\/p>\n\n\n\n<figure class=\"wp-block-image\"><img decoding=\"async\" loading=\"lazy\" width=\"1024\" height=\"683\" src=\"http:\/\/lichri.radeln-in-den-sonnenaufgang.de\/wp-content\/uploads\/2019\/09\/IMG_0189_compress18-1024x683.jpg\" alt=\"\" class=\"wp-image-656\" srcset=\"http:\/\/lichri.radeln-in-den-sonnenaufgang.de\/wp-content\/uploads\/2019\/09\/IMG_0189_compress18-1024x683.jpg 1024w, http:\/\/lichri.radeln-in-den-sonnenaufgang.de\/wp-content\/uploads\/2019\/09\/IMG_0189_compress18-300x200.jpg 300w, http:\/\/lichri.radeln-in-den-sonnenaufgang.de\/wp-content\/uploads\/2019\/09\/IMG_0189_compress18-768x512.jpg 768w, http:\/\/lichri.radeln-in-den-sonnenaufgang.de\/wp-content\/uploads\/2019\/09\/IMG_0189_compress18.jpg 1296w\" sizes=\"(max-width: 767px) 89vw, (max-width: 1000px) 54vw, (max-width: 1071px) 543px, 580px\" \/><figcaption>Kamelherden in der Ostgobi kreuzen mehrfach unseren Weg<\/figcaption><\/figure>\n\n\n\n<p> Nach einer ruckelnden und schaukelnden Nacht im Zug kamen wir sehr fr\u00fch in Sainshand an. Zu fr\u00fch bahnten wir uns unseren Weg durch die unterschiedlichen Schlafabteile, um zu unseren R\u00e4dern zu kommen. Wir hatten verstanden, dass wir 10 Minuten vor Ankunft bei den R\u00e4dern sein sollten. Das hatten wir wohl falsch verstanden. Das Personal im Gep\u00e4ckwagen schlief noch tief und fest. Mit einer halben Stunde Versp\u00e4tung kamen wir an und unsere R\u00e4der wurden uns aus einer H\u00f6he von ca. 1,50 m auf den Bahnsteig gereicht. Sau schwer die Teile so voll bepackt. Aber es geht alles. <br> Wir hielten uns eine Weile in der Stadt auf, kauften ein, unterhielten uns mit einer Englisch-Lehrerin aus Ulan Bator, die gerade Mutter geworden ist und mit ihrem Mann und Kind zu den Eltern des Mannes nach Sainshand gezogen ist. Sie genoss es mit uns englisch zu reden und teilten das Vergn\u00fcgen gerne und quatschten mit ihr \u00fcber die verschiedenen erneuerbaren Energien in dieser Region des Landes. Mit dem Zug sind wir an vielen Wind-Parks vorbei gefahren. Ein Fahrradfahrer hielt an und fragte ob wir Hilfe br\u00e4uchten. <\/p>\n\n\n\n<figure class=\"wp-block-image\"><img decoding=\"async\" loading=\"lazy\" width=\"702\" height=\"266\" src=\"http:\/\/lichri.radeln-in-den-sonnenaufgang.de\/wp-content\/uploads\/2019\/09\/20190908_204628.jpg\" alt=\"\" class=\"wp-image-641\" srcset=\"http:\/\/lichri.radeln-in-den-sonnenaufgang.de\/wp-content\/uploads\/2019\/09\/20190908_204628.jpg 702w, http:\/\/lichri.radeln-in-den-sonnenaufgang.de\/wp-content\/uploads\/2019\/09\/20190908_204628-300x114.jpg 300w\" sizes=\"(max-width: 702px) 100vw, 702px\" \/><figcaption>Am Melonenacker pl\u00f6tzlich beschenkt<\/figcaption><\/figure>\n\n\n\n<p>Als wir auf guten Asphaltstra\u00dfen aus der Stadt herausfuhren kamen wir erstaunlicherweise an einem Wassermelonenfeld vorbei, auf dem gerade ein paar M\u00e4nner arbeiteten. Diese winkten uns zu sich und schenkten uns zwei kleine Melonen \u2013 die besten, die ich in meinem Leben bisher gegessen habe. Vielleicht auch weil sie in so einer W\u00fcstenregion zwischen Kamel- und Pferdeherden einfach noch mal viel besser schmecken. <\/p>\n\n\n\n<ul class=\"is-layout-flex wp-block-gallery-1 wp-block-gallery columns-3 is-cropped\"><li class=\"blocks-gallery-item\"><figure><img decoding=\"async\" loading=\"lazy\" width=\"683\" height=\"1024\" src=\"http:\/\/lichri.radeln-in-den-sonnenaufgang.de\/wp-content\/uploads\/2019\/09\/IMG_0162_compress78-e1567954591246-683x1024.jpg\" alt=\"\" data-id=\"658\" data-link=\"http:\/\/lichri.radeln-in-den-sonnenaufgang.de\/?attachment_id=658\" class=\"wp-image-658\" srcset=\"http:\/\/lichri.radeln-in-den-sonnenaufgang.de\/wp-content\/uploads\/2019\/09\/IMG_0162_compress78-e1567954591246-683x1024.jpg 683w, http:\/\/lichri.radeln-in-den-sonnenaufgang.de\/wp-content\/uploads\/2019\/09\/IMG_0162_compress78-e1567954591246-200x300.jpg 200w, http:\/\/lichri.radeln-in-den-sonnenaufgang.de\/wp-content\/uploads\/2019\/09\/IMG_0162_compress78-e1567954591246-768x1152.jpg 768w, http:\/\/lichri.radeln-in-den-sonnenaufgang.de\/wp-content\/uploads\/2019\/09\/IMG_0162_compress78-e1567954591246.jpg 864w\" sizes=\"(max-width: 683px) 100vw, 683px\" \/><\/figure><\/li><li class=\"blocks-gallery-item\"><figure><img decoding=\"async\" loading=\"lazy\" width=\"1024\" height=\"683\" src=\"http:\/\/lichri.radeln-in-den-sonnenaufgang.de\/wp-content\/uploads\/2019\/09\/IMG_0154_compress54-1024x683.jpg\" alt=\"\" data-id=\"660\" data-link=\"http:\/\/lichri.radeln-in-den-sonnenaufgang.de\/?attachment_id=660\" class=\"wp-image-660\" srcset=\"http:\/\/lichri.radeln-in-den-sonnenaufgang.de\/wp-content\/uploads\/2019\/09\/IMG_0154_compress54-1024x683.jpg 1024w, http:\/\/lichri.radeln-in-den-sonnenaufgang.de\/wp-content\/uploads\/2019\/09\/IMG_0154_compress54-300x200.jpg 300w, http:\/\/lichri.radeln-in-den-sonnenaufgang.de\/wp-content\/uploads\/2019\/09\/IMG_0154_compress54-768x512.jpg 768w, http:\/\/lichri.radeln-in-den-sonnenaufgang.de\/wp-content\/uploads\/2019\/09\/IMG_0154_compress54.jpg 1296w\" sizes=\"(max-width: 767px) 89vw, (max-width: 1000px) 54vw, (max-width: 1071px) 543px, 580px\" \/><\/figure><\/li><li class=\"blocks-gallery-item\"><figure><img decoding=\"async\" loading=\"lazy\" width=\"683\" height=\"1024\" src=\"http:\/\/lichri.radeln-in-den-sonnenaufgang.de\/wp-content\/uploads\/2019\/09\/IMG_0157_compress74-e1567954557693-683x1024.jpg\" alt=\"\" data-id=\"659\" data-link=\"http:\/\/lichri.radeln-in-den-sonnenaufgang.de\/?attachment_id=659\" class=\"wp-image-659\" srcset=\"http:\/\/lichri.radeln-in-den-sonnenaufgang.de\/wp-content\/uploads\/2019\/09\/IMG_0157_compress74-e1567954557693-683x1024.jpg 683w, http:\/\/lichri.radeln-in-den-sonnenaufgang.de\/wp-content\/uploads\/2019\/09\/IMG_0157_compress74-e1567954557693-200x300.jpg 200w, http:\/\/lichri.radeln-in-den-sonnenaufgang.de\/wp-content\/uploads\/2019\/09\/IMG_0157_compress74-e1567954557693-768x1152.jpg 768w, http:\/\/lichri.radeln-in-den-sonnenaufgang.de\/wp-content\/uploads\/2019\/09\/IMG_0157_compress74-e1567954557693.jpg 864w\" sizes=\"(max-width: 683px) 100vw, 683px\" \/><\/figure><\/li><li class=\"blocks-gallery-item\"><figure><img decoding=\"async\" loading=\"lazy\" width=\"1024\" height=\"683\" src=\"http:\/\/lichri.radeln-in-den-sonnenaufgang.de\/wp-content\/uploads\/2019\/09\/IMG_0166_compress7-1024x683.jpg\" alt=\"\" data-id=\"657\" data-link=\"http:\/\/lichri.radeln-in-den-sonnenaufgang.de\/?attachment_id=657\" class=\"wp-image-657\" srcset=\"http:\/\/lichri.radeln-in-den-sonnenaufgang.de\/wp-content\/uploads\/2019\/09\/IMG_0166_compress7-1024x683.jpg 1024w, http:\/\/lichri.radeln-in-den-sonnenaufgang.de\/wp-content\/uploads\/2019\/09\/IMG_0166_compress7-300x200.jpg 300w, http:\/\/lichri.radeln-in-den-sonnenaufgang.de\/wp-content\/uploads\/2019\/09\/IMG_0166_compress7-768x512.jpg 768w, http:\/\/lichri.radeln-in-den-sonnenaufgang.de\/wp-content\/uploads\/2019\/09\/IMG_0166_compress7.jpg 1296w\" sizes=\"(max-width: 767px) 89vw, (max-width: 1000px) 54vw, (max-width: 1071px) 543px, 580px\" \/><\/figure><\/li><\/ul>\n\n\n\n<p>Am Abend kamen wir am Kloster Khamir Khiid an. Auf dem Weg suchten wir immer wieder nach Dinosaurierknochen, da Froit uns erz\u00e4hlt, sie w\u00fcrden praktisch aus dem Boden sprie\u00dfen \u2013 man kann ja nie wissen. Leider haben wir nichts gefunden. Am Abend \u00fcbernachteten wir dann tats\u00e4chlich das erste Mal in einer richtigen Jurte in einer Art Ger-Camp. Es war etwas besonderes \u2013 sollte uns in den n\u00e4chsten Tagen aber \u00fcberraschenderweise noch \u00f6fter passieren. <\/p>\n\n\n\n<figure class=\"wp-block-image\"><img decoding=\"async\" loading=\"lazy\" width=\"1024\" height=\"683\" src=\"http:\/\/lichri.radeln-in-den-sonnenaufgang.de\/wp-content\/uploads\/2019\/09\/IMG_0298_compress77-1024x683.jpg\" alt=\"\" class=\"wp-image-644\" srcset=\"http:\/\/lichri.radeln-in-den-sonnenaufgang.de\/wp-content\/uploads\/2019\/09\/IMG_0298_compress77-1024x683.jpg 1024w, http:\/\/lichri.radeln-in-den-sonnenaufgang.de\/wp-content\/uploads\/2019\/09\/IMG_0298_compress77-300x200.jpg 300w, http:\/\/lichri.radeln-in-den-sonnenaufgang.de\/wp-content\/uploads\/2019\/09\/IMG_0298_compress77-768x512.jpg 768w, http:\/\/lichri.radeln-in-den-sonnenaufgang.de\/wp-content\/uploads\/2019\/09\/IMG_0298_compress77.jpg 1296w\" sizes=\"(max-width: 767px) 89vw, (max-width: 1000px) 54vw, (max-width: 1071px) 543px, 580px\" \/><\/figure>\n\n\n\n<ul class=\"is-layout-flex wp-block-gallery-3 wp-block-gallery columns-3 is-cropped\"><li class=\"blocks-gallery-item\"><figure><img decoding=\"async\" loading=\"lazy\" width=\"1024\" height=\"683\" src=\"http:\/\/lichri.radeln-in-den-sonnenaufgang.de\/wp-content\/uploads\/2019\/09\/IMG_0249_compress67-1024x683.jpg\" alt=\"\" data-id=\"650\" data-link=\"http:\/\/lichri.radeln-in-den-sonnenaufgang.de\/?attachment_id=650\" class=\"wp-image-650\" srcset=\"http:\/\/lichri.radeln-in-den-sonnenaufgang.de\/wp-content\/uploads\/2019\/09\/IMG_0249_compress67-1024x683.jpg 1024w, http:\/\/lichri.radeln-in-den-sonnenaufgang.de\/wp-content\/uploads\/2019\/09\/IMG_0249_compress67-300x200.jpg 300w, http:\/\/lichri.radeln-in-den-sonnenaufgang.de\/wp-content\/uploads\/2019\/09\/IMG_0249_compress67-768x512.jpg 768w, http:\/\/lichri.radeln-in-den-sonnenaufgang.de\/wp-content\/uploads\/2019\/09\/IMG_0249_compress67.jpg 1296w\" sizes=\"(max-width: 767px) 89vw, (max-width: 1000px) 54vw, (max-width: 1071px) 543px, 580px\" \/><\/figure><\/li><li class=\"blocks-gallery-item\"><figure><img decoding=\"async\" loading=\"lazy\" width=\"1024\" height=\"683\" src=\"http:\/\/lichri.radeln-in-den-sonnenaufgang.de\/wp-content\/uploads\/2019\/09\/IMG_0247_compress5-1024x683.jpg\" alt=\"\" data-id=\"653\" data-link=\"http:\/\/lichri.radeln-in-den-sonnenaufgang.de\/?attachment_id=653\" class=\"wp-image-653\" srcset=\"http:\/\/lichri.radeln-in-den-sonnenaufgang.de\/wp-content\/uploads\/2019\/09\/IMG_0247_compress5-1024x683.jpg 1024w, http:\/\/lichri.radeln-in-den-sonnenaufgang.de\/wp-content\/uploads\/2019\/09\/IMG_0247_compress5-300x200.jpg 300w, http:\/\/lichri.radeln-in-den-sonnenaufgang.de\/wp-content\/uploads\/2019\/09\/IMG_0247_compress5-768x512.jpg 768w, http:\/\/lichri.radeln-in-den-sonnenaufgang.de\/wp-content\/uploads\/2019\/09\/IMG_0247_compress5.jpg 1296w\" sizes=\"(max-width: 767px) 89vw, (max-width: 1000px) 54vw, (max-width: 1071px) 543px, 580px\" \/><\/figure><\/li><li class=\"blocks-gallery-item\"><figure><img decoding=\"async\" loading=\"lazy\" width=\"1024\" height=\"683\" src=\"http:\/\/lichri.radeln-in-den-sonnenaufgang.de\/wp-content\/uploads\/2019\/09\/IMG_0309_compress58-1024x683.jpg\" alt=\"\" data-id=\"646\" data-link=\"http:\/\/lichri.radeln-in-den-sonnenaufgang.de\/?attachment_id=646\" class=\"wp-image-646\" srcset=\"http:\/\/lichri.radeln-in-den-sonnenaufgang.de\/wp-content\/uploads\/2019\/09\/IMG_0309_compress58-1024x683.jpg 1024w, http:\/\/lichri.radeln-in-den-sonnenaufgang.de\/wp-content\/uploads\/2019\/09\/IMG_0309_compress58-300x200.jpg 300w, http:\/\/lichri.radeln-in-den-sonnenaufgang.de\/wp-content\/uploads\/2019\/09\/IMG_0309_compress58-768x512.jpg 768w, http:\/\/lichri.radeln-in-den-sonnenaufgang.de\/wp-content\/uploads\/2019\/09\/IMG_0309_compress58.jpg 1296w\" sizes=\"(max-width: 767px) 89vw, (max-width: 1000px) 54vw, (max-width: 1071px) 543px, 580px\" \/><\/figure><\/li><li class=\"blocks-gallery-item\"><figure><img decoding=\"async\" loading=\"lazy\" width=\"1024\" height=\"683\" src=\"http:\/\/lichri.radeln-in-den-sonnenaufgang.de\/wp-content\/uploads\/2019\/09\/IMG_0279_compress18-1024x683.jpg\" alt=\"\" data-id=\"647\" data-link=\"http:\/\/lichri.radeln-in-den-sonnenaufgang.de\/?attachment_id=647\" class=\"wp-image-647\" srcset=\"http:\/\/lichri.radeln-in-den-sonnenaufgang.de\/wp-content\/uploads\/2019\/09\/IMG_0279_compress18-1024x683.jpg 1024w, http:\/\/lichri.radeln-in-den-sonnenaufgang.de\/wp-content\/uploads\/2019\/09\/IMG_0279_compress18-300x200.jpg 300w, http:\/\/lichri.radeln-in-den-sonnenaufgang.de\/wp-content\/uploads\/2019\/09\/IMG_0279_compress18-768x512.jpg 768w, http:\/\/lichri.radeln-in-den-sonnenaufgang.de\/wp-content\/uploads\/2019\/09\/IMG_0279_compress18.jpg 1296w\" sizes=\"(max-width: 767px) 89vw, (max-width: 1000px) 54vw, (max-width: 1071px) 543px, 580px\" \/><\/figure><\/li><\/ul>\n\n\n\n<figure class=\"wp-block-image\"><img decoding=\"async\" loading=\"lazy\" width=\"1024\" height=\"683\" src=\"http:\/\/lichri.radeln-in-den-sonnenaufgang.de\/wp-content\/uploads\/2019\/09\/IMG_0233_compress90-1024x683.jpg\" alt=\"\" class=\"wp-image-652\" srcset=\"http:\/\/lichri.radeln-in-den-sonnenaufgang.de\/wp-content\/uploads\/2019\/09\/IMG_0233_compress90-1024x683.jpg 1024w, http:\/\/lichri.radeln-in-den-sonnenaufgang.de\/wp-content\/uploads\/2019\/09\/IMG_0233_compress90-300x200.jpg 300w, http:\/\/lichri.radeln-in-den-sonnenaufgang.de\/wp-content\/uploads\/2019\/09\/IMG_0233_compress90-768x512.jpg 768w, http:\/\/lichri.radeln-in-den-sonnenaufgang.de\/wp-content\/uploads\/2019\/09\/IMG_0233_compress90.jpg 1296w\" sizes=\"(max-width: 767px) 89vw, (max-width: 1000px) 54vw, (max-width: 1071px) 543px, 580px\" \/><\/figure>\n\n\n\n<figure class=\"wp-block-image\"><img decoding=\"async\" loading=\"lazy\" width=\"1024\" height=\"683\" src=\"http:\/\/lichri.radeln-in-den-sonnenaufgang.de\/wp-content\/uploads\/2019\/09\/IMG_0201_compress0-1024x683.jpg\" alt=\"\" class=\"wp-image-654\" srcset=\"http:\/\/lichri.radeln-in-den-sonnenaufgang.de\/wp-content\/uploads\/2019\/09\/IMG_0201_compress0-1024x683.jpg 1024w, http:\/\/lichri.radeln-in-den-sonnenaufgang.de\/wp-content\/uploads\/2019\/09\/IMG_0201_compress0-300x200.jpg 300w, http:\/\/lichri.radeln-in-den-sonnenaufgang.de\/wp-content\/uploads\/2019\/09\/IMG_0201_compress0-768x512.jpg 768w, http:\/\/lichri.radeln-in-den-sonnenaufgang.de\/wp-content\/uploads\/2019\/09\/IMG_0201_compress0.jpg 1296w\" sizes=\"(max-width: 767px) 89vw, (max-width: 1000px) 54vw, (max-width: 1071px) 543px, 580px\" \/><\/figure>\n\n\n\n<figure class=\"wp-block-image\"><img decoding=\"async\" loading=\"lazy\" width=\"1024\" height=\"683\" src=\"http:\/\/lichri.radeln-in-den-sonnenaufgang.de\/wp-content\/uploads\/2019\/09\/IMG_0241_compress14-1024x683.jpg\" alt=\"\" class=\"wp-image-651\" srcset=\"http:\/\/lichri.radeln-in-den-sonnenaufgang.de\/wp-content\/uploads\/2019\/09\/IMG_0241_compress14-1024x683.jpg 1024w, http:\/\/lichri.radeln-in-den-sonnenaufgang.de\/wp-content\/uploads\/2019\/09\/IMG_0241_compress14-300x200.jpg 300w, http:\/\/lichri.radeln-in-den-sonnenaufgang.de\/wp-content\/uploads\/2019\/09\/IMG_0241_compress14-768x512.jpg 768w, http:\/\/lichri.radeln-in-den-sonnenaufgang.de\/wp-content\/uploads\/2019\/09\/IMG_0241_compress14.jpg 1296w\" sizes=\"(max-width: 767px) 89vw, (max-width: 1000px) 54vw, (max-width: 1071px) 543px, 580px\" \/><\/figure>\n\n\n\n<ul class=\"is-layout-flex wp-block-gallery-5 wp-block-gallery columns-3 is-cropped\"><li class=\"blocks-gallery-item\"><figure><img decoding=\"async\" loading=\"lazy\" width=\"1024\" height=\"683\" src=\"http:\/\/lichri.radeln-in-den-sonnenaufgang.de\/wp-content\/uploads\/2019\/09\/IMG_0317_compress15-1024x683.jpg\" alt=\"\" data-id=\"642\" data-link=\"http:\/\/lichri.radeln-in-den-sonnenaufgang.de\/?attachment_id=642\" class=\"wp-image-642\" srcset=\"http:\/\/lichri.radeln-in-den-sonnenaufgang.de\/wp-content\/uploads\/2019\/09\/IMG_0317_compress15-1024x683.jpg 1024w, http:\/\/lichri.radeln-in-den-sonnenaufgang.de\/wp-content\/uploads\/2019\/09\/IMG_0317_compress15-300x200.jpg 300w, http:\/\/lichri.radeln-in-den-sonnenaufgang.de\/wp-content\/uploads\/2019\/09\/IMG_0317_compress15-768x512.jpg 768w, http:\/\/lichri.radeln-in-den-sonnenaufgang.de\/wp-content\/uploads\/2019\/09\/IMG_0317_compress15.jpg 1296w\" sizes=\"(max-width: 767px) 89vw, (max-width: 1000px) 54vw, (max-width: 1071px) 543px, 580px\" \/><\/figure><\/li><li class=\"blocks-gallery-item\"><figure><img decoding=\"async\" loading=\"lazy\" width=\"683\" height=\"1024\" src=\"http:\/\/lichri.radeln-in-den-sonnenaufgang.de\/wp-content\/uploads\/2019\/09\/IMG_0318_compress94-e1567955462206-683x1024.jpg\" alt=\"\" data-id=\"643\" data-link=\"http:\/\/lichri.radeln-in-den-sonnenaufgang.de\/?attachment_id=643\" class=\"wp-image-643\" srcset=\"http:\/\/lichri.radeln-in-den-sonnenaufgang.de\/wp-content\/uploads\/2019\/09\/IMG_0318_compress94-e1567955462206-683x1024.jpg 683w, http:\/\/lichri.radeln-in-den-sonnenaufgang.de\/wp-content\/uploads\/2019\/09\/IMG_0318_compress94-e1567955462206-200x300.jpg 200w, http:\/\/lichri.radeln-in-den-sonnenaufgang.de\/wp-content\/uploads\/2019\/09\/IMG_0318_compress94-e1567955462206-768x1152.jpg 768w, http:\/\/lichri.radeln-in-den-sonnenaufgang.de\/wp-content\/uploads\/2019\/09\/IMG_0318_compress94-e1567955462206.jpg 864w\" sizes=\"(max-width: 683px) 100vw, 683px\" \/><\/figure><\/li><li class=\"blocks-gallery-item\"><figure><img decoding=\"async\" loading=\"lazy\" width=\"683\" height=\"1024\" src=\"http:\/\/lichri.radeln-in-den-sonnenaufgang.de\/wp-content\/uploads\/2019\/09\/IMG_0222_compress96-e1567955189126-683x1024.jpg\" alt=\"\" data-id=\"655\" data-link=\"http:\/\/lichri.radeln-in-den-sonnenaufgang.de\/?attachment_id=655\" class=\"wp-image-655\" srcset=\"http:\/\/lichri.radeln-in-den-sonnenaufgang.de\/wp-content\/uploads\/2019\/09\/IMG_0222_compress96-e1567955189126-683x1024.jpg 683w, http:\/\/lichri.radeln-in-den-sonnenaufgang.de\/wp-content\/uploads\/2019\/09\/IMG_0222_compress96-e1567955189126-200x300.jpg 200w, http:\/\/lichri.radeln-in-den-sonnenaufgang.de\/wp-content\/uploads\/2019\/09\/IMG_0222_compress96-e1567955189126-768x1152.jpg 768w, http:\/\/lichri.radeln-in-den-sonnenaufgang.de\/wp-content\/uploads\/2019\/09\/IMG_0222_compress96-e1567955189126.jpg 864w\" sizes=\"(max-width: 683px) 100vw, 683px\" \/><\/figure><\/li><\/ul>\n\n\n\n<figure class=\"wp-block-image\"><img decoding=\"async\" loading=\"lazy\" width=\"1024\" height=\"683\" src=\"http:\/\/lichri.radeln-in-den-sonnenaufgang.de\/wp-content\/uploads\/2019\/09\/IMG_0251_compress80-1024x683.jpg\" alt=\"\" class=\"wp-image-649\" srcset=\"http:\/\/lichri.radeln-in-den-sonnenaufgang.de\/wp-content\/uploads\/2019\/09\/IMG_0251_compress80-1024x683.jpg 1024w, http:\/\/lichri.radeln-in-den-sonnenaufgang.de\/wp-content\/uploads\/2019\/09\/IMG_0251_compress80-300x200.jpg 300w, http:\/\/lichri.radeln-in-den-sonnenaufgang.de\/wp-content\/uploads\/2019\/09\/IMG_0251_compress80-768x512.jpg 768w, http:\/\/lichri.radeln-in-den-sonnenaufgang.de\/wp-content\/uploads\/2019\/09\/IMG_0251_compress80.jpg 1296w\" sizes=\"(max-width: 767px) 89vw, (max-width: 1000px) 54vw, (max-width: 1071px) 543px, 580px\" \/><\/figure>\n\n\n\n<figure class=\"wp-block-image\"><img decoding=\"async\" loading=\"lazy\" width=\"768\" height=\"1024\" src=\"http:\/\/lichri.radeln-in-den-sonnenaufgang.de\/wp-content\/uploads\/2019\/09\/DSC_0363_compress83-e1567956182759-768x1024.jpg\" alt=\"\" class=\"wp-image-666\" srcset=\"http:\/\/lichri.radeln-in-den-sonnenaufgang.de\/wp-content\/uploads\/2019\/09\/DSC_0363_compress83-e1567956182759-768x1024.jpg 768w, http:\/\/lichri.radeln-in-den-sonnenaufgang.de\/wp-content\/uploads\/2019\/09\/DSC_0363_compress83-e1567956182759-225x300.jpg 225w, http:\/\/lichri.radeln-in-den-sonnenaufgang.de\/wp-content\/uploads\/2019\/09\/DSC_0363_compress83-e1567956182759.jpg 984w\" sizes=\"(max-width: 767px) 89vw, (max-width: 1000px) 54vw, (max-width: 1071px) 543px, 580px\" \/><\/figure>\n\n\n\n<figure class=\"wp-block-image\"><img decoding=\"async\" loading=\"lazy\" width=\"1024\" height=\"232\" src=\"http:\/\/lichri.radeln-in-den-sonnenaufgang.de\/wp-content\/uploads\/2019\/09\/20190908_204744-1024x232.jpg\" alt=\"\" class=\"wp-image-662\" srcset=\"http:\/\/lichri.radeln-in-den-sonnenaufgang.de\/wp-content\/uploads\/2019\/09\/20190908_204744-1024x232.jpg 1024w, http:\/\/lichri.radeln-in-den-sonnenaufgang.de\/wp-content\/uploads\/2019\/09\/20190908_204744-300x68.jpg 300w, http:\/\/lichri.radeln-in-den-sonnenaufgang.de\/wp-content\/uploads\/2019\/09\/20190908_204744-768x174.jpg 768w, http:\/\/lichri.radeln-in-den-sonnenaufgang.de\/wp-content\/uploads\/2019\/09\/20190908_204744.jpg 1280w\" sizes=\"(max-width: 767px) 89vw, (max-width: 1000px) 54vw, (max-width: 1071px) 543px, 580px\" \/><\/figure>\n\n\n\n<p> Vom Kloster aus wollten wir dann nicht den ganzen Weg nach Sainshand zur\u00fcck fahren, um auf die gro\u00dfe Stra\u00dfe zur chinesischen Grenze zu kommen. Deshalb folgten wir einem off-road Weg zur gro\u00dfen Stra\u00dfe. Erstaunlicherweise kamen wir recht gut voran und es war ein sch\u00f6ner Weg. Eine Weile fuhren wir auf eine (Kupfer?)-Miene zu. Von Weitem hatten wir den Eindruck auf Mordor zuzufahren (nur, dass auf dem Turm der Miene kein Feuerauge brannte und die Sonne schien). <\/p>\n\n\n\n<ul class=\"is-layout-flex wp-block-gallery-7 wp-block-gallery columns-1 is-cropped\"><li class=\"blocks-gallery-item\"><figure><img decoding=\"async\" loading=\"lazy\" width=\"1024\" height=\"244\" src=\"http:\/\/lichri.radeln-in-den-sonnenaufgang.de\/wp-content\/uploads\/2019\/09\/20190908_204715-1024x244.jpg\" alt=\"\" data-id=\"766\" data-link=\"http:\/\/lichri.radeln-in-den-sonnenaufgang.de\/?attachment_id=766\" class=\"wp-image-766\" srcset=\"http:\/\/lichri.radeln-in-den-sonnenaufgang.de\/wp-content\/uploads\/2019\/09\/20190908_204715-1024x244.jpg 1024w, http:\/\/lichri.radeln-in-den-sonnenaufgang.de\/wp-content\/uploads\/2019\/09\/20190908_204715-300x72.jpg 300w, http:\/\/lichri.radeln-in-den-sonnenaufgang.de\/wp-content\/uploads\/2019\/09\/20190908_204715-768x183.jpg 768w, http:\/\/lichri.radeln-in-den-sonnenaufgang.de\/wp-content\/uploads\/2019\/09\/20190908_204715.jpg 1296w\" sizes=\"(max-width: 767px) 89vw, (max-width: 1000px) 54vw, (max-width: 1071px) 543px, 580px\" \/><figcaption>Klein Mordor mit Fatamorgana<\/figcaption><\/figure><\/li><\/ul>\n\n\n\n<p><br> Nach der Miene machten wir auf einem verlassenen alten LKW-Reifen Mittagspause. Von hinten kam ein LKW angefahren und ich dachte schon, dass wir gleich mit sch\u00f6n viel Staub paniert w\u00fcrden, wenn er an uns vorbei f\u00e4hrt, als der Fahrer einen Bogen in Windrichtung um uns herum machte und anhielt. Er gesellte sich kurz entschlossen zu uns und obwohl wir uns nur mit Hand und Fu\u00df verst\u00e4ndigen konnten unterhielten wir uns bestimmt eine dreiviertel Stunde mit ihm. Wir zeigten uns Bilder, erkl\u00e4rten wo wir her kamen, wo wir hin fahren (so eine Weltkarte ist doch richtig praktisch). Wir teilten unsere letzte Wassermelone mit ihm und er schenkte uns ein paar Flaschen Wasser und leckere S\u00fc\u00dfigkeiten f\u00fcr die weitere Fahrt, bevor er sich nach ein paar Selfies mit uns Richtung Ulan Bator auf den Weg machte. <\/p>\n\n\n\n<figure class=\"wp-block-image\"><img decoding=\"async\" loading=\"lazy\" width=\"1024\" height=\"768\" src=\"http:\/\/lichri.radeln-in-den-sonnenaufgang.de\/wp-content\/uploads\/2019\/09\/DSC_0418_compress83-1024x768.jpg\" alt=\"\" class=\"wp-image-661\" srcset=\"http:\/\/lichri.radeln-in-den-sonnenaufgang.de\/wp-content\/uploads\/2019\/09\/DSC_0418_compress83-1024x768.jpg 1024w, http:\/\/lichri.radeln-in-den-sonnenaufgang.de\/wp-content\/uploads\/2019\/09\/DSC_0418_compress83-300x225.jpg 300w, http:\/\/lichri.radeln-in-den-sonnenaufgang.de\/wp-content\/uploads\/2019\/09\/DSC_0418_compress83-768x576.jpg 768w, http:\/\/lichri.radeln-in-den-sonnenaufgang.de\/wp-content\/uploads\/2019\/09\/DSC_0418_compress83.jpg 1312w\" sizes=\"(max-width: 767px) 89vw, (max-width: 1000px) 54vw, (max-width: 1071px) 543px, 580px\" \/><\/figure>\n\n\n\n<figure class=\"wp-block-image\"><img decoding=\"async\" loading=\"lazy\" width=\"1024\" height=\"576\" src=\"http:\/\/lichri.radeln-in-den-sonnenaufgang.de\/wp-content\/uploads\/2019\/09\/DSC_0419_compress10-1024x576.jpg\" alt=\"\" class=\"wp-image-665\" srcset=\"http:\/\/lichri.radeln-in-den-sonnenaufgang.de\/wp-content\/uploads\/2019\/09\/DSC_0419_compress10-1024x576.jpg 1024w, http:\/\/lichri.radeln-in-den-sonnenaufgang.de\/wp-content\/uploads\/2019\/09\/DSC_0419_compress10-300x169.jpg 300w, http:\/\/lichri.radeln-in-den-sonnenaufgang.de\/wp-content\/uploads\/2019\/09\/DSC_0419_compress10-768x432.jpg 768w, http:\/\/lichri.radeln-in-den-sonnenaufgang.de\/wp-content\/uploads\/2019\/09\/DSC_0419_compress10.jpg 1296w\" sizes=\"(max-width: 767px) 89vw, (max-width: 1000px) 54vw, (max-width: 1071px) 543px, 580px\" \/><\/figure>\n\n\n\n<p> Auf der gro\u00dfen Stra\u00dfe angekommen ging es mit R\u00fcckenwind weiter und wir hatten den Eindruck, dass der Wind uns mit aller Gewalt nach China schieben wollte. Unser Ziel f\u00fcr die Nacht war eine auf unserer Karte eingezeichnete Tankstelle und wir erhofften uns dort etwas Wasser und einen windgesch\u00fctzten Platz f\u00fcr unser Zelt erhalten zu k\u00f6nnen. Der Wind war so stark, dass wir bef\u00fcrchteten die Zeltstangen w\u00fcrden brechen oder das Zelt w\u00fcrde einfach davon fliegen, wenn wir es in den endlosen Weiten aufstellten. Einen Laden in dem wir Wasser kaufen konnten gab es zwar nicht, aber die Frau von der Tankstelle f\u00fchrte uns in eine alte, etwas ranzige Jurte und meinte, wir k\u00f6nnten dort \u00fcbernachten. Drau\u00dfen im Zelt w\u00e4re es zu kalt. Nach einer Weile verstanden wir, dass diese Jurte eher als Koch- und Abstellplatz \u00fcber den Tag hinweg diente und niemand mehr darin wohnte und machten es uns so gut wie m\u00f6glich gem\u00fctlich. Erst sp\u00e4ter merkten wir, dass wir in dem Vorzelt eines M\u00e4usebaus \u00fcbernachteten und die ganze Nacht h\u00f6rten und sahen wir die nicht ganz so kleinen Tierchen um uns rumkriechen. Wir hatten etwas Angst um unsere guten Fahrradtaschen, aber es passierte nichts \u2013 Gott sei Dank! Der Sternenhimmel in dieser Nacht war unglaublich sch\u00f6n. <br> Wir waren dankbar f\u00fcr den windstillen Ort, versuchten am n\u00e4chsten Morgen aber dennoch so bald als M\u00f6glich weiter zu ziehen und die kleine M\u00e4usefamilie hinter uns zu lassen. Eine Fr\u00fchst\u00fcckspause legten wir ein paar Kilometer sp\u00e4ter ein. Das Fahrradfahren war an diesem Tag so angenehm wie am Tag zuvor und mit viel R\u00fcckenwind ging es erstaunlich schnell Richtung China weiter. <\/p>\n\n\n\n<figure class=\"wp-block-image\"><img decoding=\"async\" loading=\"lazy\" width=\"1024\" height=\"576\" src=\"http:\/\/lichri.radeln-in-den-sonnenaufgang.de\/wp-content\/uploads\/2019\/09\/DSC_0453_compress98-1-1024x576.jpg\" alt=\"\" class=\"wp-image-664\" srcset=\"http:\/\/lichri.radeln-in-den-sonnenaufgang.de\/wp-content\/uploads\/2019\/09\/DSC_0453_compress98-1-1024x576.jpg 1024w, http:\/\/lichri.radeln-in-den-sonnenaufgang.de\/wp-content\/uploads\/2019\/09\/DSC_0453_compress98-1-300x169.jpg 300w, http:\/\/lichri.radeln-in-den-sonnenaufgang.de\/wp-content\/uploads\/2019\/09\/DSC_0453_compress98-1-768x432.jpg 768w, http:\/\/lichri.radeln-in-den-sonnenaufgang.de\/wp-content\/uploads\/2019\/09\/DSC_0453_compress98-1.jpg 1280w\" sizes=\"(max-width: 767px) 89vw, (max-width: 1000px) 54vw, (max-width: 1071px) 543px, 580px\" \/><figcaption>Die Polizei, dein Freund und Papp-Kamerad<\/figcaption><\/figure>\n\n\n\n<p>Schon viel fr\u00fcher als gedacht kamen wir in der Grenzstadt an und entschieden kurzentschlossen, dass wir noch an diesem Tag versuchen w\u00fcrden die Grenze zu \u00fcberqueren. Auch hier an der mongolisch-chinesischen Grenze durften wir nicht einfach mit dem Rad nach China hineinfahren, sondern mussten uns einen Fahrer suchen. Es gibt mongolische Jeep-Fahrer die damit ihr Geld verdienen die Leute \u00fcber die Grenze zu bringen \u2013 ich w\u00fcrde sie Schleuser nennen. Einen solchen Schleuser handelten wir um die H\u00e4lfte des zuerst genannten Preises herunter (das letzte mongolische Geld, das wir noch besa\u00dfen) und dann ging es ab nach China. <br> <\/p>\n\n\n\n<p>Zwischenspiel: <\/p>\n\n\n\n<p>Chris sitzt neben Lisa in einem H\u00f6rsaal der BUAA, einer der 91 Universit\u00e4ten Pekings und tippt. Zhipeng, der sich auch den englischen Namen Will gegeben hat, war eben mit uns im Sommerpalast und hat uns spontan mit in seine englische Grundvorlesung in Computer Sciences gebracht, eine Einf\u00fchrung f\u00fcr Luft- und Raumfahrtstudieng\u00e4nge. Jetzt sitzen wir hier also und h\u00f6ren uns sozusagen rocketsciences an. Irgendwo in Peking\u2026 Da bietet es sich doch an unseren vorgestern begonnen Blogeintrag fortzuf\u00fchren. <\/p>\n\n\n\n<p> Innere Mongolei<\/p>\n\n\n\n<figure class=\"wp-block-image\"><img decoding=\"async\" loading=\"lazy\" width=\"1024\" height=\"576\" src=\"http:\/\/lichri.radeln-in-den-sonnenaufgang.de\/wp-content\/uploads\/2019\/09\/DSC_0466_compress81-1024x576.jpg\" alt=\"\" class=\"wp-image-667\" srcset=\"http:\/\/lichri.radeln-in-den-sonnenaufgang.de\/wp-content\/uploads\/2019\/09\/DSC_0466_compress81-1024x576.jpg 1024w, http:\/\/lichri.radeln-in-den-sonnenaufgang.de\/wp-content\/uploads\/2019\/09\/DSC_0466_compress81-300x169.jpg 300w, http:\/\/lichri.radeln-in-den-sonnenaufgang.de\/wp-content\/uploads\/2019\/09\/DSC_0466_compress81-768x432.jpg 768w, http:\/\/lichri.radeln-in-den-sonnenaufgang.de\/wp-content\/uploads\/2019\/09\/DSC_0466_compress81.jpg 1280w\" sizes=\"(max-width: 767px) 89vw, (max-width: 1000px) 54vw, (max-width: 1071px) 543px, 580px\" \/><\/figure>\n\n\n\n<p> Erenhot. Die Grenzstadt auf chinesischer Seite strahlt und gl\u00e4nzt verglichen mit dem staubig-\u00e4rmlichen Ulan-Bator und den Steppen der Ostgobi. Alles ist sauber, die Stra\u00dfen riesig und \u00fcberall flitzen kleine Elektro-Roller und dreir\u00e4drige Transporter auf den Radstreifen, die teilweise breiter sind als die Autofahrbahn. Wir f\u00fchlten uns wie im Himmel und China, so machte es den Eindruck, war verglichen mit der Mongolei, einfach superreich. Wir w\u00fcrden nat\u00fcrlich auch noch andere Seiten sehen, doch hier wurde geklotzt, nicht gekleckert. <br> Wir hatten es hier nicht schwer, ein Hotel zu finden, das uns aufnahm \u2013 schlie\u00dflich waren wir in einem Grenzort. Es war nicht das schickste und neuste, f\u00fcr umgerechnet 10 Euro (80 Yuan) aber superg\u00fcnstig und wir genossen die Dusche und die weichen Betten nach unseren letzten Jurtenn\u00e4chten und hei\u00dfen W\u00fcstenritten. Nur die Speisekarte, selbst bebildert, hat es uns etwas schwer gemacht. Im Nachhinein k\u00f6nnen wir bei manchen Sachen nur spekulieren, was wir gegessen haben. Die vermeintlichen Bratkartoffeln waren jedenfalls eher Feuerkartoffeln \u2013 so scharf wie die waren. \ud83d\ude09 Hier haben wir gemerkt, dass wir wirklich in China angekommen sind. Kartoffeln und Nudelsuppe durften wir n\u00e4mlich mit St\u00e4bchen essen. <br> Tagsdrauf, nachdem wir eine Unicom China Sim-Card, einen neuen Campingkocher f\u00fcr umgerechnet 5 Euro (Benzinkocher hat den Dienst quittiert) sowie \u201eeinen stabil wirkenden Fahrradst\u00e4nder\u201c (Nummer 6, starb 2 Tage sp\u00e4ter) besorgt hatten und wir uns f\u00fcr die Reise ger\u00fcstet f\u00fchlten, brachen wir nach S\u00fcden auf. Raus aus der Stadt, rein in die W\u00fcste. <br><\/p>\n\n\n\n<figure class=\"wp-block-image\"><img decoding=\"async\" loading=\"lazy\" width=\"1024\" height=\"432\" src=\"http:\/\/lichri.radeln-in-den-sonnenaufgang.de\/wp-content\/uploads\/2019\/09\/20190908_204929-1024x432.jpg\" alt=\"\" class=\"wp-image-668\" srcset=\"http:\/\/lichri.radeln-in-den-sonnenaufgang.de\/wp-content\/uploads\/2019\/09\/20190908_204929-1024x432.jpg 1024w, http:\/\/lichri.radeln-in-den-sonnenaufgang.de\/wp-content\/uploads\/2019\/09\/20190908_204929-300x127.jpg 300w, http:\/\/lichri.radeln-in-den-sonnenaufgang.de\/wp-content\/uploads\/2019\/09\/20190908_204929-768x324.jpg 768w, http:\/\/lichri.radeln-in-den-sonnenaufgang.de\/wp-content\/uploads\/2019\/09\/20190908_204929.jpg 1280w\" sizes=\"(max-width: 767px) 89vw, (max-width: 1000px) 54vw, (max-width: 1071px) 543px, 580px\" \/><\/figure>\n\n\n\n<figure class=\"wp-block-image\"><img decoding=\"async\" loading=\"lazy\" width=\"1024\" height=\"192\" src=\"http:\/\/lichri.radeln-in-den-sonnenaufgang.de\/wp-content\/uploads\/2019\/09\/20190908_204901-1024x192.jpg\" alt=\"\" class=\"wp-image-764\" srcset=\"http:\/\/lichri.radeln-in-den-sonnenaufgang.de\/wp-content\/uploads\/2019\/09\/20190908_204901-1024x192.jpg 1024w, http:\/\/lichri.radeln-in-den-sonnenaufgang.de\/wp-content\/uploads\/2019\/09\/20190908_204901-300x56.jpg 300w, http:\/\/lichri.radeln-in-den-sonnenaufgang.de\/wp-content\/uploads\/2019\/09\/20190908_204901-768x144.jpg 768w, http:\/\/lichri.radeln-in-den-sonnenaufgang.de\/wp-content\/uploads\/2019\/09\/20190908_204901.jpg 1168w\" sizes=\"(max-width: 767px) 89vw, (max-width: 1000px) 54vw, (max-width: 1071px) 543px, 580px\" \/><\/figure>\n\n\n\n<figure class=\"wp-block-image\"><img decoding=\"async\" loading=\"lazy\" width=\"1024\" height=\"576\" src=\"http:\/\/lichri.radeln-in-den-sonnenaufgang.de\/wp-content\/uploads\/2019\/09\/DSC_0491_compress63-1024x576.jpg\" alt=\"\" class=\"wp-image-765\" srcset=\"http:\/\/lichri.radeln-in-den-sonnenaufgang.de\/wp-content\/uploads\/2019\/09\/DSC_0491_compress63-1024x576.jpg 1024w, http:\/\/lichri.radeln-in-den-sonnenaufgang.de\/wp-content\/uploads\/2019\/09\/DSC_0491_compress63-300x169.jpg 300w, http:\/\/lichri.radeln-in-den-sonnenaufgang.de\/wp-content\/uploads\/2019\/09\/DSC_0491_compress63-768x432.jpg 768w, http:\/\/lichri.radeln-in-den-sonnenaufgang.de\/wp-content\/uploads\/2019\/09\/DSC_0491_compress63.jpg 1280w\" sizes=\"(max-width: 767px) 89vw, (max-width: 1000px) 54vw, (max-width: 1071px) 543px, 580px\" \/><figcaption>Dinos geleiten uns aus der Stadt<\/figcaption><\/figure>\n\n\n\n<p> Im Endeffekt war die Landschaft hier erstmal eine Fortsetzung der uns bekannten Ostgobi: Extrem trockene Steppe, relativ flach und derbe hei\u00df. Anders waren die Stra\u00dfen, von denen es viel mehr und viel gr\u00f6\u00dfere gab. So fuhren wir \u00fcber 100 km auf einer Art Autobahn, da es keine andere Stra\u00dfe gab. Das war allerdings auch sehr angenehm, da der Seitenstreifen sehr breit und stets frei war. <br> Eigentlich planten wir lediglich unsere Wasservorr\u00e4te aufzuf\u00fcllen, bevor wir uns ein Nachtlager auf dem Weg suchen w\u00fcrden. Doch die nette alte Dame am Rastplatz (\u201eNowhere Mart\u201c auf OpenStreetMaps) bot uns mit Gesten an, unser Zelt auf dem Parkplatz vor dem Laden aufzuschlagen. Hier w\u00e4ren wir \u2013 dank der beiden gro\u00dfen Kameras am Geb\u00e4ude \u2013 sicher. Soviel meinten wir zu verstehen. Und da wir wirklich m\u00fcde waren, entschieden wir uns zu bleiben. <br> Es stellte sich heraus, dass dies \u2013 obgleich wir seit dem Zeltaufbauen neugierig beobachtet wurden &#8211; die richtige Entscheidung war, schlie\u00dflich bekamen wir als wir unser Abendessen kochten, allerlei Tomaten und eine gro\u00dfe Gurke aus dem heimischen Garten des \u00e4lteren Paares, das den Laden betrieb. Als wir unsere selbstgezimmerte Nudelsuppe schl\u00fcrften wurden wir zudem mit Geb\u00e4ck beschenkt, das wir hineintunken sollten. Und siehe da: Es war superlecker! <\/p>\n\n\n\n<figure class=\"wp-block-image\"><img decoding=\"async\" loading=\"lazy\" width=\"1024\" height=\"576\" src=\"http:\/\/lichri.radeln-in-den-sonnenaufgang.de\/wp-content\/uploads\/2019\/09\/DSC_0503_compress4-1024x576.jpg\" alt=\"\" class=\"wp-image-669\" srcset=\"http:\/\/lichri.radeln-in-den-sonnenaufgang.de\/wp-content\/uploads\/2019\/09\/DSC_0503_compress4-1024x576.jpg 1024w, http:\/\/lichri.radeln-in-den-sonnenaufgang.de\/wp-content\/uploads\/2019\/09\/DSC_0503_compress4-300x169.jpg 300w, http:\/\/lichri.radeln-in-den-sonnenaufgang.de\/wp-content\/uploads\/2019\/09\/DSC_0503_compress4-768x432.jpg 768w, http:\/\/lichri.radeln-in-den-sonnenaufgang.de\/wp-content\/uploads\/2019\/09\/DSC_0503_compress4.jpg 1280w\" sizes=\"(max-width: 767px) 89vw, (max-width: 1000px) 54vw, (max-width: 1071px) 543px, 580px\" \/><\/figure>\n\n\n\n<figure class=\"wp-block-image\"><img decoding=\"async\" loading=\"lazy\" width=\"1024\" height=\"576\" src=\"http:\/\/lichri.radeln-in-den-sonnenaufgang.de\/wp-content\/uploads\/2019\/09\/DSC_0502_compress28-1024x576.jpg\" alt=\"\" class=\"wp-image-670\" srcset=\"http:\/\/lichri.radeln-in-den-sonnenaufgang.de\/wp-content\/uploads\/2019\/09\/DSC_0502_compress28-1024x576.jpg 1024w, http:\/\/lichri.radeln-in-den-sonnenaufgang.de\/wp-content\/uploads\/2019\/09\/DSC_0502_compress28-300x169.jpg 300w, http:\/\/lichri.radeln-in-den-sonnenaufgang.de\/wp-content\/uploads\/2019\/09\/DSC_0502_compress28-768x432.jpg 768w, http:\/\/lichri.radeln-in-den-sonnenaufgang.de\/wp-content\/uploads\/2019\/09\/DSC_0502_compress28.jpg 1296w\" sizes=\"(max-width: 767px) 89vw, (max-width: 1000px) 54vw, (max-width: 1071px) 543px, 580px\" \/><\/figure>\n\n\n\n<p> Am n\u00e4chsten Morgen wurde uns unser Wasser vor der Abfahrt umsonst nochmal aufgef\u00fcllt und wir mussten nicht nochmal einen Haufen kleine Wasserflaschen kaufen. Unser zweiter Tag auf chinesischen Stra\u00dfen war wieder von trockener Hitze, diesmal jedoch auch von Gegenwind gepr\u00e4gt. Dank VPN Dienst (hier ist ja viel geblockt) konnten wir jedoch \u2013 neben Textnachrichten \u2013 auch den Online-Deutschlandfunk empfangen, dessen Podcasts uns etwas von der schwei\u00dftreibenden Plackerei ablenkten. Am sp\u00e4ten Nachmittag durchquerten wir eine gr\u00f6\u00dfere Stadt und mussten hier von der \u201eAutobahn\u201c auf eine Art \u201eBundesstra\u00dfe\u201c wechseln, die wesentlich schmaler und ohne Seitenstreifen war. Jedoch kamen wir so recht bald, etwa 20 km au\u00dferhalb der Stadt, an einer mit Gers best\u00fcckten Event-Location vorbei. Per Translator fragten wir, ob wir unser Zelt auf dem Gel\u00e4nde f\u00fcr die kommende Nacht aufschlagen d\u00fcrften. Doch ehe wir uns versahen sa\u00dfen wir mit Tee in den H\u00e4nden in einer der Jurten, uns wurden Duschen aufgeschlossen und zum Essen lud man uns obendrein auch noch ein. Diese geballte Gastfreundschaft machte uns baff, vor allem, da wir annahmen, dass die Leute hier ihr Geld eigentlich mit G\u00e4sten verdienten. <br> Als wir am Abend \u2013 nachdem Chris noch ein paar Lieder auf der Gitarre zum Besten gab \u2013 noch halfen, die Tische im gro\u00dfen Festzelt zu decken, ging uns langsam auf, dass dieser Ort eher ein Veranstaltungsort als ein Ferienort war, wie wir es zuerst annahmen. Am n\u00e4chsten Tag w\u00fcrden hier 100 G\u00e4ste zum Mittagessen antanzen. Recht fr\u00fch ging am folgenden Tag deshalb auch der Trubel ums Kochen los. Es wurden \u2013 als wir unsere Taschen gerade aus dem Ger holten \u2013 S\u00e4ckeweise Gem\u00fcse und Fleisch herangekarrt, gewaschen, geschnibbelt, gehackt und gekocht. Nichtsdestotrotz lie\u00df man es sich nicht nehmen, uns die Reste vom gestrigen Abendessen (Nudeln mit Fleisch, gebratene Kartoffeln mit viiiel Knoblauch, mongolischen Milchtee sowie \u201eGermkn\u00f6del\u201c-artige Hefekl\u00f6se) zum Fr\u00fchst\u00fcck aufzuw\u00e4rmen. Gest\u00e4rkt und immer noch ger\u00fchrt verabschiedeten wir uns von allen, dankten und brachen in einen weiteren, sich aufklarenden Tag auf. Diesmal dankenswerter Weise wieder mit R\u00fcckenwind. <\/p>\n\n\n\n<figure class=\"wp-block-image\"><img decoding=\"async\" loading=\"lazy\" width=\"1024\" height=\"576\" src=\"http:\/\/lichri.radeln-in-den-sonnenaufgang.de\/wp-content\/uploads\/2019\/09\/DSC_0512_compress91-1024x576.jpg\" alt=\"\" class=\"wp-image-671\" srcset=\"http:\/\/lichri.radeln-in-den-sonnenaufgang.de\/wp-content\/uploads\/2019\/09\/DSC_0512_compress91-1024x576.jpg 1024w, http:\/\/lichri.radeln-in-den-sonnenaufgang.de\/wp-content\/uploads\/2019\/09\/DSC_0512_compress91-300x169.jpg 300w, http:\/\/lichri.radeln-in-den-sonnenaufgang.de\/wp-content\/uploads\/2019\/09\/DSC_0512_compress91-768x432.jpg 768w, http:\/\/lichri.radeln-in-den-sonnenaufgang.de\/wp-content\/uploads\/2019\/09\/DSC_0512_compress91.jpg 1280w\" sizes=\"(max-width: 767px) 89vw, (max-width: 1000px) 54vw, (max-width: 1071px) 543px, 580px\" \/><\/figure>\n\n\n\n<figure class=\"wp-block-image\"><img decoding=\"async\" loading=\"lazy\" width=\"1024\" height=\"768\" src=\"http:\/\/lichri.radeln-in-den-sonnenaufgang.de\/wp-content\/uploads\/2019\/09\/DSC_0510_compress30-1024x768.jpg\" alt=\"\" class=\"wp-image-672\" srcset=\"http:\/\/lichri.radeln-in-den-sonnenaufgang.de\/wp-content\/uploads\/2019\/09\/DSC_0510_compress30-1024x768.jpg 1024w, http:\/\/lichri.radeln-in-den-sonnenaufgang.de\/wp-content\/uploads\/2019\/09\/DSC_0510_compress30-300x225.jpg 300w, http:\/\/lichri.radeln-in-den-sonnenaufgang.de\/wp-content\/uploads\/2019\/09\/DSC_0510_compress30-768x576.jpg 768w, http:\/\/lichri.radeln-in-den-sonnenaufgang.de\/wp-content\/uploads\/2019\/09\/DSC_0510_compress30.jpg 1312w\" sizes=\"(max-width: 767px) 89vw, (max-width: 1000px) 54vw, (max-width: 1071px) 543px, 580px\" \/><\/figure>\n\n\n\n<figure class=\"wp-block-image\"><img decoding=\"async\" loading=\"lazy\" width=\"1024\" height=\"576\" src=\"http:\/\/lichri.radeln-in-den-sonnenaufgang.de\/wp-content\/uploads\/2019\/09\/DSC_0508_compress98-1024x576.jpg\" alt=\"\" class=\"wp-image-673\" srcset=\"http:\/\/lichri.radeln-in-den-sonnenaufgang.de\/wp-content\/uploads\/2019\/09\/DSC_0508_compress98-1024x576.jpg 1024w, http:\/\/lichri.radeln-in-den-sonnenaufgang.de\/wp-content\/uploads\/2019\/09\/DSC_0508_compress98-300x169.jpg 300w, http:\/\/lichri.radeln-in-den-sonnenaufgang.de\/wp-content\/uploads\/2019\/09\/DSC_0508_compress98-768x432.jpg 768w, http:\/\/lichri.radeln-in-den-sonnenaufgang.de\/wp-content\/uploads\/2019\/09\/DSC_0508_compress98.jpg 1280w\" sizes=\"(max-width: 767px) 89vw, (max-width: 1000px) 54vw, (max-width: 1071px) 543px, 580px\" \/><\/figure>\n\n\n\n<div class=\"wp-block-image\"><figure class=\"aligncenter\"><img decoding=\"async\" loading=\"lazy\" width=\"768\" height=\"1024\" src=\"http:\/\/lichri.radeln-in-den-sonnenaufgang.de\/wp-content\/uploads\/2019\/09\/DSC_0507_compress11-e1567959126989-768x1024.jpg\" alt=\"\" class=\"wp-image-674\" srcset=\"http:\/\/lichri.radeln-in-den-sonnenaufgang.de\/wp-content\/uploads\/2019\/09\/DSC_0507_compress11-e1567959126989-768x1024.jpg 768w, http:\/\/lichri.radeln-in-den-sonnenaufgang.de\/wp-content\/uploads\/2019\/09\/DSC_0507_compress11-e1567959126989-225x300.jpg 225w, http:\/\/lichri.radeln-in-den-sonnenaufgang.de\/wp-content\/uploads\/2019\/09\/DSC_0507_compress11-e1567959126989.jpg 984w\" sizes=\"(max-width: 767px) 89vw, (max-width: 1000px) 54vw, (max-width: 1071px) 543px, 580px\" \/><figcaption>Im Festzelt<\/figcaption><\/figure><\/div>\n\n\n\n<p> Wir wurden auf dem weiteren Weg noch des \u00d6fteren beschenkt, sei es Wasser das uns aus dem Auto gereicht wurde oder das Kilo Tomaten, das uns Vater und Sohn am Abend vom Motorrad aus in die Hand dr\u00fcckten. Diese liebevollen Gesten gaben uns Kraft \u00fcber die Strapazen dieser Tage hinweg immer wieder das Positive zu sehen. <\/p>\n\n\n\n<figure class=\"wp-block-image\"><img decoding=\"async\" loading=\"lazy\" width=\"768\" height=\"1024\" src=\"http:\/\/lichri.radeln-in-den-sonnenaufgang.de\/wp-content\/uploads\/2019\/09\/DSC_0524_compress36-e1567959379497-768x1024.jpg\" alt=\"\" class=\"wp-image-675\" srcset=\"http:\/\/lichri.radeln-in-den-sonnenaufgang.de\/wp-content\/uploads\/2019\/09\/DSC_0524_compress36-e1567959379497-768x1024.jpg 768w, http:\/\/lichri.radeln-in-den-sonnenaufgang.de\/wp-content\/uploads\/2019\/09\/DSC_0524_compress36-e1567959379497-225x300.jpg 225w, http:\/\/lichri.radeln-in-den-sonnenaufgang.de\/wp-content\/uploads\/2019\/09\/DSC_0524_compress36-e1567959379497.jpg 984w\" sizes=\"(max-width: 767px) 89vw, (max-width: 1000px) 54vw, (max-width: 1071px) 543px, 580px\" \/><figcaption>Tankwart testet die Fortbewegung der Zukunft<\/figcaption><\/figure>\n\n\n\n<figure class=\"wp-block-image\"><img decoding=\"async\" loading=\"lazy\" width=\"1024\" height=\"576\" src=\"http:\/\/lichri.radeln-in-den-sonnenaufgang.de\/wp-content\/uploads\/2019\/09\/DSC_0558_compress70-1024x576.jpg\" alt=\"\" class=\"wp-image-679\" srcset=\"http:\/\/lichri.radeln-in-den-sonnenaufgang.de\/wp-content\/uploads\/2019\/09\/DSC_0558_compress70-1024x576.jpg 1024w, http:\/\/lichri.radeln-in-den-sonnenaufgang.de\/wp-content\/uploads\/2019\/09\/DSC_0558_compress70-300x169.jpg 300w, http:\/\/lichri.radeln-in-den-sonnenaufgang.de\/wp-content\/uploads\/2019\/09\/DSC_0558_compress70-768x432.jpg 768w, http:\/\/lichri.radeln-in-den-sonnenaufgang.de\/wp-content\/uploads\/2019\/09\/DSC_0558_compress70.jpg 1280w\" sizes=\"(max-width: 767px) 89vw, (max-width: 1000px) 54vw, (max-width: 1071px) 543px, 580px\" \/><figcaption>Was man am Wegrand eben mal findet&#8230;<\/figcaption><\/figure>\n\n\n\n<figure class=\"wp-block-image\"><img decoding=\"async\" loading=\"lazy\" width=\"683\" height=\"1024\" src=\"http:\/\/lichri.radeln-in-den-sonnenaufgang.de\/wp-content\/uploads\/2019\/09\/IMG_0367_compress26-e1567958456333-683x1024.jpg\" alt=\"\" class=\"wp-image-681\" srcset=\"http:\/\/lichri.radeln-in-den-sonnenaufgang.de\/wp-content\/uploads\/2019\/09\/IMG_0367_compress26-e1567958456333-683x1024.jpg 683w, http:\/\/lichri.radeln-in-den-sonnenaufgang.de\/wp-content\/uploads\/2019\/09\/IMG_0367_compress26-e1567958456333-200x300.jpg 200w, http:\/\/lichri.radeln-in-den-sonnenaufgang.de\/wp-content\/uploads\/2019\/09\/IMG_0367_compress26-e1567958456333-768x1152.jpg 768w, http:\/\/lichri.radeln-in-den-sonnenaufgang.de\/wp-content\/uploads\/2019\/09\/IMG_0367_compress26-e1567958456333.jpg 864w\" sizes=\"(max-width: 683px) 100vw, 683px\" \/><figcaption>Britische Telefonzellen im Tagebau<\/figcaption><\/figure>\n\n\n\n<figure class=\"wp-block-image\"><img decoding=\"async\" loading=\"lazy\" width=\"1024\" height=\"683\" src=\"http:\/\/lichri.radeln-in-den-sonnenaufgang.de\/wp-content\/uploads\/2019\/09\/IMG_0370_compress95-1024x683.jpg\" alt=\"\" class=\"wp-image-680\" srcset=\"http:\/\/lichri.radeln-in-den-sonnenaufgang.de\/wp-content\/uploads\/2019\/09\/IMG_0370_compress95-1024x683.jpg 1024w, http:\/\/lichri.radeln-in-den-sonnenaufgang.de\/wp-content\/uploads\/2019\/09\/IMG_0370_compress95-300x200.jpg 300w, http:\/\/lichri.radeln-in-den-sonnenaufgang.de\/wp-content\/uploads\/2019\/09\/IMG_0370_compress95-768x512.jpg 768w, http:\/\/lichri.radeln-in-den-sonnenaufgang.de\/wp-content\/uploads\/2019\/09\/IMG_0370_compress95.jpg 1296w\" sizes=\"(max-width: 767px) 89vw, (max-width: 1000px) 54vw, (max-width: 1071px) 543px, 580px\" \/><figcaption>Alte Vulkankraterchen<\/figcaption><\/figure>\n\n\n\n<figure class=\"wp-block-image\"><img decoding=\"async\" loading=\"lazy\" width=\"864\" height=\"420\" src=\"http:\/\/lichri.radeln-in-den-sonnenaufgang.de\/wp-content\/uploads\/2019\/09\/20190908_205017.jpg\" alt=\"\" class=\"wp-image-687\" srcset=\"http:\/\/lichri.radeln-in-den-sonnenaufgang.de\/wp-content\/uploads\/2019\/09\/20190908_205017.jpg 864w, http:\/\/lichri.radeln-in-den-sonnenaufgang.de\/wp-content\/uploads\/2019\/09\/20190908_205017-300x146.jpg 300w, http:\/\/lichri.radeln-in-den-sonnenaufgang.de\/wp-content\/uploads\/2019\/09\/20190908_205017-768x373.jpg 768w\" sizes=\"(max-width: 767px) 89vw, (max-width: 1000px) 54vw, (max-width: 1071px) 543px, 580px\" \/><\/figure>\n\n\n\n<figure class=\"wp-block-image\"><img decoding=\"async\" loading=\"lazy\" width=\"1024\" height=\"683\" src=\"http:\/\/lichri.radeln-in-den-sonnenaufgang.de\/wp-content\/uploads\/2019\/09\/IMG_0377_compress94-1024x683.jpg\" alt=\"\" class=\"wp-image-683\" srcset=\"http:\/\/lichri.radeln-in-den-sonnenaufgang.de\/wp-content\/uploads\/2019\/09\/IMG_0377_compress94-1024x683.jpg 1024w, http:\/\/lichri.radeln-in-den-sonnenaufgang.de\/wp-content\/uploads\/2019\/09\/IMG_0377_compress94-300x200.jpg 300w, http:\/\/lichri.radeln-in-den-sonnenaufgang.de\/wp-content\/uploads\/2019\/09\/IMG_0377_compress94-768x512.jpg 768w, http:\/\/lichri.radeln-in-den-sonnenaufgang.de\/wp-content\/uploads\/2019\/09\/IMG_0377_compress94.jpg 1296w\" sizes=\"(max-width: 767px) 89vw, (max-width: 1000px) 54vw, (max-width: 1071px) 543px, 580px\" \/><figcaption>So was aber auch&#8230;<\/figcaption><\/figure>\n\n\n\n<p> Das Positive sehen h\u00f6rt sich recht hart an, aber um ehrlich zu sein war die Fahrt durch die Gobi wirklich sehr anstrengend. Wir verbrannten uns Arme, Beine und vor allem die Nase, die Haut an den H\u00e4nden und Lippen fing an sich zu sch\u00e4len. An Wasser hatten wir nur das, was wir zum trinken und kochen brauchten. Waschen w\u00e4re Verschwendung gewesen. Da in China nicht jede Bank autorisiert ist, internationale Transaktionen durchzuf\u00fchren, war es teilweise sehr schwierig an Bargeld zu kommen, von Kartenzahlung ganz zu schweigen. <br> Etwas \u00e4hnliches passierte uns dann auch, als wir nach f\u00fcnf Tagen entschieden, es w\u00e4re dringend an der Zeit eine Dusche ausfindig zu machen und etwas W\u00e4sche zu waschen. Wir suchten uns aus diesem Grund in der n\u00e4chst gr\u00f6\u00dferen Stadt ein Hotel, nachdem wir nach mehreren Versuchen eine Bank gefunden hatte, die bereit war uns Bargeld auszugeben. Es war dementsprechend schon recht sp\u00e4t. Ein Hotel war schnell gefunden und die Taschen waren bereits zur H\u00e4lfte im Zimmer, als die Rezeptionistin uns mit einer entschuldigenden Miene doch wieder wegschicken musste. Ihr Hotel war nicht autorisiert Ausl\u00e4nder zu beherbergen. Wir nahmen also unsere Taschen und suchten weiter. Im n\u00e4chsten Hotel ging es uns genauso: Nach einer halben Stunde an der Rezeption fanden die Angestellten heraus, dass es ihnen nicht m\u00f6glich ist uns aufzunehmen. Sie halfen uns jedoch ein Hotel zu finden, das uns aufnehmen w\u00fcrde. Dieses Hotel war um einiges gr\u00f6\u00dfer und \u2013 wer h\u00e4tte es gedacht \u2013 auch doppelt so teuer. Da es schon dunkel geworden war und wir wirklich m\u00fcde waren und eine Dusche brauchten, diskutieren wir nicht lange und checkten in das Hotel ein. Auf den ersten Blick hin funktionierte das problemlos. Dann \u2013 wir duschten eben \u2013 klopfte es laut an der T\u00fcr. Ein Mann stand davor, dem der pitschnasse Chris pl\u00f6tzlich Rechenschaft dar\u00fcber ablegen sollte, warum wir in China seien und was wir hier wollten. Erst nach einer unterbrechenden Frage von Chris, wer das denn wissen wolle, gab sich der Polizist in Zivil zu erkennen, in dem seine \u00dcbersetzungs-App \u201ePolice\u201c hervorpiepste. Er fotografierte Chris noch und gab sich damit zufrieden. Lisa w\u00fcrde nicht aus der Dusche herauskommen m\u00fcssen. Immerhin konnten wir bleiben, wenngleich wir uns ungemein unwillkommen f\u00fchlten.<\/p>\n\n\n\n<figure class=\"wp-block-image\"><img decoding=\"async\" loading=\"lazy\" width=\"1024\" height=\"576\" src=\"http:\/\/lichri.radeln-in-den-sonnenaufgang.de\/wp-content\/uploads\/2019\/09\/DSC_0574_compress82-1024x576.jpg\" alt=\"\" class=\"wp-image-677\" srcset=\"http:\/\/lichri.radeln-in-den-sonnenaufgang.de\/wp-content\/uploads\/2019\/09\/DSC_0574_compress82-1024x576.jpg 1024w, http:\/\/lichri.radeln-in-den-sonnenaufgang.de\/wp-content\/uploads\/2019\/09\/DSC_0574_compress82-300x169.jpg 300w, http:\/\/lichri.radeln-in-den-sonnenaufgang.de\/wp-content\/uploads\/2019\/09\/DSC_0574_compress82-768x432.jpg 768w, http:\/\/lichri.radeln-in-den-sonnenaufgang.de\/wp-content\/uploads\/2019\/09\/DSC_0574_compress82.jpg 1280w\" sizes=\"(max-width: 767px) 89vw, (max-width: 1000px) 54vw, (max-width: 1071px) 543px, 580px\" \/><\/figure>\n\n\n\n<figure class=\"wp-block-image\"><img decoding=\"async\" loading=\"lazy\" width=\"1024\" height=\"768\" src=\"http:\/\/lichri.radeln-in-den-sonnenaufgang.de\/wp-content\/uploads\/2019\/09\/DSC_0575_compress32-1024x768.jpg\" alt=\"\" class=\"wp-image-676\" srcset=\"http:\/\/lichri.radeln-in-den-sonnenaufgang.de\/wp-content\/uploads\/2019\/09\/DSC_0575_compress32-1024x768.jpg 1024w, http:\/\/lichri.radeln-in-den-sonnenaufgang.de\/wp-content\/uploads\/2019\/09\/DSC_0575_compress32-300x225.jpg 300w, http:\/\/lichri.radeln-in-den-sonnenaufgang.de\/wp-content\/uploads\/2019\/09\/DSC_0575_compress32-768x576.jpg 768w, http:\/\/lichri.radeln-in-den-sonnenaufgang.de\/wp-content\/uploads\/2019\/09\/DSC_0575_compress32.jpg 1312w\" sizes=\"(max-width: 767px) 89vw, (max-width: 1000px) 54vw, (max-width: 1071px) 543px, 580px\" \/><\/figure>\n\n\n\n<p> F\u00fcr Ulanqab, wo wir am n\u00e4chsten Tag \u00fcbernachteten, hatten wir dann schon \u201eden Dreh raus\u201c und checkten online ab, welches Hotel auch Ausl\u00e4nder aufnehmen durfte. Booking.com sei Dank fanden wir so recht schnell ein Zimmer f\u00fcr die Nacht. Es ist schon witzig, wie sich St\u00e4dte einteilen lassen in: \u201emit Hotels f\u00fcr Ausl\u00e4nder\u201c und \u201eohne Hotels f\u00fcr Ausl\u00e4nder\u201c oder in \u201emit Haferflocken im Supermarkt\u201c und \u201eohne Haferflocken im Supermarkt\u201c. So ist es \u2013 obgleich wir es sehr genie\u00dfen auf dem Land unterwegs zu sein und die lokale Gem\u00fcse- und Tofuk\u00fcche zu erforschen \u2013 immer wieder gut, in einer Stadt Dusche und Einkaufsm\u00f6glichkeiten zu finden, bevor man den n\u00e4chsten 7-Tage Trip durch die Pampa anging\u2026 wie er jetzt anstand.<\/p>\n\n\n\n<figure class=\"wp-block-image\"><img decoding=\"async\" loading=\"lazy\" width=\"768\" height=\"1024\" src=\"http:\/\/lichri.radeln-in-den-sonnenaufgang.de\/wp-content\/uploads\/2019\/09\/DSC_0589_compress46-e1567959587394-768x1024.jpg\" alt=\"\" class=\"wp-image-678\" srcset=\"http:\/\/lichri.radeln-in-den-sonnenaufgang.de\/wp-content\/uploads\/2019\/09\/DSC_0589_compress46-e1567959587394-768x1024.jpg 768w, http:\/\/lichri.radeln-in-den-sonnenaufgang.de\/wp-content\/uploads\/2019\/09\/DSC_0589_compress46-e1567959587394-225x300.jpg 225w, http:\/\/lichri.radeln-in-den-sonnenaufgang.de\/wp-content\/uploads\/2019\/09\/DSC_0589_compress46-e1567959587394.jpg 984w\" sizes=\"(max-width: 767px) 89vw, (max-width: 1000px) 54vw, (max-width: 1071px) 543px, 580px\" \/><\/figure>\n\n\n\n<p>Mauerland <\/p>\n\n\n\n<p>Von Ulanqab aus fuhren wir noch etwa 50 Kilometer nach S\u00fcden, wo wir \u2013 nachdem wir zuf\u00e4llig \u00fcber einen uralten buddhistischen Tempel gestolpert sind \u2013 nach Osten abbogen. <\/p>\n\n\n\n<figure class=\"wp-block-image\"><img decoding=\"async\" loading=\"lazy\" width=\"683\" height=\"1024\" src=\"http:\/\/lichri.radeln-in-den-sonnenaufgang.de\/wp-content\/uploads\/2019\/09\/IMG_0407_compress6-e1567959925345-683x1024.jpg\" alt=\"\" class=\"wp-image-686\" srcset=\"http:\/\/lichri.radeln-in-den-sonnenaufgang.de\/wp-content\/uploads\/2019\/09\/IMG_0407_compress6-e1567959925345-683x1024.jpg 683w, http:\/\/lichri.radeln-in-den-sonnenaufgang.de\/wp-content\/uploads\/2019\/09\/IMG_0407_compress6-e1567959925345-200x300.jpg 200w, http:\/\/lichri.radeln-in-den-sonnenaufgang.de\/wp-content\/uploads\/2019\/09\/IMG_0407_compress6-e1567959925345-768x1152.jpg 768w, http:\/\/lichri.radeln-in-den-sonnenaufgang.de\/wp-content\/uploads\/2019\/09\/IMG_0407_compress6-e1567959925345.jpg 864w\" sizes=\"(max-width: 683px) 100vw, 683px\" \/><\/figure>\n\n\n\n<figure class=\"wp-block-image\"><img decoding=\"async\" loading=\"lazy\" width=\"683\" height=\"1024\" src=\"http:\/\/lichri.radeln-in-den-sonnenaufgang.de\/wp-content\/uploads\/2019\/09\/IMG_0411_compress97-e1567956497162-683x1024.jpg\" alt=\"\" class=\"wp-image-685\" srcset=\"http:\/\/lichri.radeln-in-den-sonnenaufgang.de\/wp-content\/uploads\/2019\/09\/IMG_0411_compress97-e1567956497162-683x1024.jpg 683w, http:\/\/lichri.radeln-in-den-sonnenaufgang.de\/wp-content\/uploads\/2019\/09\/IMG_0411_compress97-e1567956497162-200x300.jpg 200w, http:\/\/lichri.radeln-in-den-sonnenaufgang.de\/wp-content\/uploads\/2019\/09\/IMG_0411_compress97-e1567956497162-768x1152.jpg 768w, http:\/\/lichri.radeln-in-den-sonnenaufgang.de\/wp-content\/uploads\/2019\/09\/IMG_0411_compress97-e1567956497162.jpg 864w\" sizes=\"(max-width: 683px) 100vw, 683px\" \/><\/figure>\n\n\n\n<figure class=\"wp-block-image\"><img decoding=\"async\" loading=\"lazy\" width=\"1024\" height=\"683\" src=\"http:\/\/lichri.radeln-in-den-sonnenaufgang.de\/wp-content\/uploads\/2019\/09\/IMG_0419_compress33-1024x683.jpg\" alt=\"\" class=\"wp-image-684\" srcset=\"http:\/\/lichri.radeln-in-den-sonnenaufgang.de\/wp-content\/uploads\/2019\/09\/IMG_0419_compress33-1024x683.jpg 1024w, http:\/\/lichri.radeln-in-den-sonnenaufgang.de\/wp-content\/uploads\/2019\/09\/IMG_0419_compress33-300x200.jpg 300w, http:\/\/lichri.radeln-in-den-sonnenaufgang.de\/wp-content\/uploads\/2019\/09\/IMG_0419_compress33-768x512.jpg 768w, http:\/\/lichri.radeln-in-den-sonnenaufgang.de\/wp-content\/uploads\/2019\/09\/IMG_0419_compress33.jpg 1296w\" sizes=\"(max-width: 767px) 89vw, (max-width: 1000px) 54vw, (max-width: 1071px) 543px, 580px\" \/><\/figure>\n\n\n\n<p>Die kommenden Tage w\u00fcrden wir an der altehrw\u00fcrdigen Great Wall of China entlangradeln. Den entsprechenden Symbolen auf unserer OpenStreetMap-Karte folgend, kamen wir zu seltsamen, scheinbar aus Lehm gestampften Turmformationen, die wie sich herausstellte, linienf\u00f6rmig angeordnet die irdenen \u00dcberreste dieses Weltwunders waren. Nur einen kurzen Moment vom desolaten Zustand dieses verheisungsvoll \u201eGro\u00dfe Mauer\u201c genannten \u201eBau\u201c-Werks entt\u00e4uscht, wurde die Faszination und der Entdeckergeist  von Chris dann doch geweckt. Jeder neue Turm, jede erkennbare, halbverblasste Mauerlinie wurde gefeiert, jedes stehengebliebene St\u00fcck Mauer gleich doppelt. Als wir nach ein paar Tagen die Mauer die ersten Berge im Zickzack erklimmen sahen, war Chris im siebten Himmel. So folgten wir ihr weiter, etwa drei\u00dfig Kilometer nach Norden, quer \u00fcber die Berge (und unerwarteterweise auch durch einen 966 Meter langen Tunnel durch den Berg hindurch) und wieder hinab ins Tal, wo sich die Mauer \u2013 nun mehr dem \u00e4hnelnd was man so an Bildern kennt \u2013 elegant ins Tal schl\u00e4ngelte. <\/p>\n\n\n\n<figure class=\"wp-block-image\"><img decoding=\"async\" loading=\"lazy\" width=\"1024\" height=\"683\" src=\"http:\/\/lichri.radeln-in-den-sonnenaufgang.de\/wp-content\/uploads\/2019\/09\/IMG_0437_compress22-1024x683.jpg\" alt=\"\" class=\"wp-image-688\" srcset=\"http:\/\/lichri.radeln-in-den-sonnenaufgang.de\/wp-content\/uploads\/2019\/09\/IMG_0437_compress22-1024x683.jpg 1024w, http:\/\/lichri.radeln-in-den-sonnenaufgang.de\/wp-content\/uploads\/2019\/09\/IMG_0437_compress22-300x200.jpg 300w, http:\/\/lichri.radeln-in-den-sonnenaufgang.de\/wp-content\/uploads\/2019\/09\/IMG_0437_compress22-768x512.jpg 768w, http:\/\/lichri.radeln-in-den-sonnenaufgang.de\/wp-content\/uploads\/2019\/09\/IMG_0437_compress22.jpg 1296w\" sizes=\"(max-width: 767px) 89vw, (max-width: 1000px) 54vw, (max-width: 1071px) 543px, 580px\" \/><\/figure>\n\n\n\n<figure class=\"wp-block-image\"><img decoding=\"async\" loading=\"lazy\" width=\"1024\" height=\"683\" src=\"http:\/\/lichri.radeln-in-den-sonnenaufgang.de\/wp-content\/uploads\/2019\/09\/IMG_0432_compress22-1024x683.jpg\" alt=\"\" class=\"wp-image-689\" srcset=\"http:\/\/lichri.radeln-in-den-sonnenaufgang.de\/wp-content\/uploads\/2019\/09\/IMG_0432_compress22-1024x683.jpg 1024w, http:\/\/lichri.radeln-in-den-sonnenaufgang.de\/wp-content\/uploads\/2019\/09\/IMG_0432_compress22-300x200.jpg 300w, http:\/\/lichri.radeln-in-den-sonnenaufgang.de\/wp-content\/uploads\/2019\/09\/IMG_0432_compress22-768x512.jpg 768w, http:\/\/lichri.radeln-in-den-sonnenaufgang.de\/wp-content\/uploads\/2019\/09\/IMG_0432_compress22.jpg 1296w\" sizes=\"(max-width: 767px) 89vw, (max-width: 1000px) 54vw, (max-width: 1071px) 543px, 580px\" \/><\/figure>\n\n\n\n<figure class=\"wp-block-image\"><img decoding=\"async\" loading=\"lazy\" width=\"1024\" height=\"768\" src=\"http:\/\/lichri.radeln-in-den-sonnenaufgang.de\/wp-content\/uploads\/2019\/09\/DSC_0727_compress27-1024x768.jpg\" alt=\"\" class=\"wp-image-699\" srcset=\"http:\/\/lichri.radeln-in-den-sonnenaufgang.de\/wp-content\/uploads\/2019\/09\/DSC_0727_compress27-1024x768.jpg 1024w, http:\/\/lichri.radeln-in-den-sonnenaufgang.de\/wp-content\/uploads\/2019\/09\/DSC_0727_compress27-300x225.jpg 300w, http:\/\/lichri.radeln-in-den-sonnenaufgang.de\/wp-content\/uploads\/2019\/09\/DSC_0727_compress27-768x576.jpg 768w, http:\/\/lichri.radeln-in-den-sonnenaufgang.de\/wp-content\/uploads\/2019\/09\/DSC_0727_compress27.jpg 1312w\" sizes=\"(max-width: 767px) 89vw, (max-width: 1000px) 54vw, (max-width: 1071px) 543px, 580px\" \/><\/figure>\n\n\n\n<figure class=\"wp-block-image\"><img decoding=\"async\" loading=\"lazy\" width=\"1024\" height=\"683\" src=\"http:\/\/lichri.radeln-in-den-sonnenaufgang.de\/wp-content\/uploads\/2019\/09\/IMG_0468_compress40-1024x683.jpg\" alt=\"\" class=\"wp-image-690\" srcset=\"http:\/\/lichri.radeln-in-den-sonnenaufgang.de\/wp-content\/uploads\/2019\/09\/IMG_0468_compress40-1024x683.jpg 1024w, http:\/\/lichri.radeln-in-den-sonnenaufgang.de\/wp-content\/uploads\/2019\/09\/IMG_0468_compress40-300x200.jpg 300w, http:\/\/lichri.radeln-in-den-sonnenaufgang.de\/wp-content\/uploads\/2019\/09\/IMG_0468_compress40-768x512.jpg 768w, http:\/\/lichri.radeln-in-den-sonnenaufgang.de\/wp-content\/uploads\/2019\/09\/IMG_0468_compress40.jpg 1296w\" sizes=\"(max-width: 767px) 89vw, (max-width: 1000px) 54vw, (max-width: 1071px) 543px, 580px\" \/><\/figure>\n\n\n\n<figure class=\"wp-block-image\"><img decoding=\"async\" loading=\"lazy\" width=\"461\" height=\"307\" src=\"http:\/\/lichri.radeln-in-den-sonnenaufgang.de\/wp-content\/uploads\/2019\/09\/20190908_205204.jpg\" alt=\"\" class=\"wp-image-692\" srcset=\"http:\/\/lichri.radeln-in-den-sonnenaufgang.de\/wp-content\/uploads\/2019\/09\/20190908_205204.jpg 461w, http:\/\/lichri.radeln-in-den-sonnenaufgang.de\/wp-content\/uploads\/2019\/09\/20190908_205204-300x200.jpg 300w\" sizes=\"(max-width: 461px) 100vw, 461px\" \/><\/figure>\n\n\n\n<figure class=\"wp-block-image\"><img decoding=\"async\" loading=\"lazy\" width=\"1024\" height=\"576\" src=\"http:\/\/lichri.radeln-in-den-sonnenaufgang.de\/wp-content\/uploads\/2019\/09\/DSC_0773_compress49-1024x576.jpg\" alt=\"\" class=\"wp-image-698\" srcset=\"http:\/\/lichri.radeln-in-den-sonnenaufgang.de\/wp-content\/uploads\/2019\/09\/DSC_0773_compress49-1024x576.jpg 1024w, http:\/\/lichri.radeln-in-den-sonnenaufgang.de\/wp-content\/uploads\/2019\/09\/DSC_0773_compress49-300x169.jpg 300w, http:\/\/lichri.radeln-in-den-sonnenaufgang.de\/wp-content\/uploads\/2019\/09\/DSC_0773_compress49-768x432.jpg 768w, http:\/\/lichri.radeln-in-den-sonnenaufgang.de\/wp-content\/uploads\/2019\/09\/DSC_0773_compress49.jpg 1280w\" sizes=\"(max-width: 767px) 89vw, (max-width: 1000px) 54vw, (max-width: 1071px) 543px, 580px\" \/><\/figure>\n\n\n\n<figure class=\"wp-block-image\"><img decoding=\"async\" loading=\"lazy\" width=\"1024\" height=\"209\" src=\"http:\/\/lichri.radeln-in-den-sonnenaufgang.de\/wp-content\/uploads\/2019\/09\/20190908_205223-1024x209.jpg\" alt=\"\" class=\"wp-image-693\" srcset=\"http:\/\/lichri.radeln-in-den-sonnenaufgang.de\/wp-content\/uploads\/2019\/09\/20190908_205223-1024x209.jpg 1024w, http:\/\/lichri.radeln-in-den-sonnenaufgang.de\/wp-content\/uploads\/2019\/09\/20190908_205223-300x61.jpg 300w, http:\/\/lichri.radeln-in-den-sonnenaufgang.de\/wp-content\/uploads\/2019\/09\/20190908_205223-768x156.jpg 768w, http:\/\/lichri.radeln-in-den-sonnenaufgang.de\/wp-content\/uploads\/2019\/09\/20190908_205223.jpg 1296w\" sizes=\"(max-width: 767px) 89vw, (max-width: 1000px) 54vw, (max-width: 1071px) 543px, 580px\" \/><\/figure>\n\n\n\n<figure class=\"wp-block-image\"><img decoding=\"async\" loading=\"lazy\" width=\"1024\" height=\"294\" src=\"http:\/\/lichri.radeln-in-den-sonnenaufgang.de\/wp-content\/uploads\/2019\/09\/20190908_205315-1024x294.jpg\" alt=\"\" class=\"wp-image-695\" srcset=\"http:\/\/lichri.radeln-in-den-sonnenaufgang.de\/wp-content\/uploads\/2019\/09\/20190908_205315-1024x294.jpg 1024w, http:\/\/lichri.radeln-in-den-sonnenaufgang.de\/wp-content\/uploads\/2019\/09\/20190908_205315-300x86.jpg 300w, http:\/\/lichri.radeln-in-den-sonnenaufgang.de\/wp-content\/uploads\/2019\/09\/20190908_205315-768x221.jpg 768w, http:\/\/lichri.radeln-in-den-sonnenaufgang.de\/wp-content\/uploads\/2019\/09\/20190908_205315.jpg 1280w\" sizes=\"(max-width: 767px) 89vw, (max-width: 1000px) 54vw, (max-width: 1071px) 543px, 580px\" \/><\/figure>\n\n\n\n<figure class=\"wp-block-image\"><img decoding=\"async\" loading=\"lazy\" width=\"1024\" height=\"576\" src=\"http:\/\/lichri.radeln-in-den-sonnenaufgang.de\/wp-content\/uploads\/2019\/09\/20190908_205256-1024x576.jpg\" alt=\"\" class=\"wp-image-697\" srcset=\"http:\/\/lichri.radeln-in-den-sonnenaufgang.de\/wp-content\/uploads\/2019\/09\/20190908_205256-1024x576.jpg 1024w, http:\/\/lichri.radeln-in-den-sonnenaufgang.de\/wp-content\/uploads\/2019\/09\/20190908_205256-300x169.jpg 300w, http:\/\/lichri.radeln-in-den-sonnenaufgang.de\/wp-content\/uploads\/2019\/09\/20190908_205256-768x432.jpg 768w, http:\/\/lichri.radeln-in-den-sonnenaufgang.de\/wp-content\/uploads\/2019\/09\/20190908_205256.jpg 1154w\" sizes=\"(max-width: 767px) 89vw, (max-width: 1000px) 54vw, (max-width: 1071px) 543px, 580px\" \/><\/figure>\n\n\n\n<p> In dem kleinen Dorf unten in dem breiten Tal das wir erreichten kehrten wir in ein kleines Restaurant ein. Wir fragten nach vegetarischem Essen und Chris wurde in die K\u00fcche gef\u00fchrt, wo der Koch auf Tomaten, Eier und gr\u00fcne Bohnen deutete \u2013 oder etwas das zumindest eine \u00e4hnliche Form hatte, jedoch nichts war, was wir beide je vorher gegessen hatten. Auf jeden Fall war das Essen superlecker und das Tomatenr\u00fchrei sollte es deshalb noch \u00f6fter geben \u2013 wenngleich nie so lecker wie dort. Der Koch unterhielt sich noch eine Weile interessiert per Translator mit uns, bevor er nach Hause ging und das Restaurant damit ohne Koch lie\u00df. Beim Einkaufen kurz darauf sprach uns auch der Ladenbesitzer an und wir plauderten eine Weile mit ihm. Inzwischen waren alle Ausf\u00fchrungen bereits im Translator gespeichert, weshalb Chris schnell von unserem Vorhaben \u201eberichten\u201c konnte. Kurzerhand entschloss sich der Ladeninhaber, uns mit in die Dorfmitte zu nehmen, um uns das \u201e\u00e4lteste Haus\u201c in dieser \u201ealten Stadt\u201c zu zeigen. Wie folgten ihm, wie er auf seinem E-Roller dahinflitzte und kamen tats\u00e4chlich zu einer Art Stadt-Turm \u00fcber einer zentral wirkenden alten Kreuzung der wiederum uralt wirkenden G\u00e4sschen. Mit einem Schl\u00fcssel, den er mal eben irgendwo hervorzauberte, sperrte er den Turm auf und f\u00fchrte uns hinauf. <\/p>\n\n\n\n<figure class=\"wp-block-image\"><img decoding=\"async\" loading=\"lazy\" width=\"768\" height=\"1024\" src=\"http:\/\/lichri.radeln-in-den-sonnenaufgang.de\/wp-content\/uploads\/2019\/09\/DSC_0814_compress21-e1568036424506-768x1024.jpg\" alt=\"\" class=\"wp-image-767\" srcset=\"http:\/\/lichri.radeln-in-den-sonnenaufgang.de\/wp-content\/uploads\/2019\/09\/DSC_0814_compress21-e1568036424506-768x1024.jpg 768w, http:\/\/lichri.radeln-in-den-sonnenaufgang.de\/wp-content\/uploads\/2019\/09\/DSC_0814_compress21-e1568036424506-225x300.jpg 225w, http:\/\/lichri.radeln-in-den-sonnenaufgang.de\/wp-content\/uploads\/2019\/09\/DSC_0814_compress21-e1568036424506.jpg 984w\" sizes=\"(max-width: 767px) 89vw, (max-width: 1000px) 54vw, (max-width: 1071px) 543px, 580px\" \/><\/figure>\n\n\n\n<p> Nach diesem kurzen Sightseeing in dieser \u201ealten Stadt am \u00e4u\u00dfersten Rand Shanxis\u201c verlie\u00dfen wir die Provinz Shanxi auch unmittelbar, wie uns die Willkommens-SMS zur Provinz Hebei verriet. Wir folgten der Mauer immer noch, doch sie war inzwischen etwas in die Ferne ger\u00fcckt, einige Kilometer n\u00f6rdlich im ost-west-ausgerichteten Tal. Wir verbrachten die N\u00e4chte abseits der Siedlungen und St\u00e4dte auf Wiesen an kleinen Canyons, hinter Deichen an trockenen Flussbetten und zwischen Hecken und Feldern. Mal weckte uns Verkehr, mal eine Gruppe lautstark trainierender Frauen und wieder ein anderes Mal waren es Explosionen und das auf sie folgende Donnergrollen, das Chris im Halbschlaf von Bombenangriffen, Atomungl\u00fccken und \u00e4hnliches denken lie\u00df. Wahrscheinlich waren es Sprengarbeiten f\u00fcr eine weitere Hochgeschwindigkeitszuglinie oder Autobahn. Die Chinesen h\u00f6ren einfach nicht auf, ihr Land mit Infrastruktur vollzupflastern. Das sieht man nicht nur am ohnehin dichten Stra\u00dfennetz, sondern auch daran, dass alte Stra\u00dfen nicht erneuert werden, sondern einfach neue Stra\u00dfen daneben oder dar\u00fcber hinweg gebaut werden, was seltsam m\u00e4andrierende Stra\u00dfenb\u00fcndel entstehen l\u00e4sst. Ein wenig wie in der Mongolei, nur dass hier mit Asphalt nicht gespart wird. Wie meinte der Russe, den wir auf dem Weg in Zhangjiakou trafen etwas ironisch? \u201eRepairing is exhausting, boring and expensive. Building new roads and houses is more fun.\u201c<br> Bei Zhangjiakou war es auch, das Chris sich seinen ersten Platten einhandelte \u2013 nach 5000 Kilometern. Obgleich er sich h\u00e4tte freuen k\u00f6nnen, dass sein teurer Schwalbe-Plus Reifen so lange gehalten hat, \u00e4rgerte es ihn, dass er nach Dornen und Steinen der Gobi nun auf dem teuren chinesischen Asphalt einen Platten bekam. Und noch mehr \u00e4rgerte ihn, dass seine Luftpumpe von Aldi jetzt doch den Geist aufgab. Nach einer dreiviertel Stunde fluchenden Abm\u00fchens mit der Pumpe und weiteren zehn Minuten resignierenden Herumsitzens am Stra\u00dfenrand hielt ein Wagen. Ein junger Mann erkundigte sich auf Chinesisch nach unserem Problem, bot Hilfe an. Leider streikte der Translator aufgrund der wirklich nervigen chinesischen Internetzensur wieder. Dennoch schafften wir es ihm zu vermitteln, dass unsere Pumpe hin\u00fcber sei und flux setzte er sich in den Wagen und d\u00fcste nach Hause, um uns seine zu holen. Als er wieder zur\u00fcck war, funktionierte der Translator auch wieder, bzw. der VPN Dienst, den man hier wegen der Great Fire-Wall braucht. In der Unterhaltung mit unserem Retter meinten wir, er w\u00fcrde uns zu sich nach Hause einladen. Als wir ihn dann tats\u00e4chlich in dem Dorf fanden, das er uns auf unserer Karte zeigte, war er sehr erstaunt. Er hatte nicht damit gerechnet, dass wir zu ihm kommen w\u00fcrden. Etwas peinlich ber\u00fchrt \u00fcber das Missverst\u00e4ndnis machten wir uns schlie\u00dflich aus dem Staub. Beziehungsweise aus dem Dorf hinaus und IN den Staub und schlugen unser Zelt am Feldrand auf. <\/p>\n\n\n\n<figure class=\"wp-block-image\"><img decoding=\"async\" loading=\"lazy\" width=\"1024\" height=\"354\" src=\"http:\/\/lichri.radeln-in-den-sonnenaufgang.de\/wp-content\/uploads\/2019\/09\/20190908_205338-1-1024x354.jpg\" alt=\"\" class=\"wp-image-696\" srcset=\"http:\/\/lichri.radeln-in-den-sonnenaufgang.de\/wp-content\/uploads\/2019\/09\/20190908_205338-1-1024x354.jpg 1024w, http:\/\/lichri.radeln-in-den-sonnenaufgang.de\/wp-content\/uploads\/2019\/09\/20190908_205338-1-300x104.jpg 300w, http:\/\/lichri.radeln-in-den-sonnenaufgang.de\/wp-content\/uploads\/2019\/09\/20190908_205338-1-768x265.jpg 768w, http:\/\/lichri.radeln-in-den-sonnenaufgang.de\/wp-content\/uploads\/2019\/09\/20190908_205338-1.jpg 1280w\" sizes=\"(max-width: 767px) 89vw, (max-width: 1000px) 54vw, (max-width: 1071px) 543px, 580px\" \/><\/figure>\n\n\n\n<figure class=\"wp-block-image\"><img decoding=\"async\" loading=\"lazy\" width=\"1024\" height=\"683\" src=\"http:\/\/lichri.radeln-in-den-sonnenaufgang.de\/wp-content\/uploads\/2019\/09\/IMG_0573_compress3-1024x683.jpg\" alt=\"\" class=\"wp-image-700\" srcset=\"http:\/\/lichri.radeln-in-den-sonnenaufgang.de\/wp-content\/uploads\/2019\/09\/IMG_0573_compress3-1024x683.jpg 1024w, http:\/\/lichri.radeln-in-den-sonnenaufgang.de\/wp-content\/uploads\/2019\/09\/IMG_0573_compress3-300x200.jpg 300w, http:\/\/lichri.radeln-in-den-sonnenaufgang.de\/wp-content\/uploads\/2019\/09\/IMG_0573_compress3-768x512.jpg 768w, http:\/\/lichri.radeln-in-den-sonnenaufgang.de\/wp-content\/uploads\/2019\/09\/IMG_0573_compress3.jpg 1296w\" sizes=\"(max-width: 767px) 89vw, (max-width: 1000px) 54vw, (max-width: 1071px) 543px, 580px\" \/><\/figure>\n\n\n\n<p> Wir \u00fcberquerten einige trocken-d\u00fcrre H\u00fcgel und Berge, zogen an endlosen Staus von Kohle-Lkws vorbei, sausten klammheimlich durch Tunnel-Baustellen, fuhren \u00fcber die gewaschenen Stra\u00dfen herausgeputzter Retortenst\u00e4dte mit Appartment-Hochh\u00e4usern und Fake-Fachwerk-Spas sowie im Smog des dichter werdenden Verkehrs; wir umrundeten einen See, k\u00e4mpften uns durch un\u00fcberschaubare Stra\u00dfendschungel mit und ohne Radstreifen und suchten Umwege, um bewachte Wohnviertel, Kasernen und f\u00fcr Radler gesperrte Tunnel. Und schlie\u00dflich kamen wir zur\u00fcck zu ihr: Badaling, die Great Yanqing Great Wall, die gro\u00dfe, alte Chinesische Mauer. <\/p>\n\n\n\n<figure class=\"wp-block-image\"><img decoding=\"async\" loading=\"lazy\" width=\"1024\" height=\"683\" src=\"http:\/\/lichri.radeln-in-den-sonnenaufgang.de\/wp-content\/uploads\/2019\/09\/IMG_0576_compress54-1024x683.jpg\" alt=\"\" class=\"wp-image-701\" srcset=\"http:\/\/lichri.radeln-in-den-sonnenaufgang.de\/wp-content\/uploads\/2019\/09\/IMG_0576_compress54-1024x683.jpg 1024w, http:\/\/lichri.radeln-in-den-sonnenaufgang.de\/wp-content\/uploads\/2019\/09\/IMG_0576_compress54-300x200.jpg 300w, http:\/\/lichri.radeln-in-den-sonnenaufgang.de\/wp-content\/uploads\/2019\/09\/IMG_0576_compress54-768x512.jpg 768w, http:\/\/lichri.radeln-in-den-sonnenaufgang.de\/wp-content\/uploads\/2019\/09\/IMG_0576_compress54.jpg 1296w\" sizes=\"(max-width: 767px) 89vw, (max-width: 1000px) 54vw, (max-width: 1071px) 543px, 580px\" \/><\/figure>\n\n\n\n<p>Nachdem wir am Fu\u00df des Berges vor der majest\u00e4tisch auf den Graten thronenden, golden im abendlich leuchtenden, Mauer ankamen, besetzten wir eine der leerstehenden und heruntergekommenen Wohnanlagen, die die Wegr\u00e4nder s\u00e4umen und bauten unser Nachtlager darin auf.<br> Nat\u00fcrlich ist auch dieses Mauerst\u00fcck in den letzten Jahrzehnten teilweise restauriert und touristisch eingebettet worden. Doch selbst nachdem die ersten f\u00fcnf Touristenbusse ihre Passagiere vor den Treppenaufg\u00e4ngen zum Mauerweg erbrachen, hatten wir diesen fast f\u00fcr uns alleine, denn die wenigsten wagten sich \u00fcber den dritten oder vierten Turm hinaus, ob der k\u00f6rperlichen Anstrengung auf den steilen Treppen wegen oder des Regelgehorsams angesichts der f\u00fcr uns unverst\u00e4ndlich \u00fcbersetzten Schilder. <\/p>\n\n\n\n<ul class=\"is-layout-flex wp-block-gallery-9 wp-block-gallery columns-3 is-cropped\"><li class=\"blocks-gallery-item\"><figure><img decoding=\"async\" loading=\"lazy\" width=\"1024\" height=\"683\" src=\"http:\/\/lichri.radeln-in-den-sonnenaufgang.de\/wp-content\/uploads\/2019\/09\/IMG_0886_compress19-1024x683.jpg\" alt=\"\" data-id=\"702\" data-link=\"http:\/\/lichri.radeln-in-den-sonnenaufgang.de\/?attachment_id=702\" class=\"wp-image-702\" srcset=\"http:\/\/lichri.radeln-in-den-sonnenaufgang.de\/wp-content\/uploads\/2019\/09\/IMG_0886_compress19-1024x683.jpg 1024w, http:\/\/lichri.radeln-in-den-sonnenaufgang.de\/wp-content\/uploads\/2019\/09\/IMG_0886_compress19-300x200.jpg 300w, http:\/\/lichri.radeln-in-den-sonnenaufgang.de\/wp-content\/uploads\/2019\/09\/IMG_0886_compress19-768x512.jpg 768w, http:\/\/lichri.radeln-in-den-sonnenaufgang.de\/wp-content\/uploads\/2019\/09\/IMG_0886_compress19.jpg 1296w\" sizes=\"(max-width: 767px) 89vw, (max-width: 1000px) 54vw, (max-width: 1071px) 543px, 580px\" \/><\/figure><\/li><li class=\"blocks-gallery-item\"><figure><img decoding=\"async\" loading=\"lazy\" width=\"1024\" height=\"683\" src=\"http:\/\/lichri.radeln-in-den-sonnenaufgang.de\/wp-content\/uploads\/2019\/09\/IMG_0599_compress36-1024x683.jpg\" alt=\"\" data-id=\"703\" data-link=\"http:\/\/lichri.radeln-in-den-sonnenaufgang.de\/?attachment_id=703\" class=\"wp-image-703\" srcset=\"http:\/\/lichri.radeln-in-den-sonnenaufgang.de\/wp-content\/uploads\/2019\/09\/IMG_0599_compress36-1024x683.jpg 1024w, http:\/\/lichri.radeln-in-den-sonnenaufgang.de\/wp-content\/uploads\/2019\/09\/IMG_0599_compress36-300x200.jpg 300w, http:\/\/lichri.radeln-in-den-sonnenaufgang.de\/wp-content\/uploads\/2019\/09\/IMG_0599_compress36-768x512.jpg 768w, http:\/\/lichri.radeln-in-den-sonnenaufgang.de\/wp-content\/uploads\/2019\/09\/IMG_0599_compress36.jpg 1296w\" sizes=\"(max-width: 767px) 89vw, (max-width: 1000px) 54vw, (max-width: 1071px) 543px, 580px\" \/><\/figure><\/li><li class=\"blocks-gallery-item\"><figure><img decoding=\"async\" loading=\"lazy\" width=\"1024\" height=\"683\" src=\"http:\/\/lichri.radeln-in-den-sonnenaufgang.de\/wp-content\/uploads\/2019\/09\/IMG_0832_compress20-1024x683.jpg\" alt=\"\" data-id=\"704\" data-link=\"http:\/\/lichri.radeln-in-den-sonnenaufgang.de\/?attachment_id=704\" class=\"wp-image-704\" srcset=\"http:\/\/lichri.radeln-in-den-sonnenaufgang.de\/wp-content\/uploads\/2019\/09\/IMG_0832_compress20-1024x683.jpg 1024w, http:\/\/lichri.radeln-in-den-sonnenaufgang.de\/wp-content\/uploads\/2019\/09\/IMG_0832_compress20-300x200.jpg 300w, http:\/\/lichri.radeln-in-den-sonnenaufgang.de\/wp-content\/uploads\/2019\/09\/IMG_0832_compress20-768x512.jpg 768w, http:\/\/lichri.radeln-in-den-sonnenaufgang.de\/wp-content\/uploads\/2019\/09\/IMG_0832_compress20.jpg 1296w\" sizes=\"(max-width: 767px) 89vw, (max-width: 1000px) 54vw, (max-width: 1071px) 543px, 580px\" \/><\/figure><\/li><\/ul>\n\n\n\n<p><br><\/p>\n\n\n\n<figure class=\"wp-block-image\"><img decoding=\"async\" loading=\"lazy\" width=\"1024\" height=\"683\" src=\"http:\/\/lichri.radeln-in-den-sonnenaufgang.de\/wp-content\/uploads\/2019\/09\/IMG_0857_compress50-1024x683.jpg\" alt=\"\" class=\"wp-image-712\" srcset=\"http:\/\/lichri.radeln-in-den-sonnenaufgang.de\/wp-content\/uploads\/2019\/09\/IMG_0857_compress50-1024x683.jpg 1024w, http:\/\/lichri.radeln-in-den-sonnenaufgang.de\/wp-content\/uploads\/2019\/09\/IMG_0857_compress50-300x200.jpg 300w, http:\/\/lichri.radeln-in-den-sonnenaufgang.de\/wp-content\/uploads\/2019\/09\/IMG_0857_compress50-768x512.jpg 768w, http:\/\/lichri.radeln-in-den-sonnenaufgang.de\/wp-content\/uploads\/2019\/09\/IMG_0857_compress50.jpg 1296w\" sizes=\"(max-width: 767px) 89vw, (max-width: 1000px) 54vw, (max-width: 1071px) 543px, 580px\" \/><\/figure>\n\n\n\n<figure class=\"wp-block-image\"><img decoding=\"async\" loading=\"lazy\" width=\"683\" height=\"1024\" src=\"http:\/\/lichri.radeln-in-den-sonnenaufgang.de\/wp-content\/uploads\/2019\/09\/IMG_0751_compress9-e1568037658288-683x1024.jpg\" alt=\"\" class=\"wp-image-711\" srcset=\"http:\/\/lichri.radeln-in-den-sonnenaufgang.de\/wp-content\/uploads\/2019\/09\/IMG_0751_compress9-e1568037658288-683x1024.jpg 683w, http:\/\/lichri.radeln-in-den-sonnenaufgang.de\/wp-content\/uploads\/2019\/09\/IMG_0751_compress9-e1568037658288-200x300.jpg 200w, http:\/\/lichri.radeln-in-den-sonnenaufgang.de\/wp-content\/uploads\/2019\/09\/IMG_0751_compress9-e1568037658288-768x1152.jpg 768w, http:\/\/lichri.radeln-in-den-sonnenaufgang.de\/wp-content\/uploads\/2019\/09\/IMG_0751_compress9-e1568037658288.jpg 864w\" sizes=\"(max-width: 683px) 100vw, 683px\" \/><\/figure>\n\n\n\n<figure class=\"wp-block-image\"><img decoding=\"async\" loading=\"lazy\" width=\"683\" height=\"1024\" src=\"http:\/\/lichri.radeln-in-den-sonnenaufgang.de\/wp-content\/uploads\/2019\/09\/IMG_0797_compress3-e1568037387764-683x1024.jpg\" alt=\"\" class=\"wp-image-710\" srcset=\"http:\/\/lichri.radeln-in-den-sonnenaufgang.de\/wp-content\/uploads\/2019\/09\/IMG_0797_compress3-e1568037387764-683x1024.jpg 683w, http:\/\/lichri.radeln-in-den-sonnenaufgang.de\/wp-content\/uploads\/2019\/09\/IMG_0797_compress3-e1568037387764-200x300.jpg 200w, http:\/\/lichri.radeln-in-den-sonnenaufgang.de\/wp-content\/uploads\/2019\/09\/IMG_0797_compress3-e1568037387764-768x1152.jpg 768w, http:\/\/lichri.radeln-in-den-sonnenaufgang.de\/wp-content\/uploads\/2019\/09\/IMG_0797_compress3-e1568037387764.jpg 864w\" sizes=\"(max-width: 683px) 100vw, 683px\" \/><\/figure>\n\n\n\n<p>Schwei\u00dfgebadet brauchten wir danach erstmal ein paar kalte Getr\u00e4nke und eine deftige Mahlzeit, kamen aber auch so gest\u00e4rkt nur noch 16 Kilometer weit an diesem Tag, bevor wir in den Bergen vor Peking unsere letzte Zeltnacht vor der Stadt einlegten. <br> Die Abfahrt nach Peking durch die Berge war atemberaubend sch\u00f6n und wir kamen noch mehrfach durch diverse Mauerabschnitte hindurch und an ihnen vorbei. Links und rechts von uns erhoben sich die felsig zerkl\u00fcfteten Bergflanken, zwischen welche sich niedrige W\u00e4lder schmiegten und neben dem einen oder anderem gr\u00fcnen Baum am nackten, warm-orange leuchtenden Fels auch mal ein kleiner roterblauer Pagodenschrein herausstach<\/p>\n\n\n\n<p>Peking<\/p>\n\n\n\n<p> Leider kamen wir zu schnell aus den Bergen heraus und so k\u00e4mpften wir uns noch 60 Kilometer weit durch das Pekinger Stadtgebiet, bis wir schlie\u00dflich unsere Unterkunft erreichen w\u00fcrden, die wir nachts zuvor mangels Couchsurfing- und Warmshowers-Hosts buchten. Unterwegs kamen wir an jeder Menge Merida und Giant Bike Stores vorbei. Da Chris Kette am Vortag unvermittelt gerissen war und wir sie gerne ersetzten wollten, machten wir an einem der L\u00e4den halt \u2013 wo Chris sich bei der Gelegenheit auch gleich noch ZWEI neue St\u00e4nder anmontieren lie\u00df (Nummer 7 und 8).<br> Hier vor dem Gesch\u00e4ft war es auch, das wir \u201eWill\u201c kennenlernten, den wir aber lieber Zhipeng nannten \ud83d\ude09 Er ist ein furchtbar s\u00fc\u00dfer chinesischer Masterstudent, der uns durch \u00dcbersetzen am Laden half und uns dann auch noch zum Mittagessen einlud, weil er es genoss, endlich mal wieder etwas Englisch zu reden \u2013 und er selbst ein leidenschaftlicher Radler ist.<br> Wie so viele davor fragte uns auch Zhipeng nach WeChat, dem chinesischen Pendant zu Whatsapp bzw. Facebook und wir mussten leider verneinen. Wir einigten uns deshalb darauf auf altmodische Weise zu kommunizieren und Short Messages zu schreiben, denn Zhipeng bot uns an am Freitag etwas Zeit mit uns zu verbringen und uns die Stadt zu zeigen. <br> Peking war an diesen Tagen unglaublich hei\u00df. Es gibt Bem\u00fchungen die Stadt zu begr\u00fcnen und so dem Problem Herr zu werden. Bei so viel Asphalt scheint jedoch noch mehr n\u00f6tig zu sein, denn die Hitze und der Smog stauen sich unangenehm \u00fcber der unvorstellbar gro\u00dfen Stadt mit ihren ca. 21 Millionen Einwohnern. Umso mehr genossen wir an dem Abend die Dusche und die Klimaanlage in unserem winzigen Hotelzimmer. Von wo aus wir anfingen diesen Blogeintrag zu schreiben. <\/p>\n\n\n\n<p> Um euch auf den neuesten Stand zu bringen: Wir sitzen mittlerweile nicht mehr im Vorlesungssaal der Universit\u00e4t, sondern im Zug \u2013 auf dem Weg zu neuen Abenteuern. Peking haben wir mittlerweile hinter uns gelassen. Und auch wenn wir viel Positives gelesen haben, so war es auch diesmal ein Abenteuer f\u00fcr sich die R\u00e4der mit uns zu nehmen. Aber dazu sp\u00e4ter mehr. <br> Von dem W\u00e4sche-waschen-Desaster und unserer Rettung durch den Koch des Hotels haben wir ja schon erz\u00e4hlt. Der Hotelkoch Rheizhin wurde w\u00e4hrend unseres Aufenthalts in Peking eine feste Gr\u00f6\u00dfe f\u00fcr uns. Er erkundigte sich immer, wenn er uns sah nach unserem Wohlbefinden, ob unsere W\u00e4sche getrocknet ist, ob wir schon etwas gegessen haben und wurde nicht m\u00fcde zu betonen, dass wir viel zu mager w\u00e4ren und er es toll findet, dass wir mit dem Fahrrad fahren. Einfach ein herrlich lieber Mensch. <\/p>\n\n\n\n<figure class=\"wp-block-image\"><img decoding=\"async\" loading=\"lazy\" width=\"1024\" height=\"683\" src=\"http:\/\/lichri.radeln-in-den-sonnenaufgang.de\/wp-content\/uploads\/2019\/09\/IMG_1431_compress21-1024x683.jpg\" alt=\"\" class=\"wp-image-716\" srcset=\"http:\/\/lichri.radeln-in-den-sonnenaufgang.de\/wp-content\/uploads\/2019\/09\/IMG_1431_compress21-1024x683.jpg 1024w, http:\/\/lichri.radeln-in-den-sonnenaufgang.de\/wp-content\/uploads\/2019\/09\/IMG_1431_compress21-300x200.jpg 300w, http:\/\/lichri.radeln-in-den-sonnenaufgang.de\/wp-content\/uploads\/2019\/09\/IMG_1431_compress21-768x512.jpg 768w, http:\/\/lichri.radeln-in-den-sonnenaufgang.de\/wp-content\/uploads\/2019\/09\/IMG_1431_compress21.jpg 1296w\" sizes=\"(max-width: 767px) 89vw, (max-width: 1000px) 54vw, (max-width: 1071px) 543px, 580px\" \/><\/figure>\n\n\n\n<p>Nat\u00fcrlich machten wir auch etwas Sightseeing in Peking. Wir schauten uns den Konfuziustempel an, gingen im dortigen hippen Stadtviertel umher, wo es vor Touristen und jungen Einheimischen nur so wimmelte und genossen die lauen Sommern\u00e4chte. Generell schien es so, als ob die Stadt erst sp\u00e4t Abends erwacht. Viele Einkaufsl\u00e4den hatten bis 21 oder 22 Uhr ge\u00f6ffnet. Das ergibt Sinn, denn die dann sind die Temperaturen gerade so aushaltbar. Wir machten uns auf die Suche nach einem Sommerkleid f\u00fcr Lisa und durchst\u00f6berten einige kleinere L\u00e4den. Die Mode hier in Peking hat etwas f\u00fcr sich. Lisa gefiel der extravagante, schr\u00e4ge, teilweise veraltete, aber dennoch hippe Stil sehr gut. An Asiatinnen sieht das auch gut aus. Das St\u00f6bern machte Spa\u00df, gekauft haben wir jedoch nichts. <\/p>\n\n\n\n<figure class=\"wp-block-image\"><img decoding=\"async\" loading=\"lazy\" width=\"683\" height=\"1024\" src=\"http:\/\/lichri.radeln-in-den-sonnenaufgang.de\/wp-content\/uploads\/2019\/09\/IMG_0934_compress97-e1568038221138-683x1024.jpg\" alt=\"\" class=\"wp-image-719\" srcset=\"http:\/\/lichri.radeln-in-den-sonnenaufgang.de\/wp-content\/uploads\/2019\/09\/IMG_0934_compress97-e1568038221138-683x1024.jpg 683w, http:\/\/lichri.radeln-in-den-sonnenaufgang.de\/wp-content\/uploads\/2019\/09\/IMG_0934_compress97-e1568038221138-200x300.jpg 200w, http:\/\/lichri.radeln-in-den-sonnenaufgang.de\/wp-content\/uploads\/2019\/09\/IMG_0934_compress97-e1568038221138-768x1152.jpg 768w, http:\/\/lichri.radeln-in-den-sonnenaufgang.de\/wp-content\/uploads\/2019\/09\/IMG_0934_compress97-e1568038221138.jpg 864w\" sizes=\"(max-width: 683px) 100vw, 683px\" \/><\/figure>\n\n\n\n<ul class=\"is-layout-flex wp-block-gallery-11 wp-block-gallery columns-3 is-cropped\"><li class=\"blocks-gallery-item\"><figure><img decoding=\"async\" loading=\"lazy\" width=\"683\" height=\"1024\" src=\"http:\/\/lichri.radeln-in-den-sonnenaufgang.de\/wp-content\/uploads\/2019\/09\/IMG_0899_compress46-e1568038080764-683x1024.jpg\" alt=\"\" data-id=\"714\" data-link=\"http:\/\/lichri.radeln-in-den-sonnenaufgang.de\/?attachment_id=714\" class=\"wp-image-714\" srcset=\"http:\/\/lichri.radeln-in-den-sonnenaufgang.de\/wp-content\/uploads\/2019\/09\/IMG_0899_compress46-e1568038080764-683x1024.jpg 683w, http:\/\/lichri.radeln-in-den-sonnenaufgang.de\/wp-content\/uploads\/2019\/09\/IMG_0899_compress46-e1568038080764-200x300.jpg 200w, http:\/\/lichri.radeln-in-den-sonnenaufgang.de\/wp-content\/uploads\/2019\/09\/IMG_0899_compress46-e1568038080764-768x1152.jpg 768w, http:\/\/lichri.radeln-in-den-sonnenaufgang.de\/wp-content\/uploads\/2019\/09\/IMG_0899_compress46-e1568038080764.jpg 864w\" sizes=\"(max-width: 683px) 100vw, 683px\" \/><\/figure><\/li><li class=\"blocks-gallery-item\"><figure><img decoding=\"async\" src=\"http:\/\/lichri.radeln-in-den-sonnenaufgang.de\/wp-content\/uploads\/2019\/09\/IMG_0915_compress34-1024x683.jpg\" alt=\"\" data-id=\"718\" data-link=\"http:\/\/lichri.radeln-in-den-sonnenaufgang.de\/?attachment_id=718\" class=\"wp-image-718\"\/><\/figure><\/li><li class=\"blocks-gallery-item\"><figure><img decoding=\"async\" loading=\"lazy\" width=\"1024\" height=\"683\" src=\"http:\/\/lichri.radeln-in-den-sonnenaufgang.de\/wp-content\/uploads\/2019\/09\/IMG_0943_compress47-1-1024x683.jpg\" alt=\"\" data-id=\"722\" data-link=\"http:\/\/lichri.radeln-in-den-sonnenaufgang.de\/?attachment_id=722\" class=\"wp-image-722\" srcset=\"http:\/\/lichri.radeln-in-den-sonnenaufgang.de\/wp-content\/uploads\/2019\/09\/IMG_0943_compress47-1-1024x683.jpg 1024w, http:\/\/lichri.radeln-in-den-sonnenaufgang.de\/wp-content\/uploads\/2019\/09\/IMG_0943_compress47-1-300x200.jpg 300w, http:\/\/lichri.radeln-in-den-sonnenaufgang.de\/wp-content\/uploads\/2019\/09\/IMG_0943_compress47-1-768x512.jpg 768w, http:\/\/lichri.radeln-in-den-sonnenaufgang.de\/wp-content\/uploads\/2019\/09\/IMG_0943_compress47-1.jpg 1296w\" sizes=\"(max-width: 767px) 89vw, (max-width: 1000px) 54vw, (max-width: 1071px) 543px, 580px\" \/><\/figure><\/li><li class=\"blocks-gallery-item\"><figure><img decoding=\"async\" loading=\"lazy\" width=\"683\" height=\"1024\" src=\"http:\/\/lichri.radeln-in-den-sonnenaufgang.de\/wp-content\/uploads\/2019\/09\/IMG_0985_compress49-e1568038901354-683x1024.jpg\" alt=\"\" data-id=\"728\" data-link=\"http:\/\/lichri.radeln-in-den-sonnenaufgang.de\/?attachment_id=728\" class=\"wp-image-728\" srcset=\"http:\/\/lichri.radeln-in-den-sonnenaufgang.de\/wp-content\/uploads\/2019\/09\/IMG_0985_compress49-e1568038901354-683x1024.jpg 683w, http:\/\/lichri.radeln-in-den-sonnenaufgang.de\/wp-content\/uploads\/2019\/09\/IMG_0985_compress49-e1568038901354-200x300.jpg 200w, http:\/\/lichri.radeln-in-den-sonnenaufgang.de\/wp-content\/uploads\/2019\/09\/IMG_0985_compress49-e1568038901354-768x1152.jpg 768w, http:\/\/lichri.radeln-in-den-sonnenaufgang.de\/wp-content\/uploads\/2019\/09\/IMG_0985_compress49-e1568038901354.jpg 864w\" sizes=\"(max-width: 683px) 100vw, 683px\" \/><\/figure><\/li><li class=\"blocks-gallery-item\"><figure><img decoding=\"async\" loading=\"lazy\" width=\"683\" height=\"1024\" src=\"http:\/\/lichri.radeln-in-den-sonnenaufgang.de\/wp-content\/uploads\/2019\/09\/IMG_0973_compress62-e1568038938781-683x1024.jpg\" alt=\"\" data-id=\"727\" data-link=\"http:\/\/lichri.radeln-in-den-sonnenaufgang.de\/?attachment_id=727\" class=\"wp-image-727\" srcset=\"http:\/\/lichri.radeln-in-den-sonnenaufgang.de\/wp-content\/uploads\/2019\/09\/IMG_0973_compress62-e1568038938781-683x1024.jpg 683w, http:\/\/lichri.radeln-in-den-sonnenaufgang.de\/wp-content\/uploads\/2019\/09\/IMG_0973_compress62-e1568038938781-200x300.jpg 200w, http:\/\/lichri.radeln-in-den-sonnenaufgang.de\/wp-content\/uploads\/2019\/09\/IMG_0973_compress62-e1568038938781-768x1152.jpg 768w, http:\/\/lichri.radeln-in-den-sonnenaufgang.de\/wp-content\/uploads\/2019\/09\/IMG_0973_compress62-e1568038938781.jpg 864w\" sizes=\"(max-width: 683px) 100vw, 683px\" \/><\/figure><\/li><li class=\"blocks-gallery-item\"><figure><img decoding=\"async\" loading=\"lazy\" width=\"683\" height=\"1024\" src=\"http:\/\/lichri.radeln-in-den-sonnenaufgang.de\/wp-content\/uploads\/2019\/09\/IMG_0978_compress9-e1568039211546-683x1024.jpg\" alt=\"\" data-id=\"725\" data-link=\"http:\/\/lichri.radeln-in-den-sonnenaufgang.de\/?attachment_id=725\" class=\"wp-image-725\" srcset=\"http:\/\/lichri.radeln-in-den-sonnenaufgang.de\/wp-content\/uploads\/2019\/09\/IMG_0978_compress9-e1568039211546-683x1024.jpg 683w, http:\/\/lichri.radeln-in-den-sonnenaufgang.de\/wp-content\/uploads\/2019\/09\/IMG_0978_compress9-e1568039211546-200x300.jpg 200w, http:\/\/lichri.radeln-in-den-sonnenaufgang.de\/wp-content\/uploads\/2019\/09\/IMG_0978_compress9-e1568039211546-768x1152.jpg 768w, http:\/\/lichri.radeln-in-den-sonnenaufgang.de\/wp-content\/uploads\/2019\/09\/IMG_0978_compress9-e1568039211546.jpg 864w\" sizes=\"(max-width: 683px) 100vw, 683px\" \/><\/figure><\/li><li class=\"blocks-gallery-item\"><figure><img decoding=\"async\" loading=\"lazy\" width=\"1024\" height=\"683\" src=\"http:\/\/lichri.radeln-in-den-sonnenaufgang.de\/wp-content\/uploads\/2019\/09\/IMG_0968_compress98-1024x683.jpg\" alt=\"\" data-id=\"726\" data-link=\"http:\/\/lichri.radeln-in-den-sonnenaufgang.de\/?attachment_id=726\" class=\"wp-image-726\" srcset=\"http:\/\/lichri.radeln-in-den-sonnenaufgang.de\/wp-content\/uploads\/2019\/09\/IMG_0968_compress98-1024x683.jpg 1024w, http:\/\/lichri.radeln-in-den-sonnenaufgang.de\/wp-content\/uploads\/2019\/09\/IMG_0968_compress98-300x200.jpg 300w, http:\/\/lichri.radeln-in-den-sonnenaufgang.de\/wp-content\/uploads\/2019\/09\/IMG_0968_compress98-768x512.jpg 768w, http:\/\/lichri.radeln-in-den-sonnenaufgang.de\/wp-content\/uploads\/2019\/09\/IMG_0968_compress98.jpg 1296w\" sizes=\"(max-width: 767px) 89vw, (max-width: 1000px) 54vw, (max-width: 1071px) 543px, 580px\" \/><\/figure><\/li><\/ul>\n\n\n\n<figure class=\"wp-block-image\"><img decoding=\"async\" loading=\"lazy\" width=\"1024\" height=\"683\" src=\"http:\/\/lichri.radeln-in-den-sonnenaufgang.de\/wp-content\/uploads\/2019\/09\/IMG_0969_compress54-1024x683.jpg\" alt=\"\" class=\"wp-image-723\" srcset=\"http:\/\/lichri.radeln-in-den-sonnenaufgang.de\/wp-content\/uploads\/2019\/09\/IMG_0969_compress54-1024x683.jpg 1024w, http:\/\/lichri.radeln-in-den-sonnenaufgang.de\/wp-content\/uploads\/2019\/09\/IMG_0969_compress54-300x200.jpg 300w, http:\/\/lichri.radeln-in-den-sonnenaufgang.de\/wp-content\/uploads\/2019\/09\/IMG_0969_compress54-768x512.jpg 768w, http:\/\/lichri.radeln-in-den-sonnenaufgang.de\/wp-content\/uploads\/2019\/09\/IMG_0969_compress54.jpg 1296w\" sizes=\"(max-width: 767px) 89vw, (max-width: 1000px) 54vw, (max-width: 1071px) 543px, 580px\" \/><\/figure>\n\n\n\n<ul class=\"is-layout-flex wp-block-gallery-13 wp-block-gallery columns-3 is-cropped\"><li class=\"blocks-gallery-item\"><figure><img decoding=\"async\" loading=\"lazy\" width=\"1024\" height=\"683\" src=\"http:\/\/lichri.radeln-in-den-sonnenaufgang.de\/wp-content\/uploads\/2019\/09\/IMG_1063_compress20-1024x683.jpg\" alt=\"\" data-id=\"731\" data-link=\"http:\/\/lichri.radeln-in-den-sonnenaufgang.de\/?attachment_id=731\" class=\"wp-image-731\" srcset=\"http:\/\/lichri.radeln-in-den-sonnenaufgang.de\/wp-content\/uploads\/2019\/09\/IMG_1063_compress20-1024x683.jpg 1024w, http:\/\/lichri.radeln-in-den-sonnenaufgang.de\/wp-content\/uploads\/2019\/09\/IMG_1063_compress20-300x200.jpg 300w, http:\/\/lichri.radeln-in-den-sonnenaufgang.de\/wp-content\/uploads\/2019\/09\/IMG_1063_compress20-768x512.jpg 768w, http:\/\/lichri.radeln-in-den-sonnenaufgang.de\/wp-content\/uploads\/2019\/09\/IMG_1063_compress20.jpg 1296w\" sizes=\"(max-width: 767px) 89vw, (max-width: 1000px) 54vw, (max-width: 1071px) 543px, 580px\" \/><\/figure><\/li><li class=\"blocks-gallery-item\"><figure><img decoding=\"async\" loading=\"lazy\" width=\"1024\" height=\"683\" src=\"http:\/\/lichri.radeln-in-den-sonnenaufgang.de\/wp-content\/uploads\/2019\/09\/IMG_1097_compress52-1024x683.jpg\" alt=\"\" data-id=\"732\" data-link=\"http:\/\/lichri.radeln-in-den-sonnenaufgang.de\/?attachment_id=732\" class=\"wp-image-732\" srcset=\"http:\/\/lichri.radeln-in-den-sonnenaufgang.de\/wp-content\/uploads\/2019\/09\/IMG_1097_compress52-1024x683.jpg 1024w, http:\/\/lichri.radeln-in-den-sonnenaufgang.de\/wp-content\/uploads\/2019\/09\/IMG_1097_compress52-300x200.jpg 300w, http:\/\/lichri.radeln-in-den-sonnenaufgang.de\/wp-content\/uploads\/2019\/09\/IMG_1097_compress52-768x512.jpg 768w, http:\/\/lichri.radeln-in-den-sonnenaufgang.de\/wp-content\/uploads\/2019\/09\/IMG_1097_compress52.jpg 1296w\" sizes=\"(max-width: 767px) 89vw, (max-width: 1000px) 54vw, (max-width: 1071px) 543px, 580px\" \/><\/figure><\/li><li class=\"blocks-gallery-item\"><figure><img decoding=\"async\" loading=\"lazy\" width=\"683\" height=\"1024\" src=\"http:\/\/lichri.radeln-in-den-sonnenaufgang.de\/wp-content\/uploads\/2019\/09\/IMG_1085_compress36-e1568038697526-683x1024.jpg\" alt=\"\" data-id=\"733\" data-link=\"http:\/\/lichri.radeln-in-den-sonnenaufgang.de\/?attachment_id=733\" class=\"wp-image-733\" srcset=\"http:\/\/lichri.radeln-in-den-sonnenaufgang.de\/wp-content\/uploads\/2019\/09\/IMG_1085_compress36-e1568038697526-683x1024.jpg 683w, http:\/\/lichri.radeln-in-den-sonnenaufgang.de\/wp-content\/uploads\/2019\/09\/IMG_1085_compress36-e1568038697526-200x300.jpg 200w, http:\/\/lichri.radeln-in-den-sonnenaufgang.de\/wp-content\/uploads\/2019\/09\/IMG_1085_compress36-e1568038697526-768x1152.jpg 768w, http:\/\/lichri.radeln-in-den-sonnenaufgang.de\/wp-content\/uploads\/2019\/09\/IMG_1085_compress36-e1568038697526.jpg 864w\" sizes=\"(max-width: 683px) 100vw, 683px\" \/><\/figure><\/li><li class=\"blocks-gallery-item\"><figure><img decoding=\"async\" loading=\"lazy\" width=\"1024\" height=\"683\" src=\"http:\/\/lichri.radeln-in-den-sonnenaufgang.de\/wp-content\/uploads\/2019\/09\/IMG_0998_compress43-1024x683.jpg\" alt=\"\" data-id=\"730\" data-link=\"http:\/\/lichri.radeln-in-den-sonnenaufgang.de\/?attachment_id=730\" class=\"wp-image-730\" srcset=\"http:\/\/lichri.radeln-in-den-sonnenaufgang.de\/wp-content\/uploads\/2019\/09\/IMG_0998_compress43-1024x683.jpg 1024w, http:\/\/lichri.radeln-in-den-sonnenaufgang.de\/wp-content\/uploads\/2019\/09\/IMG_0998_compress43-300x200.jpg 300w, http:\/\/lichri.radeln-in-den-sonnenaufgang.de\/wp-content\/uploads\/2019\/09\/IMG_0998_compress43-768x512.jpg 768w, http:\/\/lichri.radeln-in-den-sonnenaufgang.de\/wp-content\/uploads\/2019\/09\/IMG_0998_compress43.jpg 1296w\" sizes=\"(max-width: 767px) 89vw, (max-width: 1000px) 54vw, (max-width: 1071px) 543px, 580px\" \/><\/figure><\/li><li class=\"blocks-gallery-item\"><figure><img decoding=\"async\" loading=\"lazy\" width=\"1024\" height=\"683\" src=\"http:\/\/lichri.radeln-in-den-sonnenaufgang.de\/wp-content\/uploads\/2019\/09\/IMG_1001_compress91-1024x683.jpg\" alt=\"\" data-id=\"729\" data-link=\"http:\/\/lichri.radeln-in-den-sonnenaufgang.de\/?attachment_id=729\" class=\"wp-image-729\" srcset=\"http:\/\/lichri.radeln-in-den-sonnenaufgang.de\/wp-content\/uploads\/2019\/09\/IMG_1001_compress91-1024x683.jpg 1024w, http:\/\/lichri.radeln-in-den-sonnenaufgang.de\/wp-content\/uploads\/2019\/09\/IMG_1001_compress91-300x200.jpg 300w, http:\/\/lichri.radeln-in-den-sonnenaufgang.de\/wp-content\/uploads\/2019\/09\/IMG_1001_compress91-768x512.jpg 768w, http:\/\/lichri.radeln-in-den-sonnenaufgang.de\/wp-content\/uploads\/2019\/09\/IMG_1001_compress91.jpg 1296w\" sizes=\"(max-width: 767px) 89vw, (max-width: 1000px) 54vw, (max-width: 1071px) 543px, 580px\" \/><\/figure><\/li><\/ul>\n\n\n\n<p> Wir besuchten den Tempel of Heaven, fuhren \u00fcber den Tian\u2019anmen Platz und schauten uns vom H\u00fcgel im Park hinter der verbotenen Stadt eben diese bei Sonnenuntergang an und schlussendlich trafen wir uns an unserem letzten Tag in Peking wieder mit Zhipeng und besuchten den Sommerpalast. Wir haben uns sehr gefreut ihn wieder zu sehen. Es war auch sein erstes Mal im Sommerpalast, aber er konnte uns viele Infos \u00fcber die Geschichte Chinas und \u00fcber die Kultur im Allgemeinen geben. Spontan entschlossen wir uns dann ihn mit in seine Vorlesung zu begleiten. Zur Pause und am Ende der Vorlesung ert\u00f6nte anstatt eines Gongs klassische Musik aus den Lautsprechern. Etwas ungew\u00f6hnlich, aber nett. <\/p>\n\n\n\n<ul class=\"is-layout-flex wp-block-gallery-15 wp-block-gallery columns-3 is-cropped\"><li class=\"blocks-gallery-item\"><figure><img decoding=\"async\" loading=\"lazy\" width=\"683\" height=\"1024\" src=\"http:\/\/lichri.radeln-in-den-sonnenaufgang.de\/wp-content\/uploads\/2019\/09\/IMG_1136_compress59-e1568038610294-683x1024.jpg\" alt=\"\" data-id=\"735\" data-link=\"http:\/\/lichri.radeln-in-den-sonnenaufgang.de\/?attachment_id=735\" class=\"wp-image-735\" srcset=\"http:\/\/lichri.radeln-in-den-sonnenaufgang.de\/wp-content\/uploads\/2019\/09\/IMG_1136_compress59-e1568038610294-683x1024.jpg 683w, http:\/\/lichri.radeln-in-den-sonnenaufgang.de\/wp-content\/uploads\/2019\/09\/IMG_1136_compress59-e1568038610294-200x300.jpg 200w, http:\/\/lichri.radeln-in-den-sonnenaufgang.de\/wp-content\/uploads\/2019\/09\/IMG_1136_compress59-e1568038610294-768x1152.jpg 768w, http:\/\/lichri.radeln-in-den-sonnenaufgang.de\/wp-content\/uploads\/2019\/09\/IMG_1136_compress59-e1568038610294.jpg 864w\" sizes=\"(max-width: 683px) 100vw, 683px\" \/><\/figure><\/li><li class=\"blocks-gallery-item\"><figure><img decoding=\"async\" loading=\"lazy\" width=\"683\" height=\"1024\" src=\"http:\/\/lichri.radeln-in-den-sonnenaufgang.de\/wp-content\/uploads\/2019\/09\/IMG_1110_compress33-e1568038657477-683x1024.jpg\" alt=\"\" data-id=\"734\" data-link=\"http:\/\/lichri.radeln-in-den-sonnenaufgang.de\/?attachment_id=734\" class=\"wp-image-734\" srcset=\"http:\/\/lichri.radeln-in-den-sonnenaufgang.de\/wp-content\/uploads\/2019\/09\/IMG_1110_compress33-e1568038657477-683x1024.jpg 683w, http:\/\/lichri.radeln-in-den-sonnenaufgang.de\/wp-content\/uploads\/2019\/09\/IMG_1110_compress33-e1568038657477-200x300.jpg 200w, http:\/\/lichri.radeln-in-den-sonnenaufgang.de\/wp-content\/uploads\/2019\/09\/IMG_1110_compress33-e1568038657477-768x1152.jpg 768w, http:\/\/lichri.radeln-in-den-sonnenaufgang.de\/wp-content\/uploads\/2019\/09\/IMG_1110_compress33-e1568038657477.jpg 864w\" sizes=\"(max-width: 683px) 100vw, 683px\" \/><\/figure><\/li><li class=\"blocks-gallery-item\"><figure><img decoding=\"async\" loading=\"lazy\" width=\"1024\" height=\"683\" src=\"http:\/\/lichri.radeln-in-den-sonnenaufgang.de\/wp-content\/uploads\/2019\/09\/IMG_1158_compress15-1024x683.jpg\" alt=\"\" data-id=\"736\" data-link=\"http:\/\/lichri.radeln-in-den-sonnenaufgang.de\/?attachment_id=736\" class=\"wp-image-736\" srcset=\"http:\/\/lichri.radeln-in-den-sonnenaufgang.de\/wp-content\/uploads\/2019\/09\/IMG_1158_compress15-1024x683.jpg 1024w, http:\/\/lichri.radeln-in-den-sonnenaufgang.de\/wp-content\/uploads\/2019\/09\/IMG_1158_compress15-300x200.jpg 300w, http:\/\/lichri.radeln-in-den-sonnenaufgang.de\/wp-content\/uploads\/2019\/09\/IMG_1158_compress15-768x512.jpg 768w, http:\/\/lichri.radeln-in-den-sonnenaufgang.de\/wp-content\/uploads\/2019\/09\/IMG_1158_compress15.jpg 1296w\" sizes=\"(max-width: 767px) 89vw, (max-width: 1000px) 54vw, (max-width: 1071px) 543px, 580px\" \/><\/figure><\/li><li class=\"blocks-gallery-item\"><figure><img decoding=\"async\" loading=\"lazy\" width=\"1024\" height=\"683\" src=\"http:\/\/lichri.radeln-in-den-sonnenaufgang.de\/wp-content\/uploads\/2019\/09\/IMG_1190_compress55-1024x683.jpg\" alt=\"\" data-id=\"739\" data-link=\"http:\/\/lichri.radeln-in-den-sonnenaufgang.de\/?attachment_id=739\" class=\"wp-image-739\" srcset=\"http:\/\/lichri.radeln-in-den-sonnenaufgang.de\/wp-content\/uploads\/2019\/09\/IMG_1190_compress55-1024x683.jpg 1024w, http:\/\/lichri.radeln-in-den-sonnenaufgang.de\/wp-content\/uploads\/2019\/09\/IMG_1190_compress55-300x200.jpg 300w, http:\/\/lichri.radeln-in-den-sonnenaufgang.de\/wp-content\/uploads\/2019\/09\/IMG_1190_compress55-768x512.jpg 768w, http:\/\/lichri.radeln-in-den-sonnenaufgang.de\/wp-content\/uploads\/2019\/09\/IMG_1190_compress55.jpg 1296w\" sizes=\"(max-width: 767px) 89vw, (max-width: 1000px) 54vw, (max-width: 1071px) 543px, 580px\" \/><\/figure><\/li><li class=\"blocks-gallery-item\"><figure><img decoding=\"async\" loading=\"lazy\" width=\"1024\" height=\"683\" src=\"http:\/\/lichri.radeln-in-den-sonnenaufgang.de\/wp-content\/uploads\/2019\/09\/IMG_1259_compress55-1024x683.jpg\" alt=\"\" data-id=\"738\" data-link=\"http:\/\/lichri.radeln-in-den-sonnenaufgang.de\/?attachment_id=738\" class=\"wp-image-738\" srcset=\"http:\/\/lichri.radeln-in-den-sonnenaufgang.de\/wp-content\/uploads\/2019\/09\/IMG_1259_compress55-1024x683.jpg 1024w, http:\/\/lichri.radeln-in-den-sonnenaufgang.de\/wp-content\/uploads\/2019\/09\/IMG_1259_compress55-300x200.jpg 300w, http:\/\/lichri.radeln-in-den-sonnenaufgang.de\/wp-content\/uploads\/2019\/09\/IMG_1259_compress55-768x512.jpg 768w, http:\/\/lichri.radeln-in-den-sonnenaufgang.de\/wp-content\/uploads\/2019\/09\/IMG_1259_compress55.jpg 1296w\" sizes=\"(max-width: 767px) 89vw, (max-width: 1000px) 54vw, (max-width: 1071px) 543px, 580px\" \/><\/figure><\/li><li class=\"blocks-gallery-item\"><figure><img decoding=\"async\" loading=\"lazy\" width=\"1024\" height=\"683\" src=\"http:\/\/lichri.radeln-in-den-sonnenaufgang.de\/wp-content\/uploads\/2019\/09\/IMG_1149_compress26-1024x683.jpg\" alt=\"\" data-id=\"737\" data-link=\"http:\/\/lichri.radeln-in-den-sonnenaufgang.de\/?attachment_id=737\" class=\"wp-image-737\" srcset=\"http:\/\/lichri.radeln-in-den-sonnenaufgang.de\/wp-content\/uploads\/2019\/09\/IMG_1149_compress26-1024x683.jpg 1024w, http:\/\/lichri.radeln-in-den-sonnenaufgang.de\/wp-content\/uploads\/2019\/09\/IMG_1149_compress26-300x200.jpg 300w, http:\/\/lichri.radeln-in-den-sonnenaufgang.de\/wp-content\/uploads\/2019\/09\/IMG_1149_compress26-768x512.jpg 768w, http:\/\/lichri.radeln-in-den-sonnenaufgang.de\/wp-content\/uploads\/2019\/09\/IMG_1149_compress26.jpg 1296w\" sizes=\"(max-width: 767px) 89vw, (max-width: 1000px) 54vw, (max-width: 1071px) 543px, 580px\" \/><\/figure><\/li><li class=\"blocks-gallery-item\"><figure><img decoding=\"async\" loading=\"lazy\" width=\"1024\" height=\"683\" src=\"http:\/\/lichri.radeln-in-den-sonnenaufgang.de\/wp-content\/uploads\/2019\/09\/IMG_1286_compress15-1024x683.jpg\" alt=\"\" data-id=\"743\" data-link=\"http:\/\/lichri.radeln-in-den-sonnenaufgang.de\/?attachment_id=743\" class=\"wp-image-743\" srcset=\"http:\/\/lichri.radeln-in-den-sonnenaufgang.de\/wp-content\/uploads\/2019\/09\/IMG_1286_compress15-1024x683.jpg 1024w, http:\/\/lichri.radeln-in-den-sonnenaufgang.de\/wp-content\/uploads\/2019\/09\/IMG_1286_compress15-300x200.jpg 300w, http:\/\/lichri.radeln-in-den-sonnenaufgang.de\/wp-content\/uploads\/2019\/09\/IMG_1286_compress15-768x512.jpg 768w, http:\/\/lichri.radeln-in-den-sonnenaufgang.de\/wp-content\/uploads\/2019\/09\/IMG_1286_compress15.jpg 1296w\" sizes=\"(max-width: 767px) 89vw, (max-width: 1000px) 54vw, (max-width: 1071px) 543px, 580px\" \/><\/figure><\/li><li class=\"blocks-gallery-item\"><figure><img decoding=\"async\" loading=\"lazy\" width=\"1024\" height=\"683\" src=\"http:\/\/lichri.radeln-in-den-sonnenaufgang.de\/wp-content\/uploads\/2019\/09\/IMG_1269_compress43-1024x683.jpg\" alt=\"\" data-id=\"741\" data-link=\"http:\/\/lichri.radeln-in-den-sonnenaufgang.de\/?attachment_id=741\" class=\"wp-image-741\" srcset=\"http:\/\/lichri.radeln-in-den-sonnenaufgang.de\/wp-content\/uploads\/2019\/09\/IMG_1269_compress43-1024x683.jpg 1024w, http:\/\/lichri.radeln-in-den-sonnenaufgang.de\/wp-content\/uploads\/2019\/09\/IMG_1269_compress43-300x200.jpg 300w, http:\/\/lichri.radeln-in-den-sonnenaufgang.de\/wp-content\/uploads\/2019\/09\/IMG_1269_compress43-768x512.jpg 768w, http:\/\/lichri.radeln-in-den-sonnenaufgang.de\/wp-content\/uploads\/2019\/09\/IMG_1269_compress43.jpg 1296w\" sizes=\"(max-width: 767px) 89vw, (max-width: 1000px) 54vw, (max-width: 1071px) 543px, 580px\" \/><\/figure><\/li><li class=\"blocks-gallery-item\"><figure><img decoding=\"async\" loading=\"lazy\" width=\"1024\" height=\"683\" src=\"http:\/\/lichri.radeln-in-den-sonnenaufgang.de\/wp-content\/uploads\/2019\/09\/IMG_1278_compress36-1024x683.jpg\" alt=\"\" data-id=\"740\" data-link=\"http:\/\/lichri.radeln-in-den-sonnenaufgang.de\/?attachment_id=740\" class=\"wp-image-740\" srcset=\"http:\/\/lichri.radeln-in-den-sonnenaufgang.de\/wp-content\/uploads\/2019\/09\/IMG_1278_compress36-1024x683.jpg 1024w, http:\/\/lichri.radeln-in-den-sonnenaufgang.de\/wp-content\/uploads\/2019\/09\/IMG_1278_compress36-300x200.jpg 300w, http:\/\/lichri.radeln-in-den-sonnenaufgang.de\/wp-content\/uploads\/2019\/09\/IMG_1278_compress36-768x512.jpg 768w, http:\/\/lichri.radeln-in-den-sonnenaufgang.de\/wp-content\/uploads\/2019\/09\/IMG_1278_compress36.jpg 1296w\" sizes=\"(max-width: 767px) 89vw, (max-width: 1000px) 54vw, (max-width: 1071px) 543px, 580px\" \/><\/figure><\/li><li class=\"blocks-gallery-item\"><figure><img decoding=\"async\" loading=\"lazy\" width=\"683\" height=\"1024\" src=\"http:\/\/lichri.radeln-in-den-sonnenaufgang.de\/wp-content\/uploads\/2019\/09\/IMG_1325_compress51-e1568038733722-683x1024.jpg\" alt=\"\" data-id=\"747\" data-link=\"http:\/\/lichri.radeln-in-den-sonnenaufgang.de\/?attachment_id=747\" class=\"wp-image-747\" srcset=\"http:\/\/lichri.radeln-in-den-sonnenaufgang.de\/wp-content\/uploads\/2019\/09\/IMG_1325_compress51-e1568038733722-683x1024.jpg 683w, http:\/\/lichri.radeln-in-den-sonnenaufgang.de\/wp-content\/uploads\/2019\/09\/IMG_1325_compress51-e1568038733722-200x300.jpg 200w, http:\/\/lichri.radeln-in-den-sonnenaufgang.de\/wp-content\/uploads\/2019\/09\/IMG_1325_compress51-e1568038733722-768x1152.jpg 768w, http:\/\/lichri.radeln-in-den-sonnenaufgang.de\/wp-content\/uploads\/2019\/09\/IMG_1325_compress51-e1568038733722.jpg 864w\" sizes=\"(max-width: 683px) 100vw, 683px\" \/><\/figure><\/li><li class=\"blocks-gallery-item\"><figure><img decoding=\"async\" loading=\"lazy\" width=\"683\" height=\"1024\" src=\"http:\/\/lichri.radeln-in-den-sonnenaufgang.de\/wp-content\/uploads\/2019\/09\/IMG_1322_compress26-e1568038752365-683x1024.jpg\" alt=\"\" data-id=\"746\" data-link=\"http:\/\/lichri.radeln-in-den-sonnenaufgang.de\/?attachment_id=746\" class=\"wp-image-746\" srcset=\"http:\/\/lichri.radeln-in-den-sonnenaufgang.de\/wp-content\/uploads\/2019\/09\/IMG_1322_compress26-e1568038752365-683x1024.jpg 683w, http:\/\/lichri.radeln-in-den-sonnenaufgang.de\/wp-content\/uploads\/2019\/09\/IMG_1322_compress26-e1568038752365-200x300.jpg 200w, http:\/\/lichri.radeln-in-den-sonnenaufgang.de\/wp-content\/uploads\/2019\/09\/IMG_1322_compress26-e1568038752365-768x1152.jpg 768w, http:\/\/lichri.radeln-in-den-sonnenaufgang.de\/wp-content\/uploads\/2019\/09\/IMG_1322_compress26-e1568038752365.jpg 864w\" sizes=\"(max-width: 683px) 100vw, 683px\" \/><\/figure><\/li><li class=\"blocks-gallery-item\"><figure><img decoding=\"async\" loading=\"lazy\" width=\"1024\" height=\"683\" src=\"http:\/\/lichri.radeln-in-den-sonnenaufgang.de\/wp-content\/uploads\/2019\/09\/IMG_1330_compress5-1024x683.jpg\" alt=\"\" data-id=\"745\" data-link=\"http:\/\/lichri.radeln-in-den-sonnenaufgang.de\/?attachment_id=745\" class=\"wp-image-745\" srcset=\"http:\/\/lichri.radeln-in-den-sonnenaufgang.de\/wp-content\/uploads\/2019\/09\/IMG_1330_compress5-1024x683.jpg 1024w, http:\/\/lichri.radeln-in-den-sonnenaufgang.de\/wp-content\/uploads\/2019\/09\/IMG_1330_compress5-300x200.jpg 300w, http:\/\/lichri.radeln-in-den-sonnenaufgang.de\/wp-content\/uploads\/2019\/09\/IMG_1330_compress5-768x512.jpg 768w, http:\/\/lichri.radeln-in-den-sonnenaufgang.de\/wp-content\/uploads\/2019\/09\/IMG_1330_compress5.jpg 1296w\" sizes=\"(max-width: 767px) 89vw, (max-width: 1000px) 54vw, (max-width: 1071px) 543px, 580px\" \/><\/figure><\/li><li class=\"blocks-gallery-item\"><figure><img decoding=\"async\" loading=\"lazy\" width=\"1024\" height=\"683\" src=\"http:\/\/lichri.radeln-in-den-sonnenaufgang.de\/wp-content\/uploads\/2019\/09\/IMG_1403_compress99-1024x683.jpg\" alt=\"\" data-id=\"751\" data-link=\"http:\/\/lichri.radeln-in-den-sonnenaufgang.de\/?attachment_id=751\" class=\"wp-image-751\" srcset=\"http:\/\/lichri.radeln-in-den-sonnenaufgang.de\/wp-content\/uploads\/2019\/09\/IMG_1403_compress99-1024x683.jpg 1024w, http:\/\/lichri.radeln-in-den-sonnenaufgang.de\/wp-content\/uploads\/2019\/09\/IMG_1403_compress99-300x200.jpg 300w, http:\/\/lichri.radeln-in-den-sonnenaufgang.de\/wp-content\/uploads\/2019\/09\/IMG_1403_compress99-768x512.jpg 768w, http:\/\/lichri.radeln-in-den-sonnenaufgang.de\/wp-content\/uploads\/2019\/09\/IMG_1403_compress99.jpg 1296w\" sizes=\"(max-width: 767px) 89vw, (max-width: 1000px) 54vw, (max-width: 1071px) 543px, 580px\" \/><\/figure><\/li><li class=\"blocks-gallery-item\"><figure><img decoding=\"async\" loading=\"lazy\" width=\"1024\" height=\"683\" src=\"http:\/\/lichri.radeln-in-den-sonnenaufgang.de\/wp-content\/uploads\/2019\/09\/IMG_1410_compress31-1024x683.jpg\" alt=\"\" data-id=\"753\" data-link=\"http:\/\/lichri.radeln-in-den-sonnenaufgang.de\/?attachment_id=753\" class=\"wp-image-753\" srcset=\"http:\/\/lichri.radeln-in-den-sonnenaufgang.de\/wp-content\/uploads\/2019\/09\/IMG_1410_compress31-1024x683.jpg 1024w, http:\/\/lichri.radeln-in-den-sonnenaufgang.de\/wp-content\/uploads\/2019\/09\/IMG_1410_compress31-300x200.jpg 300w, http:\/\/lichri.radeln-in-den-sonnenaufgang.de\/wp-content\/uploads\/2019\/09\/IMG_1410_compress31-768x512.jpg 768w, http:\/\/lichri.radeln-in-den-sonnenaufgang.de\/wp-content\/uploads\/2019\/09\/IMG_1410_compress31.jpg 1296w\" sizes=\"(max-width: 767px) 89vw, (max-width: 1000px) 54vw, (max-width: 1071px) 543px, 580px\" \/><\/figure><\/li><li class=\"blocks-gallery-item\"><figure><img decoding=\"async\" loading=\"lazy\" width=\"1024\" height=\"683\" src=\"http:\/\/lichri.radeln-in-den-sonnenaufgang.de\/wp-content\/uploads\/2019\/09\/IMG_1394_compress90-1024x683.jpg\" alt=\"\" data-id=\"750\" data-link=\"http:\/\/lichri.radeln-in-den-sonnenaufgang.de\/?attachment_id=750\" class=\"wp-image-750\" srcset=\"http:\/\/lichri.radeln-in-den-sonnenaufgang.de\/wp-content\/uploads\/2019\/09\/IMG_1394_compress90-1024x683.jpg 1024w, http:\/\/lichri.radeln-in-den-sonnenaufgang.de\/wp-content\/uploads\/2019\/09\/IMG_1394_compress90-300x200.jpg 300w, http:\/\/lichri.radeln-in-den-sonnenaufgang.de\/wp-content\/uploads\/2019\/09\/IMG_1394_compress90-768x512.jpg 768w, http:\/\/lichri.radeln-in-den-sonnenaufgang.de\/wp-content\/uploads\/2019\/09\/IMG_1394_compress90.jpg 1296w\" sizes=\"(max-width: 767px) 89vw, (max-width: 1000px) 54vw, (max-width: 1071px) 543px, 580px\" \/><\/figure><\/li><li class=\"blocks-gallery-item\"><figure><img decoding=\"async\" loading=\"lazy\" width=\"1024\" height=\"683\" src=\"http:\/\/lichri.radeln-in-den-sonnenaufgang.de\/wp-content\/uploads\/2019\/09\/IMG_1425_compress21-1024x683.jpg\" alt=\"\" data-id=\"756\" data-link=\"http:\/\/lichri.radeln-in-den-sonnenaufgang.de\/?attachment_id=756\" class=\"wp-image-756\" srcset=\"http:\/\/lichri.radeln-in-den-sonnenaufgang.de\/wp-content\/uploads\/2019\/09\/IMG_1425_compress21-1024x683.jpg 1024w, http:\/\/lichri.radeln-in-den-sonnenaufgang.de\/wp-content\/uploads\/2019\/09\/IMG_1425_compress21-300x200.jpg 300w, http:\/\/lichri.radeln-in-den-sonnenaufgang.de\/wp-content\/uploads\/2019\/09\/IMG_1425_compress21-768x512.jpg 768w, http:\/\/lichri.radeln-in-den-sonnenaufgang.de\/wp-content\/uploads\/2019\/09\/IMG_1425_compress21.jpg 1296w\" sizes=\"(max-width: 767px) 89vw, (max-width: 1000px) 54vw, (max-width: 1071px) 543px, 580px\" \/><\/figure><\/li><li class=\"blocks-gallery-item\"><figure><img decoding=\"async\" loading=\"lazy\" width=\"1024\" height=\"683\" src=\"http:\/\/lichri.radeln-in-den-sonnenaufgang.de\/wp-content\/uploads\/2019\/09\/IMG_1416_compress48-1024x683.jpg\" alt=\"\" data-id=\"754\" data-link=\"http:\/\/lichri.radeln-in-den-sonnenaufgang.de\/?attachment_id=754\" class=\"wp-image-754\" srcset=\"http:\/\/lichri.radeln-in-den-sonnenaufgang.de\/wp-content\/uploads\/2019\/09\/IMG_1416_compress48-1024x683.jpg 1024w, http:\/\/lichri.radeln-in-den-sonnenaufgang.de\/wp-content\/uploads\/2019\/09\/IMG_1416_compress48-300x200.jpg 300w, http:\/\/lichri.radeln-in-den-sonnenaufgang.de\/wp-content\/uploads\/2019\/09\/IMG_1416_compress48-768x512.jpg 768w, http:\/\/lichri.radeln-in-den-sonnenaufgang.de\/wp-content\/uploads\/2019\/09\/IMG_1416_compress48.jpg 1296w\" sizes=\"(max-width: 767px) 89vw, (max-width: 1000px) 54vw, (max-width: 1071px) 543px, 580px\" \/><\/figure><\/li><li class=\"blocks-gallery-item\"><figure><img decoding=\"async\" loading=\"lazy\" width=\"1024\" height=\"683\" src=\"http:\/\/lichri.radeln-in-den-sonnenaufgang.de\/wp-content\/uploads\/2019\/09\/IMG_1343_compress96-1024x683.jpg\" alt=\"\" data-id=\"749\" data-link=\"http:\/\/lichri.radeln-in-den-sonnenaufgang.de\/?attachment_id=749\" class=\"wp-image-749\" srcset=\"http:\/\/lichri.radeln-in-den-sonnenaufgang.de\/wp-content\/uploads\/2019\/09\/IMG_1343_compress96-1024x683.jpg 1024w, http:\/\/lichri.radeln-in-den-sonnenaufgang.de\/wp-content\/uploads\/2019\/09\/IMG_1343_compress96-300x200.jpg 300w, http:\/\/lichri.radeln-in-den-sonnenaufgang.de\/wp-content\/uploads\/2019\/09\/IMG_1343_compress96-768x512.jpg 768w, http:\/\/lichri.radeln-in-den-sonnenaufgang.de\/wp-content\/uploads\/2019\/09\/IMG_1343_compress96.jpg 1296w\" sizes=\"(max-width: 767px) 89vw, (max-width: 1000px) 54vw, (max-width: 1071px) 543px, 580px\" \/><\/figure><\/li><\/ul>\n\n\n\n<p>Da wir uns am Abend nicht mehr entscheiden konnten wohin wir als n\u00e4chstes Fahren, kauften wir erst am Tag der Abfahrt das Zugticket nach Zhangjiajie, um die Nebelberge zu besichtigen. Entgegen unserer Bef\u00fcrchtungen, es g\u00e4be keine Tickets mehr, konnten wir doch noch zwei Tickets f\u00fcr den Nachtzug ergattern. Wir packten unsere elf Taschen und machten uns rechtzeitig auf den Weg zum Bahnhof. Im Internet hatten wir gelesen, dass der Bahnhof West recht gro\u00df sein soll und es wurde empfohlen mindestens zwei Stunden vor Abfahrt dort zu sein. Und tats\u00e4chlich: Der Bahnhof war riesig! F\u00fcr uns sehr undurchsichtig mit seinen chinesischen Beschilderungen. Kaum jemand sprach Englisch und es war schon eine Herausforderung f\u00fcr sich mit den R\u00e4dern zum richtigen Haupteingang zu kommen. Erst versuchten wir es \u00fcber das Untergeschoss und wurden in den zweiten Stock verwiesen, also Treppauf mit den R\u00e4dern. Dort angekommen schickte man uns ein Stockwerk tiefer. Wir folgten erneut einer steilen Treppe den Weg hinab, was mit den vollbepackten Fahrr\u00e4dern kein Spa\u00df war. Dort fragten wir die Sicherheitskr\u00e4fte vor Ort wo wir denn die R\u00e4der nun aufgeben k\u00f6nnten. In China d\u00fcrfen die R\u00e4der nicht im Zug transportiert, sondern m\u00fcssen \u00fcber die \u00abZugpost\u00bb verschickt werden. Aber wo findet man diese \u00abZugpost\u00bb? Das wussten leider nicht einmal die Sicherheitskr\u00e4fte vor Ort, oder sie verstanden uns nicht richtig. Irgendwann schickte man uns zu einem Mann in Uniform. Er sah aus wie ein Polizist. Dieser geleitete uns in eine etwas dubios wirkende Ecke des Bahnhofs und zwei weitere M\u00e4nner in Uniform wiesen uns an die Taschen von den R\u00e4dern zu nehmen. Wir fragten wo wir denn unsere Zugtickets abholen k\u00f6nnten. Die online gebuchten Tickets mussten am Bahnhof noch einmal mit unseren Reisep\u00e4ssen verifiziert werden. Einer der M\u00e4nner geleitete uns zu einem Servicefenster, wo eine recht kurz angebundene, aber immerhin etwas englisch sprechende junge Frau unsere Tickets ausstellte. Wir fragten sie, wo wir unsere R\u00e4der aufgeben k\u00f6nnten und bekamen keine richtige Antwort. Schon hatte der Mann in Uniform, der uns zu dem Serviceschalter begleitete Chris Rucksack geschnappt, um wieder zu den R\u00e4der zur\u00fcck zu laufen. Wir folgten ihm. Bei den R\u00e4dern f\u00fcllte einer der M\u00e4nner einen offiziell aussehenden Lieferschein aus, was eine Weile dauerte, da er kein Englisch sprach und unsere Namen eher abmalte, als abschrieb. Dann erkl\u00e4rte er uns, dass er f\u00fcr die R\u00e4der 800 Yuan haben wolle, das sind umgerechnet 100 Euro. Die Vermutung, dass hier etwas gewaltig schief l\u00e4uft hat sich dadurch so verst\u00e4rkt, dass wir unsere R\u00e4der schnappten und nur noch von diesem Ort weg wollten. Die Diskussion mit den M\u00e4nnern, die Suche nach dem richtigen Cargo-Service, die Ticketabholung all das hat uns so viel Zeit gekostet, dass wir noch eine dreiviertel Stunde hatten, bis der Zug abfahren w\u00fcrde. Und wir wussten immer noch nicht wo wir hinmussten, um die R\u00e4der aufzugeben, geschweige denn, wo unser Zug abfahren w\u00fcrde. Und auf einmal war da ein Mann im roten T-Shirt und zeigte uns, dass wir ihm folgen sollten. Er stieg auf seinen Roller, fuhr um das riesige Bahnhofsgeb\u00e4ude herum und da standen wir vor dem Southgate und dem China Railway Express Service!!! Der Mann erkl\u00e4rte den Angestellten unsere Situation und eine Frau vor Ort hatte ein \u00dcbersetzungsprogramm auf ihrem Handy. Wir wurden nach gef\u00e4hrlichen Gegenst\u00e4nden gefragt und gaben an ein Taschenmesser und Sachen zum Kochen dabei zu haben. Das gute Taschenmesser mussten wir abgeben. Wir haben verstanden, dass sie es in einem Extrapacket hinterher schicken w\u00fcrden \u2013 ich denke es war das letzte Mal, dass wir das Messer gesehen haben. Danach wurde unser Gep\u00e4ck und die R\u00e4der gewogen und durchl\u00e4uchtet. Wir bezahlten ca. 250 Yuan, die 50 Yuan Wechselgeld steckte der Mann im roten T-Shirt ein. Er zeigte uns noch kurz wo wir den Eingang zu den Gleisen finden w\u00fcrden und nach mehreren Sicherheitskontrollen haben wir es \u2013 Gott sei es gedankt \u2013 auf die letzte Minute in den Zug geschafft. Ich w\u00fcrde fast behaupten, dass es in Deutschland mit am einfachsten ist, mit dem Fahrrad und dem Zug zu fahren. Die Sicherheitskontrollen in den Z\u00fcgen sind wahnsinnig streng seit dem wir aus Europa heraus sind und das ist teilweise der pure Stress. Jetzt sitzen wir im Zug, haben einen kleinen Rucksack f\u00fcr zwei Tage gepackt und haben keine Ahnung wann und wo wir unsere R\u00e4der wieder sehen werden. Falls die Fahrr\u00e4der doch weg sein sollten, dann werden wir wohl backpackend und mit leichtem Gep\u00e4ck weiter durchs Land ziehen\u2026 So oder so, wir werden es euch bei der n\u00e4chsten Gelegenheit berichten.<br> \ud83d\ude09<\/p>\n\n\n\n<figure class=\"wp-block-image\"><img decoding=\"async\" loading=\"lazy\" width=\"1024\" height=\"683\" src=\"http:\/\/lichri.radeln-in-den-sonnenaufgang.de\/wp-content\/uploads\/2019\/09\/IMG_1518_compress50-1024x683.jpg\" alt=\"\" class=\"wp-image-759\" srcset=\"http:\/\/lichri.radeln-in-den-sonnenaufgang.de\/wp-content\/uploads\/2019\/09\/IMG_1518_compress50-1024x683.jpg 1024w, http:\/\/lichri.radeln-in-den-sonnenaufgang.de\/wp-content\/uploads\/2019\/09\/IMG_1518_compress50-300x200.jpg 300w, http:\/\/lichri.radeln-in-den-sonnenaufgang.de\/wp-content\/uploads\/2019\/09\/IMG_1518_compress50-768x512.jpg 768w, http:\/\/lichri.radeln-in-den-sonnenaufgang.de\/wp-content\/uploads\/2019\/09\/IMG_1518_compress50.jpg 1296w\" sizes=\"(max-width: 767px) 89vw, (max-width: 1000px) 54vw, (max-width: 1071px) 543px, 580px\" \/><figcaption>Wulingyuan  &#8211;  hier wanders wir, bis die R\u00e0der da sind  <\/figcaption><\/figure>\n","protected":false},"excerpt":{"rendered":"<p>Ulan Bator &#8211; Gobi \u2013 Innere Mongolei \u2013 Mauerland \u2013 Peking Peking 12:45 Uhr: Viel haben wir noch nicht von dieser Stadt gesehen &#8211; abgesehen von den vielen, riesigen Asphaltstra\u00dfen, Wohnh\u00e4usern und kleinen L\u00e4den rechts und links der Stra\u00dfe. Schon 50 km vor der \u201eInnenstadt\u201c ist alles vollgebaut und es wird flei\u00dfig erweitert. Wir sind &hellip; <\/p>\n<p class=\"link-more\"><a href=\"http:\/\/lichri.radeln-in-den-sonnenaufgang.de\/?p=634\" class=\"more-link\"><span class=\"screen-reader-text\">\u201eVon UB nach Beijing\u201c<\/span> weiterlesen<\/a><\/p>\n","protected":false},"author":3,"featured_media":636,"comment_status":"open","ping_status":"open","sticky":false,"template":"","format":"standard","meta":[],"categories":[1],"tags":[],"_links":{"self":[{"href":"http:\/\/lichri.radeln-in-den-sonnenaufgang.de\/index.php?rest_route=\/wp\/v2\/posts\/634"}],"collection":[{"href":"http:\/\/lichri.radeln-in-den-sonnenaufgang.de\/index.php?rest_route=\/wp\/v2\/posts"}],"about":[{"href":"http:\/\/lichri.radeln-in-den-sonnenaufgang.de\/index.php?rest_route=\/wp\/v2\/types\/post"}],"author":[{"embeddable":true,"href":"http:\/\/lichri.radeln-in-den-sonnenaufgang.de\/index.php?rest_route=\/wp\/v2\/users\/3"}],"replies":[{"embeddable":true,"href":"http:\/\/lichri.radeln-in-den-sonnenaufgang.de\/index.php?rest_route=%2Fwp%2Fv2%2Fcomments&post=634"}],"version-history":[{"count":6,"href":"http:\/\/lichri.radeln-in-den-sonnenaufgang.de\/index.php?rest_route=\/wp\/v2\/posts\/634\/revisions"}],"predecessor-version":[{"id":773,"href":"http:\/\/lichri.radeln-in-den-sonnenaufgang.de\/index.php?rest_route=\/wp\/v2\/posts\/634\/revisions\/773"}],"wp:featuredmedia":[{"embeddable":true,"href":"http:\/\/lichri.radeln-in-den-sonnenaufgang.de\/index.php?rest_route=\/wp\/v2\/media\/636"}],"wp:attachment":[{"href":"http:\/\/lichri.radeln-in-den-sonnenaufgang.de\/index.php?rest_route=%2Fwp%2Fv2%2Fmedia&parent=634"}],"wp:term":[{"taxonomy":"category","embeddable":true,"href":"http:\/\/lichri.radeln-in-den-sonnenaufgang.de\/index.php?rest_route=%2Fwp%2Fv2%2Fcategories&post=634"},{"taxonomy":"post_tag","embeddable":true,"href":"http:\/\/lichri.radeln-in-den-sonnenaufgang.de\/index.php?rest_route=%2Fwp%2Fv2%2Ftags&post=634"}],"curies":[{"name":"wp","href":"https:\/\/api.w.org\/{rel}","templated":true}]}}