{"id":470,"date":"2019-08-14T06:22:23","date_gmt":"2019-08-14T06:22:23","guid":{"rendered":"http:\/\/lichri.radeln-in-den-sonnenaufgang.de\/?p=470"},"modified":"2019-08-14T06:57:18","modified_gmt":"2019-08-14T06:57:18","slug":"baikal-buryatien-mongolei","status":"publish","type":"post","link":"http:\/\/lichri.radeln-in-den-sonnenaufgang.de\/?p=470","title":{"rendered":"Baikal &#8211; Buryatien &#8211; Mongolei"},"content":{"rendered":"\n<p> Ihr sch\u00f6nen Menschen, <br> wir dachten ihr hattet jetzt genug Zeit, um den letzten endlos langen Blogeintrag zu lesen und es w\u00e4re Zeit f\u00fcr einen Neuen<\/p>\n\n\n\n<p>Transsib<\/p>\n\n\n\n<p>Beim letzten Mal haben wir euch schon einen kleinen Einblick in die Welt der Transsibirischen Eisenbahn gegeben. Insgesamt sind wir sechs N\u00e4chte mit der russischen Bahn gefahren und haben dabei sehr interessante Erfahrungen gemacht. Nach drei N\u00e4chten 3. Klasse (sehr kommunikativ, sehr voll, sehr hei\u00df, nach allem riechend, was Menschen so ausd\u00fcnsten, bzw. zu sich nehmen), hatten wir sp\u00e4ter eine etwas entspanntere Fahrt von Jekaterinburg nach Irkutsk in der 2. Klasse. Die dritte Klasse ist ein offener Schlafwagen, mit einer Stockbettreihe am Fenster und zwei gegen\u00fcberliegenden Stockbettreihen auf der anderen Seite. Ca. 50 Personen schlafen in einem solchen offenen Wagen \u2013 ohne dass ein Fenster ge\u00f6ffnet werden kann. In der 2. Klasse gibt es 4er-Abteile und die M\u00f6glichkeit im Gang das Fenster zu \u00f6ffnen! Hier war unsere Erfahrung, dass man auf wesentlich mehr Backpacker trifft. Ganze drei N\u00e4chte und zwei volle Tage sind wir von Jekaterinburg nach Irkutsk gefahren und haben mehrere Zeitzonen hinter uns gelassen. <\/p>\n\n\n\n<ul class=\"is-layout-flex wp-block-gallery-1 wp-block-gallery columns-2 is-cropped\"><li class=\"blocks-gallery-item\"><figure><img decoding=\"async\" loading=\"lazy\" width=\"1024\" height=\"576\" src=\"http:\/\/lichri.radeln-in-den-sonnenaufgang.de\/wp-content\/uploads\/2019\/08\/DSC_1747_compress17-1024x576.jpg\" alt=\"\" data-id=\"602\" data-link=\"http:\/\/lichri.radeln-in-den-sonnenaufgang.de\/?attachment_id=602\" class=\"wp-image-602\" srcset=\"http:\/\/lichri.radeln-in-den-sonnenaufgang.de\/wp-content\/uploads\/2019\/08\/DSC_1747_compress17-1024x576.jpg 1024w, http:\/\/lichri.radeln-in-den-sonnenaufgang.de\/wp-content\/uploads\/2019\/08\/DSC_1747_compress17-300x169.jpg 300w, http:\/\/lichri.radeln-in-den-sonnenaufgang.de\/wp-content\/uploads\/2019\/08\/DSC_1747_compress17-768x432.jpg 768w, http:\/\/lichri.radeln-in-den-sonnenaufgang.de\/wp-content\/uploads\/2019\/08\/DSC_1747_compress17.jpg 1280w\" sizes=\"(max-width: 767px) 89vw, (max-width: 1000px) 54vw, (max-width: 1071px) 543px, 580px\" \/><\/figure><\/li><li class=\"blocks-gallery-item\"><figure><img decoding=\"async\" loading=\"lazy\" width=\"768\" height=\"1024\" src=\"http:\/\/lichri.radeln-in-den-sonnenaufgang.de\/wp-content\/uploads\/2019\/08\/DSC_1744_compress27-e1565709003750-768x1024.jpg\" alt=\"\" data-id=\"600\" data-link=\"http:\/\/lichri.radeln-in-den-sonnenaufgang.de\/?attachment_id=600\" class=\"wp-image-600\" srcset=\"http:\/\/lichri.radeln-in-den-sonnenaufgang.de\/wp-content\/uploads\/2019\/08\/DSC_1744_compress27-e1565709003750-768x1024.jpg 768w, http:\/\/lichri.radeln-in-den-sonnenaufgang.de\/wp-content\/uploads\/2019\/08\/DSC_1744_compress27-e1565709003750-225x300.jpg 225w, http:\/\/lichri.radeln-in-den-sonnenaufgang.de\/wp-content\/uploads\/2019\/08\/DSC_1744_compress27-e1565709003750.jpg 984w\" sizes=\"(max-width: 767px) 89vw, (max-width: 1000px) 54vw, (max-width: 1071px) 543px, 580px\" \/><\/figure><\/li><\/ul>\n\n\n\n<p>Regelbefolgung<\/p>\n\n\n\n<p>Die Russen sind ein sehr nettes Volk, wobei sie zu beginn sehr distanziert und oft etwas ruppig erscheinen. Man hat uns erkl\u00e4rt, dass in Russland 99,9 % der Menschen gut sind, die 0,1 % nicht so netten Menschen w\u00fcrde man in nur in Moskau finden. Unsere Erg\u00e4nzung hierzu ist: \u00abUnd unter dem Personal der Transibirischen Eisenbahn\u00bb. Es schien manchmal so, als m\u00fcsste man einen schwierigen Schlechte-Laune-Test bestehen, um eingestellt werden zu k\u00f6nnen. Regelbefolgung ist sehr wichtig \u2013 egal wie sinnvoll die Regeln erscheinen. Vorschriften m\u00fcssen befolgt und nicht hinterfragt werden und das gilt f\u00fcr das Personal und f\u00fcr alle Mitreisenden gleicherma\u00dfen. Wie kompliziert es ist die R\u00e4der in den Zug zu bekommen, hat Chris beim letzten Eintrag ja schon geschrieben. Ich habe noch ein weiteres Bespiel. An den meisten Bahnh\u00f6fen, an denen wir waren, mussten wir erst eine Gep\u00e4ckkontrolle (wie man es vom Flughafen kennt) passieren, bevor wir zu den Gleisen kommen konnten. Das bedeutet alle Gep\u00e4cktaschen vom Fahrrad abzumachen, auf die Fliesb\u00e4nder zu packen und auf der anderen Seite wieder aufzuladen, bevor man die Taschen am Gleis wieder abmachen und im Schlafwagen verpacken muss, w\u00e4hrend das Fahrrad in einem komplett anderen Abteil untergebracht wird (nat\u00fcrlich vollkommen verpackt und klein gemacht). Das ganze Prozedere kann aber nicht vorbereitet werden, da erst beim Einfahren des Zuges bekannt gegeben wird, an welchem Gleis der Zug einf\u00e4hrt\u2026 Ihr k\u00f6nnt euch den Stress und die Aufregung vorstellen, die wir jedesmal durchlaufen haben. In Jekaterinburg gab es dann eine Situation, die die sinnlose Regelbefolgung gut beschreibt. Um zu sehen, ob auch auf den Gleisen angezeigt wird wo welcher Zug ankommt, bin ich kurz vor Zugeinfahrt in die Gleisunterf\u00fchrung gelaufen, w\u00e4hrend Chris mit den R\u00e4dern in der Wartehalle wartete. Als ich zu ihm zur\u00fcck gehen wollte (nat\u00fcrlich gab es in der Unterf\u00fchrung keine Anzeige), lies man mich von der Unterf\u00fchung nicht mehr in die Wartehalle. Chris stand 6 Meter von mir entfernt. Man wies mich an den Bahnhof zu verlassen. Ich musste also aus dem Bahnhof raus, um den eingez\u00e4unten Bahnhofsvorplatz herum, durch die Gep\u00e4ckkontrolle hindurch, um wieder in die Wartehalle zu kommen. F\u00fcnf Minuten Fu\u00dfweg f\u00fcr 6 Meter Distanz. Erkl\u00e4rungen meinerseits, dass ich nur zu meinem Mann und den Fahrr\u00e4dern m\u00f6chte, halfen da herzlich wenig. Das sind nur unbedeutende Alltagssituationen, aber auf Dauer w\u00fcrde mich genau das wahnsinnig machen.<\/p>\n\n\n\n<p>S\u00fc\u00dfigkeiten und Google-Translator<\/p>\n\n\n\n<p style=\"text-align:left\">Um so herzlicher und sch\u00f6ner waren die Begegnungen, die wir im Zug mit den Mitreisenden hatten. Wir wurden h\u00e4ufig mit S\u00fc\u00dfigkeiten versorgt und die Leute liesen sich gerne auf Gespr\u00e4che mit uns ein, so schwierig diese aufgrund von fehlenden Sprachkenntnissen auch waren. Google-Translator war sehr hilfreich, falls Empfang f\u00fcr Internet vorhanden war.<\/p>\n\n\n\n<p>N\u00e4chtlicher Fahrgastwechsel<\/p>\n\n\n\n<p>Es passierte auch h\u00e4ufiger, dass wir am Abend eingeschlafen sind und am n\u00e4chsten morgen lag jemand komplett Neues neben uns. In der einen Nacht verlies uns eine sehr nette \u00e4ltere Dame und stattdessen stieg ein junger Mann in Begleitung einiger Polizisten ein, die ihm die Taschen trugen. Chris&#8216; erster Eindruck war, dass sie einen Strafgefangenen auf Freigang in den Zug bringen. Wie sich sp\u00e4ter herausstellte, war der neue Fahrgast jedoch ein Polizeioffizier und die anderen seine ehemaligen \u00abUntergebenen\u00bb. Wir verstanden uns auch mit ihm ganz gut, wenngleich wir wenig miteinander redeten.<\/p>\n\n\n\n<p>Da wir viel nachts\u00fcber fuhren sahen wir weniger, als man sich f\u00fcr eine Transsib-Reise w\u00fcnschen w\u00fcrde. Was sich einpr\u00e4gte, waren die endlosen Birkenw\u00e4lder, die gelegentlich von gro\u00dfen, sumpfigen Wiesenlandschaften unterbrochen wurden. Nach dem Ural, der mit seinen geschwungenen H\u00fcgelchen auf H\u00f6he der Bahnstrecke beinahe unbemerkt vorbeizog, gab es in der sehr flachen westsibirischen Ebene auch einige gro\u00dfe Rapsfelder. Auch weiter im Osten fanden wir diese, dazwischen einige St\u00e4dte, wie Jekaterinburg, Novosibirsk, Krasnojarsk. Die meisten sahen wir nur in der Durchfahrt. Sie waren gepr\u00e4gt von riesigen Fl\u00fcssen, von Industrie und Plattenbauten. Die Bahnh\u00f6fe, die wir je circa 30 Minuten erkunden konnten, waren fast ausschlie\u00dflich mit einer alten Dampflok mit rotem Stern als Anschauungsst\u00fcck oder Dekoration best\u00fcckt. Bis auf zwei bis drei Kioske am Bahnsteig fanden sich aber gegen jede Erwartung KEINE alten Damen, die Geb\u00e4ck oder Obst feilboten. Daf\u00fcr hatten wir auf unserer Fahrt von Moskau nach Jekaterinburg Essen gebucht, dass uns an den Platz gebracht wurde. Bei unserer 2.Klasse \u2013 Fahrt von Jekaterinburg nach Irkutsk wurde uns ebenfalls ein Essen serviert, welches im Preis inbegriffen war. Im Bord-Restaurant h\u00e4tten wir mehr bestellen k\u00f6nnen, aber wir hatten uns in der Stadt noch gut mit Obst, Brot und T\u00fctensuppen eingedeckt<\/p>\n\n\n\n<ul class=\"is-layout-flex wp-block-gallery-3 wp-block-gallery columns-2 is-cropped\"><li class=\"blocks-gallery-item\"><figure><img decoding=\"async\" loading=\"lazy\" width=\"1024\" height=\"683\" src=\"http:\/\/lichri.radeln-in-den-sonnenaufgang.de\/wp-content\/uploads\/2019\/08\/IMG_8778_compress83-1024x683.jpg\" alt=\"\" data-id=\"603\" data-link=\"http:\/\/lichri.radeln-in-den-sonnenaufgang.de\/?attachment_id=603\" class=\"wp-image-603\" srcset=\"http:\/\/lichri.radeln-in-den-sonnenaufgang.de\/wp-content\/uploads\/2019\/08\/IMG_8778_compress83-1024x683.jpg 1024w, http:\/\/lichri.radeln-in-den-sonnenaufgang.de\/wp-content\/uploads\/2019\/08\/IMG_8778_compress83-300x200.jpg 300w, http:\/\/lichri.radeln-in-den-sonnenaufgang.de\/wp-content\/uploads\/2019\/08\/IMG_8778_compress83-768x512.jpg 768w, http:\/\/lichri.radeln-in-den-sonnenaufgang.de\/wp-content\/uploads\/2019\/08\/IMG_8778_compress83.jpg 1296w\" sizes=\"(max-width: 767px) 89vw, (max-width: 1000px) 54vw, (max-width: 1071px) 543px, 580px\" \/><figcaption>Der obligatorische Samovar (Wasserkessel)<\/figcaption><\/figure><\/li><li class=\"blocks-gallery-item\"><figure><img decoding=\"async\" loading=\"lazy\" width=\"1024\" height=\"576\" src=\"http:\/\/lichri.radeln-in-den-sonnenaufgang.de\/wp-content\/uploads\/2019\/08\/DSC_1736_compress28-1024x576.jpg\" alt=\"\" data-id=\"601\" data-link=\"http:\/\/lichri.radeln-in-den-sonnenaufgang.de\/?attachment_id=601\" class=\"wp-image-601\" srcset=\"http:\/\/lichri.radeln-in-den-sonnenaufgang.de\/wp-content\/uploads\/2019\/08\/DSC_1736_compress28-1024x576.jpg 1024w, http:\/\/lichri.radeln-in-den-sonnenaufgang.de\/wp-content\/uploads\/2019\/08\/DSC_1736_compress28-300x169.jpg 300w, http:\/\/lichri.radeln-in-den-sonnenaufgang.de\/wp-content\/uploads\/2019\/08\/DSC_1736_compress28-768x432.jpg 768w, http:\/\/lichri.radeln-in-den-sonnenaufgang.de\/wp-content\/uploads\/2019\/08\/DSC_1736_compress28.jpg 1280w\" sizes=\"(max-width: 767px) 89vw, (max-width: 1000px) 54vw, (max-width: 1071px) 543px, 580px\" \/><figcaption>Irgendein riesiger Fluss in einer riesigen Stadt im riesigen Sibirien<\/figcaption><\/figure><\/li><\/ul>\n\n\n\n<p>Jekaterinburg &#8211; ein Tag voller Begegnungen<\/p>\n\n\n\n<p>Jekaterinburg war ein Erlebnis f\u00fcr sich. Ich w\u00fcrde fast sagen, es war super unn\u00f6tig, dass wir hier hielten. Wir hatten so viel \u00c4rger mit dem Ausladen und Einladen der R\u00e4der, dass ich im R\u00fcckblick, gerne auf den Halt verzichtet h\u00e4tte. Auf der anderen Seite, h\u00e4tten wir auch mindestens zwei Erfahrungen verpasst, die sich uns einpr\u00e4gten:<br> a) Lass kein (scheinbares) Bahnhofspersonal dein Gep\u00e4ck auch nur anfassen. Als wir nach Jekaterinburg einfuhren, packten wir unser Gep\u00e4ck \u2013 zusammen mit vielen anderen \u2013 aus dem engen und vollen 3. Klasse Abteil zusammen und bef\u00f6rderten es nacheinander aufs Gleis. W\u00e4hrend Chris die Taschen durch das Abteil bef\u00f6rderte, nahm Lisa sie auf dem Bahnsteig entgegen. Doch dort war sie nicht alleine. Zwei eifrige Russen in orangenen Warnwesten packten unsere Taschen ungefragt auf Gep\u00e4ckw\u00e4gen. Wir lie\u00dfen es geschehen und freuten uns \u00fcber den Service. Unsere R\u00e4der wurden ebenfalls \u2013 obwohl ich sie montieren wollte \u2013 kurzerhand auf einen Wagen gepackt. Dann fuhren sie schon in Richtung Treppe und Ausgang davon. Ich versuchte noch zu erfragen, ob es eine Gep\u00e4ckunterbringung gab und ohne Auskunft wurden beide W\u00e4gen \u2013 mit meiner Hilfe \u2013 durch die Unterf\u00fchrung und auf den Bahnhofsvorplatz gebracht, bis hin zu einem Hostel. Dort angekommen empfing uns der Chef des Hostels, der uns erkl\u00e4rte, es w\u00fcrde 50 Dollar kosten, das gesamte Gep\u00e4ck hier abzuladen. Er z\u00e4hlte g\u00f6nnerhaft zwei Satteltaschen als eine und berechte damit seinen Preis. Es war absolut l\u00e4cherlich. Wir sagten nein. Er schien damit okay, wir konnten ihm auf Englisch erkl\u00e4ren, dass wir das nicht zahlen k\u00f6nnten. Dann verwie\u00df er uns darauf, dass die Gep\u00e4ck-M\u00e4nner auch noch bezahlt werden m\u00fcssten. Chris seufzte entnervt, da davon vorher keine Rede war. Er hatte vor ihnen gutes Trinkgeld zu geben, aber als sie ihren Preis genauso berechneten wie der Hostel-Typ, fielen Chris fast die Augen aus dem Kopf vor Entsetzen. Wir lie\u00dfen den Hostel-Chef \u00fcbersetzen, dass wir das nicht zahlen werden, dass wir nicht \u00fcber Kosten informiert wurden. Die Gegenseite bestand darauf, dass sie ihre Kinder ern\u00e4hren m\u00fcsste. W\u00e4hrend wir \u2013 von der n\u00e4her kommenden Polizei und den harten Gesichtern der M\u00e4nner um uns eingesch\u00fcchtert \u2013 versuchten ruhig zu bleiben und unseren kochenden \u00c4rger unterdr\u00fcckten, lie\u00dfen sich die Porter um die H\u00e4lfte herunterhandeln, was uns immernoch schwer im Magen lag. Wir hatten ihre Hilfe weder erbeten noch aktiv in Anspruch genommen, uns wurden Kosten verheimlicht und nachher wurden wir ausgepresst. Wir w\u00e4ren vermutlich sogar schneller gewesen, h\u00e4tten wir die R\u00e4der montiert und die Taschen angebracht. Wir h\u00e4tten NICHT die schweren Gep\u00e4ckwagen durch den Bahnhof man\u00f6vrieren m\u00fcssen. Und dann noch daf\u00fcr 25 Euro bezahlen. Eine absolute Frechheit \u2013 und eine Lektion f\u00fcr uns und nun f\u00fcr euch: Lasst niemanden eure Taschen oder R\u00e4der nehmen ohne vorher die Konsequenzen zu kennen. <\/p>\n\n\n\n<p> b) Die zweite nennenswerte Erfahrung, die wir in Jekaterinburg machten: Orthodoxe Christen hier haben eine teilweise verst\u00f6rend andere Kultur, speziell was die Devotionalien angeht. Es gibt gro\u00dfe M\u00e4rkte, wo man allerlei Amulette, Kerzen, Schals und und und kaufen kann und die scheinbar eine gro\u00dfe Bedeutung f\u00fcr die Gl\u00e4ubigen hier haben. W\u00e4hrend wir direkt zu Gott beten, kommt den Heiligen hier eine unglaublich gro\u00dfe Bedeutung zu. Dies erfuhren wir auch durch die Begegnung mit einer sehr sehr alten Frau vor einer B\u00e4ckerei. Sie begr\u00fc\u00dfte uns, von ihrem Tisch aufschauend, mit leuchtenden Augen, die W\u00e4rme und Liebe verspr\u00fchten. Chris, den sie fixierte, da Lisa weiter weg bei den R\u00e4dern stand, verstand erst kein Wort und gr\u00fc\u00dfte nur freundlich zur\u00fcck. Dann fing sie pl\u00f6tzlich an mit ihm zu reden, zu ihm zu reden. Ein endloser Schwall russischer, warmer Worte ergoss sich \u00fcber Chris bis er \u2013 als sie die Augen schloss \u2013 bemerkte, dass sie betete, ihn segnete. Chris war irritiert und von der Herzlichkeit der Alten \u00fcberw\u00e4ltigt. Er versuchte, so gut er konnte, zu erwiedern, was die alte Frau ihm entgegen brachte. Dann verabschiedeten sie sich mit einer Umarmung und einem Kuss der Alten auf Chris Wange. Eine Familie, k\u00f6nnte man meinen. Als Chris aus der B\u00e4ckerei trat, dr\u00fcckte ihm die Christin ein kleine, d\u00fcnne Kerze und einen handbeschriebenen Zettel in die Hand, auf den offenkundig Bibelverse, vermutlich ein Psalm, auf kyrillisch niedergeschrieben war. Chris konnte den Zettel tagelang nicht entziffern, die kyrillische Handschrift war ihm hierf\u00fcr zu fremd. Doch diese absolut unerwartete Geste der G\u00fcte, des Glaubens, der Liebe und Segnung bewegten ihn tief. <br>Wir trafen die Dame auf dem R\u00fcckweg zum Bahnhof vor einem Supermarkt wieder, wo sich eine \u00e4hnliche Szene abspielte. Diesmal war Lisa direkt dabei und auch sie wurde \u2013 begr\u00fc\u00dft mit den Worten \u00abMein liebes Kind\u00bb &#8211; gesegnet und beschenkt. Sie kramte Schokolade aus ihrer Tasche, die sie gerade gekauft haben musste. Dann legte sie \u2013 nach weiterem langen Kramen \u2013 jeweils eine unserer H\u00e4nde auf eine Stelle der Tasche, hielt sie dort und betete mit geschlossenen Augen f\u00fcr uns. Vermutlich hatte sie ein Heiligen-Amulett in der Tasche, doch so fremd ich die hohe Bedeutung dieser Devotionalien und Heiligen empfand, so sehr beeindruckte mich doch die Leidenschaft und Zuversicht, mit der sie uns segnete. Einige Fu\u00dfg\u00e4nger starrten sie, bzw. uns an, wie wir da standen, die meisten ignorierten die Szene g\u00e4nzlich. Vielleicht kam es aktuell vermehrt hierzu oder es war sogar normal. Wir besuchten vorher einen Markt mit Devotionalien der an einem Stadion messe\u00e4hnlich aufgebaut war. Vielleicht war diese Begegnung, zumindest mit dieser alten Dame, aber auch einfach genauso einzigartig, wie wir sie erlebten. <\/p>\n\n\n\n<p>Als wir dort standen, kam auch eine junge Frau aus dem Supermarkt und brachte der alten Dame, als h\u00e4tte sie es bestellt, ein Eis. Sie bedankte sich und nahm es entgegen. Dann, als die junge Frau wegging, dr\u00fcckte sie es Lisa in die Hand \u2013 mit einem etwas schelmischen L\u00e4cheln. Die Leichtigkeit und Freiherzigkeit mit der sie uns begegnete, inspiriert uns auch jetzt noch und wir hoffen, sie auch f\u00fcr unser Leben und unseren Umgang mit Mitmenschen erlernen zu k\u00f6nnen.<\/p>\n\n\n\n<p>Diese Erfahrungen, die negative wie auch die sehr positive, die wir hier machten, rechtfertigten auf die eine oder andere Weise den Aufwand, den wir mit unserem mehrst\u00fcndigen Halt hier hatten. Hinzu kommt die Begegnung und das lange Gespr\u00e4ch mit dem jungen Soldaten Slawa, der uns vor dem Bahnhof ansprach. Wir leisteten ihm scheinbar in einer schwierigen Zeit Gesellschaft. Er dankte es uns, in dem er uns seine Waffenlizenz und sein Armeekit schenkte, das aus Kamm, N\u00e4hset und Tuch bestand. Er wollte uns auch noch Fotos seiner liebsten schenken, aber wir konnten ihn \u00fcberzeugen, dass er wenigstens das selbst behalten sollte. Wir versuchten ihm auch die anderen Dinge zur\u00fcck zu geben, aber er bestand darauf, dass wir sie behielten. Eines sei Beweis seines Vertrauens in uns, das andere Zeichen seiner Dankbarkeit und Freundschaft. Wir verstehen bis heute nicht, was es damit auf sich hatte, rechnen dem Akohol aber einen gro\u00dfen Teil dieser Entscheidungen zu. Ob er sich noch an uns erinnern w\u00fcrde, wenn wir seine Einladung nach St. Petersburg und zum Hundeschlitten fahren eines Tages annehmen w\u00fcrden?<\/p>\n\n\n\n<p>Irkutsk &#8211; Ankommen in Asien <\/p>\n\n\n\n<p>Wir besuchten in Jekaterinburg auch die \u00abKirche auf dem Blut\u00bb, ein orthodoxer Prachtbau auf dem Ermordungsort der letzten Zarenfamilie Russlands, der Romanovs. Es wurde nochmal deutlich, wie verbandelt Kirche und Staat bis ins 20. Jahrhundert hier waren \u2013 und wir lasen einiges an Geschichte Russlands dazu. Doch dieser Besuch, die Sehensw\u00fcrdigkeiten, die Fotos\u2026 das ist alles nicht, was unsere Reise ausmacht. Nein. Hier wurde wieder deutlich, dass es die Begegnungen mit Menschen sind, die uns am meisten pr\u00e4gen und aus denen wir am meisten Sch\u00f6pfen\u2026 abgesehen vielleicht von unmittelbaren Not- und g\u00f6ttlichen Rettungserfahrungen, wie wir sie beispielsweise in Buryatien machen w\u00fcrden. <\/p>\n\n\n\n<figure class=\"wp-block-image\"><img decoding=\"async\" loading=\"lazy\" width=\"1024\" height=\"576\" src=\"http:\/\/lichri.radeln-in-den-sonnenaufgang.de\/wp-content\/uploads\/2019\/08\/DSC_1757-1024x576.jpg\" alt=\"\" class=\"wp-image-606\" srcset=\"http:\/\/lichri.radeln-in-den-sonnenaufgang.de\/wp-content\/uploads\/2019\/08\/DSC_1757-1024x576.jpg 1024w, http:\/\/lichri.radeln-in-den-sonnenaufgang.de\/wp-content\/uploads\/2019\/08\/DSC_1757-300x169.jpg 300w, http:\/\/lichri.radeln-in-den-sonnenaufgang.de\/wp-content\/uploads\/2019\/08\/DSC_1757-768x432.jpg 768w\" sizes=\"(max-width: 767px) 89vw, (max-width: 1000px) 54vw, (max-width: 1071px) 543px, 580px\" \/><figcaption>Der Angara teilt die Gro\u00dfstadt Irkutsk: Links das Zentrum, rechts der Bahnhof an dem wir ankamen.<\/figcaption><\/figure>\n\n\n\n<p>Unsere Ankunft in Irkutsk war dann \u2013 nachdem Jekaterinburg zwar schon sehr chaotisch, aber noch einigerma\u00dfen sauber war \u2013 ein Ankommen auf einem anderen Kontinent, fast schon in einer anderen Welt. V\u00f6llig kaputter Asphalt, Autos und Busse stehen kreuz und quer vor dem Bahnhof, schwarzer Qualm auf den Stra\u00dfen macht das Atmen schwer. Der \u00d6lfilm, der in allen Farben des Regenbogens auf den Pf\u00fctzen der regengetr\u00e4nkten Stadt schwamm, gab die n\u00f6tigen Farbaktzente f\u00fcr das schmutz- und wolkengraue Stadtbild. Wir waren zwar bereits einiges an Stadtverkehr gewohnt aus Moskau und St. Petersburg, Tallin und Helsinki. Aber das Gewimmel dieser Stra\u00dfen war unsere erste Begegnung mit asiatischen Verkehrsrelationen. Wir machten uns \u2013 Tipps eines WarmShowers Hosts in Irkutsk folgend \u2013 auf die Suche nach einem Bus in Richtung Baikalsee. Uns wurde empfohlen die Insel zu besuchen oder auf der Ostseite des Sees am Ufer zu radeln. Diese Rad-Reise-Tipps gingen zwar gegen mein Verst\u00e4ndnis von Radreisen, da es eher etwas von Destinations-Urlaub hatte (Hinfahrt-Aufenthalt-R\u00fcckfahrt), doch wir lie\u00dfen uns darauf ein. Schlie\u00dflich fanden wir einen Bus, der am kommenden Morgen die Stadt verlassen und zur F\u00e4hre nach Olchon, der Insel im See, fahren w\u00fcrde. Da der WarmShowers-Gastgeber nicht zu Hause war nahmen wir das Dormitory des Marco-Polo-Hostels direkt am Busbahnhof f\u00fcr umgerechnet 7 Euro pro Person in Anspruch und machten uns tagsdrauf auf den Weg zur Insel. Die R\u00e4der passten demontiert gerade so in das Gep\u00e4ckfach des Buses, nur Lisas Vorderlicht musste dran glauben \u2013 was aber zu verkraften war. Es wurde einfach mit Panzertape wieder angeklebt. <\/p>\n\n\n\n<p>F\u00e4hre nach Olchon<\/p>\n\n\n\n<p>Am F\u00e4hrhafen angekommen hie\u00df es pl\u00f6tzlich: Alle aussteigen, alles raus, auf der anderen Seite wieder in einen Bus. Wir dachten der Bus w\u00fcrde auf die F\u00e4hre fahren, aber da irrten wir. Nat\u00fcrlich war die F\u00e4hre mit unseren Mitreisenden abgefahren, bis wir unsere R\u00e4der aus dem Bus herausbuchsiert, montiert und bepackt hatten. Egal, dachten wir. Wir fahren die 40 Kilometer bis zum Inselst\u00e4dtchen Khushir einfach mit dem Rad. F\u00fcr uns trainierten Radler war das ja keine Strecke. Doch weit geirrt. Die Stra\u00dfen der Insel haben den Namen Stra\u00dfe kaum verdient. Es sind reine Waschbrett-Pisten. Wir verlie\u00dfen sie alsbald, nicht zuletzt um den Staubwolken der vorbeirasenden Touri-Kleinbussen zu entkommen, die \u00fcber die Pisten flitzten. Leider bermerkte ich zu sp\u00e4t, dass uns eine Nalgene-Flasche auf der Huckelpiste verloren ging. Auch das erneute 10 Kilometer hin und her abradeln der Strecke lie\u00df sie nicht wieder auftauchen. <\/p>\n\n\n\n<figure class=\"wp-block-image\"><img decoding=\"async\" loading=\"lazy\" width=\"1024\" height=\"683\" src=\"http:\/\/lichri.radeln-in-den-sonnenaufgang.de\/wp-content\/uploads\/2019\/08\/IMG_8845_compress96-1024x683.jpg\" alt=\"\" class=\"wp-image-580\" srcset=\"http:\/\/lichri.radeln-in-den-sonnenaufgang.de\/wp-content\/uploads\/2019\/08\/IMG_8845_compress96-1024x683.jpg 1024w, http:\/\/lichri.radeln-in-den-sonnenaufgang.de\/wp-content\/uploads\/2019\/08\/IMG_8845_compress96-300x200.jpg 300w, http:\/\/lichri.radeln-in-den-sonnenaufgang.de\/wp-content\/uploads\/2019\/08\/IMG_8845_compress96-768x512.jpg 768w, http:\/\/lichri.radeln-in-den-sonnenaufgang.de\/wp-content\/uploads\/2019\/08\/IMG_8845_compress96.jpg 1296w\" sizes=\"(max-width: 767px) 89vw, (max-width: 1000px) 54vw, (max-width: 1071px) 543px, 580px\" \/><\/figure>\n\n\n\n<p>Flechtenwerk und Donnerschlag<\/p>\n\n\n\n<p>Zu diesem Zeitpunkt war es bereits so sp\u00e4t, dass wir noch \u00fcber einen Berg radelten, die Aussicht genossen und dann am Wasser zwischen Felsen, faszinierenden kleinen Pfanzenkolonien und Flechten unser Zelt aufschlugen. Gerade noch rechtzeitig bevor ein pl\u00f6tzliches Gewitter \u00fcber uns hereinbrach. Donner rollte \u00fcber uns hinweg und Blitze brannten sich gestochen scharf durch die Zeltwand lila in unsere Netzh\u00e4ute. Es war wirklich furchterregend, besonders da es in diesem Teil der Insel keinerlei Deckung gab. Schicksalsergeben vertrauten wir also darauf, dass wir schon alles gut \u00fcberleben w\u00fcrden. <\/p>\n\n\n\n<ul class=\"is-layout-flex wp-block-gallery-5 wp-block-gallery columns-3 is-cropped\"><li class=\"blocks-gallery-item\"><figure><img decoding=\"async\" loading=\"lazy\" width=\"1024\" height=\"683\" src=\"http:\/\/lichri.radeln-in-den-sonnenaufgang.de\/wp-content\/uploads\/2019\/08\/IMG_8930_compress92-1024x683.jpg\" alt=\"\" data-id=\"589\" data-link=\"http:\/\/lichri.radeln-in-den-sonnenaufgang.de\/?attachment_id=589\" class=\"wp-image-589\" srcset=\"http:\/\/lichri.radeln-in-den-sonnenaufgang.de\/wp-content\/uploads\/2019\/08\/IMG_8930_compress92-1024x683.jpg 1024w, http:\/\/lichri.radeln-in-den-sonnenaufgang.de\/wp-content\/uploads\/2019\/08\/IMG_8930_compress92-300x200.jpg 300w, http:\/\/lichri.radeln-in-den-sonnenaufgang.de\/wp-content\/uploads\/2019\/08\/IMG_8930_compress92-768x512.jpg 768w, http:\/\/lichri.radeln-in-den-sonnenaufgang.de\/wp-content\/uploads\/2019\/08\/IMG_8930_compress92.jpg 1296w\" sizes=\"(max-width: 767px) 89vw, (max-width: 1000px) 54vw, (max-width: 1071px) 543px, 580px\" \/><\/figure><\/li><li class=\"blocks-gallery-item\"><figure><img decoding=\"async\" loading=\"lazy\" width=\"1024\" height=\"683\" src=\"http:\/\/lichri.radeln-in-den-sonnenaufgang.de\/wp-content\/uploads\/2019\/08\/IMG_8924_compress84-1024x683.jpg\" alt=\"\" data-id=\"586\" data-link=\"http:\/\/lichri.radeln-in-den-sonnenaufgang.de\/?attachment_id=586\" class=\"wp-image-586\" srcset=\"http:\/\/lichri.radeln-in-den-sonnenaufgang.de\/wp-content\/uploads\/2019\/08\/IMG_8924_compress84-1024x683.jpg 1024w, http:\/\/lichri.radeln-in-den-sonnenaufgang.de\/wp-content\/uploads\/2019\/08\/IMG_8924_compress84-300x200.jpg 300w, http:\/\/lichri.radeln-in-den-sonnenaufgang.de\/wp-content\/uploads\/2019\/08\/IMG_8924_compress84-768x512.jpg 768w, http:\/\/lichri.radeln-in-den-sonnenaufgang.de\/wp-content\/uploads\/2019\/08\/IMG_8924_compress84.jpg 1296w\" sizes=\"(max-width: 767px) 89vw, (max-width: 1000px) 54vw, (max-width: 1071px) 543px, 580px\" \/><\/figure><\/li><li class=\"blocks-gallery-item\"><figure><img decoding=\"async\" loading=\"lazy\" width=\"683\" height=\"1024\" src=\"http:\/\/lichri.radeln-in-den-sonnenaufgang.de\/wp-content\/uploads\/2019\/08\/IMG_8893_compress75-e1565709175334-683x1024.jpg\" alt=\"\" data-id=\"584\" data-link=\"http:\/\/lichri.radeln-in-den-sonnenaufgang.de\/?attachment_id=584\" class=\"wp-image-584\" srcset=\"http:\/\/lichri.radeln-in-den-sonnenaufgang.de\/wp-content\/uploads\/2019\/08\/IMG_8893_compress75-e1565709175334-683x1024.jpg 683w, http:\/\/lichri.radeln-in-den-sonnenaufgang.de\/wp-content\/uploads\/2019\/08\/IMG_8893_compress75-e1565709175334-200x300.jpg 200w, http:\/\/lichri.radeln-in-den-sonnenaufgang.de\/wp-content\/uploads\/2019\/08\/IMG_8893_compress75-e1565709175334-768x1152.jpg 768w, http:\/\/lichri.radeln-in-den-sonnenaufgang.de\/wp-content\/uploads\/2019\/08\/IMG_8893_compress75-e1565709175334.jpg 864w\" sizes=\"(max-width: 683px) 100vw, 683px\" \/><\/figure><\/li><li class=\"blocks-gallery-item\"><figure><img decoding=\"async\" loading=\"lazy\" width=\"1024\" height=\"683\" src=\"http:\/\/lichri.radeln-in-den-sonnenaufgang.de\/wp-content\/uploads\/2019\/08\/IMG_8813_compress64-1024x683.jpg\" alt=\"\" data-id=\"583\" data-link=\"http:\/\/lichri.radeln-in-den-sonnenaufgang.de\/?attachment_id=583\" class=\"wp-image-583\" srcset=\"http:\/\/lichri.radeln-in-den-sonnenaufgang.de\/wp-content\/uploads\/2019\/08\/IMG_8813_compress64-1024x683.jpg 1024w, http:\/\/lichri.radeln-in-den-sonnenaufgang.de\/wp-content\/uploads\/2019\/08\/IMG_8813_compress64-300x200.jpg 300w, http:\/\/lichri.radeln-in-den-sonnenaufgang.de\/wp-content\/uploads\/2019\/08\/IMG_8813_compress64-768x512.jpg 768w, http:\/\/lichri.radeln-in-den-sonnenaufgang.de\/wp-content\/uploads\/2019\/08\/IMG_8813_compress64.jpg 1296w\" sizes=\"(max-width: 767px) 89vw, (max-width: 1000px) 54vw, (max-width: 1071px) 543px, 580px\" \/><\/figure><\/li><\/ul>\n\n\n\n<p>Wilde Pferde und Waschbrettpisten<\/p>\n\n\n\n<p>Am n\u00e4chsten morgen weckte uns die hei\u00dfe Sonne und eine kleine Pferdeherde begr\u00fc\u00dfte uns von der gegen\u00fcberliegenden Seite der Bucht her. Erstmal ins k\u00fchle Nass des Sees, gr\u00fcndlich waschen bevor wir gem\u00fctlich fr\u00fchst\u00fcckten. Wir beschlossen auf den kleinen Wegen zu bleiben und an der K\u00fcste entlang zu fahren. Wir hatten keine Ahnung, auf welche Gewaltstrecke wir uns da einlie\u00dfen. Jedenfalls brauchten wir noch eineinhalb Tage um in den Inselhauptort zu kommen. Hitze, Sonnenbrand, Schwei\u00df, Staub, Berge, Waschbrettpisten und tausende kleine Fliegen und M\u00fccken strapazierten unsere Nerven derma\u00dfen, dass wir \u2013 als wir erstmal im Ort ankamen \u2013 einen Tag Pause brauchten, um wieder einigerma\u00dfen klar zu kommen. Hier konnten wir dann auch nach zwei Tagen das erste mal wieder richtig die sch\u00f6nen Aussichten genie\u00dfen. Hier schmiedeten wir dann auch Pl\u00e4ne mit Florian, der uns mitteilte, dass er in die Mongolei kommen w\u00fcrde, allerdings bereits am 28. Juli. Wir planten zum 30. erst Russland zu verlassen. Jetzt mussten wir uns ranhalten. <\/p>\n\n\n\n<figure class=\"wp-block-image\"><img decoding=\"async\" loading=\"lazy\" width=\"1024\" height=\"683\" src=\"http:\/\/lichri.radeln-in-den-sonnenaufgang.de\/wp-content\/uploads\/2019\/08\/IMG_8912_compress29-1024x683.jpg\" alt=\"\" class=\"wp-image-585\" srcset=\"http:\/\/lichri.radeln-in-den-sonnenaufgang.de\/wp-content\/uploads\/2019\/08\/IMG_8912_compress29-1024x683.jpg 1024w, http:\/\/lichri.radeln-in-den-sonnenaufgang.de\/wp-content\/uploads\/2019\/08\/IMG_8912_compress29-300x200.jpg 300w, http:\/\/lichri.radeln-in-den-sonnenaufgang.de\/wp-content\/uploads\/2019\/08\/IMG_8912_compress29-768x512.jpg 768w, http:\/\/lichri.radeln-in-den-sonnenaufgang.de\/wp-content\/uploads\/2019\/08\/IMG_8912_compress29.jpg 1296w\" sizes=\"(max-width: 767px) 89vw, (max-width: 1000px) 54vw, (max-width: 1071px) 543px, 580px\" \/><\/figure>\n\n\n\n<ul class=\"is-layout-flex wp-block-gallery-7 wp-block-gallery columns-2 is-cropped\"><li class=\"blocks-gallery-item\"><figure><img decoding=\"async\" loading=\"lazy\" width=\"768\" height=\"1024\" src=\"http:\/\/lichri.radeln-in-den-sonnenaufgang.de\/wp-content\/uploads\/2019\/08\/DSC_1871_compress71-e1565709220765-768x1024.jpg\" alt=\"\" data-id=\"577\" data-link=\"http:\/\/lichri.radeln-in-den-sonnenaufgang.de\/?attachment_id=577\" class=\"wp-image-577\" srcset=\"http:\/\/lichri.radeln-in-den-sonnenaufgang.de\/wp-content\/uploads\/2019\/08\/DSC_1871_compress71-e1565709220765-768x1024.jpg 768w, http:\/\/lichri.radeln-in-den-sonnenaufgang.de\/wp-content\/uploads\/2019\/08\/DSC_1871_compress71-e1565709220765-225x300.jpg 225w, http:\/\/lichri.radeln-in-den-sonnenaufgang.de\/wp-content\/uploads\/2019\/08\/DSC_1871_compress71-e1565709220765.jpg 984w\" sizes=\"(max-width: 767px) 89vw, (max-width: 1000px) 54vw, (max-width: 1071px) 543px, 580px\" \/><\/figure><\/li><li class=\"blocks-gallery-item\"><figure><img decoding=\"async\" loading=\"lazy\" width=\"683\" height=\"1024\" src=\"http:\/\/lichri.radeln-in-den-sonnenaufgang.de\/wp-content\/uploads\/2019\/08\/IMG_8956_compress21-e1565709062657-683x1024.jpg\" alt=\"\" data-id=\"594\" data-link=\"http:\/\/lichri.radeln-in-den-sonnenaufgang.de\/?attachment_id=594\" class=\"wp-image-594\" srcset=\"http:\/\/lichri.radeln-in-den-sonnenaufgang.de\/wp-content\/uploads\/2019\/08\/IMG_8956_compress21-e1565709062657-683x1024.jpg 683w, http:\/\/lichri.radeln-in-den-sonnenaufgang.de\/wp-content\/uploads\/2019\/08\/IMG_8956_compress21-e1565709062657-200x300.jpg 200w, http:\/\/lichri.radeln-in-den-sonnenaufgang.de\/wp-content\/uploads\/2019\/08\/IMG_8956_compress21-e1565709062657-768x1152.jpg 768w, http:\/\/lichri.radeln-in-den-sonnenaufgang.de\/wp-content\/uploads\/2019\/08\/IMG_8956_compress21-e1565709062657.jpg 864w\" sizes=\"(max-width: 683px) 100vw, 683px\" \/><\/figure><\/li><\/ul>\n\n\n\n<p>Mit dem Schnellboot \u00fcber den See<\/p>\n\n\n\n<p>Neben den gem\u00fctlichen Caf\u00e9-Besuchen und Spazierg\u00e4ngen, versuchten wir auch die F\u00e4hre zu finden, die es laut Open-Street-Maps hier geben sollte und die uns auf die Ostseite des Sees bringen sollte. Bei unseren Recherchen mussten wir leider etwas zu sp\u00e4t feststellen, dass die F\u00e4hre bereits vor 2 Jahren abgebrannt war und nicht ersetzt wurde. Wir h\u00e4tten nun entweder mit dem Rad oder Bus zur\u00fcck nach Irkutsk und dann mit Zug und Rad gen Grenze fahren k\u00f6nnen. Doch w\u00e4re der Zug recht teuer und die Stra\u00dfe vermutlich stark befahren. Und wir wollten doch noch etwas mehr vom Baikalsee sehen. Schlie\u00dflich fanden wir einen Reiseanbieter im Ort, der ein Schnellboot f\u00fcr uns und drei russische Studenten organisierte, das uns \u00fcber den See bringen w\u00fcrde. Die drei Stunden Schnellboot lie\u00df sich der neue F\u00e4hrmann gut bezahlen und wir waren froh, dass die R\u00e4der, die an der Vorderrehling des Motorbootes \u00abbefestigt\u00bb waren, nicht in den Untiefen des gr\u00f6\u00dften S\u00fc\u00dfwasserressorts der Welt versanken. Fast lie\u00dfen wir uns dazu hinrei\u00dfen, mit einem Hostel-Betreiber in Ust-Barguzin zu fahren, um die hei\u00dfen Quellen und den Nationalpark zu erkunden, doch bestand Lisa darauf, dass wir losfuhren, um rechtzeitig nach Ulan Bator zu kommen, um Flo zu treffen.<\/p>\n\n\n\n<ul class=\"is-layout-flex wp-block-gallery-9 wp-block-gallery columns-3 is-cropped\"><li class=\"blocks-gallery-item\"><figure><img decoding=\"async\" loading=\"lazy\" width=\"1024\" height=\"683\" src=\"http:\/\/lichri.radeln-in-den-sonnenaufgang.de\/wp-content\/uploads\/2019\/08\/IMG_9026_compress58-1024x683.jpg\" alt=\"\" data-id=\"590\" data-link=\"http:\/\/lichri.radeln-in-den-sonnenaufgang.de\/?attachment_id=590\" class=\"wp-image-590\" srcset=\"http:\/\/lichri.radeln-in-den-sonnenaufgang.de\/wp-content\/uploads\/2019\/08\/IMG_9026_compress58-1024x683.jpg 1024w, http:\/\/lichri.radeln-in-den-sonnenaufgang.de\/wp-content\/uploads\/2019\/08\/IMG_9026_compress58-300x200.jpg 300w, http:\/\/lichri.radeln-in-den-sonnenaufgang.de\/wp-content\/uploads\/2019\/08\/IMG_9026_compress58-768x512.jpg 768w, http:\/\/lichri.radeln-in-den-sonnenaufgang.de\/wp-content\/uploads\/2019\/08\/IMG_9026_compress58.jpg 1296w\" sizes=\"(max-width: 767px) 89vw, (max-width: 1000px) 54vw, (max-width: 1071px) 543px, 580px\" \/><\/figure><\/li><li class=\"blocks-gallery-item\"><figure><img decoding=\"async\" loading=\"lazy\" width=\"683\" height=\"1024\" src=\"http:\/\/lichri.radeln-in-den-sonnenaufgang.de\/wp-content\/uploads\/2019\/08\/IMG_9034_compress79-e1565709129689-683x1024.jpg\" alt=\"\" data-id=\"592\" data-link=\"http:\/\/lichri.radeln-in-den-sonnenaufgang.de\/?attachment_id=592\" class=\"wp-image-592\" srcset=\"http:\/\/lichri.radeln-in-den-sonnenaufgang.de\/wp-content\/uploads\/2019\/08\/IMG_9034_compress79-e1565709129689-683x1024.jpg 683w, http:\/\/lichri.radeln-in-den-sonnenaufgang.de\/wp-content\/uploads\/2019\/08\/IMG_9034_compress79-e1565709129689-200x300.jpg 200w, http:\/\/lichri.radeln-in-den-sonnenaufgang.de\/wp-content\/uploads\/2019\/08\/IMG_9034_compress79-e1565709129689-768x1152.jpg 768w, http:\/\/lichri.radeln-in-den-sonnenaufgang.de\/wp-content\/uploads\/2019\/08\/IMG_9034_compress79-e1565709129689.jpg 864w\" sizes=\"(max-width: 683px) 100vw, 683px\" \/><\/figure><\/li><li class=\"blocks-gallery-item\"><figure><img decoding=\"async\" loading=\"lazy\" width=\"683\" height=\"1024\" src=\"http:\/\/lichri.radeln-in-den-sonnenaufgang.de\/wp-content\/uploads\/2019\/08\/IMG_9029_compress52-e1565709089343-683x1024.jpg\" alt=\"\" data-id=\"593\" data-link=\"http:\/\/lichri.radeln-in-den-sonnenaufgang.de\/?attachment_id=593\" class=\"wp-image-593\" srcset=\"http:\/\/lichri.radeln-in-den-sonnenaufgang.de\/wp-content\/uploads\/2019\/08\/IMG_9029_compress52-e1565709089343-683x1024.jpg 683w, http:\/\/lichri.radeln-in-den-sonnenaufgang.de\/wp-content\/uploads\/2019\/08\/IMG_9029_compress52-e1565709089343-200x300.jpg 200w, http:\/\/lichri.radeln-in-den-sonnenaufgang.de\/wp-content\/uploads\/2019\/08\/IMG_9029_compress52-e1565709089343-768x1152.jpg 768w, http:\/\/lichri.radeln-in-den-sonnenaufgang.de\/wp-content\/uploads\/2019\/08\/IMG_9029_compress52-e1565709089343.jpg 864w\" sizes=\"(max-width: 683px) 100vw, 683px\" \/><\/figure><\/li><li class=\"blocks-gallery-item\"><figure><img decoding=\"async\" loading=\"lazy\" width=\"1024\" height=\"683\" src=\"http:\/\/lichri.radeln-in-den-sonnenaufgang.de\/wp-content\/uploads\/2019\/08\/IMG_9071_compress25-1024x683.jpg\" alt=\"\" data-id=\"595\" data-link=\"http:\/\/lichri.radeln-in-den-sonnenaufgang.de\/?attachment_id=595\" class=\"wp-image-595\" srcset=\"http:\/\/lichri.radeln-in-den-sonnenaufgang.de\/wp-content\/uploads\/2019\/08\/IMG_9071_compress25-1024x683.jpg 1024w, http:\/\/lichri.radeln-in-den-sonnenaufgang.de\/wp-content\/uploads\/2019\/08\/IMG_9071_compress25-300x200.jpg 300w, http:\/\/lichri.radeln-in-den-sonnenaufgang.de\/wp-content\/uploads\/2019\/08\/IMG_9071_compress25-768x512.jpg 768w, http:\/\/lichri.radeln-in-den-sonnenaufgang.de\/wp-content\/uploads\/2019\/08\/IMG_9071_compress25.jpg 1296w\" sizes=\"(max-width: 767px) 89vw, (max-width: 1000px) 54vw, (max-width: 1071px) 543px, 580px\" \/><\/figure><\/li><li class=\"blocks-gallery-item\"><figure><img decoding=\"async\" loading=\"lazy\" width=\"1024\" height=\"683\" src=\"http:\/\/lichri.radeln-in-den-sonnenaufgang.de\/wp-content\/uploads\/2019\/08\/IMG_9084_compress43-1024x683.jpg\" alt=\"\" data-id=\"596\" data-link=\"http:\/\/lichri.radeln-in-den-sonnenaufgang.de\/?attachment_id=596\" class=\"wp-image-596\" srcset=\"http:\/\/lichri.radeln-in-den-sonnenaufgang.de\/wp-content\/uploads\/2019\/08\/IMG_9084_compress43-1024x683.jpg 1024w, http:\/\/lichri.radeln-in-den-sonnenaufgang.de\/wp-content\/uploads\/2019\/08\/IMG_9084_compress43-300x200.jpg 300w, http:\/\/lichri.radeln-in-den-sonnenaufgang.de\/wp-content\/uploads\/2019\/08\/IMG_9084_compress43-768x512.jpg 768w, http:\/\/lichri.radeln-in-den-sonnenaufgang.de\/wp-content\/uploads\/2019\/08\/IMG_9084_compress43.jpg 1296w\" sizes=\"(max-width: 767px) 89vw, (max-width: 1000px) 54vw, (max-width: 1071px) 543px, 580px\" \/><\/figure><\/li><li class=\"blocks-gallery-item\"><figure><img decoding=\"async\" loading=\"lazy\" width=\"1024\" height=\"683\" src=\"http:\/\/lichri.radeln-in-den-sonnenaufgang.de\/wp-content\/uploads\/2019\/08\/IMG_9077_compress44-1024x683.jpg\" alt=\"\" data-id=\"597\" data-link=\"http:\/\/lichri.radeln-in-den-sonnenaufgang.de\/?attachment_id=597\" class=\"wp-image-597\" srcset=\"http:\/\/lichri.radeln-in-den-sonnenaufgang.de\/wp-content\/uploads\/2019\/08\/IMG_9077_compress44-1024x683.jpg 1024w, http:\/\/lichri.radeln-in-den-sonnenaufgang.de\/wp-content\/uploads\/2019\/08\/IMG_9077_compress44-300x200.jpg 300w, http:\/\/lichri.radeln-in-den-sonnenaufgang.de\/wp-content\/uploads\/2019\/08\/IMG_9077_compress44-768x512.jpg 768w, http:\/\/lichri.radeln-in-den-sonnenaufgang.de\/wp-content\/uploads\/2019\/08\/IMG_9077_compress44.jpg 1296w\" sizes=\"(max-width: 767px) 89vw, (max-width: 1000px) 54vw, (max-width: 1071px) 543px, 580px\" \/><\/figure><\/li><li class=\"blocks-gallery-item\"><figure><img decoding=\"async\" loading=\"lazy\" width=\"683\" height=\"1024\" src=\"http:\/\/lichri.radeln-in-den-sonnenaufgang.de\/wp-content\/uploads\/2019\/08\/IMG_9090_compress10-e1565709036314-683x1024.jpg\" alt=\"\" data-id=\"598\" data-link=\"http:\/\/lichri.radeln-in-den-sonnenaufgang.de\/?attachment_id=598\" class=\"wp-image-598\" srcset=\"http:\/\/lichri.radeln-in-den-sonnenaufgang.de\/wp-content\/uploads\/2019\/08\/IMG_9090_compress10-e1565709036314-683x1024.jpg 683w, http:\/\/lichri.radeln-in-den-sonnenaufgang.de\/wp-content\/uploads\/2019\/08\/IMG_9090_compress10-e1565709036314-200x300.jpg 200w, http:\/\/lichri.radeln-in-den-sonnenaufgang.de\/wp-content\/uploads\/2019\/08\/IMG_9090_compress10-e1565709036314-768x1152.jpg 768w, http:\/\/lichri.radeln-in-den-sonnenaufgang.de\/wp-content\/uploads\/2019\/08\/IMG_9090_compress10-e1565709036314.jpg 864w\" sizes=\"(max-width: 683px) 100vw, 683px\" \/><\/figure><\/li><\/ul>\n\n\n\n<p>Weg nach Ulan-Ude<\/p>\n\n\n\n<p>Die Stra\u00dfe, die in S\u00fcdwestrichtung am See entlang f\u00fchrte und uns nach Ulan-Ude, der Hauptstadt der autonomen Region Buryatien, bringen sollte, war zu Beginn noch geteert und gut befahrbar\u2026 Wie es uns der Irkutsker WarmShowers Host beschrieb. Dann kamen wir jedoch nach etwa 25 Kilometern in eine ebensolange Baustelle. Staub, Schotter, Maschinen, Waschbrettpiste und viiiiel Verkehr lie\u00dfen unsere Nerven als bald wieder blank liegen und so suchten wir uns am Ende der Baustelle einen Schlafplatz. Dummerweise standen wir hier angeblich auf \u00abPrivatgrund der Universit\u00e4t\u00bb (???) und ein Sicherheitsdienst verwie\u00df uns von dem Sch\u00f6nen Strandufer des Sees ein paar Hundert Meter zur\u00fcck zur Stra\u00dfe, wo wir \u00abjenseits des Schlagbaumes\u00bb zelten konnten wie wir wollten. W\u00e4ren wir nicht so hundem\u00fcde gewesen und fr\u00fch ins Bett gegangen, h\u00e4tten uns die M\u00fccken wohl in den Wahnsinn getrieben. <\/p>\n\n\n\n<ul class=\"is-layout-flex wp-block-gallery-11 wp-block-gallery columns-2 is-cropped\"><li class=\"blocks-gallery-item\"><figure><img decoding=\"async\" loading=\"lazy\" width=\"1024\" height=\"683\" src=\"http:\/\/lichri.radeln-in-den-sonnenaufgang.de\/wp-content\/uploads\/2019\/08\/IMG_9100_compress7-1024x683.jpg\" alt=\"\" data-id=\"529\" data-link=\"http:\/\/lichri.radeln-in-den-sonnenaufgang.de\/?attachment_id=529\" class=\"wp-image-529\" srcset=\"http:\/\/lichri.radeln-in-den-sonnenaufgang.de\/wp-content\/uploads\/2019\/08\/IMG_9100_compress7-1024x683.jpg 1024w, http:\/\/lichri.radeln-in-den-sonnenaufgang.de\/wp-content\/uploads\/2019\/08\/IMG_9100_compress7-300x200.jpg 300w, http:\/\/lichri.radeln-in-den-sonnenaufgang.de\/wp-content\/uploads\/2019\/08\/IMG_9100_compress7-768x512.jpg 768w, http:\/\/lichri.radeln-in-den-sonnenaufgang.de\/wp-content\/uploads\/2019\/08\/IMG_9100_compress7.jpg 1296w\" sizes=\"(max-width: 767px) 89vw, (max-width: 1000px) 54vw, (max-width: 1071px) 543px, 580px\" \/><\/figure><\/li><li class=\"blocks-gallery-item\"><figure><img decoding=\"async\" loading=\"lazy\" width=\"1024\" height=\"576\" src=\"http:\/\/lichri.radeln-in-den-sonnenaufgang.de\/wp-content\/uploads\/2019\/08\/DSC_1519-1024x576.jpg\" alt=\"\" data-id=\"604\" data-link=\"http:\/\/lichri.radeln-in-den-sonnenaufgang.de\/?attachment_id=604\" class=\"wp-image-604\" srcset=\"http:\/\/lichri.radeln-in-den-sonnenaufgang.de\/wp-content\/uploads\/2019\/08\/DSC_1519-1024x576.jpg 1024w, http:\/\/lichri.radeln-in-den-sonnenaufgang.de\/wp-content\/uploads\/2019\/08\/DSC_1519-300x169.jpg 300w, http:\/\/lichri.radeln-in-den-sonnenaufgang.de\/wp-content\/uploads\/2019\/08\/DSC_1519-768x432.jpg 768w\" sizes=\"(max-width: 767px) 89vw, (max-width: 1000px) 54vw, (max-width: 1071px) 543px, 580px\" \/><\/figure><\/li><\/ul>\n\n\n\n<p>Sinnkrise<\/p>\n\n\n\n<p>An diesem Punkt \u2013 durch die \u00dcberfahrt um einiges \u00e4rmer, von der Stra\u00dfenbeschaffenheit und den leider etwas \u00e4rmlichen Aussichten entt\u00e4uscht sowie v\u00f6llig ersch\u00f6pft begann Chris stark an der Sinnhaftigkeit der Reise zu zweifeln. H\u00e4tte sich die Stra\u00dfensituation in den folgenden Tagen nicht verbessert und h\u00e4tte unser Freund Jannik uns nicht \u00fcberzeugt, die R\u00e4der noch bis nach S\u00fcdostasien zu bringen, dann h\u00e4tten wir uns wahrscheinlich dazu entschieden, die R\u00e4der loszuwerden und mit dem Backpack weiterzuziehen. Tats\u00e4chlich wurde die Fahrt am See und dann ins Landesinnere, nach Ulan-Ude und weiter gen Grenze so sch\u00f6n, dass wir wieder vom Radfahren \u00fcberzeugt wurden. Die Landschaft wurde immer wilder, die Stra\u00dfen waren moderat befahren und es gab auch ausreichend Gelegenheiten unsere Wasservorr\u00e4te aufzuf\u00fcllen ohne den Notfall-Filter zu verwenden, den wir auf der Insel noch nutzten um das Seewasser aufgrund der am Ufer gra\u00dfenden Viehherden zu filtern. <\/p>\n\n\n\n<ul class=\"is-layout-flex wp-block-gallery-13 wp-block-gallery columns-3 is-cropped\"><li class=\"blocks-gallery-item\"><figure><img decoding=\"async\" loading=\"lazy\" width=\"1024\" height=\"576\" src=\"http:\/\/lichri.radeln-in-den-sonnenaufgang.de\/wp-content\/uploads\/2019\/08\/DSC_1543_compress54-1024x576.jpg\" alt=\"\" data-id=\"527\" data-link=\"http:\/\/lichri.radeln-in-den-sonnenaufgang.de\/?attachment_id=527\" class=\"wp-image-527\" srcset=\"http:\/\/lichri.radeln-in-den-sonnenaufgang.de\/wp-content\/uploads\/2019\/08\/DSC_1543_compress54-1024x576.jpg 1024w, http:\/\/lichri.radeln-in-den-sonnenaufgang.de\/wp-content\/uploads\/2019\/08\/DSC_1543_compress54-300x169.jpg 300w, http:\/\/lichri.radeln-in-den-sonnenaufgang.de\/wp-content\/uploads\/2019\/08\/DSC_1543_compress54-768x432.jpg 768w, http:\/\/lichri.radeln-in-den-sonnenaufgang.de\/wp-content\/uploads\/2019\/08\/DSC_1543_compress54.jpg 1280w\" sizes=\"(max-width: 767px) 89vw, (max-width: 1000px) 54vw, (max-width: 1071px) 543px, 580px\" \/><figcaption>Wir genossen Aussichten&#8230;<\/figcaption><\/figure><\/li><li class=\"blocks-gallery-item\"><figure><img decoding=\"async\" loading=\"lazy\" width=\"1024\" height=\"768\" src=\"http:\/\/lichri.radeln-in-den-sonnenaufgang.de\/wp-content\/uploads\/2019\/08\/DSC_1702_compress90-1024x768.jpg\" alt=\"\" data-id=\"528\" data-link=\"http:\/\/lichri.radeln-in-den-sonnenaufgang.de\/?attachment_id=528\" class=\"wp-image-528\" srcset=\"http:\/\/lichri.radeln-in-den-sonnenaufgang.de\/wp-content\/uploads\/2019\/08\/DSC_1702_compress90-1024x768.jpg 1024w, http:\/\/lichri.radeln-in-den-sonnenaufgang.de\/wp-content\/uploads\/2019\/08\/DSC_1702_compress90-300x225.jpg 300w, http:\/\/lichri.radeln-in-den-sonnenaufgang.de\/wp-content\/uploads\/2019\/08\/DSC_1702_compress90-768x576.jpg 768w, http:\/\/lichri.radeln-in-den-sonnenaufgang.de\/wp-content\/uploads\/2019\/08\/DSC_1702_compress90.jpg 1312w\" sizes=\"(max-width: 767px) 89vw, (max-width: 1000px) 54vw, (max-width: 1071px) 543px, 580px\" \/><figcaption>&#8230; sch\u00f6ne Rastpl\u00e4tze&#8230;<\/figcaption><\/figure><\/li><li class=\"blocks-gallery-item\"><figure><img decoding=\"async\" loading=\"lazy\" width=\"1024\" height=\"768\" src=\"http:\/\/lichri.radeln-in-den-sonnenaufgang.de\/wp-content\/uploads\/2019\/08\/DSC_1581_compress87-1024x768.jpg\" alt=\"\" data-id=\"523\" data-link=\"http:\/\/lichri.radeln-in-den-sonnenaufgang.de\/?attachment_id=523\" class=\"wp-image-523\" srcset=\"http:\/\/lichri.radeln-in-den-sonnenaufgang.de\/wp-content\/uploads\/2019\/08\/DSC_1581_compress87-1024x768.jpg 1024w, http:\/\/lichri.radeln-in-den-sonnenaufgang.de\/wp-content\/uploads\/2019\/08\/DSC_1581_compress87-300x225.jpg 300w, http:\/\/lichri.radeln-in-den-sonnenaufgang.de\/wp-content\/uploads\/2019\/08\/DSC_1581_compress87-768x576.jpg 768w, http:\/\/lichri.radeln-in-den-sonnenaufgang.de\/wp-content\/uploads\/2019\/08\/DSC_1581_compress87.jpg 1312w\" sizes=\"(max-width: 767px) 89vw, (max-width: 1000px) 54vw, (max-width: 1071px) 543px, 580px\" \/><figcaption>&#8230; gute Stra\u00dfen &#8230;<\/figcaption><\/figure><\/li><li class=\"blocks-gallery-item\"><figure><img decoding=\"async\" loading=\"lazy\" width=\"1024\" height=\"576\" src=\"http:\/\/lichri.radeln-in-den-sonnenaufgang.de\/wp-content\/uploads\/2019\/08\/DSC_1705_compress53-1024x576.jpg\" alt=\"\" data-id=\"526\" data-link=\"http:\/\/lichri.radeln-in-den-sonnenaufgang.de\/?attachment_id=526\" class=\"wp-image-526\" srcset=\"http:\/\/lichri.radeln-in-den-sonnenaufgang.de\/wp-content\/uploads\/2019\/08\/DSC_1705_compress53-1024x576.jpg 1024w, http:\/\/lichri.radeln-in-den-sonnenaufgang.de\/wp-content\/uploads\/2019\/08\/DSC_1705_compress53-300x169.jpg 300w, http:\/\/lichri.radeln-in-den-sonnenaufgang.de\/wp-content\/uploads\/2019\/08\/DSC_1705_compress53-768x432.jpg 768w, http:\/\/lichri.radeln-in-den-sonnenaufgang.de\/wp-content\/uploads\/2019\/08\/DSC_1705_compress53.jpg 1280w\" sizes=\"(max-width: 767px) 89vw, (max-width: 1000px) 54vw, (max-width: 1071px) 543px, 580px\" \/><figcaption>&#8230; neue Bekanntschaften &#8230;<\/figcaption><\/figure><\/li><li class=\"blocks-gallery-item\"><figure><img decoding=\"async\" loading=\"lazy\" width=\"1024\" height=\"576\" src=\"http:\/\/lichri.radeln-in-den-sonnenaufgang.de\/wp-content\/uploads\/2019\/08\/DSC_1722_compress3-1024x576.jpg\" alt=\"\" data-id=\"524\" data-link=\"http:\/\/lichri.radeln-in-den-sonnenaufgang.de\/?attachment_id=524\" class=\"wp-image-524\" srcset=\"http:\/\/lichri.radeln-in-den-sonnenaufgang.de\/wp-content\/uploads\/2019\/08\/DSC_1722_compress3-1024x576.jpg 1024w, http:\/\/lichri.radeln-in-den-sonnenaufgang.de\/wp-content\/uploads\/2019\/08\/DSC_1722_compress3-300x169.jpg 300w, http:\/\/lichri.radeln-in-den-sonnenaufgang.de\/wp-content\/uploads\/2019\/08\/DSC_1722_compress3-768x432.jpg 768w, http:\/\/lichri.radeln-in-den-sonnenaufgang.de\/wp-content\/uploads\/2019\/08\/DSC_1722_compress3.jpg 1280w\" sizes=\"(max-width: 767px) 89vw, (max-width: 1000px) 54vw, (max-width: 1071px) 543px, 580px\" \/><figcaption>&#8230; und wir wurden auf dem&#8230;<\/figcaption><\/figure><\/li><li class=\"blocks-gallery-item\"><figure><img decoding=\"async\" loading=\"lazy\" width=\"1024\" height=\"683\" src=\"http:\/\/lichri.radeln-in-den-sonnenaufgang.de\/wp-content\/uploads\/2019\/08\/IMG_9113_compress70-1-1024x683.jpg\" alt=\"\" data-id=\"607\" data-link=\"http:\/\/lichri.radeln-in-den-sonnenaufgang.de\/?attachment_id=607\" class=\"wp-image-607\" srcset=\"http:\/\/lichri.radeln-in-den-sonnenaufgang.de\/wp-content\/uploads\/2019\/08\/IMG_9113_compress70-1-1024x683.jpg 1024w, http:\/\/lichri.radeln-in-den-sonnenaufgang.de\/wp-content\/uploads\/2019\/08\/IMG_9113_compress70-1-300x200.jpg 300w, http:\/\/lichri.radeln-in-den-sonnenaufgang.de\/wp-content\/uploads\/2019\/08\/IMG_9113_compress70-1-768x512.jpg 768w, http:\/\/lichri.radeln-in-den-sonnenaufgang.de\/wp-content\/uploads\/2019\/08\/IMG_9113_compress70-1.jpg 1296w\" sizes=\"(max-width: 767px) 89vw, (max-width: 1000px) 54vw, (max-width: 1071px) 543px, 580px\" \/><figcaption>&#8230; Weg von Ust Barguzin nach Ulan Ude&#8230;<\/figcaption><\/figure><\/li><li class=\"blocks-gallery-item\"><figure><img decoding=\"async\" loading=\"lazy\" width=\"1024\" height=\"225\" src=\"http:\/\/lichri.radeln-in-den-sonnenaufgang.de\/wp-content\/uploads\/2019\/08\/DSC_1738_compress97-1024x225.jpg\" alt=\"\" data-id=\"522\" data-link=\"http:\/\/lichri.radeln-in-den-sonnenaufgang.de\/?attachment_id=522\" class=\"wp-image-522\" srcset=\"http:\/\/lichri.radeln-in-den-sonnenaufgang.de\/wp-content\/uploads\/2019\/08\/DSC_1738_compress97-1024x225.jpg 1024w, http:\/\/lichri.radeln-in-den-sonnenaufgang.de\/wp-content\/uploads\/2019\/08\/DSC_1738_compress97-300x66.jpg 300w, http:\/\/lichri.radeln-in-den-sonnenaufgang.de\/wp-content\/uploads\/2019\/08\/DSC_1738_compress97-768x169.jpg 768w\" sizes=\"(max-width: 767px) 89vw, (max-width: 1000px) 54vw, (max-width: 1071px) 543px, 580px\" \/><figcaption>&#8230; auf Asien eingestimmt.<\/figcaption><\/figure><\/li><\/ul>\n\n\n\n<p>Sch\u00f6ne Begegnungen und Geschenke<\/p>\n\n\n\n<p>Einmal lud Chris eine Rasthaus-Besitzerin sogar hinter die K\u00fcche ein, um unseren Wasserkanister dort mit dem \u00abguten Brunnenwasser\u00bb aufzuf\u00fcllen, das tats\u00e4chlich sch\u00f6n klar war, schmeckte und gut bekam. Sie kl\u00e4rte uns auf Russisch auch \u00fcber die Bedeutung der buddhistischen Steinhaufen, vielfach umwickelten Pfosten und Gebetsfahnen auf. Angeblich sollte es Gl\u00fcck bringen, die Haufen zu umrunden und entweder Geld dort hinzulegen oder eine Fahne dort anzubringen. Da sie uns noch eine gute Reise w\u00fcnschte und uns hinterherwinkte tat ich (Chris) ihr den Gefallen, umrudete die kleine Kultst\u00e4tte und lie\u00df ein paar Rubel fallen, von denen ich ohnehin zu viele in Metallform mit mir herumfuhr. <\/p>\n\n\n\n<ul class=\"is-layout-flex wp-block-gallery-15 wp-block-gallery columns-3 is-cropped\"><li class=\"blocks-gallery-item\"><figure><img decoding=\"async\" loading=\"lazy\" width=\"1024\" height=\"576\" src=\"http:\/\/lichri.radeln-in-den-sonnenaufgang.de\/wp-content\/uploads\/2019\/08\/DSC_1880_compress65-1024x576.jpg\" alt=\"\" data-id=\"519\" data-link=\"http:\/\/lichri.radeln-in-den-sonnenaufgang.de\/?attachment_id=519\" class=\"wp-image-519\" srcset=\"http:\/\/lichri.radeln-in-den-sonnenaufgang.de\/wp-content\/uploads\/2019\/08\/DSC_1880_compress65-1024x576.jpg 1024w, http:\/\/lichri.radeln-in-den-sonnenaufgang.de\/wp-content\/uploads\/2019\/08\/DSC_1880_compress65-300x169.jpg 300w, http:\/\/lichri.radeln-in-den-sonnenaufgang.de\/wp-content\/uploads\/2019\/08\/DSC_1880_compress65-768x432.jpg 768w, http:\/\/lichri.radeln-in-den-sonnenaufgang.de\/wp-content\/uploads\/2019\/08\/DSC_1880_compress65.jpg 1296w\" sizes=\"(max-width: 767px) 89vw, (max-width: 1000px) 54vw, (max-width: 1071px) 543px, 580px\" \/><\/figure><\/li><li class=\"blocks-gallery-item\"><figure><img decoding=\"async\" loading=\"lazy\" width=\"1024\" height=\"576\" src=\"http:\/\/lichri.radeln-in-den-sonnenaufgang.de\/wp-content\/uploads\/2019\/08\/DSC_1896_compress44-1024x576.jpg\" alt=\"\" data-id=\"516\" data-link=\"http:\/\/lichri.radeln-in-den-sonnenaufgang.de\/?attachment_id=516\" class=\"wp-image-516\" srcset=\"http:\/\/lichri.radeln-in-den-sonnenaufgang.de\/wp-content\/uploads\/2019\/08\/DSC_1896_compress44-1024x576.jpg 1024w, http:\/\/lichri.radeln-in-den-sonnenaufgang.de\/wp-content\/uploads\/2019\/08\/DSC_1896_compress44-300x169.jpg 300w, http:\/\/lichri.radeln-in-den-sonnenaufgang.de\/wp-content\/uploads\/2019\/08\/DSC_1896_compress44-768x432.jpg 768w, http:\/\/lichri.radeln-in-den-sonnenaufgang.de\/wp-content\/uploads\/2019\/08\/DSC_1896_compress44.jpg 1280w\" sizes=\"(max-width: 767px) 89vw, (max-width: 1000px) 54vw, (max-width: 1071px) 543px, 580px\" \/><\/figure><\/li><li class=\"blocks-gallery-item\"><figure><img decoding=\"async\" loading=\"lazy\" width=\"1024\" height=\"768\" src=\"http:\/\/lichri.radeln-in-den-sonnenaufgang.de\/wp-content\/uploads\/2019\/08\/DSC_1874_compress56-1024x768.jpg\" alt=\"\" data-id=\"518\" data-link=\"http:\/\/lichri.radeln-in-den-sonnenaufgang.de\/?attachment_id=518\" class=\"wp-image-518\" srcset=\"http:\/\/lichri.radeln-in-den-sonnenaufgang.de\/wp-content\/uploads\/2019\/08\/DSC_1874_compress56-1024x768.jpg 1024w, http:\/\/lichri.radeln-in-den-sonnenaufgang.de\/wp-content\/uploads\/2019\/08\/DSC_1874_compress56-300x225.jpg 300w, http:\/\/lichri.radeln-in-den-sonnenaufgang.de\/wp-content\/uploads\/2019\/08\/DSC_1874_compress56-768x576.jpg 768w, http:\/\/lichri.radeln-in-den-sonnenaufgang.de\/wp-content\/uploads\/2019\/08\/DSC_1874_compress56.jpg 1312w\" sizes=\"(max-width: 767px) 89vw, (max-width: 1000px) 54vw, (max-width: 1071px) 543px, 580px\" \/><\/figure><\/li><\/ul>\n\n\n\n<figure class=\"wp-block-image\"><img decoding=\"async\" loading=\"lazy\" width=\"683\" height=\"1024\" src=\"http:\/\/lichri.radeln-in-den-sonnenaufgang.de\/wp-content\/uploads\/2019\/08\/IMG_9135_compress35-e1565709762184-683x1024.jpg\" alt=\"\" class=\"wp-image-511\" srcset=\"http:\/\/lichri.radeln-in-den-sonnenaufgang.de\/wp-content\/uploads\/2019\/08\/IMG_9135_compress35-e1565709762184-683x1024.jpg 683w, http:\/\/lichri.radeln-in-den-sonnenaufgang.de\/wp-content\/uploads\/2019\/08\/IMG_9135_compress35-e1565709762184-200x300.jpg 200w, http:\/\/lichri.radeln-in-den-sonnenaufgang.de\/wp-content\/uploads\/2019\/08\/IMG_9135_compress35-e1565709762184-768x1152.jpg 768w, http:\/\/lichri.radeln-in-den-sonnenaufgang.de\/wp-content\/uploads\/2019\/08\/IMG_9135_compress35-e1565709762184.jpg 864w\" sizes=\"(max-width: 683px) 100vw, 683px\" \/><figcaption>Lenindenkmal in Ulan-Ude, Buryatien, Russland.<\/figcaption><\/figure>\n\n\n\n<ul class=\"is-layout-flex wp-block-gallery-17 wp-block-gallery columns-3 is-cropped\"><li class=\"blocks-gallery-item\"><figure><img decoding=\"async\" loading=\"lazy\" width=\"1024\" height=\"683\" src=\"http:\/\/lichri.radeln-in-den-sonnenaufgang.de\/wp-content\/uploads\/2019\/08\/IMG_9197_compress38-1024x683.jpg\" alt=\"\" data-id=\"573\" data-link=\"http:\/\/lichri.radeln-in-den-sonnenaufgang.de\/?attachment_id=573\" class=\"wp-image-573\" srcset=\"http:\/\/lichri.radeln-in-den-sonnenaufgang.de\/wp-content\/uploads\/2019\/08\/IMG_9197_compress38-1024x683.jpg 1024w, http:\/\/lichri.radeln-in-den-sonnenaufgang.de\/wp-content\/uploads\/2019\/08\/IMG_9197_compress38-300x200.jpg 300w, http:\/\/lichri.radeln-in-den-sonnenaufgang.de\/wp-content\/uploads\/2019\/08\/IMG_9197_compress38-768x512.jpg 768w, http:\/\/lichri.radeln-in-den-sonnenaufgang.de\/wp-content\/uploads\/2019\/08\/IMG_9197_compress38.jpg 1296w\" sizes=\"(max-width: 767px) 89vw, (max-width: 1000px) 54vw, (max-width: 1071px) 543px, 580px\" \/><\/figure><\/li><li class=\"blocks-gallery-item\"><figure><img decoding=\"async\" loading=\"lazy\" width=\"1024\" height=\"683\" src=\"http:\/\/lichri.radeln-in-den-sonnenaufgang.de\/wp-content\/uploads\/2019\/08\/IMG_9156_compress21-1024x683.jpg\" alt=\"\" data-id=\"567\" data-link=\"http:\/\/lichri.radeln-in-den-sonnenaufgang.de\/?attachment_id=567\" class=\"wp-image-567\" srcset=\"http:\/\/lichri.radeln-in-den-sonnenaufgang.de\/wp-content\/uploads\/2019\/08\/IMG_9156_compress21-1024x683.jpg 1024w, http:\/\/lichri.radeln-in-den-sonnenaufgang.de\/wp-content\/uploads\/2019\/08\/IMG_9156_compress21-300x200.jpg 300w, http:\/\/lichri.radeln-in-den-sonnenaufgang.de\/wp-content\/uploads\/2019\/08\/IMG_9156_compress21-768x512.jpg 768w, http:\/\/lichri.radeln-in-den-sonnenaufgang.de\/wp-content\/uploads\/2019\/08\/IMG_9156_compress21.jpg 1296w\" sizes=\"(max-width: 767px) 89vw, (max-width: 1000px) 54vw, (max-width: 1071px) 543px, 580px\" \/><\/figure><\/li><li class=\"blocks-gallery-item\"><figure><img decoding=\"async\" loading=\"lazy\" width=\"1024\" height=\"683\" src=\"http:\/\/lichri.radeln-in-den-sonnenaufgang.de\/wp-content\/uploads\/2019\/08\/IMG_9174_compress42-1024x683.jpg\" alt=\"\" data-id=\"568\" data-link=\"http:\/\/lichri.radeln-in-den-sonnenaufgang.de\/?attachment_id=568\" class=\"wp-image-568\" srcset=\"http:\/\/lichri.radeln-in-den-sonnenaufgang.de\/wp-content\/uploads\/2019\/08\/IMG_9174_compress42-1024x683.jpg 1024w, http:\/\/lichri.radeln-in-den-sonnenaufgang.de\/wp-content\/uploads\/2019\/08\/IMG_9174_compress42-300x200.jpg 300w, http:\/\/lichri.radeln-in-den-sonnenaufgang.de\/wp-content\/uploads\/2019\/08\/IMG_9174_compress42-768x512.jpg 768w, http:\/\/lichri.radeln-in-den-sonnenaufgang.de\/wp-content\/uploads\/2019\/08\/IMG_9174_compress42.jpg 1296w\" sizes=\"(max-width: 767px) 89vw, (max-width: 1000px) 54vw, (max-width: 1071px) 543px, 580px\" \/><\/figure><\/li><\/ul>\n\n\n\n<p>Auch in Ulan-Ude und danach hatten wir noch sch\u00f6ne Begegnungen mit Menschen, die uns auf unseren R\u00e4der ansprachen, manchmal sogar etwas deutsch hervorbrachten, uns mit Coca-Cola oder S\u00fc\u00dfigkeiten beschenkten und uns eine gute Reise w\u00fcnschten. So auch eine Gruppe mongolischer Touristen, die uns auf dem Pass nach Ulan-Ude umzingelten, Fotos knipsten, Kinder wie Erwachsene unsere R\u00e4der beschauten und bef\u00fchlten. Am Ende kam eines der Kinder mit einer offenen T\u00fcte Brotchips, die wir erst skeptisch, dann gen\u00fc\u00dflich verspeisten. Wir trafen noch mehr Mongolen, auf Fahrr\u00e4dern und in Bussen, und kamen nach und nach zu der Erkenntnis, dass die Mongolen ein superfreundliches V\u00f6lkchen sind. Bis sie uns schlie\u00dflich verschleppten.<\/p>\n\n\n\n<figure class=\"wp-block-image\"><img decoding=\"async\" loading=\"lazy\" width=\"1024\" height=\"683\" src=\"http:\/\/lichri.radeln-in-den-sonnenaufgang.de\/wp-content\/uploads\/2019\/08\/IMG_9170_compress20-1024x683.jpg\" alt=\"\" class=\"wp-image-569\" srcset=\"http:\/\/lichri.radeln-in-den-sonnenaufgang.de\/wp-content\/uploads\/2019\/08\/IMG_9170_compress20-1024x683.jpg 1024w, http:\/\/lichri.radeln-in-den-sonnenaufgang.de\/wp-content\/uploads\/2019\/08\/IMG_9170_compress20-300x200.jpg 300w, http:\/\/lichri.radeln-in-den-sonnenaufgang.de\/wp-content\/uploads\/2019\/08\/IMG_9170_compress20-768x512.jpg 768w, http:\/\/lichri.radeln-in-den-sonnenaufgang.de\/wp-content\/uploads\/2019\/08\/IMG_9170_compress20.jpg 1296w\" sizes=\"(max-width: 767px) 89vw, (max-width: 1000px) 54vw, (max-width: 1071px) 543px, 580px\" \/><figcaption>Wegrandsch\u00f6nheiten<\/figcaption><\/figure>\n\n\n\n<p>Gute Aussichten, schlaflose Nacht<\/p>\n\n\n\n<p>Wir erklommen, nach einem Einkauf in einem kleinen Industriest\u00e4dtchen an einem gro\u00dfen See zwischen Ulan-Ude und Grenze gerade einen Berg, als uns eine Gruppe mongolischer Radfahrer entgegenkam. Wir unterhielten uns eine Weile angeregt und immer mehr Radler in Warnwesten und Sporttrikots gesellten sich hinzu. Sie schossen, scheinbar beeindruckt, ein paar Selfies mit uns und zogen dann weiter. Wir fuhren noch auf die Bergkuppe zu einem Aussichtspunkt und schlugen unser Lager dort auf. Diesmal ohne Zelt. <\/p>\n\n\n\n<ul class=\"is-layout-flex wp-block-gallery-19 wp-block-gallery columns-3 is-cropped\"><li class=\"blocks-gallery-item\"><figure><img decoding=\"async\" loading=\"lazy\" width=\"1024\" height=\"768\" src=\"http:\/\/lichri.radeln-in-den-sonnenaufgang.de\/wp-content\/uploads\/2019\/08\/DSC_1851_compress70-1024x768.jpg\" alt=\"\" data-id=\"513\" data-link=\"http:\/\/lichri.radeln-in-den-sonnenaufgang.de\/?attachment_id=513\" class=\"wp-image-513\" srcset=\"http:\/\/lichri.radeln-in-den-sonnenaufgang.de\/wp-content\/uploads\/2019\/08\/DSC_1851_compress70-1024x768.jpg 1024w, http:\/\/lichri.radeln-in-den-sonnenaufgang.de\/wp-content\/uploads\/2019\/08\/DSC_1851_compress70-300x225.jpg 300w, http:\/\/lichri.radeln-in-den-sonnenaufgang.de\/wp-content\/uploads\/2019\/08\/DSC_1851_compress70-768x576.jpg 768w, http:\/\/lichri.radeln-in-den-sonnenaufgang.de\/wp-content\/uploads\/2019\/08\/DSC_1851_compress70.jpg 1312w\" sizes=\"(max-width: 767px) 89vw, (max-width: 1000px) 54vw, (max-width: 1071px) 543px, 580px\" \/><\/figure><\/li><li class=\"blocks-gallery-item\"><figure><img decoding=\"async\" loading=\"lazy\" width=\"1024\" height=\"768\" src=\"http:\/\/lichri.radeln-in-den-sonnenaufgang.de\/wp-content\/uploads\/2019\/08\/DSC_1847_compress31-1024x768.jpg\" alt=\"\" data-id=\"512\" data-link=\"http:\/\/lichri.radeln-in-den-sonnenaufgang.de\/?attachment_id=512\" class=\"wp-image-512\" srcset=\"http:\/\/lichri.radeln-in-den-sonnenaufgang.de\/wp-content\/uploads\/2019\/08\/DSC_1847_compress31-1024x768.jpg 1024w, http:\/\/lichri.radeln-in-den-sonnenaufgang.de\/wp-content\/uploads\/2019\/08\/DSC_1847_compress31-300x225.jpg 300w, http:\/\/lichri.radeln-in-den-sonnenaufgang.de\/wp-content\/uploads\/2019\/08\/DSC_1847_compress31-768x576.jpg 768w, http:\/\/lichri.radeln-in-den-sonnenaufgang.de\/wp-content\/uploads\/2019\/08\/DSC_1847_compress31.jpg 1312w\" sizes=\"(max-width: 767px) 89vw, (max-width: 1000px) 54vw, (max-width: 1071px) 543px, 580px\" \/><\/figure><\/li><li class=\"blocks-gallery-item\"><figure><img decoding=\"async\" loading=\"lazy\" width=\"1024\" height=\"576\" src=\"http:\/\/lichri.radeln-in-den-sonnenaufgang.de\/wp-content\/uploads\/2019\/08\/DSC_1857_compress53-1024x576.jpg\" alt=\"\" data-id=\"517\" data-link=\"http:\/\/lichri.radeln-in-den-sonnenaufgang.de\/?attachment_id=517\" class=\"wp-image-517\" srcset=\"http:\/\/lichri.radeln-in-den-sonnenaufgang.de\/wp-content\/uploads\/2019\/08\/DSC_1857_compress53-1024x576.jpg 1024w, http:\/\/lichri.radeln-in-den-sonnenaufgang.de\/wp-content\/uploads\/2019\/08\/DSC_1857_compress53-300x169.jpg 300w, http:\/\/lichri.radeln-in-den-sonnenaufgang.de\/wp-content\/uploads\/2019\/08\/DSC_1857_compress53-768x432.jpg 768w, http:\/\/lichri.radeln-in-den-sonnenaufgang.de\/wp-content\/uploads\/2019\/08\/DSC_1857_compress53.jpg 1280w\" sizes=\"(max-width: 767px) 89vw, (max-width: 1000px) 54vw, (max-width: 1071px) 543px, 580px\" \/><\/figure><\/li><\/ul>\n\n\n\n<p>Das Wetter sah stabil aus, klar und es gab eine kleine \u00fcberdachte Picknick-H\u00fctte, auf deren Tische wir uns \u2013 nach einer gr\u00fcndlichen Katzenw\u00e4sche und einem guten Essen \u2013 in unsere Schlafs\u00e4cke legten. Kaum das wir lagen begann das Desaster: Erst schnappte sich ein wilder Hund unsere M\u00fcllt\u00fcte und verteilte sie im Wald, dann setzte unvermittelt heftiger Regen und Gewitter ein. Erst mussten wir feststellen, dass der Regen nicht vertikal, sondern horizontal zu \u00abfallen\u00bb schien, dann obendrein, dass das Dach undicht war. Als n\u00e4chstes mussten wir feststellen, dass wir in unserem Fliegennetz unz\u00e4hlige winzige M\u00fccken hatten, die sich in Haaren und Kleidung verfingen, dann, dass die Plastikt\u00fcten, mit denen wir unsere R\u00e4der bis dahin verpackten und in denen unsere Schlafs\u00e4cke nun steckten, das Wasser eher sammelten als abhielten. Gegen f\u00fcnf Uhr morgens, bereits im Morgenlicht, bauten wir nach einer Nacht ohne Schlaf doch noch unser Zelt auf und legten uns in unseren feuchten Schlafs\u00e4cken hinein, bis uns die Hitze um kurz vor neun Uhr wieder herausscheuchte. Wir beschlossen noch einige Kilometer zu fahren, bevor wir versuchen w\u00fcrden, an die Grenze zu trampen. Wir waren inzwischen etwas sp\u00e4t dran und w\u00fcrden mit den R\u00e4dern alleine Ulan Bator nicht vor Flo erreichen. Die Fahrt an diesem Tag war trotz der kurzen, strapazi\u00f6sen Nacht wieder sehr sch\u00f6n, doch das Trampen \u2013 von dem uns berichtet wurde, es w\u00e4re so easy hier, selbst mit Rad \u2013 war bis zum Abend stundenlang erfolglos. Wir unterhielten uns gerade mit ein paar Russen, die wegen uns an den kleinen Pausenplatz gehalten hatten, an dem wir es erneut versuchten. Sie konnten uns zwar nicht mitnehmen, unterhielten sich auf russisch jedoch eine Weile mit uns \u2013 oder versuchten es. Dann kam ein gro\u00dfer Reisebus aus der Mongolei auf den Schotterplatz gefahren. Die Russen schickten uns zu ihnen und wir verabschiedeten uns. Noch bevor wir am Bus ankamen wurden wir von Mongolen eingekreist, die mit ihren Handys Fotos von und Selfies mit uns machten. Wir lachten am\u00fcsiert zusammen und obgleich lediglich eine der anwesenden etwas Russisch sprach, konnten wir verst\u00e4ndlich machen, von wo wir kamen, wie wir reisten und wohin wir wollten \u2013 sowie bis wann. Auf russisch ungef\u00e4hr so: \u00abMorgen \u2013 Ulan Bator. Freund. Reisen mit Rad bis morgen: Unm\u00f6glich.\u00bb <br> Anscheinend verstand man uns. Jedenfalls wurden kurzerhand unsere Taschen abgenommen und in den Bus getragen und unsere R\u00e4der landeten hintereinander im Gang des Reisebusses. Man w\u00fcrde uns bis an die Grenze mitnehmen, \u00fcbersetzte die Dame mittleren Alters, die Auskunft des Busfahrers ins Russische. Es wurde eine heitere Fahrt mit Kwas, dem russischen Brotgetr\u00e4nk, und allerlei Snacks, unverst\u00e4ndlichen Sp\u00e4\u00dfen mit oder \u00fcber uns (wer wei\u00df das schon?) und vielen Fotos von und mit uns. <\/p>\n\n\n\n<ul class=\"is-layout-flex wp-block-gallery-21 wp-block-gallery columns-2 is-cropped\"><li class=\"blocks-gallery-item\"><figure><img decoding=\"async\" loading=\"lazy\" width=\"576\" height=\"1024\" src=\"http:\/\/lichri.radeln-in-den-sonnenaufgang.de\/wp-content\/uploads\/2019\/08\/DSC_1911_compress63-e1565709723916-576x1024.jpg\" alt=\"\" data-id=\"521\" data-link=\"http:\/\/lichri.radeln-in-den-sonnenaufgang.de\/?attachment_id=521\" class=\"wp-image-521\" srcset=\"http:\/\/lichri.radeln-in-den-sonnenaufgang.de\/wp-content\/uploads\/2019\/08\/DSC_1911_compress63-e1565709723916-576x1024.jpg 576w, http:\/\/lichri.radeln-in-den-sonnenaufgang.de\/wp-content\/uploads\/2019\/08\/DSC_1911_compress63-e1565709723916-169x300.jpg 169w, http:\/\/lichri.radeln-in-den-sonnenaufgang.de\/wp-content\/uploads\/2019\/08\/DSC_1911_compress63-e1565709723916.jpg 720w\" sizes=\"(max-width: 576px) 100vw, 576px\" \/><figcaption>Ein Bus voller&#8230;<\/figcaption><\/figure><\/li><li class=\"blocks-gallery-item\"><figure><img decoding=\"async\" loading=\"lazy\" width=\"576\" height=\"1024\" src=\"http:\/\/lichri.radeln-in-den-sonnenaufgang.de\/wp-content\/uploads\/2019\/08\/DSC_1912_compress51-e1565709741625-576x1024.jpg\" alt=\"\" data-id=\"520\" data-link=\"http:\/\/lichri.radeln-in-den-sonnenaufgang.de\/?attachment_id=520\" class=\"wp-image-520\" srcset=\"http:\/\/lichri.radeln-in-den-sonnenaufgang.de\/wp-content\/uploads\/2019\/08\/DSC_1912_compress51-e1565709741625-576x1024.jpg 576w, http:\/\/lichri.radeln-in-den-sonnenaufgang.de\/wp-content\/uploads\/2019\/08\/DSC_1912_compress51-e1565709741625-169x300.jpg 169w, http:\/\/lichri.radeln-in-den-sonnenaufgang.de\/wp-content\/uploads\/2019\/08\/DSC_1912_compress51-e1565709741625.jpg 729w\" sizes=\"(max-width: 576px) 100vw, 576px\" \/><figcaption>Mongolen und nun F\u00e4hrr\u00e4dern.<\/figcaption><\/figure><\/li><\/ul>\n\n\n\n<p>K\u00fcrzester Hotelaufenthalt der Reise<\/p>\n\n\n\n<p>An der Grenze wie\u00df man uns an, diese mit dem Rad zu \u00fcberqueren. Chris verstand nur soviel, dass es auf der anderen Seite einen Bus geben w\u00fcrde. Und dass die Fahrt nach Ulan-Bator uns circa 30 Euro kosten w\u00fcrde. Egal, wir wollten erstmal auf die andere Seite. Am Grenzposten schickte uns ein W\u00e4chter wieder zur\u00fcck. Die Grenze m\u00fcsse mit einem Fahrzeug \u00fcberquert werden, so die Vorschrift. Der Busfahrer bekam das mit und organisierte uns in einem Kleintransporter eine \u00dcberfahrt. Nun verstand ich auch, dass der Bus uns auf der anderen Seite wieder aufsammeln w\u00fcrde. <br>Nachdem wir etwa 3 Stunden brauchten um auf die andere Seite der Grenze zu kommen, wir einen Stempel im Pass hatten und der Fahrer uns in den Grenzort Altanbulag auf der mongolischen Seite fuhr, sagte er uns, der Bus sei bereits weg. Also lieferte er uns bei einem Hotel ab. Wir gaben uns damit zufrieden, zahlten die etwa 3 Euro \u00dcberfahrt pro Person und checkten f\u00fcr ebenfalls 3 Euro pro Person in ein lausiges Motel ein, in dem wir die Bettw\u00e4sche extra verlangen mussten. Wir waren gerade dabei uns Bett fertig zu machen, nachdem wir erfolglos ein Badezimmer suchten, da h\u00e4mmerte es an die Zimmert\u00fcr und unser \u00abSchlepper\u00bb \u00fcber die Grenze stand mit einem Mann aus dem Bus vor unserer Zimmert\u00fcr. Wir  verstanden nur, dass der Bus da war und ob wir nun mitfahren w\u00fcrden. V\u00f6llig verwirrt, kaputt und \u00fcberfordert, lehnten wir \u2013 eher passiv als aktiv \u2013 ab. Dann ging ich runter und vor die T\u00fcr um die Situation zu verstehen. Dort stand der Reisebus. Und die Passagiere. Vor unserem Hotel. Und alle warteten auf uns. What the Fuck?! Ich entschied innerhalb weniger Sekunden, dass wir es nicht bringen konnten, die anderen ohne uns fahren zu lassen. Schlie\u00dflich schienen sich die Fahrg\u00e4ste beim Busfahrer daf\u00fcr eingesetzt zu haben, uns \u2013 \u00abwie versprochen\u00bb &#8211; mitzunehmen. Und scheinbar warteten sie schon einige Zeit auf uns. Und suchten uns. <\/p>\n\n\n\n<p>Von Mongolen liebevoll verschleppt<\/p>\n\n\n\n<p>Ich holte Lisa und zusammen mit einigen M\u00e4nnern und Frauen aus dem Bus wurden Gep\u00e4ck, R\u00e4der und sogar drei Viertel des bezahlten Betrages wieder zur\u00fcck in den Bus und zu mir geholt. In mehrfacher Hinsicht v\u00f6llig gepl\u00e4ttet sa\u00dfen wir nun nebeneinander in einem Bus voller Mongolen, unsere Taschen unauffindbar, unsere R\u00e4der weiter hinten im Bus zwischen den Sitzreihen. Mit einigen unserer Spanngurte wurden die R\u00e4der notd\u00fcrftig fixiert, doch Lenker und Sattel mussten die Passagiere unweigerlich in Sitzkomfort und Bewegungsfreiheit beeintr\u00e4chtigen. Uns war die ganze Situation super unangenehm, doch wir waren auch froh, dass wir uns keine weiteren Gedanken machen m\u00fcssten, wie wir nun nach Ulan-Bator k\u00e4men. Es kam zu mehreren Pinkelpausen in denen alle \u00fcber unsere R\u00e4der oder daran vorbei steigen mussten, um die einzige T\u00fcr vorne im Bus zu erreichen und obendrein \u00fcbergab sich eine Frau, durch gequ\u00e4lte Schreie angek\u00fcndigt, mitten in der Nacht im Bus. Alle mussten raus, weil sich sonst durch den Gestank sicher noch ein paar zum mit-kotzen animiert gef\u00fchlt h\u00e4tten. Nach ein paar Minuten konnte es allerdings weitergehen. Wir d\u00f6sten nur etwas in dieser Nacht. Mehr Ruhe fanden wir nicht in dem schaukelnden und sch\u00fcttelndem Bus, der sich auf Dreckpisten von Nord nach S\u00fcd durch Matsch und Regen k\u00e4mpfte. Gegen sieben Uhr am Morgen erreichten wir Ulan Bator. Ein paar Leute halfen uns mit R\u00e4dern und Gep\u00e4ck, ein paar Leute verabschiedeten sich von uns. Der Rest verschwand ziemlich schnell und leise. Und mit einem mal standen wir da. Alleine am Stra\u00dfenrand in der einzigen gro\u00dfen Stadt dieses Landes. <\/p>\n\n\n\n<p>Leckeres Fr\u00fchst\u00fcckbuffet nach drei Tagen ohne Schlaf <\/p>\n\n\n\n<p style=\"text-align:left\">Zwar hatte noch kein einziger Laden ge\u00f6ffnet, doch der Verkehr war schon in vollem Gang. Wir suchten einige Zeit erfolglos entlang der Hauptverkehrsachse der Stadt nach Superm\u00e4rkten und Caf\u00e9s die ge\u00f6ffnet waren. Hier beginnt das Gesch\u00e4ftsleben scheinbar erst fr\u00fchstens um 10 Uhr. Einzig in einem Hotel konnten wir schlie\u00dflich ein Fr\u00fchst\u00fcck ergattern. Wir traten an die Rezeption und fragten, ob wir uns in das Hotelrestaurant setzen und ein Fr\u00fchst\u00fcck kaufen k\u00f6nnten. Freundlich empfangen genossen wir schlie\u00dflich f\u00fcr umgerechnet 1,66 Euro pro Person ein all-you-can-eat Fr\u00fchst\u00fcck mit Obst, K\u00e4se, Eiern, Brot, M\u00fcsli, S\u00e4ften, Tees und Kaffee. Wow! Beim Hinausgehen erkundigte ich mich aus Neugier nach den Zimmerpreisen. Die hatten es dagegen in sich: 65 \u20ac pro Nacht f\u00fcr ein Doppelzimmer. Alles scheint also nicht so billig zu sein.<\/p>\n\n\n\n<p>Beim verrr\u00fcckten Zeltmacher<\/p>\n\n\n\n<figure class=\"wp-block-image\"><img decoding=\"async\" loading=\"lazy\" width=\"768\" height=\"1024\" src=\"http:\/\/lichri.radeln-in-den-sonnenaufgang.de\/wp-content\/uploads\/2019\/08\/DSC_1923_compress18-e1565757431265-768x1024.jpg\" alt=\"\" class=\"wp-image-609\" srcset=\"http:\/\/lichri.radeln-in-den-sonnenaufgang.de\/wp-content\/uploads\/2019\/08\/DSC_1923_compress18-e1565757431265-768x1024.jpg 768w, http:\/\/lichri.radeln-in-den-sonnenaufgang.de\/wp-content\/uploads\/2019\/08\/DSC_1923_compress18-e1565757431265-225x300.jpg 225w, http:\/\/lichri.radeln-in-den-sonnenaufgang.de\/wp-content\/uploads\/2019\/08\/DSC_1923_compress18-e1565757431265.jpg 984w\" sizes=\"(max-width: 767px) 89vw, (max-width: 1000px) 54vw, (max-width: 1071px) 543px, 580px\" \/><figcaption>Die Passivhaus-Piratenfestung von Froit und seiner mongolischen Familie<\/figcaption><\/figure>\n\n\n\n<p>Zum Gl\u00fcck brauchten wir kein Zimmer, hatten wir doch bereits im Vorfeld Kontakt mit Froit aufgenommen, den wir \u00fcber WarmShowers ausfindig machten. Auf seinem Grundst\u00fcck k\u00f6nnten wir unser Zelt aufschlagen. Als wir gegen Mittag schlie\u00dflich bei ihm ankamen, fanden wir dort nicht nur Froit, den liebenswerten Niederl\u00e4nder mit seiner Frau vor, sondern auch noch ein kolumbianisches P\u00e4rchen, das seit einigen Tagen ebenfalls hier war. Leonardo und Diana haben in Kolumbien alles aufgel\u00f6st und sind nun bereits seit zwei Jahren mit dem Rad unterwegs. Pavel aus Moskau hatte uns bereits von ihnen erz\u00e4hlt und so hatten wir direkt einen gemeinsamen Freund. \u00dcberhaupt haben wir hier bei Froit einige interessante Radreisende aus vielen L\u00e4ndern kennen gelernt. Bei Froit und seiner mongolischen Frau ist w\u00e4hrend des Sommers immer ziemlich viel los. Froit macht Zelte \u2013 Zirkuszelte, Jurten, Jurtenartige Zelte. Er verkauft und vermietet sie. Manchmal ist so viel zu tun, dass er gut Hilfe gebrauchen kann und da kommen ein paar Fahrradtouristen gerade recht \ud83d\ude42 . Da das Wetter in Ulan-Bator recht durchwachsen, eher regnerisch war, packten wir unsere Schlafs\u00e4cke und Isomatten in der Werkstatt \u00fcber dem Haus aus. Froit wohnt mit seiner Frau in dem einzigen Passiv-Haus Ulan-Bators, welches er selbst gebaut hat. Er hat eine sehr bewegte Vergangenheit von der er uns ab und zu erz\u00e4hlt. <\/p>\n\n\n\n<figure class=\"wp-block-image\"><img decoding=\"async\" loading=\"lazy\" width=\"1024\" height=\"683\" src=\"http:\/\/lichri.radeln-in-den-sonnenaufgang.de\/wp-content\/uploads\/2019\/08\/PSX_20190811_164001-1024x683.jpg\" alt=\"\" class=\"wp-image-478\" srcset=\"http:\/\/lichri.radeln-in-den-sonnenaufgang.de\/wp-content\/uploads\/2019\/08\/PSX_20190811_164001-1024x683.jpg 1024w, http:\/\/lichri.radeln-in-den-sonnenaufgang.de\/wp-content\/uploads\/2019\/08\/PSX_20190811_164001-300x200.jpg 300w, http:\/\/lichri.radeln-in-den-sonnenaufgang.de\/wp-content\/uploads\/2019\/08\/PSX_20190811_164001-768x512.jpg 768w, http:\/\/lichri.radeln-in-den-sonnenaufgang.de\/wp-content\/uploads\/2019\/08\/PSX_20190811_164001.jpg 1500w\" sizes=\"(max-width: 767px) 89vw, (max-width: 1000px) 54vw, (max-width: 1071px) 543px, 580px\" \/><figcaption>Wir schliefen und arbeiteten in der Werkstatt \u00fcber dem Haus&#8230;<\/figcaption><\/figure>\n\n\n\n<figure class=\"wp-block-image\"><img decoding=\"async\" loading=\"lazy\" width=\"1024\" height=\"683\" src=\"http:\/\/lichri.radeln-in-den-sonnenaufgang.de\/wp-content\/uploads\/2019\/08\/PSX_20190811_162354-1024x683.jpg\" alt=\"\" class=\"wp-image-492\" srcset=\"http:\/\/lichri.radeln-in-den-sonnenaufgang.de\/wp-content\/uploads\/2019\/08\/PSX_20190811_162354-1024x683.jpg 1024w, http:\/\/lichri.radeln-in-den-sonnenaufgang.de\/wp-content\/uploads\/2019\/08\/PSX_20190811_162354-300x200.jpg 300w, http:\/\/lichri.radeln-in-den-sonnenaufgang.de\/wp-content\/uploads\/2019\/08\/PSX_20190811_162354-768x512.jpg 768w, http:\/\/lichri.radeln-in-den-sonnenaufgang.de\/wp-content\/uploads\/2019\/08\/PSX_20190811_162354.jpg 1500w\" sizes=\"(max-width: 767px) 89vw, (max-width: 1000px) 54vw, (max-width: 1071px) 543px, 580px\" \/><figcaption>welches sich im Stadtzentrum zwischen Hochh\u00e4usern und Yurten im Gandam-Viertel befindet &#8211; ohne Wasser- und Abwasseranschluss.<\/figcaption><\/figure>\n\n\n\n<p>Gro\u00dfe Wiedersehensfreude<\/p>\n\n\n\n<p>Am n\u00e4chsten morgen stie\u00df Flo zu uns. Die Freude ihn wieder zu sehen war, wie ihr euch vorstellen k\u00f6nnt, sehr gro\u00df! Am gleichen Morgen hatte Flo \u00fcber Couchsurfing eine Reise zum Sheepfestival Nahe Ulan-Bators gefunden und wir machten uns recht bald mit einer jungen Hauptstadt-Mongolin \u2013 Luna &#8211; auf den Weg auf&#8217;s Land. Auf dem Weg nach Westen, hinaus aus der Stadt, mussten wir kurz an einem gro\u00dfen Supermarkt halten, um einen Guide zur etwas versteckten Eventlocation zu treffen. Besagter Supermarkt (Nomin) war f\u00fcr uns drei eine riesige \u00dcberraschung. Wie viele andere M\u00e4rkte der Stadt ist er voll mit deutschen Produkten, vor allem g\u00fcnstige Supermarkt-Eigenmarken wie Gut&amp;G\u00fcnstig. Schokoladen, Spaghetti, Sp\u00fcli\u2026 Hier gibt es wirklich alles! Und das auch noch zu deutschen Preisen, was sich wahrscheinlich durch die wegfallende Mehrwert-Steuer und niedrige bis keine Einfuhrz\u00f6lle erm\u00f6glicht. Wir packten ein paar Snacks ein, um \u2013 als Vegetarier-Trio \u2013 auf das absehbare Fleischfest vorbereitet zu sein. Als Guide und Fernsehteam (oha!) dann vollst\u00e4ndig versammelt waren, ging es weiter gen Westen, dann links \u00fcber wilde Pisten nach S\u00fcden \u00fcber Berge, an Milit\u00e4ranlagen der UN und vielen Gers (Yurten) vorbei bis zum Flu\u00df Tuul, der aus der Stadt herausflie\u00dft.<\/p>\n\n\n\n<p>Sheepfestival<\/p>\n\n\n\n<p>Als wir ankamen, wurden wir mit Airag (vergorener Stutenmilch) begr\u00fc\u00dft, das uns sp\u00e4ter noch \u00f6fter gereicht werden w\u00fcrde. Danach wurden wir zu den Koch\u00f6fen gef\u00fchrt, wo wir den mongolisch traditionell in Deels geh\u00fcllte Frauen, beim Tee und Essen kochen zusehen konnten. Befeuert wurde mit Holz und dem ausreichend zur Verf\u00fcgung stehenden getrocknetem Kuhdung. Es gab \u201eWodka\u201c (aus vergorener Milch destilliert), S\u00fc\u00dfigkeiten aus getrockneter Milch, Khushuur (frittierte Teigtaschen mit Schafsfleisch gef\u00fcllt \u2013 erinnern stark an Empanadas). Als leckeren Festschmaus gab es Khorkhog. Das Ziegenfleisch wird in einen gro\u00dfen Milchkessel gegeben und gemeinsam mit etwas Gem\u00fcse gekocht. Dazu wird der Kessel auf einem mit Holz und getrocknetem Dung befeuerten Ofen gestellt. Im Ofen werden zudem Steine im Feuer erhitzt, die sp\u00e4ter in den Sud gegeben werden. Wir sahen eine ausgenommene Ziege, die schlaff am Boden neben den T\u00f6pfen lag. Sie wurde sp\u00e4ter noch mit Fleisch, Gem\u00fcse und im Dung-Feuer erhitzten Steinen gef\u00fcllt, zugeschn\u00fcrt und somit von innen gegart, w\u00e4hrend man von au\u00dfen das Tier flambierte. Ein au\u00dfergew\u00f6hnlich abartiger Anblick, wie danach mit Sch\u00f6pfkellen aus der \u2013 Beine und Kopf von sich streckenden &#8211; Ziege gesch\u00f6pft wurde. <\/p>\n\n\n\n<ul class=\"is-layout-flex wp-block-gallery-23 wp-block-gallery columns-2 is-cropped\"><li class=\"blocks-gallery-item\"><figure><img decoding=\"async\" loading=\"lazy\" width=\"1024\" height=\"683\" src=\"http:\/\/lichri.radeln-in-den-sonnenaufgang.de\/wp-content\/uploads\/2019\/08\/PSX_20190811_162850-1024x683.jpg\" alt=\"\" data-id=\"483\" data-link=\"http:\/\/lichri.radeln-in-den-sonnenaufgang.de\/?attachment_id=483\" class=\"wp-image-483\" srcset=\"http:\/\/lichri.radeln-in-den-sonnenaufgang.de\/wp-content\/uploads\/2019\/08\/PSX_20190811_162850-1024x683.jpg 1024w, http:\/\/lichri.radeln-in-den-sonnenaufgang.de\/wp-content\/uploads\/2019\/08\/PSX_20190811_162850-300x200.jpg 300w, http:\/\/lichri.radeln-in-den-sonnenaufgang.de\/wp-content\/uploads\/2019\/08\/PSX_20190811_162850-768x512.jpg 768w, http:\/\/lichri.radeln-in-den-sonnenaufgang.de\/wp-content\/uploads\/2019\/08\/PSX_20190811_162850.jpg 1500w\" sizes=\"(max-width: 767px) 89vw, (max-width: 1000px) 54vw, (max-width: 1071px) 543px, 580px\" \/><figcaption>Uuuuuh&#8230;<\/figcaption><\/figure><\/li><li class=\"blocks-gallery-item\"><figure><img decoding=\"async\" loading=\"lazy\" width=\"1024\" height=\"683\" src=\"http:\/\/lichri.radeln-in-den-sonnenaufgang.de\/wp-content\/uploads\/2019\/08\/PSX_20190811_162801-1024x683.jpg\" alt=\"\" data-id=\"484\" data-link=\"http:\/\/lichri.radeln-in-den-sonnenaufgang.de\/?attachment_id=484\" class=\"wp-image-484\" srcset=\"http:\/\/lichri.radeln-in-den-sonnenaufgang.de\/wp-content\/uploads\/2019\/08\/PSX_20190811_162801-1024x683.jpg 1024w, http:\/\/lichri.radeln-in-den-sonnenaufgang.de\/wp-content\/uploads\/2019\/08\/PSX_20190811_162801-300x200.jpg 300w, http:\/\/lichri.radeln-in-den-sonnenaufgang.de\/wp-content\/uploads\/2019\/08\/PSX_20190811_162801-768x512.jpg 768w, http:\/\/lichri.radeln-in-den-sonnenaufgang.de\/wp-content\/uploads\/2019\/08\/PSX_20190811_162801.jpg 1500w\" sizes=\"(max-width: 767px) 89vw, (max-width: 1000px) 54vw, (max-width: 1071px) 543px, 580px\" \/><figcaption>&#8230;. gruselig&#8230;<\/figcaption><\/figure><\/li><\/ul>\n\n\n\n<p>Die Steine werden zudem aus dem Tier genommen und als Handw\u00e4rmer herumgereicht \u2013 das soll sehr gesund sein. Dieses besondere Festessen nennt sich Bodog. Wir sahen Wolle, die in gro\u00dfe Fl\u00e4chen gefilzt wurde. Sahen Musiker und S\u00e4ngerin, T\u00e4nzerin, K\u00e4seherstellung und wir tranken Tee \u2013 der aus Milch und Fleisch bestand, also eigentlich Suppe war. Alles war in wundervollste Steppe geh\u00fcllt. Schafsherden zogen umher und Jurten zierten die weite Ebene, die ringsum von Bergen ges\u00e4umt waren. Reiter preschten durch den Fluss, andere f\u00fchrten Ziegen und Schafe hierher. Die Wettspiele begannen: Kot aufsammeln mit Gabeln und K\u00f6rben (Flo gewann!), Knochen-Wurfspiele, an denen Lisa teilnahm, und Schafsfang mit Beautycontest \u2013 den insgeheim Chris gewann. W\u00e4hrend der R\u00fcckfahrt blieben wir mehrmals stecken und schoben den Karren aus dem Dreck. <\/p>\n\n\n\n<ul class=\"is-layout-flex wp-block-gallery-25 wp-block-gallery columns-3 is-cropped\"><li class=\"blocks-gallery-item\"><figure><img decoding=\"async\" loading=\"lazy\" width=\"1024\" height=\"683\" src=\"http:\/\/lichri.radeln-in-den-sonnenaufgang.de\/wp-content\/uploads\/2019\/08\/PSX_20190811_163524-1024x683.jpg\" alt=\"\" data-id=\"507\" data-link=\"http:\/\/lichri.radeln-in-den-sonnenaufgang.de\/?attachment_id=507\" class=\"wp-image-507\" srcset=\"http:\/\/lichri.radeln-in-den-sonnenaufgang.de\/wp-content\/uploads\/2019\/08\/PSX_20190811_163524-1024x683.jpg 1024w, http:\/\/lichri.radeln-in-den-sonnenaufgang.de\/wp-content\/uploads\/2019\/08\/PSX_20190811_163524-300x200.jpg 300w, http:\/\/lichri.radeln-in-den-sonnenaufgang.de\/wp-content\/uploads\/2019\/08\/PSX_20190811_163524-768x512.jpg 768w, http:\/\/lichri.radeln-in-den-sonnenaufgang.de\/wp-content\/uploads\/2019\/08\/PSX_20190811_163524.jpg 1500w\" sizes=\"(max-width: 767px) 89vw, (max-width: 1000px) 54vw, (max-width: 1071px) 543px, 580px\" \/><figcaption>Traditionelle Dels<\/figcaption><\/figure><\/li><li class=\"blocks-gallery-item\"><figure><img decoding=\"async\" loading=\"lazy\" width=\"576\" height=\"1024\" src=\"http:\/\/lichri.radeln-in-den-sonnenaufgang.de\/wp-content\/uploads\/2019\/08\/DSC_1975_compress73-e1565709774246-576x1024.jpg\" alt=\"\" data-id=\"510\" data-link=\"http:\/\/lichri.radeln-in-den-sonnenaufgang.de\/?attachment_id=510\" class=\"wp-image-510\" srcset=\"http:\/\/lichri.radeln-in-den-sonnenaufgang.de\/wp-content\/uploads\/2019\/08\/DSC_1975_compress73-e1565709774246-576x1024.jpg 576w, http:\/\/lichri.radeln-in-den-sonnenaufgang.de\/wp-content\/uploads\/2019\/08\/DSC_1975_compress73-e1565709774246-169x300.jpg 169w, http:\/\/lichri.radeln-in-den-sonnenaufgang.de\/wp-content\/uploads\/2019\/08\/DSC_1975_compress73-e1565709774246.jpg 720w\" sizes=\"(max-width: 576px) 100vw, 576px\" \/><figcaption>Wollfilzen<\/figcaption><\/figure><\/li><li class=\"blocks-gallery-item\"><figure><img decoding=\"async\" loading=\"lazy\" width=\"576\" height=\"1024\" src=\"http:\/\/lichri.radeln-in-den-sonnenaufgang.de\/wp-content\/uploads\/2019\/08\/DSC_1952_compress78-e1565709818779-576x1024.jpg\" alt=\"\" data-id=\"509\" data-link=\"http:\/\/lichri.radeln-in-den-sonnenaufgang.de\/?attachment_id=509\" class=\"wp-image-509\" srcset=\"http:\/\/lichri.radeln-in-den-sonnenaufgang.de\/wp-content\/uploads\/2019\/08\/DSC_1952_compress78-e1565709818779-576x1024.jpg 576w, http:\/\/lichri.radeln-in-den-sonnenaufgang.de\/wp-content\/uploads\/2019\/08\/DSC_1952_compress78-e1565709818779-169x300.jpg 169w, http:\/\/lichri.radeln-in-den-sonnenaufgang.de\/wp-content\/uploads\/2019\/08\/DSC_1952_compress78-e1565709818779.jpg 720w\" sizes=\"(max-width: 576px) 100vw, 576px\" \/><figcaption>Auch M\u00e4nner kochen<\/figcaption><\/figure><\/li><li class=\"blocks-gallery-item\"><figure><img decoding=\"async\" loading=\"lazy\" width=\"1024\" height=\"683\" src=\"http:\/\/lichri.radeln-in-den-sonnenaufgang.de\/wp-content\/uploads\/2019\/08\/PSX_20190811_162712-1024x683.jpg\" alt=\"\" data-id=\"485\" data-link=\"http:\/\/lichri.radeln-in-den-sonnenaufgang.de\/?attachment_id=485\" class=\"wp-image-485\" srcset=\"http:\/\/lichri.radeln-in-den-sonnenaufgang.de\/wp-content\/uploads\/2019\/08\/PSX_20190811_162712-1024x683.jpg 1024w, http:\/\/lichri.radeln-in-den-sonnenaufgang.de\/wp-content\/uploads\/2019\/08\/PSX_20190811_162712-300x200.jpg 300w, http:\/\/lichri.radeln-in-den-sonnenaufgang.de\/wp-content\/uploads\/2019\/08\/PSX_20190811_162712-768x512.jpg 768w, http:\/\/lichri.radeln-in-den-sonnenaufgang.de\/wp-content\/uploads\/2019\/08\/PSX_20190811_162712.jpg 1500w\" sizes=\"(max-width: 767px) 89vw, (max-width: 1000px) 54vw, (max-width: 1071px) 543px, 580px\" \/><figcaption>Durch die Stadtabw\u00e4sser<\/figcaption><\/figure><\/li><li class=\"blocks-gallery-item\"><figure><img decoding=\"async\" loading=\"lazy\" width=\"1024\" height=\"683\" src=\"http:\/\/lichri.radeln-in-den-sonnenaufgang.de\/wp-content\/uploads\/2019\/08\/PSX_20190811_163606-1024x683.jpg\" alt=\"\" data-id=\"480\" data-link=\"http:\/\/lichri.radeln-in-den-sonnenaufgang.de\/?attachment_id=480\" class=\"wp-image-480\" srcset=\"http:\/\/lichri.radeln-in-den-sonnenaufgang.de\/wp-content\/uploads\/2019\/08\/PSX_20190811_163606-1024x683.jpg 1024w, http:\/\/lichri.radeln-in-den-sonnenaufgang.de\/wp-content\/uploads\/2019\/08\/PSX_20190811_163606-300x200.jpg 300w, http:\/\/lichri.radeln-in-den-sonnenaufgang.de\/wp-content\/uploads\/2019\/08\/PSX_20190811_163606-768x512.jpg 768w, http:\/\/lichri.radeln-in-den-sonnenaufgang.de\/wp-content\/uploads\/2019\/08\/PSX_20190811_163606.jpg 1500w\" sizes=\"(max-width: 767px) 89vw, (max-width: 1000px) 54vw, (max-width: 1071px) 543px, 580px\" \/><figcaption>Lisa zockt mit Schafsknochen<\/figcaption><\/figure><\/li><li class=\"blocks-gallery-item\"><figure><img decoding=\"async\" loading=\"lazy\" width=\"1024\" height=\"683\" src=\"http:\/\/lichri.radeln-in-den-sonnenaufgang.de\/wp-content\/uploads\/2019\/08\/PSX_20190811_162928-1024x683.jpg\" alt=\"\" data-id=\"482\" data-link=\"http:\/\/lichri.radeln-in-den-sonnenaufgang.de\/?attachment_id=482\" class=\"wp-image-482\" srcset=\"http:\/\/lichri.radeln-in-den-sonnenaufgang.de\/wp-content\/uploads\/2019\/08\/PSX_20190811_162928-1024x683.jpg 1024w, http:\/\/lichri.radeln-in-den-sonnenaufgang.de\/wp-content\/uploads\/2019\/08\/PSX_20190811_162928-300x200.jpg 300w, http:\/\/lichri.radeln-in-den-sonnenaufgang.de\/wp-content\/uploads\/2019\/08\/PSX_20190811_162928-768x512.jpg 768w, http:\/\/lichri.radeln-in-den-sonnenaufgang.de\/wp-content\/uploads\/2019\/08\/PSX_20190811_162928.jpg 1500w\" sizes=\"(max-width: 767px) 89vw, (max-width: 1000px) 54vw, (max-width: 1071px) 543px, 580px\" \/><figcaption>Asian Cowboys<\/figcaption><\/figure><\/li><li class=\"blocks-gallery-item\"><figure><img decoding=\"async\" loading=\"lazy\" width=\"1024\" height=\"683\" src=\"http:\/\/lichri.radeln-in-den-sonnenaufgang.de\/wp-content\/uploads\/2019\/08\/PSX_20190811_163340-1024x683.jpg\" alt=\"\" data-id=\"481\" data-link=\"http:\/\/lichri.radeln-in-den-sonnenaufgang.de\/?attachment_id=481\" class=\"wp-image-481\" srcset=\"http:\/\/lichri.radeln-in-den-sonnenaufgang.de\/wp-content\/uploads\/2019\/08\/PSX_20190811_163340-1024x683.jpg 1024w, http:\/\/lichri.radeln-in-den-sonnenaufgang.de\/wp-content\/uploads\/2019\/08\/PSX_20190811_163340-300x200.jpg 300w, http:\/\/lichri.radeln-in-den-sonnenaufgang.de\/wp-content\/uploads\/2019\/08\/PSX_20190811_163340-768x512.jpg 768w, http:\/\/lichri.radeln-in-den-sonnenaufgang.de\/wp-content\/uploads\/2019\/08\/PSX_20190811_163340.jpg 1500w\" sizes=\"(max-width: 767px) 89vw, (max-width: 1000px) 54vw, (max-width: 1071px) 543px, 580px\" \/><figcaption>Flo in action!<\/figcaption><\/figure><\/li><\/ul>\n\n\n\n<p>Pausetag in UB-City<\/p>\n\n\n\n<ul class=\"is-layout-flex wp-block-gallery-27 wp-block-gallery columns-3 is-cropped\"><li class=\"blocks-gallery-item\"><figure><img decoding=\"async\" loading=\"lazy\" width=\"768\" height=\"1024\" src=\"http:\/\/lichri.radeln-in-den-sonnenaufgang.de\/wp-content\/uploads\/2019\/08\/DSC_0081_compress0-e1565709657274-768x1024.jpg\" alt=\"\" data-id=\"533\" data-link=\"http:\/\/lichri.radeln-in-den-sonnenaufgang.de\/?attachment_id=533\" class=\"wp-image-533\" srcset=\"http:\/\/lichri.radeln-in-den-sonnenaufgang.de\/wp-content\/uploads\/2019\/08\/DSC_0081_compress0-e1565709657274-768x1024.jpg 768w, http:\/\/lichri.radeln-in-den-sonnenaufgang.de\/wp-content\/uploads\/2019\/08\/DSC_0081_compress0-e1565709657274-225x300.jpg 225w, http:\/\/lichri.radeln-in-den-sonnenaufgang.de\/wp-content\/uploads\/2019\/08\/DSC_0081_compress0-e1565709657274.jpg 984w\" sizes=\"(max-width: 767px) 89vw, (max-width: 1000px) 54vw, (max-width: 1071px) 543px, 580px\" \/><figcaption>Denkmal: Gefangen im System<\/figcaption><\/figure><\/li><li class=\"blocks-gallery-item\"><figure><img decoding=\"async\" loading=\"lazy\" width=\"768\" height=\"1024\" src=\"http:\/\/lichri.radeln-in-den-sonnenaufgang.de\/wp-content\/uploads\/2019\/08\/DSC_0094_compress91-e1565709625979-768x1024.jpg\" alt=\"\" data-id=\"535\" data-link=\"http:\/\/lichri.radeln-in-den-sonnenaufgang.de\/?attachment_id=535\" class=\"wp-image-535\" srcset=\"http:\/\/lichri.radeln-in-den-sonnenaufgang.de\/wp-content\/uploads\/2019\/08\/DSC_0094_compress91-e1565709625979-768x1024.jpg 768w, http:\/\/lichri.radeln-in-den-sonnenaufgang.de\/wp-content\/uploads\/2019\/08\/DSC_0094_compress91-e1565709625979-225x300.jpg 225w, http:\/\/lichri.radeln-in-den-sonnenaufgang.de\/wp-content\/uploads\/2019\/08\/DSC_0094_compress91-e1565709625979.jpg 984w\" sizes=\"(max-width: 767px) 89vw, (max-width: 1000px) 54vw, (max-width: 1071px) 543px, 580px\" \/><figcaption>Der zentrale Platz<\/figcaption><\/figure><\/li><li class=\"blocks-gallery-item\"><figure><img decoding=\"async\" loading=\"lazy\" width=\"1024\" height=\"576\" src=\"http:\/\/lichri.radeln-in-den-sonnenaufgang.de\/wp-content\/uploads\/2019\/08\/DSC_0067_compress55-1024x576.jpg\" alt=\"\" data-id=\"534\" data-link=\"http:\/\/lichri.radeln-in-den-sonnenaufgang.de\/?attachment_id=534\" class=\"wp-image-534\" srcset=\"http:\/\/lichri.radeln-in-den-sonnenaufgang.de\/wp-content\/uploads\/2019\/08\/DSC_0067_compress55-1024x576.jpg 1024w, http:\/\/lichri.radeln-in-den-sonnenaufgang.de\/wp-content\/uploads\/2019\/08\/DSC_0067_compress55-300x169.jpg 300w, http:\/\/lichri.radeln-in-den-sonnenaufgang.de\/wp-content\/uploads\/2019\/08\/DSC_0067_compress55-768x432.jpg 768w, http:\/\/lichri.radeln-in-den-sonnenaufgang.de\/wp-content\/uploads\/2019\/08\/DSC_0067_compress55.jpg 1280w\" sizes=\"(max-width: 767px) 89vw, (max-width: 1000px) 54vw, (max-width: 1071px) 543px, 580px\" \/><figcaption>Gandam Kloster um&#8217;s Eck<\/figcaption><\/figure><\/li><li class=\"blocks-gallery-item\"><figure><img decoding=\"async\" loading=\"lazy\" width=\"1024\" height=\"683\" src=\"http:\/\/lichri.radeln-in-den-sonnenaufgang.de\/wp-content\/uploads\/2019\/08\/PSX_20190811_162736-1024x683.jpg\" alt=\"\" data-id=\"486\" data-link=\"http:\/\/lichri.radeln-in-den-sonnenaufgang.de\/?attachment_id=486\" class=\"wp-image-486\" srcset=\"http:\/\/lichri.radeln-in-den-sonnenaufgang.de\/wp-content\/uploads\/2019\/08\/PSX_20190811_162736-1024x683.jpg 1024w, http:\/\/lichri.radeln-in-den-sonnenaufgang.de\/wp-content\/uploads\/2019\/08\/PSX_20190811_162736-300x200.jpg 300w, http:\/\/lichri.radeln-in-den-sonnenaufgang.de\/wp-content\/uploads\/2019\/08\/PSX_20190811_162736-768x512.jpg 768w, http:\/\/lichri.radeln-in-den-sonnenaufgang.de\/wp-content\/uploads\/2019\/08\/PSX_20190811_162736.jpg 1500w\" sizes=\"(max-width: 767px) 89vw, (max-width: 1000px) 54vw, (max-width: 1071px) 543px, 580px\" \/><figcaption>Besuch auf dem &#8222;Schwarzmarkt&#8220;<\/figcaption><\/figure><\/li><\/ul>\n\n\n\n<p>Verr\u00fcckter Stra\u00dfenverkehr<\/p>\n\n\n\n<p>Nach einem Tag Pause bei Froit, wo wir ein wenig im Haushalt und bei Bastelarbeiten anpackten, ging es dann f\u00fcr f\u00fcnf Tage in die Zentralmongolei mit einem japanischen Kleinbus. Hierzu vielleicht ganz kurz: in der Mongolei ist wie in Deutschland Rechtsverkehr. Dennoch haben ca. die H\u00e4lfte der gr\u00f6\u00dftenteils aus Japan importieren Fahrzeuge das Lenkrad auf der rechten Seite. Dies f\u00fchrt gerade in der Stadt h\u00e4ufig zu Unf\u00e4llen. Insbesonders der Prius Hybrid dominiert das Stra\u00dfenbild. Er ist wegen der Zollfreiheit sehr g\u00fcnstig und beliebt. F\u00e4hrt man auf dem Land jedoch Offroad so macht es bei dem Netz an m\u00e4andrierenden Pisten keinen Unterschied, ob das Lenkrad rechts oder links ist. <\/p>\n\n\n\n<p>5-Tages-Tour in die Zentralmongolei<\/p>\n\n\n\n<p>Der Weg f\u00fchrte uns erneut Richtung Westen aus der Stadt heraus. F\u00fcr nur ca. 450 km brauchten wir den ganzen Tag und erreichten am Abend nicht einmal ganz die erste Sehensw\u00fcrdigkeit unserer Reise. Daf\u00fcr \u00fcbernachteten wir mit unserem Zelt hinter der Jurte der Schwiegermutter unseres Guides Onol. Umzingelt von Yaks, die auch Nachts noch ihr knurrend-knatterndes Muhen von sich gaben verbrachten wir die erste Nacht zu dritt in unserem kleinen Zelt. Am n\u00e4chsten morgen ging es zum Orkhon-Wasserfall. F\u00fcr die 20 Pistenkilometer \u00fcber H\u00fcgel und flache Fl\u00fcsse brauchten wir noch einmal ganze zwei Stunden. <\/p>\n\n\n\n<figure class=\"wp-block-image\"><img decoding=\"async\" loading=\"lazy\" width=\"1024\" height=\"576\" src=\"http:\/\/lichri.radeln-in-den-sonnenaufgang.de\/wp-content\/uploads\/2019\/08\/DSC_0202_compress34-1024x576.jpg\" alt=\"\" class=\"wp-image-543\" srcset=\"http:\/\/lichri.radeln-in-den-sonnenaufgang.de\/wp-content\/uploads\/2019\/08\/DSC_0202_compress34-1024x576.jpg 1024w, http:\/\/lichri.radeln-in-den-sonnenaufgang.de\/wp-content\/uploads\/2019\/08\/DSC_0202_compress34-300x169.jpg 300w, http:\/\/lichri.radeln-in-den-sonnenaufgang.de\/wp-content\/uploads\/2019\/08\/DSC_0202_compress34-768x432.jpg 768w, http:\/\/lichri.radeln-in-den-sonnenaufgang.de\/wp-content\/uploads\/2019\/08\/DSC_0202_compress34.jpg 1280w\" sizes=\"(max-width: 767px) 89vw, (max-width: 1000px) 54vw, (max-width: 1071px) 543px, 580px\" \/><figcaption>Yaks in den Ebenen des Orkhon Tals<\/figcaption><\/figure>\n\n\n\n<ul class=\"is-layout-flex wp-block-gallery-29 wp-block-gallery columns-3 is-cropped\"><li class=\"blocks-gallery-item\"><figure><img decoding=\"async\" loading=\"lazy\" width=\"683\" height=\"1024\" src=\"http:\/\/lichri.radeln-in-den-sonnenaufgang.de\/wp-content\/uploads\/2019\/08\/IMG_9285_compress95-e1565709295566-683x1024.jpg\" alt=\"\" data-id=\"566\" data-link=\"http:\/\/lichri.radeln-in-den-sonnenaufgang.de\/?attachment_id=566\" class=\"wp-image-566\" srcset=\"http:\/\/lichri.radeln-in-den-sonnenaufgang.de\/wp-content\/uploads\/2019\/08\/IMG_9285_compress95-e1565709295566-683x1024.jpg 683w, http:\/\/lichri.radeln-in-den-sonnenaufgang.de\/wp-content\/uploads\/2019\/08\/IMG_9285_compress95-e1565709295566-200x300.jpg 200w, http:\/\/lichri.radeln-in-den-sonnenaufgang.de\/wp-content\/uploads\/2019\/08\/IMG_9285_compress95-e1565709295566-768x1152.jpg 768w, http:\/\/lichri.radeln-in-den-sonnenaufgang.de\/wp-content\/uploads\/2019\/08\/IMG_9285_compress95-e1565709295566.jpg 864w\" sizes=\"(max-width: 683px) 100vw, 683px\" \/><\/figure><\/li><li class=\"blocks-gallery-item\"><figure><img decoding=\"async\" loading=\"lazy\" width=\"683\" height=\"1024\" src=\"http:\/\/lichri.radeln-in-den-sonnenaufgang.de\/wp-content\/uploads\/2019\/08\/IMG_9319_compress44-e1565709311367-683x1024.jpg\" alt=\"\" data-id=\"564\" data-link=\"http:\/\/lichri.radeln-in-den-sonnenaufgang.de\/?attachment_id=564\" class=\"wp-image-564\" srcset=\"http:\/\/lichri.radeln-in-den-sonnenaufgang.de\/wp-content\/uploads\/2019\/08\/IMG_9319_compress44-e1565709311367-683x1024.jpg 683w, http:\/\/lichri.radeln-in-den-sonnenaufgang.de\/wp-content\/uploads\/2019\/08\/IMG_9319_compress44-e1565709311367-200x300.jpg 200w, http:\/\/lichri.radeln-in-den-sonnenaufgang.de\/wp-content\/uploads\/2019\/08\/IMG_9319_compress44-e1565709311367-768x1152.jpg 768w, http:\/\/lichri.radeln-in-den-sonnenaufgang.de\/wp-content\/uploads\/2019\/08\/IMG_9319_compress44-e1565709311367.jpg 864w\" sizes=\"(max-width: 683px) 100vw, 683px\" \/><\/figure><\/li><li class=\"blocks-gallery-item\"><figure><img decoding=\"async\" loading=\"lazy\" width=\"1024\" height=\"683\" src=\"http:\/\/lichri.radeln-in-den-sonnenaufgang.de\/wp-content\/uploads\/2019\/08\/PSX_20190811_162102-1024x683.jpg\" alt=\"\" data-id=\"493\" data-link=\"http:\/\/lichri.radeln-in-den-sonnenaufgang.de\/?attachment_id=493\" class=\"wp-image-493\" srcset=\"http:\/\/lichri.radeln-in-den-sonnenaufgang.de\/wp-content\/uploads\/2019\/08\/PSX_20190811_162102-1024x683.jpg 1024w, http:\/\/lichri.radeln-in-den-sonnenaufgang.de\/wp-content\/uploads\/2019\/08\/PSX_20190811_162102-300x200.jpg 300w, http:\/\/lichri.radeln-in-den-sonnenaufgang.de\/wp-content\/uploads\/2019\/08\/PSX_20190811_162102-768x512.jpg 768w, http:\/\/lichri.radeln-in-den-sonnenaufgang.de\/wp-content\/uploads\/2019\/08\/PSX_20190811_162102.jpg 1500w\" sizes=\"(max-width: 767px) 89vw, (max-width: 1000px) 54vw, (max-width: 1071px) 543px, 580px\" \/><\/figure><\/li><li class=\"blocks-gallery-item\"><figure><img decoding=\"async\" loading=\"lazy\" width=\"1024\" height=\"683\" src=\"http:\/\/lichri.radeln-in-den-sonnenaufgang.de\/wp-content\/uploads\/2019\/08\/PSX_20190811_164322-1024x683.jpg\" alt=\"\" data-id=\"477\" data-link=\"http:\/\/lichri.radeln-in-den-sonnenaufgang.de\/?attachment_id=477\" class=\"wp-image-477\" srcset=\"http:\/\/lichri.radeln-in-den-sonnenaufgang.de\/wp-content\/uploads\/2019\/08\/PSX_20190811_164322-1024x683.jpg 1024w, http:\/\/lichri.radeln-in-den-sonnenaufgang.de\/wp-content\/uploads\/2019\/08\/PSX_20190811_164322-300x200.jpg 300w, http:\/\/lichri.radeln-in-den-sonnenaufgang.de\/wp-content\/uploads\/2019\/08\/PSX_20190811_164322-768x512.jpg 768w, http:\/\/lichri.radeln-in-den-sonnenaufgang.de\/wp-content\/uploads\/2019\/08\/PSX_20190811_164322.jpg 1500w\" sizes=\"(max-width: 767px) 89vw, (max-width: 1000px) 54vw, (max-width: 1071px) 543px, 580px\" \/><\/figure><\/li><\/ul>\n\n\n\n<figure class=\"wp-block-image\"><img decoding=\"async\" loading=\"lazy\" width=\"768\" height=\"1024\" src=\"http:\/\/lichri.radeln-in-den-sonnenaufgang.de\/wp-content\/uploads\/2019\/08\/DSC_0175_compress94-e1565709520315-768x1024.jpg\" alt=\"\" class=\"wp-image-542\" srcset=\"http:\/\/lichri.radeln-in-den-sonnenaufgang.de\/wp-content\/uploads\/2019\/08\/DSC_0175_compress94-e1565709520315-768x1024.jpg 768w, http:\/\/lichri.radeln-in-den-sonnenaufgang.de\/wp-content\/uploads\/2019\/08\/DSC_0175_compress94-e1565709520315-225x300.jpg 225w, http:\/\/lichri.radeln-in-den-sonnenaufgang.de\/wp-content\/uploads\/2019\/08\/DSC_0175_compress94-e1565709520315.jpg 984w\" sizes=\"(max-width: 767px) 89vw, (max-width: 1000px) 54vw, (max-width: 1071px) 543px, 580px\" \/><figcaption>Wenn Flo nicht im Wasser stand, um die Tiefe zu testen, dann holte er das Beste aus seinen Kameras.<\/figcaption><\/figure>\n\n\n\n<figure class=\"wp-block-image\"><img decoding=\"async\" loading=\"lazy\" width=\"1024\" height=\"683\" src=\"http:\/\/lichri.radeln-in-den-sonnenaufgang.de\/wp-content\/uploads\/2019\/08\/PSX_20190811_163858-1024x683.jpg\" alt=\"\" class=\"wp-image-479\" srcset=\"http:\/\/lichri.radeln-in-den-sonnenaufgang.de\/wp-content\/uploads\/2019\/08\/PSX_20190811_163858-1024x683.jpg 1024w, http:\/\/lichri.radeln-in-den-sonnenaufgang.de\/wp-content\/uploads\/2019\/08\/PSX_20190811_163858-300x200.jpg 300w, http:\/\/lichri.radeln-in-den-sonnenaufgang.de\/wp-content\/uploads\/2019\/08\/PSX_20190811_163858-768x512.jpg 768w, http:\/\/lichri.radeln-in-den-sonnenaufgang.de\/wp-content\/uploads\/2019\/08\/PSX_20190811_163858.jpg 1500w\" sizes=\"(max-width: 767px) 89vw, (max-width: 1000px) 54vw, (max-width: 1071px) 543px, 580px\" \/><figcaption>Flo hat es mit der Kamera echt drauf. So ein sch\u00f6nes Portraitfoto hatte Chris noch nie von sich \ud83d\ude09<\/figcaption><\/figure>\n\n\n\n<p>Klosterbesuch und mobiles Karaoke<\/p>\n\n\n\n<p>Am sp\u00e4ten Nachmittag machten wir uns auf zu einem buddistischen Kloster in den Bergen \u2013 Tuvkhuniy-Khiid, welches wir am n\u00e4chsten Morgen besuchten. Nicht ganz ohne Hindernisse, denn am Abend gesellte sich eine Gruppe junger Mongolen aus Ulan-Bator zu uns und stellte ihr Zelt neben unserem auf. Flo, Chris und Onol wurden zum kleinen Lagerfeuer eingeladen, w\u00e4hrend Lisa schon ins Zelt gekrochen ist. Sie tranken viel Wodka und sangen aus vollem Hals in ein mobiles Karaokeger\u00e4t. <\/p>\n\n\n\n<figure class=\"wp-block-image\"><img decoding=\"async\" loading=\"lazy\" width=\"1024\" height=\"683\" src=\"http:\/\/lichri.radeln-in-den-sonnenaufgang.de\/wp-content\/uploads\/2019\/08\/PSX_20190811_161417-1024x683.jpg\" alt=\"\" class=\"wp-image-495\" srcset=\"http:\/\/lichri.radeln-in-den-sonnenaufgang.de\/wp-content\/uploads\/2019\/08\/PSX_20190811_161417-1024x683.jpg 1024w, http:\/\/lichri.radeln-in-den-sonnenaufgang.de\/wp-content\/uploads\/2019\/08\/PSX_20190811_161417-300x200.jpg 300w, http:\/\/lichri.radeln-in-den-sonnenaufgang.de\/wp-content\/uploads\/2019\/08\/PSX_20190811_161417-768x512.jpg 768w, http:\/\/lichri.radeln-in-den-sonnenaufgang.de\/wp-content\/uploads\/2019\/08\/PSX_20190811_161417.jpg 1500w\" sizes=\"(max-width: 767px) 89vw, (max-width: 1000px) 54vw, (max-width: 1071px) 543px, 580px\" \/><figcaption>Campingk\u00fcche in der Fliegenh\u00f6lle. Zum Gl\u00fcck hat Lisa alle Fliegen unter ihrem Fliegennetz gefangen \ud83d\ude09<\/figcaption><\/figure>\n\n\n\n<figure class=\"wp-block-image\"><img decoding=\"async\" loading=\"lazy\" width=\"683\" height=\"1024\" src=\"http:\/\/lichri.radeln-in-den-sonnenaufgang.de\/wp-content\/uploads\/2019\/08\/PSX_20190811_161301-683x1024.jpg\" alt=\"\" class=\"wp-image-496\" srcset=\"http:\/\/lichri.radeln-in-den-sonnenaufgang.de\/wp-content\/uploads\/2019\/08\/PSX_20190811_161301-683x1024.jpg 683w, http:\/\/lichri.radeln-in-den-sonnenaufgang.de\/wp-content\/uploads\/2019\/08\/PSX_20190811_161301-200x300.jpg 200w, http:\/\/lichri.radeln-in-den-sonnenaufgang.de\/wp-content\/uploads\/2019\/08\/PSX_20190811_161301-768x1152.jpg 768w, http:\/\/lichri.radeln-in-den-sonnenaufgang.de\/wp-content\/uploads\/2019\/08\/PSX_20190811_161301.jpg 1000w\" sizes=\"(max-width: 683px) 100vw, 683px\" \/><\/figure>\n\n\n\n<p>Die Kopfschmerzen am n\u00e4chsten Tag waren vorprogrammiert. Der Aufstieg ins Kloster, das von sch\u00f6nem, blumenreichen Wald umgeben war, gelang dennoch und die kurze Kletterpartie zum Gipfel machte den Jungs gro\u00dfe Freude. <\/p>\n\n\n\n<ul class=\"is-layout-flex wp-block-gallery-31 wp-block-gallery columns-3 is-cropped\"><li class=\"blocks-gallery-item\"><figure><img decoding=\"async\" loading=\"lazy\" width=\"683\" height=\"1024\" src=\"http:\/\/lichri.radeln-in-den-sonnenaufgang.de\/wp-content\/uploads\/2019\/08\/IMG_9383_compress75-e1565709357744-683x1024.jpg\" alt=\"\" data-id=\"561\" data-link=\"http:\/\/lichri.radeln-in-den-sonnenaufgang.de\/?attachment_id=561\" class=\"wp-image-561\" srcset=\"http:\/\/lichri.radeln-in-den-sonnenaufgang.de\/wp-content\/uploads\/2019\/08\/IMG_9383_compress75-e1565709357744-683x1024.jpg 683w, http:\/\/lichri.radeln-in-den-sonnenaufgang.de\/wp-content\/uploads\/2019\/08\/IMG_9383_compress75-e1565709357744-200x300.jpg 200w, http:\/\/lichri.radeln-in-den-sonnenaufgang.de\/wp-content\/uploads\/2019\/08\/IMG_9383_compress75-e1565709357744-768x1152.jpg 768w, http:\/\/lichri.radeln-in-den-sonnenaufgang.de\/wp-content\/uploads\/2019\/08\/IMG_9383_compress75-e1565709357744.jpg 864w\" sizes=\"(max-width: 683px) 100vw, 683px\" \/><\/figure><\/li><li class=\"blocks-gallery-item\"><figure><img decoding=\"async\" loading=\"lazy\" width=\"683\" height=\"1024\" src=\"http:\/\/lichri.radeln-in-den-sonnenaufgang.de\/wp-content\/uploads\/2019\/08\/IMG_9371_compress41-e1565709329892-683x1024.jpg\" alt=\"\" data-id=\"562\" data-link=\"http:\/\/lichri.radeln-in-den-sonnenaufgang.de\/?attachment_id=562\" class=\"wp-image-562\" srcset=\"http:\/\/lichri.radeln-in-den-sonnenaufgang.de\/wp-content\/uploads\/2019\/08\/IMG_9371_compress41-e1565709329892-683x1024.jpg 683w, http:\/\/lichri.radeln-in-den-sonnenaufgang.de\/wp-content\/uploads\/2019\/08\/IMG_9371_compress41-e1565709329892-200x300.jpg 200w, http:\/\/lichri.radeln-in-den-sonnenaufgang.de\/wp-content\/uploads\/2019\/08\/IMG_9371_compress41-e1565709329892-768x1152.jpg 768w, http:\/\/lichri.radeln-in-den-sonnenaufgang.de\/wp-content\/uploads\/2019\/08\/IMG_9371_compress41-e1565709329892.jpg 864w\" sizes=\"(max-width: 683px) 100vw, 683px\" \/><\/figure><\/li><li class=\"blocks-gallery-item\"><figure><img decoding=\"async\" loading=\"lazy\" width=\"1024\" height=\"683\" src=\"http:\/\/lichri.radeln-in-den-sonnenaufgang.de\/wp-content\/uploads\/2019\/08\/IMG_9435_compress33-1024x683.jpg\" alt=\"\" data-id=\"558\" data-link=\"http:\/\/lichri.radeln-in-den-sonnenaufgang.de\/?attachment_id=558\" class=\"wp-image-558\" srcset=\"http:\/\/lichri.radeln-in-den-sonnenaufgang.de\/wp-content\/uploads\/2019\/08\/IMG_9435_compress33-1024x683.jpg 1024w, http:\/\/lichri.radeln-in-den-sonnenaufgang.de\/wp-content\/uploads\/2019\/08\/IMG_9435_compress33-300x200.jpg 300w, http:\/\/lichri.radeln-in-den-sonnenaufgang.de\/wp-content\/uploads\/2019\/08\/IMG_9435_compress33-768x512.jpg 768w, http:\/\/lichri.radeln-in-den-sonnenaufgang.de\/wp-content\/uploads\/2019\/08\/IMG_9435_compress33.jpg 1296w\" sizes=\"(max-width: 767px) 89vw, (max-width: 1000px) 54vw, (max-width: 1071px) 543px, 580px\" \/><\/figure><\/li><li class=\"blocks-gallery-item\"><figure><img decoding=\"async\" loading=\"lazy\" width=\"683\" height=\"1024\" src=\"http:\/\/lichri.radeln-in-den-sonnenaufgang.de\/wp-content\/uploads\/2019\/08\/IMG_9404_compress5-e1565709399378-683x1024.jpg\" alt=\"\" data-id=\"559\" data-link=\"http:\/\/lichri.radeln-in-den-sonnenaufgang.de\/?attachment_id=559\" class=\"wp-image-559\" srcset=\"http:\/\/lichri.radeln-in-den-sonnenaufgang.de\/wp-content\/uploads\/2019\/08\/IMG_9404_compress5-e1565709399378-683x1024.jpg 683w, http:\/\/lichri.radeln-in-den-sonnenaufgang.de\/wp-content\/uploads\/2019\/08\/IMG_9404_compress5-e1565709399378-200x300.jpg 200w, http:\/\/lichri.radeln-in-den-sonnenaufgang.de\/wp-content\/uploads\/2019\/08\/IMG_9404_compress5-e1565709399378-768x1152.jpg 768w, http:\/\/lichri.radeln-in-den-sonnenaufgang.de\/wp-content\/uploads\/2019\/08\/IMG_9404_compress5-e1565709399378.jpg 864w\" sizes=\"(max-width: 683px) 100vw, 683px\" \/><\/figure><\/li><li class=\"blocks-gallery-item\"><figure><img decoding=\"async\" loading=\"lazy\" width=\"683\" height=\"1024\" src=\"http:\/\/lichri.radeln-in-den-sonnenaufgang.de\/wp-content\/uploads\/2019\/08\/IMG_9427_compress89-e1565709381348-683x1024.jpg\" alt=\"\" data-id=\"560\" data-link=\"http:\/\/lichri.radeln-in-den-sonnenaufgang.de\/?attachment_id=560\" class=\"wp-image-560\" srcset=\"http:\/\/lichri.radeln-in-den-sonnenaufgang.de\/wp-content\/uploads\/2019\/08\/IMG_9427_compress89-e1565709381348-683x1024.jpg 683w, http:\/\/lichri.radeln-in-den-sonnenaufgang.de\/wp-content\/uploads\/2019\/08\/IMG_9427_compress89-e1565709381348-200x300.jpg 200w, http:\/\/lichri.radeln-in-den-sonnenaufgang.de\/wp-content\/uploads\/2019\/08\/IMG_9427_compress89-e1565709381348-768x1152.jpg 768w, http:\/\/lichri.radeln-in-den-sonnenaufgang.de\/wp-content\/uploads\/2019\/08\/IMG_9427_compress89-e1565709381348.jpg 864w\" sizes=\"(max-width: 683px) 100vw, 683px\" \/><\/figure><\/li><\/ul>\n\n\n\n<figure class=\"wp-block-image\"><img decoding=\"async\" loading=\"lazy\" width=\"1024\" height=\"683\" src=\"http:\/\/lichri.radeln-in-den-sonnenaufgang.de\/wp-content\/uploads\/2019\/08\/PSX_20190811_161532-1024x683.jpg\" alt=\"\" class=\"wp-image-494\" srcset=\"http:\/\/lichri.radeln-in-den-sonnenaufgang.de\/wp-content\/uploads\/2019\/08\/PSX_20190811_161532-1024x683.jpg 1024w, http:\/\/lichri.radeln-in-den-sonnenaufgang.de\/wp-content\/uploads\/2019\/08\/PSX_20190811_161532-300x200.jpg 300w, http:\/\/lichri.radeln-in-den-sonnenaufgang.de\/wp-content\/uploads\/2019\/08\/PSX_20190811_161532-768x512.jpg 768w, http:\/\/lichri.radeln-in-den-sonnenaufgang.de\/wp-content\/uploads\/2019\/08\/PSX_20190811_161532.jpg 1500w\" sizes=\"(max-width: 767px) 89vw, (max-width: 1000px) 54vw, (max-width: 1071px) 543px, 580px\" \/><figcaption>Die meisten der guten Fotos sind von Flo, aber ich (Chris) hab auch ein paar h\u00fcbsche Schnappsch\u00fcsse hinbekommen \ud83d\ude42 Der folgende Cowboy zum Beispiel:<\/figcaption><\/figure>\n\n\n\n<figure class=\"wp-block-image\"><img decoding=\"async\" loading=\"lazy\" width=\"1024\" height=\"305\" src=\"http:\/\/lichri.radeln-in-den-sonnenaufgang.de\/wp-content\/uploads\/2019\/08\/20190731_163805-1024x305.jpg\" alt=\"\" class=\"wp-image-627\" srcset=\"http:\/\/lichri.radeln-in-den-sonnenaufgang.de\/wp-content\/uploads\/2019\/08\/20190731_163805-1024x305.jpg 1024w, http:\/\/lichri.radeln-in-den-sonnenaufgang.de\/wp-content\/uploads\/2019\/08\/20190731_163805-300x89.jpg 300w, http:\/\/lichri.radeln-in-den-sonnenaufgang.de\/wp-content\/uploads\/2019\/08\/20190731_163805-768x229.jpg 768w\" sizes=\"(max-width: 767px) 89vw, (max-width: 1000px) 54vw, (max-width: 1071px) 543px, 580px\" \/><figcaption>Western im Osten \ud83d\ude09<\/figcaption><\/figure>\n\n\n\n<p>Sagenumwobene Hauptstadt<\/p>\n\n\n\n<p>Nach dem Kloster ging es weiter in die fr\u00fchere Hauptstadt Karakorum. Nun gut \u2013 von dieser ist eigentlich nichts mehr \u00fcbrig. Sie wurde im 13ten Jahrhundert von Chingghis Khan gegr\u00fcndet, von \u00d6gedei ausgebaut, von Handwerkern, H\u00e4ndlern und Gl\u00e4ubigen unterschiedlichster Art und Herkunft belebt, bis sie 1338 von den chinesischen Truppen zerst\u00f6rt wurde. \u00dcbrig ist bis heute die mit unz\u00e4hligen Stupas ummauerte Tempelanlage Edene Zuu, die im 16. Und 17. Jahrhundert aus den Tr\u00fcmmern der Stadt errichtet wurde. Wir hatten etwas Zeit, uns hier umzusehen &#8211; nur leider zu sp\u00e4t um noch in den eigentlichen Tempel hineingelassen zu werden. Dennoch war es interessant die gl\u00e4ubigen Besucher zu beobachten, die mit Knief\u00e4llen, dem Drehen an Gebetstrommeln und R\u00e4uchern von Kr\u00e4utern beteten. <\/p>\n\n\n\n<figure class=\"wp-block-image\"><img decoding=\"async\" loading=\"lazy\" width=\"1024\" height=\"683\" src=\"http:\/\/lichri.radeln-in-den-sonnenaufgang.de\/wp-content\/uploads\/2019\/08\/IMG_9517_compress87-1024x683.jpg\" alt=\"\" class=\"wp-image-556\" srcset=\"http:\/\/lichri.radeln-in-den-sonnenaufgang.de\/wp-content\/uploads\/2019\/08\/IMG_9517_compress87-1024x683.jpg 1024w, http:\/\/lichri.radeln-in-den-sonnenaufgang.de\/wp-content\/uploads\/2019\/08\/IMG_9517_compress87-300x200.jpg 300w, http:\/\/lichri.radeln-in-den-sonnenaufgang.de\/wp-content\/uploads\/2019\/08\/IMG_9517_compress87-768x512.jpg 768w, http:\/\/lichri.radeln-in-den-sonnenaufgang.de\/wp-content\/uploads\/2019\/08\/IMG_9517_compress87.jpg 1296w\" sizes=\"(max-width: 767px) 89vw, (max-width: 1000px) 54vw, (max-width: 1071px) 543px, 580px\" \/><\/figure>\n\n\n\n<figure class=\"wp-block-image\"><img decoding=\"async\" loading=\"lazy\" width=\"683\" height=\"1024\" src=\"http:\/\/lichri.radeln-in-den-sonnenaufgang.de\/wp-content\/uploads\/2019\/08\/IMG_9547_compress58-e1565709430391-683x1024.jpg\" alt=\"\" class=\"wp-image-555\" srcset=\"http:\/\/lichri.radeln-in-den-sonnenaufgang.de\/wp-content\/uploads\/2019\/08\/IMG_9547_compress58-e1565709430391-683x1024.jpg 683w, http:\/\/lichri.radeln-in-den-sonnenaufgang.de\/wp-content\/uploads\/2019\/08\/IMG_9547_compress58-e1565709430391-200x300.jpg 200w, http:\/\/lichri.radeln-in-den-sonnenaufgang.de\/wp-content\/uploads\/2019\/08\/IMG_9547_compress58-e1565709430391-768x1152.jpg 768w, http:\/\/lichri.radeln-in-den-sonnenaufgang.de\/wp-content\/uploads\/2019\/08\/IMG_9547_compress58-e1565709430391.jpg 864w\" sizes=\"(max-width: 683px) 100vw, 683px\" \/><\/figure>\n\n\n\n<figure class=\"wp-block-image\"><img decoding=\"async\" loading=\"lazy\" width=\"683\" height=\"1024\" src=\"http:\/\/lichri.radeln-in-den-sonnenaufgang.de\/wp-content\/uploads\/2019\/08\/IMG_9584_compress93-e1565709449494-683x1024.jpg\" alt=\"\" class=\"wp-image-554\" srcset=\"http:\/\/lichri.radeln-in-den-sonnenaufgang.de\/wp-content\/uploads\/2019\/08\/IMG_9584_compress93-e1565709449494-683x1024.jpg 683w, http:\/\/lichri.radeln-in-den-sonnenaufgang.de\/wp-content\/uploads\/2019\/08\/IMG_9584_compress93-e1565709449494-200x300.jpg 200w, http:\/\/lichri.radeln-in-den-sonnenaufgang.de\/wp-content\/uploads\/2019\/08\/IMG_9584_compress93-e1565709449494-768x1152.jpg 768w, http:\/\/lichri.radeln-in-den-sonnenaufgang.de\/wp-content\/uploads\/2019\/08\/IMG_9584_compress93-e1565709449494.jpg 864w\" sizes=\"(max-width: 683px) 100vw, 683px\" \/><\/figure>\n\n\n\n<figure class=\"wp-block-image\"><img decoding=\"async\" loading=\"lazy\" width=\"683\" height=\"1024\" src=\"http:\/\/lichri.radeln-in-den-sonnenaufgang.de\/wp-content\/uploads\/2019\/08\/IMG_9588_compress75-e1565709835245-683x1024.jpg\" alt=\"\" class=\"wp-image-508\" srcset=\"http:\/\/lichri.radeln-in-den-sonnenaufgang.de\/wp-content\/uploads\/2019\/08\/IMG_9588_compress75-e1565709835245-683x1024.jpg 683w, http:\/\/lichri.radeln-in-den-sonnenaufgang.de\/wp-content\/uploads\/2019\/08\/IMG_9588_compress75-e1565709835245-200x300.jpg 200w, http:\/\/lichri.radeln-in-den-sonnenaufgang.de\/wp-content\/uploads\/2019\/08\/IMG_9588_compress75-e1565709835245-768x1152.jpg 768w, http:\/\/lichri.radeln-in-den-sonnenaufgang.de\/wp-content\/uploads\/2019\/08\/IMG_9588_compress75-e1565709835245.jpg 864w\" sizes=\"(max-width: 683px) 100vw, 683px\" \/><\/figure>\n\n\n\n<figure class=\"wp-block-image\"><img decoding=\"async\" loading=\"lazy\" width=\"1024\" height=\"683\" src=\"http:\/\/lichri.radeln-in-den-sonnenaufgang.de\/wp-content\/uploads\/2019\/08\/IMG_9513_compress94-1024x683.jpg\" alt=\"\" class=\"wp-image-557\" srcset=\"http:\/\/lichri.radeln-in-den-sonnenaufgang.de\/wp-content\/uploads\/2019\/08\/IMG_9513_compress94-1024x683.jpg 1024w, http:\/\/lichri.radeln-in-den-sonnenaufgang.de\/wp-content\/uploads\/2019\/08\/IMG_9513_compress94-300x200.jpg 300w, http:\/\/lichri.radeln-in-den-sonnenaufgang.de\/wp-content\/uploads\/2019\/08\/IMG_9513_compress94-768x512.jpg 768w, http:\/\/lichri.radeln-in-den-sonnenaufgang.de\/wp-content\/uploads\/2019\/08\/IMG_9513_compress94.jpg 1296w\" sizes=\"(max-width: 767px) 89vw, (max-width: 1000px) 54vw, (max-width: 1071px) 543px, 580px\" \/><\/figure>\n\n\n\n<figure class=\"wp-block-image\"><img decoding=\"async\" loading=\"lazy\" width=\"1024\" height=\"683\" src=\"http:\/\/lichri.radeln-in-den-sonnenaufgang.de\/wp-content\/uploads\/2019\/08\/PSX_20190811_161130-1024x683.jpg\" alt=\"\" class=\"wp-image-498\" srcset=\"http:\/\/lichri.radeln-in-den-sonnenaufgang.de\/wp-content\/uploads\/2019\/08\/PSX_20190811_161130-1024x683.jpg 1024w, http:\/\/lichri.radeln-in-den-sonnenaufgang.de\/wp-content\/uploads\/2019\/08\/PSX_20190811_161130-300x200.jpg 300w, http:\/\/lichri.radeln-in-den-sonnenaufgang.de\/wp-content\/uploads\/2019\/08\/PSX_20190811_161130-768x512.jpg 768w, http:\/\/lichri.radeln-in-den-sonnenaufgang.de\/wp-content\/uploads\/2019\/08\/PSX_20190811_161130.jpg 1500w\" sizes=\"(max-width: 767px) 89vw, (max-width: 1000px) 54vw, (max-width: 1071px) 543px, 580px\" \/><figcaption>Fotomodells vor dem Kloster in traditioneller Festtagskleidung<\/figcaption><\/figure>\n\n\n\n<p>W\u00fcstensand und Sternenhimmel<\/p>\n\n\n\n<p>Nach gebratenem Reis mit Gem\u00fcse sowie vegetarischen Khushuur, gef\u00fcllt mit Kraut oder Kartoffelp\u00fcree, die uns Onol noch organisierte, brachen wir wieder auf. Wir kamen an dem Tag noch bis zur \u201eMini-Gobi\u201c die eigentlich Mongol Els hei\u00dft. Onol steuerte die Gers einer ihm bekannten Familie an, doch \u2013 angefixt von seinem Vorschlag in den D\u00fcnen zu schlafen \u2013 packten wir unser Zelt und zogen ein paar Hundert Meter in den Sand hinein. Zwar windete es sp\u00e4ter extrem und wir hatten etwas Angst um das Zelt, doch es war auch magisch, den Klaren Himmel \u00fcber der W\u00fcste zu sehen. Sicher gibt es noch bessere Spots als den schmalen W\u00fcstenstreifen um die Sterne zu betrachten, aber Flos Langzeitbelichtungen von hier gefallen uns schon sehr! \ud83d\ude09<\/p>\n\n\n\n<figure class=\"wp-block-image\"><img decoding=\"async\" loading=\"lazy\" width=\"1024\" height=\"576\" src=\"http:\/\/lichri.radeln-in-den-sonnenaufgang.de\/wp-content\/uploads\/2019\/08\/IMG-20190807-WA0006-1024x576.jpg\" alt=\"\" class=\"wp-image-618\" srcset=\"http:\/\/lichri.radeln-in-den-sonnenaufgang.de\/wp-content\/uploads\/2019\/08\/IMG-20190807-WA0006-1024x576.jpg 1024w, http:\/\/lichri.radeln-in-den-sonnenaufgang.de\/wp-content\/uploads\/2019\/08\/IMG-20190807-WA0006-300x169.jpg 300w, http:\/\/lichri.radeln-in-den-sonnenaufgang.de\/wp-content\/uploads\/2019\/08\/IMG-20190807-WA0006-768x432.jpg 768w, http:\/\/lichri.radeln-in-den-sonnenaufgang.de\/wp-content\/uploads\/2019\/08\/IMG-20190807-WA0006.jpg 1600w\" sizes=\"(max-width: 767px) 89vw, (max-width: 1000px) 54vw, (max-width: 1071px) 543px, 580px\" \/><figcaption>n\u00e4chtliches Zeltaufstellen im angehenden Mini-Sandsturm, passend zur Mini Gobi<\/figcaption><\/figure>\n\n\n\n<figure class=\"wp-block-image\"><img decoding=\"async\" loading=\"lazy\" width=\"1024\" height=\"683\" src=\"http:\/\/lichri.radeln-in-den-sonnenaufgang.de\/wp-content\/uploads\/2019\/08\/PSX_20190811_164244-1024x683.jpg\" alt=\"\" class=\"wp-image-476\" srcset=\"http:\/\/lichri.radeln-in-den-sonnenaufgang.de\/wp-content\/uploads\/2019\/08\/PSX_20190811_164244-1024x683.jpg 1024w, http:\/\/lichri.radeln-in-den-sonnenaufgang.de\/wp-content\/uploads\/2019\/08\/PSX_20190811_164244-300x200.jpg 300w, http:\/\/lichri.radeln-in-den-sonnenaufgang.de\/wp-content\/uploads\/2019\/08\/PSX_20190811_164244-768x512.jpg 768w, http:\/\/lichri.radeln-in-den-sonnenaufgang.de\/wp-content\/uploads\/2019\/08\/PSX_20190811_164244.jpg 1500w\" sizes=\"(max-width: 767px) 89vw, (max-width: 1000px) 54vw, (max-width: 1071px) 543px, 580px\" \/><\/figure>\n\n\n\n<p>Meins &#8211; Deins  &#8211; das sind doch b\u00fcrgerliche Kategorien<\/p>\n\n\n\n<p>Tagsdrauf ritten wir mit den Pferden, die der Vater der Familie, bei der Onol \u00fcbernachtete, zusammen mit seinem Sohn einfingen. Im Trab ging es etwa 2 Stunden an der W\u00fcste entlang in eine d\u00fcrre Steppe und weiter in die Berge, wo wir ein Kloster besichtigten, bevor wir zur\u00fcckritten. Nun etwas holpriger und schneller. <\/p>\n\n\n\n<figure class=\"wp-block-image\"><img decoding=\"async\" loading=\"lazy\" width=\"1024\" height=\"576\" src=\"http:\/\/lichri.radeln-in-den-sonnenaufgang.de\/wp-content\/uploads\/2019\/08\/DSC_0459_compress11-e1565709541783-1024x576.jpg\" alt=\"\" class=\"wp-image-541\" srcset=\"http:\/\/lichri.radeln-in-den-sonnenaufgang.de\/wp-content\/uploads\/2019\/08\/DSC_0459_compress11-e1565709541783-1024x576.jpg 1024w, http:\/\/lichri.radeln-in-den-sonnenaufgang.de\/wp-content\/uploads\/2019\/08\/DSC_0459_compress11-e1565709541783-300x169.jpg 300w, http:\/\/lichri.radeln-in-den-sonnenaufgang.de\/wp-content\/uploads\/2019\/08\/DSC_0459_compress11-e1565709541783-768x432.jpg 768w, http:\/\/lichri.radeln-in-den-sonnenaufgang.de\/wp-content\/uploads\/2019\/08\/DSC_0459_compress11-e1565709541783.jpg 1280w\" sizes=\"(max-width: 767px) 89vw, (max-width: 1000px) 54vw, (max-width: 1071px) 543px, 580px\" \/><\/figure>\n\n\n\n<ul class=\"is-layout-flex wp-block-gallery-33 wp-block-gallery columns-3 is-cropped\"><li class=\"blocks-gallery-item\"><figure><img decoding=\"async\" loading=\"lazy\" width=\"1024\" height=\"683\" src=\"http:\/\/lichri.radeln-in-den-sonnenaufgang.de\/wp-content\/uploads\/2019\/08\/IMG_9624_compress39-1024x683.jpg\" alt=\"\" data-id=\"553\" data-link=\"http:\/\/lichri.radeln-in-den-sonnenaufgang.de\/?attachment_id=553\" class=\"wp-image-553\" srcset=\"http:\/\/lichri.radeln-in-den-sonnenaufgang.de\/wp-content\/uploads\/2019\/08\/IMG_9624_compress39-1024x683.jpg 1024w, http:\/\/lichri.radeln-in-den-sonnenaufgang.de\/wp-content\/uploads\/2019\/08\/IMG_9624_compress39-300x200.jpg 300w, http:\/\/lichri.radeln-in-den-sonnenaufgang.de\/wp-content\/uploads\/2019\/08\/IMG_9624_compress39-768x512.jpg 768w, http:\/\/lichri.radeln-in-den-sonnenaufgang.de\/wp-content\/uploads\/2019\/08\/IMG_9624_compress39.jpg 1296w\" sizes=\"(max-width: 767px) 89vw, (max-width: 1000px) 54vw, (max-width: 1071px) 543px, 580px\" \/><\/figure><\/li><li class=\"blocks-gallery-item\"><figure><img decoding=\"async\" loading=\"lazy\" width=\"1024\" height=\"683\" src=\"http:\/\/lichri.radeln-in-den-sonnenaufgang.de\/wp-content\/uploads\/2019\/08\/IMG_9638_compress87-1024x683.jpg\" alt=\"\" data-id=\"552\" data-link=\"http:\/\/lichri.radeln-in-den-sonnenaufgang.de\/?attachment_id=552\" class=\"wp-image-552\" srcset=\"http:\/\/lichri.radeln-in-den-sonnenaufgang.de\/wp-content\/uploads\/2019\/08\/IMG_9638_compress87-1024x683.jpg 1024w, http:\/\/lichri.radeln-in-den-sonnenaufgang.de\/wp-content\/uploads\/2019\/08\/IMG_9638_compress87-300x200.jpg 300w, http:\/\/lichri.radeln-in-den-sonnenaufgang.de\/wp-content\/uploads\/2019\/08\/IMG_9638_compress87-768x512.jpg 768w, http:\/\/lichri.radeln-in-den-sonnenaufgang.de\/wp-content\/uploads\/2019\/08\/IMG_9638_compress87.jpg 1296w\" sizes=\"(max-width: 767px) 89vw, (max-width: 1000px) 54vw, (max-width: 1071px) 543px, 580px\" \/><\/figure><\/li><li class=\"blocks-gallery-item\"><figure><img decoding=\"async\" loading=\"lazy\" width=\"683\" height=\"1024\" src=\"http:\/\/lichri.radeln-in-den-sonnenaufgang.de\/wp-content\/uploads\/2019\/08\/IMG_9629_compress26-e1565709478527-683x1024.jpg\" alt=\"\" data-id=\"551\" data-link=\"http:\/\/lichri.radeln-in-den-sonnenaufgang.de\/?attachment_id=551\" class=\"wp-image-551\" srcset=\"http:\/\/lichri.radeln-in-den-sonnenaufgang.de\/wp-content\/uploads\/2019\/08\/IMG_9629_compress26-e1565709478527-683x1024.jpg 683w, http:\/\/lichri.radeln-in-den-sonnenaufgang.de\/wp-content\/uploads\/2019\/08\/IMG_9629_compress26-e1565709478527-200x300.jpg 200w, http:\/\/lichri.radeln-in-den-sonnenaufgang.de\/wp-content\/uploads\/2019\/08\/IMG_9629_compress26-e1565709478527-768x1152.jpg 768w, http:\/\/lichri.radeln-in-den-sonnenaufgang.de\/wp-content\/uploads\/2019\/08\/IMG_9629_compress26-e1565709478527.jpg 864w\" sizes=\"(max-width: 683px) 100vw, 683px\" \/><\/figure><\/li><li class=\"blocks-gallery-item\"><figure><img decoding=\"async\" loading=\"lazy\" width=\"683\" height=\"1024\" src=\"http:\/\/lichri.radeln-in-den-sonnenaufgang.de\/wp-content\/uploads\/2019\/08\/IMG_9701_compress8-e1565709504596-683x1024.jpg\" alt=\"\" data-id=\"550\" data-link=\"http:\/\/lichri.radeln-in-den-sonnenaufgang.de\/?attachment_id=550\" class=\"wp-image-550\" srcset=\"http:\/\/lichri.radeln-in-den-sonnenaufgang.de\/wp-content\/uploads\/2019\/08\/IMG_9701_compress8-e1565709504596-683x1024.jpg 683w, http:\/\/lichri.radeln-in-den-sonnenaufgang.de\/wp-content\/uploads\/2019\/08\/IMG_9701_compress8-e1565709504596-200x300.jpg 200w, http:\/\/lichri.radeln-in-den-sonnenaufgang.de\/wp-content\/uploads\/2019\/08\/IMG_9701_compress8-e1565709504596-768x1152.jpg 768w, http:\/\/lichri.radeln-in-den-sonnenaufgang.de\/wp-content\/uploads\/2019\/08\/IMG_9701_compress8-e1565709504596.jpg 864w\" sizes=\"(max-width: 683px) 100vw, 683px\" \/><\/figure><\/li><li class=\"blocks-gallery-item\"><figure><img decoding=\"async\" loading=\"lazy\" width=\"1024\" height=\"683\" src=\"http:\/\/lichri.radeln-in-den-sonnenaufgang.de\/wp-content\/uploads\/2019\/08\/IMG_9713_compress46-1024x683.jpg\" alt=\"\" data-id=\"549\" data-link=\"http:\/\/lichri.radeln-in-den-sonnenaufgang.de\/?attachment_id=549\" class=\"wp-image-549\" srcset=\"http:\/\/lichri.radeln-in-den-sonnenaufgang.de\/wp-content\/uploads\/2019\/08\/IMG_9713_compress46-1024x683.jpg 1024w, http:\/\/lichri.radeln-in-den-sonnenaufgang.de\/wp-content\/uploads\/2019\/08\/IMG_9713_compress46-300x200.jpg 300w, http:\/\/lichri.radeln-in-den-sonnenaufgang.de\/wp-content\/uploads\/2019\/08\/IMG_9713_compress46-768x512.jpg 768w, http:\/\/lichri.radeln-in-den-sonnenaufgang.de\/wp-content\/uploads\/2019\/08\/IMG_9713_compress46.jpg 1296w\" sizes=\"(max-width: 767px) 89vw, (max-width: 1000px) 54vw, (max-width: 1071px) 543px, 580px\" \/><\/figure><\/li><\/ul>\n\n\n\n<figure class=\"wp-block-image\"><img decoding=\"async\" loading=\"lazy\" width=\"1024\" height=\"768\" src=\"http:\/\/lichri.radeln-in-den-sonnenaufgang.de\/wp-content\/uploads\/2019\/08\/DSC_0423_compress92-1024x768.jpg\" alt=\"\" class=\"wp-image-540\" srcset=\"http:\/\/lichri.radeln-in-den-sonnenaufgang.de\/wp-content\/uploads\/2019\/08\/DSC_0423_compress92-1024x768.jpg 1024w, http:\/\/lichri.radeln-in-den-sonnenaufgang.de\/wp-content\/uploads\/2019\/08\/DSC_0423_compress92-300x225.jpg 300w, http:\/\/lichri.radeln-in-den-sonnenaufgang.de\/wp-content\/uploads\/2019\/08\/DSC_0423_compress92-768x576.jpg 768w, http:\/\/lichri.radeln-in-den-sonnenaufgang.de\/wp-content\/uploads\/2019\/08\/DSC_0423_compress92.jpg 1312w\" sizes=\"(max-width: 767px) 89vw, (max-width: 1000px) 54vw, (max-width: 1071px) 543px, 580px\" \/><\/figure>\n\n\n\n<p>Zur\u00fcck bei den Yurten a\u00dfen und spielten wir noch eine Weile mit den Kids, die dort umhertobten und die es scheinbar sehr genossen, Leute zu haben, die sich mit ihnen besch\u00e4ftigten. Und es ist wirklich witzig, wie es sich immer wieder best\u00e4tigt: Was Essen angeht kennen die Mongolen scheinbar kein Eigentum. Erwachsene wie Kinder bedienen sich einfach an unserem Essen, unserem Wasser oder anderen Getr\u00e4nken. Da wird nicht gefragt und nicht gedankt. Uns ist das erstmal sehr aufgesto\u00dfen, aber inzwischen kommen wir ganz gut damit klar. Wenn man verstanden hat, dass das hier normal ist und man sich auch selbst am Essen der anderen bedienen kann, dann ist es auch okay. (Au\u00dfer man findet es \u2013 wie Chris \u2013 sehr ekelhaft mit verschiedensten Leuten aus einer &#8211; vor allem aus Seiner &#8211; Flasche zu trinken\u2026) Jedenfalls bedienten sich die Kinder an unserem Trockenobst und fanden das z\u00e4he Zeug super witzig. Danach tobten wir eine Weile, bevor wir \u2013 oder zumindest Chris \u2013 schwei\u00dfnass vom Kinder-Schleudern \u2013 in den Van und fuhren weiter, zur\u00fcck gen Osten. <\/p>\n\n\n\n<ul class=\"is-layout-flex wp-block-gallery-35 wp-block-gallery columns-1 is-cropped\"><li class=\"blocks-gallery-item\"><figure><img decoding=\"async\" loading=\"lazy\" width=\"1024\" height=\"576\" src=\"http:\/\/lichri.radeln-in-den-sonnenaufgang.de\/wp-content\/uploads\/2019\/08\/IMG-20190807-WA0019-1-1024x576.jpg\" alt=\"\" data-id=\"611\" data-link=\"http:\/\/lichri.radeln-in-den-sonnenaufgang.de\/?attachment_id=611\" class=\"wp-image-611\" srcset=\"http:\/\/lichri.radeln-in-den-sonnenaufgang.de\/wp-content\/uploads\/2019\/08\/IMG-20190807-WA0019-1-1024x576.jpg 1024w, http:\/\/lichri.radeln-in-den-sonnenaufgang.de\/wp-content\/uploads\/2019\/08\/IMG-20190807-WA0019-1-300x169.jpg 300w, http:\/\/lichri.radeln-in-den-sonnenaufgang.de\/wp-content\/uploads\/2019\/08\/IMG-20190807-WA0019-1-768x432.jpg 768w, http:\/\/lichri.radeln-in-den-sonnenaufgang.de\/wp-content\/uploads\/2019\/08\/IMG-20190807-WA0019-1.jpg 1600w\" sizes=\"(max-width: 767px) 89vw, (max-width: 1000px) 54vw, (max-width: 1071px) 543px, 580px\" \/><\/figure><\/li><\/ul>\n\n\n\n<p>Wilde Pferde<\/p>\n\n\n\n<p>An der Grenze des Khustain Nuruu Parks, in dem man aufgrund des Aussterbens der Wildpferde 1993 Przewalski Pferde aussetzte, schlugen wir unser Zelt auf und genossen im Ger-Camp nebenan die erste Dusche seit Tagen. Zusammen mit einem guten Essen waren wir danach wieder halbwegs hergestellt und genossen die ruhige Nacht auf den tierlosen Wiesen. Tagsdrauf fuhren wir in den Park, doch Pferde sahen wir erst auf dem R\u00fcckweg \u2013 und nur durchs Fernglas als braune Tupfen vor dem graubraunen Fels der Bergw\u00e4nde. Daf\u00fcr machte Flo eine h\u00fcbsche Foto-Session draus und so ging es \u2013 auch ohne Pferde, von denen es ja aber sowieso genug zu sehen gibt auf dem Land \u2013 gut gelaunt wieder zur\u00fcck nach Ulan Bator. <\/p>\n\n\n\n<ul class=\"is-layout-flex wp-block-gallery-37 wp-block-gallery columns-3 is-cropped\"><li class=\"blocks-gallery-item\"><figure><img decoding=\"async\" loading=\"lazy\" width=\"1024\" height=\"683\" src=\"http:\/\/lichri.radeln-in-den-sonnenaufgang.de\/wp-content\/uploads\/2019\/08\/PSX_20190811_160525-1024x683.jpg\" alt=\"\" data-id=\"501\" data-link=\"http:\/\/lichri.radeln-in-den-sonnenaufgang.de\/?attachment_id=501\" class=\"wp-image-501\" srcset=\"http:\/\/lichri.radeln-in-den-sonnenaufgang.de\/wp-content\/uploads\/2019\/08\/PSX_20190811_160525-1024x683.jpg 1024w, http:\/\/lichri.radeln-in-den-sonnenaufgang.de\/wp-content\/uploads\/2019\/08\/PSX_20190811_160525-300x200.jpg 300w, http:\/\/lichri.radeln-in-den-sonnenaufgang.de\/wp-content\/uploads\/2019\/08\/PSX_20190811_160525-768x512.jpg 768w, http:\/\/lichri.radeln-in-den-sonnenaufgang.de\/wp-content\/uploads\/2019\/08\/PSX_20190811_160525.jpg 1500w\" sizes=\"(max-width: 767px) 89vw, (max-width: 1000px) 54vw, (max-width: 1071px) 543px, 580px\" \/><\/figure><\/li><li class=\"blocks-gallery-item\"><figure><img decoding=\"async\" loading=\"lazy\" width=\"1024\" height=\"726\" src=\"http:\/\/lichri.radeln-in-den-sonnenaufgang.de\/wp-content\/uploads\/2019\/08\/PSX_20190811_160344-1024x726.jpg\" alt=\"\" data-id=\"502\" data-link=\"http:\/\/lichri.radeln-in-den-sonnenaufgang.de\/?attachment_id=502\" class=\"wp-image-502\" srcset=\"http:\/\/lichri.radeln-in-den-sonnenaufgang.de\/wp-content\/uploads\/2019\/08\/PSX_20190811_160344-1024x726.jpg 1024w, http:\/\/lichri.radeln-in-den-sonnenaufgang.de\/wp-content\/uploads\/2019\/08\/PSX_20190811_160344-300x213.jpg 300w, http:\/\/lichri.radeln-in-den-sonnenaufgang.de\/wp-content\/uploads\/2019\/08\/PSX_20190811_160344-768x545.jpg 768w, http:\/\/lichri.radeln-in-den-sonnenaufgang.de\/wp-content\/uploads\/2019\/08\/PSX_20190811_160344.jpg 1500w\" sizes=\"(max-width: 767px) 89vw, (max-width: 1000px) 54vw, (max-width: 1071px) 543px, 580px\" \/><\/figure><\/li><li class=\"blocks-gallery-item\"><figure><img decoding=\"async\" loading=\"lazy\" width=\"1024\" height=\"683\" src=\"http:\/\/lichri.radeln-in-den-sonnenaufgang.de\/wp-content\/uploads\/2019\/08\/PSX_20190811_150227-1024x683.jpg\" alt=\"\" data-id=\"506\" data-link=\"http:\/\/lichri.radeln-in-den-sonnenaufgang.de\/?attachment_id=506\" class=\"wp-image-506\" srcset=\"http:\/\/lichri.radeln-in-den-sonnenaufgang.de\/wp-content\/uploads\/2019\/08\/PSX_20190811_150227-1024x683.jpg 1024w, http:\/\/lichri.radeln-in-den-sonnenaufgang.de\/wp-content\/uploads\/2019\/08\/PSX_20190811_150227-300x200.jpg 300w, http:\/\/lichri.radeln-in-den-sonnenaufgang.de\/wp-content\/uploads\/2019\/08\/PSX_20190811_150227-768x512.jpg 768w, http:\/\/lichri.radeln-in-den-sonnenaufgang.de\/wp-content\/uploads\/2019\/08\/PSX_20190811_150227.jpg 1500w\" sizes=\"(max-width: 767px) 89vw, (max-width: 1000px) 54vw, (max-width: 1071px) 543px, 580px\" \/><\/figure><\/li><li class=\"blocks-gallery-item\"><figure><img decoding=\"async\" loading=\"lazy\" width=\"1024\" height=\"683\" src=\"http:\/\/lichri.radeln-in-den-sonnenaufgang.de\/wp-content\/uploads\/2019\/08\/IMG_9818_compress10-1024x683.jpg\" alt=\"\" data-id=\"547\" data-link=\"http:\/\/lichri.radeln-in-den-sonnenaufgang.de\/?attachment_id=547\" class=\"wp-image-547\" srcset=\"http:\/\/lichri.radeln-in-den-sonnenaufgang.de\/wp-content\/uploads\/2019\/08\/IMG_9818_compress10-1024x683.jpg 1024w, http:\/\/lichri.radeln-in-den-sonnenaufgang.de\/wp-content\/uploads\/2019\/08\/IMG_9818_compress10-300x200.jpg 300w, http:\/\/lichri.radeln-in-den-sonnenaufgang.de\/wp-content\/uploads\/2019\/08\/IMG_9818_compress10-768x512.jpg 768w, http:\/\/lichri.radeln-in-den-sonnenaufgang.de\/wp-content\/uploads\/2019\/08\/IMG_9818_compress10.jpg 1296w\" sizes=\"(max-width: 767px) 89vw, (max-width: 1000px) 54vw, (max-width: 1071px) 543px, 580px\" \/><\/figure><\/li><li class=\"blocks-gallery-item\"><figure><img decoding=\"async\" loading=\"lazy\" width=\"1024\" height=\"683\" src=\"http:\/\/lichri.radeln-in-den-sonnenaufgang.de\/wp-content\/uploads\/2019\/08\/IMG_9859_compress38-1024x683.jpg\" alt=\"\" data-id=\"546\" data-link=\"http:\/\/lichri.radeln-in-den-sonnenaufgang.de\/?attachment_id=546\" class=\"wp-image-546\" srcset=\"http:\/\/lichri.radeln-in-den-sonnenaufgang.de\/wp-content\/uploads\/2019\/08\/IMG_9859_compress38-1024x683.jpg 1024w, http:\/\/lichri.radeln-in-den-sonnenaufgang.de\/wp-content\/uploads\/2019\/08\/IMG_9859_compress38-300x200.jpg 300w, http:\/\/lichri.radeln-in-den-sonnenaufgang.de\/wp-content\/uploads\/2019\/08\/IMG_9859_compress38-768x512.jpg 768w, http:\/\/lichri.radeln-in-den-sonnenaufgang.de\/wp-content\/uploads\/2019\/08\/IMG_9859_compress38.jpg 1296w\" sizes=\"(max-width: 767px) 89vw, (max-width: 1000px) 54vw, (max-width: 1071px) 543px, 580px\" \/><\/figure><\/li><li class=\"blocks-gallery-item\"><figure><img decoding=\"async\" loading=\"lazy\" width=\"1024\" height=\"683\" src=\"http:\/\/lichri.radeln-in-den-sonnenaufgang.de\/wp-content\/uploads\/2019\/08\/IMG_9890_compress82-1024x683.jpg\" alt=\"\" data-id=\"545\" data-link=\"http:\/\/lichri.radeln-in-den-sonnenaufgang.de\/?attachment_id=545\" class=\"wp-image-545\" srcset=\"http:\/\/lichri.radeln-in-den-sonnenaufgang.de\/wp-content\/uploads\/2019\/08\/IMG_9890_compress82-1024x683.jpg 1024w, http:\/\/lichri.radeln-in-den-sonnenaufgang.de\/wp-content\/uploads\/2019\/08\/IMG_9890_compress82-300x200.jpg 300w, http:\/\/lichri.radeln-in-den-sonnenaufgang.de\/wp-content\/uploads\/2019\/08\/IMG_9890_compress82-768x512.jpg 768w, http:\/\/lichri.radeln-in-den-sonnenaufgang.de\/wp-content\/uploads\/2019\/08\/IMG_9890_compress82.jpg 1296w\" sizes=\"(max-width: 767px) 89vw, (max-width: 1000px) 54vw, (max-width: 1071px) 543px, 580px\" \/><\/figure><\/li><li class=\"blocks-gallery-item\"><figure><img decoding=\"async\" loading=\"lazy\" width=\"1024\" height=\"424\" src=\"http:\/\/lichri.radeln-in-den-sonnenaufgang.de\/wp-content\/uploads\/2019\/08\/IMG-20190807-WA0000-1024x424.jpg\" alt=\"\" data-id=\"613\" data-link=\"http:\/\/lichri.radeln-in-den-sonnenaufgang.de\/?attachment_id=613\" class=\"wp-image-613\" srcset=\"http:\/\/lichri.radeln-in-den-sonnenaufgang.de\/wp-content\/uploads\/2019\/08\/IMG-20190807-WA0000-1024x424.jpg 1024w, http:\/\/lichri.radeln-in-den-sonnenaufgang.de\/wp-content\/uploads\/2019\/08\/IMG-20190807-WA0000-300x124.jpg 300w, http:\/\/lichri.radeln-in-den-sonnenaufgang.de\/wp-content\/uploads\/2019\/08\/IMG-20190807-WA0000-768x318.jpg 768w, http:\/\/lichri.radeln-in-den-sonnenaufgang.de\/wp-content\/uploads\/2019\/08\/IMG-20190807-WA0000.jpg 1600w\" sizes=\"(max-width: 767px) 89vw, (max-width: 1000px) 54vw, (max-width: 1071px) 543px, 580px\" \/><\/figure><\/li><\/ul>\n\n\n\n<p style=\"text-align:right\"><em>An dieser Stelle nochmal Danke an Flo f\u00fcr die vielen tollen Fotos!<\/em><\/p>\n\n\n\n<p>Vor den Toren der Stadt schauten wir dann noch auf dem Nadaam Fest der Mongolian Railway Company vorbei. Dort sahen wir den traditionell halbnackt ringenden K\u00e4mpfer bei ihrem wortw\u00f6rtlich sehr lang-weiligem Wrestling zu. Dann organisiert Onol zusammen mit seiner Frau, die wir hier kennenlernten, einige Khushuur, leider nicht vegetarisch. Flo und Chris genehmigten sich ausnahmsweise etwas von dem in Teig fritiertem Hammelfleisch, das ihnen jedoch schwer im Magen lag. Wir erkundigten uns nach den weiteren Aktivit\u00e4ten hier, denn traditionell geh\u00f6rte zum Nadaam neben dem Wrestling auch Bogenschie\u00dfen und Wettreiten. <\/p>\n\n\n\n<ul class=\"is-layout-flex wp-block-gallery-39 wp-block-gallery columns-2 is-cropped\"><li class=\"blocks-gallery-item\"><figure><img decoding=\"async\" loading=\"lazy\" width=\"1024\" height=\"683\" src=\"http:\/\/lichri.radeln-in-den-sonnenaufgang.de\/wp-content\/uploads\/2019\/08\/PSX_20190811_160726-1024x683.jpg\" alt=\"\" data-id=\"500\" data-link=\"http:\/\/lichri.radeln-in-den-sonnenaufgang.de\/?attachment_id=500\" class=\"wp-image-500\" srcset=\"http:\/\/lichri.radeln-in-den-sonnenaufgang.de\/wp-content\/uploads\/2019\/08\/PSX_20190811_160726-1024x683.jpg 1024w, http:\/\/lichri.radeln-in-den-sonnenaufgang.de\/wp-content\/uploads\/2019\/08\/PSX_20190811_160726-300x200.jpg 300w, http:\/\/lichri.radeln-in-den-sonnenaufgang.de\/wp-content\/uploads\/2019\/08\/PSX_20190811_160726-768x512.jpg 768w, http:\/\/lichri.radeln-in-den-sonnenaufgang.de\/wp-content\/uploads\/2019\/08\/PSX_20190811_160726.jpg 1500w\" sizes=\"(max-width: 767px) 89vw, (max-width: 1000px) 54vw, (max-width: 1071px) 543px, 580px\" \/><\/figure><\/li><li class=\"blocks-gallery-item\"><figure><img decoding=\"async\" loading=\"lazy\" width=\"1024\" height=\"683\" src=\"http:\/\/lichri.radeln-in-den-sonnenaufgang.de\/wp-content\/uploads\/2019\/08\/IMG_9981_compress23-1024x683.jpg\" alt=\"\" data-id=\"544\" data-link=\"http:\/\/lichri.radeln-in-den-sonnenaufgang.de\/?attachment_id=544\" class=\"wp-image-544\" srcset=\"http:\/\/lichri.radeln-in-den-sonnenaufgang.de\/wp-content\/uploads\/2019\/08\/IMG_9981_compress23-1024x683.jpg 1024w, http:\/\/lichri.radeln-in-den-sonnenaufgang.de\/wp-content\/uploads\/2019\/08\/IMG_9981_compress23-300x200.jpg 300w, http:\/\/lichri.radeln-in-den-sonnenaufgang.de\/wp-content\/uploads\/2019\/08\/IMG_9981_compress23-768x512.jpg 768w, http:\/\/lichri.radeln-in-den-sonnenaufgang.de\/wp-content\/uploads\/2019\/08\/IMG_9981_compress23.jpg 1296w\" sizes=\"(max-width: 767px) 89vw, (max-width: 1000px) 54vw, (max-width: 1071px) 543px, 580px\" \/><\/figure><\/li><\/ul>\n\n\n\n<p>Lahmes Pferde, tapferer Reiter<\/p>\n\n\n\n<p>Bogenschie\u00dfen hatten wir verpasst, doch angeblich wurden gerade die Pferde zur Startlinie gebracht. Also gingen wir zu den Trib\u00fcnen. Dummerweise sagte uns niemand, dass die Startlinie des gut besuchten Pferderennens in 26 Kilometer Entfernung war. Nachdem wir einige Zeit die Staubwolken im Westen beobachteten kamen wir zum Schluss, dass dort Autos fuhren. Und dass die sich weg bewegten\u2026 Wir mussten nun also warten bis Pferde und Jockeys (welche hier 5-10 j\u00e4hrige Kinder sind) erst zur Linie gefahren wurden und dann wieder in Sichtweite zur\u00fcckgeritten kamen. Eine recht eint\u00f6nige Sache. Immerhin wurde uns alle paar Minuten Eis aus Bauchl\u00e4den verkauft und so hielten wir es in der hei\u00dfen Nachmittagssonne gerade noch aus. Nach dem ersten Reiter, der durch die Zielmeile preschte, kamen einige schon recht M\u00fcde an. Der vierte Junge den wir sahen stieg auf unserer H\u00f6he von seinem pl\u00f6tzlich streikendem Pferd f\u00fchrte es am Z\u00fcgel weiter ins Ziel \u2013 wobei er von drei anderen \u00fcberholt wurde. Tapferer Junge!<\/p>\n\n\n\n<p>Wir zogen \u2013 nach dem einige Reiter angekommen waren und unabsehbar war, wieviele da noch k\u00e4men \u2013 noch eine Weile \u00fcber das Festgel\u00e4nde, wo zwischen Essens- und Messest\u00e4nden, Yurten und Ringkampfarena, H\u00fcpfburgen und Plastik-Karussells auch eine Vielzahl von Bingo und anderen Gl\u00fccksspielst\u00e4nden zu finden waren. Letztere waren stark frequentiert und der interessanteste Anblick des Festes. Hier war all der Trubel, der dem sonstigen Fest fehlte. Wir beobachteten das Treiben an den Tischen verst\u00e4ndnislos aber belustigt bevor wir zum Van zur\u00fcckliefen, wo uns Onol aufsammelte und zur\u00fcck in die Stadt fuhr.<\/p>\n\n\n\n<ul class=\"is-layout-flex wp-block-gallery-41 wp-block-gallery columns-2 is-cropped\"><li class=\"blocks-gallery-item\"><figure><img decoding=\"async\" loading=\"lazy\" width=\"768\" height=\"1024\" src=\"http:\/\/lichri.radeln-in-den-sonnenaufgang.de\/wp-content\/uploads\/2019\/08\/DSC_0049_compress4-e1565709682350-768x1024.jpg\" alt=\"\" data-id=\"532\" data-link=\"http:\/\/lichri.radeln-in-den-sonnenaufgang.de\/?attachment_id=532\" class=\"wp-image-532\" srcset=\"http:\/\/lichri.radeln-in-den-sonnenaufgang.de\/wp-content\/uploads\/2019\/08\/DSC_0049_compress4-e1565709682350-768x1024.jpg 768w, http:\/\/lichri.radeln-in-den-sonnenaufgang.de\/wp-content\/uploads\/2019\/08\/DSC_0049_compress4-e1565709682350-225x300.jpg 225w, http:\/\/lichri.radeln-in-den-sonnenaufgang.de\/wp-content\/uploads\/2019\/08\/DSC_0049_compress4-e1565709682350.jpg 984w\" sizes=\"(max-width: 767px) 89vw, (max-width: 1000px) 54vw, (max-width: 1071px) 543px, 580px\" \/><\/figure><\/li><li class=\"blocks-gallery-item\"><figure><img decoding=\"async\" loading=\"lazy\" width=\"576\" height=\"1024\" src=\"http:\/\/lichri.radeln-in-den-sonnenaufgang.de\/wp-content\/uploads\/2019\/08\/DSC_0052_compress33-e1565709585122-576x1024.jpg\" alt=\"\" data-id=\"538\" data-link=\"http:\/\/lichri.radeln-in-den-sonnenaufgang.de\/?attachment_id=538\" class=\"wp-image-538\" srcset=\"http:\/\/lichri.radeln-in-den-sonnenaufgang.de\/wp-content\/uploads\/2019\/08\/DSC_0052_compress33-e1565709585122-576x1024.jpg 576w, http:\/\/lichri.radeln-in-den-sonnenaufgang.de\/wp-content\/uploads\/2019\/08\/DSC_0052_compress33-e1565709585122-169x300.jpg 169w, http:\/\/lichri.radeln-in-den-sonnenaufgang.de\/wp-content\/uploads\/2019\/08\/DSC_0052_compress33-e1565709585122.jpg 720w\" sizes=\"(max-width: 576px) 100vw, 576px\" \/><\/figure><\/li><\/ul>\n\n\n\n<p>Gottesdienst in der Monolgei<\/p>\n\n\n\n<p>Nach diesem Roadtrip ging Flo am folgenden Tag direkt wieder auf Tour, zusammen mit Chris von den Philippinen, der uns bereits auf unserem Roadtrip begleitet hatte. Lisa und ich blieben bei Froit, wo wir \u2013 mit Hilfe zweier neuer Radreisenden, die hier aufschlugen \u2013 die Visaunterlagen f\u00fcr China ausf\u00fcllten und Hotelbuchungen und Flugreservierungen besorgten. Nat\u00fcrlich nur pro forma f\u00fcr die Visa-Beantragung. Wir besuchten einen Gottesdienst und lernten Boldo und seine Frau kennen, die die Gemeinde leiteten, die mit unserer letzten Gemeinde in Eberswalde in Verbindung steht. Obwohl wegen der Sommerflaute wenig los war und der Gottesdienst sehr kurz gehalten wurde, genossen wir die Gemeinschaft hier sehr und freundeten uns u.a. mit Cory aus den Niederlande an, die hier in einem Waisenhaus arbeitet \u2013 eine wunderbar herzliche Frau, die witzigerweise auch Froit kannte. <\/p>\n\n\n\n<p>Vorbereitung China-Visum<\/p>\n\n\n\n<p>Am Montag druckten wir, nun wieder in Begleitung Flos, die Buchungsbest\u00e4tigungen und Visaunterlagen in einem kleinen Copyshop im Keller neben einem Antiquariat voller internationaler B\u00fccher aus. W\u00e4hrend Chris die Drucke sortierte, wurden Lisa und Flo nebenan von den unterschiedlichen Buchverk\u00e4ufern zwischen deren St\u00e4nden und Regalen zum Schach-Spielen eingeladen. Als erkannt wurde, dass sie Deutsch sprachen, wurden aus allen Ecken deutsche B\u00fccher herangetragen. Nach vielem Hin und Her nahmen wir letztendlich beim Hinausgehen doch noch einen Reisef\u00fchrer mit, den wir sp\u00e4ter bei Froit f\u00fcr andere deutsche Radreisende lassen k\u00f6nnten<\/p>\n\n\n\n<p>&#8222;You have to show them, that you are worth it&#8220;<\/p>\n\n\n\n<p>Am Dienstag mussten wir dann sehr fr\u00fch aufstehen, um zum Chinesischen Visa-Center zu fahren. Hier \u2013 so sagte man uns \u2013 muss man im Zweifelsfall \u00fcbernachten (!), um eine Nummer zu bekommen(!), um an einem eigentlichen \u00d6ffnungstag (Mo, Mi, Fr) \u00fcberhaupt die Unterlagen abgeben zu d\u00fcrfen. Wir kamen um 4:45 Uhr an das Konsulatsgeb\u00e4ude, an dessen Seitent\u00fcr sich bereits eine lange Schlange von \u00fcber 70 Mongolen reihte. Wir plauderten kurz mit dem ersten in der Reihe, ein Tourist, der uns sagte, er w\u00e4re um 4:00 Uhr da gewesen. Wir wussten, dass die Ausl\u00e4nder gesondert hereingeholt werden w\u00fcrden, also er\u00f6ffneten wir zusammen mit zwei Franzosen auf der anderen Seite der T\u00fcr die \u201eAusl\u00e4nderschlange\u201c. Nach etwas \u00fcber 5 Stunden warten, in der wir vom Regen trotz Regenjacken, -Hosen und -\u00dcberschuhen v\u00f6llig durchn\u00e4sst wurden, kamen wir durch die T\u00fcr und Sicherheitskontrolle, hinter der wir uns in eine Liste eintragen mussten, bevor man uns zu einem Tisch durchlie\u00df, wo unsere Unterlagen erst kontrolliert wurden, bevor man uns \u00fcberhaupt die Nummer aush\u00e4ndigte. Froh, dieses erste Prozedere hinter uns gebracht zu haben, unternahmen wir noch ein paar \u00c4nderungen an den Unterlagen und holten uns noch richtige Flugreservierungen im Reiseb\u00fcro statt der Fake-Tickets, die wir f\u00fcr die Nummer besorgt hatten. Da wir gleich am n\u00e4chsten Tag einen Termin f\u00fcr die Abgabe bekommen haben, mussten wir das direkt noch erledigen. Danach konnten wir endlich entspannen und wir machten noch ein vegetarisches Caf\u00e9 ausfindig und genossen mit Flo zusammen noch einmal diese Vorz\u00fcge der Stadt: Haloumi-Burger! <\/p>\n\n\n\n<figure class=\"wp-block-image\"><img decoding=\"async\" loading=\"lazy\" width=\"576\" height=\"1024\" src=\"http:\/\/lichri.radeln-in-den-sonnenaufgang.de\/wp-content\/uploads\/2019\/08\/DSC_0072_compress51-1-e1565709612680-576x1024.jpg\" alt=\"\" class=\"wp-image-537\" srcset=\"http:\/\/lichri.radeln-in-den-sonnenaufgang.de\/wp-content\/uploads\/2019\/08\/DSC_0072_compress51-1-e1565709612680-576x1024.jpg 576w, http:\/\/lichri.radeln-in-den-sonnenaufgang.de\/wp-content\/uploads\/2019\/08\/DSC_0072_compress51-1-e1565709612680-169x300.jpg 169w, http:\/\/lichri.radeln-in-den-sonnenaufgang.de\/wp-content\/uploads\/2019\/08\/DSC_0072_compress51-1-e1565709612680.jpg 729w\" sizes=\"(max-width: 576px) 100vw, 576px\" \/><figcaption>Kurz nach Sonnenaufgang: Zig Mongolen stehen bereits Schlange und es regnet stundenlang aus Str\u00f6men.<\/figcaption><\/figure>\n\n\n\n<figure class=\"wp-block-image\"><img decoding=\"async\" loading=\"lazy\" width=\"1024\" height=\"683\" src=\"http:\/\/lichri.radeln-in-den-sonnenaufgang.de\/wp-content\/uploads\/2019\/08\/PSX_20190811_161052-1024x683.jpg\" alt=\"\" class=\"wp-image-622\" srcset=\"http:\/\/lichri.radeln-in-den-sonnenaufgang.de\/wp-content\/uploads\/2019\/08\/PSX_20190811_161052-1024x683.jpg 1024w, http:\/\/lichri.radeln-in-den-sonnenaufgang.de\/wp-content\/uploads\/2019\/08\/PSX_20190811_161052-300x200.jpg 300w, http:\/\/lichri.radeln-in-den-sonnenaufgang.de\/wp-content\/uploads\/2019\/08\/PSX_20190811_161052-768x512.jpg 768w, http:\/\/lichri.radeln-in-den-sonnenaufgang.de\/wp-content\/uploads\/2019\/08\/PSX_20190811_161052.jpg 1500w\" sizes=\"(max-width: 767px) 89vw, (max-width: 1000px) 54vw, (max-width: 1071px) 543px, 580px\" \/><figcaption>V\u00f6llig groggy!<\/figcaption><\/figure>\n\n\n\n<p>Abschiedsschmerz und Abgabewahnsinn<\/p>\n\n\n\n<p>Schlie\u00dflich mussten wir Flo verabschieden und waren etwas traurig, dass die sch\u00f6ne Zeit zu dritt nun schon wieder vorbei war. Jetzt m\u00fcssten wir wieder alleine zurecht kommen, ohne jemanden, der uns sch\u00f6ne Ausfl\u00fcge organisierte und mit Sp\u00e4\u00dfen den Tag vers\u00fc\u00dfte. Aber zum Tr\u00fcbsalblasen gab es keine Zeit, da die Unterlagen zum Visa-Center mussten. Wir hatten nicht gedacht, dass wir auch hier noch eineinhalb Stunden auf Einlass warten mussten. Da wir alle Unterlagen komplett hatten (viiiiel Papier) dauerte es zwar eine Weile, aber am Ende konnten wir mit Abholschein und Rechnung, gespannt und doch guter Dinge, wieder davon ziehen. Zur Feier g\u00f6nnten wir uns ein g\u00fcnstiges Mittagessen in einem sehr guten veganen Restaurant, das wir auf dem Weg zum chinesischen Konsulat schon mehrfach passierten. Echt super! Vegane-Soya-Khushuur \u2013 und die schmecken auch noch! <\/p>\n\n\n\n<figure class=\"wp-block-image\"><img decoding=\"async\" loading=\"lazy\" width=\"1024\" height=\"768\" src=\"http:\/\/lichri.radeln-in-den-sonnenaufgang.de\/wp-content\/uploads\/2019\/08\/DSC_0103-1024x768.jpg\" alt=\"\" class=\"wp-image-612\" srcset=\"http:\/\/lichri.radeln-in-den-sonnenaufgang.de\/wp-content\/uploads\/2019\/08\/DSC_0103-1024x768.jpg 1024w, http:\/\/lichri.radeln-in-den-sonnenaufgang.de\/wp-content\/uploads\/2019\/08\/DSC_0103-300x225.jpg 300w, http:\/\/lichri.radeln-in-den-sonnenaufgang.de\/wp-content\/uploads\/2019\/08\/DSC_0103-768x576.jpg 768w\" sizes=\"(max-width: 767px) 89vw, (max-width: 1000px) 54vw, (max-width: 1071px) 543px, 580px\" \/><figcaption>Vegane Mongolische Spezialit\u00e4ten<\/figcaption><\/figure>\n\n\n\n<p>Am Abend halfen wir dann noch Froit beim Aufbauen seines gr\u00f6\u00dften Zeltes, einer Art Zirkuszelt mit zwei gro\u00dfen Masten. Da es bereits dunkel wurde war es besonders spannend, den Schemen des Riesenzeltes beim Wachsen zu helfen. Wir hauten lange Heringe mit riesigen Hammern in die Erde, verbanden gro\u00dfe Planenelemente miteinander, spannten Holzst\u00e4nder in die Plane und hoben sie per Seilzug am Mast entlang in die Luft. Wow! Danach waren wir echt durch\u2026 <\/p>\n\n\n\n<p>Zirkuszelt und hei\u00dfe Quellen<\/p>\n\n\n\n<p>Doch f\u00fcr Pausen gab es keine Zeit. Froit und Odra, seine Frau, er\u00f6ffneten uns am Morgen darauf ihren Plan, uns zum n\u00e4chsten Event mitzunehmen, wo es mehrere Zelte aufzustellen galt. Von dort aus w\u00fcrden wir weiter zu hei\u00dfen Quellen fahren und einige Tage dort verbringen, bevor wir auf dem R\u00fcckweg die Zelte abbauen und zur\u00fcckbringen w\u00fcrden. Da wir bis Montag, dem Tag an dem wir die P\u00e4sse wieder abholen durften, nichts zu tun hatten, sagten wir zu, den beiden bei ihrer Arbeit zu helfen. Hei\u00dfe Quellen h\u00f6rten sich zudem sehr verlockend an. Wir genossen die Zeit mit der verr\u00fcckten Familie aus Froit, Odra und dem Enkelt\u00f6chterchen Margad, wenn sie auch sehr anstrengend waren \u2013 beide: die Zeit und Margad.<\/p>\n\n\n\n<p>Als wir am Donnerstag aufbrachen, zwei Zelte im Gep\u00e4ck, hatte ich noch nicht verstanden, dass wir die 400 km bis zum Event-Ort nicht an diesem Nachmittag  bew\u00e4ltigen w\u00fcrden. Erst, als ich mitten in der Nacht, im Regen und ohne Scheinwerfer auf den mongolischen Stra\u00dfen Slalom um Schlagl\u00f6cher fahren durfte, weil Froit ersch\u00f6pft war, realisierte ich, dass wir irgendwo im Regen unser Zelt zwischen Bus und Stra\u00dfe aufschlagen m\u00fcssten. Froit lotste mich noch nach Karakorum hinein zu den mir bekannten Tempelanlagen, doch knapp einhundert Meter bevor wir auf den Parkplatz aufgefahren w\u00e4ren, platzte der Hinterreifen des Benz, mit dem wir unterwegs waren. Nach einer feuchten Nacht auf einer Yakweide neben dem Kloster organisierten Odra und Froit per Taxi einen neuen Mantel und Schlauch f\u00fcr das Auto, w\u00e4hrend wir beide die f\u00fcnfj\u00e4hrige Margad bespa\u00dften. Um zirka 11:00 Uhr konnten wir wieder aufbrechen und so von 13:00-15:00 Uhr doch noch rechtzeitig die Zelte auf dem Festgelde aufstellen, wohin sie bestellt waren. <\/p>\n\n\n\n<figure class=\"wp-block-image\"><img decoding=\"async\" loading=\"lazy\" width=\"768\" height=\"1024\" src=\"http:\/\/lichri.radeln-in-den-sonnenaufgang.de\/wp-content\/uploads\/2019\/08\/DSC_0195-e1565761545363-768x1024.jpg\" alt=\"\" class=\"wp-image-615\" srcset=\"http:\/\/lichri.radeln-in-den-sonnenaufgang.de\/wp-content\/uploads\/2019\/08\/DSC_0195-e1565761545363-768x1024.jpg 768w, http:\/\/lichri.radeln-in-den-sonnenaufgang.de\/wp-content\/uploads\/2019\/08\/DSC_0195-e1565761545363-225x300.jpg 225w\" sizes=\"(max-width: 767px) 89vw, (max-width: 1000px) 54vw, (max-width: 1071px) 543px, 580px\" \/><figcaption>Schaukel, Klapper, Schepper. Hinten kann man liegen, doch&#8230;<\/figcaption><\/figure>\n\n\n\n<figure class=\"wp-block-image\"><img decoding=\"async\" loading=\"lazy\" width=\"1024\" height=\"576\" src=\"http:\/\/lichri.radeln-in-den-sonnenaufgang.de\/wp-content\/uploads\/2019\/08\/DSC_0168-1024x576.jpg\" alt=\"\" class=\"wp-image-614\" srcset=\"http:\/\/lichri.radeln-in-den-sonnenaufgang.de\/wp-content\/uploads\/2019\/08\/DSC_0168-1024x576.jpg 1024w, http:\/\/lichri.radeln-in-den-sonnenaufgang.de\/wp-content\/uploads\/2019\/08\/DSC_0168-300x169.jpg 300w, http:\/\/lichri.radeln-in-den-sonnenaufgang.de\/wp-content\/uploads\/2019\/08\/DSC_0168-768x432.jpg 768w\" sizes=\"(max-width: 767px) 89vw, (max-width: 1000px) 54vw, (max-width: 1071px) 543px, 580px\" \/><figcaption>Wenn man vorne sitzt, wei\u00df man immerhin, wann die Bodenwellen und L\u00f6cher kommen.<\/figcaption><\/figure>\n\n\n\n<figure class=\"wp-block-image\"><img decoding=\"async\" loading=\"lazy\" width=\"576\" height=\"1024\" src=\"http:\/\/lichri.radeln-in-den-sonnenaufgang.de\/wp-content\/uploads\/2019\/08\/DSC_0134-e1565761792820-576x1024.jpg\" alt=\"\" class=\"wp-image-616\" srcset=\"http:\/\/lichri.radeln-in-den-sonnenaufgang.de\/wp-content\/uploads\/2019\/08\/DSC_0134-e1565761792820-576x1024.jpg 576w, http:\/\/lichri.radeln-in-den-sonnenaufgang.de\/wp-content\/uploads\/2019\/08\/DSC_0134-e1565761792820-169x300.jpg 169w, http:\/\/lichri.radeln-in-den-sonnenaufgang.de\/wp-content\/uploads\/2019\/08\/DSC_0134-e1565761792820-768x1365.jpg 768w\" sizes=\"(max-width: 576px) 100vw, 576px\" \/><figcaption>Froit Vanderharst hat schon wirklich coole Konstruktionen erdacht und angefertigt. Und die meiste Zeit macht es auch Spa\u00df sie mit ihm aufzubauen. Und klein Margad ist immer mitten drin.<\/figcaption><\/figure>\n\n\n\n<p>Den restlichen und den darauf folgenden Tag verbrachten wir schlie\u00dflich in den hei\u00dfen Pools eines der sechs Resorts, die sich das 90 Grad vulkanisch-hei\u00dfe Quellwasser aus den Bergen s\u00fcdlich von Tsetserleg teilten. Wir \u00fcbernachteten in einem von Froits kleinen Zelten (das immernoch riesengro\u00df ist) und machten auch einen Spaziergang mit Froit durch die bl\u00fctenreichen Bergwiesen zwischen den L\u00e4rchenw\u00e4ldern, a\u00dfen Walderdbeeren und fanden jede Menge Orchideen, Pilze und Edelwei\u00df. <\/p>\n\n\n\n<figure class=\"wp-block-image\"><img decoding=\"async\" loading=\"lazy\" width=\"1024\" height=\"576\" src=\"http:\/\/lichri.radeln-in-den-sonnenaufgang.de\/wp-content\/uploads\/2019\/08\/DSC_0143-1024x576.jpg\" alt=\"\" class=\"wp-image-619\" srcset=\"http:\/\/lichri.radeln-in-den-sonnenaufgang.de\/wp-content\/uploads\/2019\/08\/DSC_0143-1024x576.jpg 1024w, http:\/\/lichri.radeln-in-den-sonnenaufgang.de\/wp-content\/uploads\/2019\/08\/DSC_0143-300x169.jpg 300w, http:\/\/lichri.radeln-in-den-sonnenaufgang.de\/wp-content\/uploads\/2019\/08\/DSC_0143-768x432.jpg 768w\" sizes=\"(max-width: 767px) 89vw, (max-width: 1000px) 54vw, (max-width: 1071px) 543px, 580px\" \/><figcaption>F\u00fcr den <a href=\"https:\/\/m.youtube.com\/watch?v=OQSNhk5ICTI\">double-rainbow, that startet to look like a triple-rainbow<\/a>, kam ich mit der Kamera leider zu sp\u00e4t.<\/figcaption><\/figure>\n\n\n\n<figure class=\"wp-block-image\"><img decoding=\"async\" loading=\"lazy\" width=\"1024\" height=\"768\" src=\"http:\/\/lichri.radeln-in-den-sonnenaufgang.de\/wp-content\/uploads\/2019\/08\/DSC_0150-1-1024x768.jpg\" alt=\"\" class=\"wp-image-621\" srcset=\"http:\/\/lichri.radeln-in-den-sonnenaufgang.de\/wp-content\/uploads\/2019\/08\/DSC_0150-1-1024x768.jpg 1024w, http:\/\/lichri.radeln-in-den-sonnenaufgang.de\/wp-content\/uploads\/2019\/08\/DSC_0150-1-300x225.jpg 300w, http:\/\/lichri.radeln-in-den-sonnenaufgang.de\/wp-content\/uploads\/2019\/08\/DSC_0150-1-768x576.jpg 768w\" sizes=\"(max-width: 767px) 89vw, (max-width: 1000px) 54vw, (max-width: 1071px) 543px, 580px\" \/><\/figure>\n\n\n\n<p>Zirkusvorstellung und Chinavisum<\/p>\n\n\n\n<p style=\"text-align:left\">Auf dem R\u00fcckweg kehrten wir in Tsetserleg in ein Gasthaus ein, g\u00f6nnten uns entt\u00e4uschend fade vegetarische Burger und Lasagne, brachen \u2013 nach einem pl\u00f6tzlichen Sturm \u2013 die Zelte auf dem Festgel\u00e4nde ab und genossen noch eine Zirkusvorstellung auf dem Fest. Das tats\u00e4chliche Zirkuszelt mit festem Stahlger\u00fcst im Mittelteil, das im Sturm ebenfalls nochmal nachgespannt wurde, faszinierte Froit und es war sch\u00f6n ihn beim Fachsimpeln zuzusehen. Insgesamt erinnert er uns mit seiner Art sehr an Chris Papa und wir verstehen uns sehr gut. Nur leider ist er beim Arbeiten manchmal sehr bissig und ungeduldig. So hat jeder seine Macken. Man darfs halt nicht pers\u00f6nlich nehmen.  \ud83d\ude09 Jetzt sind wir ihm auf jeden Fall sehr dankbar, dass er uns \u2013 nach einer weitern feucht-windigen Nacht am Stra\u00dfenrand \u2013 doch noch rechtzeitig nach Ulan-Bator zur\u00fcckgebracht hat, um unsere P\u00e4sse im Visacenter abzuholen. Und siehe da: <br>Wir haben ein 60 Tage-Visum bekommen! Juhu! <\/p>\n\n\n\n<p>Jetzt k\u00f6nnen wir weiterplanen. Und m\u00fcssen wir auch \u2013 wir haben bisher Null Idee, wie wir ab jetzt weiterreisen wollen. Mit dem Rad zur Grenze? Mit dem Zug bis Peking? Das steht jetzt an. Es bleibt also spannend! <\/p>\n\n\n\n<p>Wir hoffen ihr habt diesen ellenlangen Zwischenbericht unsererseits genie\u00dfen k\u00f6nnen. Da wirklich viiiiel Zeit vergangen ist und wir sehr viel erlebt haben, ist vielleicht einiges durcheinandergekommen. Wir versuchen jetzt \u00f6fter kurze Blogeintr\u00e4ge zu verfassen und hochzuladen. So ist es f\u00fcr uns auch weniger schwierig. Bleibt nur die Frage, wann wir das unterwegs am besten hinkriegen. Aber ihr werdet es dann ja sehen \ud83d\ude42<\/p>\n\n\n\n<p>Liebe Gr\u00fc\u00dfe von uns beiden aus Ulan Bator und auf ein baldiges Wiederlesen!<br>Chris&amp;Lisa<\/p>\n\n\n\n<figure class=\"wp-block-image\"><img decoding=\"async\" loading=\"lazy\" width=\"1024\" height=\"576\" src=\"http:\/\/lichri.radeln-in-den-sonnenaufgang.de\/wp-content\/uploads\/2019\/08\/DSC_0210-1024x576.jpg\" alt=\"\" class=\"wp-image-617\" srcset=\"http:\/\/lichri.radeln-in-den-sonnenaufgang.de\/wp-content\/uploads\/2019\/08\/DSC_0210-1024x576.jpg 1024w, http:\/\/lichri.radeln-in-den-sonnenaufgang.de\/wp-content\/uploads\/2019\/08\/DSC_0210-300x169.jpg 300w, http:\/\/lichri.radeln-in-den-sonnenaufgang.de\/wp-content\/uploads\/2019\/08\/DSC_0210-768x432.jpg 768w\" sizes=\"(max-width: 767px) 89vw, (max-width: 1000px) 54vw, (max-width: 1071px) 543px, 580px\" \/><figcaption>Froits verr\u00fcckte wei\u00dfe Katze mit dem gelben und dem blauen Auge braucht viiiiel Aufmerksamkeit. Deshalb hat es mit em Blog sooo lange gedauert. Nur deshalb \ud83d\ude09<\/figcaption><\/figure>\n\n\n\n<p><\/p>\n","protected":false},"excerpt":{"rendered":"<p>Ihr sch\u00f6nen Menschen, wir dachten ihr hattet jetzt genug Zeit, um den letzten endlos langen Blogeintrag zu lesen und es w\u00e4re Zeit f\u00fcr einen Neuen Transsib Beim letzten Mal haben wir euch schon einen kleinen Einblick in die Welt der Transsibirischen Eisenbahn gegeben. Insgesamt sind wir sechs N\u00e4chte mit der russischen Bahn gefahren und haben &hellip; <\/p>\n<p class=\"link-more\"><a href=\"http:\/\/lichri.radeln-in-den-sonnenaufgang.de\/?p=470\" class=\"more-link\"><span class=\"screen-reader-text\">\u201eBaikal &#8211; Buryatien &#8211; Mongolei\u201c<\/span> weiterlesen<\/a><\/p>\n","protected":false},"author":3,"featured_media":475,"comment_status":"open","ping_status":"open","sticky":false,"template":"","format":"standard","meta":[],"categories":[1],"tags":[],"_links":{"self":[{"href":"http:\/\/lichri.radeln-in-den-sonnenaufgang.de\/index.php?rest_route=\/wp\/v2\/posts\/470"}],"collection":[{"href":"http:\/\/lichri.radeln-in-den-sonnenaufgang.de\/index.php?rest_route=\/wp\/v2\/posts"}],"about":[{"href":"http:\/\/lichri.radeln-in-den-sonnenaufgang.de\/index.php?rest_route=\/wp\/v2\/types\/post"}],"author":[{"embeddable":true,"href":"http:\/\/lichri.radeln-in-den-sonnenaufgang.de\/index.php?rest_route=\/wp\/v2\/users\/3"}],"replies":[{"embeddable":true,"href":"http:\/\/lichri.radeln-in-den-sonnenaufgang.de\/index.php?rest_route=%2Fwp%2Fv2%2Fcomments&post=470"}],"version-history":[{"count":10,"href":"http:\/\/lichri.radeln-in-den-sonnenaufgang.de\/index.php?rest_route=\/wp\/v2\/posts\/470\/revisions"}],"predecessor-version":[{"id":629,"href":"http:\/\/lichri.radeln-in-den-sonnenaufgang.de\/index.php?rest_route=\/wp\/v2\/posts\/470\/revisions\/629"}],"wp:featuredmedia":[{"embeddable":true,"href":"http:\/\/lichri.radeln-in-den-sonnenaufgang.de\/index.php?rest_route=\/wp\/v2\/media\/475"}],"wp:attachment":[{"href":"http:\/\/lichri.radeln-in-den-sonnenaufgang.de\/index.php?rest_route=%2Fwp%2Fv2%2Fmedia&parent=470"}],"wp:term":[{"taxonomy":"category","embeddable":true,"href":"http:\/\/lichri.radeln-in-den-sonnenaufgang.de\/index.php?rest_route=%2Fwp%2Fv2%2Fcategories&post=470"},{"taxonomy":"post_tag","embeddable":true,"href":"http:\/\/lichri.radeln-in-den-sonnenaufgang.de\/index.php?rest_route=%2Fwp%2Fv2%2Ftags&post=470"}],"curies":[{"name":"wp","href":"https:\/\/api.w.org\/{rel}","templated":true}]}}