{"id":402,"date":"2019-07-13T14:03:18","date_gmt":"2019-07-13T14:03:18","guid":{"rendered":"http:\/\/lichri.radeln-in-den-sonnenaufgang.de\/?p=402"},"modified":"2019-07-13T15:11:27","modified_gmt":"2019-07-13T15:11:27","slug":"vaalimaa-finnland-jekaterinburg-russland","status":"publish","type":"post","link":"http:\/\/lichri.radeln-in-den-sonnenaufgang.de\/?p=402","title":{"rendered":"Vaalimaa (Finnland) \u2013 Jekaterinburg (Russland)"},"content":{"rendered":"\n<p>Erster Eindruck \u2013 Wildzelten in Russland \u2013 St. Petersburg \u2013 Zugfahrt Nr.1 \u2013 Moskau \u2013 Zugfahrt Nr. 2<\/p>\n\n\n\n<figure class=\"wp-block-image\"><img decoding=\"async\" loading=\"lazy\" width=\"768\" height=\"1024\" src=\"http:\/\/lichri.radeln-in-den-sonnenaufgang.de\/wp-content\/uploads\/2019\/07\/IMG_20190713_193521_059-768x1024.jpg\" alt=\"\" class=\"wp-image-405\" srcset=\"http:\/\/lichri.radeln-in-den-sonnenaufgang.de\/wp-content\/uploads\/2019\/07\/IMG_20190713_193521_059-768x1024.jpg 768w, http:\/\/lichri.radeln-in-den-sonnenaufgang.de\/wp-content\/uploads\/2019\/07\/IMG_20190713_193521_059-225x300.jpg 225w, http:\/\/lichri.radeln-in-den-sonnenaufgang.de\/wp-content\/uploads\/2019\/07\/IMG_20190713_193521_059.jpg 960w\" sizes=\"(max-width: 767px) 89vw, (max-width: 1000px) 54vw, (max-width: 1071px) 543px, 580px\" \/><\/figure>\n\n\n\n<p>Erster Eindruck<br> Stimmengewirr. Schwere, feuchte, aromenges\u00e4ttigte Luft. Stetes Schaukeln und ged\u00e4mpftes Klappern. <br> Wir befinden uns in \u00abder Transsibirischen Eisenbahn\u00bb, genauergesagt Zug 100\u042d\u0415, Wagen 6 \u2013 offener Schlafwagen der 3. Klasse \u2013 auf dem Weg von Moskau nach Jekaterinburg. Nach 14 Stunden Fahrt komme ich nun ungew\u00f6hnlich fr\u00fch zum n\u00e4chsten Blogeintrag. Es gibt hier auch gerade nichts besseres zu tun. \ud83d\ude09<br> Die letzten Tage waren ereignisreich und f\u00fchlen sich beim Zu-Bett-Gehen manchmal an wie drei Tage. Das war allerdings nicht von Anfang unserer Russlandreise an so. <br> Nachdem wir \u2013 es war bereits nach 21 Uhr \u2013 von der Rastst\u00e4tte aufbrachen, in der wir unsere Akkus aufluden und den vorangegangenen Blogeintrag verfassten, verlief der Grenz\u00fcbertritt zu Russland unerwartet harmlos. <\/p>\n\n\n\n<figure class=\"wp-block-image\"><img decoding=\"async\" loading=\"lazy\" width=\"1024\" height=\"576\" src=\"http:\/\/lichri.radeln-in-den-sonnenaufgang.de\/wp-content\/uploads\/2019\/07\/DSC_1286-1024x576.jpg\" alt=\"\" class=\"wp-image-409\" srcset=\"http:\/\/lichri.radeln-in-den-sonnenaufgang.de\/wp-content\/uploads\/2019\/07\/DSC_1286-1024x576.jpg 1024w, http:\/\/lichri.radeln-in-den-sonnenaufgang.de\/wp-content\/uploads\/2019\/07\/DSC_1286-300x169.jpg 300w, http:\/\/lichri.radeln-in-den-sonnenaufgang.de\/wp-content\/uploads\/2019\/07\/DSC_1286-768x432.jpg 768w\" sizes=\"(max-width: 767px) 89vw, (max-width: 1000px) 54vw, (max-width: 1071px) 543px, 580px\" \/><figcaption>Grenz\u00fcberfahrt nach Russland<\/figcaption><\/figure>\n\n\n\n<p>Im Gegensatz zu den finnischen Grenzpolizisten bzw. -beamten, die recht kurz angebunden und stoffelig waren, wurden wir am russischen Grenzposten auf unseren R\u00e4dern von einem, uns voran rennenden jungen Grenzsoldaten zur Passkontrolle gef\u00fchrt. Auf diese freundliche Geste des l\u00e4chelnden L\u00e4ufers folgte eine unkomplizierte und hilfsbereite Beamte, die unsere Migrationskarte ausf\u00fcllte und uns den Ausreiseteil mitgab. Erleichtert, dass mit dem Pass und dem Visum alles glatt lief, reihten wir uns mit den R\u00e4dern in der Warteschlange vor der Schranke (auf Russisch w\u00f6rtlich: \u00abSchlagbaum\u00bb) ein, zwischen den PKW die vor und nach uns ankamen. Eine weitere Grenzbeamtin winkte uns auf den Fu\u00dfweg und f\u00fchrte uns an der Schranke vorbei \u2013 und so waren wir dann auch schon wieder frei, weiter zu ziehen\u2026 Dass man in diesem Grenzgebiet keine Fotos machen darf, hat man uns nicht gesagt. \ud83d\ude09 <br> Wir kamen um etwa 23:30 Uhr an das zweite Motel an der Highway-haften Stra\u00dfe, die in Richtung Osten von der Grenze wegf\u00fchrte und wir entschieden uns, nach Preisauskunft, f\u00fcr eine Nacht zwischen Federkernmatratzen, weichen Decken und festen W\u00e4nden, sogar mit eingenem und dringend notwendigen Bad. Nach der Grenzkontrolle war auch der Russe am Empfang \u00fcberaus freundlich und hilfsbereit, kochte uns Tee und gab uns Muffins dazu. Ebenso die Dame, die uns an seiner Stelle am n\u00e4chsten morgen Wasser f\u00fcr unseren Porridge und Kaffee bzw. Kakao hei\u00df machte.<br> Wir zogen weiter, doch das Wetter hatte sich inzwischen von sonnig-trocken mit starkem R\u00fcckenwind gewandelt und war nun eine Mischung aus Nieselregen, kurzen Gewittern und leichtem Gegenwind. Gepaart mit dem inzwischen aggressiven und intensiven Verkehr auf dieser Fernstra\u00dfe wurde es ein sehr anstrengender Tag. Wir fuhren nach Wyborg, hielten uns aber nicht lange in dieser gr\u00f6\u00dferen Stadt am finnischen Meerbusen auf. <\/p>\n\n\n\n<figure class=\"wp-block-image\"><img decoding=\"async\" loading=\"lazy\" width=\"1024\" height=\"576\" src=\"http:\/\/lichri.radeln-in-den-sonnenaufgang.de\/wp-content\/uploads\/2019\/07\/DSC_1290_compress12-1024x576.jpg\" alt=\"\" class=\"wp-image-408\" srcset=\"http:\/\/lichri.radeln-in-den-sonnenaufgang.de\/wp-content\/uploads\/2019\/07\/DSC_1290_compress12-1024x576.jpg 1024w, http:\/\/lichri.radeln-in-den-sonnenaufgang.de\/wp-content\/uploads\/2019\/07\/DSC_1290_compress12-300x169.jpg 300w, http:\/\/lichri.radeln-in-den-sonnenaufgang.de\/wp-content\/uploads\/2019\/07\/DSC_1290_compress12-768x432.jpg 768w, http:\/\/lichri.radeln-in-den-sonnenaufgang.de\/wp-content\/uploads\/2019\/07\/DSC_1290_compress12.jpg 1280w\" sizes=\"(max-width: 767px) 89vw, (max-width: 1000px) 54vw, (max-width: 1071px) 543px, 580px\" \/><figcaption>Die Feste der Stadt Wyborg<\/figcaption><\/figure>\n\n\n\n<figure class=\"wp-block-image\"><img decoding=\"async\" loading=\"lazy\" width=\"1024\" height=\"576\" src=\"http:\/\/lichri.radeln-in-den-sonnenaufgang.de\/wp-content\/uploads\/2019\/07\/DSC_1296-1024x576.jpg\" alt=\"\" class=\"wp-image-410\" srcset=\"http:\/\/lichri.radeln-in-den-sonnenaufgang.de\/wp-content\/uploads\/2019\/07\/DSC_1296-1024x576.jpg 1024w, http:\/\/lichri.radeln-in-den-sonnenaufgang.de\/wp-content\/uploads\/2019\/07\/DSC_1296-300x169.jpg 300w, http:\/\/lichri.radeln-in-den-sonnenaufgang.de\/wp-content\/uploads\/2019\/07\/DSC_1296-768x432.jpg 768w\" sizes=\"(max-width: 767px) 89vw, (max-width: 1000px) 54vw, (max-width: 1071px) 543px, 580px\" \/><figcaption>Spar &#8211; gibt es den in Deutschland noch? <\/figcaption><\/figure>\n\n\n\n<p>Wir f\u00fcllten unsere Vorr\u00e4te im Spar-Markt auf und kamen mit einem radbegeisterten Russen ins Gespr\u00e4ch, der uns \u2013 glaube ich \u2013 von seiner Radreise von Wyborg nach Wladiwostok berichtete. Nur verstand ich so gut wie nichts davon. H\u00e4tte ich mal etwas mehr Russisch gelernt. <\/p>\n\n\n\n<p>Wildzelten in Russland<br> Diese und die kommende Nacht verbrachten wir in W\u00e4ldern, was sich nicht gerade einfach gestaltete. Die waren n\u00e4mlich voller M\u00fccken und zumeist auch voller M\u00fcll. Und fuhren wir nicht gerade eine wilde Deponie an, kamen wir beispielsweise an einen strandnahen Bereich, in dem Zelten explizit untersagt war. Entsprechend sp\u00e4t schlugen wir dann unser Zelt auf und verkrochen uns darin, um den M\u00fccken zu entkommen. <br> Der folgende Tag war von der Verkehrssituation etwas entspannter, da wir uns nicht mehr auf der k\u00fcrzesten Fernverbindung zwischen Grenze und St. Petersburg befanden. <\/p>\n\n\n\n<figure class=\"wp-block-image\"><img decoding=\"async\" loading=\"lazy\" width=\"1024\" height=\"576\" src=\"http:\/\/lichri.radeln-in-den-sonnenaufgang.de\/wp-content\/uploads\/2019\/07\/DSC_1300-1024x576.jpg\" alt=\"\" class=\"wp-image-411\" srcset=\"http:\/\/lichri.radeln-in-den-sonnenaufgang.de\/wp-content\/uploads\/2019\/07\/DSC_1300-1024x576.jpg 1024w, http:\/\/lichri.radeln-in-den-sonnenaufgang.de\/wp-content\/uploads\/2019\/07\/DSC_1300-300x169.jpg 300w, http:\/\/lichri.radeln-in-den-sonnenaufgang.de\/wp-content\/uploads\/2019\/07\/DSC_1300-768x432.jpg 768w\" sizes=\"(max-width: 767px) 89vw, (max-width: 1000px) 54vw, (max-width: 1071px) 543px, 580px\" \/><figcaption>Sankt Petersburg &#8211; und es liegt noch eine Tagesfahrt vor uns bevor wir ins Stadtzentrum kommen!<\/figcaption><\/figure>\n\n\n\n<p>Besonders als wir gegen Abend in das St. Petersburger Stadtgebiet hinein radelten, wurde die Fu\u00dfg\u00e4nger- und somit auch Rad-Infrastruktur deutlich besser. Oder sagen wir: Hier existierte sie. Wir fanden, nach einiger Suche, einen Park am Strand, wo es neben Kinderspielpl\u00e4tzen auch einen Bereich mit Feuerstellen und B\u00e4nken gab. Wir entschieden kurzerhand unser Zelt hier aufzuschlagen \u2013 und hatten sogleich ein wunderbares Lager. <\/p>\n\n\n\n<figure class=\"wp-block-image\"><img decoding=\"async\" loading=\"lazy\" width=\"576\" height=\"1024\" src=\"http:\/\/lichri.radeln-in-den-sonnenaufgang.de\/wp-content\/uploads\/2019\/07\/DSC_1301_compress67-e1563022823617-576x1024.jpg\" alt=\"\" class=\"wp-image-412\" srcset=\"http:\/\/lichri.radeln-in-den-sonnenaufgang.de\/wp-content\/uploads\/2019\/07\/DSC_1301_compress67-e1563022823617-576x1024.jpg 576w, http:\/\/lichri.radeln-in-den-sonnenaufgang.de\/wp-content\/uploads\/2019\/07\/DSC_1301_compress67-e1563022823617-169x300.jpg 169w, http:\/\/lichri.radeln-in-den-sonnenaufgang.de\/wp-content\/uploads\/2019\/07\/DSC_1301_compress67-e1563022823617.jpg 720w\" sizes=\"(max-width: 576px) 100vw, 576px\" \/><figcaption>&#8222;Wild&#8220;-Zelten im Park vor bzw. in St. Petersburg<\/figcaption><\/figure>\n\n\n\n<p>St. Petersburg<br> Am dritten Tag unserer Reise durch Russland fuhren wir mit Blick auf die Skyline der Metropole an der K\u00fcste entlang auf Fu\u00df- und Wanderwegen und die Aussicht machte uns neugierig auf die Stadt. <\/p>\n\n\n\n<figure class=\"wp-block-image\"><img decoding=\"async\" loading=\"lazy\" width=\"1024\" height=\"683\" src=\"http:\/\/lichri.radeln-in-den-sonnenaufgang.de\/wp-content\/uploads\/2019\/07\/IMG_8376-1024x683.jpg\" alt=\"\" class=\"wp-image-413\" srcset=\"http:\/\/lichri.radeln-in-den-sonnenaufgang.de\/wp-content\/uploads\/2019\/07\/IMG_8376-1024x683.jpg 1024w, http:\/\/lichri.radeln-in-den-sonnenaufgang.de\/wp-content\/uploads\/2019\/07\/IMG_8376-300x200.jpg 300w, http:\/\/lichri.radeln-in-den-sonnenaufgang.de\/wp-content\/uploads\/2019\/07\/IMG_8376-768x512.jpg 768w\" sizes=\"(max-width: 767px) 89vw, (max-width: 1000px) 54vw, (max-width: 1071px) 543px, 580px\" \/><figcaption>Auf dem Weg in die Stadt (Hintergrund) fuhren wir durch saftiges Sommergr\u00fcn und Sonnenschein \ud83d\ude42<\/figcaption><\/figure>\n\n\n\n<figure class=\"wp-block-image\"><img decoding=\"async\" loading=\"lazy\" width=\"1024\" height=\"683\" src=\"http:\/\/lichri.radeln-in-den-sonnenaufgang.de\/wp-content\/uploads\/2019\/07\/IMG_8607_compress98-1024x683.jpg\" alt=\"\" class=\"wp-image-414\" srcset=\"http:\/\/lichri.radeln-in-den-sonnenaufgang.de\/wp-content\/uploads\/2019\/07\/IMG_8607_compress98-1024x683.jpg 1024w, http:\/\/lichri.radeln-in-den-sonnenaufgang.de\/wp-content\/uploads\/2019\/07\/IMG_8607_compress98-300x200.jpg 300w, http:\/\/lichri.radeln-in-den-sonnenaufgang.de\/wp-content\/uploads\/2019\/07\/IMG_8607_compress98-768x512.jpg 768w, http:\/\/lichri.radeln-in-den-sonnenaufgang.de\/wp-content\/uploads\/2019\/07\/IMG_8607_compress98.jpg 1296w\" sizes=\"(max-width: 767px) 89vw, (max-width: 1000px) 54vw, (max-width: 1071px) 543px, 580px\" \/><figcaption>Die Fahrt ins Zentrum f\u00fchrt uns an den modernen Prunkbauten der Stadt vorbei.<\/figcaption><\/figure>\n\n\n\n<p>Nachdem wir am sp\u00e4teren Nachmittag unseren ersten Wolkenkratzer hinter uns lie\u00dfen und \u00fcber die riesigen Br\u00fccken und durch die sch\u00f6nen Parks der Stadt fuhren, kamen wir schlie\u00dflich bei Maksims und Valentinas Wohnung im Zentrum der Stadt an. Sie w\u00fcrden uns die folgenden N\u00e4chte Obdach geben \u2013 und somit die wunderbare M\u00f6glichkeit, a) die Stadt mehrt\u00e4gig zu erkunden, b) unsere Klamotten zu waschen sowie c) zwei wundervolle Einwohner dieser Weltstadt kennen zu lernen. Insbesondere Maksim versorgte uns w\u00e4hrend unseres Aufenthaltes mit Anekdoten, Tipps und der dringend notwendigen Unterst\u00fctzung beim Kauf der Zugtickets f\u00fcr die kommenden Fahrten nach Moskau und Jekaterinburg. <\/p>\n\n\n\n<figure class=\"wp-block-image\"><img decoding=\"async\" loading=\"lazy\" width=\"576\" height=\"1024\" src=\"http:\/\/lichri.radeln-in-den-sonnenaufgang.de\/wp-content\/uploads\/2019\/07\/IMG_20190706_142609_569-e1563023643631-576x1024.jpg\" alt=\"\" class=\"wp-image-415\" srcset=\"http:\/\/lichri.radeln-in-den-sonnenaufgang.de\/wp-content\/uploads\/2019\/07\/IMG_20190706_142609_569-e1563023643631-576x1024.jpg 576w, http:\/\/lichri.radeln-in-den-sonnenaufgang.de\/wp-content\/uploads\/2019\/07\/IMG_20190706_142609_569-e1563023643631-169x300.jpg 169w, http:\/\/lichri.radeln-in-den-sonnenaufgang.de\/wp-content\/uploads\/2019\/07\/IMG_20190706_142609_569-e1563023643631.jpg 720w\" sizes=\"(max-width: 576px) 100vw, 576px\" \/><figcaption>Maksim und Valentina stehen auf Antike Einrichtung, Kleidung &#8211; und antike R\u00e4der \ud83d\ude42<\/figcaption><\/figure>\n\n\n\n<p><br> Es war wirklich gut, gleich mehrere Tage hier verbringen zu d\u00fcrfen, ging doch der erste Tag \u2013 nach einer st\u00e4dteuntypischen n\u00e4chtlichen Masse an M\u00fccken und unruhigem Schlaf \u2013 fast vollst\u00e4ndig f\u00fcr das W\u00e4schewaschen und unseren Aufsflug auf den Nevsky-Prospekt drauf. Hier \u2013 so lasen wir auf der Website der Visa-Agentur \u2013 sollten wir das \u00f6rtliche B\u00fcro der Firma aufsuchen, die unsere Einladung f\u00fcr Russland ausstellte, um uns zu registrieren. <\/p>\n\n\n\n<figure class=\"wp-block-image\"><img decoding=\"async\" loading=\"lazy\" width=\"1024\" height=\"768\" src=\"http:\/\/lichri.radeln-in-den-sonnenaufgang.de\/wp-content\/uploads\/2019\/07\/DSC_1336_compress22-1024x768.jpg\" alt=\"\" class=\"wp-image-416\" srcset=\"http:\/\/lichri.radeln-in-den-sonnenaufgang.de\/wp-content\/uploads\/2019\/07\/DSC_1336_compress22-1024x768.jpg 1024w, http:\/\/lichri.radeln-in-den-sonnenaufgang.de\/wp-content\/uploads\/2019\/07\/DSC_1336_compress22-300x225.jpg 300w, http:\/\/lichri.radeln-in-den-sonnenaufgang.de\/wp-content\/uploads\/2019\/07\/DSC_1336_compress22-768x576.jpg 768w, http:\/\/lichri.radeln-in-den-sonnenaufgang.de\/wp-content\/uploads\/2019\/07\/DSC_1336_compress22.jpg 1312w\" sizes=\"(max-width: 767px) 89vw, (max-width: 1000px) 54vw, (max-width: 1071px) 543px, 580px\" \/><figcaption>Verregnetes St. Petersburg<\/figcaption><\/figure>\n\n\n\n<p>Pitschnass vom Regen kamen wir schlie\u00dflich in deren B\u00fcro geschlurft, um zu erfahren, dass sie dies nicht tun k\u00f6nnten. F\u00fcr Registrierung w\u00e4re der Gastgeber zust\u00e4ndig. Wir erfuhren aber auch, dass dies erst ab einem Aufenthalt von \u00fcber 7 Tagen an einem Ort n\u00f6tig sei. Da uns dies nicht betreffen w\u00fcrde und \u00abOrt\u00bb nicht weiter definiert wurde, nahmen wir nun an, wir w\u00fcrden keine Registrierung brauchen. Uns wurde allerdings empfohlen, die Tickets f\u00fcr die Zugfahrten aufzubewahren, um diese im Zweifelsfall vorzuweisen. <br> Etwas abgespannt suchten wir nun einen Sportladen, in dem wir f\u00fcr Lisa eine neue Hose besorgen k\u00f6nnten, da ihre bisherige bereits an mehreren Stellen durchgescheuert war. So kamen wir in die \u00abGallerie\u00bb am Ende des Nevsky-Prospekts. Dies war mit Sicherheit das gr\u00f6\u00dfte Einkaufszentrum, das ich je betreten hatte. Der Aufenthalt hier war purer Stress, angesichts der Menschenmassen, die sich hier durch G\u00e4nge, Rolltreppen und L\u00e4den schoben. Nichtsdestotrotz verbrachten wir hier mehrere Stunden, um eine Hose, Impr\u00e4gnier-Mittel und eine russische SIM-Card zu erbeuten. Au\u00dferdem kauften wir Halumi, Burger-Buns, Aubergine und Zucchini, Tomaten und Salat, Essiggurken und Senf, Zwiebeln und Tomatenmark, aus denen wir \u2013 zur\u00fcck in der Wohnung \u2013 f\u00fcr Valentina und Maksim ein leckeres Nachtmahl zauberten. Fast so gut, wie das Essen mit Clara und Friedi in Kuressaare! \ud83d\ude09<\/p>\n\n\n\n<ul class=\"is-layout-flex wp-block-gallery-1 wp-block-gallery columns-2 is-cropped\"><li class=\"blocks-gallery-item\"><figure><img decoding=\"async\" loading=\"lazy\" width=\"1024\" height=\"576\" src=\"http:\/\/lichri.radeln-in-den-sonnenaufgang.de\/wp-content\/uploads\/2019\/07\/DSC_1367_compress53-1024x576.jpg\" alt=\"\" data-id=\"417\" data-link=\"http:\/\/lichri.radeln-in-den-sonnenaufgang.de\/?attachment_id=417\" class=\"wp-image-417\" srcset=\"http:\/\/lichri.radeln-in-den-sonnenaufgang.de\/wp-content\/uploads\/2019\/07\/DSC_1367_compress53-1024x576.jpg 1024w, http:\/\/lichri.radeln-in-den-sonnenaufgang.de\/wp-content\/uploads\/2019\/07\/DSC_1367_compress53-300x169.jpg 300w, http:\/\/lichri.radeln-in-den-sonnenaufgang.de\/wp-content\/uploads\/2019\/07\/DSC_1367_compress53-768x432.jpg 768w, http:\/\/lichri.radeln-in-den-sonnenaufgang.de\/wp-content\/uploads\/2019\/07\/DSC_1367_compress53.jpg 1280w\" sizes=\"(max-width: 767px) 89vw, (max-width: 1000px) 54vw, (max-width: 1071px) 543px, 580px\" \/><\/figure><\/li><li class=\"blocks-gallery-item\"><figure><img decoding=\"async\" loading=\"lazy\" width=\"1024\" height=\"768\" src=\"http:\/\/lichri.radeln-in-den-sonnenaufgang.de\/wp-content\/uploads\/2019\/07\/DSC_1438_compress73-1024x768.jpg\" alt=\"\" data-id=\"418\" data-link=\"http:\/\/lichri.radeln-in-den-sonnenaufgang.de\/?attachment_id=418\" class=\"wp-image-418\" srcset=\"http:\/\/lichri.radeln-in-den-sonnenaufgang.de\/wp-content\/uploads\/2019\/07\/DSC_1438_compress73-1024x768.jpg 1024w, http:\/\/lichri.radeln-in-den-sonnenaufgang.de\/wp-content\/uploads\/2019\/07\/DSC_1438_compress73-300x225.jpg 300w, http:\/\/lichri.radeln-in-den-sonnenaufgang.de\/wp-content\/uploads\/2019\/07\/DSC_1438_compress73-768x576.jpg 768w, http:\/\/lichri.radeln-in-den-sonnenaufgang.de\/wp-content\/uploads\/2019\/07\/DSC_1438_compress73.jpg 1312w\" sizes=\"(max-width: 767px) 89vw, (max-width: 1000px) 54vw, (max-width: 1071px) 543px, 580px\" \/><\/figure><\/li><\/ul>\n\n\n\n<figure class=\"wp-block-image\"><img decoding=\"async\" loading=\"lazy\" width=\"768\" height=\"1024\" src=\"http:\/\/lichri.radeln-in-den-sonnenaufgang.de\/wp-content\/uploads\/2019\/07\/DSC_1350_compress51-1-e1563024036569-768x1024.jpg\" alt=\"\" class=\"wp-image-420\" srcset=\"http:\/\/lichri.radeln-in-den-sonnenaufgang.de\/wp-content\/uploads\/2019\/07\/DSC_1350_compress51-1-e1563024036569-768x1024.jpg 768w, http:\/\/lichri.radeln-in-den-sonnenaufgang.de\/wp-content\/uploads\/2019\/07\/DSC_1350_compress51-1-e1563024036569-225x300.jpg 225w, http:\/\/lichri.radeln-in-den-sonnenaufgang.de\/wp-content\/uploads\/2019\/07\/DSC_1350_compress51-1-e1563024036569.jpg 984w\" sizes=\"(max-width: 767px) 89vw, (max-width: 1000px) 54vw, (max-width: 1071px) 543px, 580px\" \/><\/figure>\n\n\n\n<figure class=\"wp-block-image\"><img decoding=\"async\" loading=\"lazy\" width=\"1024\" height=\"576\" src=\"http:\/\/lichri.radeln-in-den-sonnenaufgang.de\/wp-content\/uploads\/2019\/07\/DSC_1428_compress3-1024x576.jpg\" alt=\"\" class=\"wp-image-421\" srcset=\"http:\/\/lichri.radeln-in-den-sonnenaufgang.de\/wp-content\/uploads\/2019\/07\/DSC_1428_compress3-1024x576.jpg 1024w, http:\/\/lichri.radeln-in-den-sonnenaufgang.de\/wp-content\/uploads\/2019\/07\/DSC_1428_compress3-300x169.jpg 300w, http:\/\/lichri.radeln-in-den-sonnenaufgang.de\/wp-content\/uploads\/2019\/07\/DSC_1428_compress3-768x432.jpg 768w, http:\/\/lichri.radeln-in-den-sonnenaufgang.de\/wp-content\/uploads\/2019\/07\/DSC_1428_compress3.jpg 1280w\" sizes=\"(max-width: 767px) 89vw, (max-width: 1000px) 54vw, (max-width: 1071px) 543px, 580px\" \/><\/figure>\n\n\n\n<p><br> In den kommenden Tagen nahmen wir uns mehr Zeit, die Stadt kennenzulernen. Wir fuhren auf eine Insel im Hafengebiet der Stadt, wo wir eine kleine Wanderung durch ein Plattenbau-Viertel unter der neuen Mega-Br\u00fccke unternahmen, hinaus auf eine Landzunge, von deren Spitze wir \u00fcber den Ganzen \u00abGolf\u00bb vor St. Petersburg blicken konnten und wo riesige Containerschiffe und F\u00e4hren zwischen den Schlauchboten der Angler an uns vorbeizogen. <\/p>\n\n\n\n<figure class=\"wp-block-image\"><img decoding=\"async\" loading=\"lazy\" width=\"1024\" height=\"768\" src=\"http:\/\/lichri.radeln-in-den-sonnenaufgang.de\/wp-content\/uploads\/2019\/07\/DSC_1451_compress77-1024x768.jpg\" alt=\"\" class=\"wp-image-422\" srcset=\"http:\/\/lichri.radeln-in-den-sonnenaufgang.de\/wp-content\/uploads\/2019\/07\/DSC_1451_compress77-1024x768.jpg 1024w, http:\/\/lichri.radeln-in-den-sonnenaufgang.de\/wp-content\/uploads\/2019\/07\/DSC_1451_compress77-300x225.jpg 300w, http:\/\/lichri.radeln-in-den-sonnenaufgang.de\/wp-content\/uploads\/2019\/07\/DSC_1451_compress77-768x576.jpg 768w, http:\/\/lichri.radeln-in-den-sonnenaufgang.de\/wp-content\/uploads\/2019\/07\/DSC_1451_compress77.jpg 1312w\" sizes=\"(max-width: 767px) 89vw, (max-width: 1000px) 54vw, (max-width: 1071px) 543px, 580px\" \/><figcaption>Die Skyline<\/figcaption><\/figure>\n\n\n\n<figure class=\"wp-block-image\"><img decoding=\"async\" loading=\"lazy\" width=\"1024\" height=\"768\" src=\"http:\/\/lichri.radeln-in-den-sonnenaufgang.de\/wp-content\/uploads\/2019\/07\/DSC_1450_compress48-1024x768.jpg\" alt=\"\" class=\"wp-image-425\" srcset=\"http:\/\/lichri.radeln-in-den-sonnenaufgang.de\/wp-content\/uploads\/2019\/07\/DSC_1450_compress48-1024x768.jpg 1024w, http:\/\/lichri.radeln-in-den-sonnenaufgang.de\/wp-content\/uploads\/2019\/07\/DSC_1450_compress48-300x225.jpg 300w, http:\/\/lichri.radeln-in-den-sonnenaufgang.de\/wp-content\/uploads\/2019\/07\/DSC_1450_compress48-768x576.jpg 768w, http:\/\/lichri.radeln-in-den-sonnenaufgang.de\/wp-content\/uploads\/2019\/07\/DSC_1450_compress48.jpg 1312w\" sizes=\"(max-width: 767px) 89vw, (max-width: 1000px) 54vw, (max-width: 1071px) 543px, 580px\" \/><\/figure>\n\n\n\n<figure class=\"wp-block-image\"><img decoding=\"async\" loading=\"lazy\" width=\"1024\" height=\"683\" src=\"http:\/\/lichri.radeln-in-den-sonnenaufgang.de\/wp-content\/uploads\/2019\/07\/IMG_8424_compress36-1024x683.jpg\" alt=\"\" class=\"wp-image-426\" srcset=\"http:\/\/lichri.radeln-in-den-sonnenaufgang.de\/wp-content\/uploads\/2019\/07\/IMG_8424_compress36-1024x683.jpg 1024w, http:\/\/lichri.radeln-in-den-sonnenaufgang.de\/wp-content\/uploads\/2019\/07\/IMG_8424_compress36-300x200.jpg 300w, http:\/\/lichri.radeln-in-den-sonnenaufgang.de\/wp-content\/uploads\/2019\/07\/IMG_8424_compress36-768x512.jpg 768w, http:\/\/lichri.radeln-in-den-sonnenaufgang.de\/wp-content\/uploads\/2019\/07\/IMG_8424_compress36.jpg 1296w\" sizes=\"(max-width: 767px) 89vw, (max-width: 1000px) 54vw, (max-width: 1071px) 543px, 580px\" \/><figcaption>Dimensionen<br><br><\/figcaption><\/figure>\n\n\n\n<figure class=\"wp-block-image\"><img decoding=\"async\" loading=\"lazy\" width=\"1024\" height=\"576\" src=\"http:\/\/lichri.radeln-in-den-sonnenaufgang.de\/wp-content\/uploads\/2019\/07\/DSC_1488_compress99-1024x576.jpg\" alt=\"\" class=\"wp-image-450\" srcset=\"http:\/\/lichri.radeln-in-den-sonnenaufgang.de\/wp-content\/uploads\/2019\/07\/DSC_1488_compress99-1024x576.jpg 1024w, http:\/\/lichri.radeln-in-den-sonnenaufgang.de\/wp-content\/uploads\/2019\/07\/DSC_1488_compress99-300x169.jpg 300w, http:\/\/lichri.radeln-in-den-sonnenaufgang.de\/wp-content\/uploads\/2019\/07\/DSC_1488_compress99-768x432.jpg 768w, http:\/\/lichri.radeln-in-den-sonnenaufgang.de\/wp-content\/uploads\/2019\/07\/DSC_1488_compress99.jpg 1280w\" sizes=\"(max-width: 767px) 89vw, (max-width: 1000px) 54vw, (max-width: 1071px) 543px, 580px\" \/><\/figure>\n\n\n\n<ul class=\"is-layout-flex wp-block-gallery-3 wp-block-gallery columns-3 is-cropped\"><li class=\"blocks-gallery-item\"><figure><img decoding=\"async\" loading=\"lazy\" width=\"1024\" height=\"683\" src=\"http:\/\/lichri.radeln-in-den-sonnenaufgang.de\/wp-content\/uploads\/2019\/07\/IMG_8419_compress94-1024x683.jpg\" alt=\"\" data-id=\"427\" data-link=\"http:\/\/lichri.radeln-in-den-sonnenaufgang.de\/?attachment_id=427\" class=\"wp-image-427\" srcset=\"http:\/\/lichri.radeln-in-den-sonnenaufgang.de\/wp-content\/uploads\/2019\/07\/IMG_8419_compress94-1024x683.jpg 1024w, http:\/\/lichri.radeln-in-den-sonnenaufgang.de\/wp-content\/uploads\/2019\/07\/IMG_8419_compress94-300x200.jpg 300w, http:\/\/lichri.radeln-in-den-sonnenaufgang.de\/wp-content\/uploads\/2019\/07\/IMG_8419_compress94-768x512.jpg 768w, http:\/\/lichri.radeln-in-den-sonnenaufgang.de\/wp-content\/uploads\/2019\/07\/IMG_8419_compress94.jpg 1296w\" sizes=\"(max-width: 767px) 89vw, (max-width: 1000px) 54vw, (max-width: 1071px) 543px, 580px\" \/><\/figure><\/li><li class=\"blocks-gallery-item\"><figure><img decoding=\"async\" loading=\"lazy\" width=\"1024\" height=\"683\" src=\"http:\/\/lichri.radeln-in-den-sonnenaufgang.de\/wp-content\/uploads\/2019\/07\/IMG_8479_compress12-1024x683.jpg\" alt=\"\" data-id=\"428\" data-link=\"http:\/\/lichri.radeln-in-den-sonnenaufgang.de\/?attachment_id=428\" class=\"wp-image-428\" srcset=\"http:\/\/lichri.radeln-in-den-sonnenaufgang.de\/wp-content\/uploads\/2019\/07\/IMG_8479_compress12-1024x683.jpg 1024w, http:\/\/lichri.radeln-in-den-sonnenaufgang.de\/wp-content\/uploads\/2019\/07\/IMG_8479_compress12-300x200.jpg 300w, http:\/\/lichri.radeln-in-den-sonnenaufgang.de\/wp-content\/uploads\/2019\/07\/IMG_8479_compress12-768x512.jpg 768w, http:\/\/lichri.radeln-in-den-sonnenaufgang.de\/wp-content\/uploads\/2019\/07\/IMG_8479_compress12.jpg 1296w\" sizes=\"(max-width: 767px) 89vw, (max-width: 1000px) 54vw, (max-width: 1071px) 543px, 580px\" \/><\/figure><\/li><li class=\"blocks-gallery-item\"><figure><img decoding=\"async\" loading=\"lazy\" width=\"1024\" height=\"683\" src=\"http:\/\/lichri.radeln-in-den-sonnenaufgang.de\/wp-content\/uploads\/2019\/07\/IMG_8468_compress24-1024x683.jpg\" alt=\"\" data-id=\"429\" data-link=\"http:\/\/lichri.radeln-in-den-sonnenaufgang.de\/?attachment_id=429\" class=\"wp-image-429\" srcset=\"http:\/\/lichri.radeln-in-den-sonnenaufgang.de\/wp-content\/uploads\/2019\/07\/IMG_8468_compress24-1024x683.jpg 1024w, http:\/\/lichri.radeln-in-den-sonnenaufgang.de\/wp-content\/uploads\/2019\/07\/IMG_8468_compress24-300x200.jpg 300w, http:\/\/lichri.radeln-in-den-sonnenaufgang.de\/wp-content\/uploads\/2019\/07\/IMG_8468_compress24-768x512.jpg 768w, http:\/\/lichri.radeln-in-den-sonnenaufgang.de\/wp-content\/uploads\/2019\/07\/IMG_8468_compress24.jpg 1296w\" sizes=\"(max-width: 767px) 89vw, (max-width: 1000px) 54vw, (max-width: 1071px) 543px, 580px\" \/><\/figure><\/li><li class=\"blocks-gallery-item\"><figure><img decoding=\"async\" loading=\"lazy\" width=\"1024\" height=\"683\" src=\"http:\/\/lichri.radeln-in-den-sonnenaufgang.de\/wp-content\/uploads\/2019\/07\/IMG_8481_compress0-1024x683.jpg\" alt=\"\" data-id=\"430\" data-link=\"http:\/\/lichri.radeln-in-den-sonnenaufgang.de\/?attachment_id=430\" class=\"wp-image-430\" srcset=\"http:\/\/lichri.radeln-in-den-sonnenaufgang.de\/wp-content\/uploads\/2019\/07\/IMG_8481_compress0-1024x683.jpg 1024w, http:\/\/lichri.radeln-in-den-sonnenaufgang.de\/wp-content\/uploads\/2019\/07\/IMG_8481_compress0-300x200.jpg 300w, http:\/\/lichri.radeln-in-den-sonnenaufgang.de\/wp-content\/uploads\/2019\/07\/IMG_8481_compress0-768x512.jpg 768w, http:\/\/lichri.radeln-in-den-sonnenaufgang.de\/wp-content\/uploads\/2019\/07\/IMG_8481_compress0.jpg 1296w\" sizes=\"(max-width: 767px) 89vw, (max-width: 1000px) 54vw, (max-width: 1071px) 543px, 580px\" \/><\/figure><\/li><li class=\"blocks-gallery-item\"><figure><img decoding=\"async\" loading=\"lazy\" width=\"1024\" height=\"683\" src=\"http:\/\/lichri.radeln-in-den-sonnenaufgang.de\/wp-content\/uploads\/2019\/07\/IMG_8486_compress18-1024x683.jpg\" alt=\"\" data-id=\"431\" data-link=\"http:\/\/lichri.radeln-in-den-sonnenaufgang.de\/?attachment_id=431\" class=\"wp-image-431\" srcset=\"http:\/\/lichri.radeln-in-den-sonnenaufgang.de\/wp-content\/uploads\/2019\/07\/IMG_8486_compress18-1024x683.jpg 1024w, http:\/\/lichri.radeln-in-den-sonnenaufgang.de\/wp-content\/uploads\/2019\/07\/IMG_8486_compress18-300x200.jpg 300w, http:\/\/lichri.radeln-in-den-sonnenaufgang.de\/wp-content\/uploads\/2019\/07\/IMG_8486_compress18-768x512.jpg 768w, http:\/\/lichri.radeln-in-den-sonnenaufgang.de\/wp-content\/uploads\/2019\/07\/IMG_8486_compress18.jpg 1296w\" sizes=\"(max-width: 767px) 89vw, (max-width: 1000px) 54vw, (max-width: 1071px) 543px, 580px\" \/><\/figure><\/li><li class=\"blocks-gallery-item\"><figure><img decoding=\"async\" loading=\"lazy\" width=\"1024\" height=\"683\" src=\"http:\/\/lichri.radeln-in-den-sonnenaufgang.de\/wp-content\/uploads\/2019\/07\/IMG_8485_compress28-1024x683.jpg\" alt=\"\" data-id=\"432\" data-link=\"http:\/\/lichri.radeln-in-den-sonnenaufgang.de\/?attachment_id=432\" class=\"wp-image-432\" srcset=\"http:\/\/lichri.radeln-in-den-sonnenaufgang.de\/wp-content\/uploads\/2019\/07\/IMG_8485_compress28-1024x683.jpg 1024w, http:\/\/lichri.radeln-in-den-sonnenaufgang.de\/wp-content\/uploads\/2019\/07\/IMG_8485_compress28-300x200.jpg 300w, http:\/\/lichri.radeln-in-den-sonnenaufgang.de\/wp-content\/uploads\/2019\/07\/IMG_8485_compress28-768x512.jpg 768w, http:\/\/lichri.radeln-in-den-sonnenaufgang.de\/wp-content\/uploads\/2019\/07\/IMG_8485_compress28.jpg 1296w\" sizes=\"(max-width: 767px) 89vw, (max-width: 1000px) 54vw, (max-width: 1071px) 543px, 580px\" \/><\/figure><\/li><li class=\"blocks-gallery-item\"><figure><img decoding=\"async\" loading=\"lazy\" width=\"1024\" height=\"683\" src=\"http:\/\/lichri.radeln-in-den-sonnenaufgang.de\/wp-content\/uploads\/2019\/07\/IMG_8489_compress15-1024x683.jpg\" alt=\"\" data-id=\"433\" data-link=\"http:\/\/lichri.radeln-in-den-sonnenaufgang.de\/?attachment_id=433\" class=\"wp-image-433\" srcset=\"http:\/\/lichri.radeln-in-den-sonnenaufgang.de\/wp-content\/uploads\/2019\/07\/IMG_8489_compress15-1024x683.jpg 1024w, http:\/\/lichri.radeln-in-den-sonnenaufgang.de\/wp-content\/uploads\/2019\/07\/IMG_8489_compress15-300x200.jpg 300w, http:\/\/lichri.radeln-in-den-sonnenaufgang.de\/wp-content\/uploads\/2019\/07\/IMG_8489_compress15-768x512.jpg 768w, http:\/\/lichri.radeln-in-den-sonnenaufgang.de\/wp-content\/uploads\/2019\/07\/IMG_8489_compress15.jpg 1296w\" sizes=\"(max-width: 767px) 89vw, (max-width: 1000px) 54vw, (max-width: 1071px) 543px, 580px\" \/><\/figure><\/li><li class=\"blocks-gallery-item\"><figure><img decoding=\"async\" loading=\"lazy\" width=\"1024\" height=\"683\" src=\"http:\/\/lichri.radeln-in-den-sonnenaufgang.de\/wp-content\/uploads\/2019\/07\/IMG_8484_compress32-1024x683.jpg\" alt=\"\" data-id=\"434\" data-link=\"http:\/\/lichri.radeln-in-den-sonnenaufgang.de\/?attachment_id=434\" class=\"wp-image-434\" srcset=\"http:\/\/lichri.radeln-in-den-sonnenaufgang.de\/wp-content\/uploads\/2019\/07\/IMG_8484_compress32-1024x683.jpg 1024w, http:\/\/lichri.radeln-in-den-sonnenaufgang.de\/wp-content\/uploads\/2019\/07\/IMG_8484_compress32-300x200.jpg 300w, http:\/\/lichri.radeln-in-den-sonnenaufgang.de\/wp-content\/uploads\/2019\/07\/IMG_8484_compress32-768x512.jpg 768w, http:\/\/lichri.radeln-in-den-sonnenaufgang.de\/wp-content\/uploads\/2019\/07\/IMG_8484_compress32.jpg 1296w\" sizes=\"(max-width: 767px) 89vw, (max-width: 1000px) 54vw, (max-width: 1071px) 543px, 580px\" \/><\/figure><\/li><li class=\"blocks-gallery-item\"><figure><img decoding=\"async\" loading=\"lazy\" width=\"1024\" height=\"683\" src=\"http:\/\/lichri.radeln-in-den-sonnenaufgang.de\/wp-content\/uploads\/2019\/07\/IMG_8488_compress41-1024x683.jpg\" alt=\"\" data-id=\"435\" data-link=\"http:\/\/lichri.radeln-in-den-sonnenaufgang.de\/?attachment_id=435\" class=\"wp-image-435\" srcset=\"http:\/\/lichri.radeln-in-den-sonnenaufgang.de\/wp-content\/uploads\/2019\/07\/IMG_8488_compress41-1024x683.jpg 1024w, http:\/\/lichri.radeln-in-den-sonnenaufgang.de\/wp-content\/uploads\/2019\/07\/IMG_8488_compress41-300x200.jpg 300w, http:\/\/lichri.radeln-in-den-sonnenaufgang.de\/wp-content\/uploads\/2019\/07\/IMG_8488_compress41-768x512.jpg 768w, http:\/\/lichri.radeln-in-den-sonnenaufgang.de\/wp-content\/uploads\/2019\/07\/IMG_8488_compress41.jpg 1296w\" sizes=\"(max-width: 767px) 89vw, (max-width: 1000px) 54vw, (max-width: 1071px) 543px, 580px\" \/><\/figure><\/li><li class=\"blocks-gallery-item\"><figure><img decoding=\"async\" loading=\"lazy\" width=\"1024\" height=\"683\" src=\"http:\/\/lichri.radeln-in-den-sonnenaufgang.de\/wp-content\/uploads\/2019\/07\/IMG_8493_compress1-1024x683.jpg\" alt=\"\" data-id=\"436\" data-link=\"http:\/\/lichri.radeln-in-den-sonnenaufgang.de\/?attachment_id=436\" class=\"wp-image-436\" srcset=\"http:\/\/lichri.radeln-in-den-sonnenaufgang.de\/wp-content\/uploads\/2019\/07\/IMG_8493_compress1-1024x683.jpg 1024w, http:\/\/lichri.radeln-in-den-sonnenaufgang.de\/wp-content\/uploads\/2019\/07\/IMG_8493_compress1-300x200.jpg 300w, http:\/\/lichri.radeln-in-den-sonnenaufgang.de\/wp-content\/uploads\/2019\/07\/IMG_8493_compress1-768x512.jpg 768w, http:\/\/lichri.radeln-in-den-sonnenaufgang.de\/wp-content\/uploads\/2019\/07\/IMG_8493_compress1.jpg 1296w\" sizes=\"(max-width: 767px) 89vw, (max-width: 1000px) 54vw, (max-width: 1071px) 543px, 580px\" \/><\/figure><\/li><\/ul>\n\n\n\n<p><br> Nat\u00fcrlich kamen wir auch an den Platz vor der Eremitage und kreuzten einige st\u00e4dtische Sehensw\u00fcrdigkeiten, Kirchen und die Festungsinsel Peter&amp;Paul. Mehr Zeit verbrachten wir allerdings auf der sch\u00f6nen kleinen Freizeitinsel New Holland mit ihrer Kunstschule, der Butylka (\u00abFlasche\u00bb) und den darin befindlichen Design-St\u00fcbchen, Restaurants und Bars. Wir fuhren Metro, was bereits hier in St. Petersburg beeindruckend war, in Moskau jedoch nochmal getoppt werden w\u00fcrde. <\/p>\n\n\n\n<figure class=\"wp-block-image\"><img decoding=\"async\" loading=\"lazy\" width=\"683\" height=\"1024\" src=\"http:\/\/lichri.radeln-in-den-sonnenaufgang.de\/wp-content\/uploads\/2019\/07\/IMG_8512_compress16-e1563025066783-683x1024.jpg\" alt=\"\" class=\"wp-image-437\" srcset=\"http:\/\/lichri.radeln-in-den-sonnenaufgang.de\/wp-content\/uploads\/2019\/07\/IMG_8512_compress16-e1563025066783-683x1024.jpg 683w, http:\/\/lichri.radeln-in-den-sonnenaufgang.de\/wp-content\/uploads\/2019\/07\/IMG_8512_compress16-e1563025066783-200x300.jpg 200w, http:\/\/lichri.radeln-in-den-sonnenaufgang.de\/wp-content\/uploads\/2019\/07\/IMG_8512_compress16-e1563025066783-768x1152.jpg 768w, http:\/\/lichri.radeln-in-den-sonnenaufgang.de\/wp-content\/uploads\/2019\/07\/IMG_8512_compress16-e1563025066783.jpg 864w\" sizes=\"(max-width: 683px) 100vw, 683px\" \/><\/figure>\n\n\n\n<figure class=\"wp-block-image\"><img decoding=\"async\" loading=\"lazy\" width=\"1024\" height=\"683\" src=\"http:\/\/lichri.radeln-in-den-sonnenaufgang.de\/wp-content\/uploads\/2019\/07\/IMG_8546_compress68-1024x683.jpg\" alt=\"\" class=\"wp-image-438\" srcset=\"http:\/\/lichri.radeln-in-den-sonnenaufgang.de\/wp-content\/uploads\/2019\/07\/IMG_8546_compress68-1024x683.jpg 1024w, http:\/\/lichri.radeln-in-den-sonnenaufgang.de\/wp-content\/uploads\/2019\/07\/IMG_8546_compress68-300x200.jpg 300w, http:\/\/lichri.radeln-in-den-sonnenaufgang.de\/wp-content\/uploads\/2019\/07\/IMG_8546_compress68-768x512.jpg 768w, http:\/\/lichri.radeln-in-den-sonnenaufgang.de\/wp-content\/uploads\/2019\/07\/IMG_8546_compress68.jpg 1296w\" sizes=\"(max-width: 767px) 89vw, (max-width: 1000px) 54vw, (max-width: 1071px) 543px, 580px\" \/><\/figure>\n\n\n\n<figure class=\"wp-block-image\"><img decoding=\"async\" loading=\"lazy\" width=\"768\" height=\"1024\" src=\"http:\/\/lichri.radeln-in-den-sonnenaufgang.de\/wp-content\/uploads\/2019\/07\/DSC_1417_compress30-1-e1563025211179-768x1024.jpg\" alt=\"\" class=\"wp-image-439\" srcset=\"http:\/\/lichri.radeln-in-den-sonnenaufgang.de\/wp-content\/uploads\/2019\/07\/DSC_1417_compress30-1-e1563025211179-768x1024.jpg 768w, http:\/\/lichri.radeln-in-den-sonnenaufgang.de\/wp-content\/uploads\/2019\/07\/DSC_1417_compress30-1-e1563025211179-225x300.jpg 225w, http:\/\/lichri.radeln-in-den-sonnenaufgang.de\/wp-content\/uploads\/2019\/07\/DSC_1417_compress30-1-e1563025211179.jpg 984w\" sizes=\"(max-width: 767px) 89vw, (max-width: 1000px) 54vw, (max-width: 1071px) 543px, 580px\" \/><figcaption>Prunkvoll &#8211; das beschreibt diese, von Peter dem Gro\u00dfen mit dem Blut Tausender angelegte Stadt<\/figcaption><\/figure>\n\n\n\n<figure class=\"wp-block-image\"><img decoding=\"async\" loading=\"lazy\" width=\"576\" height=\"1024\" src=\"http:\/\/lichri.radeln-in-den-sonnenaufgang.de\/wp-content\/uploads\/2019\/07\/DSC_1613_compress32-e1563025362815-576x1024.jpg\" alt=\"\" class=\"wp-image-440\" srcset=\"http:\/\/lichri.radeln-in-den-sonnenaufgang.de\/wp-content\/uploads\/2019\/07\/DSC_1613_compress32-e1563025362815-576x1024.jpg 576w, http:\/\/lichri.radeln-in-den-sonnenaufgang.de\/wp-content\/uploads\/2019\/07\/DSC_1613_compress32-e1563025362815-169x300.jpg 169w, http:\/\/lichri.radeln-in-den-sonnenaufgang.de\/wp-content\/uploads\/2019\/07\/DSC_1613_compress32-e1563025362815.jpg 720w\" sizes=\"(max-width: 576px) 100vw, 576px\" \/><figcaption>Na, wer erkennt ihn?<\/figcaption><\/figure>\n\n\n\n<ul class=\"is-layout-flex wp-block-gallery-5 wp-block-gallery columns-3 is-cropped\"><li class=\"blocks-gallery-item\"><figure><img decoding=\"async\" src=\"http:\/\/lichri.radeln-in-den-sonnenaufgang.de\/wp-content\/uploads\/2019\/07\/DSC_1404-1024x576.jpg\" alt=\"\" data-id=\"441\" class=\"wp-image-441\"\/><\/figure><\/li><li class=\"blocks-gallery-item\"><figure><img decoding=\"async\" loading=\"lazy\" width=\"1024\" height=\"768\" src=\"http:\/\/lichri.radeln-in-den-sonnenaufgang.de\/wp-content\/uploads\/2019\/07\/DSC_1406-1024x768.jpg\" alt=\"\" data-id=\"442\" data-link=\"http:\/\/lichri.radeln-in-den-sonnenaufgang.de\/?attachment_id=442\" class=\"wp-image-442\" srcset=\"http:\/\/lichri.radeln-in-den-sonnenaufgang.de\/wp-content\/uploads\/2019\/07\/DSC_1406-1024x768.jpg 1024w, http:\/\/lichri.radeln-in-den-sonnenaufgang.de\/wp-content\/uploads\/2019\/07\/DSC_1406-300x225.jpg 300w, http:\/\/lichri.radeln-in-den-sonnenaufgang.de\/wp-content\/uploads\/2019\/07\/DSC_1406-768x576.jpg 768w\" sizes=\"(max-width: 767px) 89vw, (max-width: 1000px) 54vw, (max-width: 1071px) 543px, 580px\" \/><\/figure><\/li><li class=\"blocks-gallery-item\"><figure><img decoding=\"async\" loading=\"lazy\" width=\"1024\" height=\"768\" src=\"http:\/\/lichri.radeln-in-den-sonnenaufgang.de\/wp-content\/uploads\/2019\/07\/DSC_1387_compress60-1024x768.jpg\" alt=\"\" data-id=\"448\" data-link=\"http:\/\/lichri.radeln-in-den-sonnenaufgang.de\/?attachment_id=448\" class=\"wp-image-448\" srcset=\"http:\/\/lichri.radeln-in-den-sonnenaufgang.de\/wp-content\/uploads\/2019\/07\/DSC_1387_compress60-1024x768.jpg 1024w, http:\/\/lichri.radeln-in-den-sonnenaufgang.de\/wp-content\/uploads\/2019\/07\/DSC_1387_compress60-300x225.jpg 300w, http:\/\/lichri.radeln-in-den-sonnenaufgang.de\/wp-content\/uploads\/2019\/07\/DSC_1387_compress60-768x576.jpg 768w, http:\/\/lichri.radeln-in-den-sonnenaufgang.de\/wp-content\/uploads\/2019\/07\/DSC_1387_compress60.jpg 1312w\" sizes=\"(max-width: 767px) 89vw, (max-width: 1000px) 54vw, (max-width: 1071px) 543px, 580px\" \/><\/figure><\/li><\/ul>\n\n\n\n<figure class=\"wp-block-image\"><img decoding=\"async\" loading=\"lazy\" width=\"1024\" height=\"768\" src=\"http:\/\/lichri.radeln-in-den-sonnenaufgang.de\/wp-content\/uploads\/2019\/07\/DSC_1441-1024x768.jpg\" alt=\"\" class=\"wp-image-443\" srcset=\"http:\/\/lichri.radeln-in-den-sonnenaufgang.de\/wp-content\/uploads\/2019\/07\/DSC_1441-1024x768.jpg 1024w, http:\/\/lichri.radeln-in-den-sonnenaufgang.de\/wp-content\/uploads\/2019\/07\/DSC_1441-300x225.jpg 300w, http:\/\/lichri.radeln-in-den-sonnenaufgang.de\/wp-content\/uploads\/2019\/07\/DSC_1441-768x576.jpg 768w\" sizes=\"(max-width: 767px) 89vw, (max-width: 1000px) 54vw, (max-width: 1071px) 543px, 580px\" \/><figcaption>Ziemlich tief&#8230;<\/figcaption><\/figure>\n\n\n\n<figure class=\"wp-block-image\"><img decoding=\"async\" loading=\"lazy\" width=\"1024\" height=\"768\" src=\"http:\/\/lichri.radeln-in-den-sonnenaufgang.de\/wp-content\/uploads\/2019\/07\/DSC_1490_compress37-1024x768.jpg\" alt=\"\" class=\"wp-image-451\" srcset=\"http:\/\/lichri.radeln-in-den-sonnenaufgang.de\/wp-content\/uploads\/2019\/07\/DSC_1490_compress37-1024x768.jpg 1024w, http:\/\/lichri.radeln-in-den-sonnenaufgang.de\/wp-content\/uploads\/2019\/07\/DSC_1490_compress37-300x225.jpg 300w, http:\/\/lichri.radeln-in-den-sonnenaufgang.de\/wp-content\/uploads\/2019\/07\/DSC_1490_compress37-768x576.jpg 768w, http:\/\/lichri.radeln-in-den-sonnenaufgang.de\/wp-content\/uploads\/2019\/07\/DSC_1490_compress37.jpg 1312w\" sizes=\"(max-width: 767px) 89vw, (max-width: 1000px) 54vw, (max-width: 1071px) 543px, 580px\" \/><figcaption>&#8230; ziemlich schick! <\/figcaption><\/figure>\n\n\n\n<p>Wir fuhren sicher 35 bis 40 Meter auf steilen Rolltreppen in die Tiefe hinab, unterhalb des Meeresspiegels, wo aufw\u00e4ndig dekorierte, Mamorget\u00e4felte W\u00e4nde und Fu\u00dfb\u00f6den richtige Pl\u00e4tze zwischen den Glei\u00dfen bildeten. Und wir fuhren Achterbahn. \ud83d\ude00 Nicht in der Metro, nein, tats\u00e4chlich Achterbahn! Bereits als wir am Tag unsere Ankunft am offenen Freizeitpark \u00f6stlich des Fu\u00dfballstadions vorbeifuhren, konnte ich nur mit M\u00fche widerstehen, mich direkt in die Schlangen vor den Top-Attraktionen einzureihen. Schlie\u00dflich konnte ich Lisa doch noch \u00fcberzeugen, mich in eine Achterbahn zu begleiten, die man praktischweise einzeln zahlen kann. Es war ein kurzes, aber ein richtig sch\u00f6nes, kindliches Freudenerlebnis, so dahinzurasen, durchgesch\u00fcttelt zu werden und sich hei\u00dfer zu Schreien. \ud83d\ude42<\/p>\n\n\n\n<figure class=\"wp-block-image\"><img decoding=\"async\" loading=\"lazy\" width=\"1024\" height=\"768\" src=\"http:\/\/lichri.radeln-in-den-sonnenaufgang.de\/wp-content\/uploads\/2019\/07\/DSC_1492_compress74-1024x768.jpg\" alt=\"\" class=\"wp-image-447\" srcset=\"http:\/\/lichri.radeln-in-den-sonnenaufgang.de\/wp-content\/uploads\/2019\/07\/DSC_1492_compress74-1024x768.jpg 1024w, http:\/\/lichri.radeln-in-den-sonnenaufgang.de\/wp-content\/uploads\/2019\/07\/DSC_1492_compress74-300x225.jpg 300w, http:\/\/lichri.radeln-in-den-sonnenaufgang.de\/wp-content\/uploads\/2019\/07\/DSC_1492_compress74-768x576.jpg 768w, http:\/\/lichri.radeln-in-den-sonnenaufgang.de\/wp-content\/uploads\/2019\/07\/DSC_1492_compress74.jpg 1312w\" sizes=\"(max-width: 767px) 89vw, (max-width: 1000px) 54vw, (max-width: 1071px) 543px, 580px\" \/><\/figure>\n\n\n\n<p><br> Als wir uns schlie\u00dflich am Montag aufmachten, doch noch eine Sehensw\u00fcrdigkeit der Stadt \u2013 oder besser gesagt: DIE Sehensw\u00fcrdigkeit der Stadt \u2013 zu erkunden, mussten wir leider vor Ort feststellen, dass die Erimitage ausgerechnet am Montag geschlossen bleibt\u2026 Der Frust war enorm und vor allem ich war eine ganz Weile stinkig. Nach einem guten Essen in der Butylka (Miso-Suppe mit Buchweizen-Nudeln und Tofu, Veggie-Sushi und Israeli-Cheesecake ging es mir dann aber doch wieder besser). Wir gingen noch einkaufen, backten Pfannenkuchen und brachen, gl\u00fccklicherweise in Begleitung Maksims, schlie\u00dfich zu unserem Nachtzug nach Moskau auf. <\/p>\n\n\n\n<p>Zugfahrt Nr. 1<br> Es ist wirklich furchtbar anstrengend, sein Rad in einen Russischen Zug zu bekommen. Erst die Sicherheitskontrollen, die an allen Metro- und Bahnstationen durchgef\u00fchrt werden, inklusive Durchleuchten des Gep\u00e4cks, und dann auch noch ewige Diskussionen mit dem uneinsichtigen Zugpersonal, welches sich weigert, ein ganzes Fahrrad \u2013 trotz Anmeldung \u2013 als Gep\u00e4ck in den Gep\u00e4ckwagen zu lassen. Maksim versuchte alles, doch am Ende war es die Panik und ein Moment der Unachtsamkeit des Personals, die uns retteten. Wir stellten die R\u00e4der hochkant in den Eingang des Gep\u00e4ckwagens und machten uns gerade daran unsere Taschen zusammen zu suchen und in unseren Wagen zu bringen, als die Schaffnerin zur\u00fcckkam und uns \u2013 sichtlich gestresst und etwas panisch \u2013 dann doch gew\u00e4hren lie\u00df. Eine feste Umarmung Maksims auf dem Bahnsteig, wo er uns noch ein paar M\u00fclls\u00e4cke organisierte und ab ging die Fahrt \u2013 unsere Erste Fahrt mit der russischen Eisenbahn und in einem Nachtzug. <\/p>\n\n\n\n<p> Die Abteile waren rappelvoll, insbesondere die offenen Schlafabteile der 3. Klasse, in denen auch wir unsere Betten bezogen. Wir hatten kurz Sorge, das Gep\u00e4ck w\u00fcrde nicht in die Ablagen passen, doch letzendlich hatten wir unsere 10 Fahrradtaschen und den Packsack \u00fcber unseren Liegen verstaut bekommen. Es folgte eine unruhige Nacht, in der wir wiederholt aufwachten, um auf die Uhr zu sehen. Schlie\u00dflich w\u00fcrden wir fr\u00fchmorgens in Moskau ankommen und dies w\u00fcrde nicht die Endstation unseres Zuges sein. Und wir hatten noch die R\u00e4der. <br> Wir beeilten uns sehr am Morgen aus dem Zug zu kommen, stellten dann aber w\u00e4hrend unseres Fr\u00fchst\u00fccks auf dem Bahnsteig fest, dass wir uns fast eine halbe Stunde h\u00e4tten Zeit lassen k\u00f6nnen. Erst dann machte sich der Zug wieder auf den weiten Weg nach Anapa. <\/p>\n\n\n\n<p>Moskau<br> Wir bauten unsere R\u00e4der wieder zusammen und bepackten sie. Dann ging es auf in die Stadt. Lisa hatte sich w\u00e4hrend des Fr\u00fchst\u00fccks noch \u00fcber die Sehensw\u00fcrdigkeiten belesen, doch wir steuerten erst mal den Radladen an, in dem Pavel \u2013 unser n\u00e4chster WarmShowers-Gastgeber \u2013 arbeitet und uns erwarten w\u00fcrde. Als wir sicher waren, dass wir ihn sp\u00e4ter finden w\u00fcrden, \u00fcberredete ich Lisa, die R\u00e4der noch bis auf den Roten Platz mit zu nehmen, um noch ein Foto mit unserer Ausr\u00fcstung an diesem Etappenziel zu machen. <\/p>\n\n\n\n<figure class=\"wp-block-image\"><img decoding=\"async\" loading=\"lazy\" width=\"1024\" height=\"575\" src=\"http:\/\/lichri.radeln-in-den-sonnenaufgang.de\/wp-content\/uploads\/2019\/07\/IMG_8670_compress95-1024x575.jpg\" alt=\"\" class=\"wp-image-404\" srcset=\"http:\/\/lichri.radeln-in-den-sonnenaufgang.de\/wp-content\/uploads\/2019\/07\/IMG_8670_compress95-1024x575.jpg 1024w, http:\/\/lichri.radeln-in-den-sonnenaufgang.de\/wp-content\/uploads\/2019\/07\/IMG_8670_compress95-300x169.jpg 300w, http:\/\/lichri.radeln-in-den-sonnenaufgang.de\/wp-content\/uploads\/2019\/07\/IMG_8670_compress95-768x431.jpg 768w, http:\/\/lichri.radeln-in-den-sonnenaufgang.de\/wp-content\/uploads\/2019\/07\/IMG_8670_compress95.jpg 1296w\" sizes=\"(max-width: 767px) 89vw, (max-width: 1000px) 54vw, (max-width: 1071px) 543px, 580px\" \/><figcaption>Adam und Ana halfen uns, das Erreichen unseres Etappenziels geb\u00fchrend abzulichten!<\/figcaption><\/figure>\n\n\n\n<p>Zwischen Kreml und den Zwiebelt\u00fcrmen der Basilika lernten wir Adam und Ana kennen, die ebenfalls auf je zwei R\u00e4dern aus Deutschland nach St. Petersburg gekommen waren \u2013 wenngleich motorisiert. \ud83d\ude09 Wir plauderten sicher zwei Stunden, bevor wir wieder zum Radladen unseres Hosts zur\u00fcckradelten. Pavel, ein sehr liebenswerter Mann um die 50 Jahre, empfing uns im Eingang seines Workshops und f\u00fchrte uns nach einer freudigen Begr\u00fc\u00dfung mit Taschen und R\u00e4dern in das Kellergeschoss des im Hinterhof gelegenen Werkst\u00e4ttchens. Hier gab es noch einen Radladen, der zudem Caf\u00e9, Tee und Spiele verkaufte, um sich im Winter \u00fcber Wasser zu halten. Hinter einem anschlie\u00dfendem Cycling-Trainingsraum mit riesigen Bildschirmen konnten wir am Ende eines dunklen Korridores unsere Packtaschen und R\u00e4der abstellen. Sie w\u00fcrden bis zur Abreise aus Moskau hier bleiben, was uns erm\u00f6glichte mit dem N\u00f6tigsten durch die Stadt und zu Pavel und seiner Frau zu fahren. Wir drehten noch eine Runde im GUM, dem surrealen Schicki-Micki-Kaufhaus mit seinem altehrw\u00fcrdigen Handels-Arkaden Flair, drehten, erneute \u00fcber den roten Platz schlenderten und den neuen und neumodischen Park an der Moskva erkundeten. <\/p>\n\n\n\n<figure class=\"wp-block-image\"><img decoding=\"async\" loading=\"lazy\" width=\"1024\" height=\"683\" src=\"http:\/\/lichri.radeln-in-den-sonnenaufgang.de\/wp-content\/uploads\/2019\/07\/IMG_8712_compress18-1024x683.jpg\" alt=\"\" class=\"wp-image-455\" srcset=\"http:\/\/lichri.radeln-in-den-sonnenaufgang.de\/wp-content\/uploads\/2019\/07\/IMG_8712_compress18-1024x683.jpg 1024w, http:\/\/lichri.radeln-in-den-sonnenaufgang.de\/wp-content\/uploads\/2019\/07\/IMG_8712_compress18-300x200.jpg 300w, http:\/\/lichri.radeln-in-den-sonnenaufgang.de\/wp-content\/uploads\/2019\/07\/IMG_8712_compress18-768x512.jpg 768w, http:\/\/lichri.radeln-in-den-sonnenaufgang.de\/wp-content\/uploads\/2019\/07\/IMG_8712_compress18.jpg 1296w\" sizes=\"(max-width: 767px) 89vw, (max-width: 1000px) 54vw, (max-width: 1071px) 543px, 580px\" \/><\/figure>\n\n\n\n<ul class=\"is-layout-flex wp-block-gallery-7 wp-block-gallery columns-3 is-cropped\"><li class=\"blocks-gallery-item\"><figure><img decoding=\"async\" loading=\"lazy\" width=\"768\" height=\"1024\" src=\"http:\/\/lichri.radeln-in-den-sonnenaufgang.de\/wp-content\/uploads\/2019\/07\/DSC_1657_compress47-e1563029517145-768x1024.jpg\" alt=\"\" data-id=\"459\" data-link=\"http:\/\/lichri.radeln-in-den-sonnenaufgang.de\/?attachment_id=459\" class=\"wp-image-459\" srcset=\"http:\/\/lichri.radeln-in-den-sonnenaufgang.de\/wp-content\/uploads\/2019\/07\/DSC_1657_compress47-e1563029517145-768x1024.jpg 768w, http:\/\/lichri.radeln-in-den-sonnenaufgang.de\/wp-content\/uploads\/2019\/07\/DSC_1657_compress47-e1563029517145-225x300.jpg 225w, http:\/\/lichri.radeln-in-den-sonnenaufgang.de\/wp-content\/uploads\/2019\/07\/DSC_1657_compress47-e1563029517145.jpg 984w\" sizes=\"(max-width: 767px) 89vw, (max-width: 1000px) 54vw, (max-width: 1071px) 543px, 580px\" \/><\/figure><\/li><li class=\"blocks-gallery-item\"><figure><img decoding=\"async\" loading=\"lazy\" width=\"683\" height=\"1024\" src=\"http:\/\/lichri.radeln-in-den-sonnenaufgang.de\/wp-content\/uploads\/2019\/07\/IMG_8687_compress97-e1563029400823-683x1024.jpg\" alt=\"\" data-id=\"458\" data-link=\"http:\/\/lichri.radeln-in-den-sonnenaufgang.de\/?attachment_id=458\" class=\"wp-image-458\" srcset=\"http:\/\/lichri.radeln-in-den-sonnenaufgang.de\/wp-content\/uploads\/2019\/07\/IMG_8687_compress97-e1563029400823-683x1024.jpg 683w, http:\/\/lichri.radeln-in-den-sonnenaufgang.de\/wp-content\/uploads\/2019\/07\/IMG_8687_compress97-e1563029400823-200x300.jpg 200w, http:\/\/lichri.radeln-in-den-sonnenaufgang.de\/wp-content\/uploads\/2019\/07\/IMG_8687_compress97-e1563029400823-768x1152.jpg 768w, http:\/\/lichri.radeln-in-den-sonnenaufgang.de\/wp-content\/uploads\/2019\/07\/IMG_8687_compress97-e1563029400823.jpg 864w\" sizes=\"(max-width: 683px) 100vw, 683px\" \/><\/figure><\/li><li class=\"blocks-gallery-item\"><figure><img decoding=\"async\" loading=\"lazy\" width=\"1024\" height=\"768\" src=\"http:\/\/lichri.radeln-in-den-sonnenaufgang.de\/wp-content\/uploads\/2019\/07\/DSC_1646_compress15-1024x768.jpg\" alt=\"\" data-id=\"457\" data-link=\"http:\/\/lichri.radeln-in-den-sonnenaufgang.de\/?attachment_id=457\" class=\"wp-image-457\" srcset=\"http:\/\/lichri.radeln-in-den-sonnenaufgang.de\/wp-content\/uploads\/2019\/07\/DSC_1646_compress15-1024x768.jpg 1024w, http:\/\/lichri.radeln-in-den-sonnenaufgang.de\/wp-content\/uploads\/2019\/07\/DSC_1646_compress15-300x225.jpg 300w, http:\/\/lichri.radeln-in-den-sonnenaufgang.de\/wp-content\/uploads\/2019\/07\/DSC_1646_compress15-768x576.jpg 768w, http:\/\/lichri.radeln-in-den-sonnenaufgang.de\/wp-content\/uploads\/2019\/07\/DSC_1646_compress15.jpg 1312w\" sizes=\"(max-width: 767px) 89vw, (max-width: 1000px) 54vw, (max-width: 1071px) 543px, 580px\" \/><\/figure><\/li><\/ul>\n\n\n\n<p>Wir kontaktierten Dickon, den Radreisenden aus Wales, den wir in Finnland kennenlernten, und hatten das grandiose vergn\u00fcgen, ihn in einem abgelegenen Caf\u00e9 wiederzutreffen. Hier gab es neben Fritz-Cola und Wostok-Limo aus Deutschland auch selbstgemachte, unglaublich gute Croissants \u2013 und Sergey. Wir unterhielten uns lange und angeregt, bis Dickon schlie\u00dflich los musste, um sich f\u00fcr die Abreise mit der Transsib von Moskau nach Ulan Bator in einem St\u00fcck (6 Tage\/ 1. Klasse) am Abend vorzubereiten. So kam es, dass wir mit Sergey zu dritt weiterzogen und in den Genuss einer der sch\u00f6nsten Bekanntschaften auf unserer Reise kamen. Offenherzig und enthusiastisch, wie ich es nie erwartet h\u00e4tte, lie\u00df er sich von unseren Reisevorhaben begeistern und lud uns ein, den Tag und den kommenden mit ihm zu verbringen. Er wollte uns alles zeigen und somit Teil unserer \u00ababsolut verr\u00fcckten Reise\u00bb zu werden. \ud83d\ude42 Wir nahmen dankend an und so kam es, dass wir nicht nur den restlichen Abend, sondern auch den kommenden Nachmittag mit ihm verbrachten. <\/p>\n\n\n\n<figure class=\"wp-block-image\"><img decoding=\"async\" loading=\"lazy\" width=\"683\" height=\"1024\" src=\"http:\/\/lichri.radeln-in-den-sonnenaufgang.de\/wp-content\/uploads\/2019\/07\/IMG_8746_compress84-e1563029945606-683x1024.jpg\" alt=\"\" class=\"wp-image-460\" srcset=\"http:\/\/lichri.radeln-in-den-sonnenaufgang.de\/wp-content\/uploads\/2019\/07\/IMG_8746_compress84-e1563029945606-683x1024.jpg 683w, http:\/\/lichri.radeln-in-den-sonnenaufgang.de\/wp-content\/uploads\/2019\/07\/IMG_8746_compress84-e1563029945606-200x300.jpg 200w, http:\/\/lichri.radeln-in-den-sonnenaufgang.de\/wp-content\/uploads\/2019\/07\/IMG_8746_compress84-e1563029945606-768x1152.jpg 768w, http:\/\/lichri.radeln-in-den-sonnenaufgang.de\/wp-content\/uploads\/2019\/07\/IMG_8746_compress84-e1563029945606.jpg 864w\" sizes=\"(max-width: 683px) 100vw, 683px\" \/><figcaption>Das ist ein verr\u00fcckter Verkehr in dieser Millionenmetropole!<\/figcaption><\/figure>\n\n\n\n<ul class=\"is-layout-flex wp-block-gallery-9 wp-block-gallery columns-3 is-cropped\"><li class=\"blocks-gallery-item\"><figure><img decoding=\"async\" loading=\"lazy\" width=\"1024\" height=\"683\" src=\"http:\/\/lichri.radeln-in-den-sonnenaufgang.de\/wp-content\/uploads\/2019\/07\/IMG_8731_compress0-1024x683.jpg\" alt=\"\" data-id=\"461\" data-link=\"http:\/\/lichri.radeln-in-den-sonnenaufgang.de\/?attachment_id=461\" class=\"wp-image-461\" srcset=\"http:\/\/lichri.radeln-in-den-sonnenaufgang.de\/wp-content\/uploads\/2019\/07\/IMG_8731_compress0-1024x683.jpg 1024w, http:\/\/lichri.radeln-in-den-sonnenaufgang.de\/wp-content\/uploads\/2019\/07\/IMG_8731_compress0-300x200.jpg 300w, http:\/\/lichri.radeln-in-den-sonnenaufgang.de\/wp-content\/uploads\/2019\/07\/IMG_8731_compress0-768x512.jpg 768w, http:\/\/lichri.radeln-in-den-sonnenaufgang.de\/wp-content\/uploads\/2019\/07\/IMG_8731_compress0.jpg 1296w\" sizes=\"(max-width: 767px) 89vw, (max-width: 1000px) 54vw, (max-width: 1071px) 543px, 580px\" \/><\/figure><\/li><li class=\"blocks-gallery-item\"><figure><img decoding=\"async\" loading=\"lazy\" width=\"1024\" height=\"683\" src=\"http:\/\/lichri.radeln-in-den-sonnenaufgang.de\/wp-content\/uploads\/2019\/07\/IMG_8741_compress62-1024x683.jpg\" alt=\"\" data-id=\"463\" data-link=\"http:\/\/lichri.radeln-in-den-sonnenaufgang.de\/?attachment_id=463\" class=\"wp-image-463\" srcset=\"http:\/\/lichri.radeln-in-den-sonnenaufgang.de\/wp-content\/uploads\/2019\/07\/IMG_8741_compress62-1024x683.jpg 1024w, http:\/\/lichri.radeln-in-den-sonnenaufgang.de\/wp-content\/uploads\/2019\/07\/IMG_8741_compress62-300x200.jpg 300w, http:\/\/lichri.radeln-in-den-sonnenaufgang.de\/wp-content\/uploads\/2019\/07\/IMG_8741_compress62-768x512.jpg 768w, http:\/\/lichri.radeln-in-den-sonnenaufgang.de\/wp-content\/uploads\/2019\/07\/IMG_8741_compress62.jpg 1296w\" sizes=\"(max-width: 767px) 89vw, (max-width: 1000px) 54vw, (max-width: 1071px) 543px, 580px\" \/><\/figure><\/li><li class=\"blocks-gallery-item\"><figure><img decoding=\"async\" loading=\"lazy\" width=\"1024\" height=\"683\" src=\"http:\/\/lichri.radeln-in-den-sonnenaufgang.de\/wp-content\/uploads\/2019\/07\/IMG_8760_compress22-1024x683.jpg\" alt=\"\" data-id=\"462\" data-link=\"http:\/\/lichri.radeln-in-den-sonnenaufgang.de\/?attachment_id=462\" class=\"wp-image-462\" srcset=\"http:\/\/lichri.radeln-in-den-sonnenaufgang.de\/wp-content\/uploads\/2019\/07\/IMG_8760_compress22-1024x683.jpg 1024w, http:\/\/lichri.radeln-in-den-sonnenaufgang.de\/wp-content\/uploads\/2019\/07\/IMG_8760_compress22-300x200.jpg 300w, http:\/\/lichri.radeln-in-den-sonnenaufgang.de\/wp-content\/uploads\/2019\/07\/IMG_8760_compress22-768x512.jpg 768w, http:\/\/lichri.radeln-in-den-sonnenaufgang.de\/wp-content\/uploads\/2019\/07\/IMG_8760_compress22.jpg 1296w\" sizes=\"(max-width: 767px) 89vw, (max-width: 1000px) 54vw, (max-width: 1071px) 543px, 580px\" \/><\/figure><\/li><\/ul>\n\n\n\n<figure class=\"wp-block-image\"><img decoding=\"async\" loading=\"lazy\" width=\"1024\" height=\"683\" src=\"http:\/\/lichri.radeln-in-den-sonnenaufgang.de\/wp-content\/uploads\/2019\/07\/IMG_8744_compress21-1024x683.jpg\" alt=\"\" class=\"wp-image-464\" srcset=\"http:\/\/lichri.radeln-in-den-sonnenaufgang.de\/wp-content\/uploads\/2019\/07\/IMG_8744_compress21-1024x683.jpg 1024w, http:\/\/lichri.radeln-in-den-sonnenaufgang.de\/wp-content\/uploads\/2019\/07\/IMG_8744_compress21-300x200.jpg 300w, http:\/\/lichri.radeln-in-den-sonnenaufgang.de\/wp-content\/uploads\/2019\/07\/IMG_8744_compress21-768x512.jpg 768w, http:\/\/lichri.radeln-in-den-sonnenaufgang.de\/wp-content\/uploads\/2019\/07\/IMG_8744_compress21.jpg 1296w\" sizes=\"(max-width: 767px) 89vw, (max-width: 1000px) 54vw, (max-width: 1071px) 543px, 580px\" \/><\/figure>\n\n\n\n<p>Sergey ist Koch, Manager und Kampfsportler und seit kurzer Zeit sein eigener Herr, was es ihm erm\u00f6glicht mit gutem Auskommen und viel Freizeit \u00fcber die Runden zu kommen. Aufgrund seines anstehenden Jiu-Jitsu-Wettkampfes am Wochenende versucht er aktuell sein Gewicht unter die Grenze zur n\u00e4chst-leichteren Gewichtsklasse zu bringen \u2013 und wir halfen ihm dabei durch die Ablenkung die wir ihm boten, nicht zu viel an Essen und trinken zu denken. Er ist wirklich ein unglaublich zuvorkommender und gro\u00dfz\u00fcgiger Mensch. Er half uns mit dem Ticket und lud uns schlie\u00dflich sogar zum Essen ein. Er meinte w\u00f6rtlich, dass wir ihn nicht besiegen w\u00fcrden, sollten wir versuchen selbst zu bezahlen oder ihn einzuladen. \ud83d\ude09 <br> Apropos wundervolle Menschen: Auch Pavel, seine Frau Tania und seine Kollegen \u2013 insbesondere Faiz aus Uzbekistan \u2013 waren sehr gut zu uns, was ich ihnen nie vergessen will! So wurde uns in der Fahrradwerkstatt Kaffee und Tee gemacht, Faiz scherzte per Google-Translator mit Lisa und schenkte ihr N\u00fcsse und extrem-salzigen uzbekistanischen K\u00e4se f\u00fcr die Fahrt, Tania kochte Spaghetti f\u00fcr uns und gab uns ein Bett zwischen drei rie\u00dfigen, lebendigen Flauschekatzen im Kinderzimmer ihrer Tochter und Pavel beriet und unterst\u00fctzte uns nicht nur beim Planen der Route und mit Anekdoten zur Radreise durch Vietnam und Thailand. Er zog sogar am Abend der Abreise extra nochmal los, um uns einen Maulschl\u00fcssel f\u00fcr Lisas Vorderrad zu besorgen, den wir f\u00fcr die Demontage der R\u00e4der am Bahnhof brauchen w\u00fcrden. <\/p>\n\n\n\n<figure class=\"wp-block-image\"><img decoding=\"async\" loading=\"lazy\" width=\"1024\" height=\"768\" src=\"http:\/\/lichri.radeln-in-den-sonnenaufgang.de\/wp-content\/uploads\/2019\/07\/DSC_1684_compress47-1024x768.jpg\" alt=\"\" class=\"wp-image-465\" srcset=\"http:\/\/lichri.radeln-in-den-sonnenaufgang.de\/wp-content\/uploads\/2019\/07\/DSC_1684_compress47-1024x768.jpg 1024w, http:\/\/lichri.radeln-in-den-sonnenaufgang.de\/wp-content\/uploads\/2019\/07\/DSC_1684_compress47-300x225.jpg 300w, http:\/\/lichri.radeln-in-den-sonnenaufgang.de\/wp-content\/uploads\/2019\/07\/DSC_1684_compress47-768x576.jpg 768w, http:\/\/lichri.radeln-in-den-sonnenaufgang.de\/wp-content\/uploads\/2019\/07\/DSC_1684_compress47.jpg 1312w\" sizes=\"(max-width: 767px) 89vw, (max-width: 1000px) 54vw, (max-width: 1071px) 543px, 580px\" \/><figcaption>Leider sind alle 10 Fotos, die Pavels (rechts) Kollege gemacht hat verschwommen, aber Pavel und Faiz (links) wollten wir hiermit doch nochmal unseren speziellen Dank aussprechen. \ud83d\ude42<\/figcaption><\/figure>\n\n\n\n<p>Zugfahrt Nr. 2<\/p>\n\n\n\n<p>Und dann brachte Pavel uns auch noch zum Zug und half uns die R\u00e4der im Zug unterzubringen. Er hat uns damit wirklich gerettet, denn es war \u2013 trotz nun abmontierter R\u00e4der \u2013 wieder ein Kunstst\u00fcck der \u00dcberzeugung, die Wagenbegleiterin des Gep\u00e4ckwagens dazu zu bringen, die R\u00e4der zu akzeptieren. Halb in T\u00fcten verpackt durften sie schlie\u00dflich rein, aber ich sollte nach Abfahrt nochmal in das Abteil kommen und \u00abdie R\u00e4der richtig verpacken\u00bb. Als ich nach einer Stunde Suche und 12 Wagons absuchend erfolglos zur\u00fcckkam und mich um 2:00 Uhr nachts dann schlafen legte, beschloss ich, das w\u00fcrde so auch funktionieren. <br> Die Nacht war erstaunlich angenehm in den zwei oberen, sich diesmal gegen\u00fcberliegenden Kojen des offenen Schlafwagens. Wir hatten unser Gep\u00e4ck \u00fcber uns griffbereit, waren bereits bettfertig und konnten entspannt auf unseren Liegen liegen, bis uns um 8:45 Uhr am morgen das Fr\u00fchst\u00fcck weckte, das sozusagen ans Bett gebracht wurde. Ich wollte gerade die Verpackungen des Essens entsorgen, da kam die Gep\u00e4ckwagen-Wartin (W\u00e4rterin? Hm\u2026.) und machte mir auf Russisch verst\u00e4ndlich, dass ich die R\u00e4der anst\u00e4ndig zu verpacken h\u00e4tte, sonst \u00abm\u00fcssen sie auf die Stra\u00dfe\u00bb. Ich verstand was sie sagte, aber nicht den Sinn dahinter. Sie w\u00fcrde \u00c4rger bekommen, w\u00fcrden die R\u00e4der nicht verpackt. Aber warum? Es w\u00fcrde \u00fcberhaupt keinen Unterschied machen\u2026 Sie meinte, ich sollte S\u00e4cke nehmen und die R\u00e4der darin verpacken. Pavel h\u00e4tte ihr gesagt, ich h\u00e4tte noch S\u00e4cke. Das stimmte leider nicht und sie schimpfte Pavel einen L\u00fcgner. Ich verneinte, da ich annahm, er wusste es nicht besser. Ich bot ihr den Rest der Frischhaltefolie an, den ich noch vom letzten Transport hatte. Sie lachte entsetzt und belustigt als ich ihr die kleine Rolle zeigte. Dann fragte sie nach Klebeband. Mit meinem Panzertape in einer und der Frischhaltefolie in der anderen Hand machten wir uns also gemeinsam auf den Weg uns sie half mir tats\u00e4chlich dabei, die R\u00e4der \u2013 an denen ich am Vorabend verbeiging, da das Gep\u00e4ckabteil nur ein leeres 4 Personen-Abteil war \u2013 zu verpacken. Ein absolut l\u00e4cherliches und unn\u00f6tiges unterfangen. Morgen fr\u00fch w\u00fcrde ich das alles entfernen m\u00fcssen, nur um es am Abend erneut so zu richten. Leider haben wir den Zug nach Jekaterinburg gebucht, bevor wie in verschiedenen Reisef\u00fchrern und Blogs lasen, dass sich der Besuch der Stadt nicht lohne. Wir w\u00fcrden nun einen Nachmittag Aufenthalt haben, von dem wir sicher zwei Stunden damit verbringen w\u00fcrden, die Fahrr\u00e4der wieder zusammenzubauen, um die Stadt zu erkunden und sie anschlie\u00dfend wieder auseinanderzunehmen, um den n\u00e4chsten Zug nach Irkutsk zu nutzen. <br> Naja, so ist das nun. Inzwischen hatten wir hier auch unser Mittagessen an den Platz geliefert bekommen und einige kurze und l\u00e4ngere Unterhaltungen mit den anderen Fahrg\u00e4sten in den umliegenden Kojen gef\u00fchrt \u2013 von denen wir das wenigste verstanden. Aber gut, auch das sind Erfahrungen. \ud83d\ude42 <\/p>\n\n\n\n<figure class=\"wp-block-image\"><img decoding=\"async\" loading=\"lazy\" width=\"1024\" height=\"640\" src=\"http:\/\/lichri.radeln-in-den-sonnenaufgang.de\/wp-content\/uploads\/2019\/07\/Screenshot_20190713-220914_OsmAnd-1024x640.jpg\" alt=\"\" class=\"wp-image-467\" srcset=\"http:\/\/lichri.radeln-in-den-sonnenaufgang.de\/wp-content\/uploads\/2019\/07\/Screenshot_20190713-220914_OsmAnd-1024x640.jpg 1024w, http:\/\/lichri.radeln-in-den-sonnenaufgang.de\/wp-content\/uploads\/2019\/07\/Screenshot_20190713-220914_OsmAnd-300x188.jpg 300w, http:\/\/lichri.radeln-in-den-sonnenaufgang.de\/wp-content\/uploads\/2019\/07\/Screenshot_20190713-220914_OsmAnd-768x480.jpg 768w, http:\/\/lichri.radeln-in-den-sonnenaufgang.de\/wp-content\/uploads\/2019\/07\/Screenshot_20190713-220914_OsmAnd.jpg 1920w\" sizes=\"(max-width: 767px) 89vw, (max-width: 1000px) 54vw, (max-width: 1071px) 543px, 580px\" \/><figcaption>On track to Baikal! \ud83d\ude42<\/figcaption><\/figure>\n\n\n\n<p>Ich bin gespannt, wie die Fahrt nach Irkutsk am Baikalsee wird. Auch die Tour dort, von der wir noch nicht wissen, wie wir sie gestalten sollen. Wir haben uns erst gestern \u2013 vor allem aufgrund mangelnder Fahrkarten f\u00fcr Z\u00fcge und des Rates einer Bekannten von Pavel \u2013 dazu entschieden, nicht in den Altai zu fahren. F\u00fcr Altai und Baikal ist die Zeit unseres Visums zu knapp. Wir hatten wirklich ernsthaft \u00fcberlegt und waren \u00fcberraschend gepackt von der Idee durch das Altai und die W\u00fcste Gobi zu radeln. Doch dann gewannen der Wunsch, das gr\u00f6\u00dfte S\u00fc\u00dfwasserreservoir der Welt zu sehen, der Respekt vor der W\u00fcstendurchquerung und die Verf\u00fcgbarkeit von Zugtickets schlie\u00dflich. Ich bedauere dies einerseits sehr, anderseits musste eine Entscheidung gef\u00e4llt werden und ich bin mir sicher, dass auch das ein Erlebnis wird. <\/p>\n\n\n\n<p><br> Wir werden es sehen. Und ihr werdet es dann lesen. \ud83d\ude09 Dr\u00fcckt uns die Daumen!<br> Liebe Gr\u00fc\u00dfe aus der sich weitenden Ferne,<\/p>\n\n\n\n<p><br> Chris &amp; Lisa<\/p>\n\n\n\n<figure class=\"wp-block-image\"><img decoding=\"async\" loading=\"lazy\" width=\"1024\" height=\"768\" src=\"http:\/\/lichri.radeln-in-den-sonnenaufgang.de\/wp-content\/uploads\/2019\/07\/DSC_1593_compress41-1024x768.jpg\" alt=\"\" class=\"wp-image-466\" srcset=\"http:\/\/lichri.radeln-in-den-sonnenaufgang.de\/wp-content\/uploads\/2019\/07\/DSC_1593_compress41-1024x768.jpg 1024w, http:\/\/lichri.radeln-in-den-sonnenaufgang.de\/wp-content\/uploads\/2019\/07\/DSC_1593_compress41-300x225.jpg 300w, http:\/\/lichri.radeln-in-den-sonnenaufgang.de\/wp-content\/uploads\/2019\/07\/DSC_1593_compress41-768x576.jpg 768w, http:\/\/lichri.radeln-in-den-sonnenaufgang.de\/wp-content\/uploads\/2019\/07\/DSC_1593_compress41.jpg 1312w\" sizes=\"(max-width: 767px) 89vw, (max-width: 1000px) 54vw, (max-width: 1071px) 543px, 580px\" \/><figcaption>&#8230; eure Chaoten \ud83d\ude42<\/figcaption><\/figure>\n","protected":false},"excerpt":{"rendered":"<p>Erster Eindruck \u2013 Wildzelten in Russland \u2013 St. Petersburg \u2013 Zugfahrt Nr.1 \u2013 Moskau \u2013 Zugfahrt Nr. 2 Erster Eindruck Stimmengewirr. Schwere, feuchte, aromenges\u00e4ttigte Luft. Stetes Schaukeln und ged\u00e4mpftes Klappern. Wir befinden uns in \u00abder Transsibirischen Eisenbahn\u00bb, genauergesagt Zug 100\u042d\u0415, Wagen 6 \u2013 offener Schlafwagen der 3. Klasse \u2013 auf dem Weg von Moskau nach &hellip; <\/p>\n<p class=\"link-more\"><a href=\"http:\/\/lichri.radeln-in-den-sonnenaufgang.de\/?p=402\" class=\"more-link\"><span class=\"screen-reader-text\">\u201eVaalimaa (Finnland) \u2013 Jekaterinburg (Russland)\u201c<\/span> weiterlesen<\/a><\/p>\n","protected":false},"author":3,"featured_media":404,"comment_status":"open","ping_status":"open","sticky":false,"template":"","format":"standard","meta":[],"categories":[1],"tags":[],"_links":{"self":[{"href":"http:\/\/lichri.radeln-in-den-sonnenaufgang.de\/index.php?rest_route=\/wp\/v2\/posts\/402"}],"collection":[{"href":"http:\/\/lichri.radeln-in-den-sonnenaufgang.de\/index.php?rest_route=\/wp\/v2\/posts"}],"about":[{"href":"http:\/\/lichri.radeln-in-den-sonnenaufgang.de\/index.php?rest_route=\/wp\/v2\/types\/post"}],"author":[{"embeddable":true,"href":"http:\/\/lichri.radeln-in-den-sonnenaufgang.de\/index.php?rest_route=\/wp\/v2\/users\/3"}],"replies":[{"embeddable":true,"href":"http:\/\/lichri.radeln-in-den-sonnenaufgang.de\/index.php?rest_route=%2Fwp%2Fv2%2Fcomments&post=402"}],"version-history":[{"count":8,"href":"http:\/\/lichri.radeln-in-den-sonnenaufgang.de\/index.php?rest_route=\/wp\/v2\/posts\/402\/revisions"}],"predecessor-version":[{"id":468,"href":"http:\/\/lichri.radeln-in-den-sonnenaufgang.de\/index.php?rest_route=\/wp\/v2\/posts\/402\/revisions\/468"}],"wp:featuredmedia":[{"embeddable":true,"href":"http:\/\/lichri.radeln-in-den-sonnenaufgang.de\/index.php?rest_route=\/wp\/v2\/media\/404"}],"wp:attachment":[{"href":"http:\/\/lichri.radeln-in-den-sonnenaufgang.de\/index.php?rest_route=%2Fwp%2Fv2%2Fmedia&parent=402"}],"wp:term":[{"taxonomy":"category","embeddable":true,"href":"http:\/\/lichri.radeln-in-den-sonnenaufgang.de\/index.php?rest_route=%2Fwp%2Fv2%2Fcategories&post=402"},{"taxonomy":"post_tag","embeddable":true,"href":"http:\/\/lichri.radeln-in-den-sonnenaufgang.de\/index.php?rest_route=%2Fwp%2Fv2%2Ftags&post=402"}],"curies":[{"name":"wp","href":"https:\/\/api.w.org\/{rel}","templated":true}]}}