{"id":357,"date":"2019-07-01T18:02:12","date_gmt":"2019-07-01T18:02:12","guid":{"rendered":"http:\/\/lichri.radeln-in-den-sonnenaufgang.de\/?p=357"},"modified":"2019-07-01T18:02:12","modified_gmt":"2019-07-01T18:02:12","slug":"paernu-tallinn-helsinki-hamina","status":"publish","type":"post","link":"http:\/\/lichri.radeln-in-den-sonnenaufgang.de\/?p=357","title":{"rendered":"P\u00e4rnu &#8211; Tallinn &#8211; Helsinki &#8211; Hamina"},"content":{"rendered":"\n<p>Farbenspiel &#8211; Der Sturm &#8211; Das Loch &#8211; Die Kranichinsel &#8211; Freunde &#8211; K\u00f6stlichkeiten &#8211; Auf der Farm &#8211; Wild &#8211; Feuer &#8211; Zwischenspiel &#8211; Stadt am Meer &#8211; Abschied &#8211; Stress, Regeneration und Reparaturen &#8211; Versorgung &#8211; Angst und Zuversicht<\/p>\n\n\n\n<p>Orangerot und warm scheint mir der Feuerschein auf meine nackten F\u00fc\u00dfe. Hinter diesem flie\u00dft das matte, an manchen stellen funkelnde Grau des geschwungenen, riesigen Felsens gem\u00e4chlich in die Tiefe, hin zum See, der in etwas Entfernung im fahlen Schein der untergehenden Sonne silbriggrau und glatt vor uns liegt. Den Horizont durchst\u00f6\u00dft das scheckige Gr\u00fcn der wenigen, zarten und derberen Birken und Kiefern, die dem baren Fels unter ihnen gerade noch genug Wasser und N\u00e4hrstoffe abtrotzen. \u00dcber ihnen zeichnet sich von unten nach oben erst das Rot der Abendsonne ab, die selbst von dicken, lilablauen Wolken verdeckt wird. Golden Gischt aus Licht brandet dar\u00fcber in ein sanftes Hellblau, welches den n\u00e4chtlichen Himmel dominiert. Von Westen rollt eine geschwungene, massiv wirkende Front an Regenwolken heran, die kleinen Inseln auf dem vor uns liegenden See zunehmend in Schatten zu tauchen. Es ist halb Elf und langsam vertieft sich die Ruhe, die \u00fcber dem Land liegt, in Stille. Nur das flackernde Feuer zu meinen F\u00fc\u00dfen und die Birkenbl\u00e4tter, die im sanften Wind rascheln, sind noch zu h\u00f6ren.  Heute ist der 30. Juni und dies ist unsere letzte Nacht in Finnland. Es ist Zeit, mal wieder etwas von uns h\u00f6ren zu lassen. <\/p>\n\n\n\n<figure class=\"wp-block-image\"><img decoding=\"async\" loading=\"lazy\" width=\"1024\" height=\"683\" src=\"http:\/\/lichri.radeln-in-den-sonnenaufgang.de\/wp-content\/uploads\/2019\/07\/IMG_8358_compress6-1024x683.jpg\" alt=\"\" class=\"wp-image-366\" srcset=\"http:\/\/lichri.radeln-in-den-sonnenaufgang.de\/wp-content\/uploads\/2019\/07\/IMG_8358_compress6-1024x683.jpg 1024w, http:\/\/lichri.radeln-in-den-sonnenaufgang.de\/wp-content\/uploads\/2019\/07\/IMG_8358_compress6-300x200.jpg 300w, http:\/\/lichri.radeln-in-den-sonnenaufgang.de\/wp-content\/uploads\/2019\/07\/IMG_8358_compress6-768x512.jpg 768w, http:\/\/lichri.radeln-in-den-sonnenaufgang.de\/wp-content\/uploads\/2019\/07\/IMG_8358_compress6.jpg 1296w\" sizes=\"(max-width: 767px) 89vw, (max-width: 1000px) 54vw, (max-width: 1071px) 543px, 580px\" \/><\/figure>\n\n\n\n<p>Den letzten Blogeintrag schrieb Lisa im Zelt an einem windgepeitschten, gr\u00fcnen K\u00fcstenzeltplatz s\u00fcdwestlich von P\u00e4rnu. Das war bereits am 12. Juni. \u00dcber einen halben Monat haben wir nun keines unserer Erlebnisse mit euch geteilt. Das hat verschiedene Gr\u00fcnde, doch vor allem die: zu viel Spa\u00df, zu viel gute Gesellschaft und zu wenig Lust, Zeit an Tablet und Co zu verbringen. Unsere Tage in Estland &#8211; und auch die wenigen in Finnland bisher &#8211; waren einfach voll mit Leben. Einen gro\u00dfen Teil dessen verdanken wir &#8222;den M\u00e4dels&#8220;, die ihr sp\u00e4ter noch kennenlernen d\u00fcrft. Einen anderen Teil verdanken wir der nicht untergehen wollenden Sonne, die uns die Abende, mit ihren sp\u00e4ten Abendessen, immer wieder mit m\u00e4rchenhaften Sonnenunterg\u00e4ngen vers\u00fc\u00dfte. Das wir keine Zeit zum Ausruhen oder Blogschreiben hatten, hatte auch noch andere Gr\u00fcnde, wie die zeitfressende Routine des Schlafs\u00e4cke-L\u00fcftens, des Zelt-Zusammenpackens, des Wiederaufbauens und des allabendlichen Kochens und Sp\u00fclens. Alles dauert auf Reise &#8211; zumindest bei uns &#8211; ein bisschen l\u00e4nger. Ich sch\u00e4tze, so ist das, wenn man aus Taschen lebt und jeden Tag weiterzieht. Ein anderer Grund f\u00fcr den Zeitmangel ist etwas formeller. Es ist das Visum f\u00fcr unseren maximal 30-t\u00e4gigen Russlandaufenthalt, welches uns ein sich verknappendes Zeitfenster bis zum 1. Juli gibt, an die russische Grenze zu kommen &#8211; wollten wir diese 30 Tage ausreizen. Zwar kann ich vorwegnehmen, das wir diese Frist einhalten werden, jedoch sind wir in den vergangenen zwei Wochen hierin auch etwas entspannter geworden, wie ihr sehen werdet. Aber zur Sache jetzt&#8230;<\/p>\n\n\n\n<p>Der Sturm<\/p>\n\n\n\n<p>Bereits in der Nacht, nach dem Lisa den letzten Blogeintrag schreib, schob sich um etwa 3:00 Uhr eine Gewitterfront \u00fcber uns. In Panik geraten dar\u00fcber, dass es kaum B\u00e4ume oder gr\u00f6\u00dfere Geb\u00e4ude in der N\u00e4he gab fl\u00fcchteten wir durch den Regen in das nahe Saunah\u00e4uschen der Campingplatzbesitzer. Etwa eine halbe Stunde harrten wir hier aus, bis Chris herausfand, dass es sich um zwei Gewitterzellen handelte die je ein<br>paar Kilometer westlich und \u00f6stlich von uns vorbeizogen. Der Regen lie\u00df etwas nach und wir krochen um etwa 3:40 Uhr zur\u00fcck in unsere Schlafs\u00e4cke. Es war schon hell.<br>Sp\u00e4ter an diesem Morgen machten wir uns nach einem warmen Porridge mit Zimt und \u00c4pfeln und bei gutem Wetter und R\u00fcckenwind auf gen S\u00fcden. Schon witzig, dass das Gewitter Nachts landeinw\u00e4rts zog und uns der Wind bis in den Nachmittag  in die entgegengesetzte Richtung vor sich hin schob. Bis wir mit einem Mal auf einer Schotterpiste, links und rechts von Wasser umgeben, auf ein entgegenkommendes Gewitter zuhielten. Eine massive graublaue Wand, die sich \u00fcber den gesamten Himmel w\u00f6lbte, begleitet von einem undurchdringbar scheinenden Schleier aus starkem Sommerregen. Was tun? Wohin?<\/p>\n\n\n\n<figure class=\"wp-block-image\"><img decoding=\"async\" loading=\"lazy\" width=\"1024\" height=\"768\" src=\"http:\/\/lichri.radeln-in-den-sonnenaufgang.de\/wp-content\/uploads\/2019\/07\/DSC_1162-1_compress85-1024x768.jpg\" alt=\"\" class=\"wp-image-390\" srcset=\"http:\/\/lichri.radeln-in-den-sonnenaufgang.de\/wp-content\/uploads\/2019\/07\/DSC_1162-1_compress85-1024x768.jpg 1024w, http:\/\/lichri.radeln-in-den-sonnenaufgang.de\/wp-content\/uploads\/2019\/07\/DSC_1162-1_compress85-300x225.jpg 300w, http:\/\/lichri.radeln-in-den-sonnenaufgang.de\/wp-content\/uploads\/2019\/07\/DSC_1162-1_compress85-768x576.jpg 768w, http:\/\/lichri.radeln-in-den-sonnenaufgang.de\/wp-content\/uploads\/2019\/07\/DSC_1162-1_compress85.jpg 1312w\" sizes=\"(max-width: 767px) 89vw, (max-width: 1000px) 54vw, (max-width: 1071px) 543px, 580px\" \/><\/figure>\n\n\n\n<p>Wir fanden nur eine L\u00f6sung: Regenjacken und -hosen an und so schnell mittendurch wie nur m\u00f6glich! &#8230; Pitschnass und etwas verfroren aber sonst unversehrt kamen wir am F\u00e4hrhafen zur Insel Muhu an. An den wartenden Autos vorbei fuhren wir als erste in den Bauch des Schiffes, das uns auf die erste estnische Insel brachte. Es  regnete unabl\u00e4ssig weiter und wir fanden uns dr\u00fcbern in einer Bushaltestelle am Hafen wieder, den st\u00e4rksten Regen abwartend. <\/p>\n\n\n\n<p>Das Loch<\/p>\n\n\n\n<p>Nach einer Nacht auf dem v\u00f6llig \u00fcberteuerten Campingplatz etwa einen Kilometer vom F\u00e4hrhafen entfernt hakten wir die erste Insel in einer kurzen Direktfahrt entlang gr\u00f6\u00dferer Stra\u00dfen ab, ohne mitzubekommen, was diese Insel \u00fcberhaupt zu bieten hatte. Von den Klippen hier erfuhren wir erst sp\u00e4ter. Gegen Mittag radelten wir \u00fcber eine lange, schmale, aufgesch\u00fcttete Br\u00fccke auf die gr\u00f6\u00dfte der estnischen Inseln Saaremaa und kamen gegen Abend an die ber\u00fchmten Meteoritenkrater der Insel, nach Kaali. Hier fanden wir mehrere kleine und einen gewaltigen Krater von Hundert Metern Durchmesser. Der runde felsige Schlund mit seinem seichten Weiher und dem hohen Wall gab einen einmaligen Eindruck davon, mit welcher Gewalt ein solches St\u00fcck Himmelseisen aufschlagen kann, wenn es den Weg durch die Atmosph\u00e4re \u00fcbersteht. Etwas ehrf\u00fcrchtig und beinahe and\u00e4chtig sa\u00df Chris daher im Krater am Wasser, als Lisa ihn vom Kraterrand zu fotografieren verssuchte.<\/p>\n\n\n\n<figure class=\"wp-block-image\"><img decoding=\"async\" loading=\"lazy\" width=\"683\" height=\"1024\" src=\"http:\/\/lichri.radeln-in-den-sonnenaufgang.de\/wp-content\/uploads\/2019\/07\/IMG_7567_compress44-e1561974515325-683x1024.jpg\" alt=\"\" class=\"wp-image-368\" srcset=\"http:\/\/lichri.radeln-in-den-sonnenaufgang.de\/wp-content\/uploads\/2019\/07\/IMG_7567_compress44-e1561974515325-683x1024.jpg 683w, http:\/\/lichri.radeln-in-den-sonnenaufgang.de\/wp-content\/uploads\/2019\/07\/IMG_7567_compress44-e1561974515325-200x300.jpg 200w, http:\/\/lichri.radeln-in-den-sonnenaufgang.de\/wp-content\/uploads\/2019\/07\/IMG_7567_compress44-e1561974515325-768x1152.jpg 768w, http:\/\/lichri.radeln-in-den-sonnenaufgang.de\/wp-content\/uploads\/2019\/07\/IMG_7567_compress44-e1561974515325.jpg 864w\" sizes=\"(max-width: 683px) 100vw, 683px\" \/><\/figure>\n\n\n\n<p>Die Kranichinsel<\/p>\n\n\n\n<p>Wir \u00fcbernachteten in einem nahen Wald auf weichem Moos, doch am morgen vertrieben uns rasch die M\u00fccken und wir machten uns auf den Weg nach Kuressaare (w\u00f6rtlich aus dem Estnischen<em> Kranichinsel<\/em>), der Inselhauptstadt. Wir erkundeten deren, von Baustellen gezeichnetes und dennoch sehr h\u00fcbsches Zentrum mit den vielen bunt gestrichenen Holzh\u00e4usern und fanden uns sehr unerwarteter Weise &#8211; wir hatten uns vorher wirklich nicht informiert &#8211; im Vorhof einer alten Bischofsburg wieder, der Arensburg (Adlerburg) aus dem mittelalterlichen, deutschsprachigen Bistum \u00d6sel-Wiek. Die gro\u00dfe, recht einfach wirkende Burg ist von pr\u00e4chtigen gemauerten und gr\u00fcn bewachsenen Wallanlagen umgeben und gesch\u00fctzt durch einen Wassergraben. Dieses Ensemble zwischen Stadt und Strand war sehr sch\u00f6n anzusehen &#8211; und auf die Ohren sollte es wohl auch geben, wurde hier doch eine gro\u00dfe B\u00fchne aufgebaut. <\/p>\n\n\n\n<figure class=\"wp-block-image\"><img decoding=\"async\" loading=\"lazy\" width=\"1024\" height=\"576\" src=\"http:\/\/lichri.radeln-in-den-sonnenaufgang.de\/wp-content\/uploads\/2019\/07\/DSC_1045-1024x576.jpg\" alt=\"\" class=\"wp-image-397\" srcset=\"http:\/\/lichri.radeln-in-den-sonnenaufgang.de\/wp-content\/uploads\/2019\/07\/DSC_1045-1024x576.jpg 1024w, http:\/\/lichri.radeln-in-den-sonnenaufgang.de\/wp-content\/uploads\/2019\/07\/DSC_1045-300x169.jpg 300w, http:\/\/lichri.radeln-in-den-sonnenaufgang.de\/wp-content\/uploads\/2019\/07\/DSC_1045-768x432.jpg 768w\" sizes=\"(max-width: 767px) 89vw, (max-width: 1000px) 54vw, (max-width: 1071px) 543px, 580px\" \/><\/figure>\n\n\n\n<p>Freunde<\/p>\n\n\n\n<p>Nachdem wir &#8211; wiedermal erfolglos &#8211; nach WarmShowers und Couchsurfing-Host gesucht haben, suchten wir den etwas abseits gelegenen, aber sehr h\u00fcbschen, kleinen Campinggplatz der Stadt auf und lie\u00dfen uns f\u00fcr die n\u00e4chsten zwei N\u00e4chte hier nieder. Wir hatten gerade unser Zelt aufgebaut und fingen an etwas zu kochen, als pl\u00f6tzlich zwei fremdartig vertraute Gesichter auf dem sonst menschenleeren kleinen Platz inmitten der Siedlung auftauchten. Es waren Clara und Friedi, zwei &#8222;M\u00e4dels&#8220;, wie Lisa sie fortan nannte, die wir bereits in Riga auf dem Zeltplatz antrafen. Wir begr\u00fc\u00dften uns freudig und machten etwas Platz f\u00fcr ihr Zelt. Auch sie hatten vor, die n\u00e4chsten beiden N\u00e4chte hier zu verbringen und den Sonntag als Pausetag in der Stadt zu verbringen. Wir quatschten, spielten Romm\u00e9 und snackten unsere gemeinsamen S\u00fc\u00dfigkeiten, bevor wir ungew\u00f6hnlich sp\u00e4t zu Bett gingen. <\/p>\n\n\n\n<p>Unser Pause-Sonntag war sehr gem\u00fctlich, wir schlenderten durch Stadt, Park und Burg, lauschten den Proben Ivos f\u00fcr die erste Station seiner 70 Jahre Geburtstagstour (IFF70). Scheint wohl DER  estnische Schlagers\u00e4nger zu sein. Nach zwei gem\u00fctlichen St\u00fcndchen am Strand und einer Erkundungsfahrt auf den halbinself\u00f6rmigen Ausl\u00e4ufer s\u00fcdlich der Insel. Dann trafen wir uns mit Clara und Friedi. Wir hatten uns zum Kochen und vorherigen Einkaufen daf\u00fcr verabredet. Au\u00dferdem brauchten wir vier je ein paar Vorr\u00e4te f\u00fcr die anstehende Tour weiter um die Insel. Im Maxima, einem der gr\u00f6\u00dften Superm\u00e4rkte, die hier auch Sonntag ge\u00f6ffnet haben, g\u00f6nnten wir es uns so richtig. Zwar gibt es sogar einen kleinen Bioladen in der Stadt, doch dessen Preise sind nochmal doppelt so hoch wie in einem normalen, bereits recht teuren deutschen Biomarkt. Schade, Bio ist hierzulande nur etwas f\u00fcr Gutverdiener oder idealistische Hungerk\u00fcnstler.<\/p>\n\n\n\n<p>K\u00f6stlichkeiten<\/p>\n\n\n\n<p>Zur\u00fcck auf dem Campingplatz machten wir uns ans Werk, schnibbelten Zwiebeln, brieten Zucchini und Aubergine, schnitten Tomaten und Essiggurken, wuschen Salat, warfen auch den Halumi in die Pfanne und toasteten unsere Burgerbuns. Auch Erdbeeren und Joghurtquark (hier etwas seltsam anmutend in Wurstform verpackt) wurden angerichtet und bildeten unseren k\u00f6stlichen Nachtisch. Was f\u00fcr ein wunderbares, von Genusseufzern durchzogenes Abendessen. Wunderbar! <\/p>\n\n\n\n<ul class=\"is-layout-flex wp-block-gallery-1 wp-block-gallery columns-2 is-cropped\"><li class=\"blocks-gallery-item\"><figure><img decoding=\"async\" loading=\"lazy\" width=\"1024\" height=\"683\" src=\"http:\/\/lichri.radeln-in-den-sonnenaufgang.de\/wp-content\/uploads\/2019\/07\/IMG_7646_compress29-1024x683.jpg\" alt=\"\" data-id=\"370\" data-link=\"http:\/\/lichri.radeln-in-den-sonnenaufgang.de\/?attachment_id=370\" class=\"wp-image-370\" srcset=\"http:\/\/lichri.radeln-in-den-sonnenaufgang.de\/wp-content\/uploads\/2019\/07\/IMG_7646_compress29-1024x683.jpg 1024w, http:\/\/lichri.radeln-in-den-sonnenaufgang.de\/wp-content\/uploads\/2019\/07\/IMG_7646_compress29-300x200.jpg 300w, http:\/\/lichri.radeln-in-den-sonnenaufgang.de\/wp-content\/uploads\/2019\/07\/IMG_7646_compress29-768x512.jpg 768w, http:\/\/lichri.radeln-in-den-sonnenaufgang.de\/wp-content\/uploads\/2019\/07\/IMG_7646_compress29.jpg 1296w\" sizes=\"(max-width: 767px) 89vw, (max-width: 1000px) 54vw, (max-width: 1071px) 543px, 580px\" \/><\/figure><\/li><li class=\"blocks-gallery-item\"><figure><img decoding=\"async\" loading=\"lazy\" width=\"1024\" height=\"683\" src=\"http:\/\/lichri.radeln-in-den-sonnenaufgang.de\/wp-content\/uploads\/2019\/07\/IMG_7660_compress12-1024x683.jpg\" alt=\"\" data-id=\"371\" data-link=\"http:\/\/lichri.radeln-in-den-sonnenaufgang.de\/?attachment_id=371\" class=\"wp-image-371\" srcset=\"http:\/\/lichri.radeln-in-den-sonnenaufgang.de\/wp-content\/uploads\/2019\/07\/IMG_7660_compress12-1024x683.jpg 1024w, http:\/\/lichri.radeln-in-den-sonnenaufgang.de\/wp-content\/uploads\/2019\/07\/IMG_7660_compress12-300x200.jpg 300w, http:\/\/lichri.radeln-in-den-sonnenaufgang.de\/wp-content\/uploads\/2019\/07\/IMG_7660_compress12-768x512.jpg 768w, http:\/\/lichri.radeln-in-den-sonnenaufgang.de\/wp-content\/uploads\/2019\/07\/IMG_7660_compress12.jpg 1296w\" sizes=\"(max-width: 767px) 89vw, (max-width: 1000px) 54vw, (max-width: 1071px) 543px, 580px\" \/><\/figure><\/li><\/ul>\n\n\n\n<p>Zum abendlichen Romm\u00e9spiel \u00fcberraschten wir unsere neuen lieben Freundinnen mit einem T\u00fctchen veganer Bio-Lakritze aus dem Fachmarkt, da sie uns von ihrer  Vorliebe und Sehnsucht nach der schwarzen S\u00fc\u00dfholz-Zuckermasse erz\u00e4hlt hatten. Es war sch\u00f6n jemandem mal wieder eine kleine Freunde bereiten zu k\u00f6nnen.<\/p>\n\n\n\n<p>Auf der Farm<\/p>\n\n\n\n<p>Am Morgen darauf kamen wir nach einem etwas dekadenten Fr\u00fchst\u00fcck mit Ei, Kakao und Erdbeeren recht sp\u00e4t vom Platz los. Da wir die gleiche Route fuhren und wir uns wom\u00f6glich bald ohnehin wiedertreffen w\u00fcrden, fuhren Clara und Friedi schonmal los. Kurz darauf, nach unserer ersten unheimlichen Begegnung mit einem Menschenfloh, der uns seit unserem letzten Bett in einem Bungalow begleitet haben muss und den wir zum Gl\u00fcck hier wieder los wurden sowie einer kleiner Kettenputzaktion auf dem Campingplatz, brachen auch wir auf. Und tats\u00e4chlich. Nach etwa 67 km fanden wir die M\u00e4dels auf dem selben &#8222;Campingplatz&#8220;wieder, den auch wir ansteuerten. Anni Farm war eigentlich kein Campingplatz, eher eine Gruppe h\u00f6lzerner Langh\u00e4u\u00dfer mit Reetd\u00e4chern, die man als Gruppe mieten konnte. Aktuell wurden sie von einer Forschungsgruppe der Universit\u00e4t bewohnt. Wir fanden einen Platz auf einer Kiefern und Wacholder bestanden Wiese am anderen Ende des Grundst\u00fccks. Wir sprengten etwas das gew\u00f6hnliche Buisness des Betreibers, der in der K\u00fcche schwer am Schaffen war, um seine G\u00e4ste mit Abendessen und Kuchen zu bewirten. Dreist fragten wir, ob wir auch die K\u00fcche benutzen d\u00fcrften, in der noch sein Abwasch stand. Wir durften, w\u00e4ren aber auf unseren Benzin- \/ Gaskochern vermutlich schneller gewesen. Immerhin sp\u00fclen konnten wir und den Wasserkocher benutzen. Alles in allem war es ein sehr sch\u00f6ner Abend auf der liebevoll gestalteten kleinen G\u00e4ste-Farm. <\/p>\n\n\n\n<p>Am n\u00e4chsten Morgen fanden wir unseren Gastgeber sehr abgespannt und wortkarg in der K\u00fcche wieder, wo er das Fr\u00fchst\u00fcck f\u00fcr die Gruppe richtete. Wir waren zu geizig die je f\u00fcnf Euro f\u00fcr diesen Service zu zahlen und hatten Proviat, den es zu verputzen galt. Ich h\u00e4tte wirklich gerne mitgeschlemmt an diesen reich gedeckten Tischen, doch wurde ich \u00fcberstimmt. Als wir f\u00fcr unseren Porridge Wasser in der K\u00fcche kochen wollten, machte der Betreiber einen gereizten Eindruck. Erst auf Clara, dann auf mich, als ich den Kocher herausholte. Wir fragten uns, ob er sich \u00fcber unsere Dreistigkeit \u00e4rgerte und wir nicht willkommen waren und machten uns Vorw\u00fcrfe daf\u00fcr. Ich erinnerte mich an Wazlawicks <a href=\"https:\/\/m.youtube.com\/watch?v=FExI1gNST3Y\">Hammer-Geschichte<\/a> (Paul Watzlawick: Anleitung zum Ungl\u00fccklichsein) und erz\u00e4hlte sie den anderen. Und siehe da, nach dem Fr\u00fchst\u00fcck sprach ich den Mann darauf an und er lachte nach einer Pause des Verstehen-Suchens auf und erkl\u00e4rte mir, dass es nicht an uns l\u00e4ge. Er war seit 3 Uhr morgens wach und gedanklich damit besch\u00e4ftigt, wie er die n\u00e4chsten Wochen meistern sollte. Seine K\u00f6chin kann nicht kommen und so muss er drei Mahlzeiten t\u00e4glich f\u00fcr die G\u00e4ste kochen, was ihn vor enorme logistische und k\u00f6rperlich-geistige Herausforderungen stellte. Der Arme. Ich w\u00fcnschte ihm viel Kraft und eine baldige L\u00f6sung f\u00fcr das Problem und verabschiedete mich herzlich von ihm. Ich h\u00e4tte ihm gerne geholfen, konnte so aber wenigstens den M\u00e4dels helfen, ihre falschen Bef\u00fcrchtungen \u00fcber Bord zu werfen. <\/p>\n\n\n\n<p>Wild<\/p>\n\n\n\n<p>Von hier an fuhren wir gemeinsam: Clara, Friedi, Lisa und ich. Erst erkundeten wir den Nationalpark im Nordwesten der Insel mit seinen von den Str\u00f6mungen st\u00e4ndig wandelnden K\u00fcsten und Sandb\u00e4nken, den wilden Rosen und tausenden Schmetterlingen, dem See, den ehemaligen Kiefernforsten und den ins Meer gedr\u00e4ngten, schiefen und ausgedieten Leuchtturm. Von hier aus setzten wir unsere Reise gen Osten fort und schafften es nach weiteren 80km (insgesamt 95 Tageskilometer) noch so rechtzeitig an den F\u00e4hrhafen, dass wir dort sogar noch ein leckeres Pasta-Gem\u00fcse-K\u00e4se-Abendessen kochen konnten. Da die F\u00e4hre, die uns zur dritten Insel, nach Hiiumaa) bringen sollte, dann schon in Sichtweite war, verputzten wir das ganze recht schnell und packten ungesp\u00fclt alles in T\u00fcten, um unsere R\u00e4der noch rechtzeitig ins Schiffsinnere zu rollen. <\/p>\n\n\n\n<ul class=\"is-layout-flex wp-block-gallery-3 wp-block-gallery columns-3\"><li class=\"blocks-gallery-item\"><figure><img decoding=\"async\" loading=\"lazy\" width=\"1024\" height=\"683\" src=\"http:\/\/lichri.radeln-in-den-sonnenaufgang.de\/wp-content\/uploads\/2019\/07\/IMG_7681_compress21-1024x683.jpg\" alt=\"\" data-id=\"373\" data-link=\"http:\/\/lichri.radeln-in-den-sonnenaufgang.de\/?attachment_id=373\" class=\"wp-image-373\" srcset=\"http:\/\/lichri.radeln-in-den-sonnenaufgang.de\/wp-content\/uploads\/2019\/07\/IMG_7681_compress21-1024x683.jpg 1024w, http:\/\/lichri.radeln-in-den-sonnenaufgang.de\/wp-content\/uploads\/2019\/07\/IMG_7681_compress21-300x200.jpg 300w, http:\/\/lichri.radeln-in-den-sonnenaufgang.de\/wp-content\/uploads\/2019\/07\/IMG_7681_compress21-768x512.jpg 768w, http:\/\/lichri.radeln-in-den-sonnenaufgang.de\/wp-content\/uploads\/2019\/07\/IMG_7681_compress21.jpg 1296w\" sizes=\"(max-width: 767px) 89vw, (max-width: 1000px) 54vw, (max-width: 1071px) 543px, 580px\" \/><\/figure><\/li><li class=\"blocks-gallery-item\"><figure><img decoding=\"async\" loading=\"lazy\" width=\"683\" height=\"1024\" src=\"http:\/\/lichri.radeln-in-den-sonnenaufgang.de\/wp-content\/uploads\/2019\/07\/IMG_7807_compress63-e1561974450113-683x1024.jpg\" alt=\"\" data-id=\"374\" data-link=\"http:\/\/lichri.radeln-in-den-sonnenaufgang.de\/?attachment_id=374\" class=\"wp-image-374\" srcset=\"http:\/\/lichri.radeln-in-den-sonnenaufgang.de\/wp-content\/uploads\/2019\/07\/IMG_7807_compress63-e1561974450113-683x1024.jpg 683w, http:\/\/lichri.radeln-in-den-sonnenaufgang.de\/wp-content\/uploads\/2019\/07\/IMG_7807_compress63-e1561974450113-200x300.jpg 200w, http:\/\/lichri.radeln-in-den-sonnenaufgang.de\/wp-content\/uploads\/2019\/07\/IMG_7807_compress63-e1561974450113-768x1152.jpg 768w, http:\/\/lichri.radeln-in-den-sonnenaufgang.de\/wp-content\/uploads\/2019\/07\/IMG_7807_compress63-e1561974450113.jpg 864w\" sizes=\"(max-width: 683px) 100vw, 683px\" \/><\/figure><\/li><li class=\"blocks-gallery-item\"><figure><img decoding=\"async\" loading=\"lazy\" width=\"1024\" height=\"683\" src=\"http:\/\/lichri.radeln-in-den-sonnenaufgang.de\/wp-content\/uploads\/2019\/07\/IMG_7694_compress57-1024x683.jpg\" alt=\"\" data-id=\"372\" data-link=\"http:\/\/lichri.radeln-in-den-sonnenaufgang.de\/?attachment_id=372\" class=\"wp-image-372\" srcset=\"http:\/\/lichri.radeln-in-den-sonnenaufgang.de\/wp-content\/uploads\/2019\/07\/IMG_7694_compress57-1024x683.jpg 1024w, http:\/\/lichri.radeln-in-den-sonnenaufgang.de\/wp-content\/uploads\/2019\/07\/IMG_7694_compress57-300x200.jpg 300w, http:\/\/lichri.radeln-in-den-sonnenaufgang.de\/wp-content\/uploads\/2019\/07\/IMG_7694_compress57-768x512.jpg 768w, http:\/\/lichri.radeln-in-den-sonnenaufgang.de\/wp-content\/uploads\/2019\/07\/IMG_7694_compress57.jpg 1296w\" sizes=\"(max-width: 767px) 89vw, (max-width: 1000px) 54vw, (max-width: 1071px) 543px, 580px\" \/><\/figure><\/li><li class=\"blocks-gallery-item\"><figure><img decoding=\"async\" loading=\"lazy\" width=\"1024\" height=\"683\" src=\"http:\/\/lichri.radeln-in-den-sonnenaufgang.de\/wp-content\/uploads\/2019\/07\/IMG_7740_compress81-1-1024x683.jpg\" alt=\"\" data-id=\"399\" data-link=\"http:\/\/lichri.radeln-in-den-sonnenaufgang.de\/?attachment_id=399\" class=\"wp-image-399\" srcset=\"http:\/\/lichri.radeln-in-den-sonnenaufgang.de\/wp-content\/uploads\/2019\/07\/IMG_7740_compress81-1-1024x683.jpg 1024w, http:\/\/lichri.radeln-in-den-sonnenaufgang.de\/wp-content\/uploads\/2019\/07\/IMG_7740_compress81-1-300x200.jpg 300w, http:\/\/lichri.radeln-in-den-sonnenaufgang.de\/wp-content\/uploads\/2019\/07\/IMG_7740_compress81-1-768x512.jpg 768w, http:\/\/lichri.radeln-in-den-sonnenaufgang.de\/wp-content\/uploads\/2019\/07\/IMG_7740_compress81-1.jpg 1296w\" sizes=\"(max-width: 767px) 89vw, (max-width: 1000px) 54vw, (max-width: 1071px) 543px, 580px\" \/><\/figure><\/li><\/ul>\n\n\n\n<p>Auf der F\u00e4hre machten wir eine interessante Entdeckung. Hier gab es auf den Tischen Karten der Inseln abgedruckt und auf diesen Karten fanden wir vor allem eine kleine, aber sehr hilfreiche Markierung, die uns die kommenden N\u00e4chte vers\u00fc\u00dfte, das K\u00fcrzel RMK. Dies ist die Abk\u00fcrzung der Estnischen Forstverwaltung und diese wiederum betreibt im ganzen Land kleine Zeltpl\u00e4tze, die umsonst genutzt werden d\u00fcrfen. Hier gibt es meistens ein Plumpsklo, Feuerstellen, Tische, B\u00e4nke und manchmal sogar Feuerholz dazu. Diese P\u00e4tze steuerten wir in den kommenden N\u00e4chten wiederholt an &#8211; und fanden so manche wunderbare Aussicht auf den Sonnenuntergang.<\/p>\n\n\n\n<figure class=\"wp-block-image\"><img decoding=\"async\" loading=\"lazy\" width=\"1024\" height=\"683\" src=\"http:\/\/lichri.radeln-in-den-sonnenaufgang.de\/wp-content\/uploads\/2019\/07\/IMG_7925_compress45-1024x683.jpg\" alt=\"\" class=\"wp-image-378\" srcset=\"http:\/\/lichri.radeln-in-den-sonnenaufgang.de\/wp-content\/uploads\/2019\/07\/IMG_7925_compress45-1024x683.jpg 1024w, http:\/\/lichri.radeln-in-den-sonnenaufgang.de\/wp-content\/uploads\/2019\/07\/IMG_7925_compress45-300x200.jpg 300w, http:\/\/lichri.radeln-in-den-sonnenaufgang.de\/wp-content\/uploads\/2019\/07\/IMG_7925_compress45-768x512.jpg 768w, http:\/\/lichri.radeln-in-den-sonnenaufgang.de\/wp-content\/uploads\/2019\/07\/IMG_7925_compress45.jpg 1296w\" sizes=\"(max-width: 767px) 89vw, (max-width: 1000px) 54vw, (max-width: 1071px) 543px, 580px\" \/><\/figure>\n\n\n\n<p>Zwischenspiel: Es ist inzwischen &#8211; zum Zeitpunkt als ich dies schreibe &#8211; fortgeschrittener Vormittag. Lisa hat bereits das Zelt und die Schlafs\u00e4cke zusammenger\u00e4umt und richtet das Fr\u00fchst\u00fcck, um mir Zeit zum Schreiben zu geben. Ja, das hier zu schreiben kostet wirklich viel Zeit. Deshalb ziehe ich ab hier das Tempo ein wenig an.<\/p>\n\n\n\n<p>Die Insel Hiiumaa umrundeten wir in zwei Tagen. Die erste Nacht verbrachten wir noch <br>auf einem &#8211; in meiner Karte als Campingplatz verzeichnetem &#8211; Grundst\u00fcck mit Bungalows, IN einem Bungalow, da das Zelten nicht gestattet war. Das war zwar etwas teurer als ein normaler Zeltplatz, zu viert aber konnten wir uns auch das leisten. wir genossen die Nacht in Betten und radelten am n\u00e4chsten Morgen zu einem gro\u00dfen, uralten Leuchtturm. Unterwegs hatte Lisa den zweiten Platten der Reise. Wir machten Pause, lagen in der Sonne und reparierten das Rad. Just in dem Moment wollte eine Frau mit ihrem Auto vorbei. Wir lie\u00dfen sie passieren und sie kurbelte das Fenster herunter und bot uns an, sollten wir etwas brauchen, zu ihnen zu kommen. Wir sa\u00dfen in ihrer Einfahrt, wie wir feststellten. Ich ging  zum H\u00e4ndewaschen und Flasche auff\u00fcllen und lernte dort zwei sehr s\u00fc\u00dfe \u00e4ltere Mitmenschen kennen. Die Estin, die viele Jahre in Schweden arbeitete, sowie ihren d\u00e4nischen Mann. Sie sprachen sehr gut Englisch und gaben uns ihre Nummer, sollten wir nochmal Probleme haben. Zum Gl\u00fcck jedoch hatten wir keine und fanden f\u00fcr die Nacht sogar den sch\u00f6nen, ja sch\u00f6nsten Zeltplatz der Reise, den sie uns empfohlen. Ebenfalls ein RMK-Platz. <\/p>\n\n\n\n<figure class=\"wp-block-image\"><img decoding=\"async\" loading=\"lazy\" width=\"683\" height=\"1024\" src=\"http:\/\/lichri.radeln-in-den-sonnenaufgang.de\/wp-content\/uploads\/2019\/07\/IMG_7875_compress3-e1561974412623-683x1024.jpg\" alt=\"\" class=\"wp-image-376\" srcset=\"http:\/\/lichri.radeln-in-den-sonnenaufgang.de\/wp-content\/uploads\/2019\/07\/IMG_7875_compress3-e1561974412623-683x1024.jpg 683w, http:\/\/lichri.radeln-in-den-sonnenaufgang.de\/wp-content\/uploads\/2019\/07\/IMG_7875_compress3-e1561974412623-200x300.jpg 200w, http:\/\/lichri.radeln-in-den-sonnenaufgang.de\/wp-content\/uploads\/2019\/07\/IMG_7875_compress3-e1561974412623-768x1152.jpg 768w, http:\/\/lichri.radeln-in-den-sonnenaufgang.de\/wp-content\/uploads\/2019\/07\/IMG_7875_compress3-e1561974412623.jpg 864w\" sizes=\"(max-width: 683px) 100vw, 683px\" \/><\/figure>\n\n\n\n<p>Tagsdrauf setzten wir aufs Festland \u00fcber und fuhren einen kommerziellen Campingplatz an Haapsalu an. Wir erkundeten die Stadt, sa\u00dfen unerlaubterweise in der Sauna des Platzes und genossen viel gutes Essen zu viert. Haapsalu ist zwar eine sch\u00f6ne Stadt, doch nach einem Pausetag hier fuhren wir dennoch weiter,  um Mittsommer andernorts zu verbringen. Wir verbrachten eine weitere Nacht auf einem RMK Platz bei Keido. Hier kamen einige Esten hin, um das Mittsommer-Wocenende hier zu verbringen. Auch zwei techno-affine kleine Familien, die mich auf meine Bitte hin, die Musik abzustellen (ALLE waren in ihren Zelten und schliefen oder versuchten dies &#8211; au\u00dfer sie), zu Bier, Kuchen und Gespr\u00e4chen \u00fcber Estland , Mitsommer und Techno-Szene Estlands einluden.<\/p>\n\n\n\n<p>Feuer<\/p>\n\n\n\n<p>Eigentlich war unser Plan, nach einer Begegnung mit einem schweizst\u00e4mmigen Neu-Esten, die Feierlichkeiten in Keila aufzuchen, doch unterwegs nach Keila-Joa, wo es sch\u00f6ne Wasserf\u00e4lle geben sollte fragten wir in einem Restaurant, wo wir unsere Wasserflaschen auff\u00fcllen lie\u00dfen &#8211; sehr freundlich! &#8211; nach Feierlichkeiten in der N\u00e4he und wurden nach Lohusalu gewiesen. In dem kleinen K\u00fcstenort soll es am Hafen ein gro\u00dfes Feuer geben. Gesagt getan, wir fuhren dorthin und suchten uns einen Zeltplatz f\u00fcr die Nacht. Sp\u00e4ter am Abend erfuhren wir jedoch, dass unser Zelt am Rand eines Parkplatzes steht, der sich dann auch prompt f\u00fcllte. Also w\u00fcrde unser Zelt auf einem Parkplatz stehen. Auch gut. Was noch weniger erfreulich war, war die Tatsache, dass man von uns 15 Euro pro Person verlangte, um aufs Festgel\u00e4nde zu kommen. Hier w\u00fcrde es ein rie\u00dfiges Feuer und Konzerte geben. Wir verzichteten und betrachteten das Spektakel und die Feuers\u00e4ule vom abseitsgelegenen Strand mit Schokolade. Ich hatte den Mut &#8211; oder Verdruss &#8211; durchs Wasser der Bucht auf das Festgel\u00e4nde zum Feuer zu waten. Ich wollte es aus der N\u00e4he sehen. Es war unglaublich hei\u00df auf den runden Steinen der Hafenbef\u00e4stigung. <\/p>\n\n\n\n<ul class=\"is-layout-flex wp-block-gallery-5 wp-block-gallery columns-3 is-cropped\"><li class=\"blocks-gallery-item\"><figure><img decoding=\"async\" loading=\"lazy\" width=\"683\" height=\"1024\" src=\"http:\/\/lichri.radeln-in-den-sonnenaufgang.de\/wp-content\/uploads\/2019\/07\/IMG_8018_compress93-e1561974380587-683x1024.jpg\" alt=\"\" data-id=\"381\" data-link=\"http:\/\/lichri.radeln-in-den-sonnenaufgang.de\/?attachment_id=381\" class=\"wp-image-381\" srcset=\"http:\/\/lichri.radeln-in-den-sonnenaufgang.de\/wp-content\/uploads\/2019\/07\/IMG_8018_compress93-e1561974380587-683x1024.jpg 683w, http:\/\/lichri.radeln-in-den-sonnenaufgang.de\/wp-content\/uploads\/2019\/07\/IMG_8018_compress93-e1561974380587-200x300.jpg 200w, http:\/\/lichri.radeln-in-den-sonnenaufgang.de\/wp-content\/uploads\/2019\/07\/IMG_8018_compress93-e1561974380587-768x1152.jpg 768w, http:\/\/lichri.radeln-in-den-sonnenaufgang.de\/wp-content\/uploads\/2019\/07\/IMG_8018_compress93-e1561974380587.jpg 864w\" sizes=\"(max-width: 683px) 100vw, 683px\" \/><\/figure><\/li><li class=\"blocks-gallery-item\"><figure><img decoding=\"async\" loading=\"lazy\" width=\"1024\" height=\"683\" src=\"http:\/\/lichri.radeln-in-den-sonnenaufgang.de\/wp-content\/uploads\/2019\/07\/IMG_8070_compress91-1024x683.jpg\" alt=\"\" data-id=\"382\" data-link=\"http:\/\/lichri.radeln-in-den-sonnenaufgang.de\/?attachment_id=382\" class=\"wp-image-382\" srcset=\"http:\/\/lichri.radeln-in-den-sonnenaufgang.de\/wp-content\/uploads\/2019\/07\/IMG_8070_compress91-1024x683.jpg 1024w, http:\/\/lichri.radeln-in-den-sonnenaufgang.de\/wp-content\/uploads\/2019\/07\/IMG_8070_compress91-300x200.jpg 300w, http:\/\/lichri.radeln-in-den-sonnenaufgang.de\/wp-content\/uploads\/2019\/07\/IMG_8070_compress91-768x512.jpg 768w, http:\/\/lichri.radeln-in-den-sonnenaufgang.de\/wp-content\/uploads\/2019\/07\/IMG_8070_compress91.jpg 1296w\" sizes=\"(max-width: 767px) 89vw, (max-width: 1000px) 54vw, (max-width: 1071px) 543px, 580px\" \/><\/figure><\/li><li class=\"blocks-gallery-item\"><figure><img decoding=\"async\" loading=\"lazy\" width=\"1024\" height=\"683\" src=\"http:\/\/lichri.radeln-in-den-sonnenaufgang.de\/wp-content\/uploads\/2019\/07\/IMG_8031_compress72-1024x683.jpg\" alt=\"\" data-id=\"380\" data-link=\"http:\/\/lichri.radeln-in-den-sonnenaufgang.de\/?attachment_id=380\" class=\"wp-image-380\" srcset=\"http:\/\/lichri.radeln-in-den-sonnenaufgang.de\/wp-content\/uploads\/2019\/07\/IMG_8031_compress72-1024x683.jpg 1024w, http:\/\/lichri.radeln-in-den-sonnenaufgang.de\/wp-content\/uploads\/2019\/07\/IMG_8031_compress72-300x200.jpg 300w, http:\/\/lichri.radeln-in-den-sonnenaufgang.de\/wp-content\/uploads\/2019\/07\/IMG_8031_compress72-768x512.jpg 768w, http:\/\/lichri.radeln-in-den-sonnenaufgang.de\/wp-content\/uploads\/2019\/07\/IMG_8031_compress72.jpg 1296w\" sizes=\"(max-width: 767px) 89vw, (max-width: 1000px) 54vw, (max-width: 1071px) 543px, 580px\" \/><\/figure><\/li><li class=\"blocks-gallery-item\"><figure><img decoding=\"async\" loading=\"lazy\" width=\"1024\" height=\"683\" src=\"http:\/\/lichri.radeln-in-den-sonnenaufgang.de\/wp-content\/uploads\/2019\/07\/IMG_8057_compress63-1024x683.jpg\" alt=\"\" data-id=\"383\" data-link=\"http:\/\/lichri.radeln-in-den-sonnenaufgang.de\/?attachment_id=383\" class=\"wp-image-383\" srcset=\"http:\/\/lichri.radeln-in-den-sonnenaufgang.de\/wp-content\/uploads\/2019\/07\/IMG_8057_compress63-1024x683.jpg 1024w, http:\/\/lichri.radeln-in-den-sonnenaufgang.de\/wp-content\/uploads\/2019\/07\/IMG_8057_compress63-300x200.jpg 300w, http:\/\/lichri.radeln-in-den-sonnenaufgang.de\/wp-content\/uploads\/2019\/07\/IMG_8057_compress63-768x512.jpg 768w, http:\/\/lichri.radeln-in-den-sonnenaufgang.de\/wp-content\/uploads\/2019\/07\/IMG_8057_compress63.jpg 1296w\" sizes=\"(max-width: 767px) 89vw, (max-width: 1000px) 54vw, (max-width: 1071px) 543px, 580px\" \/><\/figure><\/li><\/ul>\n\n\n\n<p>Wir genossen den Abend zu viert, tollten am Strand, betrachteten den Sonnenuntergang und kamen auf dem R\u00fcckweg letztlich doch noch an einem weiteren gro\u00dfen Feuer vorbei, um das sich eine Gruppe von 6 Personen und 2 Kindern aufhielt. Wir gesellten uns, mit ihrer Erlaubnis, zu ihnen. Wenig sp\u00e4ter tranken wir Wodka, Cocktails, Bier und a\u00dfen Gurken, Oliven und K\u00e4se. Lisa und ich blieben hier sicher noch zwei Stunden, bevor wir Clara und Friedi zu den Zelten folgten, auf dem sich leerenden Parkplatz. <\/p>\n\n\n\n<p>V\u00f6llig verkartet startete ich mit den M\u00e4dels nun in den ersten k\u00fcrzeren Tag nach der Sonnenwende und wir fuhren nach Keila-Joa. Dort angekommen ging es mir schon viel besser. Wir genossen die Gischt des Wasserfalls, die F\u00fc\u00dfe im kalten Nass, die Sonne auf unseren Gesichtern &#8211; die Fritten auf unseren Tellern am Touri-Restaurant. Heute ging es noch nach Tallinn. Friedi hatte uns schon eine Unterkunft f\u00fcr zwei N\u00e4chte gecheckt, ein \u00fcbergro\u00dfes Hostelzimmer f\u00fcr vier in einem wundersch\u00f6nen Altbau, in das wir gemeinsam mit unseren vier R\u00e4dern locker hineinpassten. <\/p>\n\n\n\n<ul class=\"is-layout-flex wp-block-gallery-7 wp-block-gallery columns-2 is-cropped\"><li class=\"blocks-gallery-item\"><figure><img decoding=\"async\" loading=\"lazy\" width=\"1024\" height=\"683\" src=\"http:\/\/lichri.radeln-in-den-sonnenaufgang.de\/wp-content\/uploads\/2019\/07\/IMG_8135_compress96-1024x683.jpg\" alt=\"\" data-id=\"385\" data-link=\"http:\/\/lichri.radeln-in-den-sonnenaufgang.de\/?attachment_id=385\" class=\"wp-image-385\" srcset=\"http:\/\/lichri.radeln-in-den-sonnenaufgang.de\/wp-content\/uploads\/2019\/07\/IMG_8135_compress96-1024x683.jpg 1024w, http:\/\/lichri.radeln-in-den-sonnenaufgang.de\/wp-content\/uploads\/2019\/07\/IMG_8135_compress96-300x200.jpg 300w, http:\/\/lichri.radeln-in-den-sonnenaufgang.de\/wp-content\/uploads\/2019\/07\/IMG_8135_compress96-768x512.jpg 768w, http:\/\/lichri.radeln-in-den-sonnenaufgang.de\/wp-content\/uploads\/2019\/07\/IMG_8135_compress96.jpg 1296w\" sizes=\"(max-width: 767px) 89vw, (max-width: 1000px) 54vw, (max-width: 1071px) 543px, 580px\" \/><\/figure><\/li><li class=\"blocks-gallery-item\"><figure><img decoding=\"async\" loading=\"lazy\" width=\"683\" height=\"1024\" src=\"http:\/\/lichri.radeln-in-den-sonnenaufgang.de\/wp-content\/uploads\/2019\/07\/IMG_8106_compress76-e1561974351645-683x1024.jpg\" alt=\"\" data-id=\"384\" data-link=\"http:\/\/lichri.radeln-in-den-sonnenaufgang.de\/?attachment_id=384\" class=\"wp-image-384\" srcset=\"http:\/\/lichri.radeln-in-den-sonnenaufgang.de\/wp-content\/uploads\/2019\/07\/IMG_8106_compress76-e1561974351645-683x1024.jpg 683w, http:\/\/lichri.radeln-in-den-sonnenaufgang.de\/wp-content\/uploads\/2019\/07\/IMG_8106_compress76-e1561974351645-200x300.jpg 200w, http:\/\/lichri.radeln-in-den-sonnenaufgang.de\/wp-content\/uploads\/2019\/07\/IMG_8106_compress76-e1561974351645-768x1152.jpg 768w, http:\/\/lichri.radeln-in-den-sonnenaufgang.de\/wp-content\/uploads\/2019\/07\/IMG_8106_compress76-e1561974351645.jpg 864w\" sizes=\"(max-width: 683px) 100vw, 683px\" \/><\/figure><\/li><\/ul>\n\n\n\n<p>Lisa schreibt weiter. Zwischenspiel: wir befinden uns in einem Tankstellen-Caf\u00e9 kurz vor der Grenze zu Russland. Bis dahin ist recht viel passiert. Heute morgen haben wir nach dem Fr\u00fchst\u00fcck den Blogeintrag bereits fertig geschrieben, Bilder hochgeladen und wollten alles gerade ver\u00f6ffentlichen, als WordPress versagte und kurz darauf alle Akkus (beide Handys und Tablet sowie beide Powerbanks) schlapp machten und die H\u00e4lfte des Blogeintrags &#8211; tataaaa &#8211; verschwunden war. Ab hier ist also mein zweiter Versuch das Geschehene zu beschreiben, ich kann nicht versprechen, dass es mir noch einmal so gut gelingt. Recht verzweifelt machten wir uns auf den Weg Richtung Osten. Diesmal wirklich ohne jegliche Navigation. Wie ihr ja jetzt wisst, haben wir es bis zur Grenze geschafft &#8211; das schonmal vorweggenommen. So jetzt weiter im Text&#8230; <\/p>\n\n\n\n<p>Stadt am Meer<\/p>\n\n\n\n<figure class=\"wp-block-image\"><img decoding=\"async\" loading=\"lazy\" width=\"1024\" height=\"683\" src=\"http:\/\/lichri.radeln-in-den-sonnenaufgang.de\/wp-content\/uploads\/2019\/07\/IMG_8171_compress97-1024x683.jpg\" alt=\"\" class=\"wp-image-386\" srcset=\"http:\/\/lichri.radeln-in-den-sonnenaufgang.de\/wp-content\/uploads\/2019\/07\/IMG_8171_compress97-1024x683.jpg 1024w, http:\/\/lichri.radeln-in-den-sonnenaufgang.de\/wp-content\/uploads\/2019\/07\/IMG_8171_compress97-300x200.jpg 300w, http:\/\/lichri.radeln-in-den-sonnenaufgang.de\/wp-content\/uploads\/2019\/07\/IMG_8171_compress97-768x512.jpg 768w, http:\/\/lichri.radeln-in-den-sonnenaufgang.de\/wp-content\/uploads\/2019\/07\/IMG_8171_compress97.jpg 1296w\" sizes=\"(max-width: 767px) 89vw, (max-width: 1000px) 54vw, (max-width: 1071px) 543px, 580px\" \/><\/figure>\n\n\n\n<p>In Tallinn angekommen g\u00f6nnten wir uns in unserem Luxuszimmer eine Dusche. Frisch und munter, jedoch mit einigerma\u00dfen &#8222;Knast&#8220; wie die M\u00e4dels sagen w\u00fcrden, entschieden wir uns Pizzaessen zu gehen. Ich denke das war das erste Mal auf dieser Reise, dass wir nach dem Essen nicht mehr \u00fcber mehr Essen nachdenken,  geschweige denn das Wort &#8222;K\u00e4se&#8220; in den Mund nehmen durften. Nicht dass es nicht gut geschmeckt hat &#8211; die Pizza war lecker. Es war nur unglaublich viel. Nach diesem Schlemm-Erlebnis machten wir uns auf, um die alt-ehrw\u00fcrdige Stadt im sch\u00f6nen Abendlicht noch etwas zu erkunden. Wir M\u00e4dels waren jedoch sehr schnell ersch\u00f6pft und entschieden zur\u00fcck ins Hostel zu gehen, w\u00e4hrend Chris alleine weiter zog und begleitet von einem Igel und Apple-Cider noch Aussicht und Feuerjonglage genoss. <\/p>\n\n\n\n<ul class=\"is-layout-flex wp-block-gallery-9 wp-block-gallery columns-3 is-cropped\"><li class=\"blocks-gallery-item\"><figure><img decoding=\"async\" loading=\"lazy\" width=\"768\" height=\"1024\" src=\"http:\/\/lichri.radeln-in-den-sonnenaufgang.de\/wp-content\/uploads\/2019\/07\/DSC_1190-e1562002864778-768x1024.jpg\" alt=\"\" data-id=\"398\" data-link=\"http:\/\/lichri.radeln-in-den-sonnenaufgang.de\/?attachment_id=398\" class=\"wp-image-398\" srcset=\"http:\/\/lichri.radeln-in-den-sonnenaufgang.de\/wp-content\/uploads\/2019\/07\/DSC_1190-e1562002864778-768x1024.jpg 768w, http:\/\/lichri.radeln-in-den-sonnenaufgang.de\/wp-content\/uploads\/2019\/07\/DSC_1190-e1562002864778-225x300.jpg 225w\" sizes=\"(max-width: 767px) 89vw, (max-width: 1000px) 54vw, (max-width: 1071px) 543px, 580px\" \/><\/figure><\/li><li class=\"blocks-gallery-item\"><figure><img decoding=\"async\" loading=\"lazy\" width=\"1024\" height=\"683\" src=\"http:\/\/lichri.radeln-in-den-sonnenaufgang.de\/wp-content\/uploads\/2019\/07\/IMG_8207_compress20-1024x683.jpg\" alt=\"\" data-id=\"389\" data-link=\"http:\/\/lichri.radeln-in-den-sonnenaufgang.de\/?attachment_id=389\" class=\"wp-image-389\" srcset=\"http:\/\/lichri.radeln-in-den-sonnenaufgang.de\/wp-content\/uploads\/2019\/07\/IMG_8207_compress20-1024x683.jpg 1024w, http:\/\/lichri.radeln-in-den-sonnenaufgang.de\/wp-content\/uploads\/2019\/07\/IMG_8207_compress20-300x200.jpg 300w, http:\/\/lichri.radeln-in-den-sonnenaufgang.de\/wp-content\/uploads\/2019\/07\/IMG_8207_compress20-768x512.jpg 768w, http:\/\/lichri.radeln-in-den-sonnenaufgang.de\/wp-content\/uploads\/2019\/07\/IMG_8207_compress20.jpg 1296w\" sizes=\"(max-width: 767px) 89vw, (max-width: 1000px) 54vw, (max-width: 1071px) 543px, 580px\" \/><\/figure><\/li><li class=\"blocks-gallery-item\"><figure><img decoding=\"async\" loading=\"lazy\" width=\"683\" height=\"1024\" src=\"http:\/\/lichri.radeln-in-den-sonnenaufgang.de\/wp-content\/uploads\/2019\/07\/IMG_8190_compress41-e1561974307645-683x1024.jpg\" alt=\"\" data-id=\"388\" data-link=\"http:\/\/lichri.radeln-in-den-sonnenaufgang.de\/?attachment_id=388\" class=\"wp-image-388\" srcset=\"http:\/\/lichri.radeln-in-den-sonnenaufgang.de\/wp-content\/uploads\/2019\/07\/IMG_8190_compress41-e1561974307645-683x1024.jpg 683w, http:\/\/lichri.radeln-in-den-sonnenaufgang.de\/wp-content\/uploads\/2019\/07\/IMG_8190_compress41-e1561974307645-200x300.jpg 200w, http:\/\/lichri.radeln-in-den-sonnenaufgang.de\/wp-content\/uploads\/2019\/07\/IMG_8190_compress41-e1561974307645-768x1152.jpg 768w, http:\/\/lichri.radeln-in-den-sonnenaufgang.de\/wp-content\/uploads\/2019\/07\/IMG_8190_compress41-e1561974307645.jpg 864w\" sizes=\"(max-width: 683px) 100vw, 683px\" \/><\/figure><\/li><li class=\"blocks-gallery-item\"><figure><img decoding=\"async\" loading=\"lazy\" width=\"683\" height=\"1024\" src=\"http:\/\/lichri.radeln-in-den-sonnenaufgang.de\/wp-content\/uploads\/2019\/07\/IMG_8201_compress1-e1561974326111-683x1024.jpg\" alt=\"\" data-id=\"387\" data-link=\"http:\/\/lichri.radeln-in-den-sonnenaufgang.de\/?attachment_id=387\" class=\"wp-image-387\" srcset=\"http:\/\/lichri.radeln-in-den-sonnenaufgang.de\/wp-content\/uploads\/2019\/07\/IMG_8201_compress1-e1561974326111-683x1024.jpg 683w, http:\/\/lichri.radeln-in-den-sonnenaufgang.de\/wp-content\/uploads\/2019\/07\/IMG_8201_compress1-e1561974326111-200x300.jpg 200w, http:\/\/lichri.radeln-in-den-sonnenaufgang.de\/wp-content\/uploads\/2019\/07\/IMG_8201_compress1-e1561974326111-768x1152.jpg 768w, http:\/\/lichri.radeln-in-den-sonnenaufgang.de\/wp-content\/uploads\/2019\/07\/IMG_8201_compress1-e1561974326111.jpg 864w\" sizes=\"(max-width: 683px) 100vw, 683px\" \/><\/figure><\/li><li class=\"blocks-gallery-item\"><figure><img decoding=\"async\" loading=\"lazy\" width=\"683\" height=\"1024\" src=\"http:\/\/lichri.radeln-in-den-sonnenaufgang.de\/wp-content\/uploads\/2019\/07\/IMG_8219_compress48-e1561974284706-683x1024.jpg\" alt=\"\" data-id=\"391\" data-link=\"http:\/\/lichri.radeln-in-den-sonnenaufgang.de\/?attachment_id=391\" class=\"wp-image-391\" srcset=\"http:\/\/lichri.radeln-in-den-sonnenaufgang.de\/wp-content\/uploads\/2019\/07\/IMG_8219_compress48-e1561974284706-683x1024.jpg 683w, http:\/\/lichri.radeln-in-den-sonnenaufgang.de\/wp-content\/uploads\/2019\/07\/IMG_8219_compress48-e1561974284706-200x300.jpg 200w, http:\/\/lichri.radeln-in-den-sonnenaufgang.de\/wp-content\/uploads\/2019\/07\/IMG_8219_compress48-e1561974284706-768x1152.jpg 768w, http:\/\/lichri.radeln-in-den-sonnenaufgang.de\/wp-content\/uploads\/2019\/07\/IMG_8219_compress48-e1561974284706.jpg 864w\" sizes=\"(max-width: 683px) 100vw, 683px\" \/><\/figure><\/li><\/ul>\n\n\n\n<p>Am n\u00e4chsten morgen waren wir fest entschlossen Tallinn noch besser kennenzulernen. Das zog sich etwas, da wir vorher noch W\u00e4sche waschen und das Ticket f\u00fcr die F\u00e4hre nach Helsinki am n\u00e4chsten Tag buchen wollten. Nach einem oder mehreren kleinen Wutausbr\u00fcchen konnten wir uns dann doch auf den Weg machen. Die anschlie\u00dfende Free-Tour Stadtf\u00fchrung hob die Stimmung und auch wenn Chris die Altstadt Tallinns schon zum gro\u00dfen Teil erkundet hatte, wurden unsere Eindr\u00fccke von der jungen sympatischen F\u00fchrerin um viele Sagen und Legenden bereichert. Vollends vers\u00f6hnt wurden wir mit dem Tag, als wir uns am Abend mit den M\u00e4dels zum Abschiedsessen im veganen Restaurant trafen. <\/p>\n\n\n\n<p>Abschied<\/p>\n\n\n\n<p>Nach einem super leckeren Abendessen (ohne K\u00e4se, stattdessen Bowls und Burger mit S\u00fc\u00dfkartoffel-Pommes) wurden wir von den beiden Dresdnerinnen noch einmal ziemlich \u00fcberrascht. Sie hatten die Zeit, die sie mal wieder auf uns warten mussten, genutzt und uns ein wundersch\u00f6nes, sehr kreatives Abschiedslied gedichtet. Aber nicht genug, sie versorgten uns mit Honig, Tee und getrockneten Aprikosen. Au\u00dferdem wechselte Claras Talisman die Besitzer und soll uns auf der weiteren Reise begleiten. Wir hatten beide Pipi in den Augen und der Abschied sollte uns nur noch schwerer fallen. Zuguterletzt schauten wir uns, zur\u00fcck im Hostel, die Bilder der gemeinsamen Zeit an, lachten und quatschen, bis uns die Augen zufielen. Ein rundum gelungener Abend mit zwei guten Freundinnen. <\/p>\n\n\n\n<p>Stress, Regeneration und Reparaturen<\/p>\n\n\n\n<p>Am n\u00e4chsten Tag ging es f\u00fcr die M\u00e4dels weiter in den Nationalpark im Osten Estlands und f\u00fcr uns mit der gro\u00dfen F\u00e4hre nach Helsinki. Es war beeindruckend mit den kleinen R\u00e4dern in den riesigen Bauch eines solchen Schiffes zu fahren. Ich hatte etwas Angst, dass wir die R\u00e4der nicht wieder finden w\u00fcrden. Es ging dann aber alles gut und wir kamen bei Sonnenschein an der Seefestung vorbei und in Helsinki an. Trotz aller Bem\u00fchungen hatten wir am Abend jedoch noch keinen Schlafplatz f\u00fcr die Nacht. An dieser Stelle vielen Dank an Daniel, der zuhause alle Hebel in Bewegung setzte. Etwas verzweifelt und auch fr\u00f6stelnd, da es inzwischen angefangen hat zu nieseln, g\u00f6nnten wir uns am Abend im Vapiano eine Pizza (womit wir die Wette wohl gewonnen haben als n\u00e4chste wieder Pizza-Hunger zu versp\u00fcren). Au\u00dferdem war die 14Euro Vapiano-Pizza noch das erschwinglichste was wir finden konnten. Wir entschlossen uns dann doch ein Hostelzimmer, das ziemlich teuer, aber auch ziemlich schick war, zu buchen und nicht auf der Parkbank zu enden. <\/p>\n\n\n\n<ul class=\"is-layout-flex wp-block-gallery-11 wp-block-gallery columns-2 is-cropped\"><li class=\"blocks-gallery-item\"><figure><img decoding=\"async\" loading=\"lazy\" width=\"1024\" height=\"683\" src=\"http:\/\/lichri.radeln-in-den-sonnenaufgang.de\/wp-content\/uploads\/2019\/07\/IMG_8240_compress43-1024x683.jpg\" alt=\"\" data-id=\"392\" data-link=\"http:\/\/lichri.radeln-in-den-sonnenaufgang.de\/?attachment_id=392\" class=\"wp-image-392\" srcset=\"http:\/\/lichri.radeln-in-den-sonnenaufgang.de\/wp-content\/uploads\/2019\/07\/IMG_8240_compress43-1024x683.jpg 1024w, http:\/\/lichri.radeln-in-den-sonnenaufgang.de\/wp-content\/uploads\/2019\/07\/IMG_8240_compress43-300x200.jpg 300w, http:\/\/lichri.radeln-in-den-sonnenaufgang.de\/wp-content\/uploads\/2019\/07\/IMG_8240_compress43-768x512.jpg 768w, http:\/\/lichri.radeln-in-den-sonnenaufgang.de\/wp-content\/uploads\/2019\/07\/IMG_8240_compress43.jpg 1296w\" sizes=\"(max-width: 767px) 89vw, (max-width: 1000px) 54vw, (max-width: 1071px) 543px, 580px\" \/><\/figure><\/li><li class=\"blocks-gallery-item\"><figure><img decoding=\"async\" loading=\"lazy\" width=\"683\" height=\"1024\" src=\"http:\/\/lichri.radeln-in-den-sonnenaufgang.de\/wp-content\/uploads\/2019\/07\/IMG_8293_compress88-e1561974262899-683x1024.jpg\" alt=\"\" data-id=\"393\" data-link=\"http:\/\/lichri.radeln-in-den-sonnenaufgang.de\/?attachment_id=393\" class=\"wp-image-393\" srcset=\"http:\/\/lichri.radeln-in-den-sonnenaufgang.de\/wp-content\/uploads\/2019\/07\/IMG_8293_compress88-e1561974262899-683x1024.jpg 683w, http:\/\/lichri.radeln-in-den-sonnenaufgang.de\/wp-content\/uploads\/2019\/07\/IMG_8293_compress88-e1561974262899-200x300.jpg 200w, http:\/\/lichri.radeln-in-den-sonnenaufgang.de\/wp-content\/uploads\/2019\/07\/IMG_8293_compress88-e1561974262899-768x1152.jpg 768w, http:\/\/lichri.radeln-in-den-sonnenaufgang.de\/wp-content\/uploads\/2019\/07\/IMG_8293_compress88-e1561974262899.jpg 864w\" sizes=\"(max-width: 683px) 100vw, 683px\" \/><\/figure><\/li><\/ul>\n\n\n\n<p>Der n\u00e4chtste Tag sollte also herhalten, um Helsinki geb\u00fchrend zu betrachten. Aber auch hier gab es vorerst andere Priorit\u00e4ten und wir schleppten unsere R\u00e4der zum n\u00e4chsten Radladen, um sie f\u00fcr die kommenden paar Tausend Kilometer in  Asien fit zu machen. Etwas erschrocken mussten wir erfahren, dass die Reperaturzeit gerade bei ca. zwei Wochen liegt und sie uns leider nicht hineinschieben konnten. Der Mechaniker war jedoch so freundlich unsere R\u00e4der einem kostenlosen F\u00fcnf-Minuten-Check zu unterziehen und uns zu sagen, was dringend repariert werden muss. Bei meiner Kette war dann er es, der etwas erschrocken wirkte. Er meinte die Kette m\u00fcsste &#8222;immediatly&#8220; gewechselt werden. Bei seinem Gewicht und seiner Kraft w\u00fcrde sie wohl direkt zerspringen. Er erkl\u00e4rte uns dann noch bei welchen Mechanikern wir es probieren k\u00f6nnten und dort hatten wir dann auch Gl\u00fcck. Zwei Stunden sp\u00e4ter waren die R\u00e4der repariert und mit neuem, sicheren Fahrgef\u00fchl konnte es weiter gehen. Wir nutzen die Zeit, um die Touri-Atraktionen und Second-Hand-L\u00e4den abzuklappern und mir viel es wirklich sehr schwer nicht noch mehr Geld ausgeben. Wie gerne h\u00e4tte ich mir ein Kleid gekauft&#8230; Aber wie mitnehmen, wann anziehen? Die Vernunft siegte und das Kleid blieb im Laden. Die 25 Euro investierte ich dann in den Differenzbetrag von Schwalbe zu Continental-M\u00e4nteln. Wahrscheinlich besser investiertes Geld. Die R\u00e4der sind also wieder fit und die Geldbeutel leichter. Das erg\u00e4nzt sich doch ganz gut, sollten wir dementsprechend schneller voran kommen. <\/p>\n\n\n\n<p>Versorgung<\/p>\n\n\n\n<p>Am sp\u00e4ten Nachmittag erwartete uns unsere WarmShowers-Gastgeberin Laura und bereicherte uns in dem sie ihr Zimmer und einige Informationen \u00fcber Helsinki und das sch\u00f6ne Finnland im Allgemeinen mit uns teilte. <\/p>\n\n\n\n<p>So richtig entspannen konnten wir dann jedoch erst am n\u00e4chsten Tag, als es wieder aus Helsinki hinaus ging. Das war der Tag, an dem wir mit dieser sehr sch\u00f6nen Stadt vers\u00f6hnt wurden. Mit den vollbepackten R\u00e4dern fuhren wir am Hafen entlang \u00fcber viele kleine Inseln aus der Hauptstadt Finnlands hinaus und waren beeindruckt von so viel Gr\u00fcn und so gut ausgebauten, wundersch\u00f6nen Fahrradwegen. Helsinki ist eine Reise wert. Auch (oder vielleicht besonders) abseits der touristischen Sehensw\u00fcrdigkeiten. <\/p>\n\n\n\n<figure class=\"wp-block-image\"><img decoding=\"async\" loading=\"lazy\" width=\"683\" height=\"1024\" src=\"http:\/\/lichri.radeln-in-den-sonnenaufgang.de\/wp-content\/uploads\/2019\/07\/IMG_8323_compress71-e1561974542627-683x1024.jpg\" alt=\"\" class=\"wp-image-362\" srcset=\"http:\/\/lichri.radeln-in-den-sonnenaufgang.de\/wp-content\/uploads\/2019\/07\/IMG_8323_compress71-e1561974542627-683x1024.jpg 683w, http:\/\/lichri.radeln-in-den-sonnenaufgang.de\/wp-content\/uploads\/2019\/07\/IMG_8323_compress71-e1561974542627-200x300.jpg 200w, http:\/\/lichri.radeln-in-den-sonnenaufgang.de\/wp-content\/uploads\/2019\/07\/IMG_8323_compress71-e1561974542627-768x1152.jpg 768w, http:\/\/lichri.radeln-in-den-sonnenaufgang.de\/wp-content\/uploads\/2019\/07\/IMG_8323_compress71-e1561974542627.jpg 864w\" sizes=\"(max-width: 683px) 100vw, 683px\" \/><\/figure>\n\n\n\n<p>Der Weg Richtung Osten f\u00fchrte uns nach Porvoo, einer s\u00fc\u00dfen, kleinen Stadt mit schmalen Gassen, skandinavischen Holzh\u00e4uschen und bezaubernden L\u00e4dchen. Es ist das Weimar Finnlands, die Dichterstadt der Finnen und ebenfalls touristisches Ausflugsziel. Wir kamen am Abend bei Sonnenuntergangsbeleuchtung an und hatten das Privileg die Stadt recht verlassen und ruhig vorzufinden. Wir schauten uns noch eine Weile um, bevor wir unser Zelt im nahe gelegenen Burg-Park aufschlugen (ein Tipp von Laura). Am n\u00e4chsten Morgen waren wir dann recht \u00fcberrascht, wo denn die ganzen Touristen herkamen, um die Stra\u00dfen zum \u00fcberlaufen zu bringen. Jetzt musste man doch etwas nach den kleinen Gassen und L\u00e4den ausschau halten, um sie zwischen alle den Menschen finden zu k\u00f6nnen. Wir erfuhren von einem Konzert im Hinterhof der Touri-Info und entschlossen kurzerhand Maija Kauhanen und ihrem Mittelfinnischen-Zupfinstrument zu lauschen. Es war wundersch\u00f6n. <\/p>\n\n\n\n<figure class=\"wp-block-image\"><img decoding=\"async\" loading=\"lazy\" width=\"683\" height=\"1024\" src=\"http:\/\/lichri.radeln-in-den-sonnenaufgang.de\/wp-content\/uploads\/2019\/07\/IMG_8320_compress81-e1561974531593-683x1024.jpg\" alt=\"\" class=\"wp-image-364\" srcset=\"http:\/\/lichri.radeln-in-den-sonnenaufgang.de\/wp-content\/uploads\/2019\/07\/IMG_8320_compress81-e1561974531593-683x1024.jpg 683w, http:\/\/lichri.radeln-in-den-sonnenaufgang.de\/wp-content\/uploads\/2019\/07\/IMG_8320_compress81-e1561974531593-200x300.jpg 200w, http:\/\/lichri.radeln-in-den-sonnenaufgang.de\/wp-content\/uploads\/2019\/07\/IMG_8320_compress81-e1561974531593-768x1152.jpg 768w, http:\/\/lichri.radeln-in-den-sonnenaufgang.de\/wp-content\/uploads\/2019\/07\/IMG_8320_compress81-e1561974531593.jpg 864w\" sizes=\"(max-width: 683px) 100vw, 683px\" \/><\/figure>\n\n\n\n<p>Recht sp\u00e4t am Nachmittag machten wir uns auf den Weg und fuhren noch bis sp\u00e4t am Abend, um einen geeigneten Schlafplatz zu finden. Aber es hat sich gelohnt. Direkt am See, einem privaten, aber \u00f6ffentlich genutzten Strandabschnitt konnten wir unser Zelt aufschlagen und am n\u00e4chsten Morgen in den See springen. Erfrischt und sauber ging es weiter, obwohl wir eigentlich gerne noch einen Tag geblieben w\u00e4ren. Aber wir wollten ja am 01.07.  die Grenze \u00fcberschreiten. Am Nachmittag trafen wir einen anderen Radwanderer aus Wales an einem \u00f6ffentlich Teppich-Wasch-Platz mit Toiletten. W\u00e4hrend Chris sich mit Dickon unterhielt, nutzte ich die Gelegenheit, um ein bisschen W\u00e4sche zu waschen &#8211; wie praktisch! Wir erfuhren auch diese Nacht Gottes Versorgung mit einem wundersch\u00f6nen Platz zum Schlafen &#8211; Schutzh\u00fctte, Essplatz mit Aussicht, Feuerstelle und Wasserkanister inklusive. Und hier schlie\u00dft sich der Kreis. <\/p>\n\n\n\n<ul class=\"is-layout-flex wp-block-gallery-13 wp-block-gallery columns-3 is-cropped\"><li class=\"blocks-gallery-item\"><figure><img decoding=\"async\" loading=\"lazy\" width=\"1024\" height=\"683\" src=\"http:\/\/lichri.radeln-in-den-sonnenaufgang.de\/wp-content\/uploads\/2019\/07\/IMG_8340_compress28-1024x683.jpg\" alt=\"\" data-id=\"365\" data-link=\"http:\/\/lichri.radeln-in-den-sonnenaufgang.de\/?attachment_id=365\" class=\"wp-image-365\" srcset=\"http:\/\/lichri.radeln-in-den-sonnenaufgang.de\/wp-content\/uploads\/2019\/07\/IMG_8340_compress28-1024x683.jpg 1024w, http:\/\/lichri.radeln-in-den-sonnenaufgang.de\/wp-content\/uploads\/2019\/07\/IMG_8340_compress28-300x200.jpg 300w, http:\/\/lichri.radeln-in-den-sonnenaufgang.de\/wp-content\/uploads\/2019\/07\/IMG_8340_compress28-768x512.jpg 768w, http:\/\/lichri.radeln-in-den-sonnenaufgang.de\/wp-content\/uploads\/2019\/07\/IMG_8340_compress28.jpg 1296w\" sizes=\"(max-width: 767px) 89vw, (max-width: 1000px) 54vw, (max-width: 1071px) 543px, 580px\" \/><\/figure><\/li><li class=\"blocks-gallery-item\"><figure><img decoding=\"async\" loading=\"lazy\" width=\"1024\" height=\"683\" src=\"http:\/\/lichri.radeln-in-den-sonnenaufgang.de\/wp-content\/uploads\/2019\/07\/IMG_8335_compress5-1024x683.jpg\" alt=\"\" data-id=\"363\" data-link=\"http:\/\/lichri.radeln-in-den-sonnenaufgang.de\/?attachment_id=363\" class=\"wp-image-363\" srcset=\"http:\/\/lichri.radeln-in-den-sonnenaufgang.de\/wp-content\/uploads\/2019\/07\/IMG_8335_compress5-1024x683.jpg 1024w, http:\/\/lichri.radeln-in-den-sonnenaufgang.de\/wp-content\/uploads\/2019\/07\/IMG_8335_compress5-300x200.jpg 300w, http:\/\/lichri.radeln-in-den-sonnenaufgang.de\/wp-content\/uploads\/2019\/07\/IMG_8335_compress5-768x512.jpg 768w, http:\/\/lichri.radeln-in-den-sonnenaufgang.de\/wp-content\/uploads\/2019\/07\/IMG_8335_compress5.jpg 1296w\" sizes=\"(max-width: 767px) 89vw, (max-width: 1000px) 54vw, (max-width: 1071px) 543px, 580px\" \/><\/figure><\/li><li class=\"blocks-gallery-item\"><figure><img decoding=\"async\" loading=\"lazy\" width=\"1024\" height=\"683\" src=\"http:\/\/lichri.radeln-in-den-sonnenaufgang.de\/wp-content\/uploads\/2019\/07\/IMG_8358_compress6-1024x683.jpg\" alt=\"\" data-id=\"366\" data-link=\"http:\/\/lichri.radeln-in-den-sonnenaufgang.de\/?attachment_id=366\" class=\"wp-image-366\" srcset=\"http:\/\/lichri.radeln-in-den-sonnenaufgang.de\/wp-content\/uploads\/2019\/07\/IMG_8358_compress6-1024x683.jpg 1024w, http:\/\/lichri.radeln-in-den-sonnenaufgang.de\/wp-content\/uploads\/2019\/07\/IMG_8358_compress6-300x200.jpg 300w, http:\/\/lichri.radeln-in-den-sonnenaufgang.de\/wp-content\/uploads\/2019\/07\/IMG_8358_compress6-768x512.jpg 768w, http:\/\/lichri.radeln-in-den-sonnenaufgang.de\/wp-content\/uploads\/2019\/07\/IMG_8358_compress6.jpg 1296w\" sizes=\"(max-width: 767px) 89vw, (max-width: 1000px) 54vw, (max-width: 1071px) 543px, 580px\" \/><\/figure><\/li><li class=\"blocks-gallery-item\"><figure><img decoding=\"async\" loading=\"lazy\" width=\"1024\" height=\"683\" src=\"http:\/\/lichri.radeln-in-den-sonnenaufgang.de\/wp-content\/uploads\/2019\/07\/IMG_8346_compress54-1024x683.jpg\" alt=\"\" data-id=\"367\" data-link=\"http:\/\/lichri.radeln-in-den-sonnenaufgang.de\/?attachment_id=367\" class=\"wp-image-367\" srcset=\"http:\/\/lichri.radeln-in-den-sonnenaufgang.de\/wp-content\/uploads\/2019\/07\/IMG_8346_compress54-1024x683.jpg 1024w, http:\/\/lichri.radeln-in-den-sonnenaufgang.de\/wp-content\/uploads\/2019\/07\/IMG_8346_compress54-300x200.jpg 300w, http:\/\/lichri.radeln-in-den-sonnenaufgang.de\/wp-content\/uploads\/2019\/07\/IMG_8346_compress54-768x512.jpg 768w, http:\/\/lichri.radeln-in-den-sonnenaufgang.de\/wp-content\/uploads\/2019\/07\/IMG_8346_compress54.jpg 1296w\" sizes=\"(max-width: 767px) 89vw, (max-width: 1000px) 54vw, (max-width: 1071px) 543px, 580px\" \/><\/figure><\/li><\/ul>\n\n\n\n<p>Angst und Zuversicht<\/p>\n\n\n\n<p>Wenn wir es heute noch \u00fcber die Grenze schaffen wollen, sollte ich jedoch jetzt Schluss machen \ud83d\ude42 Ich bin mir sicher auch diese Nacht werden wir beh\u00fctet ein Pl\u00e4tzchen zum Schlafen finden. Wir sind immer noch etwas nerv\u00f6s wegen des Grenz\u00fcbertritts, doch inzwischen mit geladenen Akkus und Hummeln im Hintern kann es getrost weiter gehen. Bleibt zu sagen: Danke, dass ihr den langen, langen Text bis hierhin gelesen habt. Wir hoffen das n\u00e4chste Mal dauert es nicht so lange bis wir von uns h\u00f6ren lassen \ud83d\ude42<\/p>\n\n\n\n<p>Eine kleine organisatorische Info zum Schluss: wir werden ab jetzt eher \u00fcber Chris Nummer erreichbar sein (Whatsapp, Telegram oder Mail). <br><\/p>\n","protected":false},"excerpt":{"rendered":"<p>Farbenspiel &#8211; Der Sturm &#8211; Das Loch &#8211; Die Kranichinsel &#8211; Freunde &#8211; K\u00f6stlichkeiten &#8211; Auf der Farm &#8211; Wild &#8211; Feuer &#8211; Zwischenspiel &#8211; Stadt am Meer &#8211; Abschied &#8211; Stress, Regeneration und Reparaturen &#8211; Versorgung &#8211; Angst und Zuversicht Orangerot und warm scheint mir der Feuerschein auf meine nackten F\u00fc\u00dfe. Hinter diesem flie\u00dft &hellip; <\/p>\n<p class=\"link-more\"><a href=\"http:\/\/lichri.radeln-in-den-sonnenaufgang.de\/?p=357\" class=\"more-link\"><span class=\"screen-reader-text\">\u201eP\u00e4rnu &#8211; Tallinn &#8211; Helsinki &#8211; Hamina\u201c<\/span> weiterlesen<\/a><\/p>\n","protected":false},"author":3,"featured_media":378,"comment_status":"open","ping_status":"open","sticky":false,"template":"","format":"standard","meta":[],"categories":[1],"tags":[],"_links":{"self":[{"href":"http:\/\/lichri.radeln-in-den-sonnenaufgang.de\/index.php?rest_route=\/wp\/v2\/posts\/357"}],"collection":[{"href":"http:\/\/lichri.radeln-in-den-sonnenaufgang.de\/index.php?rest_route=\/wp\/v2\/posts"}],"about":[{"href":"http:\/\/lichri.radeln-in-den-sonnenaufgang.de\/index.php?rest_route=\/wp\/v2\/types\/post"}],"author":[{"embeddable":true,"href":"http:\/\/lichri.radeln-in-den-sonnenaufgang.de\/index.php?rest_route=\/wp\/v2\/users\/3"}],"replies":[{"embeddable":true,"href":"http:\/\/lichri.radeln-in-den-sonnenaufgang.de\/index.php?rest_route=%2Fwp%2Fv2%2Fcomments&post=357"}],"version-history":[{"count":7,"href":"http:\/\/lichri.radeln-in-den-sonnenaufgang.de\/index.php?rest_route=\/wp\/v2\/posts\/357\/revisions"}],"predecessor-version":[{"id":400,"href":"http:\/\/lichri.radeln-in-den-sonnenaufgang.de\/index.php?rest_route=\/wp\/v2\/posts\/357\/revisions\/400"}],"wp:featuredmedia":[{"embeddable":true,"href":"http:\/\/lichri.radeln-in-den-sonnenaufgang.de\/index.php?rest_route=\/wp\/v2\/media\/378"}],"wp:attachment":[{"href":"http:\/\/lichri.radeln-in-den-sonnenaufgang.de\/index.php?rest_route=%2Fwp%2Fv2%2Fmedia&parent=357"}],"wp:term":[{"taxonomy":"category","embeddable":true,"href":"http:\/\/lichri.radeln-in-den-sonnenaufgang.de\/index.php?rest_route=%2Fwp%2Fv2%2Fcategories&post=357"},{"taxonomy":"post_tag","embeddable":true,"href":"http:\/\/lichri.radeln-in-den-sonnenaufgang.de\/index.php?rest_route=%2Fwp%2Fv2%2Ftags&post=357"}],"curies":[{"name":"wp","href":"https:\/\/api.w.org\/{rel}","templated":true}]}}