{"id":296,"date":"2019-06-01T11:47:52","date_gmt":"2019-06-01T11:47:52","guid":{"rendered":"http:\/\/lichri.radeln-in-den-sonnenaufgang.de\/?p=296"},"modified":"2019-06-01T11:47:52","modified_gmt":"2019-06-01T11:47:52","slug":"danzig-pl-vistytis-lt","status":"publish","type":"post","link":"http:\/\/lichri.radeln-in-den-sonnenaufgang.de\/?p=296","title":{"rendered":"Danzig (PL) &#8211; Vi\u0161tytis (LT)"},"content":{"rendered":"\n<p>Querfeldein und dann per GreenVelo, dem bisher bestausgebautem Radweg Polens, sind wir aus der Danziger Bucht vergangene Woche bis nach Litauen hineingeradelt, von wo aus wir dieses kleine Lebenszeichen absetzen. (Beitragsbild: Dreil\u00e4ndereck der Grenzen von Russland, Polen und Litauen, unserer n\u00e4chsten Etappe)<\/p>\n\n\n\n<figure class=\"wp-block-image\"><img decoding=\"async\" loading=\"lazy\" width=\"1024\" height=\"683\" src=\"http:\/\/lichri.radeln-in-den-sonnenaufgang.de\/wp-content\/uploads\/2019\/06\/IMG_7310_compress87-1024x683.jpg\" alt=\"\" class=\"wp-image-298\" srcset=\"http:\/\/lichri.radeln-in-den-sonnenaufgang.de\/wp-content\/uploads\/2019\/06\/IMG_7310_compress87-1024x683.jpg 1024w, http:\/\/lichri.radeln-in-den-sonnenaufgang.de\/wp-content\/uploads\/2019\/06\/IMG_7310_compress87-300x200.jpg 300w, http:\/\/lichri.radeln-in-den-sonnenaufgang.de\/wp-content\/uploads\/2019\/06\/IMG_7310_compress87-768x512.jpg 768w, http:\/\/lichri.radeln-in-den-sonnenaufgang.de\/wp-content\/uploads\/2019\/06\/IMG_7310_compress87.jpg 1296w\" sizes=\"(max-width: 767px) 89vw, (max-width: 1000px) 54vw, (max-width: 1071px) 543px, 580px\" \/><figcaption>\u00d6stlich Russlands(?!): Sind wir schon soweit gekommen, dass wir nach Russland schauen, um den Sonnenuntergang zu sehen<\/figcaption><\/figure>\n\n\n\n<p>Um 17:40 Uhr am Freitag dem 31. Mai \u00fcberquerten wir bei Kilometer 1.780 die Polnisch-Litauische Grenze am &#8222;Tripoint of Boarders&#8220;, dem Punkt, an dem die L\u00e4ndergrenzen der drei Nationen Russland, Litauen und Polen aufeinandertreffen. Mit dieser zweiten Staatsgrenze beginnt ein neuer Abschnitt unserer Reise: Wir k\u00f6nnen mit unseren paar erlernten Phrasen Polnisch nun nichts mehr anfangen und werden nun wieder etwas neues Lernen (Litauisch) und mit Zloty ist&#8217;s jetzt auch vorbei; daf\u00fcr sind wir zur\u00fcck beim Euro, was uns das Umrechnen erspart. Leider durften wir gestern bereits bei der Ankunft am Campingplatz nahe Vistytis gleich lernen, dass der Euro doch ein wenig der TEuro ist, kostet die \u00dcbernachtung doch gleich mal 50 Prozent mehr als auf der anderen Seite der Grenze (jetzt 15\u20ac).<\/p>\n\n\n\n<p>Aber zur\u00fcck nach Danzig, wo wir vergangenen Freitag aufbrachen, nachdem wir in dem h\u00fcbschen Caf\u00e9 in der Altstadt so sch\u00f6n vegan schlemmen durften. Etwa um 14:30 Uhr, gest\u00e4rkt durch ein paar Falafel und Gem\u00fcse in D\u00fcr\u00fcm gewickelt, starteten wir unsere insgesamt 90km lange Tour nach S\u00fcdosten, weg von der K\u00fcste ins Landesinnere, um nach Malb\u00f3rk zu kommen. Hier wollten wir uns selbst von der Sch\u00f6nheit und Gr\u00f6\u00dfe der mittelalterlichen Deutschordensfestung \u00fcberzeugen, der Marienburg. Auf Deichanlagen und im Bau befindlichen Radwegen rollten wir in gerader Linie nach S\u00fcden und kamen gut durch, was uns die Fahrt so sp\u00e4t am Nachmittag-Abend stark erleichterte. etwa um 20:30Uhr kamen wir in Malb\u00f3rk an und fanden in einem Campingplatz an der Nogat einen Ersatz f\u00fcr die mehrfach abgesagten WarmShowers-Hostinganfragen. Und tats\u00e4chlich: Die Marienburg ist eine wahre Pracht. Bereits im fahlen Abendlicht war sie ein echter Hingucker. Ich konnte es kaum erwarten am n\u00e4chsten Morgen dorthin aufzubrechen. Das Warten verk\u00fcrzten mir dabei eine kleine Gruppe Italiener, die sich mit ihren Caravans hier ebenfalls aufhielten. Ob wir wohl mitleiderregend aussahen mit unseren Fertigsuppen in den Tassen* oder einfach hungrig? Jedenfalls spendierten die Lieben uns eine ihrer mitgebrachten Spezialit\u00e4ten: einen hei\u00dfen, dampfenden und saftigen Brotfladen, der wirklich zum dahinschmelzen lecker schmeckte! Ich (Chris)bin immernoch sooo dankbar f\u00fcr diesen Leckerbissen! <\/p>\n\n\n\n<p>(*jaja, nachhaltig und gesund ist anders, aber die sind so unglaublich praktisch unterwegs, da konnte ich nicht nein sagen)<\/p>\n\n\n\n<p>Am n\u00e4chsten Morgen, nachdem wir wiedermal recht lange brauchten, um zu Fr\u00fchst\u00fccken und alles zu verstauen, schoben wir unsere bepackten R\u00e4der endlich zur Burg rauf &#8211; der gr\u00f6\u00dften Backsteinfestung der Welt! (&#8230; haben sie uns gesagt \ud83d\ude09 )<\/p>\n\n\n\n<div class=\"wp-block-image\"><figure class=\"aligncenter\"><img decoding=\"async\" loading=\"lazy\" width=\"683\" height=\"1024\" src=\"http:\/\/lichri.radeln-in-den-sonnenaufgang.de\/wp-content\/uploads\/2019\/06\/IMG_7138_compress11-e1559382971516-683x1024.jpg\" alt=\"\" class=\"wp-image-299\" srcset=\"http:\/\/lichri.radeln-in-den-sonnenaufgang.de\/wp-content\/uploads\/2019\/06\/IMG_7138_compress11-e1559382971516-683x1024.jpg 683w, http:\/\/lichri.radeln-in-den-sonnenaufgang.de\/wp-content\/uploads\/2019\/06\/IMG_7138_compress11-e1559382971516-200x300.jpg 200w, http:\/\/lichri.radeln-in-den-sonnenaufgang.de\/wp-content\/uploads\/2019\/06\/IMG_7138_compress11-e1559382971516-768x1152.jpg 768w, http:\/\/lichri.radeln-in-den-sonnenaufgang.de\/wp-content\/uploads\/2019\/06\/IMG_7138_compress11-e1559382971516.jpg 864w\" sizes=\"(max-width: 683px) 100vw, 683px\" \/><figcaption>Die flu\u00dfabgewandte Seite der Kreuzritterfestung aus dem 14. Jahrhundert.<\/figcaption><\/figure><\/div>\n\n\n\n<p>Ein Audioguide, den wir uns in einem kleinen Glasbau au\u00dferhalb der massiven Mauern der Burganlage gegen umgerechnet 11\u20ac pro Person besorgten, f\u00fchrte uns ganze viereinhalb Stunden durche die Gem\u00e4cher und H\u00f6fe, Kammern, S\u00e4le, Wirtschaftsgeb\u00e4ude, T\u00fcrme und Hinterh\u00f6fe, das wir nachher von der schieren Menge an Eindr\u00fccken schon v\u00f6llig erschlagen waren. Neben Hochmeistergem\u00e4chern (privaten und &#8222;repr\u00e4sentativen&#8220;), buntglasfensterreichen Rentern (Fests\u00e4len), K\u00fcchen mit 5&#215;5 Meter gro\u00dfen Herden und entsprechenden Kaminen und den R\u00e4umen des K\u00fcchenmeisters (der als einziger neben dem Hochmeister ein eigenes Abort besa\u00df), durchstreiften wir in der Hochburg auch die R\u00e4ume der Ordensbr\u00fcder, der M\u00f6nche, die hier arbeiteten und beteten. Und die zur Toilette eine f\u00fcnfzig Meter lange und 17 Meter hohe Br\u00fccke zum Burgturm \u00fcberqueren mussten, von dem aus man sein Gesch\u00e4ft in den Burggraben verrichtete. Und in dem man sich &#8211; nach Fall der Hochburg &#8211; durch das Abbrennen der Br\u00fccke als letzten Zufluchtsort zur\u00fcckziehen und verbarrikadieren konnte. Hier (\u00fcber den Toiletten) gab es Vorr\u00e4te, welche die Belagerten monatelang versorgt h\u00e4tten. <\/p>\n\n\n\n<p>Die Geschichte dieses Ortes &#8211; und die kleinen Nebengeschichten, denen wir hier lauschen konnten, faszinierten uns so sehr, dass wir nur der schieren Ersch\u00f6pfung wegen nicht schafften alle Ausstellungen, die es hier gab, zu Besuchen. Eine kleine Anekdote will ich jedoch noch Teilen: Die Renter (Fests\u00e4le) waren so pr\u00e4chtig und reich an Fenstern, da dies die gewiefte Konstruktion zulie\u00df, welche das Dach mit nur einer zentralen S\u00e4ule im Raum hielt. Nach S\u00fcdwesten ausgerichtet fiel hier die Abendsonne durch die sch\u00f6nen Buntglasfenster und auf die Wandgem\u00e4lde, dass es den G\u00e4sten den Atem verschlagen haben muss. Jedoch hatten die hohen Herren des Ordens bzw. der Burg nicht wenige Feinde und so kam es einies Tages, dass ein Spion, der sich auf der Burg befand, durch das Schwenken seiner roten M\u00fctze aus dem Fenster den vor der Festung lagernden Feinden das Zeichen gab, dass alle Hohen Tiere nun hier versammelt waren. Mit einem gezielten Schu\u00df aus einer Kanone sollte die zentrale S\u00e4ule und damit das gesamte Baldachim, das sie trug, zerst\u00f6rt und die Feinde darunter begraben werden. Der Anschlag scheiterte, die Kugel verfehlte das Ziel. Zur Mahnung wurde vom Hochmeister jedoch veranlasst, die Kugel in den Einschlagsort an der Innenliegenden Wand einzumauern, so dass man sie auch heute noch dort sieht. <\/p>\n\n\n\n<ul class=\"is-layout-flex wp-block-gallery-1 wp-block-gallery columns-3 is-cropped\"><li class=\"blocks-gallery-item\"><figure><img decoding=\"async\" loading=\"lazy\" width=\"1024\" height=\"683\" src=\"http:\/\/lichri.radeln-in-den-sonnenaufgang.de\/wp-content\/uploads\/2019\/06\/IMG_7118_compress48-1024x683.jpg\" alt=\"\" data-id=\"300\" data-link=\"http:\/\/lichri.radeln-in-den-sonnenaufgang.de\/?attachment_id=300\" class=\"wp-image-300\" srcset=\"http:\/\/lichri.radeln-in-den-sonnenaufgang.de\/wp-content\/uploads\/2019\/06\/IMG_7118_compress48-1024x683.jpg 1024w, http:\/\/lichri.radeln-in-den-sonnenaufgang.de\/wp-content\/uploads\/2019\/06\/IMG_7118_compress48-300x200.jpg 300w, http:\/\/lichri.radeln-in-den-sonnenaufgang.de\/wp-content\/uploads\/2019\/06\/IMG_7118_compress48-768x512.jpg 768w, http:\/\/lichri.radeln-in-den-sonnenaufgang.de\/wp-content\/uploads\/2019\/06\/IMG_7118_compress48.jpg 1296w\" sizes=\"(max-width: 767px) 89vw, (max-width: 1000px) 54vw, (max-width: 1071px) 543px, 580px\" \/><\/figure><\/li><li class=\"blocks-gallery-item\"><figure><img decoding=\"async\" loading=\"lazy\" width=\"1024\" height=\"683\" src=\"http:\/\/lichri.radeln-in-den-sonnenaufgang.de\/wp-content\/uploads\/2019\/06\/IMG_7110_compress55-1024x683.jpg\" alt=\"\" data-id=\"301\" data-link=\"http:\/\/lichri.radeln-in-den-sonnenaufgang.de\/?attachment_id=301\" class=\"wp-image-301\" srcset=\"http:\/\/lichri.radeln-in-den-sonnenaufgang.de\/wp-content\/uploads\/2019\/06\/IMG_7110_compress55-1024x683.jpg 1024w, http:\/\/lichri.radeln-in-den-sonnenaufgang.de\/wp-content\/uploads\/2019\/06\/IMG_7110_compress55-300x200.jpg 300w, http:\/\/lichri.radeln-in-den-sonnenaufgang.de\/wp-content\/uploads\/2019\/06\/IMG_7110_compress55-768x512.jpg 768w, http:\/\/lichri.radeln-in-den-sonnenaufgang.de\/wp-content\/uploads\/2019\/06\/IMG_7110_compress55.jpg 1296w\" sizes=\"(max-width: 767px) 89vw, (max-width: 1000px) 54vw, (max-width: 1071px) 543px, 580px\" \/><\/figure><\/li><li class=\"blocks-gallery-item\"><figure><img decoding=\"async\" loading=\"lazy\" width=\"1024\" height=\"576\" src=\"http:\/\/lichri.radeln-in-den-sonnenaufgang.de\/wp-content\/uploads\/2019\/06\/DSC_0786-1024x576.jpg\" alt=\"\" data-id=\"302\" data-link=\"http:\/\/lichri.radeln-in-den-sonnenaufgang.de\/?attachment_id=302\" class=\"wp-image-302\" srcset=\"http:\/\/lichri.radeln-in-den-sonnenaufgang.de\/wp-content\/uploads\/2019\/06\/DSC_0786-1024x576.jpg 1024w, http:\/\/lichri.radeln-in-den-sonnenaufgang.de\/wp-content\/uploads\/2019\/06\/DSC_0786-300x169.jpg 300w, http:\/\/lichri.radeln-in-den-sonnenaufgang.de\/wp-content\/uploads\/2019\/06\/DSC_0786-768x432.jpg 768w\" sizes=\"(max-width: 767px) 89vw, (max-width: 1000px) 54vw, (max-width: 1071px) 543px, 580px\" \/><\/figure><\/li><\/ul>\n\n\n\n<div class=\"wp-block-image\"><figure class=\"aligncenter is-resized\"><img decoding=\"async\" loading=\"lazy\" src=\"http:\/\/lichri.radeln-in-den-sonnenaufgang.de\/wp-content\/uploads\/2019\/06\/DSC_0753-e1559384420245-576x1024.jpg\" alt=\"\" class=\"wp-image-303\" width=\"591\" height=\"1051\" srcset=\"http:\/\/lichri.radeln-in-den-sonnenaufgang.de\/wp-content\/uploads\/2019\/06\/DSC_0753-e1559384420245-576x1024.jpg 576w, http:\/\/lichri.radeln-in-den-sonnenaufgang.de\/wp-content\/uploads\/2019\/06\/DSC_0753-e1559384420245-169x300.jpg 169w, http:\/\/lichri.radeln-in-den-sonnenaufgang.de\/wp-content\/uploads\/2019\/06\/DSC_0753-e1559384420245-768x1365.jpg 768w\" sizes=\"(max-width: 591px) 100vw, 591px\" \/><figcaption>Der Gro\u00dfe Saal. Im Boden sieht man \u00d6ffnungen der Heizungsanlage. Auf der hinteren kleinen Bank oder zumindest an dieser Stelle am Kamin war des Hochmeisters Platz &#8211; der w\u00e4rmste Ort und der Beste Blick auf Neuank\u00f6mmlinge an der gegen\u00fcberliegenden T\u00fcr.<\/figcaption><\/figure><\/div>\n\n\n\n<ul class=\"is-layout-flex wp-block-gallery-3 wp-block-gallery columns-3 is-cropped\"><li class=\"blocks-gallery-item\"><figure><img decoding=\"async\" loading=\"lazy\" width=\"683\" height=\"1024\" src=\"http:\/\/lichri.radeln-in-den-sonnenaufgang.de\/wp-content\/uploads\/2019\/06\/IMG_7041_compress53-e1559385038465-683x1024.jpg\" alt=\"\" data-id=\"307\" data-link=\"http:\/\/lichri.radeln-in-den-sonnenaufgang.de\/?attachment_id=307\" class=\"wp-image-307\" srcset=\"http:\/\/lichri.radeln-in-den-sonnenaufgang.de\/wp-content\/uploads\/2019\/06\/IMG_7041_compress53-e1559385038465-683x1024.jpg 683w, http:\/\/lichri.radeln-in-den-sonnenaufgang.de\/wp-content\/uploads\/2019\/06\/IMG_7041_compress53-e1559385038465-200x300.jpg 200w, http:\/\/lichri.radeln-in-den-sonnenaufgang.de\/wp-content\/uploads\/2019\/06\/IMG_7041_compress53-e1559385038465-768x1152.jpg 768w, http:\/\/lichri.radeln-in-den-sonnenaufgang.de\/wp-content\/uploads\/2019\/06\/IMG_7041_compress53-e1559385038465.jpg 864w\" sizes=\"(max-width: 683px) 100vw, 683px\" \/><\/figure><\/li><li class=\"blocks-gallery-item\"><figure><img decoding=\"async\" loading=\"lazy\" width=\"1024\" height=\"683\" src=\"http:\/\/lichri.radeln-in-den-sonnenaufgang.de\/wp-content\/uploads\/2019\/06\/IMG_7074_compress48-1024x683.jpg\" alt=\"\" data-id=\"315\" data-link=\"http:\/\/lichri.radeln-in-den-sonnenaufgang.de\/?attachment_id=315\" class=\"wp-image-315\" srcset=\"http:\/\/lichri.radeln-in-den-sonnenaufgang.de\/wp-content\/uploads\/2019\/06\/IMG_7074_compress48-1024x683.jpg 1024w, http:\/\/lichri.radeln-in-den-sonnenaufgang.de\/wp-content\/uploads\/2019\/06\/IMG_7074_compress48-300x200.jpg 300w, http:\/\/lichri.radeln-in-den-sonnenaufgang.de\/wp-content\/uploads\/2019\/06\/IMG_7074_compress48-768x512.jpg 768w, http:\/\/lichri.radeln-in-den-sonnenaufgang.de\/wp-content\/uploads\/2019\/06\/IMG_7074_compress48.jpg 1296w\" sizes=\"(max-width: 767px) 89vw, (max-width: 1000px) 54vw, (max-width: 1071px) 543px, 580px\" \/><\/figure><\/li><li class=\"blocks-gallery-item\"><figure><img decoding=\"async\" loading=\"lazy\" width=\"683\" height=\"1024\" src=\"http:\/\/lichri.radeln-in-den-sonnenaufgang.de\/wp-content\/uploads\/2019\/06\/IMG_7105_compress60-e1559385715565-683x1024.jpg\" alt=\"\" data-id=\"316\" data-link=\"http:\/\/lichri.radeln-in-den-sonnenaufgang.de\/?attachment_id=316\" class=\"wp-image-316\" srcset=\"http:\/\/lichri.radeln-in-den-sonnenaufgang.de\/wp-content\/uploads\/2019\/06\/IMG_7105_compress60-e1559385715565-683x1024.jpg 683w, http:\/\/lichri.radeln-in-den-sonnenaufgang.de\/wp-content\/uploads\/2019\/06\/IMG_7105_compress60-e1559385715565-200x300.jpg 200w, http:\/\/lichri.radeln-in-den-sonnenaufgang.de\/wp-content\/uploads\/2019\/06\/IMG_7105_compress60-e1559385715565-768x1152.jpg 768w, http:\/\/lichri.radeln-in-den-sonnenaufgang.de\/wp-content\/uploads\/2019\/06\/IMG_7105_compress60-e1559385715565.jpg 864w\" sizes=\"(max-width: 683px) 100vw, 683px\" \/><\/figure><\/li><li class=\"blocks-gallery-item\"><figure><img decoding=\"async\" loading=\"lazy\" width=\"683\" height=\"1024\" src=\"http:\/\/lichri.radeln-in-den-sonnenaufgang.de\/wp-content\/uploads\/2019\/06\/IMG_7096_compress35-e1559385699637-683x1024.jpg\" alt=\"\" data-id=\"317\" data-link=\"http:\/\/lichri.radeln-in-den-sonnenaufgang.de\/?attachment_id=317\" class=\"wp-image-317\" srcset=\"http:\/\/lichri.radeln-in-den-sonnenaufgang.de\/wp-content\/uploads\/2019\/06\/IMG_7096_compress35-e1559385699637-683x1024.jpg 683w, http:\/\/lichri.radeln-in-den-sonnenaufgang.de\/wp-content\/uploads\/2019\/06\/IMG_7096_compress35-e1559385699637-200x300.jpg 200w, http:\/\/lichri.radeln-in-den-sonnenaufgang.de\/wp-content\/uploads\/2019\/06\/IMG_7096_compress35-e1559385699637-768x1152.jpg 768w, http:\/\/lichri.radeln-in-den-sonnenaufgang.de\/wp-content\/uploads\/2019\/06\/IMG_7096_compress35-e1559385699637.jpg 864w\" sizes=\"(max-width: 683px) 100vw, 683px\" \/><\/figure><\/li><li class=\"blocks-gallery-item\"><figure><img decoding=\"async\" loading=\"lazy\" width=\"683\" height=\"1024\" src=\"http:\/\/lichri.radeln-in-den-sonnenaufgang.de\/wp-content\/uploads\/2019\/06\/IMG_7085_compress38-e1559385680692-683x1024.jpg\" alt=\"\" data-id=\"318\" data-link=\"http:\/\/lichri.radeln-in-den-sonnenaufgang.de\/?attachment_id=318\" class=\"wp-image-318\" srcset=\"http:\/\/lichri.radeln-in-den-sonnenaufgang.de\/wp-content\/uploads\/2019\/06\/IMG_7085_compress38-e1559385680692-683x1024.jpg 683w, http:\/\/lichri.radeln-in-den-sonnenaufgang.de\/wp-content\/uploads\/2019\/06\/IMG_7085_compress38-e1559385680692-200x300.jpg 200w, http:\/\/lichri.radeln-in-den-sonnenaufgang.de\/wp-content\/uploads\/2019\/06\/IMG_7085_compress38-e1559385680692-768x1152.jpg 768w, http:\/\/lichri.radeln-in-den-sonnenaufgang.de\/wp-content\/uploads\/2019\/06\/IMG_7085_compress38-e1559385680692.jpg 864w\" sizes=\"(max-width: 683px) 100vw, 683px\" \/><figcaption>Das Teufelchen, das den Weg zum Klo-Turm anzeigte.<\/figcaption><\/figure><\/li><li class=\"blocks-gallery-item\"><figure><img decoding=\"async\" loading=\"lazy\" width=\"683\" height=\"1024\" src=\"http:\/\/lichri.radeln-in-den-sonnenaufgang.de\/wp-content\/uploads\/2019\/06\/IMG_7122_compress94-e1559385619146-683x1024.jpg\" alt=\"\" data-id=\"319\" data-link=\"http:\/\/lichri.radeln-in-den-sonnenaufgang.de\/?attachment_id=319\" class=\"wp-image-319\" srcset=\"http:\/\/lichri.radeln-in-den-sonnenaufgang.de\/wp-content\/uploads\/2019\/06\/IMG_7122_compress94-e1559385619146-683x1024.jpg 683w, http:\/\/lichri.radeln-in-den-sonnenaufgang.de\/wp-content\/uploads\/2019\/06\/IMG_7122_compress94-e1559385619146-200x300.jpg 200w, http:\/\/lichri.radeln-in-den-sonnenaufgang.de\/wp-content\/uploads\/2019\/06\/IMG_7122_compress94-e1559385619146-768x1152.jpg 768w, http:\/\/lichri.radeln-in-den-sonnenaufgang.de\/wp-content\/uploads\/2019\/06\/IMG_7122_compress94-e1559385619146.jpg 864w\" sizes=\"(max-width: 683px) 100vw, 683px\" \/><\/figure><\/li><li class=\"blocks-gallery-item\"><figure><img decoding=\"async\" loading=\"lazy\" width=\"683\" height=\"1024\" src=\"http:\/\/lichri.radeln-in-den-sonnenaufgang.de\/wp-content\/uploads\/2019\/06\/IMG_7081_compress4-e1559385634931-683x1024.jpg\" alt=\"\" data-id=\"321\" data-link=\"http:\/\/lichri.radeln-in-den-sonnenaufgang.de\/?attachment_id=321\" class=\"wp-image-321\" srcset=\"http:\/\/lichri.radeln-in-den-sonnenaufgang.de\/wp-content\/uploads\/2019\/06\/IMG_7081_compress4-e1559385634931-683x1024.jpg 683w, http:\/\/lichri.radeln-in-den-sonnenaufgang.de\/wp-content\/uploads\/2019\/06\/IMG_7081_compress4-e1559385634931-200x300.jpg 200w, http:\/\/lichri.radeln-in-den-sonnenaufgang.de\/wp-content\/uploads\/2019\/06\/IMG_7081_compress4-e1559385634931-768x1152.jpg 768w, http:\/\/lichri.radeln-in-den-sonnenaufgang.de\/wp-content\/uploads\/2019\/06\/IMG_7081_compress4-e1559385634931.jpg 864w\" sizes=\"(max-width: 683px) 100vw, 683px\" \/><figcaption>Der Pelikan, der seine Jungen mit seinem Blut speist, als Sinnbild Jesu Gnadentat.<\/figcaption><\/figure><\/li><li class=\"blocks-gallery-item\"><figure><img decoding=\"async\" loading=\"lazy\" width=\"683\" height=\"1024\" src=\"http:\/\/lichri.radeln-in-den-sonnenaufgang.de\/wp-content\/uploads\/2019\/06\/IMG_7009_compress43-1-e1559385650969-683x1024.jpg\" alt=\"\" data-id=\"322\" data-link=\"http:\/\/lichri.radeln-in-den-sonnenaufgang.de\/?attachment_id=322\" class=\"wp-image-322\" srcset=\"http:\/\/lichri.radeln-in-den-sonnenaufgang.de\/wp-content\/uploads\/2019\/06\/IMG_7009_compress43-1-e1559385650969-683x1024.jpg 683w, http:\/\/lichri.radeln-in-den-sonnenaufgang.de\/wp-content\/uploads\/2019\/06\/IMG_7009_compress43-1-e1559385650969-200x300.jpg 200w, http:\/\/lichri.radeln-in-den-sonnenaufgang.de\/wp-content\/uploads\/2019\/06\/IMG_7009_compress43-1-e1559385650969-768x1152.jpg 768w, http:\/\/lichri.radeln-in-den-sonnenaufgang.de\/wp-content\/uploads\/2019\/06\/IMG_7009_compress43-1-e1559385650969.jpg 864w\" sizes=\"(max-width: 683px) 100vw, 683px\" \/><\/figure><\/li><\/ul>\n\n\n\n<p>Wieder recht sp\u00e4t, etwa gegen 16:30 Uhr brachen wir &#8211; voll sch\u00f6ner Eindr\u00fccke &#8211; aus der Marienburg auf um nach Elbing bzw. Elblag zu fahren, etwas \u00fcber 30km entfernt. Auf einem sch\u00f6nen Campingplatz mit K\u00fcche lernten wir Hans kennen, der uns bei ein paar Bier aus seinem Leben als Segler und Reisender berichtete &#8211; und uns ein paar Tips bz\u00fcglich unserer Route durch die Masuren gab, die als n\u00e4chste Etappe anstand. Leider ist der St\u00e4nder meines Rades erneut unter dem Gewicht des Gep\u00e4cks eingeknickt und auch der Camping-Wart, ein sehr netter alter Mann, der kaum ein Wort Englisch oder Deutsch verstand, konnte uns mit seinem Werkzeug nicht helfen. Also schickte er uns zum 50 Meter entfernten Baumarkt, wo wir uns (wohlgemerkt am Sonntag!) f\u00fcr etwa 4,50 Euro den besten St\u00e4nder besorgten, den mein Rad f\u00fcr diese Reise bisher bekommen konnten. Zwar musste daf\u00fcr kurz das Schaltwerk abmontiert werden, aber sowas kriegt man ja wieder hin &#8211; solala. \ud83d\ude09 <\/p>\n\n\n\n<p>An besagtem Sonntag ging es dann Richtung Ketrzyn (oder so \u00e4hnlich) weiter. <br>F\u00fcr den Weg dorthin empfahl uns Hans Dobre Miasto (Guttstadt) zu besuchen, da es hier noch ein altes Kloster der Deutschordensritter gab. Hier fanden wir auch das Citta-Slow label auf den Parkb\u00e4nken wieder &#8211; also inzwischen Slow City Dobre Miasto &#8211; wie passend zur &#8222;guten Stadt&#8220;!<\/p>\n\n\n\n<figure class=\"wp-block-image\"><img decoding=\"async\" loading=\"lazy\" width=\"1024\" height=\"683\" src=\"http:\/\/lichri.radeln-in-den-sonnenaufgang.de\/wp-content\/uploads\/2019\/06\/IMG_7148-1024x683.jpg\" alt=\"\" class=\"wp-image-323\" srcset=\"http:\/\/lichri.radeln-in-den-sonnenaufgang.de\/wp-content\/uploads\/2019\/06\/IMG_7148-1024x683.jpg 1024w, http:\/\/lichri.radeln-in-den-sonnenaufgang.de\/wp-content\/uploads\/2019\/06\/IMG_7148-300x200.jpg 300w, http:\/\/lichri.radeln-in-den-sonnenaufgang.de\/wp-content\/uploads\/2019\/06\/IMG_7148-768x512.jpg 768w\" sizes=\"(max-width: 767px) 89vw, (max-width: 1000px) 54vw, (max-width: 1071px) 543px, 580px\" \/><figcaption>Das Kloster der Slow City Dobre Miasto<\/figcaption><\/figure>\n\n\n\n<p>Hiernach ging es wirkich in die Masuren weiter. Auf dem Weg in den Norden, zum GreenVelo, dem bestausgebauten Radweg Polens, ging es nach einer Nacht am See \u00fcber &#8222;Heilige Linde&#8220;(eine touristisch stark frequentierte Kirche, f\u00fcr deren Prunk wir beim Vorbeifahren wenig Muse hatten) und Ketrzyn (mit Hitlers bl\u00f6der Wolfsschanze &#8211; die Attraktion des Ortes) weiter vorbei an sch\u00f6nsten Landschaften mit Seen, W\u00e4ldern, Wiesen, K\u00fchen und &#8211; wie inzwischen gewohnt &#8211; extrem vielen St\u00f6rchen. Polen scheint wirklich das Land der St\u00f6rche zu sein. <\/p>\n\n\n\n<p>An dieser Stelle ist es vielleicht mal ganz sch\u00f6n, etwas \u00fcber die Eindr\u00fccke der Natur hier zu schreiben. Was ihr bisher mitbekommen haben solltet, ist, dass Polen, \u00e4hnlich wie Nordostdeutschland, sehr viel Sand in der Landschaft bereith\u00e4lt &#8211; ob am Strand, in W\u00e4ldern oder mitten auf unseren Wegen. Doch obendrauf w\u00e4chst &#8211; wie es mir oft scheint &#8211; eine F\u00fclle an Flora und Fauna, wie ich sie kaum aus Deutschland gewohnt bin. Es mag nat\u00fcrlich auch an der Jahreszeit liegen, oder daran, dass ich seit mehr <br>als einem Monat an der frischen Luft, im Freien, unterwegs bin, doch bin ich wirklich fasziniert von der Menge an Bl\u00fctenpflanzen, der vielf\u00e4ltigen und strukturreichen Landschaft mit offenen Hanglagen in Wiesen und W\u00e4ldern, vielen Hecken, alleinstehenden Feldb\u00e4umen oder Baumgruppen, viele kleine Gew\u00e4sser, S\u00fcmpfe, Schilfwiesen und und und&#8230; Besonders zeigt sich der nat\u00fcrliche Reichtum an der schieren F\u00fclle an Insekten. Da dominieren leider die M\u00fccken recht oft, gefolgt von den massiven Maik\u00e4fer-Populationen, die gerade aktiv sind und einem hin und wieder gegen Hemd und Helm knallen. Doch auch Schmetterlinge, tausende, dazu Libellen unterschiedlichster Farben und Gr\u00f6\u00dfen, K\u00e4fer, Spinnen&#8230; Hinzu kommt, neben der wahrgenommenen Vielzahl die schiere Masse. In unseren gewohnten gro\u00dffl\u00e4chigen und intensiv bewirtschafteten Landschaften zu Hause gibt es sie kaum noch so wie hier: Insekten und V\u00f6gel. Es ist wahrhaftig umwerfend. Aber auch andere, gr\u00f6\u00dfere Tiere finden sich hier zwischen Seen, T\u00fcmpeln und den geschwungenen Wiesenh\u00fcgeln, die kleine W\u00e4lder s\u00e4umen. So trafen wir hier neben Kranichen und St\u00f6rchen, Reiern und Bussarden auch auf Falken, Hasen, F\u00fcchse, viiiele Rehe, Hirsche, (leider \u00fcberfahrene) Dachse und GESTERN auf unseren ersten Elch! Es ist so sch\u00f6n, all diese Tiere immer wieder zu treffen, und das  -gef\u00fchlt &#8211; immer h\u00e4ufiger! Hinzu<br> kommen die Landschaft f\u00fcllende Kuhherden, Pferde und Ponies.<\/p>\n\n\n\n<ul class=\"is-layout-flex wp-block-gallery-5 wp-block-gallery columns-3 is-cropped\"><li class=\"blocks-gallery-item\"><figure><img decoding=\"async\" loading=\"lazy\" width=\"1024\" height=\"683\" src=\"http:\/\/lichri.radeln-in-den-sonnenaufgang.de\/wp-content\/uploads\/2019\/06\/IMG_7192_compress86-1024x683.jpg\" alt=\"\" data-id=\"325\" data-link=\"http:\/\/lichri.radeln-in-den-sonnenaufgang.de\/?attachment_id=325\" class=\"wp-image-325\" srcset=\"http:\/\/lichri.radeln-in-den-sonnenaufgang.de\/wp-content\/uploads\/2019\/06\/IMG_7192_compress86-1024x683.jpg 1024w, http:\/\/lichri.radeln-in-den-sonnenaufgang.de\/wp-content\/uploads\/2019\/06\/IMG_7192_compress86-300x200.jpg 300w, http:\/\/lichri.radeln-in-den-sonnenaufgang.de\/wp-content\/uploads\/2019\/06\/IMG_7192_compress86-768x512.jpg 768w, http:\/\/lichri.radeln-in-den-sonnenaufgang.de\/wp-content\/uploads\/2019\/06\/IMG_7192_compress86.jpg 1296w\" sizes=\"(max-width: 767px) 89vw, (max-width: 1000px) 54vw, (max-width: 1071px) 543px, 580px\" \/><\/figure><\/li><li class=\"blocks-gallery-item\"><figure><img decoding=\"async\" loading=\"lazy\" width=\"1024\" height=\"683\" src=\"http:\/\/lichri.radeln-in-den-sonnenaufgang.de\/wp-content\/uploads\/2019\/06\/IMG_7195_compress74-1024x683.jpg\" alt=\"\" data-id=\"326\" data-link=\"http:\/\/lichri.radeln-in-den-sonnenaufgang.de\/?attachment_id=326\" class=\"wp-image-326\" srcset=\"http:\/\/lichri.radeln-in-den-sonnenaufgang.de\/wp-content\/uploads\/2019\/06\/IMG_7195_compress74-1024x683.jpg 1024w, http:\/\/lichri.radeln-in-den-sonnenaufgang.de\/wp-content\/uploads\/2019\/06\/IMG_7195_compress74-300x200.jpg 300w, http:\/\/lichri.radeln-in-den-sonnenaufgang.de\/wp-content\/uploads\/2019\/06\/IMG_7195_compress74-768x512.jpg 768w, http:\/\/lichri.radeln-in-den-sonnenaufgang.de\/wp-content\/uploads\/2019\/06\/IMG_7195_compress74.jpg 1296w\" sizes=\"(max-width: 767px) 89vw, (max-width: 1000px) 54vw, (max-width: 1071px) 543px, 580px\" \/><\/figure><\/li><li class=\"blocks-gallery-item\"><figure><img decoding=\"async\" loading=\"lazy\" width=\"1024\" height=\"683\" src=\"http:\/\/lichri.radeln-in-den-sonnenaufgang.de\/wp-content\/uploads\/2019\/06\/IMG_7218_compress3-1024x683.jpg\" alt=\"\" data-id=\"327\" data-link=\"http:\/\/lichri.radeln-in-den-sonnenaufgang.de\/?attachment_id=327\" class=\"wp-image-327\" srcset=\"http:\/\/lichri.radeln-in-den-sonnenaufgang.de\/wp-content\/uploads\/2019\/06\/IMG_7218_compress3-1024x683.jpg 1024w, http:\/\/lichri.radeln-in-den-sonnenaufgang.de\/wp-content\/uploads\/2019\/06\/IMG_7218_compress3-300x200.jpg 300w, http:\/\/lichri.radeln-in-den-sonnenaufgang.de\/wp-content\/uploads\/2019\/06\/IMG_7218_compress3-768x512.jpg 768w, http:\/\/lichri.radeln-in-den-sonnenaufgang.de\/wp-content\/uploads\/2019\/06\/IMG_7218_compress3.jpg 1296w\" sizes=\"(max-width: 767px) 89vw, (max-width: 1000px) 54vw, (max-width: 1071px) 543px, 580px\" \/><\/figure><\/li><li class=\"blocks-gallery-item\"><figure><img decoding=\"async\" loading=\"lazy\" width=\"1024\" height=\"683\" src=\"http:\/\/lichri.radeln-in-den-sonnenaufgang.de\/wp-content\/uploads\/2019\/06\/IMG_7288_compress47-1-1024x683.jpg\" alt=\"\" data-id=\"328\" data-link=\"http:\/\/lichri.radeln-in-den-sonnenaufgang.de\/?attachment_id=328\" class=\"wp-image-328\" srcset=\"http:\/\/lichri.radeln-in-den-sonnenaufgang.de\/wp-content\/uploads\/2019\/06\/IMG_7288_compress47-1-1024x683.jpg 1024w, http:\/\/lichri.radeln-in-den-sonnenaufgang.de\/wp-content\/uploads\/2019\/06\/IMG_7288_compress47-1-300x200.jpg 300w, http:\/\/lichri.radeln-in-den-sonnenaufgang.de\/wp-content\/uploads\/2019\/06\/IMG_7288_compress47-1-768x512.jpg 768w, http:\/\/lichri.radeln-in-den-sonnenaufgang.de\/wp-content\/uploads\/2019\/06\/IMG_7288_compress47-1.jpg 1296w\" sizes=\"(max-width: 767px) 89vw, (max-width: 1000px) 54vw, (max-width: 1071px) 543px, 580px\" \/><figcaption>&#8230; und \u00fcberall Lupinen \ud83d\ude42<\/figcaption><\/figure><\/li><\/ul>\n\n\n\n<p>Tja, die wilden Tiere sind leider immer zu schnell Weg, als dass ich sie vor die Kamera bek\u00e4me. Schade. Auf dem GreenVelo Radweg muss man aber auch willig sein anzuhalten und mal ein Foto zu schie\u00dfen, denn man rollt hier einfach zu gut und zu schnell durch die Landschaft. Super ausgeschildert braucht man hier auch keine Karte und kein Navi.<\/p>\n\n\n\n<figure class=\"wp-block-image\"><img decoding=\"async\" loading=\"lazy\" width=\"1024\" height=\"683\" src=\"http:\/\/lichri.radeln-in-den-sonnenaufgang.de\/wp-content\/uploads\/2019\/06\/IMG_7264_compress63-1024x683.jpg\" alt=\"\" class=\"wp-image-329\" srcset=\"http:\/\/lichri.radeln-in-den-sonnenaufgang.de\/wp-content\/uploads\/2019\/06\/IMG_7264_compress63-1024x683.jpg 1024w, http:\/\/lichri.radeln-in-den-sonnenaufgang.de\/wp-content\/uploads\/2019\/06\/IMG_7264_compress63-300x200.jpg 300w, http:\/\/lichri.radeln-in-den-sonnenaufgang.de\/wp-content\/uploads\/2019\/06\/IMG_7264_compress63-768x512.jpg 768w, http:\/\/lichri.radeln-in-den-sonnenaufgang.de\/wp-content\/uploads\/2019\/06\/IMG_7264_compress63.jpg 1296w\" sizes=\"(max-width: 767px) 89vw, (max-width: 1000px) 54vw, (max-width: 1071px) 543px, 580px\" \/><figcaption>Und klasse Rastpl\u00e4tze gibt es auch alle paar Kilometer. (GreenVelo)<\/figcaption><\/figure>\n\n\n\n<p>W\u00e4hrend wir vom 28. bis zum 30. Mai unser Zelt gegen ein beheizbares Bungalow am See nahe Wegorzewo austauschten, um dem kalten und andauernden Regen zu entkommen, verbrachten wir die Nacht auf den 31. Mai &#8211; unseren f\u00fcnften Hochzeitstag &#8211; schlie\u00dflich in Goldap, nahe der Grenze zu Russland, auf einem verlassenen Campingplatz. Nun ja, verlassen war zumindest die Rezeption und der rest abgeschlossen, der Zeltplatz hingegen war zug\u00e4nglich, also blieben wir. Weiter unten am See feierten einige Polen eine Art Familienfest zwischen den Anglern. Hier gab es ein Freizeitgel\u00e4nde mit Dixiklo und Wasseranschluss &#8211; Alles in allem: Ein super Campingplatz f\u00fcr Lau. <\/p>\n\n\n\n<ul class=\"is-layout-flex wp-block-gallery-7 wp-block-gallery columns-3 is-cropped\"><li class=\"blocks-gallery-item\"><figure><img decoding=\"async\" loading=\"lazy\" width=\"1024\" height=\"683\" src=\"http:\/\/lichri.radeln-in-den-sonnenaufgang.de\/wp-content\/uploads\/2019\/06\/IMG_7158_compress67-1024x683.jpg\" alt=\"\" data-id=\"332\" data-link=\"http:\/\/lichri.radeln-in-den-sonnenaufgang.de\/?attachment_id=332\" class=\"wp-image-332\" srcset=\"http:\/\/lichri.radeln-in-den-sonnenaufgang.de\/wp-content\/uploads\/2019\/06\/IMG_7158_compress67-1024x683.jpg 1024w, http:\/\/lichri.radeln-in-den-sonnenaufgang.de\/wp-content\/uploads\/2019\/06\/IMG_7158_compress67-300x200.jpg 300w, http:\/\/lichri.radeln-in-den-sonnenaufgang.de\/wp-content\/uploads\/2019\/06\/IMG_7158_compress67-768x512.jpg 768w, http:\/\/lichri.radeln-in-den-sonnenaufgang.de\/wp-content\/uploads\/2019\/06\/IMG_7158_compress67.jpg 1296w\" sizes=\"(max-width: 767px) 89vw, (max-width: 1000px) 54vw, (max-width: 1071px) 543px, 580px\" \/><\/figure><\/li><li class=\"blocks-gallery-item\"><figure><img decoding=\"async\" loading=\"lazy\" width=\"683\" height=\"1024\" src=\"http:\/\/lichri.radeln-in-den-sonnenaufgang.de\/wp-content\/uploads\/2019\/06\/IMG_7170_compress92-e1559389169705-683x1024.jpg\" alt=\"\" data-id=\"330\" data-link=\"http:\/\/lichri.radeln-in-den-sonnenaufgang.de\/?attachment_id=330\" class=\"wp-image-330\" srcset=\"http:\/\/lichri.radeln-in-den-sonnenaufgang.de\/wp-content\/uploads\/2019\/06\/IMG_7170_compress92-e1559389169705-683x1024.jpg 683w, http:\/\/lichri.radeln-in-den-sonnenaufgang.de\/wp-content\/uploads\/2019\/06\/IMG_7170_compress92-e1559389169705-200x300.jpg 200w, http:\/\/lichri.radeln-in-den-sonnenaufgang.de\/wp-content\/uploads\/2019\/06\/IMG_7170_compress92-e1559389169705-768x1152.jpg 768w, http:\/\/lichri.radeln-in-den-sonnenaufgang.de\/wp-content\/uploads\/2019\/06\/IMG_7170_compress92-e1559389169705.jpg 864w\" sizes=\"(max-width: 683px) 100vw, 683px\" \/><\/figure><\/li><li class=\"blocks-gallery-item\"><figure><img decoding=\"async\" loading=\"lazy\" width=\"1024\" height=\"683\" src=\"http:\/\/lichri.radeln-in-den-sonnenaufgang.de\/wp-content\/uploads\/2019\/06\/IMG_7225_compress70-1024x683.jpg\" alt=\"\" data-id=\"331\" data-link=\"http:\/\/lichri.radeln-in-den-sonnenaufgang.de\/?attachment_id=331\" class=\"wp-image-331\" srcset=\"http:\/\/lichri.radeln-in-den-sonnenaufgang.de\/wp-content\/uploads\/2019\/06\/IMG_7225_compress70-1024x683.jpg 1024w, http:\/\/lichri.radeln-in-den-sonnenaufgang.de\/wp-content\/uploads\/2019\/06\/IMG_7225_compress70-300x200.jpg 300w, http:\/\/lichri.radeln-in-den-sonnenaufgang.de\/wp-content\/uploads\/2019\/06\/IMG_7225_compress70-768x512.jpg 768w, http:\/\/lichri.radeln-in-den-sonnenaufgang.de\/wp-content\/uploads\/2019\/06\/IMG_7225_compress70.jpg 1296w\" sizes=\"(max-width: 767px) 89vw, (max-width: 1000px) 54vw, (max-width: 1071px) 543px, 580px\" \/><\/figure><\/li><li class=\"blocks-gallery-item\"><figure><img decoding=\"async\" loading=\"lazy\" width=\"683\" height=\"1024\" src=\"http:\/\/lichri.radeln-in-den-sonnenaufgang.de\/wp-content\/uploads\/2019\/06\/IMG_7233_compress51-e1559389337762-683x1024.jpg\" alt=\"\" data-id=\"333\" data-link=\"http:\/\/lichri.radeln-in-den-sonnenaufgang.de\/?attachment_id=333\" class=\"wp-image-333\" srcset=\"http:\/\/lichri.radeln-in-den-sonnenaufgang.de\/wp-content\/uploads\/2019\/06\/IMG_7233_compress51-e1559389337762-683x1024.jpg 683w, http:\/\/lichri.radeln-in-den-sonnenaufgang.de\/wp-content\/uploads\/2019\/06\/IMG_7233_compress51-e1559389337762-200x300.jpg 200w, http:\/\/lichri.radeln-in-den-sonnenaufgang.de\/wp-content\/uploads\/2019\/06\/IMG_7233_compress51-e1559389337762-768x1152.jpg 768w, http:\/\/lichri.radeln-in-den-sonnenaufgang.de\/wp-content\/uploads\/2019\/06\/IMG_7233_compress51-e1559389337762.jpg 864w\" sizes=\"(max-width: 683px) 100vw, 683px\" \/><\/figure><\/li><\/ul>\n\n\n\n<p>Tags drauf war es dann soweit. Nachdem wir auf den letzten Kilometern versuchten unsere letzten 20 Zloty in Essbares umzutauschen und vergeblich eine Tankstelle suchten, um Benzin f\u00fcr den Kocher zu bekommen, landeten wir unvermittelt an einem touristisch ausgebauten aber verwaisten Grenzstein: dem Tripoint of Boarders zwischen Russland, Polen und Litauen. Wir fuhren also einige Meter nach rechts weiter, gen Osten und konnten hier problemlos \u00fcber die Grenze radeln. Durch Matsch und von Reh-, Schwein- und Fuchsspuren gepr\u00e4gtem, festgewordenem Matsch, rauschten wir \u00fcber steile H\u00fcgel in das fremde, neue Land. Bis uns Grenzsoldaten aufhielten. <\/p>\n\n\n\n<figure class=\"wp-block-image\"><img decoding=\"async\" loading=\"lazy\" width=\"1024\" height=\"683\" src=\"http:\/\/lichri.radeln-in-den-sonnenaufgang.de\/wp-content\/uploads\/2019\/06\/IMG_7293-1024x683.jpg\" alt=\"\" class=\"wp-image-297\" srcset=\"http:\/\/lichri.radeln-in-den-sonnenaufgang.de\/wp-content\/uploads\/2019\/06\/IMG_7293-1024x683.jpg 1024w, http:\/\/lichri.radeln-in-den-sonnenaufgang.de\/wp-content\/uploads\/2019\/06\/IMG_7293-300x200.jpg 300w, http:\/\/lichri.radeln-in-den-sonnenaufgang.de\/wp-content\/uploads\/2019\/06\/IMG_7293-768x512.jpg 768w\" sizes=\"(max-width: 767px) 89vw, (max-width: 1000px) 54vw, (max-width: 1071px) 543px, 580px\" \/><\/figure>\n\n\n\n<p>Ich bekam die Konversation nur von ferne mit, die Lisa mit den beiden Uniformierten im Cheap f\u00fchrte, doch sie sahen sehr freundlich aus. Und das waren sie auch: &#8222;Where do you go?&#8220; &#8211; &#8222;We are looking for a Campsite.&#8220; &#8211; &#8222;Okay, in Poland?&#8220;- No, in Litauen.&#8220; &#8211; &#8222;Okay, just don&#8217;t go into the forest. Don&#8217;t go to Russia!&#8220; <\/p>\n\n\n\n<p>So oder so \u00e4hnlich rekonstruiere ich, was ich von dem Gespr\u00e4ch mitbekam. Sie erkl\u00e4rten Lisa noch den Weg zum Campingplatz (geradeaus, dann auf der gro\u00dfen Stra\u00dfe &#8211; auf der wir bleiben sollten! &#8211; links, und immer gerade aus). Das entsprach gl\u00fccklicherweise auch meinem Kenntnisstand (oder dem von OpenStreetMaps) und wir fanden etwa 10 km n\u00f6rdlich dann auch den, von welchem aus ich euch nun diesen Blogeintrag schreibe. Ja, Litauen ist jetzt wieder etwas anders. Meine paar S\u00e4tze und W\u00f6rter Polnisch, die ich mir angeeignet habe, kann ich jetzt vergessen. Daf\u00fcr k\u00f6nnen wir wieder &#8211; ohne Umrechnung &#8211; in Euro zahlen. Was aber eben auch &#8211; wie beschreiben &#8211; wieder etwas teurer ist. <\/p>\n\n\n\n<p>Wie geht es jetzt weiter? Der Plan ist, das Land, das wir gestern betreten haben, innerhalb einer Woche in n\u00f6rdlicher Richtung zu durchqueren. Ohne wieder an die Ostsee zur\u00fcckzukehren. Wir haben nur noch 21 Tage, bis wir in Helsinki sein wollen, 30 bis wir \u00fcber die Russische Grenze nach St. Petersburg fahren. Das hei\u00dft jetzt: Ranhalten! Also direkt nach Riga rauf, dann an der K\u00fcste weiter nach Tallin. Immerhin k\u00f6nnen wir auf der Strecke wieder etwas Geld sparen, da Wildcamping hier wieder erlaubt ist. Mal schauen wie sich die Reise weiter gestaltet. Ihr bekommt es dann sp\u00e4testens hier wieder mit. \ud83d\ude42 Wir radeln dann mal weiter!<\/p>\n\n\n\n<figure class=\"wp-block-image\"><img decoding=\"async\" loading=\"lazy\" width=\"1024\" height=\"683\" src=\"http:\/\/lichri.radeln-in-den-sonnenaufgang.de\/wp-content\/uploads\/2019\/06\/IMG_7269_compress49-1024x683.jpg\" alt=\"\" class=\"wp-image-334\" srcset=\"http:\/\/lichri.radeln-in-den-sonnenaufgang.de\/wp-content\/uploads\/2019\/06\/IMG_7269_compress49-1024x683.jpg 1024w, http:\/\/lichri.radeln-in-den-sonnenaufgang.de\/wp-content\/uploads\/2019\/06\/IMG_7269_compress49-300x200.jpg 300w, http:\/\/lichri.radeln-in-den-sonnenaufgang.de\/wp-content\/uploads\/2019\/06\/IMG_7269_compress49-768x512.jpg 768w, http:\/\/lichri.radeln-in-den-sonnenaufgang.de\/wp-content\/uploads\/2019\/06\/IMG_7269_compress49.jpg 1296w\" sizes=\"(max-width: 767px) 89vw, (max-width: 1000px) 54vw, (max-width: 1071px) 543px, 580px\" \/><figcaption>Weiter geht es!<\/figcaption><\/figure>\n\n\n\n<p>Bis dahin, beste Gr\u00fc\u00dfe, <\/p>\n\n\n\n<p>euer Chris &amp; eure Lisa!<br><\/p>\n","protected":false},"excerpt":{"rendered":"<p>Querfeldein und dann per GreenVelo, dem bisher bestausgebautem Radweg Polens, sind wir aus der Danziger Bucht vergangene Woche bis nach Litauen hineingeradelt, von wo aus wir dieses kleine Lebenszeichen absetzen. (Beitragsbild: Dreil\u00e4ndereck der Grenzen von Russland, Polen und Litauen, unserer n\u00e4chsten Etappe) Um 17:40 Uhr am Freitag dem 31. Mai \u00fcberquerten wir bei Kilometer 1.780 &hellip; <\/p>\n<p class=\"link-more\"><a href=\"http:\/\/lichri.radeln-in-den-sonnenaufgang.de\/?p=296\" class=\"more-link\"><span class=\"screen-reader-text\">\u201eDanzig (PL) &#8211; Vi\u0161tytis (LT)\u201c<\/span> weiterlesen<\/a><\/p>\n","protected":false},"author":3,"featured_media":297,"comment_status":"open","ping_status":"open","sticky":false,"template":"","format":"standard","meta":[],"categories":[1],"tags":[],"_links":{"self":[{"href":"http:\/\/lichri.radeln-in-den-sonnenaufgang.de\/index.php?rest_route=\/wp\/v2\/posts\/296"}],"collection":[{"href":"http:\/\/lichri.radeln-in-den-sonnenaufgang.de\/index.php?rest_route=\/wp\/v2\/posts"}],"about":[{"href":"http:\/\/lichri.radeln-in-den-sonnenaufgang.de\/index.php?rest_route=\/wp\/v2\/types\/post"}],"author":[{"embeddable":true,"href":"http:\/\/lichri.radeln-in-den-sonnenaufgang.de\/index.php?rest_route=\/wp\/v2\/users\/3"}],"replies":[{"embeddable":true,"href":"http:\/\/lichri.radeln-in-den-sonnenaufgang.de\/index.php?rest_route=%2Fwp%2Fv2%2Fcomments&post=296"}],"version-history":[{"count":1,"href":"http:\/\/lichri.radeln-in-den-sonnenaufgang.de\/index.php?rest_route=\/wp\/v2\/posts\/296\/revisions"}],"predecessor-version":[{"id":335,"href":"http:\/\/lichri.radeln-in-den-sonnenaufgang.de\/index.php?rest_route=\/wp\/v2\/posts\/296\/revisions\/335"}],"wp:featuredmedia":[{"embeddable":true,"href":"http:\/\/lichri.radeln-in-den-sonnenaufgang.de\/index.php?rest_route=\/wp\/v2\/media\/297"}],"wp:attachment":[{"href":"http:\/\/lichri.radeln-in-den-sonnenaufgang.de\/index.php?rest_route=%2Fwp%2Fv2%2Fmedia&parent=296"}],"wp:term":[{"taxonomy":"category","embeddable":true,"href":"http:\/\/lichri.radeln-in-den-sonnenaufgang.de\/index.php?rest_route=%2Fwp%2Fv2%2Fcategories&post=296"},{"taxonomy":"post_tag","embeddable":true,"href":"http:\/\/lichri.radeln-in-den-sonnenaufgang.de\/index.php?rest_route=%2Fwp%2Fv2%2Ftags&post=296"}],"curies":[{"name":"wp","href":"https:\/\/api.w.org\/{rel}","templated":true}]}}