{"id":256,"date":"2019-05-16T06:40:37","date_gmt":"2019-05-16T06:40:37","guid":{"rendered":"http:\/\/lichri.radeln-in-den-sonnenaufgang.de\/?p=256"},"modified":"2019-05-16T06:40:37","modified_gmt":"2019-05-16T06:40:37","slug":"eberswalde-kolobrzeg","status":"publish","type":"post","link":"http:\/\/lichri.radeln-in-den-sonnenaufgang.de\/?p=256","title":{"rendered":"Eberswalde-Kolobrzeg"},"content":{"rendered":"\n<p>Es ist Tag 22 unserer noch jungen Reise gen Osten. Vor drei Tagen haben wir die Deutsch-Polnische Grenze \u00fcberquert haben. Wir haben das Stettiner Haff \u00f6stlich umfahren wovon ich aufgrund der schlechten Wege dringend abrate. Und dennoch haben wir es mit 73km pro Tag im Schnitt endlich an die Ostsee nach Kolobrzeg geschafft. Wir hoffen nur das Wetter wird bald besser. Aber das nur als kleiner \u00dcberblick&#8230;<\/p>\n\n\n\n<figure class=\"wp-block-image\"><img decoding=\"async\" loading=\"lazy\" width=\"1024\" height=\"768\" src=\"http:\/\/lichri.radeln-in-den-sonnenaufgang.de\/wp-content\/uploads\/2019\/05\/IMG_20190516_074732_467-1024x768.jpg\" alt=\"\" class=\"wp-image-257\" srcset=\"http:\/\/lichri.radeln-in-den-sonnenaufgang.de\/wp-content\/uploads\/2019\/05\/IMG_20190516_074732_467-1024x768.jpg 1024w, http:\/\/lichri.radeln-in-den-sonnenaufgang.de\/wp-content\/uploads\/2019\/05\/IMG_20190516_074732_467-300x225.jpg 300w, http:\/\/lichri.radeln-in-den-sonnenaufgang.de\/wp-content\/uploads\/2019\/05\/IMG_20190516_074732_467-768x576.jpg 768w, http:\/\/lichri.radeln-in-den-sonnenaufgang.de\/wp-content\/uploads\/2019\/05\/IMG_20190516_074732_467.jpg 1280w\" sizes=\"(max-width: 767px) 89vw, (max-width: 1000px) 54vw, (max-width: 1071px) 543px, 580px\" \/><\/figure>\n\n\n\n<p>Am Sonntag, dem 12. Mai sind wir aus Eberswalde aufgebrochen. Abfahrt gegen halb Elf, haben unsere liebgewonnene Zweit- bzw. (nach Freiburg) Drittheimat noch einmal auf den gewohnten Wegen durchquert und schlie\u00dflich entlang des Finow-Kanals hinter uns gelassen. Diesem folgten wir bis zum Schiffshebewerk Niederfinow, von wo aus wir \u00fcber Bralitz die Oder mit ihren Deichwegen ansteuerten. <\/p>\n\n\n\n<figure class=\"wp-block-image\"><img decoding=\"async\" loading=\"lazy\" width=\"1024\" height=\"683\" src=\"http:\/\/lichri.radeln-in-den-sonnenaufgang.de\/wp-content\/uploads\/2019\/05\/IMG_6574_compress30-1024x683.jpg\" alt=\"\" class=\"wp-image-258\" srcset=\"http:\/\/lichri.radeln-in-den-sonnenaufgang.de\/wp-content\/uploads\/2019\/05\/IMG_6574_compress30-1024x683.jpg 1024w, http:\/\/lichri.radeln-in-den-sonnenaufgang.de\/wp-content\/uploads\/2019\/05\/IMG_6574_compress30-300x200.jpg 300w, http:\/\/lichri.radeln-in-den-sonnenaufgang.de\/wp-content\/uploads\/2019\/05\/IMG_6574_compress30-768x512.jpg 768w, http:\/\/lichri.radeln-in-den-sonnenaufgang.de\/wp-content\/uploads\/2019\/05\/IMG_6574_compress30.jpg 1296w\" sizes=\"(max-width: 767px) 89vw, (max-width: 1000px) 54vw, (max-width: 1071px) 543px, 580px\" \/><figcaption>Niederfinower Schiffshebewerk am Oder-Havel-Kanal. Links das Original, rechts der Neubau.<br><\/figcaption><\/figure>\n\n\n\n<figure class=\"wp-block-image\"><img decoding=\"async\" loading=\"lazy\" width=\"683\" height=\"1024\" src=\"http:\/\/lichri.radeln-in-den-sonnenaufgang.de\/wp-content\/uploads\/2019\/05\/IMG_6587_compress61-1-e1557986148822-683x1024.jpg\" alt=\"\" class=\"wp-image-260\" srcset=\"http:\/\/lichri.radeln-in-den-sonnenaufgang.de\/wp-content\/uploads\/2019\/05\/IMG_6587_compress61-1-e1557986148822-683x1024.jpg 683w, http:\/\/lichri.radeln-in-den-sonnenaufgang.de\/wp-content\/uploads\/2019\/05\/IMG_6587_compress61-1-e1557986148822-200x300.jpg 200w, http:\/\/lichri.radeln-in-den-sonnenaufgang.de\/wp-content\/uploads\/2019\/05\/IMG_6587_compress61-1-e1557986148822-768x1152.jpg 768w, http:\/\/lichri.radeln-in-den-sonnenaufgang.de\/wp-content\/uploads\/2019\/05\/IMG_6587_compress61-1-e1557986148822.jpg 864w\" sizes=\"(max-width: 683px) 100vw, 683px\" \/><figcaption>Bralitzer Offenbarung &#8211; Sonnenring<\/figcaption><\/figure>\n\n\n\n<p>In Schwedt g\u00f6nnten wir uns nach den ersten ca. 30km an der Oder dann ein Eis beim &#8222;Eismann&#8220; &#8211; zumindest stellte dieser sich genau so vor. Mit Handschlag. Gut geschmeckt hat es jedenfallst!<\/p>\n\n\n\n<figure class=\"wp-block-image\"><img decoding=\"async\" loading=\"lazy\" width=\"1024\" height=\"576\" src=\"http:\/\/lichri.radeln-in-den-sonnenaufgang.de\/wp-content\/uploads\/2019\/05\/IMG_20190516_080023_237-1024x576.jpg\" alt=\"\" class=\"wp-image-261\" srcset=\"http:\/\/lichri.radeln-in-den-sonnenaufgang.de\/wp-content\/uploads\/2019\/05\/IMG_20190516_080023_237-1024x576.jpg 1024w, http:\/\/lichri.radeln-in-den-sonnenaufgang.de\/wp-content\/uploads\/2019\/05\/IMG_20190516_080023_237-300x169.jpg 300w, http:\/\/lichri.radeln-in-den-sonnenaufgang.de\/wp-content\/uploads\/2019\/05\/IMG_20190516_080023_237-768x432.jpg 768w, http:\/\/lichri.radeln-in-den-sonnenaufgang.de\/wp-content\/uploads\/2019\/05\/IMG_20190516_080023_237.jpg 1280w\" sizes=\"(max-width: 767px) 89vw, (max-width: 1000px) 54vw, (max-width: 1071px) 543px, 580px\" \/><figcaption>Eis vom &#8222;Eismann&#8220; Schwedt<\/figcaption><\/figure>\n\n\n\n<p>Weiter ging es, noch etwa 13km, bis wir uns einen Rastplatz am Wasser suchten. Noch fein gekocht und ab ins Zelt. Gab ja doch wieder einen Haufen sch\u00f6ner Eindr\u00fccke zu verarbeiten<\/p>\n\n\n\n<ul class=\"is-layout-flex wp-block-gallery-1 wp-block-gallery columns-3 is-cropped\"><li class=\"blocks-gallery-item\"><figure><img decoding=\"async\" loading=\"lazy\" width=\"1024\" height=\"576\" src=\"http:\/\/lichri.radeln-in-den-sonnenaufgang.de\/wp-content\/uploads\/2019\/05\/IMG_20190516_074723_630-1024x576.jpg\" alt=\"\" data-id=\"262\" data-link=\"http:\/\/lichri.radeln-in-den-sonnenaufgang.de\/?attachment_id=262\" class=\"wp-image-262\" srcset=\"http:\/\/lichri.radeln-in-den-sonnenaufgang.de\/wp-content\/uploads\/2019\/05\/IMG_20190516_074723_630-1024x576.jpg 1024w, http:\/\/lichri.radeln-in-den-sonnenaufgang.de\/wp-content\/uploads\/2019\/05\/IMG_20190516_074723_630-300x169.jpg 300w, http:\/\/lichri.radeln-in-den-sonnenaufgang.de\/wp-content\/uploads\/2019\/05\/IMG_20190516_074723_630-768x432.jpg 768w, http:\/\/lichri.radeln-in-den-sonnenaufgang.de\/wp-content\/uploads\/2019\/05\/IMG_20190516_074723_630.jpg 1280w\" sizes=\"(max-width: 767px) 89vw, (max-width: 1000px) 54vw, (max-width: 1071px) 543px, 580px\" \/><\/figure><\/li><li class=\"blocks-gallery-item\"><figure><img decoding=\"async\" loading=\"lazy\" width=\"1024\" height=\"683\" src=\"http:\/\/lichri.radeln-in-den-sonnenaufgang.de\/wp-content\/uploads\/2019\/05\/IMG_6620_compress40-1024x683.jpg\" alt=\"\" data-id=\"263\" data-link=\"http:\/\/lichri.radeln-in-den-sonnenaufgang.de\/?attachment_id=263\" class=\"wp-image-263\" srcset=\"http:\/\/lichri.radeln-in-den-sonnenaufgang.de\/wp-content\/uploads\/2019\/05\/IMG_6620_compress40-1024x683.jpg 1024w, http:\/\/lichri.radeln-in-den-sonnenaufgang.de\/wp-content\/uploads\/2019\/05\/IMG_6620_compress40-300x200.jpg 300w, http:\/\/lichri.radeln-in-den-sonnenaufgang.de\/wp-content\/uploads\/2019\/05\/IMG_6620_compress40-768x512.jpg 768w, http:\/\/lichri.radeln-in-den-sonnenaufgang.de\/wp-content\/uploads\/2019\/05\/IMG_6620_compress40.jpg 1296w\" sizes=\"(max-width: 767px) 89vw, (max-width: 1000px) 54vw, (max-width: 1071px) 543px, 580px\" \/><\/figure><\/li><li class=\"blocks-gallery-item\"><figure><img decoding=\"async\" loading=\"lazy\" width=\"1024\" height=\"576\" src=\"http:\/\/lichri.radeln-in-den-sonnenaufgang.de\/wp-content\/uploads\/2019\/05\/IMG_20190516_074715_226-1024x576.jpg\" alt=\"\" data-id=\"264\" data-link=\"http:\/\/lichri.radeln-in-den-sonnenaufgang.de\/?attachment_id=264\" class=\"wp-image-264\" srcset=\"http:\/\/lichri.radeln-in-den-sonnenaufgang.de\/wp-content\/uploads\/2019\/05\/IMG_20190516_074715_226-1024x576.jpg 1024w, http:\/\/lichri.radeln-in-den-sonnenaufgang.de\/wp-content\/uploads\/2019\/05\/IMG_20190516_074715_226-300x169.jpg 300w, http:\/\/lichri.radeln-in-den-sonnenaufgang.de\/wp-content\/uploads\/2019\/05\/IMG_20190516_074715_226-768x432.jpg 768w, http:\/\/lichri.radeln-in-den-sonnenaufgang.de\/wp-content\/uploads\/2019\/05\/IMG_20190516_074715_226.jpg 1280w\" sizes=\"(max-width: 767px) 89vw, (max-width: 1000px) 54vw, (max-width: 1071px) 543px, 580px\" \/><\/figure><\/li><\/ul>\n\n\n\n<p>Am n\u00e4chsten Tag begr\u00fc\u00dfte uns die Sonne, der \u00fcber dem Kanal aufsteigende Nebel und ein vorbeischwimmender Biber &#8211; welch Idyll! Und dann kam das ersten Schiff des Tages. Tja, mit dem aufgewirbelten Morast wollte ich dann doch nicht den Guten-Morgen-Sprung-ins-Wasser wagen. <\/p>\n\n\n\n<figure class=\"wp-block-image\"><img decoding=\"async\" loading=\"lazy\" width=\"1024\" height=\"683\" src=\"http:\/\/lichri.radeln-in-den-sonnenaufgang.de\/wp-content\/uploads\/2019\/05\/IMG_6626_compress84-1024x683.jpg\" alt=\"\" class=\"wp-image-265\" srcset=\"http:\/\/lichri.radeln-in-den-sonnenaufgang.de\/wp-content\/uploads\/2019\/05\/IMG_6626_compress84-1024x683.jpg 1024w, http:\/\/lichri.radeln-in-den-sonnenaufgang.de\/wp-content\/uploads\/2019\/05\/IMG_6626_compress84-300x200.jpg 300w, http:\/\/lichri.radeln-in-den-sonnenaufgang.de\/wp-content\/uploads\/2019\/05\/IMG_6626_compress84-768x512.jpg 768w, http:\/\/lichri.radeln-in-den-sonnenaufgang.de\/wp-content\/uploads\/2019\/05\/IMG_6626_compress84.jpg 1296w\" sizes=\"(max-width: 767px) 89vw, (max-width: 1000px) 54vw, (max-width: 1071px) 543px, 580px\" \/><figcaption>Dampf in der Morgensonne<\/figcaption><\/figure>\n\n\n\n<p>Wir lie\u00dfen uns Zeit, fr\u00fchst\u00fcckten ausgiebig, schmierten uns Brote und lie\u00dfen Zelt und Schlafs\u00e4cke von der Sonne vom n\u00e4chtlichen Tau trocknen. Nachdem die ersten Schulkinder auf dem sch\u00f6nen Deichweg vorbeiradelten, schwangen auch wir uns schlie\u00dflich auf unsere vollbepackten Drahtesel und gaben ihnen die Sporen wider den Wind. Auf nach Norden ging es weiter an der Deutsch-Polnischen Grenze entlang, die wir &#8211; nachdem wir von einer Truppe Senioren auf E-Bikes \u00fcberholt wurden &#8211; am Mittag \u00fcberquerten. An vielbefahrenen Stra\u00dfen und auf kaputten Betonplattenwegen ging es ab dann weiter nach Norden Richtung Stettin und daran vorbei. Wir wollten ja nach Osten und nicht den wahrscheinlich besser ausgebauten Umweg westlich um das Stettiner Haff nehmen. Dann war das wohl der Preis. Der gespeicherten Radroute &#8222;ZiO&#8220;, der wir folgten, ist auf jeden Fall nicht zu trauen. Erst als wir tags drauf, nach einer sch\u00f6nen ruhigen Nacht hinter einem kleinen Birken und Kiefernw\u00e4ldchen mit tollenden F\u00fcchse und \u00e4senden Rehen, wieder aufs Rad stiegen und weitere 70km hinter uns brachten, mit b\u00f6sem Gegenwind, kamen wir auf den ersten richtigen Radweg auf unserer Reise durch Polen, den Europaradweg 10, der von Usedom her kommt. <\/p>\n\n\n\n<figure class=\"wp-block-image\"><img decoding=\"async\" loading=\"lazy\" width=\"1024\" height=\"683\" src=\"http:\/\/lichri.radeln-in-den-sonnenaufgang.de\/wp-content\/uploads\/2019\/05\/IMG_6692_compress40-1024x683.jpg\" alt=\"\" class=\"wp-image-266\" srcset=\"http:\/\/lichri.radeln-in-den-sonnenaufgang.de\/wp-content\/uploads\/2019\/05\/IMG_6692_compress40-1024x683.jpg 1024w, http:\/\/lichri.radeln-in-den-sonnenaufgang.de\/wp-content\/uploads\/2019\/05\/IMG_6692_compress40-300x200.jpg 300w, http:\/\/lichri.radeln-in-den-sonnenaufgang.de\/wp-content\/uploads\/2019\/05\/IMG_6692_compress40-768x512.jpg 768w, http:\/\/lichri.radeln-in-den-sonnenaufgang.de\/wp-content\/uploads\/2019\/05\/IMG_6692_compress40.jpg 1296w\" sizes=\"(max-width: 767px) 89vw, (max-width: 1000px) 54vw, (max-width: 1071px) 543px, 580px\" \/><figcaption>Tja, wir wollten scheinbar Umwege gegen Un-Wege tauschen.<\/figcaption><\/figure>\n\n\n\n<p>Nach einem anstrengendem Tag genossen wir hier, nun endlich an der K\u00fcste angekommen, auf dem erstbesten Campingplatz erst mal die erste Dusche in drei Tagen. Hier lernten wir auch Klaus kennen, der wie wir eine l\u00e4ngere Radreise unternimmt und die selbe Strecke f\u00e4hrt wie wir bis Tallin. Nur ist er 63, alleine unterwegs und hat entsprechend mehr Gep\u00e4ck. Daf\u00fcr hielt er am Tag drauf jedoch erstaunlich gut mit uns mit &#8211; vielleicht sind wir auch einfach gar nicht so schnell \ud83d\ude42 <\/p>\n\n\n\n<figure class=\"wp-block-image\"><img decoding=\"async\" loading=\"lazy\" width=\"738\" height=\"1024\" src=\"http:\/\/lichri.radeln-in-den-sonnenaufgang.de\/wp-content\/uploads\/2019\/05\/IMG_20190516_074648_606-738x1024.jpg\" alt=\"\" class=\"wp-image-267\" srcset=\"http:\/\/lichri.radeln-in-den-sonnenaufgang.de\/wp-content\/uploads\/2019\/05\/IMG_20190516_074648_606-738x1024.jpg 738w, http:\/\/lichri.radeln-in-den-sonnenaufgang.de\/wp-content\/uploads\/2019\/05\/IMG_20190516_074648_606-216x300.jpg 216w, http:\/\/lichri.radeln-in-den-sonnenaufgang.de\/wp-content\/uploads\/2019\/05\/IMG_20190516_074648_606-768x1065.jpg 768w, http:\/\/lichri.radeln-in-den-sonnenaufgang.de\/wp-content\/uploads\/2019\/05\/IMG_20190516_074648_606.jpg 923w\" sizes=\"(max-width: 738px) 100vw, 738px\" \/><figcaption>Radreisender Klaus und Lisa auf alten Sowjet-Stra\u00dfen entlang des Euro-10-Radweges.<br><\/figcaption><\/figure>\n\n\n\n<p>Klaus hat \u00fcbrigens auch einen Reiseblog (www.klausonbike.com) auf dem man ab und zu etwas von ihm lesen kann. Leider haben wir uns im Laufe des gestrigen Tages dann doch irgendwann aus den Augen verloren und nicht wieder getroffen. Sch\u00e4tze mal, er ist ein-zwei Campingpl\u00e4tze fr\u00fcher eingekehrt. Wir sind jetzt in Kolobrzeg und es regnet inzwischen viel &#8211; viel zu viel, und es ist noch mehr gemeldet. Die trockenen Momente &#8211; wie er jetzt gerade ist &#8211; m\u00fcssen wir zum Zusammenpacken nutzen. Sonst kommen wir heute nicht mehr los. Also dann, man sieht sich! \ud83d\ude42<\/p>\n\n\n\n<p>Eure Weltenbummler Lisa &amp; Chris<\/p>\n\n\n\n<ul class=\"is-layout-flex wp-block-gallery-3 wp-block-gallery columns-3 is-cropped\"><li class=\"blocks-gallery-item\"><figure><img decoding=\"async\" loading=\"lazy\" width=\"1024\" height=\"576\" src=\"http:\/\/lichri.radeln-in-den-sonnenaufgang.de\/wp-content\/uploads\/2019\/05\/IMG_20190516_080052_179-1024x576.jpg\" alt=\"\" data-id=\"268\" data-link=\"http:\/\/lichri.radeln-in-den-sonnenaufgang.de\/?attachment_id=268\" class=\"wp-image-268\" srcset=\"http:\/\/lichri.radeln-in-den-sonnenaufgang.de\/wp-content\/uploads\/2019\/05\/IMG_20190516_080052_179-1024x576.jpg 1024w, http:\/\/lichri.radeln-in-den-sonnenaufgang.de\/wp-content\/uploads\/2019\/05\/IMG_20190516_080052_179-300x169.jpg 300w, http:\/\/lichri.radeln-in-den-sonnenaufgang.de\/wp-content\/uploads\/2019\/05\/IMG_20190516_080052_179-768x432.jpg 768w, http:\/\/lichri.radeln-in-den-sonnenaufgang.de\/wp-content\/uploads\/2019\/05\/IMG_20190516_080052_179.jpg 1280w\" sizes=\"(max-width: 767px) 89vw, (max-width: 1000px) 54vw, (max-width: 1071px) 543px, 580px\" \/><\/figure><\/li><li class=\"blocks-gallery-item\"><figure><img decoding=\"async\" loading=\"lazy\" width=\"576\" height=\"1024\" src=\"http:\/\/lichri.radeln-in-den-sonnenaufgang.de\/wp-content\/uploads\/2019\/05\/IMG_20190516_080057_312-576x1024.jpg\" alt=\"\" data-id=\"269\" data-link=\"http:\/\/lichri.radeln-in-den-sonnenaufgang.de\/?attachment_id=269\" class=\"wp-image-269\" srcset=\"http:\/\/lichri.radeln-in-den-sonnenaufgang.de\/wp-content\/uploads\/2019\/05\/IMG_20190516_080057_312-576x1024.jpg 576w, http:\/\/lichri.radeln-in-den-sonnenaufgang.de\/wp-content\/uploads\/2019\/05\/IMG_20190516_080057_312-169x300.jpg 169w, http:\/\/lichri.radeln-in-den-sonnenaufgang.de\/wp-content\/uploads\/2019\/05\/IMG_20190516_080057_312.jpg 720w\" sizes=\"(max-width: 576px) 100vw, 576px\" \/><\/figure><\/li><li class=\"blocks-gallery-item\"><figure><img decoding=\"async\" loading=\"lazy\" width=\"576\" height=\"1024\" src=\"http:\/\/lichri.radeln-in-den-sonnenaufgang.de\/wp-content\/uploads\/2019\/05\/IMG_20190516_074706_974-576x1024.jpg\" alt=\"\" data-id=\"271\" data-link=\"http:\/\/lichri.radeln-in-den-sonnenaufgang.de\/?attachment_id=271\" class=\"wp-image-271\" srcset=\"http:\/\/lichri.radeln-in-den-sonnenaufgang.de\/wp-content\/uploads\/2019\/05\/IMG_20190516_074706_974-576x1024.jpg 576w, http:\/\/lichri.radeln-in-den-sonnenaufgang.de\/wp-content\/uploads\/2019\/05\/IMG_20190516_074706_974-169x300.jpg 169w, http:\/\/lichri.radeln-in-den-sonnenaufgang.de\/wp-content\/uploads\/2019\/05\/IMG_20190516_074706_974.jpg 720w\" sizes=\"(max-width: 576px) 100vw, 576px\" \/><\/figure><\/li><\/ul>\n\n\n\n<figure class=\"wp-block-image\"><img decoding=\"async\" loading=\"lazy\" width=\"1024\" height=\"576\" src=\"http:\/\/lichri.radeln-in-den-sonnenaufgang.de\/wp-content\/uploads\/2019\/05\/IMG_20190516_080048_762-1-1024x576.jpg\" alt=\"\" class=\"wp-image-272\" srcset=\"http:\/\/lichri.radeln-in-den-sonnenaufgang.de\/wp-content\/uploads\/2019\/05\/IMG_20190516_080048_762-1-1024x576.jpg 1024w, http:\/\/lichri.radeln-in-den-sonnenaufgang.de\/wp-content\/uploads\/2019\/05\/IMG_20190516_080048_762-1-300x169.jpg 300w, http:\/\/lichri.radeln-in-den-sonnenaufgang.de\/wp-content\/uploads\/2019\/05\/IMG_20190516_080048_762-1-768x432.jpg 768w, http:\/\/lichri.radeln-in-den-sonnenaufgang.de\/wp-content\/uploads\/2019\/05\/IMG_20190516_080048_762-1.jpg 1280w\" sizes=\"(max-width: 767px) 89vw, (max-width: 1000px) 54vw, (max-width: 1071px) 543px, 580px\" \/><figcaption>Erste Landesgrenze &#8211; Check!<\/figcaption><\/figure>\n\n\n\n<ul class=\"is-layout-flex wp-block-gallery-5 wp-block-gallery columns-3 is-cropped\"><li class=\"blocks-gallery-item\"><figure><img decoding=\"async\" loading=\"lazy\" width=\"576\" height=\"1024\" src=\"http:\/\/lichri.radeln-in-den-sonnenaufgang.de\/wp-content\/uploads\/2019\/05\/IMG_20190516_080100_045-576x1024.jpg\" alt=\"\" data-id=\"273\" data-link=\"http:\/\/lichri.radeln-in-den-sonnenaufgang.de\/?attachment_id=273\" class=\"wp-image-273\" srcset=\"http:\/\/lichri.radeln-in-den-sonnenaufgang.de\/wp-content\/uploads\/2019\/05\/IMG_20190516_080100_045-576x1024.jpg 576w, http:\/\/lichri.radeln-in-den-sonnenaufgang.de\/wp-content\/uploads\/2019\/05\/IMG_20190516_080100_045-169x300.jpg 169w, http:\/\/lichri.radeln-in-den-sonnenaufgang.de\/wp-content\/uploads\/2019\/05\/IMG_20190516_080100_045.jpg 720w\" sizes=\"(max-width: 576px) 100vw, 576px\" \/><\/figure><\/li><li class=\"blocks-gallery-item\"><figure><img decoding=\"async\" loading=\"lazy\" width=\"576\" height=\"1024\" src=\"http:\/\/lichri.radeln-in-den-sonnenaufgang.de\/wp-content\/uploads\/2019\/05\/IMG_20190516_074702_280-576x1024.jpg\" alt=\"\" data-id=\"274\" data-link=\"http:\/\/lichri.radeln-in-den-sonnenaufgang.de\/?attachment_id=274\" class=\"wp-image-274\" srcset=\"http:\/\/lichri.radeln-in-den-sonnenaufgang.de\/wp-content\/uploads\/2019\/05\/IMG_20190516_074702_280-576x1024.jpg 576w, http:\/\/lichri.radeln-in-den-sonnenaufgang.de\/wp-content\/uploads\/2019\/05\/IMG_20190516_074702_280-169x300.jpg 169w, http:\/\/lichri.radeln-in-den-sonnenaufgang.de\/wp-content\/uploads\/2019\/05\/IMG_20190516_074702_280.jpg 720w\" sizes=\"(max-width: 576px) 100vw, 576px\" \/><\/figure><\/li><li class=\"blocks-gallery-item\"><figure><img decoding=\"async\" loading=\"lazy\" width=\"576\" height=\"1024\" src=\"http:\/\/lichri.radeln-in-den-sonnenaufgang.de\/wp-content\/uploads\/2019\/05\/IMG_20190516_074700_217-576x1024.jpg\" alt=\"\" data-id=\"275\" data-link=\"http:\/\/lichri.radeln-in-den-sonnenaufgang.de\/?attachment_id=275\" class=\"wp-image-275\" srcset=\"http:\/\/lichri.radeln-in-den-sonnenaufgang.de\/wp-content\/uploads\/2019\/05\/IMG_20190516_074700_217-576x1024.jpg 576w, http:\/\/lichri.radeln-in-den-sonnenaufgang.de\/wp-content\/uploads\/2019\/05\/IMG_20190516_074700_217-169x300.jpg 169w, http:\/\/lichri.radeln-in-den-sonnenaufgang.de\/wp-content\/uploads\/2019\/05\/IMG_20190516_074700_217.jpg 720w\" sizes=\"(max-width: 576px) 100vw, 576px\" \/><\/figure><\/li><\/ul>\n\n\n\n<figure class=\"wp-block-image\"><img decoding=\"async\" loading=\"lazy\" width=\"683\" height=\"1024\" src=\"http:\/\/lichri.radeln-in-den-sonnenaufgang.de\/wp-content\/uploads\/2019\/05\/IMG_6710_compress75-1-e1557988763680-683x1024.jpg\" alt=\"\" class=\"wp-image-277\" srcset=\"http:\/\/lichri.radeln-in-den-sonnenaufgang.de\/wp-content\/uploads\/2019\/05\/IMG_6710_compress75-1-e1557988763680-683x1024.jpg 683w, http:\/\/lichri.radeln-in-den-sonnenaufgang.de\/wp-content\/uploads\/2019\/05\/IMG_6710_compress75-1-e1557988763680-200x300.jpg 200w, http:\/\/lichri.radeln-in-den-sonnenaufgang.de\/wp-content\/uploads\/2019\/05\/IMG_6710_compress75-1-e1557988763680-768x1152.jpg 768w, http:\/\/lichri.radeln-in-den-sonnenaufgang.de\/wp-content\/uploads\/2019\/05\/IMG_6710_compress75-1-e1557988763680.jpg 864w\" sizes=\"(max-width: 683px) 100vw, 683px\" \/><figcaption>&lt;3<\/figcaption><\/figure>\n\n\n\n<p><\/p>\n\n\n\n<p><br><\/p>\n","protected":false},"excerpt":{"rendered":"<p>Es ist Tag 22 unserer noch jungen Reise gen Osten. Vor drei Tagen haben wir die Deutsch-Polnische Grenze \u00fcberquert haben. Wir haben das Stettiner Haff \u00f6stlich umfahren wovon ich aufgrund der schlechten Wege dringend abrate. Und dennoch haben wir es mit 73km pro Tag im Schnitt endlich an die Ostsee nach Kolobrzeg geschafft. Wir hoffen &hellip; <\/p>\n<p class=\"link-more\"><a href=\"http:\/\/lichri.radeln-in-den-sonnenaufgang.de\/?p=256\" class=\"more-link\"><span class=\"screen-reader-text\">\u201eEberswalde-Kolobrzeg\u201c<\/span> weiterlesen<\/a><\/p>\n","protected":false},"author":3,"featured_media":0,"comment_status":"open","ping_status":"open","sticky":false,"template":"","format":"standard","meta":[],"categories":[1],"tags":[],"_links":{"self":[{"href":"http:\/\/lichri.radeln-in-den-sonnenaufgang.de\/index.php?rest_route=\/wp\/v2\/posts\/256"}],"collection":[{"href":"http:\/\/lichri.radeln-in-den-sonnenaufgang.de\/index.php?rest_route=\/wp\/v2\/posts"}],"about":[{"href":"http:\/\/lichri.radeln-in-den-sonnenaufgang.de\/index.php?rest_route=\/wp\/v2\/types\/post"}],"author":[{"embeddable":true,"href":"http:\/\/lichri.radeln-in-den-sonnenaufgang.de\/index.php?rest_route=\/wp\/v2\/users\/3"}],"replies":[{"embeddable":true,"href":"http:\/\/lichri.radeln-in-den-sonnenaufgang.de\/index.php?rest_route=%2Fwp%2Fv2%2Fcomments&post=256"}],"version-history":[{"count":1,"href":"http:\/\/lichri.radeln-in-den-sonnenaufgang.de\/index.php?rest_route=\/wp\/v2\/posts\/256\/revisions"}],"predecessor-version":[{"id":278,"href":"http:\/\/lichri.radeln-in-den-sonnenaufgang.de\/index.php?rest_route=\/wp\/v2\/posts\/256\/revisions\/278"}],"wp:attachment":[{"href":"http:\/\/lichri.radeln-in-den-sonnenaufgang.de\/index.php?rest_route=%2Fwp%2Fv2%2Fmedia&parent=256"}],"wp:term":[{"taxonomy":"category","embeddable":true,"href":"http:\/\/lichri.radeln-in-den-sonnenaufgang.de\/index.php?rest_route=%2Fwp%2Fv2%2Fcategories&post=256"},{"taxonomy":"post_tag","embeddable":true,"href":"http:\/\/lichri.radeln-in-den-sonnenaufgang.de\/index.php?rest_route=%2Fwp%2Fv2%2Ftags&post=256"}],"curies":[{"name":"wp","href":"https:\/\/api.w.org\/{rel}","templated":true}]}}