{"id":238,"date":"2019-05-11T15:46:43","date_gmt":"2019-05-11T15:46:43","guid":{"rendered":"http:\/\/lichri.radeln-in-den-sonnenaufgang.de\/?p=238"},"modified":"2019-05-11T15:46:43","modified_gmt":"2019-05-11T15:46:43","slug":"einmal-auftanken-bitte-chris","status":"publish","type":"post","link":"http:\/\/lichri.radeln-in-den-sonnenaufgang.de\/?p=238","title":{"rendered":"Einmal Auftanken, bitte! &#8211; (Chris)"},"content":{"rendered":"\n<p>Die frohe Botschaft voraus: es geht weiter! Nach einer Woche Aufenthalt in unserer alten Heimat Eberswalde geht es morgen, am Sonntag, endlich wieder los. Zwischendurch sa\u00df ich schon ganz sch\u00f6n auf Kohlen, endlich wieder auf&#8217;s Rad zu steigen. Doch der lange Aufenthalt bei unserem Freund und &#8222;Adoptivsohn&#8220; (er hat uns als Eltern adoptiert \ud83d\ude1b  ) Fabian tat sehr gut. Wir sind jetzt vollst\u00e4ndig wiederhergestellt, k\u00f6rperlich, geistig, hygienisch&#8230; \ud83d\ude09<\/p>\n\n\n\n<ul class=\"is-layout-flex wp-block-gallery-1 wp-block-gallery columns-3 is-cropped\"><li class=\"blocks-gallery-item\"><figure><img decoding=\"async\" loading=\"lazy\" width=\"1024\" height=\"1024\" src=\"http:\/\/lichri.radeln-in-den-sonnenaufgang.de\/wp-content\/uploads\/2019\/05\/IMG_20190507_130229_101-1024x1024.jpg\" alt=\"\" data-id=\"246\" data-link=\"http:\/\/lichri.radeln-in-den-sonnenaufgang.de\/?attachment_id=246\" class=\"wp-image-246\" srcset=\"http:\/\/lichri.radeln-in-den-sonnenaufgang.de\/wp-content\/uploads\/2019\/05\/IMG_20190507_130229_101-1024x1024.jpg 1024w, http:\/\/lichri.radeln-in-den-sonnenaufgang.de\/wp-content\/uploads\/2019\/05\/IMG_20190507_130229_101-150x150.jpg 150w, http:\/\/lichri.radeln-in-den-sonnenaufgang.de\/wp-content\/uploads\/2019\/05\/IMG_20190507_130229_101-300x300.jpg 300w, http:\/\/lichri.radeln-in-den-sonnenaufgang.de\/wp-content\/uploads\/2019\/05\/IMG_20190507_130229_101-768x768.jpg 768w, http:\/\/lichri.radeln-in-den-sonnenaufgang.de\/wp-content\/uploads\/2019\/05\/IMG_20190507_130229_101-100x100.jpg 100w, http:\/\/lichri.radeln-in-den-sonnenaufgang.de\/wp-content\/uploads\/2019\/05\/IMG_20190507_130229_101.jpg 1080w\" sizes=\"(max-width: 767px) 89vw, (max-width: 1000px) 54vw, (max-width: 1071px) 543px, 580px\" \/><\/figure><\/li><li class=\"blocks-gallery-item\"><figure><img decoding=\"async\" loading=\"lazy\" width=\"576\" height=\"1024\" src=\"http:\/\/lichri.radeln-in-den-sonnenaufgang.de\/wp-content\/uploads\/2019\/05\/Screenshot_20190504-201841-576x1024.png\" alt=\"\" data-id=\"247\" data-link=\"http:\/\/lichri.radeln-in-den-sonnenaufgang.de\/?attachment_id=247\" class=\"wp-image-247\" srcset=\"http:\/\/lichri.radeln-in-den-sonnenaufgang.de\/wp-content\/uploads\/2019\/05\/Screenshot_20190504-201841-576x1024.png 576w, http:\/\/lichri.radeln-in-den-sonnenaufgang.de\/wp-content\/uploads\/2019\/05\/Screenshot_20190504-201841-169x300.png 169w, http:\/\/lichri.radeln-in-den-sonnenaufgang.de\/wp-content\/uploads\/2019\/05\/Screenshot_20190504-201841-768x1365.png 768w, http:\/\/lichri.radeln-in-den-sonnenaufgang.de\/wp-content\/uploads\/2019\/05\/Screenshot_20190504-201841.png 1080w\" sizes=\"(max-width: 576px) 100vw, 576px\" \/><\/figure><\/li><li class=\"blocks-gallery-item\"><figure><img decoding=\"async\" loading=\"lazy\" width=\"1024\" height=\"576\" src=\"http:\/\/lichri.radeln-in-den-sonnenaufgang.de\/wp-content\/uploads\/2019\/05\/DSC_0441-1024x576.jpg\" alt=\"\" data-id=\"248\" data-link=\"http:\/\/lichri.radeln-in-den-sonnenaufgang.de\/?attachment_id=248\" class=\"wp-image-248\" srcset=\"http:\/\/lichri.radeln-in-den-sonnenaufgang.de\/wp-content\/uploads\/2019\/05\/DSC_0441-1024x576.jpg 1024w, http:\/\/lichri.radeln-in-den-sonnenaufgang.de\/wp-content\/uploads\/2019\/05\/DSC_0441-300x169.jpg 300w, http:\/\/lichri.radeln-in-den-sonnenaufgang.de\/wp-content\/uploads\/2019\/05\/DSC_0441-768x432.jpg 768w\" sizes=\"(max-width: 767px) 89vw, (max-width: 1000px) 54vw, (max-width: 1071px) 543px, 580px\" \/><\/figure><\/li><li class=\"blocks-gallery-item\"><figure><img decoding=\"async\" loading=\"lazy\" width=\"1024\" height=\"768\" src=\"http:\/\/lichri.radeln-in-den-sonnenaufgang.de\/wp-content\/uploads\/2019\/05\/DSC_0454-1024x768.jpg\" alt=\"\" data-id=\"249\" data-link=\"http:\/\/lichri.radeln-in-den-sonnenaufgang.de\/?attachment_id=249\" class=\"wp-image-249\" srcset=\"http:\/\/lichri.radeln-in-den-sonnenaufgang.de\/wp-content\/uploads\/2019\/05\/DSC_0454-1024x768.jpg 1024w, http:\/\/lichri.radeln-in-den-sonnenaufgang.de\/wp-content\/uploads\/2019\/05\/DSC_0454-300x225.jpg 300w, http:\/\/lichri.radeln-in-den-sonnenaufgang.de\/wp-content\/uploads\/2019\/05\/DSC_0454-768x576.jpg 768w\" sizes=\"(max-width: 767px) 89vw, (max-width: 1000px) 54vw, (max-width: 1071px) 543px, 580px\" \/><\/figure><\/li><li class=\"blocks-gallery-item\"><figure><img decoding=\"async\" loading=\"lazy\" width=\"1024\" height=\"683\" src=\"http:\/\/lichri.radeln-in-den-sonnenaufgang.de\/wp-content\/uploads\/2019\/05\/IMG_6522_compress24-1024x683.jpg\" alt=\"\" data-id=\"250\" data-link=\"http:\/\/lichri.radeln-in-den-sonnenaufgang.de\/?attachment_id=250\" class=\"wp-image-250\" srcset=\"http:\/\/lichri.radeln-in-den-sonnenaufgang.de\/wp-content\/uploads\/2019\/05\/IMG_6522_compress24-1024x683.jpg 1024w, http:\/\/lichri.radeln-in-den-sonnenaufgang.de\/wp-content\/uploads\/2019\/05\/IMG_6522_compress24-300x200.jpg 300w, http:\/\/lichri.radeln-in-den-sonnenaufgang.de\/wp-content\/uploads\/2019\/05\/IMG_6522_compress24-768x512.jpg 768w, http:\/\/lichri.radeln-in-den-sonnenaufgang.de\/wp-content\/uploads\/2019\/05\/IMG_6522_compress24.jpg 1296w\" sizes=\"(max-width: 767px) 89vw, (max-width: 1000px) 54vw, (max-width: 1071px) 543px, 580px\" \/><\/figure><\/li><li class=\"blocks-gallery-item\"><figure><img decoding=\"async\" loading=\"lazy\" width=\"1024\" height=\"683\" src=\"http:\/\/lichri.radeln-in-den-sonnenaufgang.de\/wp-content\/uploads\/2019\/05\/IMG_6501_compress34-1024x683.jpg\" alt=\"\" data-id=\"251\" data-link=\"http:\/\/lichri.radeln-in-den-sonnenaufgang.de\/?attachment_id=251\" class=\"wp-image-251\" srcset=\"http:\/\/lichri.radeln-in-den-sonnenaufgang.de\/wp-content\/uploads\/2019\/05\/IMG_6501_compress34-1024x683.jpg 1024w, http:\/\/lichri.radeln-in-den-sonnenaufgang.de\/wp-content\/uploads\/2019\/05\/IMG_6501_compress34-300x200.jpg 300w, http:\/\/lichri.radeln-in-den-sonnenaufgang.de\/wp-content\/uploads\/2019\/05\/IMG_6501_compress34-768x512.jpg 768w, http:\/\/lichri.radeln-in-den-sonnenaufgang.de\/wp-content\/uploads\/2019\/05\/IMG_6501_compress34.jpg 1296w\" sizes=\"(max-width: 767px) 89vw, (max-width: 1000px) 54vw, (max-width: 1071px) 543px, 580px\" \/><\/figure><\/li><\/ul>\n\n\n\n<p>Aber zur\u00fcck zum Anfang: Seit wir am Freitag bei Katja in Potsdam eingeradelt sind und dort den Kindergeburtstag gecrasht haben, hatten wir am Tag darauf das Privileg und gro\u00dfe Geschenk von Katja und ihren Eltern zum Fr\u00fchst\u00fcck in das schnieke Caf\u00e9 <a href=\"https:\/\/www.asliceofbritain.de\/\">A Slice of Britain <\/a>eingeladen zu werden, wo wir ein wundervoll leckeres (veganes) Englisches Fr\u00fchst\u00fcck genossen &#8211; Hmmmm, jammi! <\/p>\n\n\n\n<ul class=\"is-layout-flex wp-block-gallery-3 wp-block-gallery columns-3 is-cropped\"><li class=\"blocks-gallery-item\"><figure><img decoding=\"async\" loading=\"lazy\" width=\"683\" height=\"1024\" src=\"http:\/\/lichri.radeln-in-den-sonnenaufgang.de\/wp-content\/uploads\/2019\/05\/IMG_6410-e1557589422179-683x1024.jpg\" alt=\"\" data-id=\"252\" data-link=\"http:\/\/lichri.radeln-in-den-sonnenaufgang.de\/?attachment_id=252\" class=\"wp-image-252\" srcset=\"http:\/\/lichri.radeln-in-den-sonnenaufgang.de\/wp-content\/uploads\/2019\/05\/IMG_6410-e1557589422179-683x1024.jpg 683w, http:\/\/lichri.radeln-in-den-sonnenaufgang.de\/wp-content\/uploads\/2019\/05\/IMG_6410-e1557589422179-200x300.jpg 200w, http:\/\/lichri.radeln-in-den-sonnenaufgang.de\/wp-content\/uploads\/2019\/05\/IMG_6410-e1557589422179-768x1152.jpg 768w, http:\/\/lichri.radeln-in-den-sonnenaufgang.de\/wp-content\/uploads\/2019\/05\/IMG_6410-e1557589422179.jpg 1000w\" sizes=\"(max-width: 683px) 100vw, 683px\" \/><figcaption>Scones mit Marmelade!<\/figcaption><\/figure><\/li><li class=\"blocks-gallery-item\"><figure><img decoding=\"async\" loading=\"lazy\" width=\"683\" height=\"1024\" src=\"http:\/\/lichri.radeln-in-den-sonnenaufgang.de\/wp-content\/uploads\/2019\/05\/IMG_6407-e1557589376415-683x1024.jpg\" alt=\"\" data-id=\"253\" data-link=\"http:\/\/lichri.radeln-in-den-sonnenaufgang.de\/?attachment_id=253\" class=\"wp-image-253\" srcset=\"http:\/\/lichri.radeln-in-den-sonnenaufgang.de\/wp-content\/uploads\/2019\/05\/IMG_6407-e1557589376415-683x1024.jpg 683w, http:\/\/lichri.radeln-in-den-sonnenaufgang.de\/wp-content\/uploads\/2019\/05\/IMG_6407-e1557589376415-200x300.jpg 200w, http:\/\/lichri.radeln-in-den-sonnenaufgang.de\/wp-content\/uploads\/2019\/05\/IMG_6407-e1557589376415-768x1152.jpg 768w, http:\/\/lichri.radeln-in-den-sonnenaufgang.de\/wp-content\/uploads\/2019\/05\/IMG_6407-e1557589376415.jpg 1000w\" sizes=\"(max-width: 683px) 100vw, 683px\" \/><figcaption>Croissant-Auflauf mit Schokodrops!<\/figcaption><\/figure><\/li><li class=\"blocks-gallery-item\"><figure><img decoding=\"async\" loading=\"lazy\" width=\"1024\" height=\"683\" src=\"http:\/\/lichri.radeln-in-den-sonnenaufgang.de\/wp-content\/uploads\/2019\/05\/IMG_6411-1024x683.jpg\" alt=\"\" data-id=\"254\" data-link=\"http:\/\/lichri.radeln-in-den-sonnenaufgang.de\/?attachment_id=254\" class=\"wp-image-254\"\/><figcaption>Und &#8230; \u00e4h.. sowas wie Arme Ritter nur in Superlecker?! \ud83d\ude00<\/figcaption><\/figure><\/li><\/ul>\n\n\n\n<p>Katja stellte uns auch die Betreiber dieser britischen Oase mitten in Potsdam vor, wobei Mike mich auf die Idee brachte, eine Patreon-Page anzulegen, \u00fcber die uns Fans und Freunde finanziell bei unserem Vorhaben unterst\u00fctzen k\u00f6nnen. Das habe ich dann auch in unserer einw\u00f6chigen Eberswalde-Pause direkt mal umgesetzt &#8211; schon aufgefallen?<\/p>\n\n\n\n<div class=\"wp-block-media-text alignwide\"><figure class=\"wp-block-media-text__media\"><img decoding=\"async\" loading=\"lazy\" width=\"500\" height=\"500\" src=\"http:\/\/lichri.radeln-in-den-sonnenaufgang.de\/wp-content\/uploads\/2019\/05\/Patreon_Mark_Coral.jpg\" alt=\"logo patreon\" class=\"wp-image-232\" srcset=\"http:\/\/lichri.radeln-in-den-sonnenaufgang.de\/wp-content\/uploads\/2019\/05\/Patreon_Mark_Coral.jpg 500w, http:\/\/lichri.radeln-in-den-sonnenaufgang.de\/wp-content\/uploads\/2019\/05\/Patreon_Mark_Coral-150x150.jpg 150w, http:\/\/lichri.radeln-in-den-sonnenaufgang.de\/wp-content\/uploads\/2019\/05\/Patreon_Mark_Coral-300x300.jpg 300w, http:\/\/lichri.radeln-in-den-sonnenaufgang.de\/wp-content\/uploads\/2019\/05\/Patreon_Mark_Coral-100x100.jpg 100w\" sizes=\"(max-width: 500px) 100vw, 500px\" \/><\/figure><div class=\"wp-block-media-text__content\">\n<p class=\"has-large-font-size\">Unterst\u00fctze uns auf Patreon!<\/p>\n<\/div><\/div>\n\n\n\n<p>Von Potsdam ging es am Nachmittag gegen 14:30 Uhr dann (ja, wir haben seeeehr ausgedehnt gefr\u00fchst\u00fcckt \ud83d\ude42 ) gen Berlin entlang der Havel, Wannsee und Spree. In Mitte\/Wedding besuchten wir dann noch meine liebe Tante Rosi, die uns mit leckerster Pasta und Kr\u00e4utersaucenkreationen, Wein und einer weichen Couch verw\u00f6hnte. Tags drauf radelten wir dann nochmal durch Berlin weiter zu Cousin Paul, den ich &#8211; wie Rosi &#8211; leider kein einziges in meinen zweieinhalb Jahren Studium in Eberswalde besucht hatte. Das galt es jetzt nachzuholen! Mit einer guten Portion Coffein in den Adern ging es dann wieder auf&#8217;s Rad und wir rollten &#8211; trotz Lisas Knieschmerzen &#8211; noch bis Eberswalde, wo wir Samstag Abend um 21Uhr aufschlugen und erneut mit feinster Pasta (einfach auch ein gutes Radleressen, ne?) willkommen gehie\u00dfen wurden. Diesmal von Fabian. Und da sind wir jetzt auch schon eine geschlagene Woche!<\/p>\n\n\n\n<p>Diese Woche haben wir ausgiebeig genutzt uns in der Tradizionale &#8211; Me Gusta und B\u00e4cker Wieses besten Br\u00f6tchen und Croissants wieder etwas Speck anzufuttern und ordentlich auszuschlafen. Und nat\u00fcrlich Freunde zu treffen!  &lt;3 <\/p>\n\n\n\n<p>Das war schon alles recht entspannt &#8211; und die Russen haben ihren Teil dazu beigetragen. Schlie\u00dflich haben wir die ganze Woche darauf gewartet, unsere P\u00e4sse vom Visacenter abholen zu d\u00fcrfen. Also warteten wir Tag um Tag auf die SMS-Benachrichtigung, bis am Mittwoch die 20 Tage Bearbeitungsmaximum abgelaufen sind und ich ungeduldig wurde. Auf der Website, auf der ich die Telefonnummer suchte, entdeckte ich schlie\u00dflich den Button: Check Application. H\u00e4tte ich den mal fr\u00fcher gesehen, schlie\u00dflich lagen unsere P\u00e4sse demnach schon seit 29.04. zur Abholung bereit. Aber so hatten wir Zeit und Mu\u00dfe uns in aller Ruhe mit Freunden zu treffen und durch Eberswalde zu streunern. Das war im Endeffekt ganz gut, denken wir. Naja, und die P\u00e4sse haben wir jetzt auch. \ud83d\ude42<\/p>\n\n\n\n<figure class=\"wp-block-image\"><img decoding=\"async\" loading=\"lazy\" width=\"1024\" height=\"576\" src=\"http:\/\/lichri.radeln-in-den-sonnenaufgang.de\/wp-content\/uploads\/2019\/05\/Paesse-1024x576.jpg\" alt=\"\" class=\"wp-image-242\" srcset=\"http:\/\/lichri.radeln-in-den-sonnenaufgang.de\/wp-content\/uploads\/2019\/05\/Paesse-1024x576.jpg 1024w, http:\/\/lichri.radeln-in-den-sonnenaufgang.de\/wp-content\/uploads\/2019\/05\/Paesse-300x169.jpg 300w, http:\/\/lichri.radeln-in-den-sonnenaufgang.de\/wp-content\/uploads\/2019\/05\/Paesse-768x432.jpg 768w\" sizes=\"(max-width: 767px) 89vw, (max-width: 1000px) 54vw, (max-width: 1071px) 543px, 580px\" \/><figcaption>Juhu! Russland, wir kommen \ud83d\ude00<\/figcaption><\/figure>\n\n\n\n<p>Eigentlich wollten wir heute auch schon wieder losradeln, doch irgendwie sollte es immernoch nicht sein. Schlie\u00dflich wollte die Polen-Karte + GPX-Radrouten noch auf OSMAND und der Dynamo-Lader noch an Lisas Rad installiert werden. Und Fabis K\u00fcche gestrichen werden.<\/p>\n\n\n\n<figure class=\"wp-block-image\"><img decoding=\"async\" loading=\"lazy\" width=\"1024\" height=\"683\" src=\"http:\/\/lichri.radeln-in-den-sonnenaufgang.de\/wp-content\/uploads\/2019\/05\/PSX_20190511_170907-1024x683.jpg\" alt=\"\" class=\"wp-image-239\" srcset=\"http:\/\/lichri.radeln-in-den-sonnenaufgang.de\/wp-content\/uploads\/2019\/05\/PSX_20190511_170907-1024x683.jpg 1024w, http:\/\/lichri.radeln-in-den-sonnenaufgang.de\/wp-content\/uploads\/2019\/05\/PSX_20190511_170907-300x200.jpg 300w, http:\/\/lichri.radeln-in-den-sonnenaufgang.de\/wp-content\/uploads\/2019\/05\/PSX_20190511_170907-768x512.jpg 768w\" sizes=\"(max-width: 767px) 89vw, (max-width: 1000px) 54vw, (max-width: 1071px) 543px, 580px\" \/><figcaption>Fr\u00f6hliche Streicharbeiten bei Fabi<\/figcaption><\/figure>\n\n\n\n<p> Jaja, bei Fabian waren wir wirklich flei\u00dfig diese Woche. Es tut aber auch einfach gut, zwischendurch einfach mal was produktives zu tun und mal wieder etwas zum Anpacken zu haben. Und so konnten wir Fabi ein bisschen was zur\u00fcckgeben f\u00fcr das Essen (&#8222;die Haare, die wir ihm vom Kopf gefressen haben&#8220;) und sein Bett, das er uns aufopferungsvoll zur Verf\u00fcgung stellte&#8230;. Achja, so ein S\u00fc\u00dfer&#8230;<\/p>\n\n\n\n<figure class=\"wp-block-image\"><img decoding=\"async\" loading=\"lazy\" width=\"1024\" height=\"683\" src=\"http:\/\/lichri.radeln-in-den-sonnenaufgang.de\/wp-content\/uploads\/2019\/05\/IMG_6462_compress20-1024x683.jpg\" alt=\"\" class=\"wp-image-241\" srcset=\"http:\/\/lichri.radeln-in-den-sonnenaufgang.de\/wp-content\/uploads\/2019\/05\/IMG_6462_compress20-1024x683.jpg 1024w, http:\/\/lichri.radeln-in-den-sonnenaufgang.de\/wp-content\/uploads\/2019\/05\/IMG_6462_compress20-300x200.jpg 300w, http:\/\/lichri.radeln-in-den-sonnenaufgang.de\/wp-content\/uploads\/2019\/05\/IMG_6462_compress20-768x512.jpg 768w, http:\/\/lichri.radeln-in-den-sonnenaufgang.de\/wp-content\/uploads\/2019\/05\/IMG_6462_compress20.jpg 1296w\" sizes=\"(max-width: 767px) 89vw, (max-width: 1000px) 54vw, (max-width: 1071px) 543px, 580px\" \/><figcaption>Njomnjomnjom, St\u00f6rti zur Gem\u00fcsepfanne mit Mandel-Nuss-Tofu und Reis \ud83d\ude42<\/figcaption><\/figure>\n\n\n\n<p>Tja, und nicht nur dass wir so viel zu tun haben &#8211; oder finden &#8211; irgendwie haben wir wohl ein bisschen Bammel vor dem n\u00e4chsten Schritt. Eberswalde ist der letzte &#8222;sichere Hafen&#8220; f\u00fcr uns. Eine Tagesreise weiter und wir befinden uns in Polen, wo wir kein Wort der Landessprache verstehen. Naja, vielleicht drei, aber das war&#8217;s dann auch. Wir kennen dort niemanden, haben keine festen Ziele, die wir ansteuern wollen. Es wird alles etwas ungewisser. Und wieder spannender! &#8211; Morgen dann \ud83d\ude09<\/p>\n\n\n\n<p>Das n\u00e4chste Mal, wenn Ihr von uns lest, werden wir dann schon in Polen sein. Ich bin mal gespannt, was wir dann so zu berichten haben! <br><\/p>\n","protected":false},"excerpt":{"rendered":"<p>Die frohe Botschaft voraus: es geht weiter! Nach einer Woche Aufenthalt in unserer alten Heimat Eberswalde geht es morgen, am Sonntag, endlich wieder los. Zwischendurch sa\u00df ich schon ganz sch\u00f6n auf Kohlen, endlich wieder auf&#8217;s Rad zu steigen. Doch der lange Aufenthalt bei unserem Freund und &#8222;Adoptivsohn&#8220; (er hat uns als Eltern adoptiert \ud83d\ude1b ) &hellip; <\/p>\n<p class=\"link-more\"><a href=\"http:\/\/lichri.radeln-in-den-sonnenaufgang.de\/?p=238\" class=\"more-link\"><span class=\"screen-reader-text\">\u201eEinmal Auftanken, bitte! &#8211; (Chris)\u201c<\/span> weiterlesen<\/a><\/p>\n","protected":false},"author":3,"featured_media":0,"comment_status":"open","ping_status":"open","sticky":false,"template":"","format":"standard","meta":[],"categories":[1],"tags":[],"_links":{"self":[{"href":"http:\/\/lichri.radeln-in-den-sonnenaufgang.de\/index.php?rest_route=\/wp\/v2\/posts\/238"}],"collection":[{"href":"http:\/\/lichri.radeln-in-den-sonnenaufgang.de\/index.php?rest_route=\/wp\/v2\/posts"}],"about":[{"href":"http:\/\/lichri.radeln-in-den-sonnenaufgang.de\/index.php?rest_route=\/wp\/v2\/types\/post"}],"author":[{"embeddable":true,"href":"http:\/\/lichri.radeln-in-den-sonnenaufgang.de\/index.php?rest_route=\/wp\/v2\/users\/3"}],"replies":[{"embeddable":true,"href":"http:\/\/lichri.radeln-in-den-sonnenaufgang.de\/index.php?rest_route=%2Fwp%2Fv2%2Fcomments&post=238"}],"version-history":[{"count":1,"href":"http:\/\/lichri.radeln-in-den-sonnenaufgang.de\/index.php?rest_route=\/wp\/v2\/posts\/238\/revisions"}],"predecessor-version":[{"id":255,"href":"http:\/\/lichri.radeln-in-den-sonnenaufgang.de\/index.php?rest_route=\/wp\/v2\/posts\/238\/revisions\/255"}],"wp:attachment":[{"href":"http:\/\/lichri.radeln-in-den-sonnenaufgang.de\/index.php?rest_route=%2Fwp%2Fv2%2Fmedia&parent=238"}],"wp:term":[{"taxonomy":"category","embeddable":true,"href":"http:\/\/lichri.radeln-in-den-sonnenaufgang.de\/index.php?rest_route=%2Fwp%2Fv2%2Fcategories&post=238"},{"taxonomy":"post_tag","embeddable":true,"href":"http:\/\/lichri.radeln-in-den-sonnenaufgang.de\/index.php?rest_route=%2Fwp%2Fv2%2Ftags&post=238"}],"curies":[{"name":"wp","href":"https:\/\/api.w.org\/{rel}","templated":true}]}}