{"id":206,"date":"2019-05-03T07:00:53","date_gmt":"2019-05-03T07:00:53","guid":{"rendered":"http:\/\/lichri.radeln-in-den-sonnenaufgang.de\/?p=206"},"modified":"2019-05-08T10:23:59","modified_gmt":"2019-05-08T10:23:59","slug":"die-reise-beginnt-unsere-erste-woche-auf-tour-hassfurt-potsdam","status":"publish","type":"post","link":"http:\/\/lichri.radeln-in-den-sonnenaufgang.de\/?p=206","title":{"rendered":"Die Reise beginnt &#8211; Unsere erste Woche auf Tour (Ha\u00dffurt-Potsdam)"},"content":{"rendered":"\n<p>von Lisa<\/p>\n\n\n\n<p>Ihr sch\u00f6nen Menschen,<br> es ist l\u00e4ngst \u00fcberf\u00e4llig, dass wir mal etwas von uns h\u00f6ren lassen. Es geht uns gut und wir leben noch. \ud83d\ude42 Nicht so die beiden St\u00e4nder unserer R\u00e4der, Chris Sonnenbrille und seine Flipflops\u2026 Das sind die Verluste der ersten Tage.<\/p>\n\n\n\n<p><br> Im Moment scheint die Sonne auf uns herunter, der Wind bl\u00e4st mir mal leicht, mal unglaublich stark ins Gesicht. Chris sitzt neben mir und kocht Nudeln, also falls das Wasser mal hei\u00df wird. Au\u00dferdem regt er sich zurecht \u00fcber unseren Salzbeh\u00e4lter (\u00dc-Ei) auf, der erneut das Salz fr\u00f6hlich teilen wollte und in der ganzen Dose verstreute. Die anderen Gew\u00fcrzbeh\u00e4lter sind zum Gl\u00fcck nicht ganz so spendabel. Wir sind mittlerweile in Brandenburg angekommen. Morgen m\u00f6chten wir gerne die letzten ca. 50 km nach Potsdam fahren und dort Katja besuchen \u2013 falls sie da ist. \ud83d\ude42 Wenn ihr den Blogeintrag lesen k\u00f6nnt, wird sie wahrscheinlich da sein, denn hier habe ich kein Internet, um den Eintrag zu ver\u00f6ffentlichen. \ud83d\ude42 <\/p>\n\n\n\n<p><br> Nun gut. Ihr wisst, dass wir mittlerweile die Grenze zwischen Sachsen-Anhalt und Brandenburg passiert haben, aber wie ging die Reise denn eigentlich los? Fangen wir von vorne an: Die ganze Reise war ja lange vorangek\u00fcndigt \u2013 eigentlich. Denn als wir losfuhren kam es uns sehr \u00fcberst\u00fcrzt vor, obwohl wir durch unseren extra langen Aufenthalt viel Zeit mit unseren Freunden und der Familie verbringen konnten. Wir haben gemerkt, dass es daf\u00fcr wahrscheinlich nicht genug Zeit geben kann. Etwas versp\u00e4tet starteten wir genau vor einer Woche am Mittwoch den 24.04.2019. Da f\u00e4llt mir ein \u2013 fr\u00f6hlichen ersten Mai w\u00fcnsche ich euch! Von Westheim, wo uns Jannik abholte, ging es dann mit dem Rad nach Ha\u00dffurt. Dort wartete Miri mit dem Fahrrad am Bahnhof auf uns. Au\u00dferdem kauften wir in Ha\u00dffurt einen noch jungfr\u00e4ulichen Tacho. Jannik und Miri begleiteten uns die erste Etappe nach Kraisdorf zu meiner (Lisas) Mama. Es war eine recht kurze und auch kurzweilige Fahrt mit den beiden und wir durften auf diesen ersten Kilometern uns und unsere R\u00e4der bereits den ersten Test unterziehen. Die Fahrr\u00e4der und wir schafften den Berg hinter K\u00f6nigsberg \u2013 nur wie gesagt Chris Fahrradst\u00e4nder hielt das ganze Gewicht nicht aus und brach einfach ab. (Dabei muss der das Gewicht doch nur im Stehen tragen\u2026 Jammerlappen) Das Problem wurde aber schnell behoben \u2013 danke dir Jannik! Bei Mama angekommen freuten wir uns \u00fcber gutes Wetter und gutes Essen \u2013 es wurde gegrillt! Ein letztes Familienbeisammensein, denn Jonas und Chris Eltern kamen zum Grillen dazu. Wir lie\u00dfen den Abend sch\u00f6n ausklingen und freuten uns \u00fcber ein weiches, warmes Bett und Mamas Holzofen. <\/p>\n\n\n\n<figure class=\"wp-block-image\"><img decoding=\"async\" loading=\"lazy\" width=\"1024\" height=\"683\" src=\"http:\/\/lichri.radeln-in-den-sonnenaufgang.de\/wp-content\/uploads\/2019\/05\/IMG_6154_compress_67-1024x683.jpg\" alt=\"\" class=\"wp-image-212\" srcset=\"http:\/\/lichri.radeln-in-den-sonnenaufgang.de\/wp-content\/uploads\/2019\/05\/IMG_6154_compress_67-1024x683.jpg 1024w, http:\/\/lichri.radeln-in-den-sonnenaufgang.de\/wp-content\/uploads\/2019\/05\/IMG_6154_compress_67-300x200.jpg 300w, http:\/\/lichri.radeln-in-den-sonnenaufgang.de\/wp-content\/uploads\/2019\/05\/IMG_6154_compress_67-768x512.jpg 768w, http:\/\/lichri.radeln-in-den-sonnenaufgang.de\/wp-content\/uploads\/2019\/05\/IMG_6154_compress_67.jpg 1296w\" sizes=\"(max-width: 767px) 89vw, (max-width: 1000px) 54vw, (max-width: 1071px) 543px, 580px\" \/><figcaption>Die einen so, die andren so \ud83d\ude42<\/figcaption><\/figure>\n\n\n\n<p><br> Am n\u00e4chsten Tag wurde ausgiebig gefr\u00fchst\u00fcckt. Wir sind etwas sp\u00e4ter losgekommen als eigentlich geplant. Aber der Abschied von Mama fiel mir doch sehr schwer. Es war sch\u00f6n, dass Jannik und Miri uns noch bis Coburg begleiteten, bevor sie dann in den Zug zur\u00fcck nach W\u00fcrzburg stiegen, bzw. abgeholt wurden. In Coburg, durch Flammkuchen und Limonade gest\u00e4rkt, brachen wir dann zu zweit nach Sonneberg auf. J\u00f6rg vom Landesvermessungsamt nahm uns mit seinem Rennrad ein St\u00fcck auf seinem Nachhauseweg mit und f\u00fchrte uns. Ein paar Kilometer hinter Sonneberg schlugen wir uns dann am Abend in die B\u00fcsche. Wir sind uns nicht sicher, was uns nachts Gesellschaft leistete \u2013 Schwein oder Dachs \u2013 doch unser erstes Wildcamperlebnis war in soweit erfolgreich, als dass wir am n\u00e4chsten Morgen \u00fcber den ganzen Th\u00fcringer Wald rollen konnten. <\/p>\n\n\n\n<ul class=\"is-layout-flex wp-block-gallery-1 wp-block-gallery columns-2 is-cropped\"><li class=\"blocks-gallery-item\"><figure><img decoding=\"async\" loading=\"lazy\" width=\"1024\" height=\"683\" src=\"http:\/\/lichri.radeln-in-den-sonnenaufgang.de\/wp-content\/uploads\/2019\/05\/IMG_6161_compress_43-1024x683.jpg\" alt=\"\" data-id=\"209\" class=\"wp-image-209\" srcset=\"http:\/\/lichri.radeln-in-den-sonnenaufgang.de\/wp-content\/uploads\/2019\/05\/IMG_6161_compress_43-1024x683.jpg 1024w, http:\/\/lichri.radeln-in-den-sonnenaufgang.de\/wp-content\/uploads\/2019\/05\/IMG_6161_compress_43-300x200.jpg 300w, http:\/\/lichri.radeln-in-den-sonnenaufgang.de\/wp-content\/uploads\/2019\/05\/IMG_6161_compress_43-768x512.jpg 768w, http:\/\/lichri.radeln-in-den-sonnenaufgang.de\/wp-content\/uploads\/2019\/05\/IMG_6161_compress_43.jpg 1296w\" sizes=\"(max-width: 767px) 89vw, (max-width: 1000px) 54vw, (max-width: 1071px) 543px, 580px\" \/><figcaption>Erste Nacht im Freien, irgendwo zwischen Sonneberg und den gro\u00dfen Schwellen desTh\u00fcringer Waldes<\/figcaption><\/figure><\/li><li class=\"blocks-gallery-item\"><figure><img decoding=\"async\" loading=\"lazy\" width=\"1024\" height=\"683\" src=\"http:\/\/lichri.radeln-in-den-sonnenaufgang.de\/wp-content\/uploads\/2019\/05\/IMG_6166_compress_44-1-1024x683.jpg\" alt=\"\" data-id=\"217\" data-link=\"http:\/\/lichri.radeln-in-den-sonnenaufgang.de\/?attachment_id=217\" class=\"wp-image-217\" srcset=\"http:\/\/lichri.radeln-in-den-sonnenaufgang.de\/wp-content\/uploads\/2019\/05\/IMG_6166_compress_44-1-1024x683.jpg 1024w, http:\/\/lichri.radeln-in-den-sonnenaufgang.de\/wp-content\/uploads\/2019\/05\/IMG_6166_compress_44-1-300x200.jpg 300w, http:\/\/lichri.radeln-in-den-sonnenaufgang.de\/wp-content\/uploads\/2019\/05\/IMG_6166_compress_44-1-768x512.jpg 768w, http:\/\/lichri.radeln-in-den-sonnenaufgang.de\/wp-content\/uploads\/2019\/05\/IMG_6166_compress_44-1.jpg 1296w\" sizes=\"(max-width: 767px) 89vw, (max-width: 1000px) 54vw, (max-width: 1071px) 543px, 580px\" \/><figcaption>Abfahrt nach dem stundenlangen Aufstieg auf den Th\u00fcringer Wald (Querung auf 860m \u00fcNN)<\/figcaption><\/figure><\/li><\/ul>\n\n\n\n<p><br> Der Freitag startete zwischen Bahndamm und Weide etwas klamm und selbst ohne das Trocknen abzuwarten, brauchten wir ein wenig bis wir alles verstaut hatten. Um neun Uhr begann schlie\u00dflich unsere bislang l\u00e4ngste Tagesetappe \u2013 von Sonneberg nach Jena. Auf \u00fcber 112 km bezwangen wir den Th\u00fcringer Wald, den es wie eine Mauer zu erklimmen galt, genossen die viel zu kurzen und steilen Abfahrten sowie die Aussichten auf malerische Burgen, die idyllische Schwarza und das sch\u00f6ne Saaletal. An sich ein gelungener Tag. Mein pers\u00f6nliches Fazit: der Th\u00fcringer Wald ist bestimmt sch\u00f6n zum Wandern, zum Fahrradfahren eignet er sich meiner Meinung nach nicht wirklich. Nach den ersten 10 km bergauf war ich platt und dachte ich muss umdrehen. Aber sei es drum. Wir, und damit meine ich vor allem mich, haben es \u00fcberlebt. Am Abend wurden wir herzlich von Sophia und ihrer WG in Empfang genommen, konnten die nassen Kleider trocknen (die letzten 20 km hat es geregnet) und haben ein seeehr leckeres Abendessen bekommen. Besonders toll fanden wir die Dusche. Bei Sophia war es dann so sch\u00f6n, dass wir entschlossen gleich zwei Tage Pause zu machen, Jena zu erkunden, die kaputten oder verloren gegangenen Gegenst\u00e4nde zu besorgen, lecker zu Essen, mit Freunden in urige Bars zu gehen und witzige Spiele zu spielen und am Sonntagabend einen sehr sch\u00f6nen Gottesdienst mit wunderbarem Lobpreis zu besuchen. Es war herrlich! Liebe Sophia: vielen Dank f\u00fcr deine Gastfreundschaft und deine Liebe. Wir haben dich sehr lieb!<\/p>\n\n\n\n<figure class=\"wp-block-image\"><img decoding=\"async\" loading=\"lazy\" width=\"683\" height=\"1024\" src=\"http:\/\/lichri.radeln-in-den-sonnenaufgang.de\/wp-content\/uploads\/2019\/05\/IMG_6168_compress_58-683x1024.jpg\" alt=\"\" class=\"wp-image-208\" srcset=\"http:\/\/lichri.radeln-in-den-sonnenaufgang.de\/wp-content\/uploads\/2019\/05\/IMG_6168_compress_58-683x1024.jpg 683w, http:\/\/lichri.radeln-in-den-sonnenaufgang.de\/wp-content\/uploads\/2019\/05\/IMG_6168_compress_58-200x300.jpg 200w, http:\/\/lichri.radeln-in-den-sonnenaufgang.de\/wp-content\/uploads\/2019\/05\/IMG_6168_compress_58-768x1152.jpg 768w, http:\/\/lichri.radeln-in-den-sonnenaufgang.de\/wp-content\/uploads\/2019\/05\/IMG_6168_compress_58.jpg 864w\" sizes=\"(max-width: 683px) 100vw, 683px\" \/><figcaption>Super dekadentes Fr\u00fchst\u00fcck in Jena<\/figcaption><\/figure>\n\n\n\n<p><br> Nach diesem Kurzurlaub ging es dann von Jena nach Halle an der Saale. Geplant war, dass wir nach 90 km das Ziel erreichen sollten. Da es den ganzen Tag ununterbrochen regnete und wir langsamer vorankamen als eigentlich gedacht, bis nach 90 km immer noch 20-30 km nach Halle fehlten (warum auch immer), haben wir uns entschlossen den Rest des Weges mit der Bahn zu fahren. Unsere Rettung war an diesem Tag eine nette, junge Sch\u00e4ferin in Naumburg. Die hat n\u00e4mlich ein eigenes vegetarisch-veganes Suppenbistro, die Pimpinelle und hat uns trotz Ladenschluss noch mit einer warmen Mahlzeit plus Hei\u00dfgetr\u00e4nk versorgt \u2013 einfach himmlisch. In Halle angekommen sind wir in einer netten WG bei Sam untergekommen. Vielen Dank auch euch f\u00fcr das gem\u00fctliche Bett, die netten Gespr\u00e4che und die warme Dusche am Abend. (Danke f\u00fcr die Vermittlung, Franzi!)<\/p>\n\n\n\n<figure class=\"wp-block-image\"><img decoding=\"async\" loading=\"lazy\" width=\"683\" height=\"1024\" src=\"http:\/\/lichri.radeln-in-den-sonnenaufgang.de\/wp-content\/uploads\/2019\/05\/IMG_6239_compress_71-683x1024.jpg\" alt=\"\" class=\"wp-image-216\" srcset=\"http:\/\/lichri.radeln-in-den-sonnenaufgang.de\/wp-content\/uploads\/2019\/05\/IMG_6239_compress_71-683x1024.jpg 683w, http:\/\/lichri.radeln-in-den-sonnenaufgang.de\/wp-content\/uploads\/2019\/05\/IMG_6239_compress_71-200x300.jpg 200w, http:\/\/lichri.radeln-in-den-sonnenaufgang.de\/wp-content\/uploads\/2019\/05\/IMG_6239_compress_71-768x1152.jpg 768w, http:\/\/lichri.radeln-in-den-sonnenaufgang.de\/wp-content\/uploads\/2019\/05\/IMG_6239_compress_71.jpg 864w\" sizes=\"(max-width: 683px) 100vw, 683px\" \/><figcaption>Pauluskirche, Halle (Saale)<\/figcaption><\/figure>\n\n\n\n<p><br> Am n\u00e4chsten Tag starteten wir in Halle bei guten Wetter, etwas k\u00fchl und windig, aber sonnig und trocken. So macht Fahrradfahren viel mehr Spa\u00df. Der Plan war bis Wittenberg zu fahren. Uns wurde aber recht schnell klar, dass wir bei unserem Tempo nicht mehr vor Einbruch der Dunkelheit schaffen w\u00fcrden. Also \u00e4nderten wir die Route und fuhren einen Umweg \u00fcber Bad D\u00fcben und \u00fcbernachteten in der D\u00fcbener Heide im Wald an einer klaren, sehr sch\u00f6nen Quelle. Praktisch war, dass wir dort Wasser zum Kochen und zum Waschen hatten. Kochen wurde bei der Eisenquelle nur etwas eigen, da das ganze dann richtig rostbraun ausfiel \u2013 was nicht ganz so appetitlich aussah. \ud83d\ude09 W\u00e4hrend mir eine Katzenw\u00e4sche gen\u00fcgte, da das Wasser eisig kalt war, machte Chris eine Badesession draus. Dann hab ich mich doch dazu hinreisen lassen, meine Haare zu waschen \u2013 brrrrr, Hirnfrost.<\/p>\n\n\n\n<ul class=\"is-layout-flex wp-block-gallery-3 wp-block-gallery columns-2 is-cropped\"><li class=\"blocks-gallery-item\"><figure><img decoding=\"async\" loading=\"lazy\" width=\"1024\" height=\"683\" src=\"http:\/\/lichri.radeln-in-den-sonnenaufgang.de\/wp-content\/uploads\/2019\/05\/IMG_6246_compress_75-1024x683.jpg\" alt=\"\" data-id=\"215\" data-link=\"http:\/\/lichri.radeln-in-den-sonnenaufgang.de\/?attachment_id=215\" class=\"wp-image-215\" srcset=\"http:\/\/lichri.radeln-in-den-sonnenaufgang.de\/wp-content\/uploads\/2019\/05\/IMG_6246_compress_75-1024x683.jpg 1024w, http:\/\/lichri.radeln-in-den-sonnenaufgang.de\/wp-content\/uploads\/2019\/05\/IMG_6246_compress_75-300x200.jpg 300w, http:\/\/lichri.radeln-in-den-sonnenaufgang.de\/wp-content\/uploads\/2019\/05\/IMG_6246_compress_75-768x512.jpg 768w, http:\/\/lichri.radeln-in-den-sonnenaufgang.de\/wp-content\/uploads\/2019\/05\/IMG_6246_compress_75.jpg 1296w\" sizes=\"(max-width: 767px) 89vw, (max-width: 1000px) 54vw, (max-width: 1071px) 543px, 580px\" \/><\/figure><\/li><li class=\"blocks-gallery-item\"><figure><img decoding=\"async\" loading=\"lazy\" width=\"1024\" height=\"683\" src=\"http:\/\/lichri.radeln-in-den-sonnenaufgang.de\/wp-content\/uploads\/2019\/05\/IMG_6250_compress_52-1024x683.jpg\" alt=\"\" data-id=\"214\" data-link=\"http:\/\/lichri.radeln-in-den-sonnenaufgang.de\/?attachment_id=214\" class=\"wp-image-214\" srcset=\"http:\/\/lichri.radeln-in-den-sonnenaufgang.de\/wp-content\/uploads\/2019\/05\/IMG_6250_compress_52-1024x683.jpg 1024w, http:\/\/lichri.radeln-in-den-sonnenaufgang.de\/wp-content\/uploads\/2019\/05\/IMG_6250_compress_52-300x200.jpg 300w, http:\/\/lichri.radeln-in-den-sonnenaufgang.de\/wp-content\/uploads\/2019\/05\/IMG_6250_compress_52-768x512.jpg 768w, http:\/\/lichri.radeln-in-den-sonnenaufgang.de\/wp-content\/uploads\/2019\/05\/IMG_6250_compress_52.jpg 1296w\" sizes=\"(max-width: 767px) 89vw, (max-width: 1000px) 54vw, (max-width: 1071px) 543px, 580px\" \/><\/figure><\/li><\/ul>\n\n\n\n<p><br> An diesem Morgen, nach der ingesamt zweiten Nacht im Freien und mit Tiergetrappel und deren bizarren Rufen, fuhren wir nach Waschen, Abbauen, Fr\u00fchst\u00fccken (all das dauert noch recht lang) los und fuhren Richtung Wittenberg. Wir besuchten diese sch\u00f6ne historische Stadt mit ihren Kirchen und Pl\u00e4tzen, sch\u00f6nen Bauten und Parks, um festzustellen, dass wir auch hier noch einmal herkommen m\u00fcssen, wenn wir von unserer jetzigen Reise zur\u00fcck sind. Ein Gedanke, bei dem wir uns schon \u00f6fter ertappten \u2013 muss man noch langsamer Reisen? <\/p>\n\n\n\n<figure class=\"wp-block-image\"><img decoding=\"async\" loading=\"lazy\" width=\"1024\" height=\"683\" src=\"http:\/\/lichri.radeln-in-den-sonnenaufgang.de\/wp-content\/uploads\/2019\/05\/IMG_6324_compress_48-1024x683.jpg\" alt=\"\" class=\"wp-image-213\" srcset=\"http:\/\/lichri.radeln-in-den-sonnenaufgang.de\/wp-content\/uploads\/2019\/05\/IMG_6324_compress_48-1024x683.jpg 1024w, http:\/\/lichri.radeln-in-den-sonnenaufgang.de\/wp-content\/uploads\/2019\/05\/IMG_6324_compress_48-300x200.jpg 300w, http:\/\/lichri.radeln-in-den-sonnenaufgang.de\/wp-content\/uploads\/2019\/05\/IMG_6324_compress_48-768x512.jpg 768w, http:\/\/lichri.radeln-in-den-sonnenaufgang.de\/wp-content\/uploads\/2019\/05\/IMG_6324_compress_48.jpg 1296w\" sizes=\"(max-width: 767px) 89vw, (max-width: 1000px) 54vw, (max-width: 1071px) 543px, 580px\" \/><figcaption>In der Lutherstadt<\/figcaption><\/figure>\n\n\n\n<p><br> Nach Wittenberg fuhren weiter in Richtung Potsdam. Wir schafften es \u00fcber die brandenburgische Grenze, aber nicht mehr die letzten 50 km zu unserem Ziel. So schlugen wir unser Nachtlager zum zweiten mal in Folge und nun am Rand eines Feldes auf, um nach einer Portion Nudeln mit Tomaten, Pesto und Erdnusstofu in unsere Schlafs\u00e4cke zu kriechen und uns vor dem k\u00e4lter werdenden Wind zu sch\u00fctzen. Da liegen wir nun und beenden dieses erste Update unserer Reise. Jetzt aber: Licht aus und einmummeln! Morgen geht\u2019s dann nur noch die letzten Kilometer nach Potsdam zu unserer lieben Freundin Katja, aber auch daf\u00fcr will man fit sein. \ud83d\ude09<\/p>\n\n\n\n<p>Update von Chris:<\/p>\n\n\n\n<p>Wir haben es geschafft! Wir sind in Potsdam, und der Blogeintrag ist eingef\u00fcgt &#8211; Juhu! Die vergangene Nacht war wirklich sehr windig. Mit Schnupfnase und verkrusteten Augen, aber von den Schlafs\u00e4cken gut gew\u00e4rmt kostete es doch \u00dcberwindung, in den bitterkalten Morgenwind aufzustehen, der von Westen her ziemlich aufgefrischt hatte. <\/p>\n\n\n\n<figure class=\"wp-block-image\"><img decoding=\"async\" loading=\"lazy\" width=\"1024\" height=\"683\" src=\"http:\/\/lichri.radeln-in-den-sonnenaufgang.de\/wp-content\/uploads\/2019\/05\/IMG_6355_compress_30-1024x683.jpg\" alt=\"\" class=\"wp-image-211\" srcset=\"http:\/\/lichri.radeln-in-den-sonnenaufgang.de\/wp-content\/uploads\/2019\/05\/IMG_6355_compress_30-1024x683.jpg 1024w, http:\/\/lichri.radeln-in-den-sonnenaufgang.de\/wp-content\/uploads\/2019\/05\/IMG_6355_compress_30-300x200.jpg 300w, http:\/\/lichri.radeln-in-den-sonnenaufgang.de\/wp-content\/uploads\/2019\/05\/IMG_6355_compress_30-768x512.jpg 768w, http:\/\/lichri.radeln-in-den-sonnenaufgang.de\/wp-content\/uploads\/2019\/05\/IMG_6355_compress_30.jpg 1296w\" sizes=\"(max-width: 767px) 89vw, (max-width: 1000px) 54vw, (max-width: 1071px) 543px, 580px\" \/><\/figure>\n\n\n\n<p>Das Tolle am Wind allerdings war, das er a) alles sch\u00f6n trocken hielt, wie ich es mir davon versprach und b) er uns nun auch noch bergab gen Nordosten schob, weshalb die letzten 50km nun ein wahrer Katzensprung waren. In etwas \u00fcber 2 Stunden Fahrzeit waren wir in Potsdam. Also &#8211; w\u00e4ren wir gewesen, aber wir haben uns in Beelitz dann doch erstmal eine hei\u00dfe Schokolade, K\u00e4ffchen und Kuchen geg\u00f6nnt. Das war mal drin, schlie\u00dflich haben wir den ganzen 1.Mai (gestern) kein Geld ausgegeben \/ ausgeben k\u00f6nnen. <\/p>\n\n\n\n<p>In Potsdam angekommen durften wir auch gleich noch weiterschlemmen, sind wir doch unerwartet in den Kindergeburtstag geschliddert. <\/p>\n\n\n\n<p>Jetzt, nach einem ausgiebigen Abendessen mit \u00dcberraschungsgast Julia und den endlich schlafenden Kindern, schaffe ich es, diesen Blogeintrag fertig zu stellen und hochzuladen. Damit beende ich dieses erste Update! F\u00fcr die kommenden Tage sind Familienbesuche, die Strecke nach Eberswalde und  das Abholen unserer Reisep\u00e4sse vom Visacenter geplant, die dann hoffentlich endlich fertig sind. \ud83d\ude42 Wir melden uns in ein paar Tagen wieder. Wer direkter informiert werden will, der kann uns auch auf Instagram folgen. Das geht immer ein bisschen unkomplizierter und zwischendurch. \ud83d\ude09<\/p>\n\n\n\n<p>Liebe Gr\u00fc\u00dfe und bis bald,<\/p>\n\n\n\n<p>Chris &amp; Lisa<br><\/p>\n","protected":false},"excerpt":{"rendered":"<p>von Lisa Ihr sch\u00f6nen Menschen, es ist l\u00e4ngst \u00fcberf\u00e4llig, dass wir mal etwas von uns h\u00f6ren lassen. Es geht uns gut und wir leben noch. \ud83d\ude42 Nicht so die beiden St\u00e4nder unserer R\u00e4der, Chris Sonnenbrille und seine Flipflops\u2026 Das sind die Verluste der ersten Tage. Im Moment scheint die Sonne auf uns herunter, der Wind &hellip; <\/p>\n<p class=\"link-more\"><a href=\"http:\/\/lichri.radeln-in-den-sonnenaufgang.de\/?p=206\" class=\"more-link\"><span class=\"screen-reader-text\">\u201eDie Reise beginnt &#8211; Unsere erste Woche auf Tour (Ha\u00dffurt-Potsdam)\u201c<\/span> weiterlesen<\/a><\/p>\n","protected":false},"author":3,"featured_media":201,"comment_status":"open","ping_status":"open","sticky":false,"template":"","format":"standard","meta":[],"categories":[1],"tags":[11,15,14,10,16,13,12,5],"_links":{"self":[{"href":"http:\/\/lichri.radeln-in-den-sonnenaufgang.de\/index.php?rest_route=\/wp\/v2\/posts\/206"}],"collection":[{"href":"http:\/\/lichri.radeln-in-den-sonnenaufgang.de\/index.php?rest_route=\/wp\/v2\/posts"}],"about":[{"href":"http:\/\/lichri.radeln-in-den-sonnenaufgang.de\/index.php?rest_route=\/wp\/v2\/types\/post"}],"author":[{"embeddable":true,"href":"http:\/\/lichri.radeln-in-den-sonnenaufgang.de\/index.php?rest_route=\/wp\/v2\/users\/3"}],"replies":[{"embeddable":true,"href":"http:\/\/lichri.radeln-in-den-sonnenaufgang.de\/index.php?rest_route=%2Fwp%2Fv2%2Fcomments&post=206"}],"version-history":[{"count":5,"href":"http:\/\/lichri.radeln-in-den-sonnenaufgang.de\/index.php?rest_route=\/wp\/v2\/posts\/206\/revisions"}],"predecessor-version":[{"id":222,"href":"http:\/\/lichri.radeln-in-den-sonnenaufgang.de\/index.php?rest_route=\/wp\/v2\/posts\/206\/revisions\/222"}],"wp:featuredmedia":[{"embeddable":true,"href":"http:\/\/lichri.radeln-in-den-sonnenaufgang.de\/index.php?rest_route=\/wp\/v2\/media\/201"}],"wp:attachment":[{"href":"http:\/\/lichri.radeln-in-den-sonnenaufgang.de\/index.php?rest_route=%2Fwp%2Fv2%2Fmedia&parent=206"}],"wp:term":[{"taxonomy":"category","embeddable":true,"href":"http:\/\/lichri.radeln-in-den-sonnenaufgang.de\/index.php?rest_route=%2Fwp%2Fv2%2Fcategories&post=206"},{"taxonomy":"post_tag","embeddable":true,"href":"http:\/\/lichri.radeln-in-den-sonnenaufgang.de\/index.php?rest_route=%2Fwp%2Fv2%2Ftags&post=206"}],"curies":[{"name":"wp","href":"https:\/\/api.w.org\/{rel}","templated":true}]}}