{"id":189,"date":"2019-04-23T19:01:11","date_gmt":"2019-04-23T19:01:11","guid":{"rendered":"http:\/\/lichri.radeln-in-den-sonnenaufgang.de\/?p=189"},"modified":"2019-04-23T19:01:11","modified_gmt":"2019-04-23T19:01:11","slug":"kurz-vor-abreise","status":"publish","type":"post","link":"http:\/\/lichri.radeln-in-den-sonnenaufgang.de\/?p=189","title":{"rendered":"Kurz vor Abreise"},"content":{"rendered":"\n<p>&#8222;Kannste mal nen Text schreiben? Wenn du ein Bild von den Fahrr\u00e4den m\u00f6chtest, kann ich dir noch den Stick holen&#8220;, sprach der Mann hinter mir. So einfach ist das aber gar nicht. Der letzte Eintrag vor der gro\u00dfen Reise. Ja, was schreibt man da? Ich wei\u00df, warum der Chris lieber die letzten wichtigen Dokumente einscannt. <\/p>\n\n\n\n<p>Spa\u00df bei Seite. Haben wir an alles gedacht? Wohl kaum. Habe ich realisiert, dass es bald losgeht? So langsam. Sind wir aufgeregt? Ja, ein bisschen. Ehrlich gesagt hat das Verdr\u00e4ngen bisher ganz gut funktioniert bei mir. Jetzt ist der letzte Abend angebrochen und morgen setzen wir uns aufs Rad und fahren los. Nat\u00fcrlich freue ich mich auch. Frei sein, in den Tag hineinleben, am Tag bei Sonnenschein und R\u00fcckenwind Fahrradfahren, am Abend am Lagerfeuer sitzen, sch\u00f6ne Sonnenunterg\u00e4nge beobachten. Das ist die sch\u00f6ne Vorstellung von dem wie es werden k\u00f6nnte. Dazu gesellt sich auch eine vielleicht etwas realistischere Erwartung: Es wird mitunter kalt und hoffentlich wird es auch mal regnen (die Natur, Land und Menschen brauchen es), es wird Gegenwind geben und wir fahren bestimmt nicht immer nur bergab. Ich bin lang genug mit Chris verheiratet, um zu wissen, dass ich ihn und er mich irgendwann auch ziemlich annervt. Es wird nicht immer alles nach Plan ablaufen &#8211; zu gut, dass ich keinen habe :). Je nachdem mit wem man sich unterh\u00e4lt &#8211; und wir haben uns in letzter Zeit mit vielen, f\u00fcr uns sehr wichtigen Menschen, unterhalten &#8211; sieht das Feedback ganz \u00e4hnlich aus. Die einen schw\u00e4rmen, w\u00fcrden am liebsten mit uns fahren (ihr seid herzlich dazu eingeladen), die anderen k\u00f6nnen es weniger verstehen, bewundern es aber doch ein bisschen und ich wei\u00df nicht, ob im Hintergrund vielleicht gar Wetten abgeschlossen werden wie lange wir das durchhalten :). Ihr merkt: es schlagen zwei Herzen in mir und der Aufbruch ist recht zwiesp\u00e4ltig &#8211; ich kann euch aber auch beruhigen: die Vorfreude \u00fcberwiegt.  <\/p>\n\n\n\n<p>Sie \u00fcberwiegt auch deshalb, weil ich wei\u00df, dass wir nicht alleine sind. Wir sind gesegnet mit einer wunderbaren Familie, mit den besten Freunden der Welt. Wir leben sehr priviligiert &#8211; wenn man sich vorstellt, dass ich einfach einen festen Job k\u00fcndigen kann, um (erstmal) auf unbestimmte Zeit reisen zu gehen. Wir haben ein tolles Gesundheitssystem und k\u00f6nnen gesund und wohlgen\u00e4hrt in dieses Abenteuer starten. (Ich hatte da so eine Strategie: Einfach essen auf was ich Lust habe und so viel ich m\u00f6chte, Sport brauche ich erstmal nicht. Immerhin fahren wir ja dann mit dem Rad und ein bisschen Fettpolster k\u00f6nnen da ja nicht schaden. Heute am Tag vor der Abfahrt wei\u00df ich nicht, ob das die beste Idee war). Wir haben Eltern, die uns in jeder Lebenslage unterst\u00fctzen w\u00fcrden. Selbst wenn sie ans andere Ende der Welt fliegen m\u00fcssten, um uns aus dem Schlamassel zu holen. Wie viel Abenteuer ist denn da noch dabei? Was kann uns passieren? Wir werden es ausprobieren. Und wir werden an Grenzen kommen &#8211; L\u00e4ndergrenzen, aber auch an k\u00f6perliche, menschliche und emotionale Grenzen. In all dem wissen wir auch, dass wir auch damit nicht alleine sind &#8211; Gott geht mit uns. Vielleicht freue ich mich gerade deshalb auf die Herausforderungen der Reise. Ich freue mich an den Punkt zu kommen, selber nicht mehr weiter zu wissen und nur durch Gottes Hilfe einen Weg zu finden. Nun gut &#8211; wir wollen ihn nicht herausfordern \ud83d\ude42 Vielleicht so viel als Antwort auf das, was mir kurz vor der Reise durch den Kopf geht. <\/p>\n\n\n\n<p>Wir haben lange nichts mehr von uns h\u00f6ren lassen. Das lag daran, dass wir mit Abschiedsfeier auf der Arbeit (traurige Angelegenheit &#8211; ich vermisse sie schon sehr), Hofflohmarkt, Verabschiedung und Auszug aus Eberswalde (die Abschiedsfeier ist aufgrund von Krankheit abgesagt worden, was aber nicht alle aufgehalten hat zu kommen :)) besch\u00e4ftigt waren. Nach dem Umzug  gabs recht viel Orgakram zu erledigen und wir haben lieben Menschen in Stuttgart, Freiburg, der schw\u00e4bischen Alb und W\u00fcrzburg einen Besuch abgestattet. Es war richtig toll alle (naja fast alle) liebgewonnen Freunde und die Familie wieder zu treffen. Jetzt sind wir seit eineinhalb Wochen zur\u00fcck im Frankenland. Es ist tats\u00e4chlich so sch\u00f6n hier, dass sogar Chris meint, er k\u00f6nnte auch gerne einfach hier bleiben. <\/p>\n\n\n\n<p>Nix da! Jetzt sind alle Taschen gepackt (ganz sch\u00f6n schwer so ein Rad mit vier Gep\u00e4cktaschen &#8211; und der Lisa drauf). Morgen gehts los wir melden uns dann von unterwegs \ud83d\ude42 <\/p>\n","protected":false},"excerpt":{"rendered":"<p>&#8222;Kannste mal nen Text schreiben? Wenn du ein Bild von den Fahrr\u00e4den m\u00f6chtest, kann ich dir noch den Stick holen&#8220;, sprach der Mann hinter mir. So einfach ist das aber gar nicht. Der letzte Eintrag vor der gro\u00dfen Reise. Ja, was schreibt man da? Ich wei\u00df, warum der Chris lieber die letzten wichtigen Dokumente einscannt. &hellip; <\/p>\n<p class=\"link-more\"><a href=\"http:\/\/lichri.radeln-in-den-sonnenaufgang.de\/?p=189\" class=\"more-link\"><span class=\"screen-reader-text\">\u201eKurz vor Abreise\u201c<\/span> weiterlesen<\/a><\/p>\n","protected":false},"author":3,"featured_media":190,"comment_status":"open","ping_status":"open","sticky":false,"template":"","format":"standard","meta":[],"categories":[1],"tags":[],"_links":{"self":[{"href":"http:\/\/lichri.radeln-in-den-sonnenaufgang.de\/index.php?rest_route=\/wp\/v2\/posts\/189"}],"collection":[{"href":"http:\/\/lichri.radeln-in-den-sonnenaufgang.de\/index.php?rest_route=\/wp\/v2\/posts"}],"about":[{"href":"http:\/\/lichri.radeln-in-den-sonnenaufgang.de\/index.php?rest_route=\/wp\/v2\/types\/post"}],"author":[{"embeddable":true,"href":"http:\/\/lichri.radeln-in-den-sonnenaufgang.de\/index.php?rest_route=\/wp\/v2\/users\/3"}],"replies":[{"embeddable":true,"href":"http:\/\/lichri.radeln-in-den-sonnenaufgang.de\/index.php?rest_route=%2Fwp%2Fv2%2Fcomments&post=189"}],"version-history":[{"count":1,"href":"http:\/\/lichri.radeln-in-den-sonnenaufgang.de\/index.php?rest_route=\/wp\/v2\/posts\/189\/revisions"}],"predecessor-version":[{"id":191,"href":"http:\/\/lichri.radeln-in-den-sonnenaufgang.de\/index.php?rest_route=\/wp\/v2\/posts\/189\/revisions\/191"}],"wp:featuredmedia":[{"embeddable":true,"href":"http:\/\/lichri.radeln-in-den-sonnenaufgang.de\/index.php?rest_route=\/wp\/v2\/media\/190"}],"wp:attachment":[{"href":"http:\/\/lichri.radeln-in-den-sonnenaufgang.de\/index.php?rest_route=%2Fwp%2Fv2%2Fmedia&parent=189"}],"wp:term":[{"taxonomy":"category","embeddable":true,"href":"http:\/\/lichri.radeln-in-den-sonnenaufgang.de\/index.php?rest_route=%2Fwp%2Fv2%2Fcategories&post=189"},{"taxonomy":"post_tag","embeddable":true,"href":"http:\/\/lichri.radeln-in-den-sonnenaufgang.de\/index.php?rest_route=%2Fwp%2Fv2%2Ftags&post=189"}],"curies":[{"name":"wp","href":"https:\/\/api.w.org\/{rel}","templated":true}]}}