{"id":1797,"date":"2020-04-15T14:58:27","date_gmt":"2020-04-15T14:58:27","guid":{"rendered":"http:\/\/lichri.radeln-in-den-sonnenaufgang.de\/?p=1797"},"modified":"2020-04-15T15:10:33","modified_gmt":"2020-04-15T15:10:33","slug":"back-on-the-road-malaysia-myanmar-corona","status":"publish","type":"post","link":"http:\/\/lichri.radeln-in-den-sonnenaufgang.de\/?p=1797","title":{"rendered":"Back on the road: Malaysia &#8211; Myanmar &#8211; Corona"},"content":{"rendered":"\n<p>Stille.<\/p>\n\n\n\n<p>Flammen z\u00fcngeln w\u00e4rmend vor uns auf und werfen ihren\norangegelben Schein auf unsere Beine, Arme, Gesichter. Von den Tassen mit s\u00fc\u00dfem\nGew\u00fcrztee in unseren H\u00e4nden steigen feine F\u00e4den wohlriechenden Dampfes auf.\nGelegentlich nippen wir daran w\u00e4hrend unsere Blicke verloren auf der Glut und\ndem kleinen Feuer ruhen. Es knackt. Ansonsten ist es still. <\/p>\n\n\n\n<p>Dann klackern die Tasten der kleinen Tastatur auf Lisas\nScho\u00df, als Erinnerungen, Gef\u00fchle, Gedanken, Erlebtes, Erhofftes, Erw\u00fcnschtes durch\nihre Finger auf den Bildschirm unseres kleinen Tablets flie\u00dfen, Lettern\naufreihen, W\u00f6rter bilden, S\u00e4tze aufbauen. Das Schreiben ist eine Aufgabe, die\nwir uns gegeben haben, um unsere Erlebnisse mit euch zu teilen. Doch erf\u00fcllt es\nauch einen anderen Zweck. Es bedeutet Reflektion, Geschehnisse und Begegnungen\nerneut zu durchleben, zu bewerten und wertzusch\u00e4tzen. Und das ist gerade\nwom\u00f6glich wichtiger, als zu irgend einem anderen Zeitpunkt unsere nun\nelfmonatigen Reise.<\/p>\n\n\n\n<p>Der Faden unserer Geschichte endete in Adrian Chans kunstvoll\nund praktisch renovierten Rad-Gasthaus, dem Titi Terras Village House in Balik\nPulau auf der Insel Penang in Malaysia. Hier nehmen wir ihn wieder auf. Nachdem\nwir neben einer Gruppe russischer Studierender, die hier Unterschlupf gefunden\nhaben, da sie nicht nach China zur\u00fcck konnten (Corona), auch unsere Fahrr\u00e4der vorfinden\ndurften, die wir hier zur\u00fcckgelassen hatten, waren wir recht entspannt und\ngenossen es, die Seele etwas baumeln zu lassen, bevor wir weiterfahren w\u00fcrden.\nWir r\u00e4umten unsere sieben bzw. siebenhundert Sachen von einem Raum in den\nn\u00e4chsten, um die Taschen neu zu packen, kochten, kauften ein, reparierten und\nmontierten Radtachos. Au\u00dferdem bem\u00fchten wir uns, anfallende Arbeiten im\nkostenlosen Guesthouse f\u00fcr Radreisende zu erledigen: Kehren, Wischen,\nBadputzen, Bettw\u00e4sche waschen, Laub rechen und wilde Papaya-Keimlinge aus dem\nKompost in den Garten umsetzen. Es tat dementsprechend etwas weh, von diesem\nsch\u00f6nen Ort, an dem man auch gut h\u00e4tte Wurzeln schlagen k\u00f6nnen, wieder\naufzubrechen. <\/p>\n\n\n\n<figure class=\"is-layout-flex wp-block-gallery-1 wp-block-gallery columns-1\"><ul class=\"blocks-gallery-grid\"><li class=\"blocks-gallery-item\"><figure><img decoding=\"async\" loading=\"lazy\" width=\"768\" height=\"1024\" src=\"http:\/\/lichri.radeln-in-den-sonnenaufgang.de\/wp-content\/uploads\/2020\/04\/DSC_0004-rotated.jpg\" alt=\"\" data-id=\"1799\" data-full-url=\"http:\/\/lichri.radeln-in-den-sonnenaufgang.de\/wp-content\/uploads\/2020\/04\/DSC_0004-rotated.jpg\" data-link=\"http:\/\/lichri.radeln-in-den-sonnenaufgang.de\/?attachment_id=1799\" class=\"wp-image-1799\" srcset=\"http:\/\/lichri.radeln-in-den-sonnenaufgang.de\/wp-content\/uploads\/2020\/04\/DSC_0004-rotated.jpg 768w, http:\/\/lichri.radeln-in-den-sonnenaufgang.de\/wp-content\/uploads\/2020\/04\/DSC_0004-225x300.jpg 225w\" sizes=\"(max-width: 767px) 89vw, (max-width: 1000px) 54vw, (max-width: 1071px) 543px, 580px\" \/><\/figure><\/li><li class=\"blocks-gallery-item\"><figure><img decoding=\"async\" loading=\"lazy\" width=\"1024\" height=\"768\" src=\"http:\/\/lichri.radeln-in-den-sonnenaufgang.de\/wp-content\/uploads\/2020\/04\/DSC_0267-1024x768.jpg\" alt=\"\" data-id=\"1800\" data-full-url=\"http:\/\/lichri.radeln-in-den-sonnenaufgang.de\/wp-content\/uploads\/2020\/04\/DSC_0267.jpg\" data-link=\"http:\/\/lichri.radeln-in-den-sonnenaufgang.de\/?attachment_id=1800\" class=\"wp-image-1800\" srcset=\"http:\/\/lichri.radeln-in-den-sonnenaufgang.de\/wp-content\/uploads\/2020\/04\/DSC_0267-1024x768.jpg 1024w, http:\/\/lichri.radeln-in-den-sonnenaufgang.de\/wp-content\/uploads\/2020\/04\/DSC_0267-300x225.jpg 300w, http:\/\/lichri.radeln-in-den-sonnenaufgang.de\/wp-content\/uploads\/2020\/04\/DSC_0267-768x576.jpg 768w, http:\/\/lichri.radeln-in-den-sonnenaufgang.de\/wp-content\/uploads\/2020\/04\/DSC_0267-1536x1152.jpg 1536w, http:\/\/lichri.radeln-in-den-sonnenaufgang.de\/wp-content\/uploads\/2020\/04\/DSC_0267.jpg 1600w\" sizes=\"(max-width: 767px) 89vw, (max-width: 1000px) 54vw, (max-width: 1071px) 543px, 580px\" \/><\/figure><\/li><\/ul><\/figure>\n\n\n\n<p>\u00dcber die Nordroute der Insel, eine Berg- und K\u00fcstenstra\u00dfe, kamen wir trotz der Verlockungen sch\u00f6ner Str\u00e4nde, an denen wir Rast machten (die vermeindlich letzten Str\u00e4nde der Reise, waren wir doch jetzt auf dem Weg nach Myanmar, Indien und den mittleren Osten), doch noch nach Georgetown. Vorbei an einem niederl\u00e4ndischen Fort aus Kolonialzeiten, Kanonen und Kirchen und jeder Menge Wolkenkratzer-Wohnbauten f\u00fcr die Gutbetuchten, kamen wir auch noch an DAS Radreisenden-Selfie-Streetart-Kunstwerk, das man auf seiner Reise durch Malaysia unbedingt mitnehmen musste.<\/p>\n\n\n\n<div class=\"wp-block-image\"><figure class=\"aligncenter size-large\"><img decoding=\"async\" loading=\"lazy\" width=\"1024\" height=\"683\" src=\"http:\/\/lichri.radeln-in-den-sonnenaufgang.de\/wp-content\/uploads\/2020\/04\/IMG_6263-1024x683.jpg\" alt=\"\" class=\"wp-image-1825\" srcset=\"http:\/\/lichri.radeln-in-den-sonnenaufgang.de\/wp-content\/uploads\/2020\/04\/IMG_6263-1024x683.jpg 1024w, http:\/\/lichri.radeln-in-den-sonnenaufgang.de\/wp-content\/uploads\/2020\/04\/IMG_6263-300x200.jpg 300w, http:\/\/lichri.radeln-in-den-sonnenaufgang.de\/wp-content\/uploads\/2020\/04\/IMG_6263-768x512.jpg 768w, http:\/\/lichri.radeln-in-den-sonnenaufgang.de\/wp-content\/uploads\/2020\/04\/IMG_6263-1536x1024.jpg 1536w, http:\/\/lichri.radeln-in-den-sonnenaufgang.de\/wp-content\/uploads\/2020\/04\/IMG_6263.jpg 1800w\" sizes=\"(max-width: 767px) 89vw, (max-width: 1000px) 54vw, (max-width: 1071px) 543px, 580px\" \/><\/figure><\/div>\n\n\n\n<figure class=\"is-layout-flex wp-block-gallery-3 wp-block-gallery aligncenter columns-2 is-cropped\"><ul class=\"blocks-gallery-grid\"><li class=\"blocks-gallery-item\"><figure><img decoding=\"async\" loading=\"lazy\" width=\"1024\" height=\"768\" src=\"http:\/\/lichri.radeln-in-den-sonnenaufgang.de\/wp-content\/uploads\/2020\/04\/DSC_0011.jpg\" alt=\"\" data-id=\"1823\" data-full-url=\"http:\/\/lichri.radeln-in-den-sonnenaufgang.de\/wp-content\/uploads\/2020\/04\/DSC_0011.jpg\" data-link=\"http:\/\/lichri.radeln-in-den-sonnenaufgang.de\/?attachment_id=1823\" class=\"wp-image-1823\" srcset=\"http:\/\/lichri.radeln-in-den-sonnenaufgang.de\/wp-content\/uploads\/2020\/04\/DSC_0011.jpg 1024w, http:\/\/lichri.radeln-in-den-sonnenaufgang.de\/wp-content\/uploads\/2020\/04\/DSC_0011-300x225.jpg 300w, http:\/\/lichri.radeln-in-den-sonnenaufgang.de\/wp-content\/uploads\/2020\/04\/DSC_0011-768x576.jpg 768w\" sizes=\"(max-width: 767px) 89vw, (max-width: 1000px) 54vw, (max-width: 1071px) 543px, 580px\" \/><\/figure><\/li><li class=\"blocks-gallery-item\"><figure><img decoding=\"async\" loading=\"lazy\" width=\"576\" height=\"1024\" src=\"http:\/\/lichri.radeln-in-den-sonnenaufgang.de\/wp-content\/uploads\/2020\/04\/DSC_0014-576x1024.jpg\" alt=\"\" data-id=\"1828\" data-full-url=\"http:\/\/lichri.radeln-in-den-sonnenaufgang.de\/wp-content\/uploads\/2020\/04\/DSC_0014-rotated.jpg\" data-link=\"http:\/\/lichri.radeln-in-den-sonnenaufgang.de\/?attachment_id=1828\" class=\"wp-image-1828\" srcset=\"http:\/\/lichri.radeln-in-den-sonnenaufgang.de\/wp-content\/uploads\/2020\/04\/DSC_0014-576x1024.jpg 576w, http:\/\/lichri.radeln-in-den-sonnenaufgang.de\/wp-content\/uploads\/2020\/04\/DSC_0014-169x300.jpg 169w, http:\/\/lichri.radeln-in-den-sonnenaufgang.de\/wp-content\/uploads\/2020\/04\/DSC_0014-rotated.jpg 768w\" sizes=\"(max-width: 576px) 100vw, 576px\" \/><\/figure><\/li><li class=\"blocks-gallery-item\"><figure><img decoding=\"async\" loading=\"lazy\" width=\"1024\" height=\"683\" src=\"http:\/\/lichri.radeln-in-den-sonnenaufgang.de\/wp-content\/uploads\/2020\/04\/IMG_6213-1024x683.jpg\" alt=\"\" data-id=\"1807\" data-full-url=\"http:\/\/lichri.radeln-in-den-sonnenaufgang.de\/wp-content\/uploads\/2020\/04\/IMG_6213.jpg\" data-link=\"http:\/\/lichri.radeln-in-den-sonnenaufgang.de\/?attachment_id=1807\" class=\"wp-image-1807\" srcset=\"http:\/\/lichri.radeln-in-den-sonnenaufgang.de\/wp-content\/uploads\/2020\/04\/IMG_6213-1024x683.jpg 1024w, http:\/\/lichri.radeln-in-den-sonnenaufgang.de\/wp-content\/uploads\/2020\/04\/IMG_6213-300x200.jpg 300w, http:\/\/lichri.radeln-in-den-sonnenaufgang.de\/wp-content\/uploads\/2020\/04\/IMG_6213-768x512.jpg 768w, http:\/\/lichri.radeln-in-den-sonnenaufgang.de\/wp-content\/uploads\/2020\/04\/IMG_6213-1536x1024.jpg 1536w, http:\/\/lichri.radeln-in-den-sonnenaufgang.de\/wp-content\/uploads\/2020\/04\/IMG_6213.jpg 1800w\" sizes=\"(max-width: 767px) 89vw, (max-width: 1000px) 54vw, (max-width: 1071px) 543px, 580px\" \/><\/figure><\/li><li class=\"blocks-gallery-item\"><figure><img decoding=\"async\" loading=\"lazy\" width=\"1024\" height=\"683\" src=\"http:\/\/lichri.radeln-in-den-sonnenaufgang.de\/wp-content\/uploads\/2020\/04\/IMG_6201-1024x683.jpg\" alt=\"\" data-id=\"1805\" data-full-url=\"http:\/\/lichri.radeln-in-den-sonnenaufgang.de\/wp-content\/uploads\/2020\/04\/IMG_6201.jpg\" data-link=\"http:\/\/lichri.radeln-in-den-sonnenaufgang.de\/?attachment_id=1805\" class=\"wp-image-1805\" srcset=\"http:\/\/lichri.radeln-in-den-sonnenaufgang.de\/wp-content\/uploads\/2020\/04\/IMG_6201-1024x683.jpg 1024w, http:\/\/lichri.radeln-in-den-sonnenaufgang.de\/wp-content\/uploads\/2020\/04\/IMG_6201-300x200.jpg 300w, http:\/\/lichri.radeln-in-den-sonnenaufgang.de\/wp-content\/uploads\/2020\/04\/IMG_6201-768x512.jpg 768w, http:\/\/lichri.radeln-in-den-sonnenaufgang.de\/wp-content\/uploads\/2020\/04\/IMG_6201-1536x1024.jpg 1536w, http:\/\/lichri.radeln-in-den-sonnenaufgang.de\/wp-content\/uploads\/2020\/04\/IMG_6201.jpg 1800w\" sizes=\"(max-width: 767px) 89vw, (max-width: 1000px) 54vw, (max-width: 1071px) 543px, 580px\" \/><\/figure><\/li><li class=\"blocks-gallery-item\"><figure><img decoding=\"async\" loading=\"lazy\" width=\"1024\" height=\"683\" src=\"http:\/\/lichri.radeln-in-den-sonnenaufgang.de\/wp-content\/uploads\/2020\/04\/IMG_6223-1024x683.jpg\" alt=\"\" data-id=\"1808\" data-full-url=\"http:\/\/lichri.radeln-in-den-sonnenaufgang.de\/wp-content\/uploads\/2020\/04\/IMG_6223.jpg\" data-link=\"http:\/\/lichri.radeln-in-den-sonnenaufgang.de\/?attachment_id=1808\" class=\"wp-image-1808\" srcset=\"http:\/\/lichri.radeln-in-den-sonnenaufgang.de\/wp-content\/uploads\/2020\/04\/IMG_6223-1024x683.jpg 1024w, http:\/\/lichri.radeln-in-den-sonnenaufgang.de\/wp-content\/uploads\/2020\/04\/IMG_6223-300x200.jpg 300w, http:\/\/lichri.radeln-in-den-sonnenaufgang.de\/wp-content\/uploads\/2020\/04\/IMG_6223-768x512.jpg 768w, http:\/\/lichri.radeln-in-den-sonnenaufgang.de\/wp-content\/uploads\/2020\/04\/IMG_6223-1536x1024.jpg 1536w, http:\/\/lichri.radeln-in-den-sonnenaufgang.de\/wp-content\/uploads\/2020\/04\/IMG_6223.jpg 1800w\" sizes=\"(max-width: 767px) 89vw, (max-width: 1000px) 54vw, (max-width: 1071px) 543px, 580px\" \/><\/figure><\/li><li class=\"blocks-gallery-item\"><figure><img decoding=\"async\" loading=\"lazy\" width=\"1024\" height=\"683\" src=\"http:\/\/lichri.radeln-in-den-sonnenaufgang.de\/wp-content\/uploads\/2020\/04\/IMG_6227-1024x683.jpg\" alt=\"\" data-id=\"1809\" data-full-url=\"http:\/\/lichri.radeln-in-den-sonnenaufgang.de\/wp-content\/uploads\/2020\/04\/IMG_6227.jpg\" data-link=\"http:\/\/lichri.radeln-in-den-sonnenaufgang.de\/?attachment_id=1809\" class=\"wp-image-1809\" srcset=\"http:\/\/lichri.radeln-in-den-sonnenaufgang.de\/wp-content\/uploads\/2020\/04\/IMG_6227-1024x683.jpg 1024w, http:\/\/lichri.radeln-in-den-sonnenaufgang.de\/wp-content\/uploads\/2020\/04\/IMG_6227-300x200.jpg 300w, http:\/\/lichri.radeln-in-den-sonnenaufgang.de\/wp-content\/uploads\/2020\/04\/IMG_6227-768x512.jpg 768w, http:\/\/lichri.radeln-in-den-sonnenaufgang.de\/wp-content\/uploads\/2020\/04\/IMG_6227-1536x1024.jpg 1536w, http:\/\/lichri.radeln-in-den-sonnenaufgang.de\/wp-content\/uploads\/2020\/04\/IMG_6227.jpg 1800w\" sizes=\"(max-width: 767px) 89vw, (max-width: 1000px) 54vw, (max-width: 1071px) 543px, 580px\" \/><\/figure><\/li><li class=\"blocks-gallery-item\"><figure><img decoding=\"async\" loading=\"lazy\" width=\"1024\" height=\"683\" src=\"http:\/\/lichri.radeln-in-den-sonnenaufgang.de\/wp-content\/uploads\/2020\/04\/IMG_6228-1024x683.jpg\" alt=\"\" data-id=\"1810\" data-full-url=\"http:\/\/lichri.radeln-in-den-sonnenaufgang.de\/wp-content\/uploads\/2020\/04\/IMG_6228.jpg\" data-link=\"http:\/\/lichri.radeln-in-den-sonnenaufgang.de\/?attachment_id=1810\" class=\"wp-image-1810\" srcset=\"http:\/\/lichri.radeln-in-den-sonnenaufgang.de\/wp-content\/uploads\/2020\/04\/IMG_6228-1024x683.jpg 1024w, http:\/\/lichri.radeln-in-den-sonnenaufgang.de\/wp-content\/uploads\/2020\/04\/IMG_6228-300x200.jpg 300w, http:\/\/lichri.radeln-in-den-sonnenaufgang.de\/wp-content\/uploads\/2020\/04\/IMG_6228-768x512.jpg 768w, http:\/\/lichri.radeln-in-den-sonnenaufgang.de\/wp-content\/uploads\/2020\/04\/IMG_6228-1536x1024.jpg 1536w, http:\/\/lichri.radeln-in-den-sonnenaufgang.de\/wp-content\/uploads\/2020\/04\/IMG_6228.jpg 1800w\" sizes=\"(max-width: 767px) 89vw, (max-width: 1000px) 54vw, (max-width: 1071px) 543px, 580px\" \/><\/figure><\/li><li class=\"blocks-gallery-item\"><figure><img decoding=\"async\" loading=\"lazy\" width=\"1024\" height=\"683\" src=\"http:\/\/lichri.radeln-in-den-sonnenaufgang.de\/wp-content\/uploads\/2020\/04\/IMG_6232-1024x683.jpg\" alt=\"\" data-id=\"1811\" data-full-url=\"http:\/\/lichri.radeln-in-den-sonnenaufgang.de\/wp-content\/uploads\/2020\/04\/IMG_6232.jpg\" data-link=\"http:\/\/lichri.radeln-in-den-sonnenaufgang.de\/?attachment_id=1811\" class=\"wp-image-1811\" srcset=\"http:\/\/lichri.radeln-in-den-sonnenaufgang.de\/wp-content\/uploads\/2020\/04\/IMG_6232-1024x683.jpg 1024w, http:\/\/lichri.radeln-in-den-sonnenaufgang.de\/wp-content\/uploads\/2020\/04\/IMG_6232-300x200.jpg 300w, http:\/\/lichri.radeln-in-den-sonnenaufgang.de\/wp-content\/uploads\/2020\/04\/IMG_6232-768x512.jpg 768w, http:\/\/lichri.radeln-in-den-sonnenaufgang.de\/wp-content\/uploads\/2020\/04\/IMG_6232-1536x1024.jpg 1536w, http:\/\/lichri.radeln-in-den-sonnenaufgang.de\/wp-content\/uploads\/2020\/04\/IMG_6232.jpg 1800w\" sizes=\"(max-width: 767px) 89vw, (max-width: 1000px) 54vw, (max-width: 1071px) 543px, 580px\" \/><\/figure><\/li><li class=\"blocks-gallery-item\"><figure><img decoding=\"async\" loading=\"lazy\" width=\"1024\" height=\"683\" src=\"http:\/\/lichri.radeln-in-den-sonnenaufgang.de\/wp-content\/uploads\/2020\/04\/IMG_6237-1024x683.jpg\" alt=\"\" data-id=\"1813\" data-full-url=\"http:\/\/lichri.radeln-in-den-sonnenaufgang.de\/wp-content\/uploads\/2020\/04\/IMG_6237.jpg\" data-link=\"http:\/\/lichri.radeln-in-den-sonnenaufgang.de\/?attachment_id=1813\" class=\"wp-image-1813\" srcset=\"http:\/\/lichri.radeln-in-den-sonnenaufgang.de\/wp-content\/uploads\/2020\/04\/IMG_6237-1024x683.jpg 1024w, http:\/\/lichri.radeln-in-den-sonnenaufgang.de\/wp-content\/uploads\/2020\/04\/IMG_6237-300x200.jpg 300w, http:\/\/lichri.radeln-in-den-sonnenaufgang.de\/wp-content\/uploads\/2020\/04\/IMG_6237-768x512.jpg 768w, http:\/\/lichri.radeln-in-den-sonnenaufgang.de\/wp-content\/uploads\/2020\/04\/IMG_6237-1536x1024.jpg 1536w, http:\/\/lichri.radeln-in-den-sonnenaufgang.de\/wp-content\/uploads\/2020\/04\/IMG_6237.jpg 1800w\" sizes=\"(max-width: 767px) 89vw, (max-width: 1000px) 54vw, (max-width: 1071px) 543px, 580px\" \/><\/figure><\/li><li class=\"blocks-gallery-item\"><figure><img decoding=\"async\" loading=\"lazy\" width=\"1024\" height=\"683\" src=\"http:\/\/lichri.radeln-in-den-sonnenaufgang.de\/wp-content\/uploads\/2020\/04\/IMG_6238-1024x683.jpg\" alt=\"\" data-id=\"1814\" data-full-url=\"http:\/\/lichri.radeln-in-den-sonnenaufgang.de\/wp-content\/uploads\/2020\/04\/IMG_6238.jpg\" data-link=\"http:\/\/lichri.radeln-in-den-sonnenaufgang.de\/?attachment_id=1814\" class=\"wp-image-1814\" srcset=\"http:\/\/lichri.radeln-in-den-sonnenaufgang.de\/wp-content\/uploads\/2020\/04\/IMG_6238-1024x683.jpg 1024w, http:\/\/lichri.radeln-in-den-sonnenaufgang.de\/wp-content\/uploads\/2020\/04\/IMG_6238-300x200.jpg 300w, http:\/\/lichri.radeln-in-den-sonnenaufgang.de\/wp-content\/uploads\/2020\/04\/IMG_6238-768x512.jpg 768w, http:\/\/lichri.radeln-in-den-sonnenaufgang.de\/wp-content\/uploads\/2020\/04\/IMG_6238-1536x1024.jpg 1536w, http:\/\/lichri.radeln-in-den-sonnenaufgang.de\/wp-content\/uploads\/2020\/04\/IMG_6238.jpg 1800w\" sizes=\"(max-width: 767px) 89vw, (max-width: 1000px) 54vw, (max-width: 1071px) 543px, 580px\" \/><\/figure><\/li><li class=\"blocks-gallery-item\"><figure><img decoding=\"async\" loading=\"lazy\" width=\"1024\" height=\"683\" src=\"http:\/\/lichri.radeln-in-den-sonnenaufgang.de\/wp-content\/uploads\/2020\/04\/IMG_6233-1024x683.jpg\" alt=\"\" data-id=\"1812\" data-full-url=\"http:\/\/lichri.radeln-in-den-sonnenaufgang.de\/wp-content\/uploads\/2020\/04\/IMG_6233.jpg\" data-link=\"http:\/\/lichri.radeln-in-den-sonnenaufgang.de\/?attachment_id=1812\" class=\"wp-image-1812\" srcset=\"http:\/\/lichri.radeln-in-den-sonnenaufgang.de\/wp-content\/uploads\/2020\/04\/IMG_6233-1024x683.jpg 1024w, http:\/\/lichri.radeln-in-den-sonnenaufgang.de\/wp-content\/uploads\/2020\/04\/IMG_6233-300x200.jpg 300w, http:\/\/lichri.radeln-in-den-sonnenaufgang.de\/wp-content\/uploads\/2020\/04\/IMG_6233-768x512.jpg 768w, http:\/\/lichri.radeln-in-den-sonnenaufgang.de\/wp-content\/uploads\/2020\/04\/IMG_6233-1536x1024.jpg 1536w, http:\/\/lichri.radeln-in-den-sonnenaufgang.de\/wp-content\/uploads\/2020\/04\/IMG_6233.jpg 1800w\" sizes=\"(max-width: 767px) 89vw, (max-width: 1000px) 54vw, (max-width: 1071px) 543px, 580px\" \/><\/figure><\/li><li class=\"blocks-gallery-item\"><figure><img decoding=\"async\" loading=\"lazy\" width=\"1024\" height=\"683\" src=\"http:\/\/lichri.radeln-in-den-sonnenaufgang.de\/wp-content\/uploads\/2020\/04\/IMG_6239-1024x683.jpg\" alt=\"\" data-id=\"1815\" data-full-url=\"http:\/\/lichri.radeln-in-den-sonnenaufgang.de\/wp-content\/uploads\/2020\/04\/IMG_6239.jpg\" data-link=\"http:\/\/lichri.radeln-in-den-sonnenaufgang.de\/?attachment_id=1815\" class=\"wp-image-1815\" srcset=\"http:\/\/lichri.radeln-in-den-sonnenaufgang.de\/wp-content\/uploads\/2020\/04\/IMG_6239-1024x683.jpg 1024w, http:\/\/lichri.radeln-in-den-sonnenaufgang.de\/wp-content\/uploads\/2020\/04\/IMG_6239-300x200.jpg 300w, http:\/\/lichri.radeln-in-den-sonnenaufgang.de\/wp-content\/uploads\/2020\/04\/IMG_6239-768x512.jpg 768w, http:\/\/lichri.radeln-in-den-sonnenaufgang.de\/wp-content\/uploads\/2020\/04\/IMG_6239-1536x1024.jpg 1536w, http:\/\/lichri.radeln-in-den-sonnenaufgang.de\/wp-content\/uploads\/2020\/04\/IMG_6239.jpg 1800w\" sizes=\"(max-width: 767px) 89vw, (max-width: 1000px) 54vw, (max-width: 1071px) 543px, 580px\" \/><\/figure><\/li><li class=\"blocks-gallery-item\"><figure><img decoding=\"async\" loading=\"lazy\" width=\"1024\" height=\"683\" src=\"http:\/\/lichri.radeln-in-den-sonnenaufgang.de\/wp-content\/uploads\/2020\/04\/IMG_6241-1024x683.jpg\" alt=\"\" data-id=\"1816\" data-full-url=\"http:\/\/lichri.radeln-in-den-sonnenaufgang.de\/wp-content\/uploads\/2020\/04\/IMG_6241.jpg\" data-link=\"http:\/\/lichri.radeln-in-den-sonnenaufgang.de\/?attachment_id=1816\" class=\"wp-image-1816\" srcset=\"http:\/\/lichri.radeln-in-den-sonnenaufgang.de\/wp-content\/uploads\/2020\/04\/IMG_6241-1024x683.jpg 1024w, http:\/\/lichri.radeln-in-den-sonnenaufgang.de\/wp-content\/uploads\/2020\/04\/IMG_6241-300x200.jpg 300w, http:\/\/lichri.radeln-in-den-sonnenaufgang.de\/wp-content\/uploads\/2020\/04\/IMG_6241-768x512.jpg 768w, http:\/\/lichri.radeln-in-den-sonnenaufgang.de\/wp-content\/uploads\/2020\/04\/IMG_6241-1536x1024.jpg 1536w, http:\/\/lichri.radeln-in-den-sonnenaufgang.de\/wp-content\/uploads\/2020\/04\/IMG_6241.jpg 1800w\" sizes=\"(max-width: 767px) 89vw, (max-width: 1000px) 54vw, (max-width: 1071px) 543px, 580px\" \/><\/figure><\/li><li class=\"blocks-gallery-item\"><figure><img decoding=\"async\" loading=\"lazy\" width=\"1024\" height=\"683\" src=\"http:\/\/lichri.radeln-in-den-sonnenaufgang.de\/wp-content\/uploads\/2020\/04\/IMG_6247-1024x683.jpg\" alt=\"\" data-id=\"1817\" data-full-url=\"http:\/\/lichri.radeln-in-den-sonnenaufgang.de\/wp-content\/uploads\/2020\/04\/IMG_6247.jpg\" data-link=\"http:\/\/lichri.radeln-in-den-sonnenaufgang.de\/?attachment_id=1817\" class=\"wp-image-1817\" srcset=\"http:\/\/lichri.radeln-in-den-sonnenaufgang.de\/wp-content\/uploads\/2020\/04\/IMG_6247-1024x683.jpg 1024w, http:\/\/lichri.radeln-in-den-sonnenaufgang.de\/wp-content\/uploads\/2020\/04\/IMG_6247-300x200.jpg 300w, http:\/\/lichri.radeln-in-den-sonnenaufgang.de\/wp-content\/uploads\/2020\/04\/IMG_6247-768x512.jpg 768w, http:\/\/lichri.radeln-in-den-sonnenaufgang.de\/wp-content\/uploads\/2020\/04\/IMG_6247-1536x1024.jpg 1536w, http:\/\/lichri.radeln-in-den-sonnenaufgang.de\/wp-content\/uploads\/2020\/04\/IMG_6247.jpg 1800w\" sizes=\"(max-width: 767px) 89vw, (max-width: 1000px) 54vw, (max-width: 1071px) 543px, 580px\" \/><\/figure><\/li><li class=\"blocks-gallery-item\"><figure><img decoding=\"async\" loading=\"lazy\" width=\"683\" height=\"1024\" src=\"http:\/\/lichri.radeln-in-den-sonnenaufgang.de\/wp-content\/uploads\/2020\/04\/IMG_6257-683x1024.jpg\" alt=\"\" data-id=\"1821\" data-full-url=\"http:\/\/lichri.radeln-in-den-sonnenaufgang.de\/wp-content\/uploads\/2020\/04\/IMG_6257-rotated.jpg\" data-link=\"http:\/\/lichri.radeln-in-den-sonnenaufgang.de\/?attachment_id=1821\" class=\"wp-image-1821\" srcset=\"http:\/\/lichri.radeln-in-den-sonnenaufgang.de\/wp-content\/uploads\/2020\/04\/IMG_6257-683x1024.jpg 683w, http:\/\/lichri.radeln-in-den-sonnenaufgang.de\/wp-content\/uploads\/2020\/04\/IMG_6257-200x300.jpg 200w, http:\/\/lichri.radeln-in-den-sonnenaufgang.de\/wp-content\/uploads\/2020\/04\/IMG_6257-768x1152.jpg 768w, http:\/\/lichri.radeln-in-den-sonnenaufgang.de\/wp-content\/uploads\/2020\/04\/IMG_6257-1024x1536.jpg 1024w, http:\/\/lichri.radeln-in-den-sonnenaufgang.de\/wp-content\/uploads\/2020\/04\/IMG_6257-rotated.jpg 1200w\" sizes=\"(max-width: 683px) 100vw, 683px\" \/><\/figure><\/li><li class=\"blocks-gallery-item\"><figure><img decoding=\"async\" loading=\"lazy\" width=\"683\" height=\"1024\" src=\"http:\/\/lichri.radeln-in-den-sonnenaufgang.de\/wp-content\/uploads\/2020\/04\/IMG_6252-683x1024.jpg\" alt=\"\" data-id=\"1819\" data-full-url=\"http:\/\/lichri.radeln-in-den-sonnenaufgang.de\/wp-content\/uploads\/2020\/04\/IMG_6252-rotated.jpg\" data-link=\"http:\/\/lichri.radeln-in-den-sonnenaufgang.de\/?attachment_id=1819\" class=\"wp-image-1819\" srcset=\"http:\/\/lichri.radeln-in-den-sonnenaufgang.de\/wp-content\/uploads\/2020\/04\/IMG_6252-683x1024.jpg 683w, http:\/\/lichri.radeln-in-den-sonnenaufgang.de\/wp-content\/uploads\/2020\/04\/IMG_6252-200x300.jpg 200w, http:\/\/lichri.radeln-in-den-sonnenaufgang.de\/wp-content\/uploads\/2020\/04\/IMG_6252-768x1152.jpg 768w, http:\/\/lichri.radeln-in-den-sonnenaufgang.de\/wp-content\/uploads\/2020\/04\/IMG_6252-1024x1536.jpg 1024w, http:\/\/lichri.radeln-in-den-sonnenaufgang.de\/wp-content\/uploads\/2020\/04\/IMG_6252-rotated.jpg 1200w\" sizes=\"(max-width: 683px) 100vw, 683px\" \/><\/figure><\/li><li class=\"blocks-gallery-item\"><figure><img decoding=\"async\" loading=\"lazy\" width=\"1024\" height=\"683\" src=\"http:\/\/lichri.radeln-in-den-sonnenaufgang.de\/wp-content\/uploads\/2020\/04\/IMG_6250-1024x683.jpg\" alt=\"\" data-id=\"1818\" data-full-url=\"http:\/\/lichri.radeln-in-den-sonnenaufgang.de\/wp-content\/uploads\/2020\/04\/IMG_6250.jpg\" data-link=\"http:\/\/lichri.radeln-in-den-sonnenaufgang.de\/?attachment_id=1818\" class=\"wp-image-1818\" srcset=\"http:\/\/lichri.radeln-in-den-sonnenaufgang.de\/wp-content\/uploads\/2020\/04\/IMG_6250-1024x683.jpg 1024w, http:\/\/lichri.radeln-in-den-sonnenaufgang.de\/wp-content\/uploads\/2020\/04\/IMG_6250-300x200.jpg 300w, http:\/\/lichri.radeln-in-den-sonnenaufgang.de\/wp-content\/uploads\/2020\/04\/IMG_6250-768x512.jpg 768w, http:\/\/lichri.radeln-in-den-sonnenaufgang.de\/wp-content\/uploads\/2020\/04\/IMG_6250-1536x1024.jpg 1536w, http:\/\/lichri.radeln-in-den-sonnenaufgang.de\/wp-content\/uploads\/2020\/04\/IMG_6250.jpg 1800w\" sizes=\"(max-width: 767px) 89vw, (max-width: 1000px) 54vw, (max-width: 1071px) 543px, 580px\" \/><\/figure><\/li><li class=\"blocks-gallery-item\"><figure><img decoding=\"async\" loading=\"lazy\" width=\"1024\" height=\"683\" src=\"http:\/\/lichri.radeln-in-den-sonnenaufgang.de\/wp-content\/uploads\/2020\/04\/IMG_6258-1024x683.jpg\" alt=\"\" data-id=\"1822\" data-full-url=\"http:\/\/lichri.radeln-in-den-sonnenaufgang.de\/wp-content\/uploads\/2020\/04\/IMG_6258.jpg\" data-link=\"http:\/\/lichri.radeln-in-den-sonnenaufgang.de\/?attachment_id=1822\" class=\"wp-image-1822\" srcset=\"http:\/\/lichri.radeln-in-den-sonnenaufgang.de\/wp-content\/uploads\/2020\/04\/IMG_6258-1024x683.jpg 1024w, http:\/\/lichri.radeln-in-den-sonnenaufgang.de\/wp-content\/uploads\/2020\/04\/IMG_6258-300x200.jpg 300w, http:\/\/lichri.radeln-in-den-sonnenaufgang.de\/wp-content\/uploads\/2020\/04\/IMG_6258-768x512.jpg 768w, http:\/\/lichri.radeln-in-den-sonnenaufgang.de\/wp-content\/uploads\/2020\/04\/IMG_6258-1536x1024.jpg 1536w, http:\/\/lichri.radeln-in-den-sonnenaufgang.de\/wp-content\/uploads\/2020\/04\/IMG_6258.jpg 1800w\" sizes=\"(max-width: 767px) 89vw, (max-width: 1000px) 54vw, (max-width: 1071px) 543px, 580px\" \/><\/figure><\/li><li class=\"blocks-gallery-item\"><figure><img decoding=\"async\" loading=\"lazy\" width=\"576\" height=\"1024\" src=\"http:\/\/lichri.radeln-in-den-sonnenaufgang.de\/wp-content\/uploads\/2020\/04\/DSC_0023-576x1024.jpg\" alt=\"\" data-id=\"1834\" data-full-url=\"http:\/\/lichri.radeln-in-den-sonnenaufgang.de\/wp-content\/uploads\/2020\/04\/DSC_0023-rotated.jpg\" data-link=\"http:\/\/lichri.radeln-in-den-sonnenaufgang.de\/?attachment_id=1834\" class=\"wp-image-1834\" srcset=\"http:\/\/lichri.radeln-in-den-sonnenaufgang.de\/wp-content\/uploads\/2020\/04\/DSC_0023-576x1024.jpg 576w, http:\/\/lichri.radeln-in-den-sonnenaufgang.de\/wp-content\/uploads\/2020\/04\/DSC_0023-169x300.jpg 169w, http:\/\/lichri.radeln-in-den-sonnenaufgang.de\/wp-content\/uploads\/2020\/04\/DSC_0023-rotated.jpg 768w\" sizes=\"(max-width: 576px) 100vw, 576px\" \/><\/figure><\/li><li class=\"blocks-gallery-item\"><figure><img decoding=\"async\" loading=\"lazy\" width=\"768\" height=\"1024\" src=\"http:\/\/lichri.radeln-in-den-sonnenaufgang.de\/wp-content\/uploads\/2020\/04\/DSC_0027-rotated.jpg\" alt=\"\" data-id=\"1835\" data-full-url=\"http:\/\/lichri.radeln-in-den-sonnenaufgang.de\/wp-content\/uploads\/2020\/04\/DSC_0027-rotated.jpg\" data-link=\"http:\/\/lichri.radeln-in-den-sonnenaufgang.de\/?attachment_id=1835\" class=\"wp-image-1835\" srcset=\"http:\/\/lichri.radeln-in-den-sonnenaufgang.de\/wp-content\/uploads\/2020\/04\/DSC_0027-rotated.jpg 768w, http:\/\/lichri.radeln-in-den-sonnenaufgang.de\/wp-content\/uploads\/2020\/04\/DSC_0027-225x300.jpg 225w\" sizes=\"(max-width: 767px) 89vw, (max-width: 1000px) 54vw, (max-width: 1071px) 543px, 580px\" \/><\/figure><\/li><li class=\"blocks-gallery-item\"><figure><img decoding=\"async\" loading=\"lazy\" width=\"1024\" height=\"683\" src=\"http:\/\/lichri.radeln-in-den-sonnenaufgang.de\/wp-content\/uploads\/2020\/04\/IMG_6300-1024x683.jpg\" alt=\"\" data-id=\"1827\" data-full-url=\"http:\/\/lichri.radeln-in-den-sonnenaufgang.de\/wp-content\/uploads\/2020\/04\/IMG_6300.jpg\" data-link=\"http:\/\/lichri.radeln-in-den-sonnenaufgang.de\/?attachment_id=1827\" class=\"wp-image-1827\" srcset=\"http:\/\/lichri.radeln-in-den-sonnenaufgang.de\/wp-content\/uploads\/2020\/04\/IMG_6300-1024x683.jpg 1024w, http:\/\/lichri.radeln-in-den-sonnenaufgang.de\/wp-content\/uploads\/2020\/04\/IMG_6300-300x200.jpg 300w, http:\/\/lichri.radeln-in-den-sonnenaufgang.de\/wp-content\/uploads\/2020\/04\/IMG_6300-768x512.jpg 768w, http:\/\/lichri.radeln-in-den-sonnenaufgang.de\/wp-content\/uploads\/2020\/04\/IMG_6300-1536x1024.jpg 1536w, http:\/\/lichri.radeln-in-den-sonnenaufgang.de\/wp-content\/uploads\/2020\/04\/IMG_6300.jpg 1800w\" sizes=\"(max-width: 767px) 89vw, (max-width: 1000px) 54vw, (max-width: 1071px) 543px, 580px\" \/><\/figure><\/li><li class=\"blocks-gallery-item\"><figure><img decoding=\"async\" loading=\"lazy\" width=\"1024\" height=\"683\" src=\"http:\/\/lichri.radeln-in-den-sonnenaufgang.de\/wp-content\/uploads\/2020\/04\/IMG_6290-1024x683.jpg\" alt=\"\" data-id=\"1826\" data-full-url=\"http:\/\/lichri.radeln-in-den-sonnenaufgang.de\/wp-content\/uploads\/2020\/04\/IMG_6290.jpg\" data-link=\"http:\/\/lichri.radeln-in-den-sonnenaufgang.de\/?attachment_id=1826\" class=\"wp-image-1826\" srcset=\"http:\/\/lichri.radeln-in-den-sonnenaufgang.de\/wp-content\/uploads\/2020\/04\/IMG_6290-1024x683.jpg 1024w, http:\/\/lichri.radeln-in-den-sonnenaufgang.de\/wp-content\/uploads\/2020\/04\/IMG_6290-300x200.jpg 300w, http:\/\/lichri.radeln-in-den-sonnenaufgang.de\/wp-content\/uploads\/2020\/04\/IMG_6290-768x512.jpg 768w, http:\/\/lichri.radeln-in-den-sonnenaufgang.de\/wp-content\/uploads\/2020\/04\/IMG_6290-1536x1024.jpg 1536w, http:\/\/lichri.radeln-in-den-sonnenaufgang.de\/wp-content\/uploads\/2020\/04\/IMG_6290.jpg 1800w\" sizes=\"(max-width: 767px) 89vw, (max-width: 1000px) 54vw, (max-width: 1071px) 543px, 580px\" \/><\/figure><\/li><li class=\"blocks-gallery-item\"><figure><img decoding=\"async\" loading=\"lazy\" width=\"1024\" height=\"683\" src=\"http:\/\/lichri.radeln-in-den-sonnenaufgang.de\/wp-content\/uploads\/2020\/04\/IMG_6259-1024x683.jpg\" alt=\"\" data-id=\"1824\" data-full-url=\"http:\/\/lichri.radeln-in-den-sonnenaufgang.de\/wp-content\/uploads\/2020\/04\/IMG_6259.jpg\" data-link=\"http:\/\/lichri.radeln-in-den-sonnenaufgang.de\/?attachment_id=1824\" class=\"wp-image-1824\" srcset=\"http:\/\/lichri.radeln-in-den-sonnenaufgang.de\/wp-content\/uploads\/2020\/04\/IMG_6259-1024x683.jpg 1024w, http:\/\/lichri.radeln-in-den-sonnenaufgang.de\/wp-content\/uploads\/2020\/04\/IMG_6259-300x200.jpg 300w, http:\/\/lichri.radeln-in-den-sonnenaufgang.de\/wp-content\/uploads\/2020\/04\/IMG_6259-768x512.jpg 768w, http:\/\/lichri.radeln-in-den-sonnenaufgang.de\/wp-content\/uploads\/2020\/04\/IMG_6259-1536x1024.jpg 1536w, http:\/\/lichri.radeln-in-den-sonnenaufgang.de\/wp-content\/uploads\/2020\/04\/IMG_6259.jpg 1800w\" sizes=\"(max-width: 767px) 89vw, (max-width: 1000px) 54vw, (max-width: 1071px) 543px, 580px\" \/><\/figure><\/li><\/ul><\/figure>\n\n\n\n<p>Die weitere Fahrt von Penang in Malaysia zur thail\u00e4ndischen\nGrenze verlief ob der kurzen Reisezeit recht ereignislos. Erst auf einer F\u00e4hre\nvoller motorrollerfahrender Smartphonenutzer oder smartphonenutzender\nMotorrollerfahrer (siehe Foto), die uns \u00fcbers Meer nach Butterworth brachte,\ndann teils mit Bus, teils mit dem Rad weiter nach Kangar in Perlis, wo wir eine\nkurze Nacht verbrachten, ehe wir wieder nach Padang Besar zum Grenz\u00fcbergang\naufbrachen. <\/p>\n\n\n\n<figure class=\"is-layout-flex wp-block-gallery-5 wp-block-gallery columns-2 is-cropped\"><ul class=\"blocks-gallery-grid\"><li class=\"blocks-gallery-item\"><figure><img decoding=\"async\" loading=\"lazy\" width=\"1024\" height=\"683\" src=\"http:\/\/lichri.radeln-in-den-sonnenaufgang.de\/wp-content\/uploads\/2020\/04\/IMG_6328-1024x683.jpg\" alt=\"\" data-id=\"1831\" data-full-url=\"http:\/\/lichri.radeln-in-den-sonnenaufgang.de\/wp-content\/uploads\/2020\/04\/IMG_6328.jpg\" data-link=\"http:\/\/lichri.radeln-in-den-sonnenaufgang.de\/?attachment_id=1831\" class=\"wp-image-1831\" srcset=\"http:\/\/lichri.radeln-in-den-sonnenaufgang.de\/wp-content\/uploads\/2020\/04\/IMG_6328-1024x683.jpg 1024w, http:\/\/lichri.radeln-in-den-sonnenaufgang.de\/wp-content\/uploads\/2020\/04\/IMG_6328-300x200.jpg 300w, http:\/\/lichri.radeln-in-den-sonnenaufgang.de\/wp-content\/uploads\/2020\/04\/IMG_6328-768x512.jpg 768w, http:\/\/lichri.radeln-in-den-sonnenaufgang.de\/wp-content\/uploads\/2020\/04\/IMG_6328-1536x1024.jpg 1536w, http:\/\/lichri.radeln-in-den-sonnenaufgang.de\/wp-content\/uploads\/2020\/04\/IMG_6328.jpg 1800w\" sizes=\"(max-width: 767px) 89vw, (max-width: 1000px) 54vw, (max-width: 1071px) 543px, 580px\" \/><\/figure><\/li><li class=\"blocks-gallery-item\"><figure><img decoding=\"async\" loading=\"lazy\" width=\"1024\" height=\"683\" src=\"http:\/\/lichri.radeln-in-den-sonnenaufgang.de\/wp-content\/uploads\/2020\/04\/IMG_6314-1024x683.jpg\" alt=\"\" data-id=\"1830\" data-full-url=\"http:\/\/lichri.radeln-in-den-sonnenaufgang.de\/wp-content\/uploads\/2020\/04\/IMG_6314.jpg\" data-link=\"http:\/\/lichri.radeln-in-den-sonnenaufgang.de\/?attachment_id=1830\" class=\"wp-image-1830\" srcset=\"http:\/\/lichri.radeln-in-den-sonnenaufgang.de\/wp-content\/uploads\/2020\/04\/IMG_6314-1024x683.jpg 1024w, http:\/\/lichri.radeln-in-den-sonnenaufgang.de\/wp-content\/uploads\/2020\/04\/IMG_6314-300x200.jpg 300w, http:\/\/lichri.radeln-in-den-sonnenaufgang.de\/wp-content\/uploads\/2020\/04\/IMG_6314-768x512.jpg 768w, http:\/\/lichri.radeln-in-den-sonnenaufgang.de\/wp-content\/uploads\/2020\/04\/IMG_6314-1536x1024.jpg 1536w, http:\/\/lichri.radeln-in-den-sonnenaufgang.de\/wp-content\/uploads\/2020\/04\/IMG_6314.jpg 1800w\" sizes=\"(max-width: 767px) 89vw, (max-width: 1000px) 54vw, (max-width: 1071px) 543px, 580px\" \/><\/figure><\/li><li class=\"blocks-gallery-item\"><figure><img decoding=\"async\" loading=\"lazy\" width=\"1024\" height=\"683\" src=\"http:\/\/lichri.radeln-in-den-sonnenaufgang.de\/wp-content\/uploads\/2020\/04\/IMG_6332-1024x683.jpg\" alt=\"\" data-id=\"1832\" data-full-url=\"http:\/\/lichri.radeln-in-den-sonnenaufgang.de\/wp-content\/uploads\/2020\/04\/IMG_6332.jpg\" data-link=\"http:\/\/lichri.radeln-in-den-sonnenaufgang.de\/?attachment_id=1832\" class=\"wp-image-1832\" srcset=\"http:\/\/lichri.radeln-in-den-sonnenaufgang.de\/wp-content\/uploads\/2020\/04\/IMG_6332-1024x683.jpg 1024w, http:\/\/lichri.radeln-in-den-sonnenaufgang.de\/wp-content\/uploads\/2020\/04\/IMG_6332-300x200.jpg 300w, http:\/\/lichri.radeln-in-den-sonnenaufgang.de\/wp-content\/uploads\/2020\/04\/IMG_6332-768x512.jpg 768w, http:\/\/lichri.radeln-in-den-sonnenaufgang.de\/wp-content\/uploads\/2020\/04\/IMG_6332-1536x1024.jpg 1536w, http:\/\/lichri.radeln-in-den-sonnenaufgang.de\/wp-content\/uploads\/2020\/04\/IMG_6332.jpg 1800w\" sizes=\"(max-width: 767px) 89vw, (max-width: 1000px) 54vw, (max-width: 1071px) 543px, 580px\" \/><\/figure><\/li><\/ul><\/figure>\n\n\n\n<p>Wie immer machten wir beim Radfahren die sch\u00f6nsten\nBegegnungen und so kamen wir an ein kleines Stra\u00dfenlokal in dem eine kleinen\nGruppe Menschen sa\u00df und miteinander redeten und a\u00dfen. Neben dem Lokal war eine\nFiltermaschine, wie wir sie aus Thailand kannten. Das Leitungswasser war im\nGro\u00dfteil der L\u00e4nder durch die wir reisten nicht trinkbar. In Thailand und\nMalaysia gibt es daf\u00fcr Filtermaschinen am Stra\u00dfenrand. F\u00fcr ein paar Cent kann\nman dort seine mitgebrachten Gef\u00e4\u00dfe mit Trinkwasser f\u00fcllen. Sehr praktisch! Als\nChris gerade noch Kleingeld z\u00e4hlte, kam der junge Besitzer des Lokals nebenan\nvorbei und dr\u00fcckte ihm Kleingeld in die Hand. Es sei seine Maschine und sein\nLokal und er w\u00fcrde uns einladen. Sehr nett! Wir bedankten uns. <\/p>\n\n\n\n<p>Kurze Zeit sp\u00e4ter, als alle unsere Wasserflaschen bef\u00fcllt\nwaren, gingen wir zu dem Tisch im Lokal hin\u00fcber, um uns noch einmal bei dem\nnetten jungen Mann zu bedanken. Da stand eine \u00e4ltere Frau auf, die flie\u00dfend\nEnglisch sprach und lud uns zum Mittagessen ein. Wir sollten uns vom Buffet\neinfach nehmen, was wir wollten. Wir unterhielten uns noch eine Weile mit ihr\n\u00fcber ihr Leben, ihren Beruf und unsere Reise. <\/p>\n\n\n\n<figure class=\"is-layout-flex wp-block-gallery-7 wp-block-gallery columns-2 is-cropped\"><ul class=\"blocks-gallery-grid\"><li class=\"blocks-gallery-item\"><figure><img decoding=\"async\" loading=\"lazy\" width=\"1024\" height=\"683\" src=\"http:\/\/lichri.radeln-in-den-sonnenaufgang.de\/wp-content\/uploads\/2020\/04\/IMG_6340-1024x683.jpg\" alt=\"\" data-id=\"1837\" data-full-url=\"http:\/\/lichri.radeln-in-den-sonnenaufgang.de\/wp-content\/uploads\/2020\/04\/IMG_6340.jpg\" data-link=\"http:\/\/lichri.radeln-in-den-sonnenaufgang.de\/?attachment_id=1837\" class=\"wp-image-1837\" srcset=\"http:\/\/lichri.radeln-in-den-sonnenaufgang.de\/wp-content\/uploads\/2020\/04\/IMG_6340-1024x683.jpg 1024w, http:\/\/lichri.radeln-in-den-sonnenaufgang.de\/wp-content\/uploads\/2020\/04\/IMG_6340-300x200.jpg 300w, http:\/\/lichri.radeln-in-den-sonnenaufgang.de\/wp-content\/uploads\/2020\/04\/IMG_6340-768x512.jpg 768w, http:\/\/lichri.radeln-in-den-sonnenaufgang.de\/wp-content\/uploads\/2020\/04\/IMG_6340-1536x1024.jpg 1536w, http:\/\/lichri.radeln-in-den-sonnenaufgang.de\/wp-content\/uploads\/2020\/04\/IMG_6340.jpg 1800w\" sizes=\"(max-width: 767px) 89vw, (max-width: 1000px) 54vw, (max-width: 1071px) 543px, 580px\" \/><\/figure><\/li><li class=\"blocks-gallery-item\"><figure><img decoding=\"async\" loading=\"lazy\" width=\"1024\" height=\"683\" src=\"http:\/\/lichri.radeln-in-den-sonnenaufgang.de\/wp-content\/uploads\/2020\/04\/IMG_6338-1024x683.jpg\" alt=\"\" data-id=\"1836\" data-full-url=\"http:\/\/lichri.radeln-in-den-sonnenaufgang.de\/wp-content\/uploads\/2020\/04\/IMG_6338.jpg\" data-link=\"http:\/\/lichri.radeln-in-den-sonnenaufgang.de\/?attachment_id=1836\" class=\"wp-image-1836\" srcset=\"http:\/\/lichri.radeln-in-den-sonnenaufgang.de\/wp-content\/uploads\/2020\/04\/IMG_6338-1024x683.jpg 1024w, http:\/\/lichri.radeln-in-den-sonnenaufgang.de\/wp-content\/uploads\/2020\/04\/IMG_6338-300x200.jpg 300w, http:\/\/lichri.radeln-in-den-sonnenaufgang.de\/wp-content\/uploads\/2020\/04\/IMG_6338-768x512.jpg 768w, http:\/\/lichri.radeln-in-den-sonnenaufgang.de\/wp-content\/uploads\/2020\/04\/IMG_6338-1536x1024.jpg 1536w, http:\/\/lichri.radeln-in-den-sonnenaufgang.de\/wp-content\/uploads\/2020\/04\/IMG_6338.jpg 1800w\" sizes=\"(max-width: 767px) 89vw, (max-width: 1000px) 54vw, (max-width: 1071px) 543px, 580px\" \/><\/figure><\/li><li class=\"blocks-gallery-item\"><figure><img decoding=\"async\" loading=\"lazy\" width=\"683\" height=\"1024\" src=\"http:\/\/lichri.radeln-in-den-sonnenaufgang.de\/wp-content\/uploads\/2020\/04\/IMG_6346-683x1024.jpg\" alt=\"\" data-id=\"1838\" data-full-url=\"http:\/\/lichri.radeln-in-den-sonnenaufgang.de\/wp-content\/uploads\/2020\/04\/IMG_6346-rotated.jpg\" data-link=\"http:\/\/lichri.radeln-in-den-sonnenaufgang.de\/?attachment_id=1838\" class=\"wp-image-1838\" srcset=\"http:\/\/lichri.radeln-in-den-sonnenaufgang.de\/wp-content\/uploads\/2020\/04\/IMG_6346-683x1024.jpg 683w, http:\/\/lichri.radeln-in-den-sonnenaufgang.de\/wp-content\/uploads\/2020\/04\/IMG_6346-200x300.jpg 200w, http:\/\/lichri.radeln-in-den-sonnenaufgang.de\/wp-content\/uploads\/2020\/04\/IMG_6346-768x1152.jpg 768w, http:\/\/lichri.radeln-in-den-sonnenaufgang.de\/wp-content\/uploads\/2020\/04\/IMG_6346-1024x1536.jpg 1024w, http:\/\/lichri.radeln-in-den-sonnenaufgang.de\/wp-content\/uploads\/2020\/04\/IMG_6346-rotated.jpg 1200w\" sizes=\"(max-width: 683px) 100vw, 683px\" \/><\/figure><\/li><\/ul><\/figure>\n\n\n\n<p>Es war keine weltbewegende Begegnung. Mir (Lisa) ist es\ndennoch wichtig diese Geschichte mit euch zu teilen, weil sie f\u00fcr so viele\nSituationen steht, in denen wir von anderen freim\u00fctig beschenkt, versorgt und\nfreundlich aufgenommen wurden. Es war f\u00fcr uns nicht die Ausnahme, dass so etwas\npassierte, sondern eher die Regel. Ich w\u00fcnsche mir, dass wir selbst mit einer\nsolchen Selbstverst\u00e4ndlichkeit fremde (vielleicht auch etwas verr\u00fcckte)\nMenschen in unserer Mitte aufnehmen, ihnen begegnen, helfen, sie versorgen und\nbeschenken. Ich gehe fest davon aus, dass das Auswirkungen hat, nicht nur auf\nderen Leben, sondern auch auf unseres und dass es die Welt ein bisschen besser\nmacht. Wie wir gelernt haben: Das kann so einfach sein. <\/p>\n\n\n\n<figure class=\"is-layout-flex wp-block-gallery-9 wp-block-gallery columns-1 is-cropped\"><ul class=\"blocks-gallery-grid\"><li class=\"blocks-gallery-item\"><figure><img decoding=\"async\" loading=\"lazy\" width=\"1024\" height=\"683\" src=\"http:\/\/lichri.radeln-in-den-sonnenaufgang.de\/wp-content\/uploads\/2020\/04\/IMG_6350-1024x683.jpg\" alt=\"\" data-id=\"1840\" data-full-url=\"http:\/\/lichri.radeln-in-den-sonnenaufgang.de\/wp-content\/uploads\/2020\/04\/IMG_6350.jpg\" data-link=\"http:\/\/lichri.radeln-in-den-sonnenaufgang.de\/?attachment_id=1840\" class=\"wp-image-1840\" srcset=\"http:\/\/lichri.radeln-in-den-sonnenaufgang.de\/wp-content\/uploads\/2020\/04\/IMG_6350-1024x683.jpg 1024w, http:\/\/lichri.radeln-in-den-sonnenaufgang.de\/wp-content\/uploads\/2020\/04\/IMG_6350-300x200.jpg 300w, http:\/\/lichri.radeln-in-den-sonnenaufgang.de\/wp-content\/uploads\/2020\/04\/IMG_6350-768x512.jpg 768w, http:\/\/lichri.radeln-in-den-sonnenaufgang.de\/wp-content\/uploads\/2020\/04\/IMG_6350-1536x1024.jpg 1536w, http:\/\/lichri.radeln-in-den-sonnenaufgang.de\/wp-content\/uploads\/2020\/04\/IMG_6350.jpg 1800w\" sizes=\"(max-width: 767px) 89vw, (max-width: 1000px) 54vw, (max-width: 1071px) 543px, 580px\" \/><\/figure><\/li><li class=\"blocks-gallery-item\"><figure><img decoding=\"async\" loading=\"lazy\" width=\"1024\" height=\"683\" src=\"http:\/\/lichri.radeln-in-den-sonnenaufgang.de\/wp-content\/uploads\/2020\/04\/IMG_6353-1024x683.jpg\" alt=\"\" data-id=\"1841\" data-full-url=\"http:\/\/lichri.radeln-in-den-sonnenaufgang.de\/wp-content\/uploads\/2020\/04\/IMG_6353.jpg\" data-link=\"http:\/\/lichri.radeln-in-den-sonnenaufgang.de\/?attachment_id=1841\" class=\"wp-image-1841\" srcset=\"http:\/\/lichri.radeln-in-den-sonnenaufgang.de\/wp-content\/uploads\/2020\/04\/IMG_6353-1024x683.jpg 1024w, http:\/\/lichri.radeln-in-den-sonnenaufgang.de\/wp-content\/uploads\/2020\/04\/IMG_6353-300x200.jpg 300w, http:\/\/lichri.radeln-in-den-sonnenaufgang.de\/wp-content\/uploads\/2020\/04\/IMG_6353-768x512.jpg 768w, http:\/\/lichri.radeln-in-den-sonnenaufgang.de\/wp-content\/uploads\/2020\/04\/IMG_6353-1536x1024.jpg 1536w, http:\/\/lichri.radeln-in-den-sonnenaufgang.de\/wp-content\/uploads\/2020\/04\/IMG_6353.jpg 1800w\" sizes=\"(max-width: 767px) 89vw, (max-width: 1000px) 54vw, (max-width: 1071px) 543px, 580px\" \/><\/figure><\/li><li class=\"blocks-gallery-item\"><figure><img decoding=\"async\" loading=\"lazy\" width=\"1024\" height=\"768\" src=\"http:\/\/lichri.radeln-in-den-sonnenaufgang.de\/wp-content\/uploads\/2020\/04\/DSC_0049.jpg\" alt=\"\" data-id=\"1843\" data-full-url=\"http:\/\/lichri.radeln-in-den-sonnenaufgang.de\/wp-content\/uploads\/2020\/04\/DSC_0049.jpg\" data-link=\"http:\/\/lichri.radeln-in-den-sonnenaufgang.de\/?attachment_id=1843\" class=\"wp-image-1843\" srcset=\"http:\/\/lichri.radeln-in-den-sonnenaufgang.de\/wp-content\/uploads\/2020\/04\/DSC_0049.jpg 1024w, http:\/\/lichri.radeln-in-den-sonnenaufgang.de\/wp-content\/uploads\/2020\/04\/DSC_0049-300x225.jpg 300w, http:\/\/lichri.radeln-in-den-sonnenaufgang.de\/wp-content\/uploads\/2020\/04\/DSC_0049-768x576.jpg 768w\" sizes=\"(max-width: 767px) 89vw, (max-width: 1000px) 54vw, (max-width: 1071px) 543px, 580px\" \/><figcaption class=\"blocks-gallery-item__caption\">Malaysische Polizisten beschenkten uns nach einem kurzen Plausch mit Wasserflaschen<\/figcaption><\/figure><\/li><li class=\"blocks-gallery-item\"><figure><img decoding=\"async\" loading=\"lazy\" width=\"1024\" height=\"768\" src=\"http:\/\/lichri.radeln-in-den-sonnenaufgang.de\/wp-content\/uploads\/2020\/04\/DSC_0052.jpg\" alt=\"\" data-id=\"1844\" data-full-url=\"http:\/\/lichri.radeln-in-den-sonnenaufgang.de\/wp-content\/uploads\/2020\/04\/DSC_0052.jpg\" data-link=\"http:\/\/lichri.radeln-in-den-sonnenaufgang.de\/?attachment_id=1844\" class=\"wp-image-1844\" srcset=\"http:\/\/lichri.radeln-in-den-sonnenaufgang.de\/wp-content\/uploads\/2020\/04\/DSC_0052.jpg 1024w, http:\/\/lichri.radeln-in-den-sonnenaufgang.de\/wp-content\/uploads\/2020\/04\/DSC_0052-300x225.jpg 300w, http:\/\/lichri.radeln-in-den-sonnenaufgang.de\/wp-content\/uploads\/2020\/04\/DSC_0052-768x576.jpg 768w\" sizes=\"(max-width: 767px) 89vw, (max-width: 1000px) 54vw, (max-width: 1071px) 543px, 580px\" \/><figcaption class=\"blocks-gallery-item__caption\">Zwischen den L\u00e4ndern<\/figcaption><\/figure><\/li><\/ul><\/figure>\n\n\n\n<p>An der thail\u00e4ndischen Grenze angekommen, dauerte es viel\nl\u00e4nger, als wir es vom letzten Mal gewohnt waren. Wir mussten Geld,\nHotelbuchungen und ein Ausreiseticket nachweisen. Nat\u00fcrlich hatten wir nichts\nvon dem \u2013 nicht wirklich jedenfalls. Gestresst und genervt, weil wir auf der\nanderen Seite der Grenze noch den in K\u00fcrze abfahrenden Zug nach Bangkok\nerwischen wollten, wurde per Online-Banking-App bewiesen, dass wir Finanzmittel\nhatten, per Facebook-Chat-Verlauf, dass wir ein \u201eHotelzimmer\u201c in Bangkok bei\nParn &amp; Neemo von Granny Bike.Bed hatten und mit dem Rad, dass wir keine\nAusreisetickets brauchten\u2026 <\/p>\n\n\n\n<p>Nach einer Weile gab sich der Beamte mit den Nachweisen\nzufrieden, die wir ihm geben konnten und lies uns passieren. In der Grenzstadt\nPadangbesar kamen wir zwar noch rechtzeitig zu dem Zug, den wir nach Bangkok\nnehmen wollten. Am Schalter erfuhren wir dann jedoch, dass eine Fahrradmitnahme\nnicht m\u00f6glich sei. Dazu m\u00fcssten wir bis in die Stadt Hat Yai fahren. Da uns\nnichts besseres einfiel, a\u00dfen wir in Padangbesar zu Abend und fuhren die 50 km\nbis Hat Yai im Dunkeln mit dem Rad, wo wir uns ziemlich m\u00fcde ein Hotelzimmer am\nBusbahnhof suchten. Am n\u00e4chsten Tag fuhren wir mit einem fahrbaren K\u00fchlschrank\naka. Nachtexpress bis Bangkok durch. Es war eine interessante Fahrt. Zum einen,\nweil ich ca. zwei Stunden ohne Probleme mit Sophia \u00fcber das Internet\ntelefonieren konnte (wohlgemerkt: ich war mit dem Zug unterwegs!) und zum\nanderen, weil wir am Bahnhof einen deutschen Radreisenden aus Freiburg\ngetroffen hatten, der uns im Zug mit allerlei Tipps und Reiseanekdoten bis sp\u00e4t\nin die Nacht unterhielt. <\/p>\n\n\n\n<figure class=\"is-layout-flex wp-block-gallery-11 wp-block-gallery columns-2 is-cropped\"><ul class=\"blocks-gallery-grid\"><li class=\"blocks-gallery-item\"><figure><img decoding=\"async\" loading=\"lazy\" width=\"768\" height=\"1024\" src=\"http:\/\/lichri.radeln-in-den-sonnenaufgang.de\/wp-content\/uploads\/2020\/04\/DSC_0057-768x1024.jpg\" alt=\"\" data-id=\"1846\" data-full-url=\"http:\/\/lichri.radeln-in-den-sonnenaufgang.de\/wp-content\/uploads\/2020\/04\/DSC_0057-rotated.jpg\" data-link=\"http:\/\/lichri.radeln-in-den-sonnenaufgang.de\/?attachment_id=1846\" class=\"wp-image-1846\" srcset=\"http:\/\/lichri.radeln-in-den-sonnenaufgang.de\/wp-content\/uploads\/2020\/04\/DSC_0057-768x1024.jpg 768w, http:\/\/lichri.radeln-in-den-sonnenaufgang.de\/wp-content\/uploads\/2020\/04\/DSC_0057-225x300.jpg 225w, http:\/\/lichri.radeln-in-den-sonnenaufgang.de\/wp-content\/uploads\/2020\/04\/DSC_0057-1152x1536.jpg 1152w, http:\/\/lichri.radeln-in-den-sonnenaufgang.de\/wp-content\/uploads\/2020\/04\/DSC_0057-rotated.jpg 1200w\" sizes=\"(max-width: 767px) 89vw, (max-width: 1000px) 54vw, (max-width: 1071px) 543px, 580px\" \/><\/figure><\/li><li class=\"blocks-gallery-item\"><figure><img decoding=\"async\" loading=\"lazy\" width=\"1024\" height=\"768\" src=\"http:\/\/lichri.radeln-in-den-sonnenaufgang.de\/wp-content\/uploads\/2020\/04\/DSC_0060-1024x768.jpg\" alt=\"\" data-id=\"1848\" data-full-url=\"http:\/\/lichri.radeln-in-den-sonnenaufgang.de\/wp-content\/uploads\/2020\/04\/DSC_0060.jpg\" data-link=\"http:\/\/lichri.radeln-in-den-sonnenaufgang.de\/?attachment_id=1848\" class=\"wp-image-1848\" srcset=\"http:\/\/lichri.radeln-in-den-sonnenaufgang.de\/wp-content\/uploads\/2020\/04\/DSC_0060-1024x768.jpg 1024w, http:\/\/lichri.radeln-in-den-sonnenaufgang.de\/wp-content\/uploads\/2020\/04\/DSC_0060-300x225.jpg 300w, http:\/\/lichri.radeln-in-den-sonnenaufgang.de\/wp-content\/uploads\/2020\/04\/DSC_0060-768x576.jpg 768w, http:\/\/lichri.radeln-in-den-sonnenaufgang.de\/wp-content\/uploads\/2020\/04\/DSC_0060-1536x1152.jpg 1536w, http:\/\/lichri.radeln-in-den-sonnenaufgang.de\/wp-content\/uploads\/2020\/04\/DSC_0060.jpg 1600w\" sizes=\"(max-width: 767px) 89vw, (max-width: 1000px) 54vw, (max-width: 1071px) 543px, 580px\" \/><\/figure><\/li><li class=\"blocks-gallery-item\"><figure><img decoding=\"async\" loading=\"lazy\" width=\"1024\" height=\"768\" src=\"http:\/\/lichri.radeln-in-den-sonnenaufgang.de\/wp-content\/uploads\/2020\/04\/DSC_0058-1024x768.jpg\" alt=\"\" data-id=\"1847\" data-full-url=\"http:\/\/lichri.radeln-in-den-sonnenaufgang.de\/wp-content\/uploads\/2020\/04\/DSC_0058.jpg\" data-link=\"http:\/\/lichri.radeln-in-den-sonnenaufgang.de\/?attachment_id=1847\" class=\"wp-image-1847\" srcset=\"http:\/\/lichri.radeln-in-den-sonnenaufgang.de\/wp-content\/uploads\/2020\/04\/DSC_0058-1024x768.jpg 1024w, http:\/\/lichri.radeln-in-den-sonnenaufgang.de\/wp-content\/uploads\/2020\/04\/DSC_0058-300x225.jpg 300w, http:\/\/lichri.radeln-in-den-sonnenaufgang.de\/wp-content\/uploads\/2020\/04\/DSC_0058-768x576.jpg 768w, http:\/\/lichri.radeln-in-den-sonnenaufgang.de\/wp-content\/uploads\/2020\/04\/DSC_0058-1536x1152.jpg 1536w, http:\/\/lichri.radeln-in-den-sonnenaufgang.de\/wp-content\/uploads\/2020\/04\/DSC_0058.jpg 1600w\" sizes=\"(max-width: 767px) 89vw, (max-width: 1000px) 54vw, (max-width: 1071px) 543px, 580px\" \/><\/figure><\/li><li class=\"blocks-gallery-item\"><figure><img decoding=\"async\" loading=\"lazy\" width=\"683\" height=\"1024\" src=\"http:\/\/lichri.radeln-in-den-sonnenaufgang.de\/wp-content\/uploads\/2020\/04\/IMG_6355-683x1024.jpg\" alt=\"\" data-id=\"1849\" data-full-url=\"http:\/\/lichri.radeln-in-den-sonnenaufgang.de\/wp-content\/uploads\/2020\/04\/IMG_6355-rotated.jpg\" data-link=\"http:\/\/lichri.radeln-in-den-sonnenaufgang.de\/?attachment_id=1849\" class=\"wp-image-1849\" srcset=\"http:\/\/lichri.radeln-in-den-sonnenaufgang.de\/wp-content\/uploads\/2020\/04\/IMG_6355-683x1024.jpg 683w, http:\/\/lichri.radeln-in-den-sonnenaufgang.de\/wp-content\/uploads\/2020\/04\/IMG_6355-200x300.jpg 200w, http:\/\/lichri.radeln-in-den-sonnenaufgang.de\/wp-content\/uploads\/2020\/04\/IMG_6355-rotated.jpg 768w\" sizes=\"(max-width: 683px) 100vw, 683px\" \/><\/figure><\/li><\/ul><\/figure>\n\n\n\n<p>Und dann waren wir wieder in Bangkok. Ich glaub wir haben es\nim letzten Blogeintrag schon erw\u00e4hnt: es ist sch\u00f6n, bekannte Orte noch einmal\nzu besuchen. Das f\u00fchlte sich etwas an wie nach Hause kommen, weil es schon\nvertraut ist. Wir suchten den Weg direkt zu Granny Bike.Bed, ein kleines Hostel\nf\u00fcr Radreisende, bei denen wir das letzte Mal sowohl einige warme Klamotten sowie\nunsere Schlafs\u00e4cke gelassen hatten. Die Zeit in Bangkok nutzen wir, um unsere\nTo-Do Liste abzuarbeiten: Visum beantragen, W\u00e4sche waschen, Taschen\naussortieren, Fahrrad reparieren und einem kleinen bisschen Sightseeing. Nebenbei\nkauften wir jede Menge Fahrradzubeh\u00f6r bei einem Radh\u00e4ndler \u2013 vor allem\nFlaschenhalter. Wir hatten schlie\u00dflich vor noch laaange und durch trockene Regionen\nweiterzuradeln.<\/p>\n\n\n\n<figure class=\"is-layout-flex wp-block-gallery-13 wp-block-gallery columns-2 is-cropped\"><ul class=\"blocks-gallery-grid\"><li class=\"blocks-gallery-item\"><figure><img decoding=\"async\" loading=\"lazy\" width=\"576\" height=\"1024\" src=\"http:\/\/lichri.radeln-in-den-sonnenaufgang.de\/wp-content\/uploads\/2020\/04\/DSC_0086-576x1024.jpg\" alt=\"\" data-id=\"1803\" data-full-url=\"http:\/\/lichri.radeln-in-den-sonnenaufgang.de\/wp-content\/uploads\/2020\/04\/DSC_0086-rotated.jpg\" data-link=\"http:\/\/lichri.radeln-in-den-sonnenaufgang.de\/?attachment_id=1803\" class=\"wp-image-1803\" srcset=\"http:\/\/lichri.radeln-in-den-sonnenaufgang.de\/wp-content\/uploads\/2020\/04\/DSC_0086-576x1024.jpg 576w, http:\/\/lichri.radeln-in-den-sonnenaufgang.de\/wp-content\/uploads\/2020\/04\/DSC_0086-169x300.jpg 169w, http:\/\/lichri.radeln-in-den-sonnenaufgang.de\/wp-content\/uploads\/2020\/04\/DSC_0086-rotated.jpg 768w\" sizes=\"(max-width: 576px) 100vw, 576px\" \/><\/figure><\/li><li class=\"blocks-gallery-item\"><figure><img decoding=\"async\" loading=\"lazy\" width=\"683\" height=\"1024\" src=\"http:\/\/lichri.radeln-in-den-sonnenaufgang.de\/wp-content\/uploads\/2020\/04\/IMG_6471-683x1024.jpg\" alt=\"\" data-id=\"1802\" data-full-url=\"http:\/\/lichri.radeln-in-den-sonnenaufgang.de\/wp-content\/uploads\/2020\/04\/IMG_6471-rotated.jpg\" data-link=\"http:\/\/lichri.radeln-in-den-sonnenaufgang.de\/?attachment_id=1802\" class=\"wp-image-1802\" srcset=\"http:\/\/lichri.radeln-in-den-sonnenaufgang.de\/wp-content\/uploads\/2020\/04\/IMG_6471-683x1024.jpg 683w, http:\/\/lichri.radeln-in-den-sonnenaufgang.de\/wp-content\/uploads\/2020\/04\/IMG_6471-200x300.jpg 200w, http:\/\/lichri.radeln-in-den-sonnenaufgang.de\/wp-content\/uploads\/2020\/04\/IMG_6471-rotated.jpg 768w\" sizes=\"(max-width: 683px) 100vw, 683px\" \/><\/figure><\/li><li class=\"blocks-gallery-item\"><figure><img decoding=\"async\" loading=\"lazy\" width=\"768\" height=\"1024\" src=\"http:\/\/lichri.radeln-in-den-sonnenaufgang.de\/wp-content\/uploads\/2020\/04\/DSC_0065-768x1024.jpg\" alt=\"\" data-id=\"1851\" data-full-url=\"http:\/\/lichri.radeln-in-den-sonnenaufgang.de\/wp-content\/uploads\/2020\/04\/DSC_0065-rotated.jpg\" data-link=\"http:\/\/lichri.radeln-in-den-sonnenaufgang.de\/?attachment_id=1851\" class=\"wp-image-1851\" srcset=\"http:\/\/lichri.radeln-in-den-sonnenaufgang.de\/wp-content\/uploads\/2020\/04\/DSC_0065-768x1024.jpg 768w, http:\/\/lichri.radeln-in-den-sonnenaufgang.de\/wp-content\/uploads\/2020\/04\/DSC_0065-225x300.jpg 225w, http:\/\/lichri.radeln-in-den-sonnenaufgang.de\/wp-content\/uploads\/2020\/04\/DSC_0065-1152x1536.jpg 1152w, http:\/\/lichri.radeln-in-den-sonnenaufgang.de\/wp-content\/uploads\/2020\/04\/DSC_0065-rotated.jpg 1200w\" sizes=\"(max-width: 767px) 89vw, (max-width: 1000px) 54vw, (max-width: 1071px) 543px, 580px\" \/><\/figure><\/li><li class=\"blocks-gallery-item\"><figure><img decoding=\"async\" loading=\"lazy\" width=\"768\" height=\"1024\" src=\"http:\/\/lichri.radeln-in-den-sonnenaufgang.de\/wp-content\/uploads\/2020\/04\/DSC_0064-768x1024.jpg\" alt=\"\" data-id=\"1850\" data-full-url=\"http:\/\/lichri.radeln-in-den-sonnenaufgang.de\/wp-content\/uploads\/2020\/04\/DSC_0064-rotated.jpg\" data-link=\"http:\/\/lichri.radeln-in-den-sonnenaufgang.de\/?attachment_id=1850\" class=\"wp-image-1850\" srcset=\"http:\/\/lichri.radeln-in-den-sonnenaufgang.de\/wp-content\/uploads\/2020\/04\/DSC_0064-768x1024.jpg 768w, http:\/\/lichri.radeln-in-den-sonnenaufgang.de\/wp-content\/uploads\/2020\/04\/DSC_0064-225x300.jpg 225w, http:\/\/lichri.radeln-in-den-sonnenaufgang.de\/wp-content\/uploads\/2020\/04\/DSC_0064-1152x1536.jpg 1152w, http:\/\/lichri.radeln-in-den-sonnenaufgang.de\/wp-content\/uploads\/2020\/04\/DSC_0064-rotated.jpg 1200w\" sizes=\"(max-width: 767px) 89vw, (max-width: 1000px) 54vw, (max-width: 1071px) 543px, 580px\" \/><\/figure><\/li><li class=\"blocks-gallery-item\"><figure><img decoding=\"async\" loading=\"lazy\" width=\"1024\" height=\"576\" src=\"http:\/\/lichri.radeln-in-den-sonnenaufgang.de\/wp-content\/uploads\/2020\/04\/DSC_0067-1024x576.jpg\" alt=\"\" data-id=\"1852\" data-full-url=\"http:\/\/lichri.radeln-in-den-sonnenaufgang.de\/wp-content\/uploads\/2020\/04\/DSC_0067.jpg\" data-link=\"http:\/\/lichri.radeln-in-den-sonnenaufgang.de\/?attachment_id=1852\" class=\"wp-image-1852\" srcset=\"http:\/\/lichri.radeln-in-den-sonnenaufgang.de\/wp-content\/uploads\/2020\/04\/DSC_0067-1024x576.jpg 1024w, http:\/\/lichri.radeln-in-den-sonnenaufgang.de\/wp-content\/uploads\/2020\/04\/DSC_0067-300x169.jpg 300w, http:\/\/lichri.radeln-in-den-sonnenaufgang.de\/wp-content\/uploads\/2020\/04\/DSC_0067-768x432.jpg 768w, http:\/\/lichri.radeln-in-den-sonnenaufgang.de\/wp-content\/uploads\/2020\/04\/DSC_0067-1536x864.jpg 1536w, http:\/\/lichri.radeln-in-den-sonnenaufgang.de\/wp-content\/uploads\/2020\/04\/DSC_0067-2048x1152.jpg 2048w\" sizes=\"(max-width: 767px) 89vw, (max-width: 1000px) 54vw, (max-width: 1071px) 543px, 580px\" \/><\/figure><\/li><li class=\"blocks-gallery-item\"><figure><img decoding=\"async\" loading=\"lazy\" width=\"1024\" height=\"683\" src=\"http:\/\/lichri.radeln-in-den-sonnenaufgang.de\/wp-content\/uploads\/2020\/04\/IMG_6481-1024x683.jpg\" alt=\"\" data-id=\"1804\" data-full-url=\"http:\/\/lichri.radeln-in-den-sonnenaufgang.de\/wp-content\/uploads\/2020\/04\/IMG_6481.jpg\" data-link=\"http:\/\/lichri.radeln-in-den-sonnenaufgang.de\/?attachment_id=1804\" class=\"wp-image-1804\" srcset=\"http:\/\/lichri.radeln-in-den-sonnenaufgang.de\/wp-content\/uploads\/2020\/04\/IMG_6481-1024x683.jpg 1024w, http:\/\/lichri.radeln-in-den-sonnenaufgang.de\/wp-content\/uploads\/2020\/04\/IMG_6481-300x200.jpg 300w, http:\/\/lichri.radeln-in-den-sonnenaufgang.de\/wp-content\/uploads\/2020\/04\/IMG_6481-768x512.jpg 768w, http:\/\/lichri.radeln-in-den-sonnenaufgang.de\/wp-content\/uploads\/2020\/04\/IMG_6481.jpg 1152w\" sizes=\"(max-width: 767px) 89vw, (max-width: 1000px) 54vw, (max-width: 1071px) 543px, 580px\" \/><\/figure><\/li><li class=\"blocks-gallery-item\"><figure><img decoding=\"async\" loading=\"lazy\" width=\"1024\" height=\"683\" src=\"http:\/\/lichri.radeln-in-den-sonnenaufgang.de\/wp-content\/uploads\/2020\/04\/IMG_6369-1024x683.jpg\" alt=\"\" data-id=\"1856\" data-full-url=\"http:\/\/lichri.radeln-in-den-sonnenaufgang.de\/wp-content\/uploads\/2020\/04\/IMG_6369.jpg\" data-link=\"http:\/\/lichri.radeln-in-den-sonnenaufgang.de\/?attachment_id=1856\" class=\"wp-image-1856\" srcset=\"http:\/\/lichri.radeln-in-den-sonnenaufgang.de\/wp-content\/uploads\/2020\/04\/IMG_6369-1024x683.jpg 1024w, http:\/\/lichri.radeln-in-den-sonnenaufgang.de\/wp-content\/uploads\/2020\/04\/IMG_6369-300x200.jpg 300w, http:\/\/lichri.radeln-in-den-sonnenaufgang.de\/wp-content\/uploads\/2020\/04\/IMG_6369-768x512.jpg 768w, http:\/\/lichri.radeln-in-den-sonnenaufgang.de\/wp-content\/uploads\/2020\/04\/IMG_6369.jpg 1152w\" sizes=\"(max-width: 767px) 89vw, (max-width: 1000px) 54vw, (max-width: 1071px) 543px, 580px\" \/><\/figure><\/li><li class=\"blocks-gallery-item\"><figure><img decoding=\"async\" loading=\"lazy\" width=\"1024\" height=\"683\" src=\"http:\/\/lichri.radeln-in-den-sonnenaufgang.de\/wp-content\/uploads\/2020\/04\/IMG_6377-1024x683.jpg\" alt=\"\" data-id=\"1858\" data-full-url=\"http:\/\/lichri.radeln-in-den-sonnenaufgang.de\/wp-content\/uploads\/2020\/04\/IMG_6377.jpg\" data-link=\"http:\/\/lichri.radeln-in-den-sonnenaufgang.de\/?attachment_id=1858\" class=\"wp-image-1858\" srcset=\"http:\/\/lichri.radeln-in-den-sonnenaufgang.de\/wp-content\/uploads\/2020\/04\/IMG_6377-1024x683.jpg 1024w, http:\/\/lichri.radeln-in-den-sonnenaufgang.de\/wp-content\/uploads\/2020\/04\/IMG_6377-300x200.jpg 300w, http:\/\/lichri.radeln-in-den-sonnenaufgang.de\/wp-content\/uploads\/2020\/04\/IMG_6377-768x512.jpg 768w, http:\/\/lichri.radeln-in-den-sonnenaufgang.de\/wp-content\/uploads\/2020\/04\/IMG_6377.jpg 1152w\" sizes=\"(max-width: 767px) 89vw, (max-width: 1000px) 54vw, (max-width: 1071px) 543px, 580px\" \/><\/figure><\/li><li class=\"blocks-gallery-item\"><figure><img decoding=\"async\" loading=\"lazy\" width=\"1024\" height=\"683\" src=\"http:\/\/lichri.radeln-in-den-sonnenaufgang.de\/wp-content\/uploads\/2020\/04\/IMG_6425-1024x683.jpg\" alt=\"\" data-id=\"1867\" data-full-url=\"http:\/\/lichri.radeln-in-den-sonnenaufgang.de\/wp-content\/uploads\/2020\/04\/IMG_6425.jpg\" data-link=\"http:\/\/lichri.radeln-in-den-sonnenaufgang.de\/?attachment_id=1867\" class=\"wp-image-1867\" srcset=\"http:\/\/lichri.radeln-in-den-sonnenaufgang.de\/wp-content\/uploads\/2020\/04\/IMG_6425-1024x683.jpg 1024w, http:\/\/lichri.radeln-in-den-sonnenaufgang.de\/wp-content\/uploads\/2020\/04\/IMG_6425-300x200.jpg 300w, http:\/\/lichri.radeln-in-den-sonnenaufgang.de\/wp-content\/uploads\/2020\/04\/IMG_6425-768x512.jpg 768w, http:\/\/lichri.radeln-in-den-sonnenaufgang.de\/wp-content\/uploads\/2020\/04\/IMG_6425.jpg 1152w\" sizes=\"(max-width: 767px) 89vw, (max-width: 1000px) 54vw, (max-width: 1071px) 543px, 580px\" \/><\/figure><\/li><li class=\"blocks-gallery-item\"><figure><img decoding=\"async\" loading=\"lazy\" width=\"1024\" height=\"683\" src=\"http:\/\/lichri.radeln-in-den-sonnenaufgang.de\/wp-content\/uploads\/2020\/04\/IMG_6387-1024x683.jpg\" alt=\"\" data-id=\"1860\" data-full-url=\"http:\/\/lichri.radeln-in-den-sonnenaufgang.de\/wp-content\/uploads\/2020\/04\/IMG_6387.jpg\" data-link=\"http:\/\/lichri.radeln-in-den-sonnenaufgang.de\/?attachment_id=1860\" class=\"wp-image-1860\" srcset=\"http:\/\/lichri.radeln-in-den-sonnenaufgang.de\/wp-content\/uploads\/2020\/04\/IMG_6387-1024x683.jpg 1024w, http:\/\/lichri.radeln-in-den-sonnenaufgang.de\/wp-content\/uploads\/2020\/04\/IMG_6387-300x200.jpg 300w, http:\/\/lichri.radeln-in-den-sonnenaufgang.de\/wp-content\/uploads\/2020\/04\/IMG_6387-768x512.jpg 768w, http:\/\/lichri.radeln-in-den-sonnenaufgang.de\/wp-content\/uploads\/2020\/04\/IMG_6387.jpg 1152w\" sizes=\"(max-width: 767px) 89vw, (max-width: 1000px) 54vw, (max-width: 1071px) 543px, 580px\" \/><\/figure><\/li><li class=\"blocks-gallery-item\"><figure><img decoding=\"async\" loading=\"lazy\" width=\"1024\" height=\"683\" src=\"http:\/\/lichri.radeln-in-den-sonnenaufgang.de\/wp-content\/uploads\/2020\/04\/IMG_6421-1024x683.jpg\" alt=\"\" data-id=\"1866\" data-full-url=\"http:\/\/lichri.radeln-in-den-sonnenaufgang.de\/wp-content\/uploads\/2020\/04\/IMG_6421.jpg\" data-link=\"http:\/\/lichri.radeln-in-den-sonnenaufgang.de\/?attachment_id=1866\" class=\"wp-image-1866\" srcset=\"http:\/\/lichri.radeln-in-den-sonnenaufgang.de\/wp-content\/uploads\/2020\/04\/IMG_6421-1024x683.jpg 1024w, http:\/\/lichri.radeln-in-den-sonnenaufgang.de\/wp-content\/uploads\/2020\/04\/IMG_6421-300x200.jpg 300w, http:\/\/lichri.radeln-in-den-sonnenaufgang.de\/wp-content\/uploads\/2020\/04\/IMG_6421-768x512.jpg 768w, http:\/\/lichri.radeln-in-den-sonnenaufgang.de\/wp-content\/uploads\/2020\/04\/IMG_6421.jpg 1152w\" sizes=\"(max-width: 767px) 89vw, (max-width: 1000px) 54vw, (max-width: 1071px) 543px, 580px\" \/><\/figure><\/li><li class=\"blocks-gallery-item\"><figure><img decoding=\"async\" loading=\"lazy\" width=\"1024\" height=\"683\" src=\"http:\/\/lichri.radeln-in-den-sonnenaufgang.de\/wp-content\/uploads\/2020\/04\/IMG_6411-1024x683.jpg\" alt=\"\" data-id=\"1864\" data-full-url=\"http:\/\/lichri.radeln-in-den-sonnenaufgang.de\/wp-content\/uploads\/2020\/04\/IMG_6411.jpg\" data-link=\"http:\/\/lichri.radeln-in-den-sonnenaufgang.de\/?attachment_id=1864\" class=\"wp-image-1864\" srcset=\"http:\/\/lichri.radeln-in-den-sonnenaufgang.de\/wp-content\/uploads\/2020\/04\/IMG_6411-1024x683.jpg 1024w, http:\/\/lichri.radeln-in-den-sonnenaufgang.de\/wp-content\/uploads\/2020\/04\/IMG_6411-300x200.jpg 300w, http:\/\/lichri.radeln-in-den-sonnenaufgang.de\/wp-content\/uploads\/2020\/04\/IMG_6411-768x512.jpg 768w, http:\/\/lichri.radeln-in-den-sonnenaufgang.de\/wp-content\/uploads\/2020\/04\/IMG_6411.jpg 1152w\" sizes=\"(max-width: 767px) 89vw, (max-width: 1000px) 54vw, (max-width: 1071px) 543px, 580px\" \/><\/figure><\/li><li class=\"blocks-gallery-item\"><figure><img decoding=\"async\" loading=\"lazy\" width=\"1024\" height=\"683\" src=\"http:\/\/lichri.radeln-in-den-sonnenaufgang.de\/wp-content\/uploads\/2020\/04\/IMG_6432-1024x683.jpg\" alt=\"\" data-id=\"1868\" data-full-url=\"http:\/\/lichri.radeln-in-den-sonnenaufgang.de\/wp-content\/uploads\/2020\/04\/IMG_6432.jpg\" data-link=\"http:\/\/lichri.radeln-in-den-sonnenaufgang.de\/?attachment_id=1868\" class=\"wp-image-1868\" srcset=\"http:\/\/lichri.radeln-in-den-sonnenaufgang.de\/wp-content\/uploads\/2020\/04\/IMG_6432-1024x683.jpg 1024w, http:\/\/lichri.radeln-in-den-sonnenaufgang.de\/wp-content\/uploads\/2020\/04\/IMG_6432-300x200.jpg 300w, http:\/\/lichri.radeln-in-den-sonnenaufgang.de\/wp-content\/uploads\/2020\/04\/IMG_6432-768x512.jpg 768w, http:\/\/lichri.radeln-in-den-sonnenaufgang.de\/wp-content\/uploads\/2020\/04\/IMG_6432.jpg 1152w\" sizes=\"(max-width: 767px) 89vw, (max-width: 1000px) 54vw, (max-width: 1071px) 543px, 580px\" \/><\/figure><\/li><li class=\"blocks-gallery-item\"><figure><img decoding=\"async\" loading=\"lazy\" width=\"1024\" height=\"683\" src=\"http:\/\/lichri.radeln-in-den-sonnenaufgang.de\/wp-content\/uploads\/2020\/04\/IMG_6449-1024x683.jpg\" alt=\"\" data-id=\"1871\" data-full-url=\"http:\/\/lichri.radeln-in-den-sonnenaufgang.de\/wp-content\/uploads\/2020\/04\/IMG_6449.jpg\" data-link=\"http:\/\/lichri.radeln-in-den-sonnenaufgang.de\/?attachment_id=1871\" class=\"wp-image-1871\" srcset=\"http:\/\/lichri.radeln-in-den-sonnenaufgang.de\/wp-content\/uploads\/2020\/04\/IMG_6449-1024x683.jpg 1024w, http:\/\/lichri.radeln-in-den-sonnenaufgang.de\/wp-content\/uploads\/2020\/04\/IMG_6449-300x200.jpg 300w, http:\/\/lichri.radeln-in-den-sonnenaufgang.de\/wp-content\/uploads\/2020\/04\/IMG_6449-768x512.jpg 768w, http:\/\/lichri.radeln-in-den-sonnenaufgang.de\/wp-content\/uploads\/2020\/04\/IMG_6449.jpg 1152w\" sizes=\"(max-width: 767px) 89vw, (max-width: 1000px) 54vw, (max-width: 1071px) 543px, 580px\" \/><\/figure><\/li><li class=\"blocks-gallery-item\"><figure><img decoding=\"async\" loading=\"lazy\" width=\"683\" height=\"1024\" src=\"http:\/\/lichri.radeln-in-den-sonnenaufgang.de\/wp-content\/uploads\/2020\/04\/IMG_6433-683x1024.jpg\" alt=\"\" data-id=\"1869\" data-full-url=\"http:\/\/lichri.radeln-in-den-sonnenaufgang.de\/wp-content\/uploads\/2020\/04\/IMG_6433-rotated.jpg\" data-link=\"http:\/\/lichri.radeln-in-den-sonnenaufgang.de\/?attachment_id=1869\" class=\"wp-image-1869\" srcset=\"http:\/\/lichri.radeln-in-den-sonnenaufgang.de\/wp-content\/uploads\/2020\/04\/IMG_6433-683x1024.jpg 683w, http:\/\/lichri.radeln-in-den-sonnenaufgang.de\/wp-content\/uploads\/2020\/04\/IMG_6433-200x300.jpg 200w, http:\/\/lichri.radeln-in-den-sonnenaufgang.de\/wp-content\/uploads\/2020\/04\/IMG_6433-rotated.jpg 768w\" sizes=\"(max-width: 683px) 100vw, 683px\" \/><\/figure><\/li><li class=\"blocks-gallery-item\"><figure><img decoding=\"async\" loading=\"lazy\" width=\"683\" height=\"1024\" src=\"http:\/\/lichri.radeln-in-den-sonnenaufgang.de\/wp-content\/uploads\/2020\/04\/IMG_6452-683x1024.jpg\" alt=\"\" data-id=\"1872\" data-full-url=\"http:\/\/lichri.radeln-in-den-sonnenaufgang.de\/wp-content\/uploads\/2020\/04\/IMG_6452-rotated.jpg\" data-link=\"http:\/\/lichri.radeln-in-den-sonnenaufgang.de\/?attachment_id=1872\" class=\"wp-image-1872\" srcset=\"http:\/\/lichri.radeln-in-den-sonnenaufgang.de\/wp-content\/uploads\/2020\/04\/IMG_6452-683x1024.jpg 683w, http:\/\/lichri.radeln-in-den-sonnenaufgang.de\/wp-content\/uploads\/2020\/04\/IMG_6452-200x300.jpg 200w, http:\/\/lichri.radeln-in-den-sonnenaufgang.de\/wp-content\/uploads\/2020\/04\/IMG_6452-rotated.jpg 768w\" sizes=\"(max-width: 683px) 100vw, 683px\" \/><\/figure><\/li><li class=\"blocks-gallery-item\"><figure><img decoding=\"async\" loading=\"lazy\" width=\"1024\" height=\"683\" src=\"http:\/\/lichri.radeln-in-den-sonnenaufgang.de\/wp-content\/uploads\/2020\/04\/IMG_6462-1024x683.jpg\" alt=\"\" data-id=\"1873\" data-full-url=\"http:\/\/lichri.radeln-in-den-sonnenaufgang.de\/wp-content\/uploads\/2020\/04\/IMG_6462.jpg\" data-link=\"http:\/\/lichri.radeln-in-den-sonnenaufgang.de\/?attachment_id=1873\" class=\"wp-image-1873\" srcset=\"http:\/\/lichri.radeln-in-den-sonnenaufgang.de\/wp-content\/uploads\/2020\/04\/IMG_6462-1024x683.jpg 1024w, http:\/\/lichri.radeln-in-den-sonnenaufgang.de\/wp-content\/uploads\/2020\/04\/IMG_6462-300x200.jpg 300w, http:\/\/lichri.radeln-in-den-sonnenaufgang.de\/wp-content\/uploads\/2020\/04\/IMG_6462-768x512.jpg 768w, http:\/\/lichri.radeln-in-den-sonnenaufgang.de\/wp-content\/uploads\/2020\/04\/IMG_6462.jpg 1152w\" sizes=\"(max-width: 767px) 89vw, (max-width: 1000px) 54vw, (max-width: 1071px) 543px, 580px\" \/><\/figure><\/li><\/ul><\/figure>\n\n\n\n<p>Nach drei Tagen ging es weiter: mit dem Nachtbus vom wohl gr\u00f6\u00dften Busbahnhof S\u00fcdostasiens an die thail\u00e4ndische Grenze mitMyanmar (Birma). V\u00f6llig verwirrt erwachten wir, geweckt durch die Busbegleiterin: \u201eMAE SOD!\u201c. Der Bus war &#8211; bis auf uns &#8211; vollkommen leer. Schnell packten wir unsere Taschen und st\u00fcrzten hinaus. Die R\u00e4der wurden gerade entladen. W\u00e4hrend wir sie bepackten und der Bus beim Wegfahren fast \u00fcber uns fuhr, beobachtete uns vom Tor des Busterminals aus bereits ein Radfahrer mit vollbepacktem Rad. Wir steuerten den Ausgang an und er kam uns entgegen. Der Thai mit dem Buff, der Sonnenbrille und dem krassen High-End-Rad stellte sich uns als \u201eYun\u201c vor. Er fragte direkt, ob wir gern duschen und fr\u00fchst\u00fccken w\u00fcrden. Er sei ein Warmshowers Gastgeber aus Mae Sod und wir k\u00f6nnten gerne zu ihm kommen. Eigentlich war unser Plan am selben Tag noch \u00fcber die Grenze nach Myanmar zu fahren, aber wir entschieden uns spontan der Einladung zu folgen und mit Yun zu fahren, auch wenn wir zu Beginn noch etwas skeptisch \u00fcber dieses unerwartete Treffen und die Angebote waren. Es stellte sich schnell heraus, dass er einen tollen kleinen Radladen betreibt und sein Rad &#8211; auf Stand-by bepackt \u2013 nur zum Training jeden Morgen umherf\u00e4hrt. Als wir in seinem Shop duschten, nebenan lecker zum Roti-Fr\u00fchst\u00fcck eingeladen wurden und dann seinen Laden erkundeten, bot er uns an, bei ihm zu \u00fcbernachten und noch einen Tag in Mae Sod zu bleiben. Auch dieses Angebot nahmen wir spontan an. Es sei ein anderes Radfahr-P\u00e4rchen in Mae Sod und wolle morgen nach Myanmar. Mit denen k\u00f6nnten wir doch einfach gemeinsam fahren, schlug Yun vor. So lernten wir kurze Zeit sp\u00e4ter die beiden Schweizer Jolien und Mirko kennen. Die beiden waren seit zwei Monaten unterwegs und sind von Singapur durch Malaysia nach Thailand gefahren und waren nun ebenfalls auf dem Weg nach Myanmar. Ihr Ziel: mit dem Rad zur\u00fcck in die Schweiz. Daf\u00fcr hatten sie sich ein Jahr frei genommen und die Reise im Voraus gut geplant. Gemeinsam putzten wir bei Yun unsere Fahrr\u00e4der, bzw. putzte eher Yun sie f\u00fcr uns \u2013 sehr fachm\u00e4nnisch. Unsere R\u00e4der waren schon lange nicht mehr so sauber, sie sollten es leider aber auch nicht lange bleiben. Aber f\u00fcr diesen kurzen Moment war es sehr befriedigend. <\/p>\n\n\n\n<figure class=\"is-layout-flex wp-block-gallery-15 wp-block-gallery columns-2 is-cropped\"><ul class=\"blocks-gallery-grid\"><li class=\"blocks-gallery-item\"><figure><img decoding=\"async\" loading=\"lazy\" width=\"1024\" height=\"576\" src=\"http:\/\/lichri.radeln-in-den-sonnenaufgang.de\/wp-content\/uploads\/2020\/04\/DSC_0103-1024x576.jpg\" alt=\"\" data-id=\"1876\" data-full-url=\"http:\/\/lichri.radeln-in-den-sonnenaufgang.de\/wp-content\/uploads\/2020\/04\/DSC_0103.jpg\" data-link=\"http:\/\/lichri.radeln-in-den-sonnenaufgang.de\/?attachment_id=1876\" class=\"wp-image-1876\" srcset=\"http:\/\/lichri.radeln-in-den-sonnenaufgang.de\/wp-content\/uploads\/2020\/04\/DSC_0103-1024x576.jpg 1024w, http:\/\/lichri.radeln-in-den-sonnenaufgang.de\/wp-content\/uploads\/2020\/04\/DSC_0103-300x169.jpg 300w, http:\/\/lichri.radeln-in-den-sonnenaufgang.de\/wp-content\/uploads\/2020\/04\/DSC_0103-768x432.jpg 768w, http:\/\/lichri.radeln-in-den-sonnenaufgang.de\/wp-content\/uploads\/2020\/04\/DSC_0103-1536x864.jpg 1536w, http:\/\/lichri.radeln-in-den-sonnenaufgang.de\/wp-content\/uploads\/2020\/04\/DSC_0103-2048x1152.jpg 2048w\" sizes=\"(max-width: 767px) 89vw, (max-width: 1000px) 54vw, (max-width: 1071px) 543px, 580px\" \/><\/figure><\/li><li class=\"blocks-gallery-item\"><figure><img decoding=\"async\" loading=\"lazy\" width=\"1024\" height=\"683\" src=\"http:\/\/lichri.radeln-in-den-sonnenaufgang.de\/wp-content\/uploads\/2020\/04\/IMG_6507-1024x683.jpg\" alt=\"\" data-id=\"1880\" data-full-url=\"http:\/\/lichri.radeln-in-den-sonnenaufgang.de\/wp-content\/uploads\/2020\/04\/IMG_6507.jpg\" data-link=\"http:\/\/lichri.radeln-in-den-sonnenaufgang.de\/?attachment_id=1880\" class=\"wp-image-1880\" srcset=\"http:\/\/lichri.radeln-in-den-sonnenaufgang.de\/wp-content\/uploads\/2020\/04\/IMG_6507-1024x683.jpg 1024w, http:\/\/lichri.radeln-in-den-sonnenaufgang.de\/wp-content\/uploads\/2020\/04\/IMG_6507-300x200.jpg 300w, http:\/\/lichri.radeln-in-den-sonnenaufgang.de\/wp-content\/uploads\/2020\/04\/IMG_6507-768x512.jpg 768w, http:\/\/lichri.radeln-in-den-sonnenaufgang.de\/wp-content\/uploads\/2020\/04\/IMG_6507.jpg 1152w\" sizes=\"(max-width: 767px) 89vw, (max-width: 1000px) 54vw, (max-width: 1071px) 543px, 580px\" \/><\/figure><\/li><li class=\"blocks-gallery-item\"><figure><img decoding=\"async\" loading=\"lazy\" width=\"576\" height=\"1024\" src=\"http:\/\/lichri.radeln-in-den-sonnenaufgang.de\/wp-content\/uploads\/2020\/04\/DSC_0149-576x1024.jpg\" alt=\"\" data-id=\"1889\" data-full-url=\"http:\/\/lichri.radeln-in-den-sonnenaufgang.de\/wp-content\/uploads\/2020\/04\/DSC_0149-rotated.jpg\" data-link=\"http:\/\/lichri.radeln-in-den-sonnenaufgang.de\/?attachment_id=1889\" class=\"wp-image-1889\" srcset=\"http:\/\/lichri.radeln-in-den-sonnenaufgang.de\/wp-content\/uploads\/2020\/04\/DSC_0149-576x1024.jpg 576w, http:\/\/lichri.radeln-in-den-sonnenaufgang.de\/wp-content\/uploads\/2020\/04\/DSC_0149-169x300.jpg 169w, http:\/\/lichri.radeln-in-den-sonnenaufgang.de\/wp-content\/uploads\/2020\/04\/DSC_0149-rotated.jpg 768w\" sizes=\"(max-width: 576px) 100vw, 576px\" \/><\/figure><\/li><li class=\"blocks-gallery-item\"><figure><img decoding=\"async\" loading=\"lazy\" width=\"768\" height=\"1024\" src=\"http:\/\/lichri.radeln-in-den-sonnenaufgang.de\/wp-content\/uploads\/2020\/04\/DSC_0120-768x1024.jpg\" alt=\"\" data-id=\"1888\" data-full-url=\"http:\/\/lichri.radeln-in-den-sonnenaufgang.de\/wp-content\/uploads\/2020\/04\/DSC_0120-rotated.jpg\" data-link=\"http:\/\/lichri.radeln-in-den-sonnenaufgang.de\/?attachment_id=1888\" class=\"wp-image-1888\" srcset=\"http:\/\/lichri.radeln-in-den-sonnenaufgang.de\/wp-content\/uploads\/2020\/04\/DSC_0120-768x1024.jpg 768w, http:\/\/lichri.radeln-in-den-sonnenaufgang.de\/wp-content\/uploads\/2020\/04\/DSC_0120-225x300.jpg 225w, http:\/\/lichri.radeln-in-den-sonnenaufgang.de\/wp-content\/uploads\/2020\/04\/DSC_0120-1152x1536.jpg 1152w, http:\/\/lichri.radeln-in-den-sonnenaufgang.de\/wp-content\/uploads\/2020\/04\/DSC_0120-rotated.jpg 1200w\" sizes=\"(max-width: 767px) 89vw, (max-width: 1000px) 54vw, (max-width: 1071px) 543px, 580px\" \/><\/figure><\/li><li class=\"blocks-gallery-item\"><figure><img decoding=\"async\" loading=\"lazy\" width=\"1024\" height=\"576\" src=\"http:\/\/lichri.radeln-in-den-sonnenaufgang.de\/wp-content\/uploads\/2020\/04\/DSC_0152-1024x576.jpg\" alt=\"\" data-id=\"1890\" data-full-url=\"http:\/\/lichri.radeln-in-den-sonnenaufgang.de\/wp-content\/uploads\/2020\/04\/DSC_0152.jpg\" data-link=\"http:\/\/lichri.radeln-in-den-sonnenaufgang.de\/?attachment_id=1890\" class=\"wp-image-1890\" srcset=\"http:\/\/lichri.radeln-in-den-sonnenaufgang.de\/wp-content\/uploads\/2020\/04\/DSC_0152-1024x576.jpg 1024w, http:\/\/lichri.radeln-in-den-sonnenaufgang.de\/wp-content\/uploads\/2020\/04\/DSC_0152-300x169.jpg 300w, http:\/\/lichri.radeln-in-den-sonnenaufgang.de\/wp-content\/uploads\/2020\/04\/DSC_0152-768x432.jpg 768w, http:\/\/lichri.radeln-in-den-sonnenaufgang.de\/wp-content\/uploads\/2020\/04\/DSC_0152.jpg 1365w\" sizes=\"(max-width: 767px) 89vw, (max-width: 1000px) 54vw, (max-width: 1071px) 543px, 580px\" \/><\/figure><\/li><li class=\"blocks-gallery-item\"><figure><img decoding=\"async\" loading=\"lazy\" width=\"1024\" height=\"576\" src=\"http:\/\/lichri.radeln-in-den-sonnenaufgang.de\/wp-content\/uploads\/2020\/04\/DSC_0161-1024x576.jpg\" alt=\"\" data-id=\"1891\" data-full-url=\"http:\/\/lichri.radeln-in-den-sonnenaufgang.de\/wp-content\/uploads\/2020\/04\/DSC_0161.jpg\" data-link=\"http:\/\/lichri.radeln-in-den-sonnenaufgang.de\/?attachment_id=1891\" class=\"wp-image-1891\" srcset=\"http:\/\/lichri.radeln-in-den-sonnenaufgang.de\/wp-content\/uploads\/2020\/04\/DSC_0161-1024x576.jpg 1024w, http:\/\/lichri.radeln-in-den-sonnenaufgang.de\/wp-content\/uploads\/2020\/04\/DSC_0161-300x169.jpg 300w, http:\/\/lichri.radeln-in-den-sonnenaufgang.de\/wp-content\/uploads\/2020\/04\/DSC_0161-768x432.jpg 768w, http:\/\/lichri.radeln-in-den-sonnenaufgang.de\/wp-content\/uploads\/2020\/04\/DSC_0161.jpg 1365w\" sizes=\"(max-width: 767px) 89vw, (max-width: 1000px) 54vw, (max-width: 1071px) 543px, 580px\" \/><\/figure><\/li><li class=\"blocks-gallery-item\"><figure><img decoding=\"async\" loading=\"lazy\" width=\"683\" height=\"1024\" src=\"http:\/\/lichri.radeln-in-den-sonnenaufgang.de\/wp-content\/uploads\/2020\/04\/IMG_6514-683x1024.jpg\" alt=\"\" data-id=\"1881\" data-full-url=\"http:\/\/lichri.radeln-in-den-sonnenaufgang.de\/wp-content\/uploads\/2020\/04\/IMG_6514-rotated.jpg\" data-link=\"http:\/\/lichri.radeln-in-den-sonnenaufgang.de\/?attachment_id=1881\" class=\"wp-image-1881\" srcset=\"http:\/\/lichri.radeln-in-den-sonnenaufgang.de\/wp-content\/uploads\/2020\/04\/IMG_6514-683x1024.jpg 683w, http:\/\/lichri.radeln-in-den-sonnenaufgang.de\/wp-content\/uploads\/2020\/04\/IMG_6514-200x300.jpg 200w, http:\/\/lichri.radeln-in-den-sonnenaufgang.de\/wp-content\/uploads\/2020\/04\/IMG_6514-rotated.jpg 768w\" sizes=\"(max-width: 683px) 100vw, 683px\" \/><\/figure><\/li><li class=\"blocks-gallery-item\"><figure><img decoding=\"async\" loading=\"lazy\" width=\"683\" height=\"1024\" src=\"http:\/\/lichri.radeln-in-den-sonnenaufgang.de\/wp-content\/uploads\/2020\/04\/IMG_6494-683x1024.jpg\" alt=\"\" data-id=\"1878\" data-full-url=\"http:\/\/lichri.radeln-in-den-sonnenaufgang.de\/wp-content\/uploads\/2020\/04\/IMG_6494-rotated.jpg\" data-link=\"http:\/\/lichri.radeln-in-den-sonnenaufgang.de\/?attachment_id=1878\" class=\"wp-image-1878\" srcset=\"http:\/\/lichri.radeln-in-den-sonnenaufgang.de\/wp-content\/uploads\/2020\/04\/IMG_6494-683x1024.jpg 683w, http:\/\/lichri.radeln-in-den-sonnenaufgang.de\/wp-content\/uploads\/2020\/04\/IMG_6494-200x300.jpg 200w, http:\/\/lichri.radeln-in-den-sonnenaufgang.de\/wp-content\/uploads\/2020\/04\/IMG_6494-rotated.jpg 768w\" sizes=\"(max-width: 683px) 100vw, 683px\" \/><\/figure><\/li><li class=\"blocks-gallery-item\"><figure><img decoding=\"async\" loading=\"lazy\" width=\"1024\" height=\"768\" src=\"http:\/\/lichri.radeln-in-den-sonnenaufgang.de\/wp-content\/uploads\/2020\/04\/DSC_0106-1024x768.jpg\" alt=\"\" data-id=\"1884\" data-full-url=\"http:\/\/lichri.radeln-in-den-sonnenaufgang.de\/wp-content\/uploads\/2020\/04\/DSC_0106.jpg\" data-link=\"http:\/\/lichri.radeln-in-den-sonnenaufgang.de\/?attachment_id=1884\" class=\"wp-image-1884\" srcset=\"http:\/\/lichri.radeln-in-den-sonnenaufgang.de\/wp-content\/uploads\/2020\/04\/DSC_0106-1024x768.jpg 1024w, http:\/\/lichri.radeln-in-den-sonnenaufgang.de\/wp-content\/uploads\/2020\/04\/DSC_0106-300x225.jpg 300w, http:\/\/lichri.radeln-in-den-sonnenaufgang.de\/wp-content\/uploads\/2020\/04\/DSC_0106-768x576.jpg 768w, http:\/\/lichri.radeln-in-den-sonnenaufgang.de\/wp-content\/uploads\/2020\/04\/DSC_0106-1536x1152.jpg 1536w, http:\/\/lichri.radeln-in-den-sonnenaufgang.de\/wp-content\/uploads\/2020\/04\/DSC_0106.jpg 1600w\" sizes=\"(max-width: 767px) 89vw, (max-width: 1000px) 54vw, (max-width: 1071px) 543px, 580px\" \/><\/figure><\/li><li class=\"blocks-gallery-item\"><figure><img decoding=\"async\" loading=\"lazy\" width=\"1024\" height=\"768\" src=\"http:\/\/lichri.radeln-in-den-sonnenaufgang.de\/wp-content\/uploads\/2020\/04\/DSC_0104-1024x768.jpg\" alt=\"\" data-id=\"1877\" data-full-url=\"http:\/\/lichri.radeln-in-den-sonnenaufgang.de\/wp-content\/uploads\/2020\/04\/DSC_0104.jpg\" data-link=\"http:\/\/lichri.radeln-in-den-sonnenaufgang.de\/?attachment_id=1877\" class=\"wp-image-1877\" srcset=\"http:\/\/lichri.radeln-in-den-sonnenaufgang.de\/wp-content\/uploads\/2020\/04\/DSC_0104-1024x768.jpg 1024w, http:\/\/lichri.radeln-in-den-sonnenaufgang.de\/wp-content\/uploads\/2020\/04\/DSC_0104-300x225.jpg 300w, http:\/\/lichri.radeln-in-den-sonnenaufgang.de\/wp-content\/uploads\/2020\/04\/DSC_0104-768x576.jpg 768w, http:\/\/lichri.radeln-in-den-sonnenaufgang.de\/wp-content\/uploads\/2020\/04\/DSC_0104-1536x1152.jpg 1536w, http:\/\/lichri.radeln-in-den-sonnenaufgang.de\/wp-content\/uploads\/2020\/04\/DSC_0104.jpg 1600w\" sizes=\"(max-width: 767px) 89vw, (max-width: 1000px) 54vw, (max-width: 1071px) 543px, 580px\" \/><\/figure><\/li><li class=\"blocks-gallery-item\"><figure><img decoding=\"async\" loading=\"lazy\" width=\"1024\" height=\"768\" src=\"http:\/\/lichri.radeln-in-den-sonnenaufgang.de\/wp-content\/uploads\/2020\/04\/received_289664912009287-1024x768.jpeg\" alt=\"\" data-id=\"2360\" data-full-url=\"http:\/\/lichri.radeln-in-den-sonnenaufgang.de\/wp-content\/uploads\/2020\/04\/received_289664912009287.jpeg\" data-link=\"http:\/\/lichri.radeln-in-den-sonnenaufgang.de\/?attachment_id=2360\" class=\"wp-image-2360\" srcset=\"http:\/\/lichri.radeln-in-den-sonnenaufgang.de\/wp-content\/uploads\/2020\/04\/received_289664912009287-1024x768.jpeg 1024w, http:\/\/lichri.radeln-in-den-sonnenaufgang.de\/wp-content\/uploads\/2020\/04\/received_289664912009287-300x225.jpeg 300w, http:\/\/lichri.radeln-in-den-sonnenaufgang.de\/wp-content\/uploads\/2020\/04\/received_289664912009287-768x576.jpeg 768w, http:\/\/lichri.radeln-in-den-sonnenaufgang.de\/wp-content\/uploads\/2020\/04\/received_289664912009287-1536x1152.jpeg 1536w, http:\/\/lichri.radeln-in-den-sonnenaufgang.de\/wp-content\/uploads\/2020\/04\/received_289664912009287.jpeg 1728w\" sizes=\"(max-width: 767px) 89vw, (max-width: 1000px) 54vw, (max-width: 1071px) 543px, 580px\" \/><\/figure><\/li><li class=\"blocks-gallery-item\"><figure><img decoding=\"async\" loading=\"lazy\" width=\"1024\" height=\"768\" src=\"http:\/\/lichri.radeln-in-den-sonnenaufgang.de\/wp-content\/uploads\/2020\/04\/IMG-20200303-WA0019.jpg\" alt=\"\" data-id=\"2359\" data-full-url=\"http:\/\/lichri.radeln-in-den-sonnenaufgang.de\/wp-content\/uploads\/2020\/04\/IMG-20200303-WA0019.jpg\" data-link=\"http:\/\/lichri.radeln-in-den-sonnenaufgang.de\/?attachment_id=2359\" class=\"wp-image-2359\" srcset=\"http:\/\/lichri.radeln-in-den-sonnenaufgang.de\/wp-content\/uploads\/2020\/04\/IMG-20200303-WA0019.jpg 1024w, http:\/\/lichri.radeln-in-den-sonnenaufgang.de\/wp-content\/uploads\/2020\/04\/IMG-20200303-WA0019-300x225.jpg 300w, http:\/\/lichri.radeln-in-den-sonnenaufgang.de\/wp-content\/uploads\/2020\/04\/IMG-20200303-WA0019-768x576.jpg 768w\" sizes=\"(max-width: 767px) 89vw, (max-width: 1000px) 54vw, (max-width: 1071px) 543px, 580px\" \/><\/figure><\/li><li class=\"blocks-gallery-item\"><figure><img decoding=\"async\" loading=\"lazy\" width=\"1024\" height=\"770\" src=\"http:\/\/lichri.radeln-in-den-sonnenaufgang.de\/wp-content\/uploads\/2020\/04\/IMG-20200303-WA0013.jpg\" alt=\"\" data-id=\"2358\" data-full-url=\"http:\/\/lichri.radeln-in-den-sonnenaufgang.de\/wp-content\/uploads\/2020\/04\/IMG-20200303-WA0013.jpg\" data-link=\"http:\/\/lichri.radeln-in-den-sonnenaufgang.de\/?attachment_id=2358\" class=\"wp-image-2358\" srcset=\"http:\/\/lichri.radeln-in-den-sonnenaufgang.de\/wp-content\/uploads\/2020\/04\/IMG-20200303-WA0013.jpg 1024w, http:\/\/lichri.radeln-in-den-sonnenaufgang.de\/wp-content\/uploads\/2020\/04\/IMG-20200303-WA0013-300x226.jpg 300w, http:\/\/lichri.radeln-in-den-sonnenaufgang.de\/wp-content\/uploads\/2020\/04\/IMG-20200303-WA0013-768x578.jpg 768w\" sizes=\"(max-width: 767px) 89vw, (max-width: 1000px) 54vw, (max-width: 1071px) 543px, 580px\" \/><\/figure><\/li><\/ul><\/figure>\n\n\n\n<p>Nach der Putzaktion hatten wir spontan einen Termin mit Thibauld\naus Frankreich. Von ihm haben wir bereits in Laos von anderen Reisenden\nerfahren und waren neugierig auf seine Arbeit vor Ort. Der \u201eevangelikale\u201c und \u201echarismatische\u201c,\n\u201ewiedergeborene Christ\u201c, als den sie beschrieben, war tats\u00e4chlich ein total\nenergetischer und inspirierender Charakter. Wir trafen ihn im Borderline Caf\u00e9,\ndas wir nachher durchst\u00f6berten und h\u00fcbsche Karen-Handwerkssachen bestaunten. Thibauld,\nder vor drei Jahren aus Frankreich nach Myanmar reiste und hier traditionelle\nMusik und Kultur filmte, kam hier zum Glauben und fand seine Berufung darin,\nden Menschen in Mae Sod, bzw. in den Fl\u00fcchtlingslagern um Mae Sod und auf der\nburmesischen Seite, zu helfen. Die Karen (lt. Internet, wir hatten immer\n\u201eKamer\u201c verstanden), die in Myanmar einen \u201estaatlichen Genozid\u201c erleiden,\nfl\u00fcchten nach Thailand und leben dort oft unregistriert und ohne Papiere in\ngro\u00dfen Fl\u00fcchtlingslagern wie Mae La, eine Stunde au\u00dferhalb von Mae Sod, mit\n\u00fcber 40.000 Gefl\u00fcchteten bzw. staatenlos geborenen. Anfangs wurden sie noch gut\naufgenommen, mittlerweile sind sie im Stadtbild Mae Sods nicht mehr so gern\ngesehen. Viele Hilfsorganisationen haben sich hier niedergelassen, um an der\nGrenze zu Myanmar den Gefl\u00fcchteten zu helfen. So auch Thibauld. Er schmuggelt\nHilfsg\u00fcter nach Myanmar. Bisher finanziert er seinen Aufenthalt von Erspartem.\nJetzt baut er einen Moringa-Vertrieb auf (Superfood). Mit dem Vertrieb versucht\ner Arbeitspl\u00e4tze vor Ort zu schaffen und die Hilfe zu finanzieren. Thibaud war\neine beeindruckende Person und auch wenn er nicht viel Zeit hatte, mit uns zu\nQuatschen, sind wir sehr dankbar f\u00fcr diesen Einblick in seine Geschichte und\nsein Engagement. <\/p>\n\n\n\n<figure class=\"is-layout-flex wp-block-gallery-17 wp-block-gallery columns-2 is-cropped\"><ul class=\"blocks-gallery-grid\"><li class=\"blocks-gallery-item\"><figure><img decoding=\"async\" loading=\"lazy\" width=\"768\" height=\"1024\" src=\"http:\/\/lichri.radeln-in-den-sonnenaufgang.de\/wp-content\/uploads\/2020\/04\/DSC_0116-768x1024.jpg\" alt=\"\" data-id=\"1885\" data-full-url=\"http:\/\/lichri.radeln-in-den-sonnenaufgang.de\/wp-content\/uploads\/2020\/04\/DSC_0116-rotated.jpg\" data-link=\"http:\/\/lichri.radeln-in-den-sonnenaufgang.de\/?attachment_id=1885\" class=\"wp-image-1885\" srcset=\"http:\/\/lichri.radeln-in-den-sonnenaufgang.de\/wp-content\/uploads\/2020\/04\/DSC_0116-768x1024.jpg 768w, http:\/\/lichri.radeln-in-den-sonnenaufgang.de\/wp-content\/uploads\/2020\/04\/DSC_0116-225x300.jpg 225w, http:\/\/lichri.radeln-in-den-sonnenaufgang.de\/wp-content\/uploads\/2020\/04\/DSC_0116-1152x1536.jpg 1152w, http:\/\/lichri.radeln-in-den-sonnenaufgang.de\/wp-content\/uploads\/2020\/04\/DSC_0116-rotated.jpg 1200w\" sizes=\"(max-width: 767px) 89vw, (max-width: 1000px) 54vw, (max-width: 1071px) 543px, 580px\" \/><\/figure><\/li><li class=\"blocks-gallery-item\"><figure><img decoding=\"async\" loading=\"lazy\" width=\"1024\" height=\"768\" src=\"http:\/\/lichri.radeln-in-den-sonnenaufgang.de\/wp-content\/uploads\/2020\/04\/DSC_0117-1024x768.jpg\" alt=\"\" data-id=\"1886\" data-full-url=\"http:\/\/lichri.radeln-in-den-sonnenaufgang.de\/wp-content\/uploads\/2020\/04\/DSC_0117.jpg\" data-link=\"http:\/\/lichri.radeln-in-den-sonnenaufgang.de\/?attachment_id=1886\" class=\"wp-image-1886\" srcset=\"http:\/\/lichri.radeln-in-den-sonnenaufgang.de\/wp-content\/uploads\/2020\/04\/DSC_0117-1024x768.jpg 1024w, http:\/\/lichri.radeln-in-den-sonnenaufgang.de\/wp-content\/uploads\/2020\/04\/DSC_0117-300x225.jpg 300w, http:\/\/lichri.radeln-in-den-sonnenaufgang.de\/wp-content\/uploads\/2020\/04\/DSC_0117-768x576.jpg 768w, http:\/\/lichri.radeln-in-den-sonnenaufgang.de\/wp-content\/uploads\/2020\/04\/DSC_0117-1536x1152.jpg 1536w, http:\/\/lichri.radeln-in-den-sonnenaufgang.de\/wp-content\/uploads\/2020\/04\/DSC_0117.jpg 1600w\" sizes=\"(max-width: 767px) 89vw, (max-width: 1000px) 54vw, (max-width: 1071px) 543px, 580px\" \/><\/figure><\/li><li class=\"blocks-gallery-item\"><figure><img decoding=\"async\" loading=\"lazy\" width=\"1024\" height=\"768\" src=\"http:\/\/lichri.radeln-in-den-sonnenaufgang.de\/wp-content\/uploads\/2020\/04\/DSC_0119-1024x768.jpg\" alt=\"\" data-id=\"1887\" data-full-url=\"http:\/\/lichri.radeln-in-den-sonnenaufgang.de\/wp-content\/uploads\/2020\/04\/DSC_0119-rotated.jpg\" data-link=\"http:\/\/lichri.radeln-in-den-sonnenaufgang.de\/?attachment_id=1887\" class=\"wp-image-1887\" srcset=\"http:\/\/lichri.radeln-in-den-sonnenaufgang.de\/wp-content\/uploads\/2020\/04\/DSC_0119-1024x768.jpg 1024w, http:\/\/lichri.radeln-in-den-sonnenaufgang.de\/wp-content\/uploads\/2020\/04\/DSC_0119-300x225.jpg 300w, http:\/\/lichri.radeln-in-den-sonnenaufgang.de\/wp-content\/uploads\/2020\/04\/DSC_0119-768x576.jpg 768w, http:\/\/lichri.radeln-in-den-sonnenaufgang.de\/wp-content\/uploads\/2020\/04\/DSC_0119-1536x1152.jpg 1536w, http:\/\/lichri.radeln-in-den-sonnenaufgang.de\/wp-content\/uploads\/2020\/04\/DSC_0119-rotated.jpg 1600w\" sizes=\"(max-width: 767px) 89vw, (max-width: 1000px) 54vw, (max-width: 1071px) 543px, 580px\" \/><\/figure><\/li><\/ul><\/figure>\n\n\n\n<p>Auf geht\u2019s! Myanmar, wir kommen!<\/p>\n\n\n\n<p>Am n\u00e4chsten Morgen sollte es dann endlich nach Myanmar\nweiter gehen \u2013 gemeinsam mit Jolien und Mirko. Wir trafen uns vor Yuns Laden,\ndenn die andern wollten noch ein paar Kleinigkeiten bei ihm besorgen. Erneut\nwurden wir von Yun, seiner Frau und der Ladenmanagerin \u00fcberraschenderweise zum\nFr\u00fchst\u00fcck eingeladen. Er hatte ein gro\u00dfes Buffet besorgt: unterschiedlichstes Gem\u00fcse,\nReis, Tofu, Fisch! Dabei hatte ich schon etwas zum Fr\u00fchst\u00fcck eingekauft und\nMirko und Jolien hatten im Hotel gefr\u00fchst\u00fcckt. Nun denn, wir freuten uns\ndennoch \u00fcber die Einladung und st\u00e4rkten uns vor der Weiterreise. Und als w\u00e4re\nes nicht schon genug gewesen, zauberte Yun jedem von uns noch ein Lunchpaket auf\nden Tisch. Dann begleitete er uns noch bis zur Grenze, um dort Mirko und Jolien\nzu einem Outdoor-Laden und uns zur Post zu bringen. Im Outdoor-Laden dann traf\nuns ein kleiner, aber nicht unbedeutender Schock: die Verk\u00e4uferin lief doch\ntats\u00e4chlich mit einer gro\u00dfen, zitronenfarbenen W\u00fcrgeschlange um den Hals im\nLaden herum. Beide waren sch\u00f6n anzusehen, aber mit so etwas hatten wir dann\ndoch nicht gerechnet. <\/p>\n\n\n\n<p>Dieser \u00dcberraschung folgte dann direkt die n\u00e4chste. Yun\nverk\u00fcndete uns, dass er uns nicht nur bis zur Grenze, sondern auch dar\u00fcber\nhinaus begleiten und uns in Myanmar in den ersten Tagen den Weg weisen w\u00fcrde.\nWir waren platt. Dieser Mann steckte voller Spontanit\u00e4t und \u00dcberraschungen und\ndas mit seinen 62 Jahren. Er betonte immer wieder in seiner fr\u00f6hlichen,\nunbeschwerten Joda-Art, dass er schon ein alter Mann sei \u2013 dar\u00fcber konnten wir\nnur lachen. <\/p>\n\n\n\n<p>Nun denn \u2013 also zu f\u00fcnft nach&#8230;<\/p>\n\n\n\n<h4>Myanmar<\/h4>\n\n\n\n<p>Nach dem Grenz\u00fcbertritt (dieser dauerte aufgrund der neuen Corona-Health-Checks etwas l\u00e4nger als gedacht) fuhren wir aus der Stadt hinaus, auf gut asphaltierten Wegen, aber in diffusem Licht und rauchiger, staubiger Luft. <\/p>\n\n\n\n<figure class=\"is-layout-flex wp-block-gallery-19 wp-block-gallery columns-2 is-cropped\"><ul class=\"blocks-gallery-grid\"><li class=\"blocks-gallery-item\"><figure><img decoding=\"async\" loading=\"lazy\" width=\"768\" height=\"1024\" src=\"http:\/\/lichri.radeln-in-den-sonnenaufgang.de\/wp-content\/uploads\/2020\/04\/DSC_0163-rotated.jpg\" alt=\"\" data-id=\"1898\" data-full-url=\"http:\/\/lichri.radeln-in-den-sonnenaufgang.de\/wp-content\/uploads\/2020\/04\/DSC_0163-rotated.jpg\" data-link=\"http:\/\/lichri.radeln-in-den-sonnenaufgang.de\/?attachment_id=1898\" class=\"wp-image-1898\" srcset=\"http:\/\/lichri.radeln-in-den-sonnenaufgang.de\/wp-content\/uploads\/2020\/04\/DSC_0163-rotated.jpg 768w, http:\/\/lichri.radeln-in-den-sonnenaufgang.de\/wp-content\/uploads\/2020\/04\/DSC_0163-225x300.jpg 225w\" sizes=\"(max-width: 767px) 89vw, (max-width: 1000px) 54vw, (max-width: 1071px) 543px, 580px\" \/><figcaption class=\"blocks-gallery-item__caption\">Fahrbahnwechsel am Grenz\u00fcbergang &#8211; in Myanmar f\u00e4hrt man wieder rechts!<\/figcaption><\/figure><\/li><li class=\"blocks-gallery-item\"><figure><img decoding=\"async\" loading=\"lazy\" width=\"576\" height=\"1024\" src=\"http:\/\/lichri.radeln-in-den-sonnenaufgang.de\/wp-content\/uploads\/2020\/04\/DSC_0172-576x1024.jpg\" alt=\"\" data-id=\"1904\" data-full-url=\"http:\/\/lichri.radeln-in-den-sonnenaufgang.de\/wp-content\/uploads\/2020\/04\/DSC_0172-rotated.jpg\" data-link=\"http:\/\/lichri.radeln-in-den-sonnenaufgang.de\/?attachment_id=1904\" class=\"wp-image-1904\" srcset=\"http:\/\/lichri.radeln-in-den-sonnenaufgang.de\/wp-content\/uploads\/2020\/04\/DSC_0172-576x1024.jpg 576w, http:\/\/lichri.radeln-in-den-sonnenaufgang.de\/wp-content\/uploads\/2020\/04\/DSC_0172-169x300.jpg 169w, http:\/\/lichri.radeln-in-den-sonnenaufgang.de\/wp-content\/uploads\/2020\/04\/DSC_0172-768x1365.jpg 768w, http:\/\/lichri.radeln-in-den-sonnenaufgang.de\/wp-content\/uploads\/2020\/04\/DSC_0172-864x1536.jpg 864w, http:\/\/lichri.radeln-in-den-sonnenaufgang.de\/wp-content\/uploads\/2020\/04\/DSC_0172-1152x2048.jpg 1152w, http:\/\/lichri.radeln-in-den-sonnenaufgang.de\/wp-content\/uploads\/2020\/04\/DSC_0172-rotated.jpg 1200w\" sizes=\"(max-width: 576px) 100vw, 576px\" \/><figcaption class=\"blocks-gallery-item__caption\">Health Check bei der Einreise. Corona ist selbst in Myanmar am 29. Februar schon Thema.<\/figcaption><\/figure><\/li><li class=\"blocks-gallery-item\"><figure><img decoding=\"async\" loading=\"lazy\" width=\"1024\" height=\"576\" src=\"http:\/\/lichri.radeln-in-den-sonnenaufgang.de\/wp-content\/uploads\/2020\/04\/DSC_0169-1024x576.jpg\" alt=\"\" data-id=\"1901\" data-full-url=\"http:\/\/lichri.radeln-in-den-sonnenaufgang.de\/wp-content\/uploads\/2020\/04\/DSC_0169.jpg\" data-link=\"http:\/\/lichri.radeln-in-den-sonnenaufgang.de\/?attachment_id=1901\" class=\"wp-image-1901\" srcset=\"http:\/\/lichri.radeln-in-den-sonnenaufgang.de\/wp-content\/uploads\/2020\/04\/DSC_0169-1024x576.jpg 1024w, http:\/\/lichri.radeln-in-den-sonnenaufgang.de\/wp-content\/uploads\/2020\/04\/DSC_0169-300x169.jpg 300w, http:\/\/lichri.radeln-in-den-sonnenaufgang.de\/wp-content\/uploads\/2020\/04\/DSC_0169-768x432.jpg 768w, http:\/\/lichri.radeln-in-den-sonnenaufgang.de\/wp-content\/uploads\/2020\/04\/DSC_0169-1536x864.jpg 1536w, http:\/\/lichri.radeln-in-den-sonnenaufgang.de\/wp-content\/uploads\/2020\/04\/DSC_0169-2048x1152.jpg 2048w\" sizes=\"(max-width: 767px) 89vw, (max-width: 1000px) 54vw, (max-width: 1071px) 543px, 580px\" \/><figcaption class=\"blocks-gallery-item__caption\">So viele Reiser\u00e4der&#8230;<\/figcaption><\/figure><\/li><li class=\"blocks-gallery-item\"><figure><img decoding=\"async\" loading=\"lazy\" width=\"1024\" height=\"576\" src=\"http:\/\/lichri.radeln-in-den-sonnenaufgang.de\/wp-content\/uploads\/2020\/04\/DSC_0168-1024x576.jpg\" alt=\"\" data-id=\"1900\" data-full-url=\"http:\/\/lichri.radeln-in-den-sonnenaufgang.de\/wp-content\/uploads\/2020\/04\/DSC_0168.jpg\" data-link=\"http:\/\/lichri.radeln-in-den-sonnenaufgang.de\/?attachment_id=1900\" class=\"wp-image-1900\" srcset=\"http:\/\/lichri.radeln-in-den-sonnenaufgang.de\/wp-content\/uploads\/2020\/04\/DSC_0168-1024x576.jpg 1024w, http:\/\/lichri.radeln-in-den-sonnenaufgang.de\/wp-content\/uploads\/2020\/04\/DSC_0168-300x169.jpg 300w, http:\/\/lichri.radeln-in-den-sonnenaufgang.de\/wp-content\/uploads\/2020\/04\/DSC_0168-768x432.jpg 768w, http:\/\/lichri.radeln-in-den-sonnenaufgang.de\/wp-content\/uploads\/2020\/04\/DSC_0168-1536x864.jpg 1536w, http:\/\/lichri.radeln-in-den-sonnenaufgang.de\/wp-content\/uploads\/2020\/04\/DSC_0168-2048x1152.jpg 2048w\" sizes=\"(max-width: 767px) 89vw, (max-width: 1000px) 54vw, (max-width: 1071px) 543px, 580px\" \/><figcaption class=\"blocks-gallery-item__caption\">\u2026 und dann kamen da noch 2 mehr: Joyce und Fabio aus Brasilien queren just nach uns.<\/figcaption><\/figure><\/li><li class=\"blocks-gallery-item\"><figure><img decoding=\"async\" loading=\"lazy\" width=\"1024\" height=\"683\" src=\"http:\/\/lichri.radeln-in-den-sonnenaufgang.de\/wp-content\/uploads\/2020\/04\/IMG_6530-1024x683.jpg\" alt=\"\" data-id=\"1892\" data-full-url=\"http:\/\/lichri.radeln-in-den-sonnenaufgang.de\/wp-content\/uploads\/2020\/04\/IMG_6530.jpg\" data-link=\"http:\/\/lichri.radeln-in-den-sonnenaufgang.de\/?attachment_id=1892\" class=\"wp-image-1892\" srcset=\"http:\/\/lichri.radeln-in-den-sonnenaufgang.de\/wp-content\/uploads\/2020\/04\/IMG_6530-1024x683.jpg 1024w, http:\/\/lichri.radeln-in-den-sonnenaufgang.de\/wp-content\/uploads\/2020\/04\/IMG_6530-300x200.jpg 300w, http:\/\/lichri.radeln-in-den-sonnenaufgang.de\/wp-content\/uploads\/2020\/04\/IMG_6530-768x512.jpg 768w, http:\/\/lichri.radeln-in-den-sonnenaufgang.de\/wp-content\/uploads\/2020\/04\/IMG_6530-1536x1024.jpg 1536w, http:\/\/lichri.radeln-in-den-sonnenaufgang.de\/wp-content\/uploads\/2020\/04\/IMG_6530.jpg 1800w\" sizes=\"(max-width: 767px) 89vw, (max-width: 1000px) 54vw, (max-width: 1071px) 543px, 580px\" \/><figcaption class=\"blocks-gallery-item__caption\">Vom vielfbefahrenen Highway biegen wir bald auf den &#8222;alten Highway&#8220; ab &#8211; eine kurvenreiche schmale Bergstra\u00dfe durch Natur und abgelegene D\u00f6rfer.<\/figcaption><\/figure><\/li><\/ul><\/figure>\n\n\n\n<figure class=\"is-layout-flex wp-block-gallery-21 wp-block-gallery columns-1 is-cropped\"><ul class=\"blocks-gallery-grid\"><li class=\"blocks-gallery-item\"><figure><img decoding=\"async\" loading=\"lazy\" width=\"1024\" height=\"683\" src=\"http:\/\/lichri.radeln-in-den-sonnenaufgang.de\/wp-content\/uploads\/2020\/04\/IMG_6532-1024x683.jpg\" alt=\"\" data-id=\"1893\" class=\"wp-image-1893\" srcset=\"http:\/\/lichri.radeln-in-den-sonnenaufgang.de\/wp-content\/uploads\/2020\/04\/IMG_6532-1024x683.jpg 1024w, http:\/\/lichri.radeln-in-den-sonnenaufgang.de\/wp-content\/uploads\/2020\/04\/IMG_6532-300x200.jpg 300w, http:\/\/lichri.radeln-in-den-sonnenaufgang.de\/wp-content\/uploads\/2020\/04\/IMG_6532-768x512.jpg 768w, http:\/\/lichri.radeln-in-den-sonnenaufgang.de\/wp-content\/uploads\/2020\/04\/IMG_6532-1536x1024.jpg 1536w, http:\/\/lichri.radeln-in-den-sonnenaufgang.de\/wp-content\/uploads\/2020\/04\/IMG_6532.jpg 1800w\" sizes=\"(max-width: 767px) 89vw, (max-width: 1000px) 54vw, (max-width: 1071px) 543px, 580px\" \/><figcaption class=\"blocks-gallery-item__caption\">Die Bambush\u00fctten werden mit Laub gedeckt. Im staubtrockenen Klima der Feuer-Saison ein einziges grau in grau &#8211; und doch spannend, wie einfach doch so ein Haus gebaut sein kann \ud83d\ude42<\/figcaption><\/figure><\/li><\/ul><\/figure>\n\n\n\n<figure class=\"is-layout-flex wp-block-gallery-23 wp-block-gallery columns-2 is-cropped\"><ul class=\"blocks-gallery-grid\"><li class=\"blocks-gallery-item\"><figure><img decoding=\"async\" loading=\"lazy\" width=\"1024\" height=\"683\" src=\"http:\/\/lichri.radeln-in-den-sonnenaufgang.de\/wp-content\/uploads\/2020\/04\/IMG_6619-1024x683.jpg\" alt=\"\" data-id=\"1913\" data-full-url=\"http:\/\/lichri.radeln-in-den-sonnenaufgang.de\/wp-content\/uploads\/2020\/04\/IMG_6619.jpg\" data-link=\"http:\/\/lichri.radeln-in-den-sonnenaufgang.de\/?attachment_id=1913\" class=\"wp-image-1913\" srcset=\"http:\/\/lichri.radeln-in-den-sonnenaufgang.de\/wp-content\/uploads\/2020\/04\/IMG_6619-1024x683.jpg 1024w, http:\/\/lichri.radeln-in-den-sonnenaufgang.de\/wp-content\/uploads\/2020\/04\/IMG_6619-300x200.jpg 300w, http:\/\/lichri.radeln-in-den-sonnenaufgang.de\/wp-content\/uploads\/2020\/04\/IMG_6619-768x512.jpg 768w, http:\/\/lichri.radeln-in-den-sonnenaufgang.de\/wp-content\/uploads\/2020\/04\/IMG_6619-1536x1024.jpg 1536w, http:\/\/lichri.radeln-in-den-sonnenaufgang.de\/wp-content\/uploads\/2020\/04\/IMG_6619.jpg 1800w\" sizes=\"(max-width: 767px) 89vw, (max-width: 1000px) 54vw, (max-width: 1071px) 543px, 580px\" \/><figcaption class=\"blocks-gallery-item__caption\">Und wenn man &#8230;<\/figcaption><\/figure><\/li><li class=\"blocks-gallery-item\"><figure><img decoding=\"async\" loading=\"lazy\" width=\"1024\" height=\"683\" src=\"http:\/\/lichri.radeln-in-den-sonnenaufgang.de\/wp-content\/uploads\/2020\/04\/IMG_6586-1024x683.jpg\" alt=\"\" data-id=\"1905\" data-full-url=\"http:\/\/lichri.radeln-in-den-sonnenaufgang.de\/wp-content\/uploads\/2020\/04\/IMG_6586.jpg\" data-link=\"http:\/\/lichri.radeln-in-den-sonnenaufgang.de\/?attachment_id=1905\" class=\"wp-image-1905\" srcset=\"http:\/\/lichri.radeln-in-den-sonnenaufgang.de\/wp-content\/uploads\/2020\/04\/IMG_6586-1024x683.jpg 1024w, http:\/\/lichri.radeln-in-den-sonnenaufgang.de\/wp-content\/uploads\/2020\/04\/IMG_6586-300x200.jpg 300w, http:\/\/lichri.radeln-in-den-sonnenaufgang.de\/wp-content\/uploads\/2020\/04\/IMG_6586-768x512.jpg 768w, http:\/\/lichri.radeln-in-den-sonnenaufgang.de\/wp-content\/uploads\/2020\/04\/IMG_6586-1536x1024.jpg 1536w, http:\/\/lichri.radeln-in-den-sonnenaufgang.de\/wp-content\/uploads\/2020\/04\/IMG_6586.jpg 1800w\" sizes=\"(max-width: 767px) 89vw, (max-width: 1000px) 54vw, (max-width: 1071px) 543px, 580px\" \/><figcaption class=\"blocks-gallery-item__caption\">\u2026 dann ganz genau hinsieht &#8230;<\/figcaption><\/figure><\/li><li class=\"blocks-gallery-item\"><figure><img decoding=\"async\" loading=\"lazy\" width=\"1024\" height=\"683\" src=\"http:\/\/lichri.radeln-in-den-sonnenaufgang.de\/wp-content\/uploads\/2020\/04\/IMG_6587-1024x683.jpg\" alt=\"\" data-id=\"1906\" data-full-url=\"http:\/\/lichri.radeln-in-den-sonnenaufgang.de\/wp-content\/uploads\/2020\/04\/IMG_6587.jpg\" data-link=\"http:\/\/lichri.radeln-in-den-sonnenaufgang.de\/?attachment_id=1906\" class=\"wp-image-1906\" srcset=\"http:\/\/lichri.radeln-in-den-sonnenaufgang.de\/wp-content\/uploads\/2020\/04\/IMG_6587-1024x683.jpg 1024w, http:\/\/lichri.radeln-in-den-sonnenaufgang.de\/wp-content\/uploads\/2020\/04\/IMG_6587-300x200.jpg 300w, http:\/\/lichri.radeln-in-den-sonnenaufgang.de\/wp-content\/uploads\/2020\/04\/IMG_6587-768x512.jpg 768w, http:\/\/lichri.radeln-in-den-sonnenaufgang.de\/wp-content\/uploads\/2020\/04\/IMG_6587-1536x1024.jpg 1536w, http:\/\/lichri.radeln-in-den-sonnenaufgang.de\/wp-content\/uploads\/2020\/04\/IMG_6587.jpg 1800w\" sizes=\"(max-width: 767px) 89vw, (max-width: 1000px) 54vw, (max-width: 1071px) 543px, 580px\" \/><\/figure><\/li><\/ul><\/figure>\n\n\n\n<figure class=\"is-layout-flex wp-block-gallery-25 wp-block-gallery columns-2 is-cropped\"><ul class=\"blocks-gallery-grid\"><li class=\"blocks-gallery-item\"><figure><img decoding=\"async\" loading=\"lazy\" width=\"1024\" height=\"683\" src=\"http:\/\/lichri.radeln-in-den-sonnenaufgang.de\/wp-content\/uploads\/2020\/04\/IMG_6570-1024x683.jpg\" alt=\"\" data-id=\"1902\" data-full-url=\"http:\/\/lichri.radeln-in-den-sonnenaufgang.de\/wp-content\/uploads\/2020\/04\/IMG_6570.jpg\" data-link=\"http:\/\/lichri.radeln-in-den-sonnenaufgang.de\/?attachment_id=1902\" class=\"wp-image-1902\" srcset=\"http:\/\/lichri.radeln-in-den-sonnenaufgang.de\/wp-content\/uploads\/2020\/04\/IMG_6570-1024x683.jpg 1024w, http:\/\/lichri.radeln-in-den-sonnenaufgang.de\/wp-content\/uploads\/2020\/04\/IMG_6570-300x200.jpg 300w, http:\/\/lichri.radeln-in-den-sonnenaufgang.de\/wp-content\/uploads\/2020\/04\/IMG_6570-768x512.jpg 768w, http:\/\/lichri.radeln-in-den-sonnenaufgang.de\/wp-content\/uploads\/2020\/04\/IMG_6570-1536x1024.jpg 1536w, http:\/\/lichri.radeln-in-den-sonnenaufgang.de\/wp-content\/uploads\/2020\/04\/IMG_6570.jpg 1800w\" sizes=\"(max-width: 767px) 89vw, (max-width: 1000px) 54vw, (max-width: 1071px) 543px, 580px\" \/><\/figure><\/li><li class=\"blocks-gallery-item\"><figure><img decoding=\"async\" loading=\"lazy\" width=\"1024\" height=\"683\" src=\"http:\/\/lichri.radeln-in-den-sonnenaufgang.de\/wp-content\/uploads\/2020\/04\/IMG_6575-1024x683.jpg\" alt=\"\" data-id=\"1903\" data-full-url=\"http:\/\/lichri.radeln-in-den-sonnenaufgang.de\/wp-content\/uploads\/2020\/04\/IMG_6575.jpg\" data-link=\"http:\/\/lichri.radeln-in-den-sonnenaufgang.de\/?attachment_id=1903\" class=\"wp-image-1903\" srcset=\"http:\/\/lichri.radeln-in-den-sonnenaufgang.de\/wp-content\/uploads\/2020\/04\/IMG_6575-1024x683.jpg 1024w, http:\/\/lichri.radeln-in-den-sonnenaufgang.de\/wp-content\/uploads\/2020\/04\/IMG_6575-300x200.jpg 300w, http:\/\/lichri.radeln-in-den-sonnenaufgang.de\/wp-content\/uploads\/2020\/04\/IMG_6575-768x512.jpg 768w, http:\/\/lichri.radeln-in-den-sonnenaufgang.de\/wp-content\/uploads\/2020\/04\/IMG_6575-1536x1024.jpg 1536w, http:\/\/lichri.radeln-in-den-sonnenaufgang.de\/wp-content\/uploads\/2020\/04\/IMG_6575.jpg 1800w\" sizes=\"(max-width: 767px) 89vw, (max-width: 1000px) 54vw, (max-width: 1071px) 543px, 580px\" \/><\/figure><\/li><li class=\"blocks-gallery-item\"><figure><img decoding=\"async\" loading=\"lazy\" width=\"1024\" height=\"683\" src=\"http:\/\/lichri.radeln-in-den-sonnenaufgang.de\/wp-content\/uploads\/2020\/04\/IMG_6542-1024x683.jpg\" alt=\"\" data-id=\"1896\" data-full-url=\"http:\/\/lichri.radeln-in-den-sonnenaufgang.de\/wp-content\/uploads\/2020\/04\/IMG_6542.jpg\" data-link=\"http:\/\/lichri.radeln-in-den-sonnenaufgang.de\/?attachment_id=1896\" class=\"wp-image-1896\" srcset=\"http:\/\/lichri.radeln-in-den-sonnenaufgang.de\/wp-content\/uploads\/2020\/04\/IMG_6542-1024x683.jpg 1024w, http:\/\/lichri.radeln-in-den-sonnenaufgang.de\/wp-content\/uploads\/2020\/04\/IMG_6542-300x200.jpg 300w, http:\/\/lichri.radeln-in-den-sonnenaufgang.de\/wp-content\/uploads\/2020\/04\/IMG_6542-768x512.jpg 768w, http:\/\/lichri.radeln-in-den-sonnenaufgang.de\/wp-content\/uploads\/2020\/04\/IMG_6542-1536x1024.jpg 1536w, http:\/\/lichri.radeln-in-den-sonnenaufgang.de\/wp-content\/uploads\/2020\/04\/IMG_6542.jpg 1800w\" sizes=\"(max-width: 767px) 89vw, (max-width: 1000px) 54vw, (max-width: 1071px) 543px, 580px\" \/><figcaption class=\"blocks-gallery-item__caption\">Im grauen Dunst der brennenden Felder und W\u00e4lder muss man manchmal etwas genauer hinsehen.<\/figcaption><\/figure><\/li><\/ul><\/figure>\n\n\n\n<p>Wir a\u00dfen in einem Stra\u00dfenlokal zu Mittag f\u00fcr umgerechnet knapp sechs Euro f\u00fcr f\u00fcnf Personen, bevor es dann den Berg hochging \u2013 800 H\u00f6henmeter. Der Weg war sch\u00f6n und kaum befahren. Wir kamen an mehreren Tempeln vorbei, sahen M\u00f6nche in einem uralten Mini an uns vorbeid\u00fcsen. Als wir schlie\u00dflich an einem kleinen Holzverschlag mit kleinem Laden-Tisch davor Rast machten, etwas Tee tranken und getrocknete Bananen snackten, wendeten sich pl\u00f6tzlich alle K\u00f6pfe der Radler ungl\u00e4ubig staunend dem entgegen, was da die Bergstra\u00dfe herunterkam: ein Elefant. Und oben drauf ein junger Bursche in dessen Genick. Wir f\u00fchlten uns wie im Traum. Und er starrte mindestens genauso fasziniert auf uns und unsere beladenen R\u00e4der herab, wie wir auf ihn und sein Reittier. Doch letzteres trug ihn &#8211; v\u00f6llig unbeeindruckt &#8211; einfach davon.<\/p>\n\n\n\n<div class=\"wp-block-image\"><figure class=\"aligncenter\"><img decoding=\"async\" loading=\"lazy\" width=\"683\" height=\"1024\" src=\"http:\/\/lichri.radeln-in-den-sonnenaufgang.de\/wp-content\/uploads\/2020\/04\/IMG_6609-683x1024.jpg\" alt=\"\" class=\"wp-image-1910\" srcset=\"http:\/\/lichri.radeln-in-den-sonnenaufgang.de\/wp-content\/uploads\/2020\/04\/IMG_6609-683x1024.jpg 683w, http:\/\/lichri.radeln-in-den-sonnenaufgang.de\/wp-content\/uploads\/2020\/04\/IMG_6609-200x300.jpg 200w, http:\/\/lichri.radeln-in-den-sonnenaufgang.de\/wp-content\/uploads\/2020\/04\/IMG_6609-768x1152.jpg 768w, http:\/\/lichri.radeln-in-den-sonnenaufgang.de\/wp-content\/uploads\/2020\/04\/IMG_6609-1024x1536.jpg 1024w, http:\/\/lichri.radeln-in-den-sonnenaufgang.de\/wp-content\/uploads\/2020\/04\/IMG_6609-rotated.jpg 1200w\" sizes=\"(max-width: 683px) 100vw, 683px\" \/><figcaption>Schwere und schwerbeladene Reittiere begegnen einander<\/figcaption><\/figure><\/div>\n\n\n\n<p>Dann, nach einigen weiteren Wendungen, Klostern, bemalten\nFelsen mit Stupaspitzen und Bauern, die im trockenen Gras arbeiteten, genossen\nwir endlich die lange, lange Abfahrt. Erst auf guten, dann auf sehr holprigen,\nzentimeterdick mit Staub bedeckten Stra\u00dfen. Das ging an die Substanz unserer\nR\u00e4der. Die Rauchfahnen, die wir vom Berg aus noch aufsteigen sahen, wurden nun\nzu Flammens\u00e4umen, die sich durch das Unterholz zu beiden Seiten des Weges fra\u00dfen.\nInmitten des Buschbrandes und auf teilweise kn\u00f6cheltief staubigen Stra\u00dfen brach\ndann noch Lisas Frontgep\u00e4cktr\u00e4ger von der Gabel, was sie damit l\u00f6ste, dass sie\ndie Radtasche von dort quer \u00fcber ihre Hinterradtaschen schnallte. Im\nzunehmenden Zwielicht, Rauch und Schwei\u00df unseres Angesichts, hofften wir auf\nein rasches Ankommen.<\/p>\n\n\n\n<figure class=\"is-layout-flex wp-block-gallery-27 wp-block-gallery columns-2\"><ul class=\"blocks-gallery-grid\"><li class=\"blocks-gallery-item\"><figure><img decoding=\"async\" loading=\"lazy\" width=\"1024\" height=\"683\" src=\"http:\/\/lichri.radeln-in-den-sonnenaufgang.de\/wp-content\/uploads\/2020\/04\/IMG_6625-1024x683.jpg\" alt=\"\" data-id=\"1915\" data-full-url=\"http:\/\/lichri.radeln-in-den-sonnenaufgang.de\/wp-content\/uploads\/2020\/04\/IMG_6625.jpg\" data-link=\"http:\/\/lichri.radeln-in-den-sonnenaufgang.de\/?attachment_id=1915\" class=\"wp-image-1915\" srcset=\"http:\/\/lichri.radeln-in-den-sonnenaufgang.de\/wp-content\/uploads\/2020\/04\/IMG_6625-1024x683.jpg 1024w, http:\/\/lichri.radeln-in-den-sonnenaufgang.de\/wp-content\/uploads\/2020\/04\/IMG_6625-300x200.jpg 300w, http:\/\/lichri.radeln-in-den-sonnenaufgang.de\/wp-content\/uploads\/2020\/04\/IMG_6625-768x512.jpg 768w, http:\/\/lichri.radeln-in-den-sonnenaufgang.de\/wp-content\/uploads\/2020\/04\/IMG_6625-1536x1024.jpg 1536w, http:\/\/lichri.radeln-in-den-sonnenaufgang.de\/wp-content\/uploads\/2020\/04\/IMG_6625.jpg 1800w\" sizes=\"(max-width: 767px) 89vw, (max-width: 1000px) 54vw, (max-width: 1071px) 543px, 580px\" \/><\/figure><\/li><li class=\"blocks-gallery-item\"><figure><img decoding=\"async\" loading=\"lazy\" width=\"1024\" height=\"683\" src=\"http:\/\/lichri.radeln-in-den-sonnenaufgang.de\/wp-content\/uploads\/2020\/04\/IMG_6626-1024x683.jpg\" alt=\"\" data-id=\"1916\" data-full-url=\"http:\/\/lichri.radeln-in-den-sonnenaufgang.de\/wp-content\/uploads\/2020\/04\/IMG_6626.jpg\" data-link=\"http:\/\/lichri.radeln-in-den-sonnenaufgang.de\/?attachment_id=1916\" class=\"wp-image-1916\" srcset=\"http:\/\/lichri.radeln-in-den-sonnenaufgang.de\/wp-content\/uploads\/2020\/04\/IMG_6626-1024x683.jpg 1024w, http:\/\/lichri.radeln-in-den-sonnenaufgang.de\/wp-content\/uploads\/2020\/04\/IMG_6626-300x200.jpg 300w, http:\/\/lichri.radeln-in-den-sonnenaufgang.de\/wp-content\/uploads\/2020\/04\/IMG_6626-768x512.jpg 768w, http:\/\/lichri.radeln-in-den-sonnenaufgang.de\/wp-content\/uploads\/2020\/04\/IMG_6626-1536x1024.jpg 1536w, http:\/\/lichri.radeln-in-den-sonnenaufgang.de\/wp-content\/uploads\/2020\/04\/IMG_6626.jpg 1800w\" sizes=\"(max-width: 767px) 89vw, (max-width: 1000px) 54vw, (max-width: 1071px) 543px, 580px\" \/><\/figure><\/li><li class=\"blocks-gallery-item\"><figure><img decoding=\"async\" loading=\"lazy\" width=\"683\" height=\"1024\" src=\"http:\/\/lichri.radeln-in-den-sonnenaufgang.de\/wp-content\/uploads\/2020\/04\/IMG_6654-683x1024.jpg\" alt=\"\" data-id=\"1918\" data-full-url=\"http:\/\/lichri.radeln-in-den-sonnenaufgang.de\/wp-content\/uploads\/2020\/04\/IMG_6654-rotated.jpg\" data-link=\"http:\/\/lichri.radeln-in-den-sonnenaufgang.de\/?attachment_id=1918\" class=\"wp-image-1918\" srcset=\"http:\/\/lichri.radeln-in-den-sonnenaufgang.de\/wp-content\/uploads\/2020\/04\/IMG_6654-683x1024.jpg 683w, http:\/\/lichri.radeln-in-den-sonnenaufgang.de\/wp-content\/uploads\/2020\/04\/IMG_6654-200x300.jpg 200w, http:\/\/lichri.radeln-in-den-sonnenaufgang.de\/wp-content\/uploads\/2020\/04\/IMG_6654-768x1152.jpg 768w, http:\/\/lichri.radeln-in-den-sonnenaufgang.de\/wp-content\/uploads\/2020\/04\/IMG_6654-1024x1536.jpg 1024w, http:\/\/lichri.radeln-in-den-sonnenaufgang.de\/wp-content\/uploads\/2020\/04\/IMG_6654-rotated.jpg 1200w\" sizes=\"(max-width: 683px) 100vw, 683px\" \/><\/figure><\/li><li class=\"blocks-gallery-item\"><figure><img decoding=\"async\" loading=\"lazy\" width=\"683\" height=\"1024\" src=\"http:\/\/lichri.radeln-in-den-sonnenaufgang.de\/wp-content\/uploads\/2020\/04\/IMG_6700-683x1024.jpg\" alt=\"\" data-id=\"1922\" data-full-url=\"http:\/\/lichri.radeln-in-den-sonnenaufgang.de\/wp-content\/uploads\/2020\/04\/IMG_6700-rotated.jpg\" data-link=\"http:\/\/lichri.radeln-in-den-sonnenaufgang.de\/?attachment_id=1922\" class=\"wp-image-1922\" srcset=\"http:\/\/lichri.radeln-in-den-sonnenaufgang.de\/wp-content\/uploads\/2020\/04\/IMG_6700-683x1024.jpg 683w, http:\/\/lichri.radeln-in-den-sonnenaufgang.de\/wp-content\/uploads\/2020\/04\/IMG_6700-200x300.jpg 200w, http:\/\/lichri.radeln-in-den-sonnenaufgang.de\/wp-content\/uploads\/2020\/04\/IMG_6700-768x1152.jpg 768w, http:\/\/lichri.radeln-in-den-sonnenaufgang.de\/wp-content\/uploads\/2020\/04\/IMG_6700-1024x1536.jpg 1024w, http:\/\/lichri.radeln-in-den-sonnenaufgang.de\/wp-content\/uploads\/2020\/04\/IMG_6700-rotated.jpg 1200w\" sizes=\"(max-width: 683px) 100vw, 683px\" \/><\/figure><\/li><li class=\"blocks-gallery-item\"><figure><img decoding=\"async\" loading=\"lazy\" width=\"1024\" height=\"683\" src=\"http:\/\/lichri.radeln-in-den-sonnenaufgang.de\/wp-content\/uploads\/2020\/04\/IMG_6648-1024x683.jpg\" alt=\"\" data-id=\"1917\" data-full-url=\"http:\/\/lichri.radeln-in-den-sonnenaufgang.de\/wp-content\/uploads\/2020\/04\/IMG_6648.jpg\" data-link=\"http:\/\/lichri.radeln-in-den-sonnenaufgang.de\/?attachment_id=1917\" class=\"wp-image-1917\" srcset=\"http:\/\/lichri.radeln-in-den-sonnenaufgang.de\/wp-content\/uploads\/2020\/04\/IMG_6648-1024x683.jpg 1024w, http:\/\/lichri.radeln-in-den-sonnenaufgang.de\/wp-content\/uploads\/2020\/04\/IMG_6648-300x200.jpg 300w, http:\/\/lichri.radeln-in-den-sonnenaufgang.de\/wp-content\/uploads\/2020\/04\/IMG_6648-768x512.jpg 768w, http:\/\/lichri.radeln-in-den-sonnenaufgang.de\/wp-content\/uploads\/2020\/04\/IMG_6648-1536x1024.jpg 1536w, http:\/\/lichri.radeln-in-den-sonnenaufgang.de\/wp-content\/uploads\/2020\/04\/IMG_6648.jpg 1800w\" sizes=\"(max-width: 767px) 89vw, (max-width: 1000px) 54vw, (max-width: 1071px) 543px, 580px\" \/><\/figure><\/li><li class=\"blocks-gallery-item\"><figure><img decoding=\"async\" loading=\"lazy\" width=\"1024\" height=\"683\" src=\"http:\/\/lichri.radeln-in-den-sonnenaufgang.de\/wp-content\/uploads\/2020\/04\/IMG_6701-1024x683.jpg\" alt=\"\" data-id=\"1923\" data-full-url=\"http:\/\/lichri.radeln-in-den-sonnenaufgang.de\/wp-content\/uploads\/2020\/04\/IMG_6701.jpg\" data-link=\"http:\/\/lichri.radeln-in-den-sonnenaufgang.de\/?attachment_id=1923\" class=\"wp-image-1923\" srcset=\"http:\/\/lichri.radeln-in-den-sonnenaufgang.de\/wp-content\/uploads\/2020\/04\/IMG_6701-1024x683.jpg 1024w, http:\/\/lichri.radeln-in-den-sonnenaufgang.de\/wp-content\/uploads\/2020\/04\/IMG_6701-300x200.jpg 300w, http:\/\/lichri.radeln-in-den-sonnenaufgang.de\/wp-content\/uploads\/2020\/04\/IMG_6701-768x512.jpg 768w, http:\/\/lichri.radeln-in-den-sonnenaufgang.de\/wp-content\/uploads\/2020\/04\/IMG_6701-1536x1024.jpg 1536w, http:\/\/lichri.radeln-in-den-sonnenaufgang.de\/wp-content\/uploads\/2020\/04\/IMG_6701.jpg 1800w\" sizes=\"(max-width: 767px) 89vw, (max-width: 1000px) 54vw, (max-width: 1071px) 543px, 580px\" \/><\/figure><\/li><li class=\"blocks-gallery-item\"><figure><img decoding=\"async\" loading=\"lazy\" width=\"1024\" height=\"683\" src=\"http:\/\/lichri.radeln-in-den-sonnenaufgang.de\/wp-content\/uploads\/2020\/04\/IMG_6678-1024x683.jpg\" alt=\"\" data-id=\"1920\" data-full-url=\"http:\/\/lichri.radeln-in-den-sonnenaufgang.de\/wp-content\/uploads\/2020\/04\/IMG_6678.jpg\" data-link=\"http:\/\/lichri.radeln-in-den-sonnenaufgang.de\/?attachment_id=1920\" class=\"wp-image-1920\" srcset=\"http:\/\/lichri.radeln-in-den-sonnenaufgang.de\/wp-content\/uploads\/2020\/04\/IMG_6678-1024x683.jpg 1024w, http:\/\/lichri.radeln-in-den-sonnenaufgang.de\/wp-content\/uploads\/2020\/04\/IMG_6678-300x200.jpg 300w, http:\/\/lichri.radeln-in-den-sonnenaufgang.de\/wp-content\/uploads\/2020\/04\/IMG_6678-768x512.jpg 768w, http:\/\/lichri.radeln-in-den-sonnenaufgang.de\/wp-content\/uploads\/2020\/04\/IMG_6678-1536x1024.jpg 1536w, http:\/\/lichri.radeln-in-den-sonnenaufgang.de\/wp-content\/uploads\/2020\/04\/IMG_6678.jpg 1800w\" sizes=\"(max-width: 767px) 89vw, (max-width: 1000px) 54vw, (max-width: 1071px) 543px, 580px\" \/><\/figure><\/li><\/ul><\/figure>\n\n\n\n<figure class=\"is-layout-flex wp-block-gallery-29 wp-block-gallery columns-1 is-cropped\"><ul class=\"blocks-gallery-grid\"><li class=\"blocks-gallery-item\"><figure><img decoding=\"async\" loading=\"lazy\" width=\"1024\" height=\"683\" src=\"http:\/\/lichri.radeln-in-den-sonnenaufgang.de\/wp-content\/uploads\/2020\/04\/IMG_6680-1024x683.jpg\" alt=\"\" data-id=\"1921\" data-full-url=\"http:\/\/lichri.radeln-in-den-sonnenaufgang.de\/wp-content\/uploads\/2020\/04\/IMG_6680.jpg\" data-link=\"http:\/\/lichri.radeln-in-den-sonnenaufgang.de\/?attachment_id=1921\" class=\"wp-image-1921\" srcset=\"http:\/\/lichri.radeln-in-den-sonnenaufgang.de\/wp-content\/uploads\/2020\/04\/IMG_6680-1024x683.jpg 1024w, http:\/\/lichri.radeln-in-den-sonnenaufgang.de\/wp-content\/uploads\/2020\/04\/IMG_6680-300x200.jpg 300w, http:\/\/lichri.radeln-in-den-sonnenaufgang.de\/wp-content\/uploads\/2020\/04\/IMG_6680-768x512.jpg 768w, http:\/\/lichri.radeln-in-den-sonnenaufgang.de\/wp-content\/uploads\/2020\/04\/IMG_6680-1536x1024.jpg 1536w, http:\/\/lichri.radeln-in-den-sonnenaufgang.de\/wp-content\/uploads\/2020\/04\/IMG_6680.jpg 1800w\" sizes=\"(max-width: 767px) 89vw, (max-width: 1000px) 54vw, (max-width: 1071px) 543px, 580px\" \/><\/figure><\/li><li class=\"blocks-gallery-item\"><figure><img decoding=\"async\" loading=\"lazy\" width=\"1024\" height=\"683\" src=\"http:\/\/lichri.radeln-in-den-sonnenaufgang.de\/wp-content\/uploads\/2020\/04\/IMG_6708-1024x683.jpg\" alt=\"\" data-id=\"1924\" data-full-url=\"http:\/\/lichri.radeln-in-den-sonnenaufgang.de\/wp-content\/uploads\/2020\/04\/IMG_6708.jpg\" data-link=\"http:\/\/lichri.radeln-in-den-sonnenaufgang.de\/?attachment_id=1924\" class=\"wp-image-1924\" srcset=\"http:\/\/lichri.radeln-in-den-sonnenaufgang.de\/wp-content\/uploads\/2020\/04\/IMG_6708-1024x683.jpg 1024w, http:\/\/lichri.radeln-in-den-sonnenaufgang.de\/wp-content\/uploads\/2020\/04\/IMG_6708-300x200.jpg 300w, http:\/\/lichri.radeln-in-den-sonnenaufgang.de\/wp-content\/uploads\/2020\/04\/IMG_6708-768x512.jpg 768w, http:\/\/lichri.radeln-in-den-sonnenaufgang.de\/wp-content\/uploads\/2020\/04\/IMG_6708-1536x1024.jpg 1536w, http:\/\/lichri.radeln-in-den-sonnenaufgang.de\/wp-content\/uploads\/2020\/04\/IMG_6708.jpg 1800w\" sizes=\"(max-width: 767px) 89vw, (max-width: 1000px) 54vw, (max-width: 1071px) 543px, 580px\" \/><\/figure><\/li><li class=\"blocks-gallery-item\"><figure><img decoding=\"async\" loading=\"lazy\" width=\"1024\" height=\"683\" src=\"http:\/\/lichri.radeln-in-den-sonnenaufgang.de\/wp-content\/uploads\/2020\/04\/IMG_6712-1024x683.jpg\" alt=\"\" data-id=\"1925\" data-full-url=\"http:\/\/lichri.radeln-in-den-sonnenaufgang.de\/wp-content\/uploads\/2020\/04\/IMG_6712.jpg\" data-link=\"http:\/\/lichri.radeln-in-den-sonnenaufgang.de\/?attachment_id=1925\" class=\"wp-image-1925\" srcset=\"http:\/\/lichri.radeln-in-den-sonnenaufgang.de\/wp-content\/uploads\/2020\/04\/IMG_6712-1024x683.jpg 1024w, http:\/\/lichri.radeln-in-den-sonnenaufgang.de\/wp-content\/uploads\/2020\/04\/IMG_6712-300x200.jpg 300w, http:\/\/lichri.radeln-in-den-sonnenaufgang.de\/wp-content\/uploads\/2020\/04\/IMG_6712-768x512.jpg 768w, http:\/\/lichri.radeln-in-den-sonnenaufgang.de\/wp-content\/uploads\/2020\/04\/IMG_6712-1536x1024.jpg 1536w, http:\/\/lichri.radeln-in-den-sonnenaufgang.de\/wp-content\/uploads\/2020\/04\/IMG_6712.jpg 1800w\" sizes=\"(max-width: 767px) 89vw, (max-width: 1000px) 54vw, (max-width: 1071px) 543px, 580px\" \/><\/figure><\/li><li class=\"blocks-gallery-item\"><figure><img decoding=\"async\" loading=\"lazy\" width=\"1024\" height=\"576\" src=\"http:\/\/lichri.radeln-in-den-sonnenaufgang.de\/wp-content\/uploads\/2020\/04\/DSC_0181-1024x576.jpg\" alt=\"\" data-id=\"1938\" data-full-url=\"http:\/\/lichri.radeln-in-den-sonnenaufgang.de\/wp-content\/uploads\/2020\/04\/DSC_0181.jpg\" data-link=\"http:\/\/lichri.radeln-in-den-sonnenaufgang.de\/?attachment_id=1938\" class=\"wp-image-1938\" srcset=\"http:\/\/lichri.radeln-in-den-sonnenaufgang.de\/wp-content\/uploads\/2020\/04\/DSC_0181-1024x576.jpg 1024w, http:\/\/lichri.radeln-in-den-sonnenaufgang.de\/wp-content\/uploads\/2020\/04\/DSC_0181-300x169.jpg 300w, http:\/\/lichri.radeln-in-den-sonnenaufgang.de\/wp-content\/uploads\/2020\/04\/DSC_0181-768x432.jpg 768w, http:\/\/lichri.radeln-in-den-sonnenaufgang.de\/wp-content\/uploads\/2020\/04\/DSC_0181-1536x864.jpg 1536w, http:\/\/lichri.radeln-in-den-sonnenaufgang.de\/wp-content\/uploads\/2020\/04\/DSC_0181-2048x1152.jpg 2048w\" sizes=\"(max-width: 767px) 89vw, (max-width: 1000px) 54vw, (max-width: 1071px) 543px, 580px\" \/><\/figure><\/li><li class=\"blocks-gallery-item\"><figure><img decoding=\"async\" loading=\"lazy\" width=\"1024\" height=\"683\" src=\"http:\/\/lichri.radeln-in-den-sonnenaufgang.de\/wp-content\/uploads\/2020\/04\/IMG_6759-1024x683.jpg\" alt=\"\" data-id=\"1928\" data-full-url=\"http:\/\/lichri.radeln-in-den-sonnenaufgang.de\/wp-content\/uploads\/2020\/04\/IMG_6759.jpg\" data-link=\"http:\/\/lichri.radeln-in-den-sonnenaufgang.de\/?attachment_id=1928\" class=\"wp-image-1928\" srcset=\"http:\/\/lichri.radeln-in-den-sonnenaufgang.de\/wp-content\/uploads\/2020\/04\/IMG_6759-1024x683.jpg 1024w, http:\/\/lichri.radeln-in-den-sonnenaufgang.de\/wp-content\/uploads\/2020\/04\/IMG_6759-300x200.jpg 300w, http:\/\/lichri.radeln-in-den-sonnenaufgang.de\/wp-content\/uploads\/2020\/04\/IMG_6759-768x512.jpg 768w, http:\/\/lichri.radeln-in-den-sonnenaufgang.de\/wp-content\/uploads\/2020\/04\/IMG_6759-1536x1024.jpg 1536w, http:\/\/lichri.radeln-in-den-sonnenaufgang.de\/wp-content\/uploads\/2020\/04\/IMG_6759.jpg 1800w\" sizes=\"(max-width: 767px) 89vw, (max-width: 1000px) 54vw, (max-width: 1071px) 543px, 580px\" \/><\/figure><\/li><li class=\"blocks-gallery-item\"><figure><img decoding=\"async\" loading=\"lazy\" width=\"1024\" height=\"768\" src=\"http:\/\/lichri.radeln-in-den-sonnenaufgang.de\/wp-content\/uploads\/2020\/04\/DSC_0202-1024x768.jpg\" alt=\"\" data-id=\"1941\" data-full-url=\"http:\/\/lichri.radeln-in-den-sonnenaufgang.de\/wp-content\/uploads\/2020\/04\/DSC_0202.jpg\" data-link=\"http:\/\/lichri.radeln-in-den-sonnenaufgang.de\/?attachment_id=1941\" class=\"wp-image-1941\" srcset=\"http:\/\/lichri.radeln-in-den-sonnenaufgang.de\/wp-content\/uploads\/2020\/04\/DSC_0202-1024x768.jpg 1024w, http:\/\/lichri.radeln-in-den-sonnenaufgang.de\/wp-content\/uploads\/2020\/04\/DSC_0202-300x225.jpg 300w, http:\/\/lichri.radeln-in-den-sonnenaufgang.de\/wp-content\/uploads\/2020\/04\/DSC_0202-768x576.jpg 768w, http:\/\/lichri.radeln-in-den-sonnenaufgang.de\/wp-content\/uploads\/2020\/04\/DSC_0202-1536x1152.jpg 1536w, http:\/\/lichri.radeln-in-den-sonnenaufgang.de\/wp-content\/uploads\/2020\/04\/DSC_0202.jpg 1600w\" sizes=\"(max-width: 767px) 89vw, (max-width: 1000px) 54vw, (max-width: 1071px) 543px, 580px\" \/><\/figure><\/li><li class=\"blocks-gallery-item\"><figure><img decoding=\"async\" loading=\"lazy\" width=\"1024\" height=\"683\" src=\"http:\/\/lichri.radeln-in-den-sonnenaufgang.de\/wp-content\/uploads\/2020\/04\/IMG_6720-1024x683.jpg\" alt=\"\" data-id=\"1926\" data-full-url=\"http:\/\/lichri.radeln-in-den-sonnenaufgang.de\/wp-content\/uploads\/2020\/04\/IMG_6720.jpg\" data-link=\"http:\/\/lichri.radeln-in-den-sonnenaufgang.de\/?attachment_id=1926\" class=\"wp-image-1926\" srcset=\"http:\/\/lichri.radeln-in-den-sonnenaufgang.de\/wp-content\/uploads\/2020\/04\/IMG_6720-1024x683.jpg 1024w, http:\/\/lichri.radeln-in-den-sonnenaufgang.de\/wp-content\/uploads\/2020\/04\/IMG_6720-300x200.jpg 300w, http:\/\/lichri.radeln-in-den-sonnenaufgang.de\/wp-content\/uploads\/2020\/04\/IMG_6720-768x512.jpg 768w, http:\/\/lichri.radeln-in-den-sonnenaufgang.de\/wp-content\/uploads\/2020\/04\/IMG_6720-1536x1024.jpg 1536w, http:\/\/lichri.radeln-in-den-sonnenaufgang.de\/wp-content\/uploads\/2020\/04\/IMG_6720.jpg 1800w\" sizes=\"(max-width: 767px) 89vw, (max-width: 1000px) 54vw, (max-width: 1071px) 543px, 580px\" \/><\/figure><\/li><li class=\"blocks-gallery-item\"><figure><img decoding=\"async\" loading=\"lazy\" width=\"1024\" height=\"683\" src=\"http:\/\/lichri.radeln-in-den-sonnenaufgang.de\/wp-content\/uploads\/2020\/04\/IMG_6789-1024x683.jpg\" alt=\"\" data-id=\"1932\" data-full-url=\"http:\/\/lichri.radeln-in-den-sonnenaufgang.de\/wp-content\/uploads\/2020\/04\/IMG_6789.jpg\" data-link=\"http:\/\/lichri.radeln-in-den-sonnenaufgang.de\/?attachment_id=1932\" class=\"wp-image-1932\" srcset=\"http:\/\/lichri.radeln-in-den-sonnenaufgang.de\/wp-content\/uploads\/2020\/04\/IMG_6789-1024x683.jpg 1024w, http:\/\/lichri.radeln-in-den-sonnenaufgang.de\/wp-content\/uploads\/2020\/04\/IMG_6789-300x200.jpg 300w, http:\/\/lichri.radeln-in-den-sonnenaufgang.de\/wp-content\/uploads\/2020\/04\/IMG_6789-768x512.jpg 768w, http:\/\/lichri.radeln-in-den-sonnenaufgang.de\/wp-content\/uploads\/2020\/04\/IMG_6789-1536x1024.jpg 1536w, http:\/\/lichri.radeln-in-den-sonnenaufgang.de\/wp-content\/uploads\/2020\/04\/IMG_6789.jpg 1800w\" sizes=\"(max-width: 767px) 89vw, (max-width: 1000px) 54vw, (max-width: 1071px) 543px, 580px\" \/><\/figure><\/li><li class=\"blocks-gallery-item\"><figure><img decoding=\"async\" loading=\"lazy\" width=\"1024\" height=\"683\" src=\"http:\/\/lichri.radeln-in-den-sonnenaufgang.de\/wp-content\/uploads\/2020\/04\/IMG_6812-1024x683.jpg\" alt=\"\" data-id=\"1934\" data-full-url=\"http:\/\/lichri.radeln-in-den-sonnenaufgang.de\/wp-content\/uploads\/2020\/04\/IMG_6812.jpg\" data-link=\"http:\/\/lichri.radeln-in-den-sonnenaufgang.de\/?attachment_id=1934\" class=\"wp-image-1934\" srcset=\"http:\/\/lichri.radeln-in-den-sonnenaufgang.de\/wp-content\/uploads\/2020\/04\/IMG_6812-1024x683.jpg 1024w, http:\/\/lichri.radeln-in-den-sonnenaufgang.de\/wp-content\/uploads\/2020\/04\/IMG_6812-300x200.jpg 300w, http:\/\/lichri.radeln-in-den-sonnenaufgang.de\/wp-content\/uploads\/2020\/04\/IMG_6812-768x512.jpg 768w, http:\/\/lichri.radeln-in-den-sonnenaufgang.de\/wp-content\/uploads\/2020\/04\/IMG_6812-1536x1024.jpg 1536w, http:\/\/lichri.radeln-in-den-sonnenaufgang.de\/wp-content\/uploads\/2020\/04\/IMG_6812.jpg 1800w\" sizes=\"(max-width: 767px) 89vw, (max-width: 1000px) 54vw, (max-width: 1071px) 543px, 580px\" \/><\/figure><\/li><li class=\"blocks-gallery-item\"><figure><img decoding=\"async\" loading=\"lazy\" width=\"683\" height=\"1024\" src=\"http:\/\/lichri.radeln-in-den-sonnenaufgang.de\/wp-content\/uploads\/2020\/04\/IMG_6732-683x1024.jpg\" alt=\"\" data-id=\"1927\" data-full-url=\"http:\/\/lichri.radeln-in-den-sonnenaufgang.de\/wp-content\/uploads\/2020\/04\/IMG_6732-rotated.jpg\" data-link=\"http:\/\/lichri.radeln-in-den-sonnenaufgang.de\/?attachment_id=1927\" class=\"wp-image-1927\" srcset=\"http:\/\/lichri.radeln-in-den-sonnenaufgang.de\/wp-content\/uploads\/2020\/04\/IMG_6732-683x1024.jpg 683w, http:\/\/lichri.radeln-in-den-sonnenaufgang.de\/wp-content\/uploads\/2020\/04\/IMG_6732-200x300.jpg 200w, http:\/\/lichri.radeln-in-den-sonnenaufgang.de\/wp-content\/uploads\/2020\/04\/IMG_6732-768x1152.jpg 768w, http:\/\/lichri.radeln-in-den-sonnenaufgang.de\/wp-content\/uploads\/2020\/04\/IMG_6732-1024x1536.jpg 1024w, http:\/\/lichri.radeln-in-den-sonnenaufgang.de\/wp-content\/uploads\/2020\/04\/IMG_6732-rotated.jpg 1200w\" sizes=\"(max-width: 683px) 100vw, 683px\" \/><\/figure><\/li><li class=\"blocks-gallery-item\"><figure><img decoding=\"async\" loading=\"lazy\" width=\"683\" height=\"1024\" src=\"http:\/\/lichri.radeln-in-den-sonnenaufgang.de\/wp-content\/uploads\/2020\/04\/IMG_6824-683x1024.jpg\" alt=\"\" data-id=\"1935\" data-full-url=\"http:\/\/lichri.radeln-in-den-sonnenaufgang.de\/wp-content\/uploads\/2020\/04\/IMG_6824-rotated.jpg\" data-link=\"http:\/\/lichri.radeln-in-den-sonnenaufgang.de\/?attachment_id=1935\" class=\"wp-image-1935\" srcset=\"http:\/\/lichri.radeln-in-den-sonnenaufgang.de\/wp-content\/uploads\/2020\/04\/IMG_6824-683x1024.jpg 683w, http:\/\/lichri.radeln-in-den-sonnenaufgang.de\/wp-content\/uploads\/2020\/04\/IMG_6824-200x300.jpg 200w, http:\/\/lichri.radeln-in-den-sonnenaufgang.de\/wp-content\/uploads\/2020\/04\/IMG_6824-768x1152.jpg 768w, http:\/\/lichri.radeln-in-den-sonnenaufgang.de\/wp-content\/uploads\/2020\/04\/IMG_6824-1024x1536.jpg 1024w, http:\/\/lichri.radeln-in-den-sonnenaufgang.de\/wp-content\/uploads\/2020\/04\/IMG_6824-rotated.jpg 1200w\" sizes=\"(max-width: 683px) 100vw, 683px\" \/><\/figure><\/li><li class=\"blocks-gallery-item\"><figure><img decoding=\"async\" loading=\"lazy\" width=\"1024\" height=\"683\" src=\"http:\/\/lichri.radeln-in-den-sonnenaufgang.de\/wp-content\/uploads\/2020\/04\/IMG_6836-1024x683.jpg\" alt=\"\" data-id=\"1936\" data-full-url=\"http:\/\/lichri.radeln-in-den-sonnenaufgang.de\/wp-content\/uploads\/2020\/04\/IMG_6836.jpg\" data-link=\"http:\/\/lichri.radeln-in-den-sonnenaufgang.de\/?attachment_id=1936\" class=\"wp-image-1936\" srcset=\"http:\/\/lichri.radeln-in-den-sonnenaufgang.de\/wp-content\/uploads\/2020\/04\/IMG_6836-1024x683.jpg 1024w, http:\/\/lichri.radeln-in-den-sonnenaufgang.de\/wp-content\/uploads\/2020\/04\/IMG_6836-300x200.jpg 300w, http:\/\/lichri.radeln-in-den-sonnenaufgang.de\/wp-content\/uploads\/2020\/04\/IMG_6836-768x512.jpg 768w, http:\/\/lichri.radeln-in-den-sonnenaufgang.de\/wp-content\/uploads\/2020\/04\/IMG_6836-1536x1024.jpg 1536w, http:\/\/lichri.radeln-in-den-sonnenaufgang.de\/wp-content\/uploads\/2020\/04\/IMG_6836.jpg 1800w\" sizes=\"(max-width: 767px) 89vw, (max-width: 1000px) 54vw, (max-width: 1071px) 543px, 580px\" \/><\/figure><\/li><\/ul><\/figure>\n\n\n\n<p>Als es schon dunkel wurde bog Yun endlich in einen Hof ein und erkl\u00e4rte, er wolle hier nur kurz ein Bier trinken, bevor es weiter geht. Wir waren schon ziemlich am Ende unserer Kr\u00e4fte f\u00fcr den heutigen Tag. Chris, erst irritiert und genervt, freute sich bei diesen Worten dann doch sehr \u00fcber die Aussicht auf ein k\u00fchles Bier. Wie sich herausstellte war das jedoch nur ein Scherz. Wir waren nicht zum Biertrinken hier \u2013 besser: wir hatten unser Tagesziel doch schon erreicht \u2013 das Haus der Familie von Yuns Ladenmanagerin. Diese nahmen uns neugierig, freundlich und herzlich auf. Sie hatten ein Festessen f\u00fcr uns gekocht und uns Pl\u00e4tze unter ihrem Dach frei ger\u00e4umt, wo wir schlafen d\u00fcrften.<\/p>\n\n\n\n<p>Wir a\u00dfen zu f\u00fcnft um einen kleinen runden Tisch und wurden\nk\u00f6niglich bewirtschaftet, in einem Haus, das nicht an die Elektrizit\u00e4t\nangeschlossen war (sie hatten eine Solarpanel f\u00fcr ein bisschen Licht am Abend).\nWir konnten davon ausgehen, dass diese Familie das beste Essen f\u00fcr uns gekocht\nhatte und dabei keine Kosten gescheut hat, obwohl sie sichtlich wenig hatten. Zudem\nist es in Myanmar verboten Ausl\u00e4nder im eigenen Haus aufzunehmen. Diese m\u00fcssen\nin Hotels oder daf\u00fcr vorgesehenen Unterk\u00fcnften untergebracht werden. Das wir\nauch streng kontrolliert. In dieser Nacht jedoch bekamen wir keinen Besuch von\nOffiziellen. <\/p>\n\n\n\n<p>Nachdem wir gegessen hatten, wurden die Reste in die K\u00fcche\nger\u00e4umt, wo sich die Familie versammelte und sie verputzte. Es war schon ein\nkomisches Gef\u00fchl so bevorzugt zu werden und es war uns allen auch ein wenig\nunangenehm \u2013 allen bis auf Yun, der ja wusste was passiert. <\/p>\n\n\n\n<p>Nach einer kurzen Dusche im Hof (f\u00fcr alle vorbeikommenden Motoradfahrer\nwaren wir der Hingucker schlechthin), fielen wir auf unsere Matten unter dem\nHausaltar und schliefen ein.<\/p>\n\n\n\n<figure class=\"is-layout-flex wp-block-gallery-31 wp-block-gallery columns-2 is-cropped\"><ul class=\"blocks-gallery-grid\"><li class=\"blocks-gallery-item\"><figure><img decoding=\"async\" loading=\"lazy\" width=\"768\" height=\"1024\" src=\"http:\/\/lichri.radeln-in-den-sonnenaufgang.de\/wp-content\/uploads\/2020\/04\/IMG-20200303-WA0003.jpg\" alt=\"\" data-id=\"2365\" data-full-url=\"http:\/\/lichri.radeln-in-den-sonnenaufgang.de\/wp-content\/uploads\/2020\/04\/IMG-20200303-WA0003.jpg\" data-link=\"http:\/\/lichri.radeln-in-den-sonnenaufgang.de\/?attachment_id=2365\" class=\"wp-image-2365\" srcset=\"http:\/\/lichri.radeln-in-den-sonnenaufgang.de\/wp-content\/uploads\/2020\/04\/IMG-20200303-WA0003.jpg 768w, http:\/\/lichri.radeln-in-den-sonnenaufgang.de\/wp-content\/uploads\/2020\/04\/IMG-20200303-WA0003-225x300.jpg 225w\" sizes=\"(max-width: 767px) 89vw, (max-width: 1000px) 54vw, (max-width: 1071px) 543px, 580px\" \/><\/figure><\/li><li class=\"blocks-gallery-item\"><figure><img decoding=\"async\" loading=\"lazy\" width=\"1024\" height=\"768\" src=\"http:\/\/lichri.radeln-in-den-sonnenaufgang.de\/wp-content\/uploads\/2020\/04\/IMG-20200303-WA0022.jpg\" alt=\"\" data-id=\"2372\" data-full-url=\"http:\/\/lichri.radeln-in-den-sonnenaufgang.de\/wp-content\/uploads\/2020\/04\/IMG-20200303-WA0022.jpg\" data-link=\"http:\/\/lichri.radeln-in-den-sonnenaufgang.de\/?attachment_id=2372\" class=\"wp-image-2372\" srcset=\"http:\/\/lichri.radeln-in-den-sonnenaufgang.de\/wp-content\/uploads\/2020\/04\/IMG-20200303-WA0022.jpg 1024w, http:\/\/lichri.radeln-in-den-sonnenaufgang.de\/wp-content\/uploads\/2020\/04\/IMG-20200303-WA0022-300x225.jpg 300w, http:\/\/lichri.radeln-in-den-sonnenaufgang.de\/wp-content\/uploads\/2020\/04\/IMG-20200303-WA0022-768x576.jpg 768w\" sizes=\"(max-width: 767px) 89vw, (max-width: 1000px) 54vw, (max-width: 1071px) 543px, 580px\" \/><\/figure><\/li><li class=\"blocks-gallery-item\"><figure><img decoding=\"async\" loading=\"lazy\" width=\"768\" height=\"1024\" src=\"http:\/\/lichri.radeln-in-den-sonnenaufgang.de\/wp-content\/uploads\/2020\/04\/IMG-20200303-WA0002.jpg\" alt=\"\" data-id=\"2364\" data-full-url=\"http:\/\/lichri.radeln-in-den-sonnenaufgang.de\/wp-content\/uploads\/2020\/04\/IMG-20200303-WA0002.jpg\" data-link=\"http:\/\/lichri.radeln-in-den-sonnenaufgang.de\/?attachment_id=2364\" class=\"wp-image-2364\" srcset=\"http:\/\/lichri.radeln-in-den-sonnenaufgang.de\/wp-content\/uploads\/2020\/04\/IMG-20200303-WA0002.jpg 768w, http:\/\/lichri.radeln-in-den-sonnenaufgang.de\/wp-content\/uploads\/2020\/04\/IMG-20200303-WA0002-225x300.jpg 225w\" sizes=\"(max-width: 767px) 89vw, (max-width: 1000px) 54vw, (max-width: 1071px) 543px, 580px\" \/><\/figure><\/li><li class=\"blocks-gallery-item\"><figure><img decoding=\"async\" loading=\"lazy\" width=\"768\" height=\"1024\" src=\"http:\/\/lichri.radeln-in-den-sonnenaufgang.de\/wp-content\/uploads\/2020\/04\/IMG-20200303-WA0027.jpg\" alt=\"\" data-id=\"2374\" data-full-url=\"http:\/\/lichri.radeln-in-den-sonnenaufgang.de\/wp-content\/uploads\/2020\/04\/IMG-20200303-WA0027.jpg\" data-link=\"http:\/\/lichri.radeln-in-den-sonnenaufgang.de\/?attachment_id=2374\" class=\"wp-image-2374\" srcset=\"http:\/\/lichri.radeln-in-den-sonnenaufgang.de\/wp-content\/uploads\/2020\/04\/IMG-20200303-WA0027.jpg 768w, http:\/\/lichri.radeln-in-den-sonnenaufgang.de\/wp-content\/uploads\/2020\/04\/IMG-20200303-WA0027-225x300.jpg 225w\" sizes=\"(max-width: 767px) 89vw, (max-width: 1000px) 54vw, (max-width: 1071px) 543px, 580px\" \/><\/figure><\/li><li class=\"blocks-gallery-item\"><figure><img decoding=\"async\" loading=\"lazy\" width=\"768\" height=\"1024\" src=\"http:\/\/lichri.radeln-in-den-sonnenaufgang.de\/wp-content\/uploads\/2020\/04\/DSC_0209-768x1024.jpg\" alt=\"\" data-id=\"1947\" data-full-url=\"http:\/\/lichri.radeln-in-den-sonnenaufgang.de\/wp-content\/uploads\/2020\/04\/DSC_0209-rotated.jpg\" data-link=\"http:\/\/lichri.radeln-in-den-sonnenaufgang.de\/?attachment_id=1947\" class=\"wp-image-1947\" srcset=\"http:\/\/lichri.radeln-in-den-sonnenaufgang.de\/wp-content\/uploads\/2020\/04\/DSC_0209-768x1024.jpg 768w, http:\/\/lichri.radeln-in-den-sonnenaufgang.de\/wp-content\/uploads\/2020\/04\/DSC_0209-225x300.jpg 225w, http:\/\/lichri.radeln-in-den-sonnenaufgang.de\/wp-content\/uploads\/2020\/04\/DSC_0209-1152x1536.jpg 1152w, http:\/\/lichri.radeln-in-den-sonnenaufgang.de\/wp-content\/uploads\/2020\/04\/DSC_0209-rotated.jpg 1200w\" sizes=\"(max-width: 767px) 89vw, (max-width: 1000px) 54vw, (max-width: 1071px) 543px, 580px\" \/><\/figure><\/li><li class=\"blocks-gallery-item\"><figure><img decoding=\"async\" loading=\"lazy\" width=\"1024\" height=\"768\" src=\"http:\/\/lichri.radeln-in-den-sonnenaufgang.de\/wp-content\/uploads\/2020\/04\/IMG-20200303-WA0004.jpg\" alt=\"\" data-id=\"2366\" data-full-url=\"http:\/\/lichri.radeln-in-den-sonnenaufgang.de\/wp-content\/uploads\/2020\/04\/IMG-20200303-WA0004.jpg\" data-link=\"http:\/\/lichri.radeln-in-den-sonnenaufgang.de\/?attachment_id=2366\" class=\"wp-image-2366\" srcset=\"http:\/\/lichri.radeln-in-den-sonnenaufgang.de\/wp-content\/uploads\/2020\/04\/IMG-20200303-WA0004.jpg 1024w, http:\/\/lichri.radeln-in-den-sonnenaufgang.de\/wp-content\/uploads\/2020\/04\/IMG-20200303-WA0004-300x225.jpg 300w, http:\/\/lichri.radeln-in-den-sonnenaufgang.de\/wp-content\/uploads\/2020\/04\/IMG-20200303-WA0004-768x576.jpg 768w\" sizes=\"(max-width: 767px) 89vw, (max-width: 1000px) 54vw, (max-width: 1071px) 543px, 580px\" \/><\/figure><\/li><li class=\"blocks-gallery-item\"><figure><img decoding=\"async\" loading=\"lazy\" width=\"768\" height=\"1024\" src=\"http:\/\/lichri.radeln-in-den-sonnenaufgang.de\/wp-content\/uploads\/2020\/04\/DSC_0208-768x1024.jpg\" alt=\"\" data-id=\"1945\" data-full-url=\"http:\/\/lichri.radeln-in-den-sonnenaufgang.de\/wp-content\/uploads\/2020\/04\/DSC_0208-rotated.jpg\" data-link=\"http:\/\/lichri.radeln-in-den-sonnenaufgang.de\/?attachment_id=1945\" class=\"wp-image-1945\" srcset=\"http:\/\/lichri.radeln-in-den-sonnenaufgang.de\/wp-content\/uploads\/2020\/04\/DSC_0208-768x1024.jpg 768w, http:\/\/lichri.radeln-in-den-sonnenaufgang.de\/wp-content\/uploads\/2020\/04\/DSC_0208-225x300.jpg 225w, http:\/\/lichri.radeln-in-den-sonnenaufgang.de\/wp-content\/uploads\/2020\/04\/DSC_0208-1152x1536.jpg 1152w, http:\/\/lichri.radeln-in-den-sonnenaufgang.de\/wp-content\/uploads\/2020\/04\/DSC_0208-rotated.jpg 1200w\" sizes=\"(max-width: 767px) 89vw, (max-width: 1000px) 54vw, (max-width: 1071px) 543px, 580px\" \/><\/figure><\/li><\/ul><\/figure>\n\n\n\n<p>Am n\u00e4chsten Morgen wurden wir erneut mit gutem, reichlichem\nFr\u00fchst\u00fcck verabschiedet, bevor es auf die staubigen Pisten ging, die in keiner\nKarte verzeichnet waren. Sp\u00e4ter fuhren wir auf Asphalt und Betonwegen, vorbei\nan Dorfgemeinschaften, die die Stra\u00dfe betonierten und einen Spendentopf\naufgestellt hatten. Yun erkl\u00e4rte, dass die Regierung sich nicht um die Stra\u00dfen\nin Kamer Gebieten k\u00fcmmert. Wir kamen in eine Kleinstadt, in der wir uns mit\nLongyis (Wickelr\u00f6cken die von M\u00e4nnern und Frauen gleicherma\u00dfen getragen werden)\neindeckten. <\/p>\n\n\n\n<figure class=\"is-layout-flex wp-block-gallery-33 wp-block-gallery columns-2 is-cropped\"><ul class=\"blocks-gallery-grid\"><li class=\"blocks-gallery-item\"><figure><img decoding=\"async\" loading=\"lazy\" width=\"1024\" height=\"768\" src=\"http:\/\/lichri.radeln-in-den-sonnenaufgang.de\/wp-content\/uploads\/2020\/04\/DSC_0236-1024x768.jpg\" alt=\"\" data-id=\"1954\" data-full-url=\"http:\/\/lichri.radeln-in-den-sonnenaufgang.de\/wp-content\/uploads\/2020\/04\/DSC_0236.jpg\" data-link=\"http:\/\/lichri.radeln-in-den-sonnenaufgang.de\/?attachment_id=1954\" class=\"wp-image-1954\" srcset=\"http:\/\/lichri.radeln-in-den-sonnenaufgang.de\/wp-content\/uploads\/2020\/04\/DSC_0236-1024x768.jpg 1024w, http:\/\/lichri.radeln-in-den-sonnenaufgang.de\/wp-content\/uploads\/2020\/04\/DSC_0236-300x225.jpg 300w, http:\/\/lichri.radeln-in-den-sonnenaufgang.de\/wp-content\/uploads\/2020\/04\/DSC_0236-768x576.jpg 768w, http:\/\/lichri.radeln-in-den-sonnenaufgang.de\/wp-content\/uploads\/2020\/04\/DSC_0236-1536x1152.jpg 1536w, http:\/\/lichri.radeln-in-den-sonnenaufgang.de\/wp-content\/uploads\/2020\/04\/DSC_0236.jpg 1600w\" sizes=\"(max-width: 767px) 89vw, (max-width: 1000px) 54vw, (max-width: 1071px) 543px, 580px\" \/><\/figure><\/li><li class=\"blocks-gallery-item\"><figure><img decoding=\"async\" loading=\"lazy\" width=\"1024\" height=\"576\" src=\"http:\/\/lichri.radeln-in-den-sonnenaufgang.de\/wp-content\/uploads\/2020\/04\/DSC_0228-1024x576.jpg\" alt=\"\" data-id=\"1950\" data-full-url=\"http:\/\/lichri.radeln-in-den-sonnenaufgang.de\/wp-content\/uploads\/2020\/04\/DSC_0228.jpg\" data-link=\"http:\/\/lichri.radeln-in-den-sonnenaufgang.de\/?attachment_id=1950\" class=\"wp-image-1950\" srcset=\"http:\/\/lichri.radeln-in-den-sonnenaufgang.de\/wp-content\/uploads\/2020\/04\/DSC_0228-1024x576.jpg 1024w, http:\/\/lichri.radeln-in-den-sonnenaufgang.de\/wp-content\/uploads\/2020\/04\/DSC_0228-300x169.jpg 300w, http:\/\/lichri.radeln-in-den-sonnenaufgang.de\/wp-content\/uploads\/2020\/04\/DSC_0228-768x432.jpg 768w, http:\/\/lichri.radeln-in-den-sonnenaufgang.de\/wp-content\/uploads\/2020\/04\/DSC_0228-1536x864.jpg 1536w, http:\/\/lichri.radeln-in-den-sonnenaufgang.de\/wp-content\/uploads\/2020\/04\/DSC_0228-2048x1152.jpg 2048w\" sizes=\"(max-width: 767px) 89vw, (max-width: 1000px) 54vw, (max-width: 1071px) 543px, 580px\" \/><\/figure><\/li><li class=\"blocks-gallery-item\"><figure><img decoding=\"async\" loading=\"lazy\" width=\"1024\" height=\"768\" src=\"http:\/\/lichri.radeln-in-den-sonnenaufgang.de\/wp-content\/uploads\/2020\/04\/DSC_0231-1024x768.jpg\" alt=\"\" data-id=\"1952\" data-full-url=\"http:\/\/lichri.radeln-in-den-sonnenaufgang.de\/wp-content\/uploads\/2020\/04\/DSC_0231.jpg\" data-link=\"http:\/\/lichri.radeln-in-den-sonnenaufgang.de\/?attachment_id=1952\" class=\"wp-image-1952\" srcset=\"http:\/\/lichri.radeln-in-den-sonnenaufgang.de\/wp-content\/uploads\/2020\/04\/DSC_0231-1024x768.jpg 1024w, http:\/\/lichri.radeln-in-den-sonnenaufgang.de\/wp-content\/uploads\/2020\/04\/DSC_0231-300x225.jpg 300w, http:\/\/lichri.radeln-in-den-sonnenaufgang.de\/wp-content\/uploads\/2020\/04\/DSC_0231-768x576.jpg 768w, http:\/\/lichri.radeln-in-den-sonnenaufgang.de\/wp-content\/uploads\/2020\/04\/DSC_0231-1536x1152.jpg 1536w, http:\/\/lichri.radeln-in-den-sonnenaufgang.de\/wp-content\/uploads\/2020\/04\/DSC_0231.jpg 1600w\" sizes=\"(max-width: 767px) 89vw, (max-width: 1000px) 54vw, (max-width: 1071px) 543px, 580px\" \/><\/figure><\/li><li class=\"blocks-gallery-item\"><figure><img decoding=\"async\" loading=\"lazy\" width=\"1024\" height=\"768\" src=\"http:\/\/lichri.radeln-in-den-sonnenaufgang.de\/wp-content\/uploads\/2020\/04\/IMG-20200303-WA0006.jpg\" alt=\"\" data-id=\"2368\" data-full-url=\"http:\/\/lichri.radeln-in-den-sonnenaufgang.de\/wp-content\/uploads\/2020\/04\/IMG-20200303-WA0006.jpg\" data-link=\"http:\/\/lichri.radeln-in-den-sonnenaufgang.de\/?attachment_id=2368\" class=\"wp-image-2368\" srcset=\"http:\/\/lichri.radeln-in-den-sonnenaufgang.de\/wp-content\/uploads\/2020\/04\/IMG-20200303-WA0006.jpg 1024w, http:\/\/lichri.radeln-in-den-sonnenaufgang.de\/wp-content\/uploads\/2020\/04\/IMG-20200303-WA0006-300x225.jpg 300w, http:\/\/lichri.radeln-in-den-sonnenaufgang.de\/wp-content\/uploads\/2020\/04\/IMG-20200303-WA0006-768x576.jpg 768w\" sizes=\"(max-width: 767px) 89vw, (max-width: 1000px) 54vw, (max-width: 1071px) 543px, 580px\" \/><\/figure><\/li><li class=\"blocks-gallery-item\"><figure><img decoding=\"async\" loading=\"lazy\" width=\"768\" height=\"1024\" src=\"http:\/\/lichri.radeln-in-den-sonnenaufgang.de\/wp-content\/uploads\/2020\/04\/IMG-20200303-WA0014.jpg\" alt=\"\" data-id=\"2370\" data-full-url=\"http:\/\/lichri.radeln-in-den-sonnenaufgang.de\/wp-content\/uploads\/2020\/04\/IMG-20200303-WA0014.jpg\" data-link=\"http:\/\/lichri.radeln-in-den-sonnenaufgang.de\/?attachment_id=2370\" class=\"wp-image-2370\" srcset=\"http:\/\/lichri.radeln-in-den-sonnenaufgang.de\/wp-content\/uploads\/2020\/04\/IMG-20200303-WA0014.jpg 768w, http:\/\/lichri.radeln-in-den-sonnenaufgang.de\/wp-content\/uploads\/2020\/04\/IMG-20200303-WA0014-225x300.jpg 225w\" sizes=\"(max-width: 767px) 89vw, (max-width: 1000px) 54vw, (max-width: 1071px) 543px, 580px\" \/><\/figure><\/li><li class=\"blocks-gallery-item\"><figure><img decoding=\"async\" loading=\"lazy\" width=\"768\" height=\"1024\" src=\"http:\/\/lichri.radeln-in-den-sonnenaufgang.de\/wp-content\/uploads\/2020\/04\/DSC_0250-768x1024.jpg\" alt=\"\" data-id=\"1956\" data-full-url=\"http:\/\/lichri.radeln-in-den-sonnenaufgang.de\/wp-content\/uploads\/2020\/04\/DSC_0250-rotated.jpg\" data-link=\"http:\/\/lichri.radeln-in-den-sonnenaufgang.de\/?attachment_id=1956\" class=\"wp-image-1956\" srcset=\"http:\/\/lichri.radeln-in-den-sonnenaufgang.de\/wp-content\/uploads\/2020\/04\/DSC_0250-768x1024.jpg 768w, http:\/\/lichri.radeln-in-den-sonnenaufgang.de\/wp-content\/uploads\/2020\/04\/DSC_0250-225x300.jpg 225w, http:\/\/lichri.radeln-in-den-sonnenaufgang.de\/wp-content\/uploads\/2020\/04\/DSC_0250-1152x1536.jpg 1152w, http:\/\/lichri.radeln-in-den-sonnenaufgang.de\/wp-content\/uploads\/2020\/04\/DSC_0250-rotated.jpg 1200w\" sizes=\"(max-width: 767px) 89vw, (max-width: 1000px) 54vw, (max-width: 1071px) 543px, 580px\" \/><\/figure><\/li><\/ul><\/figure>\n\n\n\n<p>An einer von vielen Spendenstellen f\u00fcr Pagodas blieben wir\nstehen, a\u00dfen Melonen und Yun schickte Chris zum Fotografieren zur Pagoda, 600\nMeter abseits des Weges. Diese war sehr pomp\u00f6s. Ein Mann f\u00fchrte Chris zum\nGoldenen Berg hinauf, wo er sich niederwarf und Chris bedeutete es ihm\ngleichzutun. Aus Respekt aber mit flauem Gef\u00fchl gehorchte er, zu Gott betend. <\/p>\n\n\n\n<figure class=\"is-layout-flex wp-block-gallery-35 wp-block-gallery columns-1 is-cropped\"><ul class=\"blocks-gallery-grid\"><li class=\"blocks-gallery-item\"><figure><img decoding=\"async\" loading=\"lazy\" width=\"1024\" height=\"683\" src=\"http:\/\/lichri.radeln-in-den-sonnenaufgang.de\/wp-content\/uploads\/2020\/04\/IMG_6882-1024x683.jpg\" alt=\"\" data-id=\"1957\" data-full-url=\"http:\/\/lichri.radeln-in-den-sonnenaufgang.de\/wp-content\/uploads\/2020\/04\/IMG_6882.jpg\" data-link=\"http:\/\/lichri.radeln-in-den-sonnenaufgang.de\/?attachment_id=1957\" class=\"wp-image-1957\" srcset=\"http:\/\/lichri.radeln-in-den-sonnenaufgang.de\/wp-content\/uploads\/2020\/04\/IMG_6882-1024x683.jpg 1024w, http:\/\/lichri.radeln-in-den-sonnenaufgang.de\/wp-content\/uploads\/2020\/04\/IMG_6882-300x200.jpg 300w, http:\/\/lichri.radeln-in-den-sonnenaufgang.de\/wp-content\/uploads\/2020\/04\/IMG_6882-768x512.jpg 768w, http:\/\/lichri.radeln-in-den-sonnenaufgang.de\/wp-content\/uploads\/2020\/04\/IMG_6882-1536x1024.jpg 1536w, http:\/\/lichri.radeln-in-den-sonnenaufgang.de\/wp-content\/uploads\/2020\/04\/IMG_6882.jpg 1800w\" sizes=\"(max-width: 767px) 89vw, (max-width: 1000px) 54vw, (max-width: 1071px) 543px, 580px\" \/><\/figure><\/li><li class=\"blocks-gallery-item\"><figure><img decoding=\"async\" loading=\"lazy\" width=\"1024\" height=\"683\" src=\"http:\/\/lichri.radeln-in-den-sonnenaufgang.de\/wp-content\/uploads\/2020\/04\/IMG_6893-1024x683.jpg\" alt=\"\" data-id=\"1958\" data-full-url=\"http:\/\/lichri.radeln-in-den-sonnenaufgang.de\/wp-content\/uploads\/2020\/04\/IMG_6893.jpg\" data-link=\"http:\/\/lichri.radeln-in-den-sonnenaufgang.de\/?attachment_id=1958\" class=\"wp-image-1958\" srcset=\"http:\/\/lichri.radeln-in-den-sonnenaufgang.de\/wp-content\/uploads\/2020\/04\/IMG_6893-1024x683.jpg 1024w, http:\/\/lichri.radeln-in-den-sonnenaufgang.de\/wp-content\/uploads\/2020\/04\/IMG_6893-300x200.jpg 300w, http:\/\/lichri.radeln-in-den-sonnenaufgang.de\/wp-content\/uploads\/2020\/04\/IMG_6893-768x512.jpg 768w, http:\/\/lichri.radeln-in-den-sonnenaufgang.de\/wp-content\/uploads\/2020\/04\/IMG_6893-1536x1024.jpg 1536w, http:\/\/lichri.radeln-in-den-sonnenaufgang.de\/wp-content\/uploads\/2020\/04\/IMG_6893.jpg 1800w\" sizes=\"(max-width: 767px) 89vw, (max-width: 1000px) 54vw, (max-width: 1071px) 543px, 580px\" \/><\/figure><\/li><li class=\"blocks-gallery-item\"><figure><img decoding=\"async\" loading=\"lazy\" width=\"1024\" height=\"683\" src=\"http:\/\/lichri.radeln-in-den-sonnenaufgang.de\/wp-content\/uploads\/2020\/04\/IMG_6897-1024x683.jpg\" alt=\"\" data-id=\"1959\" data-full-url=\"http:\/\/lichri.radeln-in-den-sonnenaufgang.de\/wp-content\/uploads\/2020\/04\/IMG_6897.jpg\" data-link=\"http:\/\/lichri.radeln-in-den-sonnenaufgang.de\/?attachment_id=1959\" class=\"wp-image-1959\" srcset=\"http:\/\/lichri.radeln-in-den-sonnenaufgang.de\/wp-content\/uploads\/2020\/04\/IMG_6897-1024x683.jpg 1024w, http:\/\/lichri.radeln-in-den-sonnenaufgang.de\/wp-content\/uploads\/2020\/04\/IMG_6897-300x200.jpg 300w, http:\/\/lichri.radeln-in-den-sonnenaufgang.de\/wp-content\/uploads\/2020\/04\/IMG_6897-768x512.jpg 768w, http:\/\/lichri.radeln-in-den-sonnenaufgang.de\/wp-content\/uploads\/2020\/04\/IMG_6897-1536x1024.jpg 1536w, http:\/\/lichri.radeln-in-den-sonnenaufgang.de\/wp-content\/uploads\/2020\/04\/IMG_6897.jpg 1800w\" sizes=\"(max-width: 767px) 89vw, (max-width: 1000px) 54vw, (max-width: 1071px) 543px, 580px\" \/><\/figure><\/li><li class=\"blocks-gallery-item\"><figure><img decoding=\"async\" loading=\"lazy\" width=\"1024\" height=\"768\" src=\"http:\/\/lichri.radeln-in-den-sonnenaufgang.de\/wp-content\/uploads\/2020\/04\/DSC_0260-1024x768.jpg\" alt=\"\" data-id=\"1972\" data-full-url=\"http:\/\/lichri.radeln-in-den-sonnenaufgang.de\/wp-content\/uploads\/2020\/04\/DSC_0260.jpg\" data-link=\"http:\/\/lichri.radeln-in-den-sonnenaufgang.de\/?attachment_id=1972\" class=\"wp-image-1972\" srcset=\"http:\/\/lichri.radeln-in-den-sonnenaufgang.de\/wp-content\/uploads\/2020\/04\/DSC_0260-1024x768.jpg 1024w, http:\/\/lichri.radeln-in-den-sonnenaufgang.de\/wp-content\/uploads\/2020\/04\/DSC_0260-300x225.jpg 300w, http:\/\/lichri.radeln-in-den-sonnenaufgang.de\/wp-content\/uploads\/2020\/04\/DSC_0260-768x576.jpg 768w, http:\/\/lichri.radeln-in-den-sonnenaufgang.de\/wp-content\/uploads\/2020\/04\/DSC_0260-1536x1152.jpg 1536w, http:\/\/lichri.radeln-in-den-sonnenaufgang.de\/wp-content\/uploads\/2020\/04\/DSC_0260.jpg 1600w\" sizes=\"(max-width: 767px) 89vw, (max-width: 1000px) 54vw, (max-width: 1071px) 543px, 580px\" \/><\/figure><\/li><li class=\"blocks-gallery-item\"><figure><img decoding=\"async\" loading=\"lazy\" width=\"683\" height=\"1024\" src=\"http:\/\/lichri.radeln-in-den-sonnenaufgang.de\/wp-content\/uploads\/2020\/04\/IMG_6909-683x1024.jpg\" alt=\"\" data-id=\"1963\" data-full-url=\"http:\/\/lichri.radeln-in-den-sonnenaufgang.de\/wp-content\/uploads\/2020\/04\/IMG_6909-rotated.jpg\" data-link=\"http:\/\/lichri.radeln-in-den-sonnenaufgang.de\/?attachment_id=1963\" class=\"wp-image-1963\" srcset=\"http:\/\/lichri.radeln-in-den-sonnenaufgang.de\/wp-content\/uploads\/2020\/04\/IMG_6909-683x1024.jpg 683w, http:\/\/lichri.radeln-in-den-sonnenaufgang.de\/wp-content\/uploads\/2020\/04\/IMG_6909-200x300.jpg 200w, http:\/\/lichri.radeln-in-den-sonnenaufgang.de\/wp-content\/uploads\/2020\/04\/IMG_6909-768x1152.jpg 768w, http:\/\/lichri.radeln-in-den-sonnenaufgang.de\/wp-content\/uploads\/2020\/04\/IMG_6909-1024x1536.jpg 1024w, http:\/\/lichri.radeln-in-den-sonnenaufgang.de\/wp-content\/uploads\/2020\/04\/IMG_6909-rotated.jpg 1200w\" sizes=\"(max-width: 683px) 100vw, 683px\" \/><\/figure><\/li><li class=\"blocks-gallery-item\"><figure><img decoding=\"async\" loading=\"lazy\" width=\"1024\" height=\"683\" src=\"http:\/\/lichri.radeln-in-den-sonnenaufgang.de\/wp-content\/uploads\/2020\/04\/IMG_6930-1024x683.jpg\" alt=\"\" data-id=\"1965\" data-full-url=\"http:\/\/lichri.radeln-in-den-sonnenaufgang.de\/wp-content\/uploads\/2020\/04\/IMG_6930.jpg\" data-link=\"http:\/\/lichri.radeln-in-den-sonnenaufgang.de\/?attachment_id=1965\" class=\"wp-image-1965\" srcset=\"http:\/\/lichri.radeln-in-den-sonnenaufgang.de\/wp-content\/uploads\/2020\/04\/IMG_6930-1024x683.jpg 1024w, http:\/\/lichri.radeln-in-den-sonnenaufgang.de\/wp-content\/uploads\/2020\/04\/IMG_6930-300x200.jpg 300w, http:\/\/lichri.radeln-in-den-sonnenaufgang.de\/wp-content\/uploads\/2020\/04\/IMG_6930-768x512.jpg 768w, http:\/\/lichri.radeln-in-den-sonnenaufgang.de\/wp-content\/uploads\/2020\/04\/IMG_6930-1536x1024.jpg 1536w, http:\/\/lichri.radeln-in-den-sonnenaufgang.de\/wp-content\/uploads\/2020\/04\/IMG_6930.jpg 1800w\" sizes=\"(max-width: 767px) 89vw, (max-width: 1000px) 54vw, (max-width: 1071px) 543px, 580px\" \/><figcaption class=\"blocks-gallery-item__caption\">Wir kamen an jeder Menge Pagoden und den dazugeh\u00f6rigen Buddhastatuen vorbei<\/figcaption><\/figure><\/li><li class=\"blocks-gallery-item\"><figure><img decoding=\"async\" loading=\"lazy\" width=\"1024\" height=\"683\" src=\"http:\/\/lichri.radeln-in-den-sonnenaufgang.de\/wp-content\/uploads\/2020\/04\/IMG_6926-1024x683.jpg\" alt=\"\" data-id=\"1964\" data-full-url=\"http:\/\/lichri.radeln-in-den-sonnenaufgang.de\/wp-content\/uploads\/2020\/04\/IMG_6926.jpg\" data-link=\"http:\/\/lichri.radeln-in-den-sonnenaufgang.de\/?attachment_id=1964\" class=\"wp-image-1964\" srcset=\"http:\/\/lichri.radeln-in-den-sonnenaufgang.de\/wp-content\/uploads\/2020\/04\/IMG_6926-1024x683.jpg 1024w, http:\/\/lichri.radeln-in-den-sonnenaufgang.de\/wp-content\/uploads\/2020\/04\/IMG_6926-300x200.jpg 300w, http:\/\/lichri.radeln-in-den-sonnenaufgang.de\/wp-content\/uploads\/2020\/04\/IMG_6926-768x512.jpg 768w, http:\/\/lichri.radeln-in-den-sonnenaufgang.de\/wp-content\/uploads\/2020\/04\/IMG_6926-1536x1024.jpg 1536w, http:\/\/lichri.radeln-in-den-sonnenaufgang.de\/wp-content\/uploads\/2020\/04\/IMG_6926.jpg 1800w\" sizes=\"(max-width: 767px) 89vw, (max-width: 1000px) 54vw, (max-width: 1071px) 543px, 580px\" \/><figcaption class=\"blocks-gallery-item__caption\">Bereits als bei der Melonen-Zoll-Pagoda von oben hat man es Wummern h\u00f6ren. Wir kamen in eine Siedlung, in der man irgendetwas mit derart lauter Musik feierte, dass wir ernsthaft Angst um unsre Trommelfelle hatten. Wie hielten die tanzenden Menschen vor den Lautsprecherw\u00e4gen den H\u00f6llenl\u00e4rm aus?! Uns tun bei der Erinnerung an die sich eingebrannten  Beats noch die Ohren weh.<\/figcaption><\/figure><\/li><li class=\"blocks-gallery-item\"><figure><img decoding=\"async\" loading=\"lazy\" width=\"1024\" height=\"768\" src=\"http:\/\/lichri.radeln-in-den-sonnenaufgang.de\/wp-content\/uploads\/2020\/04\/DSC_0257-1024x768.jpg\" alt=\"\" data-id=\"1967\" data-full-url=\"http:\/\/lichri.radeln-in-den-sonnenaufgang.de\/wp-content\/uploads\/2020\/04\/DSC_0257.jpg\" data-link=\"http:\/\/lichri.radeln-in-den-sonnenaufgang.de\/?attachment_id=1967\" class=\"wp-image-1967\" srcset=\"http:\/\/lichri.radeln-in-den-sonnenaufgang.de\/wp-content\/uploads\/2020\/04\/DSC_0257-1024x768.jpg 1024w, http:\/\/lichri.radeln-in-den-sonnenaufgang.de\/wp-content\/uploads\/2020\/04\/DSC_0257-300x225.jpg 300w, http:\/\/lichri.radeln-in-den-sonnenaufgang.de\/wp-content\/uploads\/2020\/04\/DSC_0257-768x576.jpg 768w, http:\/\/lichri.radeln-in-den-sonnenaufgang.de\/wp-content\/uploads\/2020\/04\/DSC_0257-1536x1152.jpg 1536w, http:\/\/lichri.radeln-in-den-sonnenaufgang.de\/wp-content\/uploads\/2020\/04\/DSC_0257.jpg 1600w\" sizes=\"(max-width: 767px) 89vw, (max-width: 1000px) 54vw, (max-width: 1071px) 543px, 580px\" \/><\/figure><\/li><\/ul><\/figure>\n\n\n\n<p>Am Abend, p\u00fcnktlich zum Sonnenuntergang, gelangten wir schlie\u00dflich an unser Tagesziel Mawlamyaing, wo Yun uns in einem Guesthouse absetzte, sich pl\u00f6tzlich verabschiedete, uns erkl\u00e4rte, dies w\u00e4re das Last-Goodby und verschwand. Wir waren etwas perplex und konnten nicht recht glauben, dass Yun auf einmal so verschwinden w\u00fcrde. <\/p>\n\n\n\n<figure class=\"is-layout-flex wp-block-gallery-37 wp-block-gallery columns-2 is-cropped\"><ul class=\"blocks-gallery-grid\"><li class=\"blocks-gallery-item\"><figure><img decoding=\"async\" loading=\"lazy\" width=\"768\" height=\"1024\" src=\"http:\/\/lichri.radeln-in-den-sonnenaufgang.de\/wp-content\/uploads\/2020\/04\/DSC_0313-768x1024.jpg\" alt=\"\" data-id=\"1987\" data-full-url=\"http:\/\/lichri.radeln-in-den-sonnenaufgang.de\/wp-content\/uploads\/2020\/04\/DSC_0313-rotated.jpg\" data-link=\"http:\/\/lichri.radeln-in-den-sonnenaufgang.de\/?attachment_id=1987\" class=\"wp-image-1987\" srcset=\"http:\/\/lichri.radeln-in-den-sonnenaufgang.de\/wp-content\/uploads\/2020\/04\/DSC_0313-768x1024.jpg 768w, http:\/\/lichri.radeln-in-den-sonnenaufgang.de\/wp-content\/uploads\/2020\/04\/DSC_0313-225x300.jpg 225w, http:\/\/lichri.radeln-in-den-sonnenaufgang.de\/wp-content\/uploads\/2020\/04\/DSC_0313-1152x1536.jpg 1152w, http:\/\/lichri.radeln-in-den-sonnenaufgang.de\/wp-content\/uploads\/2020\/04\/DSC_0313-rotated.jpg 1200w\" sizes=\"(max-width: 767px) 89vw, (max-width: 1000px) 54vw, (max-width: 1071px) 543px, 580px\" \/><\/figure><\/li><li class=\"blocks-gallery-item\"><figure><img decoding=\"async\" loading=\"lazy\" width=\"1024\" height=\"666\" src=\"http:\/\/lichri.radeln-in-den-sonnenaufgang.de\/wp-content\/uploads\/2020\/04\/IMG-20200303-WA0000.jpg\" alt=\"\" data-id=\"2363\" data-full-url=\"http:\/\/lichri.radeln-in-den-sonnenaufgang.de\/wp-content\/uploads\/2020\/04\/IMG-20200303-WA0000.jpg\" data-link=\"http:\/\/lichri.radeln-in-den-sonnenaufgang.de\/?attachment_id=2363\" class=\"wp-image-2363\" srcset=\"http:\/\/lichri.radeln-in-den-sonnenaufgang.de\/wp-content\/uploads\/2020\/04\/IMG-20200303-WA0000.jpg 1024w, http:\/\/lichri.radeln-in-den-sonnenaufgang.de\/wp-content\/uploads\/2020\/04\/IMG-20200303-WA0000-300x195.jpg 300w, http:\/\/lichri.radeln-in-den-sonnenaufgang.de\/wp-content\/uploads\/2020\/04\/IMG-20200303-WA0000-768x500.jpg 768w\" sizes=\"(max-width: 767px) 89vw, (max-width: 1000px) 54vw, (max-width: 1071px) 543px, 580px\" \/><\/figure><\/li><li class=\"blocks-gallery-item\"><figure><img decoding=\"async\" loading=\"lazy\" width=\"1024\" height=\"768\" src=\"http:\/\/lichri.radeln-in-den-sonnenaufgang.de\/wp-content\/uploads\/2020\/04\/DSC_0288-1024x768.jpg\" alt=\"\" data-id=\"1980\" data-full-url=\"http:\/\/lichri.radeln-in-den-sonnenaufgang.de\/wp-content\/uploads\/2020\/04\/DSC_0288.jpg\" data-link=\"http:\/\/lichri.radeln-in-den-sonnenaufgang.de\/?attachment_id=1980\" class=\"wp-image-1980\" srcset=\"http:\/\/lichri.radeln-in-den-sonnenaufgang.de\/wp-content\/uploads\/2020\/04\/DSC_0288-1024x768.jpg 1024w, http:\/\/lichri.radeln-in-den-sonnenaufgang.de\/wp-content\/uploads\/2020\/04\/DSC_0288-300x225.jpg 300w, http:\/\/lichri.radeln-in-den-sonnenaufgang.de\/wp-content\/uploads\/2020\/04\/DSC_0288-768x576.jpg 768w, http:\/\/lichri.radeln-in-den-sonnenaufgang.de\/wp-content\/uploads\/2020\/04\/DSC_0288-1536x1152.jpg 1536w, http:\/\/lichri.radeln-in-den-sonnenaufgang.de\/wp-content\/uploads\/2020\/04\/DSC_0288.jpg 1600w\" sizes=\"(max-width: 767px) 89vw, (max-width: 1000px) 54vw, (max-width: 1071px) 543px, 580px\" \/><\/figure><\/li><li class=\"blocks-gallery-item\"><figure><img decoding=\"async\" loading=\"lazy\" width=\"1024\" height=\"768\" src=\"http:\/\/lichri.radeln-in-den-sonnenaufgang.de\/wp-content\/uploads\/2020\/04\/DSC_0285-1024x768.jpg\" alt=\"\" data-id=\"1979\" data-full-url=\"http:\/\/lichri.radeln-in-den-sonnenaufgang.de\/wp-content\/uploads\/2020\/04\/DSC_0285.jpg\" data-link=\"http:\/\/lichri.radeln-in-den-sonnenaufgang.de\/?attachment_id=1979\" class=\"wp-image-1979\" srcset=\"http:\/\/lichri.radeln-in-den-sonnenaufgang.de\/wp-content\/uploads\/2020\/04\/DSC_0285-1024x768.jpg 1024w, http:\/\/lichri.radeln-in-den-sonnenaufgang.de\/wp-content\/uploads\/2020\/04\/DSC_0285-300x225.jpg 300w, http:\/\/lichri.radeln-in-den-sonnenaufgang.de\/wp-content\/uploads\/2020\/04\/DSC_0285-768x576.jpg 768w, http:\/\/lichri.radeln-in-den-sonnenaufgang.de\/wp-content\/uploads\/2020\/04\/DSC_0285-1536x1152.jpg 1536w, http:\/\/lichri.radeln-in-den-sonnenaufgang.de\/wp-content\/uploads\/2020\/04\/DSC_0285.jpg 1600w\" sizes=\"(max-width: 767px) 89vw, (max-width: 1000px) 54vw, (max-width: 1071px) 543px, 580px\" \/><\/figure><\/li><li class=\"blocks-gallery-item\"><figure><img decoding=\"async\" loading=\"lazy\" width=\"1024\" height=\"768\" src=\"http:\/\/lichri.radeln-in-den-sonnenaufgang.de\/wp-content\/uploads\/2020\/04\/DSC_0299-1024x768.jpg\" alt=\"\" data-id=\"1984\" data-full-url=\"http:\/\/lichri.radeln-in-den-sonnenaufgang.de\/wp-content\/uploads\/2020\/04\/DSC_0299.jpg\" data-link=\"http:\/\/lichri.radeln-in-den-sonnenaufgang.de\/?attachment_id=1984\" class=\"wp-image-1984\" srcset=\"http:\/\/lichri.radeln-in-den-sonnenaufgang.de\/wp-content\/uploads\/2020\/04\/DSC_0299-1024x768.jpg 1024w, http:\/\/lichri.radeln-in-den-sonnenaufgang.de\/wp-content\/uploads\/2020\/04\/DSC_0299-300x225.jpg 300w, http:\/\/lichri.radeln-in-den-sonnenaufgang.de\/wp-content\/uploads\/2020\/04\/DSC_0299-768x576.jpg 768w, http:\/\/lichri.radeln-in-den-sonnenaufgang.de\/wp-content\/uploads\/2020\/04\/DSC_0299-1536x1152.jpg 1536w, http:\/\/lichri.radeln-in-den-sonnenaufgang.de\/wp-content\/uploads\/2020\/04\/DSC_0299.jpg 1600w\" sizes=\"(max-width: 767px) 89vw, (max-width: 1000px) 54vw, (max-width: 1071px) 543px, 580px\" \/><\/figure><\/li><li class=\"blocks-gallery-item\"><figure><img decoding=\"async\" loading=\"lazy\" width=\"1024\" height=\"683\" src=\"http:\/\/lichri.radeln-in-den-sonnenaufgang.de\/wp-content\/uploads\/2020\/04\/IMG_6943-1024x683.jpg\" alt=\"\" data-id=\"1970\" data-full-url=\"http:\/\/lichri.radeln-in-den-sonnenaufgang.de\/wp-content\/uploads\/2020\/04\/IMG_6943.jpg\" data-link=\"http:\/\/lichri.radeln-in-den-sonnenaufgang.de\/?attachment_id=1970\" class=\"wp-image-1970\" srcset=\"http:\/\/lichri.radeln-in-den-sonnenaufgang.de\/wp-content\/uploads\/2020\/04\/IMG_6943-1024x683.jpg 1024w, http:\/\/lichri.radeln-in-den-sonnenaufgang.de\/wp-content\/uploads\/2020\/04\/IMG_6943-300x200.jpg 300w, http:\/\/lichri.radeln-in-den-sonnenaufgang.de\/wp-content\/uploads\/2020\/04\/IMG_6943-768x512.jpg 768w, http:\/\/lichri.radeln-in-den-sonnenaufgang.de\/wp-content\/uploads\/2020\/04\/IMG_6943-1536x1024.jpg 1536w, http:\/\/lichri.radeln-in-den-sonnenaufgang.de\/wp-content\/uploads\/2020\/04\/IMG_6943.jpg 1800w\" sizes=\"(max-width: 767px) 89vw, (max-width: 1000px) 54vw, (max-width: 1071px) 543px, 580px\" \/><\/figure><\/li><li class=\"blocks-gallery-item\"><figure><img decoding=\"async\" loading=\"lazy\" width=\"1024\" height=\"683\" src=\"http:\/\/lichri.radeln-in-den-sonnenaufgang.de\/wp-content\/uploads\/2020\/04\/IMG_6938-1024x683.jpg\" alt=\"\" data-id=\"1969\" data-full-url=\"http:\/\/lichri.radeln-in-den-sonnenaufgang.de\/wp-content\/uploads\/2020\/04\/IMG_6938.jpg\" data-link=\"http:\/\/lichri.radeln-in-den-sonnenaufgang.de\/?attachment_id=1969\" class=\"wp-image-1969\" srcset=\"http:\/\/lichri.radeln-in-den-sonnenaufgang.de\/wp-content\/uploads\/2020\/04\/IMG_6938-1024x683.jpg 1024w, http:\/\/lichri.radeln-in-den-sonnenaufgang.de\/wp-content\/uploads\/2020\/04\/IMG_6938-300x200.jpg 300w, http:\/\/lichri.radeln-in-den-sonnenaufgang.de\/wp-content\/uploads\/2020\/04\/IMG_6938-768x512.jpg 768w, http:\/\/lichri.radeln-in-den-sonnenaufgang.de\/wp-content\/uploads\/2020\/04\/IMG_6938-1536x1024.jpg 1536w, http:\/\/lichri.radeln-in-den-sonnenaufgang.de\/wp-content\/uploads\/2020\/04\/IMG_6938.jpg 1800w\" sizes=\"(max-width: 767px) 89vw, (max-width: 1000px) 54vw, (max-width: 1071px) 543px, 580px\" \/><\/figure><\/li><\/ul><\/figure>\n\n\n\n<p>Wir gingen zu viert Abendessen beim Inder um die Ecke. Zuvor\nwurden wir von dem Rezeptionisten gewarnt, nicht auf den Nachtmarkt zu gehen,\num Essen zu holen. Den meisten Ausl\u00e4ndern w\u00fcrde vom Essen dort schlecht werden\nund er m\u00fcsse t\u00e4glich Medikamente verteilen. Er empfahl uns das chinesische und\nindische Essen um die Ecke. Es half jedoch nichts \u2013 zumindest nicht f\u00fcr Lisa,\ndie sich die ganze folgende Nacht hin \u00fcbergab und kaum ein Auge zutat. Keine\nAhnung, wann es ihr das letzte Mal so schlecht ging und sie sich so elend\nf\u00fchlte. Aber es war das erste Mal auf dieser Reise. <\/p>\n\n\n\n<p>Am n\u00e4chsten Tag wollten wir eigentlich mit Mirko und Jolien weiterfahren. Zudem war Joliens 30ster Geburtstag und den wollten wir gerne mit ihr feiern. Nun denn, es sollte nicht sein. So geschw\u00e4cht und m\u00fcde wie Lisa war, war nicht an Fahrradfahren zu denken. Nicht in an die 40 \u00b0Celsius. W\u00e4hrend sie das Bett h\u00fctete, ging Chris mit Mirko und Jolien zum Geburtstagsfr\u00fchst\u00fcck und schaute danach mit Yun die Stadt an. Der stand am Morgen n\u00e4mlich doch einfach wieder vor dem Hotel \u2013 er h\u00f6rte einfach nicht auf uns zu \u00fcberraschen. Wobei das eigentlich weniger \u00fcberraschend kam. \ud83d\ude09  <\/p>\n\n\n\n<figure class=\"is-layout-flex wp-block-gallery-39 wp-block-gallery columns-1 is-cropped\"><ul class=\"blocks-gallery-grid\"><li class=\"blocks-gallery-item\"><figure><img decoding=\"async\" loading=\"lazy\" width=\"1024\" height=\"769\" src=\"http:\/\/lichri.radeln-in-den-sonnenaufgang.de\/wp-content\/uploads\/2020\/04\/IMG-20200303-WA0005.jpg\" alt=\"\" data-id=\"2367\" data-full-url=\"http:\/\/lichri.radeln-in-den-sonnenaufgang.de\/wp-content\/uploads\/2020\/04\/IMG-20200303-WA0005.jpg\" data-link=\"http:\/\/lichri.radeln-in-den-sonnenaufgang.de\/?attachment_id=2367\" class=\"wp-image-2367\" srcset=\"http:\/\/lichri.radeln-in-den-sonnenaufgang.de\/wp-content\/uploads\/2020\/04\/IMG-20200303-WA0005.jpg 1024w, http:\/\/lichri.radeln-in-den-sonnenaufgang.de\/wp-content\/uploads\/2020\/04\/IMG-20200303-WA0005-300x225.jpg 300w, http:\/\/lichri.radeln-in-den-sonnenaufgang.de\/wp-content\/uploads\/2020\/04\/IMG-20200303-WA0005-768x577.jpg 768w\" sizes=\"(max-width: 767px) 89vw, (max-width: 1000px) 54vw, (max-width: 1071px) 543px, 580px\" \/><figcaption class=\"blocks-gallery-item__caption\">Joliens Geburtstags-Abschieds-Selfie mit der G\u00e4ng<\/figcaption><\/figure><\/li><li class=\"blocks-gallery-item\"><figure><img decoding=\"async\" loading=\"lazy\" width=\"1024\" height=\"683\" src=\"http:\/\/lichri.radeln-in-den-sonnenaufgang.de\/wp-content\/uploads\/2020\/04\/IMG_6955-1024x683.jpg\" alt=\"\" data-id=\"1992\" data-full-url=\"http:\/\/lichri.radeln-in-den-sonnenaufgang.de\/wp-content\/uploads\/2020\/04\/IMG_6955.jpg\" data-link=\"http:\/\/lichri.radeln-in-den-sonnenaufgang.de\/?attachment_id=1992\" class=\"wp-image-1992\" srcset=\"http:\/\/lichri.radeln-in-den-sonnenaufgang.de\/wp-content\/uploads\/2020\/04\/IMG_6955-1024x683.jpg 1024w, http:\/\/lichri.radeln-in-den-sonnenaufgang.de\/wp-content\/uploads\/2020\/04\/IMG_6955-300x200.jpg 300w, http:\/\/lichri.radeln-in-den-sonnenaufgang.de\/wp-content\/uploads\/2020\/04\/IMG_6955-768x512.jpg 768w, http:\/\/lichri.radeln-in-den-sonnenaufgang.de\/wp-content\/uploads\/2020\/04\/IMG_6955-1536x1024.jpg 1536w, http:\/\/lichri.radeln-in-den-sonnenaufgang.de\/wp-content\/uploads\/2020\/04\/IMG_6955.jpg 1800w\" sizes=\"(max-width: 767px) 89vw, (max-width: 1000px) 54vw, (max-width: 1071px) 543px, 580px\" \/><figcaption class=\"blocks-gallery-item__caption\">Zu Besuch in Yuns bescheidener Unterkunft<\/figcaption><\/figure><\/li><\/ul><\/figure>\n\n\n\n<figure class=\"is-layout-flex wp-block-gallery-41 wp-block-gallery columns-2 is-cropped\"><ul class=\"blocks-gallery-grid\"><li class=\"blocks-gallery-item\"><figure><img decoding=\"async\" loading=\"lazy\" width=\"683\" height=\"1024\" src=\"http:\/\/lichri.radeln-in-den-sonnenaufgang.de\/wp-content\/uploads\/2020\/04\/IMG_6957-683x1024.jpg\" alt=\"\" data-id=\"1993\" data-full-url=\"http:\/\/lichri.radeln-in-den-sonnenaufgang.de\/wp-content\/uploads\/2020\/04\/IMG_6957-rotated.jpg\" data-link=\"http:\/\/lichri.radeln-in-den-sonnenaufgang.de\/?attachment_id=1993\" class=\"wp-image-1993\" srcset=\"http:\/\/lichri.radeln-in-den-sonnenaufgang.de\/wp-content\/uploads\/2020\/04\/IMG_6957-683x1024.jpg 683w, http:\/\/lichri.radeln-in-den-sonnenaufgang.de\/wp-content\/uploads\/2020\/04\/IMG_6957-200x300.jpg 200w, http:\/\/lichri.radeln-in-den-sonnenaufgang.de\/wp-content\/uploads\/2020\/04\/IMG_6957-768x1152.jpg 768w, http:\/\/lichri.radeln-in-den-sonnenaufgang.de\/wp-content\/uploads\/2020\/04\/IMG_6957-1024x1536.jpg 1024w, http:\/\/lichri.radeln-in-den-sonnenaufgang.de\/wp-content\/uploads\/2020\/04\/IMG_6957-rotated.jpg 1200w\" sizes=\"(max-width: 683px) 100vw, 683px\" \/><\/figure><\/li><li class=\"blocks-gallery-item\"><figure><img decoding=\"async\" loading=\"lazy\" width=\"683\" height=\"1024\" src=\"http:\/\/lichri.radeln-in-den-sonnenaufgang.de\/wp-content\/uploads\/2020\/04\/IMG_6969-683x1024.jpg\" alt=\"\" data-id=\"1994\" data-full-url=\"http:\/\/lichri.radeln-in-den-sonnenaufgang.de\/wp-content\/uploads\/2020\/04\/IMG_6969-rotated.jpg\" data-link=\"http:\/\/lichri.radeln-in-den-sonnenaufgang.de\/?attachment_id=1994\" class=\"wp-image-1994\" srcset=\"http:\/\/lichri.radeln-in-den-sonnenaufgang.de\/wp-content\/uploads\/2020\/04\/IMG_6969-683x1024.jpg 683w, http:\/\/lichri.radeln-in-den-sonnenaufgang.de\/wp-content\/uploads\/2020\/04\/IMG_6969-200x300.jpg 200w, http:\/\/lichri.radeln-in-den-sonnenaufgang.de\/wp-content\/uploads\/2020\/04\/IMG_6969-768x1152.jpg 768w, http:\/\/lichri.radeln-in-den-sonnenaufgang.de\/wp-content\/uploads\/2020\/04\/IMG_6969-1024x1536.jpg 1024w, http:\/\/lichri.radeln-in-den-sonnenaufgang.de\/wp-content\/uploads\/2020\/04\/IMG_6969-rotated.jpg 1200w\" sizes=\"(max-width: 683px) 100vw, 683px\" \/><\/figure><\/li><li class=\"blocks-gallery-item\"><figure><img decoding=\"async\" loading=\"lazy\" width=\"1024\" height=\"683\" src=\"http:\/\/lichri.radeln-in-den-sonnenaufgang.de\/wp-content\/uploads\/2020\/04\/IMG_6974-1024x683.jpg\" alt=\"\" data-id=\"1996\" data-full-url=\"http:\/\/lichri.radeln-in-den-sonnenaufgang.de\/wp-content\/uploads\/2020\/04\/IMG_6974.jpg\" data-link=\"http:\/\/lichri.radeln-in-den-sonnenaufgang.de\/?attachment_id=1996\" class=\"wp-image-1996\" srcset=\"http:\/\/lichri.radeln-in-den-sonnenaufgang.de\/wp-content\/uploads\/2020\/04\/IMG_6974-1024x683.jpg 1024w, http:\/\/lichri.radeln-in-den-sonnenaufgang.de\/wp-content\/uploads\/2020\/04\/IMG_6974-300x200.jpg 300w, http:\/\/lichri.radeln-in-den-sonnenaufgang.de\/wp-content\/uploads\/2020\/04\/IMG_6974-768x512.jpg 768w, http:\/\/lichri.radeln-in-den-sonnenaufgang.de\/wp-content\/uploads\/2020\/04\/IMG_6974-1536x1024.jpg 1536w, http:\/\/lichri.radeln-in-den-sonnenaufgang.de\/wp-content\/uploads\/2020\/04\/IMG_6974.jpg 1800w\" sizes=\"(max-width: 767px) 89vw, (max-width: 1000px) 54vw, (max-width: 1071px) 543px, 580px\" \/><\/figure><\/li><li class=\"blocks-gallery-item\"><figure><img decoding=\"async\" loading=\"lazy\" width=\"1024\" height=\"683\" src=\"http:\/\/lichri.radeln-in-den-sonnenaufgang.de\/wp-content\/uploads\/2020\/04\/IMG_6971-1024x683.jpg\" alt=\"\" data-id=\"1995\" data-full-url=\"http:\/\/lichri.radeln-in-den-sonnenaufgang.de\/wp-content\/uploads\/2020\/04\/IMG_6971.jpg\" data-link=\"http:\/\/lichri.radeln-in-den-sonnenaufgang.de\/?attachment_id=1995\" class=\"wp-image-1995\" srcset=\"http:\/\/lichri.radeln-in-den-sonnenaufgang.de\/wp-content\/uploads\/2020\/04\/IMG_6971-1024x683.jpg 1024w, http:\/\/lichri.radeln-in-den-sonnenaufgang.de\/wp-content\/uploads\/2020\/04\/IMG_6971-300x200.jpg 300w, http:\/\/lichri.radeln-in-den-sonnenaufgang.de\/wp-content\/uploads\/2020\/04\/IMG_6971-768x512.jpg 768w, http:\/\/lichri.radeln-in-den-sonnenaufgang.de\/wp-content\/uploads\/2020\/04\/IMG_6971-1536x1024.jpg 1536w, http:\/\/lichri.radeln-in-den-sonnenaufgang.de\/wp-content\/uploads\/2020\/04\/IMG_6971.jpg 1800w\" sizes=\"(max-width: 767px) 89vw, (max-width: 1000px) 54vw, (max-width: 1071px) 543px, 580px\" \/><\/figure><\/li><li class=\"blocks-gallery-item\"><figure><img decoding=\"async\" loading=\"lazy\" width=\"683\" height=\"1024\" src=\"http:\/\/lichri.radeln-in-den-sonnenaufgang.de\/wp-content\/uploads\/2020\/04\/IMG_6997-683x1024.jpg\" alt=\"\" data-id=\"1998\" data-full-url=\"http:\/\/lichri.radeln-in-den-sonnenaufgang.de\/wp-content\/uploads\/2020\/04\/IMG_6997-rotated.jpg\" data-link=\"http:\/\/lichri.radeln-in-den-sonnenaufgang.de\/?attachment_id=1998\" class=\"wp-image-1998\" srcset=\"http:\/\/lichri.radeln-in-den-sonnenaufgang.de\/wp-content\/uploads\/2020\/04\/IMG_6997-683x1024.jpg 683w, http:\/\/lichri.radeln-in-den-sonnenaufgang.de\/wp-content\/uploads\/2020\/04\/IMG_6997-200x300.jpg 200w, http:\/\/lichri.radeln-in-den-sonnenaufgang.de\/wp-content\/uploads\/2020\/04\/IMG_6997-768x1152.jpg 768w, http:\/\/lichri.radeln-in-den-sonnenaufgang.de\/wp-content\/uploads\/2020\/04\/IMG_6997-1024x1536.jpg 1024w, http:\/\/lichri.radeln-in-den-sonnenaufgang.de\/wp-content\/uploads\/2020\/04\/IMG_6997-rotated.jpg 1200w\" sizes=\"(max-width: 683px) 100vw, 683px\" \/><\/figure><\/li><\/ul><\/figure>\n\n\n\n<p>W\u00e4hrend Chris f\u00fcr Lisa noch Bananen und Brot besorgte, kam\ner an einem der unz\u00e4hligen St\u00e4nde vorbei, an denen meistens Frauen, zwischen fleckigen\nGl\u00e4sern, Dosen und Schalen, denen w\u00fcrzige Aromen entstiegen, gr\u00fcne, herzf\u00f6rmige\nBl\u00e4tter mit kleisterartiger Paste bestrichen und mit Betelnussscheiben, Tabak,\nGew\u00fcrzen und Honig belegten, ehe sie diese zu kleinen P\u00e4ckchen falteten und an\nihre Kunden verkauften. Oder in Chris Fall &#8211; verschenkten. Wir haben auf dem\nbisherigen Weg durch Myanmar st\u00e4ndig Menschen, M\u00e4nner wie Frauen, diese Mischungen\nkauen sehen, die deren Z\u00e4hne rot f\u00e4rbten und sie veranlasst, st\u00e4ndig roten\nSchlonz in der Gegend herumzuspucken. Aus diesem Grund war uns das traditionsreiche\nBetel-Kauen auch erst einmal sehr unsympathisch. Das L\u00e4cheln der Menschen war\ndennoch meist interessant und sch\u00f6n. <\/p>\n\n\n\n<figure class=\"is-layout-flex wp-block-gallery-43 wp-block-gallery aligncenter columns-1 is-cropped\"><ul class=\"blocks-gallery-grid\"><li class=\"blocks-gallery-item\"><figure><img decoding=\"async\" loading=\"lazy\" width=\"1024\" height=\"576\" src=\"http:\/\/lichri.radeln-in-den-sonnenaufgang.de\/wp-content\/uploads\/2020\/04\/DSC_0553-1024x576.jpg\" alt=\"\" data-id=\"2379\" class=\"wp-image-2379\" srcset=\"http:\/\/lichri.radeln-in-den-sonnenaufgang.de\/wp-content\/uploads\/2020\/04\/DSC_0553-1024x576.jpg 1024w, http:\/\/lichri.radeln-in-den-sonnenaufgang.de\/wp-content\/uploads\/2020\/04\/DSC_0553-300x169.jpg 300w, http:\/\/lichri.radeln-in-den-sonnenaufgang.de\/wp-content\/uploads\/2020\/04\/DSC_0553-768x432.jpg 768w, http:\/\/lichri.radeln-in-den-sonnenaufgang.de\/wp-content\/uploads\/2020\/04\/DSC_0553-1536x864.jpg 1536w, http:\/\/lichri.radeln-in-den-sonnenaufgang.de\/wp-content\/uploads\/2020\/04\/DSC_0553-2048x1152.jpg 2048w\" sizes=\"(max-width: 767px) 89vw, (max-width: 1000px) 54vw, (max-width: 1071px) 543px, 580px\" \/><\/figure><\/li><li class=\"blocks-gallery-item\"><figure><img decoding=\"async\" loading=\"lazy\" width=\"1024\" height=\"576\" src=\"http:\/\/lichri.radeln-in-den-sonnenaufgang.de\/wp-content\/uploads\/2020\/04\/DSC_0554-1024x576.jpg\" alt=\"\" data-id=\"2380\" data-full-url=\"http:\/\/lichri.radeln-in-den-sonnenaufgang.de\/wp-content\/uploads\/2020\/04\/DSC_0554.jpg\" data-link=\"http:\/\/lichri.radeln-in-den-sonnenaufgang.de\/?attachment_id=2380\" class=\"wp-image-2380\" srcset=\"http:\/\/lichri.radeln-in-den-sonnenaufgang.de\/wp-content\/uploads\/2020\/04\/DSC_0554-1024x576.jpg 1024w, http:\/\/lichri.radeln-in-den-sonnenaufgang.de\/wp-content\/uploads\/2020\/04\/DSC_0554-300x169.jpg 300w, http:\/\/lichri.radeln-in-den-sonnenaufgang.de\/wp-content\/uploads\/2020\/04\/DSC_0554-768x432.jpg 768w, http:\/\/lichri.radeln-in-den-sonnenaufgang.de\/wp-content\/uploads\/2020\/04\/DSC_0554-1536x864.jpg 1536w, http:\/\/lichri.radeln-in-den-sonnenaufgang.de\/wp-content\/uploads\/2020\/04\/DSC_0554-2048x1152.jpg 2048w\" sizes=\"(max-width: 767px) 89vw, (max-width: 1000px) 54vw, (max-width: 1071px) 543px, 580px\" \/><\/figure><\/li><li class=\"blocks-gallery-item\"><figure><img decoding=\"async\" loading=\"lazy\" width=\"768\" height=\"1024\" src=\"http:\/\/lichri.radeln-in-den-sonnenaufgang.de\/wp-content\/uploads\/2020\/04\/DSC_0537-768x1024.jpg\" alt=\"\" data-id=\"2381\" data-full-url=\"http:\/\/lichri.radeln-in-den-sonnenaufgang.de\/wp-content\/uploads\/2020\/04\/DSC_0537-rotated.jpg\" data-link=\"http:\/\/lichri.radeln-in-den-sonnenaufgang.de\/?attachment_id=2381\" class=\"wp-image-2381\" srcset=\"http:\/\/lichri.radeln-in-den-sonnenaufgang.de\/wp-content\/uploads\/2020\/04\/DSC_0537-768x1024.jpg 768w, http:\/\/lichri.radeln-in-den-sonnenaufgang.de\/wp-content\/uploads\/2020\/04\/DSC_0537-225x300.jpg 225w, http:\/\/lichri.radeln-in-den-sonnenaufgang.de\/wp-content\/uploads\/2020\/04\/DSC_0537-1152x1536.jpg 1152w, http:\/\/lichri.radeln-in-den-sonnenaufgang.de\/wp-content\/uploads\/2020\/04\/DSC_0537-rotated.jpg 1200w\" sizes=\"(max-width: 767px) 89vw, (max-width: 1000px) 54vw, (max-width: 1071px) 543px, 580px\" \/><figcaption class=\"blocks-gallery-item__caption\">Diese Fotos zeigen einen Betelnuss-Stand auf einem Markt am Inle-See. Hier sind es keine Scheibchen, sondern St\u00fcckchen und die Kunden mitunter sehr jung. Aber vielleicht holen sie den Stoff ja auch nur f\u00fcr die Eltern, den Onkel oder die Tante hinter einem der anderen Marktst\u00e4nde.<\/figcaption><\/figure><\/li><\/ul><\/figure>\n\n\n\n<p>In diesem unbeobachteten Moment auf der Stra\u00dfe schlug Chris\ndann doch zu und probierte die Volksdroge, die ihn etwas an das\nKoka-Bl\u00e4tter-Kauen der Andenv\u00f6lker erinnerte. Das etwas zu gro\u00dfe Kaup\u00e4ckchen\nerf\u00fcllte seinen Mund erst mit w\u00fcrziger Frische, dann mit der S\u00fc\u00dfe des Honigs\nund schlie\u00dflich mit einer leicht scharf Schmeckenden Taubheit, die sich vom\nMund aus langsam Richtung Kopf ausbreitete. Der Ekel \u00fcber den Tabakgeschmack,\nder sich nach und nach durch setzte und die Angst vor rotgef\u00e4rbten Z\u00e4hnen lie\u00dfen\nihn aber nicht weit kommen und so spuckte er, kaum mehr als 200 Meter weiter\ndie Stra\u00dfe hinab, den Betel-Tabak-Schlonz \u00fcber die Br\u00fcstung der Uferpromenade\nin den Fluss. Etwas angewidert aber beschwingt durch diese neue Erfahrung und\nvielleicht auch durch die betelbedingte Leichtigkeit im Kopf, brachte er die\nBananen zu Lisa. Und putzte erstmal mehrfach hintereinander seine Z\u00e4hne.<\/p>\n\n\n\n<figure class=\"is-layout-flex wp-block-gallery-45 wp-block-gallery columns-1\"><ul class=\"blocks-gallery-grid\"><li class=\"blocks-gallery-item\"><figure><img decoding=\"async\" loading=\"lazy\" width=\"1024\" height=\"683\" src=\"http:\/\/lichri.radeln-in-den-sonnenaufgang.de\/wp-content\/uploads\/2020\/04\/IMG_6999-1024x683.jpg\" alt=\"\" data-id=\"1999\" data-full-url=\"http:\/\/lichri.radeln-in-den-sonnenaufgang.de\/wp-content\/uploads\/2020\/04\/IMG_6999.jpg\" data-link=\"http:\/\/lichri.radeln-in-den-sonnenaufgang.de\/?attachment_id=1999\" class=\"wp-image-1999\" srcset=\"http:\/\/lichri.radeln-in-den-sonnenaufgang.de\/wp-content\/uploads\/2020\/04\/IMG_6999-1024x683.jpg 1024w, http:\/\/lichri.radeln-in-den-sonnenaufgang.de\/wp-content\/uploads\/2020\/04\/IMG_6999-300x200.jpg 300w, http:\/\/lichri.radeln-in-den-sonnenaufgang.de\/wp-content\/uploads\/2020\/04\/IMG_6999-768x512.jpg 768w, http:\/\/lichri.radeln-in-den-sonnenaufgang.de\/wp-content\/uploads\/2020\/04\/IMG_6999-1536x1024.jpg 1536w, http:\/\/lichri.radeln-in-den-sonnenaufgang.de\/wp-content\/uploads\/2020\/04\/IMG_6999.jpg 1800w\" sizes=\"(max-width: 767px) 89vw, (max-width: 1000px) 54vw, (max-width: 1071px) 543px, 580px\" \/><\/figure><\/li><li class=\"blocks-gallery-item\"><figure><img decoding=\"async\" loading=\"lazy\" width=\"1024\" height=\"683\" src=\"http:\/\/lichri.radeln-in-den-sonnenaufgang.de\/wp-content\/uploads\/2020\/04\/IMG_7035-1024x683.jpg\" alt=\"\" data-id=\"2003\" data-full-url=\"http:\/\/lichri.radeln-in-den-sonnenaufgang.de\/wp-content\/uploads\/2020\/04\/IMG_7035.jpg\" data-link=\"http:\/\/lichri.radeln-in-den-sonnenaufgang.de\/?attachment_id=2003\" class=\"wp-image-2003\" srcset=\"http:\/\/lichri.radeln-in-den-sonnenaufgang.de\/wp-content\/uploads\/2020\/04\/IMG_7035-1024x683.jpg 1024w, http:\/\/lichri.radeln-in-den-sonnenaufgang.de\/wp-content\/uploads\/2020\/04\/IMG_7035-300x200.jpg 300w, http:\/\/lichri.radeln-in-den-sonnenaufgang.de\/wp-content\/uploads\/2020\/04\/IMG_7035-768x512.jpg 768w, http:\/\/lichri.radeln-in-den-sonnenaufgang.de\/wp-content\/uploads\/2020\/04\/IMG_7035-1536x1024.jpg 1536w, http:\/\/lichri.radeln-in-den-sonnenaufgang.de\/wp-content\/uploads\/2020\/04\/IMG_7035.jpg 1800w\" sizes=\"(max-width: 767px) 89vw, (max-width: 1000px) 54vw, (max-width: 1071px) 543px, 580px\" \/><\/figure><\/li><li class=\"blocks-gallery-item\"><figure><img decoding=\"async\" loading=\"lazy\" width=\"1024\" height=\"683\" src=\"http:\/\/lichri.radeln-in-den-sonnenaufgang.de\/wp-content\/uploads\/2020\/04\/IMG_7045-1024x683.jpg\" alt=\"\" data-id=\"2004\" data-full-url=\"http:\/\/lichri.radeln-in-den-sonnenaufgang.de\/wp-content\/uploads\/2020\/04\/IMG_7045.jpg\" data-link=\"http:\/\/lichri.radeln-in-den-sonnenaufgang.de\/?attachment_id=2004\" class=\"wp-image-2004\" srcset=\"http:\/\/lichri.radeln-in-den-sonnenaufgang.de\/wp-content\/uploads\/2020\/04\/IMG_7045-1024x683.jpg 1024w, http:\/\/lichri.radeln-in-den-sonnenaufgang.de\/wp-content\/uploads\/2020\/04\/IMG_7045-300x200.jpg 300w, http:\/\/lichri.radeln-in-den-sonnenaufgang.de\/wp-content\/uploads\/2020\/04\/IMG_7045-768x512.jpg 768w, http:\/\/lichri.radeln-in-den-sonnenaufgang.de\/wp-content\/uploads\/2020\/04\/IMG_7045-1536x1024.jpg 1536w, http:\/\/lichri.radeln-in-den-sonnenaufgang.de\/wp-content\/uploads\/2020\/04\/IMG_7045.jpg 1800w\" sizes=\"(max-width: 767px) 89vw, (max-width: 1000px) 54vw, (max-width: 1071px) 543px, 580px\" \/><\/figure><\/li><\/ul><\/figure>\n\n\n\n<p>Am n\u00e4chsten Tag dann packten wir unsere Sachen und fuhren\nweiter, obwohl wir es h\u00e4tten bleiben lassen sollen. Lisa f\u00fchlte sich etwas\nbesser, konnte auch fr\u00fchst\u00fccken, war aber immer noch sehr schlapp und m\u00fcde.\nNachdem wir unsere R\u00e4der in einem Radladen von Yuns Freunden noch einmal\ndurchcheckten und reparierten und wir sogar einige neue Rohrschellen mit\nLochbohrung als Ersatzteile f\u00fcr die Fronttr\u00e4geraufh\u00e4ngung machen lassen konnten,\nbrachte Yun uns noch bis zur Stadtgrenze. Dort verabschiedeten wir uns\nendg\u00fcltig von dem herzlichen, liebevollen Thai, der uns so viel Freude\nbereitete. <\/p>\n\n\n\n<figure class=\"is-layout-flex wp-block-gallery-47 wp-block-gallery columns-2 is-cropped\"><ul class=\"blocks-gallery-grid\"><li class=\"blocks-gallery-item\"><figure><img decoding=\"async\" loading=\"lazy\" width=\"1024\" height=\"683\" src=\"http:\/\/lichri.radeln-in-den-sonnenaufgang.de\/wp-content\/uploads\/2020\/04\/IMG_7054-1024x683.jpg\" alt=\"\" data-id=\"2005\" data-full-url=\"http:\/\/lichri.radeln-in-den-sonnenaufgang.de\/wp-content\/uploads\/2020\/04\/IMG_7054.jpg\" data-link=\"http:\/\/lichri.radeln-in-den-sonnenaufgang.de\/?attachment_id=2005\" class=\"wp-image-2005\" srcset=\"http:\/\/lichri.radeln-in-den-sonnenaufgang.de\/wp-content\/uploads\/2020\/04\/IMG_7054-1024x683.jpg 1024w, http:\/\/lichri.radeln-in-den-sonnenaufgang.de\/wp-content\/uploads\/2020\/04\/IMG_7054-300x200.jpg 300w, http:\/\/lichri.radeln-in-den-sonnenaufgang.de\/wp-content\/uploads\/2020\/04\/IMG_7054-768x512.jpg 768w, http:\/\/lichri.radeln-in-den-sonnenaufgang.de\/wp-content\/uploads\/2020\/04\/IMG_7054-1536x1024.jpg 1536w, http:\/\/lichri.radeln-in-den-sonnenaufgang.de\/wp-content\/uploads\/2020\/04\/IMG_7054.jpg 1800w\" sizes=\"(max-width: 767px) 89vw, (max-width: 1000px) 54vw, (max-width: 1071px) 543px, 580px\" \/><\/figure><\/li><li class=\"blocks-gallery-item\"><figure><img decoding=\"async\" loading=\"lazy\" width=\"683\" height=\"1024\" src=\"http:\/\/lichri.radeln-in-den-sonnenaufgang.de\/wp-content\/uploads\/2020\/04\/IMG_7061-683x1024.jpg\" alt=\"\" data-id=\"2006\" data-full-url=\"http:\/\/lichri.radeln-in-den-sonnenaufgang.de\/wp-content\/uploads\/2020\/04\/IMG_7061-rotated.jpg\" data-link=\"http:\/\/lichri.radeln-in-den-sonnenaufgang.de\/?attachment_id=2006\" class=\"wp-image-2006\" srcset=\"http:\/\/lichri.radeln-in-den-sonnenaufgang.de\/wp-content\/uploads\/2020\/04\/IMG_7061-683x1024.jpg 683w, http:\/\/lichri.radeln-in-den-sonnenaufgang.de\/wp-content\/uploads\/2020\/04\/IMG_7061-200x300.jpg 200w, http:\/\/lichri.radeln-in-den-sonnenaufgang.de\/wp-content\/uploads\/2020\/04\/IMG_7061-768x1152.jpg 768w, http:\/\/lichri.radeln-in-den-sonnenaufgang.de\/wp-content\/uploads\/2020\/04\/IMG_7061-1024x1536.jpg 1024w, http:\/\/lichri.radeln-in-den-sonnenaufgang.de\/wp-content\/uploads\/2020\/04\/IMG_7061-rotated.jpg 1200w\" sizes=\"(max-width: 683px) 100vw, 683px\" \/><\/figure><\/li><li class=\"blocks-gallery-item\"><figure><img decoding=\"async\" loading=\"lazy\" width=\"1024\" height=\"683\" src=\"http:\/\/lichri.radeln-in-den-sonnenaufgang.de\/wp-content\/uploads\/2020\/04\/IMG_7062-1024x683.jpg\" alt=\"\" data-id=\"2007\" data-full-url=\"http:\/\/lichri.radeln-in-den-sonnenaufgang.de\/wp-content\/uploads\/2020\/04\/IMG_7062.jpg\" data-link=\"http:\/\/lichri.radeln-in-den-sonnenaufgang.de\/?attachment_id=2007\" class=\"wp-image-2007\" srcset=\"http:\/\/lichri.radeln-in-den-sonnenaufgang.de\/wp-content\/uploads\/2020\/04\/IMG_7062-1024x683.jpg 1024w, http:\/\/lichri.radeln-in-den-sonnenaufgang.de\/wp-content\/uploads\/2020\/04\/IMG_7062-300x200.jpg 300w, http:\/\/lichri.radeln-in-den-sonnenaufgang.de\/wp-content\/uploads\/2020\/04\/IMG_7062-768x512.jpg 768w, http:\/\/lichri.radeln-in-den-sonnenaufgang.de\/wp-content\/uploads\/2020\/04\/IMG_7062-1536x1024.jpg 1536w, http:\/\/lichri.radeln-in-den-sonnenaufgang.de\/wp-content\/uploads\/2020\/04\/IMG_7062.jpg 1800w\" sizes=\"(max-width: 767px) 89vw, (max-width: 1000px) 54vw, (max-width: 1071px) 543px, 580px\" \/><\/figure><\/li><\/ul><\/figure>\n\n\n\n<figure class=\"is-layout-flex wp-block-gallery-49 wp-block-gallery columns-2 is-cropped\"><ul class=\"blocks-gallery-grid\"><li class=\"blocks-gallery-item\"><figure><img decoding=\"async\" loading=\"lazy\" width=\"1024\" height=\"683\" src=\"http:\/\/lichri.radeln-in-den-sonnenaufgang.de\/wp-content\/uploads\/2020\/04\/IMG_7077-1024x683.jpg\" alt=\"\" data-id=\"2008\" data-full-url=\"http:\/\/lichri.radeln-in-den-sonnenaufgang.de\/wp-content\/uploads\/2020\/04\/IMG_7077.jpg\" data-link=\"http:\/\/lichri.radeln-in-den-sonnenaufgang.de\/?attachment_id=2008\" class=\"wp-image-2008\" srcset=\"http:\/\/lichri.radeln-in-den-sonnenaufgang.de\/wp-content\/uploads\/2020\/04\/IMG_7077-1024x683.jpg 1024w, http:\/\/lichri.radeln-in-den-sonnenaufgang.de\/wp-content\/uploads\/2020\/04\/IMG_7077-300x200.jpg 300w, http:\/\/lichri.radeln-in-den-sonnenaufgang.de\/wp-content\/uploads\/2020\/04\/IMG_7077-768x512.jpg 768w, http:\/\/lichri.radeln-in-den-sonnenaufgang.de\/wp-content\/uploads\/2020\/04\/IMG_7077-1536x1024.jpg 1536w, http:\/\/lichri.radeln-in-den-sonnenaufgang.de\/wp-content\/uploads\/2020\/04\/IMG_7077.jpg 1800w\" sizes=\"(max-width: 767px) 89vw, (max-width: 1000px) 54vw, (max-width: 1071px) 543px, 580px\" \/><\/figure><\/li><li class=\"blocks-gallery-item\"><figure><img decoding=\"async\" loading=\"lazy\" width=\"1024\" height=\"683\" src=\"http:\/\/lichri.radeln-in-den-sonnenaufgang.de\/wp-content\/uploads\/2020\/04\/IMG_7080-1024x683.jpg\" alt=\"\" data-id=\"2009\" data-full-url=\"http:\/\/lichri.radeln-in-den-sonnenaufgang.de\/wp-content\/uploads\/2020\/04\/IMG_7080.jpg\" data-link=\"http:\/\/lichri.radeln-in-den-sonnenaufgang.de\/?attachment_id=2009\" class=\"wp-image-2009\" srcset=\"http:\/\/lichri.radeln-in-den-sonnenaufgang.de\/wp-content\/uploads\/2020\/04\/IMG_7080-1024x683.jpg 1024w, http:\/\/lichri.radeln-in-den-sonnenaufgang.de\/wp-content\/uploads\/2020\/04\/IMG_7080-300x200.jpg 300w, http:\/\/lichri.radeln-in-den-sonnenaufgang.de\/wp-content\/uploads\/2020\/04\/IMG_7080-768x512.jpg 768w, http:\/\/lichri.radeln-in-den-sonnenaufgang.de\/wp-content\/uploads\/2020\/04\/IMG_7080-1536x1024.jpg 1536w, http:\/\/lichri.radeln-in-den-sonnenaufgang.de\/wp-content\/uploads\/2020\/04\/IMG_7080.jpg 1800w\" sizes=\"(max-width: 767px) 89vw, (max-width: 1000px) 54vw, (max-width: 1071px) 543px, 580px\" \/><\/figure><\/li><li class=\"blocks-gallery-item\"><figure><img decoding=\"async\" loading=\"lazy\" width=\"683\" height=\"1024\" src=\"http:\/\/lichri.radeln-in-den-sonnenaufgang.de\/wp-content\/uploads\/2020\/04\/IMG_7090-683x1024.jpg\" alt=\"\" data-id=\"2010\" data-full-url=\"http:\/\/lichri.radeln-in-den-sonnenaufgang.de\/wp-content\/uploads\/2020\/04\/IMG_7090-rotated.jpg\" data-link=\"http:\/\/lichri.radeln-in-den-sonnenaufgang.de\/?attachment_id=2010\" class=\"wp-image-2010\" srcset=\"http:\/\/lichri.radeln-in-den-sonnenaufgang.de\/wp-content\/uploads\/2020\/04\/IMG_7090-683x1024.jpg 683w, http:\/\/lichri.radeln-in-den-sonnenaufgang.de\/wp-content\/uploads\/2020\/04\/IMG_7090-200x300.jpg 200w, http:\/\/lichri.radeln-in-den-sonnenaufgang.de\/wp-content\/uploads\/2020\/04\/IMG_7090-768x1152.jpg 768w, http:\/\/lichri.radeln-in-den-sonnenaufgang.de\/wp-content\/uploads\/2020\/04\/IMG_7090-1024x1536.jpg 1024w, http:\/\/lichri.radeln-in-den-sonnenaufgang.de\/wp-content\/uploads\/2020\/04\/IMG_7090-rotated.jpg 1200w\" sizes=\"(max-width: 683px) 100vw, 683px\" \/><figcaption class=\"blocks-gallery-item__caption\">Farewell, dear friend!<\/figcaption><\/figure><\/li><\/ul><\/figure>\n\n\n\n<p>Erst sp\u00e4t, obwohl wir nur 42 km gefahren sind, kamen wir in Zin Kyiak an, wo Chris am n\u00e4chsten Morgen zu einer Pagoda auf dem Berg fahren wollte. In diesem Ort gab es kein Hotel, was uns vor eine weitere Herausforderung stellte. Noch guter Hoffnung schoben wir unsere schweren R\u00e4der den extrem steilen Berg bis zum n\u00e4chsten Kloster hinauf. In Thailand hatten wir gute Erfahrungen mit der Gastfreundschaft der buddhistischen M\u00f6nche gemacht. Noch auf dem Weg nach oben kam uns ein Mann entgegen, der schwer humpelte. Mit H\u00e4nden und F\u00fc\u00dfen erkl\u00e4rten wir ihm, wonach wir suchten und er nahm uns (bzw. nur Chris, weil Lisa als Frau mit kurzen Hosen das Kloster nicht betreten durfte) mit zum Abt des n\u00e4chsten Klosters, warf sich vor diesem nieder und bedeutete Chris das gleiche zu tun. Er erkl\u00e4rte dem Abt unsere Situation, woraufhin dieser recht streng und abwehrend reagierte und uns bedeutete, dass wir hier nicht willkommen waren. Der Mann gab jedoch nicht so einfach auf, nahm uns von einem Kloster mit ins n\u00e4chste und fragte sich durch, bis er uns zu einem kleinen Haus&nbsp; brachte, in dem ein einzelner M\u00f6nch sa\u00df. Wieder wurde uns bedeutet, uns vor dem M\u00f6nchen auf den Boden zu werfen. Es ist ein recht komisches Gef\u00fchl. Dieser M\u00f6nch jedoch war jedoch gutm\u00fctig und so konnten wir in seinem Haus unser Zelt aufstellen und f\u00fcr eine Nacht dort bleiben. <\/p>\n\n\n\n<p>Wir waren beruhigt, wurden mit Tee und Kaffee versorgt, bekamen Wasser, um uns zu waschen. Kurz bevor Lisa sich schon auf ihre Isomatte verkr\u00fcmeln wollte (nach einem erneut sehr aufregenden und sehr anstrengenden Tag) und w\u00e4hrend Chris sich noch Waschen war, kam dann doch noch \u201eBesuch\u201c. Die Dorf-\u201eofficals\u201c standen in der T\u00fcr, zusammen mit Victoria, einer Amerikanerin, die \u00fcbersetzen sollte. Wir, also auch der etwas verdutzte, daf\u00fcr frisch gewaschene Chris, wurden gefragt, wo wir herkamen, wohin wir wollten, ob wir geplant hatten hier zu \u00fcbernachten, und so weiter und so fort. Erst wurde uns gesagt, dass noch Busse in die n\u00e4chste Stadt mit Hotel fahren w\u00fcrden und wir einen dieser Busse nehmen sollten. Nach ein paar weiteren Erkl\u00e4rungen und dem Abfotografieren unserer Reisep\u00e4sse, willigten sie jedoch ein, dass wir f\u00fcr eine Nacht bei dem M\u00f6nch bleiben durften. Uns fiel ein Stein vom Herzen. F\u00fcnf Minuten sp\u00e4ter lagen wir in unserem hei\u00dfen Zelt und schiefen ein. <\/p>\n\n\n\n<p>Am n\u00e4chsten Morgen stellten wir noch unsere Taschen bei der Peace-Corps-Freiwilligen Victoria ab, bevor wir uns auf unseren Weg zum Fu\u00df des Berges machten.<\/p>\n\n\n\n<figure class=\"is-layout-flex wp-block-gallery-51 wp-block-gallery columns-1 is-cropped\"><ul class=\"blocks-gallery-grid\"><li class=\"blocks-gallery-item\"><figure><img decoding=\"async\" loading=\"lazy\" width=\"1024\" height=\"768\" src=\"http:\/\/lichri.radeln-in-den-sonnenaufgang.de\/wp-content\/uploads\/2020\/04\/DSC_0373-1024x768.jpg\" alt=\"\" data-id=\"2385\" data-full-url=\"http:\/\/lichri.radeln-in-den-sonnenaufgang.de\/wp-content\/uploads\/2020\/04\/DSC_0373.jpg\" data-link=\"http:\/\/lichri.radeln-in-den-sonnenaufgang.de\/?attachment_id=2385\" class=\"wp-image-2385\" srcset=\"http:\/\/lichri.radeln-in-den-sonnenaufgang.de\/wp-content\/uploads\/2020\/04\/DSC_0373-1024x768.jpg 1024w, http:\/\/lichri.radeln-in-den-sonnenaufgang.de\/wp-content\/uploads\/2020\/04\/DSC_0373-300x225.jpg 300w, http:\/\/lichri.radeln-in-den-sonnenaufgang.de\/wp-content\/uploads\/2020\/04\/DSC_0373-768x576.jpg 768w, http:\/\/lichri.radeln-in-den-sonnenaufgang.de\/wp-content\/uploads\/2020\/04\/DSC_0373-1536x1152.jpg 1536w, http:\/\/lichri.radeln-in-den-sonnenaufgang.de\/wp-content\/uploads\/2020\/04\/DSC_0373.jpg 1600w\" sizes=\"(max-width: 767px) 89vw, (max-width: 1000px) 54vw, (max-width: 1071px) 543px, 580px\" \/><figcaption class=\"blocks-gallery-item__caption\">Von der Dachterrasse der Wohnung Victorias beobachteten wir einen Milit\u00e4rkonvoi nach S\u00fcden durch die Hauptstra\u00dfe des Ortes rattern.<\/figcaption><\/figure><\/li><li class=\"blocks-gallery-item\"><figure><img decoding=\"async\" loading=\"lazy\" width=\"1024\" height=\"768\" src=\"http:\/\/lichri.radeln-in-den-sonnenaufgang.de\/wp-content\/uploads\/2020\/04\/DSC_0374-1024x768.jpg\" alt=\"\" data-id=\"2384\" data-full-url=\"http:\/\/lichri.radeln-in-den-sonnenaufgang.de\/wp-content\/uploads\/2020\/04\/DSC_0374.jpg\" data-link=\"http:\/\/lichri.radeln-in-den-sonnenaufgang.de\/?attachment_id=2384\" class=\"wp-image-2384\" srcset=\"http:\/\/lichri.radeln-in-den-sonnenaufgang.de\/wp-content\/uploads\/2020\/04\/DSC_0374-1024x768.jpg 1024w, http:\/\/lichri.radeln-in-den-sonnenaufgang.de\/wp-content\/uploads\/2020\/04\/DSC_0374-300x225.jpg 300w, http:\/\/lichri.radeln-in-den-sonnenaufgang.de\/wp-content\/uploads\/2020\/04\/DSC_0374-768x576.jpg 768w, http:\/\/lichri.radeln-in-den-sonnenaufgang.de\/wp-content\/uploads\/2020\/04\/DSC_0374-1536x1152.jpg 1536w, http:\/\/lichri.radeln-in-den-sonnenaufgang.de\/wp-content\/uploads\/2020\/04\/DSC_0374.jpg 1600w\" sizes=\"(max-width: 767px) 89vw, (max-width: 1000px) 54vw, (max-width: 1071px) 543px, 580px\" \/><\/figure><\/li><\/ul><\/figure>\n\n\n\n<p>W\u00e4hrend Chris  die knapp 900 H\u00f6henmeter bis zum Kloster hochstrampelte, setzte sich Lisa unten im Dorf zwischen den dortigen Kl\u00f6stern auf eine Bank. Sie wollte die angek\u00fcndigten 3 Stunden, die Chris f\u00fcr seine Tour veranschlagte, nutzen um ihren Krimi zu lesen, den sie sich in Bangkok bei Parn &amp; Neemo eingepackt hatte. So stellte sie sich einen gem\u00fctlichen Vormittag im Schatten mit wenig Bewegung vor. Gem\u00fctlich im Schatten war es dann auch, nur das Lesen konnte sie vergessen. Kurz nachdem Chris gegangen war, setzte sich eine \u00e4ltere Nonne zu ihr auf die Bank und begann ein Gespr\u00e4ch. \u201eGespr\u00e4ch\u201c ist etwas viel gesagt, denn reden konnten sie nicht wirklich miteinander. Sie verstand so wenig Englisch wie Lisa Burmesisch. Aber irgendwie klappte es doch. Zwischenzeitlich gesellten sich immer wieder Leute aus dem Dorf zu ihnen. M\u00e4nner, Frauen, Kinder kamen, spielten Ball und verabschiedeten sich wieder. Ein Lehrer war auch dabei, der konnte sogar ein wenig Englisch und erkl\u00e4rte den anderen, was sie hier machte. Es war interessant, dieses Dorfleben mitzuerleben. Anscheinend war Lisa jedoch mindestens genauso interessant. Die Zeit verging. Sie boten ihr Tee, Geb\u00e4ck, Bonbons und Getr\u00e4nke an. Die Nonne brachte ihr ein paar burmesische W\u00f6rter bei, die sie alle schon wieder vergessen hat und freute sich sehr \u00fcber die Bilder ihrer Familie, die wir vor Beginn der Reise extra hierf\u00fcr hatten entwickeln lassen. <\/p>\n\n\n\n<figure class=\"wp-block-image size-large\"><img decoding=\"async\" loading=\"lazy\" width=\"1024\" height=\"683\" src=\"http:\/\/lichri.radeln-in-den-sonnenaufgang.de\/wp-content\/uploads\/2020\/04\/IMG_7586-1024x683.jpg\" alt=\"\" class=\"wp-image-2054\" srcset=\"http:\/\/lichri.radeln-in-den-sonnenaufgang.de\/wp-content\/uploads\/2020\/04\/IMG_7586-1024x683.jpg 1024w, http:\/\/lichri.radeln-in-den-sonnenaufgang.de\/wp-content\/uploads\/2020\/04\/IMG_7586-300x200.jpg 300w, http:\/\/lichri.radeln-in-den-sonnenaufgang.de\/wp-content\/uploads\/2020\/04\/IMG_7586-768x512.jpg 768w, http:\/\/lichri.radeln-in-den-sonnenaufgang.de\/wp-content\/uploads\/2020\/04\/IMG_7586-1536x1024.jpg 1536w, http:\/\/lichri.radeln-in-den-sonnenaufgang.de\/wp-content\/uploads\/2020\/04\/IMG_7586.jpg 1800w\" sizes=\"(max-width: 767px) 89vw, (max-width: 1000px) 54vw, (max-width: 1071px) 543px, 580px\" \/><\/figure>\n\n\n\n<p>Chris war indessen eine Serpentine nach der anderen hinaufgestrampelt. Er genoss den schwei\u00dftreibenden Kampf gegen die Erdanziehungskraft bei 40\u00b0 Celsius und streckenweise 20 bis 35 Prozent Steigung, vor allem in den Kehren. <\/p>\n\n\n\n<figure class=\"is-layout-flex wp-block-gallery-53 wp-block-gallery columns-1 is-cropped\"><ul class=\"blocks-gallery-grid\"><li class=\"blocks-gallery-item\"><figure><img decoding=\"async\" loading=\"lazy\" width=\"1024\" height=\"219\" src=\"http:\/\/lichri.radeln-in-den-sonnenaufgang.de\/wp-content\/uploads\/2020\/04\/DSC_0381-2-1024x219.jpg\" alt=\"\" data-id=\"2386\" data-full-url=\"http:\/\/lichri.radeln-in-den-sonnenaufgang.de\/wp-content\/uploads\/2020\/04\/DSC_0381-2-scaled.jpg\" data-link=\"http:\/\/lichri.radeln-in-den-sonnenaufgang.de\/?attachment_id=2386\" class=\"wp-image-2386\" srcset=\"http:\/\/lichri.radeln-in-den-sonnenaufgang.de\/wp-content\/uploads\/2020\/04\/DSC_0381-2-1024x219.jpg 1024w, http:\/\/lichri.radeln-in-den-sonnenaufgang.de\/wp-content\/uploads\/2020\/04\/DSC_0381-2-300x64.jpg 300w, http:\/\/lichri.radeln-in-den-sonnenaufgang.de\/wp-content\/uploads\/2020\/04\/DSC_0381-2-768x164.jpg 768w, http:\/\/lichri.radeln-in-den-sonnenaufgang.de\/wp-content\/uploads\/2020\/04\/DSC_0381-2-1536x328.jpg 1536w, http:\/\/lichri.radeln-in-den-sonnenaufgang.de\/wp-content\/uploads\/2020\/04\/DSC_0381-2-2048x438.jpg 2048w\" sizes=\"(max-width: 767px) 89vw, (max-width: 1000px) 54vw, (max-width: 1071px) 543px, 580px\" \/><\/figure><\/li><li class=\"blocks-gallery-item\"><figure><img decoding=\"async\" loading=\"lazy\" width=\"1024\" height=\"683\" src=\"http:\/\/lichri.radeln-in-den-sonnenaufgang.de\/wp-content\/uploads\/2020\/04\/IMG_7141-1024x683.jpg\" alt=\"\" data-id=\"2017\" data-full-url=\"http:\/\/lichri.radeln-in-den-sonnenaufgang.de\/wp-content\/uploads\/2020\/04\/IMG_7141.jpg\" data-link=\"http:\/\/lichri.radeln-in-den-sonnenaufgang.de\/?attachment_id=2017\" class=\"wp-image-2017\" srcset=\"http:\/\/lichri.radeln-in-den-sonnenaufgang.de\/wp-content\/uploads\/2020\/04\/IMG_7141-1024x683.jpg 1024w, http:\/\/lichri.radeln-in-den-sonnenaufgang.de\/wp-content\/uploads\/2020\/04\/IMG_7141-300x200.jpg 300w, http:\/\/lichri.radeln-in-den-sonnenaufgang.de\/wp-content\/uploads\/2020\/04\/IMG_7141-768x512.jpg 768w, http:\/\/lichri.radeln-in-den-sonnenaufgang.de\/wp-content\/uploads\/2020\/04\/IMG_7141-1536x1024.jpg 1536w, http:\/\/lichri.radeln-in-den-sonnenaufgang.de\/wp-content\/uploads\/2020\/04\/IMG_7141.jpg 1800w\" sizes=\"(max-width: 767px) 89vw, (max-width: 1000px) 54vw, (max-width: 1071px) 543px, 580px\" \/><\/figure><\/li><li class=\"blocks-gallery-item\"><figure><img decoding=\"async\" loading=\"lazy\" width=\"1024\" height=\"683\" src=\"http:\/\/lichri.radeln-in-den-sonnenaufgang.de\/wp-content\/uploads\/2020\/04\/IMG_7151-1024x683.jpg\" alt=\"\" data-id=\"2018\" data-full-url=\"http:\/\/lichri.radeln-in-den-sonnenaufgang.de\/wp-content\/uploads\/2020\/04\/IMG_7151.jpg\" data-link=\"http:\/\/lichri.radeln-in-den-sonnenaufgang.de\/?attachment_id=2018\" class=\"wp-image-2018\" srcset=\"http:\/\/lichri.radeln-in-den-sonnenaufgang.de\/wp-content\/uploads\/2020\/04\/IMG_7151-1024x683.jpg 1024w, http:\/\/lichri.radeln-in-den-sonnenaufgang.de\/wp-content\/uploads\/2020\/04\/IMG_7151-300x200.jpg 300w, http:\/\/lichri.radeln-in-den-sonnenaufgang.de\/wp-content\/uploads\/2020\/04\/IMG_7151-768x512.jpg 768w, http:\/\/lichri.radeln-in-den-sonnenaufgang.de\/wp-content\/uploads\/2020\/04\/IMG_7151-1536x1024.jpg 1536w, http:\/\/lichri.radeln-in-den-sonnenaufgang.de\/wp-content\/uploads\/2020\/04\/IMG_7151.jpg 1800w\" sizes=\"(max-width: 767px) 89vw, (max-width: 1000px) 54vw, (max-width: 1071px) 543px, 580px\" \/><\/figure><\/li><li class=\"blocks-gallery-item\"><figure><img decoding=\"async\" loading=\"lazy\" width=\"1024\" height=\"683\" src=\"http:\/\/lichri.radeln-in-den-sonnenaufgang.de\/wp-content\/uploads\/2020\/04\/IMG_7124-1024x683.jpg\" alt=\"\" data-id=\"2016\" data-full-url=\"http:\/\/lichri.radeln-in-den-sonnenaufgang.de\/wp-content\/uploads\/2020\/04\/IMG_7124.jpg\" data-link=\"http:\/\/lichri.radeln-in-den-sonnenaufgang.de\/?attachment_id=2016\" class=\"wp-image-2016\" srcset=\"http:\/\/lichri.radeln-in-den-sonnenaufgang.de\/wp-content\/uploads\/2020\/04\/IMG_7124-1024x683.jpg 1024w, http:\/\/lichri.radeln-in-den-sonnenaufgang.de\/wp-content\/uploads\/2020\/04\/IMG_7124-300x200.jpg 300w, http:\/\/lichri.radeln-in-den-sonnenaufgang.de\/wp-content\/uploads\/2020\/04\/IMG_7124-768x512.jpg 768w, http:\/\/lichri.radeln-in-den-sonnenaufgang.de\/wp-content\/uploads\/2020\/04\/IMG_7124-1536x1024.jpg 1536w, http:\/\/lichri.radeln-in-den-sonnenaufgang.de\/wp-content\/uploads\/2020\/04\/IMG_7124.jpg 1800w\" sizes=\"(max-width: 767px) 89vw, (max-width: 1000px) 54vw, (max-width: 1071px) 543px, 580px\" \/><\/figure><\/li><li class=\"blocks-gallery-item\"><figure><img decoding=\"async\" loading=\"lazy\" width=\"1024\" height=\"683\" src=\"http:\/\/lichri.radeln-in-den-sonnenaufgang.de\/wp-content\/uploads\/2020\/04\/IMG_7173-1024x683.jpg\" alt=\"\" data-id=\"2020\" data-full-url=\"http:\/\/lichri.radeln-in-den-sonnenaufgang.de\/wp-content\/uploads\/2020\/04\/IMG_7173.jpg\" data-link=\"http:\/\/lichri.radeln-in-den-sonnenaufgang.de\/?attachment_id=2020\" class=\"wp-image-2020\" srcset=\"http:\/\/lichri.radeln-in-den-sonnenaufgang.de\/wp-content\/uploads\/2020\/04\/IMG_7173-1024x683.jpg 1024w, http:\/\/lichri.radeln-in-den-sonnenaufgang.de\/wp-content\/uploads\/2020\/04\/IMG_7173-300x200.jpg 300w, http:\/\/lichri.radeln-in-den-sonnenaufgang.de\/wp-content\/uploads\/2020\/04\/IMG_7173-768x512.jpg 768w, http:\/\/lichri.radeln-in-den-sonnenaufgang.de\/wp-content\/uploads\/2020\/04\/IMG_7173-1536x1024.jpg 1536w, http:\/\/lichri.radeln-in-den-sonnenaufgang.de\/wp-content\/uploads\/2020\/04\/IMG_7173.jpg 1800w\" sizes=\"(max-width: 767px) 89vw, (max-width: 1000px) 54vw, (max-width: 1071px) 543px, 580px\" \/><\/figure><\/li><li class=\"blocks-gallery-item\"><figure><img decoding=\"async\" loading=\"lazy\" width=\"1024\" height=\"683\" src=\"http:\/\/lichri.radeln-in-den-sonnenaufgang.de\/wp-content\/uploads\/2020\/04\/IMG_7167-1024x683.jpg\" alt=\"\" data-id=\"2019\" data-full-url=\"http:\/\/lichri.radeln-in-den-sonnenaufgang.de\/wp-content\/uploads\/2020\/04\/IMG_7167.jpg\" data-link=\"http:\/\/lichri.radeln-in-den-sonnenaufgang.de\/?attachment_id=2019\" class=\"wp-image-2019\" srcset=\"http:\/\/lichri.radeln-in-den-sonnenaufgang.de\/wp-content\/uploads\/2020\/04\/IMG_7167-1024x683.jpg 1024w, http:\/\/lichri.radeln-in-den-sonnenaufgang.de\/wp-content\/uploads\/2020\/04\/IMG_7167-300x200.jpg 300w, http:\/\/lichri.radeln-in-den-sonnenaufgang.de\/wp-content\/uploads\/2020\/04\/IMG_7167-768x512.jpg 768w, http:\/\/lichri.radeln-in-den-sonnenaufgang.de\/wp-content\/uploads\/2020\/04\/IMG_7167-1536x1024.jpg 1536w, http:\/\/lichri.radeln-in-den-sonnenaufgang.de\/wp-content\/uploads\/2020\/04\/IMG_7167.jpg 1800w\" sizes=\"(max-width: 767px) 89vw, (max-width: 1000px) 54vw, (max-width: 1071px) 543px, 580px\" \/><\/figure><\/li><li class=\"blocks-gallery-item\"><figure><img decoding=\"async\" loading=\"lazy\" width=\"683\" height=\"1024\" src=\"http:\/\/lichri.radeln-in-den-sonnenaufgang.de\/wp-content\/uploads\/2020\/04\/IMG_7177-683x1024.jpg\" alt=\"\" data-id=\"2021\" data-full-url=\"http:\/\/lichri.radeln-in-den-sonnenaufgang.de\/wp-content\/uploads\/2020\/04\/IMG_7177-rotated.jpg\" data-link=\"http:\/\/lichri.radeln-in-den-sonnenaufgang.de\/?attachment_id=2021\" class=\"wp-image-2021\" srcset=\"http:\/\/lichri.radeln-in-den-sonnenaufgang.de\/wp-content\/uploads\/2020\/04\/IMG_7177-683x1024.jpg 683w, http:\/\/lichri.radeln-in-den-sonnenaufgang.de\/wp-content\/uploads\/2020\/04\/IMG_7177-200x300.jpg 200w, http:\/\/lichri.radeln-in-den-sonnenaufgang.de\/wp-content\/uploads\/2020\/04\/IMG_7177-768x1152.jpg 768w, http:\/\/lichri.radeln-in-den-sonnenaufgang.de\/wp-content\/uploads\/2020\/04\/IMG_7177-1024x1536.jpg 1024w, http:\/\/lichri.radeln-in-den-sonnenaufgang.de\/wp-content\/uploads\/2020\/04\/IMG_7177-rotated.jpg 1200w\" sizes=\"(max-width: 683px) 100vw, 683px\" \/><\/figure><\/li><li class=\"blocks-gallery-item\"><figure><img decoding=\"async\" loading=\"lazy\" width=\"1024\" height=\"683\" src=\"http:\/\/lichri.radeln-in-den-sonnenaufgang.de\/wp-content\/uploads\/2020\/04\/IMG_7214-1024x683.jpg\" alt=\"\" data-id=\"2022\" data-full-url=\"http:\/\/lichri.radeln-in-den-sonnenaufgang.de\/wp-content\/uploads\/2020\/04\/IMG_7214.jpg\" data-link=\"http:\/\/lichri.radeln-in-den-sonnenaufgang.de\/?attachment_id=2022\" class=\"wp-image-2022\" srcset=\"http:\/\/lichri.radeln-in-den-sonnenaufgang.de\/wp-content\/uploads\/2020\/04\/IMG_7214-1024x683.jpg 1024w, http:\/\/lichri.radeln-in-den-sonnenaufgang.de\/wp-content\/uploads\/2020\/04\/IMG_7214-300x200.jpg 300w, http:\/\/lichri.radeln-in-den-sonnenaufgang.de\/wp-content\/uploads\/2020\/04\/IMG_7214-768x512.jpg 768w, http:\/\/lichri.radeln-in-den-sonnenaufgang.de\/wp-content\/uploads\/2020\/04\/IMG_7214-1536x1024.jpg 1536w, http:\/\/lichri.radeln-in-den-sonnenaufgang.de\/wp-content\/uploads\/2020\/04\/IMG_7214.jpg 1800w\" sizes=\"(max-width: 767px) 89vw, (max-width: 1000px) 54vw, (max-width: 1071px) 543px, 580px\" \/><\/figure><\/li><\/ul><\/figure>\n\n\n\n<p>Und nicht nur die H\u00f6he mit den immer weiteren Ausblicken \u00fcber das Land belohnten ihn daf\u00fcr, sondern auch die Einladungen der M\u00f6nche, die ihn immer wieder in ihre am Wegrand liegenden Kloster einluden, Tee, Kaffee, Wasser, Energydrinks sowie Obst und Kekse anboten. Die Begegnungen mit den buddhistischen Geistlichen waren sch\u00f6n und ihre Einladungen ehrten ihn. Hier machte Chris jedoch auch eine Entdeckung die ihn etwas betr\u00fcbte, n\u00e4mlich die sehr hetzerische Titelseite einer Zeitung, die laut Impressum u.a. von M\u00f6nchen herausgegeben wurde (was Chris den Fotos entnahm) und die in fetten Lettern erkl\u00e4rte, dass Myanmar vom Islamischen Staat mit der Zerst\u00f6rung bedroht w\u00fcrde. Ziemlich haarstr\u00e4ubende Behauptung, ist dessen Einflussgebiet doch mehrere Tausend Kilometer entfernt. Doch unterstreicht dieser Fund, was wir davor und danach noch \u00fcber Religion, Politik und Macht in Myanmar lernen sollten: die buddhistisch-religi\u00f6se und politische F\u00fchrung im Land stellt die muslimische Minderheit, insbesondere die Rohinya, unter Generalverdacht und bezichtigt sie, eine Religion des Terrors zu leben und zu f\u00f6rdern, welcher die friedliebenden Buddhisten des Landes schutzlos ausgeliefert w\u00e4ren. W\u00e4ren \u2013 g\u00e4be es nicht die extreme systematische Diskriminierung und Vertreibung muslimischer Gemeinschaften bis hin zu ganzen Ethnien. W\u00fcrde man nicht deren H\u00e4user und D\u00f6rfer niederbrennen, damit sie nicht zur\u00fcckkehrten. W\u00fcrde nicht der buddhistische Klerus Myanmars Diffamierung und Hetze selbst \u00fcbers Land treiben und Menschen ins Ungl\u00fcck st\u00fcrzen, Elend und Not \u00fcber sie bringen&#8230; Wir hatten den Buddhismus in allen vorangegangen L\u00e4ndern, aber insbesondere Laos und Thailand als \u00fcberaus friedfertige Religion wahrgenommen, M\u00f6nche und Landsleute als die entspanntesten und gro\u00dfz\u00fcgigsten Menschen w\u00e4hrend der Reise kennengelernt. In Myanmar mussten wir dann feststellen, dass Macht und Angst sowie das geschickte Spiel mit ihr, scheinbar auch einen anderen Buddhismus geb\u00e4ren k\u00f6nnen.<\/p>\n\n\n\n<p>Verglichen mit den streng dreinblickenden Fotografien hoher\nGeistlicher, die man oft an \u00f6ffentlichen Geb\u00e4uden und Klostern fand sowie dem\ngarstigen Abt und seinen Kollegen, die uns am Vortag kaltschn\u00e4uzig abwiesen,\nwaren die M\u00f6nche die Chris hier traf ihm gegen\u00fcber sehr aufgeschlossen,\ninteressiert und gro\u00dfz\u00fcgig. Zeigt sich halt doch wieder: Verallgemeinerungen\nsind Quatsch und Menschen sind nicht ihre vermeintlichen politischen oder\nideologischen Ansichten. <\/p>\n\n\n\n<figure class=\"is-layout-flex wp-block-gallery-55 wp-block-gallery columns-2 is-cropped\"><ul class=\"blocks-gallery-grid\"><li class=\"blocks-gallery-item\"><figure><img decoding=\"async\" loading=\"lazy\" width=\"1024\" height=\"683\" src=\"http:\/\/lichri.radeln-in-den-sonnenaufgang.de\/wp-content\/uploads\/2020\/04\/IMG_7117-1024x683.jpg\" alt=\"\" data-id=\"2014\" data-full-url=\"http:\/\/lichri.radeln-in-den-sonnenaufgang.de\/wp-content\/uploads\/2020\/04\/IMG_7117.jpg\" data-link=\"http:\/\/lichri.radeln-in-den-sonnenaufgang.de\/?attachment_id=2014\" class=\"wp-image-2014\" srcset=\"http:\/\/lichri.radeln-in-den-sonnenaufgang.de\/wp-content\/uploads\/2020\/04\/IMG_7117-1024x683.jpg 1024w, http:\/\/lichri.radeln-in-den-sonnenaufgang.de\/wp-content\/uploads\/2020\/04\/IMG_7117-300x200.jpg 300w, http:\/\/lichri.radeln-in-den-sonnenaufgang.de\/wp-content\/uploads\/2020\/04\/IMG_7117-768x512.jpg 768w, http:\/\/lichri.radeln-in-den-sonnenaufgang.de\/wp-content\/uploads\/2020\/04\/IMG_7117-1536x1024.jpg 1536w, http:\/\/lichri.radeln-in-den-sonnenaufgang.de\/wp-content\/uploads\/2020\/04\/IMG_7117.jpg 1800w\" sizes=\"(max-width: 767px) 89vw, (max-width: 1000px) 54vw, (max-width: 1071px) 543px, 580px\" \/><\/figure><\/li><li class=\"blocks-gallery-item\"><figure><img decoding=\"async\" loading=\"lazy\" width=\"1024\" height=\"683\" src=\"http:\/\/lichri.radeln-in-den-sonnenaufgang.de\/wp-content\/uploads\/2020\/04\/IMG_7118-1024x683.jpg\" alt=\"\" data-id=\"2015\" data-full-url=\"http:\/\/lichri.radeln-in-den-sonnenaufgang.de\/wp-content\/uploads\/2020\/04\/IMG_7118.jpg\" data-link=\"http:\/\/lichri.radeln-in-den-sonnenaufgang.de\/?attachment_id=2015\" class=\"wp-image-2015\" srcset=\"http:\/\/lichri.radeln-in-den-sonnenaufgang.de\/wp-content\/uploads\/2020\/04\/IMG_7118-1024x683.jpg 1024w, http:\/\/lichri.radeln-in-den-sonnenaufgang.de\/wp-content\/uploads\/2020\/04\/IMG_7118-300x200.jpg 300w, http:\/\/lichri.radeln-in-den-sonnenaufgang.de\/wp-content\/uploads\/2020\/04\/IMG_7118-768x512.jpg 768w, http:\/\/lichri.radeln-in-den-sonnenaufgang.de\/wp-content\/uploads\/2020\/04\/IMG_7118-1536x1024.jpg 1536w, http:\/\/lichri.radeln-in-den-sonnenaufgang.de\/wp-content\/uploads\/2020\/04\/IMG_7118.jpg 1800w\" sizes=\"(max-width: 767px) 89vw, (max-width: 1000px) 54vw, (max-width: 1071px) 543px, 580px\" \/><\/figure><\/li><\/ul><\/figure>\n\n\n\n<p>Oben auf dem Berg tappste Chris dann (bereits etwas in Eile geraten, hatte der lange und unterbrechungsreiche Aufstieg ihm doch viel Zeit gekostet) durch die G\u00e4nge und \u00fcber die Pl\u00e4tze des Bergklosters Zin Kyiak. Buddhastatuen, Stupas und Co hatte er bereits zu gen\u00fcge gesehen und so galt sein Blick vor allem den kuriosen Details und den sagenhaften Aussichten von dort oben.<\/p>\n\n\n\n<figure class=\"is-layout-flex wp-block-gallery-57 wp-block-gallery columns-2 is-cropped\"><ul class=\"blocks-gallery-grid\"><li class=\"blocks-gallery-item\"><figure><img decoding=\"async\" loading=\"lazy\" width=\"1024\" height=\"683\" src=\"http:\/\/lichri.radeln-in-den-sonnenaufgang.de\/wp-content\/uploads\/2020\/04\/IMG_7307-1024x683.jpg\" alt=\"\" data-id=\"2027\" data-full-url=\"http:\/\/lichri.radeln-in-den-sonnenaufgang.de\/wp-content\/uploads\/2020\/04\/IMG_7307.jpg\" data-link=\"http:\/\/lichri.radeln-in-den-sonnenaufgang.de\/?attachment_id=2027\" class=\"wp-image-2027\" srcset=\"http:\/\/lichri.radeln-in-den-sonnenaufgang.de\/wp-content\/uploads\/2020\/04\/IMG_7307-1024x683.jpg 1024w, http:\/\/lichri.radeln-in-den-sonnenaufgang.de\/wp-content\/uploads\/2020\/04\/IMG_7307-300x200.jpg 300w, http:\/\/lichri.radeln-in-den-sonnenaufgang.de\/wp-content\/uploads\/2020\/04\/IMG_7307-768x512.jpg 768w, http:\/\/lichri.radeln-in-den-sonnenaufgang.de\/wp-content\/uploads\/2020\/04\/IMG_7307-1536x1024.jpg 1536w, http:\/\/lichri.radeln-in-den-sonnenaufgang.de\/wp-content\/uploads\/2020\/04\/IMG_7307.jpg 1800w\" sizes=\"(max-width: 767px) 89vw, (max-width: 1000px) 54vw, (max-width: 1071px) 543px, 580px\" \/><\/figure><\/li><li class=\"blocks-gallery-item\"><figure><img decoding=\"async\" loading=\"lazy\" width=\"1024\" height=\"683\" src=\"http:\/\/lichri.radeln-in-den-sonnenaufgang.de\/wp-content\/uploads\/2020\/04\/IMG_7333-1024x683.jpg\" alt=\"\" data-id=\"2029\" data-full-url=\"http:\/\/lichri.radeln-in-den-sonnenaufgang.de\/wp-content\/uploads\/2020\/04\/IMG_7333.jpg\" data-link=\"http:\/\/lichri.radeln-in-den-sonnenaufgang.de\/?attachment_id=2029\" class=\"wp-image-2029\" srcset=\"http:\/\/lichri.radeln-in-den-sonnenaufgang.de\/wp-content\/uploads\/2020\/04\/IMG_7333-1024x683.jpg 1024w, http:\/\/lichri.radeln-in-den-sonnenaufgang.de\/wp-content\/uploads\/2020\/04\/IMG_7333-300x200.jpg 300w, http:\/\/lichri.radeln-in-den-sonnenaufgang.de\/wp-content\/uploads\/2020\/04\/IMG_7333-768x512.jpg 768w, http:\/\/lichri.radeln-in-den-sonnenaufgang.de\/wp-content\/uploads\/2020\/04\/IMG_7333-1536x1024.jpg 1536w, http:\/\/lichri.radeln-in-den-sonnenaufgang.de\/wp-content\/uploads\/2020\/04\/IMG_7333.jpg 1800w\" sizes=\"(max-width: 767px) 89vw, (max-width: 1000px) 54vw, (max-width: 1071px) 543px, 580px\" \/><\/figure><\/li><li class=\"blocks-gallery-item\"><figure><img decoding=\"async\" loading=\"lazy\" width=\"1024\" height=\"683\" src=\"http:\/\/lichri.radeln-in-den-sonnenaufgang.de\/wp-content\/uploads\/2020\/04\/IMG_7366-1024x683.jpg\" alt=\"\" data-id=\"2031\" data-full-url=\"http:\/\/lichri.radeln-in-den-sonnenaufgang.de\/wp-content\/uploads\/2020\/04\/IMG_7366.jpg\" data-link=\"http:\/\/lichri.radeln-in-den-sonnenaufgang.de\/?attachment_id=2031\" class=\"wp-image-2031\" srcset=\"http:\/\/lichri.radeln-in-den-sonnenaufgang.de\/wp-content\/uploads\/2020\/04\/IMG_7366-1024x683.jpg 1024w, http:\/\/lichri.radeln-in-den-sonnenaufgang.de\/wp-content\/uploads\/2020\/04\/IMG_7366-300x200.jpg 300w, http:\/\/lichri.radeln-in-den-sonnenaufgang.de\/wp-content\/uploads\/2020\/04\/IMG_7366-768x512.jpg 768w, http:\/\/lichri.radeln-in-den-sonnenaufgang.de\/wp-content\/uploads\/2020\/04\/IMG_7366-1536x1024.jpg 1536w, http:\/\/lichri.radeln-in-den-sonnenaufgang.de\/wp-content\/uploads\/2020\/04\/IMG_7366.jpg 1800w\" sizes=\"(max-width: 767px) 89vw, (max-width: 1000px) 54vw, (max-width: 1071px) 543px, 580px\" \/><\/figure><\/li><li class=\"blocks-gallery-item\"><figure><img decoding=\"async\" loading=\"lazy\" width=\"683\" height=\"1024\" src=\"http:\/\/lichri.radeln-in-den-sonnenaufgang.de\/wp-content\/uploads\/2020\/04\/IMG_7351-683x1024.jpg\" alt=\"\" data-id=\"2030\" data-full-url=\"http:\/\/lichri.radeln-in-den-sonnenaufgang.de\/wp-content\/uploads\/2020\/04\/IMG_7351-rotated.jpg\" data-link=\"http:\/\/lichri.radeln-in-den-sonnenaufgang.de\/?attachment_id=2030\" class=\"wp-image-2030\" srcset=\"http:\/\/lichri.radeln-in-den-sonnenaufgang.de\/wp-content\/uploads\/2020\/04\/IMG_7351-683x1024.jpg 683w, http:\/\/lichri.radeln-in-den-sonnenaufgang.de\/wp-content\/uploads\/2020\/04\/IMG_7351-200x300.jpg 200w, http:\/\/lichri.radeln-in-den-sonnenaufgang.de\/wp-content\/uploads\/2020\/04\/IMG_7351-768x1152.jpg 768w, http:\/\/lichri.radeln-in-den-sonnenaufgang.de\/wp-content\/uploads\/2020\/04\/IMG_7351-1024x1536.jpg 1024w, http:\/\/lichri.radeln-in-den-sonnenaufgang.de\/wp-content\/uploads\/2020\/04\/IMG_7351-rotated.jpg 1200w\" sizes=\"(max-width: 683px) 100vw, 683px\" \/><\/figure><\/li><li class=\"blocks-gallery-item\"><figure><img decoding=\"async\" loading=\"lazy\" width=\"1024\" height=\"683\" src=\"http:\/\/lichri.radeln-in-den-sonnenaufgang.de\/wp-content\/uploads\/2020\/04\/IMG_7284-1024x683.jpg\" alt=\"\" data-id=\"2025\" data-full-url=\"http:\/\/lichri.radeln-in-den-sonnenaufgang.de\/wp-content\/uploads\/2020\/04\/IMG_7284.jpg\" data-link=\"http:\/\/lichri.radeln-in-den-sonnenaufgang.de\/?attachment_id=2025\" class=\"wp-image-2025\" srcset=\"http:\/\/lichri.radeln-in-den-sonnenaufgang.de\/wp-content\/uploads\/2020\/04\/IMG_7284-1024x683.jpg 1024w, http:\/\/lichri.radeln-in-den-sonnenaufgang.de\/wp-content\/uploads\/2020\/04\/IMG_7284-300x200.jpg 300w, http:\/\/lichri.radeln-in-den-sonnenaufgang.de\/wp-content\/uploads\/2020\/04\/IMG_7284-768x512.jpg 768w, http:\/\/lichri.radeln-in-den-sonnenaufgang.de\/wp-content\/uploads\/2020\/04\/IMG_7284-1536x1024.jpg 1536w, http:\/\/lichri.radeln-in-den-sonnenaufgang.de\/wp-content\/uploads\/2020\/04\/IMG_7284.jpg 1800w\" sizes=\"(max-width: 767px) 89vw, (max-width: 1000px) 54vw, (max-width: 1071px) 543px, 580px\" \/><\/figure><\/li><li class=\"blocks-gallery-item\"><figure><img decoding=\"async\" loading=\"lazy\" width=\"1024\" height=\"683\" src=\"http:\/\/lichri.radeln-in-den-sonnenaufgang.de\/wp-content\/uploads\/2020\/04\/IMG_7390-1024x683.jpg\" alt=\"\" data-id=\"2032\" data-full-url=\"http:\/\/lichri.radeln-in-den-sonnenaufgang.de\/wp-content\/uploads\/2020\/04\/IMG_7390.jpg\" data-link=\"http:\/\/lichri.radeln-in-den-sonnenaufgang.de\/?attachment_id=2032\" class=\"wp-image-2032\" srcset=\"http:\/\/lichri.radeln-in-den-sonnenaufgang.de\/wp-content\/uploads\/2020\/04\/IMG_7390-1024x683.jpg 1024w, http:\/\/lichri.radeln-in-den-sonnenaufgang.de\/wp-content\/uploads\/2020\/04\/IMG_7390-300x200.jpg 300w, http:\/\/lichri.radeln-in-den-sonnenaufgang.de\/wp-content\/uploads\/2020\/04\/IMG_7390-768x512.jpg 768w, http:\/\/lichri.radeln-in-den-sonnenaufgang.de\/wp-content\/uploads\/2020\/04\/IMG_7390-1536x1024.jpg 1536w, http:\/\/lichri.radeln-in-den-sonnenaufgang.de\/wp-content\/uploads\/2020\/04\/IMG_7390.jpg 1800w\" sizes=\"(max-width: 767px) 89vw, (max-width: 1000px) 54vw, (max-width: 1071px) 543px, 580px\" \/><\/figure><\/li><li class=\"blocks-gallery-item\"><figure><img decoding=\"async\" loading=\"lazy\" width=\"683\" height=\"1024\" src=\"http:\/\/lichri.radeln-in-den-sonnenaufgang.de\/wp-content\/uploads\/2020\/04\/IMG_7392-683x1024.jpg\" alt=\"\" data-id=\"2033\" data-full-url=\"http:\/\/lichri.radeln-in-den-sonnenaufgang.de\/wp-content\/uploads\/2020\/04\/IMG_7392-rotated.jpg\" data-link=\"http:\/\/lichri.radeln-in-den-sonnenaufgang.de\/?attachment_id=2033\" class=\"wp-image-2033\" srcset=\"http:\/\/lichri.radeln-in-den-sonnenaufgang.de\/wp-content\/uploads\/2020\/04\/IMG_7392-683x1024.jpg 683w, http:\/\/lichri.radeln-in-den-sonnenaufgang.de\/wp-content\/uploads\/2020\/04\/IMG_7392-200x300.jpg 200w, http:\/\/lichri.radeln-in-den-sonnenaufgang.de\/wp-content\/uploads\/2020\/04\/IMG_7392-768x1152.jpg 768w, http:\/\/lichri.radeln-in-den-sonnenaufgang.de\/wp-content\/uploads\/2020\/04\/IMG_7392-1024x1536.jpg 1024w, http:\/\/lichri.radeln-in-den-sonnenaufgang.de\/wp-content\/uploads\/2020\/04\/IMG_7392-rotated.jpg 1200w\" sizes=\"(max-width: 683px) 100vw, 683px\" \/><\/figure><\/li><li class=\"blocks-gallery-item\"><figure><img decoding=\"async\" loading=\"lazy\" width=\"683\" height=\"1024\" src=\"http:\/\/lichri.radeln-in-den-sonnenaufgang.de\/wp-content\/uploads\/2020\/04\/IMG_7402-683x1024.jpg\" alt=\"\" data-id=\"2034\" data-full-url=\"http:\/\/lichri.radeln-in-den-sonnenaufgang.de\/wp-content\/uploads\/2020\/04\/IMG_7402-rotated.jpg\" data-link=\"http:\/\/lichri.radeln-in-den-sonnenaufgang.de\/?attachment_id=2034\" class=\"wp-image-2034\" srcset=\"http:\/\/lichri.radeln-in-den-sonnenaufgang.de\/wp-content\/uploads\/2020\/04\/IMG_7402-683x1024.jpg 683w, http:\/\/lichri.radeln-in-den-sonnenaufgang.de\/wp-content\/uploads\/2020\/04\/IMG_7402-200x300.jpg 200w, http:\/\/lichri.radeln-in-den-sonnenaufgang.de\/wp-content\/uploads\/2020\/04\/IMG_7402-768x1152.jpg 768w, http:\/\/lichri.radeln-in-den-sonnenaufgang.de\/wp-content\/uploads\/2020\/04\/IMG_7402-1024x1536.jpg 1024w, http:\/\/lichri.radeln-in-den-sonnenaufgang.de\/wp-content\/uploads\/2020\/04\/IMG_7402-rotated.jpg 1200w\" sizes=\"(max-width: 683px) 100vw, 683px\" \/><\/figure><\/li><li class=\"blocks-gallery-item\"><figure><img decoding=\"async\" loading=\"lazy\" width=\"683\" height=\"1024\" src=\"http:\/\/lichri.radeln-in-den-sonnenaufgang.de\/wp-content\/uploads\/2020\/04\/IMG_7404-683x1024.jpg\" alt=\"\" data-id=\"2035\" data-full-url=\"http:\/\/lichri.radeln-in-den-sonnenaufgang.de\/wp-content\/uploads\/2020\/04\/IMG_7404-rotated.jpg\" data-link=\"http:\/\/lichri.radeln-in-den-sonnenaufgang.de\/?attachment_id=2035\" class=\"wp-image-2035\" srcset=\"http:\/\/lichri.radeln-in-den-sonnenaufgang.de\/wp-content\/uploads\/2020\/04\/IMG_7404-683x1024.jpg 683w, http:\/\/lichri.radeln-in-den-sonnenaufgang.de\/wp-content\/uploads\/2020\/04\/IMG_7404-200x300.jpg 200w, http:\/\/lichri.radeln-in-den-sonnenaufgang.de\/wp-content\/uploads\/2020\/04\/IMG_7404-768x1152.jpg 768w, http:\/\/lichri.radeln-in-den-sonnenaufgang.de\/wp-content\/uploads\/2020\/04\/IMG_7404-1024x1536.jpg 1024w, http:\/\/lichri.radeln-in-den-sonnenaufgang.de\/wp-content\/uploads\/2020\/04\/IMG_7404-rotated.jpg 1200w\" sizes=\"(max-width: 683px) 100vw, 683px\" \/><\/figure><\/li><li class=\"blocks-gallery-item\"><figure><img decoding=\"async\" loading=\"lazy\" width=\"683\" height=\"1024\" src=\"http:\/\/lichri.radeln-in-den-sonnenaufgang.de\/wp-content\/uploads\/2020\/04\/IMG_7436-683x1024.jpg\" alt=\"\" data-id=\"2041\" data-full-url=\"http:\/\/lichri.radeln-in-den-sonnenaufgang.de\/wp-content\/uploads\/2020\/04\/IMG_7436-rotated.jpg\" data-link=\"http:\/\/lichri.radeln-in-den-sonnenaufgang.de\/?attachment_id=2041\" class=\"wp-image-2041\" srcset=\"http:\/\/lichri.radeln-in-den-sonnenaufgang.de\/wp-content\/uploads\/2020\/04\/IMG_7436-683x1024.jpg 683w, http:\/\/lichri.radeln-in-den-sonnenaufgang.de\/wp-content\/uploads\/2020\/04\/IMG_7436-200x300.jpg 200w, http:\/\/lichri.radeln-in-den-sonnenaufgang.de\/wp-content\/uploads\/2020\/04\/IMG_7436-768x1152.jpg 768w, http:\/\/lichri.radeln-in-den-sonnenaufgang.de\/wp-content\/uploads\/2020\/04\/IMG_7436-1024x1536.jpg 1024w, http:\/\/lichri.radeln-in-den-sonnenaufgang.de\/wp-content\/uploads\/2020\/04\/IMG_7436-rotated.jpg 1200w\" sizes=\"(max-width: 683px) 100vw, 683px\" \/><\/figure><\/li><li class=\"blocks-gallery-item\"><figure><img decoding=\"async\" loading=\"lazy\" width=\"683\" height=\"1024\" src=\"http:\/\/lichri.radeln-in-den-sonnenaufgang.de\/wp-content\/uploads\/2020\/04\/IMG_7446-683x1024.jpg\" alt=\"\" data-id=\"2044\" data-full-url=\"http:\/\/lichri.radeln-in-den-sonnenaufgang.de\/wp-content\/uploads\/2020\/04\/IMG_7446-rotated.jpg\" data-link=\"http:\/\/lichri.radeln-in-den-sonnenaufgang.de\/?attachment_id=2044\" class=\"wp-image-2044\" srcset=\"http:\/\/lichri.radeln-in-den-sonnenaufgang.de\/wp-content\/uploads\/2020\/04\/IMG_7446-683x1024.jpg 683w, http:\/\/lichri.radeln-in-den-sonnenaufgang.de\/wp-content\/uploads\/2020\/04\/IMG_7446-200x300.jpg 200w, http:\/\/lichri.radeln-in-den-sonnenaufgang.de\/wp-content\/uploads\/2020\/04\/IMG_7446-768x1152.jpg 768w, http:\/\/lichri.radeln-in-den-sonnenaufgang.de\/wp-content\/uploads\/2020\/04\/IMG_7446-1024x1536.jpg 1024w, http:\/\/lichri.radeln-in-den-sonnenaufgang.de\/wp-content\/uploads\/2020\/04\/IMG_7446-rotated.jpg 1200w\" sizes=\"(max-width: 683px) 100vw, 683px\" \/><\/figure><\/li><li class=\"blocks-gallery-item\"><figure><img decoding=\"async\" loading=\"lazy\" width=\"683\" height=\"1024\" src=\"http:\/\/lichri.radeln-in-den-sonnenaufgang.de\/wp-content\/uploads\/2020\/04\/IMG_7433-683x1024.jpg\" alt=\"\" data-id=\"2039\" data-full-url=\"http:\/\/lichri.radeln-in-den-sonnenaufgang.de\/wp-content\/uploads\/2020\/04\/IMG_7433-rotated.jpg\" data-link=\"http:\/\/lichri.radeln-in-den-sonnenaufgang.de\/?attachment_id=2039\" class=\"wp-image-2039\" srcset=\"http:\/\/lichri.radeln-in-den-sonnenaufgang.de\/wp-content\/uploads\/2020\/04\/IMG_7433-683x1024.jpg 683w, http:\/\/lichri.radeln-in-den-sonnenaufgang.de\/wp-content\/uploads\/2020\/04\/IMG_7433-200x300.jpg 200w, http:\/\/lichri.radeln-in-den-sonnenaufgang.de\/wp-content\/uploads\/2020\/04\/IMG_7433-768x1152.jpg 768w, http:\/\/lichri.radeln-in-den-sonnenaufgang.de\/wp-content\/uploads\/2020\/04\/IMG_7433-1024x1536.jpg 1024w, http:\/\/lichri.radeln-in-den-sonnenaufgang.de\/wp-content\/uploads\/2020\/04\/IMG_7433-rotated.jpg 1200w\" sizes=\"(max-width: 683px) 100vw, 683px\" \/><\/figure><\/li><li class=\"blocks-gallery-item\"><figure><img decoding=\"async\" loading=\"lazy\" width=\"683\" height=\"1024\" src=\"http:\/\/lichri.radeln-in-den-sonnenaufgang.de\/wp-content\/uploads\/2020\/04\/IMG_7516-683x1024.jpg\" alt=\"\" data-id=\"2049\" data-full-url=\"http:\/\/lichri.radeln-in-den-sonnenaufgang.de\/wp-content\/uploads\/2020\/04\/IMG_7516-rotated.jpg\" data-link=\"http:\/\/lichri.radeln-in-den-sonnenaufgang.de\/?attachment_id=2049\" class=\"wp-image-2049\" srcset=\"http:\/\/lichri.radeln-in-den-sonnenaufgang.de\/wp-content\/uploads\/2020\/04\/IMG_7516-683x1024.jpg 683w, http:\/\/lichri.radeln-in-den-sonnenaufgang.de\/wp-content\/uploads\/2020\/04\/IMG_7516-200x300.jpg 200w, http:\/\/lichri.radeln-in-den-sonnenaufgang.de\/wp-content\/uploads\/2020\/04\/IMG_7516-768x1152.jpg 768w, http:\/\/lichri.radeln-in-den-sonnenaufgang.de\/wp-content\/uploads\/2020\/04\/IMG_7516-1024x1536.jpg 1024w, http:\/\/lichri.radeln-in-den-sonnenaufgang.de\/wp-content\/uploads\/2020\/04\/IMG_7516-rotated.jpg 1200w\" sizes=\"(max-width: 683px) 100vw, 683px\" \/><figcaption class=\"blocks-gallery-item__caption\">Du siehst richtig: Das M\u00e4del h\u00e4lt den Tieger am Schwanz fest, damit er sich nicht auf dich st\u00fcrzt.<\/figcaption><\/figure><\/li><li class=\"blocks-gallery-item\"><figure><img decoding=\"async\" loading=\"lazy\" width=\"683\" height=\"1024\" src=\"http:\/\/lichri.radeln-in-den-sonnenaufgang.de\/wp-content\/uploads\/2020\/04\/IMG_7431-683x1024.jpg\" alt=\"\" data-id=\"2038\" data-full-url=\"http:\/\/lichri.radeln-in-den-sonnenaufgang.de\/wp-content\/uploads\/2020\/04\/IMG_7431-rotated.jpg\" data-link=\"http:\/\/lichri.radeln-in-den-sonnenaufgang.de\/?attachment_id=2038\" class=\"wp-image-2038\" srcset=\"http:\/\/lichri.radeln-in-den-sonnenaufgang.de\/wp-content\/uploads\/2020\/04\/IMG_7431-683x1024.jpg 683w, http:\/\/lichri.radeln-in-den-sonnenaufgang.de\/wp-content\/uploads\/2020\/04\/IMG_7431-200x300.jpg 200w, http:\/\/lichri.radeln-in-den-sonnenaufgang.de\/wp-content\/uploads\/2020\/04\/IMG_7431-768x1152.jpg 768w, http:\/\/lichri.radeln-in-den-sonnenaufgang.de\/wp-content\/uploads\/2020\/04\/IMG_7431-1024x1536.jpg 1024w, http:\/\/lichri.radeln-in-den-sonnenaufgang.de\/wp-content\/uploads\/2020\/04\/IMG_7431-rotated.jpg 1200w\" sizes=\"(max-width: 683px) 100vw, 683px\" \/><figcaption class=\"blocks-gallery-item__caption\">Manchmal braucht so eine Stupa eben auch mal eine kleine Renovierung.<\/figcaption><\/figure><\/li><li class=\"blocks-gallery-item\"><figure><img decoding=\"async\" loading=\"lazy\" width=\"1024\" height=\"683\" src=\"http:\/\/lichri.radeln-in-den-sonnenaufgang.de\/wp-content\/uploads\/2020\/04\/IMG_7438-1024x683.jpg\" alt=\"\" data-id=\"2042\" data-full-url=\"http:\/\/lichri.radeln-in-den-sonnenaufgang.de\/wp-content\/uploads\/2020\/04\/IMG_7438.jpg\" data-link=\"http:\/\/lichri.radeln-in-den-sonnenaufgang.de\/?attachment_id=2042\" class=\"wp-image-2042\" srcset=\"http:\/\/lichri.radeln-in-den-sonnenaufgang.de\/wp-content\/uploads\/2020\/04\/IMG_7438-1024x683.jpg 1024w, http:\/\/lichri.radeln-in-den-sonnenaufgang.de\/wp-content\/uploads\/2020\/04\/IMG_7438-300x200.jpg 300w, http:\/\/lichri.radeln-in-den-sonnenaufgang.de\/wp-content\/uploads\/2020\/04\/IMG_7438-768x512.jpg 768w, http:\/\/lichri.radeln-in-den-sonnenaufgang.de\/wp-content\/uploads\/2020\/04\/IMG_7438-1536x1024.jpg 1536w, http:\/\/lichri.radeln-in-den-sonnenaufgang.de\/wp-content\/uploads\/2020\/04\/IMG_7438.jpg 1800w\" sizes=\"(max-width: 767px) 89vw, (max-width: 1000px) 54vw, (max-width: 1071px) 543px, 580px\" \/><figcaption class=\"blocks-gallery-item__caption\">Jepp&#8230;. schon etwas creepy, die Alte &#8211;&gt;<\/figcaption><\/figure><\/li><\/ul><\/figure>\n\n\n\n<figure class=\"is-layout-flex wp-block-gallery-59 wp-block-gallery columns-1 is-cropped\"><ul class=\"blocks-gallery-grid\"><li class=\"blocks-gallery-item\"><figure><img decoding=\"async\" loading=\"lazy\" width=\"1024\" height=\"683\" src=\"http:\/\/lichri.radeln-in-den-sonnenaufgang.de\/wp-content\/uploads\/2020\/04\/IMG_7469-1024x683.jpg\" alt=\"\" data-id=\"2045\" data-full-url=\"http:\/\/lichri.radeln-in-den-sonnenaufgang.de\/wp-content\/uploads\/2020\/04\/IMG_7469.jpg\" data-link=\"http:\/\/lichri.radeln-in-den-sonnenaufgang.de\/?attachment_id=2045\" class=\"wp-image-2045\" srcset=\"http:\/\/lichri.radeln-in-den-sonnenaufgang.de\/wp-content\/uploads\/2020\/04\/IMG_7469-1024x683.jpg 1024w, http:\/\/lichri.radeln-in-den-sonnenaufgang.de\/wp-content\/uploads\/2020\/04\/IMG_7469-300x200.jpg 300w, http:\/\/lichri.radeln-in-den-sonnenaufgang.de\/wp-content\/uploads\/2020\/04\/IMG_7469-768x512.jpg 768w, http:\/\/lichri.radeln-in-den-sonnenaufgang.de\/wp-content\/uploads\/2020\/04\/IMG_7469-1536x1024.jpg 1536w, http:\/\/lichri.radeln-in-den-sonnenaufgang.de\/wp-content\/uploads\/2020\/04\/IMG_7469.jpg 1800w\" sizes=\"(max-width: 767px) 89vw, (max-width: 1000px) 54vw, (max-width: 1071px) 543px, 580px\" \/><\/figure><\/li><li class=\"blocks-gallery-item\"><figure><img decoding=\"async\" loading=\"lazy\" width=\"1024\" height=\"683\" src=\"http:\/\/lichri.radeln-in-den-sonnenaufgang.de\/wp-content\/uploads\/2020\/04\/IMG_7476-1024x683.jpg\" alt=\"\" data-id=\"2046\" data-full-url=\"http:\/\/lichri.radeln-in-den-sonnenaufgang.de\/wp-content\/uploads\/2020\/04\/IMG_7476.jpg\" data-link=\"http:\/\/lichri.radeln-in-den-sonnenaufgang.de\/?attachment_id=2046\" class=\"wp-image-2046\" srcset=\"http:\/\/lichri.radeln-in-den-sonnenaufgang.de\/wp-content\/uploads\/2020\/04\/IMG_7476-1024x683.jpg 1024w, http:\/\/lichri.radeln-in-den-sonnenaufgang.de\/wp-content\/uploads\/2020\/04\/IMG_7476-300x200.jpg 300w, http:\/\/lichri.radeln-in-den-sonnenaufgang.de\/wp-content\/uploads\/2020\/04\/IMG_7476-768x512.jpg 768w, http:\/\/lichri.radeln-in-den-sonnenaufgang.de\/wp-content\/uploads\/2020\/04\/IMG_7476-1536x1024.jpg 1536w, http:\/\/lichri.radeln-in-den-sonnenaufgang.de\/wp-content\/uploads\/2020\/04\/IMG_7476.jpg 1800w\" sizes=\"(max-width: 767px) 89vw, (max-width: 1000px) 54vw, (max-width: 1071px) 543px, 580px\" \/><\/figure><\/li><li class=\"blocks-gallery-item\"><figure><img decoding=\"async\" loading=\"lazy\" width=\"1024\" height=\"683\" src=\"http:\/\/lichri.radeln-in-den-sonnenaufgang.de\/wp-content\/uploads\/2020\/04\/IMG_7498-1024x683.jpg\" alt=\"\" data-id=\"2047\" data-full-url=\"http:\/\/lichri.radeln-in-den-sonnenaufgang.de\/wp-content\/uploads\/2020\/04\/IMG_7498.jpg\" data-link=\"http:\/\/lichri.radeln-in-den-sonnenaufgang.de\/?attachment_id=2047\" class=\"wp-image-2047\" srcset=\"http:\/\/lichri.radeln-in-den-sonnenaufgang.de\/wp-content\/uploads\/2020\/04\/IMG_7498-1024x683.jpg 1024w, http:\/\/lichri.radeln-in-den-sonnenaufgang.de\/wp-content\/uploads\/2020\/04\/IMG_7498-300x200.jpg 300w, http:\/\/lichri.radeln-in-den-sonnenaufgang.de\/wp-content\/uploads\/2020\/04\/IMG_7498-768x512.jpg 768w, http:\/\/lichri.radeln-in-den-sonnenaufgang.de\/wp-content\/uploads\/2020\/04\/IMG_7498-1536x1024.jpg 1536w, http:\/\/lichri.radeln-in-den-sonnenaufgang.de\/wp-content\/uploads\/2020\/04\/IMG_7498.jpg 1800w\" sizes=\"(max-width: 767px) 89vw, (max-width: 1000px) 54vw, (max-width: 1071px) 543px, 580px\" \/><\/figure><\/li><li class=\"blocks-gallery-item\"><figure><img decoding=\"async\" loading=\"lazy\" width=\"1024\" height=\"683\" src=\"http:\/\/lichri.radeln-in-den-sonnenaufgang.de\/wp-content\/uploads\/2020\/04\/IMG_7502-1024x683.jpg\" alt=\"\" data-id=\"2048\" data-full-url=\"http:\/\/lichri.radeln-in-den-sonnenaufgang.de\/wp-content\/uploads\/2020\/04\/IMG_7502.jpg\" data-link=\"http:\/\/lichri.radeln-in-den-sonnenaufgang.de\/?attachment_id=2048\" class=\"wp-image-2048\" srcset=\"http:\/\/lichri.radeln-in-den-sonnenaufgang.de\/wp-content\/uploads\/2020\/04\/IMG_7502-1024x683.jpg 1024w, http:\/\/lichri.radeln-in-den-sonnenaufgang.de\/wp-content\/uploads\/2020\/04\/IMG_7502-300x200.jpg 300w, http:\/\/lichri.radeln-in-den-sonnenaufgang.de\/wp-content\/uploads\/2020\/04\/IMG_7502-768x512.jpg 768w, http:\/\/lichri.radeln-in-den-sonnenaufgang.de\/wp-content\/uploads\/2020\/04\/IMG_7502-1536x1024.jpg 1536w, http:\/\/lichri.radeln-in-den-sonnenaufgang.de\/wp-content\/uploads\/2020\/04\/IMG_7502.jpg 1800w\" sizes=\"(max-width: 767px) 89vw, (max-width: 1000px) 54vw, (max-width: 1071px) 543px, 580px\" \/><\/figure><\/li><li class=\"blocks-gallery-item\"><figure><img decoding=\"async\" loading=\"lazy\" width=\"683\" height=\"1024\" src=\"http:\/\/lichri.radeln-in-den-sonnenaufgang.de\/wp-content\/uploads\/2020\/04\/IMG_7552-683x1024.jpg\" alt=\"\" data-id=\"2051\" data-full-url=\"http:\/\/lichri.radeln-in-den-sonnenaufgang.de\/wp-content\/uploads\/2020\/04\/IMG_7552-rotated.jpg\" data-link=\"http:\/\/lichri.radeln-in-den-sonnenaufgang.de\/?attachment_id=2051\" class=\"wp-image-2051\" srcset=\"http:\/\/lichri.radeln-in-den-sonnenaufgang.de\/wp-content\/uploads\/2020\/04\/IMG_7552-683x1024.jpg 683w, http:\/\/lichri.radeln-in-den-sonnenaufgang.de\/wp-content\/uploads\/2020\/04\/IMG_7552-200x300.jpg 200w, http:\/\/lichri.radeln-in-den-sonnenaufgang.de\/wp-content\/uploads\/2020\/04\/IMG_7552-768x1152.jpg 768w, http:\/\/lichri.radeln-in-den-sonnenaufgang.de\/wp-content\/uploads\/2020\/04\/IMG_7552-1024x1536.jpg 1024w, http:\/\/lichri.radeln-in-den-sonnenaufgang.de\/wp-content\/uploads\/2020\/04\/IMG_7552-rotated.jpg 1200w\" sizes=\"(max-width: 683px) 100vw, 683px\" \/><\/figure><\/li><\/ul><\/figure>\n\n\n\n<p>Mit hei\u00dfen Bremsscheiben und durchger\u00fcttelt und -gesch\u00fcttelt kam Chris dann schlie\u00dflich wieder in der Siedlung am Fu\u00df des Berges an, wo er Lisa mit einer alten bebrillten und kahlgeschorenen Nonne auf einer Bank sitzend fand. Daneben eine Gruppe von Frauen und einige spielende Kinder. Als sie Chris erblickten verfinsterten sich ihre Blicke etwas\u2026<\/p>\n\n\n\n<figure class=\"is-layout-flex wp-block-gallery-61 wp-block-gallery columns-1 is-cropped\"><ul class=\"blocks-gallery-grid\"><li class=\"blocks-gallery-item\"><figure><img decoding=\"async\" loading=\"lazy\" width=\"1024\" height=\"683\" src=\"http:\/\/lichri.radeln-in-den-sonnenaufgang.de\/wp-content\/uploads\/2020\/04\/IMG_7585-1024x683.jpg\" alt=\"\" data-id=\"2053\" data-full-url=\"http:\/\/lichri.radeln-in-den-sonnenaufgang.de\/wp-content\/uploads\/2020\/04\/IMG_7585.jpg\" data-link=\"http:\/\/lichri.radeln-in-den-sonnenaufgang.de\/?attachment_id=2053\" class=\"wp-image-2053\" srcset=\"http:\/\/lichri.radeln-in-den-sonnenaufgang.de\/wp-content\/uploads\/2020\/04\/IMG_7585-1024x683.jpg 1024w, http:\/\/lichri.radeln-in-den-sonnenaufgang.de\/wp-content\/uploads\/2020\/04\/IMG_7585-300x200.jpg 300w, http:\/\/lichri.radeln-in-den-sonnenaufgang.de\/wp-content\/uploads\/2020\/04\/IMG_7585-768x512.jpg 768w, http:\/\/lichri.radeln-in-den-sonnenaufgang.de\/wp-content\/uploads\/2020\/04\/IMG_7585-1536x1024.jpg 1536w, http:\/\/lichri.radeln-in-den-sonnenaufgang.de\/wp-content\/uploads\/2020\/04\/IMG_7585.jpg 1800w\" sizes=\"(max-width: 767px) 89vw, (max-width: 1000px) 54vw, (max-width: 1071px) 543px, 580px\" \/><\/figure><\/li><\/ul><\/figure>\n\n\n\n<p>Lisa hatte ausgerechnet, dass Chris, wenn alles gut gehen w\u00fcrde gegen 14 Uhr zur\u00fcck sein w\u00fcrde. Als er jedoch um 16:30 Uhr immer noch nicht da war, wurde sie etwas unruhig und vor allem die Nonne und die Dorfbewohner sch\u00fcttelten die K\u00f6pfe \u00fcber ihren Mann, der sie hier sitzen lies und forderten sie auf ihn anzurufen. Zum Gl\u00fcck kam Chris in genau diesem Moment \u2013 empfangen von den vorwurfsvollen Augen der Frauen. In dem Moment tat er Lisa etwas leid. <\/p>\n\n\n\n<figure class=\"is-layout-flex wp-block-gallery-63 wp-block-gallery columns-1 is-cropped\"><ul class=\"blocks-gallery-grid\"><li class=\"blocks-gallery-item\"><figure><img decoding=\"async\" loading=\"lazy\" width=\"1024\" height=\"683\" src=\"http:\/\/lichri.radeln-in-den-sonnenaufgang.de\/wp-content\/uploads\/2020\/04\/IMG_7591-1024x683.jpg\" alt=\"\" data-id=\"2055\" data-full-url=\"http:\/\/lichri.radeln-in-den-sonnenaufgang.de\/wp-content\/uploads\/2020\/04\/IMG_7591.jpg\" data-link=\"http:\/\/lichri.radeln-in-den-sonnenaufgang.de\/?attachment_id=2055\" class=\"wp-image-2055\" srcset=\"http:\/\/lichri.radeln-in-den-sonnenaufgang.de\/wp-content\/uploads\/2020\/04\/IMG_7591-1024x683.jpg 1024w, http:\/\/lichri.radeln-in-den-sonnenaufgang.de\/wp-content\/uploads\/2020\/04\/IMG_7591-300x200.jpg 300w, http:\/\/lichri.radeln-in-den-sonnenaufgang.de\/wp-content\/uploads\/2020\/04\/IMG_7591-768x512.jpg 768w, http:\/\/lichri.radeln-in-den-sonnenaufgang.de\/wp-content\/uploads\/2020\/04\/IMG_7591-1536x1024.jpg 1536w, http:\/\/lichri.radeln-in-den-sonnenaufgang.de\/wp-content\/uploads\/2020\/04\/IMG_7591.jpg 1800w\" sizes=\"(max-width: 767px) 89vw, (max-width: 1000px) 54vw, (max-width: 1071px) 543px, 580px\" \/><\/figure><\/li><li class=\"blocks-gallery-item\"><figure><img decoding=\"async\" loading=\"lazy\" width=\"1024\" height=\"683\" src=\"http:\/\/lichri.radeln-in-den-sonnenaufgang.de\/wp-content\/uploads\/2020\/04\/IMG_7593-1024x683.jpg\" alt=\"\" data-id=\"2056\" data-full-url=\"http:\/\/lichri.radeln-in-den-sonnenaufgang.de\/wp-content\/uploads\/2020\/04\/IMG_7593.jpg\" data-link=\"http:\/\/lichri.radeln-in-den-sonnenaufgang.de\/?attachment_id=2056\" class=\"wp-image-2056\" srcset=\"http:\/\/lichri.radeln-in-den-sonnenaufgang.de\/wp-content\/uploads\/2020\/04\/IMG_7593-1024x683.jpg 1024w, http:\/\/lichri.radeln-in-den-sonnenaufgang.de\/wp-content\/uploads\/2020\/04\/IMG_7593-300x200.jpg 300w, http:\/\/lichri.radeln-in-den-sonnenaufgang.de\/wp-content\/uploads\/2020\/04\/IMG_7593-768x512.jpg 768w, http:\/\/lichri.radeln-in-den-sonnenaufgang.de\/wp-content\/uploads\/2020\/04\/IMG_7593-1536x1024.jpg 1536w, http:\/\/lichri.radeln-in-den-sonnenaufgang.de\/wp-content\/uploads\/2020\/04\/IMG_7593.jpg 1800w\" sizes=\"(max-width: 767px) 89vw, (max-width: 1000px) 54vw, (max-width: 1071px) 543px, 580px\" \/><\/figure><\/li><li class=\"blocks-gallery-item\"><figure><img decoding=\"async\" loading=\"lazy\" width=\"1024\" height=\"683\" src=\"http:\/\/lichri.radeln-in-den-sonnenaufgang.de\/wp-content\/uploads\/2020\/04\/IMG_7595-1024x683.jpg\" alt=\"\" data-id=\"2057\" data-full-url=\"http:\/\/lichri.radeln-in-den-sonnenaufgang.de\/wp-content\/uploads\/2020\/04\/IMG_7595.jpg\" data-link=\"http:\/\/lichri.radeln-in-den-sonnenaufgang.de\/?attachment_id=2057\" class=\"wp-image-2057\" srcset=\"http:\/\/lichri.radeln-in-den-sonnenaufgang.de\/wp-content\/uploads\/2020\/04\/IMG_7595-1024x683.jpg 1024w, http:\/\/lichri.radeln-in-den-sonnenaufgang.de\/wp-content\/uploads\/2020\/04\/IMG_7595-300x200.jpg 300w, http:\/\/lichri.radeln-in-den-sonnenaufgang.de\/wp-content\/uploads\/2020\/04\/IMG_7595-768x512.jpg 768w, http:\/\/lichri.radeln-in-den-sonnenaufgang.de\/wp-content\/uploads\/2020\/04\/IMG_7595-1536x1024.jpg 1536w, http:\/\/lichri.radeln-in-den-sonnenaufgang.de\/wp-content\/uploads\/2020\/04\/IMG_7595.jpg 1800w\" sizes=\"(max-width: 767px) 89vw, (max-width: 1000px) 54vw, (max-width: 1071px) 543px, 580px\" \/><\/figure><\/li><\/ul><\/figure>\n\n\n\n<p>An diesem Tag fuhren wir noch 30 km weiter bis Thaton und\nsuchten uns ein Hotel f\u00fcr die Nacht. Am n\u00e4chsten Morgen fuhren wir f\u00fcr\numgerechnet sechs Euro zu zweit mit den R\u00e4dern im Zug nach Yangon. Yangon ist\ndie gr\u00f6\u00dfte Stadt in Myanmar und es gibt sch\u00f6ne Ecken in dieser Stadt, die muss\nman jedoch aufmerksam suchen. <\/p>\n\n\n\n<p>\u00dcber die Zugfahrt m\u00f6chte ich (Lisa) gerne noch ein paar\nWorte verlieren. Ich denke es war die spannendste, aber auch langsamste\nZugfahrt, die ich je erlebt habe. F\u00fcr ca. 200 km fuhren wir 10 Stunden mit dem\nZug. Dieser wackelte, ruckelte und zuckelte langsam vor sich her, vorbei an abgebrannten\noder noch brennenden Feldern, kleinen D\u00f6rfern mit laubgedeckten Bambush\u00e4usern.\nDie Zugt\u00fcren standen offen und man konnte sich nach Lust und Laune nach drau\u00dfen\nh\u00e4ngen (nur sollte man aufpassen, nicht von einem am Rand stehenden Busch gepeitscht\nzu werden). An den Decken hingen Ventilatoren, die nur m\u00e4\u00dfig gut funktionierten.\nAb und zu mussten wir sie mit dem Finger anstubbsen, damit sie sich wieder\ndrehten. Wobei sie das jedoch meist so langsam taten, dass nicht merklich Wind\nbei uns ankam, in dem viel zu hei\u00dfen Upper-Class-Zugabteil. Immer wieder kamen\n(wie in den Z\u00fcgen S\u00fcdostasiens so \u00fcblich) H\u00e4ndlerInnen vorbei. Hierzulande\ntrugen sie ihre K\u00f6rbe und Eimer auf den K\u00f6pfen und boten daraus Essen und\nGetr\u00e4nke feil. Mit burmesischem Essen sind wir jedoch vorsichtig geworden, vor\nallem, wenn es nur noch lauwarm war. Fleisch kauften wir ja ohnehin nicht. Also\nkauften wir eine Mango und hielten uns unsere knurrenden M\u00e4gen. <\/p>\n\n\n\n<figure class=\"is-layout-flex wp-block-gallery-65 wp-block-gallery columns-2 is-cropped\"><ul class=\"blocks-gallery-grid\"><li class=\"blocks-gallery-item\"><figure><img decoding=\"async\" loading=\"lazy\" width=\"1024\" height=\"683\" src=\"http:\/\/lichri.radeln-in-den-sonnenaufgang.de\/wp-content\/uploads\/2020\/04\/IMG_7613-1024x683.jpg\" alt=\"\" data-id=\"2062\" data-full-url=\"http:\/\/lichri.radeln-in-den-sonnenaufgang.de\/wp-content\/uploads\/2020\/04\/IMG_7613.jpg\" data-link=\"http:\/\/lichri.radeln-in-den-sonnenaufgang.de\/?attachment_id=2062\" class=\"wp-image-2062\" srcset=\"http:\/\/lichri.radeln-in-den-sonnenaufgang.de\/wp-content\/uploads\/2020\/04\/IMG_7613-1024x683.jpg 1024w, http:\/\/lichri.radeln-in-den-sonnenaufgang.de\/wp-content\/uploads\/2020\/04\/IMG_7613-300x200.jpg 300w, http:\/\/lichri.radeln-in-den-sonnenaufgang.de\/wp-content\/uploads\/2020\/04\/IMG_7613-768x512.jpg 768w, http:\/\/lichri.radeln-in-den-sonnenaufgang.de\/wp-content\/uploads\/2020\/04\/IMG_7613-1536x1024.jpg 1536w, http:\/\/lichri.radeln-in-den-sonnenaufgang.de\/wp-content\/uploads\/2020\/04\/IMG_7613.jpg 1800w\" sizes=\"(max-width: 767px) 89vw, (max-width: 1000px) 54vw, (max-width: 1071px) 543px, 580px\" \/><\/figure><\/li><li class=\"blocks-gallery-item\"><figure><img decoding=\"async\" loading=\"lazy\" width=\"1024\" height=\"683\" src=\"http:\/\/lichri.radeln-in-den-sonnenaufgang.de\/wp-content\/uploads\/2020\/04\/IMG_7621-1024x683.jpg\" alt=\"\" data-id=\"2063\" data-full-url=\"http:\/\/lichri.radeln-in-den-sonnenaufgang.de\/wp-content\/uploads\/2020\/04\/IMG_7621.jpg\" data-link=\"http:\/\/lichri.radeln-in-den-sonnenaufgang.de\/?attachment_id=2063\" class=\"wp-image-2063\" srcset=\"http:\/\/lichri.radeln-in-den-sonnenaufgang.de\/wp-content\/uploads\/2020\/04\/IMG_7621-1024x683.jpg 1024w, http:\/\/lichri.radeln-in-den-sonnenaufgang.de\/wp-content\/uploads\/2020\/04\/IMG_7621-300x200.jpg 300w, http:\/\/lichri.radeln-in-den-sonnenaufgang.de\/wp-content\/uploads\/2020\/04\/IMG_7621-768x512.jpg 768w, http:\/\/lichri.radeln-in-den-sonnenaufgang.de\/wp-content\/uploads\/2020\/04\/IMG_7621-1536x1024.jpg 1536w, http:\/\/lichri.radeln-in-den-sonnenaufgang.de\/wp-content\/uploads\/2020\/04\/IMG_7621.jpg 1800w\" sizes=\"(max-width: 767px) 89vw, (max-width: 1000px) 54vw, (max-width: 1071px) 543px, 580px\" \/><\/figure><\/li><li class=\"blocks-gallery-item\"><figure><img decoding=\"async\" loading=\"lazy\" width=\"1024\" height=\"683\" src=\"http:\/\/lichri.radeln-in-den-sonnenaufgang.de\/wp-content\/uploads\/2020\/04\/IMG_7641-1024x683.jpg\" alt=\"\" data-id=\"2066\" data-full-url=\"http:\/\/lichri.radeln-in-den-sonnenaufgang.de\/wp-content\/uploads\/2020\/04\/IMG_7641.jpg\" data-link=\"http:\/\/lichri.radeln-in-den-sonnenaufgang.de\/?attachment_id=2066\" class=\"wp-image-2066\" srcset=\"http:\/\/lichri.radeln-in-den-sonnenaufgang.de\/wp-content\/uploads\/2020\/04\/IMG_7641-1024x683.jpg 1024w, http:\/\/lichri.radeln-in-den-sonnenaufgang.de\/wp-content\/uploads\/2020\/04\/IMG_7641-300x200.jpg 300w, http:\/\/lichri.radeln-in-den-sonnenaufgang.de\/wp-content\/uploads\/2020\/04\/IMG_7641-768x512.jpg 768w, http:\/\/lichri.radeln-in-den-sonnenaufgang.de\/wp-content\/uploads\/2020\/04\/IMG_7641-1536x1024.jpg 1536w, http:\/\/lichri.radeln-in-den-sonnenaufgang.de\/wp-content\/uploads\/2020\/04\/IMG_7641.jpg 1800w\" sizes=\"(max-width: 767px) 89vw, (max-width: 1000px) 54vw, (max-width: 1071px) 543px, 580px\" \/><\/figure><\/li><li class=\"blocks-gallery-item\"><figure><img decoding=\"async\" loading=\"lazy\" width=\"683\" height=\"1024\" src=\"http:\/\/lichri.radeln-in-den-sonnenaufgang.de\/wp-content\/uploads\/2020\/04\/IMG_7638-683x1024.jpg\" alt=\"\" data-id=\"2065\" data-full-url=\"http:\/\/lichri.radeln-in-den-sonnenaufgang.de\/wp-content\/uploads\/2020\/04\/IMG_7638-rotated.jpg\" data-link=\"http:\/\/lichri.radeln-in-den-sonnenaufgang.de\/?attachment_id=2065\" class=\"wp-image-2065\" srcset=\"http:\/\/lichri.radeln-in-den-sonnenaufgang.de\/wp-content\/uploads\/2020\/04\/IMG_7638-683x1024.jpg 683w, http:\/\/lichri.radeln-in-den-sonnenaufgang.de\/wp-content\/uploads\/2020\/04\/IMG_7638-200x300.jpg 200w, http:\/\/lichri.radeln-in-den-sonnenaufgang.de\/wp-content\/uploads\/2020\/04\/IMG_7638-768x1152.jpg 768w, http:\/\/lichri.radeln-in-den-sonnenaufgang.de\/wp-content\/uploads\/2020\/04\/IMG_7638-1024x1536.jpg 1024w, http:\/\/lichri.radeln-in-den-sonnenaufgang.de\/wp-content\/uploads\/2020\/04\/IMG_7638-rotated.jpg 1200w\" sizes=\"(max-width: 683px) 100vw, 683px\" \/><\/figure><\/li><li class=\"blocks-gallery-item\"><figure><img decoding=\"async\" loading=\"lazy\" width=\"683\" height=\"1024\" src=\"http:\/\/lichri.radeln-in-den-sonnenaufgang.de\/wp-content\/uploads\/2020\/04\/IMG_7657-683x1024.jpg\" alt=\"\" data-id=\"2068\" data-full-url=\"http:\/\/lichri.radeln-in-den-sonnenaufgang.de\/wp-content\/uploads\/2020\/04\/IMG_7657-rotated.jpg\" data-link=\"http:\/\/lichri.radeln-in-den-sonnenaufgang.de\/?attachment_id=2068\" class=\"wp-image-2068\" srcset=\"http:\/\/lichri.radeln-in-den-sonnenaufgang.de\/wp-content\/uploads\/2020\/04\/IMG_7657-683x1024.jpg 683w, http:\/\/lichri.radeln-in-den-sonnenaufgang.de\/wp-content\/uploads\/2020\/04\/IMG_7657-200x300.jpg 200w, http:\/\/lichri.radeln-in-den-sonnenaufgang.de\/wp-content\/uploads\/2020\/04\/IMG_7657-768x1152.jpg 768w, http:\/\/lichri.radeln-in-den-sonnenaufgang.de\/wp-content\/uploads\/2020\/04\/IMG_7657-1024x1536.jpg 1024w, http:\/\/lichri.radeln-in-den-sonnenaufgang.de\/wp-content\/uploads\/2020\/04\/IMG_7657-rotated.jpg 1200w\" sizes=\"(max-width: 683px) 100vw, 683px\" \/><\/figure><\/li><li class=\"blocks-gallery-item\"><figure><img decoding=\"async\" loading=\"lazy\" width=\"1024\" height=\"683\" src=\"http:\/\/lichri.radeln-in-den-sonnenaufgang.de\/wp-content\/uploads\/2020\/04\/IMG_7661-1024x683.jpg\" alt=\"\" data-id=\"2069\" data-full-url=\"http:\/\/lichri.radeln-in-den-sonnenaufgang.de\/wp-content\/uploads\/2020\/04\/IMG_7661.jpg\" data-link=\"http:\/\/lichri.radeln-in-den-sonnenaufgang.de\/?attachment_id=2069\" class=\"wp-image-2069\" srcset=\"http:\/\/lichri.radeln-in-den-sonnenaufgang.de\/wp-content\/uploads\/2020\/04\/IMG_7661-1024x683.jpg 1024w, http:\/\/lichri.radeln-in-den-sonnenaufgang.de\/wp-content\/uploads\/2020\/04\/IMG_7661-300x200.jpg 300w, http:\/\/lichri.radeln-in-den-sonnenaufgang.de\/wp-content\/uploads\/2020\/04\/IMG_7661-768x512.jpg 768w, http:\/\/lichri.radeln-in-den-sonnenaufgang.de\/wp-content\/uploads\/2020\/04\/IMG_7661-1536x1024.jpg 1536w, http:\/\/lichri.radeln-in-den-sonnenaufgang.de\/wp-content\/uploads\/2020\/04\/IMG_7661.jpg 1800w\" sizes=\"(max-width: 767px) 89vw, (max-width: 1000px) 54vw, (max-width: 1071px) 543px, 580px\" \/><\/figure><\/li><li class=\"blocks-gallery-item\"><figure><img decoding=\"async\" loading=\"lazy\" width=\"1024\" height=\"683\" src=\"http:\/\/lichri.radeln-in-den-sonnenaufgang.de\/wp-content\/uploads\/2020\/04\/IMG_7607-1024x683.jpg\" alt=\"\" data-id=\"2061\" data-full-url=\"http:\/\/lichri.radeln-in-den-sonnenaufgang.de\/wp-content\/uploads\/2020\/04\/IMG_7607.jpg\" data-link=\"http:\/\/lichri.radeln-in-den-sonnenaufgang.de\/?attachment_id=2061\" class=\"wp-image-2061\" srcset=\"http:\/\/lichri.radeln-in-den-sonnenaufgang.de\/wp-content\/uploads\/2020\/04\/IMG_7607-1024x683.jpg 1024w, http:\/\/lichri.radeln-in-den-sonnenaufgang.de\/wp-content\/uploads\/2020\/04\/IMG_7607-300x200.jpg 300w, http:\/\/lichri.radeln-in-den-sonnenaufgang.de\/wp-content\/uploads\/2020\/04\/IMG_7607-768x512.jpg 768w, http:\/\/lichri.radeln-in-den-sonnenaufgang.de\/wp-content\/uploads\/2020\/04\/IMG_7607-1536x1024.jpg 1536w, http:\/\/lichri.radeln-in-den-sonnenaufgang.de\/wp-content\/uploads\/2020\/04\/IMG_7607.jpg 1800w\" sizes=\"(max-width: 767px) 89vw, (max-width: 1000px) 54vw, (max-width: 1071px) 543px, 580px\" \/><\/figure><\/li><li class=\"blocks-gallery-item\"><figure><img decoding=\"async\" loading=\"lazy\" width=\"1024\" height=\"683\" src=\"http:\/\/lichri.radeln-in-den-sonnenaufgang.de\/wp-content\/uploads\/2020\/04\/IMG_7680-1024x683.jpg\" alt=\"\" data-id=\"2071\" data-full-url=\"http:\/\/lichri.radeln-in-den-sonnenaufgang.de\/wp-content\/uploads\/2020\/04\/IMG_7680.jpg\" data-link=\"http:\/\/lichri.radeln-in-den-sonnenaufgang.de\/?attachment_id=2071\" class=\"wp-image-2071\" srcset=\"http:\/\/lichri.radeln-in-den-sonnenaufgang.de\/wp-content\/uploads\/2020\/04\/IMG_7680-1024x683.jpg 1024w, http:\/\/lichri.radeln-in-den-sonnenaufgang.de\/wp-content\/uploads\/2020\/04\/IMG_7680-300x200.jpg 300w, http:\/\/lichri.radeln-in-den-sonnenaufgang.de\/wp-content\/uploads\/2020\/04\/IMG_7680-768x512.jpg 768w, http:\/\/lichri.radeln-in-den-sonnenaufgang.de\/wp-content\/uploads\/2020\/04\/IMG_7680-1536x1024.jpg 1536w, http:\/\/lichri.radeln-in-den-sonnenaufgang.de\/wp-content\/uploads\/2020\/04\/IMG_7680.jpg 1800w\" sizes=\"(max-width: 767px) 89vw, (max-width: 1000px) 54vw, (max-width: 1071px) 543px, 580px\" \/><\/figure><\/li><li class=\"blocks-gallery-item\"><figure><img decoding=\"async\" loading=\"lazy\" width=\"1024\" height=\"683\" src=\"http:\/\/lichri.radeln-in-den-sonnenaufgang.de\/wp-content\/uploads\/2020\/04\/IMG_7647-1024x683.jpg\" alt=\"\" data-id=\"2067\" data-full-url=\"http:\/\/lichri.radeln-in-den-sonnenaufgang.de\/wp-content\/uploads\/2020\/04\/IMG_7647.jpg\" data-link=\"http:\/\/lichri.radeln-in-den-sonnenaufgang.de\/?attachment_id=2067\" class=\"wp-image-2067\" srcset=\"http:\/\/lichri.radeln-in-den-sonnenaufgang.de\/wp-content\/uploads\/2020\/04\/IMG_7647-1024x683.jpg 1024w, http:\/\/lichri.radeln-in-den-sonnenaufgang.de\/wp-content\/uploads\/2020\/04\/IMG_7647-300x200.jpg 300w, http:\/\/lichri.radeln-in-den-sonnenaufgang.de\/wp-content\/uploads\/2020\/04\/IMG_7647-768x512.jpg 768w, http:\/\/lichri.radeln-in-den-sonnenaufgang.de\/wp-content\/uploads\/2020\/04\/IMG_7647-1536x1024.jpg 1536w, http:\/\/lichri.radeln-in-den-sonnenaufgang.de\/wp-content\/uploads\/2020\/04\/IMG_7647.jpg 1800w\" sizes=\"(max-width: 767px) 89vw, (max-width: 1000px) 54vw, (max-width: 1071px) 543px, 580px\" \/><\/figure><\/li><li class=\"blocks-gallery-item\"><figure><img decoding=\"async\" loading=\"lazy\" width=\"1024\" height=\"683\" src=\"http:\/\/lichri.radeln-in-den-sonnenaufgang.de\/wp-content\/uploads\/2020\/04\/IMG_7666-1024x683.jpg\" alt=\"\" data-id=\"2070\" data-full-url=\"http:\/\/lichri.radeln-in-den-sonnenaufgang.de\/wp-content\/uploads\/2020\/04\/IMG_7666.jpg\" data-link=\"http:\/\/lichri.radeln-in-den-sonnenaufgang.de\/?attachment_id=2070\" class=\"wp-image-2070\" srcset=\"http:\/\/lichri.radeln-in-den-sonnenaufgang.de\/wp-content\/uploads\/2020\/04\/IMG_7666-1024x683.jpg 1024w, http:\/\/lichri.radeln-in-den-sonnenaufgang.de\/wp-content\/uploads\/2020\/04\/IMG_7666-300x200.jpg 300w, http:\/\/lichri.radeln-in-den-sonnenaufgang.de\/wp-content\/uploads\/2020\/04\/IMG_7666-768x512.jpg 768w, http:\/\/lichri.radeln-in-den-sonnenaufgang.de\/wp-content\/uploads\/2020\/04\/IMG_7666-1536x1024.jpg 1536w, http:\/\/lichri.radeln-in-den-sonnenaufgang.de\/wp-content\/uploads\/2020\/04\/IMG_7666.jpg 1800w\" sizes=\"(max-width: 767px) 89vw, (max-width: 1000px) 54vw, (max-width: 1071px) 543px, 580px\" \/><\/figure><\/li><li class=\"blocks-gallery-item\"><figure><img decoding=\"async\" loading=\"lazy\" width=\"1024\" height=\"683\" src=\"http:\/\/lichri.radeln-in-den-sonnenaufgang.de\/wp-content\/uploads\/2020\/04\/IMG_7748-1024x683.jpg\" alt=\"\" data-id=\"2073\" data-full-url=\"http:\/\/lichri.radeln-in-den-sonnenaufgang.de\/wp-content\/uploads\/2020\/04\/IMG_7748.jpg\" data-link=\"http:\/\/lichri.radeln-in-den-sonnenaufgang.de\/?attachment_id=2073\" class=\"wp-image-2073\" srcset=\"http:\/\/lichri.radeln-in-den-sonnenaufgang.de\/wp-content\/uploads\/2020\/04\/IMG_7748-1024x683.jpg 1024w, http:\/\/lichri.radeln-in-den-sonnenaufgang.de\/wp-content\/uploads\/2020\/04\/IMG_7748-300x200.jpg 300w, http:\/\/lichri.radeln-in-den-sonnenaufgang.de\/wp-content\/uploads\/2020\/04\/IMG_7748-768x512.jpg 768w, http:\/\/lichri.radeln-in-den-sonnenaufgang.de\/wp-content\/uploads\/2020\/04\/IMG_7748-1536x1024.jpg 1536w, http:\/\/lichri.radeln-in-den-sonnenaufgang.de\/wp-content\/uploads\/2020\/04\/IMG_7748.jpg 1800w\" sizes=\"(max-width: 767px) 89vw, (max-width: 1000px) 54vw, (max-width: 1071px) 543px, 580px\" \/><\/figure><\/li><li class=\"blocks-gallery-item\"><figure><img decoding=\"async\" loading=\"lazy\" width=\"1024\" height=\"683\" src=\"http:\/\/lichri.radeln-in-den-sonnenaufgang.de\/wp-content\/uploads\/2020\/04\/IMG_7739-1024x683.jpg\" alt=\"\" data-id=\"2072\" data-full-url=\"http:\/\/lichri.radeln-in-den-sonnenaufgang.de\/wp-content\/uploads\/2020\/04\/IMG_7739.jpg\" data-link=\"http:\/\/lichri.radeln-in-den-sonnenaufgang.de\/?attachment_id=2072\" class=\"wp-image-2072\" srcset=\"http:\/\/lichri.radeln-in-den-sonnenaufgang.de\/wp-content\/uploads\/2020\/04\/IMG_7739-1024x683.jpg 1024w, http:\/\/lichri.radeln-in-den-sonnenaufgang.de\/wp-content\/uploads\/2020\/04\/IMG_7739-300x200.jpg 300w, http:\/\/lichri.radeln-in-den-sonnenaufgang.de\/wp-content\/uploads\/2020\/04\/IMG_7739-768x512.jpg 768w, http:\/\/lichri.radeln-in-den-sonnenaufgang.de\/wp-content\/uploads\/2020\/04\/IMG_7739-1536x1024.jpg 1536w, http:\/\/lichri.radeln-in-den-sonnenaufgang.de\/wp-content\/uploads\/2020\/04\/IMG_7739.jpg 1800w\" sizes=\"(max-width: 767px) 89vw, (max-width: 1000px) 54vw, (max-width: 1071px) 543px, 580px\" \/><\/figure><\/li><li class=\"blocks-gallery-item\"><figure><img decoding=\"async\" loading=\"lazy\" width=\"1024\" height=\"683\" src=\"http:\/\/lichri.radeln-in-den-sonnenaufgang.de\/wp-content\/uploads\/2020\/04\/IMG_7786-1024x683.jpg\" alt=\"\" data-id=\"2076\" data-full-url=\"http:\/\/lichri.radeln-in-den-sonnenaufgang.de\/wp-content\/uploads\/2020\/04\/IMG_7786.jpg\" data-link=\"http:\/\/lichri.radeln-in-den-sonnenaufgang.de\/?attachment_id=2076\" class=\"wp-image-2076\" srcset=\"http:\/\/lichri.radeln-in-den-sonnenaufgang.de\/wp-content\/uploads\/2020\/04\/IMG_7786-1024x683.jpg 1024w, http:\/\/lichri.radeln-in-den-sonnenaufgang.de\/wp-content\/uploads\/2020\/04\/IMG_7786-300x200.jpg 300w, http:\/\/lichri.radeln-in-den-sonnenaufgang.de\/wp-content\/uploads\/2020\/04\/IMG_7786-768x512.jpg 768w, http:\/\/lichri.radeln-in-den-sonnenaufgang.de\/wp-content\/uploads\/2020\/04\/IMG_7786-1536x1024.jpg 1536w, http:\/\/lichri.radeln-in-den-sonnenaufgang.de\/wp-content\/uploads\/2020\/04\/IMG_7786.jpg 1800w\" sizes=\"(max-width: 767px) 89vw, (max-width: 1000px) 54vw, (max-width: 1071px) 543px, 580px\" \/><\/figure><\/li><li class=\"blocks-gallery-item\"><figure><img decoding=\"async\" loading=\"lazy\" width=\"1024\" height=\"683\" src=\"http:\/\/lichri.radeln-in-den-sonnenaufgang.de\/wp-content\/uploads\/2020\/04\/IMG_7770-1024x683.jpg\" alt=\"\" data-id=\"2074\" data-full-url=\"http:\/\/lichri.radeln-in-den-sonnenaufgang.de\/wp-content\/uploads\/2020\/04\/IMG_7770.jpg\" data-link=\"http:\/\/lichri.radeln-in-den-sonnenaufgang.de\/?attachment_id=2074\" class=\"wp-image-2074\" srcset=\"http:\/\/lichri.radeln-in-den-sonnenaufgang.de\/wp-content\/uploads\/2020\/04\/IMG_7770-1024x683.jpg 1024w, http:\/\/lichri.radeln-in-den-sonnenaufgang.de\/wp-content\/uploads\/2020\/04\/IMG_7770-300x200.jpg 300w, http:\/\/lichri.radeln-in-den-sonnenaufgang.de\/wp-content\/uploads\/2020\/04\/IMG_7770-768x512.jpg 768w, http:\/\/lichri.radeln-in-den-sonnenaufgang.de\/wp-content\/uploads\/2020\/04\/IMG_7770-1536x1024.jpg 1536w, http:\/\/lichri.radeln-in-den-sonnenaufgang.de\/wp-content\/uploads\/2020\/04\/IMG_7770.jpg 1800w\" sizes=\"(max-width: 767px) 89vw, (max-width: 1000px) 54vw, (max-width: 1071px) 543px, 580px\" \/><\/figure><\/li><li class=\"blocks-gallery-item\"><figure><img decoding=\"async\" loading=\"lazy\" width=\"1024\" height=\"683\" src=\"http:\/\/lichri.radeln-in-den-sonnenaufgang.de\/wp-content\/uploads\/2020\/04\/IMG_7802-1024x683.jpg\" alt=\"\" data-id=\"2078\" data-full-url=\"http:\/\/lichri.radeln-in-den-sonnenaufgang.de\/wp-content\/uploads\/2020\/04\/IMG_7802.jpg\" data-link=\"http:\/\/lichri.radeln-in-den-sonnenaufgang.de\/?attachment_id=2078\" class=\"wp-image-2078\" srcset=\"http:\/\/lichri.radeln-in-den-sonnenaufgang.de\/wp-content\/uploads\/2020\/04\/IMG_7802-1024x683.jpg 1024w, http:\/\/lichri.radeln-in-den-sonnenaufgang.de\/wp-content\/uploads\/2020\/04\/IMG_7802-300x200.jpg 300w, http:\/\/lichri.radeln-in-den-sonnenaufgang.de\/wp-content\/uploads\/2020\/04\/IMG_7802-768x512.jpg 768w, http:\/\/lichri.radeln-in-den-sonnenaufgang.de\/wp-content\/uploads\/2020\/04\/IMG_7802-1536x1024.jpg 1536w, http:\/\/lichri.radeln-in-den-sonnenaufgang.de\/wp-content\/uploads\/2020\/04\/IMG_7802.jpg 1800w\" sizes=\"(max-width: 767px) 89vw, (max-width: 1000px) 54vw, (max-width: 1071px) 543px, 580px\" \/><\/figure><\/li><\/ul><\/figure>\n\n\n\n<p>Als es schon dunkel wurde, kamen wir in Yangon an. Anscheinend\ngab es hier einen Stromausfall. Die Stadt war stockfinster und so bekamen wir\neinen ersten etwas schummrigen, gruseligen Eindruck von dieser Metropole. Vor\nmanchen L\u00e4den und Restaurants brummten laute Dieselgeneratoren. In anderen\nwurden kurzerhand einfach Kerzen auf die Tische gestellt \u2013 perfekt f\u00fcr ein\nh\u00fcbsches Candle-light-Dinner auf Plastikst\u00fchlen mit dem Liebsten. Wir hielten\nuns von den schmuddeligen Kantinen fern und holten stattdessen in einer B\u00e4ckerei\neinfach eine Kleinigkeit zum Abendessen (Fehlgriff: die K\u00e4sebr\u00f6tchen waren\nnat\u00fcrlich nicht salzig herb, sondern s\u00fc\u00df) und fuhren zu unserem Hotel. <\/p>\n\n\n\n<figure class=\"is-layout-flex wp-block-gallery-67 wp-block-gallery columns-1 is-cropped\"><ul class=\"blocks-gallery-grid\"><li class=\"blocks-gallery-item\"><figure><img decoding=\"async\" loading=\"lazy\" width=\"1024\" height=\"683\" src=\"http:\/\/lichri.radeln-in-den-sonnenaufgang.de\/wp-content\/uploads\/2020\/04\/IMG_7876-1024x683.jpg\" alt=\"\" data-id=\"2090\" class=\"wp-image-2090\" srcset=\"http:\/\/lichri.radeln-in-den-sonnenaufgang.de\/wp-content\/uploads\/2020\/04\/IMG_7876-1024x683.jpg 1024w, http:\/\/lichri.radeln-in-den-sonnenaufgang.de\/wp-content\/uploads\/2020\/04\/IMG_7876-300x200.jpg 300w, http:\/\/lichri.radeln-in-den-sonnenaufgang.de\/wp-content\/uploads\/2020\/04\/IMG_7876-768x512.jpg 768w, http:\/\/lichri.radeln-in-den-sonnenaufgang.de\/wp-content\/uploads\/2020\/04\/IMG_7876-1536x1024.jpg 1536w, http:\/\/lichri.radeln-in-den-sonnenaufgang.de\/wp-content\/uploads\/2020\/04\/IMG_7876.jpg 1800w\" sizes=\"(max-width: 767px) 89vw, (max-width: 1000px) 54vw, (max-width: 1071px) 543px, 580px\" \/><\/figure><\/li><\/ul><\/figure>\n\n\n\n<p>Der n\u00e4chste Tag war der 06. M\u00e4rz 2020 und somit ein Freitag.\nWir sind recht sp\u00e4t aufgestanden, haben die Visaantr\u00e4ge f\u00fcr Indien ausgef\u00fcllt\n(und das Datum mehrfach aufgeschrieben, weshalb es nun auch hier steht \ud83d\ude09 ) und\nwaren Geldabheben und -wechseln. W\u00e4hrend Chris beim Geldwechsler war, passte\nich (Lisa) drau\u00dfen auf die R\u00e4der auf und machte folgende Beobachtung: In\nMyanmar laufen so gut wie alle (M\u00e4nner, Frauen und Kindern) in Wickelr\u00f6cken\nherum \u2013 sogenannte Longyis. Das ist uns nat\u00fcrlich auch schon vorher in den\nD\u00f6rfern aufgefallen. Hier in der Stadt ergab sich ein f\u00fcr mich dennoch etwas abstruses\nBild: Die Banker, Manager und sonstige wichtige Personen hatten bunte\nWickelr\u00f6cke an und dazu geb\u00fcgelte, karierte oder wei\u00dfe Hemden. Auch die Teenager,\ndie in Stra\u00dfenlokalen arbeiteten, trugen selbstbewusst die traditionelle\nKleidung. Eine Sache, die ich sehr bewundernswert fand: Alle konnten selbst mit\nlangem Wickelrock Fahrrad fahren! <\/p>\n\n\n\n<p>Kurz vor Dienstschluss standen wir an der indischen\nBotschaft. Die Leute waren sehr nett, nahmen unsere Antr\u00e4ge jedoch nicht mehr\nentgegen. Dies muss am Vormittag geschehen. Wir k\u00f6nnten also sehr gerne am\nDienstag wiederkommen. Die Bearbeitung der Antr\u00e4ge w\u00fcrde dann ca. drei Werktage\ndauern. Wir rechneten: Bis Dienstag waren es noch drei Tage, dann nochmal drei\nTage bis wir unsere P\u00e4sse mit Visum (falls wir es bekommen w\u00fcrden) wieder\nabholen k\u00f6nnten. Das w\u00fcrde bedeuten eine Woche in Yangon verbringen zu m\u00fcssen,\nohne die Orte Myanmars anschauen zu k\u00f6nnen, die wir eigentlich noch sehen\nwollten (Bagan und den Inle See). Kurzerhand entschlossen wir uns also dazu,\nnicht zu viel Zeit in Yangon zu verschwenden und mit dem Bus nach Mandalay zu\nfahren. Dort gab es auch ein indisches Konsulat, das Visumsantr\u00e4ge entgegennahm.\nVon Mandalay aus, so planten wir, k\u00f6nnten wir dann an den Inle Lake und von\ndort mit dem Rad nach Bagan und zur\u00fcck nach Mandalay fahren, unser Visum\nabholen und dann an die indische Grenze radeln. Wir \u00e4rgerten uns also nur kurz\n\u00fcber die verpasste M\u00f6glichkeit die Visumsantr\u00e4ge nicht am Vormittag schon in\nYangon abgegeben zu haben. Und wir sollten uns sogar noch dar\u00fcber freuen, dies\nnicht getan zu haben\u2026<\/p>\n\n\n\n<figure class=\"is-layout-flex wp-block-gallery-69 wp-block-gallery columns-2 is-cropped\"><ul class=\"blocks-gallery-grid\"><li class=\"blocks-gallery-item\"><figure><img decoding=\"async\" loading=\"lazy\" width=\"1024\" height=\"683\" src=\"http:\/\/lichri.radeln-in-den-sonnenaufgang.de\/wp-content\/uploads\/2020\/04\/IMG_7821-1024x683.jpg\" alt=\"\" data-id=\"2079\" data-full-url=\"http:\/\/lichri.radeln-in-den-sonnenaufgang.de\/wp-content\/uploads\/2020\/04\/IMG_7821.jpg\" data-link=\"http:\/\/lichri.radeln-in-den-sonnenaufgang.de\/?attachment_id=2079\" class=\"wp-image-2079\" srcset=\"http:\/\/lichri.radeln-in-den-sonnenaufgang.de\/wp-content\/uploads\/2020\/04\/IMG_7821-1024x683.jpg 1024w, http:\/\/lichri.radeln-in-den-sonnenaufgang.de\/wp-content\/uploads\/2020\/04\/IMG_7821-300x200.jpg 300w, http:\/\/lichri.radeln-in-den-sonnenaufgang.de\/wp-content\/uploads\/2020\/04\/IMG_7821-768x512.jpg 768w, http:\/\/lichri.radeln-in-den-sonnenaufgang.de\/wp-content\/uploads\/2020\/04\/IMG_7821-1536x1024.jpg 1536w, http:\/\/lichri.radeln-in-den-sonnenaufgang.de\/wp-content\/uploads\/2020\/04\/IMG_7821.jpg 1800w\" sizes=\"(max-width: 767px) 89vw, (max-width: 1000px) 54vw, (max-width: 1071px) 543px, 580px\" \/><\/figure><\/li><li class=\"blocks-gallery-item\"><figure><img decoding=\"async\" loading=\"lazy\" width=\"768\" height=\"1024\" src=\"http:\/\/lichri.radeln-in-den-sonnenaufgang.de\/wp-content\/uploads\/2020\/04\/DSC_0442-768x1024.jpg\" alt=\"\" data-id=\"2092\" data-full-url=\"http:\/\/lichri.radeln-in-den-sonnenaufgang.de\/wp-content\/uploads\/2020\/04\/DSC_0442-rotated.jpg\" data-link=\"http:\/\/lichri.radeln-in-den-sonnenaufgang.de\/?attachment_id=2092\" class=\"wp-image-2092\" srcset=\"http:\/\/lichri.radeln-in-den-sonnenaufgang.de\/wp-content\/uploads\/2020\/04\/DSC_0442-768x1024.jpg 768w, http:\/\/lichri.radeln-in-den-sonnenaufgang.de\/wp-content\/uploads\/2020\/04\/DSC_0442-225x300.jpg 225w, http:\/\/lichri.radeln-in-den-sonnenaufgang.de\/wp-content\/uploads\/2020\/04\/DSC_0442-1152x1536.jpg 1152w, http:\/\/lichri.radeln-in-den-sonnenaufgang.de\/wp-content\/uploads\/2020\/04\/DSC_0442-rotated.jpg 1200w\" sizes=\"(max-width: 767px) 89vw, (max-width: 1000px) 54vw, (max-width: 1071px) 543px, 580px\" \/><\/figure><\/li><li class=\"blocks-gallery-item\"><figure><img decoding=\"async\" loading=\"lazy\" width=\"768\" height=\"1024\" src=\"http:\/\/lichri.radeln-in-den-sonnenaufgang.de\/wp-content\/uploads\/2020\/04\/DSC_0430-768x1024.jpg\" alt=\"\" data-id=\"2091\" data-full-url=\"http:\/\/lichri.radeln-in-den-sonnenaufgang.de\/wp-content\/uploads\/2020\/04\/DSC_0430-rotated.jpg\" data-link=\"http:\/\/lichri.radeln-in-den-sonnenaufgang.de\/?attachment_id=2091\" class=\"wp-image-2091\" srcset=\"http:\/\/lichri.radeln-in-den-sonnenaufgang.de\/wp-content\/uploads\/2020\/04\/DSC_0430-768x1024.jpg 768w, http:\/\/lichri.radeln-in-den-sonnenaufgang.de\/wp-content\/uploads\/2020\/04\/DSC_0430-225x300.jpg 225w, http:\/\/lichri.radeln-in-den-sonnenaufgang.de\/wp-content\/uploads\/2020\/04\/DSC_0430-1152x1536.jpg 1152w, http:\/\/lichri.radeln-in-den-sonnenaufgang.de\/wp-content\/uploads\/2020\/04\/DSC_0430-rotated.jpg 1200w\" sizes=\"(max-width: 767px) 89vw, (max-width: 1000px) 54vw, (max-width: 1071px) 543px, 580px\" \/><figcaption class=\"blocks-gallery-item__caption\">Neben riesigen Pagoden steht hier in Yangon auch die ein oder andere alte, gro\u00dfe Kirche &#8211; so wie dieser katholische Sakralbau, die angeblich gr\u00f6\u00dfte Kirche S\u00fcdostasiens.<\/figcaption><\/figure><\/li><\/ul><\/figure>\n\n\n\n<p>Wir waren gespannt auf den Rest dieses Landes, das bisher keinen\nleichten Start mit uns hatte. Harsche Bedingungen, teils furchtbare Stra\u00dfen,\nnervt\u00f6tende Hupen, Trockenheit, Rauch, Hitze und dann noch nicht mal gutes\nEssen. Jedoch wollten wir Land und Leuten gerne noch eine zweite Chance geben,\nhatten wir doch von so vielen Menschen geh\u00f6rt, dass Myanmar bezaubernd sch\u00f6n\nsei. <\/p>\n\n\n\n<h4>Lisas Exkurs: Sklaverei in Myanmar<\/h4>\n\n\n\n<p>Bevor wir schlie\u00dflich den Bus nach Mandalay nahmen, besuchten\nwir in Yangon (eher zuf\u00e4llig) eine Fotoausstellung mehrerer NGOs auf einem\nzentralen Platz in der Stadt. Dort wurden sehr spannende und wichtige Themen\nweltweit, aber auch Myanmar betreffend thematisiert. Es ging unter anderem um Kinderarbeit\nund Sklaverei, Landenteignung und Krieg in Myanmar, um Drogensucht, das Tragen\nvon Kopft\u00fcchern und das Leben und Arbeiten in Kleiderfabriken. Lisa war\nerstaunt, dass es in einem Land, dass mehr oder weniger von einer\nMilit\u00e4rdiktatur gef\u00fchrt wird, eine solche Ausstellung mitten in der Stadt\nm\u00f6glich war. <\/p>\n\n\n\n<figure class=\"is-layout-flex wp-block-gallery-71 wp-block-gallery columns-2 is-cropped\"><ul class=\"blocks-gallery-grid\"><li class=\"blocks-gallery-item\"><figure><img decoding=\"async\" loading=\"lazy\" width=\"1024\" height=\"683\" src=\"http:\/\/lichri.radeln-in-den-sonnenaufgang.de\/wp-content\/uploads\/2020\/04\/IMG_7848-1024x683.jpg\" alt=\"\" data-id=\"2087\" data-full-url=\"http:\/\/lichri.radeln-in-den-sonnenaufgang.de\/wp-content\/uploads\/2020\/04\/IMG_7848.jpg\" data-link=\"http:\/\/lichri.radeln-in-den-sonnenaufgang.de\/?attachment_id=2087\" class=\"wp-image-2087\" srcset=\"http:\/\/lichri.radeln-in-den-sonnenaufgang.de\/wp-content\/uploads\/2020\/04\/IMG_7848-1024x683.jpg 1024w, http:\/\/lichri.radeln-in-den-sonnenaufgang.de\/wp-content\/uploads\/2020\/04\/IMG_7848-300x200.jpg 300w, http:\/\/lichri.radeln-in-den-sonnenaufgang.de\/wp-content\/uploads\/2020\/04\/IMG_7848-768x512.jpg 768w, http:\/\/lichri.radeln-in-den-sonnenaufgang.de\/wp-content\/uploads\/2020\/04\/IMG_7848-1536x1024.jpg 1536w, http:\/\/lichri.radeln-in-den-sonnenaufgang.de\/wp-content\/uploads\/2020\/04\/IMG_7848.jpg 1800w\" sizes=\"(max-width: 767px) 89vw, (max-width: 1000px) 54vw, (max-width: 1071px) 543px, 580px\" \/><figcaption class=\"blocks-gallery-item__caption\">Ausgebeutet auf Plantagen<\/figcaption><\/figure><\/li><li class=\"blocks-gallery-item\"><figure><img decoding=\"async\" loading=\"lazy\" width=\"1024\" height=\"683\" src=\"http:\/\/lichri.radeln-in-den-sonnenaufgang.de\/wp-content\/uploads\/2020\/04\/IMG_7827-1024x683.jpg\" alt=\"\" data-id=\"2080\" data-full-url=\"http:\/\/lichri.radeln-in-den-sonnenaufgang.de\/wp-content\/uploads\/2020\/04\/IMG_7827.jpg\" data-link=\"http:\/\/lichri.radeln-in-den-sonnenaufgang.de\/?attachment_id=2080\" class=\"wp-image-2080\" srcset=\"http:\/\/lichri.radeln-in-den-sonnenaufgang.de\/wp-content\/uploads\/2020\/04\/IMG_7827-1024x683.jpg 1024w, http:\/\/lichri.radeln-in-den-sonnenaufgang.de\/wp-content\/uploads\/2020\/04\/IMG_7827-300x200.jpg 300w, http:\/\/lichri.radeln-in-den-sonnenaufgang.de\/wp-content\/uploads\/2020\/04\/IMG_7827-768x512.jpg 768w, http:\/\/lichri.radeln-in-den-sonnenaufgang.de\/wp-content\/uploads\/2020\/04\/IMG_7827-1536x1024.jpg 1536w, http:\/\/lichri.radeln-in-den-sonnenaufgang.de\/wp-content\/uploads\/2020\/04\/IMG_7827.jpg 1800w\" sizes=\"(max-width: 767px) 89vw, (max-width: 1000px) 54vw, (max-width: 1071px) 543px, 580px\" \/><figcaption class=\"blocks-gallery-item__caption\">Die Friedensh\u00fctte mitten im Kampfgebiet<\/figcaption><\/figure><\/li><\/ul><\/figure>\n\n\n\n<p>Eine der Foto-Stories, die dort geteilt wurden, m\u00f6chte ich\n(Lisa) euch gerne weitererz\u00e4hlen. Sie erz\u00e4hlt von einem acht Jahre alten\nJungen, der mit seiner Familie in einer Ziegelbrennerei arbeitet. Zehn Stunden\nam Tag schleppt er 11 kg schwere K\u00f6rbe voll Dreck \u2013 jeden Tag legt er so 18 km\nzur\u00fcck. Dabei tr\u00e4gt er ca. 3 Tonnen am Tag. Sein Tagesverdienst liegt bei 2,30\nEuro. Er verdient mit seiner ganzen Familie nicht genug, um sich das Essen f\u00fcr\nden Tag leisten zu k\u00f6nnen. Deshalb m\u00fcssen sie sich von dem Besitzer der\nBrennerei Geld leihen, um genug Lebensmittel kaufen zu k\u00f6nnen. So bleiben sie\nin dem Schuldenkreislauf. Die Geschichte erz\u00e4hlt von dem Leben eines bestimmten\nJungen in Myanmar. So wie er ist jedoch mindestens jedes zehnte Kind in Myanmar\nvon Kinderarbeit betroffen. Die Familie lebt in moderner Sklaverei. Weltweit sind\nlaut Angaben von IJM mehr als 40 Millionen Menschen von Sklaverei betroffen. 10\nMillionen davon sind Kinder. <\/p>\n\n\n\n<figure class=\"is-layout-flex wp-block-gallery-73 wp-block-gallery columns-1 is-cropped\"><ul class=\"blocks-gallery-grid\"><li class=\"blocks-gallery-item\"><figure><img decoding=\"async\" loading=\"lazy\" width=\"1024\" height=\"683\" src=\"http:\/\/lichri.radeln-in-den-sonnenaufgang.de\/wp-content\/uploads\/2020\/04\/IMG_7835-1024x683.jpg\" alt=\"\" data-id=\"2083\" data-full-url=\"http:\/\/lichri.radeln-in-den-sonnenaufgang.de\/wp-content\/uploads\/2020\/04\/IMG_7835.jpg\" data-link=\"http:\/\/lichri.radeln-in-den-sonnenaufgang.de\/?attachment_id=2083\" class=\"wp-image-2083\" srcset=\"http:\/\/lichri.radeln-in-den-sonnenaufgang.de\/wp-content\/uploads\/2020\/04\/IMG_7835-1024x683.jpg 1024w, http:\/\/lichri.radeln-in-den-sonnenaufgang.de\/wp-content\/uploads\/2020\/04\/IMG_7835-300x200.jpg 300w, http:\/\/lichri.radeln-in-den-sonnenaufgang.de\/wp-content\/uploads\/2020\/04\/IMG_7835-768x512.jpg 768w, http:\/\/lichri.radeln-in-den-sonnenaufgang.de\/wp-content\/uploads\/2020\/04\/IMG_7835-1536x1024.jpg 1536w, http:\/\/lichri.radeln-in-den-sonnenaufgang.de\/wp-content\/uploads\/2020\/04\/IMG_7835.jpg 1800w\" sizes=\"(max-width: 767px) 89vw, (max-width: 1000px) 54vw, (max-width: 1071px) 543px, 580px\" \/><figcaption class=\"blocks-gallery-item__caption\">Die Photo-Story von &#8222;Weirdo&#8220;<\/figcaption><\/figure><\/li><li class=\"blocks-gallery-item\"><figure><img decoding=\"async\" loading=\"lazy\" width=\"1024\" height=\"683\" src=\"http:\/\/lichri.radeln-in-den-sonnenaufgang.de\/wp-content\/uploads\/2020\/04\/IMG_7834-1024x683.jpg\" alt=\"\" data-id=\"2082\" data-full-url=\"http:\/\/lichri.radeln-in-den-sonnenaufgang.de\/wp-content\/uploads\/2020\/04\/IMG_7834.jpg\" data-link=\"http:\/\/lichri.radeln-in-den-sonnenaufgang.de\/?attachment_id=2082\" class=\"wp-image-2082\" srcset=\"http:\/\/lichri.radeln-in-den-sonnenaufgang.de\/wp-content\/uploads\/2020\/04\/IMG_7834-1024x683.jpg 1024w, http:\/\/lichri.radeln-in-den-sonnenaufgang.de\/wp-content\/uploads\/2020\/04\/IMG_7834-300x200.jpg 300w, http:\/\/lichri.radeln-in-den-sonnenaufgang.de\/wp-content\/uploads\/2020\/04\/IMG_7834-768x512.jpg 768w, http:\/\/lichri.radeln-in-den-sonnenaufgang.de\/wp-content\/uploads\/2020\/04\/IMG_7834-1536x1024.jpg 1536w, http:\/\/lichri.radeln-in-den-sonnenaufgang.de\/wp-content\/uploads\/2020\/04\/IMG_7834.jpg 1800w\" sizes=\"(max-width: 767px) 89vw, (max-width: 1000px) 54vw, (max-width: 1071px) 543px, 580px\" \/><\/figure><\/li><li class=\"blocks-gallery-item\"><figure><img decoding=\"async\" loading=\"lazy\" width=\"1024\" height=\"683\" src=\"http:\/\/lichri.radeln-in-den-sonnenaufgang.de\/wp-content\/uploads\/2020\/04\/IMG_7836-1024x683.jpg\" alt=\"\" data-id=\"2084\" data-full-url=\"http:\/\/lichri.radeln-in-den-sonnenaufgang.de\/wp-content\/uploads\/2020\/04\/IMG_7836.jpg\" data-link=\"http:\/\/lichri.radeln-in-den-sonnenaufgang.de\/?attachment_id=2084\" class=\"wp-image-2084\" srcset=\"http:\/\/lichri.radeln-in-den-sonnenaufgang.de\/wp-content\/uploads\/2020\/04\/IMG_7836-1024x683.jpg 1024w, http:\/\/lichri.radeln-in-den-sonnenaufgang.de\/wp-content\/uploads\/2020\/04\/IMG_7836-300x200.jpg 300w, http:\/\/lichri.radeln-in-den-sonnenaufgang.de\/wp-content\/uploads\/2020\/04\/IMG_7836-768x512.jpg 768w, http:\/\/lichri.radeln-in-den-sonnenaufgang.de\/wp-content\/uploads\/2020\/04\/IMG_7836-1536x1024.jpg 1536w, http:\/\/lichri.radeln-in-den-sonnenaufgang.de\/wp-content\/uploads\/2020\/04\/IMG_7836.jpg 1800w\" sizes=\"(max-width: 767px) 89vw, (max-width: 1000px) 54vw, (max-width: 1071px) 543px, 580px\" \/><\/figure><\/li><li class=\"blocks-gallery-item\"><figure><img decoding=\"async\" loading=\"lazy\" width=\"1024\" height=\"683\" src=\"http:\/\/lichri.radeln-in-den-sonnenaufgang.de\/wp-content\/uploads\/2020\/04\/IMG_7837-1024x683.jpg\" alt=\"\" data-id=\"2085\" data-full-url=\"http:\/\/lichri.radeln-in-den-sonnenaufgang.de\/wp-content\/uploads\/2020\/04\/IMG_7837.jpg\" data-link=\"http:\/\/lichri.radeln-in-den-sonnenaufgang.de\/?attachment_id=2085\" class=\"wp-image-2085\" srcset=\"http:\/\/lichri.radeln-in-den-sonnenaufgang.de\/wp-content\/uploads\/2020\/04\/IMG_7837-1024x683.jpg 1024w, http:\/\/lichri.radeln-in-den-sonnenaufgang.de\/wp-content\/uploads\/2020\/04\/IMG_7837-300x200.jpg 300w, http:\/\/lichri.radeln-in-den-sonnenaufgang.de\/wp-content\/uploads\/2020\/04\/IMG_7837-768x512.jpg 768w, http:\/\/lichri.radeln-in-den-sonnenaufgang.de\/wp-content\/uploads\/2020\/04\/IMG_7837-1536x1024.jpg 1536w, http:\/\/lichri.radeln-in-den-sonnenaufgang.de\/wp-content\/uploads\/2020\/04\/IMG_7837.jpg 1800w\" sizes=\"(max-width: 767px) 89vw, (max-width: 1000px) 54vw, (max-width: 1071px) 543px, 580px\" \/><\/figure><\/li><li class=\"blocks-gallery-item\"><figure><img decoding=\"async\" loading=\"lazy\" width=\"1024\" height=\"683\" src=\"http:\/\/lichri.radeln-in-den-sonnenaufgang.de\/wp-content\/uploads\/2020\/04\/IMG_7838-1024x683.jpg\" alt=\"\" data-id=\"2086\" data-full-url=\"http:\/\/lichri.radeln-in-den-sonnenaufgang.de\/wp-content\/uploads\/2020\/04\/IMG_7838.jpg\" data-link=\"http:\/\/lichri.radeln-in-den-sonnenaufgang.de\/?attachment_id=2086\" class=\"wp-image-2086\" srcset=\"http:\/\/lichri.radeln-in-den-sonnenaufgang.de\/wp-content\/uploads\/2020\/04\/IMG_7838-1024x683.jpg 1024w, http:\/\/lichri.radeln-in-den-sonnenaufgang.de\/wp-content\/uploads\/2020\/04\/IMG_7838-300x200.jpg 300w, http:\/\/lichri.radeln-in-den-sonnenaufgang.de\/wp-content\/uploads\/2020\/04\/IMG_7838-768x512.jpg 768w, http:\/\/lichri.radeln-in-den-sonnenaufgang.de\/wp-content\/uploads\/2020\/04\/IMG_7838-1536x1024.jpg 1536w, http:\/\/lichri.radeln-in-den-sonnenaufgang.de\/wp-content\/uploads\/2020\/04\/IMG_7838.jpg 1800w\" sizes=\"(max-width: 767px) 89vw, (max-width: 1000px) 54vw, (max-width: 1071px) 543px, 580px\" \/><\/figure><\/li><\/ul><\/figure>\n\n\n\n<p>Auch wir sind w\u00e4hrend unserer Reise an solchen\nZiegelbrennereien in Myanmar vorbeigefahren. Nat\u00fcrlich haben wir keine Ahnung,\nob die Menschen, die dort leben und arbeiten unter fairen Bedingungen\nbesch\u00e4ftigt wurden. Aber es macht nachdenklich und traurig. Wie gut haben wir\nes da in Europa?!<\/p>\n\n\n\n<p>Ich m\u00f6chte diese Gelegenheit nicht verstreichen lassen, ohne\neuch in diesem Zusammenhang etwas \u00fcber die Arbeit von IJM zu erz\u00e4hlen. Seit\ngeraumer Zeit unterst\u00fctzen wir die International Justice Mission (IJM). Eine\nchristliche Organisation, die sich gegen moderne Sklaverei weltweit einsetzt. Durch\nmanche L\u00e4nder, in denen die Organisation wirkt, sind wir mit dem Fahrrad\ngefahren oder wollen dort noch fahren (Thailand, Kambodscha, Indien). IJM\narbeitet gemeinsam mit den Beh\u00f6rden vor Ort und die Mitarbeiter k\u00fcmmern sich\nmit Sozialarbeitern und Psychologen um die Nachbetreuung der Menschen, die\nbereits von Sklaverei befreit werden konnten. <\/p>\n\n\n\n<p>Wie viele der Produkte, die wir im t\u00e4glichen Leben brauchen\nmit Sklaverei zusammenh\u00e4ngen k\u00f6nnten h\u00e4tte ich nie gedacht. IJM z\u00e4hlt hier zum\nBeispiel Blumen, Schmuck, Handy, Reis, Kaffee, Kleidung, Make-Up und Schokolade\nauf. Es gibt viele Dinge, die wir tun k\u00f6nnen, um dem entgegenzugehen. Der erste\nSchritt ist, sich bewusst zu machen, dass es so etwas tats\u00e4chlich noch gibt auf\ndieser Welt. Der zweite Schritt, den jeder von uns tun kann, ist bewusst\neinzukaufen. Nicht zu Letzt k\u00f6nnen wir die wunderbare Arbeit von IJM auch\nfinanziell unterst\u00fctzen. Wenn ihr euch dazu informieren wollt, dann schaut doch\nauf ihrer Internetseite vorbei: <a href=\"http:\/\/www.ijm-deutschland.de\">www.ijm-deutschland.de<\/a><\/p>\n\n\n\n<h4>Mandalay<\/h4>\n\n\n\n<p>Ich (zur Abwechslung benutze auch ich, Chris, jetzt mal die\nerste Person) will mich nicht beschweren. Das Reisen macht wirklich Spa\u00df. Aber\nes kann auch so anstrengend sein. Und ich meine nicht das Radfahren. Ich meine\ndas NICHT-Radfahren. <\/p>\n\n\n\n<p>Die Busfahrt nach Mandalay lie\u00df uns ziemlich schlaflos.\nObwohl die Stra\u00dfen gar nicht so schlecht waren und wir von der knapp 20\nKilometer Anfahrt per Rad zum Busbahnhof quer durch die Stadt schon ziemlich\nfertig waren, kamen wir kaum zur Ruhe. Was unter anderem an den st\u00e4ndigen\nPausen lag, die der Fahrer machte und zu denen alle Fahrg\u00e4ste den Bus zu\nverlassen hatten. Mitten. In. Der. Nacht. . .<\/p>\n\n\n\n<p>Etwas zu fr\u00fch am Morgen f\u00fcr meinen Geschmack kamen wir in\nMandalay an. Die Sonne war noch nicht aufgegangen, die jungen M\u00f6nche hingegen\nschon auf dem Weg und bettelten uns ziemlich direkt um Almosen an. Wir waren\nfix und fertig, mussten auf Toilette, hatten Durst, wollten Schlafen \u2013 mussten\naber die Fahrr\u00e4der wiederbeladen. Und w\u00e4hrenddessen standen die kleinen Jungs\num uns und warteten mit ihren T\u00f6pfen darauf, dass wir ihnen endlich etwas\ngaben. Sie bekamen auch etwas Geld, gar nicht so wenig. Sie zogen ab. Dann\nkamen die n\u00e4chsten. <\/p>\n\n\n\n<p>Wir machten also, dass wir davonkamen, bevor wir kein Geld\nmehr in der Tasche hatten. Schlie\u00dflich hatten wir hier in Myanmar ja jede Nacht\nHotels zu bezahlen. Also strampelten wir los durch die k\u00fchle Morgenluft,\nmachten uns auf Richtung Stadtzentrum und zu dem Hotel, das Chris als bezahlbar\nund sauber online identifizierte. Dort angekommen konnten wir zwar noch nicht\neinchecken, da unser gebuchtes Zimmer noch nicht frei war, aber immerhin die\nTaschen abladen, Fr\u00fchst\u00fccken und die Toilette benutzen. Vor dem Hotel lernten\nwir dann noch Jay kennen, einen Radreisenden aus Manipur, Indien. Er war die 7\nMonate zuvor mit dem Rad durch S\u00fcdostasien gereist und da er als erster Inder\naus Manipur solch eine Unternehmung machte, unterst\u00fctze ihn die Regierung dabei\nso gut sie konnte. Und zusammen mit der Tatsache, dass das Konsulat in Mandalay\nan jenem Tag noch geschlossen war, rettete uns diese Begegnung wom\u00f6glich noch\ndavor, einen teuren Fehler zu machen. Denn\u2026<\/p>\n\n\n\n<p>Oh oh!<\/p>\n\n\n\n<p>An dem Morgen, an dem wir zum indischen Konsulat aufbrechen\nwollten, um unsere neu ausgef\u00fcllten Visaantr\u00e4ge, Passbilder und jungfr\u00e4ulichen\nDollarscheine einzureichen, fr\u00fchst\u00fcckten wir mit Jay an einem Tisch. Er wusste,\ndass wir in seine Heimatregion Manipur einreisen wollten und lud uns bereits zu\nsich ein, sicherte uns allerlei Unterst\u00fctzung zu und hie\u00df uns in Indien\nschonmal herzlich willkommen. An diesem Morgen jedoch trafen wir ihn etwas\nbeunruhigt an. Und er z\u00f6gerte nicht, uns den Grund seiner Beunruhigung\nmitzuteilen: Die indische Regierung hatte am Vortag wegen des Corona-Virus die\nGrenzen geschlossen. Verlautbarungen von Regionalregierungen Manipurs und\nNagalands verk\u00fcndeten, dass das Grenzpersonal angewiesen wurde, niemanden aus\nMyanmar einreisen zu lassen. <\/p>\n\n\n\n<figure class=\"is-layout-flex wp-block-gallery-75 wp-block-gallery columns-1 is-cropped\"><ul class=\"blocks-gallery-grid\"><li class=\"blocks-gallery-item\"><figure><img decoding=\"async\" loading=\"lazy\" width=\"794\" height=\"1024\" src=\"http:\/\/lichri.radeln-in-den-sonnenaufgang.de\/wp-content\/uploads\/2020\/04\/IMG-20200310-WA0001-794x1024.jpg\" alt=\"\" data-id=\"2388\" data-link=\"http:\/\/lichri.radeln-in-den-sonnenaufgang.de\/?attachment_id=2388\" class=\"wp-image-2388\" srcset=\"http:\/\/lichri.radeln-in-den-sonnenaufgang.de\/wp-content\/uploads\/2020\/04\/IMG-20200310-WA0001-794x1024.jpg 794w, http:\/\/lichri.radeln-in-den-sonnenaufgang.de\/wp-content\/uploads\/2020\/04\/IMG-20200310-WA0001-233x300.jpg 233w, http:\/\/lichri.radeln-in-den-sonnenaufgang.de\/wp-content\/uploads\/2020\/04\/IMG-20200310-WA0001-768x991.jpg 768w, http:\/\/lichri.radeln-in-den-sonnenaufgang.de\/wp-content\/uploads\/2020\/04\/IMG-20200310-WA0001.jpg 992w\" sizes=\"(max-width: 767px) 89vw, (max-width: 1000px) 54vw, (max-width: 1071px) 543px, 580px\" \/><\/figure><\/li><li class=\"blocks-gallery-item\"><figure><img decoding=\"async\" loading=\"lazy\" width=\"1024\" height=\"683\" src=\"http:\/\/lichri.radeln-in-den-sonnenaufgang.de\/wp-content\/uploads\/2020\/04\/IMG_7881-1-1024x683.jpg\" alt=\"\" data-id=\"2390\" data-full-url=\"http:\/\/lichri.radeln-in-den-sonnenaufgang.de\/wp-content\/uploads\/2020\/04\/IMG_7881-1.jpg\" data-link=\"http:\/\/lichri.radeln-in-den-sonnenaufgang.de\/?attachment_id=2390\" class=\"wp-image-2390\" srcset=\"http:\/\/lichri.radeln-in-den-sonnenaufgang.de\/wp-content\/uploads\/2020\/04\/IMG_7881-1-1024x683.jpg 1024w, http:\/\/lichri.radeln-in-den-sonnenaufgang.de\/wp-content\/uploads\/2020\/04\/IMG_7881-1-300x200.jpg 300w, http:\/\/lichri.radeln-in-den-sonnenaufgang.de\/wp-content\/uploads\/2020\/04\/IMG_7881-1-768x512.jpg 768w, http:\/\/lichri.radeln-in-den-sonnenaufgang.de\/wp-content\/uploads\/2020\/04\/IMG_7881-1-1536x1024.jpg 1536w, http:\/\/lichri.radeln-in-den-sonnenaufgang.de\/wp-content\/uploads\/2020\/04\/IMG_7881-1.jpg 1800w\" sizes=\"(max-width: 767px) 89vw, (max-width: 1000px) 54vw, (max-width: 1071px) 543px, 580px\" \/><\/figure><\/li><li class=\"blocks-gallery-item\"><figure><img decoding=\"async\" loading=\"lazy\" width=\"1024\" height=\"683\" src=\"http:\/\/lichri.radeln-in-den-sonnenaufgang.de\/wp-content\/uploads\/2020\/04\/IMG_7877-1024x683.jpg\" alt=\"\" data-id=\"2391\" data-full-url=\"http:\/\/lichri.radeln-in-den-sonnenaufgang.de\/wp-content\/uploads\/2020\/04\/IMG_7877.jpg\" data-link=\"http:\/\/lichri.radeln-in-den-sonnenaufgang.de\/?attachment_id=2391\" class=\"wp-image-2391\" srcset=\"http:\/\/lichri.radeln-in-den-sonnenaufgang.de\/wp-content\/uploads\/2020\/04\/IMG_7877-1024x683.jpg 1024w, http:\/\/lichri.radeln-in-den-sonnenaufgang.de\/wp-content\/uploads\/2020\/04\/IMG_7877-300x200.jpg 300w, http:\/\/lichri.radeln-in-den-sonnenaufgang.de\/wp-content\/uploads\/2020\/04\/IMG_7877-768x512.jpg 768w, http:\/\/lichri.radeln-in-den-sonnenaufgang.de\/wp-content\/uploads\/2020\/04\/IMG_7877-1536x1024.jpg 1536w, http:\/\/lichri.radeln-in-den-sonnenaufgang.de\/wp-content\/uploads\/2020\/04\/IMG_7877.jpg 1800w\" sizes=\"(max-width: 767px) 89vw, (max-width: 1000px) 54vw, (max-width: 1071px) 543px, 580px\" \/><\/figure><\/li><\/ul><\/figure>\n\n\n\n<p>Jay sagte uns, er k\u00f6nne es nicht ganz glauben und w\u00fcrde uns nochmal\ninformieren, ob sich diese Informationen noch best\u00e4tigen w\u00fcrden oder nicht. Wir\ngingen dennoch zum Konsulat, um dort noch einmal selbst nachzufragen. Doch wir\nkamen gar nicht bis zum Eingang, da trafen wir bereits auf ein \u00e4lteres Ehepaar,\ndas vor dem Konsulat damit besch\u00e4ftigt war, mit dem Handy einen Flug zu buchen.\nDie Landgrenze, so der Hintergrund, sei ja geschlossen. Da bliebe ja aber noch\nder Flug, oder? Wir wollten es dennoch von einer offiziellen Stelle h\u00f6ren. Doch\nals uns selbst der Pf\u00f6rtner sagte, dass wir nicht \u00fcber die Landgrenze einreisen\nk\u00f6nnen, war klar: Jetzt den Visumsantrag abzugeben w\u00e4re nichts als\nGeldvernichtung.<\/p>\n\n\n\n<figure class=\"is-layout-flex wp-block-gallery-77 wp-block-gallery columns-1 is-cropped\"><ul class=\"blocks-gallery-grid\"><li class=\"blocks-gallery-item\"><figure><img decoding=\"async\" loading=\"lazy\" width=\"1024\" height=\"768\" src=\"http:\/\/lichri.radeln-in-den-sonnenaufgang.de\/wp-content\/uploads\/2020\/04\/DSC_0449-1024x768.jpg\" alt=\"\" data-id=\"2389\" class=\"wp-image-2389\" srcset=\"http:\/\/lichri.radeln-in-den-sonnenaufgang.de\/wp-content\/uploads\/2020\/04\/DSC_0449-1024x768.jpg 1024w, http:\/\/lichri.radeln-in-den-sonnenaufgang.de\/wp-content\/uploads\/2020\/04\/DSC_0449-300x225.jpg 300w, http:\/\/lichri.radeln-in-den-sonnenaufgang.de\/wp-content\/uploads\/2020\/04\/DSC_0449-768x576.jpg 768w, http:\/\/lichri.radeln-in-den-sonnenaufgang.de\/wp-content\/uploads\/2020\/04\/DSC_0449-1536x1152.jpg 1536w, http:\/\/lichri.radeln-in-den-sonnenaufgang.de\/wp-content\/uploads\/2020\/04\/DSC_0449-2048x1536.jpg 2048w\" sizes=\"(max-width: 767px) 89vw, (max-width: 1000px) 54vw, (max-width: 1071px) 543px, 580px\" \/><\/figure><\/li><\/ul><\/figure>\n\n\n\n<p>Durch die WhatsApp Gruppe \u201eCycling the World Q&amp;A\u201c wusste die Community durch uns direkt bescheid \u00fcber den Grenzschluss und durch selbe Community wurde uns nach und nach best\u00e4tigt, dass nicht nur diese Grenzen zu Indien, sondern bald alle Landgrenzen zu Indien geschlossen wurden. Und wir erfuhren, dass nicht nur wir hier in eine knifflige Lage gekommen sind. Andere waren auf demselben Weg wie wir, hatten jedoch nicht das Gl\u00fcck, ihre 165 Dollar pro Person nicht bereits in ein aussichtsloses Unterfangen versenkt zu haben. <\/p>\n\n\n\n<figure class=\"is-layout-flex wp-block-gallery-79 wp-block-gallery columns-1 is-cropped\"><ul class=\"blocks-gallery-grid\"><li class=\"blocks-gallery-item\"><figure><img decoding=\"async\" loading=\"lazy\" width=\"683\" height=\"1024\" src=\"http:\/\/lichri.radeln-in-den-sonnenaufgang.de\/wp-content\/uploads\/2020\/04\/IMG_7894-683x1024.jpg\" alt=\"\" data-id=\"2097\" data-full-url=\"http:\/\/lichri.radeln-in-den-sonnenaufgang.de\/wp-content\/uploads\/2020\/04\/IMG_7894-rotated.jpg\" data-link=\"http:\/\/lichri.radeln-in-den-sonnenaufgang.de\/?attachment_id=2097\" class=\"wp-image-2097\" srcset=\"http:\/\/lichri.radeln-in-den-sonnenaufgang.de\/wp-content\/uploads\/2020\/04\/IMG_7894-683x1024.jpg 683w, http:\/\/lichri.radeln-in-den-sonnenaufgang.de\/wp-content\/uploads\/2020\/04\/IMG_7894-200x300.jpg 200w, http:\/\/lichri.radeln-in-den-sonnenaufgang.de\/wp-content\/uploads\/2020\/04\/IMG_7894-768x1152.jpg 768w, http:\/\/lichri.radeln-in-den-sonnenaufgang.de\/wp-content\/uploads\/2020\/04\/IMG_7894-1024x1536.jpg 1024w, http:\/\/lichri.radeln-in-den-sonnenaufgang.de\/wp-content\/uploads\/2020\/04\/IMG_7894-rotated.jpg 1200w\" sizes=\"(max-width: 683px) 100vw, 683px\" \/><\/figure><\/li><li class=\"blocks-gallery-item\"><figure><img decoding=\"async\" loading=\"lazy\" width=\"1024\" height=\"683\" src=\"http:\/\/lichri.radeln-in-den-sonnenaufgang.de\/wp-content\/uploads\/2020\/04\/IMG_7889-1024x683.jpg\" alt=\"\" data-id=\"2095\" data-full-url=\"http:\/\/lichri.radeln-in-den-sonnenaufgang.de\/wp-content\/uploads\/2020\/04\/IMG_7889.jpg\" data-link=\"http:\/\/lichri.radeln-in-den-sonnenaufgang.de\/?attachment_id=2095\" class=\"wp-image-2095\" srcset=\"http:\/\/lichri.radeln-in-den-sonnenaufgang.de\/wp-content\/uploads\/2020\/04\/IMG_7889-1024x683.jpg 1024w, http:\/\/lichri.radeln-in-den-sonnenaufgang.de\/wp-content\/uploads\/2020\/04\/IMG_7889-300x200.jpg 300w, http:\/\/lichri.radeln-in-den-sonnenaufgang.de\/wp-content\/uploads\/2020\/04\/IMG_7889-768x512.jpg 768w, http:\/\/lichri.radeln-in-den-sonnenaufgang.de\/wp-content\/uploads\/2020\/04\/IMG_7889-1536x1024.jpg 1536w, http:\/\/lichri.radeln-in-den-sonnenaufgang.de\/wp-content\/uploads\/2020\/04\/IMG_7889.jpg 1800w\" sizes=\"(max-width: 767px) 89vw, (max-width: 1000px) 54vw, (max-width: 1071px) 543px, 580px\" \/><\/figure><\/li><\/ul><\/figure>\n\n\n\n<h4>Das unerwartete Ende unserer Reise<\/h4>\n\n\n\n<p>Wir sa\u00dfen also in der Sackgasse. Unser Vorhaben, \u00fcber Land und somit auf die Weise zur\u00fcck zu reisen, wie wir gekommen sind, war damit beerdigt: <strong>China war dicht, Indien jetzt auch, der Landweg somit versperrt<\/strong>. <\/p>\n\n\n\n<p>Zur selben Zeit etwa waren unsere lieben Freunde Jannik und Clara in Griechenland unterwegs. Dorthin waren sie gereist in der Absicht uns entgegenzukommen. Mit der F\u00e4hre von Venedig sind sie kurz vor Ausbruch der Corona-Epidemie in Norditalien noch dem Lock-Down der Region entkommen. Dann, nach fast drei Wochen Radreise \u00fcber griechisches Fest- und Inselland, sollte sie eine F\u00e4hre in die T\u00fcrkei bringen. Doch als die F\u00e4hr-Crew mitschnitt, dass Clara und Jannik vor ihrer Einreise nach Griechenland in Italien waren, was in diesem Moment DER Brandherd des Covid-19 Virus in Europa schlechthin war, endete ihre Gl\u00fccksstr\u00e4hne abrupt. Ein Mitarbeiter meldete dies noch vor Anlegen an die t\u00fcrkische Grenzpolizei am Hafen, was \u2013 trotz der Tatsache, dass seit Verlassen Italiens bereits mehr als 14 Tage potenzielle Inkubationszeit vergangen waren und eine Ansteckung laut gegenw\u00e4rtigen Kenntnisstandes ausgeschlossen werden konnte \u2013 dazu f\u00fchrte, dass die beiden die F\u00e4hre nicht verlassen durften und wieder nach Griechenland zur\u00fcckgebracht wurden.<\/p>\n\n\n\n<p>Der urspr\u00fcngliche Plan, uns in Georgien zu treffen, wurde\nschon immer unwahrscheinlicher. Doch als auch die T\u00fcrkei begann Grenzen zu\nschlie\u00dfen und es nicht sicher war, ob unsere Freunde oder wir noch in die\nT\u00fcrkei h\u00e4tten einreisen d\u00fcrfen, entschieden wir, uns in Griechenland zu\ntreffen, um von dort gemeinsam nach Deutschland zu radeln. <\/p>\n\n\n\n<p>An diesem Plan festhaltend und mit einem Flug am 20.M\u00e4rz ab Yangon als Deadline radelten wir einen Tag sp\u00e4ter aus Mandalay fort und folgten dem Strom Irrawaddy nach Sagaing und zwei weitere Tage den Landstra\u00dfen \u00fcber Nabuaing und Myingyan nach Nyaung-U zur Weltkulturerbest\u00e4tte und Nr. 1 Sehensw\u00fcrdigkeit Myanmars: nach Bagan, der mittelalterlichen Hauptstadt des K\u00f6nigreichs Bagan, deren \u00dcbereste noch heute kilometerweite Ebenen entlang des Irrawaddy mit einer schier endlosen Zahl von uralten Tempeln, Pagoden und Stupas f\u00fcllen. <\/p>\n\n\n\n<p>Wir hatten noch eine Woche in Myanmar \u00fcbrig und die wollten\nwir nutzen, um das Land kennenzulernen. Mandalay selbst hatten wir \u2013 bis auf\ndie mehrfach gefahrenen Strecken durch die Stadt \u2013 nicht wirklich erkundet, was\ndann auch der Grund war, warum wir an diesem Tag nicht weit kamen. Gut, ein\nanderer Grund waren Chris\u2018 12(!) Instagramposts, die er absetzte, um unsere\n\u201eFollower\u201c auf den neusten Stand zu bringen \u2013 von Lombok bis Mandalay \u2013 und sie\ndamit auch vom Ende unseres Overland-Abenteuers zu unterrichten.<\/p>\n\n\n\n<h4>Die letzten Tage unserer Overland Reise bis und durch Myanmar<\/h4>\n\n\n\n<p>&nbsp;Vom Hotel aus, wo wir noch vor die T\u00fcr geschickt wurden, da das Geb\u00e4ude \u201edesinfiziert\u201c werden sollte, radelten wir an den Irrawaddy, den wir bis dahin noch gar nicht gesehen hatten \u2013 und waren von der Sch\u00f6nheit seines Anblicks \u00fcberrascht. Glitzernd unter dem mattblauen Himmel wand sich der Strom in mehreren Armen und Schleifen, die von der Breite her je eigene Fl\u00fcsse h\u00e4tten sein k\u00f6nnen, durch die staubtrockene, savannenhafte Ebene. Unterhalb der steilen B\u00f6schungen, die immer wieder hohe Abbruchkanten aufwiesen lagen etliche kleinere und mittelgro\u00dfe Fischerboote, dazwischen auch mal gr\u00f6\u00dfere Frachtk\u00e4hne und auch das ein oder andere Frachtschiff. Wir sahen kleine Hausboote und gro\u00dfe, teils mehrbugige schwimmende Festungen aus Holz und mit goldenen Verzierungen. Zwischen den Booten, den Ufern und den Siedlungen mit niedrigen Holzbauten, die meist auf Stelzen in der flacheren Ufern\u00e4he lagen, wuselten spielende Kinder mit ihren traditionellen \u201eGesichtsbemalungen\u201c, die man hier in Myanmar auch zum Sonnenschutz auftr\u00e4gt, aber auch jede Menge M\u00e4nner und Frauen, die F\u00e4sser, K\u00f6rbe, S\u00e4cke und Eimer, Balken, Bretter und Fischernetze \u00fcber Planken auf K\u00e4hne und Boote oder von ihnen heruntertrugen sowie \u00e4ltere Damen, die W\u00e4sche auf langen Leinen zum Trocknen aufh\u00e4ngten. <\/p>\n\n\n\n<p>Auch entlang der Stra\u00dfen, wo sich oft Marktst\u00e4nde mit Fisch, Obst und Fleisch aneinanderreihten oder gro\u00dfe, leere Wasserkr\u00fcge aus gebranntem Lehm pyramidenf\u00f6rmig aufgestapelt auf ihren Verkauf warteten, Kinder spielten, Hunde tollten und M\u00e4nner wie Frauen beim Vorbeiradeln und Winken mit ihrem betelnussroten L\u00e4cheln und Lachen gr\u00fc\u00dften, war so viel zu sehen, dass sich selbst Chris irgendwann \u00fcber Lisas Engelsgeduld mit ihm wunderte, da er st\u00e4ndig anhielt um den Leuten zuzusehen, Fotos zu schie\u00dfen oder einen kleinen Umweg zu fahren, um sich etwas vermeintlich Interessantes anzuschauen.<\/p>\n\n\n\n<figure class=\"is-layout-flex wp-block-gallery-81 wp-block-gallery columns-1 is-cropped\"><ul class=\"blocks-gallery-grid\"><li class=\"blocks-gallery-item\"><figure><img decoding=\"async\" loading=\"lazy\" width=\"1024\" height=\"683\" src=\"http:\/\/lichri.radeln-in-den-sonnenaufgang.de\/wp-content\/uploads\/2020\/04\/IMG_7901-1-1024x683.jpg\" alt=\"\" data-id=\"2409\" data-full-url=\"http:\/\/lichri.radeln-in-den-sonnenaufgang.de\/wp-content\/uploads\/2020\/04\/IMG_7901-1.jpg\" data-link=\"http:\/\/lichri.radeln-in-den-sonnenaufgang.de\/?attachment_id=2409\" class=\"wp-image-2409\" srcset=\"http:\/\/lichri.radeln-in-den-sonnenaufgang.de\/wp-content\/uploads\/2020\/04\/IMG_7901-1-1024x683.jpg 1024w, http:\/\/lichri.radeln-in-den-sonnenaufgang.de\/wp-content\/uploads\/2020\/04\/IMG_7901-1-300x200.jpg 300w, http:\/\/lichri.radeln-in-den-sonnenaufgang.de\/wp-content\/uploads\/2020\/04\/IMG_7901-1-768x512.jpg 768w, http:\/\/lichri.radeln-in-den-sonnenaufgang.de\/wp-content\/uploads\/2020\/04\/IMG_7901-1-1536x1024.jpg 1536w, http:\/\/lichri.radeln-in-den-sonnenaufgang.de\/wp-content\/uploads\/2020\/04\/IMG_7901-1.jpg 1800w\" sizes=\"(max-width: 767px) 89vw, (max-width: 1000px) 54vw, (max-width: 1071px) 543px, 580px\" \/><\/figure><\/li><li class=\"blocks-gallery-item\"><figure><img decoding=\"async\" loading=\"lazy\" width=\"1024\" height=\"683\" src=\"http:\/\/lichri.radeln-in-den-sonnenaufgang.de\/wp-content\/uploads\/2020\/04\/IMG_7909-1-1024x683.jpg\" alt=\"\" data-id=\"2408\" data-full-url=\"http:\/\/lichri.radeln-in-den-sonnenaufgang.de\/wp-content\/uploads\/2020\/04\/IMG_7909-1.jpg\" data-link=\"http:\/\/lichri.radeln-in-den-sonnenaufgang.de\/?attachment_id=2408\" class=\"wp-image-2408\" srcset=\"http:\/\/lichri.radeln-in-den-sonnenaufgang.de\/wp-content\/uploads\/2020\/04\/IMG_7909-1-1024x683.jpg 1024w, http:\/\/lichri.radeln-in-den-sonnenaufgang.de\/wp-content\/uploads\/2020\/04\/IMG_7909-1-300x200.jpg 300w, http:\/\/lichri.radeln-in-den-sonnenaufgang.de\/wp-content\/uploads\/2020\/04\/IMG_7909-1-768x512.jpg 768w, http:\/\/lichri.radeln-in-den-sonnenaufgang.de\/wp-content\/uploads\/2020\/04\/IMG_7909-1-1536x1024.jpg 1536w, http:\/\/lichri.radeln-in-den-sonnenaufgang.de\/wp-content\/uploads\/2020\/04\/IMG_7909-1.jpg 1800w\" sizes=\"(max-width: 767px) 89vw, (max-width: 1000px) 54vw, (max-width: 1071px) 543px, 580px\" \/><\/figure><\/li><li class=\"blocks-gallery-item\"><figure><img decoding=\"async\" loading=\"lazy\" width=\"683\" height=\"1024\" src=\"http:\/\/lichri.radeln-in-den-sonnenaufgang.de\/wp-content\/uploads\/2020\/04\/IMG_7907-1-683x1024.jpg\" alt=\"\" data-id=\"2407\" data-full-url=\"http:\/\/lichri.radeln-in-den-sonnenaufgang.de\/wp-content\/uploads\/2020\/04\/IMG_7907-1-rotated.jpg\" data-link=\"http:\/\/lichri.radeln-in-den-sonnenaufgang.de\/?attachment_id=2407\" class=\"wp-image-2407\" srcset=\"http:\/\/lichri.radeln-in-den-sonnenaufgang.de\/wp-content\/uploads\/2020\/04\/IMG_7907-1-683x1024.jpg 683w, http:\/\/lichri.radeln-in-den-sonnenaufgang.de\/wp-content\/uploads\/2020\/04\/IMG_7907-1-200x300.jpg 200w, http:\/\/lichri.radeln-in-den-sonnenaufgang.de\/wp-content\/uploads\/2020\/04\/IMG_7907-1-768x1152.jpg 768w, http:\/\/lichri.radeln-in-den-sonnenaufgang.de\/wp-content\/uploads\/2020\/04\/IMG_7907-1-1024x1536.jpg 1024w, http:\/\/lichri.radeln-in-den-sonnenaufgang.de\/wp-content\/uploads\/2020\/04\/IMG_7907-1-rotated.jpg 1200w\" sizes=\"(max-width: 683px) 100vw, 683px\" \/><\/figure><\/li><li class=\"blocks-gallery-item\"><figure><img decoding=\"async\" loading=\"lazy\" width=\"1024\" height=\"683\" src=\"http:\/\/lichri.radeln-in-den-sonnenaufgang.de\/wp-content\/uploads\/2020\/04\/IMG_7906-1-1024x683.jpg\" alt=\"\" data-id=\"2406\" data-full-url=\"http:\/\/lichri.radeln-in-den-sonnenaufgang.de\/wp-content\/uploads\/2020\/04\/IMG_7906-1.jpg\" data-link=\"http:\/\/lichri.radeln-in-den-sonnenaufgang.de\/?attachment_id=2406\" class=\"wp-image-2406\" srcset=\"http:\/\/lichri.radeln-in-den-sonnenaufgang.de\/wp-content\/uploads\/2020\/04\/IMG_7906-1-1024x683.jpg 1024w, http:\/\/lichri.radeln-in-den-sonnenaufgang.de\/wp-content\/uploads\/2020\/04\/IMG_7906-1-300x200.jpg 300w, http:\/\/lichri.radeln-in-den-sonnenaufgang.de\/wp-content\/uploads\/2020\/04\/IMG_7906-1-768x512.jpg 768w, http:\/\/lichri.radeln-in-den-sonnenaufgang.de\/wp-content\/uploads\/2020\/04\/IMG_7906-1-1536x1024.jpg 1536w, http:\/\/lichri.radeln-in-den-sonnenaufgang.de\/wp-content\/uploads\/2020\/04\/IMG_7906-1.jpg 1800w\" sizes=\"(max-width: 767px) 89vw, (max-width: 1000px) 54vw, (max-width: 1071px) 543px, 580px\" \/><\/figure><\/li><li class=\"blocks-gallery-item\"><figure><img decoding=\"async\" loading=\"lazy\" width=\"1024\" height=\"683\" src=\"http:\/\/lichri.radeln-in-den-sonnenaufgang.de\/wp-content\/uploads\/2020\/04\/IMG_7918-1-1024x683.jpg\" alt=\"\" data-id=\"2405\" data-full-url=\"http:\/\/lichri.radeln-in-den-sonnenaufgang.de\/wp-content\/uploads\/2020\/04\/IMG_7918-1.jpg\" data-link=\"http:\/\/lichri.radeln-in-den-sonnenaufgang.de\/?attachment_id=2405\" class=\"wp-image-2405\" srcset=\"http:\/\/lichri.radeln-in-den-sonnenaufgang.de\/wp-content\/uploads\/2020\/04\/IMG_7918-1-1024x683.jpg 1024w, http:\/\/lichri.radeln-in-den-sonnenaufgang.de\/wp-content\/uploads\/2020\/04\/IMG_7918-1-300x200.jpg 300w, http:\/\/lichri.radeln-in-den-sonnenaufgang.de\/wp-content\/uploads\/2020\/04\/IMG_7918-1-768x512.jpg 768w, http:\/\/lichri.radeln-in-den-sonnenaufgang.de\/wp-content\/uploads\/2020\/04\/IMG_7918-1-1536x1024.jpg 1536w, http:\/\/lichri.radeln-in-den-sonnenaufgang.de\/wp-content\/uploads\/2020\/04\/IMG_7918-1.jpg 1800w\" sizes=\"(max-width: 767px) 89vw, (max-width: 1000px) 54vw, (max-width: 1071px) 543px, 580px\" \/><\/figure><\/li><li class=\"blocks-gallery-item\"><figure><img decoding=\"async\" loading=\"lazy\" width=\"1024\" height=\"683\" src=\"http:\/\/lichri.radeln-in-den-sonnenaufgang.de\/wp-content\/uploads\/2020\/04\/IMG_7922-1-1024x683.jpg\" alt=\"\" data-id=\"2404\" data-full-url=\"http:\/\/lichri.radeln-in-den-sonnenaufgang.de\/wp-content\/uploads\/2020\/04\/IMG_7922-1.jpg\" data-link=\"http:\/\/lichri.radeln-in-den-sonnenaufgang.de\/?attachment_id=2404\" class=\"wp-image-2404\" srcset=\"http:\/\/lichri.radeln-in-den-sonnenaufgang.de\/wp-content\/uploads\/2020\/04\/IMG_7922-1-1024x683.jpg 1024w, http:\/\/lichri.radeln-in-den-sonnenaufgang.de\/wp-content\/uploads\/2020\/04\/IMG_7922-1-300x200.jpg 300w, http:\/\/lichri.radeln-in-den-sonnenaufgang.de\/wp-content\/uploads\/2020\/04\/IMG_7922-1-768x512.jpg 768w, http:\/\/lichri.radeln-in-den-sonnenaufgang.de\/wp-content\/uploads\/2020\/04\/IMG_7922-1-1536x1024.jpg 1536w, http:\/\/lichri.radeln-in-den-sonnenaufgang.de\/wp-content\/uploads\/2020\/04\/IMG_7922-1.jpg 1800w\" sizes=\"(max-width: 767px) 89vw, (max-width: 1000px) 54vw, (max-width: 1071px) 543px, 580px\" \/><\/figure><\/li><li class=\"blocks-gallery-item\"><figure><img decoding=\"async\" loading=\"lazy\" width=\"1024\" height=\"683\" src=\"http:\/\/lichri.radeln-in-den-sonnenaufgang.de\/wp-content\/uploads\/2020\/04\/IMG_7927-1-1024x683.jpg\" alt=\"\" data-id=\"2402\" data-full-url=\"http:\/\/lichri.radeln-in-den-sonnenaufgang.de\/wp-content\/uploads\/2020\/04\/IMG_7927-1.jpg\" data-link=\"http:\/\/lichri.radeln-in-den-sonnenaufgang.de\/?attachment_id=2402\" class=\"wp-image-2402\" srcset=\"http:\/\/lichri.radeln-in-den-sonnenaufgang.de\/wp-content\/uploads\/2020\/04\/IMG_7927-1-1024x683.jpg 1024w, http:\/\/lichri.radeln-in-den-sonnenaufgang.de\/wp-content\/uploads\/2020\/04\/IMG_7927-1-300x200.jpg 300w, http:\/\/lichri.radeln-in-den-sonnenaufgang.de\/wp-content\/uploads\/2020\/04\/IMG_7927-1-768x512.jpg 768w, http:\/\/lichri.radeln-in-den-sonnenaufgang.de\/wp-content\/uploads\/2020\/04\/IMG_7927-1-1536x1024.jpg 1536w, http:\/\/lichri.radeln-in-den-sonnenaufgang.de\/wp-content\/uploads\/2020\/04\/IMG_7927-1.jpg 1800w\" sizes=\"(max-width: 767px) 89vw, (max-width: 1000px) 54vw, (max-width: 1071px) 543px, 580px\" \/><\/figure><\/li><li class=\"blocks-gallery-item\"><figure><img decoding=\"async\" loading=\"lazy\" width=\"1024\" height=\"683\" src=\"http:\/\/lichri.radeln-in-den-sonnenaufgang.de\/wp-content\/uploads\/2020\/04\/IMG_7929-1-1024x683.jpg\" alt=\"\" data-id=\"2403\" data-full-url=\"http:\/\/lichri.radeln-in-den-sonnenaufgang.de\/wp-content\/uploads\/2020\/04\/IMG_7929-1.jpg\" data-link=\"http:\/\/lichri.radeln-in-den-sonnenaufgang.de\/?attachment_id=2403\" class=\"wp-image-2403\" srcset=\"http:\/\/lichri.radeln-in-den-sonnenaufgang.de\/wp-content\/uploads\/2020\/04\/IMG_7929-1-1024x683.jpg 1024w, http:\/\/lichri.radeln-in-den-sonnenaufgang.de\/wp-content\/uploads\/2020\/04\/IMG_7929-1-300x200.jpg 300w, http:\/\/lichri.radeln-in-den-sonnenaufgang.de\/wp-content\/uploads\/2020\/04\/IMG_7929-1-768x512.jpg 768w, http:\/\/lichri.radeln-in-den-sonnenaufgang.de\/wp-content\/uploads\/2020\/04\/IMG_7929-1-1536x1024.jpg 1536w, http:\/\/lichri.radeln-in-den-sonnenaufgang.de\/wp-content\/uploads\/2020\/04\/IMG_7929-1.jpg 1800w\" sizes=\"(max-width: 767px) 89vw, (max-width: 1000px) 54vw, (max-width: 1071px) 543px, 580px\" \/><\/figure><\/li><li class=\"blocks-gallery-item\"><figure><img decoding=\"async\" loading=\"lazy\" width=\"1024\" height=\"683\" src=\"http:\/\/lichri.radeln-in-den-sonnenaufgang.de\/wp-content\/uploads\/2020\/04\/IMG_7940-1-1024x683.jpg\" alt=\"\" data-id=\"2401\" data-full-url=\"http:\/\/lichri.radeln-in-den-sonnenaufgang.de\/wp-content\/uploads\/2020\/04\/IMG_7940-1.jpg\" data-link=\"http:\/\/lichri.radeln-in-den-sonnenaufgang.de\/?attachment_id=2401\" class=\"wp-image-2401\" srcset=\"http:\/\/lichri.radeln-in-den-sonnenaufgang.de\/wp-content\/uploads\/2020\/04\/IMG_7940-1-1024x683.jpg 1024w, http:\/\/lichri.radeln-in-den-sonnenaufgang.de\/wp-content\/uploads\/2020\/04\/IMG_7940-1-300x200.jpg 300w, http:\/\/lichri.radeln-in-den-sonnenaufgang.de\/wp-content\/uploads\/2020\/04\/IMG_7940-1-768x512.jpg 768w, http:\/\/lichri.radeln-in-den-sonnenaufgang.de\/wp-content\/uploads\/2020\/04\/IMG_7940-1-1536x1024.jpg 1536w, http:\/\/lichri.radeln-in-den-sonnenaufgang.de\/wp-content\/uploads\/2020\/04\/IMG_7940-1.jpg 1800w\" sizes=\"(max-width: 767px) 89vw, (max-width: 1000px) 54vw, (max-width: 1071px) 543px, 580px\" \/><\/figure><\/li><li class=\"blocks-gallery-item\"><figure><img decoding=\"async\" loading=\"lazy\" width=\"1024\" height=\"683\" src=\"http:\/\/lichri.radeln-in-den-sonnenaufgang.de\/wp-content\/uploads\/2020\/04\/IMG_7950-1-1024x683.jpg\" alt=\"\" data-id=\"2398\" data-full-url=\"http:\/\/lichri.radeln-in-den-sonnenaufgang.de\/wp-content\/uploads\/2020\/04\/IMG_7950-1.jpg\" data-link=\"http:\/\/lichri.radeln-in-den-sonnenaufgang.de\/?attachment_id=2398\" class=\"wp-image-2398\" srcset=\"http:\/\/lichri.radeln-in-den-sonnenaufgang.de\/wp-content\/uploads\/2020\/04\/IMG_7950-1-1024x683.jpg 1024w, http:\/\/lichri.radeln-in-den-sonnenaufgang.de\/wp-content\/uploads\/2020\/04\/IMG_7950-1-300x200.jpg 300w, http:\/\/lichri.radeln-in-den-sonnenaufgang.de\/wp-content\/uploads\/2020\/04\/IMG_7950-1-768x512.jpg 768w, http:\/\/lichri.radeln-in-den-sonnenaufgang.de\/wp-content\/uploads\/2020\/04\/IMG_7950-1-1536x1024.jpg 1536w, http:\/\/lichri.radeln-in-den-sonnenaufgang.de\/wp-content\/uploads\/2020\/04\/IMG_7950-1.jpg 1800w\" sizes=\"(max-width: 767px) 89vw, (max-width: 1000px) 54vw, (max-width: 1071px) 543px, 580px\" \/><\/figure><\/li><li class=\"blocks-gallery-item\"><figure><img decoding=\"async\" loading=\"lazy\" width=\"1024\" height=\"683\" src=\"http:\/\/lichri.radeln-in-den-sonnenaufgang.de\/wp-content\/uploads\/2020\/04\/IMG_7947-1-1024x683.jpg\" alt=\"\" data-id=\"2400\" data-full-url=\"http:\/\/lichri.radeln-in-den-sonnenaufgang.de\/wp-content\/uploads\/2020\/04\/IMG_7947-1.jpg\" data-link=\"http:\/\/lichri.radeln-in-den-sonnenaufgang.de\/?attachment_id=2400\" class=\"wp-image-2400\" srcset=\"http:\/\/lichri.radeln-in-den-sonnenaufgang.de\/wp-content\/uploads\/2020\/04\/IMG_7947-1-1024x683.jpg 1024w, http:\/\/lichri.radeln-in-den-sonnenaufgang.de\/wp-content\/uploads\/2020\/04\/IMG_7947-1-300x200.jpg 300w, http:\/\/lichri.radeln-in-den-sonnenaufgang.de\/wp-content\/uploads\/2020\/04\/IMG_7947-1-768x512.jpg 768w, http:\/\/lichri.radeln-in-den-sonnenaufgang.de\/wp-content\/uploads\/2020\/04\/IMG_7947-1-1536x1024.jpg 1536w, http:\/\/lichri.radeln-in-den-sonnenaufgang.de\/wp-content\/uploads\/2020\/04\/IMG_7947-1.jpg 1800w\" sizes=\"(max-width: 767px) 89vw, (max-width: 1000px) 54vw, (max-width: 1071px) 543px, 580px\" \/><\/figure><\/li><li class=\"blocks-gallery-item\"><figure><img decoding=\"async\" loading=\"lazy\" width=\"1024\" height=\"683\" src=\"http:\/\/lichri.radeln-in-den-sonnenaufgang.de\/wp-content\/uploads\/2020\/04\/IMG_7957-1-1024x683.jpg\" alt=\"\" data-id=\"2396\" data-full-url=\"http:\/\/lichri.radeln-in-den-sonnenaufgang.de\/wp-content\/uploads\/2020\/04\/IMG_7957-1.jpg\" data-link=\"http:\/\/lichri.radeln-in-den-sonnenaufgang.de\/?attachment_id=2396\" class=\"wp-image-2396\" srcset=\"http:\/\/lichri.radeln-in-den-sonnenaufgang.de\/wp-content\/uploads\/2020\/04\/IMG_7957-1-1024x683.jpg 1024w, http:\/\/lichri.radeln-in-den-sonnenaufgang.de\/wp-content\/uploads\/2020\/04\/IMG_7957-1-300x200.jpg 300w, http:\/\/lichri.radeln-in-den-sonnenaufgang.de\/wp-content\/uploads\/2020\/04\/IMG_7957-1-768x512.jpg 768w, http:\/\/lichri.radeln-in-den-sonnenaufgang.de\/wp-content\/uploads\/2020\/04\/IMG_7957-1-1536x1024.jpg 1536w, http:\/\/lichri.radeln-in-den-sonnenaufgang.de\/wp-content\/uploads\/2020\/04\/IMG_7957-1.jpg 1800w\" sizes=\"(max-width: 767px) 89vw, (max-width: 1000px) 54vw, (max-width: 1071px) 543px, 580px\" \/><\/figure><\/li><li class=\"blocks-gallery-item\"><figure><img decoding=\"async\" loading=\"lazy\" width=\"1024\" height=\"683\" src=\"http:\/\/lichri.radeln-in-den-sonnenaufgang.de\/wp-content\/uploads\/2020\/04\/IMG_7953-1-1024x683.jpg\" alt=\"\" data-id=\"2397\" data-full-url=\"http:\/\/lichri.radeln-in-den-sonnenaufgang.de\/wp-content\/uploads\/2020\/04\/IMG_7953-1.jpg\" data-link=\"http:\/\/lichri.radeln-in-den-sonnenaufgang.de\/?attachment_id=2397\" class=\"wp-image-2397\" srcset=\"http:\/\/lichri.radeln-in-den-sonnenaufgang.de\/wp-content\/uploads\/2020\/04\/IMG_7953-1-1024x683.jpg 1024w, http:\/\/lichri.radeln-in-den-sonnenaufgang.de\/wp-content\/uploads\/2020\/04\/IMG_7953-1-300x200.jpg 300w, http:\/\/lichri.radeln-in-den-sonnenaufgang.de\/wp-content\/uploads\/2020\/04\/IMG_7953-1-768x512.jpg 768w, http:\/\/lichri.radeln-in-den-sonnenaufgang.de\/wp-content\/uploads\/2020\/04\/IMG_7953-1-1536x1024.jpg 1536w, http:\/\/lichri.radeln-in-den-sonnenaufgang.de\/wp-content\/uploads\/2020\/04\/IMG_7953-1.jpg 1800w\" sizes=\"(max-width: 767px) 89vw, (max-width: 1000px) 54vw, (max-width: 1071px) 543px, 580px\" \/><\/figure><\/li><li class=\"blocks-gallery-item\"><figure><img decoding=\"async\" loading=\"lazy\" width=\"1024\" height=\"683\" src=\"http:\/\/lichri.radeln-in-den-sonnenaufgang.de\/wp-content\/uploads\/2020\/04\/IMG_7943-1-1024x683.jpg\" alt=\"\" data-id=\"2399\" data-full-url=\"http:\/\/lichri.radeln-in-den-sonnenaufgang.de\/wp-content\/uploads\/2020\/04\/IMG_7943-1.jpg\" data-link=\"http:\/\/lichri.radeln-in-den-sonnenaufgang.de\/?attachment_id=2399\" class=\"wp-image-2399\" srcset=\"http:\/\/lichri.radeln-in-den-sonnenaufgang.de\/wp-content\/uploads\/2020\/04\/IMG_7943-1-1024x683.jpg 1024w, http:\/\/lichri.radeln-in-den-sonnenaufgang.de\/wp-content\/uploads\/2020\/04\/IMG_7943-1-300x200.jpg 300w, http:\/\/lichri.radeln-in-den-sonnenaufgang.de\/wp-content\/uploads\/2020\/04\/IMG_7943-1-768x512.jpg 768w, http:\/\/lichri.radeln-in-den-sonnenaufgang.de\/wp-content\/uploads\/2020\/04\/IMG_7943-1-1536x1024.jpg 1536w, http:\/\/lichri.radeln-in-den-sonnenaufgang.de\/wp-content\/uploads\/2020\/04\/IMG_7943-1.jpg 1800w\" sizes=\"(max-width: 767px) 89vw, (max-width: 1000px) 54vw, (max-width: 1071px) 543px, 580px\" \/><\/figure><\/li><li class=\"blocks-gallery-item\"><figure><img decoding=\"async\" loading=\"lazy\" width=\"1024\" height=\"683\" src=\"http:\/\/lichri.radeln-in-den-sonnenaufgang.de\/wp-content\/uploads\/2020\/04\/IMG_7981-1-1024x683.jpg\" alt=\"\" data-id=\"2395\" data-full-url=\"http:\/\/lichri.radeln-in-den-sonnenaufgang.de\/wp-content\/uploads\/2020\/04\/IMG_7981-1.jpg\" data-link=\"http:\/\/lichri.radeln-in-den-sonnenaufgang.de\/?attachment_id=2395\" class=\"wp-image-2395\" srcset=\"http:\/\/lichri.radeln-in-den-sonnenaufgang.de\/wp-content\/uploads\/2020\/04\/IMG_7981-1-1024x683.jpg 1024w, http:\/\/lichri.radeln-in-den-sonnenaufgang.de\/wp-content\/uploads\/2020\/04\/IMG_7981-1-300x200.jpg 300w, http:\/\/lichri.radeln-in-den-sonnenaufgang.de\/wp-content\/uploads\/2020\/04\/IMG_7981-1-768x512.jpg 768w, http:\/\/lichri.radeln-in-den-sonnenaufgang.de\/wp-content\/uploads\/2020\/04\/IMG_7981-1-1536x1024.jpg 1536w, http:\/\/lichri.radeln-in-den-sonnenaufgang.de\/wp-content\/uploads\/2020\/04\/IMG_7981-1.jpg 1800w\" sizes=\"(max-width: 767px) 89vw, (max-width: 1000px) 54vw, (max-width: 1071px) 543px, 580px\" \/><\/figure><\/li><li class=\"blocks-gallery-item\"><figure><img decoding=\"async\" loading=\"lazy\" width=\"1024\" height=\"683\" src=\"http:\/\/lichri.radeln-in-den-sonnenaufgang.de\/wp-content\/uploads\/2020\/04\/IMG_7991-1-1024x683.jpg\" alt=\"\" data-id=\"2394\" data-full-url=\"http:\/\/lichri.radeln-in-den-sonnenaufgang.de\/wp-content\/uploads\/2020\/04\/IMG_7991-1.jpg\" data-link=\"http:\/\/lichri.radeln-in-den-sonnenaufgang.de\/?attachment_id=2394\" class=\"wp-image-2394\" srcset=\"http:\/\/lichri.radeln-in-den-sonnenaufgang.de\/wp-content\/uploads\/2020\/04\/IMG_7991-1-1024x683.jpg 1024w, http:\/\/lichri.radeln-in-den-sonnenaufgang.de\/wp-content\/uploads\/2020\/04\/IMG_7991-1-300x200.jpg 300w, http:\/\/lichri.radeln-in-den-sonnenaufgang.de\/wp-content\/uploads\/2020\/04\/IMG_7991-1-768x512.jpg 768w, http:\/\/lichri.radeln-in-den-sonnenaufgang.de\/wp-content\/uploads\/2020\/04\/IMG_7991-1-1536x1024.jpg 1536w, http:\/\/lichri.radeln-in-den-sonnenaufgang.de\/wp-content\/uploads\/2020\/04\/IMG_7991-1.jpg 1800w\" sizes=\"(max-width: 767px) 89vw, (max-width: 1000px) 54vw, (max-width: 1071px) 543px, 580px\" \/><\/figure><\/li><li class=\"blocks-gallery-item\"><figure><img decoding=\"async\" loading=\"lazy\" width=\"1024\" height=\"683\" src=\"http:\/\/lichri.radeln-in-den-sonnenaufgang.de\/wp-content\/uploads\/2020\/04\/IMG_7990-1-1024x683.jpg\" alt=\"\" data-id=\"2393\" data-full-url=\"http:\/\/lichri.radeln-in-den-sonnenaufgang.de\/wp-content\/uploads\/2020\/04\/IMG_7990-1.jpg\" data-link=\"http:\/\/lichri.radeln-in-den-sonnenaufgang.de\/?attachment_id=2393\" class=\"wp-image-2393\" srcset=\"http:\/\/lichri.radeln-in-den-sonnenaufgang.de\/wp-content\/uploads\/2020\/04\/IMG_7990-1-1024x683.jpg 1024w, http:\/\/lichri.radeln-in-den-sonnenaufgang.de\/wp-content\/uploads\/2020\/04\/IMG_7990-1-300x200.jpg 300w, http:\/\/lichri.radeln-in-den-sonnenaufgang.de\/wp-content\/uploads\/2020\/04\/IMG_7990-1-768x512.jpg 768w, http:\/\/lichri.radeln-in-den-sonnenaufgang.de\/wp-content\/uploads\/2020\/04\/IMG_7990-1-1536x1024.jpg 1536w, http:\/\/lichri.radeln-in-den-sonnenaufgang.de\/wp-content\/uploads\/2020\/04\/IMG_7990-1.jpg 1800w\" sizes=\"(max-width: 767px) 89vw, (max-width: 1000px) 54vw, (max-width: 1071px) 543px, 580px\" \/><\/figure><\/li><li class=\"blocks-gallery-item\"><figure><img decoding=\"async\" loading=\"lazy\" width=\"1024\" height=\"683\" src=\"http:\/\/lichri.radeln-in-den-sonnenaufgang.de\/wp-content\/uploads\/2020\/04\/IMG_7997-1024x683.jpg\" alt=\"\" data-id=\"2116\" data-full-url=\"http:\/\/lichri.radeln-in-den-sonnenaufgang.de\/wp-content\/uploads\/2020\/04\/IMG_7997.jpg\" data-link=\"http:\/\/lichri.radeln-in-den-sonnenaufgang.de\/?attachment_id=2116\" class=\"wp-image-2116\" srcset=\"http:\/\/lichri.radeln-in-den-sonnenaufgang.de\/wp-content\/uploads\/2020\/04\/IMG_7997-1024x683.jpg 1024w, http:\/\/lichri.radeln-in-den-sonnenaufgang.de\/wp-content\/uploads\/2020\/04\/IMG_7997-300x200.jpg 300w, http:\/\/lichri.radeln-in-den-sonnenaufgang.de\/wp-content\/uploads\/2020\/04\/IMG_7997-768x512.jpg 768w, http:\/\/lichri.radeln-in-den-sonnenaufgang.de\/wp-content\/uploads\/2020\/04\/IMG_7997-1536x1024.jpg 1536w, http:\/\/lichri.radeln-in-den-sonnenaufgang.de\/wp-content\/uploads\/2020\/04\/IMG_7997.jpg 1800w\" sizes=\"(max-width: 767px) 89vw, (max-width: 1000px) 54vw, (max-width: 1071px) 543px, 580px\" \/><\/figure><\/li><li class=\"blocks-gallery-item\"><figure><img decoding=\"async\" loading=\"lazy\" width=\"1024\" height=\"683\" src=\"http:\/\/lichri.radeln-in-den-sonnenaufgang.de\/wp-content\/uploads\/2020\/04\/IMG_7998-1024x683.jpg\" alt=\"\" data-id=\"2117\" data-full-url=\"http:\/\/lichri.radeln-in-den-sonnenaufgang.de\/wp-content\/uploads\/2020\/04\/IMG_7998.jpg\" data-link=\"http:\/\/lichri.radeln-in-den-sonnenaufgang.de\/?attachment_id=2117\" class=\"wp-image-2117\" srcset=\"http:\/\/lichri.radeln-in-den-sonnenaufgang.de\/wp-content\/uploads\/2020\/04\/IMG_7998-1024x683.jpg 1024w, http:\/\/lichri.radeln-in-den-sonnenaufgang.de\/wp-content\/uploads\/2020\/04\/IMG_7998-300x200.jpg 300w, http:\/\/lichri.radeln-in-den-sonnenaufgang.de\/wp-content\/uploads\/2020\/04\/IMG_7998-768x512.jpg 768w, http:\/\/lichri.radeln-in-den-sonnenaufgang.de\/wp-content\/uploads\/2020\/04\/IMG_7998-1536x1024.jpg 1536w, http:\/\/lichri.radeln-in-den-sonnenaufgang.de\/wp-content\/uploads\/2020\/04\/IMG_7998.jpg 1800w\" sizes=\"(max-width: 767px) 89vw, (max-width: 1000px) 54vw, (max-width: 1071px) 543px, 580px\" \/><\/figure><\/li><li class=\"blocks-gallery-item\"><figure><img decoding=\"async\" loading=\"lazy\" width=\"1024\" height=\"683\" src=\"http:\/\/lichri.radeln-in-den-sonnenaufgang.de\/wp-content\/uploads\/2020\/04\/IMG_8014-1024x683.jpg\" alt=\"\" data-id=\"2120\" data-full-url=\"http:\/\/lichri.radeln-in-den-sonnenaufgang.de\/wp-content\/uploads\/2020\/04\/IMG_8014.jpg\" data-link=\"http:\/\/lichri.radeln-in-den-sonnenaufgang.de\/?attachment_id=2120\" class=\"wp-image-2120\" srcset=\"http:\/\/lichri.radeln-in-den-sonnenaufgang.de\/wp-content\/uploads\/2020\/04\/IMG_8014-1024x683.jpg 1024w, http:\/\/lichri.radeln-in-den-sonnenaufgang.de\/wp-content\/uploads\/2020\/04\/IMG_8014-300x200.jpg 300w, http:\/\/lichri.radeln-in-den-sonnenaufgang.de\/wp-content\/uploads\/2020\/04\/IMG_8014-768x512.jpg 768w, http:\/\/lichri.radeln-in-den-sonnenaufgang.de\/wp-content\/uploads\/2020\/04\/IMG_8014-1536x1024.jpg 1536w, http:\/\/lichri.radeln-in-den-sonnenaufgang.de\/wp-content\/uploads\/2020\/04\/IMG_8014.jpg 1800w\" sizes=\"(max-width: 767px) 89vw, (max-width: 1000px) 54vw, (max-width: 1071px) 543px, 580px\" \/><\/figure><\/li><li class=\"blocks-gallery-item\"><figure><img decoding=\"async\" loading=\"lazy\" width=\"1024\" height=\"683\" src=\"http:\/\/lichri.radeln-in-den-sonnenaufgang.de\/wp-content\/uploads\/2020\/04\/IMG_8039-1024x683.jpg\" alt=\"\" data-id=\"2122\" data-full-url=\"http:\/\/lichri.radeln-in-den-sonnenaufgang.de\/wp-content\/uploads\/2020\/04\/IMG_8039.jpg\" data-link=\"http:\/\/lichri.radeln-in-den-sonnenaufgang.de\/?attachment_id=2122\" class=\"wp-image-2122\" srcset=\"http:\/\/lichri.radeln-in-den-sonnenaufgang.de\/wp-content\/uploads\/2020\/04\/IMG_8039-1024x683.jpg 1024w, http:\/\/lichri.radeln-in-den-sonnenaufgang.de\/wp-content\/uploads\/2020\/04\/IMG_8039-300x200.jpg 300w, http:\/\/lichri.radeln-in-den-sonnenaufgang.de\/wp-content\/uploads\/2020\/04\/IMG_8039-768x512.jpg 768w, http:\/\/lichri.radeln-in-den-sonnenaufgang.de\/wp-content\/uploads\/2020\/04\/IMG_8039-1536x1024.jpg 1536w, http:\/\/lichri.radeln-in-den-sonnenaufgang.de\/wp-content\/uploads\/2020\/04\/IMG_8039.jpg 1800w\" sizes=\"(max-width: 767px) 89vw, (max-width: 1000px) 54vw, (max-width: 1071px) 543px, 580px\" \/><\/figure><\/li><li class=\"blocks-gallery-item\"><figure><img decoding=\"async\" loading=\"lazy\" width=\"1024\" height=\"683\" src=\"http:\/\/lichri.radeln-in-den-sonnenaufgang.de\/wp-content\/uploads\/2020\/04\/IMG_8030-1024x683.jpg\" alt=\"\" data-id=\"2121\" data-full-url=\"http:\/\/lichri.radeln-in-den-sonnenaufgang.de\/wp-content\/uploads\/2020\/04\/IMG_8030.jpg\" data-link=\"http:\/\/lichri.radeln-in-den-sonnenaufgang.de\/?attachment_id=2121\" class=\"wp-image-2121\" srcset=\"http:\/\/lichri.radeln-in-den-sonnenaufgang.de\/wp-content\/uploads\/2020\/04\/IMG_8030-1024x683.jpg 1024w, http:\/\/lichri.radeln-in-den-sonnenaufgang.de\/wp-content\/uploads\/2020\/04\/IMG_8030-300x200.jpg 300w, http:\/\/lichri.radeln-in-den-sonnenaufgang.de\/wp-content\/uploads\/2020\/04\/IMG_8030-768x512.jpg 768w, http:\/\/lichri.radeln-in-den-sonnenaufgang.de\/wp-content\/uploads\/2020\/04\/IMG_8030-1536x1024.jpg 1536w, http:\/\/lichri.radeln-in-den-sonnenaufgang.de\/wp-content\/uploads\/2020\/04\/IMG_8030.jpg 1800w\" sizes=\"(max-width: 767px) 89vw, (max-width: 1000px) 54vw, (max-width: 1071px) 543px, 580px\" \/><\/figure><\/li><\/ul><\/figure>\n\n\n\n<p>So war es kein Wunder, dass wir nach knapp 20 Kilometern\nbereits in Sagaing eine Bleibe f\u00fcr die Nacht suchen mussten. Also fuhren wir\n\u00fcber die n\u00f6rdliche der zwei gro\u00dfen Br\u00fccken im Sonnenuntergang \u00fcber den Strom\nhinweg in die an dessen Westufer liegende Stadt, in der Hoffnung, ein Hotel zu\nfinden, das Ausl\u00e4nder aufnehmen durfte. Wir hatten Gl\u00fcck und konnten Unweit der\nBr\u00fcckenabfahrt ein immerhin nicht unbezahlbares Zimmer in einem kleinen\nfamilienbetriebenen Hotel beziehen und duschen, bevor wir uns anschickten, noch\netwas Essbares (und m\u00f6glichst bek\u00f6mmliches sowie vegetarisches) zu finden. Nach\neinigen Anl\u00e4ufen und mit etwas Hilfe von Google gelang dies dann auch und wir\nblieben von unerfreulichen \u00dcberraschungen im Nachgang verschont.<\/p>\n\n\n\n<p>Nach dem Fr\u00fchst\u00fcck am folgenden Tag unterhielten wir uns\nnoch lange mit der Hotelbesitzerin, einer relativ jungen Frau mit ziemlich\nguten Englischkenntnissen. 10 Jahre lang lebte, studierte und arbeitete sie in\nSingapur. Als Ingenieurin fand sie in Myanmar keinen Job, der ihrer Ausbildung\nentsprach und das Leben in den Metropolen sagte ihr nicht zu, weshalb sie nun\nhier mit ihrer Familie dieses Hotel betreibe. Insgeheim tr\u00e4ume sie aber seit\nihrer Kindheit davon, Kranfahrerin zu werden, was in Myanmar jedoch ein reiner\nM\u00e4nnerberuf sei \u2013 eine unglaublich spannende Frau!<\/p>\n\n\n\n<p>Dann ging es zur\u00fcck auf die hei\u00dfen, trockenen und staubigen\nStra\u00dfen. Wir \u00fcberquerten die alte s\u00fcdliche Br\u00fccke und bogen auf einen kleinen\nSeitenweg ab, der n\u00e4her am Fluss verlief. Bis er schlie\u00dflich wortw\u00f6rtlich in\nden Fluss hineinlief. Unten angekommen standen Langboote bereit, um Mensch und\nMoped auf die andere Seite des Flussarms zu bringen. Wir waren etwas verwirrt,\nals der F\u00e4hrmann uns eine Hin- und R\u00fcckfahrt verkaufen wollte. Und als uns auf\ndem kleinen Boot dann auch noch zwei Frauen Schmuck und Figuren aus Jade\nverkaufen wollten, d\u00e4mmerte uns, dass wir da wom\u00f6glich unabsichtlich auf dem Weg\nzu einer Sehensw\u00fcrdigkeit waren.<\/p>\n\n\n\n<figure class=\"is-layout-flex wp-block-gallery-83 wp-block-gallery columns-1 is-cropped\"><ul class=\"blocks-gallery-grid\"><li class=\"blocks-gallery-item\"><figure><img decoding=\"async\" loading=\"lazy\" width=\"1024\" height=\"683\" src=\"http:\/\/lichri.radeln-in-den-sonnenaufgang.de\/wp-content\/uploads\/2020\/04\/IMG_8047-1024x683.jpg\" alt=\"\" data-id=\"2123\" data-full-url=\"http:\/\/lichri.radeln-in-den-sonnenaufgang.de\/wp-content\/uploads\/2020\/04\/IMG_8047.jpg\" data-link=\"http:\/\/lichri.radeln-in-den-sonnenaufgang.de\/?attachment_id=2123\" class=\"wp-image-2123\" srcset=\"http:\/\/lichri.radeln-in-den-sonnenaufgang.de\/wp-content\/uploads\/2020\/04\/IMG_8047-1024x683.jpg 1024w, http:\/\/lichri.radeln-in-den-sonnenaufgang.de\/wp-content\/uploads\/2020\/04\/IMG_8047-300x200.jpg 300w, http:\/\/lichri.radeln-in-den-sonnenaufgang.de\/wp-content\/uploads\/2020\/04\/IMG_8047-768x512.jpg 768w, http:\/\/lichri.radeln-in-den-sonnenaufgang.de\/wp-content\/uploads\/2020\/04\/IMG_8047-1536x1024.jpg 1536w, http:\/\/lichri.radeln-in-den-sonnenaufgang.de\/wp-content\/uploads\/2020\/04\/IMG_8047.jpg 1800w\" sizes=\"(max-width: 767px) 89vw, (max-width: 1000px) 54vw, (max-width: 1071px) 543px, 580px\" \/><\/figure><\/li><li class=\"blocks-gallery-item\"><figure><img decoding=\"async\" loading=\"lazy\" width=\"1024\" height=\"683\" src=\"http:\/\/lichri.radeln-in-den-sonnenaufgang.de\/wp-content\/uploads\/2020\/04\/IMG_8063-1024x683.jpg\" alt=\"\" data-id=\"2124\" data-full-url=\"http:\/\/lichri.radeln-in-den-sonnenaufgang.de\/wp-content\/uploads\/2020\/04\/IMG_8063.jpg\" data-link=\"http:\/\/lichri.radeln-in-den-sonnenaufgang.de\/?attachment_id=2124\" class=\"wp-image-2124\" srcset=\"http:\/\/lichri.radeln-in-den-sonnenaufgang.de\/wp-content\/uploads\/2020\/04\/IMG_8063-1024x683.jpg 1024w, http:\/\/lichri.radeln-in-den-sonnenaufgang.de\/wp-content\/uploads\/2020\/04\/IMG_8063-300x200.jpg 300w, http:\/\/lichri.radeln-in-den-sonnenaufgang.de\/wp-content\/uploads\/2020\/04\/IMG_8063-768x512.jpg 768w, http:\/\/lichri.radeln-in-den-sonnenaufgang.de\/wp-content\/uploads\/2020\/04\/IMG_8063-1536x1024.jpg 1536w, http:\/\/lichri.radeln-in-den-sonnenaufgang.de\/wp-content\/uploads\/2020\/04\/IMG_8063.jpg 1800w\" sizes=\"(max-width: 767px) 89vw, (max-width: 1000px) 54vw, (max-width: 1071px) 543px, 580px\" \/><\/figure><\/li><li class=\"blocks-gallery-item\"><figure><img decoding=\"async\" loading=\"lazy\" width=\"683\" height=\"1024\" src=\"http:\/\/lichri.radeln-in-den-sonnenaufgang.de\/wp-content\/uploads\/2020\/04\/IMG_8065-683x1024.jpg\" alt=\"\" data-id=\"2125\" data-full-url=\"http:\/\/lichri.radeln-in-den-sonnenaufgang.de\/wp-content\/uploads\/2020\/04\/IMG_8065-rotated.jpg\" data-link=\"http:\/\/lichri.radeln-in-den-sonnenaufgang.de\/?attachment_id=2125\" class=\"wp-image-2125\" srcset=\"http:\/\/lichri.radeln-in-den-sonnenaufgang.de\/wp-content\/uploads\/2020\/04\/IMG_8065-683x1024.jpg 683w, http:\/\/lichri.radeln-in-den-sonnenaufgang.de\/wp-content\/uploads\/2020\/04\/IMG_8065-200x300.jpg 200w, http:\/\/lichri.radeln-in-den-sonnenaufgang.de\/wp-content\/uploads\/2020\/04\/IMG_8065-768x1152.jpg 768w, http:\/\/lichri.radeln-in-den-sonnenaufgang.de\/wp-content\/uploads\/2020\/04\/IMG_8065-1024x1536.jpg 1024w, http:\/\/lichri.radeln-in-den-sonnenaufgang.de\/wp-content\/uploads\/2020\/04\/IMG_8065-rotated.jpg 1200w\" sizes=\"(max-width: 683px) 100vw, 683px\" \/><\/figure><\/li><li class=\"blocks-gallery-item\"><figure><img decoding=\"async\" loading=\"lazy\" width=\"1024\" height=\"683\" src=\"http:\/\/lichri.radeln-in-den-sonnenaufgang.de\/wp-content\/uploads\/2020\/04\/IMG_8069-1024x683.jpg\" alt=\"\" data-id=\"2126\" data-full-url=\"http:\/\/lichri.radeln-in-den-sonnenaufgang.de\/wp-content\/uploads\/2020\/04\/IMG_8069.jpg\" data-link=\"http:\/\/lichri.radeln-in-den-sonnenaufgang.de\/?attachment_id=2126\" class=\"wp-image-2126\" srcset=\"http:\/\/lichri.radeln-in-den-sonnenaufgang.de\/wp-content\/uploads\/2020\/04\/IMG_8069-1024x683.jpg 1024w, http:\/\/lichri.radeln-in-den-sonnenaufgang.de\/wp-content\/uploads\/2020\/04\/IMG_8069-300x200.jpg 300w, http:\/\/lichri.radeln-in-den-sonnenaufgang.de\/wp-content\/uploads\/2020\/04\/IMG_8069-768x512.jpg 768w, http:\/\/lichri.radeln-in-den-sonnenaufgang.de\/wp-content\/uploads\/2020\/04\/IMG_8069-1536x1024.jpg 1536w, http:\/\/lichri.radeln-in-den-sonnenaufgang.de\/wp-content\/uploads\/2020\/04\/IMG_8069.jpg 1800w\" sizes=\"(max-width: 767px) 89vw, (max-width: 1000px) 54vw, (max-width: 1071px) 543px, 580px\" \/><\/figure><\/li><\/ul><\/figure>\n\n\n\n<p>Chris Neugier war geweckt und so wollte er, als wir\nschlie\u00dflich an uraltem Ziegel-Mauerwerk entlangfuhren, unbedingt hinein und\nsehen, was es dort zu entdecken gab. Lisa lie\u00df es zu, obgleich sie zunehmend\ngenervt war. Schlie\u00dflich lagen vor uns \u2013 sollten wir den k\u00fcrzesten Weg\neinschlagen \u2013 noch knapp 170km nach Bagan. Und unser gek\u00fchlt abgef\u00fclltes Wasser\nwar bereits jetzt pisswarm. \u00dcber Sandpisten und gestampfte Erde rutschten und\nrollten wir durch die uralte Festungsanlage, die von gro\u00dfen Stupas, mehreren\nPagodas und mindestens einem zentralen Turm sowie jeder Menge Verk\u00e4ufer gef\u00fcllt\nwar, die metallene Gl\u00f6ckchen und Glocken als auch Jade-Ohrringe und -Ketten, -Fr\u00f6sche\nund -Elefanten zu verkaufen versuchten. Zu Lisas unmittelbaren Bedauern relativ\nerfolgreich: Chris kaufte dieses und jenes und argumentierte, jetzt wo wir ohnehin\nbald nach Europa fliegen m\u00fcssten, k\u00f6nnten wir auch noch ein paar Mitbringsel\neinpacken. <\/p>\n\n\n\n<figure class=\"is-layout-flex wp-block-gallery-85 wp-block-gallery columns-1 is-cropped\"><ul class=\"blocks-gallery-grid\"><li class=\"blocks-gallery-item\"><figure><img decoding=\"async\" loading=\"lazy\" width=\"683\" height=\"1024\" src=\"http:\/\/lichri.radeln-in-den-sonnenaufgang.de\/wp-content\/uploads\/2020\/04\/IMG_8079-683x1024.jpg\" alt=\"\" data-id=\"2128\" data-full-url=\"http:\/\/lichri.radeln-in-den-sonnenaufgang.de\/wp-content\/uploads\/2020\/04\/IMG_8079-rotated.jpg\" data-link=\"http:\/\/lichri.radeln-in-den-sonnenaufgang.de\/?attachment_id=2128\" class=\"wp-image-2128\" srcset=\"http:\/\/lichri.radeln-in-den-sonnenaufgang.de\/wp-content\/uploads\/2020\/04\/IMG_8079-683x1024.jpg 683w, http:\/\/lichri.radeln-in-den-sonnenaufgang.de\/wp-content\/uploads\/2020\/04\/IMG_8079-200x300.jpg 200w, http:\/\/lichri.radeln-in-den-sonnenaufgang.de\/wp-content\/uploads\/2020\/04\/IMG_8079-768x1152.jpg 768w, http:\/\/lichri.radeln-in-den-sonnenaufgang.de\/wp-content\/uploads\/2020\/04\/IMG_8079-1024x1536.jpg 1024w, http:\/\/lichri.radeln-in-den-sonnenaufgang.de\/wp-content\/uploads\/2020\/04\/IMG_8079-rotated.jpg 1200w\" sizes=\"(max-width: 683px) 100vw, 683px\" \/><\/figure><\/li><li class=\"blocks-gallery-item\"><figure><img decoding=\"async\" loading=\"lazy\" width=\"1024\" height=\"683\" src=\"http:\/\/lichri.radeln-in-den-sonnenaufgang.de\/wp-content\/uploads\/2020\/04\/IMG_8087-1024x683.jpg\" alt=\"\" data-id=\"2129\" data-full-url=\"http:\/\/lichri.radeln-in-den-sonnenaufgang.de\/wp-content\/uploads\/2020\/04\/IMG_8087.jpg\" data-link=\"http:\/\/lichri.radeln-in-den-sonnenaufgang.de\/?attachment_id=2129\" class=\"wp-image-2129\" srcset=\"http:\/\/lichri.radeln-in-den-sonnenaufgang.de\/wp-content\/uploads\/2020\/04\/IMG_8087-1024x683.jpg 1024w, http:\/\/lichri.radeln-in-den-sonnenaufgang.de\/wp-content\/uploads\/2020\/04\/IMG_8087-300x200.jpg 300w, http:\/\/lichri.radeln-in-den-sonnenaufgang.de\/wp-content\/uploads\/2020\/04\/IMG_8087-768x512.jpg 768w, http:\/\/lichri.radeln-in-den-sonnenaufgang.de\/wp-content\/uploads\/2020\/04\/IMG_8087-1536x1024.jpg 1536w, http:\/\/lichri.radeln-in-den-sonnenaufgang.de\/wp-content\/uploads\/2020\/04\/IMG_8087.jpg 1800w\" sizes=\"(max-width: 767px) 89vw, (max-width: 1000px) 54vw, (max-width: 1071px) 543px, 580px\" \/><\/figure><\/li><li class=\"blocks-gallery-item\"><figure><img decoding=\"async\" loading=\"lazy\" width=\"1024\" height=\"683\" src=\"http:\/\/lichri.radeln-in-den-sonnenaufgang.de\/wp-content\/uploads\/2020\/04\/IMG_8093-1024x683.jpg\" alt=\"\" data-id=\"2131\" data-full-url=\"http:\/\/lichri.radeln-in-den-sonnenaufgang.de\/wp-content\/uploads\/2020\/04\/IMG_8093.jpg\" data-link=\"http:\/\/lichri.radeln-in-den-sonnenaufgang.de\/?attachment_id=2131\" class=\"wp-image-2131\" srcset=\"http:\/\/lichri.radeln-in-den-sonnenaufgang.de\/wp-content\/uploads\/2020\/04\/IMG_8093-1024x683.jpg 1024w, http:\/\/lichri.radeln-in-den-sonnenaufgang.de\/wp-content\/uploads\/2020\/04\/IMG_8093-300x200.jpg 300w, http:\/\/lichri.radeln-in-den-sonnenaufgang.de\/wp-content\/uploads\/2020\/04\/IMG_8093-768x512.jpg 768w, http:\/\/lichri.radeln-in-den-sonnenaufgang.de\/wp-content\/uploads\/2020\/04\/IMG_8093-1536x1024.jpg 1536w, http:\/\/lichri.radeln-in-den-sonnenaufgang.de\/wp-content\/uploads\/2020\/04\/IMG_8093.jpg 1800w\" sizes=\"(max-width: 767px) 89vw, (max-width: 1000px) 54vw, (max-width: 1071px) 543px, 580px\" \/><\/figure><\/li><li class=\"blocks-gallery-item\"><figure><img decoding=\"async\" loading=\"lazy\" width=\"1024\" height=\"683\" src=\"http:\/\/lichri.radeln-in-den-sonnenaufgang.de\/wp-content\/uploads\/2020\/04\/IMG_8090-1024x683.jpg\" alt=\"\" data-id=\"2130\" data-full-url=\"http:\/\/lichri.radeln-in-den-sonnenaufgang.de\/wp-content\/uploads\/2020\/04\/IMG_8090.jpg\" data-link=\"http:\/\/lichri.radeln-in-den-sonnenaufgang.de\/?attachment_id=2130\" class=\"wp-image-2130\" srcset=\"http:\/\/lichri.radeln-in-den-sonnenaufgang.de\/wp-content\/uploads\/2020\/04\/IMG_8090-1024x683.jpg 1024w, http:\/\/lichri.radeln-in-den-sonnenaufgang.de\/wp-content\/uploads\/2020\/04\/IMG_8090-300x200.jpg 300w, http:\/\/lichri.radeln-in-den-sonnenaufgang.de\/wp-content\/uploads\/2020\/04\/IMG_8090-768x512.jpg 768w, http:\/\/lichri.radeln-in-den-sonnenaufgang.de\/wp-content\/uploads\/2020\/04\/IMG_8090-1536x1024.jpg 1536w, http:\/\/lichri.radeln-in-den-sonnenaufgang.de\/wp-content\/uploads\/2020\/04\/IMG_8090.jpg 1800w\" sizes=\"(max-width: 767px) 89vw, (max-width: 1000px) 54vw, (max-width: 1071px) 543px, 580px\" \/><\/figure><\/li><li class=\"blocks-gallery-item\"><figure><img decoding=\"async\" loading=\"lazy\" width=\"1024\" height=\"683\" src=\"http:\/\/lichri.radeln-in-den-sonnenaufgang.de\/wp-content\/uploads\/2020\/04\/IMG_8105-1024x683.jpg\" alt=\"\" data-id=\"2132\" data-full-url=\"http:\/\/lichri.radeln-in-den-sonnenaufgang.de\/wp-content\/uploads\/2020\/04\/IMG_8105.jpg\" data-link=\"http:\/\/lichri.radeln-in-den-sonnenaufgang.de\/?attachment_id=2132\" class=\"wp-image-2132\" srcset=\"http:\/\/lichri.radeln-in-den-sonnenaufgang.de\/wp-content\/uploads\/2020\/04\/IMG_8105-1024x683.jpg 1024w, http:\/\/lichri.radeln-in-den-sonnenaufgang.de\/wp-content\/uploads\/2020\/04\/IMG_8105-300x200.jpg 300w, http:\/\/lichri.radeln-in-den-sonnenaufgang.de\/wp-content\/uploads\/2020\/04\/IMG_8105-768x512.jpg 768w, http:\/\/lichri.radeln-in-den-sonnenaufgang.de\/wp-content\/uploads\/2020\/04\/IMG_8105-1536x1024.jpg 1536w, http:\/\/lichri.radeln-in-den-sonnenaufgang.de\/wp-content\/uploads\/2020\/04\/IMG_8105.jpg 1800w\" sizes=\"(max-width: 767px) 89vw, (max-width: 1000px) 54vw, (max-width: 1071px) 543px, 580px\" \/><\/figure><\/li><li class=\"blocks-gallery-item\"><figure><img decoding=\"async\" loading=\"lazy\" width=\"1024\" height=\"683\" src=\"http:\/\/lichri.radeln-in-den-sonnenaufgang.de\/wp-content\/uploads\/2020\/04\/IMG_8108-1024x683.jpg\" alt=\"\" data-id=\"2133\" data-full-url=\"http:\/\/lichri.radeln-in-den-sonnenaufgang.de\/wp-content\/uploads\/2020\/04\/IMG_8108.jpg\" data-link=\"http:\/\/lichri.radeln-in-den-sonnenaufgang.de\/?attachment_id=2133\" class=\"wp-image-2133\" srcset=\"http:\/\/lichri.radeln-in-den-sonnenaufgang.de\/wp-content\/uploads\/2020\/04\/IMG_8108-1024x683.jpg 1024w, http:\/\/lichri.radeln-in-den-sonnenaufgang.de\/wp-content\/uploads\/2020\/04\/IMG_8108-300x200.jpg 300w, http:\/\/lichri.radeln-in-den-sonnenaufgang.de\/wp-content\/uploads\/2020\/04\/IMG_8108-768x512.jpg 768w, http:\/\/lichri.radeln-in-den-sonnenaufgang.de\/wp-content\/uploads\/2020\/04\/IMG_8108-1536x1024.jpg 1536w, http:\/\/lichri.radeln-in-den-sonnenaufgang.de\/wp-content\/uploads\/2020\/04\/IMG_8108.jpg 1800w\" sizes=\"(max-width: 767px) 89vw, (max-width: 1000px) 54vw, (max-width: 1071px) 543px, 580px\" \/><\/figure><\/li><li class=\"blocks-gallery-item\"><figure><img decoding=\"async\" loading=\"lazy\" width=\"683\" height=\"1024\" src=\"http:\/\/lichri.radeln-in-den-sonnenaufgang.de\/wp-content\/uploads\/2020\/04\/IMG_8114-683x1024.jpg\" alt=\"\" data-id=\"2134\" data-full-url=\"http:\/\/lichri.radeln-in-den-sonnenaufgang.de\/wp-content\/uploads\/2020\/04\/IMG_8114-rotated.jpg\" data-link=\"http:\/\/lichri.radeln-in-den-sonnenaufgang.de\/?attachment_id=2134\" class=\"wp-image-2134\" srcset=\"http:\/\/lichri.radeln-in-den-sonnenaufgang.de\/wp-content\/uploads\/2020\/04\/IMG_8114-683x1024.jpg 683w, http:\/\/lichri.radeln-in-den-sonnenaufgang.de\/wp-content\/uploads\/2020\/04\/IMG_8114-200x300.jpg 200w, http:\/\/lichri.radeln-in-den-sonnenaufgang.de\/wp-content\/uploads\/2020\/04\/IMG_8114-768x1152.jpg 768w, http:\/\/lichri.radeln-in-den-sonnenaufgang.de\/wp-content\/uploads\/2020\/04\/IMG_8114-1024x1536.jpg 1024w, http:\/\/lichri.radeln-in-den-sonnenaufgang.de\/wp-content\/uploads\/2020\/04\/IMG_8114-rotated.jpg 1200w\" sizes=\"(max-width: 683px) 100vw, 683px\" \/><\/figure><\/li><li class=\"blocks-gallery-item\"><figure><img decoding=\"async\" loading=\"lazy\" width=\"1024\" height=\"683\" src=\"http:\/\/lichri.radeln-in-den-sonnenaufgang.de\/wp-content\/uploads\/2020\/04\/IMG_8123-1024x683.jpg\" alt=\"\" data-id=\"2135\" data-full-url=\"http:\/\/lichri.radeln-in-den-sonnenaufgang.de\/wp-content\/uploads\/2020\/04\/IMG_8123.jpg\" data-link=\"http:\/\/lichri.radeln-in-den-sonnenaufgang.de\/?attachment_id=2135\" class=\"wp-image-2135\" srcset=\"http:\/\/lichri.radeln-in-den-sonnenaufgang.de\/wp-content\/uploads\/2020\/04\/IMG_8123-1024x683.jpg 1024w, http:\/\/lichri.radeln-in-den-sonnenaufgang.de\/wp-content\/uploads\/2020\/04\/IMG_8123-300x200.jpg 300w, http:\/\/lichri.radeln-in-den-sonnenaufgang.de\/wp-content\/uploads\/2020\/04\/IMG_8123-768x512.jpg 768w, http:\/\/lichri.radeln-in-den-sonnenaufgang.de\/wp-content\/uploads\/2020\/04\/IMG_8123-1536x1024.jpg 1536w, http:\/\/lichri.radeln-in-den-sonnenaufgang.de\/wp-content\/uploads\/2020\/04\/IMG_8123.jpg 1800w\" sizes=\"(max-width: 767px) 89vw, (max-width: 1000px) 54vw, (max-width: 1071px) 543px, 580px\" \/><\/figure><\/li><li class=\"blocks-gallery-item\"><figure><img decoding=\"async\" loading=\"lazy\" width=\"1024\" height=\"683\" src=\"http:\/\/lichri.radeln-in-den-sonnenaufgang.de\/wp-content\/uploads\/2020\/04\/IMG_8129-1024x683.jpg\" alt=\"\" data-id=\"2137\" data-full-url=\"http:\/\/lichri.radeln-in-den-sonnenaufgang.de\/wp-content\/uploads\/2020\/04\/IMG_8129.jpg\" data-link=\"http:\/\/lichri.radeln-in-den-sonnenaufgang.de\/?attachment_id=2137\" class=\"wp-image-2137\" srcset=\"http:\/\/lichri.radeln-in-den-sonnenaufgang.de\/wp-content\/uploads\/2020\/04\/IMG_8129-1024x683.jpg 1024w, http:\/\/lichri.radeln-in-den-sonnenaufgang.de\/wp-content\/uploads\/2020\/04\/IMG_8129-300x200.jpg 300w, http:\/\/lichri.radeln-in-den-sonnenaufgang.de\/wp-content\/uploads\/2020\/04\/IMG_8129-768x512.jpg 768w, http:\/\/lichri.radeln-in-den-sonnenaufgang.de\/wp-content\/uploads\/2020\/04\/IMG_8129-1536x1024.jpg 1536w, http:\/\/lichri.radeln-in-den-sonnenaufgang.de\/wp-content\/uploads\/2020\/04\/IMG_8129.jpg 1800w\" sizes=\"(max-width: 767px) 89vw, (max-width: 1000px) 54vw, (max-width: 1071px) 543px, 580px\" \/><\/figure><\/li><\/ul><\/figure>\n\n\n\n<p>Die Sonne brannte erbarmungslos und beschattete Wegabschnitte\nwaren besonders rar. Nach rund 100 Tageskilometern erreichten wir im Dunkel der\n\u00fcber uns hereingebrochenen Nacht den Ort Myinyang, wo wir es darauf ankommen\nlassen wollten, ob sich hier eine Unterkunft finden lie\u00df. Falls nicht, k\u00f6nnten\nwir unser Zelt immer noch au\u00dferhalb der Ortschaft aufschlagen. Im Dunkeln w\u00fcrde\nes dann immerhin leichter sein, ungesehen zu bleiben. Zu unserer Erleichterung\nmussten wir uns dann jedoch nicht mit dem Risiko herumschlagen, von der Polizei\ndabei aufgegriffen zu werden, wie wir unser gemeingef\u00e4hrliches Zelt v\u00f6llig illegaler\nWeise einfach auf einer Wiese errichteten. Und obendrein, m\u00fcssten wir keine\nHunde f\u00fcrchten, die uns im besten Fall durch ihr best\u00e4ndiges Bellen die Nacht\n\u00fcber wachgehalten h\u00e4tten. <\/p>\n\n\n\n<p>Am Ortseingang der Stadt gab es ein schickes Restaurant, dem\nwir auf Anhieb zutrauten, Essen zu servieren, das uns nicht f\u00fcr Stunden in geflieste\nR\u00e4ume oder \u00fcber Eimer zwingen w\u00fcrde. Zugegeben, es war recht teuer, beinahe\ndeutsches Preisniveau (was f\u00fcr uns inzwischen ziemlich teuer war), aber daf\u00fcr\ngab es Pizza und obgleich sie klein waren und wir drei davon brauchten, plus\nJoghurt mit Obstsalat, um satt zu werden, haben wir das total genossen. War gar\nnicht schlecht. Und die Angestellten halfen uns \u00fcberdies, eine Bleibe f\u00fcr die\nNacht zu finden.<\/p>\n\n\n\n<figure class=\"is-layout-flex wp-block-gallery-87 wp-block-gallery columns-2 is-cropped\"><ul class=\"blocks-gallery-grid\"><li class=\"blocks-gallery-item\"><figure><img decoding=\"async\" loading=\"lazy\" width=\"1024\" height=\"683\" src=\"http:\/\/lichri.radeln-in-den-sonnenaufgang.de\/wp-content\/uploads\/2020\/04\/IMG_8170-1024x683.jpg\" alt=\"\" data-id=\"2141\" data-full-url=\"http:\/\/lichri.radeln-in-den-sonnenaufgang.de\/wp-content\/uploads\/2020\/04\/IMG_8170.jpg\" data-link=\"http:\/\/lichri.radeln-in-den-sonnenaufgang.de\/?attachment_id=2141\" class=\"wp-image-2141\" srcset=\"http:\/\/lichri.radeln-in-den-sonnenaufgang.de\/wp-content\/uploads\/2020\/04\/IMG_8170-1024x683.jpg 1024w, http:\/\/lichri.radeln-in-den-sonnenaufgang.de\/wp-content\/uploads\/2020\/04\/IMG_8170-300x200.jpg 300w, http:\/\/lichri.radeln-in-den-sonnenaufgang.de\/wp-content\/uploads\/2020\/04\/IMG_8170-768x512.jpg 768w, http:\/\/lichri.radeln-in-den-sonnenaufgang.de\/wp-content\/uploads\/2020\/04\/IMG_8170-1536x1024.jpg 1536w, http:\/\/lichri.radeln-in-den-sonnenaufgang.de\/wp-content\/uploads\/2020\/04\/IMG_8170.jpg 1800w\" sizes=\"(max-width: 767px) 89vw, (max-width: 1000px) 54vw, (max-width: 1071px) 543px, 580px\" \/><\/figure><\/li><li class=\"blocks-gallery-item\"><figure><img decoding=\"async\" loading=\"lazy\" width=\"1024\" height=\"683\" src=\"http:\/\/lichri.radeln-in-den-sonnenaufgang.de\/wp-content\/uploads\/2020\/04\/IMG_8160-1024x683.jpg\" alt=\"\" data-id=\"2139\" data-full-url=\"http:\/\/lichri.radeln-in-den-sonnenaufgang.de\/wp-content\/uploads\/2020\/04\/IMG_8160.jpg\" data-link=\"http:\/\/lichri.radeln-in-den-sonnenaufgang.de\/?attachment_id=2139\" class=\"wp-image-2139\" srcset=\"http:\/\/lichri.radeln-in-den-sonnenaufgang.de\/wp-content\/uploads\/2020\/04\/IMG_8160-1024x683.jpg 1024w, http:\/\/lichri.radeln-in-den-sonnenaufgang.de\/wp-content\/uploads\/2020\/04\/IMG_8160-300x200.jpg 300w, http:\/\/lichri.radeln-in-den-sonnenaufgang.de\/wp-content\/uploads\/2020\/04\/IMG_8160-768x512.jpg 768w, http:\/\/lichri.radeln-in-den-sonnenaufgang.de\/wp-content\/uploads\/2020\/04\/IMG_8160-1536x1024.jpg 1536w, http:\/\/lichri.radeln-in-den-sonnenaufgang.de\/wp-content\/uploads\/2020\/04\/IMG_8160.jpg 1800w\" sizes=\"(max-width: 767px) 89vw, (max-width: 1000px) 54vw, (max-width: 1071px) 543px, 580px\" \/><\/figure><\/li><li class=\"blocks-gallery-item\"><figure><img decoding=\"async\" loading=\"lazy\" width=\"1024\" height=\"683\" src=\"http:\/\/lichri.radeln-in-den-sonnenaufgang.de\/wp-content\/uploads\/2020\/04\/IMG_8162-1024x683.jpg\" alt=\"\" data-id=\"2140\" data-full-url=\"http:\/\/lichri.radeln-in-den-sonnenaufgang.de\/wp-content\/uploads\/2020\/04\/IMG_8162.jpg\" data-link=\"http:\/\/lichri.radeln-in-den-sonnenaufgang.de\/?attachment_id=2140\" class=\"wp-image-2140\" srcset=\"http:\/\/lichri.radeln-in-den-sonnenaufgang.de\/wp-content\/uploads\/2020\/04\/IMG_8162-1024x683.jpg 1024w, http:\/\/lichri.radeln-in-den-sonnenaufgang.de\/wp-content\/uploads\/2020\/04\/IMG_8162-300x200.jpg 300w, http:\/\/lichri.radeln-in-den-sonnenaufgang.de\/wp-content\/uploads\/2020\/04\/IMG_8162-768x512.jpg 768w, http:\/\/lichri.radeln-in-den-sonnenaufgang.de\/wp-content\/uploads\/2020\/04\/IMG_8162-1536x1024.jpg 1536w, http:\/\/lichri.radeln-in-den-sonnenaufgang.de\/wp-content\/uploads\/2020\/04\/IMG_8162.jpg 1800w\" sizes=\"(max-width: 767px) 89vw, (max-width: 1000px) 54vw, (max-width: 1071px) 543px, 580px\" \/><\/figure><\/li><li class=\"blocks-gallery-item\"><figure><img decoding=\"async\" loading=\"lazy\" width=\"1024\" height=\"683\" src=\"http:\/\/lichri.radeln-in-den-sonnenaufgang.de\/wp-content\/uploads\/2020\/04\/IMG_8181-1024x683.jpg\" alt=\"\" data-id=\"2142\" data-full-url=\"http:\/\/lichri.radeln-in-den-sonnenaufgang.de\/wp-content\/uploads\/2020\/04\/IMG_8181.jpg\" data-link=\"http:\/\/lichri.radeln-in-den-sonnenaufgang.de\/?attachment_id=2142\" class=\"wp-image-2142\" srcset=\"http:\/\/lichri.radeln-in-den-sonnenaufgang.de\/wp-content\/uploads\/2020\/04\/IMG_8181-1024x683.jpg 1024w, http:\/\/lichri.radeln-in-den-sonnenaufgang.de\/wp-content\/uploads\/2020\/04\/IMG_8181-300x200.jpg 300w, http:\/\/lichri.radeln-in-den-sonnenaufgang.de\/wp-content\/uploads\/2020\/04\/IMG_8181-768x512.jpg 768w, http:\/\/lichri.radeln-in-den-sonnenaufgang.de\/wp-content\/uploads\/2020\/04\/IMG_8181-1536x1024.jpg 1536w, http:\/\/lichri.radeln-in-den-sonnenaufgang.de\/wp-content\/uploads\/2020\/04\/IMG_8181.jpg 1800w\" sizes=\"(max-width: 767px) 89vw, (max-width: 1000px) 54vw, (max-width: 1071px) 543px, 580px\" \/><\/figure><\/li><li class=\"blocks-gallery-item\"><figure><img decoding=\"async\" loading=\"lazy\" width=\"1024\" height=\"683\" src=\"http:\/\/lichri.radeln-in-den-sonnenaufgang.de\/wp-content\/uploads\/2020\/04\/IMG_8182-1024x683.jpg\" alt=\"\" data-id=\"2143\" data-full-url=\"http:\/\/lichri.radeln-in-den-sonnenaufgang.de\/wp-content\/uploads\/2020\/04\/IMG_8182.jpg\" data-link=\"http:\/\/lichri.radeln-in-den-sonnenaufgang.de\/?attachment_id=2143\" class=\"wp-image-2143\" srcset=\"http:\/\/lichri.radeln-in-den-sonnenaufgang.de\/wp-content\/uploads\/2020\/04\/IMG_8182-1024x683.jpg 1024w, http:\/\/lichri.radeln-in-den-sonnenaufgang.de\/wp-content\/uploads\/2020\/04\/IMG_8182-300x200.jpg 300w, http:\/\/lichri.radeln-in-den-sonnenaufgang.de\/wp-content\/uploads\/2020\/04\/IMG_8182-768x512.jpg 768w, http:\/\/lichri.radeln-in-den-sonnenaufgang.de\/wp-content\/uploads\/2020\/04\/IMG_8182-1536x1024.jpg 1536w, http:\/\/lichri.radeln-in-den-sonnenaufgang.de\/wp-content\/uploads\/2020\/04\/IMG_8182.jpg 1800w\" sizes=\"(max-width: 767px) 89vw, (max-width: 1000px) 54vw, (max-width: 1071px) 543px, 580px\" \/><\/figure><\/li><\/ul><\/figure>\n\n\n\n<p>Gest\u00e4rkt durch dieses Abendmahl, eine Nacht in einem gem\u00fctlichen und sauberen Bett und einem dekadenten Fr\u00fchst\u00fccksbuffet auf dem Dach des Hotels, legten wir am Folgetag auch die letzten 70 Kilometer noch gut gelaunt zur\u00fcck. <\/p>\n\n\n\n<figure class=\"is-layout-flex wp-block-gallery-89 wp-block-gallery columns-1 is-cropped\"><ul class=\"blocks-gallery-grid\"><li class=\"blocks-gallery-item\"><figure><img decoding=\"async\" loading=\"lazy\" width=\"1024\" height=\"683\" src=\"http:\/\/lichri.radeln-in-den-sonnenaufgang.de\/wp-content\/uploads\/2020\/04\/IMG_8186-1024x683.jpg\" alt=\"\" data-id=\"2144\" data-full-url=\"http:\/\/lichri.radeln-in-den-sonnenaufgang.de\/wp-content\/uploads\/2020\/04\/IMG_8186.jpg\" data-link=\"http:\/\/lichri.radeln-in-den-sonnenaufgang.de\/?attachment_id=2144\" class=\"wp-image-2144\" srcset=\"http:\/\/lichri.radeln-in-den-sonnenaufgang.de\/wp-content\/uploads\/2020\/04\/IMG_8186-1024x683.jpg 1024w, http:\/\/lichri.radeln-in-den-sonnenaufgang.de\/wp-content\/uploads\/2020\/04\/IMG_8186-300x200.jpg 300w, http:\/\/lichri.radeln-in-den-sonnenaufgang.de\/wp-content\/uploads\/2020\/04\/IMG_8186-768x512.jpg 768w, http:\/\/lichri.radeln-in-den-sonnenaufgang.de\/wp-content\/uploads\/2020\/04\/IMG_8186-1536x1024.jpg 1536w, http:\/\/lichri.radeln-in-den-sonnenaufgang.de\/wp-content\/uploads\/2020\/04\/IMG_8186.jpg 1800w\" sizes=\"(max-width: 767px) 89vw, (max-width: 1000px) 54vw, (max-width: 1071px) 543px, 580px\" \/><\/figure><\/li><li class=\"blocks-gallery-item\"><figure><img decoding=\"async\" loading=\"lazy\" width=\"683\" height=\"1024\" src=\"http:\/\/lichri.radeln-in-den-sonnenaufgang.de\/wp-content\/uploads\/2020\/04\/IMG_8190-683x1024.jpg\" alt=\"\" data-id=\"2145\" data-full-url=\"http:\/\/lichri.radeln-in-den-sonnenaufgang.de\/wp-content\/uploads\/2020\/04\/IMG_8190-rotated.jpg\" data-link=\"http:\/\/lichri.radeln-in-den-sonnenaufgang.de\/?attachment_id=2145\" class=\"wp-image-2145\" srcset=\"http:\/\/lichri.radeln-in-den-sonnenaufgang.de\/wp-content\/uploads\/2020\/04\/IMG_8190-683x1024.jpg 683w, http:\/\/lichri.radeln-in-den-sonnenaufgang.de\/wp-content\/uploads\/2020\/04\/IMG_8190-200x300.jpg 200w, http:\/\/lichri.radeln-in-den-sonnenaufgang.de\/wp-content\/uploads\/2020\/04\/IMG_8190-768x1152.jpg 768w, http:\/\/lichri.radeln-in-den-sonnenaufgang.de\/wp-content\/uploads\/2020\/04\/IMG_8190-1024x1536.jpg 1024w, http:\/\/lichri.radeln-in-den-sonnenaufgang.de\/wp-content\/uploads\/2020\/04\/IMG_8190-rotated.jpg 1200w\" sizes=\"(max-width: 683px) 100vw, 683px\" \/><\/figure><\/li><li class=\"blocks-gallery-item\"><figure><img decoding=\"async\" loading=\"lazy\" width=\"1024\" height=\"683\" src=\"http:\/\/lichri.radeln-in-den-sonnenaufgang.de\/wp-content\/uploads\/2020\/04\/IMG_8196-1024x683.jpg\" alt=\"\" data-id=\"2146\" data-full-url=\"http:\/\/lichri.radeln-in-den-sonnenaufgang.de\/wp-content\/uploads\/2020\/04\/IMG_8196.jpg\" data-link=\"http:\/\/lichri.radeln-in-den-sonnenaufgang.de\/?attachment_id=2146\" class=\"wp-image-2146\" srcset=\"http:\/\/lichri.radeln-in-den-sonnenaufgang.de\/wp-content\/uploads\/2020\/04\/IMG_8196-1024x683.jpg 1024w, http:\/\/lichri.radeln-in-den-sonnenaufgang.de\/wp-content\/uploads\/2020\/04\/IMG_8196-300x200.jpg 300w, http:\/\/lichri.radeln-in-den-sonnenaufgang.de\/wp-content\/uploads\/2020\/04\/IMG_8196-768x512.jpg 768w, http:\/\/lichri.radeln-in-den-sonnenaufgang.de\/wp-content\/uploads\/2020\/04\/IMG_8196-1536x1024.jpg 1536w, http:\/\/lichri.radeln-in-den-sonnenaufgang.de\/wp-content\/uploads\/2020\/04\/IMG_8196.jpg 1800w\" sizes=\"(max-width: 767px) 89vw, (max-width: 1000px) 54vw, (max-width: 1071px) 543px, 580px\" \/><\/figure><\/li><li class=\"blocks-gallery-item\"><figure><img decoding=\"async\" loading=\"lazy\" width=\"683\" height=\"1024\" src=\"http:\/\/lichri.radeln-in-den-sonnenaufgang.de\/wp-content\/uploads\/2020\/04\/IMG_8203-683x1024.jpg\" alt=\"\" data-id=\"2147\" data-full-url=\"http:\/\/lichri.radeln-in-den-sonnenaufgang.de\/wp-content\/uploads\/2020\/04\/IMG_8203-rotated.jpg\" data-link=\"http:\/\/lichri.radeln-in-den-sonnenaufgang.de\/?attachment_id=2147\" class=\"wp-image-2147\" srcset=\"http:\/\/lichri.radeln-in-den-sonnenaufgang.de\/wp-content\/uploads\/2020\/04\/IMG_8203-683x1024.jpg 683w, http:\/\/lichri.radeln-in-den-sonnenaufgang.de\/wp-content\/uploads\/2020\/04\/IMG_8203-200x300.jpg 200w, http:\/\/lichri.radeln-in-den-sonnenaufgang.de\/wp-content\/uploads\/2020\/04\/IMG_8203-768x1152.jpg 768w, http:\/\/lichri.radeln-in-den-sonnenaufgang.de\/wp-content\/uploads\/2020\/04\/IMG_8203-1024x1536.jpg 1024w, http:\/\/lichri.radeln-in-den-sonnenaufgang.de\/wp-content\/uploads\/2020\/04\/IMG_8203-rotated.jpg 1200w\" sizes=\"(max-width: 683px) 100vw, 683px\" \/><\/figure><\/li><li class=\"blocks-gallery-item\"><figure><img decoding=\"async\" loading=\"lazy\" width=\"1024\" height=\"683\" src=\"http:\/\/lichri.radeln-in-den-sonnenaufgang.de\/wp-content\/uploads\/2020\/04\/IMG_8219-1024x683.jpg\" alt=\"\" data-id=\"2148\" data-full-url=\"http:\/\/lichri.radeln-in-den-sonnenaufgang.de\/wp-content\/uploads\/2020\/04\/IMG_8219.jpg\" data-link=\"http:\/\/lichri.radeln-in-den-sonnenaufgang.de\/?attachment_id=2148\" class=\"wp-image-2148\" srcset=\"http:\/\/lichri.radeln-in-den-sonnenaufgang.de\/wp-content\/uploads\/2020\/04\/IMG_8219-1024x683.jpg 1024w, http:\/\/lichri.radeln-in-den-sonnenaufgang.de\/wp-content\/uploads\/2020\/04\/IMG_8219-300x200.jpg 300w, http:\/\/lichri.radeln-in-den-sonnenaufgang.de\/wp-content\/uploads\/2020\/04\/IMG_8219-768x512.jpg 768w, http:\/\/lichri.radeln-in-den-sonnenaufgang.de\/wp-content\/uploads\/2020\/04\/IMG_8219-1536x1024.jpg 1536w, http:\/\/lichri.radeln-in-den-sonnenaufgang.de\/wp-content\/uploads\/2020\/04\/IMG_8219.jpg 1800w\" sizes=\"(max-width: 767px) 89vw, (max-width: 1000px) 54vw, (max-width: 1071px) 543px, 580px\" \/><\/figure><\/li><li class=\"blocks-gallery-item\"><figure><img decoding=\"async\" loading=\"lazy\" width=\"1024\" height=\"683\" src=\"http:\/\/lichri.radeln-in-den-sonnenaufgang.de\/wp-content\/uploads\/2020\/04\/IMG_8225-1024x683.jpg\" alt=\"\" data-id=\"2149\" data-full-url=\"http:\/\/lichri.radeln-in-den-sonnenaufgang.de\/wp-content\/uploads\/2020\/04\/IMG_8225.jpg\" data-link=\"http:\/\/lichri.radeln-in-den-sonnenaufgang.de\/?attachment_id=2149\" class=\"wp-image-2149\" srcset=\"http:\/\/lichri.radeln-in-den-sonnenaufgang.de\/wp-content\/uploads\/2020\/04\/IMG_8225-1024x683.jpg 1024w, http:\/\/lichri.radeln-in-den-sonnenaufgang.de\/wp-content\/uploads\/2020\/04\/IMG_8225-300x200.jpg 300w, http:\/\/lichri.radeln-in-den-sonnenaufgang.de\/wp-content\/uploads\/2020\/04\/IMG_8225-768x512.jpg 768w, http:\/\/lichri.radeln-in-den-sonnenaufgang.de\/wp-content\/uploads\/2020\/04\/IMG_8225-1536x1024.jpg 1536w, http:\/\/lichri.radeln-in-den-sonnenaufgang.de\/wp-content\/uploads\/2020\/04\/IMG_8225.jpg 1800w\" sizes=\"(max-width: 767px) 89vw, (max-width: 1000px) 54vw, (max-width: 1071px) 543px, 580px\" \/><\/figure><\/li><\/ul><\/figure>\n\n\n\n<p>Beim Getr\u00e4nke kaufen (ab und zu brauchten wir einfach etwas zum Abk\u00fchlen) wurden wir dann von Kinderscharen umringt, die uns schweigend beobachteten bis deren Unterrichtspause verging oder von alten Ladies eingeladen, die uns auf eine \u00fcberdachte Liegefl\u00e4che auf Stelzen (so eine Art Bushaltestelle hier) dirigierten und uns mit Chilisalat, \u00fcberreifen (matschigen) Bananen und Tee versorgten. Einmal kamen wir durch ein Dorf an dessen Stra\u00dfenrand immer wieder Frauen oder auch Kinder sa\u00dfen die etwas verkauften. Am Ende dieses Dorfes ging es steil bergab bis die Stra\u00dfe in eine pure Sandpiste \u00fcberging. Mit viel Schwung und seinen breiten Reifen schaffte Chris es, die Balance zu halten und ohne ins Schwimmen zu kommen \u00fcber den zweihundert Meter Abschnitt zu radeln und gleichzeitig die H\u00e4nde der angerannten Kinder mit einem High-Five abzuklatschen. Selbige Kids rannten dann weiter Lisa entgegen, die sich jedoch etwas schwerer mit dem Sand tat und entsprechend langsam fuhr. Sie rannten ihr nach und um sie her und riefen lachend immer wieder \u201eMoney! Money! Money!\u201c. Ob sie welches bekommen haben? Sagen wir es so: Irgendwann waren wir doch wieder schneller als sie. \ud83d\ude09<\/p>\n\n\n\n<figure class=\"is-layout-flex wp-block-gallery-91 wp-block-gallery columns-1 is-cropped\"><ul class=\"blocks-gallery-grid\"><li class=\"blocks-gallery-item\"><figure><img decoding=\"async\" loading=\"lazy\" width=\"1024\" height=\"683\" src=\"http:\/\/lichri.radeln-in-den-sonnenaufgang.de\/wp-content\/uploads\/2020\/04\/IMG_8232-1024x683.jpg\" alt=\"\" data-id=\"2151\" data-full-url=\"http:\/\/lichri.radeln-in-den-sonnenaufgang.de\/wp-content\/uploads\/2020\/04\/IMG_8232.jpg\" data-link=\"http:\/\/lichri.radeln-in-den-sonnenaufgang.de\/?attachment_id=2151\" class=\"wp-image-2151\" srcset=\"http:\/\/lichri.radeln-in-den-sonnenaufgang.de\/wp-content\/uploads\/2020\/04\/IMG_8232-1024x683.jpg 1024w, http:\/\/lichri.radeln-in-den-sonnenaufgang.de\/wp-content\/uploads\/2020\/04\/IMG_8232-300x200.jpg 300w, http:\/\/lichri.radeln-in-den-sonnenaufgang.de\/wp-content\/uploads\/2020\/04\/IMG_8232-768x512.jpg 768w, http:\/\/lichri.radeln-in-den-sonnenaufgang.de\/wp-content\/uploads\/2020\/04\/IMG_8232-1536x1024.jpg 1536w, http:\/\/lichri.radeln-in-den-sonnenaufgang.de\/wp-content\/uploads\/2020\/04\/IMG_8232.jpg 1800w\" sizes=\"(max-width: 767px) 89vw, (max-width: 1000px) 54vw, (max-width: 1071px) 543px, 580px\" \/><\/figure><\/li><\/ul><\/figure>\n\n\n\n<p>Begr\u00fc\u00dft von zwei Rollerfahrern, die Chris an den Stra\u00dfenrand holten, um die umgerechnet etwa 20US-Dollar pro Person zu kassieren, die man scheinbar zu zahlen hatte, um das UNESCO Weltkulturerbe besuchen zu d\u00fcrfen. Das Ticket galt f\u00fcr 5 Tage. Drei Tage waren wir dort \u2013 genug Zeit f\u00fcr einige fr\u00fchmorgendliche und abendliche Rundfahrten mit dem Rad \u00fcber das sehr weitl\u00e4ufige Kulturerbe-Gel\u00e4nde, denn: Tags\u00fcber war es bei 40\u00b0Celsius einfach zu hei\u00df. Doch bevor wir zu viele Worte \u00fcber die Sch\u00f6nheit(en) dieses Ortes verlieren, lassen wir mal die Bilder sprechen&#8230;<\/p>\n\n\n\n<figure class=\"is-layout-flex wp-block-gallery-93 wp-block-gallery columns-1 is-cropped\"><ul class=\"blocks-gallery-grid\"><li class=\"blocks-gallery-item\"><figure><img decoding=\"async\" loading=\"lazy\" width=\"1024\" height=\"225\" src=\"http:\/\/lichri.radeln-in-den-sonnenaufgang.de\/wp-content\/uploads\/2020\/04\/DSC_0500-1024x225.jpg\" alt=\"\" data-id=\"2413\" class=\"wp-image-2413\" srcset=\"http:\/\/lichri.radeln-in-den-sonnenaufgang.de\/wp-content\/uploads\/2020\/04\/DSC_0500-1024x225.jpg 1024w, http:\/\/lichri.radeln-in-den-sonnenaufgang.de\/wp-content\/uploads\/2020\/04\/DSC_0500-300x66.jpg 300w, http:\/\/lichri.radeln-in-den-sonnenaufgang.de\/wp-content\/uploads\/2020\/04\/DSC_0500-768x169.jpg 768w, http:\/\/lichri.radeln-in-den-sonnenaufgang.de\/wp-content\/uploads\/2020\/04\/DSC_0500-1536x338.jpg 1536w, http:\/\/lichri.radeln-in-den-sonnenaufgang.de\/wp-content\/uploads\/2020\/04\/DSC_0500-2048x450.jpg 2048w\" sizes=\"(max-width: 767px) 89vw, (max-width: 1000px) 54vw, (max-width: 1071px) 543px, 580px\" \/><\/figure><\/li><\/ul><\/figure>\n\n\n\n<figure class=\"is-layout-flex wp-block-gallery-95 wp-block-gallery columns-1 is-cropped\"><ul class=\"blocks-gallery-grid\"><li class=\"blocks-gallery-item\"><figure><img decoding=\"async\" loading=\"lazy\" width=\"683\" height=\"1024\" src=\"http:\/\/lichri.radeln-in-den-sonnenaufgang.de\/wp-content\/uploads\/2020\/04\/IMG_8739-683x1024.jpg\" alt=\"\" data-id=\"2203\" data-full-url=\"http:\/\/lichri.radeln-in-den-sonnenaufgang.de\/wp-content\/uploads\/2020\/04\/IMG_8739-rotated.jpg\" data-link=\"http:\/\/lichri.radeln-in-den-sonnenaufgang.de\/?attachment_id=2203\" class=\"wp-image-2203\" srcset=\"http:\/\/lichri.radeln-in-den-sonnenaufgang.de\/wp-content\/uploads\/2020\/04\/IMG_8739-683x1024.jpg 683w, http:\/\/lichri.radeln-in-den-sonnenaufgang.de\/wp-content\/uploads\/2020\/04\/IMG_8739-200x300.jpg 200w, http:\/\/lichri.radeln-in-den-sonnenaufgang.de\/wp-content\/uploads\/2020\/04\/IMG_8739-768x1152.jpg 768w, http:\/\/lichri.radeln-in-den-sonnenaufgang.de\/wp-content\/uploads\/2020\/04\/IMG_8739-1024x1536.jpg 1024w, http:\/\/lichri.radeln-in-den-sonnenaufgang.de\/wp-content\/uploads\/2020\/04\/IMG_8739-rotated.jpg 1200w\" sizes=\"(max-width: 683px) 100vw, 683px\" \/><\/figure><\/li><li class=\"blocks-gallery-item\"><figure><img decoding=\"async\" loading=\"lazy\" width=\"1024\" height=\"683\" src=\"http:\/\/lichri.radeln-in-den-sonnenaufgang.de\/wp-content\/uploads\/2020\/04\/IMG_8775-1024x683.jpg\" alt=\"\" data-id=\"2208\" data-full-url=\"http:\/\/lichri.radeln-in-den-sonnenaufgang.de\/wp-content\/uploads\/2020\/04\/IMG_8775.jpg\" data-link=\"http:\/\/lichri.radeln-in-den-sonnenaufgang.de\/?attachment_id=2208\" class=\"wp-image-2208\" srcset=\"http:\/\/lichri.radeln-in-den-sonnenaufgang.de\/wp-content\/uploads\/2020\/04\/IMG_8775-1024x683.jpg 1024w, http:\/\/lichri.radeln-in-den-sonnenaufgang.de\/wp-content\/uploads\/2020\/04\/IMG_8775-300x200.jpg 300w, http:\/\/lichri.radeln-in-den-sonnenaufgang.de\/wp-content\/uploads\/2020\/04\/IMG_8775-768x512.jpg 768w, http:\/\/lichri.radeln-in-den-sonnenaufgang.de\/wp-content\/uploads\/2020\/04\/IMG_8775-1536x1024.jpg 1536w, http:\/\/lichri.radeln-in-den-sonnenaufgang.de\/wp-content\/uploads\/2020\/04\/IMG_8775.jpg 1800w\" sizes=\"(max-width: 767px) 89vw, (max-width: 1000px) 54vw, (max-width: 1071px) 543px, 580px\" \/><\/figure><\/li><li class=\"blocks-gallery-item\"><figure><img decoding=\"async\" loading=\"lazy\" width=\"1024\" height=\"683\" src=\"http:\/\/lichri.radeln-in-den-sonnenaufgang.de\/wp-content\/uploads\/2020\/04\/IMG_8784-1024x683.jpg\" alt=\"\" data-id=\"2209\" data-full-url=\"http:\/\/lichri.radeln-in-den-sonnenaufgang.de\/wp-content\/uploads\/2020\/04\/IMG_8784.jpg\" data-link=\"http:\/\/lichri.radeln-in-den-sonnenaufgang.de\/?attachment_id=2209\" class=\"wp-image-2209\" srcset=\"http:\/\/lichri.radeln-in-den-sonnenaufgang.de\/wp-content\/uploads\/2020\/04\/IMG_8784-1024x683.jpg 1024w, http:\/\/lichri.radeln-in-den-sonnenaufgang.de\/wp-content\/uploads\/2020\/04\/IMG_8784-300x200.jpg 300w, http:\/\/lichri.radeln-in-den-sonnenaufgang.de\/wp-content\/uploads\/2020\/04\/IMG_8784-768x512.jpg 768w, http:\/\/lichri.radeln-in-den-sonnenaufgang.de\/wp-content\/uploads\/2020\/04\/IMG_8784-1536x1024.jpg 1536w, http:\/\/lichri.radeln-in-den-sonnenaufgang.de\/wp-content\/uploads\/2020\/04\/IMG_8784.jpg 1800w\" sizes=\"(max-width: 767px) 89vw, (max-width: 1000px) 54vw, (max-width: 1071px) 543px, 580px\" \/><\/figure><\/li><li class=\"blocks-gallery-item\"><figure><img decoding=\"async\" loading=\"lazy\" width=\"1024\" height=\"683\" src=\"http:\/\/lichri.radeln-in-den-sonnenaufgang.de\/wp-content\/uploads\/2020\/04\/IMG_8789-1024x683.jpg\" alt=\"\" data-id=\"2211\" data-full-url=\"http:\/\/lichri.radeln-in-den-sonnenaufgang.de\/wp-content\/uploads\/2020\/04\/IMG_8789.jpg\" data-link=\"http:\/\/lichri.radeln-in-den-sonnenaufgang.de\/?attachment_id=2211\" class=\"wp-image-2211\" srcset=\"http:\/\/lichri.radeln-in-den-sonnenaufgang.de\/wp-content\/uploads\/2020\/04\/IMG_8789-1024x683.jpg 1024w, http:\/\/lichri.radeln-in-den-sonnenaufgang.de\/wp-content\/uploads\/2020\/04\/IMG_8789-300x200.jpg 300w, http:\/\/lichri.radeln-in-den-sonnenaufgang.de\/wp-content\/uploads\/2020\/04\/IMG_8789-768x512.jpg 768w, http:\/\/lichri.radeln-in-den-sonnenaufgang.de\/wp-content\/uploads\/2020\/04\/IMG_8789-1536x1024.jpg 1536w, http:\/\/lichri.radeln-in-den-sonnenaufgang.de\/wp-content\/uploads\/2020\/04\/IMG_8789.jpg 1800w\" sizes=\"(max-width: 767px) 89vw, (max-width: 1000px) 54vw, (max-width: 1071px) 543px, 580px\" \/><\/figure><\/li><li class=\"blocks-gallery-item\"><figure><img decoding=\"async\" loading=\"lazy\" width=\"1024\" height=\"683\" src=\"http:\/\/lichri.radeln-in-den-sonnenaufgang.de\/wp-content\/uploads\/2020\/04\/IMG_8801-1024x683.jpg\" alt=\"\" data-id=\"2213\" data-full-url=\"http:\/\/lichri.radeln-in-den-sonnenaufgang.de\/wp-content\/uploads\/2020\/04\/IMG_8801.jpg\" data-link=\"http:\/\/lichri.radeln-in-den-sonnenaufgang.de\/?attachment_id=2213\" class=\"wp-image-2213\" srcset=\"http:\/\/lichri.radeln-in-den-sonnenaufgang.de\/wp-content\/uploads\/2020\/04\/IMG_8801-1024x683.jpg 1024w, http:\/\/lichri.radeln-in-den-sonnenaufgang.de\/wp-content\/uploads\/2020\/04\/IMG_8801-300x200.jpg 300w, http:\/\/lichri.radeln-in-den-sonnenaufgang.de\/wp-content\/uploads\/2020\/04\/IMG_8801-768x512.jpg 768w, http:\/\/lichri.radeln-in-den-sonnenaufgang.de\/wp-content\/uploads\/2020\/04\/IMG_8801-1536x1024.jpg 1536w, http:\/\/lichri.radeln-in-den-sonnenaufgang.de\/wp-content\/uploads\/2020\/04\/IMG_8801.jpg 1800w\" sizes=\"(max-width: 767px) 89vw, (max-width: 1000px) 54vw, (max-width: 1071px) 543px, 580px\" \/><\/figure><\/li><li class=\"blocks-gallery-item\"><figure><img decoding=\"async\" loading=\"lazy\" width=\"1024\" height=\"683\" src=\"http:\/\/lichri.radeln-in-den-sonnenaufgang.de\/wp-content\/uploads\/2020\/04\/IMG_8816-1024x683.jpg\" alt=\"\" data-id=\"2216\" data-full-url=\"http:\/\/lichri.radeln-in-den-sonnenaufgang.de\/wp-content\/uploads\/2020\/04\/IMG_8816.jpg\" data-link=\"http:\/\/lichri.radeln-in-den-sonnenaufgang.de\/?attachment_id=2216\" class=\"wp-image-2216\" srcset=\"http:\/\/lichri.radeln-in-den-sonnenaufgang.de\/wp-content\/uploads\/2020\/04\/IMG_8816-1024x683.jpg 1024w, http:\/\/lichri.radeln-in-den-sonnenaufgang.de\/wp-content\/uploads\/2020\/04\/IMG_8816-300x200.jpg 300w, http:\/\/lichri.radeln-in-den-sonnenaufgang.de\/wp-content\/uploads\/2020\/04\/IMG_8816-768x512.jpg 768w, http:\/\/lichri.radeln-in-den-sonnenaufgang.de\/wp-content\/uploads\/2020\/04\/IMG_8816-1536x1024.jpg 1536w, http:\/\/lichri.radeln-in-den-sonnenaufgang.de\/wp-content\/uploads\/2020\/04\/IMG_8816.jpg 1800w\" sizes=\"(max-width: 767px) 89vw, (max-width: 1000px) 54vw, (max-width: 1071px) 543px, 580px\" \/><\/figure><\/li><li class=\"blocks-gallery-item\"><figure><img decoding=\"async\" loading=\"lazy\" width=\"1024\" height=\"683\" src=\"http:\/\/lichri.radeln-in-den-sonnenaufgang.de\/wp-content\/uploads\/2020\/04\/IMG_8830-1024x683.jpg\" alt=\"\" data-id=\"2218\" data-full-url=\"http:\/\/lichri.radeln-in-den-sonnenaufgang.de\/wp-content\/uploads\/2020\/04\/IMG_8830.jpg\" data-link=\"http:\/\/lichri.radeln-in-den-sonnenaufgang.de\/?attachment_id=2218\" class=\"wp-image-2218\" srcset=\"http:\/\/lichri.radeln-in-den-sonnenaufgang.de\/wp-content\/uploads\/2020\/04\/IMG_8830-1024x683.jpg 1024w, http:\/\/lichri.radeln-in-den-sonnenaufgang.de\/wp-content\/uploads\/2020\/04\/IMG_8830-300x200.jpg 300w, http:\/\/lichri.radeln-in-den-sonnenaufgang.de\/wp-content\/uploads\/2020\/04\/IMG_8830-768x512.jpg 768w, http:\/\/lichri.radeln-in-den-sonnenaufgang.de\/wp-content\/uploads\/2020\/04\/IMG_8830-1536x1024.jpg 1536w, http:\/\/lichri.radeln-in-den-sonnenaufgang.de\/wp-content\/uploads\/2020\/04\/IMG_8830.jpg 1800w\" sizes=\"(max-width: 767px) 89vw, (max-width: 1000px) 54vw, (max-width: 1071px) 543px, 580px\" \/><\/figure><\/li><li class=\"blocks-gallery-item\"><figure><img decoding=\"async\" loading=\"lazy\" width=\"1024\" height=\"683\" src=\"http:\/\/lichri.radeln-in-den-sonnenaufgang.de\/wp-content\/uploads\/2020\/04\/IMG_8832-1024x683.jpg\" alt=\"\" data-id=\"2219\" data-full-url=\"http:\/\/lichri.radeln-in-den-sonnenaufgang.de\/wp-content\/uploads\/2020\/04\/IMG_8832.jpg\" data-link=\"http:\/\/lichri.radeln-in-den-sonnenaufgang.de\/?attachment_id=2219\" class=\"wp-image-2219\" srcset=\"http:\/\/lichri.radeln-in-den-sonnenaufgang.de\/wp-content\/uploads\/2020\/04\/IMG_8832-1024x683.jpg 1024w, http:\/\/lichri.radeln-in-den-sonnenaufgang.de\/wp-content\/uploads\/2020\/04\/IMG_8832-300x200.jpg 300w, http:\/\/lichri.radeln-in-den-sonnenaufgang.de\/wp-content\/uploads\/2020\/04\/IMG_8832-768x512.jpg 768w, http:\/\/lichri.radeln-in-den-sonnenaufgang.de\/wp-content\/uploads\/2020\/04\/IMG_8832-1536x1024.jpg 1536w, http:\/\/lichri.radeln-in-den-sonnenaufgang.de\/wp-content\/uploads\/2020\/04\/IMG_8832.jpg 1800w\" sizes=\"(max-width: 767px) 89vw, (max-width: 1000px) 54vw, (max-width: 1071px) 543px, 580px\" \/><\/figure><\/li><li class=\"blocks-gallery-item\"><figure><img decoding=\"async\" loading=\"lazy\" width=\"1024\" height=\"683\" src=\"http:\/\/lichri.radeln-in-den-sonnenaufgang.de\/wp-content\/uploads\/2020\/04\/IMG_8975-1024x683.jpg\" alt=\"\" data-id=\"2226\" data-full-url=\"http:\/\/lichri.radeln-in-den-sonnenaufgang.de\/wp-content\/uploads\/2020\/04\/IMG_8975.jpg\" data-link=\"http:\/\/lichri.radeln-in-den-sonnenaufgang.de\/?attachment_id=2226\" class=\"wp-image-2226\" srcset=\"http:\/\/lichri.radeln-in-den-sonnenaufgang.de\/wp-content\/uploads\/2020\/04\/IMG_8975-1024x683.jpg 1024w, http:\/\/lichri.radeln-in-den-sonnenaufgang.de\/wp-content\/uploads\/2020\/04\/IMG_8975-300x200.jpg 300w, http:\/\/lichri.radeln-in-den-sonnenaufgang.de\/wp-content\/uploads\/2020\/04\/IMG_8975-768x512.jpg 768w, http:\/\/lichri.radeln-in-den-sonnenaufgang.de\/wp-content\/uploads\/2020\/04\/IMG_8975-1536x1024.jpg 1536w, http:\/\/lichri.radeln-in-den-sonnenaufgang.de\/wp-content\/uploads\/2020\/04\/IMG_8975.jpg 1800w\" sizes=\"(max-width: 767px) 89vw, (max-width: 1000px) 54vw, (max-width: 1071px) 543px, 580px\" \/><\/figure><\/li><li class=\"blocks-gallery-item\"><figure><img decoding=\"async\" loading=\"lazy\" width=\"1024\" height=\"683\" src=\"http:\/\/lichri.radeln-in-den-sonnenaufgang.de\/wp-content\/uploads\/2020\/04\/IMG_8988-1024x683.jpg\" alt=\"\" data-id=\"2228\" data-full-url=\"http:\/\/lichri.radeln-in-den-sonnenaufgang.de\/wp-content\/uploads\/2020\/04\/IMG_8988.jpg\" data-link=\"http:\/\/lichri.radeln-in-den-sonnenaufgang.de\/?attachment_id=2228\" class=\"wp-image-2228\" srcset=\"http:\/\/lichri.radeln-in-den-sonnenaufgang.de\/wp-content\/uploads\/2020\/04\/IMG_8988-1024x683.jpg 1024w, http:\/\/lichri.radeln-in-den-sonnenaufgang.de\/wp-content\/uploads\/2020\/04\/IMG_8988-300x200.jpg 300w, http:\/\/lichri.radeln-in-den-sonnenaufgang.de\/wp-content\/uploads\/2020\/04\/IMG_8988-768x512.jpg 768w, http:\/\/lichri.radeln-in-den-sonnenaufgang.de\/wp-content\/uploads\/2020\/04\/IMG_8988-1536x1024.jpg 1536w, http:\/\/lichri.radeln-in-den-sonnenaufgang.de\/wp-content\/uploads\/2020\/04\/IMG_8988.jpg 1800w\" sizes=\"(max-width: 767px) 89vw, (max-width: 1000px) 54vw, (max-width: 1071px) 543px, 580px\" \/><\/figure><\/li><li class=\"blocks-gallery-item\"><figure><img decoding=\"async\" loading=\"lazy\" width=\"1024\" height=\"683\" src=\"http:\/\/lichri.radeln-in-den-sonnenaufgang.de\/wp-content\/uploads\/2020\/04\/IMG_8874-1024x683.jpg\" alt=\"\" data-id=\"2220\" data-full-url=\"http:\/\/lichri.radeln-in-den-sonnenaufgang.de\/wp-content\/uploads\/2020\/04\/IMG_8874.jpg\" data-link=\"http:\/\/lichri.radeln-in-den-sonnenaufgang.de\/?attachment_id=2220\" class=\"wp-image-2220\" srcset=\"http:\/\/lichri.radeln-in-den-sonnenaufgang.de\/wp-content\/uploads\/2020\/04\/IMG_8874-1024x683.jpg 1024w, http:\/\/lichri.radeln-in-den-sonnenaufgang.de\/wp-content\/uploads\/2020\/04\/IMG_8874-300x200.jpg 300w, http:\/\/lichri.radeln-in-den-sonnenaufgang.de\/wp-content\/uploads\/2020\/04\/IMG_8874-768x512.jpg 768w, http:\/\/lichri.radeln-in-den-sonnenaufgang.de\/wp-content\/uploads\/2020\/04\/IMG_8874-1536x1024.jpg 1536w, http:\/\/lichri.radeln-in-den-sonnenaufgang.de\/wp-content\/uploads\/2020\/04\/IMG_8874.jpg 1800w\" sizes=\"(max-width: 767px) 89vw, (max-width: 1000px) 54vw, (max-width: 1071px) 543px, 580px\" \/><\/figure><\/li><li class=\"blocks-gallery-item\"><figure><img decoding=\"async\" loading=\"lazy\" width=\"1024\" height=\"683\" src=\"http:\/\/lichri.radeln-in-den-sonnenaufgang.de\/wp-content\/uploads\/2020\/04\/IMG_8293-1024x683.jpg\" alt=\"\" data-id=\"2156\" data-full-url=\"http:\/\/lichri.radeln-in-den-sonnenaufgang.de\/wp-content\/uploads\/2020\/04\/IMG_8293.jpg\" data-link=\"http:\/\/lichri.radeln-in-den-sonnenaufgang.de\/?attachment_id=2156\" class=\"wp-image-2156\" srcset=\"http:\/\/lichri.radeln-in-den-sonnenaufgang.de\/wp-content\/uploads\/2020\/04\/IMG_8293-1024x683.jpg 1024w, http:\/\/lichri.radeln-in-den-sonnenaufgang.de\/wp-content\/uploads\/2020\/04\/IMG_8293-300x200.jpg 300w, http:\/\/lichri.radeln-in-den-sonnenaufgang.de\/wp-content\/uploads\/2020\/04\/IMG_8293-768x512.jpg 768w, http:\/\/lichri.radeln-in-den-sonnenaufgang.de\/wp-content\/uploads\/2020\/04\/IMG_8293-1536x1024.jpg 1536w, http:\/\/lichri.radeln-in-den-sonnenaufgang.de\/wp-content\/uploads\/2020\/04\/IMG_8293.jpg 1800w\" sizes=\"(max-width: 767px) 89vw, (max-width: 1000px) 54vw, (max-width: 1071px) 543px, 580px\" \/><figcaption class=\"blocks-gallery-item__caption\">Mh\u2026. Fr\u00fchst\u00fcck<\/figcaption><\/figure><\/li><li class=\"blocks-gallery-item\"><figure><img decoding=\"async\" loading=\"lazy\" width=\"683\" height=\"1024\" src=\"http:\/\/lichri.radeln-in-den-sonnenaufgang.de\/wp-content\/uploads\/2020\/04\/IMG_8301-683x1024.jpg\" alt=\"\" data-id=\"2157\" data-full-url=\"http:\/\/lichri.radeln-in-den-sonnenaufgang.de\/wp-content\/uploads\/2020\/04\/IMG_8301-rotated.jpg\" data-link=\"http:\/\/lichri.radeln-in-den-sonnenaufgang.de\/?attachment_id=2157\" class=\"wp-image-2157\" srcset=\"http:\/\/lichri.radeln-in-den-sonnenaufgang.de\/wp-content\/uploads\/2020\/04\/IMG_8301-683x1024.jpg 683w, http:\/\/lichri.radeln-in-den-sonnenaufgang.de\/wp-content\/uploads\/2020\/04\/IMG_8301-200x300.jpg 200w, http:\/\/lichri.radeln-in-den-sonnenaufgang.de\/wp-content\/uploads\/2020\/04\/IMG_8301-768x1152.jpg 768w, http:\/\/lichri.radeln-in-den-sonnenaufgang.de\/wp-content\/uploads\/2020\/04\/IMG_8301-1024x1536.jpg 1024w, http:\/\/lichri.radeln-in-den-sonnenaufgang.de\/wp-content\/uploads\/2020\/04\/IMG_8301-rotated.jpg 1200w\" sizes=\"(max-width: 683px) 100vw, 683px\" \/><\/figure><\/li><li class=\"blocks-gallery-item\"><figure><img decoding=\"async\" loading=\"lazy\" width=\"1024\" height=\"683\" src=\"http:\/\/lichri.radeln-in-den-sonnenaufgang.de\/wp-content\/uploads\/2020\/04\/IMG_8303-1024x683.jpg\" alt=\"\" data-id=\"2158\" data-full-url=\"http:\/\/lichri.radeln-in-den-sonnenaufgang.de\/wp-content\/uploads\/2020\/04\/IMG_8303.jpg\" data-link=\"http:\/\/lichri.radeln-in-den-sonnenaufgang.de\/?attachment_id=2158\" class=\"wp-image-2158\" srcset=\"http:\/\/lichri.radeln-in-den-sonnenaufgang.de\/wp-content\/uploads\/2020\/04\/IMG_8303-1024x683.jpg 1024w, http:\/\/lichri.radeln-in-den-sonnenaufgang.de\/wp-content\/uploads\/2020\/04\/IMG_8303-300x200.jpg 300w, http:\/\/lichri.radeln-in-den-sonnenaufgang.de\/wp-content\/uploads\/2020\/04\/IMG_8303-768x512.jpg 768w, http:\/\/lichri.radeln-in-den-sonnenaufgang.de\/wp-content\/uploads\/2020\/04\/IMG_8303-1536x1024.jpg 1536w, http:\/\/lichri.radeln-in-den-sonnenaufgang.de\/wp-content\/uploads\/2020\/04\/IMG_8303.jpg 1800w\" sizes=\"(max-width: 767px) 89vw, (max-width: 1000px) 54vw, (max-width: 1071px) 543px, 580px\" \/><\/figure><\/li><li class=\"blocks-gallery-item\"><figure><img decoding=\"async\" loading=\"lazy\" width=\"1024\" height=\"683\" src=\"http:\/\/lichri.radeln-in-den-sonnenaufgang.de\/wp-content\/uploads\/2020\/04\/IMG_8313-1024x683.jpg\" alt=\"\" data-id=\"2160\" data-full-url=\"http:\/\/lichri.radeln-in-den-sonnenaufgang.de\/wp-content\/uploads\/2020\/04\/IMG_8313.jpg\" data-link=\"http:\/\/lichri.radeln-in-den-sonnenaufgang.de\/?attachment_id=2160\" class=\"wp-image-2160\" srcset=\"http:\/\/lichri.radeln-in-den-sonnenaufgang.de\/wp-content\/uploads\/2020\/04\/IMG_8313-1024x683.jpg 1024w, http:\/\/lichri.radeln-in-den-sonnenaufgang.de\/wp-content\/uploads\/2020\/04\/IMG_8313-300x200.jpg 300w, http:\/\/lichri.radeln-in-den-sonnenaufgang.de\/wp-content\/uploads\/2020\/04\/IMG_8313-768x512.jpg 768w, http:\/\/lichri.radeln-in-den-sonnenaufgang.de\/wp-content\/uploads\/2020\/04\/IMG_8313-1536x1024.jpg 1536w, http:\/\/lichri.radeln-in-den-sonnenaufgang.de\/wp-content\/uploads\/2020\/04\/IMG_8313.jpg 1800w\" sizes=\"(max-width: 767px) 89vw, (max-width: 1000px) 54vw, (max-width: 1071px) 543px, 580px\" \/><\/figure><\/li><li class=\"blocks-gallery-item\"><figure><img decoding=\"async\" loading=\"lazy\" width=\"683\" height=\"1024\" src=\"http:\/\/lichri.radeln-in-den-sonnenaufgang.de\/wp-content\/uploads\/2020\/04\/IMG_8317-683x1024.jpg\" alt=\"\" data-id=\"2161\" data-full-url=\"http:\/\/lichri.radeln-in-den-sonnenaufgang.de\/wp-content\/uploads\/2020\/04\/IMG_8317-rotated.jpg\" data-link=\"http:\/\/lichri.radeln-in-den-sonnenaufgang.de\/?attachment_id=2161\" class=\"wp-image-2161\" srcset=\"http:\/\/lichri.radeln-in-den-sonnenaufgang.de\/wp-content\/uploads\/2020\/04\/IMG_8317-683x1024.jpg 683w, http:\/\/lichri.radeln-in-den-sonnenaufgang.de\/wp-content\/uploads\/2020\/04\/IMG_8317-200x300.jpg 200w, http:\/\/lichri.radeln-in-den-sonnenaufgang.de\/wp-content\/uploads\/2020\/04\/IMG_8317-768x1152.jpg 768w, http:\/\/lichri.radeln-in-den-sonnenaufgang.de\/wp-content\/uploads\/2020\/04\/IMG_8317-1024x1536.jpg 1024w, http:\/\/lichri.radeln-in-den-sonnenaufgang.de\/wp-content\/uploads\/2020\/04\/IMG_8317-rotated.jpg 1200w\" sizes=\"(max-width: 683px) 100vw, 683px\" \/><\/figure><\/li><li class=\"blocks-gallery-item\"><figure><img decoding=\"async\" loading=\"lazy\" width=\"683\" height=\"1024\" src=\"http:\/\/lichri.radeln-in-den-sonnenaufgang.de\/wp-content\/uploads\/2020\/04\/IMG_8320-683x1024.jpg\" alt=\"\" data-id=\"2162\" data-full-url=\"http:\/\/lichri.radeln-in-den-sonnenaufgang.de\/wp-content\/uploads\/2020\/04\/IMG_8320-rotated.jpg\" data-link=\"http:\/\/lichri.radeln-in-den-sonnenaufgang.de\/?attachment_id=2162\" class=\"wp-image-2162\" srcset=\"http:\/\/lichri.radeln-in-den-sonnenaufgang.de\/wp-content\/uploads\/2020\/04\/IMG_8320-683x1024.jpg 683w, http:\/\/lichri.radeln-in-den-sonnenaufgang.de\/wp-content\/uploads\/2020\/04\/IMG_8320-200x300.jpg 200w, http:\/\/lichri.radeln-in-den-sonnenaufgang.de\/wp-content\/uploads\/2020\/04\/IMG_8320-768x1152.jpg 768w, http:\/\/lichri.radeln-in-den-sonnenaufgang.de\/wp-content\/uploads\/2020\/04\/IMG_8320-1024x1536.jpg 1024w, http:\/\/lichri.radeln-in-den-sonnenaufgang.de\/wp-content\/uploads\/2020\/04\/IMG_8320-rotated.jpg 1200w\" sizes=\"(max-width: 683px) 100vw, 683px\" \/><\/figure><\/li><li class=\"blocks-gallery-item\"><figure><img decoding=\"async\" loading=\"lazy\" width=\"683\" height=\"1024\" src=\"http:\/\/lichri.radeln-in-den-sonnenaufgang.de\/wp-content\/uploads\/2020\/04\/IMG_8328-683x1024.jpg\" alt=\"\" data-id=\"2163\" data-full-url=\"http:\/\/lichri.radeln-in-den-sonnenaufgang.de\/wp-content\/uploads\/2020\/04\/IMG_8328-rotated.jpg\" data-link=\"http:\/\/lichri.radeln-in-den-sonnenaufgang.de\/?attachment_id=2163\" class=\"wp-image-2163\" srcset=\"http:\/\/lichri.radeln-in-den-sonnenaufgang.de\/wp-content\/uploads\/2020\/04\/IMG_8328-683x1024.jpg 683w, http:\/\/lichri.radeln-in-den-sonnenaufgang.de\/wp-content\/uploads\/2020\/04\/IMG_8328-200x300.jpg 200w, http:\/\/lichri.radeln-in-den-sonnenaufgang.de\/wp-content\/uploads\/2020\/04\/IMG_8328-768x1152.jpg 768w, http:\/\/lichri.radeln-in-den-sonnenaufgang.de\/wp-content\/uploads\/2020\/04\/IMG_8328-1024x1536.jpg 1024w, http:\/\/lichri.radeln-in-den-sonnenaufgang.de\/wp-content\/uploads\/2020\/04\/IMG_8328-rotated.jpg 1200w\" sizes=\"(max-width: 683px) 100vw, 683px\" \/><\/figure><\/li><li class=\"blocks-gallery-item\"><figure><img decoding=\"async\" loading=\"lazy\" width=\"1024\" height=\"683\" src=\"http:\/\/lichri.radeln-in-den-sonnenaufgang.de\/wp-content\/uploads\/2020\/04\/IMG_8329-1024x683.jpg\" alt=\"\" data-id=\"2164\" data-full-url=\"http:\/\/lichri.radeln-in-den-sonnenaufgang.de\/wp-content\/uploads\/2020\/04\/IMG_8329.jpg\" data-link=\"http:\/\/lichri.radeln-in-den-sonnenaufgang.de\/?attachment_id=2164\" class=\"wp-image-2164\" srcset=\"http:\/\/lichri.radeln-in-den-sonnenaufgang.de\/wp-content\/uploads\/2020\/04\/IMG_8329-1024x683.jpg 1024w, http:\/\/lichri.radeln-in-den-sonnenaufgang.de\/wp-content\/uploads\/2020\/04\/IMG_8329-300x200.jpg 300w, http:\/\/lichri.radeln-in-den-sonnenaufgang.de\/wp-content\/uploads\/2020\/04\/IMG_8329-768x512.jpg 768w, http:\/\/lichri.radeln-in-den-sonnenaufgang.de\/wp-content\/uploads\/2020\/04\/IMG_8329-1536x1024.jpg 1536w, http:\/\/lichri.radeln-in-den-sonnenaufgang.de\/wp-content\/uploads\/2020\/04\/IMG_8329.jpg 1800w\" sizes=\"(max-width: 767px) 89vw, (max-width: 1000px) 54vw, (max-width: 1071px) 543px, 580px\" \/><\/figure><\/li><li class=\"blocks-gallery-item\"><figure><img decoding=\"async\" loading=\"lazy\" width=\"683\" height=\"1024\" src=\"http:\/\/lichri.radeln-in-den-sonnenaufgang.de\/wp-content\/uploads\/2020\/04\/IMG_8337-683x1024.jpg\" alt=\"\" data-id=\"2165\" data-full-url=\"http:\/\/lichri.radeln-in-den-sonnenaufgang.de\/wp-content\/uploads\/2020\/04\/IMG_8337-rotated.jpg\" data-link=\"http:\/\/lichri.radeln-in-den-sonnenaufgang.de\/?attachment_id=2165\" class=\"wp-image-2165\" srcset=\"http:\/\/lichri.radeln-in-den-sonnenaufgang.de\/wp-content\/uploads\/2020\/04\/IMG_8337-683x1024.jpg 683w, http:\/\/lichri.radeln-in-den-sonnenaufgang.de\/wp-content\/uploads\/2020\/04\/IMG_8337-200x300.jpg 200w, http:\/\/lichri.radeln-in-den-sonnenaufgang.de\/wp-content\/uploads\/2020\/04\/IMG_8337-768x1152.jpg 768w, http:\/\/lichri.radeln-in-den-sonnenaufgang.de\/wp-content\/uploads\/2020\/04\/IMG_8337-1024x1536.jpg 1024w, http:\/\/lichri.radeln-in-den-sonnenaufgang.de\/wp-content\/uploads\/2020\/04\/IMG_8337-rotated.jpg 1200w\" sizes=\"(max-width: 683px) 100vw, 683px\" \/><\/figure><\/li><li class=\"blocks-gallery-item\"><figure><img decoding=\"async\" loading=\"lazy\" width=\"1024\" height=\"683\" src=\"http:\/\/lichri.radeln-in-den-sonnenaufgang.de\/wp-content\/uploads\/2020\/04\/IMG_8341-1024x683.jpg\" alt=\"\" data-id=\"2166\" data-full-url=\"http:\/\/lichri.radeln-in-den-sonnenaufgang.de\/wp-content\/uploads\/2020\/04\/IMG_8341.jpg\" data-link=\"http:\/\/lichri.radeln-in-den-sonnenaufgang.de\/?attachment_id=2166\" class=\"wp-image-2166\" srcset=\"http:\/\/lichri.radeln-in-den-sonnenaufgang.de\/wp-content\/uploads\/2020\/04\/IMG_8341-1024x683.jpg 1024w, http:\/\/lichri.radeln-in-den-sonnenaufgang.de\/wp-content\/uploads\/2020\/04\/IMG_8341-300x200.jpg 300w, http:\/\/lichri.radeln-in-den-sonnenaufgang.de\/wp-content\/uploads\/2020\/04\/IMG_8341-768x512.jpg 768w, http:\/\/lichri.radeln-in-den-sonnenaufgang.de\/wp-content\/uploads\/2020\/04\/IMG_8341-1536x1024.jpg 1536w, http:\/\/lichri.radeln-in-den-sonnenaufgang.de\/wp-content\/uploads\/2020\/04\/IMG_8341.jpg 1800w\" sizes=\"(max-width: 767px) 89vw, (max-width: 1000px) 54vw, (max-width: 1071px) 543px, 580px\" \/><\/figure><\/li><li class=\"blocks-gallery-item\"><figure><img decoding=\"async\" loading=\"lazy\" width=\"1024\" height=\"683\" src=\"http:\/\/lichri.radeln-in-den-sonnenaufgang.de\/wp-content\/uploads\/2020\/04\/IMG_8343-1024x683.jpg\" alt=\"\" data-id=\"2167\" data-full-url=\"http:\/\/lichri.radeln-in-den-sonnenaufgang.de\/wp-content\/uploads\/2020\/04\/IMG_8343.jpg\" data-link=\"http:\/\/lichri.radeln-in-den-sonnenaufgang.de\/?attachment_id=2167\" class=\"wp-image-2167\" srcset=\"http:\/\/lichri.radeln-in-den-sonnenaufgang.de\/wp-content\/uploads\/2020\/04\/IMG_8343-1024x683.jpg 1024w, http:\/\/lichri.radeln-in-den-sonnenaufgang.de\/wp-content\/uploads\/2020\/04\/IMG_8343-300x200.jpg 300w, http:\/\/lichri.radeln-in-den-sonnenaufgang.de\/wp-content\/uploads\/2020\/04\/IMG_8343-768x512.jpg 768w, http:\/\/lichri.radeln-in-den-sonnenaufgang.de\/wp-content\/uploads\/2020\/04\/IMG_8343-1536x1024.jpg 1536w, http:\/\/lichri.radeln-in-den-sonnenaufgang.de\/wp-content\/uploads\/2020\/04\/IMG_8343.jpg 1800w\" sizes=\"(max-width: 767px) 89vw, (max-width: 1000px) 54vw, (max-width: 1071px) 543px, 580px\" \/><\/figure><\/li><li class=\"blocks-gallery-item\"><figure><img decoding=\"async\" loading=\"lazy\" width=\"1024\" height=\"683\" src=\"http:\/\/lichri.radeln-in-den-sonnenaufgang.de\/wp-content\/uploads\/2020\/04\/IMG_8345-1024x683.jpg\" alt=\"\" data-id=\"2168\" data-full-url=\"http:\/\/lichri.radeln-in-den-sonnenaufgang.de\/wp-content\/uploads\/2020\/04\/IMG_8345.jpg\" data-link=\"http:\/\/lichri.radeln-in-den-sonnenaufgang.de\/?attachment_id=2168\" class=\"wp-image-2168\" srcset=\"http:\/\/lichri.radeln-in-den-sonnenaufgang.de\/wp-content\/uploads\/2020\/04\/IMG_8345-1024x683.jpg 1024w, http:\/\/lichri.radeln-in-den-sonnenaufgang.de\/wp-content\/uploads\/2020\/04\/IMG_8345-300x200.jpg 300w, http:\/\/lichri.radeln-in-den-sonnenaufgang.de\/wp-content\/uploads\/2020\/04\/IMG_8345-768x512.jpg 768w, http:\/\/lichri.radeln-in-den-sonnenaufgang.de\/wp-content\/uploads\/2020\/04\/IMG_8345-1536x1024.jpg 1536w, http:\/\/lichri.radeln-in-den-sonnenaufgang.de\/wp-content\/uploads\/2020\/04\/IMG_8345.jpg 1800w\" sizes=\"(max-width: 767px) 89vw, (max-width: 1000px) 54vw, (max-width: 1071px) 543px, 580px\" \/><\/figure><\/li><li class=\"blocks-gallery-item\"><figure><img decoding=\"async\" loading=\"lazy\" width=\"1024\" height=\"683\" src=\"http:\/\/lichri.radeln-in-den-sonnenaufgang.de\/wp-content\/uploads\/2020\/04\/IMG_8357-1024x683.jpg\" alt=\"\" data-id=\"2170\" data-full-url=\"http:\/\/lichri.radeln-in-den-sonnenaufgang.de\/wp-content\/uploads\/2020\/04\/IMG_8357.jpg\" data-link=\"http:\/\/lichri.radeln-in-den-sonnenaufgang.de\/?attachment_id=2170\" class=\"wp-image-2170\" srcset=\"http:\/\/lichri.radeln-in-den-sonnenaufgang.de\/wp-content\/uploads\/2020\/04\/IMG_8357-1024x683.jpg 1024w, http:\/\/lichri.radeln-in-den-sonnenaufgang.de\/wp-content\/uploads\/2020\/04\/IMG_8357-300x200.jpg 300w, http:\/\/lichri.radeln-in-den-sonnenaufgang.de\/wp-content\/uploads\/2020\/04\/IMG_8357-768x512.jpg 768w, http:\/\/lichri.radeln-in-den-sonnenaufgang.de\/wp-content\/uploads\/2020\/04\/IMG_8357-1536x1024.jpg 1536w, http:\/\/lichri.radeln-in-den-sonnenaufgang.de\/wp-content\/uploads\/2020\/04\/IMG_8357.jpg 1800w\" sizes=\"(max-width: 767px) 89vw, (max-width: 1000px) 54vw, (max-width: 1071px) 543px, 580px\" \/><\/figure><\/li><li class=\"blocks-gallery-item\"><figure><img decoding=\"async\" loading=\"lazy\" width=\"683\" height=\"1024\" src=\"http:\/\/lichri.radeln-in-den-sonnenaufgang.de\/wp-content\/uploads\/2020\/04\/IMG_8361-683x1024.jpg\" alt=\"\" data-id=\"2171\" data-full-url=\"http:\/\/lichri.radeln-in-den-sonnenaufgang.de\/wp-content\/uploads\/2020\/04\/IMG_8361-rotated.jpg\" data-link=\"http:\/\/lichri.radeln-in-den-sonnenaufgang.de\/?attachment_id=2171\" class=\"wp-image-2171\" srcset=\"http:\/\/lichri.radeln-in-den-sonnenaufgang.de\/wp-content\/uploads\/2020\/04\/IMG_8361-683x1024.jpg 683w, http:\/\/lichri.radeln-in-den-sonnenaufgang.de\/wp-content\/uploads\/2020\/04\/IMG_8361-200x300.jpg 200w, http:\/\/lichri.radeln-in-den-sonnenaufgang.de\/wp-content\/uploads\/2020\/04\/IMG_8361-768x1152.jpg 768w, http:\/\/lichri.radeln-in-den-sonnenaufgang.de\/wp-content\/uploads\/2020\/04\/IMG_8361-1024x1536.jpg 1024w, http:\/\/lichri.radeln-in-den-sonnenaufgang.de\/wp-content\/uploads\/2020\/04\/IMG_8361-rotated.jpg 1200w\" sizes=\"(max-width: 683px) 100vw, 683px\" \/><\/figure><\/li><li class=\"blocks-gallery-item\"><figure><img decoding=\"async\" loading=\"lazy\" width=\"683\" height=\"1024\" src=\"http:\/\/lichri.radeln-in-den-sonnenaufgang.de\/wp-content\/uploads\/2020\/04\/IMG_8362-683x1024.jpg\" alt=\"\" data-id=\"2172\" data-full-url=\"http:\/\/lichri.radeln-in-den-sonnenaufgang.de\/wp-content\/uploads\/2020\/04\/IMG_8362-rotated.jpg\" data-link=\"http:\/\/lichri.radeln-in-den-sonnenaufgang.de\/?attachment_id=2172\" class=\"wp-image-2172\" srcset=\"http:\/\/lichri.radeln-in-den-sonnenaufgang.de\/wp-content\/uploads\/2020\/04\/IMG_8362-683x1024.jpg 683w, http:\/\/lichri.radeln-in-den-sonnenaufgang.de\/wp-content\/uploads\/2020\/04\/IMG_8362-200x300.jpg 200w, http:\/\/lichri.radeln-in-den-sonnenaufgang.de\/wp-content\/uploads\/2020\/04\/IMG_8362-768x1152.jpg 768w, http:\/\/lichri.radeln-in-den-sonnenaufgang.de\/wp-content\/uploads\/2020\/04\/IMG_8362-1024x1536.jpg 1024w, http:\/\/lichri.radeln-in-den-sonnenaufgang.de\/wp-content\/uploads\/2020\/04\/IMG_8362-rotated.jpg 1200w\" sizes=\"(max-width: 683px) 100vw, 683px\" \/><\/figure><\/li><li class=\"blocks-gallery-item\"><figure><img decoding=\"async\" loading=\"lazy\" width=\"683\" height=\"1024\" src=\"http:\/\/lichri.radeln-in-den-sonnenaufgang.de\/wp-content\/uploads\/2020\/04\/IMG_8370-683x1024.jpg\" alt=\"\" data-id=\"2173\" data-full-url=\"http:\/\/lichri.radeln-in-den-sonnenaufgang.de\/wp-content\/uploads\/2020\/04\/IMG_8370-rotated.jpg\" data-link=\"http:\/\/lichri.radeln-in-den-sonnenaufgang.de\/?attachment_id=2173\" class=\"wp-image-2173\" srcset=\"http:\/\/lichri.radeln-in-den-sonnenaufgang.de\/wp-content\/uploads\/2020\/04\/IMG_8370-683x1024.jpg 683w, http:\/\/lichri.radeln-in-den-sonnenaufgang.de\/wp-content\/uploads\/2020\/04\/IMG_8370-200x300.jpg 200w, http:\/\/lichri.radeln-in-den-sonnenaufgang.de\/wp-content\/uploads\/2020\/04\/IMG_8370-768x1152.jpg 768w, http:\/\/lichri.radeln-in-den-sonnenaufgang.de\/wp-content\/uploads\/2020\/04\/IMG_8370-1024x1536.jpg 1024w, http:\/\/lichri.radeln-in-den-sonnenaufgang.de\/wp-content\/uploads\/2020\/04\/IMG_8370-rotated.jpg 1200w\" sizes=\"(max-width: 683px) 100vw, 683px\" \/><\/figure><\/li><li class=\"blocks-gallery-item\"><figure><img decoding=\"async\" loading=\"lazy\" width=\"1024\" height=\"683\" src=\"http:\/\/lichri.radeln-in-den-sonnenaufgang.de\/wp-content\/uploads\/2020\/04\/IMG_8381-1024x683.jpg\" alt=\"\" data-id=\"2174\" data-full-url=\"http:\/\/lichri.radeln-in-den-sonnenaufgang.de\/wp-content\/uploads\/2020\/04\/IMG_8381.jpg\" data-link=\"http:\/\/lichri.radeln-in-den-sonnenaufgang.de\/?attachment_id=2174\" class=\"wp-image-2174\" srcset=\"http:\/\/lichri.radeln-in-den-sonnenaufgang.de\/wp-content\/uploads\/2020\/04\/IMG_8381-1024x683.jpg 1024w, http:\/\/lichri.radeln-in-den-sonnenaufgang.de\/wp-content\/uploads\/2020\/04\/IMG_8381-300x200.jpg 300w, http:\/\/lichri.radeln-in-den-sonnenaufgang.de\/wp-content\/uploads\/2020\/04\/IMG_8381-768x512.jpg 768w, http:\/\/lichri.radeln-in-den-sonnenaufgang.de\/wp-content\/uploads\/2020\/04\/IMG_8381-1536x1024.jpg 1536w, http:\/\/lichri.radeln-in-den-sonnenaufgang.de\/wp-content\/uploads\/2020\/04\/IMG_8381.jpg 1800w\" sizes=\"(max-width: 767px) 89vw, (max-width: 1000px) 54vw, (max-width: 1071px) 543px, 580px\" \/><\/figure><\/li><li class=\"blocks-gallery-item\"><figure><img decoding=\"async\" loading=\"lazy\" width=\"683\" height=\"1024\" src=\"http:\/\/lichri.radeln-in-den-sonnenaufgang.de\/wp-content\/uploads\/2020\/04\/IMG_8391-683x1024.jpg\" alt=\"\" data-id=\"2175\" data-full-url=\"http:\/\/lichri.radeln-in-den-sonnenaufgang.de\/wp-content\/uploads\/2020\/04\/IMG_8391-rotated.jpg\" data-link=\"http:\/\/lichri.radeln-in-den-sonnenaufgang.de\/?attachment_id=2175\" class=\"wp-image-2175\" srcset=\"http:\/\/lichri.radeln-in-den-sonnenaufgang.de\/wp-content\/uploads\/2020\/04\/IMG_8391-683x1024.jpg 683w, http:\/\/lichri.radeln-in-den-sonnenaufgang.de\/wp-content\/uploads\/2020\/04\/IMG_8391-200x300.jpg 200w, http:\/\/lichri.radeln-in-den-sonnenaufgang.de\/wp-content\/uploads\/2020\/04\/IMG_8391-768x1152.jpg 768w, http:\/\/lichri.radeln-in-den-sonnenaufgang.de\/wp-content\/uploads\/2020\/04\/IMG_8391-1024x1536.jpg 1024w, http:\/\/lichri.radeln-in-den-sonnenaufgang.de\/wp-content\/uploads\/2020\/04\/IMG_8391-rotated.jpg 1200w\" sizes=\"(max-width: 683px) 100vw, 683px\" \/><\/figure><\/li><li class=\"blocks-gallery-item\"><figure><img decoding=\"async\" loading=\"lazy\" width=\"683\" height=\"1024\" src=\"http:\/\/lichri.radeln-in-den-sonnenaufgang.de\/wp-content\/uploads\/2020\/04\/IMG_8404-683x1024.jpg\" alt=\"\" data-id=\"2176\" data-full-url=\"http:\/\/lichri.radeln-in-den-sonnenaufgang.de\/wp-content\/uploads\/2020\/04\/IMG_8404-rotated.jpg\" data-link=\"http:\/\/lichri.radeln-in-den-sonnenaufgang.de\/?attachment_id=2176\" class=\"wp-image-2176\" srcset=\"http:\/\/lichri.radeln-in-den-sonnenaufgang.de\/wp-content\/uploads\/2020\/04\/IMG_8404-683x1024.jpg 683w, http:\/\/lichri.radeln-in-den-sonnenaufgang.de\/wp-content\/uploads\/2020\/04\/IMG_8404-200x300.jpg 200w, http:\/\/lichri.radeln-in-den-sonnenaufgang.de\/wp-content\/uploads\/2020\/04\/IMG_8404-768x1152.jpg 768w, http:\/\/lichri.radeln-in-den-sonnenaufgang.de\/wp-content\/uploads\/2020\/04\/IMG_8404-1024x1536.jpg 1024w, http:\/\/lichri.radeln-in-den-sonnenaufgang.de\/wp-content\/uploads\/2020\/04\/IMG_8404-rotated.jpg 1200w\" sizes=\"(max-width: 683px) 100vw, 683px\" \/><\/figure><\/li><li class=\"blocks-gallery-item\"><figure><img decoding=\"async\" loading=\"lazy\" width=\"1024\" height=\"683\" src=\"http:\/\/lichri.radeln-in-den-sonnenaufgang.de\/wp-content\/uploads\/2020\/04\/IMG_8411-1024x683.jpg\" alt=\"\" data-id=\"2177\" data-full-url=\"http:\/\/lichri.radeln-in-den-sonnenaufgang.de\/wp-content\/uploads\/2020\/04\/IMG_8411.jpg\" data-link=\"http:\/\/lichri.radeln-in-den-sonnenaufgang.de\/?attachment_id=2177\" class=\"wp-image-2177\" srcset=\"http:\/\/lichri.radeln-in-den-sonnenaufgang.de\/wp-content\/uploads\/2020\/04\/IMG_8411-1024x683.jpg 1024w, http:\/\/lichri.radeln-in-den-sonnenaufgang.de\/wp-content\/uploads\/2020\/04\/IMG_8411-300x200.jpg 300w, http:\/\/lichri.radeln-in-den-sonnenaufgang.de\/wp-content\/uploads\/2020\/04\/IMG_8411-768x512.jpg 768w, http:\/\/lichri.radeln-in-den-sonnenaufgang.de\/wp-content\/uploads\/2020\/04\/IMG_8411-1536x1024.jpg 1536w, http:\/\/lichri.radeln-in-den-sonnenaufgang.de\/wp-content\/uploads\/2020\/04\/IMG_8411.jpg 1800w\" sizes=\"(max-width: 767px) 89vw, (max-width: 1000px) 54vw, (max-width: 1071px) 543px, 580px\" \/><\/figure><\/li><li class=\"blocks-gallery-item\"><figure><img decoding=\"async\" loading=\"lazy\" width=\"683\" height=\"1024\" src=\"http:\/\/lichri.radeln-in-den-sonnenaufgang.de\/wp-content\/uploads\/2020\/04\/IMG_8432-683x1024.jpg\" alt=\"\" data-id=\"2180\" data-full-url=\"http:\/\/lichri.radeln-in-den-sonnenaufgang.de\/wp-content\/uploads\/2020\/04\/IMG_8432-rotated.jpg\" data-link=\"http:\/\/lichri.radeln-in-den-sonnenaufgang.de\/?attachment_id=2180\" class=\"wp-image-2180\" srcset=\"http:\/\/lichri.radeln-in-den-sonnenaufgang.de\/wp-content\/uploads\/2020\/04\/IMG_8432-683x1024.jpg 683w, http:\/\/lichri.radeln-in-den-sonnenaufgang.de\/wp-content\/uploads\/2020\/04\/IMG_8432-200x300.jpg 200w, http:\/\/lichri.radeln-in-den-sonnenaufgang.de\/wp-content\/uploads\/2020\/04\/IMG_8432-768x1152.jpg 768w, http:\/\/lichri.radeln-in-den-sonnenaufgang.de\/wp-content\/uploads\/2020\/04\/IMG_8432-1024x1536.jpg 1024w, http:\/\/lichri.radeln-in-den-sonnenaufgang.de\/wp-content\/uploads\/2020\/04\/IMG_8432-rotated.jpg 1200w\" sizes=\"(max-width: 683px) 100vw, 683px\" \/><\/figure><\/li><li class=\"blocks-gallery-item\"><figure><img decoding=\"async\" loading=\"lazy\" width=\"1024\" height=\"683\" src=\"http:\/\/lichri.radeln-in-den-sonnenaufgang.de\/wp-content\/uploads\/2020\/04\/IMG_8428-1024x683.jpg\" alt=\"\" data-id=\"2179\" data-full-url=\"http:\/\/lichri.radeln-in-den-sonnenaufgang.de\/wp-content\/uploads\/2020\/04\/IMG_8428.jpg\" data-link=\"http:\/\/lichri.radeln-in-den-sonnenaufgang.de\/?attachment_id=2179\" class=\"wp-image-2179\" srcset=\"http:\/\/lichri.radeln-in-den-sonnenaufgang.de\/wp-content\/uploads\/2020\/04\/IMG_8428-1024x683.jpg 1024w, http:\/\/lichri.radeln-in-den-sonnenaufgang.de\/wp-content\/uploads\/2020\/04\/IMG_8428-300x200.jpg 300w, http:\/\/lichri.radeln-in-den-sonnenaufgang.de\/wp-content\/uploads\/2020\/04\/IMG_8428-768x512.jpg 768w, http:\/\/lichri.radeln-in-den-sonnenaufgang.de\/wp-content\/uploads\/2020\/04\/IMG_8428-1536x1024.jpg 1536w, http:\/\/lichri.radeln-in-den-sonnenaufgang.de\/wp-content\/uploads\/2020\/04\/IMG_8428.jpg 1800w\" sizes=\"(max-width: 767px) 89vw, (max-width: 1000px) 54vw, (max-width: 1071px) 543px, 580px\" \/><\/figure><\/li><li class=\"blocks-gallery-item\"><figure><img decoding=\"async\" loading=\"lazy\" width=\"1024\" height=\"683\" src=\"http:\/\/lichri.radeln-in-den-sonnenaufgang.de\/wp-content\/uploads\/2020\/04\/IMG_8441-1024x683.jpg\" alt=\"\" data-id=\"2181\" data-full-url=\"http:\/\/lichri.radeln-in-den-sonnenaufgang.de\/wp-content\/uploads\/2020\/04\/IMG_8441.jpg\" data-link=\"http:\/\/lichri.radeln-in-den-sonnenaufgang.de\/?attachment_id=2181\" class=\"wp-image-2181\" srcset=\"http:\/\/lichri.radeln-in-den-sonnenaufgang.de\/wp-content\/uploads\/2020\/04\/IMG_8441-1024x683.jpg 1024w, http:\/\/lichri.radeln-in-den-sonnenaufgang.de\/wp-content\/uploads\/2020\/04\/IMG_8441-300x200.jpg 300w, http:\/\/lichri.radeln-in-den-sonnenaufgang.de\/wp-content\/uploads\/2020\/04\/IMG_8441-768x512.jpg 768w, http:\/\/lichri.radeln-in-den-sonnenaufgang.de\/wp-content\/uploads\/2020\/04\/IMG_8441-1536x1024.jpg 1536w, http:\/\/lichri.radeln-in-den-sonnenaufgang.de\/wp-content\/uploads\/2020\/04\/IMG_8441.jpg 1800w\" sizes=\"(max-width: 767px) 89vw, (max-width: 1000px) 54vw, (max-width: 1071px) 543px, 580px\" \/><\/figure><\/li><li class=\"blocks-gallery-item\"><figure><img decoding=\"async\" loading=\"lazy\" width=\"683\" height=\"1024\" src=\"http:\/\/lichri.radeln-in-den-sonnenaufgang.de\/wp-content\/uploads\/2020\/04\/IMG_8469-683x1024.jpg\" alt=\"\" data-id=\"2183\" data-full-url=\"http:\/\/lichri.radeln-in-den-sonnenaufgang.de\/wp-content\/uploads\/2020\/04\/IMG_8469-rotated.jpg\" data-link=\"http:\/\/lichri.radeln-in-den-sonnenaufgang.de\/?attachment_id=2183\" class=\"wp-image-2183\" srcset=\"http:\/\/lichri.radeln-in-den-sonnenaufgang.de\/wp-content\/uploads\/2020\/04\/IMG_8469-683x1024.jpg 683w, http:\/\/lichri.radeln-in-den-sonnenaufgang.de\/wp-content\/uploads\/2020\/04\/IMG_8469-200x300.jpg 200w, http:\/\/lichri.radeln-in-den-sonnenaufgang.de\/wp-content\/uploads\/2020\/04\/IMG_8469-768x1152.jpg 768w, http:\/\/lichri.radeln-in-den-sonnenaufgang.de\/wp-content\/uploads\/2020\/04\/IMG_8469-1024x1536.jpg 1024w, http:\/\/lichri.radeln-in-den-sonnenaufgang.de\/wp-content\/uploads\/2020\/04\/IMG_8469-rotated.jpg 1200w\" sizes=\"(max-width: 683px) 100vw, 683px\" \/><\/figure><\/li><li class=\"blocks-gallery-item\"><figure><img decoding=\"async\" loading=\"lazy\" width=\"1024\" height=\"683\" src=\"http:\/\/lichri.radeln-in-den-sonnenaufgang.de\/wp-content\/uploads\/2020\/04\/IMG_8474-1024x683.jpg\" alt=\"\" data-id=\"2184\" data-full-url=\"http:\/\/lichri.radeln-in-den-sonnenaufgang.de\/wp-content\/uploads\/2020\/04\/IMG_8474.jpg\" data-link=\"http:\/\/lichri.radeln-in-den-sonnenaufgang.de\/?attachment_id=2184\" class=\"wp-image-2184\" srcset=\"http:\/\/lichri.radeln-in-den-sonnenaufgang.de\/wp-content\/uploads\/2020\/04\/IMG_8474-1024x683.jpg 1024w, http:\/\/lichri.radeln-in-den-sonnenaufgang.de\/wp-content\/uploads\/2020\/04\/IMG_8474-300x200.jpg 300w, http:\/\/lichri.radeln-in-den-sonnenaufgang.de\/wp-content\/uploads\/2020\/04\/IMG_8474-768x512.jpg 768w, http:\/\/lichri.radeln-in-den-sonnenaufgang.de\/wp-content\/uploads\/2020\/04\/IMG_8474-1536x1024.jpg 1536w, http:\/\/lichri.radeln-in-den-sonnenaufgang.de\/wp-content\/uploads\/2020\/04\/IMG_8474.jpg 1800w\" sizes=\"(max-width: 767px) 89vw, (max-width: 1000px) 54vw, (max-width: 1071px) 543px, 580px\" \/><\/figure><\/li><li class=\"blocks-gallery-item\"><figure><img decoding=\"async\" loading=\"lazy\" width=\"1024\" height=\"683\" src=\"http:\/\/lichri.radeln-in-den-sonnenaufgang.de\/wp-content\/uploads\/2020\/04\/IMG_8487-1024x683.jpg\" alt=\"\" data-id=\"2185\" data-full-url=\"http:\/\/lichri.radeln-in-den-sonnenaufgang.de\/wp-content\/uploads\/2020\/04\/IMG_8487.jpg\" data-link=\"http:\/\/lichri.radeln-in-den-sonnenaufgang.de\/?attachment_id=2185\" class=\"wp-image-2185\" srcset=\"http:\/\/lichri.radeln-in-den-sonnenaufgang.de\/wp-content\/uploads\/2020\/04\/IMG_8487-1024x683.jpg 1024w, http:\/\/lichri.radeln-in-den-sonnenaufgang.de\/wp-content\/uploads\/2020\/04\/IMG_8487-300x200.jpg 300w, http:\/\/lichri.radeln-in-den-sonnenaufgang.de\/wp-content\/uploads\/2020\/04\/IMG_8487-768x512.jpg 768w, http:\/\/lichri.radeln-in-den-sonnenaufgang.de\/wp-content\/uploads\/2020\/04\/IMG_8487-1536x1024.jpg 1536w, http:\/\/lichri.radeln-in-den-sonnenaufgang.de\/wp-content\/uploads\/2020\/04\/IMG_8487.jpg 1800w\" sizes=\"(max-width: 767px) 89vw, (max-width: 1000px) 54vw, (max-width: 1071px) 543px, 580px\" \/><\/figure><\/li><li class=\"blocks-gallery-item\"><figure><img decoding=\"async\" loading=\"lazy\" width=\"1024\" height=\"683\" src=\"http:\/\/lichri.radeln-in-den-sonnenaufgang.de\/wp-content\/uploads\/2020\/04\/IMG_8489-1024x683.jpg\" alt=\"\" data-id=\"2186\" data-full-url=\"http:\/\/lichri.radeln-in-den-sonnenaufgang.de\/wp-content\/uploads\/2020\/04\/IMG_8489.jpg\" data-link=\"http:\/\/lichri.radeln-in-den-sonnenaufgang.de\/?attachment_id=2186\" class=\"wp-image-2186\" srcset=\"http:\/\/lichri.radeln-in-den-sonnenaufgang.de\/wp-content\/uploads\/2020\/04\/IMG_8489-1024x683.jpg 1024w, http:\/\/lichri.radeln-in-den-sonnenaufgang.de\/wp-content\/uploads\/2020\/04\/IMG_8489-300x200.jpg 300w, http:\/\/lichri.radeln-in-den-sonnenaufgang.de\/wp-content\/uploads\/2020\/04\/IMG_8489-768x512.jpg 768w, http:\/\/lichri.radeln-in-den-sonnenaufgang.de\/wp-content\/uploads\/2020\/04\/IMG_8489-1536x1024.jpg 1536w, http:\/\/lichri.radeln-in-den-sonnenaufgang.de\/wp-content\/uploads\/2020\/04\/IMG_8489.jpg 1800w\" sizes=\"(max-width: 767px) 89vw, (max-width: 1000px) 54vw, (max-width: 1071px) 543px, 580px\" \/><\/figure><\/li><li class=\"blocks-gallery-item\"><figure><img decoding=\"async\" loading=\"lazy\" width=\"1024\" height=\"683\" src=\"http:\/\/lichri.radeln-in-den-sonnenaufgang.de\/wp-content\/uploads\/2020\/04\/IMG_8514-1024x683.jpg\" alt=\"\" data-id=\"2187\" data-full-url=\"http:\/\/lichri.radeln-in-den-sonnenaufgang.de\/wp-content\/uploads\/2020\/04\/IMG_8514.jpg\" data-link=\"http:\/\/lichri.radeln-in-den-sonnenaufgang.de\/?attachment_id=2187\" class=\"wp-image-2187\" srcset=\"http:\/\/lichri.radeln-in-den-sonnenaufgang.de\/wp-content\/uploads\/2020\/04\/IMG_8514-1024x683.jpg 1024w, http:\/\/lichri.radeln-in-den-sonnenaufgang.de\/wp-content\/uploads\/2020\/04\/IMG_8514-300x200.jpg 300w, http:\/\/lichri.radeln-in-den-sonnenaufgang.de\/wp-content\/uploads\/2020\/04\/IMG_8514-768x512.jpg 768w, http:\/\/lichri.radeln-in-den-sonnenaufgang.de\/wp-content\/uploads\/2020\/04\/IMG_8514-1536x1024.jpg 1536w, http:\/\/lichri.radeln-in-den-sonnenaufgang.de\/wp-content\/uploads\/2020\/04\/IMG_8514.jpg 1800w\" sizes=\"(max-width: 767px) 89vw, (max-width: 1000px) 54vw, (max-width: 1071px) 543px, 580px\" \/><\/figure><\/li><li class=\"blocks-gallery-item\"><figure><img decoding=\"async\" loading=\"lazy\" width=\"1024\" height=\"683\" src=\"http:\/\/lichri.radeln-in-den-sonnenaufgang.de\/wp-content\/uploads\/2020\/04\/IMG_8528-1024x683.jpg\" alt=\"\" data-id=\"2188\" data-full-url=\"http:\/\/lichri.radeln-in-den-sonnenaufgang.de\/wp-content\/uploads\/2020\/04\/IMG_8528.jpg\" data-link=\"http:\/\/lichri.radeln-in-den-sonnenaufgang.de\/?attachment_id=2188\" class=\"wp-image-2188\" srcset=\"http:\/\/lichri.radeln-in-den-sonnenaufgang.de\/wp-content\/uploads\/2020\/04\/IMG_8528-1024x683.jpg 1024w, http:\/\/lichri.radeln-in-den-sonnenaufgang.de\/wp-content\/uploads\/2020\/04\/IMG_8528-300x200.jpg 300w, http:\/\/lichri.radeln-in-den-sonnenaufgang.de\/wp-content\/uploads\/2020\/04\/IMG_8528-768x512.jpg 768w, http:\/\/lichri.radeln-in-den-sonnenaufgang.de\/wp-content\/uploads\/2020\/04\/IMG_8528-1536x1024.jpg 1536w, http:\/\/lichri.radeln-in-den-sonnenaufgang.de\/wp-content\/uploads\/2020\/04\/IMG_8528.jpg 1800w\" sizes=\"(max-width: 767px) 89vw, (max-width: 1000px) 54vw, (max-width: 1071px) 543px, 580px\" \/><\/figure><\/li><li class=\"blocks-gallery-item\"><figure><img decoding=\"async\" loading=\"lazy\" width=\"1024\" height=\"683\" src=\"http:\/\/lichri.radeln-in-den-sonnenaufgang.de\/wp-content\/uploads\/2020\/04\/IMG_8532-1024x683.jpg\" alt=\"\" data-id=\"2189\" data-full-url=\"http:\/\/lichri.radeln-in-den-sonnenaufgang.de\/wp-content\/uploads\/2020\/04\/IMG_8532.jpg\" data-link=\"http:\/\/lichri.radeln-in-den-sonnenaufgang.de\/?attachment_id=2189\" class=\"wp-image-2189\" srcset=\"http:\/\/lichri.radeln-in-den-sonnenaufgang.de\/wp-content\/uploads\/2020\/04\/IMG_8532-1024x683.jpg 1024w, http:\/\/lichri.radeln-in-den-sonnenaufgang.de\/wp-content\/uploads\/2020\/04\/IMG_8532-300x200.jpg 300w, http:\/\/lichri.radeln-in-den-sonnenaufgang.de\/wp-content\/uploads\/2020\/04\/IMG_8532-768x512.jpg 768w, http:\/\/lichri.radeln-in-den-sonnenaufgang.de\/wp-content\/uploads\/2020\/04\/IMG_8532-1536x1024.jpg 1536w, http:\/\/lichri.radeln-in-den-sonnenaufgang.de\/wp-content\/uploads\/2020\/04\/IMG_8532.jpg 1800w\" sizes=\"(max-width: 767px) 89vw, (max-width: 1000px) 54vw, (max-width: 1071px) 543px, 580px\" \/><\/figure><\/li><li class=\"blocks-gallery-item\"><figure><img decoding=\"async\" loading=\"lazy\" width=\"1024\" height=\"683\" src=\"http:\/\/lichri.radeln-in-den-sonnenaufgang.de\/wp-content\/uploads\/2020\/04\/IMG_8534-1024x683.jpg\" alt=\"\" data-id=\"2190\" data-full-url=\"http:\/\/lichri.radeln-in-den-sonnenaufgang.de\/wp-content\/uploads\/2020\/04\/IMG_8534.jpg\" data-link=\"http:\/\/lichri.radeln-in-den-sonnenaufgang.de\/?attachment_id=2190\" class=\"wp-image-2190\" srcset=\"http:\/\/lichri.radeln-in-den-sonnenaufgang.de\/wp-content\/uploads\/2020\/04\/IMG_8534-1024x683.jpg 1024w, http:\/\/lichri.radeln-in-den-sonnenaufgang.de\/wp-content\/uploads\/2020\/04\/IMG_8534-300x200.jpg 300w, http:\/\/lichri.radeln-in-den-sonnenaufgang.de\/wp-content\/uploads\/2020\/04\/IMG_8534-768x512.jpg 768w, http:\/\/lichri.radeln-in-den-sonnenaufgang.de\/wp-content\/uploads\/2020\/04\/IMG_8534-1536x1024.jpg 1536w, http:\/\/lichri.radeln-in-den-sonnenaufgang.de\/wp-content\/uploads\/2020\/04\/IMG_8534.jpg 1800w\" sizes=\"(max-width: 767px) 89vw, (max-width: 1000px) 54vw, (max-width: 1071px) 543px, 580px\" \/><\/figure><\/li><li class=\"blocks-gallery-item\"><figure><img decoding=\"async\" loading=\"lazy\" width=\"1024\" height=\"683\" src=\"http:\/\/lichri.radeln-in-den-sonnenaufgang.de\/wp-content\/uploads\/2020\/04\/IMG_8543-1024x683.jpg\" alt=\"\" data-id=\"2191\" data-full-url=\"http:\/\/lichri.radeln-in-den-sonnenaufgang.de\/wp-content\/uploads\/2020\/04\/IMG_8543.jpg\" data-link=\"http:\/\/lichri.radeln-in-den-sonnenaufgang.de\/?attachment_id=2191\" class=\"wp-image-2191\" srcset=\"http:\/\/lichri.radeln-in-den-sonnenaufgang.de\/wp-content\/uploads\/2020\/04\/IMG_8543-1024x683.jpg 1024w, http:\/\/lichri.radeln-in-den-sonnenaufgang.de\/wp-content\/uploads\/2020\/04\/IMG_8543-300x200.jpg 300w, http:\/\/lichri.radeln-in-den-sonnenaufgang.de\/wp-content\/uploads\/2020\/04\/IMG_8543-768x512.jpg 768w, http:\/\/lichri.radeln-in-den-sonnenaufgang.de\/wp-content\/uploads\/2020\/04\/IMG_8543-1536x1024.jpg 1536w, http:\/\/lichri.radeln-in-den-sonnenaufgang.de\/wp-content\/uploads\/2020\/04\/IMG_8543.jpg 1800w\" sizes=\"(max-width: 767px) 89vw, (max-width: 1000px) 54vw, (max-width: 1071px) 543px, 580px\" \/><\/figure><\/li><li class=\"blocks-gallery-item\"><figure><img decoding=\"async\" loading=\"lazy\" width=\"1024\" height=\"683\" src=\"http:\/\/lichri.radeln-in-den-sonnenaufgang.de\/wp-content\/uploads\/2020\/04\/IMG_8546-1024x683.jpg\" alt=\"\" data-id=\"2192\" data-full-url=\"http:\/\/lichri.radeln-in-den-sonnenaufgang.de\/wp-content\/uploads\/2020\/04\/IMG_8546.jpg\" data-link=\"http:\/\/lichri.radeln-in-den-sonnenaufgang.de\/?attachment_id=2192\" class=\"wp-image-2192\" srcset=\"http:\/\/lichri.radeln-in-den-sonnenaufgang.de\/wp-content\/uploads\/2020\/04\/IMG_8546-1024x683.jpg 1024w, http:\/\/lichri.radeln-in-den-sonnenaufgang.de\/wp-content\/uploads\/2020\/04\/IMG_8546-300x200.jpg 300w, http:\/\/lichri.radeln-in-den-sonnenaufgang.de\/wp-content\/uploads\/2020\/04\/IMG_8546-768x512.jpg 768w, http:\/\/lichri.radeln-in-den-sonnenaufgang.de\/wp-content\/uploads\/2020\/04\/IMG_8546-1536x1024.jpg 1536w, http:\/\/lichri.radeln-in-den-sonnenaufgang.de\/wp-content\/uploads\/2020\/04\/IMG_8546.jpg 1800w\" sizes=\"(max-width: 767px) 89vw, (max-width: 1000px) 54vw, (max-width: 1071px) 543px, 580px\" \/><\/figure><\/li><li class=\"blocks-gallery-item\"><figure><img decoding=\"async\" loading=\"lazy\" width=\"1024\" height=\"683\" src=\"http:\/\/lichri.radeln-in-den-sonnenaufgang.de\/wp-content\/uploads\/2020\/04\/IMG_8569-1024x683.jpg\" alt=\"\" data-id=\"2193\" data-full-url=\"http:\/\/lichri.radeln-in-den-sonnenaufgang.de\/wp-content\/uploads\/2020\/04\/IMG_8569.jpg\" data-link=\"http:\/\/lichri.radeln-in-den-sonnenaufgang.de\/?attachment_id=2193\" class=\"wp-image-2193\" srcset=\"http:\/\/lichri.radeln-in-den-sonnenaufgang.de\/wp-content\/uploads\/2020\/04\/IMG_8569-1024x683.jpg 1024w, http:\/\/lichri.radeln-in-den-sonnenaufgang.de\/wp-content\/uploads\/2020\/04\/IMG_8569-300x200.jpg 300w, http:\/\/lichri.radeln-in-den-sonnenaufgang.de\/wp-content\/uploads\/2020\/04\/IMG_8569-768x512.jpg 768w, http:\/\/lichri.radeln-in-den-sonnenaufgang.de\/wp-content\/uploads\/2020\/04\/IMG_8569-1536x1024.jpg 1536w, http:\/\/lichri.radeln-in-den-sonnenaufgang.de\/wp-content\/uploads\/2020\/04\/IMG_8569.jpg 1800w\" sizes=\"(max-width: 767px) 89vw, (max-width: 1000px) 54vw, (max-width: 1071px) 543px, 580px\" \/><\/figure><\/li><li class=\"blocks-gallery-item\"><figure><img decoding=\"async\" loading=\"lazy\" width=\"1024\" height=\"683\" src=\"http:\/\/lichri.radeln-in-den-sonnenaufgang.de\/wp-content\/uploads\/2020\/04\/IMG_8613-1024x683.jpg\" alt=\"\" data-id=\"2194\" data-full-url=\"http:\/\/lichri.radeln-in-den-sonnenaufgang.de\/wp-content\/uploads\/2020\/04\/IMG_8613.jpg\" data-link=\"http:\/\/lichri.radeln-in-den-sonnenaufgang.de\/?attachment_id=2194\" class=\"wp-image-2194\" srcset=\"http:\/\/lichri.radeln-in-den-sonnenaufgang.de\/wp-content\/uploads\/2020\/04\/IMG_8613-1024x683.jpg 1024w, http:\/\/lichri.radeln-in-den-sonnenaufgang.de\/wp-content\/uploads\/2020\/04\/IMG_8613-300x200.jpg 300w, http:\/\/lichri.radeln-in-den-sonnenaufgang.de\/wp-content\/uploads\/2020\/04\/IMG_8613-768x512.jpg 768w, http:\/\/lichri.radeln-in-den-sonnenaufgang.de\/wp-content\/uploads\/2020\/04\/IMG_8613-1536x1024.jpg 1536w, http:\/\/lichri.radeln-in-den-sonnenaufgang.de\/wp-content\/uploads\/2020\/04\/IMG_8613.jpg 1800w\" sizes=\"(max-width: 767px) 89vw, (max-width: 1000px) 54vw, (max-width: 1071px) 543px, 580px\" \/><\/figure><\/li><li class=\"blocks-gallery-item\"><figure><img decoding=\"async\" loading=\"lazy\" width=\"1024\" height=\"683\" src=\"http:\/\/lichri.radeln-in-den-sonnenaufgang.de\/wp-content\/uploads\/2020\/04\/IMG_8625-1024x683.jpg\" alt=\"\" data-id=\"2195\" data-full-url=\"http:\/\/lichri.radeln-in-den-sonnenaufgang.de\/wp-content\/uploads\/2020\/04\/IMG_8625.jpg\" data-link=\"http:\/\/lichri.radeln-in-den-sonnenaufgang.de\/?attachment_id=2195\" class=\"wp-image-2195\" srcset=\"http:\/\/lichri.radeln-in-den-sonnenaufgang.de\/wp-content\/uploads\/2020\/04\/IMG_8625-1024x683.jpg 1024w, http:\/\/lichri.radeln-in-den-sonnenaufgang.de\/wp-content\/uploads\/2020\/04\/IMG_8625-300x200.jpg 300w, http:\/\/lichri.radeln-in-den-sonnenaufgang.de\/wp-content\/uploads\/2020\/04\/IMG_8625-768x512.jpg 768w, http:\/\/lichri.radeln-in-den-sonnenaufgang.de\/wp-content\/uploads\/2020\/04\/IMG_8625-1536x1024.jpg 1536w, http:\/\/lichri.radeln-in-den-sonnenaufgang.de\/wp-content\/uploads\/2020\/04\/IMG_8625.jpg 1800w\" sizes=\"(max-width: 767px) 89vw, (max-width: 1000px) 54vw, (max-width: 1071px) 543px, 580px\" \/><\/figure><\/li><li class=\"blocks-gallery-item\"><figure><img decoding=\"async\" loading=\"lazy\" width=\"1024\" height=\"683\" src=\"http:\/\/lichri.radeln-in-den-sonnenaufgang.de\/wp-content\/uploads\/2020\/04\/IMG_8638-1024x683.jpg\" alt=\"\" data-id=\"2196\" data-full-url=\"http:\/\/lichri.radeln-in-den-sonnenaufgang.de\/wp-content\/uploads\/2020\/04\/IMG_8638.jpg\" data-link=\"http:\/\/lichri.radeln-in-den-sonnenaufgang.de\/?attachment_id=2196\" class=\"wp-image-2196\" srcset=\"http:\/\/lichri.radeln-in-den-sonnenaufgang.de\/wp-content\/uploads\/2020\/04\/IMG_8638-1024x683.jpg 1024w, http:\/\/lichri.radeln-in-den-sonnenaufgang.de\/wp-content\/uploads\/2020\/04\/IMG_8638-300x200.jpg 300w, http:\/\/lichri.radeln-in-den-sonnenaufgang.de\/wp-content\/uploads\/2020\/04\/IMG_8638-768x512.jpg 768w, http:\/\/lichri.radeln-in-den-sonnenaufgang.de\/wp-content\/uploads\/2020\/04\/IMG_8638-1536x1024.jpg 1536w, http:\/\/lichri.radeln-in-den-sonnenaufgang.de\/wp-content\/uploads\/2020\/04\/IMG_8638.jpg 1800w\" sizes=\"(max-width: 767px) 89vw, (max-width: 1000px) 54vw, (max-width: 1071px) 543px, 580px\" \/><\/figure><\/li><li class=\"blocks-gallery-item\"><figure><img decoding=\"async\" loading=\"lazy\" width=\"1024\" height=\"683\" src=\"http:\/\/lichri.radeln-in-den-sonnenaufgang.de\/wp-content\/uploads\/2020\/04\/IMG_8643-1024x683.jpg\" alt=\"\" data-id=\"2197\" data-full-url=\"http:\/\/lichri.radeln-in-den-sonnenaufgang.de\/wp-content\/uploads\/2020\/04\/IMG_8643.jpg\" data-link=\"http:\/\/lichri.radeln-in-den-sonnenaufgang.de\/?attachment_id=2197\" class=\"wp-image-2197\" srcset=\"http:\/\/lichri.radeln-in-den-sonnenaufgang.de\/wp-content\/uploads\/2020\/04\/IMG_8643-1024x683.jpg 1024w, http:\/\/lichri.radeln-in-den-sonnenaufgang.de\/wp-content\/uploads\/2020\/04\/IMG_8643-300x200.jpg 300w, http:\/\/lichri.radeln-in-den-sonnenaufgang.de\/wp-content\/uploads\/2020\/04\/IMG_8643-768x512.jpg 768w, http:\/\/lichri.radeln-in-den-sonnenaufgang.de\/wp-content\/uploads\/2020\/04\/IMG_8643-1536x1024.jpg 1536w, http:\/\/lichri.radeln-in-den-sonnenaufgang.de\/wp-content\/uploads\/2020\/04\/IMG_8643.jpg 1800w\" sizes=\"(max-width: 767px) 89vw, (max-width: 1000px) 54vw, (max-width: 1071px) 543px, 580px\" \/><\/figure><\/li><li class=\"blocks-gallery-item\"><figure><img decoding=\"async\" loading=\"lazy\" width=\"1024\" height=\"683\" src=\"http:\/\/lichri.radeln-in-den-sonnenaufgang.de\/wp-content\/uploads\/2020\/04\/IMG_8665-1024x683.jpg\" alt=\"\" data-id=\"2199\" data-full-url=\"http:\/\/lichri.radeln-in-den-sonnenaufgang.de\/wp-content\/uploads\/2020\/04\/IMG_8665.jpg\" data-link=\"http:\/\/lichri.radeln-in-den-sonnenaufgang.de\/?attachment_id=2199\" class=\"wp-image-2199\" srcset=\"http:\/\/lichri.radeln-in-den-sonnenaufgang.de\/wp-content\/uploads\/2020\/04\/IMG_8665-1024x683.jpg 1024w, http:\/\/lichri.radeln-in-den-sonnenaufgang.de\/wp-content\/uploads\/2020\/04\/IMG_8665-300x200.jpg 300w, http:\/\/lichri.radeln-in-den-sonnenaufgang.de\/wp-content\/uploads\/2020\/04\/IMG_8665-768x512.jpg 768w, http:\/\/lichri.radeln-in-den-sonnenaufgang.de\/wp-content\/uploads\/2020\/04\/IMG_8665-1536x1024.jpg 1536w, http:\/\/lichri.radeln-in-den-sonnenaufgang.de\/wp-content\/uploads\/2020\/04\/IMG_8665.jpg 1800w\" sizes=\"(max-width: 767px) 89vw, (max-width: 1000px) 54vw, (max-width: 1071px) 543px, 580px\" \/><\/figure><\/li><li class=\"blocks-gallery-item\"><figure><img decoding=\"async\" loading=\"lazy\" width=\"1024\" height=\"683\" src=\"http:\/\/lichri.radeln-in-den-sonnenaufgang.de\/wp-content\/uploads\/2020\/04\/IMG_9334-1024x683.jpg\" alt=\"\" data-id=\"2254\" data-full-url=\"http:\/\/lichri.radeln-in-den-sonnenaufgang.de\/wp-content\/uploads\/2020\/04\/IMG_9334.jpg\" data-link=\"http:\/\/lichri.radeln-in-den-sonnenaufgang.de\/?attachment_id=2254\" class=\"wp-image-2254\" srcset=\"http:\/\/lichri.radeln-in-den-sonnenaufgang.de\/wp-content\/uploads\/2020\/04\/IMG_9334-1024x683.jpg 1024w, http:\/\/lichri.radeln-in-den-sonnenaufgang.de\/wp-content\/uploads\/2020\/04\/IMG_9334-300x200.jpg 300w, http:\/\/lichri.radeln-in-den-sonnenaufgang.de\/wp-content\/uploads\/2020\/04\/IMG_9334-768x512.jpg 768w, http:\/\/lichri.radeln-in-den-sonnenaufgang.de\/wp-content\/uploads\/2020\/04\/IMG_9334-1536x1024.jpg 1536w, http:\/\/lichri.radeln-in-den-sonnenaufgang.de\/wp-content\/uploads\/2020\/04\/IMG_9334.jpg 1800w\" sizes=\"(max-width: 767px) 89vw, (max-width: 1000px) 54vw, (max-width: 1071px) 543px, 580px\" \/><\/figure><\/li><li class=\"blocks-gallery-item\"><figure><img decoding=\"async\" loading=\"lazy\" width=\"1024\" height=\"683\" src=\"http:\/\/lichri.radeln-in-den-sonnenaufgang.de\/wp-content\/uploads\/2020\/04\/IMG_9441-1024x683.jpg\" alt=\"\" data-id=\"2262\" data-full-url=\"http:\/\/lichri.radeln-in-den-sonnenaufgang.de\/wp-content\/uploads\/2020\/04\/IMG_9441.jpg\" data-link=\"http:\/\/lichri.radeln-in-den-sonnenaufgang.de\/?attachment_id=2262\" class=\"wp-image-2262\" srcset=\"http:\/\/lichri.radeln-in-den-sonnenaufgang.de\/wp-content\/uploads\/2020\/04\/IMG_9441-1024x683.jpg 1024w, http:\/\/lichri.radeln-in-den-sonnenaufgang.de\/wp-content\/uploads\/2020\/04\/IMG_9441-300x200.jpg 300w, http:\/\/lichri.radeln-in-den-sonnenaufgang.de\/wp-content\/uploads\/2020\/04\/IMG_9441-768x512.jpg 768w, http:\/\/lichri.radeln-in-den-sonnenaufgang.de\/wp-content\/uploads\/2020\/04\/IMG_9441-1536x1024.jpg 1536w, http:\/\/lichri.radeln-in-den-sonnenaufgang.de\/wp-content\/uploads\/2020\/04\/IMG_9441.jpg 1800w\" sizes=\"(max-width: 767px) 89vw, (max-width: 1000px) 54vw, (max-width: 1071px) 543px, 580px\" \/><\/figure><\/li><li class=\"blocks-gallery-item\"><figure><img decoding=\"async\" loading=\"lazy\" width=\"683\" height=\"1024\" src=\"http:\/\/lichri.radeln-in-den-sonnenaufgang.de\/wp-content\/uploads\/2020\/04\/IMG_9445-683x1024.jpg\" alt=\"\" data-id=\"2264\" data-full-url=\"http:\/\/lichri.radeln-in-den-sonnenaufgang.de\/wp-content\/uploads\/2020\/04\/IMG_9445-rotated.jpg\" data-link=\"http:\/\/lichri.radeln-in-den-sonnenaufgang.de\/?attachment_id=2264\" class=\"wp-image-2264\" srcset=\"http:\/\/lichri.radeln-in-den-sonnenaufgang.de\/wp-content\/uploads\/2020\/04\/IMG_9445-683x1024.jpg 683w, http:\/\/lichri.radeln-in-den-sonnenaufgang.de\/wp-content\/uploads\/2020\/04\/IMG_9445-200x300.jpg 200w, http:\/\/lichri.radeln-in-den-sonnenaufgang.de\/wp-content\/uploads\/2020\/04\/IMG_9445-768x1152.jpg 768w, http:\/\/lichri.radeln-in-den-sonnenaufgang.de\/wp-content\/uploads\/2020\/04\/IMG_9445-1024x1536.jpg 1024w, http:\/\/lichri.radeln-in-den-sonnenaufgang.de\/wp-content\/uploads\/2020\/04\/IMG_9445-rotated.jpg 1200w\" sizes=\"(max-width: 683px) 100vw, 683px\" \/><\/figure><\/li><li class=\"blocks-gallery-item\"><figure><img decoding=\"async\" loading=\"lazy\" width=\"1024\" height=\"683\" src=\"http:\/\/lichri.radeln-in-den-sonnenaufgang.de\/wp-content\/uploads\/2020\/04\/IMG_9472-1024x683.jpg\" alt=\"\" data-id=\"2265\" data-full-url=\"http:\/\/lichri.radeln-in-den-sonnenaufgang.de\/wp-content\/uploads\/2020\/04\/IMG_9472.jpg\" data-link=\"http:\/\/lichri.radeln-in-den-sonnenaufgang.de\/?attachment_id=2265\" class=\"wp-image-2265\" srcset=\"http:\/\/lichri.radeln-in-den-sonnenaufgang.de\/wp-content\/uploads\/2020\/04\/IMG_9472-1024x683.jpg 1024w, http:\/\/lichri.radeln-in-den-sonnenaufgang.de\/wp-content\/uploads\/2020\/04\/IMG_9472-300x200.jpg 300w, http:\/\/lichri.radeln-in-den-sonnenaufgang.de\/wp-content\/uploads\/2020\/04\/IMG_9472-768x512.jpg 768w, http:\/\/lichri.radeln-in-den-sonnenaufgang.de\/wp-content\/uploads\/2020\/04\/IMG_9472-1536x1024.jpg 1536w, http:\/\/lichri.radeln-in-den-sonnenaufgang.de\/wp-content\/uploads\/2020\/04\/IMG_9472.jpg 1800w\" sizes=\"(max-width: 767px) 89vw, (max-width: 1000px) 54vw, (max-width: 1071px) 543px, 580px\" \/><\/figure><\/li><li class=\"blocks-gallery-item\"><figure><img decoding=\"async\" loading=\"lazy\" width=\"1024\" height=\"683\" src=\"http:\/\/lichri.radeln-in-den-sonnenaufgang.de\/wp-content\/uploads\/2020\/04\/IMG_9489-1024x683.jpg\" alt=\"\" data-id=\"2266\" data-full-url=\"http:\/\/lichri.radeln-in-den-sonnenaufgang.de\/wp-content\/uploads\/2020\/04\/IMG_9489.jpg\" data-link=\"http:\/\/lichri.radeln-in-den-sonnenaufgang.de\/?attachment_id=2266\" class=\"wp-image-2266\" srcset=\"http:\/\/lichri.radeln-in-den-sonnenaufgang.de\/wp-content\/uploads\/2020\/04\/IMG_9489-1024x683.jpg 1024w, http:\/\/lichri.radeln-in-den-sonnenaufgang.de\/wp-content\/uploads\/2020\/04\/IMG_9489-300x200.jpg 300w, http:\/\/lichri.radeln-in-den-sonnenaufgang.de\/wp-content\/uploads\/2020\/04\/IMG_9489-768x512.jpg 768w, http:\/\/lichri.radeln-in-den-sonnenaufgang.de\/wp-content\/uploads\/2020\/04\/IMG_9489-1536x1024.jpg 1536w, http:\/\/lichri.radeln-in-den-sonnenaufgang.de\/wp-content\/uploads\/2020\/04\/IMG_9489.jpg 1800w\" sizes=\"(max-width: 767px) 89vw, (max-width: 1000px) 54vw, (max-width: 1071px) 543px, 580px\" \/><\/figure><\/li><li class=\"blocks-gallery-item\"><figure><img decoding=\"async\" loading=\"lazy\" width=\"1024\" height=\"683\" src=\"http:\/\/lichri.radeln-in-den-sonnenaufgang.de\/wp-content\/uploads\/2020\/04\/IMG_9006-1024x683.jpg\" alt=\"\" data-id=\"2231\" data-full-url=\"http:\/\/lichri.radeln-in-den-sonnenaufgang.de\/wp-content\/uploads\/2020\/04\/IMG_9006.jpg\" data-link=\"http:\/\/lichri.radeln-in-den-sonnenaufgang.de\/?attachment_id=2231\" class=\"wp-image-2231\" srcset=\"http:\/\/lichri.radeln-in-den-sonnenaufgang.de\/wp-content\/uploads\/2020\/04\/IMG_9006-1024x683.jpg 1024w, http:\/\/lichri.radeln-in-den-sonnenaufgang.de\/wp-content\/uploads\/2020\/04\/IMG_9006-300x200.jpg 300w, http:\/\/lichri.radeln-in-den-sonnenaufgang.de\/wp-content\/uploads\/2020\/04\/IMG_9006-768x512.jpg 768w, http:\/\/lichri.radeln-in-den-sonnenaufgang.de\/wp-content\/uploads\/2020\/04\/IMG_9006-1536x1024.jpg 1536w, http:\/\/lichri.radeln-in-den-sonnenaufgang.de\/wp-content\/uploads\/2020\/04\/IMG_9006.jpg 1800w\" sizes=\"(max-width: 767px) 89vw, (max-width: 1000px) 54vw, (max-width: 1071px) 543px, 580px\" \/><\/figure><\/li><li class=\"blocks-gallery-item\"><figure><img decoding=\"async\" loading=\"lazy\" width=\"683\" height=\"1024\" src=\"http:\/\/lichri.radeln-in-den-sonnenaufgang.de\/wp-content\/uploads\/2020\/04\/IMG_9003-683x1024.jpg\" alt=\"\" data-id=\"2230\" data-full-url=\"http:\/\/lichri.radeln-in-den-sonnenaufgang.de\/wp-content\/uploads\/2020\/04\/IMG_9003-rotated.jpg\" data-link=\"http:\/\/lichri.radeln-in-den-sonnenaufgang.de\/?attachment_id=2230\" class=\"wp-image-2230\" srcset=\"http:\/\/lichri.radeln-in-den-sonnenaufgang.de\/wp-content\/uploads\/2020\/04\/IMG_9003-683x1024.jpg 683w, http:\/\/lichri.radeln-in-den-sonnenaufgang.de\/wp-content\/uploads\/2020\/04\/IMG_9003-200x300.jpg 200w, http:\/\/lichri.radeln-in-den-sonnenaufgang.de\/wp-content\/uploads\/2020\/04\/IMG_9003-768x1152.jpg 768w, http:\/\/lichri.radeln-in-den-sonnenaufgang.de\/wp-content\/uploads\/2020\/04\/IMG_9003-1024x1536.jpg 1024w, http:\/\/lichri.radeln-in-den-sonnenaufgang.de\/wp-content\/uploads\/2020\/04\/IMG_9003-rotated.jpg 1200w\" sizes=\"(max-width: 683px) 100vw, 683px\" \/><\/figure><\/li><li class=\"blocks-gallery-item\"><figure><img decoding=\"async\" loading=\"lazy\" width=\"1024\" height=\"683\" src=\"http:\/\/lichri.radeln-in-den-sonnenaufgang.de\/wp-content\/uploads\/2020\/04\/IMG_9420-1024x683.jpg\" alt=\"\" data-id=\"2260\" data-full-url=\"http:\/\/lichri.radeln-in-den-sonnenaufgang.de\/wp-content\/uploads\/2020\/04\/IMG_9420.jpg\" data-link=\"http:\/\/lichri.radeln-in-den-sonnenaufgang.de\/?attachment_id=2260\" class=\"wp-image-2260\" srcset=\"http:\/\/lichri.radeln-in-den-sonnenaufgang.de\/wp-content\/uploads\/2020\/04\/IMG_9420-1024x683.jpg 1024w, http:\/\/lichri.radeln-in-den-sonnenaufgang.de\/wp-content\/uploads\/2020\/04\/IMG_9420-300x200.jpg 300w, http:\/\/lichri.radeln-in-den-sonnenaufgang.de\/wp-content\/uploads\/2020\/04\/IMG_9420-768x512.jpg 768w, http:\/\/lichri.radeln-in-den-sonnenaufgang.de\/wp-content\/uploads\/2020\/04\/IMG_9420-1536x1024.jpg 1536w, http:\/\/lichri.radeln-in-den-sonnenaufgang.de\/wp-content\/uploads\/2020\/04\/IMG_9420.jpg 1800w\" sizes=\"(max-width: 767px) 89vw, (max-width: 1000px) 54vw, (max-width: 1071px) 543px, 580px\" \/><\/figure><\/li><li class=\"blocks-gallery-item\"><figure><img decoding=\"async\" loading=\"lazy\" width=\"683\" height=\"1024\" src=\"http:\/\/lichri.radeln-in-den-sonnenaufgang.de\/wp-content\/uploads\/2020\/04\/IMG_9037-683x1024.jpg\" alt=\"\" data-id=\"2232\" data-full-url=\"http:\/\/lichri.radeln-in-den-sonnenaufgang.de\/wp-content\/uploads\/2020\/04\/IMG_9037-rotated.jpg\" data-link=\"http:\/\/lichri.radeln-in-den-sonnenaufgang.de\/?attachment_id=2232\" class=\"wp-image-2232\" srcset=\"http:\/\/lichri.radeln-in-den-sonnenaufgang.de\/wp-content\/uploads\/2020\/04\/IMG_9037-683x1024.jpg 683w, http:\/\/lichri.radeln-in-den-sonnenaufgang.de\/wp-content\/uploads\/2020\/04\/IMG_9037-200x300.jpg 200w, http:\/\/lichri.radeln-in-den-sonnenaufgang.de\/wp-content\/uploads\/2020\/04\/IMG_9037-768x1152.jpg 768w, http:\/\/lichri.radeln-in-den-sonnenaufgang.de\/wp-content\/uploads\/2020\/04\/IMG_9037-1024x1536.jpg 1024w, http:\/\/lichri.radeln-in-den-sonnenaufgang.de\/wp-content\/uploads\/2020\/04\/IMG_9037-rotated.jpg 1200w\" sizes=\"(max-width: 683px) 100vw, 683px\" \/><\/figure><\/li><li class=\"blocks-gallery-item\"><figure><img decoding=\"async\" loading=\"lazy\" width=\"683\" height=\"1024\" src=\"http:\/\/lichri.radeln-in-den-sonnenaufgang.de\/wp-content\/uploads\/2020\/04\/IMG_9038-683x1024.jpg\" alt=\"\" data-id=\"2233\" data-full-url=\"http:\/\/lichri.radeln-in-den-sonnenaufgang.de\/wp-content\/uploads\/2020\/04\/IMG_9038-rotated.jpg\" data-link=\"http:\/\/lichri.radeln-in-den-sonnenaufgang.de\/?attachment_id=2233\" class=\"wp-image-2233\" srcset=\"http:\/\/lichri.radeln-in-den-sonnenaufgang.de\/wp-content\/uploads\/2020\/04\/IMG_9038-683x1024.jpg 683w, http:\/\/lichri.radeln-in-den-sonnenaufgang.de\/wp-content\/uploads\/2020\/04\/IMG_9038-200x300.jpg 200w, http:\/\/lichri.radeln-in-den-sonnenaufgang.de\/wp-content\/uploads\/2020\/04\/IMG_9038-768x1152.jpg 768w, http:\/\/lichri.radeln-in-den-sonnenaufgang.de\/wp-content\/uploads\/2020\/04\/IMG_9038-1024x1536.jpg 1024w, http:\/\/lichri.radeln-in-den-sonnenaufgang.de\/wp-content\/uploads\/2020\/04\/IMG_9038-rotated.jpg 1200w\" sizes=\"(max-width: 683px) 100vw, 683px\" \/><\/figure><\/li><li class=\"blocks-gallery-item\"><figure><img decoding=\"async\" loading=\"lazy\" width=\"683\" height=\"1024\" src=\"http:\/\/lichri.radeln-in-den-sonnenaufgang.de\/wp-content\/uploads\/2020\/04\/IMG_9058-683x1024.jpg\" alt=\"\" data-id=\"2235\" data-full-url=\"http:\/\/lichri.radeln-in-den-sonnenaufgang.de\/wp-content\/uploads\/2020\/04\/IMG_9058-rotated.jpg\" data-link=\"http:\/\/lichri.radeln-in-den-sonnenaufgang.de\/?attachment_id=2235\" class=\"wp-image-2235\" srcset=\"http:\/\/lichri.radeln-in-den-sonnenaufgang.de\/wp-content\/uploads\/2020\/04\/IMG_9058-683x1024.jpg 683w, http:\/\/lichri.radeln-in-den-sonnenaufgang.de\/wp-content\/uploads\/2020\/04\/IMG_9058-200x300.jpg 200w, http:\/\/lichri.radeln-in-den-sonnenaufgang.de\/wp-content\/uploads\/2020\/04\/IMG_9058-768x1152.jpg 768w, http:\/\/lichri.radeln-in-den-sonnenaufgang.de\/wp-content\/uploads\/2020\/04\/IMG_9058-1024x1536.jpg 1024w, http:\/\/lichri.radeln-in-den-sonnenaufgang.de\/wp-content\/uploads\/2020\/04\/IMG_9058-rotated.jpg 1200w\" sizes=\"(max-width: 683px) 100vw, 683px\" \/><\/figure><\/li><li class=\"blocks-gallery-item\"><figure><img decoding=\"async\" loading=\"lazy\" width=\"683\" height=\"1024\" src=\"http:\/\/lichri.radeln-in-den-sonnenaufgang.de\/wp-content\/uploads\/2020\/04\/IMG_9045-683x1024.jpg\" alt=\"\" data-id=\"2234\" data-full-url=\"http:\/\/lichri.radeln-in-den-sonnenaufgang.de\/wp-content\/uploads\/2020\/04\/IMG_9045-rotated.jpg\" data-link=\"http:\/\/lichri.radeln-in-den-sonnenaufgang.de\/?attachment_id=2234\" class=\"wp-image-2234\" srcset=\"http:\/\/lichri.radeln-in-den-sonnenaufgang.de\/wp-content\/uploads\/2020\/04\/IMG_9045-683x1024.jpg 683w, http:\/\/lichri.radeln-in-den-sonnenaufgang.de\/wp-content\/uploads\/2020\/04\/IMG_9045-200x300.jpg 200w, http:\/\/lichri.radeln-in-den-sonnenaufgang.de\/wp-content\/uploads\/2020\/04\/IMG_9045-768x1152.jpg 768w, http:\/\/lichri.radeln-in-den-sonnenaufgang.de\/wp-content\/uploads\/2020\/04\/IMG_9045-1024x1536.jpg 1024w, http:\/\/lichri.radeln-in-den-sonnenaufgang.de\/wp-content\/uploads\/2020\/04\/IMG_9045-rotated.jpg 1200w\" sizes=\"(max-width: 683px) 100vw, 683px\" \/><\/figure><\/li><li class=\"blocks-gallery-item\"><figure><img decoding=\"async\" loading=\"lazy\" width=\"683\" height=\"1024\" src=\"http:\/\/lichri.radeln-in-den-sonnenaufgang.de\/wp-content\/uploads\/2020\/04\/IMG_9060-683x1024.jpg\" alt=\"\" data-id=\"2236\" data-full-url=\"http:\/\/lichri.radeln-in-den-sonnenaufgang.de\/wp-content\/uploads\/2020\/04\/IMG_9060-rotated.jpg\" data-link=\"http:\/\/lichri.radeln-in-den-sonnenaufgang.de\/?attachment_id=2236\" class=\"wp-image-2236\" srcset=\"http:\/\/lichri.radeln-in-den-sonnenaufgang.de\/wp-content\/uploads\/2020\/04\/IMG_9060-683x1024.jpg 683w, http:\/\/lichri.radeln-in-den-sonnenaufgang.de\/wp-content\/uploads\/2020\/04\/IMG_9060-200x300.jpg 200w, http:\/\/lichri.radeln-in-den-sonnenaufgang.de\/wp-content\/uploads\/2020\/04\/IMG_9060-768x1152.jpg 768w, http:\/\/lichri.radeln-in-den-sonnenaufgang.de\/wp-content\/uploads\/2020\/04\/IMG_9060-1024x1536.jpg 1024w, http:\/\/lichri.radeln-in-den-sonnenaufgang.de\/wp-content\/uploads\/2020\/04\/IMG_9060-rotated.jpg 1200w\" sizes=\"(max-width: 683px) 100vw, 683px\" \/><\/figure><\/li><li class=\"blocks-gallery-item\"><figure><img decoding=\"async\" loading=\"lazy\" width=\"1024\" height=\"683\" src=\"http:\/\/lichri.radeln-in-den-sonnenaufgang.de\/wp-content\/uploads\/2020\/04\/IMG_9062-1024x683.jpg\" alt=\"\" data-id=\"2237\" data-full-url=\"http:\/\/lichri.radeln-in-den-sonnenaufgang.de\/wp-content\/uploads\/2020\/04\/IMG_9062.jpg\" data-link=\"http:\/\/lichri.radeln-in-den-sonnenaufgang.de\/?attachment_id=2237\" class=\"wp-image-2237\" srcset=\"http:\/\/lichri.radeln-in-den-sonnenaufgang.de\/wp-content\/uploads\/2020\/04\/IMG_9062-1024x683.jpg 1024w, http:\/\/lichri.radeln-in-den-sonnenaufgang.de\/wp-content\/uploads\/2020\/04\/IMG_9062-300x200.jpg 300w, http:\/\/lichri.radeln-in-den-sonnenaufgang.de\/wp-content\/uploads\/2020\/04\/IMG_9062-768x512.jpg 768w, http:\/\/lichri.radeln-in-den-sonnenaufgang.de\/wp-content\/uploads\/2020\/04\/IMG_9062-1536x1024.jpg 1536w, http:\/\/lichri.radeln-in-den-sonnenaufgang.de\/wp-content\/uploads\/2020\/04\/IMG_9062.jpg 1800w\" sizes=\"(max-width: 767px) 89vw, (max-width: 1000px) 54vw, (max-width: 1071px) 543px, 580px\" \/><\/figure><\/li><li class=\"blocks-gallery-item\"><figure><img decoding=\"async\" loading=\"lazy\" width=\"1024\" height=\"683\" src=\"http:\/\/lichri.radeln-in-den-sonnenaufgang.de\/wp-content\/uploads\/2020\/04\/IMG_9063-1024x683.jpg\" alt=\"\" data-id=\"2238\" data-full-url=\"http:\/\/lichri.radeln-in-den-sonnenaufgang.de\/wp-content\/uploads\/2020\/04\/IMG_9063.jpg\" data-link=\"http:\/\/lichri.radeln-in-den-sonnenaufgang.de\/?attachment_id=2238\" class=\"wp-image-2238\" srcset=\"http:\/\/lichri.radeln-in-den-sonnenaufgang.de\/wp-content\/uploads\/2020\/04\/IMG_9063-1024x683.jpg 1024w, http:\/\/lichri.radeln-in-den-sonnenaufgang.de\/wp-content\/uploads\/2020\/04\/IMG_9063-300x200.jpg 300w, http:\/\/lichri.radeln-in-den-sonnenaufgang.de\/wp-content\/uploads\/2020\/04\/IMG_9063-768x512.jpg 768w, http:\/\/lichri.radeln-in-den-sonnenaufgang.de\/wp-content\/uploads\/2020\/04\/IMG_9063-1536x1024.jpg 1536w, http:\/\/lichri.radeln-in-den-sonnenaufgang.de\/wp-content\/uploads\/2020\/04\/IMG_9063.jpg 1800w\" sizes=\"(max-width: 767px) 89vw, (max-width: 1000px) 54vw, (max-width: 1071px) 543px, 580px\" \/><\/figure><\/li><li class=\"blocks-gallery-item\"><figure><img decoding=\"async\" loading=\"lazy\" width=\"1024\" height=\"683\" src=\"http:\/\/lichri.radeln-in-den-sonnenaufgang.de\/wp-content\/uploads\/2020\/04\/IMG_9073-1024x683.jpg\" alt=\"\" data-id=\"2239\" data-full-url=\"http:\/\/lichri.radeln-in-den-sonnenaufgang.de\/wp-content\/uploads\/2020\/04\/IMG_9073.jpg\" data-link=\"http:\/\/lichri.radeln-in-den-sonnenaufgang.de\/?attachment_id=2239\" class=\"wp-image-2239\" srcset=\"http:\/\/lichri.radeln-in-den-sonnenaufgang.de\/wp-content\/uploads\/2020\/04\/IMG_9073-1024x683.jpg 1024w, http:\/\/lichri.radeln-in-den-sonnenaufgang.de\/wp-content\/uploads\/2020\/04\/IMG_9073-300x200.jpg 300w, http:\/\/lichri.radeln-in-den-sonnenaufgang.de\/wp-content\/uploads\/2020\/04\/IMG_9073-768x512.jpg 768w, http:\/\/lichri.radeln-in-den-sonnenaufgang.de\/wp-content\/uploads\/2020\/04\/IMG_9073-1536x1024.jpg 1536w, http:\/\/lichri.radeln-in-den-sonnenaufgang.de\/wp-content\/uploads\/2020\/04\/IMG_9073.jpg 1800w\" sizes=\"(max-width: 767px) 89vw, (max-width: 1000px) 54vw, (max-width: 1071px) 543px, 580px\" \/><\/figure><\/li><li class=\"blocks-gallery-item\"><figure><img decoding=\"async\" loading=\"lazy\" width=\"1024\" height=\"683\" src=\"http:\/\/lichri.radeln-in-den-sonnenaufgang.de\/wp-content\/uploads\/2020\/04\/IMG_9077-1024x683.jpg\" alt=\"\" data-id=\"2240\" data-full-url=\"http:\/\/lichri.radeln-in-den-sonnenaufgang.de\/wp-content\/uploads\/2020\/04\/IMG_9077.jpg\" data-link=\"http:\/\/lichri.radeln-in-den-sonnenaufgang.de\/?attachment_id=2240\" class=\"wp-image-2240\" srcset=\"http:\/\/lichri.radeln-in-den-sonnenaufgang.de\/wp-content\/uploads\/2020\/04\/IMG_9077-1024x683.jpg 1024w, http:\/\/lichri.radeln-in-den-sonnenaufgang.de\/wp-content\/uploads\/2020\/04\/IMG_9077-300x200.jpg 300w, http:\/\/lichri.radeln-in-den-sonnenaufgang.de\/wp-content\/uploads\/2020\/04\/IMG_9077-768x512.jpg 768w, http:\/\/lichri.radeln-in-den-sonnenaufgang.de\/wp-content\/uploads\/2020\/04\/IMG_9077-1536x1024.jpg 1536w, http:\/\/lichri.radeln-in-den-sonnenaufgang.de\/wp-content\/uploads\/2020\/04\/IMG_9077.jpg 1800w\" sizes=\"(max-width: 767px) 89vw, (max-width: 1000px) 54vw, (max-width: 1071px) 543px, 580px\" \/><\/figure><\/li><li class=\"blocks-gallery-item\"><figure><img decoding=\"async\" loading=\"lazy\" width=\"1024\" height=\"683\" src=\"http:\/\/lichri.radeln-in-den-sonnenaufgang.de\/wp-content\/uploads\/2020\/04\/IMG_9079-1024x683.jpg\" alt=\"\" data-id=\"2241\" data-full-url=\"http:\/\/lichri.radeln-in-den-sonnenaufgang.de\/wp-content\/uploads\/2020\/04\/IMG_9079.jpg\" data-link=\"http:\/\/lichri.radeln-in-den-sonnenaufgang.de\/?attachment_id=2241\" class=\"wp-image-2241\" srcset=\"http:\/\/lichri.radeln-in-den-sonnenaufgang.de\/wp-content\/uploads\/2020\/04\/IMG_9079-1024x683.jpg 1024w, http:\/\/lichri.radeln-in-den-sonnenaufgang.de\/wp-content\/uploads\/2020\/04\/IMG_9079-300x200.jpg 300w, http:\/\/lichri.radeln-in-den-sonnenaufgang.de\/wp-content\/uploads\/2020\/04\/IMG_9079-768x512.jpg 768w, http:\/\/lichri.radeln-in-den-sonnenaufgang.de\/wp-content\/uploads\/2020\/04\/IMG_9079-1536x1024.jpg 1536w, http:\/\/lichri.radeln-in-den-sonnenaufgang.de\/wp-content\/uploads\/2020\/04\/IMG_9079.jpg 1800w\" sizes=\"(max-width: 767px) 89vw, (max-width: 1000px) 54vw, (max-width: 1071px) 543px, 580px\" \/><\/figure><\/li><li class=\"blocks-gallery-item\"><figure><img decoding=\"async\" loading=\"lazy\" width=\"1024\" height=\"683\" src=\"http:\/\/lichri.radeln-in-den-sonnenaufgang.de\/wp-content\/uploads\/2020\/04\/IMG_9083-1024x683.jpg\" alt=\"\" data-id=\"2242\" data-full-url=\"http:\/\/lichri.radeln-in-den-sonnenaufgang.de\/wp-content\/uploads\/2020\/04\/IMG_9083.jpg\" data-link=\"http:\/\/lichri.radeln-in-den-sonnenaufgang.de\/?attachment_id=2242\" class=\"wp-image-2242\" srcset=\"http:\/\/lichri.radeln-in-den-sonnenaufgang.de\/wp-content\/uploads\/2020\/04\/IMG_9083-1024x683.jpg 1024w, http:\/\/lichri.radeln-in-den-sonnenaufgang.de\/wp-content\/uploads\/2020\/04\/IMG_9083-300x200.jpg 300w, http:\/\/lichri.radeln-in-den-sonnenaufgang.de\/wp-content\/uploads\/2020\/04\/IMG_9083-768x512.jpg 768w, http:\/\/lichri.radeln-in-den-sonnenaufgang.de\/wp-content\/uploads\/2020\/04\/IMG_9083-1536x1024.jpg 1536w, http:\/\/lichri.radeln-in-den-sonnenaufgang.de\/wp-content\/uploads\/2020\/04\/IMG_9083.jpg 1800w\" sizes=\"(max-width: 767px) 89vw, (max-width: 1000px) 54vw, (max-width: 1071px) 543px, 580px\" \/><\/figure><\/li><li class=\"blocks-gallery-item\"><figure><img decoding=\"async\" loading=\"lazy\" width=\"1024\" height=\"683\" src=\"http:\/\/lichri.radeln-in-den-sonnenaufgang.de\/wp-content\/uploads\/2020\/04\/IMG_9520-1024x683.jpg\" alt=\"\" data-id=\"2267\" data-full-url=\"http:\/\/lichri.radeln-in-den-sonnenaufgang.de\/wp-content\/uploads\/2020\/04\/IMG_9520.jpg\" data-link=\"http:\/\/lichri.radeln-in-den-sonnenaufgang.de\/?attachment_id=2267\" class=\"wp-image-2267\" srcset=\"http:\/\/lichri.radeln-in-den-sonnenaufgang.de\/wp-content\/uploads\/2020\/04\/IMG_9520-1024x683.jpg 1024w, http:\/\/lichri.radeln-in-den-sonnenaufgang.de\/wp-content\/uploads\/2020\/04\/IMG_9520-300x200.jpg 300w, http:\/\/lichri.radeln-in-den-sonnenaufgang.de\/wp-content\/uploads\/2020\/04\/IMG_9520-768x512.jpg 768w, http:\/\/lichri.radeln-in-den-sonnenaufgang.de\/wp-content\/uploads\/2020\/04\/IMG_9520-1536x1024.jpg 1536w, http:\/\/lichri.radeln-in-den-sonnenaufgang.de\/wp-content\/uploads\/2020\/04\/IMG_9520.jpg 1800w\" sizes=\"(max-width: 767px) 89vw, (max-width: 1000px) 54vw, (max-width: 1071px) 543px, 580px\" \/><\/figure><\/li><li class=\"blocks-gallery-item\"><figure><img decoding=\"async\" loading=\"lazy\" width=\"683\" height=\"1024\" src=\"http:\/\/lichri.radeln-in-den-sonnenaufgang.de\/wp-content\/uploads\/2020\/04\/IMG_9536-683x1024.jpg\" alt=\"\" data-id=\"2268\" data-full-url=\"http:\/\/lichri.radeln-in-den-sonnenaufgang.de\/wp-content\/uploads\/2020\/04\/IMG_9536-rotated.jpg\" data-link=\"http:\/\/lichri.radeln-in-den-sonnenaufgang.de\/?attachment_id=2268\" class=\"wp-image-2268\" srcset=\"http:\/\/lichri.radeln-in-den-sonnenaufgang.de\/wp-content\/uploads\/2020\/04\/IMG_9536-683x1024.jpg 683w, http:\/\/lichri.radeln-in-den-sonnenaufgang.de\/wp-content\/uploads\/2020\/04\/IMG_9536-200x300.jpg 200w, http:\/\/lichri.radeln-in-den-sonnenaufgang.de\/wp-content\/uploads\/2020\/04\/IMG_9536-768x1152.jpg 768w, http:\/\/lichri.radeln-in-den-sonnenaufgang.de\/wp-content\/uploads\/2020\/04\/IMG_9536-1024x1536.jpg 1024w, http:\/\/lichri.radeln-in-den-sonnenaufgang.de\/wp-content\/uploads\/2020\/04\/IMG_9536-rotated.jpg 1200w\" sizes=\"(max-width: 683px) 100vw, 683px\" \/><\/figure><\/li><li class=\"blocks-gallery-item\"><figure><img decoding=\"async\" loading=\"lazy\" width=\"1024\" height=\"683\" src=\"http:\/\/lichri.radeln-in-den-sonnenaufgang.de\/wp-content\/uploads\/2020\/04\/IMG_9544-1024x683.jpg\" alt=\"\" data-id=\"2269\" data-full-url=\"http:\/\/lichri.radeln-in-den-sonnenaufgang.de\/wp-content\/uploads\/2020\/04\/IMG_9544.jpg\" data-link=\"http:\/\/lichri.radeln-in-den-sonnenaufgang.de\/?attachment_id=2269\" class=\"wp-image-2269\" srcset=\"http:\/\/lichri.radeln-in-den-sonnenaufgang.de\/wp-content\/uploads\/2020\/04\/IMG_9544-1024x683.jpg 1024w, http:\/\/lichri.radeln-in-den-sonnenaufgang.de\/wp-content\/uploads\/2020\/04\/IMG_9544-300x200.jpg 300w, http:\/\/lichri.radeln-in-den-sonnenaufgang.de\/wp-content\/uploads\/2020\/04\/IMG_9544-768x512.jpg 768w, http:\/\/lichri.radeln-in-den-sonnenaufgang.de\/wp-content\/uploads\/2020\/04\/IMG_9544-1536x1024.jpg 1536w, http:\/\/lichri.radeln-in-den-sonnenaufgang.de\/wp-content\/uploads\/2020\/04\/IMG_9544.jpg 1800w\" sizes=\"(max-width: 767px) 89vw, (max-width: 1000px) 54vw, (max-width: 1071px) 543px, 580px\" \/><\/figure><\/li><li class=\"blocks-gallery-item\"><figure><img decoding=\"async\" loading=\"lazy\" width=\"1024\" height=\"683\" src=\"http:\/\/lichri.radeln-in-den-sonnenaufgang.de\/wp-content\/uploads\/2020\/04\/IMG_9550-1024x683.jpg\" alt=\"\" data-id=\"2270\" data-full-url=\"http:\/\/lichri.radeln-in-den-sonnenaufgang.de\/wp-content\/uploads\/2020\/04\/IMG_9550.jpg\" data-link=\"http:\/\/lichri.radeln-in-den-sonnenaufgang.de\/?attachment_id=2270\" class=\"wp-image-2270\" srcset=\"http:\/\/lichri.radeln-in-den-sonnenaufgang.de\/wp-content\/uploads\/2020\/04\/IMG_9550-1024x683.jpg 1024w, http:\/\/lichri.radeln-in-den-sonnenaufgang.de\/wp-content\/uploads\/2020\/04\/IMG_9550-300x200.jpg 300w, http:\/\/lichri.radeln-in-den-sonnenaufgang.de\/wp-content\/uploads\/2020\/04\/IMG_9550-768x512.jpg 768w, http:\/\/lichri.radeln-in-den-sonnenaufgang.de\/wp-content\/uploads\/2020\/04\/IMG_9550-1536x1024.jpg 1536w, http:\/\/lichri.radeln-in-den-sonnenaufgang.de\/wp-content\/uploads\/2020\/04\/IMG_9550.jpg 1800w\" sizes=\"(max-width: 767px) 89vw, (max-width: 1000px) 54vw, (max-width: 1071px) 543px, 580px\" \/><\/figure><\/li><li class=\"blocks-gallery-item\"><figure><img decoding=\"async\" loading=\"lazy\" width=\"683\" height=\"1024\" src=\"http:\/\/lichri.radeln-in-den-sonnenaufgang.de\/wp-content\/uploads\/2020\/04\/IMG_9558-683x1024.jpg\" alt=\"\" data-id=\"2271\" data-full-url=\"http:\/\/lichri.radeln-in-den-sonnenaufgang.de\/wp-content\/uploads\/2020\/04\/IMG_9558-rotated.jpg\" data-link=\"http:\/\/lichri.radeln-in-den-sonnenaufgang.de\/?attachment_id=2271\" class=\"wp-image-2271\" srcset=\"http:\/\/lichri.radeln-in-den-sonnenaufgang.de\/wp-content\/uploads\/2020\/04\/IMG_9558-683x1024.jpg 683w, http:\/\/lichri.radeln-in-den-sonnenaufgang.de\/wp-content\/uploads\/2020\/04\/IMG_9558-200x300.jpg 200w, http:\/\/lichri.radeln-in-den-sonnenaufgang.de\/wp-content\/uploads\/2020\/04\/IMG_9558-768x1152.jpg 768w, http:\/\/lichri.radeln-in-den-sonnenaufgang.de\/wp-content\/uploads\/2020\/04\/IMG_9558-1024x1536.jpg 1024w, http:\/\/lichri.radeln-in-den-sonnenaufgang.de\/wp-content\/uploads\/2020\/04\/IMG_9558-rotated.jpg 1200w\" sizes=\"(max-width: 683px) 100vw, 683px\" \/><\/figure><\/li><li class=\"blocks-gallery-item\"><figure><img decoding=\"async\" loading=\"lazy\" width=\"1024\" height=\"683\" src=\"http:\/\/lichri.radeln-in-den-sonnenaufgang.de\/wp-content\/uploads\/2020\/04\/IMG_9569-1024x683.jpg\" alt=\"\" data-id=\"2272\" data-full-url=\"http:\/\/lichri.radeln-in-den-sonnenaufgang.de\/wp-content\/uploads\/2020\/04\/IMG_9569.jpg\" data-link=\"http:\/\/lichri.radeln-in-den-sonnenaufgang.de\/?attachment_id=2272\" class=\"wp-image-2272\" srcset=\"http:\/\/lichri.radeln-in-den-sonnenaufgang.de\/wp-content\/uploads\/2020\/04\/IMG_9569-1024x683.jpg 1024w, http:\/\/lichri.radeln-in-den-sonnenaufgang.de\/wp-content\/uploads\/2020\/04\/IMG_9569-300x200.jpg 300w, http:\/\/lichri.radeln-in-den-sonnenaufgang.de\/wp-content\/uploads\/2020\/04\/IMG_9569-768x512.jpg 768w, http:\/\/lichri.radeln-in-den-sonnenaufgang.de\/wp-content\/uploads\/2020\/04\/IMG_9569-1536x1024.jpg 1536w, http:\/\/lichri.radeln-in-den-sonnenaufgang.de\/wp-content\/uploads\/2020\/04\/IMG_9569.jpg 1800w\" sizes=\"(max-width: 767px) 89vw, (max-width: 1000px) 54vw, (max-width: 1071px) 543px, 580px\" \/><\/figure><\/li><li class=\"blocks-gallery-item\"><figure><img decoding=\"async\" loading=\"lazy\" width=\"1024\" height=\"683\" src=\"http:\/\/lichri.radeln-in-den-sonnenaufgang.de\/wp-content\/uploads\/2020\/04\/IMG_9572-1024x683.jpg\" alt=\"\" data-id=\"2273\" data-full-url=\"http:\/\/lichri.radeln-in-den-sonnenaufgang.de\/wp-content\/uploads\/2020\/04\/IMG_9572.jpg\" data-link=\"http:\/\/lichri.radeln-in-den-sonnenaufgang.de\/?attachment_id=2273\" class=\"wp-image-2273\" srcset=\"http:\/\/lichri.radeln-in-den-sonnenaufgang.de\/wp-content\/uploads\/2020\/04\/IMG_9572-1024x683.jpg 1024w, http:\/\/lichri.radeln-in-den-sonnenaufgang.de\/wp-content\/uploads\/2020\/04\/IMG_9572-300x200.jpg 300w, http:\/\/lichri.radeln-in-den-sonnenaufgang.de\/wp-content\/uploads\/2020\/04\/IMG_9572-768x512.jpg 768w, http:\/\/lichri.radeln-in-den-sonnenaufgang.de\/wp-content\/uploads\/2020\/04\/IMG_9572-1536x1024.jpg 1536w, http:\/\/lichri.radeln-in-den-sonnenaufgang.de\/wp-content\/uploads\/2020\/04\/IMG_9572.jpg 1800w\" sizes=\"(max-width: 767px) 89vw, (max-width: 1000px) 54vw, (max-width: 1071px) 543px, 580px\" \/><\/figure><\/li><li class=\"blocks-gallery-item\"><figure><img decoding=\"async\" loading=\"lazy\" width=\"1024\" height=\"683\" src=\"http:\/\/lichri.radeln-in-den-sonnenaufgang.de\/wp-content\/uploads\/2020\/04\/IMG_9575-1024x683.jpg\" alt=\"\" data-id=\"2274\" data-full-url=\"http:\/\/lichri.radeln-in-den-sonnenaufgang.de\/wp-content\/uploads\/2020\/04\/IMG_9575.jpg\" data-link=\"http:\/\/lichri.radeln-in-den-sonnenaufgang.de\/?attachment_id=2274\" class=\"wp-image-2274\" srcset=\"http:\/\/lichri.radeln-in-den-sonnenaufgang.de\/wp-content\/uploads\/2020\/04\/IMG_9575-1024x683.jpg 1024w, http:\/\/lichri.radeln-in-den-sonnenaufgang.de\/wp-content\/uploads\/2020\/04\/IMG_9575-300x200.jpg 300w, http:\/\/lichri.radeln-in-den-sonnenaufgang.de\/wp-content\/uploads\/2020\/04\/IMG_9575-768x512.jpg 768w, http:\/\/lichri.radeln-in-den-sonnenaufgang.de\/wp-content\/uploads\/2020\/04\/IMG_9575-1536x1024.jpg 1536w, http:\/\/lichri.radeln-in-den-sonnenaufgang.de\/wp-content\/uploads\/2020\/04\/IMG_9575.jpg 1800w\" sizes=\"(max-width: 767px) 89vw, (max-width: 1000px) 54vw, (max-width: 1071px) 543px, 580px\" \/><\/figure><\/li><li class=\"blocks-gallery-item\"><figure><img decoding=\"async\" loading=\"lazy\" width=\"1024\" height=\"683\" src=\"http:\/\/lichri.radeln-in-den-sonnenaufgang.de\/wp-content\/uploads\/2020\/04\/IMG_9578-1024x683.jpg\" alt=\"\" data-id=\"2275\" data-full-url=\"http:\/\/lichri.radeln-in-den-sonnenaufgang.de\/wp-content\/uploads\/2020\/04\/IMG_9578.jpg\" data-link=\"http:\/\/lichri.radeln-in-den-sonnenaufgang.de\/?attachment_id=2275\" class=\"wp-image-2275\" srcset=\"http:\/\/lichri.radeln-in-den-sonnenaufgang.de\/wp-content\/uploads\/2020\/04\/IMG_9578-1024x683.jpg 1024w, http:\/\/lichri.radeln-in-den-sonnenaufgang.de\/wp-content\/uploads\/2020\/04\/IMG_9578-300x200.jpg 300w, http:\/\/lichri.radeln-in-den-sonnenaufgang.de\/wp-content\/uploads\/2020\/04\/IMG_9578-768x512.jpg 768w, http:\/\/lichri.radeln-in-den-sonnenaufgang.de\/wp-content\/uploads\/2020\/04\/IMG_9578-1536x1024.jpg 1536w, http:\/\/lichri.radeln-in-den-sonnenaufgang.de\/wp-content\/uploads\/2020\/04\/IMG_9578.jpg 1800w\" sizes=\"(max-width: 767px) 89vw, (max-width: 1000px) 54vw, (max-width: 1071px) 543px, 580px\" \/><\/figure><\/li><li class=\"blocks-gallery-item\"><figure><img decoding=\"async\" loading=\"lazy\" width=\"1024\" height=\"683\" src=\"http:\/\/lichri.radeln-in-den-sonnenaufgang.de\/wp-content\/uploads\/2020\/04\/IMG_9586-1024x683.jpg\" alt=\"\" data-id=\"2276\" data-full-url=\"http:\/\/lichri.radeln-in-den-sonnenaufgang.de\/wp-content\/uploads\/2020\/04\/IMG_9586.jpg\" data-link=\"http:\/\/lichri.radeln-in-den-sonnenaufgang.de\/?attachment_id=2276\" class=\"wp-image-2276\" srcset=\"http:\/\/lichri.radeln-in-den-sonnenaufgang.de\/wp-content\/uploads\/2020\/04\/IMG_9586-1024x683.jpg 1024w, http:\/\/lichri.radeln-in-den-sonnenaufgang.de\/wp-content\/uploads\/2020\/04\/IMG_9586-300x200.jpg 300w, http:\/\/lichri.radeln-in-den-sonnenaufgang.de\/wp-content\/uploads\/2020\/04\/IMG_9586-768x512.jpg 768w, http:\/\/lichri.radeln-in-den-sonnenaufgang.de\/wp-content\/uploads\/2020\/04\/IMG_9586-1536x1024.jpg 1536w, http:\/\/lichri.radeln-in-den-sonnenaufgang.de\/wp-content\/uploads\/2020\/04\/IMG_9586.jpg 1800w\" sizes=\"(max-width: 767px) 89vw, (max-width: 1000px) 54vw, (max-width: 1071px) 543px, 580px\" \/><\/figure><\/li><li class=\"blocks-gallery-item\"><figure><img decoding=\"async\" loading=\"lazy\" width=\"1024\" height=\"683\" src=\"http:\/\/lichri.radeln-in-den-sonnenaufgang.de\/wp-content\/uploads\/2020\/04\/IMG_9590-1024x683.jpg\" alt=\"\" data-id=\"2277\" data-full-url=\"http:\/\/lichri.radeln-in-den-sonnenaufgang.de\/wp-content\/uploads\/2020\/04\/IMG_9590.jpg\" data-link=\"http:\/\/lichri.radeln-in-den-sonnenaufgang.de\/?attachment_id=2277\" class=\"wp-image-2277\" srcset=\"http:\/\/lichri.radeln-in-den-sonnenaufgang.de\/wp-content\/uploads\/2020\/04\/IMG_9590-1024x683.jpg 1024w, http:\/\/lichri.radeln-in-den-sonnenaufgang.de\/wp-content\/uploads\/2020\/04\/IMG_9590-300x200.jpg 300w, http:\/\/lichri.radeln-in-den-sonnenaufgang.de\/wp-content\/uploads\/2020\/04\/IMG_9590-768x512.jpg 768w, http:\/\/lichri.radeln-in-den-sonnenaufgang.de\/wp-content\/uploads\/2020\/04\/IMG_9590-1536x1024.jpg 1536w, http:\/\/lichri.radeln-in-den-sonnenaufgang.de\/wp-content\/uploads\/2020\/04\/IMG_9590.jpg 1800w\" sizes=\"(max-width: 767px) 89vw, (max-width: 1000px) 54vw, (max-width: 1071px) 543px, 580px\" \/><\/figure><\/li><li class=\"blocks-gallery-item\"><figure><img decoding=\"async\" loading=\"lazy\" width=\"683\" height=\"1024\" src=\"http:\/\/lichri.radeln-in-den-sonnenaufgang.de\/wp-content\/uploads\/2020\/04\/IMG_9607-683x1024.jpg\" alt=\"\" data-id=\"2278\" data-full-url=\"http:\/\/lichri.radeln-in-den-sonnenaufgang.de\/wp-content\/uploads\/2020\/04\/IMG_9607-rotated.jpg\" data-link=\"http:\/\/lichri.radeln-in-den-sonnenaufgang.de\/?attachment_id=2278\" class=\"wp-image-2278\" srcset=\"http:\/\/lichri.radeln-in-den-sonnenaufgang.de\/wp-content\/uploads\/2020\/04\/IMG_9607-683x1024.jpg 683w, http:\/\/lichri.radeln-in-den-sonnenaufgang.de\/wp-content\/uploads\/2020\/04\/IMG_9607-200x300.jpg 200w, http:\/\/lichri.radeln-in-den-sonnenaufgang.de\/wp-content\/uploads\/2020\/04\/IMG_9607-768x1152.jpg 768w, http:\/\/lichri.radeln-in-den-sonnenaufgang.de\/wp-content\/uploads\/2020\/04\/IMG_9607-1024x1536.jpg 1024w, http:\/\/lichri.radeln-in-den-sonnenaufgang.de\/wp-content\/uploads\/2020\/04\/IMG_9607-rotated.jpg 1200w\" sizes=\"(max-width: 683px) 100vw, 683px\" \/><\/figure><\/li><li class=\"blocks-gallery-item\"><figure><img decoding=\"async\" loading=\"lazy\" width=\"1024\" height=\"683\" src=\"http:\/\/lichri.radeln-in-den-sonnenaufgang.de\/wp-content\/uploads\/2020\/04\/IMG_9615-1024x683.jpg\" alt=\"\" data-id=\"2279\" data-full-url=\"http:\/\/lichri.radeln-in-den-sonnenaufgang.de\/wp-content\/uploads\/2020\/04\/IMG_9615.jpg\" data-link=\"http:\/\/lichri.radeln-in-den-sonnenaufgang.de\/?attachment_id=2279\" class=\"wp-image-2279\" srcset=\"http:\/\/lichri.radeln-in-den-sonnenaufgang.de\/wp-content\/uploads\/2020\/04\/IMG_9615-1024x683.jpg 1024w, http:\/\/lichri.radeln-in-den-sonnenaufgang.de\/wp-content\/uploads\/2020\/04\/IMG_9615-300x200.jpg 300w, http:\/\/lichri.radeln-in-den-sonnenaufgang.de\/wp-content\/uploads\/2020\/04\/IMG_9615-768x512.jpg 768w, http:\/\/lichri.radeln-in-den-sonnenaufgang.de\/wp-content\/uploads\/2020\/04\/IMG_9615-1536x1024.jpg 1536w, http:\/\/lichri.radeln-in-den-sonnenaufgang.de\/wp-content\/uploads\/2020\/04\/IMG_9615.jpg 1800w\" sizes=\"(max-width: 767px) 89vw, (max-width: 1000px) 54vw, (max-width: 1071px) 543px, 580px\" \/><\/figure><\/li><li class=\"blocks-gallery-item\"><figure><img decoding=\"async\" loading=\"lazy\" width=\"683\" height=\"1024\" src=\"http:\/\/lichri.radeln-in-den-sonnenaufgang.de\/wp-content\/uploads\/2020\/04\/IMG_9617-683x1024.jpg\" alt=\"\" data-id=\"2280\" data-full-url=\"http:\/\/lichri.radeln-in-den-sonnenaufgang.de\/wp-content\/uploads\/2020\/04\/IMG_9617-rotated.jpg\" data-link=\"http:\/\/lichri.radeln-in-den-sonnenaufgang.de\/?attachment_id=2280\" class=\"wp-image-2280\" srcset=\"http:\/\/lichri.radeln-in-den-sonnenaufgang.de\/wp-content\/uploads\/2020\/04\/IMG_9617-683x1024.jpg 683w, http:\/\/lichri.radeln-in-den-sonnenaufgang.de\/wp-content\/uploads\/2020\/04\/IMG_9617-200x300.jpg 200w, http:\/\/lichri.radeln-in-den-sonnenaufgang.de\/wp-content\/uploads\/2020\/04\/IMG_9617-768x1152.jpg 768w, http:\/\/lichri.radeln-in-den-sonnenaufgang.de\/wp-content\/uploads\/2020\/04\/IMG_9617-1024x1536.jpg 1024w, http:\/\/lichri.radeln-in-den-sonnenaufgang.de\/wp-content\/uploads\/2020\/04\/IMG_9617-rotated.jpg 1200w\" sizes=\"(max-width: 683px) 100vw, 683px\" \/><\/figure><\/li><li class=\"blocks-gallery-item\"><figure><img decoding=\"async\" loading=\"lazy\" width=\"683\" height=\"1024\" src=\"http:\/\/lichri.radeln-in-den-sonnenaufgang.de\/wp-content\/uploads\/2020\/04\/IMG_9620-683x1024.jpg\" alt=\"\" data-id=\"2282\" data-full-url=\"http:\/\/lichri.radeln-in-den-sonnenaufgang.de\/wp-content\/uploads\/2020\/04\/IMG_9620-rotated.jpg\" data-link=\"http:\/\/lichri.radeln-in-den-sonnenaufgang.de\/?attachment_id=2282\" class=\"wp-image-2282\" srcset=\"http:\/\/lichri.radeln-in-den-sonnenaufgang.de\/wp-content\/uploads\/2020\/04\/IMG_9620-683x1024.jpg 683w, http:\/\/lichri.radeln-in-den-sonnenaufgang.de\/wp-content\/uploads\/2020\/04\/IMG_9620-200x300.jpg 200w, http:\/\/lichri.radeln-in-den-sonnenaufgang.de\/wp-content\/uploads\/2020\/04\/IMG_9620-768x1152.jpg 768w, http:\/\/lichri.radeln-in-den-sonnenaufgang.de\/wp-content\/uploads\/2020\/04\/IMG_9620-1024x1536.jpg 1024w, http:\/\/lichri.radeln-in-den-sonnenaufgang.de\/wp-content\/uploads\/2020\/04\/IMG_9620-rotated.jpg 1200w\" sizes=\"(max-width: 683px) 100vw, 683px\" \/><\/figure><\/li><li class=\"blocks-gallery-item\"><figure><img decoding=\"async\" loading=\"lazy\" width=\"1024\" height=\"683\" src=\"http:\/\/lichri.radeln-in-den-sonnenaufgang.de\/wp-content\/uploads\/2020\/04\/IMG_9629-1024x683.jpg\" alt=\"\" data-id=\"2283\" data-full-url=\"http:\/\/lichri.radeln-in-den-sonnenaufgang.de\/wp-content\/uploads\/2020\/04\/IMG_9629.jpg\" data-link=\"http:\/\/lichri.radeln-in-den-sonnenaufgang.de\/?attachment_id=2283\" class=\"wp-image-2283\" srcset=\"http:\/\/lichri.radeln-in-den-sonnenaufgang.de\/wp-content\/uploads\/2020\/04\/IMG_9629-1024x683.jpg 1024w, http:\/\/lichri.radeln-in-den-sonnenaufgang.de\/wp-content\/uploads\/2020\/04\/IMG_9629-300x200.jpg 300w, http:\/\/lichri.radeln-in-den-sonnenaufgang.de\/wp-content\/uploads\/2020\/04\/IMG_9629-768x512.jpg 768w, http:\/\/lichri.radeln-in-den-sonnenaufgang.de\/wp-content\/uploads\/2020\/04\/IMG_9629-1536x1024.jpg 1536w, http:\/\/lichri.radeln-in-den-sonnenaufgang.de\/wp-content\/uploads\/2020\/04\/IMG_9629.jpg 1800w\" sizes=\"(max-width: 767px) 89vw, (max-width: 1000px) 54vw, (max-width: 1071px) 543px, 580px\" \/><\/figure><\/li><li class=\"blocks-gallery-item\"><figure><img decoding=\"async\" loading=\"lazy\" width=\"1024\" height=\"683\" src=\"http:\/\/lichri.radeln-in-den-sonnenaufgang.de\/wp-content\/uploads\/2020\/04\/IMG_9638-1024x683.jpg\" alt=\"\" data-id=\"2284\" data-full-url=\"http:\/\/lichri.radeln-in-den-sonnenaufgang.de\/wp-content\/uploads\/2020\/04\/IMG_9638.jpg\" data-link=\"http:\/\/lichri.radeln-in-den-sonnenaufgang.de\/?attachment_id=2284\" class=\"wp-image-2284\" srcset=\"http:\/\/lichri.radeln-in-den-sonnenaufgang.de\/wp-content\/uploads\/2020\/04\/IMG_9638-1024x683.jpg 1024w, http:\/\/lichri.radeln-in-den-sonnenaufgang.de\/wp-content\/uploads\/2020\/04\/IMG_9638-300x200.jpg 300w, http:\/\/lichri.radeln-in-den-sonnenaufgang.de\/wp-content\/uploads\/2020\/04\/IMG_9638-768x512.jpg 768w, http:\/\/lichri.radeln-in-den-sonnenaufgang.de\/wp-content\/uploads\/2020\/04\/IMG_9638-1536x1024.jpg 1536w, http:\/\/lichri.radeln-in-den-sonnenaufgang.de\/wp-content\/uploads\/2020\/04\/IMG_9638.jpg 1800w\" sizes=\"(max-width: 767px) 89vw, (max-width: 1000px) 54vw, (max-width: 1071px) 543px, 580px\" \/><\/figure><\/li><li class=\"blocks-gallery-item\"><figure><img decoding=\"async\" loading=\"lazy\" width=\"1024\" height=\"683\" src=\"http:\/\/lichri.radeln-in-den-sonnenaufgang.de\/wp-content\/uploads\/2020\/04\/IMG_9649-1024x683.jpg\" alt=\"\" data-id=\"2286\" data-full-url=\"http:\/\/lichri.radeln-in-den-sonnenaufgang.de\/wp-content\/uploads\/2020\/04\/IMG_9649.jpg\" data-link=\"http:\/\/lichri.radeln-in-den-sonnenaufgang.de\/?attachment_id=2286\" class=\"wp-image-2286\" srcset=\"http:\/\/lichri.radeln-in-den-sonnenaufgang.de\/wp-content\/uploads\/2020\/04\/IMG_9649-1024x683.jpg 1024w, http:\/\/lichri.radeln-in-den-sonnenaufgang.de\/wp-content\/uploads\/2020\/04\/IMG_9649-300x200.jpg 300w, http:\/\/lichri.radeln-in-den-sonnenaufgang.de\/wp-content\/uploads\/2020\/04\/IMG_9649-768x512.jpg 768w, http:\/\/lichri.radeln-in-den-sonnenaufgang.de\/wp-content\/uploads\/2020\/04\/IMG_9649-1536x1024.jpg 1536w, http:\/\/lichri.radeln-in-den-sonnenaufgang.de\/wp-content\/uploads\/2020\/04\/IMG_9649.jpg 1800w\" sizes=\"(max-width: 767px) 89vw, (max-width: 1000px) 54vw, (max-width: 1071px) 543px, 580px\" \/><\/figure><\/li><li class=\"blocks-gallery-item\"><figure><img decoding=\"async\" loading=\"lazy\" width=\"1024\" height=\"683\" src=\"http:\/\/lichri.radeln-in-den-sonnenaufgang.de\/wp-content\/uploads\/2020\/04\/IMG_9656-1024x683.jpg\" alt=\"\" data-id=\"2287\" data-full-url=\"http:\/\/lichri.radeln-in-den-sonnenaufgang.de\/wp-content\/uploads\/2020\/04\/IMG_9656.jpg\" data-link=\"http:\/\/lichri.radeln-in-den-sonnenaufgang.de\/?attachment_id=2287\" class=\"wp-image-2287\" srcset=\"http:\/\/lichri.radeln-in-den-sonnenaufgang.de\/wp-content\/uploads\/2020\/04\/IMG_9656-1024x683.jpg 1024w, http:\/\/lichri.radeln-in-den-sonnenaufgang.de\/wp-content\/uploads\/2020\/04\/IMG_9656-300x200.jpg 300w, http:\/\/lichri.radeln-in-den-sonnenaufgang.de\/wp-content\/uploads\/2020\/04\/IMG_9656-768x512.jpg 768w, http:\/\/lichri.radeln-in-den-sonnenaufgang.de\/wp-content\/uploads\/2020\/04\/IMG_9656-1536x1024.jpg 1536w, http:\/\/lichri.radeln-in-den-sonnenaufgang.de\/wp-content\/uploads\/2020\/04\/IMG_9656.jpg 1800w\" sizes=\"(max-width: 767px) 89vw, (max-width: 1000px) 54vw, (max-width: 1071px) 543px, 580px\" \/><\/figure><\/li><li class=\"blocks-gallery-item\"><figure><img decoding=\"async\" loading=\"lazy\" width=\"1024\" height=\"683\" src=\"http:\/\/lichri.radeln-in-den-sonnenaufgang.de\/wp-content\/uploads\/2020\/04\/IMG_9660-1024x683.jpg\" alt=\"\" data-id=\"2288\" data-full-url=\"http:\/\/lichri.radeln-in-den-sonnenaufgang.de\/wp-content\/uploads\/2020\/04\/IMG_9660.jpg\" data-link=\"http:\/\/lichri.radeln-in-den-sonnenaufgang.de\/?attachment_id=2288\" class=\"wp-image-2288\" srcset=\"http:\/\/lichri.radeln-in-den-sonnenaufgang.de\/wp-content\/uploads\/2020\/04\/IMG_9660-1024x683.jpg 1024w, http:\/\/lichri.radeln-in-den-sonnenaufgang.de\/wp-content\/uploads\/2020\/04\/IMG_9660-300x200.jpg 300w, http:\/\/lichri.radeln-in-den-sonnenaufgang.de\/wp-content\/uploads\/2020\/04\/IMG_9660-768x512.jpg 768w, http:\/\/lichri.radeln-in-den-sonnenaufgang.de\/wp-content\/uploads\/2020\/04\/IMG_9660-1536x1024.jpg 1536w, http:\/\/lichri.radeln-in-den-sonnenaufgang.de\/wp-content\/uploads\/2020\/04\/IMG_9660.jpg 1800w\" sizes=\"(max-width: 767px) 89vw, (max-width: 1000px) 54vw, (max-width: 1071px) 543px, 580px\" \/><\/figure><\/li><li class=\"blocks-gallery-item\"><figure><img decoding=\"async\" loading=\"lazy\" width=\"1024\" height=\"683\" src=\"http:\/\/lichri.radeln-in-den-sonnenaufgang.de\/wp-content\/uploads\/2020\/04\/IMG_9677-1024x683.jpg\" alt=\"\" data-id=\"2289\" data-full-url=\"http:\/\/lichri.radeln-in-den-sonnenaufgang.de\/wp-content\/uploads\/2020\/04\/IMG_9677.jpg\" data-link=\"http:\/\/lichri.radeln-in-den-sonnenaufgang.de\/?attachment_id=2289\" class=\"wp-image-2289\" srcset=\"http:\/\/lichri.radeln-in-den-sonnenaufgang.de\/wp-content\/uploads\/2020\/04\/IMG_9677-1024x683.jpg 1024w, http:\/\/lichri.radeln-in-den-sonnenaufgang.de\/wp-content\/uploads\/2020\/04\/IMG_9677-300x200.jpg 300w, http:\/\/lichri.radeln-in-den-sonnenaufgang.de\/wp-content\/uploads\/2020\/04\/IMG_9677-768x512.jpg 768w, http:\/\/lichri.radeln-in-den-sonnenaufgang.de\/wp-content\/uploads\/2020\/04\/IMG_9677-1536x1024.jpg 1536w, http:\/\/lichri.radeln-in-den-sonnenaufgang.de\/wp-content\/uploads\/2020\/04\/IMG_9677.jpg 1800w\" sizes=\"(max-width: 767px) 89vw, (max-width: 1000px) 54vw, (max-width: 1071px) 543px, 580px\" \/><\/figure><\/li><li class=\"blocks-gallery-item\"><figure><img decoding=\"async\" loading=\"lazy\" width=\"683\" height=\"1024\" src=\"http:\/\/lichri.radeln-in-den-sonnenaufgang.de\/wp-content\/uploads\/2020\/04\/IMG_9679-683x1024.jpg\" alt=\"\" data-id=\"2290\" data-full-url=\"http:\/\/lichri.radeln-in-den-sonnenaufgang.de\/wp-content\/uploads\/2020\/04\/IMG_9679-rotated.jpg\" data-link=\"http:\/\/lichri.radeln-in-den-sonnenaufgang.de\/?attachment_id=2290\" class=\"wp-image-2290\" srcset=\"http:\/\/lichri.radeln-in-den-sonnenaufgang.de\/wp-content\/uploads\/2020\/04\/IMG_9679-683x1024.jpg 683w, http:\/\/lichri.radeln-in-den-sonnenaufgang.de\/wp-content\/uploads\/2020\/04\/IMG_9679-200x300.jpg 200w, http:\/\/lichri.radeln-in-den-sonnenaufgang.de\/wp-content\/uploads\/2020\/04\/IMG_9679-768x1152.jpg 768w, http:\/\/lichri.radeln-in-den-sonnenaufgang.de\/wp-content\/uploads\/2020\/04\/IMG_9679-1024x1536.jpg 1024w, http:\/\/lichri.radeln-in-den-sonnenaufgang.de\/wp-content\/uploads\/2020\/04\/IMG_9679-rotated.jpg 1200w\" sizes=\"(max-width: 683px) 100vw, 683px\" \/><\/figure><\/li><li class=\"blocks-gallery-item\"><figure><img decoding=\"async\" loading=\"lazy\" width=\"683\" height=\"1024\" src=\"http:\/\/lichri.radeln-in-den-sonnenaufgang.de\/wp-content\/uploads\/2020\/04\/IMG_9698-683x1024.jpg\" alt=\"\" data-id=\"2291\" data-full-url=\"http:\/\/lichri.radeln-in-den-sonnenaufgang.de\/wp-content\/uploads\/2020\/04\/IMG_9698-rotated.jpg\" data-link=\"http:\/\/lichri.radeln-in-den-sonnenaufgang.de\/?attachment_id=2291\" class=\"wp-image-2291\" srcset=\"http:\/\/lichri.radeln-in-den-sonnenaufgang.de\/wp-content\/uploads\/2020\/04\/IMG_9698-683x1024.jpg 683w, http:\/\/lichri.radeln-in-den-sonnenaufgang.de\/wp-content\/uploads\/2020\/04\/IMG_9698-200x300.jpg 200w, http:\/\/lichri.radeln-in-den-sonnenaufgang.de\/wp-content\/uploads\/2020\/04\/IMG_9698-768x1152.jpg 768w, http:\/\/lichri.radeln-in-den-sonnenaufgang.de\/wp-content\/uploads\/2020\/04\/IMG_9698-1024x1536.jpg 1024w, http:\/\/lichri.radeln-in-den-sonnenaufgang.de\/wp-content\/uploads\/2020\/04\/IMG_9698-rotated.jpg 1200w\" sizes=\"(max-width: 683px) 100vw, 683px\" \/><\/figure><\/li><li class=\"blocks-gallery-item\"><figure><img decoding=\"async\" loading=\"lazy\" width=\"1024\" height=\"683\" src=\"http:\/\/lichri.radeln-in-den-sonnenaufgang.de\/wp-content\/uploads\/2020\/04\/IMG_9706-1024x683.jpg\" alt=\"\" data-id=\"2292\" data-full-url=\"http:\/\/lichri.radeln-in-den-sonnenaufgang.de\/wp-content\/uploads\/2020\/04\/IMG_9706.jpg\" data-link=\"http:\/\/lichri.radeln-in-den-sonnenaufgang.de\/?attachment_id=2292\" class=\"wp-image-2292\" srcset=\"http:\/\/lichri.radeln-in-den-sonnenaufgang.de\/wp-content\/uploads\/2020\/04\/IMG_9706-1024x683.jpg 1024w, http:\/\/lichri.radeln-in-den-sonnenaufgang.de\/wp-content\/uploads\/2020\/04\/IMG_9706-300x200.jpg 300w, http:\/\/lichri.radeln-in-den-sonnenaufgang.de\/wp-content\/uploads\/2020\/04\/IMG_9706-768x512.jpg 768w, http:\/\/lichri.radeln-in-den-sonnenaufgang.de\/wp-content\/uploads\/2020\/04\/IMG_9706-1536x1024.jpg 1536w, http:\/\/lichri.radeln-in-den-sonnenaufgang.de\/wp-content\/uploads\/2020\/04\/IMG_9706.jpg 1800w\" sizes=\"(max-width: 767px) 89vw, (max-width: 1000px) 54vw, (max-width: 1071px) 543px, 580px\" \/><\/figure><\/li><li class=\"blocks-gallery-item\"><figure><img decoding=\"async\" loading=\"lazy\" width=\"1024\" height=\"683\" src=\"http:\/\/lichri.radeln-in-den-sonnenaufgang.de\/wp-content\/uploads\/2020\/04\/IMG_9709-1024x683.jpg\" alt=\"\" data-id=\"2293\" data-full-url=\"http:\/\/lichri.radeln-in-den-sonnenaufgang.de\/wp-content\/uploads\/2020\/04\/IMG_9709.jpg\" data-link=\"http:\/\/lichri.radeln-in-den-sonnenaufgang.de\/?attachment_id=2293\" class=\"wp-image-2293\" srcset=\"http:\/\/lichri.radeln-in-den-sonnenaufgang.de\/wp-content\/uploads\/2020\/04\/IMG_9709-1024x683.jpg 1024w, http:\/\/lichri.radeln-in-den-sonnenaufgang.de\/wp-content\/uploads\/2020\/04\/IMG_9709-300x200.jpg 300w, http:\/\/lichri.radeln-in-den-sonnenaufgang.de\/wp-content\/uploads\/2020\/04\/IMG_9709-768x512.jpg 768w, http:\/\/lichri.radeln-in-den-sonnenaufgang.de\/wp-content\/uploads\/2020\/04\/IMG_9709-1536x1024.jpg 1536w, http:\/\/lichri.radeln-in-den-sonnenaufgang.de\/wp-content\/uploads\/2020\/04\/IMG_9709.jpg 1800w\" sizes=\"(max-width: 767px) 89vw, (max-width: 1000px) 54vw, (max-width: 1071px) 543px, 580px\" \/><\/figure><\/li><li class=\"blocks-gallery-item\"><figure><img decoding=\"async\" loading=\"lazy\" width=\"1024\" height=\"683\" src=\"http:\/\/lichri.radeln-in-den-sonnenaufgang.de\/wp-content\/uploads\/2020\/04\/IMG_9715-1024x683.jpg\" alt=\"\" data-id=\"2294\" data-full-url=\"http:\/\/lichri.radeln-in-den-sonnenaufgang.de\/wp-content\/uploads\/2020\/04\/IMG_9715.jpg\" data-link=\"http:\/\/lichri.radeln-in-den-sonnenaufgang.de\/?attachment_id=2294\" class=\"wp-image-2294\" srcset=\"http:\/\/lichri.radeln-in-den-sonnenaufgang.de\/wp-content\/uploads\/2020\/04\/IMG_9715-1024x683.jpg 1024w, http:\/\/lichri.radeln-in-den-sonnenaufgang.de\/wp-content\/uploads\/2020\/04\/IMG_9715-300x200.jpg 300w, http:\/\/lichri.radeln-in-den-sonnenaufgang.de\/wp-content\/uploads\/2020\/04\/IMG_9715-768x512.jpg 768w, http:\/\/lichri.radeln-in-den-sonnenaufgang.de\/wp-content\/uploads\/2020\/04\/IMG_9715-1536x1024.jpg 1536w, http:\/\/lichri.radeln-in-den-sonnenaufgang.de\/wp-content\/uploads\/2020\/04\/IMG_9715.jpg 1800w\" sizes=\"(max-width: 767px) 89vw, (max-width: 1000px) 54vw, (max-width: 1071px) 543px, 580px\" \/><\/figure><\/li><li class=\"blocks-gallery-item\"><figure><img decoding=\"async\" loading=\"lazy\" width=\"1024\" height=\"683\" src=\"http:\/\/lichri.radeln-in-den-sonnenaufgang.de\/wp-content\/uploads\/2020\/04\/IMG_9726-1024x683.jpg\" alt=\"\" data-id=\"2295\" data-full-url=\"http:\/\/lichri.radeln-in-den-sonnenaufgang.de\/wp-content\/uploads\/2020\/04\/IMG_9726.jpg\" data-link=\"http:\/\/lichri.radeln-in-den-sonnenaufgang.de\/?attachment_id=2295\" class=\"wp-image-2295\" srcset=\"http:\/\/lichri.radeln-in-den-sonnenaufgang.de\/wp-content\/uploads\/2020\/04\/IMG_9726-1024x683.jpg 1024w, http:\/\/lichri.radeln-in-den-sonnenaufgang.de\/wp-content\/uploads\/2020\/04\/IMG_9726-300x200.jpg 300w, http:\/\/lichri.radeln-in-den-sonnenaufgang.de\/wp-content\/uploads\/2020\/04\/IMG_9726-768x512.jpg 768w, http:\/\/lichri.radeln-in-den-sonnenaufgang.de\/wp-content\/uploads\/2020\/04\/IMG_9726-1536x1024.jpg 1536w, http:\/\/lichri.radeln-in-den-sonnenaufgang.de\/wp-content\/uploads\/2020\/04\/IMG_9726.jpg 1800w\" sizes=\"(max-width: 767px) 89vw, (max-width: 1000px) 54vw, (max-width: 1071px) 543px, 580px\" \/><\/figure><\/li><li class=\"blocks-gallery-item\"><figure><img decoding=\"async\" loading=\"lazy\" width=\"1024\" height=\"683\" src=\"http:\/\/lichri.radeln-in-den-sonnenaufgang.de\/wp-content\/uploads\/2020\/04\/IMG_9733-1024x683.jpg\" alt=\"\" data-id=\"2296\" data-full-url=\"http:\/\/lichri.radeln-in-den-sonnenaufgang.de\/wp-content\/uploads\/2020\/04\/IMG_9733.jpg\" data-link=\"http:\/\/lichri.radeln-in-den-sonnenaufgang.de\/?attachment_id=2296\" class=\"wp-image-2296\" srcset=\"http:\/\/lichri.radeln-in-den-sonnenaufgang.de\/wp-content\/uploads\/2020\/04\/IMG_9733-1024x683.jpg 1024w, http:\/\/lichri.radeln-in-den-sonnenaufgang.de\/wp-content\/uploads\/2020\/04\/IMG_9733-300x200.jpg 300w, http:\/\/lichri.radeln-in-den-sonnenaufgang.de\/wp-content\/uploads\/2020\/04\/IMG_9733-768x512.jpg 768w, http:\/\/lichri.radeln-in-den-sonnenaufgang.de\/wp-content\/uploads\/2020\/04\/IMG_9733-1536x1024.jpg 1536w, http:\/\/lichri.radeln-in-den-sonnenaufgang.de\/wp-content\/uploads\/2020\/04\/IMG_9733.jpg 1800w\" sizes=\"(max-width: 767px) 89vw, (max-width: 1000px) 54vw, (max-width: 1071px) 543px, 580px\" \/><\/figure><\/li><li class=\"blocks-gallery-item\"><figure><img decoding=\"async\" loading=\"lazy\" width=\"1024\" height=\"683\" src=\"http:\/\/lichri.radeln-in-den-sonnenaufgang.de\/wp-content\/uploads\/2020\/04\/IMG_9740-1024x683.jpg\" alt=\"\" data-id=\"2297\" data-full-url=\"http:\/\/lichri.radeln-in-den-sonnenaufgang.de\/wp-content\/uploads\/2020\/04\/IMG_9740.jpg\" data-link=\"http:\/\/lichri.radeln-in-den-sonnenaufgang.de\/?attachment_id=2297\" class=\"wp-image-2297\" srcset=\"http:\/\/lichri.radeln-in-den-sonnenaufgang.de\/wp-content\/uploads\/2020\/04\/IMG_9740-1024x683.jpg 1024w, http:\/\/lichri.radeln-in-den-sonnenaufgang.de\/wp-content\/uploads\/2020\/04\/IMG_9740-300x200.jpg 300w, http:\/\/lichri.radeln-in-den-sonnenaufgang.de\/wp-content\/uploads\/2020\/04\/IMG_9740-768x512.jpg 768w, http:\/\/lichri.radeln-in-den-sonnenaufgang.de\/wp-content\/uploads\/2020\/04\/IMG_9740-1536x1024.jpg 1536w, http:\/\/lichri.radeln-in-den-sonnenaufgang.de\/wp-content\/uploads\/2020\/04\/IMG_9740.jpg 1800w\" sizes=\"(max-width: 767px) 89vw, (max-width: 1000px) 54vw, (max-width: 1071px) 543px, 580px\" \/><\/figure><\/li><li class=\"blocks-gallery-item\"><figure><img decoding=\"async\" loading=\"lazy\" width=\"1024\" height=\"683\" src=\"http:\/\/lichri.radeln-in-den-sonnenaufgang.de\/wp-content\/uploads\/2020\/04\/IMG_9742-1024x683.jpg\" alt=\"\" data-id=\"2298\" data-full-url=\"http:\/\/lichri.radeln-in-den-sonnenaufgang.de\/wp-content\/uploads\/2020\/04\/IMG_9742.jpg\" data-link=\"http:\/\/lichri.radeln-in-den-sonnenaufgang.de\/?attachment_id=2298\" class=\"wp-image-2298\" srcset=\"http:\/\/lichri.radeln-in-den-sonnenaufgang.de\/wp-content\/uploads\/2020\/04\/IMG_9742-1024x683.jpg 1024w, http:\/\/lichri.radeln-in-den-sonnenaufgang.de\/wp-content\/uploads\/2020\/04\/IMG_9742-300x200.jpg 300w, http:\/\/lichri.radeln-in-den-sonnenaufgang.de\/wp-content\/uploads\/2020\/04\/IMG_9742-768x512.jpg 768w, http:\/\/lichri.radeln-in-den-sonnenaufgang.de\/wp-content\/uploads\/2020\/04\/IMG_9742-1536x1024.jpg 1536w, http:\/\/lichri.radeln-in-den-sonnenaufgang.de\/wp-content\/uploads\/2020\/04\/IMG_9742.jpg 1800w\" sizes=\"(max-width: 767px) 89vw, (max-width: 1000px) 54vw, (max-width: 1071px) 543px, 580px\" \/><\/figure><\/li><li class=\"blocks-gallery-item\"><figure><img decoding=\"async\" loading=\"lazy\" width=\"1024\" height=\"683\" src=\"http:\/\/lichri.radeln-in-den-sonnenaufgang.de\/wp-content\/uploads\/2020\/04\/IMG_9753-1024x683.jpg\" alt=\"\" data-id=\"2299\" data-full-url=\"http:\/\/lichri.radeln-in-den-sonnenaufgang.de\/wp-content\/uploads\/2020\/04\/IMG_9753.jpg\" data-link=\"http:\/\/lichri.radeln-in-den-sonnenaufgang.de\/?attachment_id=2299\" class=\"wp-image-2299\" srcset=\"http:\/\/lichri.radeln-in-den-sonnenaufgang.de\/wp-content\/uploads\/2020\/04\/IMG_9753-1024x683.jpg 1024w, http:\/\/lichri.radeln-in-den-sonnenaufgang.de\/wp-content\/uploads\/2020\/04\/IMG_9753-300x200.jpg 300w, http:\/\/lichri.radeln-in-den-sonnenaufgang.de\/wp-content\/uploads\/2020\/04\/IMG_9753-768x512.jpg 768w, http:\/\/lichri.radeln-in-den-sonnenaufgang.de\/wp-content\/uploads\/2020\/04\/IMG_9753-1536x1024.jpg 1536w, http:\/\/lichri.radeln-in-den-sonnenaufgang.de\/wp-content\/uploads\/2020\/04\/IMG_9753.jpg 1800w\" sizes=\"(max-width: 767px) 89vw, (max-width: 1000px) 54vw, (max-width: 1071px) 543px, 580px\" \/><\/figure><\/li><li class=\"blocks-gallery-item\"><figure><img decoding=\"async\" loading=\"lazy\" width=\"1024\" height=\"683\" src=\"http:\/\/lichri.radeln-in-den-sonnenaufgang.de\/wp-content\/uploads\/2020\/04\/IMG_9111-1024x683.jpg\" alt=\"\" data-id=\"2245\" data-full-url=\"http:\/\/lichri.radeln-in-den-sonnenaufgang.de\/wp-content\/uploads\/2020\/04\/IMG_9111.jpg\" data-link=\"http:\/\/lichri.radeln-in-den-sonnenaufgang.de\/?attachment_id=2245\" class=\"wp-image-2245\" srcset=\"http:\/\/lichri.radeln-in-den-sonnenaufgang.de\/wp-content\/uploads\/2020\/04\/IMG_9111-1024x683.jpg 1024w, http:\/\/lichri.radeln-in-den-sonnenaufgang.de\/wp-content\/uploads\/2020\/04\/IMG_9111-300x200.jpg 300w, http:\/\/lichri.radeln-in-den-sonnenaufgang.de\/wp-content\/uploads\/2020\/04\/IMG_9111-768x512.jpg 768w, http:\/\/lichri.radeln-in-den-sonnenaufgang.de\/wp-content\/uploads\/2020\/04\/IMG_9111-1536x1024.jpg 1536w, http:\/\/lichri.radeln-in-den-sonnenaufgang.de\/wp-content\/uploads\/2020\/04\/IMG_9111.jpg 1800w\" sizes=\"(max-width: 767px) 89vw, (max-width: 1000px) 54vw, (max-width: 1071px) 543px, 580px\" \/><\/figure><\/li><li class=\"blocks-gallery-item\"><figure><img decoding=\"async\" loading=\"lazy\" width=\"1024\" height=\"683\" src=\"http:\/\/lichri.radeln-in-den-sonnenaufgang.de\/wp-content\/uploads\/2020\/04\/IMG_9258-1024x683.jpg\" alt=\"\" data-id=\"2253\" data-full-url=\"http:\/\/lichri.radeln-in-den-sonnenaufgang.de\/wp-content\/uploads\/2020\/04\/IMG_9258.jpg\" data-link=\"http:\/\/lichri.radeln-in-den-sonnenaufgang.de\/?attachment_id=2253\" class=\"wp-image-2253\" srcset=\"http:\/\/lichri.radeln-in-den-sonnenaufgang.de\/wp-content\/uploads\/2020\/04\/IMG_9258-1024x683.jpg 1024w, http:\/\/lichri.radeln-in-den-sonnenaufgang.de\/wp-content\/uploads\/2020\/04\/IMG_9258-300x200.jpg 300w, http:\/\/lichri.radeln-in-den-sonnenaufgang.de\/wp-content\/uploads\/2020\/04\/IMG_9258-768x512.jpg 768w, http:\/\/lichri.radeln-in-den-sonnenaufgang.de\/wp-content\/uploads\/2020\/04\/IMG_9258-1536x1024.jpg 1536w, http:\/\/lichri.radeln-in-den-sonnenaufgang.de\/wp-content\/uploads\/2020\/04\/IMG_9258.jpg 1800w\" sizes=\"(max-width: 767px) 89vw, (max-width: 1000px) 54vw, (max-width: 1071px) 543px, 580px\" \/><\/figure><\/li><li class=\"blocks-gallery-item\"><figure><img decoding=\"async\" loading=\"lazy\" width=\"1024\" height=\"683\" src=\"http:\/\/lichri.radeln-in-den-sonnenaufgang.de\/wp-content\/uploads\/2020\/04\/IMG_9227-1024x683.jpg\" alt=\"\" data-id=\"2249\" data-full-url=\"http:\/\/lichri.radeln-in-den-sonnenaufgang.de\/wp-content\/uploads\/2020\/04\/IMG_9227.jpg\" data-link=\"http:\/\/lichri.radeln-in-den-sonnenaufgang.de\/?attachment_id=2249\" class=\"wp-image-2249\" srcset=\"http:\/\/lichri.radeln-in-den-sonnenaufgang.de\/wp-content\/uploads\/2020\/04\/IMG_9227-1024x683.jpg 1024w, http:\/\/lichri.radeln-in-den-sonnenaufgang.de\/wp-content\/uploads\/2020\/04\/IMG_9227-300x200.jpg 300w, http:\/\/lichri.radeln-in-den-sonnenaufgang.de\/wp-content\/uploads\/2020\/04\/IMG_9227-768x512.jpg 768w, http:\/\/lichri.radeln-in-den-sonnenaufgang.de\/wp-content\/uploads\/2020\/04\/IMG_9227-1536x1024.jpg 1536w, http:\/\/lichri.radeln-in-den-sonnenaufgang.de\/wp-content\/uploads\/2020\/04\/IMG_9227.jpg 1800w\" sizes=\"(max-width: 767px) 89vw, (max-width: 1000px) 54vw, (max-width: 1071px) 543px, 580px\" \/><\/figure><\/li><\/ul><\/figure>\n\n\n\n<p>W\u00e4hrend unserer Touren nach und durch Bagan drehte sich die Welt nat\u00fcrlich weiter \u2013 und so ging auch die Corona-Krisenentwicklung. Unser Flug nach Athen war bereits gebucht, da schloss ein ums andere Land auf der Balkanroute bzw. zur und entlang der Donau die Grenzen. Auch das \u00f6ffentliche Leben in Griechenland wurde zusehends eingeschr\u00e4nkt, was wir \u00fcber unsere Freunde und schlie\u00dflich auch \u00fcber unsere Familien per Messenger tagesaktuell nachvollziehen konnten. Auf das Dr\u00e4ngen der Familie, dem Antwortschreiben der Botschaft auf unsere Frage nach einer Einsch\u00e4tzung und letztendlich als Reaktion auf das Verbot der Unterbringung von Touristen in Griechenland, beschlossen wir gemeinsam mit Jannik und Clara, direkt nach Deutschland zu reisen \u2013 auch wenn das bedeutete, 600 Euro an Singapur Airlines als Stornogeb\u00fchr zu verlieren und obendrein ein teureres Ticket zahlen zu m\u00fcssen.<\/p>\n\n\n\n<p>Nachdem wir aus unserem Hotel bereits ausgecheckt hatten und noch einige Stunden hatten, bevor wir am Abend die Busfahrt zum Inle See antreten w\u00fcrden, machten wir uns daran den Flug nach Deutschland zu buchen. Nach stundenlangem Versuchen und Scheitern, musste uns schlie\u00dflich Lisas Bruder in Deutschland aus der Patsche helfen und uns das Ticket besorgen, das wir brauchten. Etwas erleichterter, aber ziemlich gestresst ging es dann auf eine weitere Fahrt mit dem Nachtbus. Und mit eher wenig Schlaf.<\/p>\n\n\n\n<h4>Inle<\/h4>\n\n\n\n<p>Noch lange vor Sonnenaufgang kamen wir in Nyaung Shwe an. Wir\ndrehten die Lenkr\u00e4der wieder zurecht, bauten die Laufr\u00e4der ein und beluden unsere\ntreuen Bikes gerade fertig, als uns der letzte Mann, der noch mit uns hier nach\nAbfahrt des Buses an der Haltestelle stand, ansprach. Ob wir schon eine\nUnterkunft h\u00e4tten, fragte er. Und ob wir Lust auf eine Tour \u00fcber den See\nh\u00e4tten, zum Sonnenuntergang. Oder gleich zum Sonnenaufgang. Wir hatten kein\nHotel und \u2013 ja, warum eigentlich nicht: wir k\u00f6nnten doch direkt eine Tour\nmachen und am Nachmittag etwas ausruhen.<\/p>\n\n\n\n<p>Da wir ohnehin nicht wussten, wo wir h\u00e4tten hingehen sollen\nund der nette Burmese uns anbot, bei ihm zuhause noch etwas zu Schlafen bevor\nes losginge, sagten wir zu und folgten ihm zu seiner sehr einfachen Behausung\nim Untergeschoss eines einfachen Holzstelzenhauses am Rande der Stadt. Wir\nbreiteten unsere Isomatten auf dem mit Schaumstoff ausgelegten Untergrund des\nmit Vorh\u00e4ngen abgeteilten Zimmer(chen)s und versuchten noch etwas zu schlafen,\nbevor es losgehen sollte. Unser spontaner Gastgeber hingegen brach direkt\nwieder zur Bushaltestelle auf, um nach weiteren Interessenten zu suchen. Mit\nseinem Bruder, der hier ebenfalls wohnte, w\u00fcrden wir dann kurz vor\nSonnenaufgang losfahren. Vor Aufregung und Angst, den Sonnenaufgang zu\nverpassen, stand Chris nach einer Stunde wieder auf und tigerte vor dem Haus umher,\nin der Hoffnung, auf den Bruder zu sto\u00dfen. Nach einer Weile kam auch der\nKollege zur\u00fcck, der uns hier her gebracht hatte. Er hatte frittierte\nTeigstangen sowie Instant-Kaffee-Pulver dabei, welches er schnell anr\u00fchrte und\nuns damit ein kleines Fr\u00fchst\u00fcck anrichtete. Die R\u00e4der und Taschen noch schnell\naneinander festgeschlossen hopsten wir mit der Kamera bewaffnet in das Langboot\ndes Bruders, der mit einem kleinen Jungen eben sein Gef\u00e4hrt an den zwei anderen\nim Wasser des kleinen Kanals treibenden Langbooten befestigt hatte. Auf einfach\nzusammengezimmerten Holzst\u00fchlen, die mit je einer Schwimmweste gepolstert\nwaren, nahmen wir Platz und mampften die letzten Bissen unseres Fr\u00fchst\u00fccks.\nW\u00e4hrend sich Lisa erst in ihre, dann auch in die mir zugeteilte Decke\neinmummelte, tuckerten wir bereits \u2013 erst gem\u00e4chlich durch kleine, dann\nschneller \u00fcber breitere Kan\u00e4le \u2013 in Richtung des Inle-Sees, vorbei an\nStelzenh\u00e4usern am Ufer, Anlegestellen, Menschen die Fischernetze herantrugen\nund jeder Menge M\u00f6wen. Als wir ein raumschiffartiges Pumpenboot passierten, mit\ndem augenscheinlich Kan\u00e4le befahrbar gehalten werden sollten, lag bereits ein\ngoldener Schein \u00fcber den Bergkuppen, die das Tal des Sees vom Osten her\neinfassten. Bald w\u00fcrde die Sonne aufgehen.<\/p>\n\n\n\n<figure class=\"is-layout-flex wp-block-gallery-97 wp-block-gallery columns-1 is-cropped\"><ul class=\"blocks-gallery-grid\"><li class=\"blocks-gallery-item\"><figure><img decoding=\"async\" loading=\"lazy\" width=\"1024\" height=\"683\" src=\"http:\/\/lichri.radeln-in-den-sonnenaufgang.de\/wp-content\/uploads\/2020\/04\/IMG_9758-1024x683.jpg\" alt=\"\" data-id=\"2300\" data-full-url=\"http:\/\/lichri.radeln-in-den-sonnenaufgang.de\/wp-content\/uploads\/2020\/04\/IMG_9758.jpg\" data-link=\"http:\/\/lichri.radeln-in-den-sonnenaufgang.de\/?attachment_id=2300\" class=\"wp-image-2300\" srcset=\"http:\/\/lichri.radeln-in-den-sonnenaufgang.de\/wp-content\/uploads\/2020\/04\/IMG_9758-1024x683.jpg 1024w, http:\/\/lichri.radeln-in-den-sonnenaufgang.de\/wp-content\/uploads\/2020\/04\/IMG_9758-300x200.jpg 300w, http:\/\/lichri.radeln-in-den-sonnenaufgang.de\/wp-content\/uploads\/2020\/04\/IMG_9758-768x512.jpg 768w, http:\/\/lichri.radeln-in-den-sonnenaufgang.de\/wp-content\/uploads\/2020\/04\/IMG_9758-1536x1024.jpg 1536w, http:\/\/lichri.radeln-in-den-sonnenaufgang.de\/wp-content\/uploads\/2020\/04\/IMG_9758.jpg 1800w\" sizes=\"(max-width: 767px) 89vw, (max-width: 1000px) 54vw, (max-width: 1071px) 543px, 580px\" \/><\/figure><\/li><li class=\"blocks-gallery-item\"><figure><img decoding=\"async\" loading=\"lazy\" width=\"1024\" height=\"683\" src=\"http:\/\/lichri.radeln-in-den-sonnenaufgang.de\/wp-content\/uploads\/2020\/04\/IMG_9783-1024x683.jpg\" alt=\"\" data-id=\"2301\" data-full-url=\"http:\/\/lichri.radeln-in-den-sonnenaufgang.de\/wp-content\/uploads\/2020\/04\/IMG_9783.jpg\" data-link=\"http:\/\/lichri.radeln-in-den-sonnenaufgang.de\/?attachment_id=2301\" class=\"wp-image-2301\" srcset=\"http:\/\/lichri.radeln-in-den-sonnenaufgang.de\/wp-content\/uploads\/2020\/04\/IMG_9783-1024x683.jpg 1024w, http:\/\/lichri.radeln-in-den-sonnenaufgang.de\/wp-content\/uploads\/2020\/04\/IMG_9783-300x200.jpg 300w, http:\/\/lichri.radeln-in-den-sonnenaufgang.de\/wp-content\/uploads\/2020\/04\/IMG_9783-768x512.jpg 768w, http:\/\/lichri.radeln-in-den-sonnenaufgang.de\/wp-content\/uploads\/2020\/04\/IMG_9783-1536x1024.jpg 1536w, http:\/\/lichri.radeln-in-den-sonnenaufgang.de\/wp-content\/uploads\/2020\/04\/IMG_9783.jpg 1800w\" sizes=\"(max-width: 767px) 89vw, (max-width: 1000px) 54vw, (max-width: 1071px) 543px, 580px\" \/><\/figure><\/li><li class=\"blocks-gallery-item\"><figure><img decoding=\"async\" loading=\"lazy\" width=\"1024\" height=\"683\" src=\"http:\/\/lichri.radeln-in-den-sonnenaufgang.de\/wp-content\/uploads\/2020\/04\/IMG_9786-1024x683.jpg\" alt=\"\" data-id=\"2302\" data-full-url=\"http:\/\/lichri.radeln-in-den-sonnenaufgang.de\/wp-content\/uploads\/2020\/04\/IMG_9786.jpg\" data-link=\"http:\/\/lichri.radeln-in-den-sonnenaufgang.de\/?attachment_id=2302\" class=\"wp-image-2302\" srcset=\"http:\/\/lichri.radeln-in-den-sonnenaufgang.de\/wp-content\/uploads\/2020\/04\/IMG_9786-1024x683.jpg 1024w, http:\/\/lichri.radeln-in-den-sonnenaufgang.de\/wp-content\/uploads\/2020\/04\/IMG_9786-300x200.jpg 300w, http:\/\/lichri.radeln-in-den-sonnenaufgang.de\/wp-content\/uploads\/2020\/04\/IMG_9786-768x512.jpg 768w, http:\/\/lichri.radeln-in-den-sonnenaufgang.de\/wp-content\/uploads\/2020\/04\/IMG_9786-1536x1024.jpg 1536w, http:\/\/lichri.radeln-in-den-sonnenaufgang.de\/wp-content\/uploads\/2020\/04\/IMG_9786.jpg 1800w\" sizes=\"(max-width: 767px) 89vw, (max-width: 1000px) 54vw, (max-width: 1071px) 543px, 580px\" \/><\/figure><\/li><\/ul><\/figure>\n\n\n\n<p>Wir fuhren eben hinaus auf das offene, seichte Wasser des\nSees, als wir aus der Ferne bereits zwei Fischer in ihren traditionellen Kleidern\nauf ihren schmalen Fischerbooten erblickten. <\/p>\n\n\n\n<p>Sie bemerkten nat\u00fcrlich auch uns und da der Tourismus des\nInle Lake von Anblicken wie dem ihren lebte, ist es verst\u00e4ndlich, dass diese\nFischer, die dort in traditioneller Bekleidung mit den althergebrachten Netzen\nund Reusen arbeiteten, f\u00fcr die Besucher auch gerne f\u00fcr Fotos posierten \u2013 wof\u00fcr\nsie nat\u00fcrlich, wie auch in unserem Fall, von faszinierten Zuschauern und\ndankbaren Fotografen entlohnt wurden.<\/p>\n\n\n\n<figure class=\"is-layout-flex wp-block-gallery-99 wp-block-gallery columns-1 is-cropped\"><ul class=\"blocks-gallery-grid\"><li class=\"blocks-gallery-item\"><figure><img decoding=\"async\" loading=\"lazy\" width=\"683\" height=\"1024\" src=\"http:\/\/lichri.radeln-in-den-sonnenaufgang.de\/wp-content\/uploads\/2020\/04\/IMG_9883-683x1024.jpg\" alt=\"\" data-id=\"2314\" data-full-url=\"http:\/\/lichri.radeln-in-den-sonnenaufgang.de\/wp-content\/uploads\/2020\/04\/IMG_9883-rotated.jpg\" data-link=\"http:\/\/lichri.radeln-in-den-sonnenaufgang.de\/?attachment_id=2314\" class=\"wp-image-2314\" srcset=\"http:\/\/lichri.radeln-in-den-sonnenaufgang.de\/wp-content\/uploads\/2020\/04\/IMG_9883-683x1024.jpg 683w, http:\/\/lichri.radeln-in-den-sonnenaufgang.de\/wp-content\/uploads\/2020\/04\/IMG_9883-200x300.jpg 200w, http:\/\/lichri.radeln-in-den-sonnenaufgang.de\/wp-content\/uploads\/2020\/04\/IMG_9883-768x1152.jpg 768w, http:\/\/lichri.radeln-in-den-sonnenaufgang.de\/wp-content\/uploads\/2020\/04\/IMG_9883-1024x1536.jpg 1024w, http:\/\/lichri.radeln-in-den-sonnenaufgang.de\/wp-content\/uploads\/2020\/04\/IMG_9883-rotated.jpg 1200w\" sizes=\"(max-width: 683px) 100vw, 683px\" \/><\/figure><\/li><li class=\"blocks-gallery-item\"><figure><img decoding=\"async\" loading=\"lazy\" width=\"1024\" height=\"683\" src=\"http:\/\/lichri.radeln-in-den-sonnenaufgang.de\/wp-content\/uploads\/2020\/04\/IMG_9846-1024x683.jpg\" alt=\"\" data-id=\"2310\" data-full-url=\"http:\/\/lichri.radeln-in-den-sonnenaufgang.de\/wp-content\/uploads\/2020\/04\/IMG_9846.jpg\" data-link=\"http:\/\/lichri.radeln-in-den-sonnenaufgang.de\/?attachment_id=2310\" class=\"wp-image-2310\" srcset=\"http:\/\/lichri.radeln-in-den-sonnenaufgang.de\/wp-content\/uploads\/2020\/04\/IMG_9846-1024x683.jpg 1024w, http:\/\/lichri.radeln-in-den-sonnenaufgang.de\/wp-content\/uploads\/2020\/04\/IMG_9846-300x200.jpg 300w, http:\/\/lichri.radeln-in-den-sonnenaufgang.de\/wp-content\/uploads\/2020\/04\/IMG_9846-768x512.jpg 768w, http:\/\/lichri.radeln-in-den-sonnenaufgang.de\/wp-content\/uploads\/2020\/04\/IMG_9846-1536x1024.jpg 1536w, http:\/\/lichri.radeln-in-den-sonnenaufgang.de\/wp-content\/uploads\/2020\/04\/IMG_9846.jpg 1800w\" sizes=\"(max-width: 767px) 89vw, (max-width: 1000px) 54vw, (max-width: 1071px) 543px, 580px\" \/><\/figure><\/li><li class=\"blocks-gallery-item\"><figure><img decoding=\"async\" loading=\"lazy\" width=\"1024\" height=\"683\" src=\"http:\/\/lichri.radeln-in-den-sonnenaufgang.de\/wp-content\/uploads\/2020\/04\/IMG_9842-1024x683.jpg\" alt=\"\" data-id=\"2309\" data-full-url=\"http:\/\/lichri.radeln-in-den-sonnenaufgang.de\/wp-content\/uploads\/2020\/04\/IMG_9842.jpg\" data-link=\"http:\/\/lichri.radeln-in-den-sonnenaufgang.de\/?attachment_id=2309\" class=\"wp-image-2309\" srcset=\"http:\/\/lichri.radeln-in-den-sonnenaufgang.de\/wp-content\/uploads\/2020\/04\/IMG_9842-1024x683.jpg 1024w, http:\/\/lichri.radeln-in-den-sonnenaufgang.de\/wp-content\/uploads\/2020\/04\/IMG_9842-300x200.jpg 300w, http:\/\/lichri.radeln-in-den-sonnenaufgang.de\/wp-content\/uploads\/2020\/04\/IMG_9842-768x512.jpg 768w, http:\/\/lichri.radeln-in-den-sonnenaufgang.de\/wp-content\/uploads\/2020\/04\/IMG_9842-1536x1024.jpg 1536w, http:\/\/lichri.radeln-in-den-sonnenaufgang.de\/wp-content\/uploads\/2020\/04\/IMG_9842.jpg 1800w\" sizes=\"(max-width: 767px) 89vw, (max-width: 1000px) 54vw, (max-width: 1071px) 543px, 580px\" \/><\/figure><\/li><li class=\"blocks-gallery-item\"><figure><img decoding=\"async\" loading=\"lazy\" width=\"1024\" height=\"683\" src=\"http:\/\/lichri.radeln-in-den-sonnenaufgang.de\/wp-content\/uploads\/2020\/04\/IMG_9858-1024x683.jpg\" alt=\"\" data-id=\"2312\" data-full-url=\"http:\/\/lichri.radeln-in-den-sonnenaufgang.de\/wp-content\/uploads\/2020\/04\/IMG_9858.jpg\" data-link=\"http:\/\/lichri.radeln-in-den-sonnenaufgang.de\/?attachment_id=2312\" class=\"wp-image-2312\" srcset=\"http:\/\/lichri.radeln-in-den-sonnenaufgang.de\/wp-content\/uploads\/2020\/04\/IMG_9858-1024x683.jpg 1024w, http:\/\/lichri.radeln-in-den-sonnenaufgang.de\/wp-content\/uploads\/2020\/04\/IMG_9858-300x200.jpg 300w, http:\/\/lichri.radeln-in-den-sonnenaufgang.de\/wp-content\/uploads\/2020\/04\/IMG_9858-768x512.jpg 768w, http:\/\/lichri.radeln-in-den-sonnenaufgang.de\/wp-content\/uploads\/2020\/04\/IMG_9858-1536x1024.jpg 1536w, http:\/\/lichri.radeln-in-den-sonnenaufgang.de\/wp-content\/uploads\/2020\/04\/IMG_9858.jpg 1800w\" sizes=\"(max-width: 767px) 89vw, (max-width: 1000px) 54vw, (max-width: 1071px) 543px, 580px\" \/><\/figure><\/li><li class=\"blocks-gallery-item\"><figure><img decoding=\"async\" loading=\"lazy\" width=\"1024\" height=\"683\" src=\"http:\/\/lichri.radeln-in-den-sonnenaufgang.de\/wp-content\/uploads\/2020\/04\/IMG_9877-1024x683.jpg\" alt=\"\" data-id=\"2313\" data-full-url=\"http:\/\/lichri.radeln-in-den-sonnenaufgang.de\/wp-content\/uploads\/2020\/04\/IMG_9877.jpg\" data-link=\"http:\/\/lichri.radeln-in-den-sonnenaufgang.de\/?attachment_id=2313\" class=\"wp-image-2313\" srcset=\"http:\/\/lichri.radeln-in-den-sonnenaufgang.de\/wp-content\/uploads\/2020\/04\/IMG_9877-1024x683.jpg 1024w, http:\/\/lichri.radeln-in-den-sonnenaufgang.de\/wp-content\/uploads\/2020\/04\/IMG_9877-300x200.jpg 300w, http:\/\/lichri.radeln-in-den-sonnenaufgang.de\/wp-content\/uploads\/2020\/04\/IMG_9877-768x512.jpg 768w, http:\/\/lichri.radeln-in-den-sonnenaufgang.de\/wp-content\/uploads\/2020\/04\/IMG_9877-1536x1024.jpg 1536w, http:\/\/lichri.radeln-in-den-sonnenaufgang.de\/wp-content\/uploads\/2020\/04\/IMG_9877.jpg 1800w\" sizes=\"(max-width: 767px) 89vw, (max-width: 1000px) 54vw, (max-width: 1071px) 543px, 580px\" \/><\/figure><\/li><\/ul><\/figure>\n\n\n\n<p>Wir genossen die Fahrt \u00fcber den See. Auch zu sehen, dass die augenscheinlich inszenierte Begegnung die voranging, absolut nicht fern von der Realit\u00e4t der Menschen lag, die hier vom Fischfang lebten. Wir passierten jede Menge Fischer, die mit eben jenen Netzen arbeiteten und ihr Boot mit einem vom Bein gehaltenen Paddel geschickt vorantrieben. Die inzwischen authentischere Bekleidung bestand jedoch vermehrt aus bunten T-Shirts, Jacken und kurzen Hosen. F\u00fcr\u2019s Fischen eignete sich der traditionelle Longyi scheinbar nicht, den man sonst an Frau wie Mann sah.<\/p>\n\n\n\n<figure class=\"is-layout-flex wp-block-gallery-101 wp-block-gallery columns-1 is-cropped\"><ul class=\"blocks-gallery-grid\"><li class=\"blocks-gallery-item\"><figure><img decoding=\"async\" loading=\"lazy\" width=\"1024\" height=\"683\" src=\"http:\/\/lichri.radeln-in-den-sonnenaufgang.de\/wp-content\/uploads\/2020\/04\/IMG_9916-1024x683.jpg\" alt=\"\" data-id=\"2316\" data-link=\"http:\/\/lichri.radeln-in-den-sonnenaufgang.de\/?attachment_id=2316\" class=\"wp-image-2316\" srcset=\"http:\/\/lichri.radeln-in-den-sonnenaufgang.de\/wp-content\/uploads\/2020\/04\/IMG_9916-1024x683.jpg 1024w, http:\/\/lichri.radeln-in-den-sonnenaufgang.de\/wp-content\/uploads\/2020\/04\/IMG_9916-300x200.jpg 300w, http:\/\/lichri.radeln-in-den-sonnenaufgang.de\/wp-content\/uploads\/2020\/04\/IMG_9916-768x512.jpg 768w, http:\/\/lichri.radeln-in-den-sonnenaufgang.de\/wp-content\/uploads\/2020\/04\/IMG_9916-1536x1024.jpg 1536w, http:\/\/lichri.radeln-in-den-sonnenaufgang.de\/wp-content\/uploads\/2020\/04\/IMG_9916.jpg 1800w\" sizes=\"(max-width: 767px) 89vw, (max-width: 1000px) 54vw, (max-width: 1071px) 543px, 580px\" \/><\/figure><\/li><li class=\"blocks-gallery-item\"><figure><img decoding=\"async\" loading=\"lazy\" width=\"1024\" height=\"683\" src=\"http:\/\/lichri.radeln-in-den-sonnenaufgang.de\/wp-content\/uploads\/2020\/04\/IMG_9925-1024x683.jpg\" alt=\"\" data-id=\"2317\" data-link=\"http:\/\/lichri.radeln-in-den-sonnenaufgang.de\/?attachment_id=2317\" class=\"wp-image-2317\" srcset=\"http:\/\/lichri.radeln-in-den-sonnenaufgang.de\/wp-content\/uploads\/2020\/04\/IMG_9925-1024x683.jpg 1024w, http:\/\/lichri.radeln-in-den-sonnenaufgang.de\/wp-content\/uploads\/2020\/04\/IMG_9925-300x200.jpg 300w, http:\/\/lichri.radeln-in-den-sonnenaufgang.de\/wp-content\/uploads\/2020\/04\/IMG_9925-768x512.jpg 768w, http:\/\/lichri.radeln-in-den-sonnenaufgang.de\/wp-content\/uploads\/2020\/04\/IMG_9925-1536x1024.jpg 1536w, http:\/\/lichri.radeln-in-den-sonnenaufgang.de\/wp-content\/uploads\/2020\/04\/IMG_9925.jpg 1800w\" sizes=\"(max-width: 767px) 89vw, (max-width: 1000px) 54vw, (max-width: 1071px) 543px, 580px\" \/><\/figure><\/li><li class=\"blocks-gallery-item\"><figure><img decoding=\"async\" loading=\"lazy\" width=\"683\" height=\"1024\" src=\"http:\/\/lichri.radeln-in-den-sonnenaufgang.de\/wp-content\/uploads\/2020\/04\/IMG_9929-683x1024.jpg\" alt=\"\" data-id=\"2318\" data-link=\"http:\/\/lichri.radeln-in-den-sonnenaufgang.de\/?attachment_id=2318\" class=\"wp-image-2318\" srcset=\"http:\/\/lichri.radeln-in-den-sonnenaufgang.de\/wp-content\/uploads\/2020\/04\/IMG_9929-683x1024.jpg 683w, http:\/\/lichri.radeln-in-den-sonnenaufgang.de\/wp-content\/uploads\/2020\/04\/IMG_9929-200x300.jpg 200w, http:\/\/lichri.radeln-in-den-sonnenaufgang.de\/wp-content\/uploads\/2020\/04\/IMG_9929-768x1152.jpg 768w, http:\/\/lichri.radeln-in-den-sonnenaufgang.de\/wp-content\/uploads\/2020\/04\/IMG_9929-1024x1536.jpg 1024w, http:\/\/lichri.radeln-in-den-sonnenaufgang.de\/wp-content\/uploads\/2020\/04\/IMG_9929-rotated.jpg 1200w\" sizes=\"(max-width: 683px) 100vw, 683px\" \/><\/figure><\/li><li class=\"blocks-gallery-item\"><figure><img decoding=\"async\" loading=\"lazy\" width=\"1024\" height=\"683\" src=\"http:\/\/lichri.radeln-in-den-sonnenaufgang.de\/wp-content\/uploads\/2020\/04\/IMG_9954-1024x683.jpg\" alt=\"\" data-id=\"2319\" data-link=\"http:\/\/lichri.radeln-in-den-sonnenaufgang.de\/?attachment_id=2319\" class=\"wp-image-2319\" srcset=\"http:\/\/lichri.radeln-in-den-sonnenaufgang.de\/wp-content\/uploads\/2020\/04\/IMG_9954-1024x683.jpg 1024w, http:\/\/lichri.radeln-in-den-sonnenaufgang.de\/wp-content\/uploads\/2020\/04\/IMG_9954-300x200.jpg 300w, http:\/\/lichri.radeln-in-den-sonnenaufgang.de\/wp-content\/uploads\/2020\/04\/IMG_9954-768x512.jpg 768w, http:\/\/lichri.radeln-in-den-sonnenaufgang.de\/wp-content\/uploads\/2020\/04\/IMG_9954-1536x1024.jpg 1536w, http:\/\/lichri.radeln-in-den-sonnenaufgang.de\/wp-content\/uploads\/2020\/04\/IMG_9954.jpg 1800w\" sizes=\"(max-width: 767px) 89vw, (max-width: 1000px) 54vw, (max-width: 1071px) 543px, 580px\" \/><\/figure><\/li><\/ul><\/figure>\n\n\n\n<p>Wir passierten Unmengen im Wasser treibende Plastikflaschen,\ndie wahrscheinlich Reusen markierten, an denen sie festgebunden waren. Andernorts\ntrafen wir auf Gruppen von Menschen, die so etwas wie Seegras zu ernten\nschienen und je ihren Kahn vor sich mit haufenweise Gr\u00fcnzeug f\u00fcllten.<\/p>\n\n\n\n<figure class=\"is-layout-flex wp-block-gallery-103 wp-block-gallery columns-3 is-cropped\"><ul class=\"blocks-gallery-grid\"><li class=\"blocks-gallery-item\"><figure><img decoding=\"async\" loading=\"lazy\" width=\"1024\" height=\"768\" src=\"http:\/\/lichri.radeln-in-den-sonnenaufgang.de\/wp-content\/uploads\/2020\/04\/DSC_0217-1-1024x768.jpg\" alt=\"\" data-id=\"2416\" data-full-url=\"http:\/\/lichri.radeln-in-den-sonnenaufgang.de\/wp-content\/uploads\/2020\/04\/DSC_0217-1.jpg\" data-link=\"http:\/\/lichri.radeln-in-den-sonnenaufgang.de\/?attachment_id=2416\" class=\"wp-image-2416\" srcset=\"http:\/\/lichri.radeln-in-den-sonnenaufgang.de\/wp-content\/uploads\/2020\/04\/DSC_0217-1-1024x768.jpg 1024w, http:\/\/lichri.radeln-in-den-sonnenaufgang.de\/wp-content\/uploads\/2020\/04\/DSC_0217-1-300x225.jpg 300w, http:\/\/lichri.radeln-in-den-sonnenaufgang.de\/wp-content\/uploads\/2020\/04\/DSC_0217-1-768x576.jpg 768w, http:\/\/lichri.radeln-in-den-sonnenaufgang.de\/wp-content\/uploads\/2020\/04\/DSC_0217-1-1536x1152.jpg 1536w, http:\/\/lichri.radeln-in-den-sonnenaufgang.de\/wp-content\/uploads\/2020\/04\/DSC_0217-1.jpg 1600w\" sizes=\"(max-width: 767px) 89vw, (max-width: 1000px) 54vw, (max-width: 1071px) 543px, 580px\" \/><\/figure><\/li><li class=\"blocks-gallery-item\"><figure><img decoding=\"async\" loading=\"lazy\" width=\"1024\" height=\"683\" src=\"http:\/\/lichri.radeln-in-den-sonnenaufgang.de\/wp-content\/uploads\/2020\/04\/IMG_9985-1024x683.jpg\" alt=\"\" data-id=\"2326\" data-full-url=\"http:\/\/lichri.radeln-in-den-sonnenaufgang.de\/wp-content\/uploads\/2020\/04\/IMG_9985.jpg\" data-link=\"http:\/\/lichri.radeln-in-den-sonnenaufgang.de\/?attachment_id=2326\" class=\"wp-image-2326\" srcset=\"http:\/\/lichri.radeln-in-den-sonnenaufgang.de\/wp-content\/uploads\/2020\/04\/IMG_9985-1024x683.jpg 1024w, http:\/\/lichri.radeln-in-den-sonnenaufgang.de\/wp-content\/uploads\/2020\/04\/IMG_9985-300x200.jpg 300w, http:\/\/lichri.radeln-in-den-sonnenaufgang.de\/wp-content\/uploads\/2020\/04\/IMG_9985-768x512.jpg 768w, http:\/\/lichri.radeln-in-den-sonnenaufgang.de\/wp-content\/uploads\/2020\/04\/IMG_9985-1536x1024.jpg 1536w, http:\/\/lichri.radeln-in-den-sonnenaufgang.de\/wp-content\/uploads\/2020\/04\/IMG_9985.jpg 1800w\" sizes=\"(max-width: 767px) 89vw, (max-width: 1000px) 54vw, (max-width: 1071px) 543px, 580px\" \/><\/figure><\/li><li class=\"blocks-gallery-item\"><figure><img decoding=\"async\" loading=\"lazy\" width=\"1024\" height=\"683\" src=\"http:\/\/lichri.radeln-in-den-sonnenaufgang.de\/wp-content\/uploads\/2020\/04\/IMG_9984-1024x683.jpg\" alt=\"\" data-id=\"2325\" data-full-url=\"http:\/\/lichri.radeln-in-den-sonnenaufgang.de\/wp-content\/uploads\/2020\/04\/IMG_9984.jpg\" data-link=\"http:\/\/lichri.radeln-in-den-sonnenaufgang.de\/?attachment_id=2325\" class=\"wp-image-2325\" srcset=\"http:\/\/lichri.radeln-in-den-sonnenaufgang.de\/wp-content\/uploads\/2020\/04\/IMG_9984-1024x683.jpg 1024w, http:\/\/lichri.radeln-in-den-sonnenaufgang.de\/wp-content\/uploads\/2020\/04\/IMG_9984-300x200.jpg 300w, http:\/\/lichri.radeln-in-den-sonnenaufgang.de\/wp-content\/uploads\/2020\/04\/IMG_9984-768x512.jpg 768w, http:\/\/lichri.radeln-in-den-sonnenaufgang.de\/wp-content\/uploads\/2020\/04\/IMG_9984-1536x1024.jpg 1536w, http:\/\/lichri.radeln-in-den-sonnenaufgang.de\/wp-content\/uploads\/2020\/04\/IMG_9984.jpg 1800w\" sizes=\"(max-width: 767px) 89vw, (max-width: 1000px) 54vw, (max-width: 1071px) 543px, 580px\" \/><\/figure><\/li><li class=\"blocks-gallery-item\"><figure><img decoding=\"async\" loading=\"lazy\" width=\"1024\" height=\"683\" src=\"http:\/\/lichri.radeln-in-den-sonnenaufgang.de\/wp-content\/uploads\/2020\/04\/IMG_9989-1024x683.jpg\" alt=\"\" data-id=\"2327\" data-full-url=\"http:\/\/lichri.radeln-in-den-sonnenaufgang.de\/wp-content\/uploads\/2020\/04\/IMG_9989.jpg\" data-link=\"http:\/\/lichri.radeln-in-den-sonnenaufgang.de\/?attachment_id=2327\" class=\"wp-image-2327\" srcset=\"http:\/\/lichri.radeln-in-den-sonnenaufgang.de\/wp-content\/uploads\/2020\/04\/IMG_9989-1024x683.jpg 1024w, http:\/\/lichri.radeln-in-den-sonnenaufgang.de\/wp-content\/uploads\/2020\/04\/IMG_9989-300x200.jpg 300w, http:\/\/lichri.radeln-in-den-sonnenaufgang.de\/wp-content\/uploads\/2020\/04\/IMG_9989-768x512.jpg 768w, http:\/\/lichri.radeln-in-den-sonnenaufgang.de\/wp-content\/uploads\/2020\/04\/IMG_9989-1536x1024.jpg 1536w, http:\/\/lichri.radeln-in-den-sonnenaufgang.de\/wp-content\/uploads\/2020\/04\/IMG_9989.jpg 1800w\" sizes=\"(max-width: 767px) 89vw, (max-width: 1000px) 54vw, (max-width: 1071px) 543px, 580px\" \/><\/figure><\/li><\/ul><\/figure>\n\n\n\n<p>So gesch\u00e4ftig, trotz der fr\u00fchen Stunde, ging es auch in den Stelzensiedlungen\nim s\u00fcdlichen Teil des Sees zu. Unser Bootsf\u00fchrer brachte uns nun von einer\nWerkstatt zur n\u00e4chsten. In einer Silberschmiede konnten wir \u2013 sehr \u00e4hnlich zu\njener, die wir in Yogyakarta bereits auf einer eher unbeabsichtigten\nStadtrundfahrt bereits besuchen durften \u2013 M\u00e4nner dabei beobachten, wie sie Metalle\nschmolzen und filigrane Schmuckst\u00fccke in Form bogen und zogen und verzierten. <\/p>\n\n\n\n<figure class=\"is-layout-flex wp-block-gallery-105 wp-block-gallery columns-1 is-cropped\"><ul class=\"blocks-gallery-grid\"><li class=\"blocks-gallery-item\"><figure><img decoding=\"async\" loading=\"lazy\" width=\"1024\" height=\"683\" src=\"http:\/\/lichri.radeln-in-den-sonnenaufgang.de\/wp-content\/uploads\/2020\/04\/IMG_9971-1024x683.jpg\" alt=\"\" data-id=\"2324\" data-full-url=\"http:\/\/lichri.radeln-in-den-sonnenaufgang.de\/wp-content\/uploads\/2020\/04\/IMG_9971.jpg\" data-link=\"http:\/\/lichri.radeln-in-den-sonnenaufgang.de\/?attachment_id=2324\" class=\"wp-image-2324\" srcset=\"http:\/\/lichri.radeln-in-den-sonnenaufgang.de\/wp-content\/uploads\/2020\/04\/IMG_9971-1024x683.jpg 1024w, http:\/\/lichri.radeln-in-den-sonnenaufgang.de\/wp-content\/uploads\/2020\/04\/IMG_9971-300x200.jpg 300w, http:\/\/lichri.radeln-in-den-sonnenaufgang.de\/wp-content\/uploads\/2020\/04\/IMG_9971-768x512.jpg 768w, http:\/\/lichri.radeln-in-den-sonnenaufgang.de\/wp-content\/uploads\/2020\/04\/IMG_9971-1536x1024.jpg 1536w, http:\/\/lichri.radeln-in-den-sonnenaufgang.de\/wp-content\/uploads\/2020\/04\/IMG_9971.jpg 1800w\" sizes=\"(max-width: 767px) 89vw, (max-width: 1000px) 54vw, (max-width: 1071px) 543px, 580px\" \/><\/figure><\/li><li class=\"blocks-gallery-item\"><figure><img decoding=\"async\" loading=\"lazy\" width=\"1024\" height=\"683\" src=\"http:\/\/lichri.radeln-in-den-sonnenaufgang.de\/wp-content\/uploads\/2020\/04\/IMG_9964-1024x683.jpg\" alt=\"\" data-id=\"2321\" data-full-url=\"http:\/\/lichri.radeln-in-den-sonnenaufgang.de\/wp-content\/uploads\/2020\/04\/IMG_9964.jpg\" data-link=\"http:\/\/lichri.radeln-in-den-sonnenaufgang.de\/?attachment_id=2321\" class=\"wp-image-2321\" srcset=\"http:\/\/lichri.radeln-in-den-sonnenaufgang.de\/wp-content\/uploads\/2020\/04\/IMG_9964-1024x683.jpg 1024w, http:\/\/lichri.radeln-in-den-sonnenaufgang.de\/wp-content\/uploads\/2020\/04\/IMG_9964-300x200.jpg 300w, http:\/\/lichri.radeln-in-den-sonnenaufgang.de\/wp-content\/uploads\/2020\/04\/IMG_9964-768x512.jpg 768w, http:\/\/lichri.radeln-in-den-sonnenaufgang.de\/wp-content\/uploads\/2020\/04\/IMG_9964-1536x1024.jpg 1536w, http:\/\/lichri.radeln-in-den-sonnenaufgang.de\/wp-content\/uploads\/2020\/04\/IMG_9964.jpg 1800w\" sizes=\"(max-width: 767px) 89vw, (max-width: 1000px) 54vw, (max-width: 1071px) 543px, 580px\" \/><\/figure><\/li><li class=\"blocks-gallery-item\"><figure><img decoding=\"async\" loading=\"lazy\" width=\"683\" height=\"1024\" src=\"http:\/\/lichri.radeln-in-den-sonnenaufgang.de\/wp-content\/uploads\/2020\/04\/IMG_9967-683x1024.jpg\" alt=\"\" data-id=\"2322\" data-full-url=\"http:\/\/lichri.radeln-in-den-sonnenaufgang.de\/wp-content\/uploads\/2020\/04\/IMG_9967.jpg\" data-link=\"http:\/\/lichri.radeln-in-den-sonnenaufgang.de\/?attachment_id=2322\" class=\"wp-image-2322\" srcset=\"http:\/\/lichri.radeln-in-den-sonnenaufgang.de\/wp-content\/uploads\/2020\/04\/IMG_9967-683x1024.jpg 683w, http:\/\/lichri.radeln-in-den-sonnenaufgang.de\/wp-content\/uploads\/2020\/04\/IMG_9967-200x300.jpg 200w, http:\/\/lichri.radeln-in-den-sonnenaufgang.de\/wp-content\/uploads\/2020\/04\/IMG_9967-768x1152.jpg 768w, http:\/\/lichri.radeln-in-den-sonnenaufgang.de\/wp-content\/uploads\/2020\/04\/IMG_9967-1024x1536.jpg 1024w, http:\/\/lichri.radeln-in-den-sonnenaufgang.de\/wp-content\/uploads\/2020\/04\/IMG_9967.jpg 1200w\" sizes=\"(max-width: 683px) 100vw, 683px\" \/><\/figure><\/li><li class=\"blocks-gallery-item\"><figure><img decoding=\"async\" loading=\"lazy\" width=\"1024\" height=\"683\" src=\"http:\/\/lichri.radeln-in-den-sonnenaufgang.de\/wp-content\/uploads\/2020\/04\/IMG_9970-1024x683.jpg\" alt=\"\" data-id=\"2323\" data-full-url=\"http:\/\/lichri.radeln-in-den-sonnenaufgang.de\/wp-content\/uploads\/2020\/04\/IMG_9970.jpg\" data-link=\"http:\/\/lichri.radeln-in-den-sonnenaufgang.de\/?attachment_id=2323\" class=\"wp-image-2323\" srcset=\"http:\/\/lichri.radeln-in-den-sonnenaufgang.de\/wp-content\/uploads\/2020\/04\/IMG_9970-1024x683.jpg 1024w, http:\/\/lichri.radeln-in-den-sonnenaufgang.de\/wp-content\/uploads\/2020\/04\/IMG_9970-300x200.jpg 300w, http:\/\/lichri.radeln-in-den-sonnenaufgang.de\/wp-content\/uploads\/2020\/04\/IMG_9970-768x512.jpg 768w, http:\/\/lichri.radeln-in-den-sonnenaufgang.de\/wp-content\/uploads\/2020\/04\/IMG_9970-1536x1024.jpg 1536w, http:\/\/lichri.radeln-in-den-sonnenaufgang.de\/wp-content\/uploads\/2020\/04\/IMG_9970.jpg 1800w\" sizes=\"(max-width: 767px) 89vw, (max-width: 1000px) 54vw, (max-width: 1071px) 543px, 580px\" \/><\/figure><\/li><\/ul><\/figure>\n\n\n\n<p>Andernorts zeigte man uns die Herstellung der traditionellen\nLongyis, aber auch der exklusiveren Lotusschals. Tats\u00e4chlich gewannen die\nFrauen, die hier arbeiteten, aus den St\u00e4ngeln einer speziellen Lotusart, die\nhier angebaut wurde, lange d\u00fcnne Fasern, die sie aus St\u00fccken des Stiels zogen,\nablegten und mit den vorhandenen und den hinzukommenden Fasern durch\nZusammenrollen verklebten. Sp\u00e4ter wurde aus diesen Fasern mit dem Spinnrad ein\nFaden gesponnen, aus welchem wiederum einer der teuren Lotusschals gefertigt\nwurde. F\u00fcr einen Schal braucht eine Arbeiterin laut Auskunft der Frau, die uns\ndurch die Werkstatt f\u00fchrte, einen Monat Arbeitszeit. Was vor allem an der\nbesonders arbeitsintensiven Gewinnung der Fasern liege und deren Preis\nrechtfertige. Im Shop der Werkstatt fanden wir dann zwischen den ebenfalls hier\nproduzierten Baumwoll- und Seidenschals, -Longyis, Blusen und Hosen auch\nbesagte Edelst\u00fccke. F\u00fcr sage und schreibe 700US-Dollar wurden die exklusiven\nInle-See Lotus-Schals hier verkauft. Wir haben lange ger\u00e4tselt, warum man sich\nso etwas kaufen sollte. Es sah noch nicht einmal besonders sch\u00f6n aus. Doch eine\nErkl\u00e4rung die wir uns herleiteten und die halbwegs zufriedenstellend war, ist\ndie Bedeutung des Lotus in der buddhistischen Religion. Vielleicht kauften\ntats\u00e4chlich reiche Thais \u2013 die es durchaus gab \u2013 Lotusschals. Oder eben die\nreichen US-Touristen, die zwar keine Ahnung, aber zu viel Geld hatten. <\/p>\n\n\n\n<figure class=\"is-layout-flex wp-block-gallery-107 wp-block-gallery columns-1 is-cropped\"><ul class=\"blocks-gallery-grid\"><li class=\"blocks-gallery-item\"><figure><img decoding=\"async\" loading=\"lazy\" width=\"683\" height=\"1024\" src=\"http:\/\/lichri.radeln-in-den-sonnenaufgang.de\/wp-content\/uploads\/2020\/04\/IMG_9995-683x1024.jpg\" alt=\"\" data-id=\"2329\" data-full-url=\"http:\/\/lichri.radeln-in-den-sonnenaufgang.de\/wp-content\/uploads\/2020\/04\/IMG_9995-rotated.jpg\" data-link=\"http:\/\/lichri.radeln-in-den-sonnenaufgang.de\/?attachment_id=2329\" class=\"wp-image-2329\" srcset=\"http:\/\/lichri.radeln-in-den-sonnenaufgang.de\/wp-content\/uploads\/2020\/04\/IMG_9995-683x1024.jpg 683w, http:\/\/lichri.radeln-in-den-sonnenaufgang.de\/wp-content\/uploads\/2020\/04\/IMG_9995-200x300.jpg 200w, http:\/\/lichri.radeln-in-den-sonnenaufgang.de\/wp-content\/uploads\/2020\/04\/IMG_9995-768x1152.jpg 768w, http:\/\/lichri.radeln-in-den-sonnenaufgang.de\/wp-content\/uploads\/2020\/04\/IMG_9995-1024x1536.jpg 1024w, http:\/\/lichri.radeln-in-den-sonnenaufgang.de\/wp-content\/uploads\/2020\/04\/IMG_9995-rotated.jpg 1200w\" sizes=\"(max-width: 683px) 100vw, 683px\" \/><\/figure><\/li><li class=\"blocks-gallery-item\"><figure><img decoding=\"async\" loading=\"lazy\" width=\"1024\" height=\"683\" src=\"http:\/\/lichri.radeln-in-den-sonnenaufgang.de\/wp-content\/uploads\/2020\/04\/IMG_9994-1024x683.jpg\" alt=\"\" data-id=\"2328\" data-full-url=\"http:\/\/lichri.radeln-in-den-sonnenaufgang.de\/wp-content\/uploads\/2020\/04\/IMG_9994.jpg\" data-link=\"http:\/\/lichri.radeln-in-den-sonnenaufgang.de\/?attachment_id=2328\" class=\"wp-image-2328\" srcset=\"http:\/\/lichri.radeln-in-den-sonnenaufgang.de\/wp-content\/uploads\/2020\/04\/IMG_9994-1024x683.jpg 1024w, http:\/\/lichri.radeln-in-den-sonnenaufgang.de\/wp-content\/uploads\/2020\/04\/IMG_9994-300x200.jpg 300w, http:\/\/lichri.radeln-in-den-sonnenaufgang.de\/wp-content\/uploads\/2020\/04\/IMG_9994-768x512.jpg 768w, http:\/\/lichri.radeln-in-den-sonnenaufgang.de\/wp-content\/uploads\/2020\/04\/IMG_9994-1536x1024.jpg 1536w, http:\/\/lichri.radeln-in-den-sonnenaufgang.de\/wp-content\/uploads\/2020\/04\/IMG_9994.jpg 1800w\" sizes=\"(max-width: 767px) 89vw, (max-width: 1000px) 54vw, (max-width: 1071px) 543px, 580px\" \/><\/figure><\/li><li class=\"blocks-gallery-item\"><figure><img decoding=\"async\" loading=\"lazy\" width=\"1024\" height=\"683\" src=\"http:\/\/lichri.radeln-in-den-sonnenaufgang.de\/wp-content\/uploads\/2020\/04\/IMG_9996-1024x683.jpg\" alt=\"\" data-id=\"2330\" data-full-url=\"http:\/\/lichri.radeln-in-den-sonnenaufgang.de\/wp-content\/uploads\/2020\/04\/IMG_9996.jpg\" data-link=\"http:\/\/lichri.radeln-in-den-sonnenaufgang.de\/?attachment_id=2330\" class=\"wp-image-2330\" srcset=\"http:\/\/lichri.radeln-in-den-sonnenaufgang.de\/wp-content\/uploads\/2020\/04\/IMG_9996-1024x683.jpg 1024w, http:\/\/lichri.radeln-in-den-sonnenaufgang.de\/wp-content\/uploads\/2020\/04\/IMG_9996-300x200.jpg 300w, http:\/\/lichri.radeln-in-den-sonnenaufgang.de\/wp-content\/uploads\/2020\/04\/IMG_9996-768x512.jpg 768w, http:\/\/lichri.radeln-in-den-sonnenaufgang.de\/wp-content\/uploads\/2020\/04\/IMG_9996-1536x1024.jpg 1536w, http:\/\/lichri.radeln-in-den-sonnenaufgang.de\/wp-content\/uploads\/2020\/04\/IMG_9996.jpg 1800w\" sizes=\"(max-width: 767px) 89vw, (max-width: 1000px) 54vw, (max-width: 1071px) 543px, 580px\" \/><\/figure><\/li><li class=\"blocks-gallery-item\"><figure><img decoding=\"async\" loading=\"lazy\" width=\"683\" height=\"1024\" src=\"http:\/\/lichri.radeln-in-den-sonnenaufgang.de\/wp-content\/uploads\/2020\/04\/IMG_0002-683x1024.jpg\" alt=\"\" data-id=\"2331\" data-full-url=\"http:\/\/lichri.radeln-in-den-sonnenaufgang.de\/wp-content\/uploads\/2020\/04\/IMG_0002-rotated.jpg\" data-link=\"http:\/\/lichri.radeln-in-den-sonnenaufgang.de\/?attachment_id=2331\" class=\"wp-image-2331\" srcset=\"http:\/\/lichri.radeln-in-den-sonnenaufgang.de\/wp-content\/uploads\/2020\/04\/IMG_0002-683x1024.jpg 683w, http:\/\/lichri.radeln-in-den-sonnenaufgang.de\/wp-content\/uploads\/2020\/04\/IMG_0002-200x300.jpg 200w, http:\/\/lichri.radeln-in-den-sonnenaufgang.de\/wp-content\/uploads\/2020\/04\/IMG_0002-768x1152.jpg 768w, http:\/\/lichri.radeln-in-den-sonnenaufgang.de\/wp-content\/uploads\/2020\/04\/IMG_0002-1024x1536.jpg 1024w, http:\/\/lichri.radeln-in-den-sonnenaufgang.de\/wp-content\/uploads\/2020\/04\/IMG_0002-rotated.jpg 1200w\" sizes=\"(max-width: 683px) 100vw, 683px\" \/><\/figure><\/li><li class=\"blocks-gallery-item\"><figure><img decoding=\"async\" loading=\"lazy\" width=\"1024\" height=\"683\" src=\"http:\/\/lichri.radeln-in-den-sonnenaufgang.de\/wp-content\/uploads\/2020\/04\/IMG_0005-1024x683.jpg\" alt=\"\" data-id=\"2332\" data-full-url=\"http:\/\/lichri.radeln-in-den-sonnenaufgang.de\/wp-content\/uploads\/2020\/04\/IMG_0005.jpg\" data-link=\"http:\/\/lichri.radeln-in-den-sonnenaufgang.de\/?attachment_id=2332\" class=\"wp-image-2332\" srcset=\"http:\/\/lichri.radeln-in-den-sonnenaufgang.de\/wp-content\/uploads\/2020\/04\/IMG_0005-1024x683.jpg 1024w, http:\/\/lichri.radeln-in-den-sonnenaufgang.de\/wp-content\/uploads\/2020\/04\/IMG_0005-300x200.jpg 300w, http:\/\/lichri.radeln-in-den-sonnenaufgang.de\/wp-content\/uploads\/2020\/04\/IMG_0005-768x512.jpg 768w, http:\/\/lichri.radeln-in-den-sonnenaufgang.de\/wp-content\/uploads\/2020\/04\/IMG_0005-1536x1024.jpg 1536w, http:\/\/lichri.radeln-in-den-sonnenaufgang.de\/wp-content\/uploads\/2020\/04\/IMG_0005.jpg 1800w\" sizes=\"(max-width: 767px) 89vw, (max-width: 1000px) 54vw, (max-width: 1071px) 543px, 580px\" \/><\/figure><\/li><li class=\"blocks-gallery-item\"><figure><img decoding=\"async\" loading=\"lazy\" width=\"1024\" height=\"683\" src=\"http:\/\/lichri.radeln-in-den-sonnenaufgang.de\/wp-content\/uploads\/2020\/04\/IMG_0013-1024x683.jpg\" alt=\"\" data-id=\"2334\" data-full-url=\"http:\/\/lichri.radeln-in-den-sonnenaufgang.de\/wp-content\/uploads\/2020\/04\/IMG_0013.jpg\" data-link=\"http:\/\/lichri.radeln-in-den-sonnenaufgang.de\/?attachment_id=2334\" class=\"wp-image-2334\" srcset=\"http:\/\/lichri.radeln-in-den-sonnenaufgang.de\/wp-content\/uploads\/2020\/04\/IMG_0013-1024x683.jpg 1024w, http:\/\/lichri.radeln-in-den-sonnenaufgang.de\/wp-content\/uploads\/2020\/04\/IMG_0013-300x200.jpg 300w, http:\/\/lichri.radeln-in-den-sonnenaufgang.de\/wp-content\/uploads\/2020\/04\/IMG_0013-768x512.jpg 768w, http:\/\/lichri.radeln-in-den-sonnenaufgang.de\/wp-content\/uploads\/2020\/04\/IMG_0013-1536x1024.jpg 1536w, http:\/\/lichri.radeln-in-den-sonnenaufgang.de\/wp-content\/uploads\/2020\/04\/IMG_0013.jpg 1800w\" sizes=\"(max-width: 767px) 89vw, (max-width: 1000px) 54vw, (max-width: 1071px) 543px, 580px\" \/><\/figure><\/li><li class=\"blocks-gallery-item\"><figure><img decoding=\"async\" loading=\"lazy\" width=\"1024\" height=\"683\" src=\"http:\/\/lichri.radeln-in-den-sonnenaufgang.de\/wp-content\/uploads\/2020\/04\/IMG_0015-1024x683.jpg\" alt=\"\" data-id=\"2335\" data-full-url=\"http:\/\/lichri.radeln-in-den-sonnenaufgang.de\/wp-content\/uploads\/2020\/04\/IMG_0015.jpg\" data-link=\"http:\/\/lichri.radeln-in-den-sonnenaufgang.de\/?attachment_id=2335\" class=\"wp-image-2335\" srcset=\"http:\/\/lichri.radeln-in-den-sonnenaufgang.de\/wp-content\/uploads\/2020\/04\/IMG_0015-1024x683.jpg 1024w, http:\/\/lichri.radeln-in-den-sonnenaufgang.de\/wp-content\/uploads\/2020\/04\/IMG_0015-300x200.jpg 300w, http:\/\/lichri.radeln-in-den-sonnenaufgang.de\/wp-content\/uploads\/2020\/04\/IMG_0015-768x512.jpg 768w, http:\/\/lichri.radeln-in-den-sonnenaufgang.de\/wp-content\/uploads\/2020\/04\/IMG_0015-1536x1024.jpg 1536w, http:\/\/lichri.radeln-in-den-sonnenaufgang.de\/wp-content\/uploads\/2020\/04\/IMG_0015.jpg 1800w\" sizes=\"(max-width: 767px) 89vw, (max-width: 1000px) 54vw, (max-width: 1071px) 543px, 580px\" \/><\/figure><\/li><\/ul><\/figure>\n\n\n\n<p>Selbige \u00e4ltere Touristen legten gerade an der zweiten Textilwerkstadt an, zu der wir weitergef\u00fchrt wurden, als wir ablegten und uns der Kahnfahrer vorschlug, zu einer Zigarrenmanufaktur zu fahren. Da wir Nichtraucher sind, etwas m\u00fcde sowie etwas genervt davon waren, von einem Shop zum n\u00e4chsten gefahren zu werden, lehnten wir ab. Wir fuhren noch zu einer Pagoda, die uns tats\u00e4chlich nach all den Pagoden, die wir bereits besucht hatten absolut nicht mehr interessierte und bummelten stattdessen \u00fcber einen nahegelegenen Markt, dessen Eindr\u00fccke und Menschen um ein vielfaches interessanter waren, als erneut auf vergoldete Stupas und Buddhas zu starren. <\/p>\n\n\n\n<figure class=\"is-layout-flex wp-block-gallery-109 wp-block-gallery columns-1 is-cropped\"><ul class=\"blocks-gallery-grid\"><li class=\"blocks-gallery-item\"><figure><img decoding=\"async\" loading=\"lazy\" width=\"1024\" height=\"683\" src=\"http:\/\/lichri.radeln-in-den-sonnenaufgang.de\/wp-content\/uploads\/2020\/04\/IMG_0025-1024x683.jpg\" alt=\"\" data-id=\"2336\" data-link=\"http:\/\/lichri.radeln-in-den-sonnenaufgang.de\/?attachment_id=2336\" class=\"wp-image-2336\" srcset=\"http:\/\/lichri.radeln-in-den-sonnenaufgang.de\/wp-content\/uploads\/2020\/04\/IMG_0025-1024x683.jpg 1024w, http:\/\/lichri.radeln-in-den-sonnenaufgang.de\/wp-content\/uploads\/2020\/04\/IMG_0025-300x200.jpg 300w, http:\/\/lichri.radeln-in-den-sonnenaufgang.de\/wp-content\/uploads\/2020\/04\/IMG_0025-768x512.jpg 768w, http:\/\/lichri.radeln-in-den-sonnenaufgang.de\/wp-content\/uploads\/2020\/04\/IMG_0025-1536x1024.jpg 1536w, http:\/\/lichri.radeln-in-den-sonnenaufgang.de\/wp-content\/uploads\/2020\/04\/IMG_0025.jpg 1800w\" sizes=\"(max-width: 767px) 89vw, (max-width: 1000px) 54vw, (max-width: 1071px) 543px, 580px\" \/><\/figure><\/li><li class=\"blocks-gallery-item\"><figure><img decoding=\"async\" loading=\"lazy\" width=\"1024\" height=\"683\" src=\"http:\/\/lichri.radeln-in-den-sonnenaufgang.de\/wp-content\/uploads\/2020\/04\/IMG_0027-1024x683.jpg\" alt=\"\" data-id=\"2337\" data-link=\"http:\/\/lichri.radeln-in-den-sonnenaufgang.de\/?attachment_id=2337\" class=\"wp-image-2337\" srcset=\"http:\/\/lichri.radeln-in-den-sonnenaufgang.de\/wp-content\/uploads\/2020\/04\/IMG_0027-1024x683.jpg 1024w, http:\/\/lichri.radeln-in-den-sonnenaufgang.de\/wp-content\/uploads\/2020\/04\/IMG_0027-300x200.jpg 300w, http:\/\/lichri.radeln-in-den-sonnenaufgang.de\/wp-content\/uploads\/2020\/04\/IMG_0027-768x512.jpg 768w, http:\/\/lichri.radeln-in-den-sonnenaufgang.de\/wp-content\/uploads\/2020\/04\/IMG_0027-1536x1024.jpg 1536w, http:\/\/lichri.radeln-in-den-sonnenaufgang.de\/wp-content\/uploads\/2020\/04\/IMG_0027.jpg 1800w\" sizes=\"(max-width: 767px) 89vw, (max-width: 1000px) 54vw, (max-width: 1071px) 543px, 580px\" \/><\/figure><\/li><li class=\"blocks-gallery-item\"><figure><img decoding=\"async\" loading=\"lazy\" width=\"768\" height=\"1024\" src=\"http:\/\/lichri.radeln-in-den-sonnenaufgang.de\/wp-content\/uploads\/2020\/04\/DSC_0555-768x1024.jpg\" alt=\"\" data-id=\"2425\" data-full-url=\"http:\/\/lichri.radeln-in-den-sonnenaufgang.de\/wp-content\/uploads\/2020\/04\/DSC_0555-rotated.jpg\" data-link=\"http:\/\/lichri.radeln-in-den-sonnenaufgang.de\/?attachment_id=2425\" class=\"wp-image-2425\" srcset=\"http:\/\/lichri.radeln-in-den-sonnenaufgang.de\/wp-content\/uploads\/2020\/04\/DSC_0555-768x1024.jpg 768w, http:\/\/lichri.radeln-in-den-sonnenaufgang.de\/wp-content\/uploads\/2020\/04\/DSC_0555-225x300.jpg 225w, http:\/\/lichri.radeln-in-den-sonnenaufgang.de\/wp-content\/uploads\/2020\/04\/DSC_0555-1152x1536.jpg 1152w, http:\/\/lichri.radeln-in-den-sonnenaufgang.de\/wp-content\/uploads\/2020\/04\/DSC_0555-rotated.jpg 1200w\" sizes=\"(max-width: 767px) 89vw, (max-width: 1000px) 54vw, (max-width: 1071px) 543px, 580px\" \/><\/figure><\/li><li class=\"blocks-gallery-item\"><figure><img decoding=\"async\" loading=\"lazy\" width=\"1024\" height=\"576\" src=\"http:\/\/lichri.radeln-in-den-sonnenaufgang.de\/wp-content\/uploads\/2020\/04\/DSC_0528-1024x576.jpg\" alt=\"\" data-id=\"2417\" data-full-url=\"http:\/\/lichri.radeln-in-den-sonnenaufgang.de\/wp-content\/uploads\/2020\/04\/DSC_0528.jpg\" data-link=\"http:\/\/lichri.radeln-in-den-sonnenaufgang.de\/?attachment_id=2417\" class=\"wp-image-2417\" srcset=\"http:\/\/lichri.radeln-in-den-sonnenaufgang.de\/wp-content\/uploads\/2020\/04\/DSC_0528-1024x576.jpg 1024w, http:\/\/lichri.radeln-in-den-sonnenaufgang.de\/wp-content\/uploads\/2020\/04\/DSC_0528-300x169.jpg 300w, http:\/\/lichri.radeln-in-den-sonnenaufgang.de\/wp-content\/uploads\/2020\/04\/DSC_0528-768x432.jpg 768w, http:\/\/lichri.radeln-in-den-sonnenaufgang.de\/wp-content\/uploads\/2020\/04\/DSC_0528-1536x864.jpg 1536w, http:\/\/lichri.radeln-in-den-sonnenaufgang.de\/wp-content\/uploads\/2020\/04\/DSC_0528-2048x1152.jpg 2048w\" sizes=\"(max-width: 767px) 89vw, (max-width: 1000px) 54vw, (max-width: 1071px) 543px, 580px\" \/><\/figure><\/li><li class=\"blocks-gallery-item\"><figure><img decoding=\"async\" loading=\"lazy\" width=\"1024\" height=\"576\" src=\"http:\/\/lichri.radeln-in-den-sonnenaufgang.de\/wp-content\/uploads\/2020\/04\/DSC_0531-1024x576.jpg\" alt=\"\" data-id=\"2418\" data-full-url=\"http:\/\/lichri.radeln-in-den-sonnenaufgang.de\/wp-content\/uploads\/2020\/04\/DSC_0531.jpg\" data-link=\"http:\/\/lichri.radeln-in-den-sonnenaufgang.de\/?attachment_id=2418\" class=\"wp-image-2418\" srcset=\"http:\/\/lichri.radeln-in-den-sonnenaufgang.de\/wp-content\/uploads\/2020\/04\/DSC_0531-1024x576.jpg 1024w, http:\/\/lichri.radeln-in-den-sonnenaufgang.de\/wp-content\/uploads\/2020\/04\/DSC_0531-300x169.jpg 300w, http:\/\/lichri.radeln-in-den-sonnenaufgang.de\/wp-content\/uploads\/2020\/04\/DSC_0531-768x432.jpg 768w, http:\/\/lichri.radeln-in-den-sonnenaufgang.de\/wp-content\/uploads\/2020\/04\/DSC_0531-1536x864.jpg 1536w, http:\/\/lichri.radeln-in-den-sonnenaufgang.de\/wp-content\/uploads\/2020\/04\/DSC_0531-2048x1152.jpg 2048w\" sizes=\"(max-width: 767px) 89vw, (max-width: 1000px) 54vw, (max-width: 1071px) 543px, 580px\" \/><\/figure><\/li><li class=\"blocks-gallery-item\"><figure><img decoding=\"async\" loading=\"lazy\" width=\"1024\" height=\"768\" src=\"http:\/\/lichri.radeln-in-den-sonnenaufgang.de\/wp-content\/uploads\/2020\/04\/DSC_0535-1024x768.jpg\" alt=\"\" data-id=\"2419\" data-full-url=\"http:\/\/lichri.radeln-in-den-sonnenaufgang.de\/wp-content\/uploads\/2020\/04\/DSC_0535.jpg\" data-link=\"http:\/\/lichri.radeln-in-den-sonnenaufgang.de\/?attachment_id=2419\" class=\"wp-image-2419\" srcset=\"http:\/\/lichri.radeln-in-den-sonnenaufgang.de\/wp-content\/uploads\/2020\/04\/DSC_0535-1024x768.jpg 1024w, http:\/\/lichri.radeln-in-den-sonnenaufgang.de\/wp-content\/uploads\/2020\/04\/DSC_0535-300x225.jpg 300w, http:\/\/lichri.radeln-in-den-sonnenaufgang.de\/wp-content\/uploads\/2020\/04\/DSC_0535-768x576.jpg 768w, http:\/\/lichri.radeln-in-den-sonnenaufgang.de\/wp-content\/uploads\/2020\/04\/DSC_0535-1536x1152.jpg 1536w, http:\/\/lichri.radeln-in-den-sonnenaufgang.de\/wp-content\/uploads\/2020\/04\/DSC_0535.jpg 1600w\" sizes=\"(max-width: 767px) 89vw, (max-width: 1000px) 54vw, (max-width: 1071px) 543px, 580px\" \/><\/figure><\/li><li class=\"blocks-gallery-item\"><figure><img decoding=\"async\" loading=\"lazy\" width=\"768\" height=\"1024\" src=\"http:\/\/lichri.radeln-in-den-sonnenaufgang.de\/wp-content\/uploads\/2020\/04\/DSC_0541-768x1024.jpg\" alt=\"\" data-id=\"2420\" data-full-url=\"http:\/\/lichri.radeln-in-den-sonnenaufgang.de\/wp-content\/uploads\/2020\/04\/DSC_0541-rotated.jpg\" data-link=\"http:\/\/lichri.radeln-in-den-sonnenaufgang.de\/?attachment_id=2420\" class=\"wp-image-2420\" srcset=\"http:\/\/lichri.radeln-in-den-sonnenaufgang.de\/wp-content\/uploads\/2020\/04\/DSC_0541-768x1024.jpg 768w, http:\/\/lichri.radeln-in-den-sonnenaufgang.de\/wp-content\/uploads\/2020\/04\/DSC_0541-225x300.jpg 225w, http:\/\/lichri.radeln-in-den-sonnenaufgang.de\/wp-content\/uploads\/2020\/04\/DSC_0541-1152x1536.jpg 1152w, http:\/\/lichri.radeln-in-den-sonnenaufgang.de\/wp-content\/uploads\/2020\/04\/DSC_0541-rotated.jpg 1200w\" sizes=\"(max-width: 767px) 89vw, (max-width: 1000px) 54vw, (max-width: 1071px) 543px, 580px\" \/><\/figure><\/li><li class=\"blocks-gallery-item\"><figure><img decoding=\"async\" loading=\"lazy\" width=\"1024\" height=\"768\" src=\"http:\/\/lichri.radeln-in-den-sonnenaufgang.de\/wp-content\/uploads\/2020\/04\/DSC_0543-1024x768.jpg\" alt=\"\" data-id=\"2422\" data-full-url=\"http:\/\/lichri.radeln-in-den-sonnenaufgang.de\/wp-content\/uploads\/2020\/04\/DSC_0543.jpg\" data-link=\"http:\/\/lichri.radeln-in-den-sonnenaufgang.de\/?attachment_id=2422\" class=\"wp-image-2422\" srcset=\"http:\/\/lichri.radeln-in-den-sonnenaufgang.de\/wp-content\/uploads\/2020\/04\/DSC_0543-1024x768.jpg 1024w, http:\/\/lichri.radeln-in-den-sonnenaufgang.de\/wp-content\/uploads\/2020\/04\/DSC_0543-300x225.jpg 300w, http:\/\/lichri.radeln-in-den-sonnenaufgang.de\/wp-content\/uploads\/2020\/04\/DSC_0543-768x576.jpg 768w, http:\/\/lichri.radeln-in-den-sonnenaufgang.de\/wp-content\/uploads\/2020\/04\/DSC_0543-1536x1152.jpg 1536w, http:\/\/lichri.radeln-in-den-sonnenaufgang.de\/wp-content\/uploads\/2020\/04\/DSC_0543.jpg 1600w\" sizes=\"(max-width: 767px) 89vw, (max-width: 1000px) 54vw, (max-width: 1071px) 543px, 580px\" \/><\/figure><\/li><li class=\"blocks-gallery-item\"><figure><img decoding=\"async\" loading=\"lazy\" width=\"768\" height=\"1024\" src=\"http:\/\/lichri.radeln-in-den-sonnenaufgang.de\/wp-content\/uploads\/2020\/04\/DSC_0546-768x1024.jpg\" alt=\"\" data-id=\"2423\" data-full-url=\"http:\/\/lichri.radeln-in-den-sonnenaufgang.de\/wp-content\/uploads\/2020\/04\/DSC_0546-rotated.jpg\" data-link=\"http:\/\/lichri.radeln-in-den-sonnenaufgang.de\/?attachment_id=2423\" class=\"wp-image-2423\" srcset=\"http:\/\/lichri.radeln-in-den-sonnenaufgang.de\/wp-content\/uploads\/2020\/04\/DSC_0546-768x1024.jpg 768w, http:\/\/lichri.radeln-in-den-sonnenaufgang.de\/wp-content\/uploads\/2020\/04\/DSC_0546-225x300.jpg 225w, http:\/\/lichri.radeln-in-den-sonnenaufgang.de\/wp-content\/uploads\/2020\/04\/DSC_0546-1152x1536.jpg 1152w, http:\/\/lichri.radeln-in-den-sonnenaufgang.de\/wp-content\/uploads\/2020\/04\/DSC_0546-rotated.jpg 1200w\" sizes=\"(max-width: 767px) 89vw, (max-width: 1000px) 54vw, (max-width: 1071px) 543px, 580px\" \/><\/figure><\/li><li class=\"blocks-gallery-item\"><figure><img decoding=\"async\" loading=\"lazy\" width=\"1024\" height=\"768\" src=\"http:\/\/lichri.radeln-in-den-sonnenaufgang.de\/wp-content\/uploads\/2020\/04\/DSC_0548-1024x768.jpg\" alt=\"\" data-id=\"2424\" data-full-url=\"http:\/\/lichri.radeln-in-den-sonnenaufgang.de\/wp-content\/uploads\/2020\/04\/DSC_0548.jpg\" data-link=\"http:\/\/lichri.radeln-in-den-sonnenaufgang.de\/?attachment_id=2424\" class=\"wp-image-2424\" srcset=\"http:\/\/lichri.radeln-in-den-sonnenaufgang.de\/wp-content\/uploads\/2020\/04\/DSC_0548-1024x768.jpg 1024w, http:\/\/lichri.radeln-in-den-sonnenaufgang.de\/wp-content\/uploads\/2020\/04\/DSC_0548-300x225.jpg 300w, http:\/\/lichri.radeln-in-den-sonnenaufgang.de\/wp-content\/uploads\/2020\/04\/DSC_0548-768x576.jpg 768w, http:\/\/lichri.radeln-in-den-sonnenaufgang.de\/wp-content\/uploads\/2020\/04\/DSC_0548-1536x1152.jpg 1536w, http:\/\/lichri.radeln-in-den-sonnenaufgang.de\/wp-content\/uploads\/2020\/04\/DSC_0548.jpg 1600w\" sizes=\"(max-width: 767px) 89vw, (max-width: 1000px) 54vw, (max-width: 1071px) 543px, 580px\" \/><\/figure><\/li><li class=\"blocks-gallery-item\"><figure><img decoding=\"async\" loading=\"lazy\" width=\"1024\" height=\"768\" src=\"http:\/\/lichri.radeln-in-den-sonnenaufgang.de\/wp-content\/uploads\/2020\/04\/DSC_0559-1024x768.jpg\" alt=\"\" data-id=\"2426\" data-full-url=\"http:\/\/lichri.radeln-in-den-sonnenaufgang.de\/wp-content\/uploads\/2020\/04\/DSC_0559.jpg\" data-link=\"http:\/\/lichri.radeln-in-den-sonnenaufgang.de\/?attachment_id=2426\" class=\"wp-image-2426\" srcset=\"http:\/\/lichri.radeln-in-den-sonnenaufgang.de\/wp-content\/uploads\/2020\/04\/DSC_0559-1024x768.jpg 1024w, http:\/\/lichri.radeln-in-den-sonnenaufgang.de\/wp-content\/uploads\/2020\/04\/DSC_0559-300x225.jpg 300w, http:\/\/lichri.radeln-in-den-sonnenaufgang.de\/wp-content\/uploads\/2020\/04\/DSC_0559-768x576.jpg 768w, http:\/\/lichri.radeln-in-den-sonnenaufgang.de\/wp-content\/uploads\/2020\/04\/DSC_0559-1536x1152.jpg 1536w, http:\/\/lichri.radeln-in-den-sonnenaufgang.de\/wp-content\/uploads\/2020\/04\/DSC_0559.jpg 1600w\" sizes=\"(max-width: 767px) 89vw, (max-width: 1000px) 54vw, (max-width: 1071px) 543px, 580px\" \/><\/figure><\/li><li class=\"blocks-gallery-item\"><figure><img decoding=\"async\" loading=\"lazy\" width=\"1024\" height=\"768\" src=\"http:\/\/lichri.radeln-in-den-sonnenaufgang.de\/wp-content\/uploads\/2020\/04\/DSC_0562-1024x768.jpg\" alt=\"\" data-id=\"2427\" data-full-url=\"http:\/\/lichri.radeln-in-den-sonnenaufgang.de\/wp-content\/uploads\/2020\/04\/DSC_0562.jpg\" data-link=\"http:\/\/lichri.radeln-in-den-sonnenaufgang.de\/?attachment_id=2427\" class=\"wp-image-2427\" srcset=\"http:\/\/lichri.radeln-in-den-sonnenaufgang.de\/wp-content\/uploads\/2020\/04\/DSC_0562-1024x768.jpg 1024w, http:\/\/lichri.radeln-in-den-sonnenaufgang.de\/wp-content\/uploads\/2020\/04\/DSC_0562-300x225.jpg 300w, http:\/\/lichri.radeln-in-den-sonnenaufgang.de\/wp-content\/uploads\/2020\/04\/DSC_0562-768x576.jpg 768w, http:\/\/lichri.radeln-in-den-sonnenaufgang.de\/wp-content\/uploads\/2020\/04\/DSC_0562-1536x1152.jpg 1536w, http:\/\/lichri.radeln-in-den-sonnenaufgang.de\/wp-content\/uploads\/2020\/04\/DSC_0562.jpg 1600w\" sizes=\"(max-width: 767px) 89vw, (max-width: 1000px) 54vw, (max-width: 1071px) 543px, 580px\" \/><\/figure><\/li><li class=\"blocks-gallery-item\"><figure><img decoding=\"async\" loading=\"lazy\" width=\"768\" height=\"1024\" src=\"http:\/\/lichri.radeln-in-den-sonnenaufgang.de\/wp-content\/uploads\/2020\/04\/DSC_0564-768x1024.jpg\" alt=\"\" data-id=\"2428\" data-full-url=\"http:\/\/lichri.radeln-in-den-sonnenaufgang.de\/wp-content\/uploads\/2020\/04\/DSC_0564-rotated.jpg\" data-link=\"http:\/\/lichri.radeln-in-den-sonnenaufgang.de\/?attachment_id=2428\" class=\"wp-image-2428\" srcset=\"http:\/\/lichri.radeln-in-den-sonnenaufgang.de\/wp-content\/uploads\/2020\/04\/DSC_0564-768x1024.jpg 768w, http:\/\/lichri.radeln-in-den-sonnenaufgang.de\/wp-content\/uploads\/2020\/04\/DSC_0564-225x300.jpg 225w, http:\/\/lichri.radeln-in-den-sonnenaufgang.de\/wp-content\/uploads\/2020\/04\/DSC_0564-1152x1536.jpg 1152w, http:\/\/lichri.radeln-in-den-sonnenaufgang.de\/wp-content\/uploads\/2020\/04\/DSC_0564-rotated.jpg 1200w\" sizes=\"(max-width: 767px) 89vw, (max-width: 1000px) 54vw, (max-width: 1071px) 543px, 580px\" \/><\/figure><\/li><\/ul><\/figure>\n\n\n\n<p>Obwohl es gerademal 11 Uhr geschlagen hatte, schlug unser\nFahrer vor, noch Mittag zu essen, bevor wir aufbrechen w\u00fcrden, um zur\u00fcck zu\nfahren. Mit der Aussicht, schon bald, viel zu bald, wieder in Deutschland zu\nsein, bestellten wir noch mal ein paar burmesische Spezialit\u00e4ten &#8211; was als\nVegetarier dann eben noch drin ist. Und zumindest der Tee-Blatt-Salat mit den\nger\u00f6steten Erdn\u00fcssen und Bohnen wird uns in guter Erinnerung bleiben. <\/p>\n\n\n\n<figure class=\"is-layout-flex wp-block-gallery-111 wp-block-gallery columns-1 is-cropped\"><ul class=\"blocks-gallery-grid\"><li class=\"blocks-gallery-item\"><figure><img decoding=\"async\" loading=\"lazy\" width=\"1024\" height=\"683\" src=\"http:\/\/lichri.radeln-in-den-sonnenaufgang.de\/wp-content\/uploads\/2020\/04\/IMG_0035-1024x683.jpg\" alt=\"\" data-id=\"2338\" data-full-url=\"http:\/\/lichri.radeln-in-den-sonnenaufgang.de\/wp-content\/uploads\/2020\/04\/IMG_0035.jpg\" data-link=\"http:\/\/lichri.radeln-in-den-sonnenaufgang.de\/?attachment_id=2338\" class=\"wp-image-2338\" srcset=\"http:\/\/lichri.radeln-in-den-sonnenaufgang.de\/wp-content\/uploads\/2020\/04\/IMG_0035-1024x683.jpg 1024w, http:\/\/lichri.radeln-in-den-sonnenaufgang.de\/wp-content\/uploads\/2020\/04\/IMG_0035-300x200.jpg 300w, http:\/\/lichri.radeln-in-den-sonnenaufgang.de\/wp-content\/uploads\/2020\/04\/IMG_0035-768x512.jpg 768w, http:\/\/lichri.radeln-in-den-sonnenaufgang.de\/wp-content\/uploads\/2020\/04\/IMG_0035-1536x1024.jpg 1536w, http:\/\/lichri.radeln-in-den-sonnenaufgang.de\/wp-content\/uploads\/2020\/04\/IMG_0035.jpg 1800w\" sizes=\"(max-width: 767px) 89vw, (max-width: 1000px) 54vw, (max-width: 1071px) 543px, 580px\" \/><\/figure><\/li><\/ul><\/figure>\n\n\n\n<p>Auf dem R\u00fcckweg fuhren wir dann doch nochmal an ein\nh\u00f6lzernes, auf Stelzen im See errichtetes Kloster. Barfu\u00df, wie es sich geh\u00f6rt, traten\nwir ein, doch w\u00e4hrend Chris sich auf einem kleinen Rundgang umschaute, blieb\nLisa direkt an den Klosterkatzen h\u00e4ngen. Manche Dinge \u00e4ndern sich eben nie. <\/p>\n\n\n\n<figure class=\"is-layout-flex wp-block-gallery-113 wp-block-gallery columns-1 is-cropped\"><ul class=\"blocks-gallery-grid\"><li class=\"blocks-gallery-item\"><figure><img decoding=\"async\" loading=\"lazy\" width=\"1024\" height=\"683\" src=\"http:\/\/lichri.radeln-in-den-sonnenaufgang.de\/wp-content\/uploads\/2020\/04\/IMG_0041-1024x683.jpg\" alt=\"\" data-id=\"2339\" data-full-url=\"http:\/\/lichri.radeln-in-den-sonnenaufgang.de\/wp-content\/uploads\/2020\/04\/IMG_0041.jpg\" data-link=\"http:\/\/lichri.radeln-in-den-sonnenaufgang.de\/?attachment_id=2339\" class=\"wp-image-2339\" srcset=\"http:\/\/lichri.radeln-in-den-sonnenaufgang.de\/wp-content\/uploads\/2020\/04\/IMG_0041-1024x683.jpg 1024w, http:\/\/lichri.radeln-in-den-sonnenaufgang.de\/wp-content\/uploads\/2020\/04\/IMG_0041-300x200.jpg 300w, http:\/\/lichri.radeln-in-den-sonnenaufgang.de\/wp-content\/uploads\/2020\/04\/IMG_0041-768x512.jpg 768w, http:\/\/lichri.radeln-in-den-sonnenaufgang.de\/wp-content\/uploads\/2020\/04\/IMG_0041-1536x1024.jpg 1536w, http:\/\/lichri.radeln-in-den-sonnenaufgang.de\/wp-content\/uploads\/2020\/04\/IMG_0041.jpg 1800w\" sizes=\"(max-width: 767px) 89vw, (max-width: 1000px) 54vw, (max-width: 1071px) 543px, 580px\" \/><\/figure><\/li><li class=\"blocks-gallery-item\"><figure><img decoding=\"async\" loading=\"lazy\" width=\"1024\" height=\"683\" src=\"http:\/\/lichri.radeln-in-den-sonnenaufgang.de\/wp-content\/uploads\/2020\/04\/IMG_0048-1024x683.jpg\" alt=\"\" data-id=\"2430\" data-full-url=\"http:\/\/lichri.radeln-in-den-sonnenaufgang.de\/wp-content\/uploads\/2020\/04\/IMG_0048.jpg\" data-link=\"http:\/\/lichri.radeln-in-den-sonnenaufgang.de\/?attachment_id=2430\" class=\"wp-image-2430\" srcset=\"http:\/\/lichri.radeln-in-den-sonnenaufgang.de\/wp-content\/uploads\/2020\/04\/IMG_0048-1024x683.jpg 1024w, http:\/\/lichri.radeln-in-den-sonnenaufgang.de\/wp-content\/uploads\/2020\/04\/IMG_0048-300x200.jpg 300w, http:\/\/lichri.radeln-in-den-sonnenaufgang.de\/wp-content\/uploads\/2020\/04\/IMG_0048-768x512.jpg 768w, http:\/\/lichri.radeln-in-den-sonnenaufgang.de\/wp-content\/uploads\/2020\/04\/IMG_0048-1536x1024.jpg 1536w, http:\/\/lichri.radeln-in-den-sonnenaufgang.de\/wp-content\/uploads\/2020\/04\/IMG_0048.jpg 1800w\" sizes=\"(max-width: 767px) 89vw, (max-width: 1000px) 54vw, (max-width: 1071px) 543px, 580px\" \/><\/figure><\/li><li class=\"blocks-gallery-item\"><figure><img decoding=\"async\" loading=\"lazy\" width=\"1024\" height=\"683\" src=\"http:\/\/lichri.radeln-in-den-sonnenaufgang.de\/wp-content\/uploads\/2020\/04\/IMG_0051-1024x683.jpg\" alt=\"\" data-id=\"2340\" data-full-url=\"http:\/\/lichri.radeln-in-den-sonnenaufgang.de\/wp-content\/uploads\/2020\/04\/IMG_0051.jpg\" data-link=\"http:\/\/lichri.radeln-in-den-sonnenaufgang.de\/?attachment_id=2340\" class=\"wp-image-2340\" srcset=\"http:\/\/lichri.radeln-in-den-sonnenaufgang.de\/wp-content\/uploads\/2020\/04\/IMG_0051-1024x683.jpg 1024w, http:\/\/lichri.radeln-in-den-sonnenaufgang.de\/wp-content\/uploads\/2020\/04\/IMG_0051-300x200.jpg 300w, http:\/\/lichri.radeln-in-den-sonnenaufgang.de\/wp-content\/uploads\/2020\/04\/IMG_0051-768x512.jpg 768w, http:\/\/lichri.radeln-in-den-sonnenaufgang.de\/wp-content\/uploads\/2020\/04\/IMG_0051-1536x1024.jpg 1536w, http:\/\/lichri.radeln-in-den-sonnenaufgang.de\/wp-content\/uploads\/2020\/04\/IMG_0051.jpg 1800w\" sizes=\"(max-width: 767px) 89vw, (max-width: 1000px) 54vw, (max-width: 1071px) 543px, 580px\" \/><\/figure><\/li><li class=\"blocks-gallery-item\"><figure><img decoding=\"async\" loading=\"lazy\" width=\"1024\" height=\"683\" src=\"http:\/\/lichri.radeln-in-den-sonnenaufgang.de\/wp-content\/uploads\/2020\/04\/IMG_0053-1024x683.jpg\" alt=\"\" data-id=\"2431\" data-full-url=\"http:\/\/lichri.radeln-in-den-sonnenaufgang.de\/wp-content\/uploads\/2020\/04\/IMG_0053.jpg\" data-link=\"http:\/\/lichri.radeln-in-den-sonnenaufgang.de\/?attachment_id=2431\" class=\"wp-image-2431\" srcset=\"http:\/\/lichri.radeln-in-den-sonnenaufgang.de\/wp-content\/uploads\/2020\/04\/IMG_0053-1024x683.jpg 1024w, http:\/\/lichri.radeln-in-den-sonnenaufgang.de\/wp-content\/uploads\/2020\/04\/IMG_0053-300x200.jpg 300w, http:\/\/lichri.radeln-in-den-sonnenaufgang.de\/wp-content\/uploads\/2020\/04\/IMG_0053-768x512.jpg 768w, http:\/\/lichri.radeln-in-den-sonnenaufgang.de\/wp-content\/uploads\/2020\/04\/IMG_0053-1536x1024.jpg 1536w, http:\/\/lichri.radeln-in-den-sonnenaufgang.de\/wp-content\/uploads\/2020\/04\/IMG_0053.jpg 1800w\" sizes=\"(max-width: 767px) 89vw, (max-width: 1000px) 54vw, (max-width: 1071px) 543px, 580px\" \/><\/figure><\/li><li class=\"blocks-gallery-item\"><figure><img decoding=\"async\" loading=\"lazy\" width=\"683\" height=\"1024\" src=\"http:\/\/lichri.radeln-in-den-sonnenaufgang.de\/wp-content\/uploads\/2020\/04\/IMG_0060-683x1024.jpg\" alt=\"\" data-id=\"2342\" data-full-url=\"http:\/\/lichri.radeln-in-den-sonnenaufgang.de\/wp-content\/uploads\/2020\/04\/IMG_0060-rotated.jpg\" data-link=\"http:\/\/lichri.radeln-in-den-sonnenaufgang.de\/?attachment_id=2342\" class=\"wp-image-2342\" srcset=\"http:\/\/lichri.radeln-in-den-sonnenaufgang.de\/wp-content\/uploads\/2020\/04\/IMG_0060-683x1024.jpg 683w, http:\/\/lichri.radeln-in-den-sonnenaufgang.de\/wp-content\/uploads\/2020\/04\/IMG_0060-200x300.jpg 200w, http:\/\/lichri.radeln-in-den-sonnenaufgang.de\/wp-content\/uploads\/2020\/04\/IMG_0060-768x1152.jpg 768w, http:\/\/lichri.radeln-in-den-sonnenaufgang.de\/wp-content\/uploads\/2020\/04\/IMG_0060-1024x1536.jpg 1024w, http:\/\/lichri.radeln-in-den-sonnenaufgang.de\/wp-content\/uploads\/2020\/04\/IMG_0060-rotated.jpg 1200w\" sizes=\"(max-width: 683px) 100vw, 683px\" \/><\/figure><\/li><li class=\"blocks-gallery-item\"><figure><img decoding=\"async\" loading=\"lazy\" width=\"1024\" height=\"683\" src=\"http:\/\/lichri.radeln-in-den-sonnenaufgang.de\/wp-content\/uploads\/2020\/04\/IMG_0062-1024x683.jpg\" alt=\"\" data-id=\"2344\" data-full-url=\"http:\/\/lichri.radeln-in-den-sonnenaufgang.de\/wp-content\/uploads\/2020\/04\/IMG_0062.jpg\" data-link=\"http:\/\/lichri.radeln-in-den-sonnenaufgang.de\/?attachment_id=2344\" class=\"wp-image-2344\" srcset=\"http:\/\/lichri.radeln-in-den-sonnenaufgang.de\/wp-content\/uploads\/2020\/04\/IMG_0062-1024x683.jpg 1024w, http:\/\/lichri.radeln-in-den-sonnenaufgang.de\/wp-content\/uploads\/2020\/04\/IMG_0062-300x200.jpg 300w, http:\/\/lichri.radeln-in-den-sonnenaufgang.de\/wp-content\/uploads\/2020\/04\/IMG_0062-768x512.jpg 768w, http:\/\/lichri.radeln-in-den-sonnenaufgang.de\/wp-content\/uploads\/2020\/04\/IMG_0062-1536x1024.jpg 1536w, http:\/\/lichri.radeln-in-den-sonnenaufgang.de\/wp-content\/uploads\/2020\/04\/IMG_0062.jpg 1800w\" sizes=\"(max-width: 767px) 89vw, (max-width: 1000px) 54vw, (max-width: 1071px) 543px, 580px\" \/><\/figure><\/li><li class=\"blocks-gallery-item\"><figure><img decoding=\"async\" loading=\"lazy\" width=\"1024\" height=\"683\" src=\"http:\/\/lichri.radeln-in-den-sonnenaufgang.de\/wp-content\/uploads\/2020\/04\/IMG_0061-1024x683.jpg\" alt=\"\" data-id=\"2343\" data-full-url=\"http:\/\/lichri.radeln-in-den-sonnenaufgang.de\/wp-content\/uploads\/2020\/04\/IMG_0061.jpg\" data-link=\"http:\/\/lichri.radeln-in-den-sonnenaufgang.de\/?attachment_id=2343\" class=\"wp-image-2343\" srcset=\"http:\/\/lichri.radeln-in-den-sonnenaufgang.de\/wp-content\/uploads\/2020\/04\/IMG_0061-1024x683.jpg 1024w, http:\/\/lichri.radeln-in-den-sonnenaufgang.de\/wp-content\/uploads\/2020\/04\/IMG_0061-300x200.jpg 300w, http:\/\/lichri.radeln-in-den-sonnenaufgang.de\/wp-content\/uploads\/2020\/04\/IMG_0061-768x512.jpg 768w, http:\/\/lichri.radeln-in-den-sonnenaufgang.de\/wp-content\/uploads\/2020\/04\/IMG_0061-1536x1024.jpg 1536w, http:\/\/lichri.radeln-in-den-sonnenaufgang.de\/wp-content\/uploads\/2020\/04\/IMG_0061.jpg 1800w\" sizes=\"(max-width: 767px) 89vw, (max-width: 1000px) 54vw, (max-width: 1071px) 543px, 580px\" \/><\/figure><\/li><li class=\"blocks-gallery-item\"><figure><img decoding=\"async\" loading=\"lazy\" width=\"683\" height=\"1024\" src=\"http:\/\/lichri.radeln-in-den-sonnenaufgang.de\/wp-content\/uploads\/2020\/04\/IMG_0059-683x1024.jpg\" alt=\"\" data-id=\"2341\" data-full-url=\"http:\/\/lichri.radeln-in-den-sonnenaufgang.de\/wp-content\/uploads\/2020\/04\/IMG_0059-rotated.jpg\" data-link=\"http:\/\/lichri.radeln-in-den-sonnenaufgang.de\/?attachment_id=2341\" class=\"wp-image-2341\" srcset=\"http:\/\/lichri.radeln-in-den-sonnenaufgang.de\/wp-content\/uploads\/2020\/04\/IMG_0059-683x1024.jpg 683w, http:\/\/lichri.radeln-in-den-sonnenaufgang.de\/wp-content\/uploads\/2020\/04\/IMG_0059-200x300.jpg 200w, http:\/\/lichri.radeln-in-den-sonnenaufgang.de\/wp-content\/uploads\/2020\/04\/IMG_0059-768x1152.jpg 768w, http:\/\/lichri.radeln-in-den-sonnenaufgang.de\/wp-content\/uploads\/2020\/04\/IMG_0059-1024x1536.jpg 1024w, http:\/\/lichri.radeln-in-den-sonnenaufgang.de\/wp-content\/uploads\/2020\/04\/IMG_0059-rotated.jpg 1200w\" sizes=\"(max-width: 683px) 100vw, 683px\" \/><\/figure><\/li><li class=\"blocks-gallery-item\"><figure><img decoding=\"async\" loading=\"lazy\" width=\"683\" height=\"1024\" src=\"http:\/\/lichri.radeln-in-den-sonnenaufgang.de\/wp-content\/uploads\/2020\/04\/IMG_0068-683x1024.jpg\" alt=\"\" data-id=\"2429\" data-full-url=\"http:\/\/lichri.radeln-in-den-sonnenaufgang.de\/wp-content\/uploads\/2020\/04\/IMG_0068-rotated.jpg\" data-link=\"http:\/\/lichri.radeln-in-den-sonnenaufgang.de\/?attachment_id=2429\" class=\"wp-image-2429\" srcset=\"http:\/\/lichri.radeln-in-den-sonnenaufgang.de\/wp-content\/uploads\/2020\/04\/IMG_0068-683x1024.jpg 683w, http:\/\/lichri.radeln-in-den-sonnenaufgang.de\/wp-content\/uploads\/2020\/04\/IMG_0068-200x300.jpg 200w, http:\/\/lichri.radeln-in-den-sonnenaufgang.de\/wp-content\/uploads\/2020\/04\/IMG_0068-768x1152.jpg 768w, http:\/\/lichri.radeln-in-den-sonnenaufgang.de\/wp-content\/uploads\/2020\/04\/IMG_0068-1024x1536.jpg 1024w, http:\/\/lichri.radeln-in-den-sonnenaufgang.de\/wp-content\/uploads\/2020\/04\/IMG_0068-rotated.jpg 1200w\" sizes=\"(max-width: 683px) 100vw, 683px\" \/><\/figure><\/li><\/ul><\/figure>\n\n\n\n<p>Als wir wieder im Hause unseres \u201eReiseveranstalters\u201c waren, fragte\ndieser, was unsere weiteren Pl\u00e4ne seien und ob er uns zu einem g\u00fcnstigen Hotel\nbringen solle. Da wir ja nun jedoch bereits am 19. M\u00e4rz fliegen w\u00fcrden und wir noch\nZeit br\u00e4uchten, um Fahrradboxen f\u00fcr den Transport zu besorgen, die R\u00e4der\nauseinanderzunehmen und zu verpacken sowie am Flughafen nach den\nGep\u00e4ckregularien zu fragen, wollten wir dann doch schon fr\u00fcher in Yangon sein.\nAlso entschieden wir, sollte es m\u00f6glich sein noch an diesem Abend nach Yangon\nweiterzufahren, dann w\u00fcrden wir das tun. Unser netter Gastgeber bot uns nicht\nnur seine Hilfe bei der Beschaffung der Bustickets an, sondern auch, den\nNachmittag \u00fcber in seinem Haus zu bleiben und uns auszuruhen, wenn wir wollten.\n<\/p>\n\n\n\n<p>Nachdem Chris mit den Bustickets und einer gro\u00dfen Reisetasche,\nin die wir unser Hab und Gut f\u00fcr den Flug packen k\u00f6nnten, zur\u00fcckkam,\ndurchst\u00f6berten wir unsere Taschen und \u00fcberlegten, was wir \u00fcberhaupt mitnehmen\ndurften und von welchen Gegenst\u00e4nden wir uns ohnehin trennen m\u00fcssten. Da waren\nzum Einen: zwei Dosen Campinggas sowie eine Flasche die halbvoll mit Benzin war\nund was so auf keinen Fall mitgenommen werden k\u00f6nnte. Also \u2013 Benzin in den\nRoller, Gas in die K\u00fcche. Als n\u00e4chstes ging es an die Vorr\u00e4te, die wir nicht\nmehr brauchten. Zwar wussten unsere Gastgeber nicht wirklich was sie mit Pasta\nanfangen sollten, aber sie nahmen sie trotzdem. Ebenso die Packung Salz, das \u00d6l,\nden Reis und die Flasche Sp\u00fclmittel. Dann kamen die Sch\u00e4tze dran, die wir die\nganze Zeit mit uns herumfuhren: Hackisack, Clownsnasen, die Gitarre. Doch halt,\nwirklich die Gitarre? Da wir schon drei Gitarren zuhause hatten, war Chris\nbereits dabei, seine kleine Wegbegleiter-Klampfe an den \u00e4lteren Sohn der\nFamilie zu verschenken. Der j\u00fcngere war mit dem Hackisack bereits v\u00f6llig\nzufrieden, die Mutter freute sich \u00fcber den Bluetoothlautsprecher, den wir auch\nnicht mitzunehmen gedachten und die Gitarre\u2026 Nun, als Chris die seine stimmte,\nholte der Sohn pl\u00f6tzlich eine eigene Gitarre aus dem Hinterzimmer. Die dr\u00fcckte\ner ihm in die Hand und Chris spielte. Dann war da pl\u00f6tzlich noch eine Gitarre.\nUnd noch eine. Nein, es war klar. Hier w\u00fcrde keine weitere Klampfe mehr\ngebraucht werden, auch wenn zu sehen war, dass sie in guten H\u00e4nden gewesen\nw\u00e4re. Also wieder eingepackt. <\/p>\n\n\n\n<figure class=\"is-layout-flex wp-block-gallery-115 wp-block-gallery columns-1 is-cropped\"><ul class=\"blocks-gallery-grid\"><li class=\"blocks-gallery-item\"><figure><img decoding=\"async\" loading=\"lazy\" width=\"768\" height=\"1024\" src=\"http:\/\/lichri.radeln-in-den-sonnenaufgang.de\/wp-content\/uploads\/2020\/04\/DSC_0568-768x1024.jpg\" alt=\"\" data-id=\"2434\" data-full-url=\"http:\/\/lichri.radeln-in-den-sonnenaufgang.de\/wp-content\/uploads\/2020\/04\/DSC_0568-rotated.jpg\" data-link=\"http:\/\/lichri.radeln-in-den-sonnenaufgang.de\/?attachment_id=2434\" class=\"wp-image-2434\" srcset=\"http:\/\/lichri.radeln-in-den-sonnenaufgang.de\/wp-content\/uploads\/2020\/04\/DSC_0568-768x1024.jpg 768w, http:\/\/lichri.radeln-in-den-sonnenaufgang.de\/wp-content\/uploads\/2020\/04\/DSC_0568-225x300.jpg 225w, http:\/\/lichri.radeln-in-den-sonnenaufgang.de\/wp-content\/uploads\/2020\/04\/DSC_0568-1152x1536.jpg 1152w, http:\/\/lichri.radeln-in-den-sonnenaufgang.de\/wp-content\/uploads\/2020\/04\/DSC_0568-rotated.jpg 1200w\" sizes=\"(max-width: 767px) 89vw, (max-width: 1000px) 54vw, (max-width: 1071px) 543px, 580px\" \/><\/figure><\/li><li class=\"blocks-gallery-item\"><figure><img decoding=\"async\" loading=\"lazy\" width=\"1024\" height=\"768\" src=\"http:\/\/lichri.radeln-in-den-sonnenaufgang.de\/wp-content\/uploads\/2020\/04\/DSC_0569-1024x768.jpg\" alt=\"\" data-id=\"2432\" data-full-url=\"http:\/\/lichri.radeln-in-den-sonnenaufgang.de\/wp-content\/uploads\/2020\/04\/DSC_0569.jpg\" data-link=\"http:\/\/lichri.radeln-in-den-sonnenaufgang.de\/?attachment_id=2432\" class=\"wp-image-2432\" srcset=\"http:\/\/lichri.radeln-in-den-sonnenaufgang.de\/wp-content\/uploads\/2020\/04\/DSC_0569-1024x768.jpg 1024w, http:\/\/lichri.radeln-in-den-sonnenaufgang.de\/wp-content\/uploads\/2020\/04\/DSC_0569-300x225.jpg 300w, http:\/\/lichri.radeln-in-den-sonnenaufgang.de\/wp-content\/uploads\/2020\/04\/DSC_0569-768x576.jpg 768w, http:\/\/lichri.radeln-in-den-sonnenaufgang.de\/wp-content\/uploads\/2020\/04\/DSC_0569-1536x1152.jpg 1536w, http:\/\/lichri.radeln-in-den-sonnenaufgang.de\/wp-content\/uploads\/2020\/04\/DSC_0569.jpg 1600w\" sizes=\"(max-width: 767px) 89vw, (max-width: 1000px) 54vw, (max-width: 1071px) 543px, 580px\" \/><\/figure><\/li><li class=\"blocks-gallery-item\"><figure><img decoding=\"async\" loading=\"lazy\" width=\"1024\" height=\"768\" src=\"http:\/\/lichri.radeln-in-den-sonnenaufgang.de\/wp-content\/uploads\/2020\/04\/DSC_0573-1024x768.jpg\" alt=\"\" data-id=\"2433\" data-full-url=\"http:\/\/lichri.radeln-in-den-sonnenaufgang.de\/wp-content\/uploads\/2020\/04\/DSC_0573.jpg\" data-link=\"http:\/\/lichri.radeln-in-den-sonnenaufgang.de\/?attachment_id=2433\" class=\"wp-image-2433\" srcset=\"http:\/\/lichri.radeln-in-den-sonnenaufgang.de\/wp-content\/uploads\/2020\/04\/DSC_0573-1024x768.jpg 1024w, http:\/\/lichri.radeln-in-den-sonnenaufgang.de\/wp-content\/uploads\/2020\/04\/DSC_0573-300x225.jpg 300w, http:\/\/lichri.radeln-in-den-sonnenaufgang.de\/wp-content\/uploads\/2020\/04\/DSC_0573-768x576.jpg 768w, http:\/\/lichri.radeln-in-den-sonnenaufgang.de\/wp-content\/uploads\/2020\/04\/DSC_0573-1536x1152.jpg 1536w, http:\/\/lichri.radeln-in-den-sonnenaufgang.de\/wp-content\/uploads\/2020\/04\/DSC_0573.jpg 1600w\" sizes=\"(max-width: 767px) 89vw, (max-width: 1000px) 54vw, (max-width: 1071px) 543px, 580px\" \/><\/figure><\/li><\/ul><\/figure>\n\n\n\n<p>Am Abend, bereits mit etwas leichteren Gep\u00e4ck und demontierten R\u00e4dern, pflanzten wir uns dann auf die letzten beiden Pl\u00e4tze im Bus nach Yangon. Die wortw\u00f6rtlich letzten, ganz hinten im Bus. Die lie\u00dfen sich dann noch nicht einmal umklappen und durch das Auf und Ab des Hecks wurden wir auf den huckeligen und serpentinenreichen Bergstra\u00dfen ordentlich durchgesch\u00fcttelt. Als schlie\u00dflich sogar jemand nach hinten kam, um sich bei den zwei Sitzen zu unserer Rechten, die f\u00fcr den zweiten Fahrer als Ruhepl\u00e4tze freigehalten wurden, in eine Flasche zu erleichtern, dachten wir, v\u00f6llig wahnsinnig zu werden. Bei einem kurzen Halt bot man uns dann an, auf Sitze weiter vorne umzuziehen, die inzwischen frei waren. Was wir schon alleine wegen der zuletzt beschriebenen Szene dankbar annahmen.<\/p>\n\n\n\n<h4>Zur\u00fcck in Yangon &#8211; wir fliegen nach Deutschland<\/h4>\n\n\n\n<p>Die zweite furchtbar unerholsame Nacht in Folge ging damit zu Ende, dass wir im k\u00fchlen Morgengrauen auf einem Busbahnhof standen. Leider hatten wir weder Internet, da das Datenvolumen ersch\u00f6pft war, noch alles aus dem Bus geholt (Chris hatte seine Sonnenbrille noch im Netz der letzten Sitzreihe vergessen). Also wuselten wir noch lange \u00fcber den verwirrend gro\u00dfen Busbahnhof, bis wir alles hatten, was wir brauchten, ein Hotel f\u00fcr die kommende, die letzte Nacht in Myanmar, ausfindig machen konnten und Antwort vom Fahrradladenbesitzer erhielten, dass wir bei ihm Bikeboxen f\u00fcr ein bisschen Kleingeld abholen d\u00fcrften.<\/p>\n\n\n\n<figure class=\"is-layout-flex wp-block-gallery-117 wp-block-gallery columns-1 is-cropped\"><ul class=\"blocks-gallery-grid\"><li class=\"blocks-gallery-item\"><figure><img decoding=\"async\" loading=\"lazy\" width=\"1024\" height=\"576\" src=\"http:\/\/lichri.radeln-in-den-sonnenaufgang.de\/wp-content\/uploads\/2020\/04\/DSC_0576-1024x576.jpg\" alt=\"\" data-id=\"2345\" data-full-url=\"http:\/\/lichri.radeln-in-den-sonnenaufgang.de\/wp-content\/uploads\/2020\/04\/DSC_0576.jpg\" data-link=\"http:\/\/lichri.radeln-in-den-sonnenaufgang.de\/?attachment_id=2345\" class=\"wp-image-2345\" srcset=\"http:\/\/lichri.radeln-in-den-sonnenaufgang.de\/wp-content\/uploads\/2020\/04\/DSC_0576-1024x576.jpg 1024w, http:\/\/lichri.radeln-in-den-sonnenaufgang.de\/wp-content\/uploads\/2020\/04\/DSC_0576-300x169.jpg 300w, http:\/\/lichri.radeln-in-den-sonnenaufgang.de\/wp-content\/uploads\/2020\/04\/DSC_0576-768x432.jpg 768w, http:\/\/lichri.radeln-in-den-sonnenaufgang.de\/wp-content\/uploads\/2020\/04\/DSC_0576-1536x864.jpg 1536w, http:\/\/lichri.radeln-in-den-sonnenaufgang.de\/wp-content\/uploads\/2020\/04\/DSC_0576-2048x1152.jpg 2048w\" sizes=\"(max-width: 767px) 89vw, (max-width: 1000px) 54vw, (max-width: 1071px) 543px, 580px\" \/><\/figure><\/li><li class=\"blocks-gallery-item\"><figure><img decoding=\"async\" loading=\"lazy\" width=\"768\" height=\"1024\" src=\"http:\/\/lichri.radeln-in-den-sonnenaufgang.de\/wp-content\/uploads\/2020\/04\/DSC_0579-768x1024.jpg\" alt=\"\" data-id=\"2346\" data-full-url=\"http:\/\/lichri.radeln-in-den-sonnenaufgang.de\/wp-content\/uploads\/2020\/04\/DSC_0579-rotated.jpg\" data-link=\"http:\/\/lichri.radeln-in-den-sonnenaufgang.de\/?attachment_id=2346\" class=\"wp-image-2346\" srcset=\"http:\/\/lichri.radeln-in-den-sonnenaufgang.de\/wp-content\/uploads\/2020\/04\/DSC_0579-768x1024.jpg 768w, http:\/\/lichri.radeln-in-den-sonnenaufgang.de\/wp-content\/uploads\/2020\/04\/DSC_0579-225x300.jpg 225w, http:\/\/lichri.radeln-in-den-sonnenaufgang.de\/wp-content\/uploads\/2020\/04\/DSC_0579-1152x1536.jpg 1152w, http:\/\/lichri.radeln-in-den-sonnenaufgang.de\/wp-content\/uploads\/2020\/04\/DSC_0579-rotated.jpg 1200w\" sizes=\"(max-width: 767px) 89vw, (max-width: 1000px) 54vw, (max-width: 1071px) 543px, 580px\" \/><\/figure><\/li><\/ul><\/figure>\n\n\n\n<p>Kaum dass wir, von der gro\u00dfen Verkehrsader, an welcher der\nBusbahnhof lag, auf kleinere Seitenstra\u00dfen abbogen und durch das morgendlich\nfrische und langsam erwachende Wohngebiet dahinrollten, wurde es ruhiger und\nstatt Stra\u00dfenl\u00e4rm h\u00f6rten wir nun die V\u00f6gel in den B\u00e4umen zwischen den niedrigen\nWohnh\u00e4usern. Vor manchen sa\u00dfen bereits einige Menschen und fr\u00fchst\u00fcckten, andere\ngingen gerade in ihre Longyis gewickelt zum Waschen nach drau\u00dfen. Es war\nherrlich entspannend durch diese verschlafene Siedlung von einer Seitengasse in\ndie n\u00e4chste zu biegen und in die teilweise noch etwas m\u00fcden, teilweise schon\nmunteren und teilweise etwas verwunderten Gesichter der Bewohner zu blicken. Nachdem\nwir unsere R\u00e4der wegen einer Baustelle auf einem stillgelegten Bahndamm\nzwischen engstehenden H\u00e4uschen hindurchschieben mussten, erreichten wir schlie\u00dflich\ndas Hotel. Und siehe da, wir durften auch direkt unser Zimmer beziehen. Also\nbrachten wir unsere Taschen in den sauberen und h\u00fcbschen kleinen Raum, den wir\nuns nochmal geg\u00f6nnt haben, und machten uns auf den Weg zum Radh\u00e4ndler, um die\nBoxen zu holen.<\/p>\n\n\n\n<p>Wir radelten also die halbe Strecke, die wir gekommen waren,\nnoch einmal zur\u00fcck und gr\u00fc\u00dften mit einem erwartungsvollen \u201emingalawa!\u201c zwischen\nden Gitterst\u00e4ben des Hoftores hindurch, um die Aufmerksamkeit des Ladebesitzers\nzu gewinnen. Der kam dann auch schnell herangewischt und gr\u00fc\u00dfte uns so\nbeil\u00e4ufig, als w\u00fcrde er uns schon ewig kennen. Wir blickten uns etwas irritiert\nzu, als er verschwand und uns mit den rie\u00dfigen Pappboxen alleine lie\u00df, die er\nuns bereits herausgestellt hatte. Doch dann kam er pl\u00f6tzlich mit einem gro\u00dfen\nGestell und einem Haufen Werkzeug aus seinem Laden, das er uns vorsetzte. Wir\nhatten zwar nicht vor, unsere R\u00e4der an Ort und Stelle zu zerlegen, doch die\nWaage die er uns dazu h\u00e4ngte, brachte uns auf die Idee, die R\u00e4der direkt mal zu\nwiegen. Mitsamt den jeweiligen Boxen kamen wir auf knapp \u00fcber 21 bzw. 22\nKilogramm f\u00fcr jedes Rad. Wir schluckten. Mit ganz so viel hatten wir nicht\ngerechnet. Laut Ticket h\u00e4tten wir damit noch knapp 17 Kilogramm plus\nHandgep\u00e4ck, um unsere sonstiges Equipment unterzubringen. Das w\u00fcrde mindestens\nsehr knapp wenn nicht unm\u00f6glich werden. Kurzerhand beschlossen wir, unsere\nRadtaschen im Hotel wieder zu Packen und damit zur\u00fcck zu kommen, um uns einen\n\u00dcberblick \u00fcber unser Gep\u00e4ck und dessen Gewicht zu verschaffen. <\/p>\n\n\n\n<p>Als wir zur\u00fcck waren, kamen wir auch tats\u00e4chlich auf \u00fcber 84\nKilogramm. Und das, obwohl wir bereits aussortiert hatten! Wir versuchten nun,\nso kleinteilig wie m\u00f6glich zu wiegen und abzuw\u00e4gen, was wir zur\u00fccklassen\nk\u00f6nnten, um unter das Limit von 60 Kilogramm samt R\u00e4dern zu kommen. Doch selbst\nals wir das Zelt, alle Ersatzteile und selbst Kochger\u00e4t, Fahrradlichter und\nmehr beiseite gelegt hatten, war es noch nicht genug. Schlie\u00dflich wussten wir\nauch nicht, wieviel Handgep\u00e4ck wir am Ende in den Flieger mit hinein nehmen\nd\u00fcrften. Mehr als 7 Kilo w\u00fcrden es wohl immer noch werden. Und dann war da noch\ndie Gitarre.<\/p>\n\n\n\n<p>Schlie\u00dflich fuhren wir zum Flughafen, um uns hier nochmal\nschlau zu machen und zu kl\u00e4ren, dass wir mit den R\u00e4dern kein Problem haben\nw\u00fcrden. Leider kamen wir erst zu fr\u00fch und die Schalter der Airline waren noch\nnicht besetzt. Dann, zwei Stunden sp\u00e4ter, waren wir bereits zu sp\u00e4t und h\u00e4tten\nuns an einer langen Schlange anstellen m\u00fcssen, um unsere Fragen zu stellen.\nAlso fragten wir, ob es nicht B\u00fcros der Airlines gebe. Die gab es auch, doch\nmussten wir daf\u00fcr Besucherausweise bei der Security holen. Sonst w\u00fcrden wir\nnicht in das Kellergeschoss des Flughafens kommen.<\/p>\n\n\n\n<div class=\"wp-block-image\"><figure class=\"alignleft size-large is-resized\"><img decoding=\"async\" loading=\"lazy\" src=\"http:\/\/lichri.radeln-in-den-sonnenaufgang.de\/wp-content\/uploads\/2020\/04\/DSC_0585-1-1024x768.jpg\" alt=\"\" class=\"wp-image-2435\" width=\"310\" height=\"233\" srcset=\"http:\/\/lichri.radeln-in-den-sonnenaufgang.de\/wp-content\/uploads\/2020\/04\/DSC_0585-1-1024x768.jpg 1024w, http:\/\/lichri.radeln-in-den-sonnenaufgang.de\/wp-content\/uploads\/2020\/04\/DSC_0585-1-300x225.jpg 300w, http:\/\/lichri.radeln-in-den-sonnenaufgang.de\/wp-content\/uploads\/2020\/04\/DSC_0585-1-768x576.jpg 768w, http:\/\/lichri.radeln-in-den-sonnenaufgang.de\/wp-content\/uploads\/2020\/04\/DSC_0585-1-1536x1152.jpg 1536w, http:\/\/lichri.radeln-in-den-sonnenaufgang.de\/wp-content\/uploads\/2020\/04\/DSC_0585-1.jpg 1600w\" sizes=\"(max-width: 310px) 100vw, 310px\" \/><\/figure><\/div>\n\n\n\n<p>Gesagt getan, l\u00f6sten wir unsere Besucherausweise gegen\nunsere P\u00e4sse als Pfand und machten uns auf den Weg ins Untergeschoss. Immerhin\nerfuhren wir hier, dass es kein Problem sein w\u00fcrde, die kleine Gitarre, die\nChris extra mitgenommen hatte, im Handgep\u00e4ck zu verstauen. Doch bez\u00fcglich der\nR\u00e4der und der Kosten f\u00fcr eventuelles \u00dcbergep\u00e4ck, konnte man uns hier nicht\nhelfen. Also mussten wir uns doch in der Reihe der Eincheckenden einfinden.<\/p>\n\n\n\n<p>Letztendlich konnten wir uns zum Control-Counter\ndurchschlagen und nach einer weiteren dreiviertel Stunde des Wartens\n(Einchecken war gerade wichtiger) winkte man uns schlie\u00dflich heran, um unsere\nFragen zu h\u00f6ren. Zu unserer Best\u00fcrzung teilte man uns mit, dass jedes Kilo, mit\ndem wir das Limit von 60 Kilogram gemeinsamen Aufgabegep\u00e4cks \u00fcberstiegen, 70\nDollar kosten w\u00fcrde. Auch auf unseren Einwand hin, dass wir ja ein Fahrrad\nextra als Gep\u00e4ck aufgeben k\u00f6nnten, wollte man nicht eingehen. Es w\u00fcrde mit dem\n80 Kilogramm Gep\u00e4ck mehrere Hundert Dollar kosten, selbst mit unserem\nreduzierten Gep\u00e4ck noch viel mehr, als wir zu zahlen bereit waren. Schlie\u00dflich\nkonnte Chris jedoch \u00fcberzeugen, dass f\u00fcr Fahrr\u00e4der bei \u00dcberschreitung der\nFreigep\u00e4ckgrenze ein Pauschalbetrag von 150 Dollar f\u00fcr Langstreckenfl\u00fcge\nangesetzt sei. Als dies scheinbar vom Management best\u00e4tigt wurde, ging alles\nrecht z\u00fcgig und einfach. Eines der R\u00e4der w\u00fcrde extra aufgegeben werden, was uns\nmindestens 22Kilogramm Spielraum f\u00fcr den Rest unserer Ausr\u00fcstung schaffte. Wir\nentschieden uns f\u00fcr diese Option, w\u00fcrden aber erst am n\u00e4chsten Tag das\nZusatzgep\u00e4ck zahlen k\u00f6nnen. Dennoch machten wir uns mit diesem neuen Wissen auf\nden Weg, unsere beim Radladen zur\u00fcckgelassenen Sachen wie Zelt, Kocher und Co\nwieder zu holen. Da es schon sp\u00e4t und wir fix und foxy waren, belie\u00dfen wir es\nbei einem absoluten Chaos in unserem kleinen Hotelzimmer, a\u00dfen zu Abend,\nduschten und g\u00f6nnten uns im SPA des Hotels eine einst\u00fcndige Body Massage.<\/p>\n\n\n\n<p>Nie zuvor haben wir etwas erlebt, das gleichzeitig so\nangenehm und so schmerzhaft war, wie diese Massage. Danach verstanden wir auf\njeden Fall auch, warum es Body Massage hie\u00df. Die Frauen, die sich lachend\nunterhielten oder mit einem Schulterblick das Programm im TV verfolgten,\nnutzten gleichzeitig ihren ganzen K\u00f6rper, Kraft und Gewicht um zielsicher\nMuskeln und Sehnen zu ziehen und zu quetschen, von denen wir teilweise keine\nAhnung hatten, dass es sie gab.<\/p>\n\n\n\n<p>Fertig mit der Welt und selig nach der Massage und dem\nAbarbeiten der To-Do List des Tages, fielen wir ins Bett und genossen unsere\nletzte, sehr komfortable Nacht in Myanmar. <\/p>\n\n\n\n<p>Der Folgetag begann mit einem ausgedehnten Fr\u00fchst\u00fcck.\nImmerhin w\u00fcrden wir erst um 17Uhr am Flughafen sein m\u00fcssen. Als wir kurz vor\nMittag schlie\u00dflich alles gepackt hatten und ins Foyer schleppten, war es \u2013\nzumindest vom Hotel her \u2013 allerh\u00f6chste Eisenbahn. Check-Out war schlie\u00dflich bis\nsp\u00e4testens 12 Uhr. Wir a\u00dfen noch kurz unsere letzten Haferflocken mit Soyamilch\nzu Mittag, bevor wir uns daran machten, vor dem Hoteleingang unsere geliebten\nR\u00e4der in St\u00fccke zu \u2026 zerlegen. Nicht sonderlich fachm\u00e4nnisch, aber nach einigen\nStunden des Schraubens, Ziehens, Dr\u00fcckens, Drehens, Stopfens,\nWiederherausnehmens und erneutem Stopfen, waren wir dann doch erfolgreich und\nverschlossen die \u00fcbergro\u00dfen Pappkartons mit dem letzten Rest des Panzertapes,\ndas wir noch hatten.<\/p>\n\n\n\n<figure class=\"is-layout-flex wp-block-gallery-119 wp-block-gallery columns-2 is-cropped\"><ul class=\"blocks-gallery-grid\"><li class=\"blocks-gallery-item\"><figure><img decoding=\"async\" loading=\"lazy\" width=\"768\" height=\"1024\" src=\"http:\/\/lichri.radeln-in-den-sonnenaufgang.de\/wp-content\/uploads\/2020\/04\/DSC_0582-768x1024.jpg\" alt=\"\" data-id=\"2347\" data-full-url=\"http:\/\/lichri.radeln-in-den-sonnenaufgang.de\/wp-content\/uploads\/2020\/04\/DSC_0582-rotated.jpg\" data-link=\"http:\/\/lichri.radeln-in-den-sonnenaufgang.de\/?attachment_id=2347\" class=\"wp-image-2347\" srcset=\"http:\/\/lichri.radeln-in-den-sonnenaufgang.de\/wp-content\/uploads\/2020\/04\/DSC_0582-768x1024.jpg 768w, http:\/\/lichri.radeln-in-den-sonnenaufgang.de\/wp-content\/uploads\/2020\/04\/DSC_0582-225x300.jpg 225w, http:\/\/lichri.radeln-in-den-sonnenaufgang.de\/wp-content\/uploads\/2020\/04\/DSC_0582-1152x1536.jpg 1152w, http:\/\/lichri.radeln-in-den-sonnenaufgang.de\/wp-content\/uploads\/2020\/04\/DSC_0582-rotated.jpg 1200w\" sizes=\"(max-width: 767px) 89vw, (max-width: 1000px) 54vw, (max-width: 1071px) 543px, 580px\" \/><\/figure><\/li><li class=\"blocks-gallery-item\"><figure><img decoding=\"async\" loading=\"lazy\" width=\"576\" height=\"1024\" src=\"http:\/\/lichri.radeln-in-den-sonnenaufgang.de\/wp-content\/uploads\/2020\/04\/DSC_0583-576x1024.jpg\" alt=\"\" data-id=\"2348\" data-full-url=\"http:\/\/lichri.radeln-in-den-sonnenaufgang.de\/wp-content\/uploads\/2020\/04\/DSC_0583-rotated.jpg\" data-link=\"http:\/\/lichri.radeln-in-den-sonnenaufgang.de\/?attachment_id=2348\" class=\"wp-image-2348\" srcset=\"http:\/\/lichri.radeln-in-den-sonnenaufgang.de\/wp-content\/uploads\/2020\/04\/DSC_0583-576x1024.jpg 576w, http:\/\/lichri.radeln-in-den-sonnenaufgang.de\/wp-content\/uploads\/2020\/04\/DSC_0583-169x300.jpg 169w, http:\/\/lichri.radeln-in-den-sonnenaufgang.de\/wp-content\/uploads\/2020\/04\/DSC_0583-768x1365.jpg 768w, http:\/\/lichri.radeln-in-den-sonnenaufgang.de\/wp-content\/uploads\/2020\/04\/DSC_0583-864x1536.jpg 864w, http:\/\/lichri.radeln-in-den-sonnenaufgang.de\/wp-content\/uploads\/2020\/04\/DSC_0583-1152x2048.jpg 1152w, http:\/\/lichri.radeln-in-den-sonnenaufgang.de\/wp-content\/uploads\/2020\/04\/DSC_0583-rotated.jpg 1200w\" sizes=\"(max-width: 576px) 100vw, 576px\" \/><\/figure><\/li><\/ul><\/figure>\n\n\n\n<p>Das Hotelpersonal fuhr uns schlie\u00dflich netterweise f\u00fcr Umme\nvor den Flughafen, wo wir relativ trotz unseres verfr\u00fchten Eintreffens bereits\nvor Beginn des Warte-Schleifen-Weges mit seinem Anschnallgurt-Absperrband anstehen\ndurften. Nach etwas mehr als einer Stunde des Wartens, konnten wir unser\n\u00fcbergro\u00dfes B\u00fcndel wieder zum Control-Schalter r\u00fcberfahren, wo man \u00fcber das\nHandling unseres Gep\u00e4cks bereits bescheid wusste. Ein Rad extra, der Rest per\nFreigep\u00e4ck. Nur als wir schlie\u00dflich f\u00fcr das dann doch 28 Kilogramm schwere\nP\u00e4ckchen mit dem Rad und den Radtaschen die 150 Dollar zahlen sollten, wurde es\nkompliziert. Die Kreditkarte streikte, dann zuerst auch der ATM am anderen Ende\ndes Flughafenfoyers, zu welchem Christian rannte. Beim dritten Versuch spuckte\nder Automat schlie\u00dflich die gew\u00fcnschte Summe Myanmar Kyat aus, was sich jedoch\n\u2013 als Chris wieder am Schalter antraf \u2013 als die falsche W\u00e4hrung herausstellte.\nDie Airline nahm tats\u00e4chlich nicht die Landesw\u00e4hrung an. Wie bizarr. Also\nrannte Chris nun erneut, um einen Geldwechsler zu finden, bei welchem er nun\n150 Dollar erstehen konnte. <\/p>\n\n\n\n<figure class=\"is-layout-flex wp-block-gallery-121 wp-block-gallery columns-1 is-cropped\"><ul class=\"blocks-gallery-grid\"><li class=\"blocks-gallery-item\"><figure><img decoding=\"async\" loading=\"lazy\" width=\"768\" height=\"1024\" src=\"http:\/\/lichri.radeln-in-den-sonnenaufgang.de\/wp-content\/uploads\/2020\/04\/DSC_0584-768x1024.jpg\" alt=\"\" data-id=\"2349\" data-full-url=\"http:\/\/lichri.radeln-in-den-sonnenaufgang.de\/wp-content\/uploads\/2020\/04\/DSC_0584-rotated.jpg\" data-link=\"http:\/\/lichri.radeln-in-den-sonnenaufgang.de\/?attachment_id=2349\" class=\"wp-image-2349\" srcset=\"http:\/\/lichri.radeln-in-den-sonnenaufgang.de\/wp-content\/uploads\/2020\/04\/DSC_0584-768x1024.jpg 768w, http:\/\/lichri.radeln-in-den-sonnenaufgang.de\/wp-content\/uploads\/2020\/04\/DSC_0584-225x300.jpg 225w, http:\/\/lichri.radeln-in-den-sonnenaufgang.de\/wp-content\/uploads\/2020\/04\/DSC_0584-1152x1536.jpg 1152w, http:\/\/lichri.radeln-in-den-sonnenaufgang.de\/wp-content\/uploads\/2020\/04\/DSC_0584-rotated.jpg 1200w\" sizes=\"(max-width: 767px) 89vw, (max-width: 1000px) 54vw, (max-width: 1071px) 543px, 580px\" \/><\/figure><\/li><\/ul><\/figure>\n\n\n\n<p>V\u00f6llig abgehetzt und etwas aufgekratzt kam Chris wieder am\nSchalter an. Doch dann war pl\u00f6tzlich alles geregelt. Scheine r\u00fcber, eine\nUnterschrift, ein bisschen Papier zur\u00fcck. Fertig. Und dann waren wir frei.\nUnser Gep\u00e4ck fuhr davon, die R\u00e4der w\u00fcrden abgeholt. Mit dem nun doch recht\nleichten Handgep\u00e4ck konnten wir nun noch zwei Stunden machen was wir wollten.\nNun ja, was man am Flughafen eben so machen kann. Essen vor allem. Und so\ninvestierten wir die letzten Moneten der Landesw\u00e4hrung in Futter. Wir w\u00fcrden es\nja nun nicht mehr brauchen \u2013 was einerseits schade war, andererseits auch\nsch\u00f6n. <\/p>\n\n\n\n<p>Und so starteten wir entspannt in unsere Flugreise, die wir\nso nie machen wollten und die uns auch gerne h\u00e4tte gestohlen bleiben k\u00f6nnen. Zu\nden Fl\u00fcgen und der Warte- bzw. Umsteigezeit in Bangkok l\u00e4sst sich nur soviel\nsagen, dass sich Corona nur soweit auf uns auswirkte, als dass wir so oft es\nging H\u00e4ndewuschen, sie desinfizierten und den Mundschutz trugen, von dem wir\nschlie\u00dflich erfuhren, dass er \u2013 verglichen mit den Filtermasken der anderen\nTouristen \u2013 gar nicht vor einer Ansteckung sch\u00fctzte. Ansonsten muss ich (Chris)\nzu den Fl\u00fcgen jetzt noch sagen, dass tats\u00e4chlich jeder Bus, mit dem wir\nunterwegs waren, komfortabler war, als die beengten Sitze der Economy Class,\ndie man kaum nach hinten klappen konnten. Wie sollte man da denn schlafen? Und\ndann noch die ganzen kleinen Bildschirme, auf denen jeder seinen eigenen Film\nlaufen lie\u00df. Jede und jeder einen anderen. Da n\u00fctzte es auch nichts, dass wir\nunsere eigenen Displays abschalteten. Der Blick wurde ja doch immer wieder von\neinem der Flimmerk\u00e4sten gebannt. Und dann gab es auch schon wieder Essen.\nInnerhalb der 16 Stunden Reisezeit hatten wir 4 Mahlzeiten. <\/p>\n\n\n\n<figure class=\"is-layout-flex wp-block-gallery-123 wp-block-gallery columns-2 is-cropped\"><ul class=\"blocks-gallery-grid\"><li class=\"blocks-gallery-item\"><figure><img decoding=\"async\" loading=\"lazy\" width=\"768\" height=\"1024\" src=\"http:\/\/lichri.radeln-in-den-sonnenaufgang.de\/wp-content\/uploads\/2020\/04\/DSC_0598-768x1024.jpg\" alt=\"\" data-id=\"2353\" data-full-url=\"http:\/\/lichri.radeln-in-den-sonnenaufgang.de\/wp-content\/uploads\/2020\/04\/DSC_0598-rotated.jpg\" data-link=\"http:\/\/lichri.radeln-in-den-sonnenaufgang.de\/?attachment_id=2353\" class=\"wp-image-2353\" srcset=\"http:\/\/lichri.radeln-in-den-sonnenaufgang.de\/wp-content\/uploads\/2020\/04\/DSC_0598-768x1024.jpg 768w, http:\/\/lichri.radeln-in-den-sonnenaufgang.de\/wp-content\/uploads\/2020\/04\/DSC_0598-225x300.jpg 225w, http:\/\/lichri.radeln-in-den-sonnenaufgang.de\/wp-content\/uploads\/2020\/04\/DSC_0598-1152x1536.jpg 1152w, http:\/\/lichri.radeln-in-den-sonnenaufgang.de\/wp-content\/uploads\/2020\/04\/DSC_0598-rotated.jpg 1200w\" sizes=\"(max-width: 767px) 89vw, (max-width: 1000px) 54vw, (max-width: 1071px) 543px, 580px\" \/><\/figure><\/li><li class=\"blocks-gallery-item\"><figure><img decoding=\"async\" loading=\"lazy\" width=\"1024\" height=\"768\" src=\"http:\/\/lichri.radeln-in-den-sonnenaufgang.de\/wp-content\/uploads\/2020\/04\/DSC_0597-1024x768.jpg\" alt=\"\" data-id=\"2352\" data-full-url=\"http:\/\/lichri.radeln-in-den-sonnenaufgang.de\/wp-content\/uploads\/2020\/04\/DSC_0597.jpg\" data-link=\"http:\/\/lichri.radeln-in-den-sonnenaufgang.de\/?attachment_id=2352\" class=\"wp-image-2352\" srcset=\"http:\/\/lichri.radeln-in-den-sonnenaufgang.de\/wp-content\/uploads\/2020\/04\/DSC_0597-1024x768.jpg 1024w, http:\/\/lichri.radeln-in-den-sonnenaufgang.de\/wp-content\/uploads\/2020\/04\/DSC_0597-300x225.jpg 300w, http:\/\/lichri.radeln-in-den-sonnenaufgang.de\/wp-content\/uploads\/2020\/04\/DSC_0597-768x576.jpg 768w, http:\/\/lichri.radeln-in-den-sonnenaufgang.de\/wp-content\/uploads\/2020\/04\/DSC_0597-1536x1152.jpg 1536w, http:\/\/lichri.radeln-in-den-sonnenaufgang.de\/wp-content\/uploads\/2020\/04\/DSC_0597.jpg 1600w\" sizes=\"(max-width: 767px) 89vw, (max-width: 1000px) 54vw, (max-width: 1071px) 543px, 580px\" \/><\/figure><\/li><li class=\"blocks-gallery-item\"><figure><img decoding=\"async\" loading=\"lazy\" width=\"1024\" height=\"768\" src=\"http:\/\/lichri.radeln-in-den-sonnenaufgang.de\/wp-content\/uploads\/2020\/04\/DSC_0596-1024x768.jpg\" alt=\"\" data-id=\"2351\" data-full-url=\"http:\/\/lichri.radeln-in-den-sonnenaufgang.de\/wp-content\/uploads\/2020\/04\/DSC_0596.jpg\" data-link=\"http:\/\/lichri.radeln-in-den-sonnenaufgang.de\/?attachment_id=2351\" class=\"wp-image-2351\" srcset=\"http:\/\/lichri.radeln-in-den-sonnenaufgang.de\/wp-content\/uploads\/2020\/04\/DSC_0596-1024x768.jpg 1024w, http:\/\/lichri.radeln-in-den-sonnenaufgang.de\/wp-content\/uploads\/2020\/04\/DSC_0596-300x225.jpg 300w, http:\/\/lichri.radeln-in-den-sonnenaufgang.de\/wp-content\/uploads\/2020\/04\/DSC_0596-768x576.jpg 768w, http:\/\/lichri.radeln-in-den-sonnenaufgang.de\/wp-content\/uploads\/2020\/04\/DSC_0596-1536x1152.jpg 1536w, http:\/\/lichri.radeln-in-den-sonnenaufgang.de\/wp-content\/uploads\/2020\/04\/DSC_0596.jpg 1600w\" sizes=\"(max-width: 767px) 89vw, (max-width: 1000px) 54vw, (max-width: 1071px) 543px, 580px\" \/><\/figure><\/li><\/ul><\/figure>\n\n\n\n<h4>Zur\u00fcck im kalten Deutschland<\/h4>\n\n\n\n<p>Sehr satt und begr\u00fc\u00dft durch einen rosa Sonnenaufgang \u00fcber den schneebedeckten Alpen, n\u00e4herten wir uns M\u00fcnchen. Der Sinkflug endete smooth in einer perfekten Landung. Am Flughafen standen wir mit den hunderten anderen Flugg\u00e4sten in Schlangen, wurden durch elektronische Passkontrollen geschleust. Kein Fiebermessen, keine Aussteigerkarten, n\u00fcscht. Tja, aber wir kamen ja auch nicht aus einem Gefahrengebiet. Wir betraten eines. <\/p>\n\n\n\n<p>Und hier sind wir: Deutschland. Nach 11 Monaten auf Reisen\nwaren wir zur\u00fcck im kalten Heimatland. Die Sonne begr\u00fc\u00dfte uns und mit ihr Lisas\nMutter und Tante. Sie holten uns ab und vereitelten damit unseren Plan, vom\nFlughafen noch mit dem Rad nach Hause zu fahren \u2013 und damit die 10.000km\nRadstrecke voll zu machen. Doch noch auf der Fahrt zu Lisas Mutter bekamen wir\ndie Ansprache des Bayerischen Ministerpr\u00e4sidenten S\u00f6der zu h\u00f6ren, der die\nbeschlossenen Ausgangsbeschr\u00e4nkungen wegen des Covid-19 Virus verk\u00fcndete. Also\nh\u00e4tten wir uns in den kommenden Tagen wom\u00f6glich ohnehin nicht mit den R\u00e4dern\nunterwegs sein d\u00fcrfen. <\/p>\n\n\n\n<figure class=\"is-layout-flex wp-block-gallery-125 wp-block-gallery columns-2 is-cropped\"><ul class=\"blocks-gallery-grid\"><li class=\"blocks-gallery-item\"><figure><img decoding=\"async\" loading=\"lazy\" width=\"768\" height=\"1024\" src=\"http:\/\/lichri.radeln-in-den-sonnenaufgang.de\/wp-content\/uploads\/2020\/04\/IMG-20200320-WA0004-768x1024.jpg\" alt=\"\" data-id=\"2438\" data-full-url=\"http:\/\/lichri.radeln-in-den-sonnenaufgang.de\/wp-content\/uploads\/2020\/04\/IMG-20200320-WA0004.jpg\" data-link=\"http:\/\/lichri.radeln-in-den-sonnenaufgang.de\/?attachment_id=2438\" class=\"wp-image-2438\" srcset=\"http:\/\/lichri.radeln-in-den-sonnenaufgang.de\/wp-content\/uploads\/2020\/04\/IMG-20200320-WA0004-768x1024.jpg 768w, http:\/\/lichri.radeln-in-den-sonnenaufgang.de\/wp-content\/uploads\/2020\/04\/IMG-20200320-WA0004-225x300.jpg 225w, http:\/\/lichri.radeln-in-den-sonnenaufgang.de\/wp-content\/uploads\/2020\/04\/IMG-20200320-WA0004-1152x1536.jpg 1152w, http:\/\/lichri.radeln-in-den-sonnenaufgang.de\/wp-content\/uploads\/2020\/04\/IMG-20200320-WA0004.jpg 1200w\" sizes=\"(max-width: 767px) 89vw, (max-width: 1000px) 54vw, (max-width: 1071px) 543px, 580px\" \/><\/figure><\/li><li class=\"blocks-gallery-item\"><figure><img decoding=\"async\" loading=\"lazy\" width=\"768\" height=\"1024\" src=\"http:\/\/lichri.radeln-in-den-sonnenaufgang.de\/wp-content\/uploads\/2020\/04\/IMG-20200320-WA0003-768x1024.jpg\" alt=\"\" data-id=\"2437\" data-full-url=\"http:\/\/lichri.radeln-in-den-sonnenaufgang.de\/wp-content\/uploads\/2020\/04\/IMG-20200320-WA0003.jpg\" data-link=\"http:\/\/lichri.radeln-in-den-sonnenaufgang.de\/?attachment_id=2437\" class=\"wp-image-2437\" srcset=\"http:\/\/lichri.radeln-in-den-sonnenaufgang.de\/wp-content\/uploads\/2020\/04\/IMG-20200320-WA0003-768x1024.jpg 768w, http:\/\/lichri.radeln-in-den-sonnenaufgang.de\/wp-content\/uploads\/2020\/04\/IMG-20200320-WA0003-225x300.jpg 225w, http:\/\/lichri.radeln-in-den-sonnenaufgang.de\/wp-content\/uploads\/2020\/04\/IMG-20200320-WA0003-1152x1536.jpg 1152w, http:\/\/lichri.radeln-in-den-sonnenaufgang.de\/wp-content\/uploads\/2020\/04\/IMG-20200320-WA0003.jpg 1200w\" sizes=\"(max-width: 767px) 89vw, (max-width: 1000px) 54vw, (max-width: 1071px) 543px, 580px\" \/><\/figure><\/li><li class=\"blocks-gallery-item\"><figure><img decoding=\"async\" loading=\"lazy\" width=\"1024\" height=\"768\" src=\"http:\/\/lichri.radeln-in-den-sonnenaufgang.de\/wp-content\/uploads\/2020\/04\/DSC_0602-1024x768.jpg\" alt=\"\" data-id=\"2355\" data-full-url=\"http:\/\/lichri.radeln-in-den-sonnenaufgang.de\/wp-content\/uploads\/2020\/04\/DSC_0602.jpg\" data-link=\"http:\/\/lichri.radeln-in-den-sonnenaufgang.de\/?attachment_id=2355\" class=\"wp-image-2355\" srcset=\"http:\/\/lichri.radeln-in-den-sonnenaufgang.de\/wp-content\/uploads\/2020\/04\/DSC_0602-1024x768.jpg 1024w, http:\/\/lichri.radeln-in-den-sonnenaufgang.de\/wp-content\/uploads\/2020\/04\/DSC_0602-300x225.jpg 300w, http:\/\/lichri.radeln-in-den-sonnenaufgang.de\/wp-content\/uploads\/2020\/04\/DSC_0602-768x576.jpg 768w, http:\/\/lichri.radeln-in-den-sonnenaufgang.de\/wp-content\/uploads\/2020\/04\/DSC_0602-1536x1152.jpg 1536w, http:\/\/lichri.radeln-in-den-sonnenaufgang.de\/wp-content\/uploads\/2020\/04\/DSC_0602.jpg 1600w\" sizes=\"(max-width: 767px) 89vw, (max-width: 1000px) 54vw, (max-width: 1071px) 543px, 580px\" \/><\/figure><\/li><li class=\"blocks-gallery-item\"><figure><img decoding=\"async\" loading=\"lazy\" width=\"1024\" height=\"576\" src=\"http:\/\/lichri.radeln-in-den-sonnenaufgang.de\/wp-content\/uploads\/2020\/04\/DSC_0603-1024x576.jpg\" alt=\"\" data-id=\"2356\" data-full-url=\"http:\/\/lichri.radeln-in-den-sonnenaufgang.de\/wp-content\/uploads\/2020\/04\/DSC_0603.jpg\" data-link=\"http:\/\/lichri.radeln-in-den-sonnenaufgang.de\/?attachment_id=2356\" class=\"wp-image-2356\" srcset=\"http:\/\/lichri.radeln-in-den-sonnenaufgang.de\/wp-content\/uploads\/2020\/04\/DSC_0603-1024x576.jpg 1024w, http:\/\/lichri.radeln-in-den-sonnenaufgang.de\/wp-content\/uploads\/2020\/04\/DSC_0603-300x169.jpg 300w, http:\/\/lichri.radeln-in-den-sonnenaufgang.de\/wp-content\/uploads\/2020\/04\/DSC_0603-768x432.jpg 768w, http:\/\/lichri.radeln-in-den-sonnenaufgang.de\/wp-content\/uploads\/2020\/04\/DSC_0603-1536x864.jpg 1536w, http:\/\/lichri.radeln-in-den-sonnenaufgang.de\/wp-content\/uploads\/2020\/04\/DSC_0603-2048x1152.jpg 2048w\" sizes=\"(max-width: 767px) 89vw, (max-width: 1000px) 54vw, (max-width: 1071px) 543px, 580px\" \/><\/figure><\/li><\/ul><\/figure>\n\n\n\n<h4>Daheim&#8230; <\/h4>\n\n\n\n<p>Und so kamen wir \u2013 noch etwas schneller und fr\u00fcher als\nerwartet \u2013 wieder in unsere Heimatregion und bezogen eines der Zimmer in der\nWohnung von Lisas Mutter. So konnten wir immerhin umgehen, aus der gr\u00f6\u00dften\nFreiheit, die wir je erleben durften, aus den Abenteuern und Begegnungen,\nDschungeln und Steppen, von Bergen und Str\u00e4nden zur\u00fcck zu kommen und uns in die\nalten, viel zu kleinen Kinderzimmer eines unserer Elternh\u00e4user zur\u00fcckgeworfen\nzu werden. <\/p>\n\n\n\n<p>Und hier sind wir bis heute. Es ist Kar Freitag als ich diesen Text verfasse und wir sind bereits seit 3 Wochen wieder in Deutschland. Durch die Ausgangsbeschr\u00e4nkungen, die nun deutschlandweit und auf vorerst unabsehbare Zeit gelten, verwischt ein Tag in den n\u00e4chsten. Wir haben angefangen, uns nach Stellen umzusehen und die ersten Bewerbungen geschrieben. Doch wie es bei uns weitergeht ist wohl genau so ungewiss, wie bei allen anderen hierzulande und rund um den Globus. Hier sind wir. Alle. Herausgerissen aus dem, was wir gerne tun. Aus dem, was wir tun m\u00fcssen. Aus dem, was wir gerne getan h\u00e4tten. W\u00fcnsche, Pl\u00e4ne, Ziele werden in eine ungewissen Zukunft verschoben. Aber die Hoffnung bleibt: Irgendwann bringen wir unsere Reise zu Ende. Irgendwann wird die Zeit von Angst, Ungewissheit, eingeschr\u00e4nkter Freiheit und Krankheit enden und Leben neu erbl\u00fchen. <\/p>\n\n\n\n<p>Lasst uns die Zeit bis dahin nutzen, um zu reflektieren, was\nwir dann brauchen werden, um Gl\u00fccklich zu sein. Was wir wirklich ben\u00f6tigen und\nwollen und ob wir das nicht alles auch auf eine gerechtere, nachhaltigere und\nresilientere Art und Weise bewerkstelligen k\u00f6nnen. Damit wir nicht diese Zeit\nim \u201eEnergiesparmodus\u201c mit einem Rebound beenden, der uns weiter in die Klima-\nund Ressourcenkrise treibt, weiter in fragile Abh\u00e4ngigkeiten, weiter in die\ngesellschaftliche Vereinzelung und Spaltung, in Konsumwahn und Status-Getriebenheit.\n<\/p>\n\n\n\n<p>Es ist Kar Freitag, morgen Kar Samstag. Wir haben viel\nverloren, scheinbar. Lasst uns die Zeit nutzen, die Kar-Zeit, in die Corona uns\nhineinversetzt hat, um uns dessen zu besinnen, was wir bisher so verbockt,\nverzockt und verkackt haben und wie wir \u2013 jeder f\u00fcr sich und genauso gemeinsam \u2013\nunser Leben besser gestalten k\u00f6nnen. Gerechter, nachhaltiger, resilienter.<\/p>\n\n\n\n<h4>Neues beginnt<\/h4>\n\n\n\n<p>Genug gepredigt. Wie ihr seht, haben uns die drei Wochen\nunseres Aufenthalts in Deutschland mental wieder mitten hinein geworfen in\ndiese Gesellschaft. Nat\u00fcrlich wabern unsere vielen bunten Erinnerungen immer\nwieder durch unsere Gedanken, f\u00e4rben unsere Tr\u00e4ume und sch\u00fcren die Sehnsucht\nnach Weite und Freiheit. Doch wir sind auch am Ankommen, Perspektiven\neinsch\u00e4tzen, Lebensplanungen hinterfragen. Auch wenn das Leben gerade wegen\nCorona wie in Honig gefallen in der Schwebe liegt, geht es doch irgendwie\nweiter. Und ich denke, ihr werdet hier vielleicht auch noch das eine oder\nandere lesen, dass uns von unserer Reise noch berichtenswert erscheint.\nVielleicht habt ihr auch noch Fragen zu L\u00e4ndern, Kulturen, Reiseabschnitten,\nbestimmte Erfahrungen. Wenn das so ist, dann lasst sie uns gerne \u00fcber die\nKommentare wissen und vielleicht k\u00f6nnen wir sie dann in einem kleinen Beitrag\nnoch beantworten. <\/p>\n\n\n\n<p>Ansonsten sind wir mit den Bewerbungen und dem Zurechtkommen\nmit dem neuen Leben in der alten Heimat gut besch\u00e4ftigt. \ud83d\ude42 Und da das Feuer,\ndas am Anfang noch knisterte und uns w\u00e4rmte nach den hier verfassten 20 Seiten\nschon erloschen ist und von der warmen Fr\u00fchlingssonne ersetzt wurde, w\u00fcnschen\nwir euch jetzt ein sch\u00f6nes und gesegnetes Osterwochenende und eine gesunde,\nfrustfreie Zeit zuhause oder auf Arbeit! <\/p>\n\n\n\n<p>Danke, dass ihr euch wieder Zeit genommen habt, um hier\nunsere Geschichte nachzulesen. Wir sind froh, dass es euch gibt!<\/p>\n\n\n\n<p>Bis bald,<\/p>\n\n\n\n<p>eure F\u00f6rsters<\/p>\n\n\n\n<figure class=\"is-layout-flex wp-block-gallery-127 wp-block-gallery columns-2 is-cropped\"><ul class=\"blocks-gallery-grid\"><li class=\"blocks-gallery-item\"><figure><img decoding=\"async\" loading=\"lazy\" width=\"768\" height=\"1024\" src=\"http:\/\/lichri.radeln-in-den-sonnenaufgang.de\/wp-content\/uploads\/2020\/04\/DSC_0627-2-768x1024.jpg\" alt=\"\" data-id=\"2447\" data-full-url=\"http:\/\/lichri.radeln-in-den-sonnenaufgang.de\/wp-content\/uploads\/2020\/04\/DSC_0627-2-rotated.jpg\" data-link=\"http:\/\/lichri.radeln-in-den-sonnenaufgang.de\/?attachment_id=2447\" class=\"wp-image-2447\" srcset=\"http:\/\/lichri.radeln-in-den-sonnenaufgang.de\/wp-content\/uploads\/2020\/04\/DSC_0627-2-768x1024.jpg 768w, http:\/\/lichri.radeln-in-den-sonnenaufgang.de\/wp-content\/uploads\/2020\/04\/DSC_0627-2-225x300.jpg 225w, http:\/\/lichri.radeln-in-den-sonnenaufgang.de\/wp-content\/uploads\/2020\/04\/DSC_0627-2-1152x1536.jpg 1152w, http:\/\/lichri.radeln-in-den-sonnenaufgang.de\/wp-content\/uploads\/2020\/04\/DSC_0627-2-rotated.jpg 1200w\" sizes=\"(max-width: 767px) 89vw, (max-width: 1000px) 54vw, (max-width: 1071px) 543px, 580px\" \/><\/figure><\/li><li class=\"blocks-gallery-item\"><figure><img decoding=\"async\" loading=\"lazy\" width=\"768\" height=\"1024\" src=\"http:\/\/lichri.radeln-in-den-sonnenaufgang.de\/wp-content\/uploads\/2020\/04\/DSC_0001-1-768x1024.jpg\" alt=\"\" data-id=\"2449\" data-full-url=\"http:\/\/lichri.radeln-in-den-sonnenaufgang.de\/wp-content\/uploads\/2020\/04\/DSC_0001-1-rotated.jpg\" data-link=\"http:\/\/lichri.radeln-in-den-sonnenaufgang.de\/?attachment_id=2449\" class=\"wp-image-2449\" srcset=\"http:\/\/lichri.radeln-in-den-sonnenaufgang.de\/wp-content\/uploads\/2020\/04\/DSC_0001-1-768x1024.jpg 768w, http:\/\/lichri.radeln-in-den-sonnenaufgang.de\/wp-content\/uploads\/2020\/04\/DSC_0001-1-225x300.jpg 225w, http:\/\/lichri.radeln-in-den-sonnenaufgang.de\/wp-content\/uploads\/2020\/04\/DSC_0001-1-1152x1536.jpg 1152w, http:\/\/lichri.radeln-in-den-sonnenaufgang.de\/wp-content\/uploads\/2020\/04\/DSC_0001-1-rotated.jpg 1200w\" sizes=\"(max-width: 767px) 89vw, (max-width: 1000px) 54vw, (max-width: 1071px) 543px, 580px\" \/><\/figure><\/li><\/ul><\/figure>\n\n\n\n<p>Chris &amp; Lisa&nbsp;<\/p>\n","protected":false},"excerpt":{"rendered":"<p>Stille. Flammen z\u00fcngeln w\u00e4rmend vor uns auf und werfen ihren orangegelben Schein auf unsere Beine, Arme, Gesichter. Von den Tassen mit s\u00fc\u00dfem Gew\u00fcrztee in unseren H\u00e4nden steigen feine F\u00e4den wohlriechenden Dampfes auf. Gelegentlich nippen wir daran w\u00e4hrend unsere Blicke verloren auf der Glut und dem kleinen Feuer ruhen. Es knackt. Ansonsten ist es still. Dann &hellip; <\/p>\n<p class=\"link-more\"><a href=\"http:\/\/lichri.radeln-in-den-sonnenaufgang.de\/?p=1797\" class=\"more-link\"><span class=\"screen-reader-text\">\u201eBack on the road: Malaysia &#8211; Myanmar &#8211; Corona\u201c<\/span> weiterlesen<\/a><\/p>\n","protected":false},"author":3,"featured_media":2254,"comment_status":"open","ping_status":"open","sticky":false,"template":"","format":"standard","meta":[],"categories":[1],"tags":[],"_links":{"self":[{"href":"http:\/\/lichri.radeln-in-den-sonnenaufgang.de\/index.php?rest_route=\/wp\/v2\/posts\/1797"}],"collection":[{"href":"http:\/\/lichri.radeln-in-den-sonnenaufgang.de\/index.php?rest_route=\/wp\/v2\/posts"}],"about":[{"href":"http:\/\/lichri.radeln-in-den-sonnenaufgang.de\/index.php?rest_route=\/wp\/v2\/types\/post"}],"author":[{"embeddable":true,"href":"http:\/\/lichri.radeln-in-den-sonnenaufgang.de\/index.php?rest_route=\/wp\/v2\/users\/3"}],"replies":[{"embeddable":true,"href":"http:\/\/lichri.radeln-in-den-sonnenaufgang.de\/index.php?rest_route=%2Fwp%2Fv2%2Fcomments&post=1797"}],"version-history":[{"count":22,"href":"http:\/\/lichri.radeln-in-den-sonnenaufgang.de\/index.php?rest_route=\/wp\/v2\/posts\/1797\/revisions"}],"predecessor-version":[{"id":2452,"href":"http:\/\/lichri.radeln-in-den-sonnenaufgang.de\/index.php?rest_route=\/wp\/v2\/posts\/1797\/revisions\/2452"}],"wp:featuredmedia":[{"embeddable":true,"href":"http:\/\/lichri.radeln-in-den-sonnenaufgang.de\/index.php?rest_route=\/wp\/v2\/media\/2254"}],"wp:attachment":[{"href":"http:\/\/lichri.radeln-in-den-sonnenaufgang.de\/index.php?rest_route=%2Fwp%2Fv2%2Fmedia&parent=1797"}],"wp:term":[{"taxonomy":"category","embeddable":true,"href":"http:\/\/lichri.radeln-in-den-sonnenaufgang.de\/index.php?rest_route=%2Fwp%2Fv2%2Fcategories&post=1797"},{"taxonomy":"post_tag","embeddable":true,"href":"http:\/\/lichri.radeln-in-den-sonnenaufgang.de\/index.php?rest_route=%2Fwp%2Fv2%2Ftags&post=1797"}],"curies":[{"name":"wp","href":"https:\/\/api.w.org\/{rel}","templated":true}]}}