{"id":160,"date":"2019-02-09T12:24:24","date_gmt":"2019-02-09T12:24:24","guid":{"rendered":"http:\/\/lichri.radeln-in-den-sonnenaufgang.de\/?p=160"},"modified":"2019-02-09T12:24:24","modified_gmt":"2019-02-09T12:24:24","slug":"all-die-guten-gruende-1-zu-am-boden-bleiben","status":"publish","type":"post","link":"http:\/\/lichri.radeln-in-den-sonnenaufgang.de\/?p=160","title":{"rendered":"All die guten Gr\u00fcnde 1 (zu: Am Boden bleiben)"},"content":{"rendered":"\n<p><em>Von Verunsicherungen, Reflektionen, \u00dcberzeugungen und Radikalit\u00e4t.<\/em><\/p>\n\n\n\n<p>Ach ja&#8230; ich wei\u00df ja nicht wie es euch in eurer Filterblase so geht, aber ich sch\u00e4tze mal, \u00e4hnlich wie uns, immerhin lest ihr unseren Blog. \ud83d\ude09 <\/p>\n\n\n\n<figure class=\"wp-block-image\"><img decoding=\"async\" loading=\"lazy\" width=\"960\" height=\"960\" src=\"http:\/\/lichri.radeln-in-den-sonnenaufgang.de\/wp-content\/uploads\/2019\/02\/51575819_10161336921245564_1448813440989659136_n.png\" alt=\"\" class=\"wp-image-161\" srcset=\"http:\/\/lichri.radeln-in-den-sonnenaufgang.de\/wp-content\/uploads\/2019\/02\/51575819_10161336921245564_1448813440989659136_n.png 960w, http:\/\/lichri.radeln-in-den-sonnenaufgang.de\/wp-content\/uploads\/2019\/02\/51575819_10161336921245564_1448813440989659136_n-150x150.png 150w, http:\/\/lichri.radeln-in-den-sonnenaufgang.de\/wp-content\/uploads\/2019\/02\/51575819_10161336921245564_1448813440989659136_n-300x300.png 300w, http:\/\/lichri.radeln-in-den-sonnenaufgang.de\/wp-content\/uploads\/2019\/02\/51575819_10161336921245564_1448813440989659136_n-768x768.png 768w, http:\/\/lichri.radeln-in-den-sonnenaufgang.de\/wp-content\/uploads\/2019\/02\/51575819_10161336921245564_1448813440989659136_n-100x100.png 100w\" sizes=\"(max-width: 767px) 89vw, (max-width: 1000px) 54vw, (max-width: 1071px) 543px, 580px\" \/><figcaption>(Facebook-Fund: So schnell verbraucht eine Reise den CO2 Jahresbudget. Von Quarks ver\u00f6ffentlicht am 9.2.2019; <a href=\"https:\/\/www.facebook.com\/quarks.de\/photos\/a.10150277013665564\/10161336921230564\/?type=3&amp;theater\">link<\/a>)<\/figcaption><\/figure>\n\n\n\n<p>Tagt\u00e4glich begegnen sie mir auf&#8217;s Neue: All die guten Gr\u00fcnde&#8230; Kein Fleisch zu essen, kein Auto zu fahren, nicht zu fliegen. Und es fordert heraus. Es fordert heraus nicht abzustumpfen, reflektiert zu bleiben &#8211; durchaus auch \u00fcber den Umstand, sich in einer Filterblase an Nachrichten und Informationen zu befinden, die weite Teile der Bev\u00f6lkerung nicht teilen. Dar\u00fcber, dass es Menschen gibt die sich von &#8222;\u00d6kos&#8220; wie mir und Idealen wie Nachhaltigkeit genervt und bevormundet f\u00fchlen. <\/p>\n\n\n\n<p>Mich erreichen solche Informationen st\u00e4ndig und unterf\u00fcttern meine Vorstellung von der Welt, meine Ideale. Aber sie fordern mich auch heraus, authentisch zu bleiben, integer zu sein &#8211; diesen Idealen selbst zu folgen. Beispielsweise beim Autofahren: Tats\u00e4chlich besitzen Lisa und ich einen Kleinwagen &#8211; ein 14 Jahre alter Fiat Punto mit Dieselverbrennermotor. Gern sage ich mich los und will ihn auch loswerden (im April ist es dann ja endlich auch soweit), aber etwas schade empfinde ich es auf der anderen Seite schon auch &#8211; ist ja schon praktisch, das treue Ding. Lisa ihrerseits meint, das Auto f\u00fcr die Fahrt zur Arbeit zu brauchen. Sie k\u00f6nnte durchaus Zug fahren, die Verbindung g\u00e4be es st\u00fcndlich. Aber Sie will im Zweifelsfall nicht eine Stunde auf den n\u00e4chsten Zug warten, wenn einer ihrer Jugendlichen sie im Hinausgehen noch abpasst. Ich kann das schon nachempfinden. Doch mit gutem Beispiel vorangehen finde ich dennoch sehr wichtig, weshalb ich es schade finde, dass wir das an dieser Stelle verpasst haben &#8211; das Auto gegen die \u00d6ffentlichen zu tauschen.<\/p>\n\n\n\n<p>Andererseits, denke ich an meine Familie, die in einer l\u00e4ndlichen Gegend v\u00f6llig ohne \u00d6PNV lebt, dann wird mir auch bewusst, dass man soetwas nicht pauschal verlangen kann. Nat\u00fcrlich sehe ich die Verstrickungen und Verbindungen, dass erst die Automobilit\u00e4t den Discounter auf der gr\u00fcnen Wiese erm\u00f6glicht hat. Erm\u00f6glicht wurde, dass man die gro\u00dfen Superm\u00e4rkte ansteuert, anstatt die \u00f6rtlichen B\u00e4cker, Metzger, Dorfl\u00e4den und Haushaltswarenl\u00e4den zu finanzieren &#8211; was man als Kunde schlie\u00dflich tut. Oder getan hat. Lange her&#8230; Heute (seit sp\u00e4testens 2016) ist in meinem Heimatdorf keiner der vormals sechs unterschiedlichen L\u00e4den (Stand bis ca 2000) vorhanden. Bis auf einen neu er\u00f6ffneten Blumenladen geht da nichts mehr. Das Auto hat es erm\u00f6glicht &#8211; heute sind wir von ihm abh\u00e4ngig. Zumindest auf dem Land. <\/p>\n\n\n\n<p>Doch diese Problemsituationen (f\u00fcr welche ich sie erachte) d\u00fcrfen auch nicht das Ende sein, sozusagen die ultimate K\u00e4ltetod jeglicher Entwicklung. Und das ist es auch nicht. Ich verfolge auch seit einigen Jahren, wie aus B\u00fcrger-Initiativen mehr und mehr Dorfl\u00e4den er\u00f6ffnet werden, SoLaWis entstehen, Menschen die Zukunft ihrer Gemeinschaften wieder in die Hand nehmen. Mit diesem neuen Pioniergeist kann es weiter gehen. Mit leidenschaftlichen Gegenkr\u00e4ften zu den vorherschenden Denk- und Marktstrukturen, Handlungslogiken und Bequemlichkeiten. Das sind meine Helden. Sie leben die Zukunft. So auch die16-j\u00e4hriges Greta aus Schweden, die die Elite mit ihren Privatjets in Davos vorf\u00fchrt indem sie mit dem Zug in die Schweiz reist.<\/p>\n\n\n\n<p>Was ich sagen will: Wir k\u00f6nnen anders! Es gibt L\u00f6sungen. Und die sind mit Herausforderungen verbunden. Damit die Arschbacken zusammenzukneifen und sich auch mal als Gemeinschaft bzw. Gesellschaft am Riemen zu rei\u00dfen. Und das nicht aus Jucks und Tollerei, sondern weil es verdammt noch mal angebracht w\u00e4re. Weil es nicht mehr anders geht &#8211; nein, weil es nicht mehr SO geht. <\/p>\n\n\n\n<p>Wir haben eine Verwantwortung und wir k\u00f6nnen nicht \u00fcber unsere Befindlichkeiten streiten und auf die Zukunft der Menschen, unserer Mitmenschen und unserer gemeinsamen Nachfahren schei\u00dfen! Nein, es ist Zeit, dass wir uns alle radikalisieren: F\u00fcr das ethisch Richtige, f\u00fcr unsere N\u00e4chsten, f\u00fcr das Leben! Und daf\u00fcr unsere Bequemlichkeit endlich \u00fcberwinden, unsere Ausreden entlarven und konsequent anpacken. <br><\/p>\n","protected":false},"excerpt":{"rendered":"<p>Von Verunsicherungen, Reflektionen, \u00dcberzeugungen und Radikalit\u00e4t. Ach ja&#8230; ich wei\u00df ja nicht wie es euch in eurer Filterblase so geht, aber ich sch\u00e4tze mal, \u00e4hnlich wie uns, immerhin lest ihr unseren Blog. \ud83d\ude09 Tagt\u00e4glich begegnen sie mir auf&#8217;s Neue: All die guten Gr\u00fcnde&#8230; Kein Fleisch zu essen, kein Auto zu fahren, nicht zu fliegen. Und &hellip; <\/p>\n<p class=\"link-more\"><a href=\"http:\/\/lichri.radeln-in-den-sonnenaufgang.de\/?p=160\" class=\"more-link\"><span class=\"screen-reader-text\">\u201eAll die guten Gr\u00fcnde 1 (zu: Am Boden bleiben)\u201c<\/span> weiterlesen<\/a><\/p>\n","protected":false},"author":3,"featured_media":0,"comment_status":"open","ping_status":"open","sticky":false,"template":"","format":"standard","meta":[],"categories":[1],"tags":[],"_links":{"self":[{"href":"http:\/\/lichri.radeln-in-den-sonnenaufgang.de\/index.php?rest_route=\/wp\/v2\/posts\/160"}],"collection":[{"href":"http:\/\/lichri.radeln-in-den-sonnenaufgang.de\/index.php?rest_route=\/wp\/v2\/posts"}],"about":[{"href":"http:\/\/lichri.radeln-in-den-sonnenaufgang.de\/index.php?rest_route=\/wp\/v2\/types\/post"}],"author":[{"embeddable":true,"href":"http:\/\/lichri.radeln-in-den-sonnenaufgang.de\/index.php?rest_route=\/wp\/v2\/users\/3"}],"replies":[{"embeddable":true,"href":"http:\/\/lichri.radeln-in-den-sonnenaufgang.de\/index.php?rest_route=%2Fwp%2Fv2%2Fcomments&post=160"}],"version-history":[{"count":1,"href":"http:\/\/lichri.radeln-in-den-sonnenaufgang.de\/index.php?rest_route=\/wp\/v2\/posts\/160\/revisions"}],"predecessor-version":[{"id":162,"href":"http:\/\/lichri.radeln-in-den-sonnenaufgang.de\/index.php?rest_route=\/wp\/v2\/posts\/160\/revisions\/162"}],"wp:attachment":[{"href":"http:\/\/lichri.radeln-in-den-sonnenaufgang.de\/index.php?rest_route=%2Fwp%2Fv2%2Fmedia&parent=160"}],"wp:term":[{"taxonomy":"category","embeddable":true,"href":"http:\/\/lichri.radeln-in-den-sonnenaufgang.de\/index.php?rest_route=%2Fwp%2Fv2%2Fcategories&post=160"},{"taxonomy":"post_tag","embeddable":true,"href":"http:\/\/lichri.radeln-in-den-sonnenaufgang.de\/index.php?rest_route=%2Fwp%2Fv2%2Ftags&post=160"}],"curies":[{"name":"wp","href":"https:\/\/api.w.org\/{rel}","templated":true}]}}