{"id":1582,"date":"2020-02-20T14:33:44","date_gmt":"2020-02-20T14:33:44","guid":{"rendered":"http:\/\/lichri.radeln-in-den-sonnenaufgang.de\/?p=1582"},"modified":"2020-02-20T14:54:18","modified_gmt":"2020-02-20T14:54:18","slug":"radlos-am-reisen-die-zweite","status":"publish","type":"post","link":"http:\/\/lichri.radeln-in-den-sonnenaufgang.de\/?p=1582","title":{"rendered":"Radlos am Reisen &#8211; Die Zweite"},"content":{"rendered":"\n<h2>Das Boot, das Land der Inseln und der Beginn der R\u00fcckkehr <\/h2>\n\n\n\n<p>P\u00fcnktlich zum Tag Nr.300 unserer Reise gibt es diesen neuen Blogbeitrag von uns &#8211; und der hat es in sich! Ein Monat Ohne-Rad-Backpacking-Abenteuer in Indonesien. Also macht euch auf etwas mehr Text und daf\u00fcr aber auch viele sch\u00f6ne Bilder gefasst \ud83d\ude42 Holt euch einen Tee und macht es euch gem\u00fctlich. Jetzt geht&#8217;s los, da wo wir aufgeh\u00f6rt haben&#8230;<\/p>\n\n\n\n<h4>Ciao, Singapur!<\/h4>\n\n\n\n<p>Unser vorerst letzter Tag in Singapur, der Stadt aus Beton, Glas und Geld, brach an. Ohne Fr\u00fchst\u00fcck eilten wir zusammen mit Eleana und Andy zur U-Bahn. Wir wollten die 10:00 Uhr F\u00e4hre nach Batam nehmen, also musste es zackig gehen. <br> In der U-Bahn verabschiedeten wir uns von unseren lieben Hosts und fuhren die Endstation Harbour Front an. Wir wuselten durch den Untergrund und viele Mall-hafte G\u00e4nge, bis wir schlie\u00dflich zu den Ticketschaltern gelangten. Bei Sindo-Ferries konnten wir dann f\u00fcr umgerechnet knapp 30 Euro zwei Tickets ergattern. Wenn man mal \u00fcberlegt, das uns das Ticket von Batam nach Jakarta gerade mal 12 Euro mehr kosten w\u00fcrde wird wieder bewusst, wie extrem \u00fcberteuert das Leben in der Stadt der Million\u00e4re ist. <\/p>\n\n\n\n<p>Mit Tickets in den Taschen gingen wir dann noch schnell etwas zum Fr\u00fchst\u00fccken suchen, checkten W-LAN, luden uns noch ein paar Streifen und Podcasts f\u00fcr die lange \u00dcberfahrt herunter und eilten schlie\u00dflich zu unserem Boot. Tats\u00e4chlich h\u00e4tte man meinen k\u00f6nnen, es sei unseres. Schlie\u00dflich sa\u00dfen au\u00dfer Lisa und mir vielleicht noch zwei oder drei andere an Bord des Riesenschnellbootes. Da kann man dann auch die Preise nachvollziehen. Saud\u00e4mlich, wenn ich das sagen darf. Vier Gesellschaften haben hier Boote liegen, die alle etwa um die selbe Zeit zum selben Ort fahren. Anstatt dass die gemeinsam EIN Boot fahren lassen\u2026 Tststs\u2026<\/p>\n\n\n\n<p>Wir legten ab und das Boot schoss entlang der Skyline, dann des Hafens und durch eine endlose Armada von Containerschiffen nach Westen, dann nach S\u00fcden gen Indonesien, konkreter: zur Insel Batam. <\/p>\n\n\n\n<figure class=\"is-layout-flex wp-block-gallery-1 wp-block-gallery columns-1 is-cropped\"><ul class=\"blocks-gallery-grid\"><li class=\"blocks-gallery-item\"><figure><img decoding=\"async\" loading=\"lazy\" width=\"1024\" height=\"683\" src=\"http:\/\/lichri.radeln-in-den-sonnenaufgang.de\/wp-content\/uploads\/2020\/02\/IMG_6155_compress64-1024x683.jpg\" alt=\"\" data-id=\"1588\" class=\"wp-image-1588\" srcset=\"http:\/\/lichri.radeln-in-den-sonnenaufgang.de\/wp-content\/uploads\/2020\/02\/IMG_6155_compress64-1024x683.jpg 1024w, http:\/\/lichri.radeln-in-den-sonnenaufgang.de\/wp-content\/uploads\/2020\/02\/IMG_6155_compress64-300x200.jpg 300w, http:\/\/lichri.radeln-in-den-sonnenaufgang.de\/wp-content\/uploads\/2020\/02\/IMG_6155_compress64-768x512.jpg 768w, http:\/\/lichri.radeln-in-den-sonnenaufgang.de\/wp-content\/uploads\/2020\/02\/IMG_6155_compress64.jpg 1296w\" sizes=\"(max-width: 767px) 89vw, (max-width: 1000px) 54vw, (max-width: 1071px) 543px, 580px\" \/><\/figure><\/li><li class=\"blocks-gallery-item\"><figure><img decoding=\"async\" loading=\"lazy\" width=\"1024\" height=\"683\" src=\"http:\/\/lichri.radeln-in-den-sonnenaufgang.de\/wp-content\/uploads\/2020\/02\/IMG_6087_compress2-1024x683.jpg\" alt=\"\" data-id=\"1781\" data-full-url=\"http:\/\/lichri.radeln-in-den-sonnenaufgang.de\/wp-content\/uploads\/2020\/02\/IMG_6087_compress2.jpg\" data-link=\"http:\/\/lichri.radeln-in-den-sonnenaufgang.de\/?attachment_id=1781\" class=\"wp-image-1781\" srcset=\"http:\/\/lichri.radeln-in-den-sonnenaufgang.de\/wp-content\/uploads\/2020\/02\/IMG_6087_compress2-1024x683.jpg 1024w, http:\/\/lichri.radeln-in-den-sonnenaufgang.de\/wp-content\/uploads\/2020\/02\/IMG_6087_compress2-300x200.jpg 300w, http:\/\/lichri.radeln-in-den-sonnenaufgang.de\/wp-content\/uploads\/2020\/02\/IMG_6087_compress2-768x512.jpg 768w, http:\/\/lichri.radeln-in-den-sonnenaufgang.de\/wp-content\/uploads\/2020\/02\/IMG_6087_compress2.jpg 1296w\" sizes=\"(max-width: 767px) 89vw, (max-width: 1000px) 54vw, (max-width: 1071px) 543px, 580px\" \/><\/figure><\/li><\/ul><\/figure>\n\n\n\n<h4>Batam \u2013 Ankunft in Indonesien<\/h4>\n\n\n\n<p>Hier angekommen mussten wir erst einmal Kr\u00f6ten in der neuen W\u00e4hrung ergattern. Die hatten dann zwar wieder unendliche viele Nullen (14.980 Indonesische Rupien sind etwa ein Euro), daf\u00fcr kamen keine unbezahlbaren Geb\u00fchren auf die Abhebung. <br> Etwas nerviger wurde es hingegen als wir den Hafen verlie\u00dfen und uns Taxifahrer umschw\u00e4rmten, uns &#8211; v\u00f6llig \u00fcberzogene \u201eSpezial-Preise\u201c anboten &#8211; und einfach nicht von unserer Seite weichen wollten \u2013 etwas, an das wir uns jetzt, wo wir keine eigenen fahrbaren Unters\u00e4tze mehr hatten und wie gew\u00f6hnliche Backpacker reisten, gew\u00f6hnen m\u00fcssten. Schlie\u00dflich sahen wir jedoch ein, dass die KM.KELUD, unser Schiff, tats\u00e4chlich gar nicht an diesem F\u00e4hrterminal, sondern an einem anderen Hafen der Insel ablegen w\u00fcrde, wie uns die Fahrer wiederholt zu erkl\u00e4ren versuchten. Da waren Chris Informationen aus dem Netz etwas veraltet. Nachdem wir im Ticket-Office der Reederei, welches noch hier war, Tickets f\u00fcr umgerechnet 42 Euro (2 mal Ekonomi) erstanden, lie\u00dfen wir uns auf den an uns haftenden Taxifahrer ein, der uns dann in sein etwas bauf\u00e4lliges Gef\u00e4hrt (kein Taxi) lud (keine Gurte) und uns etwa eine halbe Stunde \u00fcber die Insel fuhr. Sicher h\u00e4tte es einen Bus gegeben, aber wir tauschten schlie\u00dflich den Komfort dieser schnellen L\u00f6sung gegen f\u00fcnf Euro. Doch wenn wir so weiter machen w\u00fcrden, w\u00fcrde das mit dem Heimkommen doch noch eine knappe Kiste. <\/p>\n\n\n\n<p>Zwar waren wir uns fast sicher, dass es Essen auf der F\u00e4hre geben w\u00fcrde, aber wir hatten keine Ahnung was. Mit Sicherheit g\u00e4be es dort eher fleischiges als vegetarisches Kantinenfutter. Also deckten wir uns in einem Supermarkt noch mit Keksen, Haferflocken, Schokomilch und Chips, Getr\u00e4nken und Co ein und a\u00dfen unser erstes indonesisches Mittagessen, bevor wir zum Hafen r\u00fcber liefen.<\/p>\n\n\n\n<p>Hier landeten wir in einem Get\u00fcmmel von einheimischen Wartenden, die sich bereits in Schlangen am Eingang eines eher Schmuddeligen Geb\u00e4udes versammelten oder \u00fcber den Asphalt vor dem Geb\u00e4ude auf dem Boden lagernd warteten, umgeben von fahrenden Essensh\u00e4ndlern und Eis-Kaffee-Panschern. <\/p>\n\n\n\n<p>Nach einer gef\u00fchlten Ewigkeit setzte sich die Schlange langsam in Bewegung. Sehr langsam. Wir standen sicher noch eine Stunde in der z\u00e4hflie\u00dfenden Menschenmenge, wackelten durch Ticket- und Sicherheitskontrollen, Hunde beschn\u00fcffelten Taschen, M\u00fctter hielten ihre Kinder m\u00fchsam beisammen, Menschen husteten, schwitzten, f\u00e4chelten und mittendurch schleppten Tr\u00e4ger rie\u00dfige Koffer und B\u00fcndel durch die vor uns liegenden G\u00e4nge. <\/p>\n\n\n\n<p>Schlie\u00dflich traten wir ins Freie, wo wir \u00fcber eine Rampe (das scheint hier normal zu sein) in einen Bus stiegen, dessen T\u00fcr in etwa 90cm H\u00f6he vom Boden aus kaum besteigbar w\u00e4re. Der Bus wurde derart voll, dass man w\u00e4hrend der ruppig-ruckeligen Fahrt kaum h\u00e4tte umfallen k\u00f6nnen. Gut durchgesch\u00fcttelt ergoss sich schlie\u00dflich der Wageninhalt \u00fcber das Pier, an dem mehrere gro\u00dfe Schiffe lagen, u.a. die KM.KELUD, unser Schiff. Mit dieser schwimmenden, st\u00e4hlernen Festung w\u00fcrden wir nun eine 33-st\u00fcndige Fahrt \u00fcber den \u00c4quator hinweg nach Java antreten. Noch einmal tief Auf- bzw. Durchatmen.<\/p>\n\n\n\n<h4>KM Kelud<\/h4>\n\n\n\n<p>Zwischen Tr\u00e4gern, Familien, Koffern und W\u00e4gen hindurch wurden wir schlie\u00dflich vom Schiffspersonal zu unseren Liegen durch den in zwei Ebenen mit Betten gef\u00fcllten 4. Stock im Bauch des Unget\u00fcms gef\u00fchrt, bis ganz nach vorne, wo wir unsere Betten mit den f\u00fcnfstelligen Nummern vorfanden. 4. Stock, ganz hinten. Das w\u00fcrde man immerhin wiederfinden. <\/p>\n\n\n\n<p>Wir blieben hier erstmal sitzen, w\u00e4hrend sich der Stock zusehends mit Menschen und deren Hab und Gut f\u00fcllte. Betten wurden belegt, getauscht, ger\u00e4umt f\u00fcr andere und wieder mit allerlei Taschen belegt. Es war einigerma\u00dfen k\u00fchl, etwas feucht, d\u00e4mmrig &#8211; und sehr voll.<\/p>\n\n\n\n<p>Auf unserem offenen Deck gab es mehrere Toiletten- und Waschr\u00e4ume, welche t\u00e4glich mehrfach gereinigt wurden &#8211; weil es n\u00f6tig war. Aus den Pissoirs (schreibt man das so?) floss das \u2026 \u201eWasser\u201c zum Teil einfach in eine Art Graben, vereinte sich mit dem Abwasser der Duschen und schwappte mit jeder gr\u00f6\u00dferen Neigung des Schiffes von einer Seite des Raumes auf die andere. <\/p>\n\n\n\n<p>Obgleich es eng war, unhygienisch und schw\u00fcl &#8211; irgendwie hielten wir es aus auf unseren Liegen. Vielleicht lag es jedoch auch daran, dass wir gar nicht wussten, wo wir h\u00e4tten hingehen k\u00f6nnen. Doch nach einer ganzen Weile machten wir uns doch auf und erkundeten die \u00fcber uns liegenden Decks und die Au\u00dfenbereiche. <\/p>\n\n\n\n<figure class=\"is-layout-flex wp-block-gallery-3 wp-block-gallery columns-2 is-cropped\"><ul class=\"blocks-gallery-grid\"><li class=\"blocks-gallery-item\"><figure><img decoding=\"async\" loading=\"lazy\" width=\"683\" height=\"1024\" src=\"http:\/\/lichri.radeln-in-den-sonnenaufgang.de\/wp-content\/uploads\/2020\/02\/IMG_3876_compress62-e1582187499517-683x1024.jpg\" alt=\"\" data-id=\"1591\" data-full-url=\"http:\/\/lichri.radeln-in-den-sonnenaufgang.de\/wp-content\/uploads\/2020\/02\/IMG_3876_compress62-e1582187499517.jpg\" data-link=\"http:\/\/lichri.radeln-in-den-sonnenaufgang.de\/?attachment_id=1591\" class=\"wp-image-1591\" srcset=\"http:\/\/lichri.radeln-in-den-sonnenaufgang.de\/wp-content\/uploads\/2020\/02\/IMG_3876_compress62-e1582187499517-683x1024.jpg 683w, http:\/\/lichri.radeln-in-den-sonnenaufgang.de\/wp-content\/uploads\/2020\/02\/IMG_3876_compress62-e1582187499517-200x300.jpg 200w, http:\/\/lichri.radeln-in-den-sonnenaufgang.de\/wp-content\/uploads\/2020\/02\/IMG_3876_compress62-e1582187499517-768x1152.jpg 768w, http:\/\/lichri.radeln-in-den-sonnenaufgang.de\/wp-content\/uploads\/2020\/02\/IMG_3876_compress62-e1582187499517.jpg 864w\" sizes=\"(max-width: 683px) 100vw, 683px\" \/><\/figure><\/li><li class=\"blocks-gallery-item\"><figure><img decoding=\"async\" loading=\"lazy\" width=\"1024\" height=\"683\" src=\"http:\/\/lichri.radeln-in-den-sonnenaufgang.de\/wp-content\/uploads\/2020\/02\/IMG_3880_compress50-1024x683.jpg\" alt=\"\" data-id=\"1586\" data-full-url=\"http:\/\/lichri.radeln-in-den-sonnenaufgang.de\/wp-content\/uploads\/2020\/02\/IMG_3880_compress50.jpg\" data-link=\"http:\/\/lichri.radeln-in-den-sonnenaufgang.de\/?attachment_id=1586\" class=\"wp-image-1586\" srcset=\"http:\/\/lichri.radeln-in-den-sonnenaufgang.de\/wp-content\/uploads\/2020\/02\/IMG_3880_compress50-1024x683.jpg 1024w, http:\/\/lichri.radeln-in-den-sonnenaufgang.de\/wp-content\/uploads\/2020\/02\/IMG_3880_compress50-300x200.jpg 300w, http:\/\/lichri.radeln-in-den-sonnenaufgang.de\/wp-content\/uploads\/2020\/02\/IMG_3880_compress50-768x512.jpg 768w, http:\/\/lichri.radeln-in-den-sonnenaufgang.de\/wp-content\/uploads\/2020\/02\/IMG_3880_compress50.jpg 1296w\" sizes=\"(max-width: 767px) 89vw, (max-width: 1000px) 54vw, (max-width: 1071px) 543px, 580px\" \/><\/figure><\/li><li class=\"blocks-gallery-item\"><figure><img decoding=\"async\" loading=\"lazy\" width=\"1024\" height=\"683\" src=\"http:\/\/lichri.radeln-in-den-sonnenaufgang.de\/wp-content\/uploads\/2020\/02\/IMG_3891_compress21-1024x683.jpg\" alt=\"\" data-id=\"1592\" data-full-url=\"http:\/\/lichri.radeln-in-den-sonnenaufgang.de\/wp-content\/uploads\/2020\/02\/IMG_3891_compress21.jpg\" data-link=\"http:\/\/lichri.radeln-in-den-sonnenaufgang.de\/?attachment_id=1592\" class=\"wp-image-1592\" srcset=\"http:\/\/lichri.radeln-in-den-sonnenaufgang.de\/wp-content\/uploads\/2020\/02\/IMG_3891_compress21-1024x683.jpg 1024w, http:\/\/lichri.radeln-in-den-sonnenaufgang.de\/wp-content\/uploads\/2020\/02\/IMG_3891_compress21-300x200.jpg 300w, http:\/\/lichri.radeln-in-den-sonnenaufgang.de\/wp-content\/uploads\/2020\/02\/IMG_3891_compress21-768x512.jpg 768w, http:\/\/lichri.radeln-in-den-sonnenaufgang.de\/wp-content\/uploads\/2020\/02\/IMG_3891_compress21.jpg 1296w\" sizes=\"(max-width: 767px) 89vw, (max-width: 1000px) 54vw, (max-width: 1071px) 543px, 580px\" \/><\/figure><\/li><li class=\"blocks-gallery-item\"><figure><img decoding=\"async\" loading=\"lazy\" width=\"1024\" height=\"683\" src=\"http:\/\/lichri.radeln-in-den-sonnenaufgang.de\/wp-content\/uploads\/2020\/02\/IMG_6051_compress50-1024x683.jpg\" alt=\"\" data-id=\"1587\" data-full-url=\"http:\/\/lichri.radeln-in-den-sonnenaufgang.de\/wp-content\/uploads\/2020\/02\/IMG_6051_compress50.jpg\" data-link=\"http:\/\/lichri.radeln-in-den-sonnenaufgang.de\/?attachment_id=1587\" class=\"wp-image-1587\" srcset=\"http:\/\/lichri.radeln-in-den-sonnenaufgang.de\/wp-content\/uploads\/2020\/02\/IMG_6051_compress50-1024x683.jpg 1024w, http:\/\/lichri.radeln-in-den-sonnenaufgang.de\/wp-content\/uploads\/2020\/02\/IMG_6051_compress50-300x200.jpg 300w, http:\/\/lichri.radeln-in-den-sonnenaufgang.de\/wp-content\/uploads\/2020\/02\/IMG_6051_compress50-768x512.jpg 768w, http:\/\/lichri.radeln-in-den-sonnenaufgang.de\/wp-content\/uploads\/2020\/02\/IMG_6051_compress50.jpg 1296w\" sizes=\"(max-width: 767px) 89vw, (max-width: 1000px) 54vw, (max-width: 1071px) 543px, 580px\" \/><\/figure><\/li><li class=\"blocks-gallery-item\"><figure><img decoding=\"async\" loading=\"lazy\" width=\"683\" height=\"1024\" src=\"http:\/\/lichri.radeln-in-den-sonnenaufgang.de\/wp-content\/uploads\/2020\/02\/IMG_3907_compress53-e1582187680232-683x1024.jpg\" alt=\"\" data-id=\"1593\" data-full-url=\"http:\/\/lichri.radeln-in-den-sonnenaufgang.de\/wp-content\/uploads\/2020\/02\/IMG_3907_compress53-e1582187680232.jpg\" data-link=\"http:\/\/lichri.radeln-in-den-sonnenaufgang.de\/?attachment_id=1593\" class=\"wp-image-1593\" srcset=\"http:\/\/lichri.radeln-in-den-sonnenaufgang.de\/wp-content\/uploads\/2020\/02\/IMG_3907_compress53-e1582187680232-683x1024.jpg 683w, http:\/\/lichri.radeln-in-den-sonnenaufgang.de\/wp-content\/uploads\/2020\/02\/IMG_3907_compress53-e1582187680232-200x300.jpg 200w, http:\/\/lichri.radeln-in-den-sonnenaufgang.de\/wp-content\/uploads\/2020\/02\/IMG_3907_compress53-e1582187680232-768x1152.jpg 768w, http:\/\/lichri.radeln-in-den-sonnenaufgang.de\/wp-content\/uploads\/2020\/02\/IMG_3907_compress53-e1582187680232.jpg 864w\" sizes=\"(max-width: 683px) 100vw, 683px\" \/><\/figure><\/li><\/ul><\/figure>\n\n\n\n<p>Hier drau\u00dfen tummelten sich all diejenigen, die es drinnen nicht aushielten oder einfach eine Rauchen mussten. Denn das war zum Gl\u00fcck &#8211; mit Ausnahme der Cafeteria &#8211; im Schiff untersagt. Wir holten uns mit unseren Tickets je eine Plastikschale Essen am Essensschalter der Ekonomi-Klasse und setzten uns nach drau\u00dfen, wo wir schlie\u00dflich den Reis und Chris auch das bisschen H\u00e4hnchen dabei bed\u00e4chtig verzehrten. Lust hatte er darauf nicht, wir sind ja eigentlich beide Vegetarier, aber verkommen lassen kam f\u00fcr ihn auch nicht in Frage. Schmeckte dann auch eigentlich ganz okay. Nur f\u00fcr Lisa blieb es dann bei Reis. Zum Gl\u00fcck hatten wir ja aber vorgesorgt, und so konnten wir w\u00e4hrend des farbenfrohen Sonnenuntergangs noch ein paar Snacks genie\u00dfen.<\/p>\n\n\n\n<p>W\u00e4hrend wir f\u00fcr unser Essen anstanden wurden wir von ein paar Frauen angesprochen, die uns bereits auf unserer Entdeckungstour \u00fcber das Oberdeck gr\u00fc\u00dften. Sie fragten, ob wir Christen sein, was &#8211; in dem muslimischen Land in dem wir uns nun wieder befanden &#8211; eine \u00fcberraschende Frage war und etwas aus dem Konzept brachte. Doch war es so, dass es neben der Moschee, die es an Bord gab und in der regelm\u00e4\u00dfig gebetet wurde, auch christlich-\u00f6komenische Gottesdienste auf diesem Schiff abgehalten wurden. Und zu diesem wurden wir an dieser Stelle eingeladen. Chris meinte soetwas bereits \u00fcber eine indonesische Durchsage aufgeschnappt zu haben, war sich aber nicht sicher. Nur wussten wir jedoch bescheid und so fanden wir uns wenig sp\u00e4ter im Bord-Restaurant ein, wo auf einer kleinen B\u00fchne bereits Musiker dabei waren, sich einzuspielen und die Technik einzustellen. Wir kannten weder die Lieder, noch verstanden wir etwas von der Predigt, doch war es spannend und sch\u00f6n, hiervon Teil sein zu d\u00fcrfen. Und zumindest Chris sang mit dem Liedheftchen in der Hand ungeachtet des Verst\u00e4ndnisses lauthals mit.<\/p>\n\n\n\n<figure class=\"is-layout-flex wp-block-gallery-5 wp-block-gallery columns-2 is-cropped\"><ul class=\"blocks-gallery-grid\"><li class=\"blocks-gallery-item\"><figure><img decoding=\"async\" loading=\"lazy\" width=\"683\" height=\"1024\" src=\"http:\/\/lichri.radeln-in-den-sonnenaufgang.de\/wp-content\/uploads\/2020\/02\/IMG_6076_compress96-e1582187925434-683x1024.jpg\" alt=\"\" data-id=\"1589\" data-full-url=\"http:\/\/lichri.radeln-in-den-sonnenaufgang.de\/wp-content\/uploads\/2020\/02\/IMG_6076_compress96-e1582187925434.jpg\" data-link=\"http:\/\/lichri.radeln-in-den-sonnenaufgang.de\/?attachment_id=1589\" class=\"wp-image-1589\" srcset=\"http:\/\/lichri.radeln-in-den-sonnenaufgang.de\/wp-content\/uploads\/2020\/02\/IMG_6076_compress96-e1582187925434-683x1024.jpg 683w, http:\/\/lichri.radeln-in-den-sonnenaufgang.de\/wp-content\/uploads\/2020\/02\/IMG_6076_compress96-e1582187925434-200x300.jpg 200w, http:\/\/lichri.radeln-in-den-sonnenaufgang.de\/wp-content\/uploads\/2020\/02\/IMG_6076_compress96-e1582187925434-768x1152.jpg 768w, http:\/\/lichri.radeln-in-den-sonnenaufgang.de\/wp-content\/uploads\/2020\/02\/IMG_6076_compress96-e1582187925434.jpg 864w\" sizes=\"(max-width: 683px) 100vw, 683px\" \/><\/figure><\/li><li class=\"blocks-gallery-item\"><figure><img decoding=\"async\" loading=\"lazy\" width=\"1024\" height=\"683\" src=\"http:\/\/lichri.radeln-in-den-sonnenaufgang.de\/wp-content\/uploads\/2020\/02\/IMG_6075_compress33-1024x683.jpg\" alt=\"\" data-id=\"1590\" data-full-url=\"http:\/\/lichri.radeln-in-den-sonnenaufgang.de\/wp-content\/uploads\/2020\/02\/IMG_6075_compress33.jpg\" data-link=\"http:\/\/lichri.radeln-in-den-sonnenaufgang.de\/?attachment_id=1590\" class=\"wp-image-1590\" srcset=\"http:\/\/lichri.radeln-in-den-sonnenaufgang.de\/wp-content\/uploads\/2020\/02\/IMG_6075_compress33-1024x683.jpg 1024w, http:\/\/lichri.radeln-in-den-sonnenaufgang.de\/wp-content\/uploads\/2020\/02\/IMG_6075_compress33-300x200.jpg 300w, http:\/\/lichri.radeln-in-den-sonnenaufgang.de\/wp-content\/uploads\/2020\/02\/IMG_6075_compress33-768x512.jpg 768w, http:\/\/lichri.radeln-in-den-sonnenaufgang.de\/wp-content\/uploads\/2020\/02\/IMG_6075_compress33.jpg 1296w\" sizes=\"(max-width: 767px) 89vw, (max-width: 1000px) 54vw, (max-width: 1071px) 543px, 580px\" \/><\/figure><\/li><\/ul><\/figure>\n\n\n\n<p>Vor uns lag nun eine recht unerholsame Nacht. Was Lisa nicht weiter zu st\u00f6ren schien hielt Chris lange wach, weckte ihn und lie\u00df ihn schlie\u00dflich nicht mehr einschlafen: Schnarchen, Schniefen, Schl\u00fcrfen, schleimiges Husten &#8211; noch beim Gedanken daran rollen sich Chris die Fu\u00dfn\u00e4gel auf. Ab 5:30Uhr ging dann auch wieder die Glotze an und beschallte lauthals die schlafende und d\u00f6sende Menschenmenge hier im vorderen Teil des dunklen Schiffrumpfes. <\/p>\n\n\n\n<p>W\u00e4hrend Chris durch Liegenbleiben und D\u00f6sen hoffte noch etwas an Erholung zu gewinnen, holte Lisa mithilfe des Tickets Fr\u00fchst\u00fcck f\u00fcr uns beide. Gebratene Nudeln mit Ei, dazu Schokomilch und Wasser. Nachdem wir das kurz vor Mittag schlie\u00dflich verputzt hatten, gingen wir in die kleine Cafeteria, versuchten am Blog zu arbeiten und setzten uns schlie\u00dflich wieder nach drau\u00dfen bis die Sonne unterging. <\/p>\n\n\n\n<h4>Java<\/h4>\n\n\n\n<p>Um etwa 21:00 Uhr erreichten wir &#8211; nach einer schier endlosen Fahrt durch Jakartas Hafen, den Pier an dem wir anlandeten. Wir k\u00e4mpften uns &#8211; wortw\u00f6rtlich &#8211; durch die Menschhenmengen, die v\u00f6llig sinnlosen Kontrollen und schlie\u00dflich durch die Taxi-Fahrer-Traube vor dem Hafengeb\u00e4ude, um zum naheliegenden Bahnhhof zu kommen. Ein Junge, der uns auf der Stra\u00dfe begegnete, f\u00fchrte uns hin. Doch der Bahnhof war verwaist, Schalter geschlossen. Heute w\u00fcrde kein Zug mehr fahren, sagte uns ein junger Mann, scheinbar Sicherheitsbeamter hier. Er gab uns einen Hotspot, sagte uns von welchem Bahnhof wir nach Banyuwangi (F\u00e4hre nach Bali) am n\u00e4chsten Tag abfahren k\u00f6nnten und er organisierte uns \u00fcber GRAB einen Fahrer, der uns dort hin brachte. Hier suchten wir den Ticketschalter und kauften Tickets f\u00fcr den Zug nach Surabaya. Das Anschlussticket f\u00fcr den 4:00Uhr Zug k\u00f6nnte er uns nicht verkaufen, doch vor Ort k\u00f6nnten wir das sicher bekommen, versicherte uns der Service-Mitarbeiter selbstbewusst. Was davon zu halten w\u00e4re, w\u00fcrden wir dann dort herausfinden. Nun jedoch stand uns nocheinmal eine recht entspannte Nacht bevor. Nunja, nachdem wir ein bezahlbares Hotel ausfindig gemacht hatten. Mit dem Hotspot des Sicherheitsmitarbeiters hatte Chris bereits nach den Hotels in der N\u00e4he gesehen. Doch der Online-Preis, von dem wir ausgingen, h\u00e4tten wir hier nicht bekommen. An der Rezeption des OYO Hotels direkt am Bahnhof wollte man den doppelten Betrag dessen, was der Buchungsdienst versprach. Nach etwas hin und her\u00fcberlegen und mit etwas Selbst\u00fcberwindung fragte Chris den Parkplatzw\u00e4chter nach einem Internetzugang. Mit diesem buchte er das Zimmer online und wir checkten ein. Wir leben schon in einer komischen Welt\u2026 H\u00e4tten wir bessere Erfahrungen mit Couchsurfing gemacht, w\u00fcrden wir wahrscheinlich gar nicht immer nach Zimmern suchen &#8211; besonders angesichts unseres Budgets &#8211; doch das ist leider einfach zu unzuverl\u00e4ssig. Und zu sp\u00e4t. M\u00fcde aber geduscht fielen wir ins Bett. <\/p>\n\n\n\n<p>Da wir uns zu viel Zeit beim Aufstehen und Packen lie\u00dfen verpassten wir das Fr\u00fchst\u00fcck, das hier angeboten wurde dummerweise und selbst auf dem Weg zum Zug kamen wir aus Sorge, zu sp\u00e4t zu kommen, nicht mehr dazu, etwas zu Essen zu besorgen.Doch zum Glock hatten wir noch etwas Hafer und die Schokomilch, die wir f\u00fcr das Schiff besorgt hatten. Damit kamen wir bis zum Nachmittag \u00fcber die Runden. Im Zug gab es dann noch Tofu mit Chilis.<\/p>\n\n\n\n<p>Sp\u00e4t nachts &#8211; oder eigentlich fast schon wieder fr\u00fch morgens &#8211; kamen wir in Surabaya, einer K\u00fcstenstadt an der Nordk\u00fcste Javas, an, wo wir &#8211; so die Aussage des Bahnmitarbeiters &#8211; nun das g\u00fcnstige Anschlussticket f\u00fcr den 4:00Uhr Zug kaufen sollten. Nun, aus dem &#8222;nun&#8220; wurde dann erstmal nichts, da der Ticketschalter bis 3:00 Uhr nicht besetzt sein w\u00fcrde. Und bis wir checkten, dass wir auf der falschen Seite des Bahnhofes und somit vor dem falschen Ticketschalter warteten &#8211; war es bereits halb Vier und mit den \u201eg\u00fcnstige\u201c Tickets war es jetzt auch vorbei. Am richtigen Schalter gab es die versprochenen Tickets n\u00e4mlich nicht mehr, sondern nur noch die besonders teuren f\u00fcr umgerechnet 40Euro f\u00fcr uns beide. In Deutschland w\u00fcrde man das noch Supersparpreis nennen, doch nicht hier und nicht wir, mit unserem Budget. <\/p>\n\n\n\n<p>Um 9:00 Uhr anstelle von 4:00 Uhr fuhr unser Zug schlie\u00dflich, was uns ungewollte Zeit gab, es uns auf den Bahnhofs-Sitzb\u00e4nken &#8222;bequem&#8220; zu machen. V\u00f6llig fix und fertig und immernoch etwas s\u00e4uerlich wegen des vierfach h\u00f6heren Fahrpreises stiegen wir in den Zug, doch wir wurden sofort vers\u00f6hnt mit dem Preis, als wir in die superbequemen Sitze plumpsten, die Fu\u00df- und R\u00fcckenlehnen umklappten und nun den Schlaf nachholen konnten. <\/p>\n\n\n\n<p>Wir genossen die Fahrt, die fabelhaften Aussichten \u00fcber Reisterrassenlandschaften, hindurch zwischen Bananenstauden und Kokospalmen, vorbei an h\u00fcbschen kleinen Bahn- und Bauernh\u00f6fen, K\u00fchen und B\u00fcffeln, Rikschas und Kutschen, wartenden Rollerlawinen an den Bahn\u00fcberg\u00e4ngen und schlie\u00dflich &#8211; an der K\u00fcste. Wir waren in Banyuwangi bzw. Ketapang angekommen. Nach fast zwei vollen Tagen Zugfahrt und \u00fcber 1.000 Kilometern \u00fcber die Insel Java hinweg waren wir nun an deren \u00f6stlichem Ende angekommen. <\/p>\n\n\n\n<p>Wir sattelten unsere Taschen und folgten ein paar Backpackern, die scheinbar wussten, wo sie hin mussten. So kamen wir an den F\u00e4hrhafen, wo wir nun erst mal eine Geld-Karte kaufen und aufladen sollten, um damit dann das F\u00e4hrticket zu bezahlen. Nach dieser l\u00e4cherlichen Prozedur wurden wir noch von Beamten der Tourismusbeh\u00f6rde interviewt, die scheinbar eine Umfrage machten. Doch wirklich gut Auskunft konnten wir ihnen mit unseren zwei Tagen Bahnfahrt nicht geben \u00fcber unseren Aufenthalt auf Java. <\/p>\n\n\n\n<figure class=\"is-layout-flex wp-block-gallery-7 wp-block-gallery columns-3 is-cropped\"><ul class=\"blocks-gallery-grid\"><li class=\"blocks-gallery-item\"><figure><img decoding=\"async\" loading=\"lazy\" width=\"1024\" height=\"768\" src=\"http:\/\/lichri.radeln-in-den-sonnenaufgang.de\/wp-content\/uploads\/2020\/02\/DSC_0199_compress66-1024x768.jpg\" alt=\"\" data-id=\"1596\" data-full-url=\"http:\/\/lichri.radeln-in-den-sonnenaufgang.de\/wp-content\/uploads\/2020\/02\/DSC_0199_compress66.jpg\" data-link=\"http:\/\/lichri.radeln-in-den-sonnenaufgang.de\/?attachment_id=1596\" class=\"wp-image-1596\" srcset=\"http:\/\/lichri.radeln-in-den-sonnenaufgang.de\/wp-content\/uploads\/2020\/02\/DSC_0199_compress66-1024x768.jpg 1024w, http:\/\/lichri.radeln-in-den-sonnenaufgang.de\/wp-content\/uploads\/2020\/02\/DSC_0199_compress66-300x225.jpg 300w, http:\/\/lichri.radeln-in-den-sonnenaufgang.de\/wp-content\/uploads\/2020\/02\/DSC_0199_compress66-768x576.jpg 768w, http:\/\/lichri.radeln-in-den-sonnenaufgang.de\/wp-content\/uploads\/2020\/02\/DSC_0199_compress66.jpg 1312w\" sizes=\"(max-width: 767px) 89vw, (max-width: 1000px) 54vw, (max-width: 1071px) 543px, 580px\" \/><\/figure><\/li><li class=\"blocks-gallery-item\"><figure><img decoding=\"async\" loading=\"lazy\" width=\"768\" height=\"1024\" src=\"http:\/\/lichri.radeln-in-den-sonnenaufgang.de\/wp-content\/uploads\/2020\/02\/DSC_0200_compress72-768x1024.jpg\" alt=\"\" data-id=\"1595\" data-full-url=\"http:\/\/lichri.radeln-in-den-sonnenaufgang.de\/wp-content\/uploads\/2020\/02\/DSC_0200_compress72-rotated.jpg\" data-link=\"http:\/\/lichri.radeln-in-den-sonnenaufgang.de\/?attachment_id=1595\" class=\"wp-image-1595\" srcset=\"http:\/\/lichri.radeln-in-den-sonnenaufgang.de\/wp-content\/uploads\/2020\/02\/DSC_0200_compress72-768x1024.jpg 768w, http:\/\/lichri.radeln-in-den-sonnenaufgang.de\/wp-content\/uploads\/2020\/02\/DSC_0200_compress72-225x300.jpg 225w, http:\/\/lichri.radeln-in-den-sonnenaufgang.de\/wp-content\/uploads\/2020\/02\/DSC_0200_compress72-rotated.jpg 984w\" sizes=\"(max-width: 767px) 89vw, (max-width: 1000px) 54vw, (max-width: 1071px) 543px, 580px\" \/><\/figure><\/li><li class=\"blocks-gallery-item\"><figure><img decoding=\"async\" loading=\"lazy\" width=\"683\" height=\"1024\" src=\"http:\/\/lichri.radeln-in-den-sonnenaufgang.de\/wp-content\/uploads\/2020\/02\/IMG_3915_compress13-e1582187947912-683x1024.jpg\" alt=\"\" data-id=\"1594\" data-full-url=\"http:\/\/lichri.radeln-in-den-sonnenaufgang.de\/wp-content\/uploads\/2020\/02\/IMG_3915_compress13-e1582187947912.jpg\" data-link=\"http:\/\/lichri.radeln-in-den-sonnenaufgang.de\/?attachment_id=1594\" class=\"wp-image-1594\" srcset=\"http:\/\/lichri.radeln-in-den-sonnenaufgang.de\/wp-content\/uploads\/2020\/02\/IMG_3915_compress13-e1582187947912-683x1024.jpg 683w, http:\/\/lichri.radeln-in-den-sonnenaufgang.de\/wp-content\/uploads\/2020\/02\/IMG_3915_compress13-e1582187947912-200x300.jpg 200w, http:\/\/lichri.radeln-in-den-sonnenaufgang.de\/wp-content\/uploads\/2020\/02\/IMG_3915_compress13-e1582187947912-768x1152.jpg 768w, http:\/\/lichri.radeln-in-den-sonnenaufgang.de\/wp-content\/uploads\/2020\/02\/IMG_3915_compress13-e1582187947912.jpg 864w\" sizes=\"(max-width: 683px) 100vw, 683px\" \/><\/figure><\/li><\/ul><\/figure>\n\n\n\n<figure class=\"wp-block-image\"><img decoding=\"async\" loading=\"lazy\" width=\"1024\" height=\"683\" src=\"http:\/\/lichri.radeln-in-den-sonnenaufgang.de\/wp-content\/uploads\/2020\/02\/IMG_3916_compress24-1024x683.jpg\" alt=\"\" class=\"wp-image-1606\" srcset=\"http:\/\/lichri.radeln-in-den-sonnenaufgang.de\/wp-content\/uploads\/2020\/02\/IMG_3916_compress24-1024x683.jpg 1024w, http:\/\/lichri.radeln-in-den-sonnenaufgang.de\/wp-content\/uploads\/2020\/02\/IMG_3916_compress24-300x200.jpg 300w, http:\/\/lichri.radeln-in-den-sonnenaufgang.de\/wp-content\/uploads\/2020\/02\/IMG_3916_compress24-768x512.jpg 768w, http:\/\/lichri.radeln-in-den-sonnenaufgang.de\/wp-content\/uploads\/2020\/02\/IMG_3916_compress24.jpg 1296w\" sizes=\"(max-width: 767px) 89vw, (max-width: 1000px) 54vw, (max-width: 1071px) 543px, 580px\" \/><\/figure>\n\n\n\n<h4>Bali<\/h4>\n\n\n\n<p>Mit der Autof\u00e4hre ging es dann, \u00fcber die schmale Meerenge zwischen den Inseln, innerhalb einer Stunde r\u00fcber nach Bali. Es war bereits recht sp\u00e4t und als wir am Busbahnhof nahe des F\u00e4hrhafens ankamen, hatten wir noch keine Ahnung wo wir denn auf Bali \u00fcberhaupt hin wollten. Chris hatte f\u00fcr sich bereits entschieden, dass er \u00fcber den wenig touristischen Norden der Insel an dessen Ostk\u00fcste nach Amed fahren wollte. Dort sei es g\u00fcnstig, toll zum Schnorcheln und es gebe ein Bootsverbindung nach Lombok. <\/p>\n\n\n\n<p>Doch durch die kurze Diskussion verpassten wir den letzten Bus dorthin. Also gingen wir Essen, kauften eine SIM-Card und suchten uns eine Bleibe f\u00fcr die Nacht. Lisas Bali-erfahrene Tante Manu coachte uns dann per WhatsApp noch \u00fcber die Insel und so entschieden wir uns am n\u00e4chsten Morgen einen Kleinbus nach Amed zu suchen.<\/p>\n\n\n\n<p>Nach einer einigerma\u00dfen guten Nacht in der schmuddeligen Absteige, die wir fanden, die aber auch nur 5,30Euro kostet, ging es mit einem Kleinbus in den Norden der Insel. Dort angekommen versicherten uns die Fahrer der dort wartenden Busse, die Verbindungen nach Amed gingen von einem anderen Busbahnhof im Osten des Ortes ab, was uns dazu veranlasste, uns f\u00fcr zu viel Geld einmal durch den Ort auf die andere Seite (6km) fahren zu lassen. Doch mit den Preisrelationen, die uns die Busfahrer im Westen sagten, hatte das hier im Osten nichts zu tun. Die Fahrer hier sind nicht organisiert, zumindest nicht nach deutschem Verst\u00e4ndnis. Hier z\u00e4hlt was Geld bringt. Und da Touristen Geld haben, z\u00e4hlt, was es ihnen aus den Taschen leiert. Dementsprechende Unsummen wollten nun die Fahrer der Kleinbusse  hier von uns haben, um mit ihnen in den Osten der Insel zu fahren. Schlie\u00dflich gingen beide Parteien &#8211; wir und die Fahrer &#8211; kopfsch\u00fcttelnd \u00fcbereinander auseinander. Wir versuchten zu trampen, a\u00dfen zu Mittag, liefen ein St\u00fcck weiter und versuchten es erneut. Wir hatten sogar ein sch\u00f6nes Pappschild gebastelt, als einer der Fahrer, die uns vorher nicht f\u00fcr den von uns genannten maximalen Preis fahren wollten, vorbeikam und meinte, es sei zu hei\u00df in der Sonne und er w\u00fcrde uns f\u00fcr den Preis mitnehmen. Also schlugen wir ein. Sein B\u00fcsschen war inzwischen auch voll geworden. Sicher zahlte keiner der anderen einen \u00e4hnlichen Preis. <\/p>\n\n\n\n<figure class=\"is-layout-flex wp-block-gallery-9 wp-block-gallery columns-3 is-cropped\"><ul class=\"blocks-gallery-grid\"><li class=\"blocks-gallery-item\"><figure><img decoding=\"async\" loading=\"lazy\" width=\"683\" height=\"1024\" src=\"http:\/\/lichri.radeln-in-den-sonnenaufgang.de\/wp-content\/uploads\/2020\/02\/IMG_3920_compress59-e1582187991535-683x1024.jpg\" alt=\"\" data-id=\"1597\" data-full-url=\"http:\/\/lichri.radeln-in-den-sonnenaufgang.de\/wp-content\/uploads\/2020\/02\/IMG_3920_compress59-e1582187991535.jpg\" data-link=\"http:\/\/lichri.radeln-in-den-sonnenaufgang.de\/?attachment_id=1597\" class=\"wp-image-1597\" srcset=\"http:\/\/lichri.radeln-in-den-sonnenaufgang.de\/wp-content\/uploads\/2020\/02\/IMG_3920_compress59-e1582187991535-683x1024.jpg 683w, http:\/\/lichri.radeln-in-den-sonnenaufgang.de\/wp-content\/uploads\/2020\/02\/IMG_3920_compress59-e1582187991535-200x300.jpg 200w, http:\/\/lichri.radeln-in-den-sonnenaufgang.de\/wp-content\/uploads\/2020\/02\/IMG_3920_compress59-e1582187991535-768x1152.jpg 768w, http:\/\/lichri.radeln-in-den-sonnenaufgang.de\/wp-content\/uploads\/2020\/02\/IMG_3920_compress59-e1582187991535.jpg 864w\" sizes=\"(max-width: 683px) 100vw, 683px\" \/><\/figure><\/li><li class=\"blocks-gallery-item\"><figure><img decoding=\"async\" loading=\"lazy\" width=\"1024\" height=\"768\" src=\"http:\/\/lichri.radeln-in-den-sonnenaufgang.de\/wp-content\/uploads\/2020\/02\/DSC_0227_compress20-1024x768.jpg\" alt=\"\" data-id=\"1598\" data-full-url=\"http:\/\/lichri.radeln-in-den-sonnenaufgang.de\/wp-content\/uploads\/2020\/02\/DSC_0227_compress20.jpg\" data-link=\"http:\/\/lichri.radeln-in-den-sonnenaufgang.de\/?attachment_id=1598\" class=\"wp-image-1598\" srcset=\"http:\/\/lichri.radeln-in-den-sonnenaufgang.de\/wp-content\/uploads\/2020\/02\/DSC_0227_compress20-1024x768.jpg 1024w, http:\/\/lichri.radeln-in-den-sonnenaufgang.de\/wp-content\/uploads\/2020\/02\/DSC_0227_compress20-300x225.jpg 300w, http:\/\/lichri.radeln-in-den-sonnenaufgang.de\/wp-content\/uploads\/2020\/02\/DSC_0227_compress20-768x576.jpg 768w, http:\/\/lichri.radeln-in-den-sonnenaufgang.de\/wp-content\/uploads\/2020\/02\/DSC_0227_compress20.jpg 1312w\" sizes=\"(max-width: 767px) 89vw, (max-width: 1000px) 54vw, (max-width: 1071px) 543px, 580px\" \/><\/figure><\/li><li class=\"blocks-gallery-item\"><figure><img decoding=\"async\" loading=\"lazy\" width=\"1024\" height=\"683\" src=\"http:\/\/lichri.radeln-in-den-sonnenaufgang.de\/wp-content\/uploads\/2020\/02\/IMG_3998_compress97-1024x683.jpg\" alt=\"\" data-id=\"1599\" data-full-url=\"http:\/\/lichri.radeln-in-den-sonnenaufgang.de\/wp-content\/uploads\/2020\/02\/IMG_3998_compress97.jpg\" data-link=\"http:\/\/lichri.radeln-in-den-sonnenaufgang.de\/?attachment_id=1599\" class=\"wp-image-1599\" srcset=\"http:\/\/lichri.radeln-in-den-sonnenaufgang.de\/wp-content\/uploads\/2020\/02\/IMG_3998_compress97-1024x683.jpg 1024w, http:\/\/lichri.radeln-in-den-sonnenaufgang.de\/wp-content\/uploads\/2020\/02\/IMG_3998_compress97-300x200.jpg 300w, http:\/\/lichri.radeln-in-den-sonnenaufgang.de\/wp-content\/uploads\/2020\/02\/IMG_3998_compress97-768x512.jpg 768w, http:\/\/lichri.radeln-in-den-sonnenaufgang.de\/wp-content\/uploads\/2020\/02\/IMG_3998_compress97.jpg 1296w\" sizes=\"(max-width: 767px) 89vw, (max-width: 1000px) 54vw, (max-width: 1071px) 543px, 580px\" \/><\/figure><\/li><li class=\"blocks-gallery-item\"><figure><img decoding=\"async\" loading=\"lazy\" width=\"1024\" height=\"683\" src=\"http:\/\/lichri.radeln-in-den-sonnenaufgang.de\/wp-content\/uploads\/2020\/02\/IMG_3994_compress99-1024x683.jpg\" alt=\"\" data-id=\"1600\" data-full-url=\"http:\/\/lichri.radeln-in-den-sonnenaufgang.de\/wp-content\/uploads\/2020\/02\/IMG_3994_compress99.jpg\" data-link=\"http:\/\/lichri.radeln-in-den-sonnenaufgang.de\/?attachment_id=1600\" class=\"wp-image-1600\" srcset=\"http:\/\/lichri.radeln-in-den-sonnenaufgang.de\/wp-content\/uploads\/2020\/02\/IMG_3994_compress99-1024x683.jpg 1024w, http:\/\/lichri.radeln-in-den-sonnenaufgang.de\/wp-content\/uploads\/2020\/02\/IMG_3994_compress99-300x200.jpg 300w, http:\/\/lichri.radeln-in-den-sonnenaufgang.de\/wp-content\/uploads\/2020\/02\/IMG_3994_compress99-768x512.jpg 768w, http:\/\/lichri.radeln-in-den-sonnenaufgang.de\/wp-content\/uploads\/2020\/02\/IMG_3994_compress99.jpg 1296w\" sizes=\"(max-width: 767px) 89vw, (max-width: 1000px) 54vw, (max-width: 1071px) 543px, 580px\" \/><\/figure><\/li><li class=\"blocks-gallery-item\"><figure><img decoding=\"async\" loading=\"lazy\" width=\"1024\" height=\"683\" src=\"http:\/\/lichri.radeln-in-den-sonnenaufgang.de\/wp-content\/uploads\/2020\/02\/IMG_4002_compress39-1024x683.jpg\" alt=\"\" data-id=\"1601\" data-full-url=\"http:\/\/lichri.radeln-in-den-sonnenaufgang.de\/wp-content\/uploads\/2020\/02\/IMG_4002_compress39.jpg\" data-link=\"http:\/\/lichri.radeln-in-den-sonnenaufgang.de\/?attachment_id=1601\" class=\"wp-image-1601\" srcset=\"http:\/\/lichri.radeln-in-den-sonnenaufgang.de\/wp-content\/uploads\/2020\/02\/IMG_4002_compress39-1024x683.jpg 1024w, http:\/\/lichri.radeln-in-den-sonnenaufgang.de\/wp-content\/uploads\/2020\/02\/IMG_4002_compress39-300x200.jpg 300w, http:\/\/lichri.radeln-in-den-sonnenaufgang.de\/wp-content\/uploads\/2020\/02\/IMG_4002_compress39-768x512.jpg 768w, http:\/\/lichri.radeln-in-den-sonnenaufgang.de\/wp-content\/uploads\/2020\/02\/IMG_4002_compress39.jpg 1296w\" sizes=\"(max-width: 767px) 89vw, (max-width: 1000px) 54vw, (max-width: 1071px) 543px, 580px\" \/><\/figure><\/li><li class=\"blocks-gallery-item\"><figure><img decoding=\"async\" loading=\"lazy\" width=\"1024\" height=\"683\" src=\"http:\/\/lichri.radeln-in-den-sonnenaufgang.de\/wp-content\/uploads\/2020\/02\/IMG_3956_compress93-1024x683.jpg\" alt=\"\" data-id=\"1602\" data-full-url=\"http:\/\/lichri.radeln-in-den-sonnenaufgang.de\/wp-content\/uploads\/2020\/02\/IMG_3956_compress93.jpg\" data-link=\"http:\/\/lichri.radeln-in-den-sonnenaufgang.de\/?attachment_id=1602\" class=\"wp-image-1602\" srcset=\"http:\/\/lichri.radeln-in-den-sonnenaufgang.de\/wp-content\/uploads\/2020\/02\/IMG_3956_compress93-1024x683.jpg 1024w, http:\/\/lichri.radeln-in-den-sonnenaufgang.de\/wp-content\/uploads\/2020\/02\/IMG_3956_compress93-300x200.jpg 300w, http:\/\/lichri.radeln-in-den-sonnenaufgang.de\/wp-content\/uploads\/2020\/02\/IMG_3956_compress93-768x512.jpg 768w, http:\/\/lichri.radeln-in-den-sonnenaufgang.de\/wp-content\/uploads\/2020\/02\/IMG_3956_compress93.jpg 1296w\" sizes=\"(max-width: 767px) 89vw, (max-width: 1000px) 54vw, (max-width: 1071px) 543px, 580px\" \/><\/figure><\/li><\/ul><\/figure>\n\n\n\n<p>Doch schlie\u00dflich schafften wir es mit ihm zu unserem Ziel und wir hatten sogar noch Zeit in Amed einen Roller zu mieten, ein sch\u00f6nes, sehr g\u00fcnstiges Zimmer zu beziehen und zum Sonnenuntergang an eine Klippe zu fahren, wo wir dann unseren ersten richtigen Tag auf Bali sch\u00f6n ausklingen lassen durften.<\/p>\n\n\n\n<figure class=\"wp-block-image\"><img decoding=\"async\" loading=\"lazy\" width=\"1024\" height=\"683\" src=\"http:\/\/lichri.radeln-in-den-sonnenaufgang.de\/wp-content\/uploads\/2020\/02\/IMG_3943_compress82-1024x683.jpg\" alt=\"\" class=\"wp-image-1605\" srcset=\"http:\/\/lichri.radeln-in-den-sonnenaufgang.de\/wp-content\/uploads\/2020\/02\/IMG_3943_compress82-1024x683.jpg 1024w, http:\/\/lichri.radeln-in-den-sonnenaufgang.de\/wp-content\/uploads\/2020\/02\/IMG_3943_compress82-300x200.jpg 300w, http:\/\/lichri.radeln-in-den-sonnenaufgang.de\/wp-content\/uploads\/2020\/02\/IMG_3943_compress82-768x512.jpg 768w, http:\/\/lichri.radeln-in-den-sonnenaufgang.de\/wp-content\/uploads\/2020\/02\/IMG_3943_compress82.jpg 1296w\" sizes=\"(max-width: 767px) 89vw, (max-width: 1000px) 54vw, (max-width: 1071px) 543px, 580px\" \/><\/figure>\n\n\n\n<figure class=\"wp-block-image size-large\"><img decoding=\"async\" loading=\"lazy\" width=\"1024\" height=\"683\" src=\"http:\/\/lichri.radeln-in-den-sonnenaufgang.de\/wp-content\/uploads\/2020\/02\/IMG_3951_compress93-1024x683.jpg\" alt=\"\" class=\"wp-image-1603\" srcset=\"http:\/\/lichri.radeln-in-den-sonnenaufgang.de\/wp-content\/uploads\/2020\/02\/IMG_3951_compress93-1024x683.jpg 1024w, http:\/\/lichri.radeln-in-den-sonnenaufgang.de\/wp-content\/uploads\/2020\/02\/IMG_3951_compress93-300x200.jpg 300w, http:\/\/lichri.radeln-in-den-sonnenaufgang.de\/wp-content\/uploads\/2020\/02\/IMG_3951_compress93-768x512.jpg 768w, http:\/\/lichri.radeln-in-den-sonnenaufgang.de\/wp-content\/uploads\/2020\/02\/IMG_3951_compress93.jpg 1296w\" sizes=\"(max-width: 767px) 89vw, (max-width: 1000px) 54vw, (max-width: 1071px) 543px, 580px\" \/><\/figure>\n\n\n\n<figure class=\"wp-block-image\"><img decoding=\"async\" loading=\"lazy\" width=\"1024\" height=\"683\" src=\"http:\/\/lichri.radeln-in-den-sonnenaufgang.de\/wp-content\/uploads\/2020\/02\/IMG_3987_compress24-1024x683.jpg\" alt=\"\" class=\"wp-image-1604\" srcset=\"http:\/\/lichri.radeln-in-den-sonnenaufgang.de\/wp-content\/uploads\/2020\/02\/IMG_3987_compress24-1024x683.jpg 1024w, http:\/\/lichri.radeln-in-den-sonnenaufgang.de\/wp-content\/uploads\/2020\/02\/IMG_3987_compress24-300x200.jpg 300w, http:\/\/lichri.radeln-in-den-sonnenaufgang.de\/wp-content\/uploads\/2020\/02\/IMG_3987_compress24-768x512.jpg 768w, http:\/\/lichri.radeln-in-den-sonnenaufgang.de\/wp-content\/uploads\/2020\/02\/IMG_3987_compress24.jpg 1296w\" sizes=\"(max-width: 767px) 89vw, (max-width: 1000px) 54vw, (max-width: 1071px) 543px, 580px\" \/><figcaption>Abendessen (Gado Gado) vor dem majest\u00e4tischen Vulkan Agung <\/figcaption><\/figure>\n\n\n\n<p>Am folgenden Tag schliefen wir etwas l\u00e4nger, fr\u00fchst\u00fcckten und machten uns auf, um Schnorcheln zu gehen. \ud83d\ude42 Keine Zeit zu verlieren! Und nach f\u00fcnf Tagen unterwegs wollten wir damit feiern endlich angekommen zu sein \ud83d\ude42<\/p>\n\n\n\n<p>Wir fuhren zu einem japansichen Bootswrack, das wir mit Flossen und Schnorchelzeug erkundeten &#8211; auch wenn Chris mit seinem Bart etwas Probleme hatte, die Taucherbrille dicht zu bekommen und Lisas aufgrund ihrer Sehschw\u00e4che und mangelnder Kontaktlinsen kaum etwas erkannte. Das w\u00fcrde f\u00fcr weiteres Schnorcheln zu beheben sein. Doch Kontaktlinsen bekamen wir hier nicht \u2013 daf\u00fcr den Bali-Belly. Zumindest Chris zerbr\u00f6selte es f\u00fcr den Rest des Tages. Schnorcheln war dann nicht mehr, eher Schnarchen am Strand. <\/p>\n\n\n\n<h4>Lombok \u2013 sch\u00f6nes Wiedersehen und unsch\u00f6nes Willkommen<\/h4>\n\n\n\n<figure class=\"is-layout-flex wp-block-gallery-11 wp-block-gallery columns-1 is-cropped\"><ul class=\"blocks-gallery-grid\"><li class=\"blocks-gallery-item\"><figure><img decoding=\"async\" loading=\"lazy\" width=\"683\" height=\"1024\" src=\"http:\/\/lichri.radeln-in-den-sonnenaufgang.de\/wp-content\/uploads\/2020\/02\/IMG_4023_compress93-e1582188014109-683x1024.jpg\" alt=\"\" data-id=\"1609\" data-full-url=\"http:\/\/lichri.radeln-in-den-sonnenaufgang.de\/wp-content\/uploads\/2020\/02\/IMG_4023_compress93-e1582188014109.jpg\" data-link=\"http:\/\/lichri.radeln-in-den-sonnenaufgang.de\/?attachment_id=1609\" class=\"wp-image-1609\" srcset=\"http:\/\/lichri.radeln-in-den-sonnenaufgang.de\/wp-content\/uploads\/2020\/02\/IMG_4023_compress93-e1582188014109-683x1024.jpg 683w, http:\/\/lichri.radeln-in-den-sonnenaufgang.de\/wp-content\/uploads\/2020\/02\/IMG_4023_compress93-e1582188014109-200x300.jpg 200w, http:\/\/lichri.radeln-in-den-sonnenaufgang.de\/wp-content\/uploads\/2020\/02\/IMG_4023_compress93-e1582188014109-768x1152.jpg 768w, http:\/\/lichri.radeln-in-den-sonnenaufgang.de\/wp-content\/uploads\/2020\/02\/IMG_4023_compress93-e1582188014109.jpg 864w\" sizes=\"(max-width: 683px) 100vw, 683px\" \/><\/figure><\/li><li class=\"blocks-gallery-item\"><figure><img decoding=\"async\" loading=\"lazy\" width=\"1024\" height=\"683\" src=\"http:\/\/lichri.radeln-in-den-sonnenaufgang.de\/wp-content\/uploads\/2020\/02\/IMG_4014_compress75-1024x683.jpg\" alt=\"\" data-id=\"1608\" data-full-url=\"http:\/\/lichri.radeln-in-den-sonnenaufgang.de\/wp-content\/uploads\/2020\/02\/IMG_4014_compress75.jpg\" data-link=\"http:\/\/lichri.radeln-in-den-sonnenaufgang.de\/?attachment_id=1608\" class=\"wp-image-1608\" srcset=\"http:\/\/lichri.radeln-in-den-sonnenaufgang.de\/wp-content\/uploads\/2020\/02\/IMG_4014_compress75-1024x683.jpg 1024w, http:\/\/lichri.radeln-in-den-sonnenaufgang.de\/wp-content\/uploads\/2020\/02\/IMG_4014_compress75-300x200.jpg 300w, http:\/\/lichri.radeln-in-den-sonnenaufgang.de\/wp-content\/uploads\/2020\/02\/IMG_4014_compress75-768x512.jpg 768w, http:\/\/lichri.radeln-in-den-sonnenaufgang.de\/wp-content\/uploads\/2020\/02\/IMG_4014_compress75.jpg 1296w\" sizes=\"(max-width: 767px) 89vw, (max-width: 1000px) 54vw, (max-width: 1071px) 543px, 580px\" \/><\/figure><\/li><li class=\"blocks-gallery-item\"><figure><img decoding=\"async\" loading=\"lazy\" width=\"1024\" height=\"683\" src=\"http:\/\/lichri.radeln-in-den-sonnenaufgang.de\/wp-content\/uploads\/2020\/02\/IMG_4011_compress42-1024x683.jpg\" alt=\"\" data-id=\"1607\" data-full-url=\"http:\/\/lichri.radeln-in-den-sonnenaufgang.de\/wp-content\/uploads\/2020\/02\/IMG_4011_compress42.jpg\" data-link=\"http:\/\/lichri.radeln-in-den-sonnenaufgang.de\/?attachment_id=1607\" class=\"wp-image-1607\" srcset=\"http:\/\/lichri.radeln-in-den-sonnenaufgang.de\/wp-content\/uploads\/2020\/02\/IMG_4011_compress42-1024x683.jpg 1024w, http:\/\/lichri.radeln-in-den-sonnenaufgang.de\/wp-content\/uploads\/2020\/02\/IMG_4011_compress42-300x200.jpg 300w, http:\/\/lichri.radeln-in-den-sonnenaufgang.de\/wp-content\/uploads\/2020\/02\/IMG_4011_compress42-768x512.jpg 768w, http:\/\/lichri.radeln-in-den-sonnenaufgang.de\/wp-content\/uploads\/2020\/02\/IMG_4011_compress42.jpg 1296w\" sizes=\"(max-width: 767px) 89vw, (max-width: 1000px) 54vw, (max-width: 1071px) 543px, 580px\" \/><\/figure><\/li><\/ul><\/figure>\n\n\n\n<p>Am kommenden Tag legte dann unser Boot von Amed nach Lombok ab, wo wir hofften am sp\u00e4ten Vormittag unseren guten Freund Fabian aus Eberswalde sowie seine Verlobte Melly zu treffen, welche die Tage zuvor auf den kleinen vorgelagerten Inseln (den Gilis) verbracht hatten. <\/p>\n\n\n\n<p>Als wir nach einer Stunde erst die Inselgruppe und dann schlie\u00dflich Lombok anfuhren und wir ausstiegen, wurden wir schnell wieder von Fahrern bzw. Fahrtvermittlern belagert. Die meisten konnten wir absch\u00fctteln und so warteten wir an dem Spot, wo die public ferries, die \u00f6ffentlichen Boote von Gili Air landeten. Hier sprach uns ein \u00e4lterer Mann in gelbem Hemd an, er w\u00fcrde uns einen besonderen Preis machen &#8211; und der war tats\u00e4chlich weit niedriger als die Preise, die die anderen haben wollten, um uns zu unserem vorgebuchten Hotel zu bringen. Doch hatten wir den Bonus des Local-Wissens: \u00dcber Fabians Schwester Nina, die hier lebte, arbeitete und eben auch hier in wenigen Tagen heiraten w\u00fcrde (was der Anlass der weiten Reise gab), wussten wir, dass wir maximal 100.000 Rupien f\u00fcr die Strecke zahlen d\u00fcrften.<\/p>\n\n\n\n<p>Obwohl wir den Mann mehrfach abwiesen, blieb er jedoch best\u00e4ndig bei uns und fragte uns aus. Als Fabian und Melly schlie\u00dflich eintrafen, wir sie begr\u00fc\u00dft und uns etwas unterhalten hatten, kam der Fahrt-Vermittler wieder an und wollte uns zu seinem Fahrer bringen. Als Chris dabei blieb, das wir maximal 100.000 Rupien zahlen wurden, wurde er bereits sauer. Wir seien ja nun zu viert, das w\u00fcrde dann auch mehr kosten. Als wir zum Taxistand gehen wollten verfolgte er uns und schlug immer niedrigere Preise vor. Dabei fluchte er jedoch, wurde immer aggressiver und scheinbar verzweifelt. Wir wollten allesamt nur noch Weg von ihm, da er uns inzwischen anschrie. Als er Chris erst am Arm packte, dieser ihm sagte, er solle sich beruhigen, er wieder handgreiflich wurde und Chris am Kragen packte und zum Schlag ausholte und trotzte, ich solle doch die Polizei holen, schritt Melly ein und gab dem aufgebrachten W\u00fcstling 10.000 Rupien, damit er verschwand. V\u00f6llig geschockt und dankbar f\u00fcr Mellys Rettungsaktion suchten wir ein Taxi. Doch der Tumult mit dem Fahrt-Vermittler ging uns noch lange nach. Besonders da er im Weggehen noch drohte: &#8222;I know where you stay&#8220;. Melly &#8211; wenig hilfreich in diesem Moment &#8211; meinte noch geh\u00f6rt zu haben, wie er &#8222;I will kill you&#8220; sagte. <\/p>\n\n\n\n<p>Mit diesem wenig freundlichen Willkommen starteten wir vier also auf Lombok. Es dauerte noch den ganzen restlichen Tag, diesen Schreck zu verarbeiten und Chris begleitete die Sorge, er k\u00f6nnte das ernst gemeint haben noch bis in den Schlaf. <\/p>\n\n\n\n<h4>Chillen am anderen Ende der Welt \u2013 am Wendepunkt unserer Reise<\/h4>\n\n\n\n<figure class=\"wp-block-image size-large\"><img decoding=\"async\" loading=\"lazy\" width=\"1024\" height=\"683\" src=\"http:\/\/lichri.radeln-in-den-sonnenaufgang.de\/wp-content\/uploads\/2020\/02\/IMG_4114_compress40-1024x683.jpg\" alt=\"\" class=\"wp-image-1610\" srcset=\"http:\/\/lichri.radeln-in-den-sonnenaufgang.de\/wp-content\/uploads\/2020\/02\/IMG_4114_compress40-1024x683.jpg 1024w, http:\/\/lichri.radeln-in-den-sonnenaufgang.de\/wp-content\/uploads\/2020\/02\/IMG_4114_compress40-300x200.jpg 300w, http:\/\/lichri.radeln-in-den-sonnenaufgang.de\/wp-content\/uploads\/2020\/02\/IMG_4114_compress40-768x512.jpg 768w, http:\/\/lichri.radeln-in-den-sonnenaufgang.de\/wp-content\/uploads\/2020\/02\/IMG_4114_compress40.jpg 1296w\" sizes=\"(max-width: 767px) 89vw, (max-width: 1000px) 54vw, (max-width: 1071px) 543px, 580px\" \/><\/figure>\n\n\n\n<p>Wir bezogen unser Zimmer im Cici Bungalows, ein kleines Bambus-Bungalow mit Badezimmer im Freien. Und gleich beim Reinkommen bemerkten wir, dass wir nicht alleine waren: wir hatten einen Mitbewohner. Eine gro\u00dfe Echse, circa 30 cm lang hing an der mit Bambus verkleideten Decke der H\u00fctte. Und unter ihm auf unserem Bett fanden wir seine Hinterlassenschaften. So begr\u00fc\u00dft wussten wir immerhin, worauf wir zu achten hatten. Schlie\u00dflich hielt Lisa Chris davon ab, das Tier zu verscheuchen: &#8222;Entweder du f\u00e4ngst ihn oder du gibst ihm einen Namen und findest dich damit ab.&#8220; Er hie\u00df schlie\u00dflich Draco und wir w\u00fcrden noch h\u00e4ufiger seine Hinterlassenschaften beseitigen. <\/p>\n\n\n\n<figure class=\"wp-block-image size-large\"><img decoding=\"async\" loading=\"lazy\" width=\"1024\" height=\"683\" src=\"http:\/\/lichri.radeln-in-den-sonnenaufgang.de\/wp-content\/uploads\/2020\/02\/IMG_4117_compress20-1024x683.jpg\" alt=\"\" class=\"wp-image-1611\" srcset=\"http:\/\/lichri.radeln-in-den-sonnenaufgang.de\/wp-content\/uploads\/2020\/02\/IMG_4117_compress20-1024x683.jpg 1024w, http:\/\/lichri.radeln-in-den-sonnenaufgang.de\/wp-content\/uploads\/2020\/02\/IMG_4117_compress20-300x200.jpg 300w, http:\/\/lichri.radeln-in-den-sonnenaufgang.de\/wp-content\/uploads\/2020\/02\/IMG_4117_compress20-768x512.jpg 768w, http:\/\/lichri.radeln-in-den-sonnenaufgang.de\/wp-content\/uploads\/2020\/02\/IMG_4117_compress20.jpg 1296w\" sizes=\"(max-width: 767px) 89vw, (max-width: 1000px) 54vw, (max-width: 1071px) 543px, 580px\" \/><\/figure>\n\n\n\n<p>Das Hotel war sonst ein echter Gl\u00fccksgriff. F\u00fcr 7 Euro in der Nacht hatten wir hier einen Bungalow und einen tollen Pool.  Da wir in den folgenden Tagen beide mit Magenproblemen und dem Zeitmanagement der Familie Quirmbach zu tun hatten, verbrachten wir relativ viel Zeit dort und Chris machte gr\u00f6\u00dften Nutzen aus dem Pool.<br> Schade nur, dass wir durch all das kaum dazu kamen, die Insel wirklich zu erkunden und die Str\u00e4nde in der Umgebung zu genie\u00dfen. Die damit verbundene Unzufriedenheit von Chris und Lisas Leiden mit dem pl\u00f6tzlich geschwollenen, roten Zeckenbiss von vor zwei Wochen, welcher uns zus\u00e4tzlich zu den nicht enden wollenden \u2026 \u201eVerdauungsproblemen\u201c Sorge bereitete, belasteten unsere Beziehung: Wir jammerten, zickten und schmollten, verschwendeten Tage mit Fahrten zu Kliniken wo man keine Ahnung von Zecken und Bissfolgen hatte und verloren zu allem \u00dcberfluss noch beinahe s\u00e4mtliche Handy-Fotos und -Videos die Chris seit Thailand aufgenommen hatte wegen zwei billigen und scheinbar korrumpierten Speichersticks, die Chris gerne Fabian mit nach Hause geben wollte \u2013 als Back-Up. So musste Chris auf die harte Tour lernen, dass a) es Leute gibt, die USB-Sticks so programmieren, dass sie statt 56 MB eine Speicherkapazit\u00e4t von 64 GB anzeigen sowie b) dass man auf keinen Fall Dateien ausschneiden bzw. verschieben darf, wenn man ein sicheres Back-Up erzeugen will\u2026 Chris \u00c4rger war unendlich gro\u00df. \u00dcber sich, \u00fcber die Verk\u00e4uferin die keine Ahnung hatte, \u00fcber die Welt, in der man so verarscht werden konnte. Aber vor allem \u00fcber sich. <\/p>\n\n\n\n<p>Aber zum Gl\u00fcck hatten wir dann doch immer wieder Ablenkung und mit der Zeit entspannte sich die Situation auch wieder. So gingen wir mit unseren Freunden Melly und Fabian sowie dessen Papa Hans-Werner auf Wasserfall-Tour in den Norden der Insel, wo wir im heftigen tropischen Regen die Wasserf\u00e4lle fast nicht vom Wetter unterscheiden konnten, Chris es aber total genoss und an seine Costa Rica Zeit erinnert wurde. <\/p>\n\n\n\n<figure class=\"is-layout-flex wp-block-gallery-13 wp-block-gallery columns-3 is-cropped\"><ul class=\"blocks-gallery-grid\"><li class=\"blocks-gallery-item\"><figure><img decoding=\"async\" loading=\"lazy\" width=\"1024\" height=\"683\" src=\"http:\/\/lichri.radeln-in-den-sonnenaufgang.de\/wp-content\/uploads\/2020\/02\/IMG_4034_compress34-1024x683.jpg\" alt=\"\" data-id=\"1612\" data-full-url=\"http:\/\/lichri.radeln-in-den-sonnenaufgang.de\/wp-content\/uploads\/2020\/02\/IMG_4034_compress34.jpg\" data-link=\"http:\/\/lichri.radeln-in-den-sonnenaufgang.de\/?attachment_id=1612\" class=\"wp-image-1612\" srcset=\"http:\/\/lichri.radeln-in-den-sonnenaufgang.de\/wp-content\/uploads\/2020\/02\/IMG_4034_compress34-1024x683.jpg 1024w, http:\/\/lichri.radeln-in-den-sonnenaufgang.de\/wp-content\/uploads\/2020\/02\/IMG_4034_compress34-300x200.jpg 300w, http:\/\/lichri.radeln-in-den-sonnenaufgang.de\/wp-content\/uploads\/2020\/02\/IMG_4034_compress34-768x512.jpg 768w, http:\/\/lichri.radeln-in-den-sonnenaufgang.de\/wp-content\/uploads\/2020\/02\/IMG_4034_compress34.jpg 1296w\" sizes=\"(max-width: 767px) 89vw, (max-width: 1000px) 54vw, (max-width: 1071px) 543px, 580px\" \/><\/figure><\/li><li class=\"blocks-gallery-item\"><figure><img decoding=\"async\" loading=\"lazy\" width=\"683\" height=\"1024\" src=\"http:\/\/lichri.radeln-in-den-sonnenaufgang.de\/wp-content\/uploads\/2020\/02\/IMG_4088_compress36-e1582188033809-683x1024.jpg\" alt=\"\" data-id=\"1614\" data-full-url=\"http:\/\/lichri.radeln-in-den-sonnenaufgang.de\/wp-content\/uploads\/2020\/02\/IMG_4088_compress36-e1582188033809.jpg\" data-link=\"http:\/\/lichri.radeln-in-den-sonnenaufgang.de\/?attachment_id=1614\" class=\"wp-image-1614\" srcset=\"http:\/\/lichri.radeln-in-den-sonnenaufgang.de\/wp-content\/uploads\/2020\/02\/IMG_4088_compress36-e1582188033809-683x1024.jpg 683w, http:\/\/lichri.radeln-in-den-sonnenaufgang.de\/wp-content\/uploads\/2020\/02\/IMG_4088_compress36-e1582188033809-200x300.jpg 200w, http:\/\/lichri.radeln-in-den-sonnenaufgang.de\/wp-content\/uploads\/2020\/02\/IMG_4088_compress36-e1582188033809-768x1152.jpg 768w, http:\/\/lichri.radeln-in-den-sonnenaufgang.de\/wp-content\/uploads\/2020\/02\/IMG_4088_compress36-e1582188033809.jpg 864w\" sizes=\"(max-width: 683px) 100vw, 683px\" \/><\/figure><\/li><li class=\"blocks-gallery-item\"><figure><img decoding=\"async\" loading=\"lazy\" width=\"1024\" height=\"683\" src=\"http:\/\/lichri.radeln-in-den-sonnenaufgang.de\/wp-content\/uploads\/2020\/02\/IMG_4092_compress8-1024x683.jpg\" alt=\"\" data-id=\"1615\" data-full-url=\"http:\/\/lichri.radeln-in-den-sonnenaufgang.de\/wp-content\/uploads\/2020\/02\/IMG_4092_compress8.jpg\" data-link=\"http:\/\/lichri.radeln-in-den-sonnenaufgang.de\/?attachment_id=1615\" class=\"wp-image-1615\" srcset=\"http:\/\/lichri.radeln-in-den-sonnenaufgang.de\/wp-content\/uploads\/2020\/02\/IMG_4092_compress8-1024x683.jpg 1024w, http:\/\/lichri.radeln-in-den-sonnenaufgang.de\/wp-content\/uploads\/2020\/02\/IMG_4092_compress8-300x200.jpg 300w, http:\/\/lichri.radeln-in-den-sonnenaufgang.de\/wp-content\/uploads\/2020\/02\/IMG_4092_compress8-768x512.jpg 768w, http:\/\/lichri.radeln-in-den-sonnenaufgang.de\/wp-content\/uploads\/2020\/02\/IMG_4092_compress8.jpg 1296w\" sizes=\"(max-width: 767px) 89vw, (max-width: 1000px) 54vw, (max-width: 1071px) 543px, 580px\" \/><\/figure><\/li><li class=\"blocks-gallery-item\"><figure><img decoding=\"async\" loading=\"lazy\" width=\"1024\" height=\"683\" src=\"http:\/\/lichri.radeln-in-den-sonnenaufgang.de\/wp-content\/uploads\/2020\/02\/IMG_4094_compress33-1024x683.jpg\" alt=\"\" data-id=\"1616\" data-full-url=\"http:\/\/lichri.radeln-in-den-sonnenaufgang.de\/wp-content\/uploads\/2020\/02\/IMG_4094_compress33.jpg\" data-link=\"http:\/\/lichri.radeln-in-den-sonnenaufgang.de\/?attachment_id=1616\" class=\"wp-image-1616\" srcset=\"http:\/\/lichri.radeln-in-den-sonnenaufgang.de\/wp-content\/uploads\/2020\/02\/IMG_4094_compress33-1024x683.jpg 1024w, http:\/\/lichri.radeln-in-den-sonnenaufgang.de\/wp-content\/uploads\/2020\/02\/IMG_4094_compress33-300x200.jpg 300w, http:\/\/lichri.radeln-in-den-sonnenaufgang.de\/wp-content\/uploads\/2020\/02\/IMG_4094_compress33-768x512.jpg 768w, http:\/\/lichri.radeln-in-den-sonnenaufgang.de\/wp-content\/uploads\/2020\/02\/IMG_4094_compress33.jpg 1296w\" sizes=\"(max-width: 767px) 89vw, (max-width: 1000px) 54vw, (max-width: 1071px) 543px, 580px\" \/><\/figure><\/li><li class=\"blocks-gallery-item\"><figure><img decoding=\"async\" loading=\"lazy\" width=\"768\" height=\"1024\" src=\"http:\/\/lichri.radeln-in-den-sonnenaufgang.de\/wp-content\/uploads\/2020\/02\/DSC_0008_compress62-768x1024.jpg\" alt=\"\" data-id=\"1617\" data-full-url=\"http:\/\/lichri.radeln-in-den-sonnenaufgang.de\/wp-content\/uploads\/2020\/02\/DSC_0008_compress62-rotated.jpg\" data-link=\"http:\/\/lichri.radeln-in-den-sonnenaufgang.de\/?attachment_id=1617\" class=\"wp-image-1617\" srcset=\"http:\/\/lichri.radeln-in-den-sonnenaufgang.de\/wp-content\/uploads\/2020\/02\/DSC_0008_compress62-768x1024.jpg 768w, http:\/\/lichri.radeln-in-den-sonnenaufgang.de\/wp-content\/uploads\/2020\/02\/DSC_0008_compress62-225x300.jpg 225w, http:\/\/lichri.radeln-in-den-sonnenaufgang.de\/wp-content\/uploads\/2020\/02\/DSC_0008_compress62-rotated.jpg 984w\" sizes=\"(max-width: 767px) 89vw, (max-width: 1000px) 54vw, (max-width: 1071px) 543px, 580px\" \/><\/figure><\/li><li class=\"blocks-gallery-item\"><figure><img decoding=\"async\" loading=\"lazy\" width=\"768\" height=\"1024\" src=\"http:\/\/lichri.radeln-in-den-sonnenaufgang.de\/wp-content\/uploads\/2020\/02\/DSC_0017_compress19-768x1024.jpg\" alt=\"\" data-id=\"1618\" data-full-url=\"http:\/\/lichri.radeln-in-den-sonnenaufgang.de\/wp-content\/uploads\/2020\/02\/DSC_0017_compress19-rotated.jpg\" data-link=\"http:\/\/lichri.radeln-in-den-sonnenaufgang.de\/?attachment_id=1618\" class=\"wp-image-1618\" srcset=\"http:\/\/lichri.radeln-in-den-sonnenaufgang.de\/wp-content\/uploads\/2020\/02\/DSC_0017_compress19-768x1024.jpg 768w, http:\/\/lichri.radeln-in-den-sonnenaufgang.de\/wp-content\/uploads\/2020\/02\/DSC_0017_compress19-225x300.jpg 225w, http:\/\/lichri.radeln-in-den-sonnenaufgang.de\/wp-content\/uploads\/2020\/02\/DSC_0017_compress19-rotated.jpg 984w\" sizes=\"(max-width: 767px) 89vw, (max-width: 1000px) 54vw, (max-width: 1071px) 543px, 580px\" \/><\/figure><\/li><li class=\"blocks-gallery-item\"><figure><img decoding=\"async\" loading=\"lazy\" width=\"683\" height=\"1024\" src=\"http:\/\/lichri.radeln-in-den-sonnenaufgang.de\/wp-content\/uploads\/2020\/02\/IMG_4104_compress64-e1582188052994-683x1024.jpg\" alt=\"\" data-id=\"1619\" data-full-url=\"http:\/\/lichri.radeln-in-den-sonnenaufgang.de\/wp-content\/uploads\/2020\/02\/IMG_4104_compress64-e1582188052994.jpg\" data-link=\"http:\/\/lichri.radeln-in-den-sonnenaufgang.de\/?attachment_id=1619\" class=\"wp-image-1619\" srcset=\"http:\/\/lichri.radeln-in-den-sonnenaufgang.de\/wp-content\/uploads\/2020\/02\/IMG_4104_compress64-e1582188052994-683x1024.jpg 683w, http:\/\/lichri.radeln-in-den-sonnenaufgang.de\/wp-content\/uploads\/2020\/02\/IMG_4104_compress64-e1582188052994-200x300.jpg 200w, http:\/\/lichri.radeln-in-den-sonnenaufgang.de\/wp-content\/uploads\/2020\/02\/IMG_4104_compress64-e1582188052994-768x1152.jpg 768w, http:\/\/lichri.radeln-in-den-sonnenaufgang.de\/wp-content\/uploads\/2020\/02\/IMG_4104_compress64-e1582188052994.jpg 864w\" sizes=\"(max-width: 683px) 100vw, 683px\" \/><\/figure><\/li><li class=\"blocks-gallery-item\"><figure><img decoding=\"async\" loading=\"lazy\" width=\"768\" height=\"1024\" src=\"http:\/\/lichri.radeln-in-den-sonnenaufgang.de\/wp-content\/uploads\/2020\/02\/DSC_0025_compress77-768x1024.jpg\" alt=\"\" data-id=\"1621\" data-full-url=\"http:\/\/lichri.radeln-in-den-sonnenaufgang.de\/wp-content\/uploads\/2020\/02\/DSC_0025_compress77-rotated.jpg\" data-link=\"http:\/\/lichri.radeln-in-den-sonnenaufgang.de\/?attachment_id=1621\" class=\"wp-image-1621\" srcset=\"http:\/\/lichri.radeln-in-den-sonnenaufgang.de\/wp-content\/uploads\/2020\/02\/DSC_0025_compress77-768x1024.jpg 768w, http:\/\/lichri.radeln-in-den-sonnenaufgang.de\/wp-content\/uploads\/2020\/02\/DSC_0025_compress77-225x300.jpg 225w, http:\/\/lichri.radeln-in-den-sonnenaufgang.de\/wp-content\/uploads\/2020\/02\/DSC_0025_compress77-rotated.jpg 984w\" sizes=\"(max-width: 767px) 89vw, (max-width: 1000px) 54vw, (max-width: 1071px) 543px, 580px\" \/><\/figure><\/li><li class=\"blocks-gallery-item\"><figure><img decoding=\"async\" loading=\"lazy\" width=\"768\" height=\"1024\" src=\"http:\/\/lichri.radeln-in-den-sonnenaufgang.de\/wp-content\/uploads\/2020\/02\/DSC_0019_compress22-768x1024.jpg\" alt=\"\" data-id=\"1620\" data-full-url=\"http:\/\/lichri.radeln-in-den-sonnenaufgang.de\/wp-content\/uploads\/2020\/02\/DSC_0019_compress22-rotated.jpg\" data-link=\"http:\/\/lichri.radeln-in-den-sonnenaufgang.de\/?attachment_id=1620\" class=\"wp-image-1620\" srcset=\"http:\/\/lichri.radeln-in-den-sonnenaufgang.de\/wp-content\/uploads\/2020\/02\/DSC_0019_compress22-768x1024.jpg 768w, http:\/\/lichri.radeln-in-den-sonnenaufgang.de\/wp-content\/uploads\/2020\/02\/DSC_0019_compress22-225x300.jpg 225w, http:\/\/lichri.radeln-in-den-sonnenaufgang.de\/wp-content\/uploads\/2020\/02\/DSC_0019_compress22-rotated.jpg 972w\" sizes=\"(max-width: 767px) 89vw, (max-width: 1000px) 54vw, (max-width: 1071px) 543px, 580px\" \/><\/figure><\/li><li class=\"blocks-gallery-item\"><figure><img decoding=\"async\" loading=\"lazy\" width=\"768\" height=\"1024\" src=\"http:\/\/lichri.radeln-in-den-sonnenaufgang.de\/wp-content\/uploads\/2020\/02\/DSC_0048_compress37-768x1024.jpg\" alt=\"\" data-id=\"1622\" data-full-url=\"http:\/\/lichri.radeln-in-den-sonnenaufgang.de\/wp-content\/uploads\/2020\/02\/DSC_0048_compress37-rotated.jpg\" data-link=\"http:\/\/lichri.radeln-in-den-sonnenaufgang.de\/?attachment_id=1622\" class=\"wp-image-1622\" srcset=\"http:\/\/lichri.radeln-in-den-sonnenaufgang.de\/wp-content\/uploads\/2020\/02\/DSC_0048_compress37-768x1024.jpg 768w, http:\/\/lichri.radeln-in-den-sonnenaufgang.de\/wp-content\/uploads\/2020\/02\/DSC_0048_compress37-225x300.jpg 225w, http:\/\/lichri.radeln-in-den-sonnenaufgang.de\/wp-content\/uploads\/2020\/02\/DSC_0048_compress37-rotated.jpg 984w\" sizes=\"(max-width: 767px) 89vw, (max-width: 1000px) 54vw, (max-width: 1071px) 543px, 580px\" \/><\/figure><\/li><li class=\"blocks-gallery-item\"><figure><img decoding=\"async\" loading=\"lazy\" width=\"576\" height=\"1024\" src=\"http:\/\/lichri.radeln-in-den-sonnenaufgang.de\/wp-content\/uploads\/2020\/02\/DSC_0041_compress7-576x1024.jpg\" alt=\"\" data-id=\"1624\" data-full-url=\"http:\/\/lichri.radeln-in-den-sonnenaufgang.de\/wp-content\/uploads\/2020\/02\/DSC_0041_compress7-rotated.jpg\" data-link=\"http:\/\/lichri.radeln-in-den-sonnenaufgang.de\/?attachment_id=1624\" class=\"wp-image-1624\" srcset=\"http:\/\/lichri.radeln-in-den-sonnenaufgang.de\/wp-content\/uploads\/2020\/02\/DSC_0041_compress7-576x1024.jpg 576w, http:\/\/lichri.radeln-in-den-sonnenaufgang.de\/wp-content\/uploads\/2020\/02\/DSC_0041_compress7-169x300.jpg 169w, http:\/\/lichri.radeln-in-den-sonnenaufgang.de\/wp-content\/uploads\/2020\/02\/DSC_0041_compress7-rotated.jpg 720w\" sizes=\"(max-width: 576px) 100vw, 576px\" \/><\/figure><\/li><li class=\"blocks-gallery-item\"><figure><img decoding=\"async\" loading=\"lazy\" width=\"576\" height=\"1024\" src=\"http:\/\/lichri.radeln-in-den-sonnenaufgang.de\/wp-content\/uploads\/2020\/02\/DSC_0040_compress37-576x1024.jpg\" alt=\"\" data-id=\"1625\" data-full-url=\"http:\/\/lichri.radeln-in-den-sonnenaufgang.de\/wp-content\/uploads\/2020\/02\/DSC_0040_compress37-rotated.jpg\" data-link=\"http:\/\/lichri.radeln-in-den-sonnenaufgang.de\/?attachment_id=1625\" class=\"wp-image-1625\" srcset=\"http:\/\/lichri.radeln-in-den-sonnenaufgang.de\/wp-content\/uploads\/2020\/02\/DSC_0040_compress37-576x1024.jpg 576w, http:\/\/lichri.radeln-in-den-sonnenaufgang.de\/wp-content\/uploads\/2020\/02\/DSC_0040_compress37-169x300.jpg 169w, http:\/\/lichri.radeln-in-den-sonnenaufgang.de\/wp-content\/uploads\/2020\/02\/DSC_0040_compress37-rotated.jpg 720w\" sizes=\"(max-width: 576px) 100vw, 576px\" \/><\/figure><\/li><li class=\"blocks-gallery-item\"><figure><img decoding=\"async\" loading=\"lazy\" width=\"1024\" height=\"576\" src=\"http:\/\/lichri.radeln-in-den-sonnenaufgang.de\/wp-content\/uploads\/2020\/02\/DSC_0053_compress65-1024x576.jpg\" alt=\"\" data-id=\"1623\" data-full-url=\"http:\/\/lichri.radeln-in-den-sonnenaufgang.de\/wp-content\/uploads\/2020\/02\/DSC_0053_compress65.jpg\" data-link=\"http:\/\/lichri.radeln-in-den-sonnenaufgang.de\/?attachment_id=1623\" class=\"wp-image-1623\" srcset=\"http:\/\/lichri.radeln-in-den-sonnenaufgang.de\/wp-content\/uploads\/2020\/02\/DSC_0053_compress65-1024x576.jpg 1024w, http:\/\/lichri.radeln-in-den-sonnenaufgang.de\/wp-content\/uploads\/2020\/02\/DSC_0053_compress65-300x169.jpg 300w, http:\/\/lichri.radeln-in-den-sonnenaufgang.de\/wp-content\/uploads\/2020\/02\/DSC_0053_compress65-768x432.jpg 768w, http:\/\/lichri.radeln-in-den-sonnenaufgang.de\/wp-content\/uploads\/2020\/02\/DSC_0053_compress65.jpg 1280w\" sizes=\"(max-width: 767px) 89vw, (max-width: 1000px) 54vw, (max-width: 1071px) 543px, 580px\" \/><\/figure><\/li><li class=\"blocks-gallery-item\"><figure><img decoding=\"async\" loading=\"lazy\" width=\"1024\" height=\"768\" src=\"http:\/\/lichri.radeln-in-den-sonnenaufgang.de\/wp-content\/uploads\/2020\/02\/DSC_0068_compress47-1024x768.jpg\" alt=\"\" data-id=\"1613\" data-full-url=\"http:\/\/lichri.radeln-in-den-sonnenaufgang.de\/wp-content\/uploads\/2020\/02\/DSC_0068_compress47.jpg\" data-link=\"http:\/\/lichri.radeln-in-den-sonnenaufgang.de\/?attachment_id=1613\" class=\"wp-image-1613\" srcset=\"http:\/\/lichri.radeln-in-den-sonnenaufgang.de\/wp-content\/uploads\/2020\/02\/DSC_0068_compress47-1024x768.jpg 1024w, http:\/\/lichri.radeln-in-den-sonnenaufgang.de\/wp-content\/uploads\/2020\/02\/DSC_0068_compress47-300x225.jpg 300w, http:\/\/lichri.radeln-in-den-sonnenaufgang.de\/wp-content\/uploads\/2020\/02\/DSC_0068_compress47-768x576.jpg 768w, http:\/\/lichri.radeln-in-den-sonnenaufgang.de\/wp-content\/uploads\/2020\/02\/DSC_0068_compress47.jpg 1312w\" sizes=\"(max-width: 767px) 89vw, (max-width: 1000px) 54vw, (max-width: 1071px) 543px, 580px\" \/><\/figure><\/li><\/ul><\/figure>\n\n\n\n<p>Lisa wurde auf Brautmoden-Schau mitgenommen und a\u00df mit Danas Familie einheimische K\u00f6stlichkeiten, Chris fuhr mit Fabian auf dem Roller um gef\u00fchlt die Halbe Insel, um Schnorcheln zu gehen \u2013 was super sch\u00f6n und paradisisch war, aber im Endeffekt mehr Rollersafari als Schnorcheln. Daf\u00fcr sahen wir auf der Stra\u00dfe auch einen riesigen Waran. Wir wurden von Ninas und Fabians Eltern in deren Stamm-Hotel ins Restaurant zum Essen eingeladen, schlemmten und genossen grandiose Tanzvorf\u00fchrungen mit tollen T\u00e4nzerInnen und Flamenco, Tango und Salsa sowie traditionellen Kampf-T\u00e4nzen von Lombok. Es war eine tolle Show und ein wirklich sch\u00f6nes Ambiente. Daf\u00fcr machten uns die Preise \u2013 f\u00fcr das was wir gewohnt sind \u2013 ganz sch\u00f6n schwindelig. Umso dankbarer waren wir f\u00fcr die Einladung zu diesem Erlebnis. Aber letztlich kamen wir zum Highlight und eigentlichen Grund unserer Reise nach Lombok, der Insel die wir vorher gar nicht kannten, n\u00e4mlich\u2026<\/p>\n\n\n\n<h4>Janinas und Danas Hochzeit<\/h4>\n\n\n\n<p>Zwei Tage sp\u00e4ter als der eigentliche Hochzeitstermin am 02.02.2020, also am 4. Februar, fand die Trauung unserer erst-\u00fcber-Eck-und-nun-auch-direkt-Freunde statt. Hochzeiten sind auch auf der muslimisch gepr\u00e4gten tropischen Insel eine wichtige Angelegenheit \u2013 aber was die Organisation und die Feier angeht ist man da scheinbar einiges entspannter als bei unsereins in Deutschland. Zweimal wurde die Hochzeit verschoben, weil entweder das KUA, das muslimische Religionsamt, geschlossen war oder andere Vorbereitungen noch zu treffen waren, an die man vorher nicht gedacht hatte. Noch einen Tag weiter h\u00e4tte die Hochzeit nicht verschoben werden d\u00fcrfen, da Fabian und Melly am n\u00e4chsten Tag schon abfliegen w\u00fcrden. So klappte es dann aber und wir trafen uns am Morgen um 9:00 Uhr vor einem kleineren, aber offiziell wirkenden Geb\u00e4ude, in dem sich im Untergeschoss Ordner stapelten, w\u00e4hrend im oberen Stockwerk in einem kleinen Saal schlie\u00dflich die Zeremonien gehalten wurden. <\/p>\n\n\n\n<p>In einem strahlend wei\u00dfen Kleid mit Schleier gekleidet und mit aufwendigem Make-Up versehen, wurde die Braut mit dem Taxi von den Eltern vor die T\u00fcr gefahren, wo wir sie antrafen, als wir mit dem Roller \u00fcber die Schwelle zwischen Stra\u00dfe und Hof huckelten. Janina sah pr\u00e4chtig aus, wenngleich es ungewohnt war, die eher nat\u00fcrlich-sportliche Braut nun derart geschminkt zu sehen. Um den Anforderungen f\u00fcr die traditionelle Hochzeit zu Erf\u00fcllen lie\u00df sie sich am Morgen zwei Stunden lang von einer Visagistin zur Filmprinzessin stylen \u2013 und dasselbe w\u00fcrde sie am Abend noch einmal durchmachen, verriet sie uns. Angeblich musste sie die Visagistin noch davon abbringen ein viertes Paar falsche Wimpern anzubringen\u2026 Was Frau nicht alles macht! \ud83d\ude09<\/p>\n\n\n\n<figure class=\"is-layout-flex wp-block-gallery-15 wp-block-gallery columns-2 is-cropped\"><ul class=\"blocks-gallery-grid\"><li class=\"blocks-gallery-item\"><figure><img decoding=\"async\" loading=\"lazy\" width=\"1024\" height=\"683\" src=\"http:\/\/lichri.radeln-in-den-sonnenaufgang.de\/wp-content\/uploads\/2020\/02\/IMG_4148_compress61-1024x683.jpg\" alt=\"\" data-id=\"1626\" data-full-url=\"http:\/\/lichri.radeln-in-den-sonnenaufgang.de\/wp-content\/uploads\/2020\/02\/IMG_4148_compress61.jpg\" data-link=\"http:\/\/lichri.radeln-in-den-sonnenaufgang.de\/?attachment_id=1626\" class=\"wp-image-1626\" srcset=\"http:\/\/lichri.radeln-in-den-sonnenaufgang.de\/wp-content\/uploads\/2020\/02\/IMG_4148_compress61-1024x683.jpg 1024w, http:\/\/lichri.radeln-in-den-sonnenaufgang.de\/wp-content\/uploads\/2020\/02\/IMG_4148_compress61-300x200.jpg 300w, http:\/\/lichri.radeln-in-den-sonnenaufgang.de\/wp-content\/uploads\/2020\/02\/IMG_4148_compress61-768x512.jpg 768w, http:\/\/lichri.radeln-in-den-sonnenaufgang.de\/wp-content\/uploads\/2020\/02\/IMG_4148_compress61.jpg 1296w\" sizes=\"(max-width: 767px) 89vw, (max-width: 1000px) 54vw, (max-width: 1071px) 543px, 580px\" \/><\/figure><\/li><li class=\"blocks-gallery-item\"><figure><img decoding=\"async\" loading=\"lazy\" width=\"1024\" height=\"683\" src=\"http:\/\/lichri.radeln-in-den-sonnenaufgang.de\/wp-content\/uploads\/2020\/02\/IMG_4179_compress51-1024x683.jpg\" alt=\"\" data-id=\"1627\" data-full-url=\"http:\/\/lichri.radeln-in-den-sonnenaufgang.de\/wp-content\/uploads\/2020\/02\/IMG_4179_compress51.jpg\" data-link=\"http:\/\/lichri.radeln-in-den-sonnenaufgang.de\/?attachment_id=1627\" class=\"wp-image-1627\" srcset=\"http:\/\/lichri.radeln-in-den-sonnenaufgang.de\/wp-content\/uploads\/2020\/02\/IMG_4179_compress51-1024x683.jpg 1024w, http:\/\/lichri.radeln-in-den-sonnenaufgang.de\/wp-content\/uploads\/2020\/02\/IMG_4179_compress51-300x200.jpg 300w, http:\/\/lichri.radeln-in-den-sonnenaufgang.de\/wp-content\/uploads\/2020\/02\/IMG_4179_compress51-768x512.jpg 768w, http:\/\/lichri.radeln-in-den-sonnenaufgang.de\/wp-content\/uploads\/2020\/02\/IMG_4179_compress51.jpg 1296w\" sizes=\"(max-width: 767px) 89vw, (max-width: 1000px) 54vw, (max-width: 1071px) 543px, 580px\" \/><\/figure><\/li><li class=\"blocks-gallery-item\"><figure><img decoding=\"async\" loading=\"lazy\" width=\"1024\" height=\"683\" src=\"http:\/\/lichri.radeln-in-den-sonnenaufgang.de\/wp-content\/uploads\/2020\/02\/IMG_4186_compress83-1024x683.jpg\" alt=\"\" data-id=\"1628\" data-full-url=\"http:\/\/lichri.radeln-in-den-sonnenaufgang.de\/wp-content\/uploads\/2020\/02\/IMG_4186_compress83.jpg\" data-link=\"http:\/\/lichri.radeln-in-den-sonnenaufgang.de\/?attachment_id=1628\" class=\"wp-image-1628\" srcset=\"http:\/\/lichri.radeln-in-den-sonnenaufgang.de\/wp-content\/uploads\/2020\/02\/IMG_4186_compress83-1024x683.jpg 1024w, http:\/\/lichri.radeln-in-den-sonnenaufgang.de\/wp-content\/uploads\/2020\/02\/IMG_4186_compress83-300x200.jpg 300w, http:\/\/lichri.radeln-in-den-sonnenaufgang.de\/wp-content\/uploads\/2020\/02\/IMG_4186_compress83-768x512.jpg 768w, http:\/\/lichri.radeln-in-den-sonnenaufgang.de\/wp-content\/uploads\/2020\/02\/IMG_4186_compress83.jpg 1296w\" sizes=\"(max-width: 767px) 89vw, (max-width: 1000px) 54vw, (max-width: 1071px) 543px, 580px\" \/><\/figure><\/li><li class=\"blocks-gallery-item\"><figure><img decoding=\"async\" loading=\"lazy\" width=\"1024\" height=\"683\" src=\"http:\/\/lichri.radeln-in-den-sonnenaufgang.de\/wp-content\/uploads\/2020\/02\/IMG_4195_compress34-1024x683.jpg\" alt=\"\" data-id=\"1629\" data-full-url=\"http:\/\/lichri.radeln-in-den-sonnenaufgang.de\/wp-content\/uploads\/2020\/02\/IMG_4195_compress34.jpg\" data-link=\"http:\/\/lichri.radeln-in-den-sonnenaufgang.de\/?attachment_id=1629\" class=\"wp-image-1629\" srcset=\"http:\/\/lichri.radeln-in-den-sonnenaufgang.de\/wp-content\/uploads\/2020\/02\/IMG_4195_compress34-1024x683.jpg 1024w, http:\/\/lichri.radeln-in-den-sonnenaufgang.de\/wp-content\/uploads\/2020\/02\/IMG_4195_compress34-300x200.jpg 300w, http:\/\/lichri.radeln-in-den-sonnenaufgang.de\/wp-content\/uploads\/2020\/02\/IMG_4195_compress34-768x512.jpg 768w, http:\/\/lichri.radeln-in-den-sonnenaufgang.de\/wp-content\/uploads\/2020\/02\/IMG_4195_compress34.jpg 1296w\" sizes=\"(max-width: 767px) 89vw, (max-width: 1000px) 54vw, (max-width: 1071px) 543px, 580px\" \/><\/figure><\/li><li class=\"blocks-gallery-item\"><figure><img decoding=\"async\" loading=\"lazy\" width=\"1024\" height=\"683\" src=\"http:\/\/lichri.radeln-in-den-sonnenaufgang.de\/wp-content\/uploads\/2020\/02\/IMG_4199_compress68-1024x683.jpg\" alt=\"\" data-id=\"1630\" data-full-url=\"http:\/\/lichri.radeln-in-den-sonnenaufgang.de\/wp-content\/uploads\/2020\/02\/IMG_4199_compress68.jpg\" data-link=\"http:\/\/lichri.radeln-in-den-sonnenaufgang.de\/?attachment_id=1630\" class=\"wp-image-1630\" srcset=\"http:\/\/lichri.radeln-in-den-sonnenaufgang.de\/wp-content\/uploads\/2020\/02\/IMG_4199_compress68-1024x683.jpg 1024w, http:\/\/lichri.radeln-in-den-sonnenaufgang.de\/wp-content\/uploads\/2020\/02\/IMG_4199_compress68-300x200.jpg 300w, http:\/\/lichri.radeln-in-den-sonnenaufgang.de\/wp-content\/uploads\/2020\/02\/IMG_4199_compress68-768x512.jpg 768w, http:\/\/lichri.radeln-in-den-sonnenaufgang.de\/wp-content\/uploads\/2020\/02\/IMG_4199_compress68.jpg 1296w\" sizes=\"(max-width: 767px) 89vw, (max-width: 1000px) 54vw, (max-width: 1071px) 543px, 580px\" \/><\/figure><\/li><li class=\"blocks-gallery-item\"><figure><img decoding=\"async\" loading=\"lazy\" width=\"1024\" height=\"683\" src=\"http:\/\/lichri.radeln-in-den-sonnenaufgang.de\/wp-content\/uploads\/2020\/02\/IMG_4201_compress12-1024x683.jpg\" alt=\"\" data-id=\"1631\" data-full-url=\"http:\/\/lichri.radeln-in-den-sonnenaufgang.de\/wp-content\/uploads\/2020\/02\/IMG_4201_compress12.jpg\" data-link=\"http:\/\/lichri.radeln-in-den-sonnenaufgang.de\/?attachment_id=1631\" class=\"wp-image-1631\" srcset=\"http:\/\/lichri.radeln-in-den-sonnenaufgang.de\/wp-content\/uploads\/2020\/02\/IMG_4201_compress12-1024x683.jpg 1024w, http:\/\/lichri.radeln-in-den-sonnenaufgang.de\/wp-content\/uploads\/2020\/02\/IMG_4201_compress12-300x200.jpg 300w, http:\/\/lichri.radeln-in-den-sonnenaufgang.de\/wp-content\/uploads\/2020\/02\/IMG_4201_compress12-768x512.jpg 768w, http:\/\/lichri.radeln-in-den-sonnenaufgang.de\/wp-content\/uploads\/2020\/02\/IMG_4201_compress12.jpg 1296w\" sizes=\"(max-width: 767px) 89vw, (max-width: 1000px) 54vw, (max-width: 1071px) 543px, 580px\" \/><\/figure><\/li><\/ul><\/figure>\n\n\n\n<p>Wir gingen hinauf vor den Saal, zogen unsere Schuhe aus und setzten uns um das Brautpaar herum auf den Teppichboden. Da wir von Janina kurzerhand wegen unserer \u201eguten Kamera\u201c zu den Hochzeitsfotografen ernannt wurden, suchte Chris sich einen Platz hinter den Amtstr\u00e4gern, die die Zeremonie leiteten, damit er Dana und Nina gut von vorne im Blick hatte. Es ging los.<\/p>\n\n\n\n<p>Vor uns, der Familie und den 20 notwendigen m\u00e4nnlichen Zeugen muslimischen Glaubens wurden nun Abstammungen erkl\u00e4rt, Gel\u00fcbde auf arabisch abgelegt bzw. nachgesprochen und schlie\u00dflich gebetet. W\u00e4hrend dieser f\u00fcr uns interessanten aber v\u00f6llig unverst\u00e4ndlichen Zeremonie gab es eine kleine Spannung, als es unerwartet hie\u00df, der Vater Janinas d\u00fcrfe seine Tochter nicht \u201e\u00fcbergeben\u201c, da er nicht muslimischen Glaubens war. Das l\u00f6ste insbesondere bei Christiane, der Mutter, Emp\u00f6rung aus. Hans-Werner lie\u00df es dennoch geschehen und folgte dem Vorschlag der M\u00e4nner, Janina und Dana auf Deutsch Rat und gute W\u00fcnsche f\u00fcr die Ehe zuzusprechen.<\/p>\n\n\n\n<p>Mit einem Gebet, dem Anstecken des Ringes gefolgt von dem scheinbar obligatorischen Handkuss Janinas an Dana endete die Zeremonie. Es wurden einen Haufen Fotos gemacht, H\u00e4nde gesch\u00fcttelt und schlie\u00dflich wurden Wasser und s\u00fc\u00dfes Geb\u00e4ck ausgeteilt und man a\u00df zusammen auf dem Boden des Saals sitzend, bevor sich die Versammlung nach und nach nach Drau\u00dfen begab. <\/p>\n\n\n\n<figure class=\"is-layout-flex wp-block-gallery-17 wp-block-gallery columns-2 is-cropped\"><ul class=\"blocks-gallery-grid\"><li class=\"blocks-gallery-item\"><figure><img decoding=\"async\" loading=\"lazy\" width=\"1024\" height=\"683\" src=\"http:\/\/lichri.radeln-in-den-sonnenaufgang.de\/wp-content\/uploads\/2020\/02\/IMG_4383_compress70-1024x683.jpg\" alt=\"\" data-id=\"1633\" data-full-url=\"http:\/\/lichri.radeln-in-den-sonnenaufgang.de\/wp-content\/uploads\/2020\/02\/IMG_4383_compress70.jpg\" data-link=\"http:\/\/lichri.radeln-in-den-sonnenaufgang.de\/?attachment_id=1633\" class=\"wp-image-1633\" srcset=\"http:\/\/lichri.radeln-in-den-sonnenaufgang.de\/wp-content\/uploads\/2020\/02\/IMG_4383_compress70-1024x683.jpg 1024w, http:\/\/lichri.radeln-in-den-sonnenaufgang.de\/wp-content\/uploads\/2020\/02\/IMG_4383_compress70-300x200.jpg 300w, http:\/\/lichri.radeln-in-den-sonnenaufgang.de\/wp-content\/uploads\/2020\/02\/IMG_4383_compress70-768x512.jpg 768w, http:\/\/lichri.radeln-in-den-sonnenaufgang.de\/wp-content\/uploads\/2020\/02\/IMG_4383_compress70.jpg 1296w\" sizes=\"(max-width: 767px) 89vw, (max-width: 1000px) 54vw, (max-width: 1071px) 543px, 580px\" \/><\/figure><\/li><li class=\"blocks-gallery-item\"><figure><img decoding=\"async\" loading=\"lazy\" width=\"1024\" height=\"683\" src=\"http:\/\/lichri.radeln-in-den-sonnenaufgang.de\/wp-content\/uploads\/2020\/02\/IMG_4408_compress45-1024x683.jpg\" alt=\"\" data-id=\"1634\" data-full-url=\"http:\/\/lichri.radeln-in-den-sonnenaufgang.de\/wp-content\/uploads\/2020\/02\/IMG_4408_compress45.jpg\" data-link=\"http:\/\/lichri.radeln-in-den-sonnenaufgang.de\/?attachment_id=1634\" class=\"wp-image-1634\" srcset=\"http:\/\/lichri.radeln-in-den-sonnenaufgang.de\/wp-content\/uploads\/2020\/02\/IMG_4408_compress45-1024x683.jpg 1024w, http:\/\/lichri.radeln-in-den-sonnenaufgang.de\/wp-content\/uploads\/2020\/02\/IMG_4408_compress45-300x200.jpg 300w, http:\/\/lichri.radeln-in-den-sonnenaufgang.de\/wp-content\/uploads\/2020\/02\/IMG_4408_compress45-768x512.jpg 768w, http:\/\/lichri.radeln-in-den-sonnenaufgang.de\/wp-content\/uploads\/2020\/02\/IMG_4408_compress45.jpg 1296w\" sizes=\"(max-width: 767px) 89vw, (max-width: 1000px) 54vw, (max-width: 1071px) 543px, 580px\" \/><\/figure><\/li><li class=\"blocks-gallery-item\"><figure><img decoding=\"async\" loading=\"lazy\" width=\"1024\" height=\"683\" src=\"http:\/\/lichri.radeln-in-den-sonnenaufgang.de\/wp-content\/uploads\/2020\/02\/IMG_4372_compress17-1024x683.jpg\" alt=\"\" data-id=\"1635\" data-full-url=\"http:\/\/lichri.radeln-in-den-sonnenaufgang.de\/wp-content\/uploads\/2020\/02\/IMG_4372_compress17.jpg\" data-link=\"http:\/\/lichri.radeln-in-den-sonnenaufgang.de\/?attachment_id=1635\" class=\"wp-image-1635\" srcset=\"http:\/\/lichri.radeln-in-den-sonnenaufgang.de\/wp-content\/uploads\/2020\/02\/IMG_4372_compress17-1024x683.jpg 1024w, http:\/\/lichri.radeln-in-den-sonnenaufgang.de\/wp-content\/uploads\/2020\/02\/IMG_4372_compress17-300x200.jpg 300w, http:\/\/lichri.radeln-in-den-sonnenaufgang.de\/wp-content\/uploads\/2020\/02\/IMG_4372_compress17-768x512.jpg 768w, http:\/\/lichri.radeln-in-den-sonnenaufgang.de\/wp-content\/uploads\/2020\/02\/IMG_4372_compress17.jpg 1296w\" sizes=\"(max-width: 767px) 89vw, (max-width: 1000px) 54vw, (max-width: 1071px) 543px, 580px\" \/><\/figure><\/li><\/ul><\/figure>\n\n\n\n<p>Der erste Teil der Hochzeit, die Trauung, war gelaufen. Das Brautpaar w\u00fcrde nun zur Familie fahren und dort Essen, die M\u00e4nner im Haus des \u201eObermuftis\u201c beten. Nach einem gemeinsamen Essen in demselben Haus hie\u00df es, wir k\u00f6nnten um sieben Uhr zur Feier zur\u00fcckkommen und solange tun was wir wollten. Also fuhren wir nochmal ins Hotel zur\u00fcck, schrieben am Blog, verpackten unser Geschenk, das aus Mitbringseln der bereisten L\u00e4nder bestand, und planschten im Pool, bis wir schlie\u00dflich um halb f\u00fcnf wieder aufbrachen, damit Lisa als Fotografin bei der zweiten Schmink-Session dabei sein k\u00f6nnte. Chris ging indes nochmal auf die Suche nach einem Speichermedium f\u00fcr das Back-Up der Fotos die er unbedingt noch Fabian mitgeben wollte. Mit einer Festplatte als Beute kam er schlie\u00dflich zur\u00fcck. In der Stube des (einzigen) sch\u00f6nen Hauses in der Fischer-Siedung war eine Bombenstimmung: Schw\u00e4gerinnen, Melly, Mutter Christiane und die best\u00e4ndig Fotos knipsende Lisa lachten zusammen mit der Braut, w\u00e4hrend die ebenfalls gut gelaunte Visagistin Pinsel, Puder, Liner, Lippenstifte, Gl\u00e4tteisen, B\u00fcrsten und Co durch die Luft schwang und Janina mit jedem Schwung und Strich mehr in eine Porzellanpuppe bzw. M\u00e4rchenprinzessin verwandelte. Alle, einschlie\u00dflich Dana, hatten gro\u00dfen Spa\u00df daran, dabei zuzusehen. Auch er wurde noch gestylt und geschminkt und schlie\u00dflich, nach ganzen zweieinhalb Stunden Schminken, Stylen und in das n\u00e4chste Traum-Hochzeits-Kleid geh\u00fcllt werden, traten die beiden hinaus und gingen &#8211; gefolgt von Familie, Nachbarn und Freunden \u2013 voraus in Richtung Festplatz. <\/p>\n\n\n\n<figure class=\"is-layout-flex wp-block-gallery-19 wp-block-gallery columns-2 is-cropped\"><ul class=\"blocks-gallery-grid\"><li class=\"blocks-gallery-item\"><figure><img decoding=\"async\" loading=\"lazy\" width=\"1024\" height=\"683\" src=\"http:\/\/lichri.radeln-in-den-sonnenaufgang.de\/wp-content\/uploads\/2020\/02\/IMG_4510_compress86-1024x683.jpg\" alt=\"\" data-id=\"1636\" data-full-url=\"http:\/\/lichri.radeln-in-den-sonnenaufgang.de\/wp-content\/uploads\/2020\/02\/IMG_4510_compress86.jpg\" data-link=\"http:\/\/lichri.radeln-in-den-sonnenaufgang.de\/?attachment_id=1636\" class=\"wp-image-1636\" srcset=\"http:\/\/lichri.radeln-in-den-sonnenaufgang.de\/wp-content\/uploads\/2020\/02\/IMG_4510_compress86-1024x683.jpg 1024w, http:\/\/lichri.radeln-in-den-sonnenaufgang.de\/wp-content\/uploads\/2020\/02\/IMG_4510_compress86-300x200.jpg 300w, http:\/\/lichri.radeln-in-den-sonnenaufgang.de\/wp-content\/uploads\/2020\/02\/IMG_4510_compress86-768x512.jpg 768w, http:\/\/lichri.radeln-in-den-sonnenaufgang.de\/wp-content\/uploads\/2020\/02\/IMG_4510_compress86.jpg 1296w\" sizes=\"(max-width: 767px) 89vw, (max-width: 1000px) 54vw, (max-width: 1071px) 543px, 580px\" \/><\/figure><\/li><li class=\"blocks-gallery-item\"><figure><img decoding=\"async\" loading=\"lazy\" width=\"683\" height=\"1024\" src=\"http:\/\/lichri.radeln-in-den-sonnenaufgang.de\/wp-content\/uploads\/2020\/02\/IMG_4679_compress54-e1582188106942-683x1024.jpg\" alt=\"\" data-id=\"1637\" data-full-url=\"http:\/\/lichri.radeln-in-den-sonnenaufgang.de\/wp-content\/uploads\/2020\/02\/IMG_4679_compress54-e1582188106942.jpg\" data-link=\"http:\/\/lichri.radeln-in-den-sonnenaufgang.de\/?attachment_id=1637\" class=\"wp-image-1637\" srcset=\"http:\/\/lichri.radeln-in-den-sonnenaufgang.de\/wp-content\/uploads\/2020\/02\/IMG_4679_compress54-e1582188106942-683x1024.jpg 683w, http:\/\/lichri.radeln-in-den-sonnenaufgang.de\/wp-content\/uploads\/2020\/02\/IMG_4679_compress54-e1582188106942-200x300.jpg 200w, http:\/\/lichri.radeln-in-den-sonnenaufgang.de\/wp-content\/uploads\/2020\/02\/IMG_4679_compress54-e1582188106942-768x1152.jpg 768w, http:\/\/lichri.radeln-in-den-sonnenaufgang.de\/wp-content\/uploads\/2020\/02\/IMG_4679_compress54-e1582188106942.jpg 864w\" sizes=\"(max-width: 683px) 100vw, 683px\" \/><\/figure><\/li><\/ul><\/figure>\n\n\n\n<p>Doch was bei uns ein gro\u00dfes Festessen mit Ansprachen, Tanz, Spielen und Scherzen w\u00e4re, sah hier im muslimischen Fischerdorf doch etwas anders aus: In Stuhlreihen sa\u00dfen die G\u00e4ste nun vor der B\u00fchne und schauten auf das Brautpaar, das \u00fcber ihnen thronend auf einer Couch zwischen Blumen und bunten Lichtern sa\u00dfen und w\u00e4hrend die G\u00e4ste nun je ihren Teller vom kleinen Buffet mit einfacher, aber leckerer lokaler Kost auff\u00fcllten und a\u00dfen, mussten die beiden da sitzen und nur eines tun: Gut ausschauen. Nach etwa einer Stunde, w\u00e4hrend derer die ziemlich gute aber viel zu laute Life-Band spielte und alle ihre Portionen verputzten, kamen nach und nach G\u00e4ste nach vorne auf die B\u00fchne, um Fotos mit dem Brautpaar zu machen. Schlie\u00dflich gingen auch wir, die Familie und die kleine Gruppe deutscher Freunde nach vorne und wir \u00fcberreichten nacheinander unsere Geschenke. Damit waren wir aber tats\u00e4chlich die einzigen, da es wohl \u00fcblich war, dass die G\u00e4ste einen Betrag Geld in einem Umschlag in eine Box am Buffet warfen. <\/p>\n\n\n\n<figure class=\"is-layout-flex wp-block-gallery-21 wp-block-gallery columns-3 is-cropped\"><ul class=\"blocks-gallery-grid\"><li class=\"blocks-gallery-item\"><figure><img decoding=\"async\" loading=\"lazy\" width=\"1024\" height=\"768\" src=\"http:\/\/lichri.radeln-in-den-sonnenaufgang.de\/wp-content\/uploads\/2020\/02\/DSC_0077_compress9-1024x768.jpg\" alt=\"\" data-id=\"1639\" data-full-url=\"http:\/\/lichri.radeln-in-den-sonnenaufgang.de\/wp-content\/uploads\/2020\/02\/DSC_0077_compress9.jpg\" data-link=\"http:\/\/lichri.radeln-in-den-sonnenaufgang.de\/?attachment_id=1639\" class=\"wp-image-1639\" srcset=\"http:\/\/lichri.radeln-in-den-sonnenaufgang.de\/wp-content\/uploads\/2020\/02\/DSC_0077_compress9-1024x768.jpg 1024w, http:\/\/lichri.radeln-in-den-sonnenaufgang.de\/wp-content\/uploads\/2020\/02\/DSC_0077_compress9-300x225.jpg 300w, http:\/\/lichri.radeln-in-den-sonnenaufgang.de\/wp-content\/uploads\/2020\/02\/DSC_0077_compress9-768x576.jpg 768w, http:\/\/lichri.radeln-in-den-sonnenaufgang.de\/wp-content\/uploads\/2020\/02\/DSC_0077_compress9.jpg 1312w\" sizes=\"(max-width: 767px) 89vw, (max-width: 1000px) 54vw, (max-width: 1071px) 543px, 580px\" \/><\/figure><\/li><li class=\"blocks-gallery-item\"><figure><img decoding=\"async\" loading=\"lazy\" width=\"1024\" height=\"683\" src=\"http:\/\/lichri.radeln-in-den-sonnenaufgang.de\/wp-content\/uploads\/2020\/02\/IMG_4719_compress17-1024x683.jpg\" alt=\"\" data-id=\"1643\" data-full-url=\"http:\/\/lichri.radeln-in-den-sonnenaufgang.de\/wp-content\/uploads\/2020\/02\/IMG_4719_compress17.jpg\" data-link=\"http:\/\/lichri.radeln-in-den-sonnenaufgang.de\/?attachment_id=1643\" class=\"wp-image-1643\" srcset=\"http:\/\/lichri.radeln-in-den-sonnenaufgang.de\/wp-content\/uploads\/2020\/02\/IMG_4719_compress17-1024x683.jpg 1024w, http:\/\/lichri.radeln-in-den-sonnenaufgang.de\/wp-content\/uploads\/2020\/02\/IMG_4719_compress17-300x200.jpg 300w, http:\/\/lichri.radeln-in-den-sonnenaufgang.de\/wp-content\/uploads\/2020\/02\/IMG_4719_compress17-768x512.jpg 768w, http:\/\/lichri.radeln-in-den-sonnenaufgang.de\/wp-content\/uploads\/2020\/02\/IMG_4719_compress17.jpg 1296w\" sizes=\"(max-width: 767px) 89vw, (max-width: 1000px) 54vw, (max-width: 1071px) 543px, 580px\" \/><\/figure><\/li><li class=\"blocks-gallery-item\"><figure><img decoding=\"async\" loading=\"lazy\" width=\"1024\" height=\"683\" src=\"http:\/\/lichri.radeln-in-den-sonnenaufgang.de\/wp-content\/uploads\/2020\/02\/IMG_4755_compress50-1024x683.jpg\" alt=\"\" data-id=\"1640\" data-full-url=\"http:\/\/lichri.radeln-in-den-sonnenaufgang.de\/wp-content\/uploads\/2020\/02\/IMG_4755_compress50.jpg\" data-link=\"http:\/\/lichri.radeln-in-den-sonnenaufgang.de\/?attachment_id=1640\" class=\"wp-image-1640\" srcset=\"http:\/\/lichri.radeln-in-den-sonnenaufgang.de\/wp-content\/uploads\/2020\/02\/IMG_4755_compress50-1024x683.jpg 1024w, http:\/\/lichri.radeln-in-den-sonnenaufgang.de\/wp-content\/uploads\/2020\/02\/IMG_4755_compress50-300x200.jpg 300w, http:\/\/lichri.radeln-in-den-sonnenaufgang.de\/wp-content\/uploads\/2020\/02\/IMG_4755_compress50-768x512.jpg 768w, http:\/\/lichri.radeln-in-den-sonnenaufgang.de\/wp-content\/uploads\/2020\/02\/IMG_4755_compress50.jpg 1296w\" sizes=\"(max-width: 767px) 89vw, (max-width: 1000px) 54vw, (max-width: 1071px) 543px, 580px\" \/><\/figure><\/li><li class=\"blocks-gallery-item\"><figure><img decoding=\"async\" loading=\"lazy\" width=\"1024\" height=\"683\" src=\"http:\/\/lichri.radeln-in-den-sonnenaufgang.de\/wp-content\/uploads\/2020\/02\/IMG_4727_compress42-1024x683.jpg\" alt=\"\" data-id=\"1641\" data-full-url=\"http:\/\/lichri.radeln-in-den-sonnenaufgang.de\/wp-content\/uploads\/2020\/02\/IMG_4727_compress42.jpg\" data-link=\"http:\/\/lichri.radeln-in-den-sonnenaufgang.de\/?attachment_id=1641\" class=\"wp-image-1641\" srcset=\"http:\/\/lichri.radeln-in-den-sonnenaufgang.de\/wp-content\/uploads\/2020\/02\/IMG_4727_compress42-1024x683.jpg 1024w, http:\/\/lichri.radeln-in-den-sonnenaufgang.de\/wp-content\/uploads\/2020\/02\/IMG_4727_compress42-300x200.jpg 300w, http:\/\/lichri.radeln-in-den-sonnenaufgang.de\/wp-content\/uploads\/2020\/02\/IMG_4727_compress42-768x512.jpg 768w, http:\/\/lichri.radeln-in-den-sonnenaufgang.de\/wp-content\/uploads\/2020\/02\/IMG_4727_compress42.jpg 1296w\" sizes=\"(max-width: 767px) 89vw, (max-width: 1000px) 54vw, (max-width: 1071px) 543px, 580px\" \/><\/figure><\/li><li class=\"blocks-gallery-item\"><figure><img decoding=\"async\" loading=\"lazy\" width=\"1024\" height=\"683\" src=\"http:\/\/lichri.radeln-in-den-sonnenaufgang.de\/wp-content\/uploads\/2020\/02\/IMG_5089_compress98-1024x683.jpg\" alt=\"\" data-id=\"1642\" data-full-url=\"http:\/\/lichri.radeln-in-den-sonnenaufgang.de\/wp-content\/uploads\/2020\/02\/IMG_5089_compress98.jpg\" data-link=\"http:\/\/lichri.radeln-in-den-sonnenaufgang.de\/?attachment_id=1642\" class=\"wp-image-1642\" srcset=\"http:\/\/lichri.radeln-in-den-sonnenaufgang.de\/wp-content\/uploads\/2020\/02\/IMG_5089_compress98-1024x683.jpg 1024w, http:\/\/lichri.radeln-in-den-sonnenaufgang.de\/wp-content\/uploads\/2020\/02\/IMG_5089_compress98-300x200.jpg 300w, http:\/\/lichri.radeln-in-den-sonnenaufgang.de\/wp-content\/uploads\/2020\/02\/IMG_5089_compress98-768x512.jpg 768w, http:\/\/lichri.radeln-in-den-sonnenaufgang.de\/wp-content\/uploads\/2020\/02\/IMG_5089_compress98.jpg 1296w\" sizes=\"(max-width: 767px) 89vw, (max-width: 1000px) 54vw, (max-width: 1071px) 543px, 580px\" \/><\/figure><\/li><\/ul><\/figure>\n\n\n\n<p>Als es allm\u00e4hlich sp\u00e4t wurde und auch die Ohren langsam wirklich schmerzten von der lauten Musik, alle die wollten sich von Lisa und Chris mit dem Brautpaar ablichten lie\u00dfen und die Band nun vom Band abgel\u00f6st wurde, machten sich Dana und Nina auf um zu gehen. Erst jetzt begannen einige der G\u00e4ste sich aus der Starre zu l\u00f6sen und tanzten zur Musik. Zwar waren wir etwas \u00fcberraschte, dass die Feier dann doch nur so kurz dauerte und auch erst zum Ende hin den Charakter einer Feier wirklich annahm, aber wir waren auch etwas erleichtert, als wir uns von dem viel zu laut beschallten Festplatz wieder aufmachten. Aber sicher nicht ann\u00e4hrend so erleichtert wie das Brautpaar, das ohne Essen oder Toilette und daf\u00fcr in Smoking und Brautkleid \u00fcber zwei Stunden ausharren musste, w\u00e4hrend sich die G\u00e4ste tummelten, a\u00dfen und unterhielten. Zumindest sah man es Nina an, wie erleichtert sie war, aus dem hei\u00dfen Kleid mit der endlosen Schleppe herauszukommen und sich wieder normal bewegen zu k\u00f6nnen. Lisa und ich machten uns indessen auf unseren Roller, der vom Cousin Danas geparkt wurde, wiederzufinden und im Fahrtwind auf dem Heimweg wieder auf angenehme Temperaturen heruntergek\u00fchlt zu werden.<\/p>\n\n\n\n<p>Alles in allem war der Tag f\u00fcr uns ein spannender Einblick in diese andere Kultur, insbesondere die morgendliche Zeremonie im KUA und wir sind superdankbar daf\u00fcr, daran teilgehabt haben zu d\u00fcrfen. Aber wir sind auch ganz froh dar\u00fcber, dass es bei uns etwas anders zuging. \ud83d\ude09 Wenn die beiden dann in Deutschland nachfeiern, wird das sicher auch nochmal anders ausfallen. <\/p>\n\n\n\n<h4>Vom Rinjani nach Gili Meno<\/h4>\n\n\n\n<p>Am n\u00e4chsten Tag fr\u00fchst\u00fcckten wir dann nochmal mit Melly und Fabian zum Abschied, bevor sie das Taxi zum Boot und das Boot nach Bali bringen w\u00fcrde, von wo aus sie am n\u00e4chsten Tag nach Hause fliegen w\u00fcrden. Wir hatten vor, mit dem Roller noch ein wenig die Insel zu erkunden und dank Hans-Werner und Christiane, die noch eine Weile l\u00e4nger auf der Insel bleiben w\u00fcrden, konnten wir unseren gr\u00f6\u00dferen Rucksack dort lassen und mit Minimalgep\u00e4ck losziehen.<\/p>\n\n\n\n<p>Chris wollte unbedingt versuchen, auf den Rinjani, den zweith\u00f6chsten Berg Indonesiens mit \u00fcber 3.700m H\u00f6he und Vulkan zu kommen. Beziehungsweise auf den Kraterrand, denn man sagte uns, dass seit dem Erdbeben vor zwei Jahren Wege versch\u00fcttet und die Zug\u00e4nge zum Berg gesperrt w\u00e4ren. Doch was uns eher abhielt hinaufzusteigen, waren die Preises f\u00fcr die Touren an den Kraterrand und die mangelnde Ausr\u00fcstung, es alleine durchzuziehen. Wir hatten nicht mal festes Schuhwerk, geschweige denn warme Klamotten oder Zelt und Isomatten und da sich die Besteigung nur mit \u00dcbernachtung lohnt, da bereits ab 11:00 Uhr morgens wieder alles in Wolken geh\u00fcllt sein w\u00fcrde, w\u00fcrden wir das brauchen. Oder besser gesagt, w\u00fcrde Chris das brauchen. Lisa hatte n\u00e4mlich gar nicht vor mit hinauf zu gehen. Und ehe wir uns versahen, hatte Chris zu lange gez\u00f6gert und die letzte M\u00f6glichkeit verpasst, doch noch eine preislich sogar g\u00fcnstigere Zweitages-Tour mit zu machen. Man sagte uns, wir k\u00f6nnten einen Tag warten und am n\u00e4chsten Tag hinauf und einen weiteren Tag sp\u00e4ter wieder herunterkommen. Aber da Lisa dann drei Tage hier h\u00e4tte verbringen m\u00fcssen und viel lieber am Strand w\u00e4re und unser Zeitplan f\u00fcr die n\u00e4chsten Tage das auch eher nicht hergab, entschieden wir uns, zur\u00fcck an die K\u00fcste zu fahren und nicht auf Vulkan zu steigen. Es fiel Chris wirklich schwer (Kommentar: Und ich finde es immer noch sehr schade), von seinem Traum auf und in einen Vulkankrater zu steigen und dann die Nacht oben zu verbringen und den Sonnenaufgang \u00fcber den Wolken zu erleben, aufzugeben.<\/p>\n\n\n\n<p>Aber sei es drum \u2013 dann w\u00fcrden wir eben wieder schnorcheln gehen. Und vielleicht ja auch richtig Tauchen, wie Chris hoffte, der laut Lisa immer Angst habe, etwas zu verpassen. (Kommentar: Ich w\u00fcrde sagen, mich treibt die Sehnsucht nach tollen Erlebnissen \u2013 sonst w\u00e4ren wir doch gar nicht erst los!)<\/p>\n\n\n\n<p>Immerhin genossen wir hier einen Abend und einen Morgen lang traumhafte Ausblicke \u00fcber die wundersch\u00f6nen Reisterrassen an den H\u00e4ngen des Rinjani\u2026<\/p>\n\n\n\n<figure class=\"is-layout-flex wp-block-gallery-23 wp-block-gallery columns-2 is-cropped\"><ul class=\"blocks-gallery-grid\"><li class=\"blocks-gallery-item\"><figure><img decoding=\"async\" loading=\"lazy\" width=\"1024\" height=\"683\" src=\"http:\/\/lichri.radeln-in-den-sonnenaufgang.de\/wp-content\/uploads\/2020\/02\/IMG_5152_compress40-1024x683.jpg\" alt=\"\" data-id=\"1644\" data-full-url=\"http:\/\/lichri.radeln-in-den-sonnenaufgang.de\/wp-content\/uploads\/2020\/02\/IMG_5152_compress40.jpg\" data-link=\"http:\/\/lichri.radeln-in-den-sonnenaufgang.de\/?attachment_id=1644\" class=\"wp-image-1644\" srcset=\"http:\/\/lichri.radeln-in-den-sonnenaufgang.de\/wp-content\/uploads\/2020\/02\/IMG_5152_compress40-1024x683.jpg 1024w, http:\/\/lichri.radeln-in-den-sonnenaufgang.de\/wp-content\/uploads\/2020\/02\/IMG_5152_compress40-300x200.jpg 300w, http:\/\/lichri.radeln-in-den-sonnenaufgang.de\/wp-content\/uploads\/2020\/02\/IMG_5152_compress40-768x512.jpg 768w, http:\/\/lichri.radeln-in-den-sonnenaufgang.de\/wp-content\/uploads\/2020\/02\/IMG_5152_compress40.jpg 1296w\" sizes=\"(max-width: 767px) 89vw, (max-width: 1000px) 54vw, (max-width: 1071px) 543px, 580px\" \/><\/figure><\/li><li class=\"blocks-gallery-item\"><figure><img decoding=\"async\" loading=\"lazy\" width=\"683\" height=\"1024\" src=\"http:\/\/lichri.radeln-in-den-sonnenaufgang.de\/wp-content\/uploads\/2020\/02\/IMG_5175_compress34-e1582188139800-683x1024.jpg\" alt=\"\" data-id=\"1645\" data-full-url=\"http:\/\/lichri.radeln-in-den-sonnenaufgang.de\/wp-content\/uploads\/2020\/02\/IMG_5175_compress34-e1582188139800.jpg\" data-link=\"http:\/\/lichri.radeln-in-den-sonnenaufgang.de\/?attachment_id=1645\" class=\"wp-image-1645\" srcset=\"http:\/\/lichri.radeln-in-den-sonnenaufgang.de\/wp-content\/uploads\/2020\/02\/IMG_5175_compress34-e1582188139800-683x1024.jpg 683w, http:\/\/lichri.radeln-in-den-sonnenaufgang.de\/wp-content\/uploads\/2020\/02\/IMG_5175_compress34-e1582188139800-200x300.jpg 200w, http:\/\/lichri.radeln-in-den-sonnenaufgang.de\/wp-content\/uploads\/2020\/02\/IMG_5175_compress34-e1582188139800-768x1152.jpg 768w, http:\/\/lichri.radeln-in-den-sonnenaufgang.de\/wp-content\/uploads\/2020\/02\/IMG_5175_compress34-e1582188139800.jpg 864w\" sizes=\"(max-width: 683px) 100vw, 683px\" \/><\/figure><\/li><li class=\"blocks-gallery-item\"><figure><img decoding=\"async\" loading=\"lazy\" width=\"1024\" height=\"683\" src=\"http:\/\/lichri.radeln-in-den-sonnenaufgang.de\/wp-content\/uploads\/2020\/02\/IMG_5165_compress70-1024x683.jpg\" alt=\"\" data-id=\"1646\" data-full-url=\"http:\/\/lichri.radeln-in-den-sonnenaufgang.de\/wp-content\/uploads\/2020\/02\/IMG_5165_compress70.jpg\" data-link=\"http:\/\/lichri.radeln-in-den-sonnenaufgang.de\/?attachment_id=1646\" class=\"wp-image-1646\" srcset=\"http:\/\/lichri.radeln-in-den-sonnenaufgang.de\/wp-content\/uploads\/2020\/02\/IMG_5165_compress70-1024x683.jpg 1024w, http:\/\/lichri.radeln-in-den-sonnenaufgang.de\/wp-content\/uploads\/2020\/02\/IMG_5165_compress70-300x200.jpg 300w, http:\/\/lichri.radeln-in-den-sonnenaufgang.de\/wp-content\/uploads\/2020\/02\/IMG_5165_compress70-768x512.jpg 768w, http:\/\/lichri.radeln-in-den-sonnenaufgang.de\/wp-content\/uploads\/2020\/02\/IMG_5165_compress70.jpg 1296w\" sizes=\"(max-width: 767px) 89vw, (max-width: 1000px) 54vw, (max-width: 1071px) 543px, 580px\" \/><\/figure><\/li><li class=\"blocks-gallery-item\"><figure><img decoding=\"async\" loading=\"lazy\" width=\"1024\" height=\"683\" src=\"http:\/\/lichri.radeln-in-den-sonnenaufgang.de\/wp-content\/uploads\/2020\/02\/IMG_5190_compress31-1024x683.jpg\" alt=\"\" data-id=\"1648\" data-full-url=\"http:\/\/lichri.radeln-in-den-sonnenaufgang.de\/wp-content\/uploads\/2020\/02\/IMG_5190_compress31.jpg\" data-link=\"http:\/\/lichri.radeln-in-den-sonnenaufgang.de\/?attachment_id=1648\" class=\"wp-image-1648\" srcset=\"http:\/\/lichri.radeln-in-den-sonnenaufgang.de\/wp-content\/uploads\/2020\/02\/IMG_5190_compress31-1024x683.jpg 1024w, http:\/\/lichri.radeln-in-den-sonnenaufgang.de\/wp-content\/uploads\/2020\/02\/IMG_5190_compress31-300x200.jpg 300w, http:\/\/lichri.radeln-in-den-sonnenaufgang.de\/wp-content\/uploads\/2020\/02\/IMG_5190_compress31-768x512.jpg 768w, http:\/\/lichri.radeln-in-den-sonnenaufgang.de\/wp-content\/uploads\/2020\/02\/IMG_5190_compress31.jpg 1296w\" sizes=\"(max-width: 767px) 89vw, (max-width: 1000px) 54vw, (max-width: 1071px) 543px, 580px\" \/><\/figure><\/li><li class=\"blocks-gallery-item\"><figure><img decoding=\"async\" loading=\"lazy\" width=\"1024\" height=\"683\" src=\"http:\/\/lichri.radeln-in-den-sonnenaufgang.de\/wp-content\/uploads\/2020\/02\/IMG_5181_compress11-1024x683.jpg\" alt=\"\" data-id=\"1647\" data-full-url=\"http:\/\/lichri.radeln-in-den-sonnenaufgang.de\/wp-content\/uploads\/2020\/02\/IMG_5181_compress11.jpg\" data-link=\"http:\/\/lichri.radeln-in-den-sonnenaufgang.de\/?attachment_id=1647\" class=\"wp-image-1647\" srcset=\"http:\/\/lichri.radeln-in-den-sonnenaufgang.de\/wp-content\/uploads\/2020\/02\/IMG_5181_compress11-1024x683.jpg 1024w, http:\/\/lichri.radeln-in-den-sonnenaufgang.de\/wp-content\/uploads\/2020\/02\/IMG_5181_compress11-300x200.jpg 300w, http:\/\/lichri.radeln-in-den-sonnenaufgang.de\/wp-content\/uploads\/2020\/02\/IMG_5181_compress11-768x512.jpg 768w, http:\/\/lichri.radeln-in-den-sonnenaufgang.de\/wp-content\/uploads\/2020\/02\/IMG_5181_compress11.jpg 1296w\" sizes=\"(max-width: 767px) 89vw, (max-width: 1000px) 54vw, (max-width: 1071px) 543px, 580px\" \/><\/figure><\/li><\/ul><\/figure>\n\n\n\n<figure class=\"is-layout-flex wp-block-gallery-25 wp-block-gallery columns-2 is-cropped\"><ul class=\"blocks-gallery-grid\"><li class=\"blocks-gallery-item\"><figure><img decoding=\"async\" loading=\"lazy\" width=\"1024\" height=\"683\" src=\"http:\/\/lichri.radeln-in-den-sonnenaufgang.de\/wp-content\/uploads\/2020\/02\/IMG_5211_compress15-1024x683.jpg\" alt=\"\" data-id=\"1649\" data-full-url=\"http:\/\/lichri.radeln-in-den-sonnenaufgang.de\/wp-content\/uploads\/2020\/02\/IMG_5211_compress15.jpg\" data-link=\"http:\/\/lichri.radeln-in-den-sonnenaufgang.de\/?attachment_id=1649\" class=\"wp-image-1649\" srcset=\"http:\/\/lichri.radeln-in-den-sonnenaufgang.de\/wp-content\/uploads\/2020\/02\/IMG_5211_compress15-1024x683.jpg 1024w, http:\/\/lichri.radeln-in-den-sonnenaufgang.de\/wp-content\/uploads\/2020\/02\/IMG_5211_compress15-300x200.jpg 300w, http:\/\/lichri.radeln-in-den-sonnenaufgang.de\/wp-content\/uploads\/2020\/02\/IMG_5211_compress15-768x512.jpg 768w, http:\/\/lichri.radeln-in-den-sonnenaufgang.de\/wp-content\/uploads\/2020\/02\/IMG_5211_compress15.jpg 1296w\" sizes=\"(max-width: 767px) 89vw, (max-width: 1000px) 54vw, (max-width: 1071px) 543px, 580px\" \/><\/figure><\/li><li class=\"blocks-gallery-item\"><figure><img decoding=\"async\" loading=\"lazy\" width=\"1024\" height=\"683\" src=\"http:\/\/lichri.radeln-in-den-sonnenaufgang.de\/wp-content\/uploads\/2020\/02\/IMG_5216_compress32-1024x683.jpg\" alt=\"\" data-id=\"1652\" data-full-url=\"http:\/\/lichri.radeln-in-den-sonnenaufgang.de\/wp-content\/uploads\/2020\/02\/IMG_5216_compress32.jpg\" data-link=\"http:\/\/lichri.radeln-in-den-sonnenaufgang.de\/?attachment_id=1652\" class=\"wp-image-1652\" srcset=\"http:\/\/lichri.radeln-in-den-sonnenaufgang.de\/wp-content\/uploads\/2020\/02\/IMG_5216_compress32-1024x683.jpg 1024w, http:\/\/lichri.radeln-in-den-sonnenaufgang.de\/wp-content\/uploads\/2020\/02\/IMG_5216_compress32-300x200.jpg 300w, http:\/\/lichri.radeln-in-den-sonnenaufgang.de\/wp-content\/uploads\/2020\/02\/IMG_5216_compress32-768x512.jpg 768w, http:\/\/lichri.radeln-in-den-sonnenaufgang.de\/wp-content\/uploads\/2020\/02\/IMG_5216_compress32.jpg 1296w\" sizes=\"(max-width: 767px) 89vw, (max-width: 1000px) 54vw, (max-width: 1071px) 543px, 580px\" \/><\/figure><\/li><li class=\"blocks-gallery-item\"><figure><img decoding=\"async\" loading=\"lazy\" width=\"1024\" height=\"683\" src=\"http:\/\/lichri.radeln-in-den-sonnenaufgang.de\/wp-content\/uploads\/2020\/02\/IMG_5204_compress29-1024x683.jpg\" alt=\"\" data-id=\"1650\" data-full-url=\"http:\/\/lichri.radeln-in-den-sonnenaufgang.de\/wp-content\/uploads\/2020\/02\/IMG_5204_compress29.jpg\" data-link=\"http:\/\/lichri.radeln-in-den-sonnenaufgang.de\/?attachment_id=1650\" class=\"wp-image-1650\" srcset=\"http:\/\/lichri.radeln-in-den-sonnenaufgang.de\/wp-content\/uploads\/2020\/02\/IMG_5204_compress29-1024x683.jpg 1024w, http:\/\/lichri.radeln-in-den-sonnenaufgang.de\/wp-content\/uploads\/2020\/02\/IMG_5204_compress29-300x200.jpg 300w, http:\/\/lichri.radeln-in-den-sonnenaufgang.de\/wp-content\/uploads\/2020\/02\/IMG_5204_compress29-768x512.jpg 768w, http:\/\/lichri.radeln-in-den-sonnenaufgang.de\/wp-content\/uploads\/2020\/02\/IMG_5204_compress29.jpg 1296w\" sizes=\"(max-width: 767px) 89vw, (max-width: 1000px) 54vw, (max-width: 1071px) 543px, 580px\" \/><\/figure><\/li><\/ul><\/figure>\n\n\n\n<h4>Auf den Gilis<\/h4>\n\n\n\n<p>Wir fuhren zur\u00fcck, holten unsere Sachen im Hotel bei Christiane und Hans-Werner ab, wurden dort nochmal in den Pool eingeladen und konnten uns noch bedanken und verabschieden, bevor wir schlie\u00dflich aufbrachen, um auf die \u201eGilis\u201c im Nord-Westen Lomboks zu fahren. Genauer gesagt, Gilli Meno, die \u201eHoneymoon-Insel\u201c. Nach einem bangen Moment am Hafen, in dem wir hofften, nicht wieder auf den verr\u00fcckten Taxi-Vermittler zu treffen, bestiegen wir das letzte Boot des Tages nach Gili Meno, checkten uns einen g\u00fcnstigen Bungalow und genossen dessen Komfort und Ruhe. <\/p>\n\n\n\n<p>Am kommenden Tag liehen wir uns Schnorchel-Sets und Flossen und machten uns auf, die gro\u00dfen Meeresschildkr\u00f6ten zu besuchen, die es hier zuhauf geben sollte. Und tats\u00e4chlich wurden wir im Norden der kleinen Insel nach einem etwas schwierigen Einstieg und weitem Hinausschwimmen f\u00fcndig: zweimal trafen wir zwischen bunten Fischen und riesigen Korallen auf einzelne Schildkr\u00f6ten, die am Grund in etwa 3-4 Meter tiefe rasteten. Da aber Lisas Schnorchel st\u00e4ndig Wasser einsog, blieben wir hier nicht lange und kehrten wieder zu unserer Unterkunft zur\u00fcck, wo die Besitzerin \u201eMama Melani\u201c uns zu ihrer Tochter an den Schnorchel-Stand bei deren Restaurant schickte, um das Set zu tauschen. Nach einem kleinen Mittagessen am Strand warfen wir uns wieder in die Wellen und besuchten die Unterwasser-Skulpturen im Westen der Insel. Spannender als dieser Taucher-Selfie-Spot war allerdings die Umgebung, denn als wir nach Norden an der Riffkante entlang schwammen, kamen wir durch Schw\u00e4rme kunterbunter kleiner Fische, sahen Kugelfische und allerlei ulkige Fisch-Kollegen. <\/p>\n\n\n\n<figure class=\"is-layout-flex wp-block-gallery-27 wp-block-gallery columns-2 is-cropped\"><ul class=\"blocks-gallery-grid\"><li class=\"blocks-gallery-item\"><figure><img decoding=\"async\" loading=\"lazy\" width=\"1024\" height=\"683\" src=\"http:\/\/lichri.radeln-in-den-sonnenaufgang.de\/wp-content\/uploads\/2020\/02\/IMG_5143_compress94-1024x683.jpg\" alt=\"\" data-id=\"1653\" data-full-url=\"http:\/\/lichri.radeln-in-den-sonnenaufgang.de\/wp-content\/uploads\/2020\/02\/IMG_5143_compress94.jpg\" data-link=\"http:\/\/lichri.radeln-in-den-sonnenaufgang.de\/?attachment_id=1653\" class=\"wp-image-1653\" srcset=\"http:\/\/lichri.radeln-in-den-sonnenaufgang.de\/wp-content\/uploads\/2020\/02\/IMG_5143_compress94-1024x683.jpg 1024w, http:\/\/lichri.radeln-in-den-sonnenaufgang.de\/wp-content\/uploads\/2020\/02\/IMG_5143_compress94-300x200.jpg 300w, http:\/\/lichri.radeln-in-den-sonnenaufgang.de\/wp-content\/uploads\/2020\/02\/IMG_5143_compress94-768x512.jpg 768w, http:\/\/lichri.radeln-in-den-sonnenaufgang.de\/wp-content\/uploads\/2020\/02\/IMG_5143_compress94.jpg 1296w\" sizes=\"(max-width: 767px) 89vw, (max-width: 1000px) 54vw, (max-width: 1071px) 543px, 580px\" \/><\/figure><\/li><li class=\"blocks-gallery-item\"><figure><img decoding=\"async\" loading=\"lazy\" width=\"1024\" height=\"683\" src=\"http:\/\/lichri.radeln-in-den-sonnenaufgang.de\/wp-content\/uploads\/2020\/02\/IMG_5230_compress31-1024x683.jpg\" alt=\"\" data-id=\"1654\" data-full-url=\"http:\/\/lichri.radeln-in-den-sonnenaufgang.de\/wp-content\/uploads\/2020\/02\/IMG_5230_compress31.jpg\" data-link=\"http:\/\/lichri.radeln-in-den-sonnenaufgang.de\/?attachment_id=1654\" class=\"wp-image-1654\" srcset=\"http:\/\/lichri.radeln-in-den-sonnenaufgang.de\/wp-content\/uploads\/2020\/02\/IMG_5230_compress31-1024x683.jpg 1024w, http:\/\/lichri.radeln-in-den-sonnenaufgang.de\/wp-content\/uploads\/2020\/02\/IMG_5230_compress31-300x200.jpg 300w, http:\/\/lichri.radeln-in-den-sonnenaufgang.de\/wp-content\/uploads\/2020\/02\/IMG_5230_compress31-768x512.jpg 768w, http:\/\/lichri.radeln-in-den-sonnenaufgang.de\/wp-content\/uploads\/2020\/02\/IMG_5230_compress31.jpg 1296w\" sizes=\"(max-width: 767px) 89vw, (max-width: 1000px) 54vw, (max-width: 1071px) 543px, 580px\" \/><\/figure><\/li><li class=\"blocks-gallery-item\"><figure><img decoding=\"async\" loading=\"lazy\" width=\"1024\" height=\"683\" src=\"http:\/\/lichri.radeln-in-den-sonnenaufgang.de\/wp-content\/uploads\/2020\/02\/IMG_5222_compress20-1024x683.jpg\" alt=\"\" data-id=\"1658\" data-full-url=\"http:\/\/lichri.radeln-in-den-sonnenaufgang.de\/wp-content\/uploads\/2020\/02\/IMG_5222_compress20.jpg\" data-link=\"http:\/\/lichri.radeln-in-den-sonnenaufgang.de\/?attachment_id=1658\" class=\"wp-image-1658\" srcset=\"http:\/\/lichri.radeln-in-den-sonnenaufgang.de\/wp-content\/uploads\/2020\/02\/IMG_5222_compress20-1024x683.jpg 1024w, http:\/\/lichri.radeln-in-den-sonnenaufgang.de\/wp-content\/uploads\/2020\/02\/IMG_5222_compress20-300x200.jpg 300w, http:\/\/lichri.radeln-in-den-sonnenaufgang.de\/wp-content\/uploads\/2020\/02\/IMG_5222_compress20-768x512.jpg 768w, http:\/\/lichri.radeln-in-den-sonnenaufgang.de\/wp-content\/uploads\/2020\/02\/IMG_5222_compress20.jpg 1296w\" sizes=\"(max-width: 767px) 89vw, (max-width: 1000px) 54vw, (max-width: 1071px) 543px, 580px\" \/><\/figure><\/li><li class=\"blocks-gallery-item\"><figure><img decoding=\"async\" loading=\"lazy\" width=\"1024\" height=\"683\" src=\"http:\/\/lichri.radeln-in-den-sonnenaufgang.de\/wp-content\/uploads\/2020\/02\/IMG_5243_compress99-1024x683.jpg\" alt=\"\" data-id=\"1655\" data-full-url=\"http:\/\/lichri.radeln-in-den-sonnenaufgang.de\/wp-content\/uploads\/2020\/02\/IMG_5243_compress99.jpg\" data-link=\"http:\/\/lichri.radeln-in-den-sonnenaufgang.de\/?attachment_id=1655\" class=\"wp-image-1655\" srcset=\"http:\/\/lichri.radeln-in-den-sonnenaufgang.de\/wp-content\/uploads\/2020\/02\/IMG_5243_compress99-1024x683.jpg 1024w, http:\/\/lichri.radeln-in-den-sonnenaufgang.de\/wp-content\/uploads\/2020\/02\/IMG_5243_compress99-300x200.jpg 300w, http:\/\/lichri.radeln-in-den-sonnenaufgang.de\/wp-content\/uploads\/2020\/02\/IMG_5243_compress99-768x512.jpg 768w, http:\/\/lichri.radeln-in-den-sonnenaufgang.de\/wp-content\/uploads\/2020\/02\/IMG_5243_compress99.jpg 1296w\" sizes=\"(max-width: 767px) 89vw, (max-width: 1000px) 54vw, (max-width: 1071px) 543px, 580px\" \/><\/figure><\/li><\/ul><\/figure>\n\n\n\n<h4>Wendepunkt und Wehmut<\/h4>\n\n\n\n<p>Als wir dann im Sand sa\u00dfen, und \u00fcber die zunehmend windgepeitschte See auf die dritte und \u00e4u\u00dferste der Gili-Inseln, Gili Trawangan blickten, wurde uns bewusst, was f\u00fcr eine besondere Zeit unserer Reise dies nun war: Wir waren am Wendepunkt unserer langen Fahrt angekommen, am s\u00fcd\u00f6stlichsten Punkt. Also, genau genommen war das auf Lombok, doch jetzt besonnen wir uns auf den Moment \u2013 der Moment, von dem an es wieder nach Hause ging. Ein Moment, der unterschiedliches in uns ausl\u00f6ste, Vorfreude einerseits, doch bei Chris auch Bedauern, dass wir nicht weiter nach Osten reisen konnten, nicht noch nach Papua und Australien k\u00e4men, kein Working-Holiday dort machen w\u00fcrden, zumal dies das letzte Jahr w\u00e4re, in dem das f\u00fcr Chris m\u00f6glich sein w\u00fcrde aufgrund der Altersbeschr\u00e4nkung. Und dasselbe gilt f\u00fcr Neuseeland. Ein Gef\u00fchl der Niederlage mischte sich mit hinein und es dauerte noch eine Weile, das zu \u00fcberwinden. Ein St\u00fcck weit schwingt es immer noch in ihm nach, obwohl ihm schon lange vorher klar war, dass das Weiterreisen mit den wichtigen Hochzeiten zuhause nicht vereinbar war. Nicht, wenn er seinen Prinzipien treu bleiben wollte und nicht fliegen w\u00fcrde.<\/p>\n\n\n\n<figure class=\"is-layout-flex wp-block-gallery-29 wp-block-gallery columns-2 is-cropped\"><ul class=\"blocks-gallery-grid\"><li class=\"blocks-gallery-item\"><figure><img decoding=\"async\" loading=\"lazy\" width=\"1024\" height=\"768\" src=\"http:\/\/lichri.radeln-in-den-sonnenaufgang.de\/wp-content\/uploads\/2020\/02\/IMG_20200220_205846_631-1024x768.jpg\" alt=\"\" data-id=\"1783\" data-link=\"http:\/\/lichri.radeln-in-den-sonnenaufgang.de\/?attachment_id=1783\" class=\"wp-image-1783\" srcset=\"http:\/\/lichri.radeln-in-den-sonnenaufgang.de\/wp-content\/uploads\/2020\/02\/IMG_20200220_205846_631-1024x768.jpg 1024w, http:\/\/lichri.radeln-in-den-sonnenaufgang.de\/wp-content\/uploads\/2020\/02\/IMG_20200220_205846_631-300x225.jpg 300w, http:\/\/lichri.radeln-in-den-sonnenaufgang.de\/wp-content\/uploads\/2020\/02\/IMG_20200220_205846_631-768x576.jpg 768w, http:\/\/lichri.radeln-in-den-sonnenaufgang.de\/wp-content\/uploads\/2020\/02\/IMG_20200220_205846_631.jpg 1280w\" sizes=\"(max-width: 767px) 89vw, (max-width: 1000px) 54vw, (max-width: 1071px) 543px, 580px\" \/><\/figure><\/li><li class=\"blocks-gallery-item\"><figure><img decoding=\"async\" loading=\"lazy\" width=\"1024\" height=\"768\" src=\"http:\/\/lichri.radeln-in-den-sonnenaufgang.de\/wp-content\/uploads\/2020\/02\/IMG_20200220_205849_850-1024x768.jpg\" alt=\"\" data-id=\"1784\" data-link=\"http:\/\/lichri.radeln-in-den-sonnenaufgang.de\/?attachment_id=1784\" class=\"wp-image-1784\" srcset=\"http:\/\/lichri.radeln-in-den-sonnenaufgang.de\/wp-content\/uploads\/2020\/02\/IMG_20200220_205849_850-1024x768.jpg 1024w, http:\/\/lichri.radeln-in-den-sonnenaufgang.de\/wp-content\/uploads\/2020\/02\/IMG_20200220_205849_850-300x225.jpg 300w, http:\/\/lichri.radeln-in-den-sonnenaufgang.de\/wp-content\/uploads\/2020\/02\/IMG_20200220_205849_850-768x576.jpg 768w, http:\/\/lichri.radeln-in-den-sonnenaufgang.de\/wp-content\/uploads\/2020\/02\/IMG_20200220_205849_850.jpg 1280w\" sizes=\"(max-width: 767px) 89vw, (max-width: 1000px) 54vw, (max-width: 1071px) 543px, 580px\" \/><\/figure><\/li><li class=\"blocks-gallery-item\"><figure><img decoding=\"async\" loading=\"lazy\" width=\"576\" height=\"1024\" src=\"http:\/\/lichri.radeln-in-den-sonnenaufgang.de\/wp-content\/uploads\/2020\/02\/IMG_20200220_205853_104-2-576x1024.jpg\" alt=\"\" data-id=\"1787\" data-full-url=\"http:\/\/lichri.radeln-in-den-sonnenaufgang.de\/wp-content\/uploads\/2020\/02\/IMG_20200220_205853_104-2-rotated.jpg\" data-link=\"http:\/\/lichri.radeln-in-den-sonnenaufgang.de\/?attachment_id=1787\" class=\"wp-image-1787\" srcset=\"http:\/\/lichri.radeln-in-den-sonnenaufgang.de\/wp-content\/uploads\/2020\/02\/IMG_20200220_205853_104-2-576x1024.jpg 576w, http:\/\/lichri.radeln-in-den-sonnenaufgang.de\/wp-content\/uploads\/2020\/02\/IMG_20200220_205853_104-2-169x300.jpg 169w, http:\/\/lichri.radeln-in-den-sonnenaufgang.de\/wp-content\/uploads\/2020\/02\/IMG_20200220_205853_104-2-rotated.jpg 720w\" sizes=\"(max-width: 576px) 100vw, 576px\" \/><\/figure><\/li><\/ul><\/figure>\n\n\n\n<h4>Zwischen Flossen und Panzern<\/h4>\n\n\n\n<p>Als wir am n\u00e4chsten Tag nach Gili Air \u00fcbersetzen wollten, da Janina uns ihre kleine Wohnung anbot, die sie dort mietete und wir ohnehin von dort nach Bali zur\u00fcckfahren w\u00fcrden, verpassten wir die F\u00e4hre knapp. Doch es stellte sich heraus, dass uns nichts besseres h\u00e4tte passieren k\u00f6nnen. Wir w\u00fcrden die F\u00e4hre am Abend nehmen und die Zeit bis dahin nutzen, um noch einmal nach Schildkr\u00f6ten zu suchen. Wobei wir das \u201eTauchen\u201c wegen unseres Budgets und der bisherigen sch\u00f6nen Schnorchelerfahrungen verworfen hatten. Nachdem Sam, unser Radler-Kollege aus England, uns vom Tauchen mit Walhaien und Manta-Rochen vorgeschw\u00e4rmt hat, wollte Chris unbedingt \u00e4hnliches erleben. Doch \u00fcber einhundert Euro pro Person f\u00fcr drei Stunden und zirka die H\u00e4lfte davon im Pool? Das war uns, besonders aber Lisa, dann doch zu viel. Also gingen wir wieder schnorcheln.  <\/p>\n\n\n\n<p>Am Strand im Nord-Osten der Insel Gili Meno liehen wir uns wieder Schnorchelzeug. Von den letzten Flossen hatten wir noch Blasen an den F\u00fc\u00dfen, doch diesmal hatten wir richtig gutes Material bekommen und so konnten wir trotz der Wehwehchen richtig gut schwimmen. Erneut k\u00e4mpften wir uns durch die Brandung am seichten, aber von Korallenbruchst\u00fccken scharfkantigen Strand, bis wir in die N\u00e4he der Riffkante kamen, wo die halbwegs intakten Korallen wieder von einer Vielzahl bunter Fische umspielt wurde. Und hier passierte dann das Magische\u2026<\/p>\n\n\n\n<p>Wir folgten einer Gruppe von Schnorchlern, die einen Guide hatten, weiter raus, \u00fcber die Riffkante hinaus \u00fcber die unsichtbaren Tiefen \u2013 etwas das Chris in seiner Vorstellung immer total be\u00e4ngstigt hatte, was ihm jedoch durch die Anwesenheit anderer nur noch etwas mulmig f\u00fchlen lie\u00df. Und da sahen wir sie, erst eine, dann eine zweite richtig gro\u00dfe Meeresschildkr\u00f6te, wie sie dort vor uns im offenen Wasser schwimmt und zum Luftholen die Nase \u00fcber die Wasseroberfl\u00e4che streckt. Sie waren wundersch\u00f6n und es war erhebend, an ihrer Seite zu tauchen und Kopf an Kopf nebeneinander her zu schwimmen. <\/p>\n\n\n\n<p>Wir lie\u00dfen sie ziehen und kehrten zur Riffkante zur\u00fcck, wo Lisa und ich sicher 4 oder 5 weitere Schildkr\u00f6ten am Grund ruhen sahen und die sich von uns kaum st\u00f6ren lie\u00dfen, selbst als Chris hinabtauchte und sie ganz nah umrundete. <\/p>\n\n\n\n<p>Nach einer kleinen Pause am Strand sah Chris eine Gruppe von Schnorchlern, die etwas abseits scheinbar jede Menge Spa\u00df hatten. Da wollte Chris wieder rein und schauen, was die trieben. Als wir bei ihnen ankamen, entdeckten wir, dass sie scheinbar v\u00f6llig mit sich selbst besch\u00e4ftigt waren und es dort nicht wirklich etwas zu sehen gab. Also schnorchelten wir entlang der Riffkante wieder zur\u00fcck gen Norden, als wir uns pl\u00f6tzlich von Schildkr\u00f6ten umgeben fanden. Es war legend\u00e4r. Wir schwammen und tauchten zwischen ihnen, besuchten die Gruppen von bis zu 8 Tieren, die am Grund zusammen lagerten, tauchten weiter und fanden mehr. Bis Chris im Augenwinkel weiter unten im Dunkelblau der Tiefe unterhalb der Kante etwas aufblitzen sah. Rochen. Eine Gruppe von mindestens f\u00fcnf Tieren zog dort unten vorbei, wobei ihre Seiten, gleichsam wie Fl\u00fcgel, in ihrer Schwimmbewegung immer wieder ihre wei\u00dfen Unterseiten aufblitzend sichtbar werden lie\u00dfen. Als Chris den langen gl\u00e4nzenden Schwanz der Tiere wahrnahm bekam er es jedoch mit der Angst zu tun, weshalb er es nicht wagte, den Tieren direkt zu folgen und sie somit aus dem Blick verlor. Sp\u00e4ter, auf Nachfrage bei der Tauchlehrerin Janina, erfuhren wir, dass es laut Beschreibung kein Stachelrochen war, eher ein Eagle Ray oder vielleicht sogar ein Manta-Rochen. Doch so genau, konnte ich sie nicht beschreiben und deshalb wissen wir es bis heute nicht genau. Auf jeden Fall war es ein tolles Erlebnis.<\/p>\n\n\n\n<p>Wir tauchten noch eine Weile mit den Schildkr\u00f6ten und bunten Fischchen, bevor wir uns schlie\u00dflich anschickten, aus dem Wasser zu kommen und noch etwas zu Essen, bevor wir nach Gili Air \u00fcbersetzten.<\/p>\n\n\n\n<h4>Gili Air<\/h4>\n\n\n\n<p>Dr\u00fcben angekommen mussten wir feststellen, dass Gili Meno, die sogenannte \u201eHoneymoon-Insel\u201c tats\u00e4chlich viel ruhiger war. Hier steppte im Vergleich dazu der B\u00e4r: die Str\u00e4nde waren voller Restaurants und Bars, es gab viele Kneipen, L\u00e4den, Hotels, Tauchschulen, Superm\u00e4rkte, Bars, Bungalows, Restaurants, Tauchschulen, Hotelresorts, Restaurants\u2026 Sogar Magic-Mushrooms wollte man uns hier verkaufe \u2013 was h\u00f6chst illegal war, jedoch recht freiz\u00fcgig beworben wurde. Wir verzichteten und entschieden uns, nachdem wir unsere Taschen zu Janinas Wohnung gebracht hatten und loszogen, die Insel zu erkunden, f\u00fcr Ananas- und Bananen-Shakes und schlemmten f\u00fcr umgerechnet zehn Euro leckere Pizzen. Nicht, dass das Gado-Gado, das wir uns meistens holten und das meistens aus Tofu, Eiern, Tempe, gebratenen Sprossen und Gem\u00fcse, Gurken, Tomaten und viel Erdnussso\u00dfe sowie Krabbenchips bestand, nicht sch\u00e4tzten. Nein, das war meistens richtig lecker! Aber so eine Pizza lockt dann doch immer wieder und dann k\u00f6nnen wir nicht wiederstehen. Und so genossen wir hier am belebten Strand der Paradiesinsel italienische K\u00fcche und lie\u00dfen es uns gut gehen.<\/p>\n\n\n\n<figure class=\"is-layout-flex wp-block-gallery-31 wp-block-gallery columns-1 is-cropped\"><ul class=\"blocks-gallery-grid\"><li class=\"blocks-gallery-item\"><figure><img decoding=\"async\" loading=\"lazy\" width=\"1024\" height=\"683\" src=\"http:\/\/lichri.radeln-in-den-sonnenaufgang.de\/wp-content\/uploads\/2020\/02\/IMG_5276_compress56-1024x683.jpg\" alt=\"\" data-id=\"1656\" data-full-url=\"http:\/\/lichri.radeln-in-den-sonnenaufgang.de\/wp-content\/uploads\/2020\/02\/IMG_5276_compress56.jpg\" data-link=\"http:\/\/lichri.radeln-in-den-sonnenaufgang.de\/?attachment_id=1656\" class=\"wp-image-1656\" srcset=\"http:\/\/lichri.radeln-in-den-sonnenaufgang.de\/wp-content\/uploads\/2020\/02\/IMG_5276_compress56-1024x683.jpg 1024w, http:\/\/lichri.radeln-in-den-sonnenaufgang.de\/wp-content\/uploads\/2020\/02\/IMG_5276_compress56-300x200.jpg 300w, http:\/\/lichri.radeln-in-den-sonnenaufgang.de\/wp-content\/uploads\/2020\/02\/IMG_5276_compress56-768x512.jpg 768w, http:\/\/lichri.radeln-in-den-sonnenaufgang.de\/wp-content\/uploads\/2020\/02\/IMG_5276_compress56.jpg 1296w\" sizes=\"(max-width: 767px) 89vw, (max-width: 1000px) 54vw, (max-width: 1071px) 543px, 580px\" \/><\/figure><\/li><li class=\"blocks-gallery-item\"><figure><img decoding=\"async\" loading=\"lazy\" width=\"1024\" height=\"683\" src=\"http:\/\/lichri.radeln-in-den-sonnenaufgang.de\/wp-content\/uploads\/2020\/02\/IMG_5292_compress78-1024x683.jpg\" alt=\"\" data-id=\"1657\" data-full-url=\"http:\/\/lichri.radeln-in-den-sonnenaufgang.de\/wp-content\/uploads\/2020\/02\/IMG_5292_compress78.jpg\" data-link=\"http:\/\/lichri.radeln-in-den-sonnenaufgang.de\/?attachment_id=1657\" class=\"wp-image-1657\" srcset=\"http:\/\/lichri.radeln-in-den-sonnenaufgang.de\/wp-content\/uploads\/2020\/02\/IMG_5292_compress78-1024x683.jpg 1024w, http:\/\/lichri.radeln-in-den-sonnenaufgang.de\/wp-content\/uploads\/2020\/02\/IMG_5292_compress78-300x200.jpg 300w, http:\/\/lichri.radeln-in-den-sonnenaufgang.de\/wp-content\/uploads\/2020\/02\/IMG_5292_compress78-768x512.jpg 768w, http:\/\/lichri.radeln-in-den-sonnenaufgang.de\/wp-content\/uploads\/2020\/02\/IMG_5292_compress78.jpg 1296w\" sizes=\"(max-width: 767px) 89vw, (max-width: 1000px) 54vw, (max-width: 1071px) 543px, 580px\" \/><\/figure><\/li><li class=\"blocks-gallery-item\"><figure><img decoding=\"async\" loading=\"lazy\" width=\"1024\" height=\"683\" src=\"http:\/\/lichri.radeln-in-den-sonnenaufgang.de\/wp-content\/uploads\/2020\/02\/IMG_5257_compress54-1024x683.jpg\" alt=\"\" data-id=\"1659\" data-full-url=\"http:\/\/lichri.radeln-in-den-sonnenaufgang.de\/wp-content\/uploads\/2020\/02\/IMG_5257_compress54.jpg\" data-link=\"http:\/\/lichri.radeln-in-den-sonnenaufgang.de\/?attachment_id=1659\" class=\"wp-image-1659\" srcset=\"http:\/\/lichri.radeln-in-den-sonnenaufgang.de\/wp-content\/uploads\/2020\/02\/IMG_5257_compress54-1024x683.jpg 1024w, http:\/\/lichri.radeln-in-den-sonnenaufgang.de\/wp-content\/uploads\/2020\/02\/IMG_5257_compress54-300x200.jpg 300w, http:\/\/lichri.radeln-in-den-sonnenaufgang.de\/wp-content\/uploads\/2020\/02\/IMG_5257_compress54-768x512.jpg 768w, http:\/\/lichri.radeln-in-den-sonnenaufgang.de\/wp-content\/uploads\/2020\/02\/IMG_5257_compress54.jpg 1296w\" sizes=\"(max-width: 767px) 89vw, (max-width: 1000px) 54vw, (max-width: 1071px) 543px, 580px\" \/><\/figure><\/li><\/ul><\/figure>\n\n\n\n<h4>Durch den Sturm<\/h4>\n\n\n\n<p>Tags drauf packten wir dann schon wieder alles zusammen und machten uns auf zur Anlege-Stelle. Da Janina und Dana ebenfalls nach Bali mussten, um von dort \u00fcber Singapur nach Deutschland zu fliegen, trafen wir uns an Bord wieder. Janina hatte uns sogar eines ihrer Tickets, die sie als \u201eTrinkgeld\u201c von einem Reisenden bekommen hatte, geschenkt, um die Kosten der \u00dcberfahrt damit zu halbieren. Doch die begann nicht nur eine Stunde sp\u00e4ter als erwartet, sondern wurde dann auch zu einem ziemlichen H\u00f6llenritt. <\/p>\n\n\n\n<p>Auf dem Weg von Gili Air zur\u00fcck nach Lombok, wo unsere Freunde zustiegen, war die See noch ruhig und die Sonne schien. Doch im S\u00fcden braute sich langsam etwas zusammen. Und ehe wir uns versahen, schoss das Fast Boat durch hohe Wellen, peitschenden Regen und Gischt, w\u00e4hrend f\u00fcr dessen Insassen die Welt von einer auf die andere Seite kippte und nicht wenige, Chris eingeschlossen, erst wei\u00df, dann gr\u00fcnlich anliefen. Um sich nicht von den Brech-Ger\u00e4uschen der Armen hinter uns anstecken zu lassen, bet\u00e4ubten wir uns mit Kopfh\u00f6rern und Musik, massierten unsere Schl\u00e4fen und Genicke mit Tiger Balsam und versuchten tief durchzuatmen und zu schlafen. Mit der T\u00fcte vorsichtshalber griffbereit d\u00f6sten wir dann nach einer qualvollen ersten Stunde doch noch weg\u2026<\/p>\n\n\n\n<p>Auf Bali angekommen mussten wir uns erst durch ein Heer von Taxifahrer k\u00e4mpfen, die mit perfiden Tricks F\u00e4hrg\u00e4ste in ihre Gef\u00e4hrte lockten\u2026 oder zwangen. Nicht nur Janina, sondern auch das Schiffspersonal warnte uns per Durchsage, dass wir auf keinen Fall unsere Gutscheine f\u00fcr den Anschlusstransport aus der Hand geben d\u00fcrften. Sofort als wir anlegten, dr\u00e4ngten M\u00e4nner in Plastikponchos aus dem Regen ins Boot und \u201ebaten um die Tickets\u201c. Da wir die Masche nun kannten, h\u00fcteten wir uns. Denn das Ticket w\u00fcrde man wohl nicht wieder sehen \u2013 und dann stand man da und brauchte sie, die Taxi-Mafia. <\/p>\n\n\n\n<p>Noch mehrfach beim Aussteigen und danach, wollten Leute unsere Tickets \u201esehen\u201c. Wir gingen an ihnen vorbei und folgten Janina, die sich auskannte, zum B\u00fcro des Fast Boat Services. Innerhalb weniger Minuten wurden die Fahrg\u00e4ste hier dann in die Kleinbusse aufgeteilt, die sie \u00fcber die Insel hinweg an ihre Ziele bringen w\u00fcrden. Also hie\u00df es jetzt wieder mal Good-Bye zu sagen und so dr\u00fcckten wir Dana und Janina, bedankten uns f\u00fcr die Unterkunft und das Ticket und sprangen den anderen hinterher in unseren Kleinbus. (Kommentar: Wir sind beide immer noch total ger\u00fchrt von der Gro\u00dfz\u00fcgigkeit Ninas und ihrer Familie \u2013 und ihrer Nachbarn, aber davon lest ihr sp\u00e4ter \ud83d\ude09 ).<\/p>\n\n\n\n<h4>Ubud \u2013 Wassertempel, Lawafelder, Katzenkaffee<\/h4>\n\n\n\n<p>Der Bus setzte uns im Zentrum Ubuds ab, einem f\u00fcr seine h\u00fcbschen Reisterrassenh\u00e4ngen, Kunst und Kultur, Wassertempeln und -f\u00e4llen bekannten St\u00e4dtchen s\u00fcdlich des Mount Batur, einem der Vulkane hier auf Bali. Wir schlenderten durch die Gassen auf dem Weg zu unserer schnuckeligen Unterkunft, die wir online noch fanden, a\u00dfen unterwegs Curry und kunstvolles Gado Gado&#8230; <\/p>\n\n\n\n<figure class=\"is-layout-flex wp-block-gallery-33 wp-block-gallery columns-2 is-cropped\"><ul class=\"blocks-gallery-grid\"><li class=\"blocks-gallery-item\"><figure><img decoding=\"async\" loading=\"lazy\" width=\"1024\" height=\"683\" src=\"http:\/\/lichri.radeln-in-den-sonnenaufgang.de\/wp-content\/uploads\/2020\/02\/IMG_5304_compress63-1024x683.jpg\" alt=\"\" data-id=\"1660\" data-full-url=\"http:\/\/lichri.radeln-in-den-sonnenaufgang.de\/wp-content\/uploads\/2020\/02\/IMG_5304_compress63.jpg\" data-link=\"http:\/\/lichri.radeln-in-den-sonnenaufgang.de\/?attachment_id=1660\" class=\"wp-image-1660\" srcset=\"http:\/\/lichri.radeln-in-den-sonnenaufgang.de\/wp-content\/uploads\/2020\/02\/IMG_5304_compress63-1024x683.jpg 1024w, http:\/\/lichri.radeln-in-den-sonnenaufgang.de\/wp-content\/uploads\/2020\/02\/IMG_5304_compress63-300x200.jpg 300w, http:\/\/lichri.radeln-in-den-sonnenaufgang.de\/wp-content\/uploads\/2020\/02\/IMG_5304_compress63-768x512.jpg 768w, http:\/\/lichri.radeln-in-den-sonnenaufgang.de\/wp-content\/uploads\/2020\/02\/IMG_5304_compress63.jpg 1296w\" sizes=\"(max-width: 767px) 89vw, (max-width: 1000px) 54vw, (max-width: 1071px) 543px, 580px\" \/><\/figure><\/li><li class=\"blocks-gallery-item\"><figure><img decoding=\"async\" loading=\"lazy\" width=\"1024\" height=\"683\" src=\"http:\/\/lichri.radeln-in-den-sonnenaufgang.de\/wp-content\/uploads\/2020\/02\/IMG_5303_compress98-1024x683.jpg\" alt=\"\" data-id=\"1661\" data-full-url=\"http:\/\/lichri.radeln-in-den-sonnenaufgang.de\/wp-content\/uploads\/2020\/02\/IMG_5303_compress98.jpg\" data-link=\"http:\/\/lichri.radeln-in-den-sonnenaufgang.de\/?attachment_id=1661\" class=\"wp-image-1661\" srcset=\"http:\/\/lichri.radeln-in-den-sonnenaufgang.de\/wp-content\/uploads\/2020\/02\/IMG_5303_compress98-1024x683.jpg 1024w, http:\/\/lichri.radeln-in-den-sonnenaufgang.de\/wp-content\/uploads\/2020\/02\/IMG_5303_compress98-300x200.jpg 300w, http:\/\/lichri.radeln-in-den-sonnenaufgang.de\/wp-content\/uploads\/2020\/02\/IMG_5303_compress98-768x512.jpg 768w, http:\/\/lichri.radeln-in-den-sonnenaufgang.de\/wp-content\/uploads\/2020\/02\/IMG_5303_compress98.jpg 1296w\" sizes=\"(max-width: 767px) 89vw, (max-width: 1000px) 54vw, (max-width: 1071px) 543px, 580px\" \/><\/figure><\/li><\/ul><\/figure>\n\n\n\n<p>&#8230; und hielten nach Rollern Ausschau, die wir f\u00fcr den n\u00e4chsten Tag g\u00fcnstig mieten k\u00f6nnten, um die Gegend zu erkunden. Leider war es mit den Blasen an unseren F\u00fc\u00dfen, die wir uns von unserem ersten Flossenpaar zuzogen, so schlimm geworden, dass Chris in seinen Sandalen kaum noch laufen konnte, aber in dem Matsch und Schmutz der Stra\u00dfen auch nicht barfu\u00df unterwegs sein wollte. Umso mehr meinte er, einen fahrbaren Untersatz zu brauchen. Zwar gab es hier Angebote, doch waren die Preise doppelt so hoch, wie wir sie kannten. Also checkten wir erstmal ein und schauten dann morgen weiter. Am Abend suchten wir dann noch das n\u00e4chste vegetarische Restaurant auf, unweit von unserer Unterkunft Mountain Garden. Chris hatte ein fleischfreies Nasi Campur mit schwarzem Reis, Tempe, veganem Sate-Spie\u00dfchen, Sambal (Chili Dip) und Erdnussso\u00dfe, fritierten Pilzen und und und. Lisa das beste Nasi Goreng der Reise, weil es so eine gro\u00dfe Portion und so gut gew\u00fcrzt war. Und das ganze dann mit Getr\u00e4nken f\u00fcr umgerechnet f\u00fcnf Euro! Zufrieden schlenderten wir zur\u00fcck und fielen satt ins Bett. Wir hatten unser Stammlokal &#8211; Morgen w\u00fcrden wir wiederkommen und den Rest der Karte bestellen. \ud83d\ude09<\/p>\n\n\n\n<figure class=\"is-layout-flex wp-block-gallery-35 wp-block-gallery columns-3 is-cropped\"><ul class=\"blocks-gallery-grid\"><li class=\"blocks-gallery-item\"><figure><img decoding=\"async\" loading=\"lazy\" width=\"683\" height=\"1024\" src=\"http:\/\/lichri.radeln-in-den-sonnenaufgang.de\/wp-content\/uploads\/2020\/02\/IMG_5307_compress75-e1582188157242-683x1024.jpg\" alt=\"\" data-id=\"1663\" data-full-url=\"http:\/\/lichri.radeln-in-den-sonnenaufgang.de\/wp-content\/uploads\/2020\/02\/IMG_5307_compress75-e1582188157242.jpg\" data-link=\"http:\/\/lichri.radeln-in-den-sonnenaufgang.de\/?attachment_id=1663\" class=\"wp-image-1663\" srcset=\"http:\/\/lichri.radeln-in-den-sonnenaufgang.de\/wp-content\/uploads\/2020\/02\/IMG_5307_compress75-e1582188157242-683x1024.jpg 683w, http:\/\/lichri.radeln-in-den-sonnenaufgang.de\/wp-content\/uploads\/2020\/02\/IMG_5307_compress75-e1582188157242-200x300.jpg 200w, http:\/\/lichri.radeln-in-den-sonnenaufgang.de\/wp-content\/uploads\/2020\/02\/IMG_5307_compress75-e1582188157242-768x1152.jpg 768w, http:\/\/lichri.radeln-in-den-sonnenaufgang.de\/wp-content\/uploads\/2020\/02\/IMG_5307_compress75-e1582188157242.jpg 864w\" sizes=\"(max-width: 683px) 100vw, 683px\" \/><\/figure><\/li><li class=\"blocks-gallery-item\"><figure><img decoding=\"async\" loading=\"lazy\" width=\"768\" height=\"1024\" src=\"http:\/\/lichri.radeln-in-den-sonnenaufgang.de\/wp-content\/uploads\/2020\/02\/DSC_0033_compress4-768x1024.jpg\" alt=\"\" data-id=\"1665\" data-full-url=\"http:\/\/lichri.radeln-in-den-sonnenaufgang.de\/wp-content\/uploads\/2020\/02\/DSC_0033_compress4-rotated.jpg\" data-link=\"http:\/\/lichri.radeln-in-den-sonnenaufgang.de\/?attachment_id=1665\" class=\"wp-image-1665\" srcset=\"http:\/\/lichri.radeln-in-den-sonnenaufgang.de\/wp-content\/uploads\/2020\/02\/DSC_0033_compress4-768x1024.jpg 768w, http:\/\/lichri.radeln-in-den-sonnenaufgang.de\/wp-content\/uploads\/2020\/02\/DSC_0033_compress4-225x300.jpg 225w, http:\/\/lichri.radeln-in-den-sonnenaufgang.de\/wp-content\/uploads\/2020\/02\/DSC_0033_compress4-rotated.jpg 984w\" sizes=\"(max-width: 767px) 89vw, (max-width: 1000px) 54vw, (max-width: 1071px) 543px, 580px\" \/><\/figure><\/li><li class=\"blocks-gallery-item\"><figure><img decoding=\"async\" loading=\"lazy\" width=\"683\" height=\"1024\" src=\"http:\/\/lichri.radeln-in-den-sonnenaufgang.de\/wp-content\/uploads\/2020\/02\/IMG_5310_compress20-e1582188174182-683x1024.jpg\" alt=\"\" data-id=\"1662\" data-full-url=\"http:\/\/lichri.radeln-in-den-sonnenaufgang.de\/wp-content\/uploads\/2020\/02\/IMG_5310_compress20-e1582188174182.jpg\" data-link=\"http:\/\/lichri.radeln-in-den-sonnenaufgang.de\/?attachment_id=1662\" class=\"wp-image-1662\" srcset=\"http:\/\/lichri.radeln-in-den-sonnenaufgang.de\/wp-content\/uploads\/2020\/02\/IMG_5310_compress20-e1582188174182-683x1024.jpg 683w, http:\/\/lichri.radeln-in-den-sonnenaufgang.de\/wp-content\/uploads\/2020\/02\/IMG_5310_compress20-e1582188174182-200x300.jpg 200w, http:\/\/lichri.radeln-in-den-sonnenaufgang.de\/wp-content\/uploads\/2020\/02\/IMG_5310_compress20-e1582188174182-768x1152.jpg 768w, http:\/\/lichri.radeln-in-den-sonnenaufgang.de\/wp-content\/uploads\/2020\/02\/IMG_5310_compress20-e1582188174182.jpg 864w\" sizes=\"(max-width: 683px) 100vw, 683px\" \/><\/figure><\/li><li class=\"blocks-gallery-item\"><figure><img decoding=\"async\" loading=\"lazy\" width=\"1024\" height=\"683\" src=\"http:\/\/lichri.radeln-in-den-sonnenaufgang.de\/wp-content\/uploads\/2020\/02\/IMG_5313_compress48-1024x683.jpg\" alt=\"\" data-id=\"1664\" data-full-url=\"http:\/\/lichri.radeln-in-den-sonnenaufgang.de\/wp-content\/uploads\/2020\/02\/IMG_5313_compress48.jpg\" data-link=\"http:\/\/lichri.radeln-in-den-sonnenaufgang.de\/?attachment_id=1664\" class=\"wp-image-1664\" srcset=\"http:\/\/lichri.radeln-in-den-sonnenaufgang.de\/wp-content\/uploads\/2020\/02\/IMG_5313_compress48-1024x683.jpg 1024w, http:\/\/lichri.radeln-in-den-sonnenaufgang.de\/wp-content\/uploads\/2020\/02\/IMG_5313_compress48-300x200.jpg 300w, http:\/\/lichri.radeln-in-den-sonnenaufgang.de\/wp-content\/uploads\/2020\/02\/IMG_5313_compress48-768x512.jpg 768w, http:\/\/lichri.radeln-in-den-sonnenaufgang.de\/wp-content\/uploads\/2020\/02\/IMG_5313_compress48.jpg 1296w\" sizes=\"(max-width: 767px) 89vw, (max-width: 1000px) 54vw, (max-width: 1071px) 543px, 580px\" \/><\/figure><\/li><\/ul><\/figure>\n\n\n\n<h4>Bergfahrt<\/h4>\n\n\n\n<p>Nach ein paar Bahnen im kalten Pool zwischen Haus und Reisterrassen, einem kleinen Fr\u00fchst\u00fcck und dem Auschecken des Rollers f\u00fcr den Tag d\u00fcsten wir heute los, um noch vor Mittag am Mount Batur, dem Vulkan im Norden, zu sein. Knapp eine Stunde dauerte es, die schier endlose Stra\u00dfe hinauf zu fahren, entlang zwischen Tankstellen und Restaurants, dann Kunst- und Deko-Shops, dann Cafes und Aussichtspunkten mit Schaukeln \u00fcber den Reisfeldern sowie schlie\u00dflich Kaffeeplantagen, Obst- und Durian- aka. Stinkfrucht-St\u00e4nden. Je weiter wir rauf kamen umso k\u00fchler wurde es, bis es fast etwas unangenehm k\u00fchl im Fahrtwind wurde. Au\u00dferdem schien die Stra\u00dfe uns direkt in die Wolken zu f\u00fchren, die an diesem Morgen doch bereits um den Kraterrand des Berges waberten, auf den wir schlie\u00dflich auffuhren. Entlang der \u201eRundstra\u00dfe\u201c auf dem Kraterrand gibt es jede Menge Caf\u00e9s und Restaurants. Also g\u00f6nnten wir uns oben erstmal einen hei\u00dfen Tee, um etwas warm zu werden, und schauten dabei den Wolken zu, die um den Vulkan Batur, der inmitten des m\u00e4chtigen Kraters als eigener Berg aufragt, umherzogen und schlie\u00dflich doch noch den Blick auf den Gipfel des Feuerspuckers freigaben. Der war \u2013 zusammen mit dem gro\u00dfen See, der ebenfalls einen Teil des Kraters f\u00fcllte \u2013 auch ohne Aschewolke, Lavastr\u00f6men und Glutgeschosse \u2013 ein majest\u00e4tischer Anblick.<\/p>\n\n\n\n<figure class=\"wp-block-image size-large\"><img decoding=\"async\" loading=\"lazy\" width=\"1024\" height=\"683\" src=\"http:\/\/lichri.radeln-in-den-sonnenaufgang.de\/wp-content\/uploads\/2020\/02\/IMG_5403_compress93-1024x683.jpg\" alt=\"\" class=\"wp-image-1667\" srcset=\"http:\/\/lichri.radeln-in-den-sonnenaufgang.de\/wp-content\/uploads\/2020\/02\/IMG_5403_compress93-1024x683.jpg 1024w, http:\/\/lichri.radeln-in-den-sonnenaufgang.de\/wp-content\/uploads\/2020\/02\/IMG_5403_compress93-300x200.jpg 300w, http:\/\/lichri.radeln-in-den-sonnenaufgang.de\/wp-content\/uploads\/2020\/02\/IMG_5403_compress93-768x512.jpg 768w, http:\/\/lichri.radeln-in-den-sonnenaufgang.de\/wp-content\/uploads\/2020\/02\/IMG_5403_compress93.jpg 1296w\" sizes=\"(max-width: 767px) 89vw, (max-width: 1000px) 54vw, (max-width: 1071px) 543px, 580px\" \/><\/figure>\n\n\n\n<h4>Lavafelder<\/h4>\n\n\n\n<p>Schlie\u00dflich fuhren wir hinunter in den Krater, entgegen der Warnungen der Hotelbesitzer, die uns den Roller vermieteten, dass Wege wegen des Regens versch\u00fcttet seien. Chris wollte in die Lavafelder, wenn er schon nicht auf den Berg steigen konnte. Die h\u00fcgelige Landschaft aus por\u00f6sen Felsbrocken und Steinen, in der sich teilweise Moose, vereinzelt Grasb\u00fcschel und am Rand eine ganze Reihe gepflanzter Jungb\u00e4ume zu behaupten versuchten, war w\u00fcst und unwirtlich \u2013 doch f\u00fcr Chris ein Wunderland, weshalb er \u2013 soweit seine F\u00fc\u00dfe mitmachten \u2013 alles erklomm was sich anbot und er immer weiter hineinlaufen wollte, bis wir schlie\u00dflich zu den gl\u00e4nzend-grauen Bruchkanten der Lavastrom-Formationen kamen, die dalagen wie l\u00f6chriger K\u00e4se, der in der Sonne schimmert \u2013 nur eben in dunkelgrau. Und steinhart.<\/p>\n\n\n\n<figure class=\"is-layout-flex wp-block-gallery-37 wp-block-gallery columns-2 is-cropped\"><ul class=\"blocks-gallery-grid\"><li class=\"blocks-gallery-item\"><figure><img decoding=\"async\" loading=\"lazy\" width=\"1024\" height=\"683\" src=\"http:\/\/lichri.radeln-in-den-sonnenaufgang.de\/wp-content\/uploads\/2020\/02\/IMG_5433_compress50-1024x683.jpg\" alt=\"\" data-id=\"1668\" data-full-url=\"http:\/\/lichri.radeln-in-den-sonnenaufgang.de\/wp-content\/uploads\/2020\/02\/IMG_5433_compress50.jpg\" data-link=\"http:\/\/lichri.radeln-in-den-sonnenaufgang.de\/?attachment_id=1668\" class=\"wp-image-1668\" srcset=\"http:\/\/lichri.radeln-in-den-sonnenaufgang.de\/wp-content\/uploads\/2020\/02\/IMG_5433_compress50-1024x683.jpg 1024w, http:\/\/lichri.radeln-in-den-sonnenaufgang.de\/wp-content\/uploads\/2020\/02\/IMG_5433_compress50-300x200.jpg 300w, http:\/\/lichri.radeln-in-den-sonnenaufgang.de\/wp-content\/uploads\/2020\/02\/IMG_5433_compress50-768x512.jpg 768w, http:\/\/lichri.radeln-in-den-sonnenaufgang.de\/wp-content\/uploads\/2020\/02\/IMG_5433_compress50.jpg 1296w\" sizes=\"(max-width: 767px) 89vw, (max-width: 1000px) 54vw, (max-width: 1071px) 543px, 580px\" \/><\/figure><\/li><li class=\"blocks-gallery-item\"><figure><img decoding=\"async\" loading=\"lazy\" width=\"1024\" height=\"683\" src=\"http:\/\/lichri.radeln-in-den-sonnenaufgang.de\/wp-content\/uploads\/2020\/02\/IMG_5481_compress29-1024x683.jpg\" alt=\"\" data-id=\"1669\" data-full-url=\"http:\/\/lichri.radeln-in-den-sonnenaufgang.de\/wp-content\/uploads\/2020\/02\/IMG_5481_compress29.jpg\" data-link=\"http:\/\/lichri.radeln-in-den-sonnenaufgang.de\/?attachment_id=1669\" class=\"wp-image-1669\" srcset=\"http:\/\/lichri.radeln-in-den-sonnenaufgang.de\/wp-content\/uploads\/2020\/02\/IMG_5481_compress29-1024x683.jpg 1024w, http:\/\/lichri.radeln-in-den-sonnenaufgang.de\/wp-content\/uploads\/2020\/02\/IMG_5481_compress29-300x200.jpg 300w, http:\/\/lichri.radeln-in-den-sonnenaufgang.de\/wp-content\/uploads\/2020\/02\/IMG_5481_compress29-768x512.jpg 768w, http:\/\/lichri.radeln-in-den-sonnenaufgang.de\/wp-content\/uploads\/2020\/02\/IMG_5481_compress29.jpg 1296w\" sizes=\"(max-width: 767px) 89vw, (max-width: 1000px) 54vw, (max-width: 1071px) 543px, 580px\" \/><\/figure><\/li><li class=\"blocks-gallery-item\"><figure><img decoding=\"async\" loading=\"lazy\" width=\"1024\" height=\"683\" src=\"http:\/\/lichri.radeln-in-den-sonnenaufgang.de\/wp-content\/uploads\/2020\/02\/IMG_5578_compress89-1024x683.jpg\" alt=\"\" data-id=\"1671\" data-full-url=\"http:\/\/lichri.radeln-in-den-sonnenaufgang.de\/wp-content\/uploads\/2020\/02\/IMG_5578_compress89.jpg\" data-link=\"http:\/\/lichri.radeln-in-den-sonnenaufgang.de\/?attachment_id=1671\" class=\"wp-image-1671\" srcset=\"http:\/\/lichri.radeln-in-den-sonnenaufgang.de\/wp-content\/uploads\/2020\/02\/IMG_5578_compress89-1024x683.jpg 1024w, http:\/\/lichri.radeln-in-den-sonnenaufgang.de\/wp-content\/uploads\/2020\/02\/IMG_5578_compress89-300x200.jpg 300w, http:\/\/lichri.radeln-in-den-sonnenaufgang.de\/wp-content\/uploads\/2020\/02\/IMG_5578_compress89-768x512.jpg 768w, http:\/\/lichri.radeln-in-den-sonnenaufgang.de\/wp-content\/uploads\/2020\/02\/IMG_5578_compress89.jpg 1296w\" sizes=\"(max-width: 767px) 89vw, (max-width: 1000px) 54vw, (max-width: 1071px) 543px, 580px\" \/><\/figure><\/li><li class=\"blocks-gallery-item\"><figure><img decoding=\"async\" loading=\"lazy\" width=\"683\" height=\"1024\" src=\"http:\/\/lichri.radeln-in-den-sonnenaufgang.de\/wp-content\/uploads\/2020\/02\/IMG_5472_compress62-1-e1582188190981-683x1024.jpg\" alt=\"\" data-id=\"1672\" data-full-url=\"http:\/\/lichri.radeln-in-den-sonnenaufgang.de\/wp-content\/uploads\/2020\/02\/IMG_5472_compress62-1-e1582188190981.jpg\" data-link=\"http:\/\/lichri.radeln-in-den-sonnenaufgang.de\/?attachment_id=1672\" class=\"wp-image-1672\" srcset=\"http:\/\/lichri.radeln-in-den-sonnenaufgang.de\/wp-content\/uploads\/2020\/02\/IMG_5472_compress62-1-e1582188190981-683x1024.jpg 683w, http:\/\/lichri.radeln-in-den-sonnenaufgang.de\/wp-content\/uploads\/2020\/02\/IMG_5472_compress62-1-e1582188190981-200x300.jpg 200w, http:\/\/lichri.radeln-in-den-sonnenaufgang.de\/wp-content\/uploads\/2020\/02\/IMG_5472_compress62-1-e1582188190981-768x1152.jpg 768w, http:\/\/lichri.radeln-in-den-sonnenaufgang.de\/wp-content\/uploads\/2020\/02\/IMG_5472_compress62-1-e1582188190981.jpg 864w\" sizes=\"(max-width: 683px) 100vw, 683px\" \/><\/figure><\/li><li class=\"blocks-gallery-item\"><figure><img decoding=\"async\" loading=\"lazy\" width=\"1024\" height=\"683\" src=\"http:\/\/lichri.radeln-in-den-sonnenaufgang.de\/wp-content\/uploads\/2020\/02\/IMG_5426_compress27-1024x683.jpg\" alt=\"\" data-id=\"1673\" data-full-url=\"http:\/\/lichri.radeln-in-den-sonnenaufgang.de\/wp-content\/uploads\/2020\/02\/IMG_5426_compress27.jpg\" data-link=\"http:\/\/lichri.radeln-in-den-sonnenaufgang.de\/?attachment_id=1673\" class=\"wp-image-1673\" srcset=\"http:\/\/lichri.radeln-in-den-sonnenaufgang.de\/wp-content\/uploads\/2020\/02\/IMG_5426_compress27-1024x683.jpg 1024w, http:\/\/lichri.radeln-in-den-sonnenaufgang.de\/wp-content\/uploads\/2020\/02\/IMG_5426_compress27-300x200.jpg 300w, http:\/\/lichri.radeln-in-den-sonnenaufgang.de\/wp-content\/uploads\/2020\/02\/IMG_5426_compress27-768x512.jpg 768w, http:\/\/lichri.radeln-in-den-sonnenaufgang.de\/wp-content\/uploads\/2020\/02\/IMG_5426_compress27.jpg 1296w\" sizes=\"(max-width: 767px) 89vw, (max-width: 1000px) 54vw, (max-width: 1071px) 543px, 580px\" \/><\/figure><\/li><li class=\"blocks-gallery-item\"><figure><img decoding=\"async\" loading=\"lazy\" width=\"1024\" height=\"683\" src=\"http:\/\/lichri.radeln-in-den-sonnenaufgang.de\/wp-content\/uploads\/2020\/02\/IMG_5489_compress4-1024x683.jpg\" alt=\"\" data-id=\"1676\" data-full-url=\"http:\/\/lichri.radeln-in-den-sonnenaufgang.de\/wp-content\/uploads\/2020\/02\/IMG_5489_compress4.jpg\" data-link=\"http:\/\/lichri.radeln-in-den-sonnenaufgang.de\/?attachment_id=1676\" class=\"wp-image-1676\" srcset=\"http:\/\/lichri.radeln-in-den-sonnenaufgang.de\/wp-content\/uploads\/2020\/02\/IMG_5489_compress4-1024x683.jpg 1024w, http:\/\/lichri.radeln-in-den-sonnenaufgang.de\/wp-content\/uploads\/2020\/02\/IMG_5489_compress4-300x200.jpg 300w, http:\/\/lichri.radeln-in-den-sonnenaufgang.de\/wp-content\/uploads\/2020\/02\/IMG_5489_compress4-768x512.jpg 768w, http:\/\/lichri.radeln-in-den-sonnenaufgang.de\/wp-content\/uploads\/2020\/02\/IMG_5489_compress4.jpg 1296w\" sizes=\"(max-width: 767px) 89vw, (max-width: 1000px) 54vw, (max-width: 1071px) 543px, 580px\" \/><\/figure><\/li><li class=\"blocks-gallery-item\"><figure><img decoding=\"async\" loading=\"lazy\" width=\"1024\" height=\"683\" src=\"http:\/\/lichri.radeln-in-den-sonnenaufgang.de\/wp-content\/uploads\/2020\/02\/IMG_5531_compress9-1024x683.jpg\" alt=\"\" data-id=\"1677\" data-full-url=\"http:\/\/lichri.radeln-in-den-sonnenaufgang.de\/wp-content\/uploads\/2020\/02\/IMG_5531_compress9.jpg\" data-link=\"http:\/\/lichri.radeln-in-den-sonnenaufgang.de\/?attachment_id=1677\" class=\"wp-image-1677\" srcset=\"http:\/\/lichri.radeln-in-den-sonnenaufgang.de\/wp-content\/uploads\/2020\/02\/IMG_5531_compress9-1024x683.jpg 1024w, http:\/\/lichri.radeln-in-den-sonnenaufgang.de\/wp-content\/uploads\/2020\/02\/IMG_5531_compress9-300x200.jpg 300w, http:\/\/lichri.radeln-in-den-sonnenaufgang.de\/wp-content\/uploads\/2020\/02\/IMG_5531_compress9-768x512.jpg 768w, http:\/\/lichri.radeln-in-den-sonnenaufgang.de\/wp-content\/uploads\/2020\/02\/IMG_5531_compress9.jpg 1296w\" sizes=\"(max-width: 767px) 89vw, (max-width: 1000px) 54vw, (max-width: 1071px) 543px, 580px\" \/><\/figure><\/li><li class=\"blocks-gallery-item\"><figure><img decoding=\"async\" loading=\"lazy\" width=\"1024\" height=\"683\" src=\"http:\/\/lichri.radeln-in-den-sonnenaufgang.de\/wp-content\/uploads\/2020\/02\/IMG_5555_compress58-1024x683.jpg\" alt=\"\" data-id=\"1679\" data-full-url=\"http:\/\/lichri.radeln-in-den-sonnenaufgang.de\/wp-content\/uploads\/2020\/02\/IMG_5555_compress58.jpg\" data-link=\"http:\/\/lichri.radeln-in-den-sonnenaufgang.de\/?attachment_id=1679\" class=\"wp-image-1679\" srcset=\"http:\/\/lichri.radeln-in-den-sonnenaufgang.de\/wp-content\/uploads\/2020\/02\/IMG_5555_compress58-1024x683.jpg 1024w, http:\/\/lichri.radeln-in-den-sonnenaufgang.de\/wp-content\/uploads\/2020\/02\/IMG_5555_compress58-300x200.jpg 300w, http:\/\/lichri.radeln-in-den-sonnenaufgang.de\/wp-content\/uploads\/2020\/02\/IMG_5555_compress58-768x512.jpg 768w, http:\/\/lichri.radeln-in-den-sonnenaufgang.de\/wp-content\/uploads\/2020\/02\/IMG_5555_compress58.jpg 1296w\" sizes=\"(max-width: 767px) 89vw, (max-width: 1000px) 54vw, (max-width: 1071px) 543px, 580px\" \/><\/figure><\/li><li class=\"blocks-gallery-item\"><figure><img decoding=\"async\" loading=\"lazy\" width=\"1024\" height=\"683\" src=\"http:\/\/lichri.radeln-in-den-sonnenaufgang.de\/wp-content\/uploads\/2020\/02\/IMG_5572_compress58-1024x683.jpg\" alt=\"\" data-id=\"1680\" data-full-url=\"http:\/\/lichri.radeln-in-den-sonnenaufgang.de\/wp-content\/uploads\/2020\/02\/IMG_5572_compress58.jpg\" data-link=\"http:\/\/lichri.radeln-in-den-sonnenaufgang.de\/?attachment_id=1680\" class=\"wp-image-1680\" srcset=\"http:\/\/lichri.radeln-in-den-sonnenaufgang.de\/wp-content\/uploads\/2020\/02\/IMG_5572_compress58-1024x683.jpg 1024w, http:\/\/lichri.radeln-in-den-sonnenaufgang.de\/wp-content\/uploads\/2020\/02\/IMG_5572_compress58-300x200.jpg 300w, http:\/\/lichri.radeln-in-den-sonnenaufgang.de\/wp-content\/uploads\/2020\/02\/IMG_5572_compress58-768x512.jpg 768w, http:\/\/lichri.radeln-in-den-sonnenaufgang.de\/wp-content\/uploads\/2020\/02\/IMG_5572_compress58.jpg 1296w\" sizes=\"(max-width: 767px) 89vw, (max-width: 1000px) 54vw, (max-width: 1071px) 543px, 580px\" \/><\/figure><\/li><\/ul><\/figure>\n\n\n\n<h4>Odyssee im Krater<\/h4>\n\n\n\n<p>Auf dem Weg zur\u00fcck mussten wir feststellen, dass es unserem Gef\u00e4hrt an Power fehlte \u2013 wir kamen schlicht die Stra\u00dfe nicht wieder rauf, die wir zuvor nach unten gerollt waren. Wie Panne war das denn? Chris hatte sich schon vorher \u00fcber die mickrige Leistung beklagt, aber dass der Roller nicht mal genug Drehmoment hinbekam, um sich selbst den Berg hinauf zu k\u00e4mpfen \u2013 ohne uns als Ballast \u2013 das war wirklich schwach, im wahrsten Sinne des Wortes.<\/p>\n\n\n\n<p>Also suchten wir einen anderen Weg. Durch die Lavafelder wollte Lisa nicht, weil es ihr zu gef\u00e4hrlich erschien und \u00fcber Steine und Schotter zu k\u00e4mpfen. Doch schien der dritte und letzte Weg, der uns wieder auf den Kraterrand f\u00fchren w\u00fcrde, ebenso steil zu sein, wie der an dem wir scheiterten. Zumindest laut Karten-App. Aber wir w\u00fcrden es versuchen m\u00fcssen. Wir fuhren eine Weile, schwebten \u00fcber die Achterbahn-m\u00e4\u00dfige kleine Stra\u00dfe, die sich an den Rand des Lavafeldes schmiegte, nach Westen, mussten jedoch immer wieder tiefe Pf\u00fctzen umfahren oder durchfahren, die die Stra\u00dfe in den Senken g\u00e4nzlich fluteten. Da wir bei der ersten Durchfahrung so tief eintauchten, dass wir nasse F\u00fc\u00dfe und einen nassen Rucksack bekamen, entschieden wir uns im Slalom um die \u00fcberfluteten Abschnitte off-road zu fahren, was teilweise eine ebenso abenteuerliche Angelegenheit wurde. Schlie\u00dflich kamen wir an die Serpentinen-Stra\u00dfe, die auf den Kraterrand f\u00fchrte. Hoffend und betend gab Chris dem Blechklepper die Sporen um den Hang mit vollem Schwung anzufahren \u2013 und siehe da: wir kamen voran. Jedoch waren jetzt einige riskante \u00dcberholman\u00f6ver um die mit Vulkanstein beladenen Lastw\u00e4gen herum n\u00f6tig, um den notwendigen Schwung f\u00fcr die Bergfahrt nicht zu verlieren. Mit Adrenalin und einigen Schutzengeln schafften wir es schlie\u00dflich, lie\u00dfen auch die letzte steile Serpentinenschleife hinter uns und landeten auf der Kraterrandstra\u00dfe. Auf den Stress brauchten wir jetzt erstmal was zu futtern. <\/p>\n\n\n\n<h4>Stinkfrucht<\/h4>\n\n\n\n<p>Nach einer kleinen Mahlzeit beim vermeintlichen Inder, der uns aber nur die indonesische Karte gab und wir uns wiedermal mit Nasi Goreng begn\u00fcgten, obwohl wir richtig Hei\u00dfhunger auf Naan und Daal hatten, tuckerten wir wieder bergab gen Ubud. Unterwegs kamen wir wieder an allerlei Obstst\u00e4nden vorbei, an denen Chris hielt, aber nicht fand, was er suchte: Durian. Schlie\u00dflich fand er einige Kilometer bergab doch noch eine Reihe von Durian-St\u00e4nden. Er hielt an und fragte, ober er eine probieren d\u00fcrfte. Er durfte und war dankbar, denn er war super neugierig. Doch was er da schlie\u00dflich probierte, hatte mit Obst nichts am Hut. Auch wenn der Geruch oder besser gesagt, der Gestank schon abschreckte, hoffte Chris darauf, dass an dem Geschmack etwas Tolles dran sein musste, wo doch schlie\u00dflich so viele Leute darauf abfuhren. Seit China verfolgte uns die Durian und Chris Neugier wuchs und wuchs. Jetzt, wo sie endlich umsonst zu probieren war, musste er zuschlagen, doch \u2013 oweh! \u2013 es stimmte, was Clara und Fridi, unsere lieben Radlerfreundinnen aus Dresden uns bereits Monate zuvor erz\u00e4hlten: Sie schmeckte tats\u00e4chlich nicht nach einer Frucht, wie man es erwartet, sondern nach einer Mischung aus K\u00e4se (!), Knoblauch (!) und Zwiebeln(!!!). An sich keine schlechte Kombination. Aber irgendwie absolut nicht gut in diesem Fall. Angewidert, doch sich nichts anmerken lassend, kaute Chris weiter das wei\u00df-rosa Fruchtfleisch von dem gro\u00dfen Kern, doch solange er auch kaute \u2013 es wollte sich nichts Leckeres daran finden lassen. Ein klein wenig entt\u00e4uscht dar\u00fcber, aber vor allem sehr zufrieden, endlich erfahren zu haben, was es mit der Stinkfrucht auf sich hatte, pfefferte er den Rest des St\u00fcckchens in die B\u00fcsche, bedankte sich mit ein wenig Kleingeld f\u00fcr die Kostprobe und fuhr mit widerlichem Mundgeruch, aber bester Laune weiter. <\/p>\n\n\n\n<h4>Katzenkaffee<\/h4>\n\n\n\n<p>Wir kamen zum hinduistischen Wassertempel Tirta Empul. Einer der Parkplatzeinweiser des scheinbar gut besuchten Tempels erz\u00e4hlte uns von den Kaffeeplantagen und den kostenlosen Verk\u00f6stigungen mit Kaffees und Tees dort. Wir hatten sie auf dem Weg vom Berg herab passiert, aber mit der Verhei\u00dfung auf die Kostproben und angesichts des \u00fcberf\u00fcllten Parkplatzes entschieden wir uns, doch nochmal zur\u00fcck zu fahren. Hier konnten wir dann zusehen, wie der Kaffee handwerksm\u00e4\u00dfig getrocknet, ger\u00f6stet und zersto\u00dfen wird \u2013 auch der legend\u00e4re Katzen- bzw. Lewak-Kaffee. Noch so etwas, das Chris schon eine ganze Weile \u2013 genauer gesagt seit Vietnam \u2013 verfolgte und dass er jetzt doch auch gerne mal probieren w\u00fcrde. Auch wenn er sich zuvor immer mit Ekel dar\u00fcber lustig gemacht hatte, wie man nur etwas Verdautes verarbeiten und dann zu sich nehmen kann. <\/p>\n\n\n\n<figure class=\"is-layout-flex wp-block-gallery-39 wp-block-gallery columns-2 is-cropped\"><ul class=\"blocks-gallery-grid\"><li class=\"blocks-gallery-item\"><figure><img decoding=\"async\" loading=\"lazy\" width=\"1024\" height=\"683\" src=\"http:\/\/lichri.radeln-in-den-sonnenaufgang.de\/wp-content\/uploads\/2020\/02\/IMG_5632_compress99-1024x683.jpg\" alt=\"\" data-id=\"1681\" data-full-url=\"http:\/\/lichri.radeln-in-den-sonnenaufgang.de\/wp-content\/uploads\/2020\/02\/IMG_5632_compress99.jpg\" data-link=\"http:\/\/lichri.radeln-in-den-sonnenaufgang.de\/?attachment_id=1681\" class=\"wp-image-1681\" srcset=\"http:\/\/lichri.radeln-in-den-sonnenaufgang.de\/wp-content\/uploads\/2020\/02\/IMG_5632_compress99-1024x683.jpg 1024w, http:\/\/lichri.radeln-in-den-sonnenaufgang.de\/wp-content\/uploads\/2020\/02\/IMG_5632_compress99-300x200.jpg 300w, http:\/\/lichri.radeln-in-den-sonnenaufgang.de\/wp-content\/uploads\/2020\/02\/IMG_5632_compress99-768x512.jpg 768w, http:\/\/lichri.radeln-in-den-sonnenaufgang.de\/wp-content\/uploads\/2020\/02\/IMG_5632_compress99.jpg 1296w\" sizes=\"(max-width: 767px) 89vw, (max-width: 1000px) 54vw, (max-width: 1071px) 543px, 580px\" \/><\/figure><\/li><li class=\"blocks-gallery-item\"><figure><img decoding=\"async\" loading=\"lazy\" width=\"683\" height=\"1024\" src=\"http:\/\/lichri.radeln-in-den-sonnenaufgang.de\/wp-content\/uploads\/2020\/02\/IMG_5616_compress59-e1582207576675-683x1024.jpg\" alt=\"\" data-id=\"1682\" data-full-url=\"http:\/\/lichri.radeln-in-den-sonnenaufgang.de\/wp-content\/uploads\/2020\/02\/IMG_5616_compress59-e1582207576675.jpg\" data-link=\"http:\/\/lichri.radeln-in-den-sonnenaufgang.de\/?attachment_id=1682\" class=\"wp-image-1682\" srcset=\"http:\/\/lichri.radeln-in-den-sonnenaufgang.de\/wp-content\/uploads\/2020\/02\/IMG_5616_compress59-e1582207576675-683x1024.jpg 683w, http:\/\/lichri.radeln-in-den-sonnenaufgang.de\/wp-content\/uploads\/2020\/02\/IMG_5616_compress59-e1582207576675-200x300.jpg 200w, http:\/\/lichri.radeln-in-den-sonnenaufgang.de\/wp-content\/uploads\/2020\/02\/IMG_5616_compress59-e1582207576675-768x1152.jpg 768w, http:\/\/lichri.radeln-in-den-sonnenaufgang.de\/wp-content\/uploads\/2020\/02\/IMG_5616_compress59-e1582207576675.jpg 864w\" sizes=\"(max-width: 683px) 100vw, 683px\" \/><\/figure><\/li><li class=\"blocks-gallery-item\"><figure><img decoding=\"async\" loading=\"lazy\" width=\"1024\" height=\"683\" src=\"http:\/\/lichri.radeln-in-den-sonnenaufgang.de\/wp-content\/uploads\/2020\/02\/IMG_5615_compress93-1024x683.jpg\" alt=\"\" data-id=\"1685\" data-full-url=\"http:\/\/lichri.radeln-in-den-sonnenaufgang.de\/wp-content\/uploads\/2020\/02\/IMG_5615_compress93.jpg\" data-link=\"http:\/\/lichri.radeln-in-den-sonnenaufgang.de\/?attachment_id=1685\" class=\"wp-image-1685\" srcset=\"http:\/\/lichri.radeln-in-den-sonnenaufgang.de\/wp-content\/uploads\/2020\/02\/IMG_5615_compress93-1024x683.jpg 1024w, http:\/\/lichri.radeln-in-den-sonnenaufgang.de\/wp-content\/uploads\/2020\/02\/IMG_5615_compress93-300x200.jpg 300w, http:\/\/lichri.radeln-in-den-sonnenaufgang.de\/wp-content\/uploads\/2020\/02\/IMG_5615_compress93-768x512.jpg 768w, http:\/\/lichri.radeln-in-den-sonnenaufgang.de\/wp-content\/uploads\/2020\/02\/IMG_5615_compress93.jpg 1296w\" sizes=\"(max-width: 767px) 89vw, (max-width: 1000px) 54vw, (max-width: 1071px) 543px, 580px\" \/><\/figure><\/li><li class=\"blocks-gallery-item\"><figure><img decoding=\"async\" loading=\"lazy\" width=\"1024\" height=\"683\" src=\"http:\/\/lichri.radeln-in-den-sonnenaufgang.de\/wp-content\/uploads\/2020\/02\/IMG_5612_compress1-1024x683.jpg\" alt=\"\" data-id=\"1683\" data-full-url=\"http:\/\/lichri.radeln-in-den-sonnenaufgang.de\/wp-content\/uploads\/2020\/02\/IMG_5612_compress1.jpg\" data-link=\"http:\/\/lichri.radeln-in-den-sonnenaufgang.de\/?attachment_id=1683\" class=\"wp-image-1683\" srcset=\"http:\/\/lichri.radeln-in-den-sonnenaufgang.de\/wp-content\/uploads\/2020\/02\/IMG_5612_compress1-1024x683.jpg 1024w, http:\/\/lichri.radeln-in-den-sonnenaufgang.de\/wp-content\/uploads\/2020\/02\/IMG_5612_compress1-300x200.jpg 300w, http:\/\/lichri.radeln-in-den-sonnenaufgang.de\/wp-content\/uploads\/2020\/02\/IMG_5612_compress1-768x512.jpg 768w, http:\/\/lichri.radeln-in-den-sonnenaufgang.de\/wp-content\/uploads\/2020\/02\/IMG_5612_compress1.jpg 1296w\" sizes=\"(max-width: 767px) 89vw, (max-width: 1000px) 54vw, (max-width: 1071px) 543px, 580px\" \/><\/figure><\/li><li class=\"blocks-gallery-item\"><figure><img decoding=\"async\" loading=\"lazy\" width=\"1024\" height=\"683\" src=\"http:\/\/lichri.radeln-in-den-sonnenaufgang.de\/wp-content\/uploads\/2020\/02\/IMG_5613_compress41-1024x683.jpg\" alt=\"\" data-id=\"1686\" data-full-url=\"http:\/\/lichri.radeln-in-den-sonnenaufgang.de\/wp-content\/uploads\/2020\/02\/IMG_5613_compress41.jpg\" data-link=\"http:\/\/lichri.radeln-in-den-sonnenaufgang.de\/?attachment_id=1686\" class=\"wp-image-1686\" srcset=\"http:\/\/lichri.radeln-in-den-sonnenaufgang.de\/wp-content\/uploads\/2020\/02\/IMG_5613_compress41-1024x683.jpg 1024w, http:\/\/lichri.radeln-in-den-sonnenaufgang.de\/wp-content\/uploads\/2020\/02\/IMG_5613_compress41-300x200.jpg 300w, http:\/\/lichri.radeln-in-den-sonnenaufgang.de\/wp-content\/uploads\/2020\/02\/IMG_5613_compress41-768x512.jpg 768w, http:\/\/lichri.radeln-in-den-sonnenaufgang.de\/wp-content\/uploads\/2020\/02\/IMG_5613_compress41.jpg 1296w\" sizes=\"(max-width: 767px) 89vw, (max-width: 1000px) 54vw, (max-width: 1071px) 543px, 580px\" \/><\/figure><\/li><li class=\"blocks-gallery-item\"><figure><img decoding=\"async\" loading=\"lazy\" width=\"1024\" height=\"683\" src=\"http:\/\/lichri.radeln-in-den-sonnenaufgang.de\/wp-content\/uploads\/2020\/02\/IMG_5630_compress69-1024x683.jpg\" alt=\"\" data-id=\"1688\" data-full-url=\"http:\/\/lichri.radeln-in-den-sonnenaufgang.de\/wp-content\/uploads\/2020\/02\/IMG_5630_compress69.jpg\" data-link=\"http:\/\/lichri.radeln-in-den-sonnenaufgang.de\/?attachment_id=1688\" class=\"wp-image-1688\" srcset=\"http:\/\/lichri.radeln-in-den-sonnenaufgang.de\/wp-content\/uploads\/2020\/02\/IMG_5630_compress69-1024x683.jpg 1024w, http:\/\/lichri.radeln-in-den-sonnenaufgang.de\/wp-content\/uploads\/2020\/02\/IMG_5630_compress69-300x200.jpg 300w, http:\/\/lichri.radeln-in-den-sonnenaufgang.de\/wp-content\/uploads\/2020\/02\/IMG_5630_compress69-768x512.jpg 768w, http:\/\/lichri.radeln-in-den-sonnenaufgang.de\/wp-content\/uploads\/2020\/02\/IMG_5630_compress69.jpg 1296w\" sizes=\"(max-width: 767px) 89vw, (max-width: 1000px) 54vw, (max-width: 1071px) 543px, 580px\" \/><\/figure><\/li><li class=\"blocks-gallery-item\"><figure><img decoding=\"async\" loading=\"lazy\" width=\"1024\" height=\"683\" src=\"http:\/\/lichri.radeln-in-den-sonnenaufgang.de\/wp-content\/uploads\/2020\/02\/IMG_5625_compress70-1024x683.jpg\" alt=\"\" data-id=\"1687\" data-full-url=\"http:\/\/lichri.radeln-in-den-sonnenaufgang.de\/wp-content\/uploads\/2020\/02\/IMG_5625_compress70.jpg\" data-link=\"http:\/\/lichri.radeln-in-den-sonnenaufgang.de\/?attachment_id=1687\" class=\"wp-image-1687\" srcset=\"http:\/\/lichri.radeln-in-den-sonnenaufgang.de\/wp-content\/uploads\/2020\/02\/IMG_5625_compress70-1024x683.jpg 1024w, http:\/\/lichri.radeln-in-den-sonnenaufgang.de\/wp-content\/uploads\/2020\/02\/IMG_5625_compress70-300x200.jpg 300w, http:\/\/lichri.radeln-in-den-sonnenaufgang.de\/wp-content\/uploads\/2020\/02\/IMG_5625_compress70-768x512.jpg 768w, http:\/\/lichri.radeln-in-den-sonnenaufgang.de\/wp-content\/uploads\/2020\/02\/IMG_5625_compress70.jpg 1296w\" sizes=\"(max-width: 767px) 89vw, (max-width: 1000px) 54vw, (max-width: 1071px) 543px, 580px\" \/><\/figure><\/li><\/ul><\/figure>\n\n\n\n<p> Wir bekamen tats\u00e4chlich eine Palette von sicher 15 Tassen mit Kaffee- und Teemischungen vorgesetzt sowie einen Lewak-Kaffee, den Chris sich dazu orderte. Dann probierten wir: Bali-Kaffee, Bali-Kakao, Ginseng-Kaffee, Zitronengras-Tee, Kokos-Kaffee, Ingwer-Tee, Ingwer-Kaffee und so weiter und so fort. Einiges davon war wirklich sehr lecker, anderes erinnerte eher an eine billige S\u00fc\u00dfspeise, das n\u00e4chste haute einen von den Socken. Chris, der die Kaffeetassen immer ganz leerte, wurde schon ganz hibbeling, w\u00e4hrend Lisa die Tees nach dem Probieren lassen austrank ihm ank\u00fcndigte, dass er bestimmt bald furchtbar aufs Klo m\u00fcsse. Nachdem auch die letzte Tasse leer war, kam der Lewak-Kaffee dran, angeblich von freilebenden Tieren selektiert und vorverdaut und nicht im K\u00e4fig mit minderwertigem Fr\u00fcchten gem\u00e4stet, wie uns mehrfach ungefragt versichert wurde. H\u00e4tte eigentlich skeptisch machen sollen. Naja. Nach viel Aufregung und dramatischem Luftholen setzte Chris sich das T\u00e4sschen mit der schwarzen Br\u00fche an die Lippen und nahm bed\u00e4chtig einen kleinen Schluck in den Mund, sp\u00fclte kennerhaft und stellte fest: Er hat keine Ahnung von Kaffee \u2013 und keinen Dunst, was da jetzt anders sein soll als beim normalen Kaffee. \u201ePffff, was f\u00fcr eine Entt\u00e4uschung \u2013 aber hey! Jetzt wei\u00df ich, immerhin, dass ich sowas nun wirklich nicht brauche.\u201c<\/p>\n\n\n\n<h4>Titra Empul<\/h4>\n\n\n\n<p>Wir kamen wieder an den Wassertempel und diesmal gingen wir hinein. Als wir eintraten mussten wir uns einen Sarong(?) nehmen und ihn uns um die H\u00fcften wickeln, bevor wir zu den heiligen Quellen der Hindus gehen durften. Hier durften wir Hindus und neugierige Besucher dabei beobachten, wie sie an der rituellen Reinigung in den Quellen teilnahmen, sich an den Wasserspeiern wuschen, R\u00e4ucherst\u00e4bchen entz\u00fcndeten und kleine Opfer brachten. Durch tiefe Becken watend gingen die Besucher von einem Wasserspeier zum n\u00e4chsten, um das Wasch-Ritual dort zu wiederholen, bis sie schlie\u00dflich alle passiert hatten. Andere lie\u00dfen in einem benachbarten Abschnitt des Tempels f\u00fcr sich beten oder nahmen an Gebeten teil. Wir indes \u2013 obgleich es Chris in den Fingern juckte, sich ins Wasser zu schmei\u00dfen und sich unter die Wasserspeier zu stellen und teilzunehmen, einfach um der Erfahrung willen \u2013 gingen durch den Tempel, inspizierten Brunnen und Skulpturen, beobachteten die Rituale und Gebete und fanden schlie\u00dflich auch das Becken, das die heilige Quelle des Tempels fasste, die tats\u00e4chlich sehr sch\u00f6n anzusehen war. In dem Ziegelstein ummauerten Becken sprudelte Wasser durch den schwarzen Sand am Grund ins Becken und wirbelten den Sand in Wellen und Blasen immer wieder nach oben, wodurch der Boden in der Mitte des Beckens selbst zu brodeln schien. Als wir uns etwas von dem Wasser in eine Flasche f\u00fcllten und tranken, war es tats\u00e4chlich sehr k\u00fchl, angenehm in Geschmack und erfrischend.<\/p>\n\n\n\n<figure class=\"is-layout-flex wp-block-gallery-41 wp-block-gallery columns-2 is-cropped\"><ul class=\"blocks-gallery-grid\"><li class=\"blocks-gallery-item\"><figure><img decoding=\"async\" loading=\"lazy\" width=\"1024\" height=\"683\" src=\"http:\/\/lichri.radeln-in-den-sonnenaufgang.de\/wp-content\/uploads\/2020\/02\/IMG_5618_compress20-1024x683.jpg\" alt=\"\" data-id=\"1689\" data-full-url=\"http:\/\/lichri.radeln-in-den-sonnenaufgang.de\/wp-content\/uploads\/2020\/02\/IMG_5618_compress20.jpg\" data-link=\"http:\/\/lichri.radeln-in-den-sonnenaufgang.de\/?attachment_id=1689\" class=\"wp-image-1689\" srcset=\"http:\/\/lichri.radeln-in-den-sonnenaufgang.de\/wp-content\/uploads\/2020\/02\/IMG_5618_compress20-1024x683.jpg 1024w, http:\/\/lichri.radeln-in-den-sonnenaufgang.de\/wp-content\/uploads\/2020\/02\/IMG_5618_compress20-300x200.jpg 300w, http:\/\/lichri.radeln-in-den-sonnenaufgang.de\/wp-content\/uploads\/2020\/02\/IMG_5618_compress20-768x512.jpg 768w, http:\/\/lichri.radeln-in-den-sonnenaufgang.de\/wp-content\/uploads\/2020\/02\/IMG_5618_compress20.jpg 1296w\" sizes=\"(max-width: 767px) 89vw, (max-width: 1000px) 54vw, (max-width: 1071px) 543px, 580px\" \/><\/figure><\/li><li class=\"blocks-gallery-item\"><figure><img decoding=\"async\" loading=\"lazy\" width=\"683\" height=\"1024\" src=\"http:\/\/lichri.radeln-in-den-sonnenaufgang.de\/wp-content\/uploads\/2020\/02\/IMG_5644_compress33-e1582188214854-683x1024.jpg\" alt=\"\" data-id=\"1690\" data-full-url=\"http:\/\/lichri.radeln-in-den-sonnenaufgang.de\/wp-content\/uploads\/2020\/02\/IMG_5644_compress33-e1582188214854.jpg\" data-link=\"http:\/\/lichri.radeln-in-den-sonnenaufgang.de\/?attachment_id=1690\" class=\"wp-image-1690\" srcset=\"http:\/\/lichri.radeln-in-den-sonnenaufgang.de\/wp-content\/uploads\/2020\/02\/IMG_5644_compress33-e1582188214854-683x1024.jpg 683w, http:\/\/lichri.radeln-in-den-sonnenaufgang.de\/wp-content\/uploads\/2020\/02\/IMG_5644_compress33-e1582188214854-200x300.jpg 200w, http:\/\/lichri.radeln-in-den-sonnenaufgang.de\/wp-content\/uploads\/2020\/02\/IMG_5644_compress33-e1582188214854-768x1152.jpg 768w, http:\/\/lichri.radeln-in-den-sonnenaufgang.de\/wp-content\/uploads\/2020\/02\/IMG_5644_compress33-e1582188214854.jpg 864w\" sizes=\"(max-width: 683px) 100vw, 683px\" \/><\/figure><\/li><li class=\"blocks-gallery-item\"><figure><img decoding=\"async\" loading=\"lazy\" width=\"1024\" height=\"683\" src=\"http:\/\/lichri.radeln-in-den-sonnenaufgang.de\/wp-content\/uploads\/2020\/02\/IMG_5636_compress12-1024x683.jpg\" alt=\"\" data-id=\"1691\" data-full-url=\"http:\/\/lichri.radeln-in-den-sonnenaufgang.de\/wp-content\/uploads\/2020\/02\/IMG_5636_compress12.jpg\" data-link=\"http:\/\/lichri.radeln-in-den-sonnenaufgang.de\/?attachment_id=1691\" class=\"wp-image-1691\" srcset=\"http:\/\/lichri.radeln-in-den-sonnenaufgang.de\/wp-content\/uploads\/2020\/02\/IMG_5636_compress12-1024x683.jpg 1024w, http:\/\/lichri.radeln-in-den-sonnenaufgang.de\/wp-content\/uploads\/2020\/02\/IMG_5636_compress12-300x200.jpg 300w, http:\/\/lichri.radeln-in-den-sonnenaufgang.de\/wp-content\/uploads\/2020\/02\/IMG_5636_compress12-768x512.jpg 768w, http:\/\/lichri.radeln-in-den-sonnenaufgang.de\/wp-content\/uploads\/2020\/02\/IMG_5636_compress12.jpg 1296w\" sizes=\"(max-width: 767px) 89vw, (max-width: 1000px) 54vw, (max-width: 1071px) 543px, 580px\" \/><\/figure><\/li><li class=\"blocks-gallery-item\"><figure><img decoding=\"async\" loading=\"lazy\" width=\"683\" height=\"1024\" src=\"http:\/\/lichri.radeln-in-den-sonnenaufgang.de\/wp-content\/uploads\/2020\/02\/IMG_5663_compress90-e1582188229474-683x1024.jpg\" alt=\"\" data-id=\"1692\" data-full-url=\"http:\/\/lichri.radeln-in-den-sonnenaufgang.de\/wp-content\/uploads\/2020\/02\/IMG_5663_compress90-e1582188229474.jpg\" data-link=\"http:\/\/lichri.radeln-in-den-sonnenaufgang.de\/?attachment_id=1692\" class=\"wp-image-1692\" srcset=\"http:\/\/lichri.radeln-in-den-sonnenaufgang.de\/wp-content\/uploads\/2020\/02\/IMG_5663_compress90-e1582188229474-683x1024.jpg 683w, http:\/\/lichri.radeln-in-den-sonnenaufgang.de\/wp-content\/uploads\/2020\/02\/IMG_5663_compress90-e1582188229474-200x300.jpg 200w, http:\/\/lichri.radeln-in-den-sonnenaufgang.de\/wp-content\/uploads\/2020\/02\/IMG_5663_compress90-e1582188229474-768x1152.jpg 768w, http:\/\/lichri.radeln-in-den-sonnenaufgang.de\/wp-content\/uploads\/2020\/02\/IMG_5663_compress90-e1582188229474.jpg 864w\" sizes=\"(max-width: 683px) 100vw, 683px\" \/><\/figure><\/li><li class=\"blocks-gallery-item\"><figure><img decoding=\"async\" loading=\"lazy\" width=\"683\" height=\"1024\" src=\"http:\/\/lichri.radeln-in-den-sonnenaufgang.de\/wp-content\/uploads\/2020\/02\/IMG_5668_compress46-e1582188265781-683x1024.jpg\" alt=\"\" data-id=\"1694\" data-full-url=\"http:\/\/lichri.radeln-in-den-sonnenaufgang.de\/wp-content\/uploads\/2020\/02\/IMG_5668_compress46-e1582188265781.jpg\" data-link=\"http:\/\/lichri.radeln-in-den-sonnenaufgang.de\/?attachment_id=1694\" class=\"wp-image-1694\" srcset=\"http:\/\/lichri.radeln-in-den-sonnenaufgang.de\/wp-content\/uploads\/2020\/02\/IMG_5668_compress46-e1582188265781-683x1024.jpg 683w, http:\/\/lichri.radeln-in-den-sonnenaufgang.de\/wp-content\/uploads\/2020\/02\/IMG_5668_compress46-e1582188265781-200x300.jpg 200w, http:\/\/lichri.radeln-in-den-sonnenaufgang.de\/wp-content\/uploads\/2020\/02\/IMG_5668_compress46-e1582188265781-768x1152.jpg 768w, http:\/\/lichri.radeln-in-den-sonnenaufgang.de\/wp-content\/uploads\/2020\/02\/IMG_5668_compress46-e1582188265781.jpg 864w\" sizes=\"(max-width: 683px) 100vw, 683px\" \/><\/figure><\/li><li class=\"blocks-gallery-item\"><figure><img decoding=\"async\" loading=\"lazy\" width=\"683\" height=\"1024\" src=\"http:\/\/lichri.radeln-in-den-sonnenaufgang.de\/wp-content\/uploads\/2020\/02\/IMG_5679_compress0-e1582188245596-683x1024.jpg\" alt=\"\" data-id=\"1695\" data-full-url=\"http:\/\/lichri.radeln-in-den-sonnenaufgang.de\/wp-content\/uploads\/2020\/02\/IMG_5679_compress0-e1582188245596.jpg\" data-link=\"http:\/\/lichri.radeln-in-den-sonnenaufgang.de\/?attachment_id=1695\" class=\"wp-image-1695\" srcset=\"http:\/\/lichri.radeln-in-den-sonnenaufgang.de\/wp-content\/uploads\/2020\/02\/IMG_5679_compress0-e1582188245596-683x1024.jpg 683w, http:\/\/lichri.radeln-in-den-sonnenaufgang.de\/wp-content\/uploads\/2020\/02\/IMG_5679_compress0-e1582188245596-200x300.jpg 200w, http:\/\/lichri.radeln-in-den-sonnenaufgang.de\/wp-content\/uploads\/2020\/02\/IMG_5679_compress0-e1582188245596-768x1152.jpg 768w, http:\/\/lichri.radeln-in-den-sonnenaufgang.de\/wp-content\/uploads\/2020\/02\/IMG_5679_compress0-e1582188245596.jpg 864w\" sizes=\"(max-width: 683px) 100vw, 683px\" \/><\/figure><\/li><li class=\"blocks-gallery-item\"><figure><img decoding=\"async\" loading=\"lazy\" width=\"683\" height=\"1024\" src=\"http:\/\/lichri.radeln-in-den-sonnenaufgang.de\/wp-content\/uploads\/2020\/02\/IMG_5694_compress17-e1582188283146-683x1024.jpg\" alt=\"\" data-id=\"1696\" data-full-url=\"http:\/\/lichri.radeln-in-den-sonnenaufgang.de\/wp-content\/uploads\/2020\/02\/IMG_5694_compress17-e1582188283146.jpg\" data-link=\"http:\/\/lichri.radeln-in-den-sonnenaufgang.de\/?attachment_id=1696\" class=\"wp-image-1696\" srcset=\"http:\/\/lichri.radeln-in-den-sonnenaufgang.de\/wp-content\/uploads\/2020\/02\/IMG_5694_compress17-e1582188283146-683x1024.jpg 683w, http:\/\/lichri.radeln-in-den-sonnenaufgang.de\/wp-content\/uploads\/2020\/02\/IMG_5694_compress17-e1582188283146-200x300.jpg 200w, http:\/\/lichri.radeln-in-den-sonnenaufgang.de\/wp-content\/uploads\/2020\/02\/IMG_5694_compress17-e1582188283146-768x1152.jpg 768w, http:\/\/lichri.radeln-in-den-sonnenaufgang.de\/wp-content\/uploads\/2020\/02\/IMG_5694_compress17-e1582188283146.jpg 864w\" sizes=\"(max-width: 683px) 100vw, 683px\" \/><\/figure><\/li><li class=\"blocks-gallery-item\"><figure><img decoding=\"async\" loading=\"lazy\" width=\"1024\" height=\"683\" src=\"http:\/\/lichri.radeln-in-den-sonnenaufgang.de\/wp-content\/uploads\/2020\/02\/IMG_5772_compress84-1024x683.jpg\" alt=\"\" data-id=\"1697\" data-full-url=\"http:\/\/lichri.radeln-in-den-sonnenaufgang.de\/wp-content\/uploads\/2020\/02\/IMG_5772_compress84.jpg\" data-link=\"http:\/\/lichri.radeln-in-den-sonnenaufgang.de\/?attachment_id=1697\" class=\"wp-image-1697\" srcset=\"http:\/\/lichri.radeln-in-den-sonnenaufgang.de\/wp-content\/uploads\/2020\/02\/IMG_5772_compress84-1024x683.jpg 1024w, http:\/\/lichri.radeln-in-den-sonnenaufgang.de\/wp-content\/uploads\/2020\/02\/IMG_5772_compress84-300x200.jpg 300w, http:\/\/lichri.radeln-in-den-sonnenaufgang.de\/wp-content\/uploads\/2020\/02\/IMG_5772_compress84-768x512.jpg 768w, http:\/\/lichri.radeln-in-den-sonnenaufgang.de\/wp-content\/uploads\/2020\/02\/IMG_5772_compress84.jpg 1296w\" sizes=\"(max-width: 767px) 89vw, (max-width: 1000px) 54vw, (max-width: 1071px) 543px, 580px\" \/><\/figure><\/li><li class=\"blocks-gallery-item\"><figure><img decoding=\"async\" loading=\"lazy\" width=\"1024\" height=\"683\" src=\"http:\/\/lichri.radeln-in-den-sonnenaufgang.de\/wp-content\/uploads\/2020\/02\/IMG_5782_compress95-1024x683.jpg\" alt=\"\" data-id=\"1698\" data-full-url=\"http:\/\/lichri.radeln-in-den-sonnenaufgang.de\/wp-content\/uploads\/2020\/02\/IMG_5782_compress95.jpg\" data-link=\"http:\/\/lichri.radeln-in-den-sonnenaufgang.de\/?attachment_id=1698\" class=\"wp-image-1698\" srcset=\"http:\/\/lichri.radeln-in-den-sonnenaufgang.de\/wp-content\/uploads\/2020\/02\/IMG_5782_compress95-1024x683.jpg 1024w, http:\/\/lichri.radeln-in-den-sonnenaufgang.de\/wp-content\/uploads\/2020\/02\/IMG_5782_compress95-300x200.jpg 300w, http:\/\/lichri.radeln-in-den-sonnenaufgang.de\/wp-content\/uploads\/2020\/02\/IMG_5782_compress95-768x512.jpg 768w, http:\/\/lichri.radeln-in-den-sonnenaufgang.de\/wp-content\/uploads\/2020\/02\/IMG_5782_compress95.jpg 1296w\" sizes=\"(max-width: 767px) 89vw, (max-width: 1000px) 54vw, (max-width: 1071px) 543px, 580px\" \/><\/figure><\/li><li class=\"blocks-gallery-item\"><figure><img decoding=\"async\" loading=\"lazy\" width=\"683\" height=\"1024\" src=\"http:\/\/lichri.radeln-in-den-sonnenaufgang.de\/wp-content\/uploads\/2020\/02\/IMG_5787_compress54-e1582188301765-683x1024.jpg\" alt=\"\" data-id=\"1700\" data-full-url=\"http:\/\/lichri.radeln-in-den-sonnenaufgang.de\/wp-content\/uploads\/2020\/02\/IMG_5787_compress54-e1582188301765.jpg\" data-link=\"http:\/\/lichri.radeln-in-den-sonnenaufgang.de\/?attachment_id=1700\" class=\"wp-image-1700\" srcset=\"http:\/\/lichri.radeln-in-den-sonnenaufgang.de\/wp-content\/uploads\/2020\/02\/IMG_5787_compress54-e1582188301765-683x1024.jpg 683w, http:\/\/lichri.radeln-in-den-sonnenaufgang.de\/wp-content\/uploads\/2020\/02\/IMG_5787_compress54-e1582188301765-200x300.jpg 200w, http:\/\/lichri.radeln-in-den-sonnenaufgang.de\/wp-content\/uploads\/2020\/02\/IMG_5787_compress54-e1582188301765-768x1152.jpg 768w, http:\/\/lichri.radeln-in-den-sonnenaufgang.de\/wp-content\/uploads\/2020\/02\/IMG_5787_compress54-e1582188301765.jpg 864w\" sizes=\"(max-width: 683px) 100vw, 683px\" \/><\/figure><\/li><li class=\"blocks-gallery-item\"><figure><img decoding=\"async\" loading=\"lazy\" width=\"683\" height=\"1024\" src=\"http:\/\/lichri.radeln-in-den-sonnenaufgang.de\/wp-content\/uploads\/2020\/02\/IMG_5776_compress97-e1582188317184-683x1024.jpg\" alt=\"\" data-id=\"1701\" data-full-url=\"http:\/\/lichri.radeln-in-den-sonnenaufgang.de\/wp-content\/uploads\/2020\/02\/IMG_5776_compress97-e1582188317184.jpg\" data-link=\"http:\/\/lichri.radeln-in-den-sonnenaufgang.de\/?attachment_id=1701\" class=\"wp-image-1701\" srcset=\"http:\/\/lichri.radeln-in-den-sonnenaufgang.de\/wp-content\/uploads\/2020\/02\/IMG_5776_compress97-e1582188317184-683x1024.jpg 683w, http:\/\/lichri.radeln-in-den-sonnenaufgang.de\/wp-content\/uploads\/2020\/02\/IMG_5776_compress97-e1582188317184-200x300.jpg 200w, http:\/\/lichri.radeln-in-den-sonnenaufgang.de\/wp-content\/uploads\/2020\/02\/IMG_5776_compress97-e1582188317184-768x1152.jpg 768w, http:\/\/lichri.radeln-in-den-sonnenaufgang.de\/wp-content\/uploads\/2020\/02\/IMG_5776_compress97-e1582188317184.jpg 864w\" sizes=\"(max-width: 683px) 100vw, 683px\" \/><\/figure><\/li><li class=\"blocks-gallery-item\"><figure><img decoding=\"async\" loading=\"lazy\" width=\"683\" height=\"1024\" src=\"http:\/\/lichri.radeln-in-den-sonnenaufgang.de\/wp-content\/uploads\/2020\/02\/IMG_5788_compress79-e1582188335546-683x1024.jpg\" alt=\"\" data-id=\"1702\" data-full-url=\"http:\/\/lichri.radeln-in-den-sonnenaufgang.de\/wp-content\/uploads\/2020\/02\/IMG_5788_compress79-e1582188335546.jpg\" data-link=\"http:\/\/lichri.radeln-in-den-sonnenaufgang.de\/?attachment_id=1702\" class=\"wp-image-1702\" srcset=\"http:\/\/lichri.radeln-in-den-sonnenaufgang.de\/wp-content\/uploads\/2020\/02\/IMG_5788_compress79-e1582188335546-683x1024.jpg 683w, http:\/\/lichri.radeln-in-den-sonnenaufgang.de\/wp-content\/uploads\/2020\/02\/IMG_5788_compress79-e1582188335546-200x300.jpg 200w, http:\/\/lichri.radeln-in-den-sonnenaufgang.de\/wp-content\/uploads\/2020\/02\/IMG_5788_compress79-e1582188335546-768x1152.jpg 768w, http:\/\/lichri.radeln-in-den-sonnenaufgang.de\/wp-content\/uploads\/2020\/02\/IMG_5788_compress79-e1582188335546.jpg 864w\" sizes=\"(max-width: 683px) 100vw, 683px\" \/><\/figure><\/li><li class=\"blocks-gallery-item\"><figure><img decoding=\"async\" loading=\"lazy\" width=\"1024\" height=\"683\" src=\"http:\/\/lichri.radeln-in-den-sonnenaufgang.de\/wp-content\/uploads\/2020\/02\/IMG_5730_compress39-1024x683.jpg\" alt=\"\" data-id=\"1703\" data-full-url=\"http:\/\/lichri.radeln-in-den-sonnenaufgang.de\/wp-content\/uploads\/2020\/02\/IMG_5730_compress39.jpg\" data-link=\"http:\/\/lichri.radeln-in-den-sonnenaufgang.de\/?attachment_id=1703\" class=\"wp-image-1703\" srcset=\"http:\/\/lichri.radeln-in-den-sonnenaufgang.de\/wp-content\/uploads\/2020\/02\/IMG_5730_compress39-1024x683.jpg 1024w, http:\/\/lichri.radeln-in-den-sonnenaufgang.de\/wp-content\/uploads\/2020\/02\/IMG_5730_compress39-300x200.jpg 300w, http:\/\/lichri.radeln-in-den-sonnenaufgang.de\/wp-content\/uploads\/2020\/02\/IMG_5730_compress39-768x512.jpg 768w, http:\/\/lichri.radeln-in-den-sonnenaufgang.de\/wp-content\/uploads\/2020\/02\/IMG_5730_compress39.jpg 1296w\" sizes=\"(max-width: 767px) 89vw, (max-width: 1000px) 54vw, (max-width: 1071px) 543px, 580px\" \/><\/figure><\/li><li class=\"blocks-gallery-item\"><figure><img decoding=\"async\" loading=\"lazy\" width=\"1024\" height=\"683\" src=\"http:\/\/lichri.radeln-in-den-sonnenaufgang.de\/wp-content\/uploads\/2020\/02\/IMG_5741_compress91-1024x683.jpg\" alt=\"\" data-id=\"1705\" data-full-url=\"http:\/\/lichri.radeln-in-den-sonnenaufgang.de\/wp-content\/uploads\/2020\/02\/IMG_5741_compress91.jpg\" data-link=\"http:\/\/lichri.radeln-in-den-sonnenaufgang.de\/?attachment_id=1705\" class=\"wp-image-1705\" srcset=\"http:\/\/lichri.radeln-in-den-sonnenaufgang.de\/wp-content\/uploads\/2020\/02\/IMG_5741_compress91-1024x683.jpg 1024w, http:\/\/lichri.radeln-in-den-sonnenaufgang.de\/wp-content\/uploads\/2020\/02\/IMG_5741_compress91-300x200.jpg 300w, http:\/\/lichri.radeln-in-den-sonnenaufgang.de\/wp-content\/uploads\/2020\/02\/IMG_5741_compress91-768x512.jpg 768w, http:\/\/lichri.radeln-in-den-sonnenaufgang.de\/wp-content\/uploads\/2020\/02\/IMG_5741_compress91.jpg 1296w\" sizes=\"(max-width: 767px) 89vw, (max-width: 1000px) 54vw, (max-width: 1071px) 543px, 580px\" \/><\/figure><\/li><li class=\"blocks-gallery-item\"><figure><img decoding=\"async\" loading=\"lazy\" width=\"1024\" height=\"683\" src=\"http:\/\/lichri.radeln-in-den-sonnenaufgang.de\/wp-content\/uploads\/2020\/02\/IMG_5714_compress31-1024x683.jpg\" alt=\"\" data-id=\"1708\" data-full-url=\"http:\/\/lichri.radeln-in-den-sonnenaufgang.de\/wp-content\/uploads\/2020\/02\/IMG_5714_compress31.jpg\" data-link=\"http:\/\/lichri.radeln-in-den-sonnenaufgang.de\/?attachment_id=1708\" class=\"wp-image-1708\" srcset=\"http:\/\/lichri.radeln-in-den-sonnenaufgang.de\/wp-content\/uploads\/2020\/02\/IMG_5714_compress31-1024x683.jpg 1024w, http:\/\/lichri.radeln-in-den-sonnenaufgang.de\/wp-content\/uploads\/2020\/02\/IMG_5714_compress31-300x200.jpg 300w, http:\/\/lichri.radeln-in-den-sonnenaufgang.de\/wp-content\/uploads\/2020\/02\/IMG_5714_compress31-768x512.jpg 768w, http:\/\/lichri.radeln-in-den-sonnenaufgang.de\/wp-content\/uploads\/2020\/02\/IMG_5714_compress31.jpg 1296w\" sizes=\"(max-width: 767px) 89vw, (max-width: 1000px) 54vw, (max-width: 1071px) 543px, 580px\" \/><\/figure><\/li><li class=\"blocks-gallery-item\"><figure><img decoding=\"async\" loading=\"lazy\" width=\"1024\" height=\"683\" src=\"http:\/\/lichri.radeln-in-den-sonnenaufgang.de\/wp-content\/uploads\/2020\/02\/IMG_5737_compress8-1024x683.jpg\" alt=\"\" data-id=\"1709\" data-full-url=\"http:\/\/lichri.radeln-in-den-sonnenaufgang.de\/wp-content\/uploads\/2020\/02\/IMG_5737_compress8.jpg\" data-link=\"http:\/\/lichri.radeln-in-den-sonnenaufgang.de\/?attachment_id=1709\" class=\"wp-image-1709\" srcset=\"http:\/\/lichri.radeln-in-den-sonnenaufgang.de\/wp-content\/uploads\/2020\/02\/IMG_5737_compress8-1024x683.jpg 1024w, http:\/\/lichri.radeln-in-den-sonnenaufgang.de\/wp-content\/uploads\/2020\/02\/IMG_5737_compress8-300x200.jpg 300w, http:\/\/lichri.radeln-in-den-sonnenaufgang.de\/wp-content\/uploads\/2020\/02\/IMG_5737_compress8-768x512.jpg 768w, http:\/\/lichri.radeln-in-den-sonnenaufgang.de\/wp-content\/uploads\/2020\/02\/IMG_5737_compress8.jpg 1296w\" sizes=\"(max-width: 767px) 89vw, (max-width: 1000px) 54vw, (max-width: 1071px) 543px, 580px\" \/><\/figure><\/li><li class=\"blocks-gallery-item\"><figure><img decoding=\"async\" loading=\"lazy\" width=\"683\" height=\"1024\" src=\"http:\/\/lichri.radeln-in-den-sonnenaufgang.de\/wp-content\/uploads\/2020\/02\/IMG_5712_compress25-e1582188377956-683x1024.jpg\" alt=\"\" data-id=\"1710\" data-full-url=\"http:\/\/lichri.radeln-in-den-sonnenaufgang.de\/wp-content\/uploads\/2020\/02\/IMG_5712_compress25-e1582188377956.jpg\" data-link=\"http:\/\/lichri.radeln-in-den-sonnenaufgang.de\/?attachment_id=1710\" class=\"wp-image-1710\" srcset=\"http:\/\/lichri.radeln-in-den-sonnenaufgang.de\/wp-content\/uploads\/2020\/02\/IMG_5712_compress25-e1582188377956-683x1024.jpg 683w, http:\/\/lichri.radeln-in-den-sonnenaufgang.de\/wp-content\/uploads\/2020\/02\/IMG_5712_compress25-e1582188377956-200x300.jpg 200w, http:\/\/lichri.radeln-in-den-sonnenaufgang.de\/wp-content\/uploads\/2020\/02\/IMG_5712_compress25-e1582188377956-768x1152.jpg 768w, http:\/\/lichri.radeln-in-den-sonnenaufgang.de\/wp-content\/uploads\/2020\/02\/IMG_5712_compress25-e1582188377956.jpg 864w\" sizes=\"(max-width: 683px) 100vw, 683px\" \/><\/figure><\/li><\/ul><\/figure>\n\n\n\n<p>Wir zogen weiter, wurden am Ausgang noch in die Labyrinth gleichen Touri-M\u00e4rkte geschickt, wo man uns allerlei andrehen wollte und schafften es schlie\u00dflich zu und dann mit unserem Roller dem Kommerz an der heiligen Hindust\u00e4tte zu entfliehen. Doch kamen wir nicht wirklich gut voran, denn wir hatten keinen Saft mehr auf unseren Ger\u00e4ten und wussten dementsprechend nicht recht wohin in dem un\u00fcberschaubaren Geflecht von Stra\u00dfen, das zwischen Reisfeldern und Siedlungen an den H\u00e4ngen hinab f\u00fchrt. <\/p>\n\n\n\n<figure class=\"wp-block-image size-large\"><img decoding=\"async\" loading=\"lazy\" width=\"683\" height=\"1024\" src=\"http:\/\/lichri.radeln-in-den-sonnenaufgang.de\/wp-content\/uploads\/2020\/02\/IMG_5796_compress15-e1582188390925-683x1024.jpg\" alt=\"\" class=\"wp-image-1711\" srcset=\"http:\/\/lichri.radeln-in-den-sonnenaufgang.de\/wp-content\/uploads\/2020\/02\/IMG_5796_compress15-e1582188390925-683x1024.jpg 683w, http:\/\/lichri.radeln-in-den-sonnenaufgang.de\/wp-content\/uploads\/2020\/02\/IMG_5796_compress15-e1582188390925-200x300.jpg 200w, http:\/\/lichri.radeln-in-den-sonnenaufgang.de\/wp-content\/uploads\/2020\/02\/IMG_5796_compress15-e1582188390925-768x1152.jpg 768w, http:\/\/lichri.radeln-in-den-sonnenaufgang.de\/wp-content\/uploads\/2020\/02\/IMG_5796_compress15-e1582188390925.jpg 864w\" sizes=\"(max-width: 683px) 100vw, 683px\" \/><\/figure>\n\n\n\n<p>Mithilfe mehrere netter Einheimischer, die uns entweder f\u00fchrten oder anwiesen, schafften wir es nach einer etwas l\u00e4ngeren Irrfahrt im Zwielicht der D\u00e4mmerung zum Mountain Garden zur\u00fcck. Und da wir wussten wo wir jetzt hingehen w\u00fcrden und den Weg kannten, stand dem glorreichen Abschluss dieses erlebnisreichen Tages nichts mehr im Weg \u2013 und so schlemmten wir\u2026<\/p>\n\n\n\n<h4>Die R\u00fcckreise antreten<\/h4>\n\n\n\n<figure class=\"is-layout-flex wp-block-gallery-43 wp-block-gallery columns-2 is-cropped\"><ul class=\"blocks-gallery-grid\"><li class=\"blocks-gallery-item\"><figure><img decoding=\"async\" loading=\"lazy\" width=\"683\" height=\"1024\" src=\"http:\/\/lichri.radeln-in-den-sonnenaufgang.de\/wp-content\/uploads\/2020\/02\/IMG_5806_compress42-e1582188433697-683x1024.jpg\" alt=\"\" data-id=\"1714\" data-full-url=\"http:\/\/lichri.radeln-in-den-sonnenaufgang.de\/wp-content\/uploads\/2020\/02\/IMG_5806_compress42-e1582188433697.jpg\" data-link=\"http:\/\/lichri.radeln-in-den-sonnenaufgang.de\/?attachment_id=1714\" class=\"wp-image-1714\" srcset=\"http:\/\/lichri.radeln-in-den-sonnenaufgang.de\/wp-content\/uploads\/2020\/02\/IMG_5806_compress42-e1582188433697-683x1024.jpg 683w, http:\/\/lichri.radeln-in-den-sonnenaufgang.de\/wp-content\/uploads\/2020\/02\/IMG_5806_compress42-e1582188433697-200x300.jpg 200w, http:\/\/lichri.radeln-in-den-sonnenaufgang.de\/wp-content\/uploads\/2020\/02\/IMG_5806_compress42-e1582188433697-768x1152.jpg 768w, http:\/\/lichri.radeln-in-den-sonnenaufgang.de\/wp-content\/uploads\/2020\/02\/IMG_5806_compress42-e1582188433697.jpg 864w\" sizes=\"(max-width: 683px) 100vw, 683px\" \/><\/figure><\/li><li class=\"blocks-gallery-item\"><figure><img decoding=\"async\" loading=\"lazy\" width=\"683\" height=\"1024\" src=\"http:\/\/lichri.radeln-in-den-sonnenaufgang.de\/wp-content\/uploads\/2020\/02\/IMG_5813_compress5-e1582188409695-683x1024.jpg\" alt=\"\" data-id=\"1713\" data-full-url=\"http:\/\/lichri.radeln-in-den-sonnenaufgang.de\/wp-content\/uploads\/2020\/02\/IMG_5813_compress5-e1582188409695.jpg\" data-link=\"http:\/\/lichri.radeln-in-den-sonnenaufgang.de\/?attachment_id=1713\" class=\"wp-image-1713\" srcset=\"http:\/\/lichri.radeln-in-den-sonnenaufgang.de\/wp-content\/uploads\/2020\/02\/IMG_5813_compress5-e1582188409695-683x1024.jpg 683w, http:\/\/lichri.radeln-in-den-sonnenaufgang.de\/wp-content\/uploads\/2020\/02\/IMG_5813_compress5-e1582188409695-200x300.jpg 200w, http:\/\/lichri.radeln-in-den-sonnenaufgang.de\/wp-content\/uploads\/2020\/02\/IMG_5813_compress5-e1582188409695-768x1152.jpg 768w, http:\/\/lichri.radeln-in-den-sonnenaufgang.de\/wp-content\/uploads\/2020\/02\/IMG_5813_compress5-e1582188409695.jpg 864w\" sizes=\"(max-width: 683px) 100vw, 683px\" \/><\/figure><\/li><li class=\"blocks-gallery-item\"><figure><img decoding=\"async\" loading=\"lazy\" width=\"1024\" height=\"683\" src=\"http:\/\/lichri.radeln-in-den-sonnenaufgang.de\/wp-content\/uploads\/2020\/02\/IMG_5804_compress47-1024x683.jpg\" alt=\"\" data-id=\"1712\" data-full-url=\"http:\/\/lichri.radeln-in-den-sonnenaufgang.de\/wp-content\/uploads\/2020\/02\/IMG_5804_compress47.jpg\" data-link=\"http:\/\/lichri.radeln-in-den-sonnenaufgang.de\/?attachment_id=1712\" class=\"wp-image-1712\" srcset=\"http:\/\/lichri.radeln-in-den-sonnenaufgang.de\/wp-content\/uploads\/2020\/02\/IMG_5804_compress47-1024x683.jpg 1024w, http:\/\/lichri.radeln-in-den-sonnenaufgang.de\/wp-content\/uploads\/2020\/02\/IMG_5804_compress47-300x200.jpg 300w, http:\/\/lichri.radeln-in-den-sonnenaufgang.de\/wp-content\/uploads\/2020\/02\/IMG_5804_compress47-768x512.jpg 768w, http:\/\/lichri.radeln-in-den-sonnenaufgang.de\/wp-content\/uploads\/2020\/02\/IMG_5804_compress47.jpg 1296w\" sizes=\"(max-width: 767px) 89vw, (max-width: 1000px) 54vw, (max-width: 1071px) 543px, 580px\" \/><\/figure><\/li><\/ul><\/figure>\n\n\n\n<p>In den n\u00e4chsten Tagen w\u00fcrden wir wieder nach Java fahren, in Jakarta die F\u00e4hre nehmen, die einmal w\u00f6chentlich vom Hafen Tanjung Priok ablegte und mit ihr nach Batam und mit einer weiteren F\u00e4hrfahrt nach Singapur zur\u00fcckkehren, bevor wir zu unseren R\u00e4dern auf Penang (Malaysia) und schlie\u00dflich nach Bangkok wieder gen Norden fuhren, um dort unsere Schlafs\u00e4cke und warmen Sachen abzuholen.<\/p>\n\n\n\n<figure class=\"wp-block-image size-large\"><img decoding=\"async\" loading=\"lazy\" width=\"1024\" height=\"768\" src=\"http:\/\/lichri.radeln-in-den-sonnenaufgang.de\/wp-content\/uploads\/2020\/02\/DSC_0075_compress42-1024x768.jpg\" alt=\"\" class=\"wp-image-1748\" srcset=\"http:\/\/lichri.radeln-in-den-sonnenaufgang.de\/wp-content\/uploads\/2020\/02\/DSC_0075_compress42-1024x768.jpg 1024w, http:\/\/lichri.radeln-in-den-sonnenaufgang.de\/wp-content\/uploads\/2020\/02\/DSC_0075_compress42-300x225.jpg 300w, http:\/\/lichri.radeln-in-den-sonnenaufgang.de\/wp-content\/uploads\/2020\/02\/DSC_0075_compress42-768x576.jpg 768w, http:\/\/lichri.radeln-in-den-sonnenaufgang.de\/wp-content\/uploads\/2020\/02\/DSC_0075_compress42.jpg 1312w\" sizes=\"(max-width: 767px) 89vw, (max-width: 1000px) 54vw, (max-width: 1071px) 543px, 580px\" \/><\/figure>\n\n\n\n<p>Also bestiegen wir am Mittag des 11. Februar den Bus von Mengwi nach Yogyakarta, fuhren \u00fcber Nacht und kamen am fr\u00fchen Morgen in der Gro\u00dfstadt Javas an. Nach etwas Besinnung und der Suche nach einer Unterkunft, brachen wir mit einem GRAB-Taxi auf. Die erwiesen sich durch die komfortable App und Preistransparenz als wirklich praktisch, um k\u00fcrzere Distanzen zu \u00fcberbr\u00fccken. So hatten wir inzwischen immerhin ein paar Wege gefunden, bezahlbar ohne Fahrr\u00e4der von A nach B zu kommen. <\/p>\n\n\n\n<p>An unserem recht g\u00fcnstigen aber doch auch schicken Bed and Breakfast angekommen, versuchten wir einfach mal unser Gl\u00fcck und traten ein. Die T\u00fcr ging auf und niemand war da. Also machten wir es uns am Tisch gem\u00fctlich, genehmigten uns schon mal vom Gratis-Kaffee und Tee und warteten darauf, dass Personal auftauchte, um unser Gep\u00e4ck hier zu lassen und die Stadt zu erkunden bis wir einchecken durften. Als dann tats\u00e4chlich jemand kam durften wir jedoch direkt ein Zimmer beziehen, womit wir nicht gerechnet hatten und so legten wir uns \u2013 v\u00f6llig fertig von der Nacht im Bus \u2013 doch noch mal schlafen. Zufrieden und mit dem dankbaren Gef\u00fchl drei N\u00e4chte f\u00fcr den Preis von zwei bekommen zu haben suchten wir uns schlie\u00dflich um die Mittagszeit ein Caf\u00e9 und brunchten ausgiebig. Zu Fu\u00df machten wir uns schlie\u00dflich auf den Weg durch die Stadt. Gl\u00fccklicherweise waren die F\u00fc\u00dfe schon etwas abgeheilt, was uns erlaubte, die kunstvoll mit Graffitis dekorierten G\u00e4sschen der Stadt zu erkunden. Wir wurden in Galerien gef\u00fchrt, wo wir uns Batik-Kunst ansahen (mehrfach), sa\u00dfen mit den Rikschafahrern an Stra\u00dfenecken, beobachteten die Leute und tanzten auf dem B\u00fcrgersteig mit den lustigen Einheimischen zur Musik aus deren Musik-Boxen. <\/p>\n\n\n\n<figure class=\"is-layout-flex wp-block-gallery-45 wp-block-gallery columns-2 is-cropped\"><ul class=\"blocks-gallery-grid\"><li class=\"blocks-gallery-item\"><figure><img decoding=\"async\" loading=\"lazy\" width=\"1024\" height=\"683\" src=\"http:\/\/lichri.radeln-in-den-sonnenaufgang.de\/wp-content\/uploads\/2020\/02\/IMG_5825_compress9-1024x683.jpg\" alt=\"\" data-id=\"1717\" data-full-url=\"http:\/\/lichri.radeln-in-den-sonnenaufgang.de\/wp-content\/uploads\/2020\/02\/IMG_5825_compress9.jpg\" data-link=\"http:\/\/lichri.radeln-in-den-sonnenaufgang.de\/?attachment_id=1717\" class=\"wp-image-1717\" srcset=\"http:\/\/lichri.radeln-in-den-sonnenaufgang.de\/wp-content\/uploads\/2020\/02\/IMG_5825_compress9-1024x683.jpg 1024w, http:\/\/lichri.radeln-in-den-sonnenaufgang.de\/wp-content\/uploads\/2020\/02\/IMG_5825_compress9-300x200.jpg 300w, http:\/\/lichri.radeln-in-den-sonnenaufgang.de\/wp-content\/uploads\/2020\/02\/IMG_5825_compress9-768x512.jpg 768w, http:\/\/lichri.radeln-in-den-sonnenaufgang.de\/wp-content\/uploads\/2020\/02\/IMG_5825_compress9.jpg 1296w\" sizes=\"(max-width: 767px) 89vw, (max-width: 1000px) 54vw, (max-width: 1071px) 543px, 580px\" \/><\/figure><\/li><li class=\"blocks-gallery-item\"><figure><img decoding=\"async\" loading=\"lazy\" width=\"1024\" height=\"683\" src=\"http:\/\/lichri.radeln-in-den-sonnenaufgang.de\/wp-content\/uploads\/2020\/02\/IMG_5826_compress37-1024x683.jpg\" alt=\"\" data-id=\"1715\" data-full-url=\"http:\/\/lichri.radeln-in-den-sonnenaufgang.de\/wp-content\/uploads\/2020\/02\/IMG_5826_compress37.jpg\" data-link=\"http:\/\/lichri.radeln-in-den-sonnenaufgang.de\/?attachment_id=1715\" class=\"wp-image-1715\" srcset=\"http:\/\/lichri.radeln-in-den-sonnenaufgang.de\/wp-content\/uploads\/2020\/02\/IMG_5826_compress37-1024x683.jpg 1024w, http:\/\/lichri.radeln-in-den-sonnenaufgang.de\/wp-content\/uploads\/2020\/02\/IMG_5826_compress37-300x200.jpg 300w, http:\/\/lichri.radeln-in-den-sonnenaufgang.de\/wp-content\/uploads\/2020\/02\/IMG_5826_compress37-768x512.jpg 768w, http:\/\/lichri.radeln-in-den-sonnenaufgang.de\/wp-content\/uploads\/2020\/02\/IMG_5826_compress37.jpg 1296w\" sizes=\"(max-width: 767px) 89vw, (max-width: 1000px) 54vw, (max-width: 1071px) 543px, 580px\" \/><\/figure><\/li><li class=\"blocks-gallery-item\"><figure><img decoding=\"async\" loading=\"lazy\" width=\"1024\" height=\"683\" src=\"http:\/\/lichri.radeln-in-den-sonnenaufgang.de\/wp-content\/uploads\/2020\/02\/IMG_5829_compress80-1024x683.jpg\" alt=\"\" data-id=\"1720\" data-full-url=\"http:\/\/lichri.radeln-in-den-sonnenaufgang.de\/wp-content\/uploads\/2020\/02\/IMG_5829_compress80.jpg\" data-link=\"http:\/\/lichri.radeln-in-den-sonnenaufgang.de\/?attachment_id=1720\" class=\"wp-image-1720\" srcset=\"http:\/\/lichri.radeln-in-den-sonnenaufgang.de\/wp-content\/uploads\/2020\/02\/IMG_5829_compress80-1024x683.jpg 1024w, http:\/\/lichri.radeln-in-den-sonnenaufgang.de\/wp-content\/uploads\/2020\/02\/IMG_5829_compress80-300x200.jpg 300w, http:\/\/lichri.radeln-in-den-sonnenaufgang.de\/wp-content\/uploads\/2020\/02\/IMG_5829_compress80-768x512.jpg 768w, http:\/\/lichri.radeln-in-den-sonnenaufgang.de\/wp-content\/uploads\/2020\/02\/IMG_5829_compress80.jpg 1296w\" sizes=\"(max-width: 767px) 89vw, (max-width: 1000px) 54vw, (max-width: 1071px) 543px, 580px\" \/><\/figure><\/li><li class=\"blocks-gallery-item\"><figure><img decoding=\"async\" loading=\"lazy\" width=\"1024\" height=\"683\" src=\"http:\/\/lichri.radeln-in-den-sonnenaufgang.de\/wp-content\/uploads\/2020\/02\/IMG_5820_compress26-1024x683.jpg\" alt=\"\" data-id=\"1716\" data-full-url=\"http:\/\/lichri.radeln-in-den-sonnenaufgang.de\/wp-content\/uploads\/2020\/02\/IMG_5820_compress26.jpg\" data-link=\"http:\/\/lichri.radeln-in-den-sonnenaufgang.de\/?attachment_id=1716\" class=\"wp-image-1716\" srcset=\"http:\/\/lichri.radeln-in-den-sonnenaufgang.de\/wp-content\/uploads\/2020\/02\/IMG_5820_compress26-1024x683.jpg 1024w, http:\/\/lichri.radeln-in-den-sonnenaufgang.de\/wp-content\/uploads\/2020\/02\/IMG_5820_compress26-300x200.jpg 300w, http:\/\/lichri.radeln-in-den-sonnenaufgang.de\/wp-content\/uploads\/2020\/02\/IMG_5820_compress26-768x512.jpg 768w, http:\/\/lichri.radeln-in-den-sonnenaufgang.de\/wp-content\/uploads\/2020\/02\/IMG_5820_compress26.jpg 1296w\" sizes=\"(max-width: 767px) 89vw, (max-width: 1000px) 54vw, (max-width: 1071px) 543px, 580px\" \/><\/figure><\/li><li class=\"blocks-gallery-item\"><figure><img decoding=\"async\" loading=\"lazy\" width=\"1024\" height=\"683\" src=\"http:\/\/lichri.radeln-in-den-sonnenaufgang.de\/wp-content\/uploads\/2020\/02\/IMG_5821_compress82-1024x683.jpg\" alt=\"\" data-id=\"1718\" data-full-url=\"http:\/\/lichri.radeln-in-den-sonnenaufgang.de\/wp-content\/uploads\/2020\/02\/IMG_5821_compress82.jpg\" data-link=\"http:\/\/lichri.radeln-in-den-sonnenaufgang.de\/?attachment_id=1718\" class=\"wp-image-1718\" srcset=\"http:\/\/lichri.radeln-in-den-sonnenaufgang.de\/wp-content\/uploads\/2020\/02\/IMG_5821_compress82-1024x683.jpg 1024w, http:\/\/lichri.radeln-in-den-sonnenaufgang.de\/wp-content\/uploads\/2020\/02\/IMG_5821_compress82-300x200.jpg 300w, http:\/\/lichri.radeln-in-den-sonnenaufgang.de\/wp-content\/uploads\/2020\/02\/IMG_5821_compress82-768x512.jpg 768w, http:\/\/lichri.radeln-in-den-sonnenaufgang.de\/wp-content\/uploads\/2020\/02\/IMG_5821_compress82.jpg 1296w\" sizes=\"(max-width: 767px) 89vw, (max-width: 1000px) 54vw, (max-width: 1071px) 543px, 580px\" \/><\/figure><\/li><li class=\"blocks-gallery-item\"><figure><img decoding=\"async\" loading=\"lazy\" width=\"683\" height=\"1024\" src=\"http:\/\/lichri.radeln-in-den-sonnenaufgang.de\/wp-content\/uploads\/2020\/02\/IMG_5836_compress68-e1582188471926-683x1024.jpg\" alt=\"\" data-id=\"1719\" data-full-url=\"http:\/\/lichri.radeln-in-den-sonnenaufgang.de\/wp-content\/uploads\/2020\/02\/IMG_5836_compress68-e1582188471926.jpg\" data-link=\"http:\/\/lichri.radeln-in-den-sonnenaufgang.de\/?attachment_id=1719\" class=\"wp-image-1719\" srcset=\"http:\/\/lichri.radeln-in-den-sonnenaufgang.de\/wp-content\/uploads\/2020\/02\/IMG_5836_compress68-e1582188471926-683x1024.jpg 683w, http:\/\/lichri.radeln-in-den-sonnenaufgang.de\/wp-content\/uploads\/2020\/02\/IMG_5836_compress68-e1582188471926-200x300.jpg 200w, http:\/\/lichri.radeln-in-den-sonnenaufgang.de\/wp-content\/uploads\/2020\/02\/IMG_5836_compress68-e1582188471926-768x1152.jpg 768w, http:\/\/lichri.radeln-in-den-sonnenaufgang.de\/wp-content\/uploads\/2020\/02\/IMG_5836_compress68-e1582188471926.jpg 864w\" sizes=\"(max-width: 683px) 100vw, 683px\" \/><\/figure><\/li><li class=\"blocks-gallery-item\"><figure><img decoding=\"async\" loading=\"lazy\" width=\"1024\" height=\"683\" src=\"http:\/\/lichri.radeln-in-den-sonnenaufgang.de\/wp-content\/uploads\/2020\/02\/IMG_5850_compress5-1024x683.jpg\" alt=\"\" data-id=\"1722\" data-full-url=\"http:\/\/lichri.radeln-in-den-sonnenaufgang.de\/wp-content\/uploads\/2020\/02\/IMG_5850_compress5.jpg\" data-link=\"http:\/\/lichri.radeln-in-den-sonnenaufgang.de\/?attachment_id=1722\" class=\"wp-image-1722\" srcset=\"http:\/\/lichri.radeln-in-den-sonnenaufgang.de\/wp-content\/uploads\/2020\/02\/IMG_5850_compress5-1024x683.jpg 1024w, http:\/\/lichri.radeln-in-den-sonnenaufgang.de\/wp-content\/uploads\/2020\/02\/IMG_5850_compress5-300x200.jpg 300w, http:\/\/lichri.radeln-in-den-sonnenaufgang.de\/wp-content\/uploads\/2020\/02\/IMG_5850_compress5-768x512.jpg 768w, http:\/\/lichri.radeln-in-den-sonnenaufgang.de\/wp-content\/uploads\/2020\/02\/IMG_5850_compress5.jpg 1296w\" sizes=\"(max-width: 767px) 89vw, (max-width: 1000px) 54vw, (max-width: 1071px) 543px, 580px\" \/><\/figure><\/li><li class=\"blocks-gallery-item\"><figure><img decoding=\"async\" loading=\"lazy\" width=\"683\" height=\"1024\" src=\"http:\/\/lichri.radeln-in-den-sonnenaufgang.de\/wp-content\/uploads\/2020\/02\/IMG_5851_compress42-e1582188490775-683x1024.jpg\" alt=\"\" data-id=\"1723\" data-full-url=\"http:\/\/lichri.radeln-in-den-sonnenaufgang.de\/wp-content\/uploads\/2020\/02\/IMG_5851_compress42-e1582188490775.jpg\" data-link=\"http:\/\/lichri.radeln-in-den-sonnenaufgang.de\/?attachment_id=1723\" class=\"wp-image-1723\" srcset=\"http:\/\/lichri.radeln-in-den-sonnenaufgang.de\/wp-content\/uploads\/2020\/02\/IMG_5851_compress42-e1582188490775-683x1024.jpg 683w, http:\/\/lichri.radeln-in-den-sonnenaufgang.de\/wp-content\/uploads\/2020\/02\/IMG_5851_compress42-e1582188490775-200x300.jpg 200w, http:\/\/lichri.radeln-in-den-sonnenaufgang.de\/wp-content\/uploads\/2020\/02\/IMG_5851_compress42-e1582188490775-768x1152.jpg 768w, http:\/\/lichri.radeln-in-den-sonnenaufgang.de\/wp-content\/uploads\/2020\/02\/IMG_5851_compress42-e1582188490775.jpg 864w\" sizes=\"(max-width: 683px) 100vw, 683px\" \/><\/figure><\/li><li class=\"blocks-gallery-item\"><figure><img decoding=\"async\" loading=\"lazy\" width=\"683\" height=\"1024\" src=\"http:\/\/lichri.radeln-in-den-sonnenaufgang.de\/wp-content\/uploads\/2020\/02\/IMG_5831_compress81-e1582188452721-683x1024.jpg\" alt=\"\" data-id=\"1721\" data-full-url=\"http:\/\/lichri.radeln-in-den-sonnenaufgang.de\/wp-content\/uploads\/2020\/02\/IMG_5831_compress81-e1582188452721.jpg\" data-link=\"http:\/\/lichri.radeln-in-den-sonnenaufgang.de\/?attachment_id=1721\" class=\"wp-image-1721\" srcset=\"http:\/\/lichri.radeln-in-den-sonnenaufgang.de\/wp-content\/uploads\/2020\/02\/IMG_5831_compress81-e1582188452721-683x1024.jpg 683w, http:\/\/lichri.radeln-in-den-sonnenaufgang.de\/wp-content\/uploads\/2020\/02\/IMG_5831_compress81-e1582188452721-200x300.jpg 200w, http:\/\/lichri.radeln-in-den-sonnenaufgang.de\/wp-content\/uploads\/2020\/02\/IMG_5831_compress81-e1582188452721-768x1152.jpg 768w, http:\/\/lichri.radeln-in-den-sonnenaufgang.de\/wp-content\/uploads\/2020\/02\/IMG_5831_compress81-e1582188452721.jpg 864w\" sizes=\"(max-width: 683px) 100vw, 683px\" \/><\/figure><\/li><li class=\"blocks-gallery-item\"><figure><img decoding=\"async\" loading=\"lazy\" width=\"683\" height=\"1024\" src=\"http:\/\/lichri.radeln-in-den-sonnenaufgang.de\/wp-content\/uploads\/2020\/02\/IMG_5857_compress94-e1582188516249-683x1024.jpg\" alt=\"\" data-id=\"1726\" data-full-url=\"http:\/\/lichri.radeln-in-den-sonnenaufgang.de\/wp-content\/uploads\/2020\/02\/IMG_5857_compress94-e1582188516249.jpg\" data-link=\"http:\/\/lichri.radeln-in-den-sonnenaufgang.de\/?attachment_id=1726\" class=\"wp-image-1726\" srcset=\"http:\/\/lichri.radeln-in-den-sonnenaufgang.de\/wp-content\/uploads\/2020\/02\/IMG_5857_compress94-e1582188516249-683x1024.jpg 683w, http:\/\/lichri.radeln-in-den-sonnenaufgang.de\/wp-content\/uploads\/2020\/02\/IMG_5857_compress94-e1582188516249-200x300.jpg 200w, http:\/\/lichri.radeln-in-den-sonnenaufgang.de\/wp-content\/uploads\/2020\/02\/IMG_5857_compress94-e1582188516249-768x1152.jpg 768w, http:\/\/lichri.radeln-in-den-sonnenaufgang.de\/wp-content\/uploads\/2020\/02\/IMG_5857_compress94-e1582188516249.jpg 864w\" sizes=\"(max-width: 683px) 100vw, 683px\" \/><\/figure><\/li><li class=\"blocks-gallery-item\"><figure><img decoding=\"async\" loading=\"lazy\" width=\"683\" height=\"1024\" src=\"http:\/\/lichri.radeln-in-den-sonnenaufgang.de\/wp-content\/uploads\/2020\/02\/IMG_5878_compress98-e1582188533250-683x1024.jpg\" alt=\"\" data-id=\"1728\" data-full-url=\"http:\/\/lichri.radeln-in-den-sonnenaufgang.de\/wp-content\/uploads\/2020\/02\/IMG_5878_compress98-e1582188533250.jpg\" data-link=\"http:\/\/lichri.radeln-in-den-sonnenaufgang.de\/?attachment_id=1728\" class=\"wp-image-1728\" srcset=\"http:\/\/lichri.radeln-in-den-sonnenaufgang.de\/wp-content\/uploads\/2020\/02\/IMG_5878_compress98-e1582188533250-683x1024.jpg 683w, http:\/\/lichri.radeln-in-den-sonnenaufgang.de\/wp-content\/uploads\/2020\/02\/IMG_5878_compress98-e1582188533250-200x300.jpg 200w, http:\/\/lichri.radeln-in-den-sonnenaufgang.de\/wp-content\/uploads\/2020\/02\/IMG_5878_compress98-e1582188533250-768x1152.jpg 768w, http:\/\/lichri.radeln-in-den-sonnenaufgang.de\/wp-content\/uploads\/2020\/02\/IMG_5878_compress98-e1582188533250.jpg 864w\" sizes=\"(max-width: 683px) 100vw, 683px\" \/><\/figure><\/li><li class=\"blocks-gallery-item\"><figure><img decoding=\"async\" loading=\"lazy\" width=\"683\" height=\"1024\" src=\"http:\/\/lichri.radeln-in-den-sonnenaufgang.de\/wp-content\/uploads\/2020\/02\/IMG_5881_compress18-e1582188548372-683x1024.jpg\" alt=\"\" data-id=\"1729\" data-full-url=\"http:\/\/lichri.radeln-in-den-sonnenaufgang.de\/wp-content\/uploads\/2020\/02\/IMG_5881_compress18-e1582188548372.jpg\" data-link=\"http:\/\/lichri.radeln-in-den-sonnenaufgang.de\/?attachment_id=1729\" class=\"wp-image-1729\" srcset=\"http:\/\/lichri.radeln-in-den-sonnenaufgang.de\/wp-content\/uploads\/2020\/02\/IMG_5881_compress18-e1582188548372-683x1024.jpg 683w, http:\/\/lichri.radeln-in-den-sonnenaufgang.de\/wp-content\/uploads\/2020\/02\/IMG_5881_compress18-e1582188548372-200x300.jpg 200w, http:\/\/lichri.radeln-in-den-sonnenaufgang.de\/wp-content\/uploads\/2020\/02\/IMG_5881_compress18-e1582188548372-768x1152.jpg 768w, http:\/\/lichri.radeln-in-den-sonnenaufgang.de\/wp-content\/uploads\/2020\/02\/IMG_5881_compress18-e1582188548372.jpg 864w\" sizes=\"(max-width: 683px) 100vw, 683px\" \/><\/figure><\/li><li class=\"blocks-gallery-item\"><figure><img decoding=\"async\" loading=\"lazy\" width=\"1024\" height=\"683\" src=\"http:\/\/lichri.radeln-in-den-sonnenaufgang.de\/wp-content\/uploads\/2020\/02\/IMG_5859_compress79-1024x683.jpg\" alt=\"\" data-id=\"1725\" data-full-url=\"http:\/\/lichri.radeln-in-den-sonnenaufgang.de\/wp-content\/uploads\/2020\/02\/IMG_5859_compress79.jpg\" data-link=\"http:\/\/lichri.radeln-in-den-sonnenaufgang.de\/?attachment_id=1725\" class=\"wp-image-1725\" srcset=\"http:\/\/lichri.radeln-in-den-sonnenaufgang.de\/wp-content\/uploads\/2020\/02\/IMG_5859_compress79-1024x683.jpg 1024w, http:\/\/lichri.radeln-in-den-sonnenaufgang.de\/wp-content\/uploads\/2020\/02\/IMG_5859_compress79-300x200.jpg 300w, http:\/\/lichri.radeln-in-den-sonnenaufgang.de\/wp-content\/uploads\/2020\/02\/IMG_5859_compress79-768x512.jpg 768w, http:\/\/lichri.radeln-in-den-sonnenaufgang.de\/wp-content\/uploads\/2020\/02\/IMG_5859_compress79.jpg 1296w\" sizes=\"(max-width: 767px) 89vw, (max-width: 1000px) 54vw, (max-width: 1071px) 543px, 580px\" \/><\/figure><\/li><\/ul><\/figure>\n\n\n\n<figure class=\"is-layout-flex wp-block-gallery-47 wp-block-gallery columns-2 is-cropped\"><ul class=\"blocks-gallery-grid\"><li class=\"blocks-gallery-item\"><figure><img decoding=\"async\" loading=\"lazy\" width=\"1024\" height=\"683\" src=\"http:\/\/lichri.radeln-in-den-sonnenaufgang.de\/wp-content\/uploads\/2020\/02\/IMG_5900_compress37-1024x683.jpg\" alt=\"\" data-id=\"1732\" data-full-url=\"http:\/\/lichri.radeln-in-den-sonnenaufgang.de\/wp-content\/uploads\/2020\/02\/IMG_5900_compress37.jpg\" data-link=\"http:\/\/lichri.radeln-in-den-sonnenaufgang.de\/?attachment_id=1732\" class=\"wp-image-1732\" srcset=\"http:\/\/lichri.radeln-in-den-sonnenaufgang.de\/wp-content\/uploads\/2020\/02\/IMG_5900_compress37-1024x683.jpg 1024w, http:\/\/lichri.radeln-in-den-sonnenaufgang.de\/wp-content\/uploads\/2020\/02\/IMG_5900_compress37-300x200.jpg 300w, http:\/\/lichri.radeln-in-den-sonnenaufgang.de\/wp-content\/uploads\/2020\/02\/IMG_5900_compress37-768x512.jpg 768w, http:\/\/lichri.radeln-in-den-sonnenaufgang.de\/wp-content\/uploads\/2020\/02\/IMG_5900_compress37.jpg 1296w\" sizes=\"(max-width: 767px) 89vw, (max-width: 1000px) 54vw, (max-width: 1071px) 543px, 580px\" \/><\/figure><\/li><li class=\"blocks-gallery-item\"><figure><img decoding=\"async\" loading=\"lazy\" width=\"1024\" height=\"683\" src=\"http:\/\/lichri.radeln-in-den-sonnenaufgang.de\/wp-content\/uploads\/2020\/02\/IMG_5886_compress70-1024x683.jpg\" alt=\"\" data-id=\"1731\" data-full-url=\"http:\/\/lichri.radeln-in-den-sonnenaufgang.de\/wp-content\/uploads\/2020\/02\/IMG_5886_compress70.jpg\" data-link=\"http:\/\/lichri.radeln-in-den-sonnenaufgang.de\/?attachment_id=1731\" class=\"wp-image-1731\" srcset=\"http:\/\/lichri.radeln-in-den-sonnenaufgang.de\/wp-content\/uploads\/2020\/02\/IMG_5886_compress70-1024x683.jpg 1024w, http:\/\/lichri.radeln-in-den-sonnenaufgang.de\/wp-content\/uploads\/2020\/02\/IMG_5886_compress70-300x200.jpg 300w, http:\/\/lichri.radeln-in-den-sonnenaufgang.de\/wp-content\/uploads\/2020\/02\/IMG_5886_compress70-768x512.jpg 768w, http:\/\/lichri.radeln-in-den-sonnenaufgang.de\/wp-content\/uploads\/2020\/02\/IMG_5886_compress70.jpg 1296w\" sizes=\"(max-width: 767px) 89vw, (max-width: 1000px) 54vw, (max-width: 1071px) 543px, 580px\" \/><\/figure><\/li><li class=\"blocks-gallery-item\"><figure><img decoding=\"async\" loading=\"lazy\" width=\"1024\" height=\"683\" src=\"http:\/\/lichri.radeln-in-den-sonnenaufgang.de\/wp-content\/uploads\/2020\/02\/IMG_5855_compress42-1024x683.jpg\" alt=\"\" data-id=\"1727\" data-full-url=\"http:\/\/lichri.radeln-in-den-sonnenaufgang.de\/wp-content\/uploads\/2020\/02\/IMG_5855_compress42.jpg\" data-link=\"http:\/\/lichri.radeln-in-den-sonnenaufgang.de\/?attachment_id=1727\" class=\"wp-image-1727\" srcset=\"http:\/\/lichri.radeln-in-den-sonnenaufgang.de\/wp-content\/uploads\/2020\/02\/IMG_5855_compress42-1024x683.jpg 1024w, http:\/\/lichri.radeln-in-den-sonnenaufgang.de\/wp-content\/uploads\/2020\/02\/IMG_5855_compress42-300x200.jpg 300w, http:\/\/lichri.radeln-in-den-sonnenaufgang.de\/wp-content\/uploads\/2020\/02\/IMG_5855_compress42-768x512.jpg 768w, http:\/\/lichri.radeln-in-den-sonnenaufgang.de\/wp-content\/uploads\/2020\/02\/IMG_5855_compress42.jpg 1296w\" sizes=\"(max-width: 767px) 89vw, (max-width: 1000px) 54vw, (max-width: 1071px) 543px, 580px\" \/><\/figure><\/li><li class=\"blocks-gallery-item\"><figure><img decoding=\"async\" loading=\"lazy\" width=\"1024\" height=\"683\" src=\"http:\/\/lichri.radeln-in-den-sonnenaufgang.de\/wp-content\/uploads\/2020\/02\/IMG_5898_compress87-1024x683.jpg\" alt=\"\" data-id=\"1733\" data-full-url=\"http:\/\/lichri.radeln-in-den-sonnenaufgang.de\/wp-content\/uploads\/2020\/02\/IMG_5898_compress87.jpg\" data-link=\"http:\/\/lichri.radeln-in-den-sonnenaufgang.de\/?attachment_id=1733\" class=\"wp-image-1733\" srcset=\"http:\/\/lichri.radeln-in-den-sonnenaufgang.de\/wp-content\/uploads\/2020\/02\/IMG_5898_compress87-1024x683.jpg 1024w, http:\/\/lichri.radeln-in-den-sonnenaufgang.de\/wp-content\/uploads\/2020\/02\/IMG_5898_compress87-300x200.jpg 300w, http:\/\/lichri.radeln-in-den-sonnenaufgang.de\/wp-content\/uploads\/2020\/02\/IMG_5898_compress87-768x512.jpg 768w, http:\/\/lichri.radeln-in-den-sonnenaufgang.de\/wp-content\/uploads\/2020\/02\/IMG_5898_compress87.jpg 1296w\" sizes=\"(max-width: 767px) 89vw, (max-width: 1000px) 54vw, (max-width: 1071px) 543px, 580px\" \/><\/figure><\/li><\/ul><\/figure>\n\n\n\n<p>Als wir die erste und schlie\u00dflich die einzige historische Sehensw\u00fcrdigkeit der Stadt besichtigten, wurden wir umsonst von einer jungen Tourismus-Studentin gef\u00fchrt, die mit den F\u00fchrungen ihr Praxissemester f\u00fcllte und gleichzeitig Englisch \u00fcbte. <\/p>\n\n\n\n<figure class=\"is-layout-flex wp-block-gallery-49 wp-block-gallery columns-3 is-cropped\"><ul class=\"blocks-gallery-grid\"><li class=\"blocks-gallery-item\"><figure><img decoding=\"async\" loading=\"lazy\" width=\"683\" height=\"1024\" src=\"http:\/\/lichri.radeln-in-den-sonnenaufgang.de\/wp-content\/uploads\/2020\/02\/IMG_5904_compress76-e1582205854653-683x1024.jpg\" alt=\"\" data-id=\"1736\" data-full-url=\"http:\/\/lichri.radeln-in-den-sonnenaufgang.de\/wp-content\/uploads\/2020\/02\/IMG_5904_compress76-e1582205854653.jpg\" data-link=\"http:\/\/lichri.radeln-in-den-sonnenaufgang.de\/?attachment_id=1736\" class=\"wp-image-1736\" srcset=\"http:\/\/lichri.radeln-in-den-sonnenaufgang.de\/wp-content\/uploads\/2020\/02\/IMG_5904_compress76-e1582205854653-683x1024.jpg 683w, http:\/\/lichri.radeln-in-den-sonnenaufgang.de\/wp-content\/uploads\/2020\/02\/IMG_5904_compress76-e1582205854653-200x300.jpg 200w, http:\/\/lichri.radeln-in-den-sonnenaufgang.de\/wp-content\/uploads\/2020\/02\/IMG_5904_compress76-e1582205854653-768x1152.jpg 768w, http:\/\/lichri.radeln-in-den-sonnenaufgang.de\/wp-content\/uploads\/2020\/02\/IMG_5904_compress76-e1582205854653.jpg 864w\" sizes=\"(max-width: 683px) 100vw, 683px\" \/><\/figure><\/li><li class=\"blocks-gallery-item\"><figure><img decoding=\"async\" loading=\"lazy\" width=\"683\" height=\"1024\" src=\"http:\/\/lichri.radeln-in-den-sonnenaufgang.de\/wp-content\/uploads\/2020\/02\/IMG_5902_compress20-e1582205886858-683x1024.jpg\" alt=\"\" data-id=\"1734\" data-full-url=\"http:\/\/lichri.radeln-in-den-sonnenaufgang.de\/wp-content\/uploads\/2020\/02\/IMG_5902_compress20-e1582205886858.jpg\" data-link=\"http:\/\/lichri.radeln-in-den-sonnenaufgang.de\/?attachment_id=1734\" class=\"wp-image-1734\" srcset=\"http:\/\/lichri.radeln-in-den-sonnenaufgang.de\/wp-content\/uploads\/2020\/02\/IMG_5902_compress20-e1582205886858-683x1024.jpg 683w, http:\/\/lichri.radeln-in-den-sonnenaufgang.de\/wp-content\/uploads\/2020\/02\/IMG_5902_compress20-e1582205886858-200x300.jpg 200w, http:\/\/lichri.radeln-in-den-sonnenaufgang.de\/wp-content\/uploads\/2020\/02\/IMG_5902_compress20-e1582205886858-768x1152.jpg 768w, http:\/\/lichri.radeln-in-den-sonnenaufgang.de\/wp-content\/uploads\/2020\/02\/IMG_5902_compress20-e1582205886858.jpg 864w\" sizes=\"(max-width: 683px) 100vw, 683px\" \/><\/figure><\/li><li class=\"blocks-gallery-item\"><figure><img decoding=\"async\" loading=\"lazy\" width=\"683\" height=\"1024\" src=\"http:\/\/lichri.radeln-in-den-sonnenaufgang.de\/wp-content\/uploads\/2020\/02\/IMG_5909_compress0-e1582205833478-683x1024.jpg\" alt=\"\" data-id=\"1735\" data-full-url=\"http:\/\/lichri.radeln-in-den-sonnenaufgang.de\/wp-content\/uploads\/2020\/02\/IMG_5909_compress0-e1582205833478.jpg\" data-link=\"http:\/\/lichri.radeln-in-den-sonnenaufgang.de\/?attachment_id=1735\" class=\"wp-image-1735\" srcset=\"http:\/\/lichri.radeln-in-den-sonnenaufgang.de\/wp-content\/uploads\/2020\/02\/IMG_5909_compress0-e1582205833478-683x1024.jpg 683w, http:\/\/lichri.radeln-in-den-sonnenaufgang.de\/wp-content\/uploads\/2020\/02\/IMG_5909_compress0-e1582205833478-200x300.jpg 200w, http:\/\/lichri.radeln-in-den-sonnenaufgang.de\/wp-content\/uploads\/2020\/02\/IMG_5909_compress0-e1582205833478-768x1152.jpg 768w, http:\/\/lichri.radeln-in-den-sonnenaufgang.de\/wp-content\/uploads\/2020\/02\/IMG_5909_compress0-e1582205833478.jpg 864w\" sizes=\"(max-width: 683px) 100vw, 683px\" \/><\/figure><\/li><\/ul><\/figure>\n\n\n\n<p>Die Sultansb\u00e4der waren jedoch nicht ganz so spannend, wie sich mit der jungen, gebildeten Muslima zu unterhalten, vom Studienleben und ihren Berufsw\u00fcnschen und -aussichten zu erfahren. Nachdem wir die B\u00e4der der Frauen des Sultans, der Kinder des Sultans und das Privatbad des Sultans besucht hatten (wie langweilig), wurden wir wieder in einen Batik-Kunst-Shop gewunken. Da es zu Regnen begann, gingen wir kurz hinein. Hier konnten wir dann tats\u00e4chlich auch mal sehen, was es mit diesen \u201eBatik-Gem\u00e4lden\u201c auf sich hatte. Geh\u00e4rtetes Leder wird in Form geschnitten und mit Mustern und entlang feiner Linien perforiert, welches schlie\u00dflich als Schablone benutzt wird, um einen untergelegten Stoff mit Pigmenten einzuf\u00e4rben. Daneben wird mit Wachs gearbeitet, um den Stoff gezielt von Pigmenten frei zu halten.<\/p>\n\n\n\n<figure class=\"is-layout-flex wp-block-gallery-51 wp-block-gallery columns-2 is-cropped\"><ul class=\"blocks-gallery-grid\"><li class=\"blocks-gallery-item\"><figure><img decoding=\"async\" loading=\"lazy\" width=\"1024\" height=\"683\" src=\"http:\/\/lichri.radeln-in-den-sonnenaufgang.de\/wp-content\/uploads\/2020\/02\/IMG_5911_compress14-1024x683.jpg\" alt=\"\" data-id=\"1737\" data-full-url=\"http:\/\/lichri.radeln-in-den-sonnenaufgang.de\/wp-content\/uploads\/2020\/02\/IMG_5911_compress14.jpg\" data-link=\"http:\/\/lichri.radeln-in-den-sonnenaufgang.de\/?attachment_id=1737\" class=\"wp-image-1737\" srcset=\"http:\/\/lichri.radeln-in-den-sonnenaufgang.de\/wp-content\/uploads\/2020\/02\/IMG_5911_compress14-1024x683.jpg 1024w, http:\/\/lichri.radeln-in-den-sonnenaufgang.de\/wp-content\/uploads\/2020\/02\/IMG_5911_compress14-300x200.jpg 300w, http:\/\/lichri.radeln-in-den-sonnenaufgang.de\/wp-content\/uploads\/2020\/02\/IMG_5911_compress14-768x512.jpg 768w, http:\/\/lichri.radeln-in-den-sonnenaufgang.de\/wp-content\/uploads\/2020\/02\/IMG_5911_compress14.jpg 1296w\" sizes=\"(max-width: 767px) 89vw, (max-width: 1000px) 54vw, (max-width: 1071px) 543px, 580px\" \/><\/figure><\/li><li class=\"blocks-gallery-item\"><figure><img decoding=\"async\" loading=\"lazy\" width=\"1024\" height=\"683\" src=\"http:\/\/lichri.radeln-in-den-sonnenaufgang.de\/wp-content\/uploads\/2020\/02\/IMG_5914_compress63-1024x683.jpg\" alt=\"\" data-id=\"1738\" data-full-url=\"http:\/\/lichri.radeln-in-den-sonnenaufgang.de\/wp-content\/uploads\/2020\/02\/IMG_5914_compress63.jpg\" data-link=\"http:\/\/lichri.radeln-in-den-sonnenaufgang.de\/?attachment_id=1738\" class=\"wp-image-1738\" srcset=\"http:\/\/lichri.radeln-in-den-sonnenaufgang.de\/wp-content\/uploads\/2020\/02\/IMG_5914_compress63-1024x683.jpg 1024w, http:\/\/lichri.radeln-in-den-sonnenaufgang.de\/wp-content\/uploads\/2020\/02\/IMG_5914_compress63-300x200.jpg 300w, http:\/\/lichri.radeln-in-den-sonnenaufgang.de\/wp-content\/uploads\/2020\/02\/IMG_5914_compress63-768x512.jpg 768w, http:\/\/lichri.radeln-in-den-sonnenaufgang.de\/wp-content\/uploads\/2020\/02\/IMG_5914_compress63.jpg 1296w\" sizes=\"(max-width: 767px) 89vw, (max-width: 1000px) 54vw, (max-width: 1071px) 543px, 580px\" \/><\/figure><\/li><li class=\"blocks-gallery-item\"><figure><img decoding=\"async\" loading=\"lazy\" width=\"1024\" height=\"683\" src=\"http:\/\/lichri.radeln-in-den-sonnenaufgang.de\/wp-content\/uploads\/2020\/02\/IMG_5951_compress95-1024x683.jpg\" alt=\"\" data-id=\"1739\" data-full-url=\"http:\/\/lichri.radeln-in-den-sonnenaufgang.de\/wp-content\/uploads\/2020\/02\/IMG_5951_compress95.jpg\" data-link=\"http:\/\/lichri.radeln-in-den-sonnenaufgang.de\/?attachment_id=1739\" class=\"wp-image-1739\" srcset=\"http:\/\/lichri.radeln-in-den-sonnenaufgang.de\/wp-content\/uploads\/2020\/02\/IMG_5951_compress95-1024x683.jpg 1024w, http:\/\/lichri.radeln-in-den-sonnenaufgang.de\/wp-content\/uploads\/2020\/02\/IMG_5951_compress95-300x200.jpg 300w, http:\/\/lichri.radeln-in-den-sonnenaufgang.de\/wp-content\/uploads\/2020\/02\/IMG_5951_compress95-768x512.jpg 768w, http:\/\/lichri.radeln-in-den-sonnenaufgang.de\/wp-content\/uploads\/2020\/02\/IMG_5951_compress95.jpg 1296w\" sizes=\"(max-width: 767px) 89vw, (max-width: 1000px) 54vw, (max-width: 1071px) 543px, 580px\" \/><\/figure><\/li><\/ul><\/figure>\n\n\n\n<p>Im Laden h\u00e4tte Chris sich dann fast noch eine batikverzierte Holzmaske andrehen lassen, die er dann vorne an sein Rad montieren wollte. Aber auch von dieser vermeintlichen Geldverschwendung hielt Lisa Chris ab. Also gingen wir weiter und die junge Studentin f\u00fchrte uns, nun mit einem unserer Regenschirme best\u00fcckt, durch den Schauer weiter in einen Tunnel und hinab zu einem kreisrunden Raum, den sie uns als Underground-Mosque, als Untergrund-Moschee w\u00e4hrend des Krieges vorstellte.<\/p>\n\n\n\n<figure class=\"is-layout-flex wp-block-gallery-53 wp-block-gallery columns-2 is-cropped\"><ul class=\"blocks-gallery-grid\"><li class=\"blocks-gallery-item\"><figure><img decoding=\"async\" loading=\"lazy\" width=\"683\" height=\"1024\" src=\"http:\/\/lichri.radeln-in-den-sonnenaufgang.de\/wp-content\/uploads\/2020\/02\/IMG_5924_compress49-e1582205916557-683x1024.jpg\" alt=\"\" data-id=\"1741\" data-full-url=\"http:\/\/lichri.radeln-in-den-sonnenaufgang.de\/wp-content\/uploads\/2020\/02\/IMG_5924_compress49-e1582205916557.jpg\" data-link=\"http:\/\/lichri.radeln-in-den-sonnenaufgang.de\/?attachment_id=1741\" class=\"wp-image-1741\" srcset=\"http:\/\/lichri.radeln-in-den-sonnenaufgang.de\/wp-content\/uploads\/2020\/02\/IMG_5924_compress49-e1582205916557-683x1024.jpg 683w, http:\/\/lichri.radeln-in-den-sonnenaufgang.de\/wp-content\/uploads\/2020\/02\/IMG_5924_compress49-e1582205916557-200x300.jpg 200w, http:\/\/lichri.radeln-in-den-sonnenaufgang.de\/wp-content\/uploads\/2020\/02\/IMG_5924_compress49-e1582205916557-768x1152.jpg 768w, http:\/\/lichri.radeln-in-den-sonnenaufgang.de\/wp-content\/uploads\/2020\/02\/IMG_5924_compress49-e1582205916557.jpg 864w\" sizes=\"(max-width: 683px) 100vw, 683px\" \/><\/figure><\/li><li class=\"blocks-gallery-item\"><figure><img decoding=\"async\" loading=\"lazy\" width=\"683\" height=\"1024\" src=\"http:\/\/lichri.radeln-in-den-sonnenaufgang.de\/wp-content\/uploads\/2020\/02\/IMG_5930_compress47-e1582205929383-683x1024.jpg\" alt=\"\" data-id=\"1740\" data-full-url=\"http:\/\/lichri.radeln-in-den-sonnenaufgang.de\/wp-content\/uploads\/2020\/02\/IMG_5930_compress47-e1582205929383.jpg\" data-link=\"http:\/\/lichri.radeln-in-den-sonnenaufgang.de\/?attachment_id=1740\" class=\"wp-image-1740\" srcset=\"http:\/\/lichri.radeln-in-den-sonnenaufgang.de\/wp-content\/uploads\/2020\/02\/IMG_5930_compress47-e1582205929383-683x1024.jpg 683w, http:\/\/lichri.radeln-in-den-sonnenaufgang.de\/wp-content\/uploads\/2020\/02\/IMG_5930_compress47-e1582205929383-200x300.jpg 200w, http:\/\/lichri.radeln-in-den-sonnenaufgang.de\/wp-content\/uploads\/2020\/02\/IMG_5930_compress47-e1582205929383-768x1152.jpg 768w, http:\/\/lichri.radeln-in-den-sonnenaufgang.de\/wp-content\/uploads\/2020\/02\/IMG_5930_compress47-e1582205929383.jpg 864w\" sizes=\"(max-width: 683px) 100vw, 683px\" \/><\/figure><\/li><\/ul><\/figure>\n\n\n\n<p> Nach dieser netten F\u00fchrung und dem netteren Gespr\u00e4ch mit Ririn, so der Name der Studentin, heftete sich ein Rikschafahrer an uns. Lisa unterhielt sich eine Weile mit ihm und schlie\u00dflich bot er an, uns zum Bahnhof zu fahren und eine Stadtrundfahrt daraus zu machen, uns den Palast Keraton, das Silberhandwerk und den Vogelmarkt zu zeigen. Wir hatten keine Ahnung von all dem, doch der Preis von knapp 5 Euro f\u00fcr die sicher mehrst\u00fcndige Fahrt klang f\u00fcr uns gut. Also schlugen wir ein, fuhren zur Bank, zum bereits geschlossenen Palast, zum Bahnhof. Wir kauften Tickets nach Jakarta f\u00fcr den \u00fcbern\u00e4chsten morgen und fuhren weiter zu den Silberwerkst\u00e4tten. <\/p>\n\n\n\n<figure class=\"is-layout-flex wp-block-gallery-55 wp-block-gallery columns-2 is-cropped\"><ul class=\"blocks-gallery-grid\"><li class=\"blocks-gallery-item\"><figure><img decoding=\"async\" loading=\"lazy\" width=\"1024\" height=\"683\" src=\"http:\/\/lichri.radeln-in-den-sonnenaufgang.de\/wp-content\/uploads\/2020\/02\/IMG_5958_compress56-1024x683.jpg\" alt=\"\" data-id=\"1743\" data-full-url=\"http:\/\/lichri.radeln-in-den-sonnenaufgang.de\/wp-content\/uploads\/2020\/02\/IMG_5958_compress56.jpg\" data-link=\"http:\/\/lichri.radeln-in-den-sonnenaufgang.de\/?attachment_id=1743\" class=\"wp-image-1743\" srcset=\"http:\/\/lichri.radeln-in-den-sonnenaufgang.de\/wp-content\/uploads\/2020\/02\/IMG_5958_compress56-1024x683.jpg 1024w, http:\/\/lichri.radeln-in-den-sonnenaufgang.de\/wp-content\/uploads\/2020\/02\/IMG_5958_compress56-300x200.jpg 300w, http:\/\/lichri.radeln-in-den-sonnenaufgang.de\/wp-content\/uploads\/2020\/02\/IMG_5958_compress56-768x512.jpg 768w, http:\/\/lichri.radeln-in-den-sonnenaufgang.de\/wp-content\/uploads\/2020\/02\/IMG_5958_compress56.jpg 1296w\" sizes=\"(max-width: 767px) 89vw, (max-width: 1000px) 54vw, (max-width: 1071px) 543px, 580px\" \/><\/figure><\/li><li class=\"blocks-gallery-item\"><figure><img decoding=\"async\" loading=\"lazy\" width=\"1024\" height=\"683\" src=\"http:\/\/lichri.radeln-in-den-sonnenaufgang.de\/wp-content\/uploads\/2020\/02\/IMG_5954_compress13-1024x683.jpg\" alt=\"\" data-id=\"1742\" data-full-url=\"http:\/\/lichri.radeln-in-den-sonnenaufgang.de\/wp-content\/uploads\/2020\/02\/IMG_5954_compress13.jpg\" data-link=\"http:\/\/lichri.radeln-in-den-sonnenaufgang.de\/?attachment_id=1742\" class=\"wp-image-1742\" srcset=\"http:\/\/lichri.radeln-in-den-sonnenaufgang.de\/wp-content\/uploads\/2020\/02\/IMG_5954_compress13-1024x683.jpg 1024w, http:\/\/lichri.radeln-in-den-sonnenaufgang.de\/wp-content\/uploads\/2020\/02\/IMG_5954_compress13-300x200.jpg 300w, http:\/\/lichri.radeln-in-den-sonnenaufgang.de\/wp-content\/uploads\/2020\/02\/IMG_5954_compress13-768x512.jpg 768w, http:\/\/lichri.radeln-in-den-sonnenaufgang.de\/wp-content\/uploads\/2020\/02\/IMG_5954_compress13.jpg 1296w\" sizes=\"(max-width: 767px) 89vw, (max-width: 1000px) 54vw, (max-width: 1071px) 543px, 580px\" \/><\/figure><\/li><\/ul><\/figure>\n\n\n\n<p>Da wir uns vorstellten, es w\u00e4re eine Art Markt mit vor Ort arbeitenden Handwerkern waren wir erstmal ein wenig irritiert, als wir bei einem gro\u00dfen Juwilierladen hielten. Drin fanden wir dann aber tats\u00e4chlich beeindruckende Silberarbeiten aus gewobenen Silberdr\u00e4hten und -f\u00e4den, Skulpturen, Schmuck und vieles mehr. Auch eine Werkstatt, in der man den K\u00fcnstlern bei ihrer Arbeit zusehen konnte.<\/p>\n\n\n\n<figure class=\"is-layout-flex wp-block-gallery-57 wp-block-gallery columns-2 is-cropped\"><ul class=\"blocks-gallery-grid\"><li class=\"blocks-gallery-item\"><figure><img decoding=\"async\" loading=\"lazy\" width=\"683\" height=\"1024\" src=\"http:\/\/lichri.radeln-in-den-sonnenaufgang.de\/wp-content\/uploads\/2020\/02\/IMG_5963_compress2-e1582205950463-683x1024.jpg\" alt=\"\" data-id=\"1744\" data-full-url=\"http:\/\/lichri.radeln-in-den-sonnenaufgang.de\/wp-content\/uploads\/2020\/02\/IMG_5963_compress2-e1582205950463.jpg\" data-link=\"http:\/\/lichri.radeln-in-den-sonnenaufgang.de\/?attachment_id=1744\" class=\"wp-image-1744\" srcset=\"http:\/\/lichri.radeln-in-den-sonnenaufgang.de\/wp-content\/uploads\/2020\/02\/IMG_5963_compress2-e1582205950463-683x1024.jpg 683w, http:\/\/lichri.radeln-in-den-sonnenaufgang.de\/wp-content\/uploads\/2020\/02\/IMG_5963_compress2-e1582205950463-200x300.jpg 200w, http:\/\/lichri.radeln-in-den-sonnenaufgang.de\/wp-content\/uploads\/2020\/02\/IMG_5963_compress2-e1582205950463-768x1152.jpg 768w, http:\/\/lichri.radeln-in-den-sonnenaufgang.de\/wp-content\/uploads\/2020\/02\/IMG_5963_compress2-e1582205950463.jpg 864w\" sizes=\"(max-width: 683px) 100vw, 683px\" \/><\/figure><\/li><li class=\"blocks-gallery-item\"><figure><img decoding=\"async\" loading=\"lazy\" width=\"1024\" height=\"683\" src=\"http:\/\/lichri.radeln-in-den-sonnenaufgang.de\/wp-content\/uploads\/2020\/02\/IMG_5966_compress44-1024x683.jpg\" alt=\"\" data-id=\"1746\" data-full-url=\"http:\/\/lichri.radeln-in-den-sonnenaufgang.de\/wp-content\/uploads\/2020\/02\/IMG_5966_compress44.jpg\" data-link=\"http:\/\/lichri.radeln-in-den-sonnenaufgang.de\/?attachment_id=1746\" class=\"wp-image-1746\" srcset=\"http:\/\/lichri.radeln-in-den-sonnenaufgang.de\/wp-content\/uploads\/2020\/02\/IMG_5966_compress44-1024x683.jpg 1024w, http:\/\/lichri.radeln-in-den-sonnenaufgang.de\/wp-content\/uploads\/2020\/02\/IMG_5966_compress44-300x200.jpg 300w, http:\/\/lichri.radeln-in-den-sonnenaufgang.de\/wp-content\/uploads\/2020\/02\/IMG_5966_compress44-768x512.jpg 768w, http:\/\/lichri.radeln-in-den-sonnenaufgang.de\/wp-content\/uploads\/2020\/02\/IMG_5966_compress44.jpg 1296w\" sizes=\"(max-width: 767px) 89vw, (max-width: 1000px) 54vw, (max-width: 1071px) 543px, 580px\" \/><\/figure><\/li><li class=\"blocks-gallery-item\"><figure><img decoding=\"async\" loading=\"lazy\" width=\"1024\" height=\"683\" src=\"http:\/\/lichri.radeln-in-den-sonnenaufgang.de\/wp-content\/uploads\/2020\/02\/IMG_5964_compress87-1024x683.jpg\" alt=\"\" data-id=\"1745\" data-full-url=\"http:\/\/lichri.radeln-in-den-sonnenaufgang.de\/wp-content\/uploads\/2020\/02\/IMG_5964_compress87.jpg\" data-link=\"http:\/\/lichri.radeln-in-den-sonnenaufgang.de\/?attachment_id=1745\" class=\"wp-image-1745\" srcset=\"http:\/\/lichri.radeln-in-den-sonnenaufgang.de\/wp-content\/uploads\/2020\/02\/IMG_5964_compress87-1024x683.jpg 1024w, http:\/\/lichri.radeln-in-den-sonnenaufgang.de\/wp-content\/uploads\/2020\/02\/IMG_5964_compress87-300x200.jpg 300w, http:\/\/lichri.radeln-in-den-sonnenaufgang.de\/wp-content\/uploads\/2020\/02\/IMG_5964_compress87-768x512.jpg 768w, http:\/\/lichri.radeln-in-den-sonnenaufgang.de\/wp-content\/uploads\/2020\/02\/IMG_5964_compress87.jpg 1296w\" sizes=\"(max-width: 767px) 89vw, (max-width: 1000px) 54vw, (max-width: 1071px) 543px, 580px\" \/><\/figure><\/li><li class=\"blocks-gallery-item\"><figure><img decoding=\"async\" loading=\"lazy\" width=\"1024\" height=\"683\" src=\"http:\/\/lichri.radeln-in-den-sonnenaufgang.de\/wp-content\/uploads\/2020\/02\/IMG_5970_compress28-1024x683.jpg\" alt=\"\" data-id=\"1747\" data-full-url=\"http:\/\/lichri.radeln-in-den-sonnenaufgang.de\/wp-content\/uploads\/2020\/02\/IMG_5970_compress28.jpg\" data-link=\"http:\/\/lichri.radeln-in-den-sonnenaufgang.de\/?attachment_id=1747\" class=\"wp-image-1747\" srcset=\"http:\/\/lichri.radeln-in-den-sonnenaufgang.de\/wp-content\/uploads\/2020\/02\/IMG_5970_compress28-1024x683.jpg 1024w, http:\/\/lichri.radeln-in-den-sonnenaufgang.de\/wp-content\/uploads\/2020\/02\/IMG_5970_compress28-300x200.jpg 300w, http:\/\/lichri.radeln-in-den-sonnenaufgang.de\/wp-content\/uploads\/2020\/02\/IMG_5970_compress28-768x512.jpg 768w, http:\/\/lichri.radeln-in-den-sonnenaufgang.de\/wp-content\/uploads\/2020\/02\/IMG_5970_compress28.jpg 1296w\" sizes=\"(max-width: 767px) 89vw, (max-width: 1000px) 54vw, (max-width: 1071px) 543px, 580px\" \/><\/figure><\/li><\/ul><\/figure>\n\n\n\n<p>Bis auf Postkarten konnten wir uns hier allerdings eh nichts leisten und brauchen k\u00f6nnten wir hiervon ohnehin nichts auf unserer Reise. Also fuhr uns unser Rikschafahrer hin und her durch den verr\u00fcckten Verkehr der Stadt zum sogenannten Vogelmarkt, der letzten Station der Rundfahrt. Das war jedoch eine eher traurige Angelegenheit \u2013 wie man es h\u00e4tte erwarten k\u00f6nnen. Nicht, weil die meisten der L\u00e4den bereits geschlossen waren, sondern weil hier wirklich ein Verschlag neben den anderen voll mit K\u00e4figen hing in denen kleine bunte V\u00f6gel ein trauriges Dasein fristen mussten und weiter hinten auch Hasen, Welpen und Katzen \u2013 offensichtlich aus Zuchten \u2013 in K\u00e4fige gesperrt darauf warteten, dass sich ein K\u00e4ufer f\u00fcr sie entscheidet und sie endlich aus dem Miniknast befreit. Lisa h\u00e4tte am liebsten die K\u00e4tzchen allesamt mitgenommen, aber wozu, wohin, mit welchem Geld und was dann? Ein schr\u00e4ges Gesch\u00e4ft. Wir machten, dass wir von diesem traurigen Ort wegkamen. Als uns der Rikschafahrer \u2013 was auch immer er an dem Ort fand \u2013 zur\u00fcck Richtung Unterkunft fuhr und uns bei einem Restaurant ablud, wollte er dann statt der 75.000 Rupien, die er selbst f\u00fcr sein Angebot veranschlagte, mehr haben. Weil er so viel hin und her fahren musste, meinte er. Das allerdings wusste er allerdings schon vorher. Er bekam etwas mehr, aber scheinbar nicht soviel wie er sich erhoffte und fuhr etwas grummelig von dannen, was uns nun etwas grummelig machte, wo es doch immerhin seine Idee war, uns in der Stadt umher zu kutschieren. Nun gut\u2026<\/p>\n\n\n\n<p>Wir a\u00dfen \u2013 eher schlecht als recht \u2013 in dem vom Rikschafahrer empfohlenen Indonesier, aber immerhin bekam Chris so die Gelegenheit, der Durian \u2013 ja, der Stinkefrucht von der es hie\u00df, dass er sie widerlich fand \u2013 eine zweite Chance zu geben. Und zwar als Nachtisch in einer Art Pudding. Schlie\u00dflich a\u00dfen die Chinesen das Zeug ja auch warm. Vielleicht war es dann ja besser. Aber Pustekuchen. Nach dem ersten L\u00f6ffel musste Chris sich zwingen zumindest die halbe Schale zu leeren, um kein schlechtes Gewissen zu haben, das ganze Gericht verschm\u00e4ht zu haben. <\/p>\n\n\n\n<p>Nur etwas weiter auf dem Heimweg entdeckten wir ein \u201emediterranes\u201c Restaurant. Dann g\u00e4be es halt morgen gutes Essen..<br> (Kommentar: Apropos gutes Essen. Sp\u00e4testens seit wir ohne R\u00e4der und Kochzeugs unterwegs waren, haben wir fast ausschlie\u00dflich \u201eausw\u00e4rts\u201c  gegessen. Oft war es g\u00fcnstig, oft war es dann auch gut. Immer wieder war es teurer, obwohl es dasselbe schon sehr viel g\u00fcnstiger gab und es war mies. Und manchmal \u2013 ja, zum Ende hin immer \u00f6fter, haben wir es uns f\u00fcr unser Budget eigentlich viel zu gut gehen lassen und irgendwo teuer eine Pizza gegessen. Wobei teuer in dem Fall 10 Euro f\u00fcr zwei plus Softdrink war und in Deutschen Preisrelationen spottbillig, vor allem f\u00fcr die Qualit\u00e4t. Aber wirklich leisten d\u00fcrften wir uns das in Zukunft nicht mehr oft. Sind mal gespannt, ob wir von dem Luxus-Standard wieder runterkommen \ud83d\ude09 )<\/p>\n\n\n\n<figure class=\"wp-block-image size-large\"><img decoding=\"async\" loading=\"lazy\" width=\"1024\" height=\"768\" src=\"http:\/\/lichri.radeln-in-den-sonnenaufgang.de\/wp-content\/uploads\/2020\/02\/DSC_0100_compress73-1024x768.jpg\" alt=\"\" class=\"wp-image-1762\" srcset=\"http:\/\/lichri.radeln-in-den-sonnenaufgang.de\/wp-content\/uploads\/2020\/02\/DSC_0100_compress73-1024x768.jpg 1024w, http:\/\/lichri.radeln-in-den-sonnenaufgang.de\/wp-content\/uploads\/2020\/02\/DSC_0100_compress73-300x225.jpg 300w, http:\/\/lichri.radeln-in-den-sonnenaufgang.de\/wp-content\/uploads\/2020\/02\/DSC_0100_compress73-768x576.jpg 768w, http:\/\/lichri.radeln-in-den-sonnenaufgang.de\/wp-content\/uploads\/2020\/02\/DSC_0100_compress73.jpg 1312w\" sizes=\"(max-width: 767px) 89vw, (max-width: 1000px) 54vw, (max-width: 1071px) 543px, 580px\" \/><\/figure>\n\n\n\n<p>Wir unternahmen am n\u00e4chsten Tag nichts \u2013 w\u00e4re ohnehin zu teuer gewesen, eine der Touren, die in der Unterkunft vermittelt wurden zu buchen. Auch der Eintritt zum ber\u00fcchtigten Borobudur Tempel im Nordwesten der Stadt ist mit 20 Euro unterm Tag und 30 Euro pro Person zum Sonnenaufgang einfach v\u00f6llig \u00fcberteuert. Also lie\u00dfen wir das \u2013 Angkor war sicher ohnehin eindrucksvoller. Daf\u00fcr schliefen wir aus, f\u00fchrten unser Tagebuch, schrieben an diesem Blogeintrag und chillten, holten uns Essen ins Hotel und gingen am Abend nochmal fein aus, mit Jazzmusik, Salat und Pizzaschmaus zu guten Preisen. Der ruhige Tag tat gut und wir wussten, dass die kommenden Reisetage wieder Kraft und Nerven kosten w\u00fcrden. Also genossen wir\u2026<\/p>\n\n\n\n<h4>Zur\u00fcck nach Singapur<\/h4>\n\n\n\n<p>Wir fuhren Taxi, wir fuhren Zug, wieder Taxi, dann die F\u00e4hre, gingen zu Fu\u00df und nahmen ein Schnellboot. Im Endeffekt k\u00f6nnte man es dabei belassen. Wir legten in 48h hunderte Kilometer \u00fcber Java und das Meer zur\u00fcck \u2013 furchtbar langsam verglichen mit einem Flug, furchtbar schnell, verglichen mit unseren Fahrradetappen. Wir hatten das auch eigentlich schon, die Zugfahrt, die F\u00e4hrfahrt. Doch ist diesmal doch alles ein wenig anders. Vorher war ohne, jetzt ist mit \u2013 Covid19, das Coronavirus. <\/p>\n\n\n\n<figure class=\"wp-block-image size-large\"><img decoding=\"async\" loading=\"lazy\" width=\"1024\" height=\"768\" src=\"http:\/\/lichri.radeln-in-den-sonnenaufgang.de\/wp-content\/uploads\/2020\/02\/DSC_0111_compress18-1024x768.jpg\" alt=\"\" class=\"wp-image-1750\" srcset=\"http:\/\/lichri.radeln-in-den-sonnenaufgang.de\/wp-content\/uploads\/2020\/02\/DSC_0111_compress18-1024x768.jpg 1024w, http:\/\/lichri.radeln-in-den-sonnenaufgang.de\/wp-content\/uploads\/2020\/02\/DSC_0111_compress18-300x225.jpg 300w, http:\/\/lichri.radeln-in-den-sonnenaufgang.de\/wp-content\/uploads\/2020\/02\/DSC_0111_compress18-768x576.jpg 768w, http:\/\/lichri.radeln-in-den-sonnenaufgang.de\/wp-content\/uploads\/2020\/02\/DSC_0111_compress18.jpg 1312w\" sizes=\"(max-width: 767px) 89vw, (max-width: 1000px) 54vw, (max-width: 1071px) 543px, 580px\" \/><\/figure>\n\n\n\n<p>Laut offiziellen Angaben gibt es in Indonesien noch keine F\u00e4lle der neuartigen, sich schnell ausbreitenden Viruserkrankung &#8211; gut m\u00f6glich, dass dies eher an den Diagnose-M\u00f6glichkeiten liegt als an einer magischen Schutzbarriere. Deshalb waren wir vorsichtig. H\u00e4ndewaschen, Mundschutz, Desinfektionsgel \u2013 und auf keinen Fall ins Gesicht fassen. Im Zug hatten wir uns noch nicht so unwohl gef\u00fchlt, doch wir wussten: Auf der F\u00e4hre w\u00fcrden wir mit hunderten Menschen auf engstem Raum unterwegs sein. F\u00fcr 30 Stunden. Nicht zuletzt deshalb, aber auch weil wir diesmal zwei N\u00e4chte unterwegs sein w\u00fcrden, wollten wir lieber in einer Kabine bleiben und nicht Ekonomi im offenen Deck zwischen zig anderen einquartiert werden, noch dazu mit ekelhaften Sanit\u00e4ren anlagen.<\/p>\n\n\n\n<figure class=\"is-layout-flex wp-block-gallery-59 wp-block-gallery columns-2 is-cropped\"><ul class=\"blocks-gallery-grid\"><li class=\"blocks-gallery-item\"><figure><img decoding=\"async\" loading=\"lazy\" width=\"1024\" height=\"683\" src=\"http:\/\/lichri.radeln-in-den-sonnenaufgang.de\/wp-content\/uploads\/2020\/02\/IMG_5979_compress61-1-1024x683.jpg\" alt=\"\" data-id=\"1753\" data-full-url=\"http:\/\/lichri.radeln-in-den-sonnenaufgang.de\/wp-content\/uploads\/2020\/02\/IMG_5979_compress61-1.jpg\" data-link=\"http:\/\/lichri.radeln-in-den-sonnenaufgang.de\/?attachment_id=1753\" class=\"wp-image-1753\" srcset=\"http:\/\/lichri.radeln-in-den-sonnenaufgang.de\/wp-content\/uploads\/2020\/02\/IMG_5979_compress61-1-1024x683.jpg 1024w, http:\/\/lichri.radeln-in-den-sonnenaufgang.de\/wp-content\/uploads\/2020\/02\/IMG_5979_compress61-1-300x200.jpg 300w, http:\/\/lichri.radeln-in-den-sonnenaufgang.de\/wp-content\/uploads\/2020\/02\/IMG_5979_compress61-1-768x512.jpg 768w, http:\/\/lichri.radeln-in-den-sonnenaufgang.de\/wp-content\/uploads\/2020\/02\/IMG_5979_compress61-1.jpg 1296w\" sizes=\"(max-width: 767px) 89vw, (max-width: 1000px) 54vw, (max-width: 1071px) 543px, 580px\" \/><\/figure><\/li><li class=\"blocks-gallery-item\"><figure><img decoding=\"async\" loading=\"lazy\" width=\"1024\" height=\"683\" src=\"http:\/\/lichri.radeln-in-den-sonnenaufgang.de\/wp-content\/uploads\/2020\/02\/IMG_5986_compress1-1024x683.jpg\" alt=\"\" data-id=\"1752\" data-full-url=\"http:\/\/lichri.radeln-in-den-sonnenaufgang.de\/wp-content\/uploads\/2020\/02\/IMG_5986_compress1.jpg\" data-link=\"http:\/\/lichri.radeln-in-den-sonnenaufgang.de\/?attachment_id=1752\" class=\"wp-image-1752\" srcset=\"http:\/\/lichri.radeln-in-den-sonnenaufgang.de\/wp-content\/uploads\/2020\/02\/IMG_5986_compress1-1024x683.jpg 1024w, http:\/\/lichri.radeln-in-den-sonnenaufgang.de\/wp-content\/uploads\/2020\/02\/IMG_5986_compress1-300x200.jpg 300w, http:\/\/lichri.radeln-in-den-sonnenaufgang.de\/wp-content\/uploads\/2020\/02\/IMG_5986_compress1-768x512.jpg 768w, http:\/\/lichri.radeln-in-den-sonnenaufgang.de\/wp-content\/uploads\/2020\/02\/IMG_5986_compress1.jpg 1296w\" sizes=\"(max-width: 767px) 89vw, (max-width: 1000px) 54vw, (max-width: 1071px) 543px, 580px\" \/><\/figure><\/li><\/ul><\/figure>\n\n\n\n<p>Als wir nach einer sch\u00f6nen Zugfahrt mit tollen Aussichten und einer etwas merkw\u00fcrdigen Taxifahrt mit einem Fahrer, der entweder dumm oder gierig war, st\u00e4ndig anhielt um nach dem Weg zu fragen, statt mein Navi anzunehmen und dabei dann den Taxometer laufen lie\u00df und am Ende beim Bezahlen das doppelte des Taxometerpreises wollte, waren wir bei PELNI angekommen. Und dort lie\u00dfen wir ihn dann mit dem Geld stehen, das ihm zustand. Idiot\u2026 Im B\u00fcro des F\u00e4hrunternehmens mussten wir dann feststellen, dass die zweite Klasse, die nur etwas mehr kostete als Ekonomi und 4er-Kabinen hatte, geschlechtergetrennt organisiert war. Chris h\u00e4tte sich auch auf die teureren Tickets der ersten Klasse eingelassen, doch f\u00fcr Lisa war das zu viel Geld. Also wieder Ekonomi. Als wir dann w\u00e4hrend des Einkaufs von Snacks, Mundschutz, Desinfektionsmittel und Wasser f\u00fcr die Fahrt nochmal dr\u00fcber redeten, wollte Lisa doch auch mit der ersten Klasse fahren. Doch als wir fragten, ob wir tauschen konnten, war es bereits zu sp\u00e4t: maximal f\u00fcnf Stunden vor Abfahrt konnten Buchungen ge\u00e4ndert werden.<\/p>\n\n\n\n<p>Das Boarding war diesmal recht entspannt und bereits um 22 Uhr lagen wir auf unseren liegen in einem Teil des Schiffes, das nur mit einfachen Liegen ausgestattet war, nicht mit Stockbetten. Und auch diese f\u00fcllten sich nur zum Teil, bis das Schiff um 23:59 Uhr planm\u00e4\u00dfig ablegte. Es w\u00fcrde also immerhin etwas entspannter werden. Umgeben von einigen \u00e4lteren Damen f\u00fchlten wir uns auch gar nicht so unwohl. Erst als einige Kakerlaken vorbeihuschten und einige der Damen unsch\u00f6n zu husten begannen wurde Chris wieder etwas flau und er hoffte und betete, dass sie sich hier nichts einfingen. Vor allem nicht ES.<\/p>\n\n\n\n<figure class=\"is-layout-flex wp-block-gallery-61 wp-block-gallery columns-2 is-cropped\"><ul class=\"blocks-gallery-grid\"><li class=\"blocks-gallery-item\"><figure><img decoding=\"async\" loading=\"lazy\" width=\"768\" height=\"1024\" src=\"http:\/\/lichri.radeln-in-den-sonnenaufgang.de\/wp-content\/uploads\/2020\/02\/DSC_0170_compress45-768x1024.jpg\" alt=\"\" data-id=\"1763\" data-full-url=\"http:\/\/lichri.radeln-in-den-sonnenaufgang.de\/wp-content\/uploads\/2020\/02\/DSC_0170_compress45-rotated.jpg\" data-link=\"http:\/\/lichri.radeln-in-den-sonnenaufgang.de\/?attachment_id=1763\" class=\"wp-image-1763\" srcset=\"http:\/\/lichri.radeln-in-den-sonnenaufgang.de\/wp-content\/uploads\/2020\/02\/DSC_0170_compress45-768x1024.jpg 768w, http:\/\/lichri.radeln-in-den-sonnenaufgang.de\/wp-content\/uploads\/2020\/02\/DSC_0170_compress45-225x300.jpg 225w, http:\/\/lichri.radeln-in-den-sonnenaufgang.de\/wp-content\/uploads\/2020\/02\/DSC_0170_compress45-rotated.jpg 984w\" sizes=\"(max-width: 767px) 89vw, (max-width: 1000px) 54vw, (max-width: 1071px) 543px, 580px\" \/><\/figure><\/li><li class=\"blocks-gallery-item\"><figure><img decoding=\"async\" loading=\"lazy\" width=\"1024\" height=\"683\" src=\"http:\/\/lichri.radeln-in-den-sonnenaufgang.de\/wp-content\/uploads\/2020\/02\/IMG_5999_compress56-1024x683.jpg\" alt=\"\" data-id=\"1765\" data-full-url=\"http:\/\/lichri.radeln-in-den-sonnenaufgang.de\/wp-content\/uploads\/2020\/02\/IMG_5999_compress56.jpg\" data-link=\"http:\/\/lichri.radeln-in-den-sonnenaufgang.de\/?attachment_id=1765\" class=\"wp-image-1765\" srcset=\"http:\/\/lichri.radeln-in-den-sonnenaufgang.de\/wp-content\/uploads\/2020\/02\/IMG_5999_compress56-1024x683.jpg 1024w, http:\/\/lichri.radeln-in-den-sonnenaufgang.de\/wp-content\/uploads\/2020\/02\/IMG_5999_compress56-300x200.jpg 300w, http:\/\/lichri.radeln-in-den-sonnenaufgang.de\/wp-content\/uploads\/2020\/02\/IMG_5999_compress56-768x512.jpg 768w, http:\/\/lichri.radeln-in-den-sonnenaufgang.de\/wp-content\/uploads\/2020\/02\/IMG_5999_compress56.jpg 1296w\" sizes=\"(max-width: 767px) 89vw, (max-width: 1000px) 54vw, (max-width: 1071px) 543px, 580px\" \/><\/figure><\/li><li class=\"blocks-gallery-item\"><figure><img decoding=\"async\" loading=\"lazy\" width=\"1024\" height=\"683\" src=\"http:\/\/lichri.radeln-in-den-sonnenaufgang.de\/wp-content\/uploads\/2020\/02\/IMG_5997_compress44-1024x683.jpg\" alt=\"\" data-id=\"1766\" data-full-url=\"http:\/\/lichri.radeln-in-den-sonnenaufgang.de\/wp-content\/uploads\/2020\/02\/IMG_5997_compress44.jpg\" data-link=\"http:\/\/lichri.radeln-in-den-sonnenaufgang.de\/?attachment_id=1766\" class=\"wp-image-1766\" srcset=\"http:\/\/lichri.radeln-in-den-sonnenaufgang.de\/wp-content\/uploads\/2020\/02\/IMG_5997_compress44-1024x683.jpg 1024w, http:\/\/lichri.radeln-in-den-sonnenaufgang.de\/wp-content\/uploads\/2020\/02\/IMG_5997_compress44-300x200.jpg 300w, http:\/\/lichri.radeln-in-den-sonnenaufgang.de\/wp-content\/uploads\/2020\/02\/IMG_5997_compress44-768x512.jpg 768w, http:\/\/lichri.radeln-in-den-sonnenaufgang.de\/wp-content\/uploads\/2020\/02\/IMG_5997_compress44.jpg 1296w\" sizes=\"(max-width: 767px) 89vw, (max-width: 1000px) 54vw, (max-width: 1071px) 543px, 580px\" \/><\/figure><\/li><\/ul><\/figure>\n\n\n\n<h4>Ay-Ay, Kapit\u00e4n<\/h4>\n\n\n\n<p>Die Nacht war erwartungsgem\u00e4\u00df wenig erholsam und der Tag wenig ereignisreich, bis wir am Nachmittag drau\u00dfen sa\u00dfen, die frische Luft genossen, Chips snackten und auf den Sonnenuntergang warteten. Als Chris dann mal auf Toilette ging und Lisa alleine an Deck blieb, wurde sie vom Winken und Rufen von der Br\u00fccke aus den Tagtr\u00e4umen gerissen. Ein Mann mittleren Alters in wei\u00dfer Uniform winkte sie zu sich. <\/p>\n\n\n\n<figure class=\"wp-block-image size-large\"><img decoding=\"async\" loading=\"lazy\" width=\"1024\" height=\"683\" src=\"http:\/\/lichri.radeln-in-den-sonnenaufgang.de\/wp-content\/uploads\/2020\/02\/IMG_6020_compress86-1024x683.jpg\" alt=\"\" class=\"wp-image-1754\" srcset=\"http:\/\/lichri.radeln-in-den-sonnenaufgang.de\/wp-content\/uploads\/2020\/02\/IMG_6020_compress86-1024x683.jpg 1024w, http:\/\/lichri.radeln-in-den-sonnenaufgang.de\/wp-content\/uploads\/2020\/02\/IMG_6020_compress86-300x200.jpg 300w, http:\/\/lichri.radeln-in-den-sonnenaufgang.de\/wp-content\/uploads\/2020\/02\/IMG_6020_compress86-768x512.jpg 768w, http:\/\/lichri.radeln-in-den-sonnenaufgang.de\/wp-content\/uploads\/2020\/02\/IMG_6020_compress86.jpg 1296w\" sizes=\"(max-width: 767px) 89vw, (max-width: 1000px) 54vw, (max-width: 1071px) 543px, 580px\" \/><\/figure>\n\n\n\n<p>Etwas verwirrt blickte sie sich um. Konnte sie gemeint sein? Er nickte und winkte weiter. Offensichtlich wollte er, dass sie zu ihm kam. Lisa winkte ab. Erstens kam ihr das etwas komisch vor, zweitens wartete sie ja auf Chris. Der Mann in Uniform entschloss sich kurzerhand zu ihr zu gehen, wenn sie nicht zu ihm wollte. Er fragte wo sie herkam, stellte sich als Kapit\u00e4n des Schiffes vor und fragte, ob sie mit ihm auf die Br\u00fccke kommen wolle. Sie erkl\u00e4rte ihm, dass sie noch auf ihren Mann wartete, als dieser &#8211; Gott sei Dank &#8211; gerade aus der Menge auftauchte und auf sie zukam. Direkt lud er uns beide auf die Br\u00fccke ein und nach einem kurzen Blickaustausch stimmten wir zu. So durften wir die Schaltzentrale dieses riesigen Schiffs erkunden, Fragen stellen, bekamen einen Tee und Kaffee und h\u00f6rten viele Geschichten des Kapit\u00e4ns, der schon alle Weltmeere bereist hatte. Eben dieses Schiff, auf dem wir gerade fuhren, hat er vor etwas mehr als 20 Jahren von einem deutschen Hafen abgeholt. Er erz\u00e4hlt von seiner Zeit in Deutschland, wie gut es ihm dort gefallen hat., als er in seiner sechsmonatigen Ausbildungszeit zum Schiff dort alle Ecken und Winkel studierte und wie es zu managen, steuern und zu pflegen sein w\u00fcrde. Au\u00dferdem erz\u00e4hlte er viel von seinem Leben als Christ im muslimischen Indonesien \u2013 wobei wir zugegebenerma\u00dfen wahrscheinlich nur die H\u00e4lfte verstanden, da sein englisch (wie er selbst beteuerte) etwas eingeschlafen war. (Vielleicht war das auch der Grund, warum er uns auf die Br\u00fccke holte und sich so lange mit uns unterhielt.) So lernten wir, dass der Norden Sumatras im Vergleich zu Java oder Lombok und daf\u00fcr \u00e4hnlich wie Flores und Papua eher christlich gepr\u00e4gt waren. <\/p>\n\n\n\n<figure class=\"is-layout-flex wp-block-gallery-63 wp-block-gallery columns-3 is-cropped\"><ul class=\"blocks-gallery-grid\"><li class=\"blocks-gallery-item\"><figure><img decoding=\"async\" loading=\"lazy\" width=\"1024\" height=\"683\" src=\"http:\/\/lichri.radeln-in-den-sonnenaufgang.de\/wp-content\/uploads\/2020\/02\/IMG_6004_compress37-1024x683.jpg\" alt=\"\" data-id=\"1759\" data-full-url=\"http:\/\/lichri.radeln-in-den-sonnenaufgang.de\/wp-content\/uploads\/2020\/02\/IMG_6004_compress37.jpg\" data-link=\"http:\/\/lichri.radeln-in-den-sonnenaufgang.de\/?attachment_id=1759\" class=\"wp-image-1759\" srcset=\"http:\/\/lichri.radeln-in-den-sonnenaufgang.de\/wp-content\/uploads\/2020\/02\/IMG_6004_compress37-1024x683.jpg 1024w, http:\/\/lichri.radeln-in-den-sonnenaufgang.de\/wp-content\/uploads\/2020\/02\/IMG_6004_compress37-300x200.jpg 300w, http:\/\/lichri.radeln-in-den-sonnenaufgang.de\/wp-content\/uploads\/2020\/02\/IMG_6004_compress37-768x512.jpg 768w, http:\/\/lichri.radeln-in-den-sonnenaufgang.de\/wp-content\/uploads\/2020\/02\/IMG_6004_compress37.jpg 1296w\" sizes=\"(max-width: 767px) 89vw, (max-width: 1000px) 54vw, (max-width: 1071px) 543px, 580px\" \/><\/figure><\/li><li class=\"blocks-gallery-item\"><figure><img decoding=\"async\" loading=\"lazy\" width=\"683\" height=\"1024\" src=\"http:\/\/lichri.radeln-in-den-sonnenaufgang.de\/wp-content\/uploads\/2020\/02\/IMG_6016_compress47-e1582206001150-683x1024.jpg\" alt=\"\" data-id=\"1758\" data-full-url=\"http:\/\/lichri.radeln-in-den-sonnenaufgang.de\/wp-content\/uploads\/2020\/02\/IMG_6016_compress47-e1582206001150.jpg\" data-link=\"http:\/\/lichri.radeln-in-den-sonnenaufgang.de\/?attachment_id=1758\" class=\"wp-image-1758\" srcset=\"http:\/\/lichri.radeln-in-den-sonnenaufgang.de\/wp-content\/uploads\/2020\/02\/IMG_6016_compress47-e1582206001150-683x1024.jpg 683w, http:\/\/lichri.radeln-in-den-sonnenaufgang.de\/wp-content\/uploads\/2020\/02\/IMG_6016_compress47-e1582206001150-200x300.jpg 200w, http:\/\/lichri.radeln-in-den-sonnenaufgang.de\/wp-content\/uploads\/2020\/02\/IMG_6016_compress47-e1582206001150-768x1152.jpg 768w, http:\/\/lichri.radeln-in-den-sonnenaufgang.de\/wp-content\/uploads\/2020\/02\/IMG_6016_compress47-e1582206001150.jpg 864w\" sizes=\"(max-width: 683px) 100vw, 683px\" \/><\/figure><\/li><li class=\"blocks-gallery-item\"><figure><img decoding=\"async\" loading=\"lazy\" width=\"1024\" height=\"683\" src=\"http:\/\/lichri.radeln-in-den-sonnenaufgang.de\/wp-content\/uploads\/2020\/02\/IMG_6013_compress83-1024x683.jpg\" alt=\"\" data-id=\"1761\" data-full-url=\"http:\/\/lichri.radeln-in-den-sonnenaufgang.de\/wp-content\/uploads\/2020\/02\/IMG_6013_compress83.jpg\" data-link=\"http:\/\/lichri.radeln-in-den-sonnenaufgang.de\/?attachment_id=1761\" class=\"wp-image-1761\" srcset=\"http:\/\/lichri.radeln-in-den-sonnenaufgang.de\/wp-content\/uploads\/2020\/02\/IMG_6013_compress83-1024x683.jpg 1024w, http:\/\/lichri.radeln-in-den-sonnenaufgang.de\/wp-content\/uploads\/2020\/02\/IMG_6013_compress83-300x200.jpg 300w, http:\/\/lichri.radeln-in-den-sonnenaufgang.de\/wp-content\/uploads\/2020\/02\/IMG_6013_compress83-768x512.jpg 768w, http:\/\/lichri.radeln-in-den-sonnenaufgang.de\/wp-content\/uploads\/2020\/02\/IMG_6013_compress83.jpg 1296w\" sizes=\"(max-width: 767px) 89vw, (max-width: 1000px) 54vw, (max-width: 1071px) 543px, 580px\" \/><\/figure><\/li><li class=\"blocks-gallery-item\"><figure><img decoding=\"async\" loading=\"lazy\" width=\"1024\" height=\"683\" src=\"http:\/\/lichri.radeln-in-den-sonnenaufgang.de\/wp-content\/uploads\/2020\/02\/IMG_6006_compress91-1024x683.jpg\" alt=\"\" data-id=\"1760\" data-full-url=\"http:\/\/lichri.radeln-in-den-sonnenaufgang.de\/wp-content\/uploads\/2020\/02\/IMG_6006_compress91.jpg\" data-link=\"http:\/\/lichri.radeln-in-den-sonnenaufgang.de\/?attachment_id=1760\" class=\"wp-image-1760\" srcset=\"http:\/\/lichri.radeln-in-den-sonnenaufgang.de\/wp-content\/uploads\/2020\/02\/IMG_6006_compress91-1024x683.jpg 1024w, http:\/\/lichri.radeln-in-den-sonnenaufgang.de\/wp-content\/uploads\/2020\/02\/IMG_6006_compress91-300x200.jpg 300w, http:\/\/lichri.radeln-in-den-sonnenaufgang.de\/wp-content\/uploads\/2020\/02\/IMG_6006_compress91-768x512.jpg 768w, http:\/\/lichri.radeln-in-den-sonnenaufgang.de\/wp-content\/uploads\/2020\/02\/IMG_6006_compress91.jpg 1296w\" sizes=\"(max-width: 767px) 89vw, (max-width: 1000px) 54vw, (max-width: 1071px) 543px, 580px\" \/><\/figure><\/li><\/ul><\/figure>\n\n\n\n<p>Als kr\u00f6nenden Abschluss forderte er uns auf ihm unsere Essensmarken zu geben \u2013 wir bekamen ein Essens-Upgrate und die Erlaubnis unser Abendessen in der ersten Klasse zu uns zu nehmen. Da sagen wir doch nicht nein!<\/p>\n\n\n\n<p>Die Zeit auf dem Boot verging recht schnell. Wir unterhielten uns mit unseren Bettnachbarinnen, Chris war neugierig und ging auf das Angebot einer Fu\u00dfmassage eines urigen Indonesen ein, die sich seiner Meinung nach nicht wirklich lohnte. Vielleicht lag das auch an dem Geschw\u00e4tz der Nachbarinnen, weswegen er sich schwer tat zur Ruhe zu kommen. Wir arbeiteten noch etwas an unserem Blog und versuchten etwas zu schlafen. <\/p>\n\n\n\n<figure class=\"is-layout-flex wp-block-gallery-65 wp-block-gallery columns-2 is-cropped\"><ul class=\"blocks-gallery-grid\"><li class=\"blocks-gallery-item\"><figure><img decoding=\"async\" loading=\"lazy\" width=\"683\" height=\"1024\" src=\"http:\/\/lichri.radeln-in-den-sonnenaufgang.de\/wp-content\/uploads\/2020\/02\/IMG_6045_compress82-e1582205983834-683x1024.jpg\" alt=\"\" data-id=\"1755\" data-full-url=\"http:\/\/lichri.radeln-in-den-sonnenaufgang.de\/wp-content\/uploads\/2020\/02\/IMG_6045_compress82-e1582205983834.jpg\" data-link=\"http:\/\/lichri.radeln-in-den-sonnenaufgang.de\/?attachment_id=1755\" class=\"wp-image-1755\" srcset=\"http:\/\/lichri.radeln-in-den-sonnenaufgang.de\/wp-content\/uploads\/2020\/02\/IMG_6045_compress82-e1582205983834-683x1024.jpg 683w, http:\/\/lichri.radeln-in-den-sonnenaufgang.de\/wp-content\/uploads\/2020\/02\/IMG_6045_compress82-e1582205983834-200x300.jpg 200w, http:\/\/lichri.radeln-in-den-sonnenaufgang.de\/wp-content\/uploads\/2020\/02\/IMG_6045_compress82-e1582205983834-768x1152.jpg 768w, http:\/\/lichri.radeln-in-den-sonnenaufgang.de\/wp-content\/uploads\/2020\/02\/IMG_6045_compress82-e1582205983834.jpg 864w\" sizes=\"(max-width: 683px) 100vw, 683px\" \/><\/figure><\/li><li class=\"blocks-gallery-item\"><figure><img decoding=\"async\" loading=\"lazy\" width=\"683\" height=\"1024\" src=\"http:\/\/lichri.radeln-in-den-sonnenaufgang.de\/wp-content\/uploads\/2020\/02\/IMG_6056_compress25-e1582205968922-683x1024.jpg\" alt=\"\" data-id=\"1756\" data-full-url=\"http:\/\/lichri.radeln-in-den-sonnenaufgang.de\/wp-content\/uploads\/2020\/02\/IMG_6056_compress25-e1582205968922.jpg\" data-link=\"http:\/\/lichri.radeln-in-den-sonnenaufgang.de\/?attachment_id=1756\" class=\"wp-image-1756\" srcset=\"http:\/\/lichri.radeln-in-den-sonnenaufgang.de\/wp-content\/uploads\/2020\/02\/IMG_6056_compress25-e1582205968922-683x1024.jpg 683w, http:\/\/lichri.radeln-in-den-sonnenaufgang.de\/wp-content\/uploads\/2020\/02\/IMG_6056_compress25-e1582205968922-200x300.jpg 200w, http:\/\/lichri.radeln-in-den-sonnenaufgang.de\/wp-content\/uploads\/2020\/02\/IMG_6056_compress25-e1582205968922-768x1152.jpg 768w, http:\/\/lichri.radeln-in-den-sonnenaufgang.de\/wp-content\/uploads\/2020\/02\/IMG_6056_compress25-e1582205968922.jpg 864w\" sizes=\"(max-width: 683px) 100vw, 683px\" \/><\/figure><\/li><li class=\"blocks-gallery-item\"><figure><img decoding=\"async\" loading=\"lazy\" width=\"1024\" height=\"683\" src=\"http:\/\/lichri.radeln-in-den-sonnenaufgang.de\/wp-content\/uploads\/2020\/02\/IMG_6060_compress54-1024x683.jpg\" alt=\"\" data-id=\"1757\" data-full-url=\"http:\/\/lichri.radeln-in-den-sonnenaufgang.de\/wp-content\/uploads\/2020\/02\/IMG_6060_compress54.jpg\" data-link=\"http:\/\/lichri.radeln-in-den-sonnenaufgang.de\/?attachment_id=1757\" class=\"wp-image-1757\" srcset=\"http:\/\/lichri.radeln-in-den-sonnenaufgang.de\/wp-content\/uploads\/2020\/02\/IMG_6060_compress54-1024x683.jpg 1024w, http:\/\/lichri.radeln-in-den-sonnenaufgang.de\/wp-content\/uploads\/2020\/02\/IMG_6060_compress54-300x200.jpg 300w, http:\/\/lichri.radeln-in-den-sonnenaufgang.de\/wp-content\/uploads\/2020\/02\/IMG_6060_compress54-768x512.jpg 768w, http:\/\/lichri.radeln-in-den-sonnenaufgang.de\/wp-content\/uploads\/2020\/02\/IMG_6060_compress54.jpg 1296w\" sizes=\"(max-width: 767px) 89vw, (max-width: 1000px) 54vw, (max-width: 1071px) 543px, 580px\" \/><\/figure><\/li><\/ul><\/figure>\n\n\n\n<h4>Batu Ampar, Batam<\/h4>\n\n\n\n<p>Am n\u00e4chsten Morgen ging es dann fr\u00fch raus. Um sechs Uhr legte die KM.KELUD am Hafen Batams an. Wir warteten ein wenig, bis der erste Menschenstrom von Bort ging und folgten dann unauff\u00e4llig. So unauff\u00e4llig wie es eben ging. An den Taxist\u00e4nden stachen wir wohl immernoch zu sehr heraus. Dort mussten wir erneut etwas vehementer darauf bestehen, dass wir zwei gesunde F\u00fc\u00dfe hatten, die wir zu gebrauchen dachten. Es funktionierte. Immerhin war der Hafen, von wo aus die Schnellboote nach Singapur ablegten nur ca. 2,5 km entfernt. <\/p>\n\n\n\n<p>Vor einem B\u00e4cker blieb Lisa stehen. Wir hatten zwar bereits auf dem Schiff noch etwas gefr\u00fchst\u00fcckt, aber wir wussten, dass das Essen in Singapur noch einmal eine ganze Stange mehr Geld kosten w\u00fcrde. Vorausschauend wollte Lisa sich also noch mit ein paar Leckereien eindecken. Chris war unsicher, wollte er nicht den letzten 100.000 Rupien Schein anbrechen, den er in der Stadt gegen Singapur Dollar tauschen wollte. So standen wir unsicher vor dem Laden, bis Lisa ein Tablett schnappte und ein paar s\u00fc\u00dfe St\u00fcckchen einsammelte. Da passierte pl\u00f6tzlich etwas wunderbares: Ein Mann mittleren Alters, der mit seiner Frau und seinen zwei kleinen T\u00f6chtern in der B\u00e4ckerei fr\u00fchst\u00fccken war, kam auf Chris zu erkl\u00e4rte, dass er uns einladen w\u00fcrde. Das war uns etwas unangenehm und wir sagten ab. Als wir zur Kasse kamen, um zu bezahlen, hatte der Mann jedoch schon mit der Kassiererin gesprochen und wir hatten keine Chance mehr unser Essen selbst zu bezahlen. Wir bedankten uns mehrfach bei dem Mann und erkl\u00e4rten wo wir herkamen und wo wir hinwollten. Beschwingt machten wir uns auf den Weg zum Schnellboot nach Singapur. <\/p>\n\n\n\n<figure class=\"is-layout-flex wp-block-gallery-67 wp-block-gallery columns-2 is-cropped\"><ul class=\"blocks-gallery-grid\"><li class=\"blocks-gallery-item\"><figure><img decoding=\"async\" loading=\"lazy\" width=\"1024\" height=\"683\" src=\"http:\/\/lichri.radeln-in-den-sonnenaufgang.de\/wp-content\/uploads\/2020\/02\/IMG_6082_compress22-1024x683.jpg\" alt=\"\" data-id=\"1772\" data-full-url=\"http:\/\/lichri.radeln-in-den-sonnenaufgang.de\/wp-content\/uploads\/2020\/02\/IMG_6082_compress22.jpg\" data-link=\"http:\/\/lichri.radeln-in-den-sonnenaufgang.de\/?attachment_id=1772\" class=\"wp-image-1772\" srcset=\"http:\/\/lichri.radeln-in-den-sonnenaufgang.de\/wp-content\/uploads\/2020\/02\/IMG_6082_compress22-1024x683.jpg 1024w, http:\/\/lichri.radeln-in-den-sonnenaufgang.de\/wp-content\/uploads\/2020\/02\/IMG_6082_compress22-300x200.jpg 300w, http:\/\/lichri.radeln-in-den-sonnenaufgang.de\/wp-content\/uploads\/2020\/02\/IMG_6082_compress22-768x512.jpg 768w, http:\/\/lichri.radeln-in-den-sonnenaufgang.de\/wp-content\/uploads\/2020\/02\/IMG_6082_compress22.jpg 1296w\" sizes=\"(max-width: 767px) 89vw, (max-width: 1000px) 54vw, (max-width: 1071px) 543px, 580px\" \/><\/figure><\/li><li class=\"blocks-gallery-item\"><figure><img decoding=\"async\" loading=\"lazy\" width=\"1024\" height=\"683\" src=\"http:\/\/lichri.radeln-in-den-sonnenaufgang.de\/wp-content\/uploads\/2020\/02\/IMG_6154_compress94-1024x683.jpg\" alt=\"\" data-id=\"1770\" data-full-url=\"http:\/\/lichri.radeln-in-den-sonnenaufgang.de\/wp-content\/uploads\/2020\/02\/IMG_6154_compress94.jpg\" data-link=\"http:\/\/lichri.radeln-in-den-sonnenaufgang.de\/?attachment_id=1770\" class=\"wp-image-1770\" srcset=\"http:\/\/lichri.radeln-in-den-sonnenaufgang.de\/wp-content\/uploads\/2020\/02\/IMG_6154_compress94-1024x683.jpg 1024w, http:\/\/lichri.radeln-in-den-sonnenaufgang.de\/wp-content\/uploads\/2020\/02\/IMG_6154_compress94-300x200.jpg 300w, http:\/\/lichri.radeln-in-den-sonnenaufgang.de\/wp-content\/uploads\/2020\/02\/IMG_6154_compress94-768x512.jpg 768w, http:\/\/lichri.radeln-in-den-sonnenaufgang.de\/wp-content\/uploads\/2020\/02\/IMG_6154_compress94.jpg 1296w\" sizes=\"(max-width: 767px) 89vw, (max-width: 1000px) 54vw, (max-width: 1071px) 543px, 580px\" \/><\/figure><\/li><li class=\"blocks-gallery-item\"><figure><img decoding=\"async\" loading=\"lazy\" width=\"1024\" height=\"683\" src=\"http:\/\/lichri.radeln-in-den-sonnenaufgang.de\/wp-content\/uploads\/2020\/02\/IMG_6083_compress57-1024x683.jpg\" alt=\"\" data-id=\"1771\" data-full-url=\"http:\/\/lichri.radeln-in-den-sonnenaufgang.de\/wp-content\/uploads\/2020\/02\/IMG_6083_compress57.jpg\" data-link=\"http:\/\/lichri.radeln-in-den-sonnenaufgang.de\/?attachment_id=1771\" class=\"wp-image-1771\" srcset=\"http:\/\/lichri.radeln-in-den-sonnenaufgang.de\/wp-content\/uploads\/2020\/02\/IMG_6083_compress57-1024x683.jpg 1024w, http:\/\/lichri.radeln-in-den-sonnenaufgang.de\/wp-content\/uploads\/2020\/02\/IMG_6083_compress57-300x200.jpg 300w, http:\/\/lichri.radeln-in-den-sonnenaufgang.de\/wp-content\/uploads\/2020\/02\/IMG_6083_compress57-768x512.jpg 768w, http:\/\/lichri.radeln-in-den-sonnenaufgang.de\/wp-content\/uploads\/2020\/02\/IMG_6083_compress57.jpg 1296w\" sizes=\"(max-width: 767px) 89vw, (max-width: 1000px) 54vw, (max-width: 1071px) 543px, 580px\" \/><\/figure><\/li><\/ul><\/figure>\n\n\n\n<h4>Zur\u00fcck in Singapur, der reichen Tropenmetropole<\/h4>\n\n\n\n<p>Auf dem Weg bekam Chris nochmal Internetempfang und checkte seine Nachrichten. Wir hatten ein D\u00e9j\u00e0-vu: Eleane und Andi, die uns, als wir das letzte mal bei ihnen waren, einluden nochmal zu ihnen kommen zu k\u00f6nnen, schrieben uns, dass sie dieses Wochenende nicht in Singapur seien. Erneut ein Missverst\u00e4ndnis (es muss an uns liegen), das dazu f\u00fchrte, dass wir obdachlos in Singapur landeten. Wir erinnerten uns daran, das Christiane, die Mama von Janina und Fabi uns aus Singapur geschrieben hat, als sie auf der R\u00fcckreise \u00fcber Singapur nach Deutschland waren. Sie haben dort Freunde, bzw. Nachbarn von fr\u00fcher, die seit einigen Jahren in Singapur lebten. Diese haben die Bilder der Hochzeit gesehen und so von uns, den Fotografen, und unserer Reise erfahren. Christiane schrieb uns, dass falls wir einen Platz in Singapur br\u00e4uchten, wir uns gerne bei ihnen melden k\u00f6nnten. Das kam uns in diesem Fall nat\u00fcrlich recht und wir schrieben Janina, die sich zu diesem Moment in Singapur bei den Ex-Nachbarn Simone und Burkard aufhielt. Dana und Janina waren ebenfalls auf dem Weg nach Deutschland, um dort eine zweite Hochzeitsfeier f\u00fcr Familie und Freunde zu feiern. Auf dem Weg dorthin steuern sie gerne Singapur an und bleiben eine Weile bei Simone und Burkard. Wie gesagt, wir schrieben Janina von unserer Lage und fragten, ob das Angebot der Ex-Nachbarn noch st\u00fcnde. Janina schrieb einigerma\u00dfen verwirrt zur\u00fcck. Simone konnte sich nicht an ein solches Angebot erinnern, nahm uns jedoch gerne zu sich auf. Das G\u00e4stezimmer war zwar belegt, aber ein Platz auf dem Boden k\u00f6nnten sie anbieten. Die ganze Sache war uns dann nat\u00fcrlich recht unangenehm, aber sie versicherten uns, dass es wirklich kein Problem sei, uns aufzunehmen. Etwas beruhigt machten wir uns in Singapur zu unseren Spontangastgebern auf. <\/p>\n\n\n\n<figure class=\"wp-block-image size-large\"><img decoding=\"async\" loading=\"lazy\" width=\"768\" height=\"1024\" src=\"http:\/\/lichri.radeln-in-den-sonnenaufgang.de\/wp-content\/uploads\/2020\/02\/DSC_0197_compress18-1-768x1024.jpg\" alt=\"\" class=\"wp-image-1778\" srcset=\"http:\/\/lichri.radeln-in-den-sonnenaufgang.de\/wp-content\/uploads\/2020\/02\/DSC_0197_compress18-1-768x1024.jpg 768w, http:\/\/lichri.radeln-in-den-sonnenaufgang.de\/wp-content\/uploads\/2020\/02\/DSC_0197_compress18-1-225x300.jpg 225w, http:\/\/lichri.radeln-in-den-sonnenaufgang.de\/wp-content\/uploads\/2020\/02\/DSC_0197_compress18-1-rotated.jpg 984w\" sizes=\"(max-width: 767px) 89vw, (max-width: 1000px) 54vw, (max-width: 1071px) 543px, 580px\" \/><figcaption>So schick wohnen die Expats \ud83d\ude42<\/figcaption><\/figure>\n\n\n\n<p>Die wohnten \u2013 wie sollte es anders sein \u2013 in einem wundersch\u00f6nen Wohnkomplex mit riesig gro\u00dfem Pool. Nachdem wir uns vorgestellt und bedankt hatten, gingen wir mit Janina und Dana in ein etwas teureres Hawkercenter, bewusst nicht nach little India, da die Angst vor dem Covid19 am Sonntag Nachmittag bei gro\u00dfen Menschenmengen doch zu gro\u00df war. In Singapur gibt es offiziell mehr als 70 F\u00e4lle. Jeden Tag um ca. 19 Uhr gibt es ein Update der Zahlen: Neuinfizierte, vom Krankenhaus oder der Intensivstation entlassene. Man kann ganz genau nachvollziehen wo sich wer angesteckt hat uns so checken, ob man evtl. selbst in Gefahr sein k\u00f6nnte sich angesteckt zu haben. Es war nicht direkt Panik zu sp\u00fcren, jedoch Vorsicht und Besorgnis. Die U-Bahnen und Busse wurden alle zwei Stunden desinfiziert, es wurden t\u00e4glich Warnungen herausgegeben, viele Leute liefen mit Mundschutz durch die Gegend, Handdesinfektionsgel und Mundschutz waren in den allermeisten L\u00e4den ausverkauft. <\/p>\n\n\n\n<figure class=\"wp-block-image size-large\"><img decoding=\"async\" loading=\"lazy\" width=\"768\" height=\"1024\" src=\"http:\/\/lichri.radeln-in-den-sonnenaufgang.de\/wp-content\/uploads\/2020\/02\/DSC_0188_compress80-768x1024.jpg\" alt=\"\" class=\"wp-image-1773\" srcset=\"http:\/\/lichri.radeln-in-den-sonnenaufgang.de\/wp-content\/uploads\/2020\/02\/DSC_0188_compress80-768x1024.jpg 768w, http:\/\/lichri.radeln-in-den-sonnenaufgang.de\/wp-content\/uploads\/2020\/02\/DSC_0188_compress80-225x300.jpg 225w, http:\/\/lichri.radeln-in-den-sonnenaufgang.de\/wp-content\/uploads\/2020\/02\/DSC_0188_compress80-rotated.jpg 984w\" sizes=\"(max-width: 767px) 89vw, (max-width: 1000px) 54vw, (max-width: 1071px) 543px, 580px\" \/><figcaption>Vor der Abfahrt von Batam nach Harbourfront wurden wir noch mal gecheckt &#8211; Kein Fieber, immerhin \ud83d\ude09<\/figcaption><\/figure>\n\n\n\n<p>Wir genossen dennoch unsere Zeit in Singapur, gingen am Montag erneut indisch Essen \u2013 diesmal im Hawkercenter little India, das Montags weniger besucht war. Wir schlenderten durch die Malls und kauften unsere Bustickets f\u00fcr die Fahrt zur\u00fcck nach Penang, bzw. Balik Pulau wo unsere Fahrr\u00e4der sehnlichst auf uns warteten. <\/p>\n\n\n\n<p>Das sch\u00f6nste an diesem Singapur Besuch war die Gemeinschaft. Es war sch\u00f6n noch zwei Tag mit Dana und Janina zu verbringen und es war sch\u00f6n Simone und Burkard kennenzulernen \u2013 zwei herzliche und hilfsbereite Menschen. Mit Simone unterhielten wir uns lange und gut und es f\u00fchlte sich so an, als h\u00e4tten wir in ihr, wenn auch nur kurz eine Art Mutter-Ersatz gefunden, so sehr umsorgte und verpflegte sie uns. Jeden Morgen gab es frisches Baguette und Croissants vom B\u00e4cker, der K\u00fchlschrank war voll mit Obst, Butter, Eiern, Marmeladen, Frischk\u00e4se und Scheibenk\u00e4se, Joghurt und und und. Das Leitungswasser war wieder trinkbar. Wir waren erneut im Paradies gelandet. Dementsprechend schwer fiel uns der Abschied von Janina und Dana, von Simone und Burkard, von Singapur und all dem Luxus, den diese Stadt zu bieten hat. Bis wir wieder in Deutschland sein w\u00fcrden m\u00fcssten wir uns wohl nochmal auf einen anderen Standard einlassen &#8211; einen sehr viel einfacheren.<\/p>\n\n\n\n<h4>Penang &#8211; Wiedersehn mit unseren R\u00e4dern<\/h4>\n\n\n\n<figure class=\"wp-block-image\"><img decoding=\"async\" loading=\"lazy\" width=\"1024\" height=\"768\" src=\"http:\/\/lichri.radeln-in-den-sonnenaufgang.de\/wp-content\/uploads\/2020\/02\/DSC_0267_compress16-1024x768.jpg\" alt=\"\" class=\"wp-image-1777\" srcset=\"http:\/\/lichri.radeln-in-den-sonnenaufgang.de\/wp-content\/uploads\/2020\/02\/DSC_0267_compress16-1024x768.jpg 1024w, http:\/\/lichri.radeln-in-den-sonnenaufgang.de\/wp-content\/uploads\/2020\/02\/DSC_0267_compress16-300x225.jpg 300w, http:\/\/lichri.radeln-in-den-sonnenaufgang.de\/wp-content\/uploads\/2020\/02\/DSC_0267_compress16-768x576.jpg 768w, http:\/\/lichri.radeln-in-den-sonnenaufgang.de\/wp-content\/uploads\/2020\/02\/DSC_0267_compress16.jpg 1312w\" sizes=\"(max-width: 767px) 89vw, (max-width: 1000px) 54vw, (max-width: 1071px) 543px, 580px\" \/><figcaption>Wiedersehn macht Freude! Kurz Zuhaus im Titi Teras Village House, Balik Pulau<\/figcaption><\/figure>\n\n\n\n<p>Mittlerweile sind wir nach einer sehr langen Busfahrt mitten in der Nacht wieder im Titi Teras Village House angekommen, in welchem wir bei unserem letzten Aufenthalt unsere Fahrr\u00e4der gelassen haben. Es f\u00fchlte sich ein bisschen an wie Nach-Hause-Kommen, weil wir schon einmal hier waren, in diesem gem\u00fctlichen Radfahrer-Hostel. Gerade sind wir damit besch\u00e4ftigt den Blog fertig zu stellen ;), die R\u00e4der klar zu machen und unsere Sachen wieder in Ordnung zu bringen. Nebenbei essen wir und lassen es uns auch ein wenig gut gehen. Lisa ist schon etwas aufgeregt was die weitere Reise mit dem Fahrrad angeht \u2013 sind doch gef\u00fchlt alle Muskeln wieder abgebaut\u2026 Aber wie es weiter geht, erfahrt ihr dann beim n\u00e4chsten Mal. Bis dahin: bleibt gesund (und betet, dass wir es auch bleiben \ud83d\ude09 ).  <\/p>\n\n\n\n<figure class=\"wp-block-image size-full\"><img decoding=\"async\" loading=\"lazy\" width=\"1296\" height=\"864\" src=\"http:\/\/lichri.radeln-in-den-sonnenaufgang.de\/wp-content\/uploads\/2020\/02\/IMG_6171_compress25.jpg\" alt=\"\" class=\"wp-image-1779\" srcset=\"http:\/\/lichri.radeln-in-den-sonnenaufgang.de\/wp-content\/uploads\/2020\/02\/IMG_6171_compress25.jpg 1296w, http:\/\/lichri.radeln-in-den-sonnenaufgang.de\/wp-content\/uploads\/2020\/02\/IMG_6171_compress25-300x200.jpg 300w, http:\/\/lichri.radeln-in-den-sonnenaufgang.de\/wp-content\/uploads\/2020\/02\/IMG_6171_compress25-1024x683.jpg 1024w, http:\/\/lichri.radeln-in-den-sonnenaufgang.de\/wp-content\/uploads\/2020\/02\/IMG_6171_compress25-768x512.jpg 768w\" sizes=\"(max-width: 767px) 89vw, (max-width: 1000px) 54vw, (max-width: 1071px) 543px, 580px\" \/><\/figure>\n\n\n\n<p>Wir gr\u00fc\u00dfen euch ganz herzlich und freuen uns darauf euch bald wieder zu sehen. Danke dass ihr so treu dabei seid und unsere Einr\u00e4ge lest. Wie immer: wir freuen uns \u00fcber Kommentare und R\u00fcckmeldungen. Es ist sch\u00f6n zu sehen, dass ihr mit dabei seid und der oft tagelange Prozess so eines Eintrags sich nicht nur f\u00fcr uns als Reflektion lohnt. \ud83d\ude42<\/p>\n","protected":false},"excerpt":{"rendered":"<p>Das Boot, das Land der Inseln und der Beginn der R\u00fcckkehr P\u00fcnktlich zum Tag Nr.300 unserer Reise gibt es diesen neuen Blogbeitrag von uns &#8211; und der hat es in sich! Ein Monat Ohne-Rad-Backpacking-Abenteuer in Indonesien. Also macht euch auf etwas mehr Text und daf\u00fcr aber auch viele sch\u00f6ne Bilder gefasst \ud83d\ude42 Holt euch einen &hellip; <\/p>\n<p class=\"link-more\"><a href=\"http:\/\/lichri.radeln-in-den-sonnenaufgang.de\/?p=1582\" class=\"more-link\"><span class=\"screen-reader-text\">\u201eRadlos am Reisen &#8211; Die Zweite\u201c<\/span> weiterlesen<\/a><\/p>\n","protected":false},"author":3,"featured_media":1605,"comment_status":"open","ping_status":"open","sticky":false,"template":"","format":"standard","meta":[],"categories":[1],"tags":[],"_links":{"self":[{"href":"http:\/\/lichri.radeln-in-den-sonnenaufgang.de\/index.php?rest_route=\/wp\/v2\/posts\/1582"}],"collection":[{"href":"http:\/\/lichri.radeln-in-den-sonnenaufgang.de\/index.php?rest_route=\/wp\/v2\/posts"}],"about":[{"href":"http:\/\/lichri.radeln-in-den-sonnenaufgang.de\/index.php?rest_route=\/wp\/v2\/types\/post"}],"author":[{"embeddable":true,"href":"http:\/\/lichri.radeln-in-den-sonnenaufgang.de\/index.php?rest_route=\/wp\/v2\/users\/3"}],"replies":[{"embeddable":true,"href":"http:\/\/lichri.radeln-in-den-sonnenaufgang.de\/index.php?rest_route=%2Fwp%2Fv2%2Fcomments&post=1582"}],"version-history":[{"count":12,"href":"http:\/\/lichri.radeln-in-den-sonnenaufgang.de\/index.php?rest_route=\/wp\/v2\/posts\/1582\/revisions"}],"predecessor-version":[{"id":1795,"href":"http:\/\/lichri.radeln-in-den-sonnenaufgang.de\/index.php?rest_route=\/wp\/v2\/posts\/1582\/revisions\/1795"}],"wp:featuredmedia":[{"embeddable":true,"href":"http:\/\/lichri.radeln-in-den-sonnenaufgang.de\/index.php?rest_route=\/wp\/v2\/media\/1605"}],"wp:attachment":[{"href":"http:\/\/lichri.radeln-in-den-sonnenaufgang.de\/index.php?rest_route=%2Fwp%2Fv2%2Fmedia&parent=1582"}],"wp:term":[{"taxonomy":"category","embeddable":true,"href":"http:\/\/lichri.radeln-in-den-sonnenaufgang.de\/index.php?rest_route=%2Fwp%2Fv2%2Fcategories&post=1582"},{"taxonomy":"post_tag","embeddable":true,"href":"http:\/\/lichri.radeln-in-den-sonnenaufgang.de\/index.php?rest_route=%2Fwp%2Fv2%2Ftags&post=1582"}],"curies":[{"name":"wp","href":"https:\/\/api.w.org\/{rel}","templated":true}]}}