{"id":1547,"date":"2020-02-13T12:15:39","date_gmt":"2020-02-13T12:15:39","guid":{"rendered":"http:\/\/lichri.radeln-in-den-sonnenaufgang.de\/?p=1547"},"modified":"2020-02-13T12:15:39","modified_gmt":"2020-02-13T12:15:39","slug":"radlos-am-reisen-die-erste","status":"publish","type":"post","link":"http:\/\/lichri.radeln-in-den-sonnenaufgang.de\/?p=1547","title":{"rendered":"Radlos am Reisen &#8211; Die Erste"},"content":{"rendered":"\n<h3>Singapur (19.-22.01.2020)<\/h3>\n\n\n\n<p>Sie ist reich. Sie ist sauber. Sie ist sch\u00f6n. Sie ist reich. Sie ist bunt. Sie ist vielf\u00e4ltig und offen. Sie ist westlich und gleichzeitig asiatisch. Und falls ich es noch nicht erw\u00e4hnt habe: sie ist reich. Singapur ist eine Stadt der Extreme. <\/p>\n\n\n\n<figure class=\"wp-block-image size-large\"><img decoding=\"async\" loading=\"lazy\" width=\"1024\" height=\"683\" src=\"http:\/\/lichri.radeln-in-den-sonnenaufgang.de\/wp-content\/uploads\/2020\/02\/IMG_3869_compress51-1024x683.jpg\" alt=\"\" class=\"wp-image-1578\" srcset=\"http:\/\/lichri.radeln-in-den-sonnenaufgang.de\/wp-content\/uploads\/2020\/02\/IMG_3869_compress51-1024x683.jpg 1024w, http:\/\/lichri.radeln-in-den-sonnenaufgang.de\/wp-content\/uploads\/2020\/02\/IMG_3869_compress51-300x200.jpg 300w, http:\/\/lichri.radeln-in-den-sonnenaufgang.de\/wp-content\/uploads\/2020\/02\/IMG_3869_compress51-768x512.jpg 768w, http:\/\/lichri.radeln-in-den-sonnenaufgang.de\/wp-content\/uploads\/2020\/02\/IMG_3869_compress51.jpg 1296w\" sizes=\"(max-width: 767px) 89vw, (max-width: 1000px) 54vw, (max-width: 1071px) 543px, 580px\" \/><\/figure>\n\n\n\n<p>Wir kamen recht fr\u00fch am morgen mit dem Nachtbus in Singapur an. Schon bei der Fahrt durch die Stadt wurde uns bewusst: Singapur ist anders als die asiatischen St\u00e4dte in denen wir bisher waren. Die Sauberkeit, die Architektur, G\u00e4rten und Parks, all das \u00fcberw\u00e4ltigte uns \u2013 lies uns glauben in eine andere Welt einzutauchen. Wir f\u00fchlten uns ein wenig an die Finanzmetropole Frankfurt erinnert, wobei Singapur Frankfurt leicht in den Schatten stellen kann. <\/p>\n\n\n\n<figure class=\"wp-block-image size-large\"><img decoding=\"async\" loading=\"lazy\" width=\"683\" height=\"1024\" src=\"http:\/\/lichri.radeln-in-den-sonnenaufgang.de\/wp-content\/uploads\/2020\/02\/IMG_3532-683x1024.jpg\" alt=\"\" class=\"wp-image-1548\" srcset=\"http:\/\/lichri.radeln-in-den-sonnenaufgang.de\/wp-content\/uploads\/2020\/02\/IMG_3532-683x1024.jpg 683w, http:\/\/lichri.radeln-in-den-sonnenaufgang.de\/wp-content\/uploads\/2020\/02\/IMG_3532-200x300.jpg 200w, http:\/\/lichri.radeln-in-den-sonnenaufgang.de\/wp-content\/uploads\/2020\/02\/IMG_3532-768x1152.jpg 768w, http:\/\/lichri.radeln-in-den-sonnenaufgang.de\/wp-content\/uploads\/2020\/02\/IMG_3532-1024x1536.jpg 1024w, http:\/\/lichri.radeln-in-den-sonnenaufgang.de\/wp-content\/uploads\/2020\/02\/IMG_3532-1365x2048.jpg 1365w, http:\/\/lichri.radeln-in-den-sonnenaufgang.de\/wp-content\/uploads\/2020\/02\/IMG_3532-scaled.jpg 1707w\" sizes=\"(max-width: 683px) 100vw, 683px\" \/><figcaption>Ausgespuckt vom Bus in der N\u00e4he des arabischen Viertels, hier die Masjid Sultan Moschee<\/figcaption><\/figure>\n\n\n\n<figure class=\"is-layout-flex wp-block-gallery-1 wp-block-gallery columns-3 is-cropped\"><ul class=\"blocks-gallery-grid\"><li class=\"blocks-gallery-item\"><figure><img decoding=\"async\" loading=\"lazy\" width=\"683\" height=\"1024\" src=\"http:\/\/lichri.radeln-in-den-sonnenaufgang.de\/wp-content\/uploads\/2020\/02\/IMG_3550_compress68-e1581588918117-683x1024.jpg\" alt=\"\" data-id=\"1553\" data-full-url=\"http:\/\/lichri.radeln-in-den-sonnenaufgang.de\/wp-content\/uploads\/2020\/02\/IMG_3550_compress68-e1581588918117.jpg\" data-link=\"http:\/\/lichri.radeln-in-den-sonnenaufgang.de\/?attachment_id=1553\" class=\"wp-image-1553\" srcset=\"http:\/\/lichri.radeln-in-den-sonnenaufgang.de\/wp-content\/uploads\/2020\/02\/IMG_3550_compress68-e1581588918117-683x1024.jpg 683w, http:\/\/lichri.radeln-in-den-sonnenaufgang.de\/wp-content\/uploads\/2020\/02\/IMG_3550_compress68-e1581588918117-200x300.jpg 200w, http:\/\/lichri.radeln-in-den-sonnenaufgang.de\/wp-content\/uploads\/2020\/02\/IMG_3550_compress68-e1581588918117-768x1152.jpg 768w, http:\/\/lichri.radeln-in-den-sonnenaufgang.de\/wp-content\/uploads\/2020\/02\/IMG_3550_compress68-e1581588918117.jpg 864w\" sizes=\"(max-width: 683px) 100vw, 683px\" \/><\/figure><\/li><li class=\"blocks-gallery-item\"><figure><img decoding=\"async\" loading=\"lazy\" width=\"1024\" height=\"683\" src=\"http:\/\/lichri.radeln-in-den-sonnenaufgang.de\/wp-content\/uploads\/2020\/02\/IMG_3562_compress31-1024x683.jpg\" alt=\"\" data-id=\"1554\" data-full-url=\"http:\/\/lichri.radeln-in-den-sonnenaufgang.de\/wp-content\/uploads\/2020\/02\/IMG_3562_compress31.jpg\" data-link=\"http:\/\/lichri.radeln-in-den-sonnenaufgang.de\/?attachment_id=1554\" class=\"wp-image-1554\" srcset=\"http:\/\/lichri.radeln-in-den-sonnenaufgang.de\/wp-content\/uploads\/2020\/02\/IMG_3562_compress31-1024x683.jpg 1024w, http:\/\/lichri.radeln-in-den-sonnenaufgang.de\/wp-content\/uploads\/2020\/02\/IMG_3562_compress31-300x200.jpg 300w, http:\/\/lichri.radeln-in-den-sonnenaufgang.de\/wp-content\/uploads\/2020\/02\/IMG_3562_compress31-768x512.jpg 768w, http:\/\/lichri.radeln-in-den-sonnenaufgang.de\/wp-content\/uploads\/2020\/02\/IMG_3562_compress31.jpg 1296w\" sizes=\"(max-width: 767px) 89vw, (max-width: 1000px) 54vw, (max-width: 1071px) 543px, 580px\" \/><\/figure><\/li><li class=\"blocks-gallery-item\"><figure><img decoding=\"async\" loading=\"lazy\" width=\"1024\" height=\"683\" src=\"http:\/\/lichri.radeln-in-den-sonnenaufgang.de\/wp-content\/uploads\/2020\/02\/IMG_3559_compress71-1024x683.jpg\" alt=\"\" data-id=\"1555\" data-full-url=\"http:\/\/lichri.radeln-in-den-sonnenaufgang.de\/wp-content\/uploads\/2020\/02\/IMG_3559_compress71.jpg\" data-link=\"http:\/\/lichri.radeln-in-den-sonnenaufgang.de\/?attachment_id=1555\" class=\"wp-image-1555\" srcset=\"http:\/\/lichri.radeln-in-den-sonnenaufgang.de\/wp-content\/uploads\/2020\/02\/IMG_3559_compress71-1024x683.jpg 1024w, http:\/\/lichri.radeln-in-den-sonnenaufgang.de\/wp-content\/uploads\/2020\/02\/IMG_3559_compress71-300x200.jpg 300w, http:\/\/lichri.radeln-in-den-sonnenaufgang.de\/wp-content\/uploads\/2020\/02\/IMG_3559_compress71-768x512.jpg 768w, http:\/\/lichri.radeln-in-den-sonnenaufgang.de\/wp-content\/uploads\/2020\/02\/IMG_3559_compress71.jpg 1296w\" sizes=\"(max-width: 767px) 89vw, (max-width: 1000px) 54vw, (max-width: 1071px) 543px, 580px\" \/><\/figure><\/li><li class=\"blocks-gallery-item\"><figure><img decoding=\"async\" loading=\"lazy\" width=\"683\" height=\"1024\" src=\"http:\/\/lichri.radeln-in-den-sonnenaufgang.de\/wp-content\/uploads\/2020\/02\/IMG_3547_compress59-e1581588837966-683x1024.jpg\" alt=\"\" data-id=\"1550\" data-full-url=\"http:\/\/lichri.radeln-in-den-sonnenaufgang.de\/wp-content\/uploads\/2020\/02\/IMG_3547_compress59-e1581588837966.jpg\" data-link=\"http:\/\/lichri.radeln-in-den-sonnenaufgang.de\/?attachment_id=1550\" class=\"wp-image-1550\" srcset=\"http:\/\/lichri.radeln-in-den-sonnenaufgang.de\/wp-content\/uploads\/2020\/02\/IMG_3547_compress59-e1581588837966-683x1024.jpg 683w, http:\/\/lichri.radeln-in-den-sonnenaufgang.de\/wp-content\/uploads\/2020\/02\/IMG_3547_compress59-e1581588837966-200x300.jpg 200w, http:\/\/lichri.radeln-in-den-sonnenaufgang.de\/wp-content\/uploads\/2020\/02\/IMG_3547_compress59-e1581588837966-768x1152.jpg 768w, http:\/\/lichri.radeln-in-den-sonnenaufgang.de\/wp-content\/uploads\/2020\/02\/IMG_3547_compress59-e1581588837966.jpg 864w\" sizes=\"(max-width: 683px) 100vw, 683px\" \/><\/figure><\/li><li class=\"blocks-gallery-item\"><figure><img decoding=\"async\" loading=\"lazy\" width=\"683\" height=\"1024\" src=\"http:\/\/lichri.radeln-in-den-sonnenaufgang.de\/wp-content\/uploads\/2020\/02\/IMG_3544_compress31-e1581588778693-683x1024.jpg\" alt=\"\" data-id=\"1552\" data-full-url=\"http:\/\/lichri.radeln-in-den-sonnenaufgang.de\/wp-content\/uploads\/2020\/02\/IMG_3544_compress31-e1581588778693.jpg\" data-link=\"http:\/\/lichri.radeln-in-den-sonnenaufgang.de\/?attachment_id=1552\" class=\"wp-image-1552\" srcset=\"http:\/\/lichri.radeln-in-den-sonnenaufgang.de\/wp-content\/uploads\/2020\/02\/IMG_3544_compress31-e1581588778693-683x1024.jpg 683w, http:\/\/lichri.radeln-in-den-sonnenaufgang.de\/wp-content\/uploads\/2020\/02\/IMG_3544_compress31-e1581588778693-200x300.jpg 200w, http:\/\/lichri.radeln-in-den-sonnenaufgang.de\/wp-content\/uploads\/2020\/02\/IMG_3544_compress31-e1581588778693-768x1152.jpg 768w, http:\/\/lichri.radeln-in-den-sonnenaufgang.de\/wp-content\/uploads\/2020\/02\/IMG_3544_compress31-e1581588778693.jpg 864w\" sizes=\"(max-width: 683px) 100vw, 683px\" \/><\/figure><\/li><\/ul><figcaption class=\"blocks-gallery-caption\">Wunderbar bunt sprangen uns an jeder Ecke sch\u00f6ne Streetartbilder an<\/figcaption><\/figure>\n\n\n\n<figure class=\"is-layout-flex wp-block-gallery-3 wp-block-gallery columns-2 is-cropped\"><ul class=\"blocks-gallery-grid\"><li class=\"blocks-gallery-item\"><figure><img decoding=\"async\" loading=\"lazy\" width=\"683\" height=\"1024\" src=\"http:\/\/lichri.radeln-in-den-sonnenaufgang.de\/wp-content\/uploads\/2020\/02\/IMG_3580_compress76-e1581588945763-683x1024.jpg\" alt=\"\" data-id=\"1556\" data-full-url=\"http:\/\/lichri.radeln-in-den-sonnenaufgang.de\/wp-content\/uploads\/2020\/02\/IMG_3580_compress76-e1581588945763.jpg\" data-link=\"http:\/\/lichri.radeln-in-den-sonnenaufgang.de\/?attachment_id=1556\" class=\"wp-image-1556\" srcset=\"http:\/\/lichri.radeln-in-den-sonnenaufgang.de\/wp-content\/uploads\/2020\/02\/IMG_3580_compress76-e1581588945763-683x1024.jpg 683w, http:\/\/lichri.radeln-in-den-sonnenaufgang.de\/wp-content\/uploads\/2020\/02\/IMG_3580_compress76-e1581588945763-200x300.jpg 200w, http:\/\/lichri.radeln-in-den-sonnenaufgang.de\/wp-content\/uploads\/2020\/02\/IMG_3580_compress76-e1581588945763-768x1152.jpg 768w, http:\/\/lichri.radeln-in-den-sonnenaufgang.de\/wp-content\/uploads\/2020\/02\/IMG_3580_compress76-e1581588945763.jpg 864w\" sizes=\"(max-width: 683px) 100vw, 683px\" \/><\/figure><\/li><li class=\"blocks-gallery-item\"><figure><img decoding=\"async\" loading=\"lazy\" width=\"683\" height=\"1024\" src=\"http:\/\/lichri.radeln-in-den-sonnenaufgang.de\/wp-content\/uploads\/2020\/02\/IMG_3573_compress62-e1581588970540-683x1024.jpg\" alt=\"\" data-id=\"1557\" data-full-url=\"http:\/\/lichri.radeln-in-den-sonnenaufgang.de\/wp-content\/uploads\/2020\/02\/IMG_3573_compress62-e1581588970540.jpg\" data-link=\"http:\/\/lichri.radeln-in-den-sonnenaufgang.de\/?attachment_id=1557\" class=\"wp-image-1557\" srcset=\"http:\/\/lichri.radeln-in-den-sonnenaufgang.de\/wp-content\/uploads\/2020\/02\/IMG_3573_compress62-e1581588970540-683x1024.jpg 683w, http:\/\/lichri.radeln-in-den-sonnenaufgang.de\/wp-content\/uploads\/2020\/02\/IMG_3573_compress62-e1581588970540-200x300.jpg 200w, http:\/\/lichri.radeln-in-den-sonnenaufgang.de\/wp-content\/uploads\/2020\/02\/IMG_3573_compress62-e1581588970540-768x1152.jpg 768w, http:\/\/lichri.radeln-in-den-sonnenaufgang.de\/wp-content\/uploads\/2020\/02\/IMG_3573_compress62-e1581588970540.jpg 864w\" sizes=\"(max-width: 683px) 100vw, 683px\" \/><\/figure><\/li><\/ul><\/figure>\n\n\n\n<figure class=\"wp-block-image size-large\"><img decoding=\"async\" loading=\"lazy\" width=\"1024\" height=\"683\" src=\"http:\/\/lichri.radeln-in-den-sonnenaufgang.de\/wp-content\/uploads\/2020\/02\/IMG_3595_compress91-1024x683.jpg\" alt=\"\" class=\"wp-image-1560\" srcset=\"http:\/\/lichri.radeln-in-den-sonnenaufgang.de\/wp-content\/uploads\/2020\/02\/IMG_3595_compress91-1024x683.jpg 1024w, http:\/\/lichri.radeln-in-den-sonnenaufgang.de\/wp-content\/uploads\/2020\/02\/IMG_3595_compress91-300x200.jpg 300w, http:\/\/lichri.radeln-in-den-sonnenaufgang.de\/wp-content\/uploads\/2020\/02\/IMG_3595_compress91-768x512.jpg 768w, http:\/\/lichri.radeln-in-den-sonnenaufgang.de\/wp-content\/uploads\/2020\/02\/IMG_3595_compress91.jpg 1296w\" sizes=\"(max-width: 767px) 89vw, (max-width: 1000px) 54vw, (max-width: 1071px) 543px, 580px\" \/><figcaption>Die Kunstinstallation erinnerte etwas an Harry Potter und k\u00f6nnte so vor dem Zaubereiministerium h\u00e4ngen\/fliegen<\/figcaption><\/figure>\n\n\n\n<figure class=\"wp-block-image size-large\"><img decoding=\"async\" loading=\"lazy\" width=\"683\" height=\"1024\" src=\"http:\/\/lichri.radeln-in-den-sonnenaufgang.de\/wp-content\/uploads\/2020\/02\/IMG_3599_compress26-e1581590154955-683x1024.jpg\" alt=\"\" class=\"wp-image-1562\" srcset=\"http:\/\/lichri.radeln-in-den-sonnenaufgang.de\/wp-content\/uploads\/2020\/02\/IMG_3599_compress26-e1581590154955-683x1024.jpg 683w, http:\/\/lichri.radeln-in-den-sonnenaufgang.de\/wp-content\/uploads\/2020\/02\/IMG_3599_compress26-e1581590154955-200x300.jpg 200w, http:\/\/lichri.radeln-in-den-sonnenaufgang.de\/wp-content\/uploads\/2020\/02\/IMG_3599_compress26-e1581590154955-768x1152.jpg 768w, http:\/\/lichri.radeln-in-den-sonnenaufgang.de\/wp-content\/uploads\/2020\/02\/IMG_3599_compress26-e1581590154955.jpg 864w\" sizes=\"(max-width: 683px) 100vw, 683px\" \/><\/figure>\n\n\n\n<p>Einige Tage bevor wir nach Singapur fahren wollten, hatten wir bereits nach \u00dcbernachtungsm\u00f6glichkeiten Ausschau gehalten. Mit Erfolg \u2013 so schien es \u2013 denn wir hatten einen Warmshowers Host gefunden, der uns f\u00fcr ein paar N\u00e4chte aufnehmen wollte. Dementsprechend entspannt waren wir, als wir aus dem klimatisierten (und viel zu kalten) Bus ins hei\u00df-schw\u00fcle Singapur traten. Auch wenn wir recht m\u00fcde waren, machten wir uns mit unserem leichten Gep\u00e4ck zu Fu\u00df auf in die Richtung unserer Gastgeber. Da es Sonntagmorgen war, wussten wir nicht so recht um wie viel Uhr es angebracht w\u00e4re, dort aufzutauchen. Also schrieb Chris vorausschauend noch im Bus eine Nachricht, um das abzukl\u00e4ren. In Singapur angekommen, waren wir dann ohne Internet und dachten es w\u00e4re das beste eine Mall aufzusuchen. Denn die bietet vieles: eine Toilette, Waschbecken zum Gesicht waschen und Z\u00e4hne putzen, L\u00e4den, in denen wir Fr\u00fchst\u00fcck besorgen k\u00f6nnten und h\u00f6chstwahrscheinlich auch eine Fastfoodkette mit freiem WLAN. Gesagt getan. Wir stiegen ein in die Welt des Konsums und es war etwas \u00fcberfordernd, aber auch wundersch\u00f6n. All die gut gekleideten, gut riechenden Menschen, die vielen B\u00e4ckereien und Restaurants, die ihre K\u00f6stlichkeiten in Auslagen oder auf Hochglanzplakaten zur Schau stellten, die Parf\u00fcmerien, die bet\u00f6rende D\u00fcfte in bunten, schicken Fl\u00e4schchen anboten, all das genossen wir. <\/p>\n\n\n\n<figure class=\"wp-block-image size-large\"><img decoding=\"async\" loading=\"lazy\" width=\"683\" height=\"1024\" src=\"http:\/\/lichri.radeln-in-den-sonnenaufgang.de\/wp-content\/uploads\/2020\/02\/IMG_3582_compress90-e1581589020645-683x1024.jpg\" alt=\"\" class=\"wp-image-1559\" srcset=\"http:\/\/lichri.radeln-in-den-sonnenaufgang.de\/wp-content\/uploads\/2020\/02\/IMG_3582_compress90-e1581589020645-683x1024.jpg 683w, http:\/\/lichri.radeln-in-den-sonnenaufgang.de\/wp-content\/uploads\/2020\/02\/IMG_3582_compress90-e1581589020645-200x300.jpg 200w, http:\/\/lichri.radeln-in-den-sonnenaufgang.de\/wp-content\/uploads\/2020\/02\/IMG_3582_compress90-e1581589020645-768x1152.jpg 768w, http:\/\/lichri.radeln-in-den-sonnenaufgang.de\/wp-content\/uploads\/2020\/02\/IMG_3582_compress90-e1581589020645.jpg 864w\" sizes=\"(max-width: 683px) 100vw, 683px\" \/><\/figure>\n\n\n\n<p>Zumindest f\u00fcr kurze Zeit \u2013 leisten konnten wir uns hier so gut wie nichts. Wir holten uns beim B\u00e4cker etwas s\u00fc\u00dfes und im Supermarkt einen Saft. In der Parf\u00fcmerie spr\u00fchten wir uns mit Probefl\u00e4schchen ein und gingen dann vor die Mall, um uns auf eine Mauer vor dem Springbrunnen zu setzen, die Kinder zu beobachten und unser Fr\u00fchst\u00fcck zu verzehren. <\/p>\n\n\n\n<figure class=\"is-layout-flex wp-block-gallery-5 wp-block-gallery columns-2 is-cropped\"><ul class=\"blocks-gallery-grid\"><li class=\"blocks-gallery-item\"><figure><img decoding=\"async\" loading=\"lazy\" width=\"1024\" height=\"683\" src=\"http:\/\/lichri.radeln-in-den-sonnenaufgang.de\/wp-content\/uploads\/2020\/02\/IMG_3606_compress48-1024x683.jpg\" alt=\"\" data-id=\"1563\" data-full-url=\"http:\/\/lichri.radeln-in-den-sonnenaufgang.de\/wp-content\/uploads\/2020\/02\/IMG_3606_compress48.jpg\" data-link=\"http:\/\/lichri.radeln-in-den-sonnenaufgang.de\/?attachment_id=1563\" class=\"wp-image-1563\" srcset=\"http:\/\/lichri.radeln-in-den-sonnenaufgang.de\/wp-content\/uploads\/2020\/02\/IMG_3606_compress48-1024x683.jpg 1024w, http:\/\/lichri.radeln-in-den-sonnenaufgang.de\/wp-content\/uploads\/2020\/02\/IMG_3606_compress48-300x200.jpg 300w, http:\/\/lichri.radeln-in-den-sonnenaufgang.de\/wp-content\/uploads\/2020\/02\/IMG_3606_compress48-768x512.jpg 768w, http:\/\/lichri.radeln-in-den-sonnenaufgang.de\/wp-content\/uploads\/2020\/02\/IMG_3606_compress48.jpg 1296w\" sizes=\"(max-width: 767px) 89vw, (max-width: 1000px) 54vw, (max-width: 1071px) 543px, 580px\" \/><\/figure><\/li><li class=\"blocks-gallery-item\"><figure><img decoding=\"async\" loading=\"lazy\" width=\"1024\" height=\"683\" src=\"http:\/\/lichri.radeln-in-den-sonnenaufgang.de\/wp-content\/uploads\/2020\/02\/IMG_3602_compress9-1024x683.jpg\" alt=\"\" data-id=\"1561\" data-full-url=\"http:\/\/lichri.radeln-in-den-sonnenaufgang.de\/wp-content\/uploads\/2020\/02\/IMG_3602_compress9.jpg\" data-link=\"http:\/\/lichri.radeln-in-den-sonnenaufgang.de\/?attachment_id=1561\" class=\"wp-image-1561\" srcset=\"http:\/\/lichri.radeln-in-den-sonnenaufgang.de\/wp-content\/uploads\/2020\/02\/IMG_3602_compress9-1024x683.jpg 1024w, http:\/\/lichri.radeln-in-den-sonnenaufgang.de\/wp-content\/uploads\/2020\/02\/IMG_3602_compress9-300x200.jpg 300w, http:\/\/lichri.radeln-in-den-sonnenaufgang.de\/wp-content\/uploads\/2020\/02\/IMG_3602_compress9-768x512.jpg 768w, http:\/\/lichri.radeln-in-den-sonnenaufgang.de\/wp-content\/uploads\/2020\/02\/IMG_3602_compress9.jpg 1296w\" sizes=\"(max-width: 767px) 89vw, (max-width: 1000px) 54vw, (max-width: 1071px) 543px, 580px\" \/><\/figure><\/li><\/ul><\/figure>\n\n\n\n<p>Alles war gut \u2013 bis Chris sich in die das freie WLAN des gro\u00dfen Ms einw\u00e4hlte und eine Nachricht von unseren Gastgebern bekam. Unsere Gastgeber, waren zwar noch Gastgeber, aber nicht mehr unsere. Wie sich herausstellte muss es ein Kommunikationsproblem (oder was auch immer) gegeben haben. Sie schrieben, dass sie, da wir uns nicht mehr zur\u00fcck gemeldet h\u00e4tten, davon ausgegangen waren, dass wir nicht kommen w\u00fcrden. Das wunderte uns sehr, da wir uns sehr wohl und zwar auch recht z\u00fcgig daf\u00fcr bedankt hatten, dass wir zu ihnen kommen d\u00fcrften und uns darauf freuten sie kennen zu lernen. Jedenfalls hatten sie in der Zwischenzeit wohl schon einem anderen Fahrradfahrer zugesagt und dadurch keinen Platz mehr f\u00fcr uns.<\/p>\n\n\n\n<p>So standen wir in der reichen, sch\u00f6nen und gleichsam teuren Finanzmetropole Singapur, ohne Dach \u00fcber dem Kopf. Wir waren im ersten Moment nat\u00fcrlich etwas geschockt, sind wir doch mit so vielen positiven Gef\u00fchlen und Eindr\u00fccken in diesen Stadtstaat gekommen. Da es jedoch nicht das erste Mal auf unserer Reise war, dass wir spontan umdenken und eine Unterkunft suchen mussten, fassten wir uns schnell. Wir suchten im Internet nach M\u00f6glichkeiten, schrieben Leute an, die Leute kannten und hofften, dass sich eine T\u00fcr dort auftut, wo diese eben zugegangen war. Nachdem wir all die M\u00f6glichkeiten ausgesch\u00f6pft hatten, die uns auf Anhieb eingefallen waren, entschlossen wir uns uns nicht die Stimmung vermiesen zu lassen und uns die Stadt anzuschauen. Wir packten unsere sieben Sachen und zogen weiter. Wir schafften es sogar noch bis zum Marina Sands Bay, erblickten die Supertrees und wurden darin best\u00e4tigt in einer v\u00f6llig anderen Welt gelandet zu sein.<\/p>\n\n\n\n<figure class=\"wp-block-image size-large\"><img decoding=\"async\" loading=\"lazy\" width=\"1024\" height=\"683\" src=\"http:\/\/lichri.radeln-in-den-sonnenaufgang.de\/wp-content\/uploads\/2020\/02\/IMG_3706_compress83-1024x683.jpg\" alt=\"\" class=\"wp-image-1569\" srcset=\"http:\/\/lichri.radeln-in-den-sonnenaufgang.de\/wp-content\/uploads\/2020\/02\/IMG_3706_compress83-1024x683.jpg 1024w, http:\/\/lichri.radeln-in-den-sonnenaufgang.de\/wp-content\/uploads\/2020\/02\/IMG_3706_compress83-300x200.jpg 300w, http:\/\/lichri.radeln-in-den-sonnenaufgang.de\/wp-content\/uploads\/2020\/02\/IMG_3706_compress83-768x512.jpg 768w, http:\/\/lichri.radeln-in-den-sonnenaufgang.de\/wp-content\/uploads\/2020\/02\/IMG_3706_compress83.jpg 1296w\" sizes=\"(max-width: 767px) 89vw, (max-width: 1000px) 54vw, (max-width: 1071px) 543px, 580px\" \/><\/figure>\n\n\n\n<figure class=\"is-layout-flex wp-block-gallery-7 wp-block-gallery columns-1 is-cropped\"><ul class=\"blocks-gallery-grid\"><li class=\"blocks-gallery-item\"><figure><img decoding=\"async\" loading=\"lazy\" width=\"1024\" height=\"683\" src=\"http:\/\/lichri.radeln-in-den-sonnenaufgang.de\/wp-content\/uploads\/2020\/02\/IMG_3647_compress83-1024x683.jpg\" alt=\"\" data-id=\"1564\" data-full-url=\"http:\/\/lichri.radeln-in-den-sonnenaufgang.de\/wp-content\/uploads\/2020\/02\/IMG_3647_compress83.jpg\" data-link=\"http:\/\/lichri.radeln-in-den-sonnenaufgang.de\/?attachment_id=1564\" class=\"wp-image-1564\" srcset=\"http:\/\/lichri.radeln-in-den-sonnenaufgang.de\/wp-content\/uploads\/2020\/02\/IMG_3647_compress83-1024x683.jpg 1024w, http:\/\/lichri.radeln-in-den-sonnenaufgang.de\/wp-content\/uploads\/2020\/02\/IMG_3647_compress83-300x200.jpg 300w, http:\/\/lichri.radeln-in-den-sonnenaufgang.de\/wp-content\/uploads\/2020\/02\/IMG_3647_compress83-768x512.jpg 768w, http:\/\/lichri.radeln-in-den-sonnenaufgang.de\/wp-content\/uploads\/2020\/02\/IMG_3647_compress83.jpg 1296w\" sizes=\"(max-width: 767px) 89vw, (max-width: 1000px) 54vw, (max-width: 1071px) 543px, 580px\" \/><\/figure><\/li><li class=\"blocks-gallery-item\"><figure><img decoding=\"async\" loading=\"lazy\" width=\"1024\" height=\"683\" src=\"http:\/\/lichri.radeln-in-den-sonnenaufgang.de\/wp-content\/uploads\/2020\/02\/IMG_3622_compress11-1024x683.jpg\" alt=\"\" data-id=\"1565\" data-full-url=\"http:\/\/lichri.radeln-in-den-sonnenaufgang.de\/wp-content\/uploads\/2020\/02\/IMG_3622_compress11.jpg\" data-link=\"http:\/\/lichri.radeln-in-den-sonnenaufgang.de\/?attachment_id=1565\" class=\"wp-image-1565\" srcset=\"http:\/\/lichri.radeln-in-den-sonnenaufgang.de\/wp-content\/uploads\/2020\/02\/IMG_3622_compress11-1024x683.jpg 1024w, http:\/\/lichri.radeln-in-den-sonnenaufgang.de\/wp-content\/uploads\/2020\/02\/IMG_3622_compress11-300x200.jpg 300w, http:\/\/lichri.radeln-in-den-sonnenaufgang.de\/wp-content\/uploads\/2020\/02\/IMG_3622_compress11-768x512.jpg 768w, http:\/\/lichri.radeln-in-den-sonnenaufgang.de\/wp-content\/uploads\/2020\/02\/IMG_3622_compress11.jpg 1296w\" sizes=\"(max-width: 767px) 89vw, (max-width: 1000px) 54vw, (max-width: 1071px) 543px, 580px\" \/><\/figure><\/li><li class=\"blocks-gallery-item\"><figure><img decoding=\"async\" loading=\"lazy\" width=\"1024\" height=\"683\" src=\"http:\/\/lichri.radeln-in-den-sonnenaufgang.de\/wp-content\/uploads\/2020\/02\/IMG_3686_compress44-1024x683.jpg\" alt=\"\" data-id=\"1567\" data-full-url=\"http:\/\/lichri.radeln-in-den-sonnenaufgang.de\/wp-content\/uploads\/2020\/02\/IMG_3686_compress44.jpg\" data-link=\"http:\/\/lichri.radeln-in-den-sonnenaufgang.de\/?attachment_id=1567\" class=\"wp-image-1567\" srcset=\"http:\/\/lichri.radeln-in-den-sonnenaufgang.de\/wp-content\/uploads\/2020\/02\/IMG_3686_compress44-1024x683.jpg 1024w, http:\/\/lichri.radeln-in-den-sonnenaufgang.de\/wp-content\/uploads\/2020\/02\/IMG_3686_compress44-300x200.jpg 300w, http:\/\/lichri.radeln-in-den-sonnenaufgang.de\/wp-content\/uploads\/2020\/02\/IMG_3686_compress44-768x512.jpg 768w, http:\/\/lichri.radeln-in-den-sonnenaufgang.de\/wp-content\/uploads\/2020\/02\/IMG_3686_compress44.jpg 1296w\" sizes=\"(max-width: 767px) 89vw, (max-width: 1000px) 54vw, (max-width: 1071px) 543px, 580px\" \/><\/figure><\/li><li class=\"blocks-gallery-item\"><figure><img decoding=\"async\" loading=\"lazy\" width=\"683\" height=\"1024\" src=\"http:\/\/lichri.radeln-in-den-sonnenaufgang.de\/wp-content\/uploads\/2020\/02\/IMG_3677_compress1-e1581589113705-683x1024.jpg\" alt=\"\" data-id=\"1568\" data-full-url=\"http:\/\/lichri.radeln-in-den-sonnenaufgang.de\/wp-content\/uploads\/2020\/02\/IMG_3677_compress1-e1581589113705.jpg\" data-link=\"http:\/\/lichri.radeln-in-den-sonnenaufgang.de\/?attachment_id=1568\" class=\"wp-image-1568\" srcset=\"http:\/\/lichri.radeln-in-den-sonnenaufgang.de\/wp-content\/uploads\/2020\/02\/IMG_3677_compress1-e1581589113705-683x1024.jpg 683w, http:\/\/lichri.radeln-in-den-sonnenaufgang.de\/wp-content\/uploads\/2020\/02\/IMG_3677_compress1-e1581589113705-200x300.jpg 200w, http:\/\/lichri.radeln-in-den-sonnenaufgang.de\/wp-content\/uploads\/2020\/02\/IMG_3677_compress1-e1581589113705-768x1152.jpg 768w, http:\/\/lichri.radeln-in-den-sonnenaufgang.de\/wp-content\/uploads\/2020\/02\/IMG_3677_compress1-e1581589113705.jpg 864w\" sizes=\"(max-width: 683px) 100vw, 683px\" \/><figcaption class=\"blocks-gallery-item__caption\">Im Marina Sands Bay<\/figcaption><\/figure><\/li><li class=\"blocks-gallery-item\"><figure><img decoding=\"async\" loading=\"lazy\" width=\"1024\" height=\"683\" src=\"http:\/\/lichri.radeln-in-den-sonnenaufgang.de\/wp-content\/uploads\/2020\/02\/IMG_3654_compress77-1024x683.jpg\" alt=\"\" data-id=\"1566\" data-full-url=\"http:\/\/lichri.radeln-in-den-sonnenaufgang.de\/wp-content\/uploads\/2020\/02\/IMG_3654_compress77.jpg\" data-link=\"http:\/\/lichri.radeln-in-den-sonnenaufgang.de\/?attachment_id=1566\" class=\"wp-image-1566\" srcset=\"http:\/\/lichri.radeln-in-den-sonnenaufgang.de\/wp-content\/uploads\/2020\/02\/IMG_3654_compress77-1024x683.jpg 1024w, http:\/\/lichri.radeln-in-den-sonnenaufgang.de\/wp-content\/uploads\/2020\/02\/IMG_3654_compress77-300x200.jpg 300w, http:\/\/lichri.radeln-in-den-sonnenaufgang.de\/wp-content\/uploads\/2020\/02\/IMG_3654_compress77-768x512.jpg 768w, http:\/\/lichri.radeln-in-den-sonnenaufgang.de\/wp-content\/uploads\/2020\/02\/IMG_3654_compress77.jpg 1296w\" sizes=\"(max-width: 767px) 89vw, (max-width: 1000px) 54vw, (max-width: 1071px) 543px, 580px\" \/><\/figure><\/li><\/ul><\/figure>\n\n\n\n<p>Nachdem wir durch den kleinen \u00abHafen\u00bb, an der lotusf\u00f6rmigen Kunstgalerie und durch das Marina Sands Hotel geschlendert waren, unseren Blick eine Weile \u00fcber die au\u00dferirdischen Supertrees schweifen lie\u00dfen und ordentlich \u00fcber all das staunten (Was des koscht!) was wir da sahen, machten wir uns mit der U-Bahn in Richtung Kirche. Immerhin war Sonntag und wir hatten gedacht, es w\u00e4re sch\u00f6n mal wieder in einen Gottesdienst zu gehen. Gesagt getan: wir schafften es rechtzeitig zum f\u00fcnf Uhr Gottesdienst der \u00abAll Nations Church\u00bb und nachdem wir mit Hilfe von Grace den Eingang (bzw.das richtige Stockwerk) des Saals gefunden hatten, durften wir im tiefgek\u00fchlten und mit Scheinwerfern beleuchteten Saal Lobpreis, Gottesdienst und Gemeinschaft genie\u00dfen. <\/p>\n\n\n\n<p>Nun gut, Lisa genoss es w\u00e4hrend Chris, der \u00fcbel geschafft war, M\u00fche hatte nicht einzuschlafen und sich wegen der Klimaanlage in mehrere unserer laotischen T\u00fccher mummelte. Wir wurden im Nachgang noch mit Kaffee, Haferdrink und allerlei S\u00fc\u00dfkram versorgt, den man uns \u2013 nachdem wir unsere Geschichte erz\u00e4hlt hatten \u2013 geradezu aufdr\u00e4ngte. Und mit der F\u00e4hre w\u00fcrden wir fahren! Da waren einige der Anwesenden etwas sprachlos, schlie\u00dflich waren wir hier nicht nur in der Stadt der Superreichen, sondern auch in der Stadt der wohl am meisten mit dem Flieger herumbummelnden Menschen der Welt. Schlie\u00dflich waren wir voll bepackt mit Instant-Kaffee, Geb\u00e4ck, Keksen, Saftt\u00fctchen und was man nicht noch alles hier auf Lager hatte, als wir schlie\u00dflich von einem der lieben Gottesdienstbesucher in ein viel zu schickes Auto gepackt und zu unserer n\u00e4chsten und letzten Station des Tages gebracht wurden: den neuen Warm-Showers Hosts, die noch kurz vor Gottesdienstbeginn eine Whats-App Nachricht durchschickten, dass wir gerne bei ihnen unterkommen d\u00fcrften. <\/p>\n\n\n\n<p>Als wir bei Andi und Eleana ankamen, war erst unser Spontan-Chauffeur und schlie\u00dflich auch wir etwas irritiert: eine private Wohnanlage. Unsere Gastgeber m\u00fcssten superreich sein, dachten wir. Wir klingelten kurz durch und schlie\u00dflich lie\u00df uns Andi aufs Grundst\u00fcck. Er holte uns unten ab, wo wir uns noch herzlich von dem Ehepaar verabschiedeten, das die letzte Stunde regelrecht \u00fcber uns br\u00fctete, und dann ging es mit dem Fahrstuhl nach oben. Weit nach oben\u2026<\/p>\n\n\n\n<p>Andi und Eleana sind nicht superreich, es war Ausl\u00e4ndern nur nicht gestattet in den g\u00fcnstigeren \u00d6ffentlichen Wohnh\u00e4usern zu leben (oder so \u00e4hnlich). Jedenfalls waren sie superlieb, interessiert und interessant und so verbrachten wir den Sonntag Abend gemeinsam und bis sp\u00e4t in die Nacht quatschend auf dem Balkon \u00fcber der Metropole. Wir bekamen sogar noch Eintopf, der insbesondere Chris so derma\u00dfen an Zuhause erinnerte, das wir uns sp\u00e4testens jetzt wie daheim f\u00fchlten. Nicht zuletzt auch, weil Andi einen sehr sch\u00f6nen fr\u00e4nkischen Akzent spricht. Es war sch\u00f6n, deutsch zu reden, mit Gleichgesinnten, aufger\u00e4umt und versorgt zu sein. Und das waren wir \u2013 es gab sogar einen Pool im 1. Stock! Und ein Bett in einem kleinen, sch\u00f6nen G\u00e4stezimmer, in das wir uns schlie\u00dflich ersch\u00f6pft und \u00fcberw\u00e4ltigt fallen lie\u00dfen und seelig einschliefen\u2026<\/p>\n\n\n\n<p>Es war so herrlich in dieser sch\u00f6nen Wohnung, hoch \u00fcber dem Geschehen der Stadt, in frisch bezogenen Bettlaken, mit offenem Fenster und wehenden Vorh\u00e4ngen, dass wir es nicht schafften aufzustehen, bzw. wollten wir das auch gar nicht. Bis ca. 12 Uhr blieben wir liegen, bevor wir uns aufrafften, eine Kleinigkeit fr\u00fchst\u00fcckten (waren wir doch gut versorgt worden am Tag zuvor) und frisch geduscht die Stadt unsicher machten. Gro\u00dfz\u00fcgig wie Eleana und Andi waren, liehen sie uns ihre R\u00e4der und so hatten wir das Privileg, trotz zur\u00fcckgelassener Fahrr\u00e4der, Singapur doch mit unserem liebsten Fortbewegungsmittel zu erkunden.<\/p>\n\n\n\n<figure class=\"wp-block-image size-large\"><img decoding=\"async\" loading=\"lazy\" width=\"683\" height=\"1024\" src=\"http:\/\/lichri.radeln-in-den-sonnenaufgang.de\/wp-content\/uploads\/2020\/02\/IMG_3731_compress65-e1581589066263-683x1024.jpg\" alt=\"\" class=\"wp-image-1570\" srcset=\"http:\/\/lichri.radeln-in-den-sonnenaufgang.de\/wp-content\/uploads\/2020\/02\/IMG_3731_compress65-e1581589066263-683x1024.jpg 683w, http:\/\/lichri.radeln-in-den-sonnenaufgang.de\/wp-content\/uploads\/2020\/02\/IMG_3731_compress65-e1581589066263-200x300.jpg 200w, http:\/\/lichri.radeln-in-den-sonnenaufgang.de\/wp-content\/uploads\/2020\/02\/IMG_3731_compress65-e1581589066263-768x1152.jpg 768w, http:\/\/lichri.radeln-in-den-sonnenaufgang.de\/wp-content\/uploads\/2020\/02\/IMG_3731_compress65-e1581589066263.jpg 864w\" sizes=\"(max-width: 683px) 100vw, 683px\" \/><\/figure>\n\n\n\n<figure class=\"wp-block-image size-large\"><img decoding=\"async\" loading=\"lazy\" width=\"683\" height=\"1024\" src=\"http:\/\/lichri.radeln-in-den-sonnenaufgang.de\/wp-content\/uploads\/2020\/02\/IMG_3779_compress81-e1581590755261-683x1024.jpg\" alt=\"\" class=\"wp-image-1580\" srcset=\"http:\/\/lichri.radeln-in-den-sonnenaufgang.de\/wp-content\/uploads\/2020\/02\/IMG_3779_compress81-e1581590755261-683x1024.jpg 683w, http:\/\/lichri.radeln-in-den-sonnenaufgang.de\/wp-content\/uploads\/2020\/02\/IMG_3779_compress81-e1581590755261-200x300.jpg 200w, http:\/\/lichri.radeln-in-den-sonnenaufgang.de\/wp-content\/uploads\/2020\/02\/IMG_3779_compress81-e1581590755261-768x1152.jpg 768w, http:\/\/lichri.radeln-in-den-sonnenaufgang.de\/wp-content\/uploads\/2020\/02\/IMG_3779_compress81-e1581590755261.jpg 864w\" sizes=\"(max-width: 683px) 100vw, 683px\" \/><figcaption>\u00dcber 70 Prozent der Einwohner Singapurs sind Chinesen. Au\u00dferdem gibt viele Inder und etwas weniger Malay, ca ein Prozent sind Menschen anderer Nationalit\u00e4t. Nicht nur an den Moscheen, hinduistischen Tempeln und Kirchen spiegelt sich die Vielfalt wieder, es werden auch die Feste der unterschiedlichen Religionen, Kulturen und Nationalit\u00e4ten ernst genommen und als Feiertage gefeiert. So wird das Ende des Ramadan genauso gefeiert wie Weihnachten oder das chinesische Neujahrsfest. <\/figcaption><\/figure>\n\n\n\n<figure class=\"wp-block-image size-large\"><img decoding=\"async\" loading=\"lazy\" width=\"683\" height=\"1024\" src=\"http:\/\/lichri.radeln-in-den-sonnenaufgang.de\/wp-content\/uploads\/2020\/02\/IMG_3759_compress58-e1581589090588-683x1024.jpg\" alt=\"\" class=\"wp-image-1572\" srcset=\"http:\/\/lichri.radeln-in-den-sonnenaufgang.de\/wp-content\/uploads\/2020\/02\/IMG_3759_compress58-e1581589090588-683x1024.jpg 683w, http:\/\/lichri.radeln-in-den-sonnenaufgang.de\/wp-content\/uploads\/2020\/02\/IMG_3759_compress58-e1581589090588-200x300.jpg 200w, http:\/\/lichri.radeln-in-den-sonnenaufgang.de\/wp-content\/uploads\/2020\/02\/IMG_3759_compress58-e1581589090588-768x1152.jpg 768w, http:\/\/lichri.radeln-in-den-sonnenaufgang.de\/wp-content\/uploads\/2020\/02\/IMG_3759_compress58-e1581589090588.jpg 864w\" sizes=\"(max-width: 683px) 100vw, 683px\" \/><\/figure>\n\n\n\n<figure class=\"wp-block-image size-large\"><img decoding=\"async\" loading=\"lazy\" width=\"683\" height=\"1024\" src=\"http:\/\/lichri.radeln-in-den-sonnenaufgang.de\/wp-content\/uploads\/2020\/02\/IMG_3773_compress86-e1581589140578-683x1024.jpg\" alt=\"\" class=\"wp-image-1573\" srcset=\"http:\/\/lichri.radeln-in-den-sonnenaufgang.de\/wp-content\/uploads\/2020\/02\/IMG_3773_compress86-e1581589140578-683x1024.jpg 683w, http:\/\/lichri.radeln-in-den-sonnenaufgang.de\/wp-content\/uploads\/2020\/02\/IMG_3773_compress86-e1581589140578-200x300.jpg 200w, http:\/\/lichri.radeln-in-den-sonnenaufgang.de\/wp-content\/uploads\/2020\/02\/IMG_3773_compress86-e1581589140578-768x1152.jpg 768w, http:\/\/lichri.radeln-in-den-sonnenaufgang.de\/wp-content\/uploads\/2020\/02\/IMG_3773_compress86-e1581589140578.jpg 864w\" sizes=\"(max-width: 683px) 100vw, 683px\" \/><figcaption>Hindutempel in little india<\/figcaption><\/figure>\n\n\n\n<p>Aber zuerst verschlug es uns erneut in eine Mall. Man muss dazu wissen, dass Malls, so schick und sch\u00f6n wie es sie in jeder mittelgro\u00dfen Stadt in Deutschland gibt, hier an jeder Stra\u00dfenecke zu finden sind. Wir gingen zu der mit einem der vier Drecathlons in der Stadt, denn wir hatten entschlossen, dass doch viele unserer Radklamotten mittlerweile ziemlich ausgedient hatten, durch das st\u00e4ndige tragen und waschen sehr verblichen und l\u00f6chrig waren. Der Konsumzwang holte uns auch hier ein. <\/p>\n\n\n\n<p>Da wir gelernt hatten, dass Essen hier teuer ist, es aber g\u00fcnstige Alternativen in Hawkercentern gab, wussten wir, welchen Ort wir als n\u00e4chstes ansteuerten: Das Hawkercenter in little India! Dort gab es leckere Roti und Naan sowie Currys und Daals und Dinge, die uns vorher nichts sagten, aber trotzdem lecker schmeckten :). <\/p>\n\n\n\n<figure class=\"wp-block-image size-large\"><img decoding=\"async\" loading=\"lazy\" width=\"1024\" height=\"683\" src=\"http:\/\/lichri.radeln-in-den-sonnenaufgang.de\/wp-content\/uploads\/2020\/02\/IMG_3735_compress76-1024x683.jpg\" alt=\"\" class=\"wp-image-1571\" srcset=\"http:\/\/lichri.radeln-in-den-sonnenaufgang.de\/wp-content\/uploads\/2020\/02\/IMG_3735_compress76-1024x683.jpg 1024w, http:\/\/lichri.radeln-in-den-sonnenaufgang.de\/wp-content\/uploads\/2020\/02\/IMG_3735_compress76-300x200.jpg 300w, http:\/\/lichri.radeln-in-den-sonnenaufgang.de\/wp-content\/uploads\/2020\/02\/IMG_3735_compress76-768x512.jpg 768w, http:\/\/lichri.radeln-in-den-sonnenaufgang.de\/wp-content\/uploads\/2020\/02\/IMG_3735_compress76.jpg 1296w\" sizes=\"(max-width: 767px) 89vw, (max-width: 1000px) 54vw, (max-width: 1071px) 543px, 580px\" \/><figcaption>G\u00fcnstig und gut im Hawkercenter in little India essen <\/figcaption><\/figure>\n\n\n\n<p>Danach machten wir uns mit dem Rad auf den Weg zu den Supertrees. Jeden Abend gibt es dort eine Lichtshow mit klassischer Musik, die man, so versichterte man uns, erlebt haben sollte. Die erste Show um 19:45 bekamen wir nur zur H\u00e4lfte mit und das auch nur aus der Ferne, da man aufgrund der Sitzenden, Schauenden und Staundenden kaum in die N\u00e4he der leuchtenden Konstruktionen kam. F\u00fcr die zweite Vorstellung jedoch waren wir dann rechtzeitig da, konnten einen Sitzplatz in der Mitte ergattern und dem Spektakel in aller Ruhe folgen. Es war bezaubernd sch\u00f6n. <\/p>\n\n\n\n<figure class=\"is-layout-flex wp-block-gallery-9 wp-block-gallery columns-1 is-cropped\"><ul class=\"blocks-gallery-grid\"><li class=\"blocks-gallery-item\"><figure><img decoding=\"async\" loading=\"lazy\" width=\"1024\" height=\"683\" src=\"http:\/\/lichri.radeln-in-den-sonnenaufgang.de\/wp-content\/uploads\/2020\/02\/IMG_3853_compress28-1024x683.jpg\" alt=\"\" data-id=\"1576\" data-full-url=\"http:\/\/lichri.radeln-in-den-sonnenaufgang.de\/wp-content\/uploads\/2020\/02\/IMG_3853_compress28.jpg\" data-link=\"http:\/\/lichri.radeln-in-den-sonnenaufgang.de\/?attachment_id=1576\" class=\"wp-image-1576\" srcset=\"http:\/\/lichri.radeln-in-den-sonnenaufgang.de\/wp-content\/uploads\/2020\/02\/IMG_3853_compress28-1024x683.jpg 1024w, http:\/\/lichri.radeln-in-den-sonnenaufgang.de\/wp-content\/uploads\/2020\/02\/IMG_3853_compress28-300x200.jpg 300w, http:\/\/lichri.radeln-in-den-sonnenaufgang.de\/wp-content\/uploads\/2020\/02\/IMG_3853_compress28-768x512.jpg 768w, http:\/\/lichri.radeln-in-den-sonnenaufgang.de\/wp-content\/uploads\/2020\/02\/IMG_3853_compress28.jpg 1296w\" sizes=\"(max-width: 767px) 89vw, (max-width: 1000px) 54vw, (max-width: 1071px) 543px, 580px\" \/><\/figure><\/li><li class=\"blocks-gallery-item\"><figure><img decoding=\"async\" loading=\"lazy\" width=\"1024\" height=\"683\" src=\"http:\/\/lichri.radeln-in-den-sonnenaufgang.de\/wp-content\/uploads\/2020\/02\/IMG_3818_compress69-1024x683.jpg\" alt=\"\" data-id=\"1577\" data-full-url=\"http:\/\/lichri.radeln-in-den-sonnenaufgang.de\/wp-content\/uploads\/2020\/02\/IMG_3818_compress69.jpg\" data-link=\"http:\/\/lichri.radeln-in-den-sonnenaufgang.de\/?attachment_id=1577\" class=\"wp-image-1577\" srcset=\"http:\/\/lichri.radeln-in-den-sonnenaufgang.de\/wp-content\/uploads\/2020\/02\/IMG_3818_compress69-1024x683.jpg 1024w, http:\/\/lichri.radeln-in-den-sonnenaufgang.de\/wp-content\/uploads\/2020\/02\/IMG_3818_compress69-300x200.jpg 300w, http:\/\/lichri.radeln-in-den-sonnenaufgang.de\/wp-content\/uploads\/2020\/02\/IMG_3818_compress69-768x512.jpg 768w, http:\/\/lichri.radeln-in-den-sonnenaufgang.de\/wp-content\/uploads\/2020\/02\/IMG_3818_compress69.jpg 1296w\" sizes=\"(max-width: 767px) 89vw, (max-width: 1000px) 54vw, (max-width: 1071px) 543px, 580px\" \/><\/figure><\/li><\/ul><\/figure>\n\n\n\n<p>Es dauerte eine ganze Weile, bis wir den Weg durch die Stadt, am Wasser entlang, zur\u00fcck zur Wohnung von Eleana und Andi fanden. Dort angekommen quatschten wir noch eine Weile mit Andi und fielen dann erneut in tiefen, ruhigen Schlaf. <\/p>\n\n\n\n<figure class=\"is-layout-flex wp-block-gallery-11 wp-block-gallery columns-1 is-cropped\"><ul class=\"blocks-gallery-grid\"><li class=\"blocks-gallery-item\"><figure><img decoding=\"async\" loading=\"lazy\" width=\"1024\" height=\"683\" src=\"http:\/\/lichri.radeln-in-den-sonnenaufgang.de\/wp-content\/uploads\/2020\/02\/IMG_3804_compress39-1024x683.jpg\" alt=\"\" data-id=\"1574\" data-full-url=\"http:\/\/lichri.radeln-in-den-sonnenaufgang.de\/wp-content\/uploads\/2020\/02\/IMG_3804_compress39.jpg\" data-link=\"http:\/\/lichri.radeln-in-den-sonnenaufgang.de\/?attachment_id=1574\" class=\"wp-image-1574\" srcset=\"http:\/\/lichri.radeln-in-den-sonnenaufgang.de\/wp-content\/uploads\/2020\/02\/IMG_3804_compress39-1024x683.jpg 1024w, http:\/\/lichri.radeln-in-den-sonnenaufgang.de\/wp-content\/uploads\/2020\/02\/IMG_3804_compress39-300x200.jpg 300w, http:\/\/lichri.radeln-in-den-sonnenaufgang.de\/wp-content\/uploads\/2020\/02\/IMG_3804_compress39-768x512.jpg 768w, http:\/\/lichri.radeln-in-den-sonnenaufgang.de\/wp-content\/uploads\/2020\/02\/IMG_3804_compress39.jpg 1296w\" sizes=\"(max-width: 767px) 89vw, (max-width: 1000px) 54vw, (max-width: 1071px) 543px, 580px\" \/><\/figure><\/li><li class=\"blocks-gallery-item\"><figure><img decoding=\"async\" loading=\"lazy\" width=\"1024\" height=\"683\" src=\"http:\/\/lichri.radeln-in-den-sonnenaufgang.de\/wp-content\/uploads\/2020\/02\/IMG_3861_compress85-1024x683.jpg\" alt=\"\" data-id=\"1575\" data-full-url=\"http:\/\/lichri.radeln-in-den-sonnenaufgang.de\/wp-content\/uploads\/2020\/02\/IMG_3861_compress85.jpg\" data-link=\"http:\/\/lichri.radeln-in-den-sonnenaufgang.de\/?attachment_id=1575\" class=\"wp-image-1575\" srcset=\"http:\/\/lichri.radeln-in-den-sonnenaufgang.de\/wp-content\/uploads\/2020\/02\/IMG_3861_compress85-1024x683.jpg 1024w, http:\/\/lichri.radeln-in-den-sonnenaufgang.de\/wp-content\/uploads\/2020\/02\/IMG_3861_compress85-300x200.jpg 300w, http:\/\/lichri.radeln-in-den-sonnenaufgang.de\/wp-content\/uploads\/2020\/02\/IMG_3861_compress85-768x512.jpg 768w, http:\/\/lichri.radeln-in-den-sonnenaufgang.de\/wp-content\/uploads\/2020\/02\/IMG_3861_compress85.jpg 1296w\" sizes=\"(max-width: 767px) 89vw, (max-width: 1000px) 54vw, (max-width: 1071px) 543px, 580px\" \/><\/figure><\/li><\/ul><\/figure>\n\n\n\n<p>Am n\u00e4chsten und letzten vollen Tag in der Weltmetropole machten wir: nichts. Na gut, stimmt nicht ganz. Jedenfalls machten wir nicht viel. Wir a\u00dfen, schrieben am Blog, suchten Bilder heraus, gingen f\u00fcrs Abendessen einkaufen und kochten. Es gab: tatatataaaaaaaaa (Trommelwirbel!!): Kartoffelauflauf! ICH LIEBE ES. Es war als w\u00fcrden wir zuhause f\u00fcr Freunde kochen (immerhin hatten wir einen Ofen!) und wir freuten uns auf den gemeinsamen Abend mit Andi und Eleana. Die kamen recht sp\u00e4t (wobei das wohl normal ist) und auch ersch\u00f6pft von der Arbeit und freuten sich \u00fcber das Essen, das bereits auf dem Tisch stand und auf sie wartete. Die beiden erz\u00e4hlten von ihrem Leben in Singapur und wie abgehoben vieles hier ist. Die Arbeitseinstellung der Singapurianer z. B. Scheint ziemlich erschreckend zu sein. Die Arbeit ist das Leben. Es geht viel darum zu arbeiten, Geld zu verdienen und dann zeigen zu k\u00f6nnen, was man sich leisten kann. Es geht um Konsum. Da kommt man in dieser Stadt gar nicht drum herum. Und das ist anstrengend. Vor allem, wenn man eigentlich eine andere Einstellung zum Leben hat. <\/p>\n\n\n\n<figure class=\"wp-block-image size-large\"><img decoding=\"async\" loading=\"lazy\" width=\"1024\" height=\"734\" src=\"http:\/\/lichri.radeln-in-den-sonnenaufgang.de\/wp-content\/uploads\/2020\/02\/IMG_3874_compress76-e1581595002409-1024x734.jpg\" alt=\"\" class=\"wp-image-1579\" srcset=\"http:\/\/lichri.radeln-in-den-sonnenaufgang.de\/wp-content\/uploads\/2020\/02\/IMG_3874_compress76-e1581595002409-1024x734.jpg 1024w, http:\/\/lichri.radeln-in-den-sonnenaufgang.de\/wp-content\/uploads\/2020\/02\/IMG_3874_compress76-e1581595002409-300x215.jpg 300w, http:\/\/lichri.radeln-in-den-sonnenaufgang.de\/wp-content\/uploads\/2020\/02\/IMG_3874_compress76-e1581595002409-768x551.jpg 768w, http:\/\/lichri.radeln-in-den-sonnenaufgang.de\/wp-content\/uploads\/2020\/02\/IMG_3874_compress76-e1581595002409.jpg 1075w\" sizes=\"(max-width: 767px) 89vw, (max-width: 1000px) 54vw, (max-width: 1071px) 543px, 580px\" \/><\/figure>\n","protected":false},"excerpt":{"rendered":"<p>Singapur (19.-22.01.2020) Sie ist reich. Sie ist sauber. Sie ist sch\u00f6n. Sie ist reich. Sie ist bunt. Sie ist vielf\u00e4ltig und offen. Sie ist westlich und gleichzeitig asiatisch. Und falls ich es noch nicht erw\u00e4hnt habe: sie ist reich. Singapur ist eine Stadt der Extreme. Wir kamen recht fr\u00fch am morgen mit dem Nachtbus in &hellip; <\/p>\n<p class=\"link-more\"><a href=\"http:\/\/lichri.radeln-in-den-sonnenaufgang.de\/?p=1547\" class=\"more-link\"><span class=\"screen-reader-text\">\u201eRadlos am Reisen &#8211; Die Erste\u201c<\/span> weiterlesen<\/a><\/p>\n","protected":false},"author":3,"featured_media":1558,"comment_status":"open","ping_status":"open","sticky":false,"template":"","format":"standard","meta":[],"categories":[1],"tags":[],"_links":{"self":[{"href":"http:\/\/lichri.radeln-in-den-sonnenaufgang.de\/index.php?rest_route=\/wp\/v2\/posts\/1547"}],"collection":[{"href":"http:\/\/lichri.radeln-in-den-sonnenaufgang.de\/index.php?rest_route=\/wp\/v2\/posts"}],"about":[{"href":"http:\/\/lichri.radeln-in-den-sonnenaufgang.de\/index.php?rest_route=\/wp\/v2\/types\/post"}],"author":[{"embeddable":true,"href":"http:\/\/lichri.radeln-in-den-sonnenaufgang.de\/index.php?rest_route=\/wp\/v2\/users\/3"}],"replies":[{"embeddable":true,"href":"http:\/\/lichri.radeln-in-den-sonnenaufgang.de\/index.php?rest_route=%2Fwp%2Fv2%2Fcomments&post=1547"}],"version-history":[{"count":1,"href":"http:\/\/lichri.radeln-in-den-sonnenaufgang.de\/index.php?rest_route=\/wp\/v2\/posts\/1547\/revisions"}],"predecessor-version":[{"id":1581,"href":"http:\/\/lichri.radeln-in-den-sonnenaufgang.de\/index.php?rest_route=\/wp\/v2\/posts\/1547\/revisions\/1581"}],"wp:featuredmedia":[{"embeddable":true,"href":"http:\/\/lichri.radeln-in-den-sonnenaufgang.de\/index.php?rest_route=\/wp\/v2\/media\/1558"}],"wp:attachment":[{"href":"http:\/\/lichri.radeln-in-den-sonnenaufgang.de\/index.php?rest_route=%2Fwp%2Fv2%2Fmedia&parent=1547"}],"wp:term":[{"taxonomy":"category","embeddable":true,"href":"http:\/\/lichri.radeln-in-den-sonnenaufgang.de\/index.php?rest_route=%2Fwp%2Fv2%2Fcategories&post=1547"},{"taxonomy":"post_tag","embeddable":true,"href":"http:\/\/lichri.radeln-in-den-sonnenaufgang.de\/index.php?rest_route=%2Fwp%2Fv2%2Ftags&post=1547"}],"curies":[{"name":"wp","href":"https:\/\/api.w.org\/{rel}","templated":true}]}}