{"id":1461,"date":"2020-02-07T13:40:21","date_gmt":"2020-02-07T13:40:21","guid":{"rendered":"http:\/\/lichri.radeln-in-den-sonnenaufgang.de\/?p=1461"},"modified":"2020-02-07T15:24:16","modified_gmt":"2020-02-07T15:24:16","slug":"thailand-28-12-2019-11-01-2020","status":"publish","type":"post","link":"http:\/\/lichri.radeln-in-den-sonnenaufgang.de\/?p=1461","title":{"rendered":"Thailand (28.12.2019-11.01.2020)"},"content":{"rendered":"\n<h4>Unterwegs nach Bangkok<\/h4>\n\n\n\n<p>Als wir die Grenze von Kambodscha nach Thailand \u00fcberquerten, wurde uns wiedereinmal bewusst, dass wir \u2013 rund um Sehensw\u00fcrdigkeiten \u2013 immer wieder in eine Touristenblase gelangen, in der alles das Vielfache des eigentlichen Preises kostet. So wollte der Busfahrer, der die wei\u00dfen Westler aus Kambodscha nach Thailand brachte, 1200 Baht haben (40 Euro) um uns und die R\u00e4der nach Bangkok zu bringen. Durch eine gl\u00fcckliche Begegnung mit einem Franzosen, fanden wir trotz fehlenden Internets, den Bahnhof direkt um die Ecke und stellten fest, dass man uns hier f\u00fcr den gesamten Transport nur 10 Euro berechnen w\u00fcrde. Hocherfreut packten wir schlie\u00dflich alles in den Zug und machten uns auf eine lange Fahrt, die uns Snack-H\u00e4ndler die durch die Wagons zogen, mit allerlei Obst und Salz-Zucker-Dip vers\u00fc\u00dften.<\/p>\n\n\n\n<p>Nach sieben Stunden Zugfahrt endlich in Bangkok angekommen, bummelte der Zug noch eine Weile zwischen engen H\u00e4usergassen hindurch, bevor wir schlie\u00dflich am Hauptbahnhof ankamen. Wir besorgten direkt die Tickets f\u00fcr die Weiterfahrt nach Hua Hin, wo wir Thijs&amp;Nienke sowie einige anderen Radler \u00fcber Silvester besuchen w\u00fcrden. Wir best\u00fcckten unsere Handys mit thail\u00e4ndischen SIM Karten und wurden auf dem Weg nach drau\u00dfen noch von einer Charity Truppe mit gratis Abendessen versorgt: In s\u00fc\u00dfer Kokosmilch gekochte Bananen.<br>Soweit, so gut. Doch sobald wir auf die Stra\u00dfe des n\u00e4chtlichen Bangkoks kamen, begann der Wahnsinn: Linksverkehr.<br><\/p>\n\n\n\n<h4>Ein Tag auf den Stra\u00dfen der Thai-Hauptstadt <\/h4>\n\n\n\n<p>Der war immer nur solange kein Problem, bis es hie\u00df, irgendwo rechts abzubiegen. Schwupps waren wir wieder auf der falschen Stra\u00dfenseite. Hinzu kam, dass es jede Menge Einbahnstra\u00dfen gab, die in Kombination mit Abbiegestreifen zu einiger Verwirrung unsererseits f\u00fchrten. Schlie\u00dflich \u00fcberlebten wir die kilometerlange Fahrt und kamen an unser kleines Hotel mit den noch kleineren Zimmern. Das einzig bezahlbare, mussten wir doch feststellen, dass Thailand tats\u00e4chlich um eine ganze Nummer teurer war, als die vorausgegangen L\u00e4nder. Insbesondere in Bangkok.<br>Tagsdrauf erkundeten wir per Rad noch China-Town und den Bezirk mit den Tempeln im Zentrum der Stadt, konnten uns die Eintritte nicht leisten und gaben uns mit den Au\u00dfenansichten und den zweitrangigen Sehensw\u00fcrdigkeiten ohne Ticketschalter zufrieden. Und wir machten die eine oder andere skurrile Entdeckung.<\/p>\n\n\n\n<figure class=\"wp-block-image size-large\"><img decoding=\"async\" loading=\"lazy\" width=\"1296\" height=\"864\" src=\"http:\/\/lichri.radeln-in-den-sonnenaufgang.de\/wp-content\/uploads\/2020\/02\/IMG_2860_compress88.jpg\" alt=\"\" class=\"wp-image-1446\" srcset=\"http:\/\/lichri.radeln-in-den-sonnenaufgang.de\/wp-content\/uploads\/2020\/02\/IMG_2860_compress88.jpg 1296w, http:\/\/lichri.radeln-in-den-sonnenaufgang.de\/wp-content\/uploads\/2020\/02\/IMG_2860_compress88-300x200.jpg 300w, http:\/\/lichri.radeln-in-den-sonnenaufgang.de\/wp-content\/uploads\/2020\/02\/IMG_2860_compress88-1024x683.jpg 1024w, http:\/\/lichri.radeln-in-den-sonnenaufgang.de\/wp-content\/uploads\/2020\/02\/IMG_2860_compress88-768x512.jpg 768w\" sizes=\"(max-width: 767px) 89vw, (max-width: 1000px) 54vw, (max-width: 1071px) 543px, 580px\" \/><\/figure>\n\n\n\n<figure class=\"wp-block-image size-large\"><img decoding=\"async\" loading=\"lazy\" width=\"864\" height=\"1296\" src=\"http:\/\/lichri.radeln-in-den-sonnenaufgang.de\/wp-content\/uploads\/2020\/02\/img_2865_compress504157199745016279920-1.jpg\" alt=\"\" class=\"wp-image-1452\" srcset=\"http:\/\/lichri.radeln-in-den-sonnenaufgang.de\/wp-content\/uploads\/2020\/02\/img_2865_compress504157199745016279920-1.jpg 864w, http:\/\/lichri.radeln-in-den-sonnenaufgang.de\/wp-content\/uploads\/2020\/02\/img_2865_compress504157199745016279920-1-200x300.jpg 200w, http:\/\/lichri.radeln-in-den-sonnenaufgang.de\/wp-content\/uploads\/2020\/02\/img_2865_compress504157199745016279920-1-683x1024.jpg 683w, http:\/\/lichri.radeln-in-den-sonnenaufgang.de\/wp-content\/uploads\/2020\/02\/img_2865_compress504157199745016279920-1-768x1152.jpg 768w\" sizes=\"(max-width: 767px) 89vw, (max-width: 1000px) 54vw, (max-width: 1071px) 543px, 580px\" \/><\/figure>\n\n\n\n<figure class=\"wp-block-image size-large\"><img decoding=\"async\" loading=\"lazy\" width=\"1296\" height=\"864\" src=\"http:\/\/lichri.radeln-in-den-sonnenaufgang.de\/wp-content\/uploads\/2020\/02\/IMG_2917_compress12-1.jpg\" alt=\"\" class=\"wp-image-1451\" srcset=\"http:\/\/lichri.radeln-in-den-sonnenaufgang.de\/wp-content\/uploads\/2020\/02\/IMG_2917_compress12-1.jpg 1296w, http:\/\/lichri.radeln-in-den-sonnenaufgang.de\/wp-content\/uploads\/2020\/02\/IMG_2917_compress12-1-300x200.jpg 300w, http:\/\/lichri.radeln-in-den-sonnenaufgang.de\/wp-content\/uploads\/2020\/02\/IMG_2917_compress12-1-1024x683.jpg 1024w, http:\/\/lichri.radeln-in-den-sonnenaufgang.de\/wp-content\/uploads\/2020\/02\/IMG_2917_compress12-1-768x512.jpg 768w\" sizes=\"(max-width: 767px) 89vw, (max-width: 1000px) 54vw, (max-width: 1071px) 543px, 580px\" \/><\/figure>\n\n\n\n<figure class=\"wp-block-image size-large\"><img decoding=\"async\" loading=\"lazy\" width=\"864\" height=\"1296\" src=\"http:\/\/lichri.radeln-in-den-sonnenaufgang.de\/wp-content\/uploads\/2020\/02\/img_2920_compress434702990578864338105-1.jpg\" alt=\"\" class=\"wp-image-1455\" srcset=\"http:\/\/lichri.radeln-in-den-sonnenaufgang.de\/wp-content\/uploads\/2020\/02\/img_2920_compress434702990578864338105-1.jpg 864w, http:\/\/lichri.radeln-in-den-sonnenaufgang.de\/wp-content\/uploads\/2020\/02\/img_2920_compress434702990578864338105-1-200x300.jpg 200w, http:\/\/lichri.radeln-in-den-sonnenaufgang.de\/wp-content\/uploads\/2020\/02\/img_2920_compress434702990578864338105-1-683x1024.jpg 683w, http:\/\/lichri.radeln-in-den-sonnenaufgang.de\/wp-content\/uploads\/2020\/02\/img_2920_compress434702990578864338105-1-768x1152.jpg 768w\" sizes=\"(max-width: 767px) 89vw, (max-width: 1000px) 54vw, (max-width: 1071px) 543px, 580px\" \/><\/figure>\n\n\n\n<figure class=\"wp-block-image size-large\"><img decoding=\"async\" loading=\"lazy\" width=\"864\" height=\"1296\" src=\"http:\/\/lichri.radeln-in-den-sonnenaufgang.de\/wp-content\/uploads\/2020\/02\/img_2929_compress117619147545965921671.jpg\" alt=\"\" class=\"wp-image-1441\" srcset=\"http:\/\/lichri.radeln-in-den-sonnenaufgang.de\/wp-content\/uploads\/2020\/02\/img_2929_compress117619147545965921671.jpg 864w, http:\/\/lichri.radeln-in-den-sonnenaufgang.de\/wp-content\/uploads\/2020\/02\/img_2929_compress117619147545965921671-200x300.jpg 200w, http:\/\/lichri.radeln-in-den-sonnenaufgang.de\/wp-content\/uploads\/2020\/02\/img_2929_compress117619147545965921671-683x1024.jpg 683w, http:\/\/lichri.radeln-in-den-sonnenaufgang.de\/wp-content\/uploads\/2020\/02\/img_2929_compress117619147545965921671-768x1152.jpg 768w\" sizes=\"(max-width: 767px) 89vw, (max-width: 1000px) 54vw, (max-width: 1071px) 543px, 580px\" \/><\/figure>\n\n\n\n<figure class=\"wp-block-image size-large\"><img decoding=\"async\" loading=\"lazy\" width=\"1296\" height=\"864\" src=\"http:\/\/lichri.radeln-in-den-sonnenaufgang.de\/wp-content\/uploads\/2020\/02\/IMG_2884_compress94.jpg\" alt=\"\" class=\"wp-image-1443\" srcset=\"http:\/\/lichri.radeln-in-den-sonnenaufgang.de\/wp-content\/uploads\/2020\/02\/IMG_2884_compress94.jpg 1296w, http:\/\/lichri.radeln-in-den-sonnenaufgang.de\/wp-content\/uploads\/2020\/02\/IMG_2884_compress94-300x200.jpg 300w, http:\/\/lichri.radeln-in-den-sonnenaufgang.de\/wp-content\/uploads\/2020\/02\/IMG_2884_compress94-1024x683.jpg 1024w, http:\/\/lichri.radeln-in-den-sonnenaufgang.de\/wp-content\/uploads\/2020\/02\/IMG_2884_compress94-768x512.jpg 768w\" sizes=\"(max-width: 767px) 89vw, (max-width: 1000px) 54vw, (max-width: 1071px) 543px, 580px\" \/><\/figure>\n\n\n\n<figure class=\"wp-block-image size-large\"><img decoding=\"async\" loading=\"lazy\" width=\"864\" height=\"1296\" src=\"http:\/\/lichri.radeln-in-den-sonnenaufgang.de\/wp-content\/uploads\/2020\/02\/img_2941_compress374417223241567805055-1.jpg\" alt=\"\" class=\"wp-image-1453\" srcset=\"http:\/\/lichri.radeln-in-den-sonnenaufgang.de\/wp-content\/uploads\/2020\/02\/img_2941_compress374417223241567805055-1.jpg 864w, http:\/\/lichri.radeln-in-den-sonnenaufgang.de\/wp-content\/uploads\/2020\/02\/img_2941_compress374417223241567805055-1-200x300.jpg 200w, http:\/\/lichri.radeln-in-den-sonnenaufgang.de\/wp-content\/uploads\/2020\/02\/img_2941_compress374417223241567805055-1-683x1024.jpg 683w, http:\/\/lichri.radeln-in-den-sonnenaufgang.de\/wp-content\/uploads\/2020\/02\/img_2941_compress374417223241567805055-1-768x1152.jpg 768w\" sizes=\"(max-width: 767px) 89vw, (max-width: 1000px) 54vw, (max-width: 1071px) 543px, 580px\" \/><\/figure>\n\n\n\n<figure class=\"wp-block-image size-large\"><img decoding=\"async\" loading=\"lazy\" width=\"1296\" height=\"864\" src=\"http:\/\/lichri.radeln-in-den-sonnenaufgang.de\/wp-content\/uploads\/2020\/02\/IMG_2949_compress14.jpg\" alt=\"\" class=\"wp-image-1445\" srcset=\"http:\/\/lichri.radeln-in-den-sonnenaufgang.de\/wp-content\/uploads\/2020\/02\/IMG_2949_compress14.jpg 1296w, http:\/\/lichri.radeln-in-den-sonnenaufgang.de\/wp-content\/uploads\/2020\/02\/IMG_2949_compress14-300x200.jpg 300w, http:\/\/lichri.radeln-in-den-sonnenaufgang.de\/wp-content\/uploads\/2020\/02\/IMG_2949_compress14-1024x683.jpg 1024w, http:\/\/lichri.radeln-in-den-sonnenaufgang.de\/wp-content\/uploads\/2020\/02\/IMG_2949_compress14-768x512.jpg 768w\" sizes=\"(max-width: 767px) 89vw, (max-width: 1000px) 54vw, (max-width: 1071px) 543px, 580px\" \/><\/figure>\n\n\n\n<figure class=\"wp-block-image size-large\"><img decoding=\"async\" loading=\"lazy\" width=\"1296\" height=\"864\" src=\"http:\/\/lichri.radeln-in-den-sonnenaufgang.de\/wp-content\/uploads\/2020\/02\/IMG_2965_compress2.jpg\" alt=\"\" class=\"wp-image-1447\" srcset=\"http:\/\/lichri.radeln-in-den-sonnenaufgang.de\/wp-content\/uploads\/2020\/02\/IMG_2965_compress2.jpg 1296w, http:\/\/lichri.radeln-in-den-sonnenaufgang.de\/wp-content\/uploads\/2020\/02\/IMG_2965_compress2-300x200.jpg 300w, http:\/\/lichri.radeln-in-den-sonnenaufgang.de\/wp-content\/uploads\/2020\/02\/IMG_2965_compress2-1024x683.jpg 1024w, http:\/\/lichri.radeln-in-den-sonnenaufgang.de\/wp-content\/uploads\/2020\/02\/IMG_2965_compress2-768x512.jpg 768w\" sizes=\"(max-width: 767px) 89vw, (max-width: 1000px) 54vw, (max-width: 1071px) 543px, 580px\" \/><\/figure>\n\n\n\n<figure class=\"wp-block-image size-large\"><img decoding=\"async\" loading=\"lazy\" width=\"864\" height=\"1296\" src=\"http:\/\/lichri.radeln-in-den-sonnenaufgang.de\/wp-content\/uploads\/2020\/02\/img_2967_compress161899605283690446596.jpg\" alt=\"\" class=\"wp-image-1448\" srcset=\"http:\/\/lichri.radeln-in-den-sonnenaufgang.de\/wp-content\/uploads\/2020\/02\/img_2967_compress161899605283690446596.jpg 864w, http:\/\/lichri.radeln-in-den-sonnenaufgang.de\/wp-content\/uploads\/2020\/02\/img_2967_compress161899605283690446596-200x300.jpg 200w, http:\/\/lichri.radeln-in-den-sonnenaufgang.de\/wp-content\/uploads\/2020\/02\/img_2967_compress161899605283690446596-683x1024.jpg 683w, http:\/\/lichri.radeln-in-den-sonnenaufgang.de\/wp-content\/uploads\/2020\/02\/img_2967_compress161899605283690446596-768x1152.jpg 768w\" sizes=\"(max-width: 767px) 89vw, (max-width: 1000px) 54vw, (max-width: 1071px) 543px, 580px\" \/><\/figure>\n\n\n\n<p>Au\u00dferdem brachten wir unsere Schlafs\u00e4cke und die warmen Klamotten zu Granny&#8217;s Bed&amp;Bike, wo wir sie bis zu unserer R\u00fcckkehr Mitte Februar lassen durften. Wir w\u00fcrden sie in den kommenden Wochen in Thailand, Malaysia und Indonesien nicht brauchen und f\u00fcr die Daunenschlafs\u00e4cke ist es bedeutend besser, luftig gelagert zu werden.<\/p>\n\n\n\n<figure class=\"wp-block-image size-large\"><img decoding=\"async\" loading=\"lazy\" width=\"1296\" height=\"864\" src=\"http:\/\/lichri.radeln-in-den-sonnenaufgang.de\/wp-content\/uploads\/2020\/02\/IMG_3004_compress22.jpg\" alt=\"\" class=\"wp-image-1450\" srcset=\"http:\/\/lichri.radeln-in-den-sonnenaufgang.de\/wp-content\/uploads\/2020\/02\/IMG_3004_compress22.jpg 1296w, http:\/\/lichri.radeln-in-den-sonnenaufgang.de\/wp-content\/uploads\/2020\/02\/IMG_3004_compress22-300x200.jpg 300w, http:\/\/lichri.radeln-in-den-sonnenaufgang.de\/wp-content\/uploads\/2020\/02\/IMG_3004_compress22-1024x683.jpg 1024w, http:\/\/lichri.radeln-in-den-sonnenaufgang.de\/wp-content\/uploads\/2020\/02\/IMG_3004_compress22-768x512.jpg 768w\" sizes=\"(max-width: 767px) 89vw, (max-width: 1000px) 54vw, (max-width: 1071px) 543px, 580px\" \/><\/figure>\n\n\n\n<figure class=\"wp-block-image size-large\"><img decoding=\"async\" loading=\"lazy\" width=\"1296\" height=\"864\" src=\"http:\/\/lichri.radeln-in-den-sonnenaufgang.de\/wp-content\/uploads\/2020\/02\/IMG_3011_compress77-3.jpg\" alt=\"\" class=\"wp-image-1457\" srcset=\"http:\/\/lichri.radeln-in-den-sonnenaufgang.de\/wp-content\/uploads\/2020\/02\/IMG_3011_compress77-3.jpg 1296w, http:\/\/lichri.radeln-in-den-sonnenaufgang.de\/wp-content\/uploads\/2020\/02\/IMG_3011_compress77-3-300x200.jpg 300w, http:\/\/lichri.radeln-in-den-sonnenaufgang.de\/wp-content\/uploads\/2020\/02\/IMG_3011_compress77-3-1024x683.jpg 1024w, http:\/\/lichri.radeln-in-den-sonnenaufgang.de\/wp-content\/uploads\/2020\/02\/IMG_3011_compress77-3-768x512.jpg 768w\" sizes=\"(max-width: 767px) 89vw, (max-width: 1000px) 54vw, (max-width: 1071px) 543px, 580px\" \/><\/figure>\n\n\n\n<figure class=\"wp-block-image size-large\"><img decoding=\"async\" loading=\"lazy\" width=\"1296\" height=\"864\" src=\"http:\/\/lichri.radeln-in-den-sonnenaufgang.de\/wp-content\/uploads\/2020\/02\/IMG_3014_compress92.jpg\" alt=\"\" class=\"wp-image-1440\" srcset=\"http:\/\/lichri.radeln-in-den-sonnenaufgang.de\/wp-content\/uploads\/2020\/02\/IMG_3014_compress92.jpg 1296w, http:\/\/lichri.radeln-in-den-sonnenaufgang.de\/wp-content\/uploads\/2020\/02\/IMG_3014_compress92-300x200.jpg 300w, http:\/\/lichri.radeln-in-den-sonnenaufgang.de\/wp-content\/uploads\/2020\/02\/IMG_3014_compress92-1024x683.jpg 1024w, http:\/\/lichri.radeln-in-den-sonnenaufgang.de\/wp-content\/uploads\/2020\/02\/IMG_3014_compress92-768x512.jpg 768w\" sizes=\"(max-width: 767px) 89vw, (max-width: 1000px) 54vw, (max-width: 1071px) 543px, 580px\" \/><\/figure>\n\n\n\n<h4>Verr\u00fccktes Welt-Radler-Silvester in der K\u00fcstenstadt Hua Hin<\/h4>\n\n\n\n<p>Am 30. Dezember machten wir uns schlie\u00dflich \u2013 nach einer langen Suche nach den Fracht-Tickets am Bahnhof \u2013 auf nach Hua Hin. Dort angekommen sind wir gerade ins Frachtabteil geschlendert, als wir bereits auf Englisch begr\u00fc\u00dft wurden. Pl\u00f6tzlich standen da Thijs, Eva und Mari und packten eine Tasche nach der anderen aus dem Zug, so dass wir im Handumdrehen und mit wiederbepackten R\u00e4dern auf dem Bahngleis standen und die gesamte Bande begr\u00fc\u00dfen konnten: Tom und Sabine, Pedro und Sarah, Mari und Eva, Thijs und Nienke. Vier fahrradreisende P\u00e4rchen, die streckenweise gemeinsam \u00fcber Zentralasien, den Pamir-Highway und dann entweder Indien oder China nach Thailand kamen, um hier schlie\u00dflich Weihnachten und nun auch Sylvester miteinander zu feiern. Und wir durften Teil dessen sein!<\/p>\n\n\n\n<figure class=\"is-layout-flex wp-block-gallery-1 wp-block-gallery columns-2 is-cropped\"><ul class=\"blocks-gallery-grid\"><li class=\"blocks-gallery-item\"><figure><img decoding=\"async\" loading=\"lazy\" width=\"1024\" height=\"768\" src=\"http:\/\/lichri.radeln-in-den-sonnenaufgang.de\/wp-content\/uploads\/2020\/02\/IMG_20200207_231310_793-1024x768.jpg\" alt=\"\" data-id=\"1499\" data-link=\"http:\/\/lichri.radeln-in-den-sonnenaufgang.de\/?attachment_id=1499\" class=\"wp-image-1499\" srcset=\"http:\/\/lichri.radeln-in-den-sonnenaufgang.de\/wp-content\/uploads\/2020\/02\/IMG_20200207_231310_793-1024x768.jpg 1024w, http:\/\/lichri.radeln-in-den-sonnenaufgang.de\/wp-content\/uploads\/2020\/02\/IMG_20200207_231310_793-300x225.jpg 300w, http:\/\/lichri.radeln-in-den-sonnenaufgang.de\/wp-content\/uploads\/2020\/02\/IMG_20200207_231310_793-768x576.jpg 768w, http:\/\/lichri.radeln-in-den-sonnenaufgang.de\/wp-content\/uploads\/2020\/02\/IMG_20200207_231310_793.jpg 1280w\" sizes=\"(max-width: 767px) 89vw, (max-width: 1000px) 54vw, (max-width: 1071px) 543px, 580px\" \/><\/figure><\/li><li class=\"blocks-gallery-item\"><figure><img decoding=\"async\" loading=\"lazy\" width=\"1024\" height=\"768\" src=\"http:\/\/lichri.radeln-in-den-sonnenaufgang.de\/wp-content\/uploads\/2020\/02\/IMG_20200207_231244_989-1024x768.jpg\" alt=\"\" data-id=\"1500\" data-link=\"http:\/\/lichri.radeln-in-den-sonnenaufgang.de\/?attachment_id=1500\" class=\"wp-image-1500\" srcset=\"http:\/\/lichri.radeln-in-den-sonnenaufgang.de\/wp-content\/uploads\/2020\/02\/IMG_20200207_231244_989-1024x768.jpg 1024w, http:\/\/lichri.radeln-in-den-sonnenaufgang.de\/wp-content\/uploads\/2020\/02\/IMG_20200207_231244_989-300x225.jpg 300w, http:\/\/lichri.radeln-in-den-sonnenaufgang.de\/wp-content\/uploads\/2020\/02\/IMG_20200207_231244_989-768x576.jpg 768w, http:\/\/lichri.radeln-in-den-sonnenaufgang.de\/wp-content\/uploads\/2020\/02\/IMG_20200207_231244_989.jpg 1280w\" sizes=\"(max-width: 767px) 89vw, (max-width: 1000px) 54vw, (max-width: 1071px) 543px, 580px\" \/><\/figure><\/li><li class=\"blocks-gallery-item\"><figure><img decoding=\"async\" loading=\"lazy\" width=\"1024\" height=\"768\" src=\"http:\/\/lichri.radeln-in-den-sonnenaufgang.de\/wp-content\/uploads\/2020\/02\/IMG_20200207_231342_010-1024x768.jpg\" alt=\"\" data-id=\"1501\" data-link=\"http:\/\/lichri.radeln-in-den-sonnenaufgang.de\/?attachment_id=1501\" class=\"wp-image-1501\" srcset=\"http:\/\/lichri.radeln-in-den-sonnenaufgang.de\/wp-content\/uploads\/2020\/02\/IMG_20200207_231342_010-1024x768.jpg 1024w, http:\/\/lichri.radeln-in-den-sonnenaufgang.de\/wp-content\/uploads\/2020\/02\/IMG_20200207_231342_010-300x225.jpg 300w, http:\/\/lichri.radeln-in-den-sonnenaufgang.de\/wp-content\/uploads\/2020\/02\/IMG_20200207_231342_010-768x576.jpg 768w, http:\/\/lichri.radeln-in-den-sonnenaufgang.de\/wp-content\/uploads\/2020\/02\/IMG_20200207_231342_010.jpg 1280w\" sizes=\"(max-width: 767px) 89vw, (max-width: 1000px) 54vw, (max-width: 1071px) 543px, 580px\" \/><\/figure><\/li><li class=\"blocks-gallery-item\"><figure><img decoding=\"async\" loading=\"lazy\" width=\"1024\" height=\"768\" src=\"http:\/\/lichri.radeln-in-den-sonnenaufgang.de\/wp-content\/uploads\/2020\/02\/IMG_20200207_231259_101-1024x768.jpg\" alt=\"\" data-id=\"1502\" data-full-url=\"http:\/\/lichri.radeln-in-den-sonnenaufgang.de\/wp-content\/uploads\/2020\/02\/IMG_20200207_231259_101.jpg\" data-link=\"http:\/\/lichri.radeln-in-den-sonnenaufgang.de\/?attachment_id=1502\" class=\"wp-image-1502\" srcset=\"http:\/\/lichri.radeln-in-den-sonnenaufgang.de\/wp-content\/uploads\/2020\/02\/IMG_20200207_231259_101-1024x768.jpg 1024w, http:\/\/lichri.radeln-in-den-sonnenaufgang.de\/wp-content\/uploads\/2020\/02\/IMG_20200207_231259_101-300x225.jpg 300w, http:\/\/lichri.radeln-in-den-sonnenaufgang.de\/wp-content\/uploads\/2020\/02\/IMG_20200207_231259_101-768x576.jpg 768w, http:\/\/lichri.radeln-in-den-sonnenaufgang.de\/wp-content\/uploads\/2020\/02\/IMG_20200207_231259_101.jpg 1280w\" sizes=\"(max-width: 767px) 89vw, (max-width: 1000px) 54vw, (max-width: 1071px) 543px, 580px\" \/><\/figure><\/li><\/ul><\/figure>\n\n\n\n<p>In einer \u2013 f\u00fcr uns ungewohnt gro\u00dfen \u2013 Radlerkolonne rollten wir nun durch die Stadt, durchst\u00f6berten den Nachtmarkt, st\u00e4rkten uns an scharfen Speisen, erfrischten uns an k\u00fchlem Bier. Die ersten Frage&amp;Antwort Runden begannen, Annekdoten \u00fcber die Reise, die Routen, Menschen und Essen ausgetauscht und etwas angeheitert ging es schlie\u00dflich auf den Weg zu unserer Unterkunft, einer kleinen Ferienwohnung etliche Kilometer abseits der Stadt. F\u00fcr die anderen war diese Unterkunft nach deren Weihnachts-Air-BnB-Unterkunft ein Schock, f\u00fcr uns hingegen halb so wild. Klar, wir haben den Luxus der Villa mit Prachtk\u00fcche nicht gesehen, aber \u2013 Hallo? \u2013 es gibt nen Pool! \ud83d\ude42<\/p>\n\n\n\n<figure class=\"wp-block-image size-large\"><img decoding=\"async\" loading=\"lazy\" width=\"1024\" height=\"768\" src=\"http:\/\/lichri.radeln-in-den-sonnenaufgang.de\/wp-content\/uploads\/2020\/02\/IMG_20191231_155353-1-1024x768.jpg\" alt=\"\" class=\"wp-image-1503\" srcset=\"http:\/\/lichri.radeln-in-den-sonnenaufgang.de\/wp-content\/uploads\/2020\/02\/IMG_20191231_155353-1-1024x768.jpg 1024w, http:\/\/lichri.radeln-in-den-sonnenaufgang.de\/wp-content\/uploads\/2020\/02\/IMG_20191231_155353-1-300x225.jpg 300w, http:\/\/lichri.radeln-in-den-sonnenaufgang.de\/wp-content\/uploads\/2020\/02\/IMG_20191231_155353-1-768x576.jpg 768w, http:\/\/lichri.radeln-in-den-sonnenaufgang.de\/wp-content\/uploads\/2020\/02\/IMG_20191231_155353-1-1536x1152.jpg 1536w, http:\/\/lichri.radeln-in-den-sonnenaufgang.de\/wp-content\/uploads\/2020\/02\/IMG_20191231_155353-1-2048x1536.jpg 2048w\" sizes=\"(max-width: 767px) 89vw, (max-width: 1000px) 54vw, (max-width: 1071px) 543px, 580px\" \/><\/figure>\n\n\n\n<p>So verbrachten wir Silvester im k\u00fchlen Nass, sperrten den Hund regelm\u00e4\u00dfig zur\u00fcck in den K\u00e4fig, der es immer wieder auch in den Pool schaffte, kochten und a\u00dfen gemeinsam Ofengem\u00fcse, Pfannenkuchen und Salat und beschwippsten uns auf der Feier der Thai-Gastgeber, den Vermietern unserer Unterkunft. Und so tanzten wir im hei\u00dfen Thailand unter einem geschm\u00fcckten Baum in das neue Jahrzehnt&#8230; bis wir den Thais zuviel tanzten und sie die Musik ausmachten.<\/p>\n\n\n\n<p>Nachdem der Kater halb verdaut war, begaben wir uns doch noch zum Strand. Der war nur leider v\u00f6llig \u00fcberlaufen und auch gar nicht besonders sch\u00f6n. Dennoch hatten wir einen Heidenspa\u00df, als wir uns in die Brandung warfen und uns im Body-Surfing versuchten. Ich w\u00fcrde sagen, wir genossen es unter anderen zu sein. Endlich mal wieder Teil einer Gruppe. Und das w\u00fcrde im neuen Jahr \u2013 zumindest f\u00fcr die ersten zwei Wochen \u2013 gl\u00fccklicherweise erstmal so bleiben.<\/p>\n\n\n\n<figure class=\"wp-block-image size-large\"><img decoding=\"async\" loading=\"lazy\" width=\"1296\" height=\"864\" src=\"http:\/\/lichri.radeln-in-den-sonnenaufgang.de\/wp-content\/uploads\/2020\/02\/IMG_3048_compress12.jpg\" alt=\"\" class=\"wp-image-1436\" srcset=\"http:\/\/lichri.radeln-in-den-sonnenaufgang.de\/wp-content\/uploads\/2020\/02\/IMG_3048_compress12.jpg 1296w, http:\/\/lichri.radeln-in-den-sonnenaufgang.de\/wp-content\/uploads\/2020\/02\/IMG_3048_compress12-300x200.jpg 300w, http:\/\/lichri.radeln-in-den-sonnenaufgang.de\/wp-content\/uploads\/2020\/02\/IMG_3048_compress12-1024x683.jpg 1024w, http:\/\/lichri.radeln-in-den-sonnenaufgang.de\/wp-content\/uploads\/2020\/02\/IMG_3048_compress12-768x512.jpg 768w\" sizes=\"(max-width: 767px) 89vw, (max-width: 1000px) 54vw, (max-width: 1071px) 543px, 580px\" \/><\/figure>\n\n\n\n<figure class=\"wp-block-image size-large\"><img decoding=\"async\" loading=\"lazy\" width=\"1296\" height=\"864\" src=\"http:\/\/lichri.radeln-in-den-sonnenaufgang.de\/wp-content\/uploads\/2020\/02\/IMG_3058_compress56-1.jpg\" alt=\"\" class=\"wp-image-1454\" srcset=\"http:\/\/lichri.radeln-in-den-sonnenaufgang.de\/wp-content\/uploads\/2020\/02\/IMG_3058_compress56-1.jpg 1296w, http:\/\/lichri.radeln-in-den-sonnenaufgang.de\/wp-content\/uploads\/2020\/02\/IMG_3058_compress56-1-300x200.jpg 300w, http:\/\/lichri.radeln-in-den-sonnenaufgang.de\/wp-content\/uploads\/2020\/02\/IMG_3058_compress56-1-1024x683.jpg 1024w, http:\/\/lichri.radeln-in-den-sonnenaufgang.de\/wp-content\/uploads\/2020\/02\/IMG_3058_compress56-1-768x512.jpg 768w\" sizes=\"(max-width: 767px) 89vw, (max-width: 1000px) 54vw, (max-width: 1071px) 543px, 580px\" \/><figcaption>Thijs &amp; Nienke (to.china.by.bike)<\/figcaption><\/figure>\n\n\n\n<h4>Back on the Road: Auf den R\u00e4dern nach Malaysia<\/h4>\n\n\n\n<p>Trotz der absehbar kurzen Zeit fiel es uns nicht ganz leicht, von dieser Gemeinschaft wieder los zu lassen. Doch es ging nicht anders und so machte sich am Morgen des zweiten Januar ein P\u00e4rchen Radreisender nach dem anderen auf ihren Weg. Bis auch wir an der Reihe waren.<\/p>\n\n\n\n<p>Zusammen mit dem niederl\u00e4ndischen P\u00e4rchen Eva &amp; Mari w\u00fcrden wir nach Malaysia fahren. Und da die beiden visabedingt innerhalb von 10 Tagen au\u00dfer Landes sein mussten, lag ein recht straffes Radprogramm lag vor uns. Wir nahmen diese Herausforderung an (mit dem Zusatz, dass die beiden sich von uns l\u00f6sen sollten, wenn wir ihnen zu langsam seien) und fuhren gemeinsam los. Eva und Mari sind von den Niederlanden \u00fcber Europa durch Zentralasien und China nach S\u00fcdostasien gefahren. Sie sind eineinhalb Monate vor uns los und sind schon einige tausend Kilometer mehr mit dem Rad gefahren \u2013 zwei bewundernswerte, starke Frauen (zugegebener Weise auch etwas verr\u00fcckt, aber das auf eine sehr liebenswerte Art).<\/p>\n\n\n\n<figure class=\"wp-block-image size-large\"><img decoding=\"async\" loading=\"lazy\" width=\"1024\" height=\"768\" src=\"http:\/\/lichri.radeln-in-den-sonnenaufgang.de\/wp-content\/uploads\/2020\/02\/20200131_22_54_01394_compress21-1024x768.jpg\" alt=\"\" class=\"wp-image-1480\" srcset=\"http:\/\/lichri.radeln-in-den-sonnenaufgang.de\/wp-content\/uploads\/2020\/02\/20200131_22_54_01394_compress21-1024x768.jpg 1024w, http:\/\/lichri.radeln-in-den-sonnenaufgang.de\/wp-content\/uploads\/2020\/02\/20200131_22_54_01394_compress21-300x225.jpg 300w, http:\/\/lichri.radeln-in-den-sonnenaufgang.de\/wp-content\/uploads\/2020\/02\/20200131_22_54_01394_compress21-768x576.jpg 768w, http:\/\/lichri.radeln-in-den-sonnenaufgang.de\/wp-content\/uploads\/2020\/02\/20200131_22_54_01394_compress21.jpg 1312w\" sizes=\"(max-width: 767px) 89vw, (max-width: 1000px) 54vw, (max-width: 1071px) 543px, 580px\" \/><figcaption>Radeln im Paradies&#8230;<\/figcaption><\/figure>\n\n\n\n<p>Als wir schlie\u00dflich zu viert unser Radlernest in Hua Hin verlie\u00dfen, kamen wir erst mal nur wenige hundert Meter weit. Maris Reifen war platt und da wir kein Loch fanden, wurde der Reifen erstmal einfach wieder aufgepumpt. Diese Arbeit wurde ein morgendliches Ritual. Am ersten Tag lie\u00dfen wir es recht ruhig angehen und machten nur 63 km entlang der K\u00fcste in Richtung S\u00fcden \u2013 die letzten paar Kilometer des Tages gingen dann tats\u00e4chlich auch am Strand entlang. Eigentlich wollten wir in einem Nationalpark unser Zelt aufschlagen, da wir gelesen hatten, dass sich dort auch ein Campingplatz befindet. Als wir ankamen erkl\u00e4rte uns der Parkw\u00e4rter jedoch, dass wir f\u00fcr den Eintritt in den Park bezahlen m\u00fcssten, bevor wir das Zelt aufschlagen konnten. Der Eintritt f\u00fcr den Park war uns zu teuer. Ein thail\u00e4ndischer Radfahrer fuhr zur gleichen Zeit in den Park, ebenfalls um dort zu \u00fcbernachten und erkl\u00e4rte uns, dass er nicht zahlen m\u00fcsse, weil er local sei. Da dachten wir uns: \u201eHey, Thailand ist gro\u00df und es gibt noch mehr Strand!\u201c. Und so fuhren wir weiter, vorbei an Bergen, vielen, vielen Palmen, Schrimps Z\u00fcchtungen, H\u00f6hlen und Affenfamilien. Wie sich herausstellte, die beste Idee, die wir an diesem Tag hatten. Wir bogen in eine kleine Siedlung am Strand ein und fragten die Bewohner, ob es okay w\u00e4re, wenn wir unser Zelt f\u00fcr eine Nacht am Strand aufschlagen w\u00fcrde. Die Kommunikation funktionierte mehr oder weniger ohne Sprache \u2013 immer wieder faszinierend. Wir bekamen sogar einen Wasserzugang, eine Dusche und Kokosn\u00fcsse angeboten. Letztere durfte Chris mit Hilfe eines \u00e4lteren Herren direkt vom Baum ernten. Wir kochten und a\u00dfen bei Sonnenuntergang am Strand, schauten in die Sterne, die wunderbar zu sehen waren und beobachteten gr\u00fcne Lichter im Meer &#8211; je mehr, je dunkler es wurde.<\/p>\n\n\n\n<p>Am n\u00e4chsten morgen brachen wir recht fr\u00fch auf, sollten wir doch \u00fcber 100 km schaffen. Wir fuhren recht lang auf dem Highway, was den Vorteil hatte, dass wir mit R\u00fcckenwind und ohne gro\u00dfartiges Navigieren recht schnell voran kamen. Das Tempo und die Hitze setzten Lisa jedoch ziemlich zu. Umso freudiger war sie, als wir den Highway wieder verlie\u00dfen und an einem Stra\u00dfenrestaurant gebratenen Reis mit Ei bestellen konnten. Nach dem Essen ging es auf kleineren, schattigeren Wegen weiter bis zu unseren Warmshowershost, der sich als Garage herausstellte \u2013 angemietet von einem thail\u00e4ndischen Radfahrverein. Wir g\u00f6nnten uns eine Pizza im Restaurant nebenan und fielen ersch\u00f6pft auf unsere Matratzen.<\/p>\n\n\n\n<figure class=\"wp-block-image size-large\"><img decoding=\"async\" loading=\"lazy\" width=\"1296\" height=\"864\" src=\"http:\/\/lichri.radeln-in-den-sonnenaufgang.de\/wp-content\/uploads\/2020\/02\/IMG_3074_compress47-1.jpg\" alt=\"\" class=\"wp-image-1463\" srcset=\"http:\/\/lichri.radeln-in-den-sonnenaufgang.de\/wp-content\/uploads\/2020\/02\/IMG_3074_compress47-1.jpg 1296w, http:\/\/lichri.radeln-in-den-sonnenaufgang.de\/wp-content\/uploads\/2020\/02\/IMG_3074_compress47-1-300x200.jpg 300w, http:\/\/lichri.radeln-in-den-sonnenaufgang.de\/wp-content\/uploads\/2020\/02\/IMG_3074_compress47-1-1024x683.jpg 1024w, http:\/\/lichri.radeln-in-den-sonnenaufgang.de\/wp-content\/uploads\/2020\/02\/IMG_3074_compress47-1-768x512.jpg 768w\" sizes=\"(max-width: 767px) 89vw, (max-width: 1000px) 54vw, (max-width: 1071px) 543px, 580px\" \/><\/figure>\n\n\n\n<figure class=\"wp-block-image size-large\"><img decoding=\"async\" loading=\"lazy\" width=\"1296\" height=\"864\" src=\"http:\/\/lichri.radeln-in-den-sonnenaufgang.de\/wp-content\/uploads\/2020\/02\/IMG_3072_compress12-1.jpg\" alt=\"\" class=\"wp-image-1464\" srcset=\"http:\/\/lichri.radeln-in-den-sonnenaufgang.de\/wp-content\/uploads\/2020\/02\/IMG_3072_compress12-1.jpg 1296w, http:\/\/lichri.radeln-in-den-sonnenaufgang.de\/wp-content\/uploads\/2020\/02\/IMG_3072_compress12-1-300x200.jpg 300w, http:\/\/lichri.radeln-in-den-sonnenaufgang.de\/wp-content\/uploads\/2020\/02\/IMG_3072_compress12-1-1024x683.jpg 1024w, http:\/\/lichri.radeln-in-den-sonnenaufgang.de\/wp-content\/uploads\/2020\/02\/IMG_3072_compress12-1-768x512.jpg 768w\" sizes=\"(max-width: 767px) 89vw, (max-width: 1000px) 54vw, (max-width: 1071px) 543px, 580px\" \/><\/figure>\n\n\n\n<figure class=\"wp-block-image size-large\"><img decoding=\"async\" loading=\"lazy\" width=\"1296\" height=\"864\" src=\"http:\/\/lichri.radeln-in-den-sonnenaufgang.de\/wp-content\/uploads\/2020\/02\/IMG_3105_compress55-2.jpg\" alt=\"\" class=\"wp-image-1467\" srcset=\"http:\/\/lichri.radeln-in-den-sonnenaufgang.de\/wp-content\/uploads\/2020\/02\/IMG_3105_compress55-2.jpg 1296w, http:\/\/lichri.radeln-in-den-sonnenaufgang.de\/wp-content\/uploads\/2020\/02\/IMG_3105_compress55-2-300x200.jpg 300w, http:\/\/lichri.radeln-in-den-sonnenaufgang.de\/wp-content\/uploads\/2020\/02\/IMG_3105_compress55-2-1024x683.jpg 1024w, http:\/\/lichri.radeln-in-den-sonnenaufgang.de\/wp-content\/uploads\/2020\/02\/IMG_3105_compress55-2-768x512.jpg 768w\" sizes=\"(max-width: 767px) 89vw, (max-width: 1000px) 54vw, (max-width: 1071px) 543px, 580px\" \/><\/figure>\n\n\n\n<p>Wer denkt, dass wir uns beim Radfahren sehr plagen \u2013 der hat zum Teil auch recht. Es ist sehr hei\u00df und schw\u00fcl in Thailand und wir waren regelm\u00e4\u00dfig pitsch-nass geschwitzt. Aber eines der sch\u00f6nsten Dinge in unserem Thailand-Radfahr-Erlebnis waren die Pausen! Lisa liebte unsere gemeinsamen Pausen. Runter vom Rad, das T-shirt irgendwo ins Wasser stecken und nass wieder anziehen, dann einen Eiskaffee trinken und was Essen \u2013 am besten gebratenen Reis mit Ei. Super g\u00fcnstig, super lecker! Und so genossen wir auch am n\u00e4chsten Tag unsere Pausen, aber auch das Radfahren, denn es ging erst am sch\u00f6nen Strand unter Palmen und dann an Bahngleisen entlang. Wir genossen Maracuja-Shakes und Eistee und radelten \u00fcber viele H\u00fcgel durch \u00d6l- und Kautschukplantagen. Dabei trafen wir auf Rok, einen slowenischen Radfahrer, der in sechs Monaten S\u00fcdostasien beradeln will. Er begleitete uns und campte schlie\u00dflich mit uns unter dem M\u00fcckennetz, das Chris ihm aufbaute. Wie letzte Nacht kochten wir bei Sonnenuntergang am Strand, bekamen von netten Thail\u00e4ndern einen Wasserzugang zum duschen und eine Toilette am Strand gezeigt \u2013 wir hatten also alles was wir brauchten und waren wunderbar umsorgt.<\/p>\n\n\n\n<figure class=\"wp-block-image size-large\"><img decoding=\"async\" loading=\"lazy\" width=\"864\" height=\"1296\" src=\"http:\/\/lichri.radeln-in-den-sonnenaufgang.de\/wp-content\/uploads\/2020\/02\/img_3136_compress43-14705942011837647531.jpg\" alt=\"\" class=\"wp-image-1468\" srcset=\"http:\/\/lichri.radeln-in-den-sonnenaufgang.de\/wp-content\/uploads\/2020\/02\/img_3136_compress43-14705942011837647531.jpg 864w, http:\/\/lichri.radeln-in-den-sonnenaufgang.de\/wp-content\/uploads\/2020\/02\/img_3136_compress43-14705942011837647531-200x300.jpg 200w, http:\/\/lichri.radeln-in-den-sonnenaufgang.de\/wp-content\/uploads\/2020\/02\/img_3136_compress43-14705942011837647531-683x1024.jpg 683w, http:\/\/lichri.radeln-in-den-sonnenaufgang.de\/wp-content\/uploads\/2020\/02\/img_3136_compress43-14705942011837647531-768x1152.jpg 768w\" sizes=\"(max-width: 767px) 89vw, (max-width: 1000px) 54vw, (max-width: 1071px) 543px, 580px\" \/><\/figure>\n\n\n\n<figure class=\"wp-block-image size-large\"><img decoding=\"async\" loading=\"lazy\" width=\"864\" height=\"1296\" src=\"http:\/\/lichri.radeln-in-den-sonnenaufgang.de\/wp-content\/uploads\/2020\/02\/img_3143_compress84-14637238583304557156.jpg\" alt=\"\" class=\"wp-image-1469\" srcset=\"http:\/\/lichri.radeln-in-den-sonnenaufgang.de\/wp-content\/uploads\/2020\/02\/img_3143_compress84-14637238583304557156.jpg 864w, http:\/\/lichri.radeln-in-den-sonnenaufgang.de\/wp-content\/uploads\/2020\/02\/img_3143_compress84-14637238583304557156-200x300.jpg 200w, http:\/\/lichri.radeln-in-den-sonnenaufgang.de\/wp-content\/uploads\/2020\/02\/img_3143_compress84-14637238583304557156-683x1024.jpg 683w, http:\/\/lichri.radeln-in-den-sonnenaufgang.de\/wp-content\/uploads\/2020\/02\/img_3143_compress84-14637238583304557156-768x1152.jpg 768w\" sizes=\"(max-width: 767px) 89vw, (max-width: 1000px) 54vw, (max-width: 1071px) 543px, 580px\" \/><\/figure>\n\n\n\n<p>Was leider immer wieder b\u00f6se auffiel war der M\u00fcll am Strand und teilweise im Meer. Bis Indonesien, wo wir uns gerade aufhalten, ist es leider so geblieben. An manchen touristischen Str\u00e4nden wird der M\u00fcll nat\u00fcrlich regelm\u00e4\u00dfig wegger\u00e4umt. \u00dcberall dort, wo das nicht der Fall ist schw\u00e4mmt das Meer immer mehr Plastik ans Land. Paradiesische Str\u00e4nde werden so verschandelt \u2013 von den \u00f6kologischen Konsequenzen ganz zu schweigen.<\/p>\n\n\n\n<p>Rok begleitete uns noch bis wir am n\u00e4chsten Tag Chum Pon erreichten. Wir wussten, dass wir dort in der N\u00e4he Sam und Bekks treffen w\u00fcrden. Sam hatten wir (Mari und Eva, bzw. Chris und Lisa) unabh\u00e4ngig voneinander in Vietnam kurz nacheinander kennengelernt und mitbekommen, dass er mit Bekks gerade in der N\u00e4he unterwegs war, jedoch in die andere Richtung. (Vielleicht kann sich der ein oder andere noch an Sam erinnern, von dem wir in unserem Blogeintrag \u00fcber Vietnam schon berichtet hatten). Wir schrieben und verabredeten uns. Schlussendlich trafen wir uns zur Mittagszeit an einem Highway-Rastplatz. Wir redeten und Sam und Bekks (die mindestens genauso begeisterungsf\u00e4hig ist wie Sam) erz\u00e4hlten uns von ihren lebensver\u00e4nderten Erlebnissen und nannten uns unz\u00e4hlige Tipps, die wir nicht missen sollten, weil wir es sonst unser ganzes Leben lang bereuen w\u00fcrden. Als es dann darum ging wo wir die n\u00e4chste Nacht verbringen w\u00fcrden, fand Sam heraus, dass wir noch NIE(!!!) in einem buddhistischen Kloster \u00fcbernachtet hatten. Dabei w\u00e4re das so einfach und wunderbar \u2013 nein eine lebensver\u00e4ndernde Erfahrung, die wir nicht verpassen sollten. Von Eva und Mari kam dann die Idee Sam und Bekks k\u00f6nnten doch einfach mit uns gemeinsam zum n\u00e4chsten Kloster fahren und die Nacht mit uns dort verbringen. Bekks war sofort dabei und Sam kurze Zeit sp\u00e4ter auch \u2013 dann aber hellauf begeistert. Das bedeutete jedoch f\u00fcr sie 15 km in die Richtung zu fahren, aus der sie gerade kamen\u2026<\/p>\n\n\n\n<figure class=\"wp-block-image size-large\"><img decoding=\"async\" loading=\"lazy\" width=\"1920\" height=\"1280\" src=\"http:\/\/lichri.radeln-in-den-sonnenaufgang.de\/wp-content\/uploads\/2020\/02\/IMG_6712-1.jpg\" alt=\"\" class=\"wp-image-1470\" srcset=\"http:\/\/lichri.radeln-in-den-sonnenaufgang.de\/wp-content\/uploads\/2020\/02\/IMG_6712-1.jpg 1920w, http:\/\/lichri.radeln-in-den-sonnenaufgang.de\/wp-content\/uploads\/2020\/02\/IMG_6712-1-300x200.jpg 300w, http:\/\/lichri.radeln-in-den-sonnenaufgang.de\/wp-content\/uploads\/2020\/02\/IMG_6712-1-1024x683.jpg 1024w, http:\/\/lichri.radeln-in-den-sonnenaufgang.de\/wp-content\/uploads\/2020\/02\/IMG_6712-1-768x512.jpg 768w, http:\/\/lichri.radeln-in-den-sonnenaufgang.de\/wp-content\/uploads\/2020\/02\/IMG_6712-1-1536x1024.jpg 1536w\" sizes=\"(max-width: 767px) 89vw, (max-width: 1000px) 54vw, (max-width: 1071px) 543px, 580px\" \/><\/figure>\n\n\n\n<p>Zu sechst machten wir uns auf den Weg, besorgten auf einem Markt frisches Gem\u00fcse f\u00fcrs Abendessen und kamen am fr\u00fchen Nachmittag im Kloster an. Sam fragte den Abt (&#8222;Dscharwaiwat&#8220; ausgesprochen), ob es in Ordnung sei, wenn wir unsere Zelte f\u00fcr eine Nacht hier aufschlagen w\u00fcrden und es schien als ob sich die M\u00f6nche sehr \u00fcber unseren Besuch freuen w\u00fcrden. Sam erkl\u00e4rte uns, dass die buddhistischen Kl\u00f6ster die sichersten Orte in Thailand w\u00e4ren, denn etwas aus einem Kloster zu stehlen, sei ein Ticket direkt in die H\u00f6lle und das wolle wohl niemand. Er erkl\u00e4rte zudem, dass es den M\u00f6nchen selbst eine Ehre sein, Menschen auf dem Weg (zur Erleuchtung) weiter zu helfen. Und so konnten wir duschen, unsere Zelte in einer gro\u00dfen, offenen Halle aufbauen, die gespickt war mit Ventilatoren.<\/p>\n\n\n\n<p>Schon bald begann Sam f\u00fcr uns alle zu kochen. Hilfe wollte er keine, es war ihm eine gro\u00dfe Freude f\u00fcr uns zu kochen und wir sollten einfach das tun, auf was wir Lust hatten und \u201egenie\u00dfen\u201c. Sam kochte Reis und zwei unterschiedliche Currys auf unseren Gas- und Benzinkochern. Au\u00dferdem zauberte er sogar noch einen leckeren Nachtisch aus den unterschiedlichsten Sachen, die wir noch dabei hatten. Ich erinnere mich daran, dass gebratene Ananas und leicht gesalzene Kokosmilch involviert waren \u2013 das beste Essen, das uns jemals auf einem Campingkocher zubereitet wurde.<\/p>\n\n\n\n<figure class=\"wp-block-image size-large\"><img decoding=\"async\" loading=\"lazy\" width=\"1024\" height=\"576\" src=\"http:\/\/lichri.radeln-in-den-sonnenaufgang.de\/wp-content\/uploads\/2020\/02\/20200131_23_09_005-1024x576.jpg\" alt=\"\" class=\"wp-image-1481\" srcset=\"http:\/\/lichri.radeln-in-den-sonnenaufgang.de\/wp-content\/uploads\/2020\/02\/20200131_23_09_005-1024x576.jpg 1024w, http:\/\/lichri.radeln-in-den-sonnenaufgang.de\/wp-content\/uploads\/2020\/02\/20200131_23_09_005-300x169.jpg 300w, http:\/\/lichri.radeln-in-den-sonnenaufgang.de\/wp-content\/uploads\/2020\/02\/20200131_23_09_005-768x432.jpg 768w, http:\/\/lichri.radeln-in-den-sonnenaufgang.de\/wp-content\/uploads\/2020\/02\/20200131_23_09_005-1536x864.jpg 1536w, http:\/\/lichri.radeln-in-den-sonnenaufgang.de\/wp-content\/uploads\/2020\/02\/20200131_23_09_005.jpg 1599w\" sizes=\"(max-width: 767px) 89vw, (max-width: 1000px) 54vw, (max-width: 1071px) 543px, 580px\" \/><\/figure>\n\n\n\n<figure class=\"wp-block-image size-large\"><img decoding=\"async\" loading=\"lazy\" width=\"1024\" height=\"768\" src=\"http:\/\/lichri.radeln-in-den-sonnenaufgang.de\/wp-content\/uploads\/2020\/02\/20200131_23_09_003-1024x768.jpg\" alt=\"\" class=\"wp-image-1482\" srcset=\"http:\/\/lichri.radeln-in-den-sonnenaufgang.de\/wp-content\/uploads\/2020\/02\/20200131_23_09_003-1024x768.jpg 1024w, http:\/\/lichri.radeln-in-den-sonnenaufgang.de\/wp-content\/uploads\/2020\/02\/20200131_23_09_003-300x225.jpg 300w, http:\/\/lichri.radeln-in-den-sonnenaufgang.de\/wp-content\/uploads\/2020\/02\/20200131_23_09_003-768x576.jpg 768w, http:\/\/lichri.radeln-in-den-sonnenaufgang.de\/wp-content\/uploads\/2020\/02\/20200131_23_09_003.jpg 1312w\" sizes=\"(max-width: 767px) 89vw, (max-width: 1000px) 54vw, (max-width: 1071px) 543px, 580px\" \/><\/figure>\n\n\n\n<figure class=\"wp-block-image size-large\"><img decoding=\"async\" loading=\"lazy\" width=\"1024\" height=\"768\" src=\"http:\/\/lichri.radeln-in-den-sonnenaufgang.de\/wp-content\/uploads\/2020\/02\/20200131_23_09_004-1024x768.jpg\" alt=\"\" class=\"wp-image-1483\" srcset=\"http:\/\/lichri.radeln-in-den-sonnenaufgang.de\/wp-content\/uploads\/2020\/02\/20200131_23_09_004-1024x768.jpg 1024w, http:\/\/lichri.radeln-in-den-sonnenaufgang.de\/wp-content\/uploads\/2020\/02\/20200131_23_09_004-300x225.jpg 300w, http:\/\/lichri.radeln-in-den-sonnenaufgang.de\/wp-content\/uploads\/2020\/02\/20200131_23_09_004-768x576.jpg 768w, http:\/\/lichri.radeln-in-den-sonnenaufgang.de\/wp-content\/uploads\/2020\/02\/20200131_23_09_004.jpg 1312w\" sizes=\"(max-width: 767px) 89vw, (max-width: 1000px) 54vw, (max-width: 1071px) 543px, 580px\" \/><\/figure>\n\n\n\n<figure class=\"wp-block-image size-large\"><img decoding=\"async\" loading=\"lazy\" width=\"1280\" height=\"1920\" src=\"http:\/\/lichri.radeln-in-den-sonnenaufgang.de\/wp-content\/uploads\/2020\/02\/img_6746-16318460488121590592.jpg\" alt=\"\" class=\"wp-image-1471\" srcset=\"http:\/\/lichri.radeln-in-den-sonnenaufgang.de\/wp-content\/uploads\/2020\/02\/img_6746-16318460488121590592.jpg 1280w, http:\/\/lichri.radeln-in-den-sonnenaufgang.de\/wp-content\/uploads\/2020\/02\/img_6746-16318460488121590592-200x300.jpg 200w, http:\/\/lichri.radeln-in-den-sonnenaufgang.de\/wp-content\/uploads\/2020\/02\/img_6746-16318460488121590592-683x1024.jpg 683w, http:\/\/lichri.radeln-in-den-sonnenaufgang.de\/wp-content\/uploads\/2020\/02\/img_6746-16318460488121590592-768x1152.jpg 768w, http:\/\/lichri.radeln-in-den-sonnenaufgang.de\/wp-content\/uploads\/2020\/02\/img_6746-16318460488121590592-1024x1536.jpg 1024w\" sizes=\"(max-width: 767px) 89vw, (max-width: 1000px) 54vw, (max-width: 1071px) 543px, 580px\" \/><\/figure>\n\n\n\n<figure class=\"wp-block-image size-large\"><img decoding=\"async\" loading=\"lazy\" width=\"683\" height=\"1024\" src=\"http:\/\/lichri.radeln-in-den-sonnenaufgang.de\/wp-content\/uploads\/2020\/02\/IMG_6750-683x1024.jpg\" alt=\"\" class=\"wp-image-1484\" srcset=\"http:\/\/lichri.radeln-in-den-sonnenaufgang.de\/wp-content\/uploads\/2020\/02\/IMG_6750-683x1024.jpg 683w, http:\/\/lichri.radeln-in-den-sonnenaufgang.de\/wp-content\/uploads\/2020\/02\/IMG_6750-200x300.jpg 200w, http:\/\/lichri.radeln-in-den-sonnenaufgang.de\/wp-content\/uploads\/2020\/02\/IMG_6750-768x1152.jpg 768w, http:\/\/lichri.radeln-in-den-sonnenaufgang.de\/wp-content\/uploads\/2020\/02\/IMG_6750-1024x1536.jpg 1024w, http:\/\/lichri.radeln-in-den-sonnenaufgang.de\/wp-content\/uploads\/2020\/02\/IMG_6750-rotated.jpg 1280w\" sizes=\"(max-width: 683px) 100vw, 683px\" \/><\/figure>\n\n\n\n<figure class=\"wp-block-image size-large\"><img decoding=\"async\" loading=\"lazy\" width=\"1280\" height=\"1920\" src=\"http:\/\/lichri.radeln-in-den-sonnenaufgang.de\/wp-content\/uploads\/2020\/02\/img_6749-13260114980944385306.jpg\" alt=\"\" class=\"wp-image-1472\" srcset=\"http:\/\/lichri.radeln-in-den-sonnenaufgang.de\/wp-content\/uploads\/2020\/02\/img_6749-13260114980944385306.jpg 1280w, http:\/\/lichri.radeln-in-den-sonnenaufgang.de\/wp-content\/uploads\/2020\/02\/img_6749-13260114980944385306-200x300.jpg 200w, http:\/\/lichri.radeln-in-den-sonnenaufgang.de\/wp-content\/uploads\/2020\/02\/img_6749-13260114980944385306-683x1024.jpg 683w, http:\/\/lichri.radeln-in-den-sonnenaufgang.de\/wp-content\/uploads\/2020\/02\/img_6749-13260114980944385306-768x1152.jpg 768w, http:\/\/lichri.radeln-in-den-sonnenaufgang.de\/wp-content\/uploads\/2020\/02\/img_6749-13260114980944385306-1024x1536.jpg 1024w\" sizes=\"(max-width: 767px) 89vw, (max-width: 1000px) 54vw, (max-width: 1071px) 543px, 580px\" \/><\/figure>\n\n\n\n<figure class=\"wp-block-image size-large is-resized\"><img decoding=\"async\" loading=\"lazy\" src=\"http:\/\/lichri.radeln-in-den-sonnenaufgang.de\/wp-content\/uploads\/2020\/02\/IMG_6756-683x1024.jpg\" alt=\"\" class=\"wp-image-1485\" width=\"639\" height=\"958\" srcset=\"http:\/\/lichri.radeln-in-den-sonnenaufgang.de\/wp-content\/uploads\/2020\/02\/IMG_6756-683x1024.jpg 683w, http:\/\/lichri.radeln-in-den-sonnenaufgang.de\/wp-content\/uploads\/2020\/02\/IMG_6756-200x300.jpg 200w, http:\/\/lichri.radeln-in-den-sonnenaufgang.de\/wp-content\/uploads\/2020\/02\/IMG_6756-768x1152.jpg 768w, http:\/\/lichri.radeln-in-den-sonnenaufgang.de\/wp-content\/uploads\/2020\/02\/IMG_6756-1024x1536.jpg 1024w, http:\/\/lichri.radeln-in-den-sonnenaufgang.de\/wp-content\/uploads\/2020\/02\/IMG_6756-rotated.jpg 1280w\" sizes=\"(max-width: 639px) 100vw, 639px\" \/><\/figure>\n\n\n\n<p>Sam und Bekks sind dem buddhistischen Glauben sehr zugewandt. Sam w\u00fcrde sich als Buddhist bezeichnen. Er strahlt, wenn er von dem Glauben erz\u00e4hlt \u2013 nun gut, er stahlt die ganze Zeit. I would say it\u2019s a life changing experience to get to know them \ud83d\ude09 . Nachdem wir Europa verlassen hatten waren wir entweder in christlich oder buddhistisch gepr\u00e4gten L\u00e4ndern unterwegs und ich muss sagen: ich bin froh \u00fcber meinen Glauben. Und auch wenn ich (Lisa) den Buddhismus nicht im Geringsten verstanden habe, so muss ich doch sagen, dass die Menschen, die wir in den buddhistischen L\u00e4ndern getroffen haben sehr hilfsbereit, offen, herzlich und so gar nicht selbsts\u00fcchtig waren. Und das hilft mir mich daran zu erinnern, dass das bei mir mit meinem christlichen Glauben dreimal der Fall sein sollte. Schade, dass ich mich daran erst erinnern lassen muss.<\/p>\n\n\n\n<figure class=\"wp-block-image size-large\"><img decoding=\"async\" loading=\"lazy\" width=\"1024\" height=\"683\" src=\"http:\/\/lichri.radeln-in-den-sonnenaufgang.de\/wp-content\/uploads\/2020\/02\/IMG_3188_compress71-1024x683.jpg\" alt=\"\" class=\"wp-image-1486\" srcset=\"http:\/\/lichri.radeln-in-den-sonnenaufgang.de\/wp-content\/uploads\/2020\/02\/IMG_3188_compress71-1024x683.jpg 1024w, http:\/\/lichri.radeln-in-den-sonnenaufgang.de\/wp-content\/uploads\/2020\/02\/IMG_3188_compress71-300x200.jpg 300w, http:\/\/lichri.radeln-in-den-sonnenaufgang.de\/wp-content\/uploads\/2020\/02\/IMG_3188_compress71-768x512.jpg 768w, http:\/\/lichri.radeln-in-den-sonnenaufgang.de\/wp-content\/uploads\/2020\/02\/IMG_3188_compress71.jpg 1296w\" sizes=\"(max-width: 767px) 89vw, (max-width: 1000px) 54vw, (max-width: 1071px) 543px, 580px\" \/><\/figure>\n\n\n\n<p>Am n\u00e4chsten morgen trennten sich unsere Wege \u2013 Sam und Bekks fuhren wieder Richtung Chum Pon und Mari, Eva und wir fuhren weiter in den S\u00fcden, unter anderem \u00fcber eine zugegebenerma\u00dfen nicht mehr ganz so intakte Br\u00fccke.<\/p>\n\n\n\n<figure class=\"wp-block-image size-large\"><img decoding=\"async\" loading=\"lazy\" width=\"864\" height=\"1296\" src=\"http:\/\/lichri.radeln-in-den-sonnenaufgang.de\/wp-content\/uploads\/2020\/02\/img_3211_compress28-16818326608112506322.jpg\" alt=\"\" class=\"wp-image-1473\" srcset=\"http:\/\/lichri.radeln-in-den-sonnenaufgang.de\/wp-content\/uploads\/2020\/02\/img_3211_compress28-16818326608112506322.jpg 864w, http:\/\/lichri.radeln-in-den-sonnenaufgang.de\/wp-content\/uploads\/2020\/02\/img_3211_compress28-16818326608112506322-200x300.jpg 200w, http:\/\/lichri.radeln-in-den-sonnenaufgang.de\/wp-content\/uploads\/2020\/02\/img_3211_compress28-16818326608112506322-683x1024.jpg 683w, http:\/\/lichri.radeln-in-den-sonnenaufgang.de\/wp-content\/uploads\/2020\/02\/img_3211_compress28-16818326608112506322-768x1152.jpg 768w\" sizes=\"(max-width: 767px) 89vw, (max-width: 1000px) 54vw, (max-width: 1071px) 543px, 580px\" \/><\/figure>\n\n\n\n<p>Mittagspause machten wir in einem Stra\u00dfenlokal, welches uns Sam und Bekks w\u00e4rmstens empfohlen hatten und selbst wenn es keine lebensver\u00e4ndernde Erfahrung war, wie es uns angepriesen wurde, so war das Curry doch sehr gut und die Auswahl an unterschiedlichen Obst und Gem\u00fcsesorten auf den Tischen sehr erfreulich!<\/p>\n\n\n\n<p>Wieder war es so hei\u00df, dass der Schwei\u00df in Str\u00f6men floss. Umso mehr konnten wir die Pause am Strand genie\u00dfen. Blaues, klares, erfrischendes Wasser, wei\u00dfer, warmer, weicher Sandstrand, perfekte Wellen \u2013 und nat\u00fcrlich ein Eiskaffee. Hmmm\u2026 das Leben kann so sch\u00f6n sein. Am Abend erreichten wir dann Patty \u2013 eine 54 j\u00e4hrige thail\u00e4ndische Radfahrerin\/Pizzariabesitzerin\/Warmshowershost. Es war wunderbar und wir freuten uns unendlich \u00fcber die Pizza am Abend, die M\u00f6glichkeit zu duschen und unser Zelt auf ihrem Balkon aufzuschlagen.<\/p>\n\n\n\n<figure class=\"wp-block-image size-large\"><img decoding=\"async\" loading=\"lazy\" width=\"960\" height=\"720\" src=\"http:\/\/lichri.radeln-in-den-sonnenaufgang.de\/wp-content\/uploads\/2020\/02\/FB_IMG_15785472882079325.jpg\" alt=\"\" class=\"wp-image-1487\" srcset=\"http:\/\/lichri.radeln-in-den-sonnenaufgang.de\/wp-content\/uploads\/2020\/02\/FB_IMG_15785472882079325.jpg 960w, http:\/\/lichri.radeln-in-den-sonnenaufgang.de\/wp-content\/uploads\/2020\/02\/FB_IMG_15785472882079325-300x225.jpg 300w, http:\/\/lichri.radeln-in-den-sonnenaufgang.de\/wp-content\/uploads\/2020\/02\/FB_IMG_15785472882079325-768x576.jpg 768w\" sizes=\"(max-width: 767px) 89vw, (max-width: 1000px) 54vw, (max-width: 1071px) 543px, 580px\" \/><\/figure>\n\n\n\n<figure class=\"wp-block-image size-large\"><img decoding=\"async\" loading=\"lazy\" width=\"720\" height=\"960\" src=\"http:\/\/lichri.radeln-in-den-sonnenaufgang.de\/wp-content\/uploads\/2020\/02\/FB_IMG_15785472526875876.jpg\" alt=\"\" class=\"wp-image-1488\" srcset=\"http:\/\/lichri.radeln-in-den-sonnenaufgang.de\/wp-content\/uploads\/2020\/02\/FB_IMG_15785472526875876.jpg 720w, http:\/\/lichri.radeln-in-den-sonnenaufgang.de\/wp-content\/uploads\/2020\/02\/FB_IMG_15785472526875876-225x300.jpg 225w\" sizes=\"(max-width: 720px) 100vw, 720px\" \/><\/figure>\n\n\n\n<p>Patty ist eine sehr f\u00fchrsorgliche, lebensfrohe Person und so lie\u00df sie uns nicht gehen, bevor wir nicht ausreichend gefr\u00fchst\u00fcckt h\u00e4tten. Die Idee innerhalb von zwei Tagen von ihr nach Krabi an die Westk\u00fcste zu fahren fand sie etwas verr\u00fcckt. Aber wir hatten wohl nicht mehr Zeit, also traten wir in die Pedale. Wiedermal ging es die erste Strecke auf dem Highway entlang. Immer wieder mit Pausen (unter anderem hatten wir eine Pause in einem Stra\u00dfenlokal in dem Eva die Mitarbeiter spontan \u00fcberreden konnte in ihrem Tanzvideo mitzumachen). Und auch wenn wir unseren Rekord von 112,5 km nicht knackten (den Rekord hatten wir an unserem dritten Reisetag auf dem Weg nach Jena), so machten wir doch 107 km, bevor wir uns ein Haus mit sch\u00f6nem Garten raussuchten und die Besitzerin fragten, ob wir ihren Garten zum campen benutzen d\u00fcrften. Spontan rief die junge Frau ihre Schwester in Italien an, die dann f\u00fcr uns auf Englisch \u00fcbersetzte und wir unser Anliegen erkl\u00e4ren konnten. Sie sagte ja. Und wieder boten uns unsere mehr oder weniger freiwilligen Gastgeber im Laufe des Abends eine Dusche und immer wieder Essen an \u2013 so wie es uns schon so oft auf der Reise und vor allem in Thailand passierte.<\/p>\n\n\n\n<p>Vor Schlangen und M\u00fccken fl\u00fcchteten wir mit unserem selbstgekochten Curry in unser Zelt. Doch hier schwitzten wir \u2013 weniger der Sch\u00e4rfe halber, um genau zu sein \u2013 und so mussten wir uns doch noch in M\u00fcckenspray marinieren. Schon fr\u00fch am n\u00e4chsten Morgen packten wir unsere Sachen \u2013 alles, bis auf das vom Tau feuchte Zelt. Von unserer lieben Gastgeberin bekamen wir leckere Kokospfannkuchen zu unserem Porridge und hei\u00dfes Wasser angeboten. Nach einer Weile verabschiedeten wir uns auf die hei\u00dfen Stra\u00dfen Thailands. Es ging erneut sehr h\u00fcgelig zwischen Palm\u00f6l- und Kautschukplantagen auf und ab \u2013 bis Evas Kette riss. Chris und Mari, die beide das Werkzeug zum reparieren dabei hatten, waren jedoch schon ein ganzes St\u00fcck weiter gefahren. Lisa verabschiedete sich also von Eva, um einen der Beiden einzufangen und zur\u00fcck zu schicken. Chris merkte nach ein paar Kilometern die Abwesenheit der anderen und blieb stehen. Er fuhr zu Eva zur\u00fcck, w\u00e4hrend Lisa zu Mari weiter fuhr, um ihr Bescheid zu geben. So kann eine Tour zu viert auch verlaufen, wenn man kaum eine M\u00f6glichkeit hat sich per Handy zu erreichen. \ud83d\ude09<\/p>\n\n\n\n<figure class=\"wp-block-image size-large\"><img decoding=\"async\" loading=\"lazy\" width=\"683\" height=\"1024\" src=\"http:\/\/lichri.radeln-in-den-sonnenaufgang.de\/wp-content\/uploads\/2020\/02\/IMG_3256_compress77-e1581084050134-683x1024.jpg\" alt=\"\" class=\"wp-image-1489\" srcset=\"http:\/\/lichri.radeln-in-den-sonnenaufgang.de\/wp-content\/uploads\/2020\/02\/IMG_3256_compress77-e1581084050134-683x1024.jpg 683w, http:\/\/lichri.radeln-in-den-sonnenaufgang.de\/wp-content\/uploads\/2020\/02\/IMG_3256_compress77-e1581084050134-200x300.jpg 200w, http:\/\/lichri.radeln-in-den-sonnenaufgang.de\/wp-content\/uploads\/2020\/02\/IMG_3256_compress77-e1581084050134-768x1152.jpg 768w, http:\/\/lichri.radeln-in-den-sonnenaufgang.de\/wp-content\/uploads\/2020\/02\/IMG_3256_compress77-e1581084050134.jpg 864w\" sizes=\"(max-width: 683px) 100vw, 683px\" \/><\/figure>\n\n\n\n<p>Nachdem wir alle wieder beisammen waren gab\u2018s erst mal eine Mittagspause \ud83d\ude42 -wir a\u00dfen Kow Pad Khai und schafften trotz der ganzen Verz\u00f6gerungen an diesem Tag die 106 Kilometer nach Krabi. Warum wir uns so auf Krabi freuten? Es war ein Pausetag angesagt und zudem hatten wir eine Unterkunft mit Pool gebucht. Den nutzten wir, nachdem wir ausgiebig ausgeschlafen hatten. Nach einer kurzen Reiseplanung wussten wir dann auch, dass wir es nicht bis zum 13. Januar auf die F\u00e4hre von Singapur \u00fcber Batam nach Jakarta schaffen w\u00fcrden und so entschieden wir, erst am 22. Januar die n\u00e4chst m\u00f6gliche F\u00e4hre zu nehmen. So blieb uns immerhin noch etwas Zeit Malaysia und Singapur anzuschauen.<\/p>\n\n\n\n<h4>Vier R\u00e4der auf vier R\u00e4dern &#8211; Unser Shuttle nach Satun<\/h4>\n\n\n\n<p>Und wiedermal standen wir vor dem uns immer wieder begleitenden Problem: Was nun? Wir konnten uns einfach nicht entscheiden, wie es weiter gehen sollte \u2013 bis Eva und Mari uns vorschlugen uns einfach mit in ein Auto zu stecken und den Weg nach Satun mitsamt den R\u00e4dern zu trampen. Von dort aus k\u00f6nnten wir eine F\u00e4hre nach Langkawi nehmen. Die Idee h\u00f6rte sich verlockend an. Eva und Mari wollten an diesem Tag in die gleiche Richtung trampen, nur nicht ganz so weit. Zu viert brachen wir zur n\u00e4chst besten Tankstelle auf dem Weg auf und sprachen die Pickups an, ob sie uns mitnehmen w\u00fcrden. Wir hatten wenig Erfolg. Und nach einer Weile entschieden wir uns noch ein St\u00fcckchen weiter zu fahren und es an der Stra\u00dfe noch einmal zu versuchen. Kurz bevor wir aufgeben und uns einen Bus suchen wollten, hielt ein Pickup an. Der Fahrer und sein Kollege sind am Morgen in Bangkok losgefahren und wollten heute noch bis Satun fahren. Perfekt! Schnell packten wir unsere R\u00e4der auf die Ladefl\u00e4che und als wir fragten, ob Maris und Evas R\u00e4der mit aufs Auto passen w\u00fcrden, sagten sie zu. Kurzerhand wurden alle vier R\u00e4der verladen und wir vier RadfahrerInnen quetschten uns auf die R\u00fcckbank.<\/p>\n\n\n\n<figure class=\"wp-block-image size-large\"><img decoding=\"async\" loading=\"lazy\" width=\"1024\" height=\"553\" src=\"http:\/\/lichri.radeln-in-den-sonnenaufgang.de\/wp-content\/uploads\/2020\/02\/20200131_22_54_13406-1024x553.jpg\" alt=\"\" class=\"wp-image-1490\" srcset=\"http:\/\/lichri.radeln-in-den-sonnenaufgang.de\/wp-content\/uploads\/2020\/02\/20200131_22_54_13406-1024x553.jpg 1024w, http:\/\/lichri.radeln-in-den-sonnenaufgang.de\/wp-content\/uploads\/2020\/02\/20200131_22_54_13406-300x162.jpg 300w, http:\/\/lichri.radeln-in-den-sonnenaufgang.de\/wp-content\/uploads\/2020\/02\/20200131_22_54_13406-768x415.jpg 768w, http:\/\/lichri.radeln-in-den-sonnenaufgang.de\/wp-content\/uploads\/2020\/02\/20200131_22_54_13406-1536x829.jpg 1536w, http:\/\/lichri.radeln-in-den-sonnenaufgang.de\/wp-content\/uploads\/2020\/02\/20200131_22_54_13406-2048x1106.jpg 2048w\" sizes=\"(max-width: 767px) 89vw, (max-width: 1000px) 54vw, (max-width: 1071px) 543px, 580px\" \/><\/figure>\n\n\n\n<p>Eine recht kurzweilige Fahrt begann. Mit dem Auto ist man doch um einiges schneller unterwegs, als mit dem Fahrrad. In Trang verabschiedeten wir uns dann von Eva und Mari mit dem Wissen, dass wir sie schrecklich vermissen, aber wahrscheinlich schon bald auf Langkawi wiedersehen w\u00fcrden.<\/p>\n\n\n\n<h4>Ein spezieller letzter Tag in Thailand <\/h4>\n\n\n\n<p>In Satun angekommen fuhren wir zur Arbeitsstelle unseres Warmshowers Hosts \u2013 dem \u00f6rtlichen Radiosender. Am n\u00e4chsten Tag war Childrens Day \u2013 was in Thailand gro\u00df gefeiert wird. Banpot \u2013 unser Gastgeber \u2013 w\u00fcrde diese Nacht gemeinsam mit seiner Familie und ein paar Kollegen des Radiosenders auf der Arbeit verbringen. Sie haben uns ganz spontan mit aufgenommen und eingeladen am n\u00e4chsten Morgen mit ihnen gemeinsam den Kindertag zu feiern. Es gab ein gemeinsames Abendessen und Chris wurde gefragt, ob er am n\u00e4chsten Tag ein Lied mit den Kindern singen w\u00fcrde \u2013 sie haben seine Gitarre entdeckt\u2026 Chris spielte abends noch ein St\u00e4ndchen f\u00fcr die Kollegen.<\/p>\n\n\n\n<p>Mit Banpot und seinem j\u00fcngsten Sohn fuhren wir gemeinsam (mehr oder weniger mitten in der Nacht) noch zur Funkstation auf den Berg hoch, weil es eine St\u00f6rung gab, die dieser beheben musste. Auf der Funkstation leben mindestens 20 Hunde, die recht neugierig und zum Gl\u00fcck weniger angriffslustig auf uns reagierten. Chris wurde von den Wachleuten zu einem Umdrunk eingeladen und als Banpot das Problem nach einer Weile geregelt hatte, wollten sie Chris fast nicht mehr gehen lassen. Schlussendlich fielen wir jedoch ziemlich erschlagen auf unsere Matratzen in der Radiostation.<\/p>\n\n\n\n<div class=\"is-layout-flow wp-block-group\"><div class=\"wp-block-group__inner-container\">\n<figure class=\"is-layout-flex wp-block-gallery-3 wp-block-gallery columns-2 is-cropped\"><ul class=\"blocks-gallery-grid\"><li class=\"blocks-gallery-item\"><figure><img decoding=\"async\" loading=\"lazy\" width=\"324\" height=\"243\" src=\"http:\/\/lichri.radeln-in-den-sonnenaufgang.de\/wp-content\/uploads\/2020\/02\/20200131_22_53_55223.jpg\" alt=\"\" data-id=\"1493\" data-full-url=\"http:\/\/lichri.radeln-in-den-sonnenaufgang.de\/wp-content\/uploads\/2020\/02\/20200131_22_53_55223.jpg\" data-link=\"http:\/\/lichri.radeln-in-den-sonnenaufgang.de\/?attachment_id=1493\" class=\"wp-image-1493\" srcset=\"http:\/\/lichri.radeln-in-den-sonnenaufgang.de\/wp-content\/uploads\/2020\/02\/20200131_22_53_55223.jpg 324w, http:\/\/lichri.radeln-in-den-sonnenaufgang.de\/wp-content\/uploads\/2020\/02\/20200131_22_53_55223-300x225.jpg 300w\" sizes=\"(max-width: 324px) 100vw, 324px\" \/><\/figure><\/li><li class=\"blocks-gallery-item\"><figure><img decoding=\"async\" loading=\"lazy\" width=\"328\" height=\"246\" src=\"http:\/\/lichri.radeln-in-den-sonnenaufgang.de\/wp-content\/uploads\/2020\/02\/20200131_22_53_55228.jpg\" alt=\"\" data-id=\"1492\" data-full-url=\"http:\/\/lichri.radeln-in-den-sonnenaufgang.de\/wp-content\/uploads\/2020\/02\/20200131_22_53_55228.jpg\" data-link=\"http:\/\/lichri.radeln-in-den-sonnenaufgang.de\/?attachment_id=1492\" class=\"wp-image-1492\" srcset=\"http:\/\/lichri.radeln-in-den-sonnenaufgang.de\/wp-content\/uploads\/2020\/02\/20200131_22_53_55228.jpg 328w, http:\/\/lichri.radeln-in-den-sonnenaufgang.de\/wp-content\/uploads\/2020\/02\/20200131_22_53_55228-300x225.jpg 300w\" sizes=\"(max-width: 328px) 100vw, 328px\" \/><\/figure><\/li><li class=\"blocks-gallery-item\"><figure><img decoding=\"async\" loading=\"lazy\" width=\"246\" height=\"328\" src=\"http:\/\/lichri.radeln-in-den-sonnenaufgang.de\/wp-content\/uploads\/2020\/02\/20200131_22_53_55226-e1581084929822.jpg\" alt=\"\" data-id=\"1491\" data-full-url=\"http:\/\/lichri.radeln-in-den-sonnenaufgang.de\/wp-content\/uploads\/2020\/02\/20200131_22_53_55226-e1581084929822.jpg\" data-link=\"http:\/\/lichri.radeln-in-den-sonnenaufgang.de\/?attachment_id=1491\" class=\"wp-image-1491\" srcset=\"http:\/\/lichri.radeln-in-den-sonnenaufgang.de\/wp-content\/uploads\/2020\/02\/20200131_22_53_55226-e1581084929822.jpg 246w, http:\/\/lichri.radeln-in-den-sonnenaufgang.de\/wp-content\/uploads\/2020\/02\/20200131_22_53_55226-e1581084929822-225x300.jpg 225w\" sizes=\"(max-width: 246px) 100vw, 246px\" \/><\/figure><\/li><li class=\"blocks-gallery-item\"><figure><img decoding=\"async\" loading=\"lazy\" width=\"270\" height=\"480\" src=\"http:\/\/lichri.radeln-in-den-sonnenaufgang.de\/wp-content\/uploads\/2020\/02\/20200131_22_53_55224-e1581084964543.jpg\" alt=\"\" data-id=\"1494\" data-full-url=\"http:\/\/lichri.radeln-in-den-sonnenaufgang.de\/wp-content\/uploads\/2020\/02\/20200131_22_53_55224-e1581084964543.jpg\" data-link=\"http:\/\/lichri.radeln-in-den-sonnenaufgang.de\/?attachment_id=1494\" class=\"wp-image-1494\" srcset=\"http:\/\/lichri.radeln-in-den-sonnenaufgang.de\/wp-content\/uploads\/2020\/02\/20200131_22_53_55224-e1581084964543.jpg 270w, http:\/\/lichri.radeln-in-den-sonnenaufgang.de\/wp-content\/uploads\/2020\/02\/20200131_22_53_55224-e1581084964543-169x300.jpg 169w\" sizes=\"(max-width: 270px) 100vw, 270px\" \/><\/figure><\/li><\/ul><\/figure>\n<\/div><\/div>\n\n\n\n<p>Der darauf folgende Morgen begann bereits laut, als wir noch auf den Matten d\u00e4mmerten. Als wir schlie\u00dflich rausgingen wurden wir schnell von Banpot, seiner Frau und den anderen Organisatoren eingebunden, sollten st\u00e4ndig auf die B\u00fchne kommen, uns vorstellen, den Kindern Geschenke \u00fcberreichen und \u201eInterviews\u201c mit den Kindern f\u00fchren. Was eine Vorf\u00fchrung im doppelten bzw. dreifachen Sinne war: Die Kinder wurden vorgef\u00fchrt, die Besucher ebenso und insgesamt war es sowieso eine reine Show. Nat\u00fcrlich, die Crew von der Radio- und Funkstation hatte sich alle M\u00fche gegeben. Aber eine B\u00fchne aufzustellen, Kinder immer wieder nach vorne zu holen, wo sie vor den anderen Kindern etwas erz\u00e4hlen sollten und dann Geschenke bekamen, das w\u00e4re nicht unser Verst\u00e4ndnis von einer Feier f\u00fcr Kinder gewesen. Und die Kids langweilten sich sichtlich auf den St\u00fchlen vor der B\u00fchne. Wir h\u00e4tten da wohl mehr mit Spielen gearbeitet. \ud83d\ude09<\/p>\n\n\n\n<figure class=\"wp-block-image size-large\"><img decoding=\"async\" loading=\"lazy\" width=\"1296\" height=\"864\" src=\"http:\/\/lichri.radeln-in-den-sonnenaufgang.de\/wp-content\/uploads\/2020\/02\/IMG_3257_compress71-1.jpg\" alt=\"\" class=\"wp-image-1474\" srcset=\"http:\/\/lichri.radeln-in-den-sonnenaufgang.de\/wp-content\/uploads\/2020\/02\/IMG_3257_compress71-1.jpg 1296w, http:\/\/lichri.radeln-in-den-sonnenaufgang.de\/wp-content\/uploads\/2020\/02\/IMG_3257_compress71-1-300x200.jpg 300w, http:\/\/lichri.radeln-in-den-sonnenaufgang.de\/wp-content\/uploads\/2020\/02\/IMG_3257_compress71-1-1024x683.jpg 1024w, http:\/\/lichri.radeln-in-den-sonnenaufgang.de\/wp-content\/uploads\/2020\/02\/IMG_3257_compress71-1-768x512.jpg 768w\" sizes=\"(max-width: 767px) 89vw, (max-width: 1000px) 54vw, (max-width: 1071px) 543px, 580px\" \/><\/figure>\n\n\n\n<figure class=\"wp-block-image size-large\"><img decoding=\"async\" loading=\"lazy\" width=\"1024\" height=\"512\" src=\"http:\/\/lichri.radeln-in-den-sonnenaufgang.de\/wp-content\/uploads\/2020\/02\/IMG-20200114-WA0000-1024x512.jpg\" alt=\"\" class=\"wp-image-1495\" srcset=\"http:\/\/lichri.radeln-in-den-sonnenaufgang.de\/wp-content\/uploads\/2020\/02\/IMG-20200114-WA0000-1024x512.jpg 1024w, http:\/\/lichri.radeln-in-den-sonnenaufgang.de\/wp-content\/uploads\/2020\/02\/IMG-20200114-WA0000-300x150.jpg 300w, http:\/\/lichri.radeln-in-den-sonnenaufgang.de\/wp-content\/uploads\/2020\/02\/IMG-20200114-WA0000-768x384.jpg 768w, http:\/\/lichri.radeln-in-den-sonnenaufgang.de\/wp-content\/uploads\/2020\/02\/IMG-20200114-WA0000-1536x768.jpg 1536w, http:\/\/lichri.radeln-in-den-sonnenaufgang.de\/wp-content\/uploads\/2020\/02\/IMG-20200114-WA0000.jpg 1600w\" sizes=\"(max-width: 767px) 89vw, (max-width: 1000px) 54vw, (max-width: 1071px) 543px, 580px\" \/><\/figure>\n\n\n\n<p>Zwischen unseren unfreiwilligen B\u00fchneneinlagen und den kleinen Snacks, die wir \u00fcberall angeboten bekamen, packten wir unsere R\u00e4der und rollten langsam gen Ausgang. Wir verabschiedeten uns von Banpot, seinen Arbeitskollegen, den Kids und seiner Frau und machten uns auf den Weg zum Hafen von Satun.<\/p>\n\n\n\n<p>Dort war uns der Spa\u00df mit 900Baht (knapp 30 Euro) dann aber doch um einiges zu teuer, weshalb wir uns daf\u00fcr entschieden, mit dem Rad \u00fcber den angeblich sch\u00f6nsten Grenz\u00fcbergang \u00fcberhaupt nach Malaysia und zum Hafen Kuala Perlis zu radeln. Also rasten wir los. Wir hatten noch zwei Stunden f\u00fcr die 40km zur Grenze, bis diese schlie\u00dfen w\u00fcrde.<\/p>\n\n\n\n<p>Mit um die 30km\/h kamen wir trotz schweren Regens schnell voran \u2013 bis Chris wenige Kilometer vor der Grenze die Kette vom Rad sprang, er entnervt eine Vollbremsung hinlegte und damit auch Lisa unfreiwillig schnell stoppte. Zugegeben \u2013 tats\u00e4chlich sah Lisas erster Sturz auf der Reise etwas dramatischer aus. Lisa holte sich dabei eine kleine Sch\u00fcrfwunde und einen Schreck, von ihrem Rad riss es jedoch dummerweise den Vordergep\u00e4cktr\u00e4ger, der dann notd\u00fcrftig mit Kabelbindern wieder halbwegs fixiert wurde.<\/p>\n\n\n\n<p>Trotz allem erreichten wir die Grenze mit genug Zeit, um vorher noch einen Eistee bzw. Eiskaffee zu schl\u00fcrfen, den wir uns nach dem Gestrampel redlich verdient hatten. Dann kamen wir schlie\u00dflich zum \u00dcbergang. Und siehe da: In diesem idyllischen kleinen Tal der \u201ePassstra\u00dfe\u201c hatten wir seit dem Verlassen der EU erstmals einen v\u00f6llig unkomplizierten und schnellen Grenz\u00fcbergang! Pass rein, Pass raus \u2013 r\u00fcber \u2013 Pass rein, Finger drauf, Pass raus \u2013 Fertig! Und der nette Grenzkontrolleur auf Malaysischer Seite gab uns sogar noch ein paar Flaschen Wasser raus!<\/p>\n\n\n\n<p>Am n\u00e4chsten Morgen w\u00fcrden wir dann verstehen warum, schlie\u00dflich hatten wir den \u201ePass\u201c tats\u00e4chlich noch nicht \u00fcberquert. Davor bogen wir jedoch in ein verweist wirkendes Nationalparkzentrum ein, wo wir auf Anfrage unser Zelt f\u00fcr lau aufstellen durften, Spaghetti kochten und uns in der Toilette mit der Wasserschlauch duschen konnten. Aber da das schon auf Malaysischer Seite geschah, d\u00fcrfte das erst im n\u00e4chsten Blogeintrag stehen. \ud83d\ude42 Zumindest will Lisa das so. Also dann,<\/p>\n\n\n\n<p>bis zum n\u00e4chsten Blogeintrag!<\/p>\n\n\n\n<figure class=\"wp-block-image size-large\"><img decoding=\"async\" loading=\"lazy\" width=\"1024\" height=\"683\" src=\"http:\/\/lichri.radeln-in-den-sonnenaufgang.de\/wp-content\/uploads\/2020\/02\/IMG_3260-1024x683.jpg\" alt=\"\" class=\"wp-image-1496\" srcset=\"http:\/\/lichri.radeln-in-den-sonnenaufgang.de\/wp-content\/uploads\/2020\/02\/IMG_3260-1024x683.jpg 1024w, http:\/\/lichri.radeln-in-den-sonnenaufgang.de\/wp-content\/uploads\/2020\/02\/IMG_3260-300x200.jpg 300w, http:\/\/lichri.radeln-in-den-sonnenaufgang.de\/wp-content\/uploads\/2020\/02\/IMG_3260-768x512.jpg 768w, http:\/\/lichri.radeln-in-den-sonnenaufgang.de\/wp-content\/uploads\/2020\/02\/IMG_3260-1536x1024.jpg 1536w, http:\/\/lichri.radeln-in-den-sonnenaufgang.de\/wp-content\/uploads\/2020\/02\/IMG_3260-2048x1365.jpg 2048w\" sizes=\"(max-width: 767px) 89vw, (max-width: 1000px) 54vw, (max-width: 1071px) 543px, 580px\" \/><\/figure>\n","protected":false},"excerpt":{"rendered":"<p>Unterwegs nach Bangkok Als wir die Grenze von Kambodscha nach Thailand \u00fcberquerten, wurde uns wiedereinmal bewusst, dass wir \u2013 rund um Sehensw\u00fcrdigkeiten \u2013 immer wieder in eine Touristenblase gelangen, in der alles das Vielfache des eigentlichen Preises kostet. So wollte der Busfahrer, der die wei\u00dfen Westler aus Kambodscha nach Thailand brachte, 1200 Baht haben (40 &hellip; <\/p>\n<p class=\"link-more\"><a href=\"http:\/\/lichri.radeln-in-den-sonnenaufgang.de\/?p=1461\" class=\"more-link\"><span class=\"screen-reader-text\">\u201eThailand (28.12.2019-11.01.2020)\u201c<\/span> weiterlesen<\/a><\/p>\n","protected":false},"author":3,"featured_media":1456,"comment_status":"open","ping_status":"open","sticky":false,"template":"","format":"standard","meta":[],"categories":[1],"tags":[],"_links":{"self":[{"href":"http:\/\/lichri.radeln-in-den-sonnenaufgang.de\/index.php?rest_route=\/wp\/v2\/posts\/1461"}],"collection":[{"href":"http:\/\/lichri.radeln-in-den-sonnenaufgang.de\/index.php?rest_route=\/wp\/v2\/posts"}],"about":[{"href":"http:\/\/lichri.radeln-in-den-sonnenaufgang.de\/index.php?rest_route=\/wp\/v2\/types\/post"}],"author":[{"embeddable":true,"href":"http:\/\/lichri.radeln-in-den-sonnenaufgang.de\/index.php?rest_route=\/wp\/v2\/users\/3"}],"replies":[{"embeddable":true,"href":"http:\/\/lichri.radeln-in-den-sonnenaufgang.de\/index.php?rest_route=%2Fwp%2Fv2%2Fcomments&post=1461"}],"version-history":[{"count":8,"href":"http:\/\/lichri.radeln-in-den-sonnenaufgang.de\/index.php?rest_route=\/wp\/v2\/posts\/1461\/revisions"}],"predecessor-version":[{"id":1504,"href":"http:\/\/lichri.radeln-in-den-sonnenaufgang.de\/index.php?rest_route=\/wp\/v2\/posts\/1461\/revisions\/1504"}],"wp:featuredmedia":[{"embeddable":true,"href":"http:\/\/lichri.radeln-in-den-sonnenaufgang.de\/index.php?rest_route=\/wp\/v2\/media\/1456"}],"wp:attachment":[{"href":"http:\/\/lichri.radeln-in-den-sonnenaufgang.de\/index.php?rest_route=%2Fwp%2Fv2%2Fmedia&parent=1461"}],"wp:term":[{"taxonomy":"category","embeddable":true,"href":"http:\/\/lichri.radeln-in-den-sonnenaufgang.de\/index.php?rest_route=%2Fwp%2Fv2%2Fcategories&post=1461"},{"taxonomy":"post_tag","embeddable":true,"href":"http:\/\/lichri.radeln-in-den-sonnenaufgang.de\/index.php?rest_route=%2Fwp%2Fv2%2Ftags&post=1461"}],"curies":[{"name":"wp","href":"https:\/\/api.w.org\/{rel}","templated":true}]}}