{"id":1458,"date":"2020-02-08T06:49:19","date_gmt":"2020-02-08T06:49:19","guid":{"rendered":"http:\/\/lichri.radeln-in-den-sonnenaufgang.de\/?p=1458"},"modified":"2020-02-13T07:24:02","modified_gmt":"2020-02-13T07:24:02","slug":"malaysia","status":"publish","type":"post","link":"http:\/\/lichri.radeln-in-den-sonnenaufgang.de\/?p=1458","title":{"rendered":"Malaysia"},"content":{"rendered":"\n<p>Unser kurzer Trip durchs Land &#8211; 12.01.2020-19.01.2020 <\/p>\n\n\n\n<p>(Jetzt mit Fotos &#8211; Danke, Daniel, f\u00fcr den Hinweis!)<\/p>\n\n\n\n<figure class=\"wp-block-image size-large\"><img decoding=\"async\" loading=\"lazy\" width=\"1296\" height=\"864\" src=\"http:\/\/lichri.radeln-in-den-sonnenaufgang.de\/wp-content\/uploads\/2020\/02\/IMG_3268_compress84-1.jpg\" alt=\"\" class=\"wp-image-1476\" srcset=\"http:\/\/lichri.radeln-in-den-sonnenaufgang.de\/wp-content\/uploads\/2020\/02\/IMG_3268_compress84-1.jpg 1296w, http:\/\/lichri.radeln-in-den-sonnenaufgang.de\/wp-content\/uploads\/2020\/02\/IMG_3268_compress84-1-300x200.jpg 300w, http:\/\/lichri.radeln-in-den-sonnenaufgang.de\/wp-content\/uploads\/2020\/02\/IMG_3268_compress84-1-1024x683.jpg 1024w, http:\/\/lichri.radeln-in-den-sonnenaufgang.de\/wp-content\/uploads\/2020\/02\/IMG_3268_compress84-1-768x512.jpg 768w\" sizes=\"(max-width: 767px) 89vw, (max-width: 1000px) 54vw, (max-width: 1071px) 543px, 580px\" \/><figcaption>Welcome to Malaysia<\/figcaption><\/figure>\n\n\n\n<p>Was sich in Thailand schon anbahnte, je n\u00e4her wir zur malaysischen Grenze fuhren, wurde hier nun Wirklichkeit: Wir waren im ersten muslimisch gepr\u00e4gten Land unserer Reise gelandet. So trugen die Frauen haupts\u00e4chlich Kopftuch und wir fuhren an einer Moschee nach der anderen vorbei. Die Menschen l\u00e4chelten immer noch sehr freundlich, aber &#8211; vielleicht war&#8217;s auch nur Einbildung &#8211; irgendwie kam es Lisa so vor, als w\u00fcrde sie auch etwas skeptisch be\u00e4ugt (vielleicht die kurzen Hosen?).Wir waren jedenfalls sehr gespannt darauf Land und Leute besser kennen zu lernen.<\/p>\n\n\n\n<p>Die erste Nacht in Malaysia, dort im Perlis Nationalparkzentrum, war \u2013 abgesehen von den unterschiedlichsten Tierger\u00e4uschen, die wir best\u00e4ndig vernahmen \u2013 sehr angenehm. Erholt setzten wir uns auf unsere R\u00e4der und sausten los. Doch nur wenig sp\u00e4ter strampelten wir dann nur noch gegen die steilen und sehr steilen Serpentinen an, die der \u201ePass\u201c noch zu bieten hatte. Oben angekommen \u2013 und bereits v\u00f6llig verschwitzt und am Hecheln \u2013 fanden wir dann den Platz, den wir bei iOverlander (\u00dcberland-Reise-App) gefunden hatten und wo wir eigentlich \u00fcbernachten wollten. Die Aussicht war bombig, doch eine Dusche h\u00e4tten wir hier nicht gehabt. Und die h\u00e4tten wir bitter n\u00f6tig, nach der letzten Kletterpartie!<\/p>\n\n\n\n<figure class=\"is-layout-flex wp-block-gallery-1 wp-block-gallery columns-1 is-cropped\"><ul class=\"blocks-gallery-grid\"><li class=\"blocks-gallery-item\"><figure><img decoding=\"async\" loading=\"lazy\" width=\"683\" height=\"1024\" src=\"http:\/\/lichri.radeln-in-den-sonnenaufgang.de\/wp-content\/uploads\/2020\/02\/IMG_3285_compress28-e1581573122836-683x1024.jpg\" alt=\"\" data-id=\"1513\" data-full-url=\"http:\/\/lichri.radeln-in-den-sonnenaufgang.de\/wp-content\/uploads\/2020\/02\/IMG_3285_compress28-e1581573122836.jpg\" data-link=\"http:\/\/lichri.radeln-in-den-sonnenaufgang.de\/?attachment_id=1513\" class=\"wp-image-1513\" srcset=\"http:\/\/lichri.radeln-in-den-sonnenaufgang.de\/wp-content\/uploads\/2020\/02\/IMG_3285_compress28-e1581573122836-683x1024.jpg 683w, http:\/\/lichri.radeln-in-den-sonnenaufgang.de\/wp-content\/uploads\/2020\/02\/IMG_3285_compress28-e1581573122836-200x300.jpg 200w, http:\/\/lichri.radeln-in-den-sonnenaufgang.de\/wp-content\/uploads\/2020\/02\/IMG_3285_compress28-e1581573122836-768x1152.jpg 768w, http:\/\/lichri.radeln-in-den-sonnenaufgang.de\/wp-content\/uploads\/2020\/02\/IMG_3285_compress28-e1581573122836.jpg 864w\" sizes=\"(max-width: 683px) 100vw, 683px\" \/><\/figure><\/li><li class=\"blocks-gallery-item\"><figure><img decoding=\"async\" loading=\"lazy\" width=\"1024\" height=\"683\" src=\"http:\/\/lichri.radeln-in-den-sonnenaufgang.de\/wp-content\/uploads\/2020\/02\/IMG_3292_compress74-1024x683.jpg\" alt=\"\" data-id=\"1509\" data-full-url=\"http:\/\/lichri.radeln-in-den-sonnenaufgang.de\/wp-content\/uploads\/2020\/02\/IMG_3292_compress74.jpg\" data-link=\"http:\/\/lichri.radeln-in-den-sonnenaufgang.de\/?attachment_id=1509\" class=\"wp-image-1509\" srcset=\"http:\/\/lichri.radeln-in-den-sonnenaufgang.de\/wp-content\/uploads\/2020\/02\/IMG_3292_compress74-1024x683.jpg 1024w, http:\/\/lichri.radeln-in-den-sonnenaufgang.de\/wp-content\/uploads\/2020\/02\/IMG_3292_compress74-300x200.jpg 300w, http:\/\/lichri.radeln-in-den-sonnenaufgang.de\/wp-content\/uploads\/2020\/02\/IMG_3292_compress74-768x512.jpg 768w, http:\/\/lichri.radeln-in-den-sonnenaufgang.de\/wp-content\/uploads\/2020\/02\/IMG_3292_compress74.jpg 1296w\" sizes=\"(max-width: 767px) 89vw, (max-width: 1000px) 54vw, (max-width: 1071px) 543px, 580px\" \/><\/figure><\/li><li class=\"blocks-gallery-item\"><figure><img decoding=\"async\" loading=\"lazy\" width=\"1024\" height=\"683\" src=\"http:\/\/lichri.radeln-in-den-sonnenaufgang.de\/wp-content\/uploads\/2020\/02\/IMG_3304_compress0-1024x683.jpg\" alt=\"\" data-id=\"1510\" data-full-url=\"http:\/\/lichri.radeln-in-den-sonnenaufgang.de\/wp-content\/uploads\/2020\/02\/IMG_3304_compress0.jpg\" data-link=\"http:\/\/lichri.radeln-in-den-sonnenaufgang.de\/?attachment_id=1510\" class=\"wp-image-1510\" srcset=\"http:\/\/lichri.radeln-in-den-sonnenaufgang.de\/wp-content\/uploads\/2020\/02\/IMG_3304_compress0-1024x683.jpg 1024w, http:\/\/lichri.radeln-in-den-sonnenaufgang.de\/wp-content\/uploads\/2020\/02\/IMG_3304_compress0-300x200.jpg 300w, http:\/\/lichri.radeln-in-den-sonnenaufgang.de\/wp-content\/uploads\/2020\/02\/IMG_3304_compress0-768x512.jpg 768w, http:\/\/lichri.radeln-in-den-sonnenaufgang.de\/wp-content\/uploads\/2020\/02\/IMG_3304_compress0.jpg 1296w\" sizes=\"(max-width: 767px) 89vw, (max-width: 1000px) 54vw, (max-width: 1071px) 543px, 580px\" \/><\/figure><\/li><li class=\"blocks-gallery-item\"><figure><img decoding=\"async\" loading=\"lazy\" width=\"1024\" height=\"683\" src=\"http:\/\/lichri.radeln-in-den-sonnenaufgang.de\/wp-content\/uploads\/2020\/02\/IMG_3273_compress83-1024x683.jpg\" alt=\"\" data-id=\"1511\" data-full-url=\"http:\/\/lichri.radeln-in-den-sonnenaufgang.de\/wp-content\/uploads\/2020\/02\/IMG_3273_compress83.jpg\" data-link=\"http:\/\/lichri.radeln-in-den-sonnenaufgang.de\/?attachment_id=1511\" class=\"wp-image-1511\" srcset=\"http:\/\/lichri.radeln-in-den-sonnenaufgang.de\/wp-content\/uploads\/2020\/02\/IMG_3273_compress83-1024x683.jpg 1024w, http:\/\/lichri.radeln-in-den-sonnenaufgang.de\/wp-content\/uploads\/2020\/02\/IMG_3273_compress83-300x200.jpg 300w, http:\/\/lichri.radeln-in-den-sonnenaufgang.de\/wp-content\/uploads\/2020\/02\/IMG_3273_compress83-768x512.jpg 768w, http:\/\/lichri.radeln-in-den-sonnenaufgang.de\/wp-content\/uploads\/2020\/02\/IMG_3273_compress83.jpg 1296w\" sizes=\"(max-width: 767px) 89vw, (max-width: 1000px) 54vw, (max-width: 1071px) 543px, 580px\" \/><\/figure><\/li><\/ul><figcaption class=\"blocks-gallery-caption\">Erste Ein- oder Ausblicke in unser n\u00e4chstes Reiseland<\/figcaption><\/figure>\n\n\n\n<p>Ab hier f\u00fchrten wieder steile, diesmal f\u00fcr uns vorteilhafter geneigte Serpentinen ins Tal hinab und w\u00e4hrend die Bremsen zu gl\u00fchen begannen k\u00fchlte uns der Fahrtwind wieder auf angenehmere Betriebstemperaturen runter. Wir radelten n\u00f6rdlich um den See, der zwischen der Grenze und dem Hafenort Kangar bzw. Kuala Perlis liegt. In Kangar, der gr\u00f6\u00dferen Stadt auf dem Weg, machten wir kurz Rast, besorgten uns \u2013 nach viel Ausprobiererei bei unterschiedlichen ATMs \u2013 Bargeld in einer Bank und setzten uns kurz vor einen Supermarkt. Hier kam Lisa mit einem jungen Malay ins Gespr\u00e4ch, der ebenfalls plant, mit dem Rad zu reisen, und zwar durch Europa. Wir gaben ihm jede Menge Tipps und beantworteten seine Fragen und als Dank besorgte er schlie\u00dflich zwei SIM-Karten f\u00fcr uns. \u201eDas Geld k\u00f6nnt ihr mir ja wiedergeben, wenn ich durch Deutschland komme\u201c, meinte er nur. Sehr s\u00fc\u00df \ud83d\ude42<\/p>\n\n\n\n<p>Schlie\u00dflich kamen wir am fr\u00fchen Nachmittag nach Kuala Perlis an den Hafen \u2013 jedoch nur um festzustellen, dass es nicht m\u00f6glich sei, Fahrr\u00e4der mit an Bord der Passagierf\u00e4hren zu nehmen. Und die einzige Autof\u00e4hre war bereits abgefahren. Die n\u00e4chste w\u00fcrde am morgigen Mittag ablegen. Nach viel Verzweiflung und Hin und Her wegen der doch sehr teuren Unterk\u00fcnfte, lie\u00dfen wir uns doch breitschlagen f\u00fcr zirka 15 Euro ein Zimmer zu nehmen. Im Hotelzimmer dann die n\u00e4chste \u00dcberraschung: andere Steckdosen! Und dabei waren doch alle Akkus bereits wieder leer! Also gingen wir los um einen Adapter zu kaufen. In einem Handyshop, dessen Verk\u00e4uferin sich schnell vermummte, als sie Chris sah, wurde uns ebenfalls recht teuer, ein USB-Ladeger\u00e4t mit drei Ports verkauft. Sollte reichen. Funktionierte leider nicht ganz so gut mit drei Ger\u00e4ten dran. Nun gut. Wir gingen Essen, schliefen \u2013 ein neuer Tag begann.<\/p>\n\n\n\n<p>Am Hafen, wo Chris bereits fr\u00fch morgens ein Ticket besorgte, trafen wir nach dem Fr\u00fchst\u00fcck unsere lieben Niederl\u00e4nderinnen, Eva und Mari, wieder. Gemeinsam machten wir uns auf die F\u00e4hrfahrt zur Paradiesinsel Langkawi, einer Insel, von der wir ohne die beiden gar nichts gewusst h\u00e4tten, die uns aber dann doch sehr gelegen kam. Nach einer langen Bootsfahrt, w\u00e4hrend der im klimatisierten Passagierraum ein Horrorstreifen lief, weshalb wir die Fernseher alle ausschalteten, kamen wir auf der Insel an. Zwar an einem ganz anderen Hafen als erwartet, aber gut \u2013 das bekamen wir auch noch hin. Wiedervereint radelten wir erstmal zum n\u00e4chsten Restaurant, bevor uns unser Weg zum Norden der Insel quer durch deren Inneres f\u00fchrte.<\/p>\n\n\n\n<figure class=\"is-layout-flex wp-block-gallery-3 wp-block-gallery columns-1 is-cropped\"><ul class=\"blocks-gallery-grid\"><li class=\"blocks-gallery-item\"><figure><img decoding=\"async\" loading=\"lazy\" width=\"1024\" height=\"683\" src=\"http:\/\/lichri.radeln-in-den-sonnenaufgang.de\/wp-content\/uploads\/2020\/02\/IMG_3318_compress11-1024x683.jpg\" alt=\"\" data-id=\"1515\" data-full-url=\"http:\/\/lichri.radeln-in-den-sonnenaufgang.de\/wp-content\/uploads\/2020\/02\/IMG_3318_compress11.jpg\" data-link=\"http:\/\/lichri.radeln-in-den-sonnenaufgang.de\/?attachment_id=1515\" class=\"wp-image-1515\" srcset=\"http:\/\/lichri.radeln-in-den-sonnenaufgang.de\/wp-content\/uploads\/2020\/02\/IMG_3318_compress11-1024x683.jpg 1024w, http:\/\/lichri.radeln-in-den-sonnenaufgang.de\/wp-content\/uploads\/2020\/02\/IMG_3318_compress11-300x200.jpg 300w, http:\/\/lichri.radeln-in-den-sonnenaufgang.de\/wp-content\/uploads\/2020\/02\/IMG_3318_compress11-768x512.jpg 768w, http:\/\/lichri.radeln-in-den-sonnenaufgang.de\/wp-content\/uploads\/2020\/02\/IMG_3318_compress11.jpg 1296w\" sizes=\"(max-width: 767px) 89vw, (max-width: 1000px) 54vw, (max-width: 1071px) 543px, 580px\" \/><\/figure><\/li><li class=\"blocks-gallery-item\"><figure><img decoding=\"async\" loading=\"lazy\" width=\"1024\" height=\"683\" src=\"http:\/\/lichri.radeln-in-den-sonnenaufgang.de\/wp-content\/uploads\/2020\/02\/IMG_3330_compress48-1024x683.jpg\" alt=\"\" data-id=\"1514\" data-full-url=\"http:\/\/lichri.radeln-in-den-sonnenaufgang.de\/wp-content\/uploads\/2020\/02\/IMG_3330_compress48.jpg\" data-link=\"http:\/\/lichri.radeln-in-den-sonnenaufgang.de\/?attachment_id=1514\" class=\"wp-image-1514\" srcset=\"http:\/\/lichri.radeln-in-den-sonnenaufgang.de\/wp-content\/uploads\/2020\/02\/IMG_3330_compress48-1024x683.jpg 1024w, http:\/\/lichri.radeln-in-den-sonnenaufgang.de\/wp-content\/uploads\/2020\/02\/IMG_3330_compress48-300x200.jpg 300w, http:\/\/lichri.radeln-in-den-sonnenaufgang.de\/wp-content\/uploads\/2020\/02\/IMG_3330_compress48-768x512.jpg 768w, http:\/\/lichri.radeln-in-den-sonnenaufgang.de\/wp-content\/uploads\/2020\/02\/IMG_3330_compress48.jpg 1296w\" sizes=\"(max-width: 767px) 89vw, (max-width: 1000px) 54vw, (max-width: 1071px) 543px, 580px\" \/><\/figure><\/li><\/ul><figcaption class=\"blocks-gallery-caption\">Boots-Sichten<\/figcaption><\/figure>\n\n\n\n<div class=\"wp-block-image\"><figure class=\"aligncenter size-large\"><img decoding=\"async\" loading=\"lazy\" width=\"1024\" height=\"768\" src=\"http:\/\/lichri.radeln-in-den-sonnenaufgang.de\/wp-content\/uploads\/2020\/02\/20200131_23_09_0110-1024x768.jpg\" alt=\"\" class=\"wp-image-1537\" srcset=\"http:\/\/lichri.radeln-in-den-sonnenaufgang.de\/wp-content\/uploads\/2020\/02\/20200131_23_09_0110-1024x768.jpg 1024w, http:\/\/lichri.radeln-in-den-sonnenaufgang.de\/wp-content\/uploads\/2020\/02\/20200131_23_09_0110-300x225.jpg 300w, http:\/\/lichri.radeln-in-den-sonnenaufgang.de\/wp-content\/uploads\/2020\/02\/20200131_23_09_0110-768x576.jpg 768w, http:\/\/lichri.radeln-in-den-sonnenaufgang.de\/wp-content\/uploads\/2020\/02\/20200131_23_09_0110.jpg 1312w\" sizes=\"(max-width: 767px) 89vw, (max-width: 1000px) 54vw, (max-width: 1071px) 543px, 580px\" \/><figcaption>Im Inselinneren<\/figcaption><\/figure><\/div>\n\n\n\n<p>Auf der Fahrt zwischen Moscheen, Reisfeldern, Wassergr\u00e4ben mit Varanen und anderen Restaurants musste Chris dann noch feststellen, dass \u2013 was immer er da im Restaurant verputzt hatte \u2013 ihm nicht allzu gut bekam. Doch mit einer Cola als Ersatz im Magen kamen wir dann doch noch an. Am Tanjung Puteri Motel schlugen wir unsere Zelte am Strand auf.<br>Bereits am n\u00e4chsten Tag verabschiedeten wir uns schon wieder von Eva und Mari, da Mari f\u00fcr ihre Liebe zum Geburtstag ein Ressort gebucht hatte. Wir hingegen blieben noch zwei Tage hier, genossen den Strand, das blaue Wasser, die Sonne, die Palmen, die Eiskaffees und Sonnenunterg\u00e4nge.<\/p>\n\n\n\n<figure class=\"is-layout-flex wp-block-gallery-5 wp-block-gallery columns-1 is-cropped\"><ul class=\"blocks-gallery-grid\"><li class=\"blocks-gallery-item\"><figure><img decoding=\"async\" loading=\"lazy\" width=\"683\" height=\"1024\" src=\"http:\/\/lichri.radeln-in-den-sonnenaufgang.de\/wp-content\/uploads\/2020\/02\/IMG_3444_compress57-e1581574843141-683x1024.jpg\" alt=\"\" data-id=\"1517\" data-full-url=\"http:\/\/lichri.radeln-in-den-sonnenaufgang.de\/wp-content\/uploads\/2020\/02\/IMG_3444_compress57-e1581574843141.jpg\" data-link=\"http:\/\/lichri.radeln-in-den-sonnenaufgang.de\/?attachment_id=1517\" class=\"wp-image-1517\" srcset=\"http:\/\/lichri.radeln-in-den-sonnenaufgang.de\/wp-content\/uploads\/2020\/02\/IMG_3444_compress57-e1581574843141-683x1024.jpg 683w, http:\/\/lichri.radeln-in-den-sonnenaufgang.de\/wp-content\/uploads\/2020\/02\/IMG_3444_compress57-e1581574843141-200x300.jpg 200w, http:\/\/lichri.radeln-in-den-sonnenaufgang.de\/wp-content\/uploads\/2020\/02\/IMG_3444_compress57-e1581574843141-768x1152.jpg 768w, http:\/\/lichri.radeln-in-den-sonnenaufgang.de\/wp-content\/uploads\/2020\/02\/IMG_3444_compress57-e1581574843141.jpg 864w\" sizes=\"(max-width: 683px) 100vw, 683px\" \/><\/figure><\/li><li class=\"blocks-gallery-item\"><figure><img decoding=\"async\" loading=\"lazy\" width=\"1024\" height=\"683\" src=\"http:\/\/lichri.radeln-in-den-sonnenaufgang.de\/wp-content\/uploads\/2020\/02\/IMG_3421_compress39-1024x683.jpg\" alt=\"\" data-id=\"1518\" data-full-url=\"http:\/\/lichri.radeln-in-den-sonnenaufgang.de\/wp-content\/uploads\/2020\/02\/IMG_3421_compress39.jpg\" data-link=\"http:\/\/lichri.radeln-in-den-sonnenaufgang.de\/?attachment_id=1518\" class=\"wp-image-1518\" srcset=\"http:\/\/lichri.radeln-in-den-sonnenaufgang.de\/wp-content\/uploads\/2020\/02\/IMG_3421_compress39-1024x683.jpg 1024w, http:\/\/lichri.radeln-in-den-sonnenaufgang.de\/wp-content\/uploads\/2020\/02\/IMG_3421_compress39-300x200.jpg 300w, http:\/\/lichri.radeln-in-den-sonnenaufgang.de\/wp-content\/uploads\/2020\/02\/IMG_3421_compress39-768x512.jpg 768w, http:\/\/lichri.radeln-in-den-sonnenaufgang.de\/wp-content\/uploads\/2020\/02\/IMG_3421_compress39.jpg 1296w\" sizes=\"(max-width: 767px) 89vw, (max-width: 1000px) 54vw, (max-width: 1071px) 543px, 580px\" \/><\/figure><\/li><li class=\"blocks-gallery-item\"><figure><img decoding=\"async\" loading=\"lazy\" width=\"1024\" height=\"768\" src=\"http:\/\/lichri.radeln-in-den-sonnenaufgang.de\/wp-content\/uploads\/2020\/02\/20200131_23_09_019-1024x768.jpg\" alt=\"\" data-id=\"1536\" data-full-url=\"http:\/\/lichri.radeln-in-den-sonnenaufgang.de\/wp-content\/uploads\/2020\/02\/20200131_23_09_019.jpg\" data-link=\"http:\/\/lichri.radeln-in-den-sonnenaufgang.de\/?attachment_id=1536\" class=\"wp-image-1536\" srcset=\"http:\/\/lichri.radeln-in-den-sonnenaufgang.de\/wp-content\/uploads\/2020\/02\/20200131_23_09_019-1024x768.jpg 1024w, http:\/\/lichri.radeln-in-den-sonnenaufgang.de\/wp-content\/uploads\/2020\/02\/20200131_23_09_019-300x225.jpg 300w, http:\/\/lichri.radeln-in-den-sonnenaufgang.de\/wp-content\/uploads\/2020\/02\/20200131_23_09_019-768x576.jpg 768w, http:\/\/lichri.radeln-in-den-sonnenaufgang.de\/wp-content\/uploads\/2020\/02\/20200131_23_09_019.jpg 1312w\" sizes=\"(max-width: 767px) 89vw, (max-width: 1000px) 54vw, (max-width: 1071px) 543px, 580px\" \/><\/figure><\/li><li class=\"blocks-gallery-item\"><figure><img decoding=\"async\" loading=\"lazy\" width=\"1024\" height=\"683\" src=\"http:\/\/lichri.radeln-in-den-sonnenaufgang.de\/wp-content\/uploads\/2020\/02\/IMG_3469_compress59-1024x683.jpg\" alt=\"\" data-id=\"1521\" data-full-url=\"http:\/\/lichri.radeln-in-den-sonnenaufgang.de\/wp-content\/uploads\/2020\/02\/IMG_3469_compress59.jpg\" data-link=\"http:\/\/lichri.radeln-in-den-sonnenaufgang.de\/?attachment_id=1521\" class=\"wp-image-1521\" srcset=\"http:\/\/lichri.radeln-in-den-sonnenaufgang.de\/wp-content\/uploads\/2020\/02\/IMG_3469_compress59-1024x683.jpg 1024w, http:\/\/lichri.radeln-in-den-sonnenaufgang.de\/wp-content\/uploads\/2020\/02\/IMG_3469_compress59-300x200.jpg 300w, http:\/\/lichri.radeln-in-den-sonnenaufgang.de\/wp-content\/uploads\/2020\/02\/IMG_3469_compress59-768x512.jpg 768w, http:\/\/lichri.radeln-in-den-sonnenaufgang.de\/wp-content\/uploads\/2020\/02\/IMG_3469_compress59.jpg 1296w\" sizes=\"(max-width: 767px) 89vw, (max-width: 1000px) 54vw, (max-width: 1071px) 543px, 580px\" \/><\/figure><\/li><li class=\"blocks-gallery-item\"><figure><img decoding=\"async\" loading=\"lazy\" width=\"683\" height=\"1024\" src=\"http:\/\/lichri.radeln-in-den-sonnenaufgang.de\/wp-content\/uploads\/2020\/02\/IMG_3517_compress73-e1581574873130-683x1024.jpg\" alt=\"\" data-id=\"1520\" data-full-url=\"http:\/\/lichri.radeln-in-den-sonnenaufgang.de\/wp-content\/uploads\/2020\/02\/IMG_3517_compress73-e1581574873130.jpg\" data-link=\"http:\/\/lichri.radeln-in-den-sonnenaufgang.de\/?attachment_id=1520\" class=\"wp-image-1520\" srcset=\"http:\/\/lichri.radeln-in-den-sonnenaufgang.de\/wp-content\/uploads\/2020\/02\/IMG_3517_compress73-e1581574873130-683x1024.jpg 683w, http:\/\/lichri.radeln-in-den-sonnenaufgang.de\/wp-content\/uploads\/2020\/02\/IMG_3517_compress73-e1581574873130-200x300.jpg 200w, http:\/\/lichri.radeln-in-den-sonnenaufgang.de\/wp-content\/uploads\/2020\/02\/IMG_3517_compress73-e1581574873130-768x1152.jpg 768w, http:\/\/lichri.radeln-in-den-sonnenaufgang.de\/wp-content\/uploads\/2020\/02\/IMG_3517_compress73-e1581574873130.jpg 864w\" sizes=\"(max-width: 683px) 100vw, 683px\" \/><\/figure><\/li><li class=\"blocks-gallery-item\"><figure><img decoding=\"async\" loading=\"lazy\" width=\"1024\" height=\"683\" src=\"http:\/\/lichri.radeln-in-den-sonnenaufgang.de\/wp-content\/uploads\/2020\/02\/IMG_3453_compress70-1024x683.jpg\" alt=\"\" data-id=\"1522\" data-full-url=\"http:\/\/lichri.radeln-in-den-sonnenaufgang.de\/wp-content\/uploads\/2020\/02\/IMG_3453_compress70.jpg\" data-link=\"http:\/\/lichri.radeln-in-den-sonnenaufgang.de\/?attachment_id=1522\" class=\"wp-image-1522\" srcset=\"http:\/\/lichri.radeln-in-den-sonnenaufgang.de\/wp-content\/uploads\/2020\/02\/IMG_3453_compress70-1024x683.jpg 1024w, http:\/\/lichri.radeln-in-den-sonnenaufgang.de\/wp-content\/uploads\/2020\/02\/IMG_3453_compress70-300x200.jpg 300w, http:\/\/lichri.radeln-in-den-sonnenaufgang.de\/wp-content\/uploads\/2020\/02\/IMG_3453_compress70-768x512.jpg 768w, http:\/\/lichri.radeln-in-den-sonnenaufgang.de\/wp-content\/uploads\/2020\/02\/IMG_3453_compress70.jpg 1296w\" sizes=\"(max-width: 767px) 89vw, (max-width: 1000px) 54vw, (max-width: 1071px) 543px, 580px\" \/><\/figure><\/li><li class=\"blocks-gallery-item\"><figure><img decoding=\"async\" loading=\"lazy\" width=\"683\" height=\"1024\" src=\"http:\/\/lichri.radeln-in-den-sonnenaufgang.de\/wp-content\/uploads\/2020\/02\/IMG_3459_compress39-e1581574920336-683x1024.jpg\" alt=\"\" data-id=\"1523\" data-full-url=\"http:\/\/lichri.radeln-in-den-sonnenaufgang.de\/wp-content\/uploads\/2020\/02\/IMG_3459_compress39-e1581574920336.jpg\" data-link=\"http:\/\/lichri.radeln-in-den-sonnenaufgang.de\/?attachment_id=1523\" class=\"wp-image-1523\" srcset=\"http:\/\/lichri.radeln-in-den-sonnenaufgang.de\/wp-content\/uploads\/2020\/02\/IMG_3459_compress39-e1581574920336-683x1024.jpg 683w, http:\/\/lichri.radeln-in-den-sonnenaufgang.de\/wp-content\/uploads\/2020\/02\/IMG_3459_compress39-e1581574920336-200x300.jpg 200w, http:\/\/lichri.radeln-in-den-sonnenaufgang.de\/wp-content\/uploads\/2020\/02\/IMG_3459_compress39-e1581574920336-768x1152.jpg 768w, http:\/\/lichri.radeln-in-den-sonnenaufgang.de\/wp-content\/uploads\/2020\/02\/IMG_3459_compress39-e1581574920336.jpg 864w\" sizes=\"(max-width: 683px) 100vw, 683px\" \/><\/figure><\/li><li class=\"blocks-gallery-item\"><figure><img decoding=\"async\" loading=\"lazy\" width=\"1024\" height=\"683\" src=\"http:\/\/lichri.radeln-in-den-sonnenaufgang.de\/wp-content\/uploads\/2020\/02\/IMG_3488_compress26-1024x683.jpg\" alt=\"\" data-id=\"1524\" data-full-url=\"http:\/\/lichri.radeln-in-den-sonnenaufgang.de\/wp-content\/uploads\/2020\/02\/IMG_3488_compress26.jpg\" data-link=\"http:\/\/lichri.radeln-in-den-sonnenaufgang.de\/?attachment_id=1524\" class=\"wp-image-1524\" srcset=\"http:\/\/lichri.radeln-in-den-sonnenaufgang.de\/wp-content\/uploads\/2020\/02\/IMG_3488_compress26-1024x683.jpg 1024w, http:\/\/lichri.radeln-in-den-sonnenaufgang.de\/wp-content\/uploads\/2020\/02\/IMG_3488_compress26-300x200.jpg 300w, http:\/\/lichri.radeln-in-den-sonnenaufgang.de\/wp-content\/uploads\/2020\/02\/IMG_3488_compress26-768x512.jpg 768w, http:\/\/lichri.radeln-in-den-sonnenaufgang.de\/wp-content\/uploads\/2020\/02\/IMG_3488_compress26.jpg 1296w\" sizes=\"(max-width: 767px) 89vw, (max-width: 1000px) 54vw, (max-width: 1071px) 543px, 580px\" \/><\/figure><\/li><\/ul><\/figure>\n\n\n\n<p>Am zweiten Tag hier machten wir dann auch einige Bekanntschaften. Eine eher unsch\u00f6ne mit einer Zecke an Lisas Seite (wer h\u00e4tte gedacht, dass es die hier gibt?!) und eine sch\u00f6nere mit einer Truppe malaysischen Senioren, die hier im Tanjung Puteri mehrere N\u00e4chte bleiben w\u00fcrden, die Insel erkundeten und Bootstrips unternahmen \u2013 als Klassentreffen. Als wir uns in der K\u00fcche der Unterkunft trafen, die wir ebenfalls nutzen durften, fragten sie uns aus, lernten uns und unsere Reise kennen und luden uns kurzerhand zum Essen ein, dass sie f\u00fcr den Abend bestellt hatten. Und so sa\u00dfen wir am Abend zwischen Frauen und M\u00e4nnern in ihren 60ern, die uns die verschiedenen Speisen vorstellten und pr\u00e4chtig Englisch sprachen. Ein Relikt aus alten Zeiten, sozusagen, denn wir erfuhren, dass Englisch fr\u00fcher aufgrund der Kolonialgeschichte und der westlichen Orientierung weit verbreitet war, seit einigen Jahrzehnten jedoch das Land eine Umorientierung hin zur muslimischen Welt vollzog und die Jungen heute kaum noch Englisch und stattdessen Arabisch in den muslimischen Schulen lernten. Sehr zum Bedauern f\u00fcr westliche Touristen, aber auch die Senioren, von denen die meisten im Ausland gelebt und studiert hatten, waren davon nicht begeistert.<\/p>\n\n\n\n<p>Also genossen wir das Privileg uns mit diesen gebildeten Malaysiern \u00fcber ihr Land zu unterhalten und schlie\u00dflich hatten wir nicht nur ein gutes Essen und Spa\u00df, sondern auch noch Nummern die wir anrufen k\u00f6nnten und eine Ferienwohnung an der Ostk\u00fcste, die wir gerne bewohnen d\u00fcrften.<\/p>\n\n\n\n<figure class=\"wp-block-image size-large\"><img decoding=\"async\" loading=\"lazy\" width=\"1024\" height=\"576\" src=\"http:\/\/lichri.radeln-in-den-sonnenaufgang.de\/wp-content\/uploads\/2020\/02\/20200131_23_09_007-1024x576.jpeg\" alt=\"\" class=\"wp-image-1532\" srcset=\"http:\/\/lichri.radeln-in-den-sonnenaufgang.de\/wp-content\/uploads\/2020\/02\/20200131_23_09_007-1024x576.jpeg 1024w, http:\/\/lichri.radeln-in-den-sonnenaufgang.de\/wp-content\/uploads\/2020\/02\/20200131_23_09_007-300x169.jpeg 300w, http:\/\/lichri.radeln-in-den-sonnenaufgang.de\/wp-content\/uploads\/2020\/02\/20200131_23_09_007-768x432.jpeg 768w, http:\/\/lichri.radeln-in-den-sonnenaufgang.de\/wp-content\/uploads\/2020\/02\/20200131_23_09_007-1536x864.jpeg 1536w, http:\/\/lichri.radeln-in-den-sonnenaufgang.de\/wp-content\/uploads\/2020\/02\/20200131_23_09_007.jpeg 1599w\" sizes=\"(max-width: 767px) 89vw, (max-width: 1000px) 54vw, (max-width: 1071px) 543px, 580px\" \/><figcaption>Klassentreffen gecrasht! \ud83d\ude42 Unterhalten und durchgef\u00fcttert &#8211; so k\u00f6nnte es immer sein!<\/figcaption><\/figure>\n\n\n\n<p>Vorerst w\u00fcrden wir jedoch nicht an die Ostk\u00fcste fahren, sondern \u00fcber Kuah, wo wir noch einen letzten sch\u00f6nen Abend mit Eva und Mari und einem Haufen indischer Roti (Teigfladen) verbrachten. Von hier aus w\u00fcrden wir nach Penang und weiter nach S\u00fcden fahren, um uns in Indonesien mit unserem Freund Fabian zu treffen, seiner (inzwischen) Verlobten und seiner Schwester, die hier heiraten w\u00fcrde. <\/p>\n\n\n\n<figure class=\"wp-block-image size-large\"><img decoding=\"async\" loading=\"lazy\" width=\"1280\" height=\"720\" src=\"http:\/\/lichri.radeln-in-den-sonnenaufgang.de\/wp-content\/uploads\/2020\/02\/IMG_20200115_232329_781.jpg\" alt=\"\" class=\"wp-image-1506\" srcset=\"http:\/\/lichri.radeln-in-den-sonnenaufgang.de\/wp-content\/uploads\/2020\/02\/IMG_20200115_232329_781.jpg 1280w, http:\/\/lichri.radeln-in-den-sonnenaufgang.de\/wp-content\/uploads\/2020\/02\/IMG_20200115_232329_781-300x169.jpg 300w, http:\/\/lichri.radeln-in-den-sonnenaufgang.de\/wp-content\/uploads\/2020\/02\/IMG_20200115_232329_781-1024x576.jpg 1024w, http:\/\/lichri.radeln-in-den-sonnenaufgang.de\/wp-content\/uploads\/2020\/02\/IMG_20200115_232329_781-768x432.jpg 768w\" sizes=\"(max-width: 767px) 89vw, (max-width: 1000px) 54vw, (max-width: 1071px) 543px, 580px\" \/><figcaption>Abschied Nummer 2: Eine letzte Runde Dog mit unseren niederl\u00e4ndischen Freundinnen<\/figcaption><\/figure>\n\n\n\n<p>Da wir Zeitdruck versp\u00fcrten, entschieden wir uns f\u00fcr das Schnellboot nach George Town. Wir sahen gerade mal etwas von den chinesischen Stelzensiedlungen s\u00fcdlich der Piers, bevor die Stadt von der Nacht verschluckt wurde. F\u00fcr uns hingegen war der Tag noch nicht zu Ende. Noch 40km durch die Stadt und um die halbe Insel fuhren wir, um zum Titi Teras Village House zu kommen, wo uns der Besitzer bzw. Verwalter \u00fcber Warmshowers einlud. Schlie\u00dflich durften wir hier zwei N\u00e4chte umsonst ein ganzes kleines Guesthouse bewohnen, das uns unser vertrauensvoller Host Adrian, den wir bis heute nicht zu Gesicht bekamen, zur Verf\u00fcgung stellte. Das Guesthouse hatten wir f\u00fcr uns alleine und wir f\u00fchlten uns wie zuhause. Au\u00dferdem konnten wir unsere R\u00e4der hier lassen, w\u00e4hrend wir f\u00fcr unseren Indonesien-Trip mit Bus, F\u00e4hre und Zug unterwegs sein w\u00fcrden.<\/p>\n\n\n\n<figure class=\"wp-block-image\"><img decoding=\"async\" loading=\"lazy\" width=\"656\" height=\"492\" src=\"http:\/\/lichri.radeln-in-den-sonnenaufgang.de\/wp-content\/uploads\/2020\/02\/IMG_20200208_142812_540.jpg\" alt=\"\" class=\"wp-image-1533\" srcset=\"http:\/\/lichri.radeln-in-den-sonnenaufgang.de\/wp-content\/uploads\/2020\/02\/IMG_20200208_142812_540.jpg 656w, http:\/\/lichri.radeln-in-den-sonnenaufgang.de\/wp-content\/uploads\/2020\/02\/IMG_20200208_142812_540-300x225.jpg 300w\" sizes=\"(max-width: 656px) 100vw, 656px\" \/><figcaption>Street-Art in Balik Pulau<\/figcaption><\/figure>\n\n\n\n<figure class=\"is-layout-flex wp-block-gallery-7 wp-block-gallery columns-2 is-cropped\"><ul class=\"blocks-gallery-grid\"><li class=\"blocks-gallery-item\"><figure><img decoding=\"async\" loading=\"lazy\" width=\"246\" height=\"328\" src=\"http:\/\/lichri.radeln-in-den-sonnenaufgang.de\/wp-content\/uploads\/2020\/02\/20200131_22_53_58376-e1581577867655.jpg\" alt=\"\" data-id=\"1540\" data-full-url=\"http:\/\/lichri.radeln-in-den-sonnenaufgang.de\/wp-content\/uploads\/2020\/02\/20200131_22_53_58376-e1581577867655.jpg\" data-link=\"http:\/\/lichri.radeln-in-den-sonnenaufgang.de\/?attachment_id=1540\" class=\"wp-image-1540\" srcset=\"http:\/\/lichri.radeln-in-den-sonnenaufgang.de\/wp-content\/uploads\/2020\/02\/20200131_22_53_58376-e1581577867655.jpg 246w, http:\/\/lichri.radeln-in-den-sonnenaufgang.de\/wp-content\/uploads\/2020\/02\/20200131_22_53_58376-e1581577867655-225x300.jpg 225w\" sizes=\"(max-width: 246px) 100vw, 246px\" \/><\/figure><\/li><li class=\"blocks-gallery-item\"><figure><img decoding=\"async\" loading=\"lazy\" width=\"328\" height=\"246\" src=\"http:\/\/lichri.radeln-in-den-sonnenaufgang.de\/wp-content\/uploads\/2020\/02\/20200131_22_53_58374.jpg\" alt=\"\" data-id=\"1539\" data-full-url=\"http:\/\/lichri.radeln-in-den-sonnenaufgang.de\/wp-content\/uploads\/2020\/02\/20200131_22_53_58374.jpg\" data-link=\"http:\/\/lichri.radeln-in-den-sonnenaufgang.de\/?attachment_id=1539\" class=\"wp-image-1539\" srcset=\"http:\/\/lichri.radeln-in-den-sonnenaufgang.de\/wp-content\/uploads\/2020\/02\/20200131_22_53_58374.jpg 328w, http:\/\/lichri.radeln-in-den-sonnenaufgang.de\/wp-content\/uploads\/2020\/02\/20200131_22_53_58374-300x225.jpg 300w\" sizes=\"(max-width: 328px) 100vw, 328px\" \/><\/figure><\/li><\/ul><figcaption class=\"blocks-gallery-caption\">Busfahrten in George Town beginnen schon beim Warten auf den Bus \ud83d\ude09 Sogar mit Anzeigetafel! (Entschuldigt die schlechte Bildqualit\u00e4t, mir (Chris) sind die Bilder in Originalqualit\u00e4t leider durch einen korrumpierten Speicherstick abhanden gekommen&#8230; \ud83d\ude09 Shit Happens!<\/figcaption><\/figure>\n\n\n\n<p>Nach einem Tag ausschlafen, umpacken und einen billigen Rucksack in George Town kaufen, brachen wir schlie\u00dflich mit gepackten Rucks\u00e4cken auf. Es war seltsam, die Fahrr\u00e4der zur\u00fcck zu lassen. Es f\u00fchlte sich an, wie einen guten Freund oder Familie zu verlassen. F\u00fcr Chris au\u00dferdem, wie ein Bein zu verlieren \u2013 schlie\u00dflich wussten wir pl\u00f6tzlich nicht, wie wir von A nach B kamen. Also liefen wir die 3 Kilometer zum Busbahnhof, nahmen einen endlos langsamen Bummelbus und kamen somit vermutlich sp\u00e4ter an der F\u00e4hre zum Festland an, als wir es mit den Fahrr\u00e4dern getan h\u00e4tten. Am Bahnhof erfuhren wir, dass die Z\u00fcge weitgehend ausgebucht seien, weshalb wir schlie\u00dflich einen Bus buchten, der uns \u00fcber Nacht nach Singapur fahren w\u00fcrde. Und so verbrachten wir einen halben Tag in einem Bahnhofsrestaurant, was uns half \u00fcber die erste Aufregung ohne Rad unterwegs zu sein, hinweg zu kommen.<\/p>\n\n\n\n<figure class=\"wp-block-image size-large\"><img decoding=\"async\" loading=\"lazy\" width=\"1024\" height=\"683\" src=\"http:\/\/lichri.radeln-in-den-sonnenaufgang.de\/wp-content\/uploads\/2020\/02\/IMG_3525_compress68-1024x683.jpg\" alt=\"\" class=\"wp-image-1541\" srcset=\"http:\/\/lichri.radeln-in-den-sonnenaufgang.de\/wp-content\/uploads\/2020\/02\/IMG_3525_compress68-1024x683.jpg 1024w, http:\/\/lichri.radeln-in-den-sonnenaufgang.de\/wp-content\/uploads\/2020\/02\/IMG_3525_compress68-300x200.jpg 300w, http:\/\/lichri.radeln-in-den-sonnenaufgang.de\/wp-content\/uploads\/2020\/02\/IMG_3525_compress68-768x512.jpg 768w, http:\/\/lichri.radeln-in-den-sonnenaufgang.de\/wp-content\/uploads\/2020\/02\/IMG_3525_compress68.jpg 1296w\" sizes=\"(max-width: 767px) 89vw, (max-width: 1000px) 54vw, (max-width: 1071px) 543px, 580px\" \/><figcaption>Butterworth Bahnhof und Busterminal &#8211; Blick von der F\u00e4hre von George Town aufs Festland<\/figcaption><\/figure>\n\n\n\n<p>Die Busfahrt bis zur Grenze nach Singapur war relativ ruhig und sogar halbwegs komfortabel. Und so kam es dass wir Malaysia hier am Grenz\u00fcbergang vor der Stra\u00dfe von Johor (der Seeweg zwischen Festland und Insel) bereits nach etwas mehr als einer Woche wieder verlie\u00dfen (weshalb dieser Blogeintrag auch vergleichsweise kurz geworden ist \ud83d\ude09 ). <\/p>\n","protected":false},"excerpt":{"rendered":"<p>Unser kurzer Trip durchs Land &#8211; 12.01.2020-19.01.2020 (Jetzt mit Fotos &#8211; Danke, Daniel, f\u00fcr den Hinweis!) Was sich in Thailand schon anbahnte, je n\u00e4her wir zur malaysischen Grenze fuhren, wurde hier nun Wirklichkeit: Wir waren im ersten muslimisch gepr\u00e4gten Land unserer Reise gelandet. So trugen die Frauen haupts\u00e4chlich Kopftuch und wir fuhren an einer Moschee &hellip; <\/p>\n<p class=\"link-more\"><a href=\"http:\/\/lichri.radeln-in-den-sonnenaufgang.de\/?p=1458\" class=\"more-link\"><span class=\"screen-reader-text\">\u201eMalaysia\u201c<\/span> weiterlesen<\/a><\/p>\n","protected":false},"author":3,"featured_media":1544,"comment_status":"open","ping_status":"open","sticky":false,"template":"","format":"standard","meta":[],"categories":[1],"tags":[],"_links":{"self":[{"href":"http:\/\/lichri.radeln-in-den-sonnenaufgang.de\/index.php?rest_route=\/wp\/v2\/posts\/1458"}],"collection":[{"href":"http:\/\/lichri.radeln-in-den-sonnenaufgang.de\/index.php?rest_route=\/wp\/v2\/posts"}],"about":[{"href":"http:\/\/lichri.radeln-in-den-sonnenaufgang.de\/index.php?rest_route=\/wp\/v2\/types\/post"}],"author":[{"embeddable":true,"href":"http:\/\/lichri.radeln-in-den-sonnenaufgang.de\/index.php?rest_route=\/wp\/v2\/users\/3"}],"replies":[{"embeddable":true,"href":"http:\/\/lichri.radeln-in-den-sonnenaufgang.de\/index.php?rest_route=%2Fwp%2Fv2%2Fcomments&post=1458"}],"version-history":[{"count":8,"href":"http:\/\/lichri.radeln-in-den-sonnenaufgang.de\/index.php?rest_route=\/wp\/v2\/posts\/1458\/revisions"}],"predecessor-version":[{"id":1543,"href":"http:\/\/lichri.radeln-in-den-sonnenaufgang.de\/index.php?rest_route=\/wp\/v2\/posts\/1458\/revisions\/1543"}],"wp:featuredmedia":[{"embeddable":true,"href":"http:\/\/lichri.radeln-in-den-sonnenaufgang.de\/index.php?rest_route=\/wp\/v2\/media\/1544"}],"wp:attachment":[{"href":"http:\/\/lichri.radeln-in-den-sonnenaufgang.de\/index.php?rest_route=%2Fwp%2Fv2%2Fmedia&parent=1458"}],"wp:term":[{"taxonomy":"category","embeddable":true,"href":"http:\/\/lichri.radeln-in-den-sonnenaufgang.de\/index.php?rest_route=%2Fwp%2Fv2%2Fcategories&post=1458"},{"taxonomy":"post_tag","embeddable":true,"href":"http:\/\/lichri.radeln-in-den-sonnenaufgang.de\/index.php?rest_route=%2Fwp%2Fv2%2Ftags&post=1458"}],"curies":[{"name":"wp","href":"https:\/\/api.w.org\/{rel}","templated":true}]}}