{"id":1432,"date":"2020-01-27T03:36:54","date_gmt":"2020-01-27T03:36:54","guid":{"rendered":"http:\/\/lichri.radeln-in-den-sonnenaufgang.de\/?p=1432"},"modified":"2020-01-27T04:00:02","modified_gmt":"2020-01-27T04:00:02","slug":"auf-den-spuren-der-alten-khmer","status":"publish","type":"post","link":"http:\/\/lichri.radeln-in-den-sonnenaufgang.de\/?p=1432","title":{"rendered":"Auf den Spuren der alten Khmer"},"content":{"rendered":"\n<h4>Kambodscha (21.12.-28.12.2019)<\/h4>\n\n\n\n<p>Um beim letzten Blogeintrag direkt anzukn\u00fcpfen: Nachdem wir von Don Det und den 4000 Inseln los- und \u00fcber die Grenze nach Kambodscha hinweg radelten, waren wir noch den restlichen Tag am Strampeln, bis wir in die n\u00e4chstgr\u00f6\u00dfere Stadt kamen. <\/p>\n\n\n\n<figure class=\"wp-block-image size-large\"><img decoding=\"async\" loading=\"lazy\" width=\"1312\" height=\"984\" src=\"http:\/\/lichri.radeln-in-den-sonnenaufgang.de\/wp-content\/uploads\/2020\/01\/DSC_0020_compress76.jpg\" alt=\"\" class=\"wp-image-1396\" srcset=\"http:\/\/lichri.radeln-in-den-sonnenaufgang.de\/wp-content\/uploads\/2020\/01\/DSC_0020_compress76.jpg 1312w, http:\/\/lichri.radeln-in-den-sonnenaufgang.de\/wp-content\/uploads\/2020\/01\/DSC_0020_compress76-300x225.jpg 300w, http:\/\/lichri.radeln-in-den-sonnenaufgang.de\/wp-content\/uploads\/2020\/01\/DSC_0020_compress76-1024x768.jpg 1024w, http:\/\/lichri.radeln-in-den-sonnenaufgang.de\/wp-content\/uploads\/2020\/01\/DSC_0020_compress76-768x576.jpg 768w\" sizes=\"(max-width: 767px) 89vw, (max-width: 1000px) 54vw, (max-width: 1071px) 543px, 580px\" \/><figcaption>An der laotisch-kambodschanischen Grenze <\/figcaption><\/figure>\n\n\n\n<p>Um wieder in unseren Zeitplan zu kommen, entschlossen wir uns mit einem Bus (ja ja, die \u00abFahrradreisenden\u00bb \ud83d\ude09 ), die 300km nach Siem Reap zu skippen. Schlie\u00dflich musste Chris Lisa im Vorneherein versprechen, dass sie an Weihnachten und an ihrem Geburtstag nicht radeln m\u00fcsse &#8230; ud das h\u00e4tte so nicht mehr hingehauen.<\/p>\n\n\n\n<p>Au\u00dferdem war das Radfahren auf den ersten 60km durch Kambodscha bereits abschreckend genug. Zwar war der Fahrbahnbelag halbwegs anst\u00e4ndig \/ gr\u00f6\u00dftenteils vorhanden, jedoch gab es nur eine recht trubelige Stra\u00dfe, keinen Schatten und es ist hei\u00df und ungelaublich trocken. Staub und Rauch der brennenden Felder in der Luft machten zudem das Atmen schwer. Im Bus nach Siem Reap best\u00e4tigte sich dann, dass sich weder an diesen Umst\u00e4nden noch an der recht langweiligen, flachen Landschaft etwas \u00e4nderte. Und so kamen wir recht zufrieden mit der Entscheidung und noch rechtzeitig in die Stadt, die f\u00fcr die uralten Dschungelruinen Angkors in deren Norden bekannt ist.<\/p>\n\n\n\n<figure class=\"wp-block-image size-large\"><img decoding=\"async\" loading=\"lazy\" width=\"1280\" height=\"720\" src=\"http:\/\/lichri.radeln-in-den-sonnenaufgang.de\/wp-content\/uploads\/2020\/01\/DSC_0033_compress37.jpg\" alt=\"\" class=\"wp-image-1397\" srcset=\"http:\/\/lichri.radeln-in-den-sonnenaufgang.de\/wp-content\/uploads\/2020\/01\/DSC_0033_compress37.jpg 1280w, http:\/\/lichri.radeln-in-den-sonnenaufgang.de\/wp-content\/uploads\/2020\/01\/DSC_0033_compress37-300x169.jpg 300w, http:\/\/lichri.radeln-in-den-sonnenaufgang.de\/wp-content\/uploads\/2020\/01\/DSC_0033_compress37-1024x576.jpg 1024w, http:\/\/lichri.radeln-in-den-sonnenaufgang.de\/wp-content\/uploads\/2020\/01\/DSC_0033_compress37-768x432.jpg 768w\" sizes=\"(max-width: 767px) 89vw, (max-width: 1000px) 54vw, (max-width: 1071px) 543px, 580px\" \/><figcaption>Staubige Stra\u00dfen in Kambodscha<\/figcaption><\/figure>\n\n\n\n<h4>Weihnachtstage in der alten und der neun Khmer-Metropole<\/h4>\n\n\n\n<p>Wer uns auf Instagram folgt, der wird bereits gesehen haben, dass wir es uns \u00fcber Weihnachten haben gut gehen lassen.<\/p>\n\n\n\n<figure class=\"wp-block-image size-large\"><img decoding=\"async\" loading=\"lazy\" width=\"1312\" height=\"984\" src=\"http:\/\/lichri.radeln-in-den-sonnenaufgang.de\/wp-content\/uploads\/2020\/01\/DSC_0248_compress69.jpg\" alt=\"\" class=\"wp-image-1398\" srcset=\"http:\/\/lichri.radeln-in-den-sonnenaufgang.de\/wp-content\/uploads\/2020\/01\/DSC_0248_compress69.jpg 1312w, http:\/\/lichri.radeln-in-den-sonnenaufgang.de\/wp-content\/uploads\/2020\/01\/DSC_0248_compress69-300x225.jpg 300w, http:\/\/lichri.radeln-in-den-sonnenaufgang.de\/wp-content\/uploads\/2020\/01\/DSC_0248_compress69-1024x768.jpg 1024w, http:\/\/lichri.radeln-in-den-sonnenaufgang.de\/wp-content\/uploads\/2020\/01\/DSC_0248_compress69-768x576.jpg 768w\" sizes=\"(max-width: 767px) 89vw, (max-width: 1000px) 54vw, (max-width: 1071px) 543px, 580px\" \/><figcaption>Weihnachten im Pool mit Mangoshake<\/figcaption><\/figure>\n\n\n\n<p>An den anderen Tagen \u2013 mit Ausnahme eines Pausentages f\u00fcr den erk\u00e4lteten, fiebrigen Chris \u2013 erkundeten wir schlie\u00dflich die steinernen und \u00fcberwucherten \u00dcberreste der einstigen Millionenstadt des Khmer-Reiches. Den Ausma\u00dfen der Anlagen ist es geschuldet, dass wir \u2013 obgleich wir \u00aban einem Ort blieben\u00bb, t\u00e4glich mehr als 40km mit dem Rad zur\u00fccklegten, um von einer Ruine zur n\u00e4chsten zu kommen. Von den h\u00f6lzernen Wohngeb\u00e4uden ist selbstverst\u00e4ndlich nichts mehr zu sehen, doch die steinernen Tempelanlagen mit den kunstvoll gemei\u00dfelten Verzierungen \u00fcberdauern bereits 500-1.100 Jahre im tropischen Klima Kambodschas.<\/p>\n\n\n\n<figure class=\"wp-block-image size-large\"><img decoding=\"async\" loading=\"lazy\" width=\"1296\" height=\"864\" src=\"http:\/\/lichri.radeln-in-den-sonnenaufgang.de\/wp-content\/uploads\/2020\/01\/IMG_1528_compress29.jpg\" alt=\"\" class=\"wp-image-1399\" srcset=\"http:\/\/lichri.radeln-in-den-sonnenaufgang.de\/wp-content\/uploads\/2020\/01\/IMG_1528_compress29.jpg 1296w, http:\/\/lichri.radeln-in-den-sonnenaufgang.de\/wp-content\/uploads\/2020\/01\/IMG_1528_compress29-300x200.jpg 300w, http:\/\/lichri.radeln-in-den-sonnenaufgang.de\/wp-content\/uploads\/2020\/01\/IMG_1528_compress29-1024x683.jpg 1024w, http:\/\/lichri.radeln-in-den-sonnenaufgang.de\/wp-content\/uploads\/2020\/01\/IMG_1528_compress29-768x512.jpg 768w\" sizes=\"(max-width: 767px) 89vw, (max-width: 1000px) 54vw, (max-width: 1071px) 543px, 580px\" \/><\/figure>\n\n\n\n<figure class=\"wp-block-image size-large\"><img decoding=\"async\" loading=\"lazy\" width=\"864\" height=\"1296\" src=\"http:\/\/lichri.radeln-in-den-sonnenaufgang.de\/wp-content\/uploads\/2020\/01\/img_1545_compress372186187344728265796.jpg\" alt=\"\" class=\"wp-image-1400\" srcset=\"http:\/\/lichri.radeln-in-den-sonnenaufgang.de\/wp-content\/uploads\/2020\/01\/img_1545_compress372186187344728265796.jpg 864w, http:\/\/lichri.radeln-in-den-sonnenaufgang.de\/wp-content\/uploads\/2020\/01\/img_1545_compress372186187344728265796-200x300.jpg 200w, http:\/\/lichri.radeln-in-den-sonnenaufgang.de\/wp-content\/uploads\/2020\/01\/img_1545_compress372186187344728265796-683x1024.jpg 683w, http:\/\/lichri.radeln-in-den-sonnenaufgang.de\/wp-content\/uploads\/2020\/01\/img_1545_compress372186187344728265796-768x1152.jpg 768w\" sizes=\"(max-width: 767px) 89vw, (max-width: 1000px) 54vw, (max-width: 1071px) 543px, 580px\" \/><figcaption>Ultra steile Treppen<\/figcaption><\/figure>\n\n\n\n<figure class=\"wp-block-image size-large\"><img decoding=\"async\" loading=\"lazy\" width=\"864\" height=\"1296\" src=\"http:\/\/lichri.radeln-in-den-sonnenaufgang.de\/wp-content\/uploads\/2020\/01\/img_1698_compress578815552751027242122.jpg\" alt=\"\" class=\"wp-image-1401\" srcset=\"http:\/\/lichri.radeln-in-den-sonnenaufgang.de\/wp-content\/uploads\/2020\/01\/img_1698_compress578815552751027242122.jpg 864w, http:\/\/lichri.radeln-in-den-sonnenaufgang.de\/wp-content\/uploads\/2020\/01\/img_1698_compress578815552751027242122-200x300.jpg 200w, http:\/\/lichri.radeln-in-den-sonnenaufgang.de\/wp-content\/uploads\/2020\/01\/img_1698_compress578815552751027242122-683x1024.jpg 683w, http:\/\/lichri.radeln-in-den-sonnenaufgang.de\/wp-content\/uploads\/2020\/01\/img_1698_compress578815552751027242122-768x1152.jpg 768w\" sizes=\"(max-width: 767px) 89vw, (max-width: 1000px) 54vw, (max-width: 1071px) 543px, 580px\" \/><figcaption>Alle W\u00e4nde und S\u00e4ulen sind verziert. Man kann sich kaum vorstellen wie prunkvoll alles gewesen sein muss.<\/figcaption><\/figure>\n\n\n\n<figure class=\"wp-block-image size-large\"><img decoding=\"async\" loading=\"lazy\" width=\"864\" height=\"1296\" src=\"http:\/\/lichri.radeln-in-den-sonnenaufgang.de\/wp-content\/uploads\/2020\/01\/img_2103_compress618166382128248658153.jpg\" alt=\"\" class=\"wp-image-1402\" srcset=\"http:\/\/lichri.radeln-in-den-sonnenaufgang.de\/wp-content\/uploads\/2020\/01\/img_2103_compress618166382128248658153.jpg 864w, http:\/\/lichri.radeln-in-den-sonnenaufgang.de\/wp-content\/uploads\/2020\/01\/img_2103_compress618166382128248658153-200x300.jpg 200w, http:\/\/lichri.radeln-in-den-sonnenaufgang.de\/wp-content\/uploads\/2020\/01\/img_2103_compress618166382128248658153-683x1024.jpg 683w, http:\/\/lichri.radeln-in-den-sonnenaufgang.de\/wp-content\/uploads\/2020\/01\/img_2103_compress618166382128248658153-768x1152.jpg 768w\" sizes=\"(max-width: 767px) 89vw, (max-width: 1000px) 54vw, (max-width: 1071px) 543px, 580px\" \/><\/figure>\n\n\n\n<figure class=\"wp-block-image size-large\"><img decoding=\"async\" loading=\"lazy\" width=\"864\" height=\"1296\" src=\"http:\/\/lichri.radeln-in-den-sonnenaufgang.de\/wp-content\/uploads\/2020\/01\/img_0791_compress433604371600315454380.jpg\" alt=\"\" class=\"wp-image-1403\" srcset=\"http:\/\/lichri.radeln-in-den-sonnenaufgang.de\/wp-content\/uploads\/2020\/01\/img_0791_compress433604371600315454380.jpg 864w, http:\/\/lichri.radeln-in-den-sonnenaufgang.de\/wp-content\/uploads\/2020\/01\/img_0791_compress433604371600315454380-200x300.jpg 200w, http:\/\/lichri.radeln-in-den-sonnenaufgang.de\/wp-content\/uploads\/2020\/01\/img_0791_compress433604371600315454380-683x1024.jpg 683w, http:\/\/lichri.radeln-in-den-sonnenaufgang.de\/wp-content\/uploads\/2020\/01\/img_0791_compress433604371600315454380-768x1152.jpg 768w\" sizes=\"(max-width: 767px) 89vw, (max-width: 1000px) 54vw, (max-width: 1071px) 543px, 580px\" \/><\/figure>\n\n\n\n<figure class=\"wp-block-image size-large\"><img decoding=\"async\" loading=\"lazy\" width=\"1296\" height=\"864\" src=\"http:\/\/lichri.radeln-in-den-sonnenaufgang.de\/wp-content\/uploads\/2020\/01\/IMG_0769_compress89.jpg\" alt=\"\" class=\"wp-image-1404\" srcset=\"http:\/\/lichri.radeln-in-den-sonnenaufgang.de\/wp-content\/uploads\/2020\/01\/IMG_0769_compress89.jpg 1296w, http:\/\/lichri.radeln-in-den-sonnenaufgang.de\/wp-content\/uploads\/2020\/01\/IMG_0769_compress89-300x200.jpg 300w, http:\/\/lichri.radeln-in-den-sonnenaufgang.de\/wp-content\/uploads\/2020\/01\/IMG_0769_compress89-1024x683.jpg 1024w, http:\/\/lichri.radeln-in-den-sonnenaufgang.de\/wp-content\/uploads\/2020\/01\/IMG_0769_compress89-768x512.jpg 768w\" sizes=\"(max-width: 767px) 89vw, (max-width: 1000px) 54vw, (max-width: 1071px) 543px, 580px\" \/><figcaption>Angkor Wat &#8211; der besterhaltenste Tempel in Angkor<\/figcaption><\/figure>\n\n\n\n<figure class=\"wp-block-image size-large\"><img decoding=\"async\" loading=\"lazy\" width=\"1296\" height=\"864\" src=\"http:\/\/lichri.radeln-in-den-sonnenaufgang.de\/wp-content\/uploads\/2020\/01\/IMG_0757_compress11.jpg\" alt=\"\" class=\"wp-image-1405\" srcset=\"http:\/\/lichri.radeln-in-den-sonnenaufgang.de\/wp-content\/uploads\/2020\/01\/IMG_0757_compress11.jpg 1296w, http:\/\/lichri.radeln-in-den-sonnenaufgang.de\/wp-content\/uploads\/2020\/01\/IMG_0757_compress11-300x200.jpg 300w, http:\/\/lichri.radeln-in-den-sonnenaufgang.de\/wp-content\/uploads\/2020\/01\/IMG_0757_compress11-1024x683.jpg 1024w, http:\/\/lichri.radeln-in-den-sonnenaufgang.de\/wp-content\/uploads\/2020\/01\/IMG_0757_compress11-768x512.jpg 768w\" sizes=\"(max-width: 767px) 89vw, (max-width: 1000px) 54vw, (max-width: 1071px) 543px, 580px\" \/><\/figure>\n\n\n\n<figure class=\"wp-block-image size-large\"><img decoding=\"async\" loading=\"lazy\" width=\"1296\" height=\"864\" src=\"http:\/\/lichri.radeln-in-den-sonnenaufgang.de\/wp-content\/uploads\/2020\/01\/IMG_2294_compress21.jpg\" alt=\"\" class=\"wp-image-1406\" srcset=\"http:\/\/lichri.radeln-in-den-sonnenaufgang.de\/wp-content\/uploads\/2020\/01\/IMG_2294_compress21.jpg 1296w, http:\/\/lichri.radeln-in-den-sonnenaufgang.de\/wp-content\/uploads\/2020\/01\/IMG_2294_compress21-300x200.jpg 300w, http:\/\/lichri.radeln-in-den-sonnenaufgang.de\/wp-content\/uploads\/2020\/01\/IMG_2294_compress21-1024x683.jpg 1024w, http:\/\/lichri.radeln-in-den-sonnenaufgang.de\/wp-content\/uploads\/2020\/01\/IMG_2294_compress21-768x512.jpg 768w\" sizes=\"(max-width: 767px) 89vw, (max-width: 1000px) 54vw, (max-width: 1071px) 543px, 580px\" \/><\/figure>\n\n\n\n<figure class=\"wp-block-image size-large\"><img decoding=\"async\" loading=\"lazy\" width=\"864\" height=\"1296\" src=\"http:\/\/lichri.radeln-in-den-sonnenaufgang.de\/wp-content\/uploads\/2020\/01\/img_2605_compress182601641156685859057.jpg\" alt=\"\" class=\"wp-image-1407\" srcset=\"http:\/\/lichri.radeln-in-den-sonnenaufgang.de\/wp-content\/uploads\/2020\/01\/img_2605_compress182601641156685859057.jpg 864w, http:\/\/lichri.radeln-in-den-sonnenaufgang.de\/wp-content\/uploads\/2020\/01\/img_2605_compress182601641156685859057-200x300.jpg 200w, http:\/\/lichri.radeln-in-den-sonnenaufgang.de\/wp-content\/uploads\/2020\/01\/img_2605_compress182601641156685859057-683x1024.jpg 683w, http:\/\/lichri.radeln-in-den-sonnenaufgang.de\/wp-content\/uploads\/2020\/01\/img_2605_compress182601641156685859057-768x1152.jpg 768w\" sizes=\"(max-width: 767px) 89vw, (max-width: 1000px) 54vw, (max-width: 1071px) 543px, 580px\" \/><\/figure>\n\n\n\n<figure class=\"wp-block-image size-large\"><img decoding=\"async\" loading=\"lazy\" width=\"864\" height=\"1296\" src=\"http:\/\/lichri.radeln-in-den-sonnenaufgang.de\/wp-content\/uploads\/2020\/01\/img_2525_compress507728981232982421174.jpg\" alt=\"\" class=\"wp-image-1408\" srcset=\"http:\/\/lichri.radeln-in-den-sonnenaufgang.de\/wp-content\/uploads\/2020\/01\/img_2525_compress507728981232982421174.jpg 864w, http:\/\/lichri.radeln-in-den-sonnenaufgang.de\/wp-content\/uploads\/2020\/01\/img_2525_compress507728981232982421174-200x300.jpg 200w, http:\/\/lichri.radeln-in-den-sonnenaufgang.de\/wp-content\/uploads\/2020\/01\/img_2525_compress507728981232982421174-683x1024.jpg 683w, http:\/\/lichri.radeln-in-den-sonnenaufgang.de\/wp-content\/uploads\/2020\/01\/img_2525_compress507728981232982421174-768x1152.jpg 768w\" sizes=\"(max-width: 767px) 89vw, (max-width: 1000px) 54vw, (max-width: 1071px) 543px, 580px\" \/><\/figure>\n\n\n\n<figure class=\"wp-block-image size-large\"><img decoding=\"async\" loading=\"lazy\" width=\"1296\" height=\"864\" src=\"http:\/\/lichri.radeln-in-den-sonnenaufgang.de\/wp-content\/uploads\/2020\/01\/IMG_2689_compress62.jpg\" alt=\"\" class=\"wp-image-1409\" srcset=\"http:\/\/lichri.radeln-in-den-sonnenaufgang.de\/wp-content\/uploads\/2020\/01\/IMG_2689_compress62.jpg 1296w, http:\/\/lichri.radeln-in-den-sonnenaufgang.de\/wp-content\/uploads\/2020\/01\/IMG_2689_compress62-300x200.jpg 300w, http:\/\/lichri.radeln-in-den-sonnenaufgang.de\/wp-content\/uploads\/2020\/01\/IMG_2689_compress62-1024x683.jpg 1024w, http:\/\/lichri.radeln-in-den-sonnenaufgang.de\/wp-content\/uploads\/2020\/01\/IMG_2689_compress62-768x512.jpg 768w\" sizes=\"(max-width: 767px) 89vw, (max-width: 1000px) 54vw, (max-width: 1071px) 543px, 580px\" \/><figcaption>Wundersch\u00f6ne Buddak\u00f6pfe in Angkor Thom<\/figcaption><\/figure>\n\n\n\n<figure class=\"wp-block-image size-large\"><img decoding=\"async\" loading=\"lazy\" width=\"1296\" height=\"864\" src=\"http:\/\/lichri.radeln-in-den-sonnenaufgang.de\/wp-content\/uploads\/2020\/01\/IMG_1414_compress11.jpg\" alt=\"\" class=\"wp-image-1410\" srcset=\"http:\/\/lichri.radeln-in-den-sonnenaufgang.de\/wp-content\/uploads\/2020\/01\/IMG_1414_compress11.jpg 1296w, http:\/\/lichri.radeln-in-den-sonnenaufgang.de\/wp-content\/uploads\/2020\/01\/IMG_1414_compress11-300x200.jpg 300w, http:\/\/lichri.radeln-in-den-sonnenaufgang.de\/wp-content\/uploads\/2020\/01\/IMG_1414_compress11-1024x683.jpg 1024w, http:\/\/lichri.radeln-in-den-sonnenaufgang.de\/wp-content\/uploads\/2020\/01\/IMG_1414_compress11-768x512.jpg 768w\" sizes=\"(max-width: 767px) 89vw, (max-width: 1000px) 54vw, (max-width: 1071px) 543px, 580px\" \/><\/figure>\n\n\n\n<figure class=\"wp-block-image size-large\"><img decoding=\"async\" loading=\"lazy\" width=\"864\" height=\"1296\" src=\"http:\/\/lichri.radeln-in-den-sonnenaufgang.de\/wp-content\/uploads\/2020\/01\/img_0935_compress345677642166333387360.jpg\" alt=\"\" class=\"wp-image-1411\" srcset=\"http:\/\/lichri.radeln-in-den-sonnenaufgang.de\/wp-content\/uploads\/2020\/01\/img_0935_compress345677642166333387360.jpg 864w, http:\/\/lichri.radeln-in-den-sonnenaufgang.de\/wp-content\/uploads\/2020\/01\/img_0935_compress345677642166333387360-200x300.jpg 200w, http:\/\/lichri.radeln-in-den-sonnenaufgang.de\/wp-content\/uploads\/2020\/01\/img_0935_compress345677642166333387360-683x1024.jpg 683w, http:\/\/lichri.radeln-in-den-sonnenaufgang.de\/wp-content\/uploads\/2020\/01\/img_0935_compress345677642166333387360-768x1152.jpg 768w\" sizes=\"(max-width: 767px) 89vw, (max-width: 1000px) 54vw, (max-width: 1071px) 543px, 580px\" \/><figcaption>Zugegeben, manche sind etwas aus der Form geraten<\/figcaption><\/figure>\n\n\n\n<figure class=\"wp-block-image size-large\"><img decoding=\"async\" loading=\"lazy\" width=\"1296\" height=\"864\" src=\"http:\/\/lichri.radeln-in-den-sonnenaufgang.de\/wp-content\/uploads\/2020\/01\/IMG_2656_compress64.jpg\" alt=\"\" class=\"wp-image-1412\" srcset=\"http:\/\/lichri.radeln-in-den-sonnenaufgang.de\/wp-content\/uploads\/2020\/01\/IMG_2656_compress64.jpg 1296w, http:\/\/lichri.radeln-in-den-sonnenaufgang.de\/wp-content\/uploads\/2020\/01\/IMG_2656_compress64-300x200.jpg 300w, http:\/\/lichri.radeln-in-den-sonnenaufgang.de\/wp-content\/uploads\/2020\/01\/IMG_2656_compress64-1024x683.jpg 1024w, http:\/\/lichri.radeln-in-den-sonnenaufgang.de\/wp-content\/uploads\/2020\/01\/IMG_2656_compress64-768x512.jpg 768w\" sizes=\"(max-width: 767px) 89vw, (max-width: 1000px) 54vw, (max-width: 1071px) 543px, 580px\" \/><figcaption>Ein kleines Tempelk\u00e4tzchen<\/figcaption><\/figure>\n\n\n\n<p>Besonders \u00fcber die Dschungelruinen freuten wir uns sehr: In Stein gemei\u00dfelte Buddha-Gesichter \u00fcber Toren, auf denen wiederum Urwaldriesen wuchsen und ihre W\u00fcrge-Wurzeln \u00fcber das Mauerwerk gen Boden streckten.<\/p>\n\n\n\n<figure class=\"wp-block-image size-large\"><img decoding=\"async\" loading=\"lazy\" width=\"864\" height=\"1296\" src=\"http:\/\/lichri.radeln-in-den-sonnenaufgang.de\/wp-content\/uploads\/2020\/01\/img_1674_compress17-17779924304426847822.jpg\" alt=\"\" class=\"wp-image-1413\" srcset=\"http:\/\/lichri.radeln-in-den-sonnenaufgang.de\/wp-content\/uploads\/2020\/01\/img_1674_compress17-17779924304426847822.jpg 864w, http:\/\/lichri.radeln-in-den-sonnenaufgang.de\/wp-content\/uploads\/2020\/01\/img_1674_compress17-17779924304426847822-200x300.jpg 200w, http:\/\/lichri.radeln-in-den-sonnenaufgang.de\/wp-content\/uploads\/2020\/01\/img_1674_compress17-17779924304426847822-683x1024.jpg 683w, http:\/\/lichri.radeln-in-den-sonnenaufgang.de\/wp-content\/uploads\/2020\/01\/img_1674_compress17-17779924304426847822-768x1152.jpg 768w\" sizes=\"(max-width: 767px) 89vw, (max-width: 1000px) 54vw, (max-width: 1071px) 543px, 580px\" \/><figcaption>Der Dschungeltempel Ta Phrom<\/figcaption><\/figure>\n\n\n\n<figure class=\"wp-block-image size-large\"><img decoding=\"async\" loading=\"lazy\" width=\"864\" height=\"1296\" src=\"http:\/\/lichri.radeln-in-den-sonnenaufgang.de\/wp-content\/uploads\/2020\/01\/img_1799_compress38-15688480175218601700.jpg\" alt=\"\" class=\"wp-image-1414\" srcset=\"http:\/\/lichri.radeln-in-den-sonnenaufgang.de\/wp-content\/uploads\/2020\/01\/img_1799_compress38-15688480175218601700.jpg 864w, http:\/\/lichri.radeln-in-den-sonnenaufgang.de\/wp-content\/uploads\/2020\/01\/img_1799_compress38-15688480175218601700-200x300.jpg 200w, http:\/\/lichri.radeln-in-den-sonnenaufgang.de\/wp-content\/uploads\/2020\/01\/img_1799_compress38-15688480175218601700-683x1024.jpg 683w, http:\/\/lichri.radeln-in-den-sonnenaufgang.de\/wp-content\/uploads\/2020\/01\/img_1799_compress38-15688480175218601700-768x1152.jpg 768w\" sizes=\"(max-width: 767px) 89vw, (max-width: 1000px) 54vw, (max-width: 1071px) 543px, 580px\" \/><\/figure>\n\n\n\n<figure class=\"wp-block-image size-large\"><img decoding=\"async\" loading=\"lazy\" width=\"1296\" height=\"864\" src=\"http:\/\/lichri.radeln-in-den-sonnenaufgang.de\/wp-content\/uploads\/2020\/01\/IMG_1978_compress24.jpg\" alt=\"\" class=\"wp-image-1415\" srcset=\"http:\/\/lichri.radeln-in-den-sonnenaufgang.de\/wp-content\/uploads\/2020\/01\/IMG_1978_compress24.jpg 1296w, http:\/\/lichri.radeln-in-den-sonnenaufgang.de\/wp-content\/uploads\/2020\/01\/IMG_1978_compress24-300x200.jpg 300w, http:\/\/lichri.radeln-in-den-sonnenaufgang.de\/wp-content\/uploads\/2020\/01\/IMG_1978_compress24-1024x683.jpg 1024w, http:\/\/lichri.radeln-in-den-sonnenaufgang.de\/wp-content\/uploads\/2020\/01\/IMG_1978_compress24-768x512.jpg 768w\" sizes=\"(max-width: 767px) 89vw, (max-width: 1000px) 54vw, (max-width: 1071px) 543px, 580px\" \/><\/figure>\n\n\n\n<figure class=\"wp-block-image size-large\"><img decoding=\"async\" loading=\"lazy\" width=\"864\" height=\"1296\" src=\"http:\/\/lichri.radeln-in-den-sonnenaufgang.de\/wp-content\/uploads\/2020\/01\/img_2008_compress8734755615823257778.jpg\" alt=\"\" class=\"wp-image-1416\" srcset=\"http:\/\/lichri.radeln-in-den-sonnenaufgang.de\/wp-content\/uploads\/2020\/01\/img_2008_compress8734755615823257778.jpg 864w, http:\/\/lichri.radeln-in-den-sonnenaufgang.de\/wp-content\/uploads\/2020\/01\/img_2008_compress8734755615823257778-200x300.jpg 200w, http:\/\/lichri.radeln-in-den-sonnenaufgang.de\/wp-content\/uploads\/2020\/01\/img_2008_compress8734755615823257778-683x1024.jpg 683w, http:\/\/lichri.radeln-in-den-sonnenaufgang.de\/wp-content\/uploads\/2020\/01\/img_2008_compress8734755615823257778-768x1152.jpg 768w\" sizes=\"(max-width: 767px) 89vw, (max-width: 1000px) 54vw, (max-width: 1071px) 543px, 580px\" \/><\/figure>\n\n\n\n<figure class=\"wp-block-image size-large\"><img decoding=\"async\" loading=\"lazy\" width=\"864\" height=\"1296\" src=\"http:\/\/lichri.radeln-in-den-sonnenaufgang.de\/wp-content\/uploads\/2020\/01\/img_2227_compress947260384587811981172.jpg\" alt=\"\" class=\"wp-image-1417\" srcset=\"http:\/\/lichri.radeln-in-den-sonnenaufgang.de\/wp-content\/uploads\/2020\/01\/img_2227_compress947260384587811981172.jpg 864w, http:\/\/lichri.radeln-in-den-sonnenaufgang.de\/wp-content\/uploads\/2020\/01\/img_2227_compress947260384587811981172-200x300.jpg 200w, http:\/\/lichri.radeln-in-den-sonnenaufgang.de\/wp-content\/uploads\/2020\/01\/img_2227_compress947260384587811981172-683x1024.jpg 683w, http:\/\/lichri.radeln-in-den-sonnenaufgang.de\/wp-content\/uploads\/2020\/01\/img_2227_compress947260384587811981172-768x1152.jpg 768w\" sizes=\"(max-width: 767px) 89vw, (max-width: 1000px) 54vw, (max-width: 1071px) 543px, 580px\" \/><figcaption>Banteay Kdei<\/figcaption><\/figure>\n\n\n\n<figure class=\"wp-block-image size-large\"><img decoding=\"async\" loading=\"lazy\" width=\"864\" height=\"1296\" src=\"http:\/\/lichri.radeln-in-den-sonnenaufgang.de\/wp-content\/uploads\/2020\/01\/img_1068_compress505033390883957334744.jpg\" alt=\"\" class=\"wp-image-1418\" srcset=\"http:\/\/lichri.radeln-in-den-sonnenaufgang.de\/wp-content\/uploads\/2020\/01\/img_1068_compress505033390883957334744.jpg 864w, http:\/\/lichri.radeln-in-den-sonnenaufgang.de\/wp-content\/uploads\/2020\/01\/img_1068_compress505033390883957334744-200x300.jpg 200w, http:\/\/lichri.radeln-in-den-sonnenaufgang.de\/wp-content\/uploads\/2020\/01\/img_1068_compress505033390883957334744-683x1024.jpg 683w, http:\/\/lichri.radeln-in-den-sonnenaufgang.de\/wp-content\/uploads\/2020\/01\/img_1068_compress505033390883957334744-768x1152.jpg 768w\" sizes=\"(max-width: 767px) 89vw, (max-width: 1000px) 54vw, (max-width: 1071px) 543px, 580px\" \/><\/figure>\n\n\n\n<figure class=\"wp-block-image size-large\"><img decoding=\"async\" loading=\"lazy\" width=\"864\" height=\"1296\" src=\"http:\/\/lichri.radeln-in-den-sonnenaufgang.de\/wp-content\/uploads\/2020\/01\/img_1294_compress535710713800193859730.jpg\" alt=\"\" class=\"wp-image-1427\" srcset=\"http:\/\/lichri.radeln-in-den-sonnenaufgang.de\/wp-content\/uploads\/2020\/01\/img_1294_compress535710713800193859730.jpg 864w, http:\/\/lichri.radeln-in-den-sonnenaufgang.de\/wp-content\/uploads\/2020\/01\/img_1294_compress535710713800193859730-200x300.jpg 200w, http:\/\/lichri.radeln-in-den-sonnenaufgang.de\/wp-content\/uploads\/2020\/01\/img_1294_compress535710713800193859730-683x1024.jpg 683w, http:\/\/lichri.radeln-in-den-sonnenaufgang.de\/wp-content\/uploads\/2020\/01\/img_1294_compress535710713800193859730-768x1152.jpg 768w\" sizes=\"(max-width: 767px) 89vw, (max-width: 1000px) 54vw, (max-width: 1071px) 543px, 580px\" \/><\/figure>\n\n\n\n<figure class=\"wp-block-image size-large\"><img decoding=\"async\" loading=\"lazy\" width=\"864\" height=\"1296\" src=\"http:\/\/lichri.radeln-in-den-sonnenaufgang.de\/wp-content\/uploads\/2020\/01\/img_1496_compress43014408354911195704.jpg\" alt=\"\" class=\"wp-image-1423\" srcset=\"http:\/\/lichri.radeln-in-den-sonnenaufgang.de\/wp-content\/uploads\/2020\/01\/img_1496_compress43014408354911195704.jpg 864w, http:\/\/lichri.radeln-in-den-sonnenaufgang.de\/wp-content\/uploads\/2020\/01\/img_1496_compress43014408354911195704-200x300.jpg 200w, http:\/\/lichri.radeln-in-den-sonnenaufgang.de\/wp-content\/uploads\/2020\/01\/img_1496_compress43014408354911195704-683x1024.jpg 683w, http:\/\/lichri.radeln-in-den-sonnenaufgang.de\/wp-content\/uploads\/2020\/01\/img_1496_compress43014408354911195704-768x1152.jpg 768w\" sizes=\"(max-width: 767px) 89vw, (max-width: 1000px) 54vw, (max-width: 1071px) 543px, 580px\" \/><figcaption>Fundst\u00fccke am Wegesrand<\/figcaption><\/figure>\n\n\n\n<p>Heiligabend verbrachten wir schlie\u00dflich in einer katholischen Christmette mit einem englischen Gottesdienst und Khmer-\u00dcbersetzung. Es war ein St\u00fcck weit wie Heimkommen, das Fest der Liebe hier mit anderen feiern zu k\u00f6nnen. Ungewohnt, aber nicht weniger sch\u00f6n, waren die traditionellen Tanz-Einlagen, die Khmer Kinder und Jugendliche neben der Krippen-Szene auf der B\u00fchne performten. Selbst der Segen wurde begleitet von den geschmeidigen, langsamen \u00abT\u00e4nzen\u00bb, die besonders aus sich drehenden und wendenden H\u00e4nden zu bestehen schienen. Wie die T\u00e4nzerinnen, die in Angkors Tempeln in Stein gemeiselt ihre Posen halten, vollbrachten auch die M\u00e4dchen hier irritierend unnat\u00fcrliche Hand-Dehnungen, w\u00e4hrend sie die Worte der Priester begleiteten.<\/p>\n\n\n\n<figure class=\"wp-block-image size-large\"><img decoding=\"async\" loading=\"lazy\" width=\"1280\" height=\"720\" src=\"http:\/\/lichri.radeln-in-den-sonnenaufgang.de\/wp-content\/uploads\/2020\/01\/DSC_0492_compress56.jpg\" alt=\"\" class=\"wp-image-1420\" srcset=\"http:\/\/lichri.radeln-in-den-sonnenaufgang.de\/wp-content\/uploads\/2020\/01\/DSC_0492_compress56.jpg 1280w, http:\/\/lichri.radeln-in-den-sonnenaufgang.de\/wp-content\/uploads\/2020\/01\/DSC_0492_compress56-300x169.jpg 300w, http:\/\/lichri.radeln-in-den-sonnenaufgang.de\/wp-content\/uploads\/2020\/01\/DSC_0492_compress56-1024x576.jpg 1024w, http:\/\/lichri.radeln-in-den-sonnenaufgang.de\/wp-content\/uploads\/2020\/01\/DSC_0492_compress56-768x432.jpg 768w\" sizes=\"(max-width: 767px) 89vw, (max-width: 1000px) 54vw, (max-width: 1071px) 543px, 580px\" \/><\/figure>\n\n\n\n<figure class=\"wp-block-image size-large\"><img decoding=\"async\" loading=\"lazy\" width=\"984\" height=\"1312\" src=\"http:\/\/lichri.radeln-in-den-sonnenaufgang.de\/wp-content\/uploads\/2020\/01\/dsc_0509_compress926748384650008127976.jpg\" alt=\"\" class=\"wp-image-1419\" srcset=\"http:\/\/lichri.radeln-in-den-sonnenaufgang.de\/wp-content\/uploads\/2020\/01\/dsc_0509_compress926748384650008127976.jpg 984w, http:\/\/lichri.radeln-in-den-sonnenaufgang.de\/wp-content\/uploads\/2020\/01\/dsc_0509_compress926748384650008127976-225x300.jpg 225w, http:\/\/lichri.radeln-in-den-sonnenaufgang.de\/wp-content\/uploads\/2020\/01\/dsc_0509_compress926748384650008127976-768x1024.jpg 768w\" sizes=\"(max-width: 767px) 89vw, (max-width: 1000px) 54vw, (max-width: 1071px) 543px, 580px\" \/><\/figure>\n\n\n\n<figure class=\"wp-block-image size-large\"><img decoding=\"async\" loading=\"lazy\" width=\"1312\" height=\"984\" src=\"http:\/\/lichri.radeln-in-den-sonnenaufgang.de\/wp-content\/uploads\/2020\/01\/DSC_0500_compress52.jpg\" alt=\"\" class=\"wp-image-1430\" srcset=\"http:\/\/lichri.radeln-in-den-sonnenaufgang.de\/wp-content\/uploads\/2020\/01\/DSC_0500_compress52.jpg 1312w, http:\/\/lichri.radeln-in-den-sonnenaufgang.de\/wp-content\/uploads\/2020\/01\/DSC_0500_compress52-300x225.jpg 300w, http:\/\/lichri.radeln-in-den-sonnenaufgang.de\/wp-content\/uploads\/2020\/01\/DSC_0500_compress52-1024x768.jpg 1024w, http:\/\/lichri.radeln-in-den-sonnenaufgang.de\/wp-content\/uploads\/2020\/01\/DSC_0500_compress52-768x576.jpg 768w\" sizes=\"(max-width: 767px) 89vw, (max-width: 1000px) 54vw, (max-width: 1071px) 543px, 580px\" \/><\/figure>\n\n\n\n<p>Im Nachgang des Gottesdienstes trafen wir dann noch ein bekanntes Gesicht von Don Det, eine Slowenin, die sich ebenfalls \u00fcber die Gelegenheit freute, hier traditionell Weihnachten zu feiern. Wir quatschten lange und verabredeten uns schlie\u00dflich zum Abendessen in ein von ihr empfohlenes Lokal. Da es dann jedoch schon etwas sp\u00e4ter war lie\u00df man uns dort nicht mehr rein und so g\u00f6nnten wir uns andernorts unser Weihnachtsessen: traditionell Kambodschanisches Amok. Nun ja, fast, schlie\u00dflich ohne Fisch, daf\u00fcr mit Tofu. \ud83d\ude09 Mit Cocktails vers\u00fc\u00dft genossen wir dann den Ausklang des wohl bislang entspanntesten Weihnachten.<\/p>\n\n\n\n<h4>Apropos Essen<\/h4>\n\n\n\n<p>Im Haven (https:\/\/havencambodia.com\/) erf\u00fcllten wir uns zu Lisas Geburtstag tagsdrauf einen Traum. Seit wir in einem Deutschlandfunk-Podcasts Monate vorher von dem Schweizer P\u00e4rchen geh\u00f6rt haben (Sara und Paul Wallimann), dass auf seiner Reise entschied, in Kambodscha ein Restaurant als Ausbildungsbetrieb f\u00fcr benachteiligte Jugendliche aufzubauen, wollten wir dorthin und uns dieses vielversprechende Unternehmen mal anschauen. Zugegeben, das Essen ist teuer, verglichen mit s\u00fcdostasiatischen Preisen. Doch zum Geburtstag darf man sich auch mal ein Luxusrestaurant g\u00f6nnen. Wie auf der Website angeraten wurde, reservierten wir einen Tisch und schickten uns an, diesen auch noch zu bekommen und ihn nicht an den Andrang von Spontanbesuchern zu verlieren. Durch den E-Mail-Kontakt zur Reservierung mit Sara, die Haven mit ihrem Mann zusammen gegr\u00fcndet und aufgebaut hat, kamen wir bereits vorab ins Gespr\u00e4ch und so wurden wir mit einem langen, inspirierendem und ber\u00fchrendem Gespr\u00e4ch gesegnet, in dem Sara uns von der Geschichte, den Erfolgen und den K\u00e4mpfen erz\u00e4hlte, die sie auf dem Weg zu diesem tollen Sozialunternehmen durchlebten. Dankbar \u00fcber den herzerw\u00e4rmenden Austausch und die Abschiedsumarmung sowie voll mit Leckereien machten wir uns beseelt und gl\u00fccklich auf den R\u00fcckweg. (Lisa bekam sogar ein St\u00fcck Geburtstagskuchen mit Kerze geschenkt!)<\/p>\n\n\n\n<figure class=\"wp-block-image size-large\"><img decoding=\"async\" loading=\"lazy\" width=\"984\" height=\"1312\" src=\"http:\/\/lichri.radeln-in-den-sonnenaufgang.de\/wp-content\/uploads\/2020\/01\/dsc_0707_compress561640841862108066224.jpg\" alt=\"\" class=\"wp-image-1422\" srcset=\"http:\/\/lichri.radeln-in-den-sonnenaufgang.de\/wp-content\/uploads\/2020\/01\/dsc_0707_compress561640841862108066224.jpg 984w, http:\/\/lichri.radeln-in-den-sonnenaufgang.de\/wp-content\/uploads\/2020\/01\/dsc_0707_compress561640841862108066224-225x300.jpg 225w, http:\/\/lichri.radeln-in-den-sonnenaufgang.de\/wp-content\/uploads\/2020\/01\/dsc_0707_compress561640841862108066224-768x1024.jpg 768w\" sizes=\"(max-width: 767px) 89vw, (max-width: 1000px) 54vw, (max-width: 1071px) 543px, 580px\" \/><figcaption>Chris entschied sich f\u00fcr vegetarisches Gschnetzeltes mit Kartoffelpuffer und schon das f\u00fchlte sich an wie zuhause<\/figcaption><\/figure>\n\n\n\n<figure class=\"wp-block-image size-large\"><img decoding=\"async\" loading=\"lazy\" width=\"984\" height=\"1312\" src=\"http:\/\/lichri.radeln-in-den-sonnenaufgang.de\/wp-content\/uploads\/2020\/01\/dsc_0712_compress29119117804841577691.jpg\" alt=\"\" class=\"wp-image-1425\" srcset=\"http:\/\/lichri.radeln-in-den-sonnenaufgang.de\/wp-content\/uploads\/2020\/01\/dsc_0712_compress29119117804841577691.jpg 984w, http:\/\/lichri.radeln-in-den-sonnenaufgang.de\/wp-content\/uploads\/2020\/01\/dsc_0712_compress29119117804841577691-225x300.jpg 225w, http:\/\/lichri.radeln-in-den-sonnenaufgang.de\/wp-content\/uploads\/2020\/01\/dsc_0712_compress29119117804841577691-768x1024.jpg 768w\" sizes=\"(max-width: 767px) 89vw, (max-width: 1000px) 54vw, (max-width: 1071px) 543px, 580px\" \/><figcaption>Die Geburtstags\u00fcberraschung! Es war ein ganz besonderer Geburtstag, vor allem auch wegen des sch\u00f6nen Abends im Haven<\/figcaption><\/figure>\n\n\n\n<p>Nach ein paar weiteren Besuchen der Tempelanlagen hie\u00df es f\u00fcr uns schlie\u00dflich weiter zu reisen. Da wir inzwischen unsere Zeitpl\u00e4ne zu eng kn\u00fcpften als dass man wom\u00f6glich noch per Rad zum Ziel k\u00e4me. Also trug uns erst ein Bus und nach einer recht entspannten Grenz\u00fcberquerung (Uh, erstes kostensloses Visa seit langem!) ein Zug weiter nach Bangkok, Thailand.<\/p>\n\n\n\n<figure class=\"wp-block-image size-large\"><img decoding=\"async\" loading=\"lazy\" width=\"864\" height=\"1296\" src=\"http:\/\/lichri.radeln-in-den-sonnenaufgang.de\/wp-content\/uploads\/2020\/01\/img_1170_compress4760776386817504104.jpg\" alt=\"\" class=\"wp-image-1426\" srcset=\"http:\/\/lichri.radeln-in-den-sonnenaufgang.de\/wp-content\/uploads\/2020\/01\/img_1170_compress4760776386817504104.jpg 864w, http:\/\/lichri.radeln-in-den-sonnenaufgang.de\/wp-content\/uploads\/2020\/01\/img_1170_compress4760776386817504104-200x300.jpg 200w, http:\/\/lichri.radeln-in-den-sonnenaufgang.de\/wp-content\/uploads\/2020\/01\/img_1170_compress4760776386817504104-683x1024.jpg 683w, http:\/\/lichri.radeln-in-den-sonnenaufgang.de\/wp-content\/uploads\/2020\/01\/img_1170_compress4760776386817504104-768x1152.jpg 768w\" sizes=\"(max-width: 767px) 89vw, (max-width: 1000px) 54vw, (max-width: 1071px) 543px, 580px\" \/><figcaption>Vor Prasat Prei<\/figcaption><\/figure>\n\n\n\n<figure class=\"wp-block-image size-large\"><img decoding=\"async\" loading=\"lazy\" width=\"1296\" height=\"864\" src=\"http:\/\/lichri.radeln-in-den-sonnenaufgang.de\/wp-content\/uploads\/2020\/01\/IMG_0775_compress35.jpg\" alt=\"\" class=\"wp-image-1429\" srcset=\"http:\/\/lichri.radeln-in-den-sonnenaufgang.de\/wp-content\/uploads\/2020\/01\/IMG_0775_compress35.jpg 1296w, http:\/\/lichri.radeln-in-den-sonnenaufgang.de\/wp-content\/uploads\/2020\/01\/IMG_0775_compress35-300x200.jpg 300w, http:\/\/lichri.radeln-in-den-sonnenaufgang.de\/wp-content\/uploads\/2020\/01\/IMG_0775_compress35-1024x683.jpg 1024w, http:\/\/lichri.radeln-in-den-sonnenaufgang.de\/wp-content\/uploads\/2020\/01\/IMG_0775_compress35-768x512.jpg 768w\" sizes=\"(max-width: 767px) 89vw, (max-width: 1000px) 54vw, (max-width: 1071px) 543px, 580px\" \/><figcaption>Angkor Thom<\/figcaption><\/figure>\n\n\n\n<figure class=\"wp-block-image size-large\"><img decoding=\"async\" loading=\"lazy\" width=\"1296\" height=\"864\" src=\"http:\/\/lichri.radeln-in-den-sonnenaufgang.de\/wp-content\/uploads\/2020\/01\/IMG_2845_compress66.jpg\" alt=\"\" class=\"wp-image-1428\" srcset=\"http:\/\/lichri.radeln-in-den-sonnenaufgang.de\/wp-content\/uploads\/2020\/01\/IMG_2845_compress66.jpg 1296w, http:\/\/lichri.radeln-in-den-sonnenaufgang.de\/wp-content\/uploads\/2020\/01\/IMG_2845_compress66-300x200.jpg 300w, http:\/\/lichri.radeln-in-den-sonnenaufgang.de\/wp-content\/uploads\/2020\/01\/IMG_2845_compress66-1024x683.jpg 1024w, http:\/\/lichri.radeln-in-den-sonnenaufgang.de\/wp-content\/uploads\/2020\/01\/IMG_2845_compress66-768x512.jpg 768w\" sizes=\"(max-width: 767px) 89vw, (max-width: 1000px) 54vw, (max-width: 1071px) 543px, 580px\" \/><figcaption>Tja.. Ein besonderer Ort f\u00fcr Hochzeitsbilder: Terrace of the Elephants<\/figcaption><\/figure>\n","protected":false},"excerpt":{"rendered":"<p>Kambodscha (21.12.-28.12.2019) Um beim letzten Blogeintrag direkt anzukn\u00fcpfen: Nachdem wir von Don Det und den 4000 Inseln los- und \u00fcber die Grenze nach Kambodscha hinweg radelten, waren wir noch den restlichen Tag am Strampeln, bis wir in die n\u00e4chstgr\u00f6\u00dfere Stadt kamen. Um wieder in unseren Zeitplan zu kommen, entschlossen wir uns mit einem Bus (ja &hellip; <\/p>\n<p class=\"link-more\"><a href=\"http:\/\/lichri.radeln-in-den-sonnenaufgang.de\/?p=1432\" class=\"more-link\"><span class=\"screen-reader-text\">\u201eAuf den Spuren der alten Khmer\u201c<\/span> weiterlesen<\/a><\/p>\n","protected":false},"author":3,"featured_media":1431,"comment_status":"open","ping_status":"open","sticky":false,"template":"","format":"standard","meta":[],"categories":[1],"tags":[],"_links":{"self":[{"href":"http:\/\/lichri.radeln-in-den-sonnenaufgang.de\/index.php?rest_route=\/wp\/v2\/posts\/1432"}],"collection":[{"href":"http:\/\/lichri.radeln-in-den-sonnenaufgang.de\/index.php?rest_route=\/wp\/v2\/posts"}],"about":[{"href":"http:\/\/lichri.radeln-in-den-sonnenaufgang.de\/index.php?rest_route=\/wp\/v2\/types\/post"}],"author":[{"embeddable":true,"href":"http:\/\/lichri.radeln-in-den-sonnenaufgang.de\/index.php?rest_route=\/wp\/v2\/users\/3"}],"replies":[{"embeddable":true,"href":"http:\/\/lichri.radeln-in-den-sonnenaufgang.de\/index.php?rest_route=%2Fwp%2Fv2%2Fcomments&post=1432"}],"version-history":[{"count":3,"href":"http:\/\/lichri.radeln-in-den-sonnenaufgang.de\/index.php?rest_route=\/wp\/v2\/posts\/1432\/revisions"}],"predecessor-version":[{"id":1435,"href":"http:\/\/lichri.radeln-in-den-sonnenaufgang.de\/index.php?rest_route=\/wp\/v2\/posts\/1432\/revisions\/1435"}],"wp:featuredmedia":[{"embeddable":true,"href":"http:\/\/lichri.radeln-in-den-sonnenaufgang.de\/index.php?rest_route=\/wp\/v2\/media\/1431"}],"wp:attachment":[{"href":"http:\/\/lichri.radeln-in-den-sonnenaufgang.de\/index.php?rest_route=%2Fwp%2Fv2%2Fmedia&parent=1432"}],"wp:term":[{"taxonomy":"category","embeddable":true,"href":"http:\/\/lichri.radeln-in-den-sonnenaufgang.de\/index.php?rest_route=%2Fwp%2Fv2%2Fcategories&post=1432"},{"taxonomy":"post_tag","embeddable":true,"href":"http:\/\/lichri.radeln-in-den-sonnenaufgang.de\/index.php?rest_route=%2Fwp%2Fv2%2Ftags&post=1432"}],"curies":[{"name":"wp","href":"https:\/\/api.w.org\/{rel}","templated":true}]}}