{"id":1273,"date":"2019-12-11T02:26:08","date_gmt":"2019-12-11T02:26:08","guid":{"rendered":"http:\/\/lichri.radeln-in-den-sonnenaufgang.de\/?p=1273"},"modified":"2019-12-11T04:07:50","modified_gmt":"2019-12-11T04:07:50","slug":"laos-ein-kleines-adventsspecial","status":"publish","type":"post","link":"http:\/\/lichri.radeln-in-den-sonnenaufgang.de\/?p=1273","title":{"rendered":"Laos &#8211; ein kleines Adventsspecial"},"content":{"rendered":"\n<p>Hohoho <\/p>\n\n\n\n<p>ihr sch\u00f6nen Menschen, es ist der 4. Dezember, wir sind seit 222 Tagen auf Reisen und es ist Adventszeit. Obwohl es mir in den vergangenen Jahren immer wieder schwer gefallen ist richtig in Weihnachtsstimmung zu kommen, so ist es dieses Jahr besonders hart. Ich liebe Weihnachten. Ich liebe die Jahreszeiten, die wir in Europa haben. Fr\u00fchling, Sommer, Herbst und Winter. Wie zauberhaft ist es, dass im Fr\u00fchling die Blumen bl\u00fchen, die K\u00e4lte vertrieben wird, das Leben erwacht. Wie sch\u00f6n sind lange, laue Sommerabende mit Freunden am See und wie gut tut ein leckeres, kaltes Eis bei der Hitze. Wie h\u00fcbsch sind unsere bunten Herbstw\u00e4lder \u2013 gr\u00fcn, gelb, braun, rot \u2013 leuchtend \u2013 wundersch\u00f6n.<\/p>\n\n\n\n<p>Und wie herzerw\u00e4rmend ist es sich bei Tee und Pl\u00e4tzchen an einem kalten Winterabend in eine Decke zu kuscheln und ein Buch zu lesen. Nicht raus gehen m\u00fcssen, weil das Wetter eh schei\u00dfe ist oder noch besser einen Spaziergang mit Freunden zu machen und sich dann auf das warme Zuhause zu freuen. Pl\u00e4tzchenduft und Weihnachtslieder. Was im Herbst beginnt, setzt sich im Winter fort \u2013 es wird ruhiger, langsamer, die Natur macht Pause. Und dieser Rhythmus tut gut \u2013 auch uns Menschen. Es ist eine Zeit zum runterkommen, reflektieren, entspannen. Deshalb liebe und vermisse ich den Winter. (Danke auch an Jannik, Clara, Johanna und Julian f\u00fcr das sch\u00f6ne Pl\u00e4tzchenvideo \u2013 das hat die Sache nicht leichter gemacht ;)) Die Dankbarkeit f\u00fcr diese sch\u00f6ne Jahreszeit, wollte ich gerne mit euch teilen, auch wenn ich 1000e Kilometer und auch einige Plusgrade davon entfernt bin.<\/p>\n\n\n\n<p>Eine Sache vermisse ich jedoch nicht. Und das ist der vorweihnachtliche Geschenkewahnsinn. Wie viele von euch wissen, habe ich einen Tag nach dem heiligen Abend Geburtstag und komischerweise habe ich damit ein ganz pers\u00f6nliches Problem: ich wei\u00df oft nicht mehr, was ich mir w\u00fcnschen soll. W\u00e4hrend des Jahres kommen mir dazu dutzende Ideen. Aber wenn dann Weihnachten und der Geburtstag vor der T\u00fcr stehen und ich gefragt werde, was ich mir w\u00fcnsche, ist der Kopf leer &#8211; bzw. die Bude voll. Ich hab doch alles was ich brauche. Nein \u2013 ich hab noch viel mehr als das was ich brauche! Sogar jetzt auf dem Fahrrad noch habe ich viel mehr, als notwendig. Sich Gedanken dar\u00fcber zu machen, was man sich selber w\u00fcnscht, ist jetzt nicht der mega-stress. Dazu kommt eher: Was schenke ich meiner Familie, meinen Freunden? Am liebsten etwas pers\u00f6nliches, \u00fcber das sie sich wirklich freuen, am besten was n\u00fctzliches, oder sch\u00f6nes, vielleicht sogar selbst gemacht. Und hier beginnt der Stress \u2013 hier beginnt der Kaufrausch und somit ist Weihnachten leider auch die Zeit, in der viele Dinge gekauft werden, damit man was zum verschenken hat. Um dem etwas entgegenzuwirken, haben wir zumindest in unseren Familien seit ein paar Jahren das Prinzip des Wichtelns eingef\u00fchrt. So zieht jeder in der Vorweihnachtszeit verdeckt den Namen eines Familienmitglieds und k\u00fcmmert sich dann nur um das Geschenk f\u00fcr diese Person. Ein H\u00f6chstbetrag wird vorher vereinbart. So empfinde ich die Bescherung bei uns in der Familie immer als feierlich, wenn jeder der Reihe nach sein Geschenk \u00fcbergeben darf.<\/p>\n\n\n\n<p>Ich m\u00f6chte euch ermutigen in der Adventszeit einen Gang runterzuschalten, den Winter, die Ruhe, die friedliche Natur, den hei\u00dfen Kakao, das Pl\u00e4tzchenbacken mit Freunden (und das anschlie\u00dfende Essen), das warme Ofenfeuer,\u2026 zu genie\u00dfen und euch zu \u00fcberlegen, was ihr zu Weihnachten wirklich braucht. Wenn ihr dar\u00fcber nachdenkt, so wie ich es in letzter Zeit oft getan habe, dann kommt ihr vielleicht ebenfalls zu dem Entschluss, dass ihr alles habt, was ihr braucht. Und das wunderbare, was sich dann einstellt, nennt sich: Dankbarkeit und Zufriedenheit.<\/p>\n\n\n\n<p>Und genau das sind die beiden Stichpunkte, die mich zum Thema des heutigen Blogeintrages f\u00fchren. Ich m\u00f6chte euch erz\u00e4hlen, was wir die letzten drei Wochen erlebt, gelernt und wen wir kennengelernt haben.<\/p>\n\n\n\n<h3>Unsere Fahrt nach Laos: Cat Ba &#8211; Hanoi &#8211; Dien Bien Phu &#8211; Luang Prabang<\/h3>\n\n\n\n<figure class=\"wp-block-image\"><img decoding=\"async\" loading=\"lazy\" width=\"984\" height=\"1312\" src=\"http:\/\/lichri.radeln-in-den-sonnenaufgang.de\/wp-content\/uploads\/2019\/12\/dsc_1997_compress20217615312586267561.jpg\" alt=\"\" class=\"wp-image-1288\" srcset=\"http:\/\/lichri.radeln-in-den-sonnenaufgang.de\/wp-content\/uploads\/2019\/12\/dsc_1997_compress20217615312586267561.jpg 984w, http:\/\/lichri.radeln-in-den-sonnenaufgang.de\/wp-content\/uploads\/2019\/12\/dsc_1997_compress20217615312586267561-225x300.jpg 225w, http:\/\/lichri.radeln-in-den-sonnenaufgang.de\/wp-content\/uploads\/2019\/12\/dsc_1997_compress20217615312586267561-768x1024.jpg 768w\" sizes=\"(max-width: 767px) 89vw, (max-width: 1000px) 54vw, (max-width: 1071px) 543px, 580px\" \/><figcaption>Der letzte Kaffee am Strand<\/figcaption><\/figure>\n\n\n\n<p>Nachdem wir den Strand nach dem letzten Blogeintrag hinter uns gelassen haben (da war ich schon etwas traurig), sind wir mit dem Bus nach Hanoi gefahren \u2013 die Hauptstadt Vietnams. Dort konnten wir in Quinhs Wunderland unterkommen, das G\u00e4stezimmer, mit den hohen Decken und der zweiten Ebene, die einem das Gef\u00fchl geben man w\u00fcrde in der Werkstatt Meister Eders \u00fcbernachten. Wir hatten ein paar Tage in dieser pulsierenden Stadt mit dem verr\u00fcckten Verkehr. Millionen von Rollern schieben sich zu den Sto\u00dfzeiten durch die Stra\u00dfen, dicht an dicht. Das Fahrradfahren dort ist ein wahres Abenteuer f\u00fcr sich. Und obwohl ich jede Sekunde damit rechnete \u00dcberfahren zu werden, ist nie etwas passiert. Irgendwie ist da Ordnung im Chaos. Nachdem wir die R\u00e4der in die Werkstatt zum Generalcheck gebracht, in einem super s\u00fc\u00dfen Caf\u00e9 am Westlake mexianische hei\u00dfe Schokolade und Kuchen genossen, in einem Veganen Buffet f\u00fcr umgerechnet 1,60 Euro zu Mittag gegessen (letzteres haben wir zweimal gemacht), das Museum \u00fcber Vietnams erstaunliche Frauen besucht haben, ging es dann mit dem Bus weiter nach Laos. Die R\u00e4der wurden kurzerhand auf den Bus gepackt, weil in den Gep\u00e4ckf\u00e4chern unter dem Bus bereits drei Motorr\u00e4der verstaut waren. Dann ging es 10 Stunden mit dem Nachtbus durchs Land, bis kurz vor die laotische Grenze. Dort wechselten wir den Bus, verstauten die R\u00e4der und das Gep\u00e4ck erneut auf dem Bus (diesmal gab es keine Gep\u00e4ckf\u00e4cher). Es war uns schon ein wenig Angst um unsere Fahrradtaschen, die so lose auf dem Dach allen Ersch\u00fctterungen der Schlagl\u00f6cher ausgesetzt waren. Aber siehe da, es ist nichts passiert. Die R\u00e4der waren nach den insgesamt 24 Stunden Busfahrt noch heil und die Taschen vollst\u00e4ndig.<\/p>\n\n\n\n<figure class=\"wp-block-image\"><img decoding=\"async\" loading=\"lazy\" width=\"1312\" height=\"984\" src=\"http:\/\/lichri.radeln-in-den-sonnenaufgang.de\/wp-content\/uploads\/2019\/12\/DSC_0019_compress92.jpg\" alt=\"\" class=\"wp-image-1277\" srcset=\"http:\/\/lichri.radeln-in-den-sonnenaufgang.de\/wp-content\/uploads\/2019\/12\/DSC_0019_compress92.jpg 1312w, http:\/\/lichri.radeln-in-den-sonnenaufgang.de\/wp-content\/uploads\/2019\/12\/DSC_0019_compress92-300x225.jpg 300w, http:\/\/lichri.radeln-in-den-sonnenaufgang.de\/wp-content\/uploads\/2019\/12\/DSC_0019_compress92-1024x768.jpg 1024w, http:\/\/lichri.radeln-in-den-sonnenaufgang.de\/wp-content\/uploads\/2019\/12\/DSC_0019_compress92-768x576.jpg 768w\" sizes=\"(max-width: 767px) 89vw, (max-width: 1000px) 54vw, (max-width: 1071px) 543px, 580px\" \/><figcaption>Westlake, Hanoi<\/figcaption><\/figure>\n\n\n\n<figure class=\"wp-block-image\"><img decoding=\"async\" loading=\"lazy\" width=\"1296\" height=\"864\" src=\"http:\/\/lichri.radeln-in-den-sonnenaufgang.de\/wp-content\/uploads\/2019\/12\/IMG_9002_compress64-1.jpg\" alt=\"\" class=\"wp-image-1278\" srcset=\"http:\/\/lichri.radeln-in-den-sonnenaufgang.de\/wp-content\/uploads\/2019\/12\/IMG_9002_compress64-1.jpg 1296w, http:\/\/lichri.radeln-in-den-sonnenaufgang.de\/wp-content\/uploads\/2019\/12\/IMG_9002_compress64-1-300x200.jpg 300w, http:\/\/lichri.radeln-in-den-sonnenaufgang.de\/wp-content\/uploads\/2019\/12\/IMG_9002_compress64-1-1024x683.jpg 1024w, http:\/\/lichri.radeln-in-den-sonnenaufgang.de\/wp-content\/uploads\/2019\/12\/IMG_9002_compress64-1-768x512.jpg 768w\" sizes=\"(max-width: 767px) 89vw, (max-width: 1000px) 54vw, (max-width: 1071px) 543px, 580px\" \/><\/figure>\n\n\n\n<figure class=\"wp-block-image\"><img decoding=\"async\" loading=\"lazy\" width=\"864\" height=\"1296\" src=\"http:\/\/lichri.radeln-in-den-sonnenaufgang.de\/wp-content\/uploads\/2019\/12\/img_8999_compress277460516702266068258.jpg\" alt=\"\" class=\"wp-image-1280\" srcset=\"http:\/\/lichri.radeln-in-den-sonnenaufgang.de\/wp-content\/uploads\/2019\/12\/img_8999_compress277460516702266068258.jpg 864w, http:\/\/lichri.radeln-in-den-sonnenaufgang.de\/wp-content\/uploads\/2019\/12\/img_8999_compress277460516702266068258-200x300.jpg 200w, http:\/\/lichri.radeln-in-den-sonnenaufgang.de\/wp-content\/uploads\/2019\/12\/img_8999_compress277460516702266068258-683x1024.jpg 683w, http:\/\/lichri.radeln-in-den-sonnenaufgang.de\/wp-content\/uploads\/2019\/12\/img_8999_compress277460516702266068258-768x1152.jpg 768w\" sizes=\"(max-width: 767px) 89vw, (max-width: 1000px) 54vw, (max-width: 1071px) 543px, 580px\" \/><figcaption>Nach Tag 1 in Hanoi waren wir gesettled: Stamm-Caf\u00e9 und Veganbuffet wurden t\u00e4glich gefeiert <\/figcaption><\/figure>\n\n\n\n<figure class=\"wp-block-image\"><img decoding=\"async\" loading=\"lazy\" width=\"864\" height=\"1296\" src=\"http:\/\/lichri.radeln-in-den-sonnenaufgang.de\/wp-content\/uploads\/2019\/12\/img_9012_compress737534494011464157533.jpg\" alt=\"\" class=\"wp-image-1281\" srcset=\"http:\/\/lichri.radeln-in-den-sonnenaufgang.de\/wp-content\/uploads\/2019\/12\/img_9012_compress737534494011464157533.jpg 864w, http:\/\/lichri.radeln-in-den-sonnenaufgang.de\/wp-content\/uploads\/2019\/12\/img_9012_compress737534494011464157533-200x300.jpg 200w, http:\/\/lichri.radeln-in-den-sonnenaufgang.de\/wp-content\/uploads\/2019\/12\/img_9012_compress737534494011464157533-683x1024.jpg 683w, http:\/\/lichri.radeln-in-den-sonnenaufgang.de\/wp-content\/uploads\/2019\/12\/img_9012_compress737534494011464157533-768x1152.jpg 768w\" sizes=\"(max-width: 767px) 89vw, (max-width: 1000px) 54vw, (max-width: 1071px) 543px, 580px\" \/><figcaption>Auf der langen Fahrt machten alle vier, R\u00e4der und wir, einiges mit.<\/figcaption><\/figure>\n\n\n\n<h3>Was wir \u00fcber Laos lernen durften:<\/h3>\n\n\n\n<h4>Mentalit\u00e4t und Bildung<\/h4>\n\n\n\n<p>Und dann waren wir da: In Luang Prabang. Einer wundersch\u00f6nen (sehr touristischen) Stadt im Norden von Laos. Passend zu Weihnachten scheint an sich der Lebensrhythmus in Laos etwas langsamer zu sein, die Menschen freundlich und entspannt. <\/p>\n\n\n\n<figure class=\"wp-block-image\"><img decoding=\"async\" loading=\"lazy\" width=\"1296\" height=\"864\" src=\"http:\/\/lichri.radeln-in-den-sonnenaufgang.de\/wp-content\/uploads\/2019\/12\/IMG_9038_compress86.jpg\" alt=\"\" class=\"wp-image-1282\" srcset=\"http:\/\/lichri.radeln-in-den-sonnenaufgang.de\/wp-content\/uploads\/2019\/12\/IMG_9038_compress86.jpg 1296w, http:\/\/lichri.radeln-in-den-sonnenaufgang.de\/wp-content\/uploads\/2019\/12\/IMG_9038_compress86-300x200.jpg 300w, http:\/\/lichri.radeln-in-den-sonnenaufgang.de\/wp-content\/uploads\/2019\/12\/IMG_9038_compress86-1024x683.jpg 1024w, http:\/\/lichri.radeln-in-den-sonnenaufgang.de\/wp-content\/uploads\/2019\/12\/IMG_9038_compress86-768x512.jpg 768w\" sizes=\"(max-width: 767px) 89vw, (max-width: 1000px) 54vw, (max-width: 1071px) 543px, 580px\" \/><\/figure>\n\n\n\n<figure class=\"wp-block-image\"><img decoding=\"async\" loading=\"lazy\" width=\"864\" height=\"1296\" src=\"http:\/\/lichri.radeln-in-den-sonnenaufgang.de\/wp-content\/uploads\/2019\/12\/img_9030_compress56120635777437124409.jpg\" alt=\"\" class=\"wp-image-1283\" srcset=\"http:\/\/lichri.radeln-in-den-sonnenaufgang.de\/wp-content\/uploads\/2019\/12\/img_9030_compress56120635777437124409.jpg 864w, http:\/\/lichri.radeln-in-den-sonnenaufgang.de\/wp-content\/uploads\/2019\/12\/img_9030_compress56120635777437124409-200x300.jpg 200w, http:\/\/lichri.radeln-in-den-sonnenaufgang.de\/wp-content\/uploads\/2019\/12\/img_9030_compress56120635777437124409-683x1024.jpg 683w, http:\/\/lichri.radeln-in-den-sonnenaufgang.de\/wp-content\/uploads\/2019\/12\/img_9030_compress56120635777437124409-768x1152.jpg 768w\" sizes=\"(max-width: 767px) 89vw, (max-width: 1000px) 54vw, (max-width: 1071px) 543px, 580px\" \/><\/figure>\n\n\n\n<figure class=\"wp-block-image\"><img decoding=\"async\" loading=\"lazy\" width=\"864\" height=\"1296\" src=\"http:\/\/lichri.radeln-in-den-sonnenaufgang.de\/wp-content\/uploads\/2019\/12\/img_9020_compress482823684355953314846.jpg\" alt=\"\" class=\"wp-image-1284\" srcset=\"http:\/\/lichri.radeln-in-den-sonnenaufgang.de\/wp-content\/uploads\/2019\/12\/img_9020_compress482823684355953314846.jpg 864w, http:\/\/lichri.radeln-in-den-sonnenaufgang.de\/wp-content\/uploads\/2019\/12\/img_9020_compress482823684355953314846-200x300.jpg 200w, http:\/\/lichri.radeln-in-den-sonnenaufgang.de\/wp-content\/uploads\/2019\/12\/img_9020_compress482823684355953314846-683x1024.jpg 683w, http:\/\/lichri.radeln-in-den-sonnenaufgang.de\/wp-content\/uploads\/2019\/12\/img_9020_compress482823684355953314846-768x1152.jpg 768w\" sizes=\"(max-width: 767px) 89vw, (max-width: 1000px) 54vw, (max-width: 1071px) 543px, 580px\" \/><\/figure>\n\n\n\n<figure class=\"wp-block-image\"><img decoding=\"async\" loading=\"lazy\" width=\"1224\" height=\"1632\" src=\"http:\/\/lichri.radeln-in-den-sonnenaufgang.de\/wp-content\/uploads\/2019\/12\/20191128_170603_compress663474685286061978042.jpg\" alt=\"\" class=\"wp-image-1294\" srcset=\"http:\/\/lichri.radeln-in-den-sonnenaufgang.de\/wp-content\/uploads\/2019\/12\/20191128_170603_compress663474685286061978042.jpg 1224w, http:\/\/lichri.radeln-in-den-sonnenaufgang.de\/wp-content\/uploads\/2019\/12\/20191128_170603_compress663474685286061978042-225x300.jpg 225w, http:\/\/lichri.radeln-in-den-sonnenaufgang.de\/wp-content\/uploads\/2019\/12\/20191128_170603_compress663474685286061978042-768x1024.jpg 768w, http:\/\/lichri.radeln-in-den-sonnenaufgang.de\/wp-content\/uploads\/2019\/12\/20191128_170603_compress663474685286061978042-1152x1536.jpg 1152w\" sizes=\"(max-width: 767px) 89vw, (max-width: 1000px) 54vw, (max-width: 1071px) 543px, 580px\" \/><figcaption>Die Falang- (Ausl\u00e4nder, bzw. Franzosen) -Bar unseres Vertrauens, das Utopia, war super entspannt. Nur locals sucht man hier vergeblich&#8230; und teuer wars. Wurde also nicht zur Stammkneipe<\/figcaption><\/figure>\n\n\n\n<figure class=\"wp-block-image\"><img decoding=\"async\" loading=\"lazy\" width=\"864\" height=\"1296\" src=\"http:\/\/lichri.radeln-in-den-sonnenaufgang.de\/wp-content\/uploads\/2019\/12\/img_9862_compress914850449347948996743.jpg\" alt=\"\" class=\"wp-image-1285\" srcset=\"http:\/\/lichri.radeln-in-den-sonnenaufgang.de\/wp-content\/uploads\/2019\/12\/img_9862_compress914850449347948996743.jpg 864w, http:\/\/lichri.radeln-in-den-sonnenaufgang.de\/wp-content\/uploads\/2019\/12\/img_9862_compress914850449347948996743-200x300.jpg 200w, http:\/\/lichri.radeln-in-den-sonnenaufgang.de\/wp-content\/uploads\/2019\/12\/img_9862_compress914850449347948996743-683x1024.jpg 683w, http:\/\/lichri.radeln-in-den-sonnenaufgang.de\/wp-content\/uploads\/2019\/12\/img_9862_compress914850449347948996743-768x1152.jpg 768w\" sizes=\"(max-width: 767px) 89vw, (max-width: 1000px) 54vw, (max-width: 1071px) 543px, 580px\" \/><figcaption>Sabaidee, Mittagessen!<\/figcaption><\/figure>\n\n\n\n<figure class=\"wp-block-image\"><img decoding=\"async\" loading=\"lazy\" width=\"1296\" height=\"864\" src=\"http:\/\/lichri.radeln-in-den-sonnenaufgang.de\/wp-content\/uploads\/2019\/12\/IMG_9863_compress3.jpg\" alt=\"\" class=\"wp-image-1286\" srcset=\"http:\/\/lichri.radeln-in-den-sonnenaufgang.de\/wp-content\/uploads\/2019\/12\/IMG_9863_compress3.jpg 1296w, http:\/\/lichri.radeln-in-den-sonnenaufgang.de\/wp-content\/uploads\/2019\/12\/IMG_9863_compress3-300x200.jpg 300w, http:\/\/lichri.radeln-in-den-sonnenaufgang.de\/wp-content\/uploads\/2019\/12\/IMG_9863_compress3-1024x683.jpg 1024w, http:\/\/lichri.radeln-in-den-sonnenaufgang.de\/wp-content\/uploads\/2019\/12\/IMG_9863_compress3-768x512.jpg 768w\" sizes=\"(max-width: 767px) 89vw, (max-width: 1000px) 54vw, (max-width: 1071px) 543px, 580px\" \/><\/figure>\n\n\n\n<figure class=\"wp-block-image\"><img decoding=\"async\" loading=\"lazy\" width=\"1296\" height=\"864\" src=\"http:\/\/lichri.radeln-in-den-sonnenaufgang.de\/wp-content\/uploads\/2019\/12\/IMG_9827_compress17.jpg\" alt=\"\" class=\"wp-image-1287\" srcset=\"http:\/\/lichri.radeln-in-den-sonnenaufgang.de\/wp-content\/uploads\/2019\/12\/IMG_9827_compress17.jpg 1296w, http:\/\/lichri.radeln-in-den-sonnenaufgang.de\/wp-content\/uploads\/2019\/12\/IMG_9827_compress17-300x200.jpg 300w, http:\/\/lichri.radeln-in-den-sonnenaufgang.de\/wp-content\/uploads\/2019\/12\/IMG_9827_compress17-1024x683.jpg 1024w, http:\/\/lichri.radeln-in-den-sonnenaufgang.de\/wp-content\/uploads\/2019\/12\/IMG_9827_compress17-768x512.jpg 768w\" sizes=\"(max-width: 767px) 89vw, (max-width: 1000px) 54vw, (max-width: 1071px) 543px, 580px\" \/><\/figure>\n\n\n\n<p>Das k\u00f6nnte daran liegen, dass starke Emotionen in Laos ein Tabu sind. \u201eKarma\u201c, so glauben die Laoten, bestimmt mehr noch als Hingabe, Gebet oder harte Arbeit \u00fcber das Schicksal des Lebens. Deshalb versuchen die meisten sich nicht zu viele Sorgen um die Zukunft zu machen. Viele Laoten vertreten die Auffassung, dass zu viel Arbeit nicht gut f\u00fcr das Gehirn sei und sie sagen oft, dass ihnen die Leute leid tun, die zu viel denken. Und so wird Bildung generell als nicht so erstrebenswert angesehen, wobei sich das mit der Modernisierung des Landes schrittweise \u00e4ndert. In Luang Prabang gibt es viele buddistische Kl\u00f6ster und jeden Tag trifft man auf dutzende in safranfarbene Gew\u00e4nder gekleidete M\u00f6nche. Viele von ihnen sind noch sehr jung \u2013 denn um eine h\u00f6here Schulbildung genie\u00dfen zu k\u00f6nnen, schicken manche Familien ihre S\u00f6hne nach dem Ende der Grundschule im Alter von 12 Jahren ins Kloster. F\u00fcr die meisten anderen Kinder ist die Schulbildung nach der Grundschule abgeschlossen.<\/p>\n\n\n\n<figure class=\"wp-block-image\"><img decoding=\"async\" loading=\"lazy\" width=\"864\" height=\"1296\" src=\"http:\/\/lichri.radeln-in-den-sonnenaufgang.de\/wp-content\/uploads\/2019\/12\/img_9813_compress44839115077344625220.jpg\" alt=\"\" class=\"wp-image-1289\" srcset=\"http:\/\/lichri.radeln-in-den-sonnenaufgang.de\/wp-content\/uploads\/2019\/12\/img_9813_compress44839115077344625220.jpg 864w, http:\/\/lichri.radeln-in-den-sonnenaufgang.de\/wp-content\/uploads\/2019\/12\/img_9813_compress44839115077344625220-200x300.jpg 200w, http:\/\/lichri.radeln-in-den-sonnenaufgang.de\/wp-content\/uploads\/2019\/12\/img_9813_compress44839115077344625220-683x1024.jpg 683w, http:\/\/lichri.radeln-in-den-sonnenaufgang.de\/wp-content\/uploads\/2019\/12\/img_9813_compress44839115077344625220-768x1152.jpg 768w\" sizes=\"(max-width: 767px) 89vw, (max-width: 1000px) 54vw, (max-width: 1071px) 543px, 580px\" \/><\/figure>\n\n\n\n<figure class=\"wp-block-image\"><img decoding=\"async\" loading=\"lazy\" width=\"1296\" height=\"864\" src=\"http:\/\/lichri.radeln-in-den-sonnenaufgang.de\/wp-content\/uploads\/2019\/12\/IMG_9040_compress49.jpg\" alt=\"\" class=\"wp-image-1290\" srcset=\"http:\/\/lichri.radeln-in-den-sonnenaufgang.de\/wp-content\/uploads\/2019\/12\/IMG_9040_compress49.jpg 1296w, http:\/\/lichri.radeln-in-den-sonnenaufgang.de\/wp-content\/uploads\/2019\/12\/IMG_9040_compress49-300x200.jpg 300w, http:\/\/lichri.radeln-in-den-sonnenaufgang.de\/wp-content\/uploads\/2019\/12\/IMG_9040_compress49-1024x683.jpg 1024w, http:\/\/lichri.radeln-in-den-sonnenaufgang.de\/wp-content\/uploads\/2019\/12\/IMG_9040_compress49-768x512.jpg 768w\" sizes=\"(max-width: 767px) 89vw, (max-width: 1000px) 54vw, (max-width: 1071px) 543px, 580px\" \/><\/figure>\n\n\n\n<figure class=\"wp-block-image\"><img decoding=\"async\" loading=\"lazy\" width=\"1296\" height=\"864\" src=\"http:\/\/lichri.radeln-in-den-sonnenaufgang.de\/wp-content\/uploads\/2019\/12\/IMG_9097_compress9.jpg\" alt=\"\" class=\"wp-image-1291\" srcset=\"http:\/\/lichri.radeln-in-den-sonnenaufgang.de\/wp-content\/uploads\/2019\/12\/IMG_9097_compress9.jpg 1296w, http:\/\/lichri.radeln-in-den-sonnenaufgang.de\/wp-content\/uploads\/2019\/12\/IMG_9097_compress9-300x200.jpg 300w, http:\/\/lichri.radeln-in-den-sonnenaufgang.de\/wp-content\/uploads\/2019\/12\/IMG_9097_compress9-1024x683.jpg 1024w, http:\/\/lichri.radeln-in-den-sonnenaufgang.de\/wp-content\/uploads\/2019\/12\/IMG_9097_compress9-768x512.jpg 768w\" sizes=\"(max-width: 767px) 89vw, (max-width: 1000px) 54vw, (max-width: 1071px) 543px, 580px\" \/><\/figure>\n\n\n\n<figure class=\"wp-block-image\"><img decoding=\"async\" loading=\"lazy\" width=\"1296\" height=\"864\" src=\"http:\/\/lichri.radeln-in-den-sonnenaufgang.de\/wp-content\/uploads\/2019\/12\/IMG_9106_compress95.jpg\" alt=\"\" class=\"wp-image-1292\" srcset=\"http:\/\/lichri.radeln-in-den-sonnenaufgang.de\/wp-content\/uploads\/2019\/12\/IMG_9106_compress95.jpg 1296w, http:\/\/lichri.radeln-in-den-sonnenaufgang.de\/wp-content\/uploads\/2019\/12\/IMG_9106_compress95-300x200.jpg 300w, http:\/\/lichri.radeln-in-den-sonnenaufgang.de\/wp-content\/uploads\/2019\/12\/IMG_9106_compress95-1024x683.jpg 1024w, http:\/\/lichri.radeln-in-den-sonnenaufgang.de\/wp-content\/uploads\/2019\/12\/IMG_9106_compress95-768x512.jpg 768w\" sizes=\"(max-width: 767px) 89vw, (max-width: 1000px) 54vw, (max-width: 1071px) 543px, 580px\" \/><\/figure>\n\n\n\n<figure class=\"wp-block-image\"><img decoding=\"async\" loading=\"lazy\" width=\"1296\" height=\"864\" src=\"http:\/\/lichri.radeln-in-den-sonnenaufgang.de\/wp-content\/uploads\/2019\/12\/IMG_9114_compress60.jpg\" alt=\"\" class=\"wp-image-1293\" srcset=\"http:\/\/lichri.radeln-in-den-sonnenaufgang.de\/wp-content\/uploads\/2019\/12\/IMG_9114_compress60.jpg 1296w, http:\/\/lichri.radeln-in-den-sonnenaufgang.de\/wp-content\/uploads\/2019\/12\/IMG_9114_compress60-300x200.jpg 300w, http:\/\/lichri.radeln-in-den-sonnenaufgang.de\/wp-content\/uploads\/2019\/12\/IMG_9114_compress60-1024x683.jpg 1024w, http:\/\/lichri.radeln-in-den-sonnenaufgang.de\/wp-content\/uploads\/2019\/12\/IMG_9114_compress60-768x512.jpg 768w\" sizes=\"(max-width: 767px) 89vw, (max-width: 1000px) 54vw, (max-width: 1071px) 543px, 580px\" \/><\/figure>\n\n\n\n<h4>J\u00fcngere Geschichte<\/h4>\n\n\n\n<p>Laos ist ein sehr armes Land. Ein Grund hierf\u00fcr ist der \u201egeheime Krieg\u201c, der von 1954 bis 1973 das Land bestimmte \u2013 Auswirkungen des Vietnamkriegs, bzw. Amerikakriegs, wie er in Vietnam genannt wird. Die Geschichte dieser beiden L\u00e4nder h\u00e4ngt engt zusammen. Nach dem Ende des zweiten Weltkriegs hat die Kommunistische Partei Vietnams unter Ho Chi Minh die Unabh\u00e4ngigkeit von Frankreich erkl\u00e4rt. Zu dieser Zeit hatten seine Truppen schon gro\u00dfe Teile des Landes unter Kontrolle. Das Land schlitterte vom zweiten Weltkrieg in den Krieg um die Frage der Unabh\u00e4ngigkeit von Frankreich. 1954 wurde Vietnam dann geteilt in Nord- und S\u00fcdvietnam. Der Norden wurde von den Kommunisten regiert. Es gab jedoch schnell Bestrebungen diese Trennung aufzuheben. Die n\u00e4chste Krise verwandelte sich in Krieg, als die kommunistischen Viet Cong eine bewaffnete Guirrilla formten und gegen die Regierung des S\u00fcdens ank\u00e4mpfte, um das Land wieder zu vereinen. 1965 schickte dann Amerika die ersten Truppen ins Land, um die Regierung des S\u00fcdens zu unterst\u00fctzen \u2013 getrieben von der Angst vor dem Kommunismus und vor allem davon, dass ein Dominoeffekt unter den L\u00e4ndern in S\u00fcdostasien eintreten w\u00fcrde, wenn Vietnam vollst\u00e4ndig kommunistisch regiert werden w\u00fcrde. Der Krieg zwischen den Viet Cong und Amerika (S\u00fcd Korea, Australien, Thailand und Neu Seeland schickten ebenfalls Truppen zur Unterst\u00fctzung Amerikas) endete 1975 mit der Zusammenf\u00fchrung von Nord und S\u00fcd. Die s\u00fcdliche Hauptstadt Saigon wurde in Ho Chi Minh Stadt umbenannt. Hunderttausende Menschen S\u00fcdvietnams flohen in der Folge. Jahrelange Repressionen Amerikas gegen Vietnam folgten. In all diese Unruhen, Konflikte und den Krieg wurde das neutrale Laos mit hineingezogen. Als neutrale Zone durften weder Vietnamesen noch Amerikaner die Grenze passieren. Das jedoch wurde zu einem Katz und Maus Spiel als die CIA begann die Hmong in Laos als Soldaten auszubilden. Die Viet Minh schmuggelten gro\u00dfe Mengen Waffen \u00fcber den Ho Chi Minh Trail \u00fcber Laos in den S\u00fcden Vietnams. Um das zu unterbinden beschossen die amerikanischen Truppen von 1964 bis 1973 das neutrale Land Laos. Das fl\u00e4chendeckende Bombardement durch die US-Streitkr\u00e4fte f\u00fchrte dazu, dass \u00fcber neun Jahre hinweg t\u00e4glich im Durchschnitt alle acht Minuten eine Flugzeugladung Bomben auf das Land abgeschossen wurde. Laos ist das am h\u00e4ufigsten bombardierte Land der Welt. Von 1964 bis 1973 wurden mehr Bomben auf Laos abgeworfen, als im zweiten Weltkrieg \u00fcber ganz Europa \u2013 sieben Bomben f\u00fcr jeden Mann, jede Frau und jedes Kind. Viele dieser Bomben schlummern bis heute im Untergrund und forderten seit dem Ende des Krieges tausende Menschenleben.<\/p>\n\n\n\n<h4>Armut und deren Folgen<\/h4>\n\n\n\n<p>Die Kampfhandlungen unter anderem im Indochina- und dem Vietnamkrieg warfen das bis dahin oft durch Fremdherrschaft dominierte und ohnehin nicht besonders reiche Land und seine wirtschaftliche und auch sonstige Entwicklung weiter zur\u00fcck. Die resultierend Armut wiederum hat Folgen \u2013 von den Leuten die f\u00fcr etwas Kleingeld Blindg\u00e4nger einschmelzen um das Metall zu verkaufen wollen wir hier gar nicht reden.Wie \u00fcberall, wo Menschen durch Armut existenziell bedroht sind, gehen Langfrist-Perspektiven und dementsprechend planvolles, vorausschauendes Handeln fl\u00f6ten, weil die gr\u00f6\u00dfte Sorge der unmittelbaren Not gilt: mit was ern\u00e4hren ich heute meine Familie? Neben der Mangel- und Fehlern\u00e4hrung, die \u2013 um eine konkrete Zahl zu nennen \u2013 heute noch 44% der unter zweij\u00e4hrigen Kinder in ihrer Entwicklung gef\u00e4hrdet, sind weitere Symptome der Armut und Misswirtschaft schrumpfende und kr\u00e4nkliche Nutztierbest\u00e4nde. Abgesehen vom Reisanbau gibt es wenig Ackerbau, was die Ern\u00e4hrung der Menschen vergleichsweise fleischlastig macht. Nicht zuletzt deshalb ist es auch auf den Feldern und in den W\u00e4ldern um die Siedlungen in Laos zumeist unheimlich still \u2013 alles was essbar ist, wird gefangen, gegrillt, verkauft oder verzehrt. Beim Bummel \u00fcber den lokalen Markt findet man daher nicht selten Ratten, Kr\u00f6ten, Flederm\u00e4use und dergleichen \u2013 essfertig oder zur Zubereitung zuhause.<\/p>\n\n\n\n<h3>Laos Buffalo Dairy \u2013 Unsere Erfahrungen von der gemeinn\u00fctzigen Molkerei<\/h3>\n\n\n\n<figure class=\"wp-block-image\"><img decoding=\"async\" loading=\"lazy\" width=\"1296\" height=\"864\" src=\"http:\/\/lichri.radeln-in-den-sonnenaufgang.de\/wp-content\/uploads\/2019\/12\/IMG_9894_compress93.jpg\" alt=\"\" class=\"wp-image-1324\" srcset=\"http:\/\/lichri.radeln-in-den-sonnenaufgang.de\/wp-content\/uploads\/2019\/12\/IMG_9894_compress93.jpg 1296w, http:\/\/lichri.radeln-in-den-sonnenaufgang.de\/wp-content\/uploads\/2019\/12\/IMG_9894_compress93-300x200.jpg 300w, http:\/\/lichri.radeln-in-den-sonnenaufgang.de\/wp-content\/uploads\/2019\/12\/IMG_9894_compress93-1024x683.jpg 1024w, http:\/\/lichri.radeln-in-den-sonnenaufgang.de\/wp-content\/uploads\/2019\/12\/IMG_9894_compress93-768x512.jpg 768w\" sizes=\"(max-width: 767px) 89vw, (max-width: 1000px) 54vw, (max-width: 1071px) 543px, 580px\" \/><figcaption>Lola und Lisa<\/figcaption><\/figure>\n\n\n\n<p>Einiges dessen, was wir euch in den obigen Abs\u00e4tzen zu lesen geben, haben wir auf der \u00abFarm\u00bb gelernt, auf der wir nun seit fast drei Wochen freiwillig mitarbeiten \u2013 gegen Kost und Logis. Die Laos Buffalo Dairy (dt: Laos B\u00fcffel Molkerei), die unsere Gastgeberin Rachel aus den USA zusammen mit den Aussies Susie und Steven ins Leben gerufen haben, ist ein gemeinn\u00fctziges Unternehmen, das durch seine Gesch\u00e4ftsstruktur und weitere Programme versucht, die Armut der Bauern zu mindern und sie durch Bildung in ihrem eigenen Wirtschaften zu st\u00e4rken. Deren Situation nochmal kurz wie folgt:<\/p>\n\n\n\n<p>Das durchschnittliche Jahreseinkommen eines Bauern betr\u00e4gt ca. 1200 USD. Das reicht kaum, um die Familie gut zu ern\u00e4hren. Als wandelnde Lebensversicherung halten viele Bauern deshalb Wasserb\u00fcffel, Schweine, Kaninchen und H\u00fchner. Die k\u00f6nnen bei Bedarf f\u00fcr die Fleischproduktion verkauft oder selber verarbeitet werden. Jedoch sind keine finanzielle Mittel f\u00fcr angemessene Tierhaltung vorhanden. Deshalb laufen die Wasserb\u00fcffel auf den Feldern und in den W\u00e4ldern frei herum, auf der Suche nach Essbarem. Viele werden krank oder sterben. Impfungen und tier\u00e4rztliche Versorgung sind so gut wie nicht existent.<\/p>\n\n\n\n<p>Vor diesem Hintergrund ist das Engagement Susies, Stevens und Rachels zu sehen, welche die Molkerei aufgebaut haben. Nach ihren Reisen in u.a. Sri Lanka, wo B\u00fcffelmilch traditionell zu Joghurt und K\u00e4se verarbeitet werden, kamen sie auf die Idee, in Laos, wo Milchprodukte teure Importwaren sind, selbst in das Milchgesch\u00e4ft einzusteigen: Sie w\u00fcrden K\u00e4se und Co machen, aus der B\u00fcffelmilch, die sie den lokalen Bauern abkauften. Diese Idee platzte jedoch wie eine Seifenblase, als die drei herausfinden mussten, dass die Bauern in Laos zwar jede Menge B\u00fcffeldamen hielten, von Milch \u2013 die viele mit Kokosmilch gleichzusetzen schienen &#8211; jedoch absolut keinen Schimmer hatten. Dass Joghurt ebenfalls aus Obst hergestellt werden m\u00fcsse ist eine logische Schlussfolgerung in einer Kultur, in der Milch abgesehen von Muttermilch, absolut keine Rolle spielt. Es war also klar, dass es innerhalb der n\u00e4chsten Jahre nicht m\u00f6glich sein w\u00fcrde von irgendeinem Bauern Milch kaufen zu k\u00f6nnen. Um sie dennoch an der Wertsch\u00f6pfung durch das zu gr\u00fcndende Unternehmen zu beteiligen, kamen sie auf die Idee, die B\u00fcffel f\u00fcr die Milchproduktion von den Bauern zu mieten. F\u00fcr den Bauern ein guter Deal, m\u00fcsste er sich in der Zeit der Miete nicht um das Tier k\u00fcmmern und w\u00fcrde obendrein noch umgerechnet $100 Mieteinnahmen erhalten. Und verkaufen k\u00f6nne er es danach immernoch. Obgleich dieser und weiterer Vorteile f\u00fcr den Bauern, wie der tiermedizinischen Versorgung, gab es gro\u00dfe Zweifel an der Seri\u00f6sit\u00e4t des Unternehmens und des Mietsystems. Mit Hilfe eines mutigen Dorfvorstehers der voranging und seine Tiere zur Verf\u00fcgung stellte sowie den professionell und kooperativ aufgesetzten Vertr\u00e4gen, die Provinz- und Lokalregierung absegneten, konnten dann mehr und mehr Bauern \u00fcberzeugt werden, dass es KEIN gro\u00dfes Grillfest geben w\u00fcrde, sobald ihr B\u00fcffel die angebliche Molkerei betrete. Somit konnte vor 3 Jahren schlie\u00dflich mit 170 Bauern aus 17 D\u00f6rfern gestartet werden. <\/p>\n\n\n\n<p>Inzwischen kommen Tiere von rund 220 Farmern aus 20 D\u00f6rfern auf die Farm der Molkerei \u2013 innerhalb von 5km Entfernung zu Fu\u00df, sonst per organisiertem Truck. Eine B\u00fcffeldame wird auf dem Feld auf Schwangerschaftstatus und \u00fcbertragbare Krankheiten getestet, bevor sie schlie\u00dflich im achten von zehn Schwangerschaftsmonaten auf das Farmgel\u00e4nde kommt. Hier verbringt sie dann zur Sicherheit einen Monat in Quarant\u00e4ne, wo sie beobachtet, geimpft und ihre Gesundheit und die des Kalbes gepr\u00fcft wird. Rund einen Monat um die Geburt verbringen B\u00fcffelkuh und schlie\u00dflich auch Kalb auf der Farm, bevor schlie\u00dflich die sechsmonatige Melkzeit beginnt. Bevor Mutter und Kalb schlie\u00dflich die Farm wieder verlassen, wird sie auf der Mini Farm einen weiteren Monat einmal t\u00e4glich per Hand abgemolken.<\/p>\n\n\n\n<p>Dieses Abmelken bietet der Farm nicht nur die Grundlage f\u00fcr ein nettes Freizeitangebot f\u00fcr Besucher der Farm, sondern auch die Gelegenheit, den Farmern selbst das Melken ihrer Tiere n\u00e4her zu bringen. Zur Farm der Laos Buffalo Dairy geh\u00f6rt n\u00e4mlich auch ein kostenfreies Trainingsprogramm f\u00fcr Bauern in Sachen Tierhaltung, -gesundheit und -ern\u00e4hrung. Das ist auch der Grund, warum es auf der Farm neben B\u00fcffeln noch Schweine, Hasen, H\u00fchner und Enten gibt sowie die dazugeh\u00f6rigen idealen Stallungen, welche sich die Farmer hier zeigen und erkl\u00e4ren lassen k\u00f6nnen. Neben dem Effekt, ges\u00fcndere B\u00fcffel f\u00fcr die Molkerei zu bekommen, zielt dieses Training darauf ab, die Bauern in ihrem eingen Wirtschaften zu bef\u00e4higen und zu der sich lohnenden Mehrarbeit zu ermutigen, die mit Futterbeschaffung, Schutz und Pflege der Tiere verbunden ist. Diese zahlt sich schlie\u00dflich in h\u00f6heren und sichereren Gewinnen durch Fleisch oder Verkaufserl\u00f6s aus.<\/p>\n\n\n\n<figure class=\"wp-block-image\"><img decoding=\"async\" loading=\"lazy\" width=\"1296\" height=\"864\" src=\"http:\/\/lichri.radeln-in-den-sonnenaufgang.de\/wp-content\/uploads\/2019\/12\/IMG_9876_compress73.jpg\" alt=\"\" class=\"wp-image-1296\" srcset=\"http:\/\/lichri.radeln-in-den-sonnenaufgang.de\/wp-content\/uploads\/2019\/12\/IMG_9876_compress73.jpg 1296w, http:\/\/lichri.radeln-in-den-sonnenaufgang.de\/wp-content\/uploads\/2019\/12\/IMG_9876_compress73-300x200.jpg 300w, http:\/\/lichri.radeln-in-den-sonnenaufgang.de\/wp-content\/uploads\/2019\/12\/IMG_9876_compress73-1024x683.jpg 1024w, http:\/\/lichri.radeln-in-den-sonnenaufgang.de\/wp-content\/uploads\/2019\/12\/IMG_9876_compress73-768x512.jpg 768w\" sizes=\"(max-width: 767px) 89vw, (max-width: 1000px) 54vw, (max-width: 1071px) 543px, 580px\" \/><\/figure>\n\n\n\n<figure class=\"wp-block-image\"><img decoding=\"async\" loading=\"lazy\" width=\"1312\" height=\"984\" src=\"http:\/\/lichri.radeln-in-den-sonnenaufgang.de\/wp-content\/uploads\/2019\/12\/DSC_0074_2_compress38.jpg\" alt=\"\" class=\"wp-image-1300\" srcset=\"http:\/\/lichri.radeln-in-den-sonnenaufgang.de\/wp-content\/uploads\/2019\/12\/DSC_0074_2_compress38.jpg 1312w, http:\/\/lichri.radeln-in-den-sonnenaufgang.de\/wp-content\/uploads\/2019\/12\/DSC_0074_2_compress38-300x225.jpg 300w, http:\/\/lichri.radeln-in-den-sonnenaufgang.de\/wp-content\/uploads\/2019\/12\/DSC_0074_2_compress38-1024x768.jpg 1024w, http:\/\/lichri.radeln-in-den-sonnenaufgang.de\/wp-content\/uploads\/2019\/12\/DSC_0074_2_compress38-768x576.jpg 768w\" sizes=\"(max-width: 767px) 89vw, (max-width: 1000px) 54vw, (max-width: 1071px) 543px, 580px\" \/><figcaption>Farmkatze Lilly im Hasenstall<\/figcaption><\/figure>\n\n\n\n<figure class=\"wp-block-image\"><img decoding=\"async\" loading=\"lazy\" width=\"1296\" height=\"864\" src=\"http:\/\/lichri.radeln-in-den-sonnenaufgang.de\/wp-content\/uploads\/2019\/12\/IMG_9763_compress84.jpg\" alt=\"\" class=\"wp-image-1297\" srcset=\"http:\/\/lichri.radeln-in-den-sonnenaufgang.de\/wp-content\/uploads\/2019\/12\/IMG_9763_compress84.jpg 1296w, http:\/\/lichri.radeln-in-den-sonnenaufgang.de\/wp-content\/uploads\/2019\/12\/IMG_9763_compress84-300x200.jpg 300w, http:\/\/lichri.radeln-in-den-sonnenaufgang.de\/wp-content\/uploads\/2019\/12\/IMG_9763_compress84-1024x683.jpg 1024w, http:\/\/lichri.radeln-in-den-sonnenaufgang.de\/wp-content\/uploads\/2019\/12\/IMG_9763_compress84-768x512.jpg 768w\" sizes=\"(max-width: 767px) 89vw, (max-width: 1000px) 54vw, (max-width: 1071px) 543px, 580px\" \/><figcaption>M\u00fcmmelm\u00fcmmel mjamjamjam! <\/figcaption><\/figure>\n\n\n\n<p>Neben den Farmern, denen auch die Nutzung der B\u00fcffelmilch zu einer vollwertigeren Ern\u00e4hrung ihrer Familien ans Herz gelegt wird, kommen auch Tierarzt- und Landwirtschafts-StudentInnen auf die Farm. Hier bekommen sie die M\u00f6glichkeit, praktische Erfahrung zu sammeln, die ihnen in den Schulen aufgrund Ressourcenmangels nicht vermittelt werden kann. An Hasen, Schweinen und B\u00fcffeln wird hier u.a. das Impfen beigebracht, zu welchem sonst maximal 2 von 40 StudentInnen in einem Jahrgang die M\u00f6glichkeit erhielten. Neben dem Trainingsprogramm betreibt die Farm zudem noch ein Zuchtprogramm. Mit indischen Murrah-B\u00fcffeln wird durch die Zucht mit den einheimischen Sumpf-B\u00fcffelk\u00fchen neues Blut in die Population gebracht. Wie bereits oben angedeutet, fehlt den Laoten oftmals die Langzeit-Perspektive, was u.a. dazu f\u00fchrt, dass die Farmer in den D\u00f6rfern ihre gro\u00dfen Bullen verkaufen um h\u00f6here Gewinne zu erzielen, jedoch f\u00fcr die Zucht in der Regel nur einen Bullen behalten \u2013 und zwar den Kleinsten. Dieses Vorgehen f\u00fchrt dazu, dass die B\u00fcffel von Generation zu Generation kleiner werden, durch den sich ergebenden hohen Grad an Inzucht jedoch zus\u00e4tzlich auch Fruchtbarkeit und Immunabwehr der Tiere sinken und ihre Sterblichkeitsrate steigt. Nicht zuletzt deshalb sinkt die Zahl der B\u00fcffel in Laos best\u00e4ndig. <\/p>\n\n\n\n<figure class=\"wp-block-image\"><img decoding=\"async\" loading=\"lazy\" width=\"1296\" height=\"864\" src=\"http:\/\/lichri.radeln-in-den-sonnenaufgang.de\/wp-content\/uploads\/2019\/12\/IMG_9884_compress92.jpg\" alt=\"\" class=\"wp-image-1298\" srcset=\"http:\/\/lichri.radeln-in-den-sonnenaufgang.de\/wp-content\/uploads\/2019\/12\/IMG_9884_compress92.jpg 1296w, http:\/\/lichri.radeln-in-den-sonnenaufgang.de\/wp-content\/uploads\/2019\/12\/IMG_9884_compress92-300x200.jpg 300w, http:\/\/lichri.radeln-in-den-sonnenaufgang.de\/wp-content\/uploads\/2019\/12\/IMG_9884_compress92-1024x683.jpg 1024w, http:\/\/lichri.radeln-in-den-sonnenaufgang.de\/wp-content\/uploads\/2019\/12\/IMG_9884_compress92-768x512.jpg 768w\" sizes=\"(max-width: 767px) 89vw, (max-width: 1000px) 54vw, (max-width: 1071px) 543px, 580px\" \/><figcaption>Unser freundlicher Zuchtbulle und Murrahb\u00fcffel Ferdinand frisst Lisa zahm aus der Hand<\/figcaption><\/figure>\n\n\n\n<p>Um dieser Entwicklung entgegenzuwirken ist genetischer Austausch wichtig, der durch das Zuchtprogramm erreicht wird. Mehrere indische Zuchtbullen sind deshalb auf der Farm daf\u00fcr zust\u00e4ndig, dass die gemieteten B\u00fcffeldamen schwanger \u2013 und zwar mit guten Genen an Bord \u2013 wieder zu ihren Besitzern zur\u00fcckkehren. Langfristig wird das auch dem Unternehmen selbst dienen, denn durch die Zucht werden nicht nur die Bullen wieder gr\u00f6\u00dfer und somit profitabler im Verkauf, sondern auch die Milchleistung der Tiere nimmt zu (aktuell 2-3L pro Tag) \u2013 wenngleich sie auch dann noch in keinem Verh\u00e4ltnis zu der einer Milchkuh (30-70L pro Tag) steht.<\/p>\n\n\n\n<p>Mieteinnahmen, Tiergesundheit, Schulungen und Trainings-, Zucht- und Ern\u00e4hrungsprogramm wirken hier von einem Unternehmen aus so vielf\u00e4ltig und ganzheitlich zusammen, wie wir es selten bei einem Unternehmen oder Projekt gesehen haben. Inspiriert und leidenschaftlich fallen dementsprechend die F\u00fchrungen aus, die wir den Besuchern der Farm hier Tag f\u00fcr Tag geben. <\/p>\n\n\n\n<h4>Was wir hier so machen<\/h4>\n\n\n\n<p>Unser Beitrag zu alle dem besteht gr\u00f6\u00dftenteils darin, Touristen, die sich die Farm bzw. die Molkerei zeigen und erkl\u00e4ren lassen wollen, \u00fcber das Gel\u00e4nde zu f\u00fchren und ihnen all das zu vermitteln, was wir euch hier geschrieben zur Farm geschrieben haben \u2013 und noch einiges mehr. Dementsprechend verbringen wir hier auch einge Stunden t\u00e4glich damit, Schweine zu f\u00fcttern, Ferkelb\u00e4uche zu kraulen, Kaninchen zu streicheln und Wasserb\u00fcffel zu melken und zu schrubben. Ab und an kommt man dann auch dazu, der \u00abRaubtierf\u00fctterung\u00bb beizuwohnen, wenn f\u00fcr die \u00e4lteren K\u00e4lber ein paar Milchflaschen vorbereitet werden, die die Besucher dann verabreichen d\u00fcrfen. Verr\u00fcckte Rindsviecher sag ich nur. Neben diesen F\u00fchrungen helfen wir im Caf\u00e9 der Molkerei aus, servieren K\u00e4seplatten und -kuchen, Eiscreme und Ricotta-Donuts \u2013 nat\u00fcrlich alles aus B\u00fcffelmilch hergestellt. Und wenn wir da nicht gebraucht werden, stehen wir in der Eisdiele am Stra\u00dfenrand und verkaufen den Reisenden auf dem Weg zum Kuang Si Wasserfall leckerstes Milcheis in verschiedensten Geschmackssorten von Matcha und Tamarind bis Ingwer und Limonengras. Doch die meiste Zeit sind wir auf Touren.<\/p>\n\n\n\n<figure class=\"wp-block-image\"><img decoding=\"async\" loading=\"lazy\" width=\"1312\" height=\"984\" src=\"http:\/\/lichri.radeln-in-den-sonnenaufgang.de\/wp-content\/uploads\/2019\/12\/DSC_0028_3-1_compress44.jpg\" alt=\"\" class=\"wp-image-1299\" srcset=\"http:\/\/lichri.radeln-in-den-sonnenaufgang.de\/wp-content\/uploads\/2019\/12\/DSC_0028_3-1_compress44.jpg 1312w, http:\/\/lichri.radeln-in-den-sonnenaufgang.de\/wp-content\/uploads\/2019\/12\/DSC_0028_3-1_compress44-300x225.jpg 300w, http:\/\/lichri.radeln-in-den-sonnenaufgang.de\/wp-content\/uploads\/2019\/12\/DSC_0028_3-1_compress44-1024x768.jpg 1024w, http:\/\/lichri.radeln-in-den-sonnenaufgang.de\/wp-content\/uploads\/2019\/12\/DSC_0028_3-1_compress44-768x576.jpg 768w\" sizes=\"(max-width: 767px) 89vw, (max-width: 1000px) 54vw, (max-width: 1071px) 543px, 580px\" \/><figcaption>Unsere Eisdielen- und Tourenkollegen und Freunde Sai und Saisamone. <\/figcaption><\/figure>\n\n\n\n<h4>Was wir davon halten<\/h4>\n\n\n\n<p>Aus unserer pers\u00f6nlichen und professionellen Sicht (also sozialarbeiterisch \/ regionalentwicklunsgsm\u00e4\u00dfig) sind wir begeistert von diesem Unternehmen, das auf so vielf\u00e4ltige Art und Weise positiv auf die lokale Gesellschaft wirkt. Obwohl die \u00abFalang\u00bb, die Ausl\u00e4nder hier etwas aufbauen, ist das Unternehmen darauf ausgelegt, Gewinne nicht f\u00fcr sich, Investoren und Anleger, sondern f\u00fcr die lokale Community zu generieren. Dazu arbeitet es partizipativ mit Dorfgemeinschaften, Lokal-, Provinzial- und Staatsregierung sowie institutionellen und wirtschaftlichen Akteuren der Region. Es nutzt auf niedrigschwellige Weise ihr hiesiges, bisher brachliegendes Potenzial. Durch die verschiedenen empowernden, also bef\u00e4higenden Aktivit\u00e4ten des Unternehmens (Englischunterricht, Trainings, Ausbildungen, Ern\u00e4hrungsprogramm etc.), die Verbesserung der Einkommenssituation durch Arbeitspl\u00e4tze (45 Stellen, davon 35 Vollzeit), Mieteinnahmen der Farmer und regionale Wertsch\u00f6pfungsketten (u.a. lokaler Kaffeebauer, Gastronomie) und strukturelle Ans\u00e4tze wie die Frauenquote von 50% in der Belegschaft, werden vielf\u00e4ltige Potenziale freigesetzt. Diese erm\u00f6glichen ihrerseits wirtschaftliches Wachstum, Bildung, f\u00f6rdern finanzielle und Ern\u00e4hrungssicherheit und legen somit Grundlagen f\u00fcr individuelle und gemeinschaftliche Planungen und Investitionen. Obgleich die Gemeinschaft vor Ort schon stark vom Unternehmen profitiert, ist es selbst \u2013 zumindest der Molkereibetrieb \u2013 noch nicht wirtschaftlich genug. Einnahmen aus den F\u00fchrungen und dem Caf\u00e9 querfinanzieren die Milch- und K\u00e4seproduktion zuweilen. Doch das Unternehmen ist im Wachstum begriffen und mit steigenden B\u00fcffelkapazit\u00e4ten und -zahlen nimmt auch das Produktionsvolumen zu. Das langfristige Ziel der Gr\u00fcnderInnen: die Farm, sobald sie profitabel l\u00e4uft, in die H\u00e4nde der einheimischen Angestellten zu geben, die bereits im Management geschult werden, um dann weitere gemeinn\u00fctzige Molkereien in diesem Stil aufzubauen. Wir sind begeistert, haben die \u2013 wenngleich anstrengenden Tage auf der Farm \u2013 genossen und sind dankbar daf\u00fcr, Anteil an dieser tollen Arbeit haben zu k\u00f6nnen. W\u00fcnschen wir Ihnen weiterhin viel Erfolg!<\/p>\n\n\n\n<h4>Wie erging es uns sonst so?<\/h4>\n\n\n\n<p>W\u00e4hrend unseres Aufenthaltes in Luang Prabang wohnten wir bei Rachel, ihrem Sohn und ihrer Haush\u00e4lterin Mary, die sie seit elf Jahren begleitet \u2013 von Singapur bis hier her. Mit uns wohnt auch Joel, ein Kiwi in unserem Alter, hier und wir teilen uns zu dritt ein Zimmer. Vor ein paar Tagen kam auch Richel (aka Richi) aus der Schweiz dazu, weshalb nun zwei Doppelstockbetten das ehemalige Kinderzimmer von Tochter Sarah f\u00fcllen \u2013 also, neben den mit Puppen und altem Spielzeug gef\u00fcllten Regalen und Kisten. Morgens sind wir frei, hier zu fr\u00fchst\u00fccken und uns am K\u00fchlschrank zu bedienen, Mittags gibt es Reste auf der Farm und Abends ein gemeinsames Abendessen mit Rachel und Susies Familien. Daf\u00fcr sind wir auch echt dankbar, ebenso f\u00fcr die allzeit verf\u00fcgbare warme Dusche, den W\u00e4scheservice, die Matratzen. Die einfache Tatsache, dass wir nicht jeden Tag \u00fcberlegen m\u00fcssen, wo wir die n\u00e4chste Nacht verbringen. Drei Tage die Woche haben wir zudem frei, was uns Zeit gibt, die Umgebung zu erkunden, in den Bars, Caf\u00e9s und Restaurants Luang Prabangs zu chillen, die Gitarre zu reparieren oder einen Blogeintrag zu schreiben. Oder mit einer der vielen Katzen hier zu spielen oder zu schmusen. Es ist sch\u00f6n, einen Ort zu haben, zu dem man jeden Tag zur\u00fcckkehren kann. Eine Art Zuhause. Einen K\u00fchlschrank, eine K\u00fcche, nette Leute, mit denen man sich verabreden kann. All das ist f\u00fcr uns selbstverst\u00e4ndlich gewesen, als wir im April loszogen, die Welt zu entdecken. Inzwischen ist es etwas besonderes geworden. Etwas, worauf wir ruhelosen Vagabunden uns schon sehr freuen, wenn wir n\u00e4chstes Jahr zur\u00fcck nach Hause kommen. Heimat, Geborgenheit, Freunde, Familie\u2026 eine sinnvolle Besch\u00e4ftigung, die Menschen hilft. Am besten nachhaltig. <\/p>\n\n\n\n<figure class=\"wp-block-image\"><img decoding=\"async\" loading=\"lazy\" width=\"1600\" height=\"1200\" src=\"http:\/\/lichri.radeln-in-den-sonnenaufgang.de\/wp-content\/uploads\/2019\/12\/IMG-20191204-WA0000_compress14.jpg\" alt=\"\" class=\"wp-image-1301\" srcset=\"http:\/\/lichri.radeln-in-den-sonnenaufgang.de\/wp-content\/uploads\/2019\/12\/IMG-20191204-WA0000_compress14.jpg 1600w, http:\/\/lichri.radeln-in-den-sonnenaufgang.de\/wp-content\/uploads\/2019\/12\/IMG-20191204-WA0000_compress14-300x225.jpg 300w, http:\/\/lichri.radeln-in-den-sonnenaufgang.de\/wp-content\/uploads\/2019\/12\/IMG-20191204-WA0000_compress14-1024x768.jpg 1024w, http:\/\/lichri.radeln-in-den-sonnenaufgang.de\/wp-content\/uploads\/2019\/12\/IMG-20191204-WA0000_compress14-768x576.jpg 768w, http:\/\/lichri.radeln-in-den-sonnenaufgang.de\/wp-content\/uploads\/2019\/12\/IMG-20191204-WA0000_compress14-1536x1152.jpg 1536w\" sizes=\"(max-width: 767px) 89vw, (max-width: 1000px) 54vw, (max-width: 1071px) 543px, 580px\" \/><figcaption>Volunteerbuddies bei und mit der legend\u00e4ren Secret Pizza<\/figcaption><\/figure>\n\n\n\n<figure class=\"wp-block-image\"><img decoding=\"async\" loading=\"lazy\" width=\"864\" height=\"1296\" src=\"http:\/\/lichri.radeln-in-den-sonnenaufgang.de\/wp-content\/uploads\/2019\/12\/img_9135_compress787610192150008857897.jpg\" alt=\"\" class=\"wp-image-1302\" srcset=\"http:\/\/lichri.radeln-in-den-sonnenaufgang.de\/wp-content\/uploads\/2019\/12\/img_9135_compress787610192150008857897.jpg 864w, http:\/\/lichri.radeln-in-den-sonnenaufgang.de\/wp-content\/uploads\/2019\/12\/img_9135_compress787610192150008857897-200x300.jpg 200w, http:\/\/lichri.radeln-in-den-sonnenaufgang.de\/wp-content\/uploads\/2019\/12\/img_9135_compress787610192150008857897-683x1024.jpg 683w, http:\/\/lichri.radeln-in-den-sonnenaufgang.de\/wp-content\/uploads\/2019\/12\/img_9135_compress787610192150008857897-768x1152.jpg 768w\" sizes=\"(max-width: 767px) 89vw, (max-width: 1000px) 54vw, (max-width: 1071px) 543px, 580px\" \/><figcaption>Kuang Si Waterfalls nahe der Farm<\/figcaption><\/figure>\n\n\n\n<figure class=\"wp-block-image\"><img decoding=\"async\" loading=\"lazy\" width=\"864\" height=\"1296\" src=\"http:\/\/lichri.radeln-in-den-sonnenaufgang.de\/wp-content\/uploads\/2019\/12\/img_9250_compress262195958918857779943.jpg\" alt=\"\" class=\"wp-image-1303\" srcset=\"http:\/\/lichri.radeln-in-den-sonnenaufgang.de\/wp-content\/uploads\/2019\/12\/img_9250_compress262195958918857779943.jpg 864w, http:\/\/lichri.radeln-in-den-sonnenaufgang.de\/wp-content\/uploads\/2019\/12\/img_9250_compress262195958918857779943-200x300.jpg 200w, http:\/\/lichri.radeln-in-den-sonnenaufgang.de\/wp-content\/uploads\/2019\/12\/img_9250_compress262195958918857779943-683x1024.jpg 683w, http:\/\/lichri.radeln-in-den-sonnenaufgang.de\/wp-content\/uploads\/2019\/12\/img_9250_compress262195958918857779943-768x1152.jpg 768w\" sizes=\"(max-width: 767px) 89vw, (max-width: 1000px) 54vw, (max-width: 1071px) 543px, 580px\" \/><\/figure>\n\n\n\n<figure class=\"wp-block-image\"><img decoding=\"async\" loading=\"lazy\" width=\"864\" height=\"1296\" src=\"http:\/\/lichri.radeln-in-den-sonnenaufgang.de\/wp-content\/uploads\/2019\/12\/img_9220_compress6667099640825978032.jpg\" alt=\"\" class=\"wp-image-1304\" srcset=\"http:\/\/lichri.radeln-in-den-sonnenaufgang.de\/wp-content\/uploads\/2019\/12\/img_9220_compress6667099640825978032.jpg 864w, http:\/\/lichri.radeln-in-den-sonnenaufgang.de\/wp-content\/uploads\/2019\/12\/img_9220_compress6667099640825978032-200x300.jpg 200w, http:\/\/lichri.radeln-in-den-sonnenaufgang.de\/wp-content\/uploads\/2019\/12\/img_9220_compress6667099640825978032-683x1024.jpg 683w, http:\/\/lichri.radeln-in-den-sonnenaufgang.de\/wp-content\/uploads\/2019\/12\/img_9220_compress6667099640825978032-768x1152.jpg 768w\" sizes=\"(max-width: 767px) 89vw, (max-width: 1000px) 54vw, (max-width: 1071px) 543px, 580px\" \/><\/figure>\n\n\n\n<figure class=\"wp-block-image\"><img decoding=\"async\" loading=\"lazy\" width=\"1296\" height=\"864\" src=\"http:\/\/lichri.radeln-in-den-sonnenaufgang.de\/wp-content\/uploads\/2019\/12\/IMG_9204_compress62.jpg\" alt=\"\" class=\"wp-image-1305\" srcset=\"http:\/\/lichri.radeln-in-den-sonnenaufgang.de\/wp-content\/uploads\/2019\/12\/IMG_9204_compress62.jpg 1296w, http:\/\/lichri.radeln-in-den-sonnenaufgang.de\/wp-content\/uploads\/2019\/12\/IMG_9204_compress62-300x200.jpg 300w, http:\/\/lichri.radeln-in-den-sonnenaufgang.de\/wp-content\/uploads\/2019\/12\/IMG_9204_compress62-1024x683.jpg 1024w, http:\/\/lichri.radeln-in-den-sonnenaufgang.de\/wp-content\/uploads\/2019\/12\/IMG_9204_compress62-768x512.jpg 768w\" sizes=\"(max-width: 767px) 89vw, (max-width: 1000px) 54vw, (max-width: 1071px) 543px, 580px\" \/><\/figure>\n\n\n\n<figure class=\"wp-block-image\"><img decoding=\"async\" loading=\"lazy\" width=\"864\" height=\"1296\" src=\"http:\/\/lichri.radeln-in-den-sonnenaufgang.de\/wp-content\/uploads\/2019\/12\/img_9425_compress84862220731259173723.jpg\" alt=\"\" class=\"wp-image-1307\" srcset=\"http:\/\/lichri.radeln-in-den-sonnenaufgang.de\/wp-content\/uploads\/2019\/12\/img_9425_compress84862220731259173723.jpg 864w, http:\/\/lichri.radeln-in-den-sonnenaufgang.de\/wp-content\/uploads\/2019\/12\/img_9425_compress84862220731259173723-200x300.jpg 200w, http:\/\/lichri.radeln-in-den-sonnenaufgang.de\/wp-content\/uploads\/2019\/12\/img_9425_compress84862220731259173723-683x1024.jpg 683w, http:\/\/lichri.radeln-in-den-sonnenaufgang.de\/wp-content\/uploads\/2019\/12\/img_9425_compress84862220731259173723-768x1152.jpg 768w\" sizes=\"(max-width: 767px) 89vw, (max-width: 1000px) 54vw, (max-width: 1071px) 543px, 580px\" \/><\/figure>\n\n\n\n<figure class=\"wp-block-image\"><img decoding=\"async\" loading=\"lazy\" width=\"1296\" height=\"864\" src=\"http:\/\/lichri.radeln-in-den-sonnenaufgang.de\/wp-content\/uploads\/2019\/12\/IMG_9293_compress19.jpg\" alt=\"\" class=\"wp-image-1308\" srcset=\"http:\/\/lichri.radeln-in-den-sonnenaufgang.de\/wp-content\/uploads\/2019\/12\/IMG_9293_compress19.jpg 1296w, http:\/\/lichri.radeln-in-den-sonnenaufgang.de\/wp-content\/uploads\/2019\/12\/IMG_9293_compress19-300x200.jpg 300w, http:\/\/lichri.radeln-in-den-sonnenaufgang.de\/wp-content\/uploads\/2019\/12\/IMG_9293_compress19-1024x683.jpg 1024w, http:\/\/lichri.radeln-in-den-sonnenaufgang.de\/wp-content\/uploads\/2019\/12\/IMG_9293_compress19-768x512.jpg 768w\" sizes=\"(max-width: 767px) 89vw, (max-width: 1000px) 54vw, (max-width: 1071px) 543px, 580px\" \/><\/figure>\n\n\n\n<figure class=\"wp-block-image\"><img decoding=\"async\" loading=\"lazy\" width=\"864\" height=\"1296\" src=\"http:\/\/lichri.radeln-in-den-sonnenaufgang.de\/wp-content\/uploads\/2019\/12\/img_9270_compress835246054509246291139.jpg\" alt=\"\" class=\"wp-image-1309\" srcset=\"http:\/\/lichri.radeln-in-den-sonnenaufgang.de\/wp-content\/uploads\/2019\/12\/img_9270_compress835246054509246291139.jpg 864w, http:\/\/lichri.radeln-in-den-sonnenaufgang.de\/wp-content\/uploads\/2019\/12\/img_9270_compress835246054509246291139-200x300.jpg 200w, http:\/\/lichri.radeln-in-den-sonnenaufgang.de\/wp-content\/uploads\/2019\/12\/img_9270_compress835246054509246291139-683x1024.jpg 683w, http:\/\/lichri.radeln-in-den-sonnenaufgang.de\/wp-content\/uploads\/2019\/12\/img_9270_compress835246054509246291139-768x1152.jpg 768w\" sizes=\"(max-width: 767px) 89vw, (max-width: 1000px) 54vw, (max-width: 1071px) 543px, 580px\" \/><\/figure>\n\n\n\n<figure class=\"wp-block-image\"><img decoding=\"async\" loading=\"lazy\" width=\"1296\" height=\"864\" src=\"http:\/\/lichri.radeln-in-den-sonnenaufgang.de\/wp-content\/uploads\/2019\/12\/IMG_9330_compress51.jpg\" alt=\"\" class=\"wp-image-1310\" srcset=\"http:\/\/lichri.radeln-in-den-sonnenaufgang.de\/wp-content\/uploads\/2019\/12\/IMG_9330_compress51.jpg 1296w, http:\/\/lichri.radeln-in-den-sonnenaufgang.de\/wp-content\/uploads\/2019\/12\/IMG_9330_compress51-300x200.jpg 300w, http:\/\/lichri.radeln-in-den-sonnenaufgang.de\/wp-content\/uploads\/2019\/12\/IMG_9330_compress51-1024x683.jpg 1024w, http:\/\/lichri.radeln-in-den-sonnenaufgang.de\/wp-content\/uploads\/2019\/12\/IMG_9330_compress51-768x512.jpg 768w\" sizes=\"(max-width: 767px) 89vw, (max-width: 1000px) 54vw, (max-width: 1071px) 543px, 580px\" \/><\/figure>\n\n\n\n<figure class=\"wp-block-image\"><img decoding=\"async\" loading=\"lazy\" width=\"1296\" height=\"864\" src=\"http:\/\/lichri.radeln-in-den-sonnenaufgang.de\/wp-content\/uploads\/2019\/12\/IMG_9464_compress81.jpg\" alt=\"\" class=\"wp-image-1311\" srcset=\"http:\/\/lichri.radeln-in-den-sonnenaufgang.de\/wp-content\/uploads\/2019\/12\/IMG_9464_compress81.jpg 1296w, http:\/\/lichri.radeln-in-den-sonnenaufgang.de\/wp-content\/uploads\/2019\/12\/IMG_9464_compress81-300x200.jpg 300w, http:\/\/lichri.radeln-in-den-sonnenaufgang.de\/wp-content\/uploads\/2019\/12\/IMG_9464_compress81-1024x683.jpg 1024w, http:\/\/lichri.radeln-in-den-sonnenaufgang.de\/wp-content\/uploads\/2019\/12\/IMG_9464_compress81-768x512.jpg 768w\" sizes=\"(max-width: 767px) 89vw, (max-width: 1000px) 54vw, (max-width: 1071px) 543px, 580px\" \/><\/figure>\n\n\n\n<figure class=\"wp-block-image\"><img decoding=\"async\" loading=\"lazy\" width=\"1296\" height=\"864\" src=\"http:\/\/lichri.radeln-in-den-sonnenaufgang.de\/wp-content\/uploads\/2019\/12\/IMG_9475_compress82.jpg\" alt=\"\" class=\"wp-image-1312\" srcset=\"http:\/\/lichri.radeln-in-den-sonnenaufgang.de\/wp-content\/uploads\/2019\/12\/IMG_9475_compress82.jpg 1296w, http:\/\/lichri.radeln-in-den-sonnenaufgang.de\/wp-content\/uploads\/2019\/12\/IMG_9475_compress82-300x200.jpg 300w, http:\/\/lichri.radeln-in-den-sonnenaufgang.de\/wp-content\/uploads\/2019\/12\/IMG_9475_compress82-1024x683.jpg 1024w, http:\/\/lichri.radeln-in-den-sonnenaufgang.de\/wp-content\/uploads\/2019\/12\/IMG_9475_compress82-768x512.jpg 768w\" sizes=\"(max-width: 767px) 89vw, (max-width: 1000px) 54vw, (max-width: 1071px) 543px, 580px\" \/><\/figure>\n\n\n\n<figure class=\"wp-block-image\"><img decoding=\"async\" loading=\"lazy\" width=\"1296\" height=\"864\" src=\"http:\/\/lichri.radeln-in-den-sonnenaufgang.de\/wp-content\/uploads\/2019\/12\/IMG_9707_compress86.jpg\" alt=\"\" class=\"wp-image-1315\" srcset=\"http:\/\/lichri.radeln-in-den-sonnenaufgang.de\/wp-content\/uploads\/2019\/12\/IMG_9707_compress86.jpg 1296w, http:\/\/lichri.radeln-in-den-sonnenaufgang.de\/wp-content\/uploads\/2019\/12\/IMG_9707_compress86-300x200.jpg 300w, http:\/\/lichri.radeln-in-den-sonnenaufgang.de\/wp-content\/uploads\/2019\/12\/IMG_9707_compress86-1024x683.jpg 1024w, http:\/\/lichri.radeln-in-den-sonnenaufgang.de\/wp-content\/uploads\/2019\/12\/IMG_9707_compress86-768x512.jpg 768w\" sizes=\"(max-width: 767px) 89vw, (max-width: 1000px) 54vw, (max-width: 1071px) 543px, 580px\" \/><\/figure>\n\n\n\n<figure class=\"wp-block-image\"><img decoding=\"async\" loading=\"lazy\" width=\"864\" height=\"1296\" src=\"http:\/\/lichri.radeln-in-den-sonnenaufgang.de\/wp-content\/uploads\/2019\/12\/img_9669_compress532500291844781187004.jpg\" alt=\"\" class=\"wp-image-1316\" srcset=\"http:\/\/lichri.radeln-in-den-sonnenaufgang.de\/wp-content\/uploads\/2019\/12\/img_9669_compress532500291844781187004.jpg 864w, http:\/\/lichri.radeln-in-den-sonnenaufgang.de\/wp-content\/uploads\/2019\/12\/img_9669_compress532500291844781187004-200x300.jpg 200w, http:\/\/lichri.radeln-in-den-sonnenaufgang.de\/wp-content\/uploads\/2019\/12\/img_9669_compress532500291844781187004-683x1024.jpg 683w, http:\/\/lichri.radeln-in-den-sonnenaufgang.de\/wp-content\/uploads\/2019\/12\/img_9669_compress532500291844781187004-768x1152.jpg 768w\" sizes=\"(max-width: 767px) 89vw, (max-width: 1000px) 54vw, (max-width: 1071px) 543px, 580px\" \/><\/figure>\n\n\n\n<figure class=\"wp-block-image\"><img decoding=\"async\" loading=\"lazy\" width=\"864\" height=\"1296\" src=\"http:\/\/lichri.radeln-in-den-sonnenaufgang.de\/wp-content\/uploads\/2019\/12\/img_9662_compress715484485289153047457.jpg\" alt=\"\" class=\"wp-image-1317\" srcset=\"http:\/\/lichri.radeln-in-den-sonnenaufgang.de\/wp-content\/uploads\/2019\/12\/img_9662_compress715484485289153047457.jpg 864w, http:\/\/lichri.radeln-in-den-sonnenaufgang.de\/wp-content\/uploads\/2019\/12\/img_9662_compress715484485289153047457-200x300.jpg 200w, http:\/\/lichri.radeln-in-den-sonnenaufgang.de\/wp-content\/uploads\/2019\/12\/img_9662_compress715484485289153047457-683x1024.jpg 683w, http:\/\/lichri.radeln-in-den-sonnenaufgang.de\/wp-content\/uploads\/2019\/12\/img_9662_compress715484485289153047457-768x1152.jpg 768w\" sizes=\"(max-width: 767px) 89vw, (max-width: 1000px) 54vw, (max-width: 1071px) 543px, 580px\" \/><\/figure>\n\n\n\n<figure class=\"wp-block-image\"><img decoding=\"async\" loading=\"lazy\" width=\"864\" height=\"1296\" src=\"http:\/\/lichri.radeln-in-den-sonnenaufgang.de\/wp-content\/uploads\/2019\/12\/img_9705_compress704725881274355489379.jpg\" alt=\"\" class=\"wp-image-1318\" srcset=\"http:\/\/lichri.radeln-in-den-sonnenaufgang.de\/wp-content\/uploads\/2019\/12\/img_9705_compress704725881274355489379.jpg 864w, http:\/\/lichri.radeln-in-den-sonnenaufgang.de\/wp-content\/uploads\/2019\/12\/img_9705_compress704725881274355489379-200x300.jpg 200w, http:\/\/lichri.radeln-in-den-sonnenaufgang.de\/wp-content\/uploads\/2019\/12\/img_9705_compress704725881274355489379-683x1024.jpg 683w, http:\/\/lichri.radeln-in-den-sonnenaufgang.de\/wp-content\/uploads\/2019\/12\/img_9705_compress704725881274355489379-768x1152.jpg 768w\" sizes=\"(max-width: 767px) 89vw, (max-width: 1000px) 54vw, (max-width: 1071px) 543px, 580px\" \/><\/figure>\n\n\n\n<figure class=\"wp-block-image\"><img decoding=\"async\" loading=\"lazy\" width=\"1296\" height=\"864\" src=\"http:\/\/lichri.radeln-in-den-sonnenaufgang.de\/wp-content\/uploads\/2019\/12\/IMG_9712_compress87.jpg\" alt=\"\" class=\"wp-image-1319\" srcset=\"http:\/\/lichri.radeln-in-den-sonnenaufgang.de\/wp-content\/uploads\/2019\/12\/IMG_9712_compress87.jpg 1296w, http:\/\/lichri.radeln-in-den-sonnenaufgang.de\/wp-content\/uploads\/2019\/12\/IMG_9712_compress87-300x200.jpg 300w, http:\/\/lichri.radeln-in-den-sonnenaufgang.de\/wp-content\/uploads\/2019\/12\/IMG_9712_compress87-1024x683.jpg 1024w, http:\/\/lichri.radeln-in-den-sonnenaufgang.de\/wp-content\/uploads\/2019\/12\/IMG_9712_compress87-768x512.jpg 768w\" sizes=\"(max-width: 767px) 89vw, (max-width: 1000px) 54vw, (max-width: 1071px) 543px, 580px\" \/><figcaption>Pakou Cave mit ihren zahllosen Buddhas<\/figcaption><\/figure>\n\n\n\n<h4>Wir sind dankbar<\/h4>\n\n\n\n<p>Dankbar daf\u00fcr, in Frieden aufgewachsen zu sein, in einem Land, wo Wohlstand und Bildung die Regel sind, nicht die Ausnahme. Dankbar daf\u00fcr, dass wir bei einem Waldspaziergang in der Heimat keine Angst vor Blindg\u00e4ngern und Landminen haben m\u00fcssen. Dankbar, in Deutschland als Vegetarier gut leben zu k\u00f6nnen und nicht gezwungen zu sein, Ratten und Insekten zu fangen, um \u00fcberhaupt an Proteine zu kommen. Dankbar f\u00fcr unsere deutsche Staatsb\u00fcrgerschaft und den Reisepass, der uns derma\u00dfen priviligiert. Dankbar f\u00fcr Arbeitsschutzgesetze, vern\u00fcnftigen Mindestlohn, die 5-Tage-Woche. Dankbar f\u00fcr Religionsfreiheit. Dankbar f\u00fcr die medizinische Versorgung und unser Gesundheitssystem. Dankbar f\u00fcr ein funktionierendes Justizsystem. Dankbar f\u00fcr unsere Verkehrsregeln in Deutschland\u2026<\/p>\n\n\n\n<p>Denn\u2026<\/p>\n\n\n\n<p>Wir haben auf unserer bisherigen Reise und auch hier vor Ort anderes kennengelernt. Wir wurden Opfer von korrupten Grenzpolizisten \u2013 wie so ziemlich jede*r \u00dcberlandreisende hier. Sehen kleine Kinder, die sp\u00e4tabends am Stra\u00dfenrand Blumenschmuck verkaufen. Frauen, die ihren M\u00fcll im Mekong entsorgen. Wir lernten verfolgte Christen in China kennen, Missionare, die \u00e4hnliches aus Vietnam erz\u00e4hlen. Wir treffen Leute, die den Motorradhelm h\u00f6chstens wegen Polizeikontrollen tragen und h\u00f6ren beinah t\u00e4glich von tragischen Unf\u00e4llen auf unserem Arbeitsweg. Und auf der Arbeit lernen wir neue Freunde und Geschwister kennen, deren Geschichten uns tief ber\u00fchren.<\/p>\n\n\n\n<h4>Sai<\/h4>\n\n\n\n<p>Er ist 20 und arbeitet seit einem Monat auf der Farm. Mit 12 Jahren kam er ins Kloster in Luang Prabang. Dort lebte er bis er 18 Jahre alt war, lernte alles \u00fcber den Buddismus und meditieren, studierte unterschiedliche Fremdsprachen. Mit 18 Jahre trat er aus diversen Gr\u00fcnden aus dem Kloster aus. Viele laotische Jungen gehen diesen Weg und treten f\u00fcr einige Zeit in ein Kloster ein. Manche bleiben ihr Leben lang M\u00f6nch, andere treten aus und gr\u00fcnden selbst eine Familie.<\/p>\n\n\n\n<p>Sai ist eines von neun Kindern, hat viele \u00e4ltere und j\u00fcngere Schwestern und Br\u00fcder. Sein Vater ist aufgrund von Aussagen des Dorf\u00e4ltesten ins Gef\u00e4ngnis gekommen \u2013 laut Sai waren das Falschaussagen. Jetzt ist seine Mutter alleine mit der f\u00fcnf Jahre alten Tochter. Die anderen Geschwister leben wie Sai nicht mehr zuhause, sondern entweder noch im Kloster, machen eine Ausbildung, ein Studium oder sind verheiratet und haben selber Kinder. Sai versucht seine Mutter zu unterst\u00fctzen. Er hat deshalb nach seinem Collegeabschluss kein Studium aufgenommen, sondern das Arbeiten angefangen. Er arbeitet von 9 bis 17:30 Uhr auf der B\u00fcffelfarm, f\u00e4hrt dann mit dem Motorrad eine dreiviertel Stunde nach Luang Prabang zur\u00fcck. Um 21 Uhr beginnt er dort das Arbeiten in einem der vielen Hotels als Rezeptionist. Dort \u00fcbernimmt der den Nachtdienst bis morgens um 7 Uhr. Eine Stunde sp\u00e4ter muss er sich mit dem Motorrad wieder auf den Weg zur B\u00fcffelfarm machen. Er arbeitet sechs Tage die Woche in zwei Vollzeitjobs. Er erz\u00e4hlt, dass er in der Nacht ca. 3 Stunden schl\u00e4ft \u2013 je nachdem wie sehr er als Rezeptionist gebraucht wird. Ausmachen tut ihm das nichts, sagt er, denn er ist es vom Kloster gew\u00f6hnt, fr\u00fch aufzustehen. Um 3:30 Uhr begann dort normalerweise sein Tag, war gepr\u00e4gt von meditieren, lernen und davon mit ausl\u00e4ndischen Touristen ins Gespr\u00e4ch zu kommen, um seine Englischkenntnisse zu verbessern. Es ist spannend sich mit ihm \u00fcber sein Leben auszutauschen. Unfassbar, wie er viel er arbeitet. Man sieht ihm an, dass er m\u00fcde ist, aber ein Wort der Klage kommt nicht \u00fcber seine Lippen. Stattdessen verbreitet er mit Lachen und Gesang gute Laune in der Eisdiele. <\/p>\n\n\n\n<h4>Sangtida<\/h4>\n\n\n\n<p>\u00abAre you christian?\u00bb, fragte die junge und sch\u00fcchterne, doch ebenfalls stets l\u00e4chelnd und lachende Sangtida, als Chris gerade etwas Besteck f\u00fcr das Caf\u00e9 aus der K\u00fcche holte. Saisama, ihre witzige Arbeitskollegin, nennt Chris seltsamerweise bei seinem vollen Namen, Christian. Das muss Sangtida zu ihrer Frage veranlasst haben, auf die Chris nach mehrfacher Best\u00e4tigung seines Namens auch endlich die richtige Antwort hatte: \u00abJa, ich bin Christ\u00bb. Freudestrahlend, lachend und h\u00fcpfend freute sie sich \u00fcber diese einfach Antwort. Sangtida ist Christin und wir hatten keine Ahnung, dass es hier \u00fcberhaupt welche gibt. Auch ihre Familie seien Christen. Noch am morgen habe sie gebetet, endlich mal andere Christen zu treffen, berichtet sie. Da ihre Familie in einem kleinen Dorf lebt, welches von Luang Prabang ca. 2 bis 3 Autostunden entfernt lebt, und weil sie au\u00dferdem jeden zweiten Sonntag im Caf\u00e9 arbeitet, hat sie nicht h\u00e4ufig die M\u00f6glichkeit nach Hause zu fahren und dort Gemeinschaft mit anderen Christen zu haben, geschweige denn einen Gottesdienst zu besuchen. Sie liest jeden Tag mindestens eine Stunde in der Bibel und das gibt ihr Zuversicht und Hoffnung. Beides ist sehr wichtig f\u00fcr sie, denn ihre Mutter ist schwer krank. Sie hat ein Magengeschw\u00fcr, welches operativ nicht entfernt werden kann, da die Mutter zu schwach ist. Eine Operation w\u00fcrde sie so nicht \u00fcberstehen. Sangtida kauft jeden Monat die notwendigen Medikamente und die Infussionen f\u00fcr ihre Mutter. Sie zeigt uns ein Bilder ihrer Mama. Sie ist der Grund, warum Sangtida auf der Farm arbeitet \u2013 ebenfalls sechs Tage die Woche. Um etwas Geld zu verdienen, \u00fcbernimmt sie zus\u00e4tzlich gerne ein paar Nachtstunden, wenn alle anderen schon gegangen sind und stellt Eiscreme her. Sie strahlt Freude, Hoffnung und Liebe aus und die Begegnung mit ihr ist f\u00fcr uns mindestens so ermutigend wie anders herum. <\/p>\n\n\n\n<p>Es sind die Begenungen mit solchen besonderen Menschen, die im Ged\u00e4chtnis bleiben und die uns bewusst machen, wie dankbar und zufrieden wir sein k\u00f6nnen. <\/p>\n\n\n\n<p>Eine kleine Ermutigung in diesem Zusammenhang: Chris hat an diesem Tag und am Tag zuvor jeweils eine recht hohe Summe Trinkgeld f\u00fcr seine Touren bekommen. Das hat ihn sehr \u00fcberrascht und nat\u00fcrlich gefreut. Das g\u00e4be ein paar gute Abendessen in den schicken Touri-Restaurants, von denen es in Luang Prabang einige gibt! \u2026 Bewegt von Sangtidas Geschichte wurde Chris bewusst, dass das Geld, dass man ihm schenkte, f\u00fcr sie und ihre Familie bestimmt war. Etwas unbeholfen traute er sich nicht ihr das Geld direkt zu geben, wusste jedoch auch, dass der Moment das Richtige zu tun schnell verstreicht. Ein sehr besonderer Moment der Reise folgte: Chris schickte Lisa vor und nicht umgekehrt :). Sangtida hatte Tr\u00e4nen in den Augen und freute sich \u00fcber diese kleine Gabe. Wer sich aber besonders mitfreuen durfte, waren wir: Es ist unglaublich sch\u00f6n, anderen eine Freude zu machen, Segen, den man empfangen hat mit fr\u00f6hlichem Herzen weiter zu geben. <\/p>\n\n\n\n<p>An dieser Stelle nochmal ein Dankesch\u00f6n von Herzen f\u00fcr diejenigen von euch, die uns in der Vergangenheit an ihrem Segen teilhaben lie\u00dfen und an die, die uns auch in der Zeit unserer Reise immer wieder beschenken! Diese Erfahrungen des Empfangens und Gebens, die Erfahrung des Getragenwerdens, st\u00e4rken unsere Zuversicht und unser Vertrauen und wir hoffen auf noch viele M\u00f6glichkeiten, teilen zu k\u00f6nnen, was wir haben. M\u00f6glichkeiten unsere \u00c4ngste und Sorgen, wie \u00abEs ist nicht genug\u00bb und \u00abWas wenn?\u00bb abzulegen und Schritte im Vertrauen zu wagen, um zusammen mit anderen zu wachsen. <\/p>\n\n\n\n<figure class=\"wp-block-image\"><img decoding=\"async\" loading=\"lazy\" width=\"1296\" height=\"864\" src=\"http:\/\/lichri.radeln-in-den-sonnenaufgang.de\/wp-content\/uploads\/2019\/12\/IMG_9869_compress54.jpg\" alt=\"\" class=\"wp-image-1313\" srcset=\"http:\/\/lichri.radeln-in-den-sonnenaufgang.de\/wp-content\/uploads\/2019\/12\/IMG_9869_compress54.jpg 1296w, http:\/\/lichri.radeln-in-den-sonnenaufgang.de\/wp-content\/uploads\/2019\/12\/IMG_9869_compress54-300x200.jpg 300w, http:\/\/lichri.radeln-in-den-sonnenaufgang.de\/wp-content\/uploads\/2019\/12\/IMG_9869_compress54-1024x683.jpg 1024w, http:\/\/lichri.radeln-in-den-sonnenaufgang.de\/wp-content\/uploads\/2019\/12\/IMG_9869_compress54-768x512.jpg 768w\" sizes=\"(max-width: 767px) 89vw, (max-width: 1000px) 54vw, (max-width: 1071px) 543px, 580px\" \/><figcaption>Unserem Motto n\u00e4her kommen: mit Glauben, Liebe und Hoffnung um die Welt <\/figcaption><\/figure>\n\n\n\n<p>&#8230;<\/p>\n\n\n\n<p>\u2026<\/p>\n\n\n\n<p>So, genug der Gef\u00fchlsduselei! Am Sonntag neigt sich unsere Zeit in Luang Prabang dem Ende und wir brechen erneut auf. Diesmal wieder in Richtung S\u00fcden, wo wir dem Ho Chi Minh Trail zur kambodschanischen Grenze folgen. Wo wir Weihnachten verbringen? Wissen wir nicht. Wir wissen nur: n\u00e4chstes Mal sind wir wieder dabei! Euch bis dahin schonmal eine besinnliche Adventszeit. Und lasst uns gerne wieder ein paar Kommentare da! \u00dcber die freuen wir uns immer besonders! \ud83d\ude42<\/p>\n\n\n\n<figure class=\"wp-block-image\"><img decoding=\"async\" loading=\"lazy\" width=\"1296\" height=\"864\" src=\"http:\/\/lichri.radeln-in-den-sonnenaufgang.de\/wp-content\/uploads\/2019\/12\/IMG_9790_compress0.jpg\" alt=\"\" class=\"wp-image-1314\" srcset=\"http:\/\/lichri.radeln-in-den-sonnenaufgang.de\/wp-content\/uploads\/2019\/12\/IMG_9790_compress0.jpg 1296w, http:\/\/lichri.radeln-in-den-sonnenaufgang.de\/wp-content\/uploads\/2019\/12\/IMG_9790_compress0-300x200.jpg 300w, http:\/\/lichri.radeln-in-den-sonnenaufgang.de\/wp-content\/uploads\/2019\/12\/IMG_9790_compress0-1024x683.jpg 1024w, http:\/\/lichri.radeln-in-den-sonnenaufgang.de\/wp-content\/uploads\/2019\/12\/IMG_9790_compress0-768x512.jpg 768w\" sizes=\"(max-width: 767px) 89vw, (max-width: 1000px) 54vw, (max-width: 1071px) 543px, 580px\" \/><\/figure>\n","protected":false},"excerpt":{"rendered":"<p>Hohoho ihr sch\u00f6nen Menschen, es ist der 4. Dezember, wir sind seit 222 Tagen auf Reisen und es ist Adventszeit. Obwohl es mir in den vergangenen Jahren immer wieder schwer gefallen ist richtig in Weihnachtsstimmung zu kommen, so ist es dieses Jahr besonders hart. Ich liebe Weihnachten. Ich liebe die Jahreszeiten, die wir in Europa &hellip; <\/p>\n<p class=\"link-more\"><a href=\"http:\/\/lichri.radeln-in-den-sonnenaufgang.de\/?p=1273\" class=\"more-link\"><span class=\"screen-reader-text\">\u201eLaos &#8211; ein kleines Adventsspecial\u201c<\/span> weiterlesen<\/a><\/p>\n","protected":false},"author":3,"featured_media":1325,"comment_status":"open","ping_status":"open","sticky":false,"template":"","format":"standard","meta":[],"categories":[1],"tags":[],"_links":{"self":[{"href":"http:\/\/lichri.radeln-in-den-sonnenaufgang.de\/index.php?rest_route=\/wp\/v2\/posts\/1273"}],"collection":[{"href":"http:\/\/lichri.radeln-in-den-sonnenaufgang.de\/index.php?rest_route=\/wp\/v2\/posts"}],"about":[{"href":"http:\/\/lichri.radeln-in-den-sonnenaufgang.de\/index.php?rest_route=\/wp\/v2\/types\/post"}],"author":[{"embeddable":true,"href":"http:\/\/lichri.radeln-in-den-sonnenaufgang.de\/index.php?rest_route=\/wp\/v2\/users\/3"}],"replies":[{"embeddable":true,"href":"http:\/\/lichri.radeln-in-den-sonnenaufgang.de\/index.php?rest_route=%2Fwp%2Fv2%2Fcomments&post=1273"}],"version-history":[{"count":4,"href":"http:\/\/lichri.radeln-in-den-sonnenaufgang.de\/index.php?rest_route=\/wp\/v2\/posts\/1273\/revisions"}],"predecessor-version":[{"id":1327,"href":"http:\/\/lichri.radeln-in-den-sonnenaufgang.de\/index.php?rest_route=\/wp\/v2\/posts\/1273\/revisions\/1327"}],"wp:featuredmedia":[{"embeddable":true,"href":"http:\/\/lichri.radeln-in-den-sonnenaufgang.de\/index.php?rest_route=\/wp\/v2\/media\/1325"}],"wp:attachment":[{"href":"http:\/\/lichri.radeln-in-den-sonnenaufgang.de\/index.php?rest_route=%2Fwp%2Fv2%2Fmedia&parent=1273"}],"wp:term":[{"taxonomy":"category","embeddable":true,"href":"http:\/\/lichri.radeln-in-den-sonnenaufgang.de\/index.php?rest_route=%2Fwp%2Fv2%2Fcategories&post=1273"},{"taxonomy":"post_tag","embeddable":true,"href":"http:\/\/lichri.radeln-in-den-sonnenaufgang.de\/index.php?rest_route=%2Fwp%2Fv2%2Ftags&post=1273"}],"curies":[{"name":"wp","href":"https:\/\/api.w.org\/{rel}","templated":true}]}}