{"id":1114,"date":"2019-11-26T07:48:05","date_gmt":"2019-11-26T07:48:05","guid":{"rendered":"http:\/\/lichri.radeln-in-den-sonnenaufgang.de\/?p=1114"},"modified":"2019-11-26T07:50:24","modified_gmt":"2019-11-26T07:50:24","slug":"ha-giang-cat-ba-nord-vietnam","status":"publish","type":"post","link":"http:\/\/lichri.radeln-in-den-sonnenaufgang.de\/?p=1114","title":{"rendered":"Ha Giang &#8211; Cat Ba, Nord-Vietnam"},"content":{"rendered":"\n<h4>Ein etwas anderer Blogbeitrag<\/h4>\n\n\n\n<p>Ihr sch\u00f6nen Menschen,<\/p>\n\n\n\n<p>gebraucht kurz eure Vorstellungskraft. Schlie\u00dft eure Augen\u2026 Halt stopp. Dann k\u00f6nnt ihr nicht mehr lesen. Okay. Sucht euch eine Peron, die euch vorliest \ud83d\ude09 und schlie\u00dft dann eure Augen. So k\u00f6nnte es funktionieren:<\/p>\n\n\n\n<figure class=\"wp-block-image\"><img decoding=\"async\" loading=\"lazy\" width=\"1296\" height=\"864\" src=\"http:\/\/lichri.radeln-in-den-sonnenaufgang.de\/wp-content\/uploads\/2019\/11\/IMG_8985_compress6.jpg\" alt=\"\" class=\"wp-image-1123\" srcset=\"http:\/\/lichri.radeln-in-den-sonnenaufgang.de\/wp-content\/uploads\/2019\/11\/IMG_8985_compress6.jpg 1296w, http:\/\/lichri.radeln-in-den-sonnenaufgang.de\/wp-content\/uploads\/2019\/11\/IMG_8985_compress6-300x200.jpg 300w, http:\/\/lichri.radeln-in-den-sonnenaufgang.de\/wp-content\/uploads\/2019\/11\/IMG_8985_compress6-1024x683.jpg 1024w, http:\/\/lichri.radeln-in-den-sonnenaufgang.de\/wp-content\/uploads\/2019\/11\/IMG_8985_compress6-768x512.jpg 768w\" sizes=\"(max-width: 767px) 89vw, (max-width: 1000px) 54vw, (max-width: 1071px) 543px, 580px\" \/><\/figure>\n\n\n\n<p>Leises aber best\u00e4ndiges Wellenrauschen dringt an deine Ohren, gemischt mit Vogelgezwischter und dem Bl\u00e4tterrauschen der umliegenden B\u00e4ume. In der Ferne h\u00f6rst du ein Gewirr aus Menschenstimmen, Kinderlachen. Noch etwas weiter im Hintergrund kannst du das Motoren-Rattern eines Fischkutters ausmachen. Kleine Kinderbeine stapfen im niedrigen Wasser \u2013 platsch, platsch, platsch. <br>Die Sonne scheint warm auf deinen K\u00f6rper. Von Kopf bis Fu\u00df. Und w\u00e4re da nicht die leichte, manchmal auch st\u00e4rkere Briese, die an dir vorbeizieht w\u00e4re es fast zu warm, um es in der Sonne auszuhalten. So ist es angenehm. Unter deinen F\u00fc\u00dfen sp\u00fcrst du den warmen, weichen Sandstrand. Du schiebst deine Zehen tiefer in den Sand und du merkst wie die weichen K\u00f6rner durch deine Zehen hindurch flie\u00dfen wie k\u00fchles Wasser. <br>Der Geschmackt von frischem Baguette mit Schokocreme und s\u00fc\u00dfen Bananen liegt dir noch auf der Zunge. (Es tut mir Leid, dass es bei uns so oft um Schokocreme geht, Dorit) Wenn du daran denkst merkt du aber nur, wie du auf ein kleines Sandkorn beisst. Tja. Sand ist am Strand eben \u00fcberall. Macht aber nichts. Passt irgendwie zu dem Salz auf den Lippen. <\/p>\n\n\n\n<p>Du sitzt mit dem R\u00fccken zu dicken Kokospalmen und dunklen, scharfkantigen Kalksteinfelsen. Vor dir liegt ein breiter, wei\u00dfer Sandstrand der rund um dich her gespickt ist mit Zapfen und Kiefernadeln deines h\u00f6lzernen Schattenspenders. Jenseits des Sandes glitzert das Meer. <\/p>\n\n\n\n<p>Genau da wo der Strand ins Meer \u00fcbergeht liegt ein angesp\u00fclter gro\u00dfer Ast, der etwas wie ein Miniaturwal aussieht. Daneben hockt ein junger Mann mit wilder blonder M\u00e4hne, welche die hochgeschobene Sonnenbrille in Zaum h\u00e4lt, im Sand und betrachtet aufmerksam die kleinen Krabben, die sich durch den feuchten Untergrund der seichten Brandung w\u00fchlen. Aus deiner Persektive schaut das Meer blau aus. Aus Erfahrung wei\u00dft du, dass es hier eher t\u00fcrkies-tr\u00fcb ist als glasklar. Rechts und links ist die Bucht in der du sitzt umgeben von gr\u00fcn bewachsenen Karst, der zum Teil steil einige Meter in den Himmel ragt, bevor sich Pflanzen, B\u00fcsche und B\u00e4ume einen Platz zum wachsen suchen konnten. Etwas weiter im Hintergrund sind einige Fischkutter zu erkennen. Zwei gr\u00f6\u00dfere und zwei kleinere. Die Kleineren fahren aufeinander zu, sind schneller unterwegs als die Gro\u00dfen und auch lauter. V\u00f6gel kreisen \u00fcber dem Wasser, sind auf Fischjagt. Und dahinter sch\u00e4len sich blau-grau die Umrisse weiterer Felsinseln aus dem leichten Dunst der Bucht. <\/p>\n\n\n\n<figure class=\"wp-block-image\"><img decoding=\"async\" loading=\"lazy\" width=\"1296\" height=\"864\" src=\"http:\/\/lichri.radeln-in-den-sonnenaufgang.de\/wp-content\/uploads\/2019\/11\/IMG_8936_compress30.jpg\" alt=\"\" class=\"wp-image-1122\" srcset=\"http:\/\/lichri.radeln-in-den-sonnenaufgang.de\/wp-content\/uploads\/2019\/11\/IMG_8936_compress30.jpg 1296w, http:\/\/lichri.radeln-in-den-sonnenaufgang.de\/wp-content\/uploads\/2019\/11\/IMG_8936_compress30-300x200.jpg 300w, http:\/\/lichri.radeln-in-den-sonnenaufgang.de\/wp-content\/uploads\/2019\/11\/IMG_8936_compress30-1024x683.jpg 1024w, http:\/\/lichri.radeln-in-den-sonnenaufgang.de\/wp-content\/uploads\/2019\/11\/IMG_8936_compress30-768x512.jpg 768w\" sizes=\"(max-width: 767px) 89vw, (max-width: 1000px) 54vw, (max-width: 1071px) 543px, 580px\" \/><\/figure>\n\n\n\n<p><br>Nach sechseinhalb Monaten Reise sind wir im Paradies angekommen. Genauer gesagt befinden wir uns auf Cat Ba, der gro\u00dfen Insel s\u00fcdlich der Ha Long Bay. Heute ist unser erster Tag am Strand (nachdem wir die Ostsee hinter uns gelassen haben). Morgen bleiben wir noch hier, bevor es dann weiter nach Ha Noi geht \u2013 der Hauptstadt Vietnams. Ich wei\u00df, dass ich den Tag morgen noch einmal am Strand verbringen werde. Ob Chris das auch tut bleibt offen, denn was f\u00fcr mich Entspannung ist, ist f\u00fcr ihn eher anstrengend und umgekehrt. Aber ich bin sicher, er wird etwas finden, um nicht vor Langeweile umzukommen. Es war ein weiter Weg hierher und ich w\u00fcrde l\u00fcgen, w\u00fcrde ich sagen es war immer witzig\u2026<\/p>\n\n\n\n<p>Chris: \u201cWieso?! Es war total witzig!\u201d<br>Lisa: \u201cUnd was genau fandest du an dieser Qu\u00e4lerei bitte witzig?\u201d<br>Chris: \u201cWelche Qu\u00e4lerei? Das war Spa\u00df und Abenteuer pur! Denk doch nur, denkt doch nur an\u2026\u201d<br>Lisa: \u201cAch ja?! An was soll ich denken?\u201d<br>Chris: \u201c\u00c4hm, \u00e4hm, \u00e4\u00e4\u00e4hm\u2026 naja, die\u2026 \u00e4hm Berge?\u201d<br>Lisa: \u201cBerge? Ernsthaft? Wir haben die letzten zwei Monate nur Berge gesehen. Damit beeindruckst du mich nicht. Anderes Beispiel?\u201d<br>Chris [z\u00f6gernd und unsicher]: \u201cNaja \u2013 \u00e4hm\u2026 \u00e4hm\u2026 Leute?\u201d <br>[Schweigen]<br>Chris [ungeduldig]: \u201cKomm schon, so schlimm war es wirklich nicht! Wir hatten doch jede Menge\u2026 Spa\u00df?\u201d<br>Lisa [etwas entnervt]: \u201cIch glaube, so kommen wir nicht weiter.\u201d<br>Chris [trotzig]: \u201cNa, dann bring DU doch mal ein Beispiel! Wir k\u00f6nnen doch im Blog nicht nur schreiben wie anstrengend alles war. Immer nur Mimimi. Aber mir ist schon klar, dass du dich an nichts erinnern kannst. Du hast dich ja die ganze Zeit nur mit Podcasts und H\u00f6rbuch weggeballert.\u201d<br>Lisa: \u201cMach mal nen Punkt. Das ist jetzt aber fies. Du kannst doch anscheinend auch keine Beispiele bringen, weil DU n\u00e4mlich die ganze Zeit mit der Kamera vor den Augen rumgelaufen bist und alle f\u00fcnf Meter ein Bild geschossen hast. Du hast doch selbst gar nichts mitgekriegt.\u201d<br>Chris [sp\u00f6ttisch]: \u201cAch daran kannst du dich aber wieder gut erinnern.\u201d <br>Lisa [Chris ignorierend]: \u201cDann lass uns doch mal in unser Tagebuch schauen.\u201d<br>Lisa zieht das in braunes Leder gebundene B\u00fcchlein aus ihrer Lenkertasche und schl\u00e4gt es im Sand vor ihnen auf. <br>Lisa [mit zusammengekniffenen Augen]: \u201cDas kann doch kein Schwein lesen.\u201d<br>Chris [emp\u00f6rt]: \u201cKommst du mit meinen Hyroglyphen nicht klar, oder was? Gib mal her!\u201d<br>Chris zieht am Buch, das Lisa noch fest in der Hand und angestrengt lesend dicht vor dem Gesicht h\u00e4lt. Es entsteht ein kleines Gerangel um das Tagebuch. Chris rutscht heran und versucht weiter einen Blick in das Tagebuch zu erhaschen, welches Lisa fest im Griff beh\u00e4lt. W\u00e4hrend beide \u00fcber den seltesamen Zeichen br\u00fcten und am Tagebuch zerren gibt es pl\u00f6tzlich einen dumpfen Knall als Lisas und Chris\u2019 Kopf heftig gegeneinandersto\u00dfen. <br>Das Licht geht aus, der Vorhang schlie\u00dft sich. Ende Szene 1.<\/p>\n\n\n\n<figure class=\"wp-block-image\"><img decoding=\"async\" loading=\"lazy\" width=\"864\" height=\"1296\" src=\"http:\/\/lichri.radeln-in-den-sonnenaufgang.de\/wp-content\/uploads\/2019\/11\/img_6267_compress908724093457787576394.jpg\" alt=\"\" class=\"wp-image-1124\" srcset=\"http:\/\/lichri.radeln-in-den-sonnenaufgang.de\/wp-content\/uploads\/2019\/11\/img_6267_compress908724093457787576394.jpg 864w, http:\/\/lichri.radeln-in-den-sonnenaufgang.de\/wp-content\/uploads\/2019\/11\/img_6267_compress908724093457787576394-200x300.jpg 200w, http:\/\/lichri.radeln-in-den-sonnenaufgang.de\/wp-content\/uploads\/2019\/11\/img_6267_compress908724093457787576394-683x1024.jpg 683w, http:\/\/lichri.radeln-in-den-sonnenaufgang.de\/wp-content\/uploads\/2019\/11\/img_6267_compress908724093457787576394-768x1152.jpg 768w\" sizes=\"(max-width: 767px) 89vw, (max-width: 1000px) 54vw, (max-width: 1071px) 543px, 580px\" \/><\/figure>\n\n\n\n<p>Szene 2<br>Der Vorhang geht auf. Chris und Lisa erwachen auf einer Br\u00fccke. Wildes Treiben um sie her. Die schwer beladenen Packesel sind unter ihrer Fracht teilweise noch so zu erkennen, aus manchen der Paketb\u00fcndel h\u00f6rt man lediglich ein klagendes und ersch\u00f6pftes Iahen. M\u00e4nner mit runden H\u00fcten st\u00fctzen die mit Schn\u00fcren zusammen gezurrten Aufbauten zu den Seiten hin ab, w\u00e4hrend sie nacheinander die lange Br\u00fccke passieren. <br>Chris [auf dem Boden sitzend, mit einer Hand abgest\u00fctzt, die andere die Schl\u00e4fe reibend; schmerzerf\u00fcllt]: \u201cAutsch\u2026\u201d [sieht entr\u00fcstet zu Lisa, die bereits steht]<br>Lisa: \u201cNee, oder? Das ist jetzt nicht dein Ernst!\u201d<br>Chris: \u201cWas ist denn los? Wo sind wir \u00fcberhaupt?\u201d<br>Lisa: \u201cSchau dich doch mal um. Was siehst du?\u201d<br>Chris [sieht sich zu allen Seiten hin um]: \u201cEine Br\u00fccke, zwei Torb\u00f6gen\u2026 sind das chinesische Schriftzei- sind das Esel?!\u201d<br>Chris deutet auf einen Haufen Pakete, der an ihm vor\u00fcbergeht.<br>Lisa: \u201cJa, Mann. Irgendetwas stimmt hier nicht.\u201d<br>Chris: \u201cDu meist weil wir wieder in China sind?\u201d<br>Lisa [kopfsch\u00fcttelnd]: \u201cAlso erstens sind wir nicht mehr in China, um genau zu sein. Ich meine, wir befinden uns \u00fcber dem Grenzfluss. Und zweitens: das letzte Mal als wir hier waren haben die Drahtesel keine solchen Ger\u00e4usche gemacht.\u201d<br>Lisa deutet auf den laufenden Haufen Pakete. Chris guckt skeptisch, erwidert jedoch nichts. Lisa reibt sich den Kopf. Chris erhebt sich. Dabei rieselt Sand von seiner Hose auf seine Schuhe. <br>Chris [verdutzt]: \u201cWieso\u2026 wieso bin ich voller Sand?\u201d Chris reibt den feinen, weisen Sand zwischen den Fingern. \u201cKlebt wie Strandsand.\u201d<br>Lisa: \u201cStrand! Wie gerne w\u00e4re ich jetzt am- Moment mal!\u201d<br>Chris und Lisa blicken sich best\u00fcrtzt an. Lisa f\u00e4hrt erschrocken zusammen, als sie etwas in den Hintern kneift. Quiekend f\u00e4hrt sie herum und erblickt einen Esel, der gen\u00fcsslich an ihrem Hosenboden knabbert.<br>Das Licht geht aus. Ende Szene 2<\/p>\n\n\n\n<figure class=\"wp-block-image\"><img decoding=\"async\" loading=\"lazy\" width=\"1296\" height=\"864\" src=\"http:\/\/lichri.radeln-in-den-sonnenaufgang.de\/wp-content\/uploads\/2019\/11\/IMG_5956_compress19.jpg\" alt=\"\" class=\"wp-image-1125\" srcset=\"http:\/\/lichri.radeln-in-den-sonnenaufgang.de\/wp-content\/uploads\/2019\/11\/IMG_5956_compress19.jpg 1296w, http:\/\/lichri.radeln-in-den-sonnenaufgang.de\/wp-content\/uploads\/2019\/11\/IMG_5956_compress19-300x200.jpg 300w, http:\/\/lichri.radeln-in-den-sonnenaufgang.de\/wp-content\/uploads\/2019\/11\/IMG_5956_compress19-1024x683.jpg 1024w, http:\/\/lichri.radeln-in-den-sonnenaufgang.de\/wp-content\/uploads\/2019\/11\/IMG_5956_compress19-768x512.jpg 768w\" sizes=\"(max-width: 767px) 89vw, (max-width: 1000px) 54vw, (max-width: 1071px) 543px, 580px\" \/><\/figure>\n\n\n\n<p>Szene 3<br>Chris sitzt zusammengesunken auf dem Bordstein vor einem kleinen Laden in Lao Cai. Lisa l\u00e4uft best\u00e4ndig auf und ab und beist immer wieder energisch von den eben erworbenen kleinen Waffeln ab, die sie zum Fr\u00fchst\u00fcck gekauft haben. <br>Chris: \u201cJetzt beruhig dich doch mal.\u201d<br>Lisa: \u201cBeruhigen?! Ich soll mich beruhigen?! Hier stehen zwei Esel. Zwei leibhaftige Esel, bepackt mit Ortlieb und Vaude Taschen. Einer davon hat meine HOSE gefressen und jetzt mampft er \u00fcbrigens gerade deine Haare.\u201d<br>Chris: \u201cDas war bestimmt der Sepp.\u201d<br>Lisa: \u201cDas war bestimmt NICHT mein Sepp, der hat Ortliebtaschen dran! Sepp tr\u00e4gt VAUDE, klar?! Abgesehen davon, dass wir seit neuestem ESEL haben, spielt es gar keine Rolle welcher Esel das war. Merkst du das nicht? Wir sind in eine Zeitschleife geraten! Und das absolut Schlimmste daran: Wir m\u00fcssen den ganzen Ha Giang Loop nochmal machen!\u201d [Lisa rauft sich die Haare] \u201cIch mach das nicht. Ich pack das nicht. Nicht noch einmal.\u201d<br>Chris [beschwichtigend die H\u00e4nde hebend]: \u201cSachte, sachte, chill mal. So schlimm wars doch nicht. Komm schon, es ist doch wundersch\u00f6n dort. Die Berge, T\u00e4ler, die Reisfelder und abgesehen davon, kann dich doch der Sepp jetzt einfach hochtragen.\u201d<br>Lisa [mit erhobener Augenbraue] setzt zu einer Entgegnung an, kommt jedoch ins Stocken.<br>Sam [aus dem Off]: \u201cYeah! It\u2019s beautiful! Especially the part in the north, following the road along the chinese board-\u201c<br>Chris &amp; Lisa: \u201cSAM!\u201d<br>Unter lautem Hufgeklapper kommt eine junge, hagere Gestalt mit kurz geschorenen Haaren auf die B\u00fchne geritten. Mit einem Satz schwingt sich der in Orange geh\u00fcllte M\u00f6nch von seinem Reittier. In elegant flie\u00dfenden Bewegungen und mit enthusiastischem Lachen n\u00e4hert er sich Chris und Lisa.<br>Chris [belustigt und etwas neidisch]: \u201cNa klar. Er hat ein Rennpferd.\u201d<br>Ende Szene 3<\/p>\n\n\n\n<p>[Sam ist ein supernetter und endlos-enthusiastischer Radreisender, der mit seiner Freundin Bec S\u00fcdostasien bereist. Lest <a href=\"https:\/\/www.adventuresbycycle.com\/\">hier<\/a> seinen Blog oder schaut euch <a href=\"https:\/\/www.instagram.com\/adventuresbycycle\/\">hier<\/a> seine tollen Fotos und Dronenvideos an &#8211; sp\u00e4ter \ud83d\ude42 ]<\/p>\n\n\n\n<figure class=\"wp-block-image\"><img decoding=\"async\" loading=\"lazy\" width=\"1296\" height=\"864\" src=\"http:\/\/lichri.radeln-in-den-sonnenaufgang.de\/wp-content\/uploads\/2019\/11\/IMG_6317_compress25.jpg\" alt=\"\" class=\"wp-image-1127\" srcset=\"http:\/\/lichri.radeln-in-den-sonnenaufgang.de\/wp-content\/uploads\/2019\/11\/IMG_6317_compress25.jpg 1296w, http:\/\/lichri.radeln-in-den-sonnenaufgang.de\/wp-content\/uploads\/2019\/11\/IMG_6317_compress25-300x200.jpg 300w, http:\/\/lichri.radeln-in-den-sonnenaufgang.de\/wp-content\/uploads\/2019\/11\/IMG_6317_compress25-1024x683.jpg 1024w, http:\/\/lichri.radeln-in-den-sonnenaufgang.de\/wp-content\/uploads\/2019\/11\/IMG_6317_compress25-768x512.jpg 768w\" sizes=\"(max-width: 767px) 89vw, (max-width: 1000px) 54vw, (max-width: 1071px) 543px, 580px\" \/><figcaption>Sepp und Lisa, wie so oft zu Fu\u00df durch die Berge Nordvietnams unterwegs<\/figcaption><\/figure>\n\n\n\n<p>Szene 4<br>Lisa schiebt ihren Esel, je ein Ohr in einer Hand, vor sich den Berg hinauf w\u00e4hrend Chris locker neben ihr her trabt. <br>Chris: \u201cSchatz, du musst ihn hinten anpacken, dann geht es leichter.\u201d<br>Lisa reagiert nicht.<br>Chris sucht Augenkontakt und winkt in Lisas abwesendes und doch angespanntes Gesicht. Sie erblickt Chris und zieht fragend eine Augenbraun nach oben. Chris deutet mit beiden Zeigefingern \u2013 nun also freih\u00e4ndig \u201cfahrend\u201d \u2013 auf seine Ohren. Lisa rollt entnervt die Augen w\u00e4hrend sie angestrengt auf das Handydisplay starrt, welches im Kartenfach der Lenkertasche auf Sepps Schultern sitzt. Nach einigem energischen Tippen zieht sie schlie\u00dflich erst einen, dann den anderen Kopfh\u00f6rer aus den Ohren.<br>Chris: \u201cTja, scheinbar hab ich immernoch das bessere Reittier. M\u00fcsste ja eigentlich ein Stier sein. Oder ein Bulle. Wie die Radmarke eben.\u201d<br>Lisa: \u201cDeswegen hab ich jetzt meinen Podcast ausgemacht?\u201d <br>Chris: \u201cNee, du musst hinten anpacken. Das is&#8216; einfacher, ich sag&#8217;s dir. Am Hintern! So wie ich&#8217;s dir am Sattel gezeigt hab.\u201d<br>Lisa seufzt, Sepps Ohren unver\u00e4ndert verkrampft im Griff. <br>Lisa: \u201cH\u00f6rt das nicht mal auf? Auf meinem Tacho sind wir doch schon bei f\u00fcnfzig Kilometer \u2013 wenngleich ich immernoch nicht verstehe, wie der das jetzt misst.\u201d<br>Chris: \u201cLisa, genie\u00df es! Jetzt bekommst du schon die Chance ein zweites mal diesen Abschnitt unserer Reise zu durchleben und wieder klagst du und lenkst dich mit H\u00f6rb\u00fcchern und Co ab.\u201d<br>Lisa: \u201cIch habe mir das nicht ausgesucht, das nochmal zu machen und ich lenke mich mit gutem Grund ab: Ich halte dieses monotone, endlose Bergaufschieben ja sonst nicht aus!\u201d<br>Chris: \u201cSchatz, bitte, schau dich doch nur mal um! Seit wir in Ha Giang nach Norden gestartet sind und dem t\u00fcrkiesgr\u00fcnen Fluss durch sein schlaufenreiches Tal folgten, sind wir umgeben von diesen wundervoll geschwungenen Reisterrassen, die sich &#8211; \u00fcbereinander gestapelt wie Pan-Cakes &#8211; bis auf die H\u00fcgelkuppen und in die steilsten Bergflanken hinaufziehen. Manche strahlen noch im satten Gelb des reifen Reises. Wo bereits geerntet wurde zeigen andere das Dunkelbraun des fruchtbaren Erdbodens. Und die n\u00e4chsten sind geflutet und spiegeln den Himmel dar\u00fcber und die Silhouette der breith\u00f6rnigen Wasserb\u00fcffel, die durch den Schlamm unter dem seichten Wasser der Terrasse waten. Zwischen den Reisfeldern finden sich immer wieder Holz- und Bambush\u00fctten. Man sieht aus der Ferne Kinder nahe der mit Gras und Palmwedeln gedeckten H\u00fctten spielen. Unter den gro\u00dfen runden H\u00fcten, die \u00fcber die Terrassen wandern, sind bunt gekleidete Frauen zu erahnen, die ihrem Tagewerk nachgehen. Andere Frauen und Kinder kommen von den angrenzenden Feldern, den hangaufw\u00e4rts gelegenen W\u00e4ldchen und der einen oder anderen Wiese auf die Stra\u00dfe \u2013 beladen mit \u00fcbermannshohen B\u00fcndeln von Gr\u00e4sern und K\u00f6rben voll Kr\u00e4utern. W\u00e4hrend man die eine oder andere Frau dann mit v\u00f6llig \u00fcberladenen Motorrollern davonschaukeln sieht, tragen die Kinder und die gebeugten, alten Frauen K\u00f6rbe voll bl\u00fctenreicher Fracht an der Stra\u00dfe entlang \u2013 wo sie als begehrtes Motiv der vorbeisausenden Motorrad-Touristen \u2013 immer wieder f\u00fcr ein Foto herhalten m\u00fcssen. Auf diesen sehr belebten Bergstra\u00dfen k\u00e4mpfen wir uns Serpentine um Serpentine \u00fcber eintausenddreihundert H\u00f6henmeter nach oben \u2013 eine schier endlose Folge von Schw\u00fcngen, die jedoch eines besonders f\u00fcr sich haben: Sie geben immer wieder neu den Blick frei auf die atemberaubend wirkenden, majest\u00e4tisch aufragenden und teilweise \u00fcber den T\u00e4lern wie gigantische Wellen hereinzubrechend-drohenden Berge.\u201d<br>[Schweigen]<br>Lisa: \u201cBist du fertig?\u201d<br>Chris: \u201cF\u00fcr\u2019s erste.\u201d [grinst verschmitzt]<br>Lisa: \u201cGut, ich meine, auch wenn ich mich gerade nicht so in Worten dar\u00fcber zergehen lassen kann, wie sch\u00f6n das hier ist, hast du ja recht: Es ist echt toll hier. Aber muss es \u201ceine schier endlose Folge\u201d von \u201cSerpentine um Serpentine\u201d sein? Ich kann nicht mehr!\u201d<br>Chris: \u201cIch sag\u2019s nur wie\u2019s ist.\u201d [zuckt mit den Schultern].<br>Lisa: \u201cKam dir nicht auch schon der Verdacht, dass es vielleicht genau umgekehrt ist? Dass es so-ist-wie-du-sagst? Ich meine, du sitzt da auf einem \u2013\u201c.<br>Chris unterbricht: \u201cPappalapapp! Wundersch\u00f6n ist\u2019s. Anstrengend, ja, aber halt auch wundersch\u00f6n. Und so will ich es in Erinnerung behalten. Stell dir vor, du h\u00e4ttest die Tagebucheintr\u00e4ge alleine damit gef\u00fcllt, wie furchtbar die endlosen Aufstiege waren, die sich \u00fcber Tage hinweg wiederholten!\u201d<br>Lisa: \u201cOh nein! H\u00f6r auf! Das ist erst der erste Tag von \u2026 wieviel? Acht bis Cao Bang?\u201d<br>Chris [beisst in eine der Bananen, die er einh\u00e4ndig von dem B\u00fcndel pfl\u00fcckte, das hinter ihm auf dem Seesack festgeschn\u00fcrt baumelte; schmatzend]: \u201cJapp. Die ersten Tausend von \u00fcber Achttausend H\u00f6henmeter, die ersten 50 von 350 Kilometern auf dem Weg nach Cao Bang. Noch jede Menge tolle Aussichten auf dem Weg\u201d.<br>Lisa [ihren Sepp ausbremsend, der den Hals nach den Bananen reckt]: \u201cIch w\u00fcnschte, Sam h\u00e4tte das Tagebuch f\u00fcr uns gef\u00fcllt. Bei ihm klang das alles so einfach!\u201d <br>Inzwischen wird es dunkel, doch noch ist das Ende des Aufstieges nicht in Sicht. <br>Lisa: \u201cSam und Bec haben ihre 60km Tagesetappen angeblich immer schon so um 14 Uhr geschafft. Sollten wir nicht auch langsam mal \u00fcber den Berg kommen und ins Tal zu einem Guesthouse?\u201d<br>Chris [nachdenklich eine weitere Banane kauend]: \u201cJa, so langsam wundere ich mich auch\u2026\u201d<br>Lisa: \u201cSag mal, hast du wirklich \u201cschier unendlich\u201d geschrieben?\u201d<br>Chris bleibt stehen, von pl\u00f6tzlichem Entsetzen erfasst.<\/p>\n\n\n\n<p>Ende Szene 4<\/p>\n\n\n\n<figure class=\"wp-block-image\"><img decoding=\"async\" loading=\"lazy\" width=\"864\" height=\"1296\" src=\"http:\/\/lichri.radeln-in-den-sonnenaufgang.de\/wp-content\/uploads\/2019\/11\/img_6277_compress684663292431938881643.jpg\" alt=\"\" class=\"wp-image-1128\" srcset=\"http:\/\/lichri.radeln-in-den-sonnenaufgang.de\/wp-content\/uploads\/2019\/11\/img_6277_compress684663292431938881643.jpg 864w, http:\/\/lichri.radeln-in-den-sonnenaufgang.de\/wp-content\/uploads\/2019\/11\/img_6277_compress684663292431938881643-200x300.jpg 200w, http:\/\/lichri.radeln-in-den-sonnenaufgang.de\/wp-content\/uploads\/2019\/11\/img_6277_compress684663292431938881643-683x1024.jpg 683w, http:\/\/lichri.radeln-in-den-sonnenaufgang.de\/wp-content\/uploads\/2019\/11\/img_6277_compress684663292431938881643-768x1152.jpg 768w\" sizes=\"(max-width: 767px) 89vw, (max-width: 1000px) 54vw, (max-width: 1071px) 543px, 580px\" \/><\/figure>\n\n\n\n<figure class=\"wp-block-image\"><img decoding=\"async\" loading=\"lazy\" width=\"1296\" height=\"864\" src=\"http:\/\/lichri.radeln-in-den-sonnenaufgang.de\/wp-content\/uploads\/2019\/11\/IMG_5980_compress39.jpg\" alt=\"\" class=\"wp-image-1129\" srcset=\"http:\/\/lichri.radeln-in-den-sonnenaufgang.de\/wp-content\/uploads\/2019\/11\/IMG_5980_compress39.jpg 1296w, http:\/\/lichri.radeln-in-den-sonnenaufgang.de\/wp-content\/uploads\/2019\/11\/IMG_5980_compress39-300x200.jpg 300w, http:\/\/lichri.radeln-in-den-sonnenaufgang.de\/wp-content\/uploads\/2019\/11\/IMG_5980_compress39-1024x683.jpg 1024w, http:\/\/lichri.radeln-in-den-sonnenaufgang.de\/wp-content\/uploads\/2019\/11\/IMG_5980_compress39-768x512.jpg 768w\" sizes=\"(max-width: 767px) 89vw, (max-width: 1000px) 54vw, (max-width: 1071px) 543px, 580px\" \/><\/figure>\n\n\n\n<figure class=\"wp-block-image\"><img decoding=\"async\" loading=\"lazy\" width=\"1296\" height=\"864\" src=\"http:\/\/lichri.radeln-in-den-sonnenaufgang.de\/wp-content\/uploads\/2019\/11\/IMG_6026_compress34.jpg\" alt=\"\" class=\"wp-image-1132\" srcset=\"http:\/\/lichri.radeln-in-den-sonnenaufgang.de\/wp-content\/uploads\/2019\/11\/IMG_6026_compress34.jpg 1296w, http:\/\/lichri.radeln-in-den-sonnenaufgang.de\/wp-content\/uploads\/2019\/11\/IMG_6026_compress34-300x200.jpg 300w, http:\/\/lichri.radeln-in-den-sonnenaufgang.de\/wp-content\/uploads\/2019\/11\/IMG_6026_compress34-1024x683.jpg 1024w, http:\/\/lichri.radeln-in-den-sonnenaufgang.de\/wp-content\/uploads\/2019\/11\/IMG_6026_compress34-768x512.jpg 768w\" sizes=\"(max-width: 767px) 89vw, (max-width: 1000px) 54vw, (max-width: 1071px) 543px, 580px\" \/><\/figure>\n\n\n\n<figure class=\"wp-block-image\"><img decoding=\"async\" loading=\"lazy\" width=\"1296\" height=\"864\" src=\"http:\/\/lichri.radeln-in-den-sonnenaufgang.de\/wp-content\/uploads\/2019\/11\/IMG_6962_compress11.jpg\" alt=\"\" class=\"wp-image-1133\" srcset=\"http:\/\/lichri.radeln-in-den-sonnenaufgang.de\/wp-content\/uploads\/2019\/11\/IMG_6962_compress11.jpg 1296w, http:\/\/lichri.radeln-in-den-sonnenaufgang.de\/wp-content\/uploads\/2019\/11\/IMG_6962_compress11-300x200.jpg 300w, http:\/\/lichri.radeln-in-den-sonnenaufgang.de\/wp-content\/uploads\/2019\/11\/IMG_6962_compress11-1024x683.jpg 1024w, http:\/\/lichri.radeln-in-den-sonnenaufgang.de\/wp-content\/uploads\/2019\/11\/IMG_6962_compress11-768x512.jpg 768w\" sizes=\"(max-width: 767px) 89vw, (max-width: 1000px) 54vw, (max-width: 1071px) 543px, 580px\" \/><\/figure>\n\n\n\n<figure class=\"wp-block-image\"><img decoding=\"async\" loading=\"lazy\" width=\"864\" height=\"1296\" src=\"http:\/\/lichri.radeln-in-den-sonnenaufgang.de\/wp-content\/uploads\/2019\/11\/img_6480_compress474686212413470221945.jpg\" alt=\"\" class=\"wp-image-1134\" srcset=\"http:\/\/lichri.radeln-in-den-sonnenaufgang.de\/wp-content\/uploads\/2019\/11\/img_6480_compress474686212413470221945.jpg 864w, http:\/\/lichri.radeln-in-den-sonnenaufgang.de\/wp-content\/uploads\/2019\/11\/img_6480_compress474686212413470221945-200x300.jpg 200w, http:\/\/lichri.radeln-in-den-sonnenaufgang.de\/wp-content\/uploads\/2019\/11\/img_6480_compress474686212413470221945-683x1024.jpg 683w, http:\/\/lichri.radeln-in-den-sonnenaufgang.de\/wp-content\/uploads\/2019\/11\/img_6480_compress474686212413470221945-768x1152.jpg 768w\" sizes=\"(max-width: 767px) 89vw, (max-width: 1000px) 54vw, (max-width: 1071px) 543px, 580px\" \/><\/figure>\n\n\n\n<figure class=\"wp-block-image\"><img decoding=\"async\" loading=\"lazy\" width=\"864\" height=\"1296\" src=\"http:\/\/lichri.radeln-in-den-sonnenaufgang.de\/wp-content\/uploads\/2019\/11\/img_6478_compress728300041314110921308.jpg\" alt=\"\" class=\"wp-image-1135\" srcset=\"http:\/\/lichri.radeln-in-den-sonnenaufgang.de\/wp-content\/uploads\/2019\/11\/img_6478_compress728300041314110921308.jpg 864w, http:\/\/lichri.radeln-in-den-sonnenaufgang.de\/wp-content\/uploads\/2019\/11\/img_6478_compress728300041314110921308-200x300.jpg 200w, http:\/\/lichri.radeln-in-den-sonnenaufgang.de\/wp-content\/uploads\/2019\/11\/img_6478_compress728300041314110921308-683x1024.jpg 683w, http:\/\/lichri.radeln-in-den-sonnenaufgang.de\/wp-content\/uploads\/2019\/11\/img_6478_compress728300041314110921308-768x1152.jpg 768w\" sizes=\"(max-width: 767px) 89vw, (max-width: 1000px) 54vw, (max-width: 1071px) 543px, 580px\" \/><\/figure>\n\n\n\n<figure class=\"wp-block-image\"><img decoding=\"async\" loading=\"lazy\" width=\"864\" height=\"1296\" src=\"http:\/\/lichri.radeln-in-den-sonnenaufgang.de\/wp-content\/uploads\/2019\/11\/img_6512_compress253924474501330568094.jpg\" alt=\"\" class=\"wp-image-1136\" srcset=\"http:\/\/lichri.radeln-in-den-sonnenaufgang.de\/wp-content\/uploads\/2019\/11\/img_6512_compress253924474501330568094.jpg 864w, http:\/\/lichri.radeln-in-den-sonnenaufgang.de\/wp-content\/uploads\/2019\/11\/img_6512_compress253924474501330568094-200x300.jpg 200w, http:\/\/lichri.radeln-in-den-sonnenaufgang.de\/wp-content\/uploads\/2019\/11\/img_6512_compress253924474501330568094-683x1024.jpg 683w, http:\/\/lichri.radeln-in-den-sonnenaufgang.de\/wp-content\/uploads\/2019\/11\/img_6512_compress253924474501330568094-768x1152.jpg 768w\" sizes=\"(max-width: 767px) 89vw, (max-width: 1000px) 54vw, (max-width: 1071px) 543px, 580px\" \/><\/figure>\n\n\n\n<figure class=\"wp-block-image\"><img decoding=\"async\" loading=\"lazy\" width=\"1296\" height=\"864\" src=\"http:\/\/lichri.radeln-in-den-sonnenaufgang.de\/wp-content\/uploads\/2019\/11\/IMG_6551_compress99.jpg\" alt=\"\" class=\"wp-image-1138\" srcset=\"http:\/\/lichri.radeln-in-den-sonnenaufgang.de\/wp-content\/uploads\/2019\/11\/IMG_6551_compress99.jpg 1296w, http:\/\/lichri.radeln-in-den-sonnenaufgang.de\/wp-content\/uploads\/2019\/11\/IMG_6551_compress99-300x200.jpg 300w, http:\/\/lichri.radeln-in-den-sonnenaufgang.de\/wp-content\/uploads\/2019\/11\/IMG_6551_compress99-1024x683.jpg 1024w, http:\/\/lichri.radeln-in-den-sonnenaufgang.de\/wp-content\/uploads\/2019\/11\/IMG_6551_compress99-768x512.jpg 768w\" sizes=\"(max-width: 767px) 89vw, (max-width: 1000px) 54vw, (max-width: 1071px) 543px, 580px\" \/><\/figure>\n\n\n\n<figure class=\"wp-block-image\"><img decoding=\"async\" loading=\"lazy\" width=\"1296\" height=\"864\" src=\"http:\/\/lichri.radeln-in-den-sonnenaufgang.de\/wp-content\/uploads\/2019\/11\/IMG_6490_compress70.jpg\" alt=\"\" class=\"wp-image-1137\" srcset=\"http:\/\/lichri.radeln-in-den-sonnenaufgang.de\/wp-content\/uploads\/2019\/11\/IMG_6490_compress70.jpg 1296w, http:\/\/lichri.radeln-in-den-sonnenaufgang.de\/wp-content\/uploads\/2019\/11\/IMG_6490_compress70-300x200.jpg 300w, http:\/\/lichri.radeln-in-den-sonnenaufgang.de\/wp-content\/uploads\/2019\/11\/IMG_6490_compress70-1024x683.jpg 1024w, http:\/\/lichri.radeln-in-den-sonnenaufgang.de\/wp-content\/uploads\/2019\/11\/IMG_6490_compress70-768x512.jpg 768w\" sizes=\"(max-width: 767px) 89vw, (max-width: 1000px) 54vw, (max-width: 1071px) 543px, 580px\" \/><\/figure>\n\n\n\n<figure class=\"wp-block-image\"><img decoding=\"async\" loading=\"lazy\" width=\"1296\" height=\"864\" src=\"http:\/\/lichri.radeln-in-den-sonnenaufgang.de\/wp-content\/uploads\/2019\/11\/IMG_6471_compress91.jpg\" alt=\"\" class=\"wp-image-1139\" srcset=\"http:\/\/lichri.radeln-in-den-sonnenaufgang.de\/wp-content\/uploads\/2019\/11\/IMG_6471_compress91.jpg 1296w, http:\/\/lichri.radeln-in-den-sonnenaufgang.de\/wp-content\/uploads\/2019\/11\/IMG_6471_compress91-300x200.jpg 300w, http:\/\/lichri.radeln-in-den-sonnenaufgang.de\/wp-content\/uploads\/2019\/11\/IMG_6471_compress91-1024x683.jpg 1024w, http:\/\/lichri.radeln-in-den-sonnenaufgang.de\/wp-content\/uploads\/2019\/11\/IMG_6471_compress91-768x512.jpg 768w\" sizes=\"(max-width: 767px) 89vw, (max-width: 1000px) 54vw, (max-width: 1071px) 543px, 580px\" \/><\/figure>\n\n\n\n<figure class=\"wp-block-image\"><img decoding=\"async\" loading=\"lazy\" width=\"1296\" height=\"864\" src=\"http:\/\/lichri.radeln-in-den-sonnenaufgang.de\/wp-content\/uploads\/2019\/11\/IMG_6092_compress19.jpg\" alt=\"\" class=\"wp-image-1140\" srcset=\"http:\/\/lichri.radeln-in-den-sonnenaufgang.de\/wp-content\/uploads\/2019\/11\/IMG_6092_compress19.jpg 1296w, http:\/\/lichri.radeln-in-den-sonnenaufgang.de\/wp-content\/uploads\/2019\/11\/IMG_6092_compress19-300x200.jpg 300w, http:\/\/lichri.radeln-in-den-sonnenaufgang.de\/wp-content\/uploads\/2019\/11\/IMG_6092_compress19-1024x683.jpg 1024w, http:\/\/lichri.radeln-in-den-sonnenaufgang.de\/wp-content\/uploads\/2019\/11\/IMG_6092_compress19-768x512.jpg 768w\" sizes=\"(max-width: 767px) 89vw, (max-width: 1000px) 54vw, (max-width: 1071px) 543px, 580px\" \/><\/figure>\n\n\n\n<figure class=\"wp-block-image\"><img decoding=\"async\" loading=\"lazy\" width=\"1296\" height=\"864\" src=\"http:\/\/lichri.radeln-in-den-sonnenaufgang.de\/wp-content\/uploads\/2019\/11\/IMG_6075_compress2.jpg\" alt=\"\" class=\"wp-image-1141\" srcset=\"http:\/\/lichri.radeln-in-den-sonnenaufgang.de\/wp-content\/uploads\/2019\/11\/IMG_6075_compress2.jpg 1296w, http:\/\/lichri.radeln-in-den-sonnenaufgang.de\/wp-content\/uploads\/2019\/11\/IMG_6075_compress2-300x200.jpg 300w, http:\/\/lichri.radeln-in-den-sonnenaufgang.de\/wp-content\/uploads\/2019\/11\/IMG_6075_compress2-1024x683.jpg 1024w, http:\/\/lichri.radeln-in-den-sonnenaufgang.de\/wp-content\/uploads\/2019\/11\/IMG_6075_compress2-768x512.jpg 768w\" sizes=\"(max-width: 767px) 89vw, (max-width: 1000px) 54vw, (max-width: 1071px) 543px, 580px\" \/><\/figure>\n\n\n\n<figure class=\"wp-block-image\"><img decoding=\"async\" loading=\"lazy\" width=\"1296\" height=\"864\" src=\"http:\/\/lichri.radeln-in-den-sonnenaufgang.de\/wp-content\/uploads\/2019\/11\/IMG_6090_compress3.jpg\" alt=\"\" class=\"wp-image-1142\" srcset=\"http:\/\/lichri.radeln-in-den-sonnenaufgang.de\/wp-content\/uploads\/2019\/11\/IMG_6090_compress3.jpg 1296w, http:\/\/lichri.radeln-in-den-sonnenaufgang.de\/wp-content\/uploads\/2019\/11\/IMG_6090_compress3-300x200.jpg 300w, http:\/\/lichri.radeln-in-den-sonnenaufgang.de\/wp-content\/uploads\/2019\/11\/IMG_6090_compress3-1024x683.jpg 1024w, http:\/\/lichri.radeln-in-den-sonnenaufgang.de\/wp-content\/uploads\/2019\/11\/IMG_6090_compress3-768x512.jpg 768w\" sizes=\"(max-width: 767px) 89vw, (max-width: 1000px) 54vw, (max-width: 1071px) 543px, 580px\" \/><\/figure>\n\n\n\n<figure class=\"wp-block-image\"><img decoding=\"async\" loading=\"lazy\" width=\"1296\" height=\"864\" src=\"http:\/\/lichri.radeln-in-den-sonnenaufgang.de\/wp-content\/uploads\/2019\/11\/IMG_6095_compress78-1.jpg\" alt=\"\" class=\"wp-image-1143\" srcset=\"http:\/\/lichri.radeln-in-den-sonnenaufgang.de\/wp-content\/uploads\/2019\/11\/IMG_6095_compress78-1.jpg 1296w, http:\/\/lichri.radeln-in-den-sonnenaufgang.de\/wp-content\/uploads\/2019\/11\/IMG_6095_compress78-1-300x200.jpg 300w, http:\/\/lichri.radeln-in-den-sonnenaufgang.de\/wp-content\/uploads\/2019\/11\/IMG_6095_compress78-1-1024x683.jpg 1024w, http:\/\/lichri.radeln-in-den-sonnenaufgang.de\/wp-content\/uploads\/2019\/11\/IMG_6095_compress78-1-768x512.jpg 768w\" sizes=\"(max-width: 767px) 89vw, (max-width: 1000px) 54vw, (max-width: 1071px) 543px, 580px\" \/><\/figure>\n\n\n\n<figure class=\"wp-block-image\"><img decoding=\"async\" loading=\"lazy\" width=\"864\" height=\"1296\" src=\"http:\/\/lichri.radeln-in-den-sonnenaufgang.de\/wp-content\/uploads\/2019\/11\/img_6093_compress981672648089234799424.jpg\" alt=\"\" class=\"wp-image-1144\" srcset=\"http:\/\/lichri.radeln-in-den-sonnenaufgang.de\/wp-content\/uploads\/2019\/11\/img_6093_compress981672648089234799424.jpg 864w, http:\/\/lichri.radeln-in-den-sonnenaufgang.de\/wp-content\/uploads\/2019\/11\/img_6093_compress981672648089234799424-200x300.jpg 200w, http:\/\/lichri.radeln-in-den-sonnenaufgang.de\/wp-content\/uploads\/2019\/11\/img_6093_compress981672648089234799424-683x1024.jpg 683w, http:\/\/lichri.radeln-in-den-sonnenaufgang.de\/wp-content\/uploads\/2019\/11\/img_6093_compress981672648089234799424-768x1152.jpg 768w\" sizes=\"(max-width: 767px) 89vw, (max-width: 1000px) 54vw, (max-width: 1071px) 543px, 580px\" \/><\/figure>\n\n\n\n<p>Szene 5<br>Chris und Lisa stehen vor einem etwas sch\u00e4bigen Hoteltresen. Eher eine Glasvitrine voll mit allerlei Krimskrams und einigen Flaschen Wasser, die man hier erwerben kann. Drau\u00dfen ist es inzwischen stockdunkel.<br>Chris [ungl\u00e4ubig und am\u00fcsiert grinsend]: \u201cDass sich \u2018Irgendwann kamen wir dann doch noch in eine kleine Stadt\u2019 so manifestieren w\u00fcrde\u2026\u201d<br>Allen der vier Uhren an der Wand hinter dem Tresen fehlen s\u00e4mtliche Zeiger. <br>Lisa nimmt mit etwas M\u00fche die f\u00fcnf orange leuchtenden Satteltaschen zusammen und macht sich auf den Weg die Treppe hinauf, w\u00e4hrend Chris die P\u00e4sse von der \u2013 vom Feilsch-Versuch verstimmten \u2013 Hotelbetreiberin entgegen nimmt.<br>Lisa: \u201cSind wir mal froh, dass nach deinen \u201cendlosen\u201d Plackereien \u00fcberhaupt noch ein Hotel aufhatte. Aber so wirklich gut l\u00e4uft das nicht, was Sam meinte: \u2018Don\u2019t pay more then 150.000 Dong. Smile and be respectful. Tell them your story, how long you have been traveling, that you don\u2019t have much money and the will most likely give you the room cheaper.\u2019\u201d<br>Chris [nun ebenfalls mit Taschen, Gitarre, Seesack und Bananen \u00fcberladen auf der Treppe]: \u201cEntweder der Touri-Aufschlag ist f\u00fcr die hier unverhandelbar oder uns fehlt einfach Sams Charisma. Ich glaub\u2019, der k\u00f6nnt\u2019 einem echt alles verkaufen! Vielleicht ham wir das mit dem \u2018don\u2019t pay more than\u2019 auch\u2019n bisschen zu w\u00f6rtlich genommen. W\u00e4re ja doch etwas stressfreier manchmal einfach die eins-zwei Euro mehr zu zahlen und nicht ewig zu feilschen oder weiter zu suchen. Aber alles in allem bin ich schon froh, ihn getroffen zu haben. Der war ja der wandelnde Reisef\u00fchrer! Ich freu mich schon auf die Ban Gioc Wasserf\u00e4lle!\u201d<br>Lisa [angestrengt seufzend vor der Zimmert\u00fcr wartend]: \u201cNa, das dauert aber noch. Und jetzt nicht spoilern, klar! Ich bin ganz froh, wenn wir morgen endlich die Taschen zur Post bringen. Nur diesmal k\u00f6nnten wir vielleicht ein paar warme Sachen mehr behalten. Auf den Bergen wirds manchmal tats\u00e4chlich ganz sch\u00f6n frisch. Zumindest wenn es dann bergab geht.\u201d<br>Lisa knibbelt eine der Bananen vom B\u00fcndel, das an Chris H\u00fcfte baumelt.<br>Chris [mit dem Schl\u00fcssel am Schloss nestelnd]: \u201cNaja, das Zelt h\u00e4tten wir ja dann doch ab und zu gebrauchen k\u00f6nnen. Aber die Sachen d\u00fcrfte ich ja wieder rumfahren. Also weg damit! Hoffen wir nur, die Daunenschlafs\u00e4cke \u00fcberleben es, so lange eingepackt zu bleiben, bis wir in Hanoi sind, um sie wieder einzusammeln.\u201d<br>Die T\u00fcr geht auf und beide stolpern in das kleine Zimmer, dem brettharten Bett entgegen \u00fcber die ranzigen, vorne seltsam den Spitzen beraubten Badeschlappen, die standardm\u00e4\u00dfig in den Hotelzimmern zur Verf\u00fcgung und oft im Weg stehen. <br>Lisa mit Blick zum dunklen und in diesem Moment pl\u00f6tzlich regengepeitschtem Fenster]: \u201cBei so einem Wetter willst du aber auch nicht zelten. Au\u00dferdem brauch ich nach so einem Tag definitiv \u2018ne Dusche.\u201d <br>In diesem Moment trifft Chris ein Wasserstrahl beim Versuch, sich im Waschbecken die H\u00e4nde zu waschen. Jedoch klemmt der Knopf am Wasserhahn und die Duschbrause beginnt zu sprudel. Sie ist in dem kleinem Bad zwischen Waschbecken und Toilette an der Wand befestigt. <br>Chris: \u201cTja, gerade dem Regen entkommen\u2026 &#8211; aber muss ja eh alles in die W\u00e4sche\u201d<br>[Chris nimmt die speiende Brause von der Wand und l\u00e4sst hei\u00dfes Wasser in das Waschbecken. Dann steckt er die Klamotten hinein, die er eben noch anhatte. Dann fliegen Lisas Sachen dazu.]<br>Lisa [eine weitere der kleinen Bananen kauend]: \u201cEigentlich k\u00f6nnten wir auch ganz ohne Gep\u00e4ck hier umher fahren. Das Essen ist g\u00fcnstig, die Nha Nghi \u2013 Hotels in der Regel bezahlbar und die Radklamotten m\u00fcssen wir bei den Temperaturen und Bergen eh t\u00e4glich waschen.\u201d<br>Chris: \u201cStimmt, aber wenn du dich DANN mal einsaust\u2026 Oder wenn wir dann mal ein Problem mit den R\u00e4dern h\u00e4tten oder krank w\u00fcrden und weder Werkzeug noch Reiseapotheke h\u00e4tten.\u201d<br>Lisa: \u201cH\u00e4tte h\u00e4tte Fahrradkette. Im Tagebuch steht, wir schicken meine Vorderradtaschen, den Benzinkocher, die warmen Klamotten und das Zelt weg. \u2013 Das steht dann wohl fest, was?\u201d<br>Lisa reicht Chris ein Handtuch, der daraufhin aus dem Bad, den Bananenschalen ausweichend, zum Bett stolpert und sich schwungvoll darauf fallen l\u00e4sst. Es gibt ein dumpfes Krachen und Chris jault auf. <br>Chris: \u201cAhhh, aua\u2026 Klar, \u2018bretthart\u2019. Das gibt morgen ein paar blaue Flecken.\u201d<br>Ende Szene 5<\/p>\n\n\n\n<figure class=\"wp-block-image\"><img decoding=\"async\" loading=\"lazy\" width=\"1296\" height=\"864\" src=\"http:\/\/lichri.radeln-in-den-sonnenaufgang.de\/wp-content\/uploads\/2019\/11\/IMG_6196_compress81.jpg\" alt=\"\" class=\"wp-image-1131\" srcset=\"http:\/\/lichri.radeln-in-den-sonnenaufgang.de\/wp-content\/uploads\/2019\/11\/IMG_6196_compress81.jpg 1296w, http:\/\/lichri.radeln-in-den-sonnenaufgang.de\/wp-content\/uploads\/2019\/11\/IMG_6196_compress81-300x200.jpg 300w, http:\/\/lichri.radeln-in-den-sonnenaufgang.de\/wp-content\/uploads\/2019\/11\/IMG_6196_compress81-1024x683.jpg 1024w, http:\/\/lichri.radeln-in-den-sonnenaufgang.de\/wp-content\/uploads\/2019\/11\/IMG_6196_compress81-768x512.jpg 768w\" sizes=\"(max-width: 767px) 89vw, (max-width: 1000px) 54vw, (max-width: 1071px) 543px, 580px\" \/><\/figure>\n\n\n\n<figure class=\"wp-block-image\"><img decoding=\"async\" loading=\"lazy\" width=\"1296\" height=\"864\" src=\"http:\/\/lichri.radeln-in-den-sonnenaufgang.de\/wp-content\/uploads\/2019\/11\/IMG_6195_compress30.jpg\" alt=\"\" class=\"wp-image-1130\" srcset=\"http:\/\/lichri.radeln-in-den-sonnenaufgang.de\/wp-content\/uploads\/2019\/11\/IMG_6195_compress30.jpg 1296w, http:\/\/lichri.radeln-in-den-sonnenaufgang.de\/wp-content\/uploads\/2019\/11\/IMG_6195_compress30-300x200.jpg 300w, http:\/\/lichri.radeln-in-den-sonnenaufgang.de\/wp-content\/uploads\/2019\/11\/IMG_6195_compress30-1024x683.jpg 1024w, http:\/\/lichri.radeln-in-den-sonnenaufgang.de\/wp-content\/uploads\/2019\/11\/IMG_6195_compress30-768x512.jpg 768w\" sizes=\"(max-width: 767px) 89vw, (max-width: 1000px) 54vw, (max-width: 1071px) 543px, 580px\" \/><\/figure>\n\n\n\n<figure class=\"wp-block-image\"><img decoding=\"async\" loading=\"lazy\" width=\"720\" height=\"1280\" src=\"http:\/\/lichri.radeln-in-den-sonnenaufgang.de\/wp-content\/uploads\/2019\/11\/dsc_0562_compress173847254025626809269.jpg\" alt=\"\" class=\"wp-image-1145\" srcset=\"http:\/\/lichri.radeln-in-den-sonnenaufgang.de\/wp-content\/uploads\/2019\/11\/dsc_0562_compress173847254025626809269.jpg 720w, http:\/\/lichri.radeln-in-den-sonnenaufgang.de\/wp-content\/uploads\/2019\/11\/dsc_0562_compress173847254025626809269-169x300.jpg 169w, http:\/\/lichri.radeln-in-den-sonnenaufgang.de\/wp-content\/uploads\/2019\/11\/dsc_0562_compress173847254025626809269-576x1024.jpg 576w\" sizes=\"(max-width: 720px) 100vw, 720px\" \/><\/figure>\n\n\n\n<figure class=\"wp-block-image\"><img decoding=\"async\" loading=\"lazy\" width=\"1296\" height=\"864\" src=\"http:\/\/lichri.radeln-in-den-sonnenaufgang.de\/wp-content\/uploads\/2019\/11\/IMG_6157_compress70.jpg\" alt=\"\" class=\"wp-image-1146\" srcset=\"http:\/\/lichri.radeln-in-den-sonnenaufgang.de\/wp-content\/uploads\/2019\/11\/IMG_6157_compress70.jpg 1296w, http:\/\/lichri.radeln-in-den-sonnenaufgang.de\/wp-content\/uploads\/2019\/11\/IMG_6157_compress70-300x200.jpg 300w, http:\/\/lichri.radeln-in-den-sonnenaufgang.de\/wp-content\/uploads\/2019\/11\/IMG_6157_compress70-1024x683.jpg 1024w, http:\/\/lichri.radeln-in-den-sonnenaufgang.de\/wp-content\/uploads\/2019\/11\/IMG_6157_compress70-768x512.jpg 768w\" sizes=\"(max-width: 767px) 89vw, (max-width: 1000px) 54vw, (max-width: 1071px) 543px, 580px\" \/><\/figure>\n\n\n\n<figure class=\"wp-block-image\"><img decoding=\"async\" loading=\"lazy\" width=\"1296\" height=\"864\" src=\"http:\/\/lichri.radeln-in-den-sonnenaufgang.de\/wp-content\/uploads\/2019\/11\/IMG_6141_compress59.jpg\" alt=\"\" class=\"wp-image-1147\" srcset=\"http:\/\/lichri.radeln-in-den-sonnenaufgang.de\/wp-content\/uploads\/2019\/11\/IMG_6141_compress59.jpg 1296w, http:\/\/lichri.radeln-in-den-sonnenaufgang.de\/wp-content\/uploads\/2019\/11\/IMG_6141_compress59-300x200.jpg 300w, http:\/\/lichri.radeln-in-den-sonnenaufgang.de\/wp-content\/uploads\/2019\/11\/IMG_6141_compress59-1024x683.jpg 1024w, http:\/\/lichri.radeln-in-den-sonnenaufgang.de\/wp-content\/uploads\/2019\/11\/IMG_6141_compress59-768x512.jpg 768w\" sizes=\"(max-width: 767px) 89vw, (max-width: 1000px) 54vw, (max-width: 1071px) 543px, 580px\" \/><\/figure>\n\n\n\n<figure class=\"wp-block-image\"><img decoding=\"async\" loading=\"lazy\" width=\"1296\" height=\"864\" src=\"http:\/\/lichri.radeln-in-den-sonnenaufgang.de\/wp-content\/uploads\/2019\/11\/IMG_6280_compress14.jpg\" alt=\"\" class=\"wp-image-1148\" srcset=\"http:\/\/lichri.radeln-in-den-sonnenaufgang.de\/wp-content\/uploads\/2019\/11\/IMG_6280_compress14.jpg 1296w, http:\/\/lichri.radeln-in-den-sonnenaufgang.de\/wp-content\/uploads\/2019\/11\/IMG_6280_compress14-300x200.jpg 300w, http:\/\/lichri.radeln-in-den-sonnenaufgang.de\/wp-content\/uploads\/2019\/11\/IMG_6280_compress14-1024x683.jpg 1024w, http:\/\/lichri.radeln-in-den-sonnenaufgang.de\/wp-content\/uploads\/2019\/11\/IMG_6280_compress14-768x512.jpg 768w\" sizes=\"(max-width: 767px) 89vw, (max-width: 1000px) 54vw, (max-width: 1071px) 543px, 580px\" \/><\/figure>\n\n\n\n<figure class=\"wp-block-image\"><img decoding=\"async\" loading=\"lazy\" width=\"1296\" height=\"864\" src=\"http:\/\/lichri.radeln-in-den-sonnenaufgang.de\/wp-content\/uploads\/2019\/11\/IMG_6401_compress56.jpg\" alt=\"\" class=\"wp-image-1149\" srcset=\"http:\/\/lichri.radeln-in-den-sonnenaufgang.de\/wp-content\/uploads\/2019\/11\/IMG_6401_compress56.jpg 1296w, http:\/\/lichri.radeln-in-den-sonnenaufgang.de\/wp-content\/uploads\/2019\/11\/IMG_6401_compress56-300x200.jpg 300w, http:\/\/lichri.radeln-in-den-sonnenaufgang.de\/wp-content\/uploads\/2019\/11\/IMG_6401_compress56-1024x683.jpg 1024w, http:\/\/lichri.radeln-in-den-sonnenaufgang.de\/wp-content\/uploads\/2019\/11\/IMG_6401_compress56-768x512.jpg 768w\" sizes=\"(max-width: 767px) 89vw, (max-width: 1000px) 54vw, (max-width: 1071px) 543px, 580px\" \/><\/figure>\n\n\n\n<figure class=\"wp-block-image\"><img decoding=\"async\" loading=\"lazy\" width=\"1296\" height=\"864\" src=\"http:\/\/lichri.radeln-in-den-sonnenaufgang.de\/wp-content\/uploads\/2019\/11\/IMG_6278_compress2.jpg\" alt=\"\" class=\"wp-image-1151\" srcset=\"http:\/\/lichri.radeln-in-den-sonnenaufgang.de\/wp-content\/uploads\/2019\/11\/IMG_6278_compress2.jpg 1296w, http:\/\/lichri.radeln-in-den-sonnenaufgang.de\/wp-content\/uploads\/2019\/11\/IMG_6278_compress2-300x200.jpg 300w, http:\/\/lichri.radeln-in-den-sonnenaufgang.de\/wp-content\/uploads\/2019\/11\/IMG_6278_compress2-1024x683.jpg 1024w, http:\/\/lichri.radeln-in-den-sonnenaufgang.de\/wp-content\/uploads\/2019\/11\/IMG_6278_compress2-768x512.jpg 768w\" sizes=\"(max-width: 767px) 89vw, (max-width: 1000px) 54vw, (max-width: 1071px) 543px, 580px\" \/><\/figure>\n\n\n\n<figure class=\"wp-block-image\"><img decoding=\"async\" loading=\"lazy\" width=\"864\" height=\"1296\" src=\"http:\/\/lichri.radeln-in-den-sonnenaufgang.de\/wp-content\/uploads\/2019\/11\/img_6264_compress42425824143012412131.jpg\" alt=\"\" class=\"wp-image-1150\" srcset=\"http:\/\/lichri.radeln-in-den-sonnenaufgang.de\/wp-content\/uploads\/2019\/11\/img_6264_compress42425824143012412131.jpg 864w, http:\/\/lichri.radeln-in-den-sonnenaufgang.de\/wp-content\/uploads\/2019\/11\/img_6264_compress42425824143012412131-200x300.jpg 200w, http:\/\/lichri.radeln-in-den-sonnenaufgang.de\/wp-content\/uploads\/2019\/11\/img_6264_compress42425824143012412131-683x1024.jpg 683w, http:\/\/lichri.radeln-in-den-sonnenaufgang.de\/wp-content\/uploads\/2019\/11\/img_6264_compress42425824143012412131-768x1152.jpg 768w\" sizes=\"(max-width: 767px) 89vw, (max-width: 1000px) 54vw, (max-width: 1071px) 543px, 580px\" \/><\/figure>\n\n\n\n<figure class=\"wp-block-image\"><img decoding=\"async\" loading=\"lazy\" width=\"1296\" height=\"864\" src=\"http:\/\/lichri.radeln-in-den-sonnenaufgang.de\/wp-content\/uploads\/2019\/11\/IMG_6396_compress3.jpg\" alt=\"\" class=\"wp-image-1152\" srcset=\"http:\/\/lichri.radeln-in-den-sonnenaufgang.de\/wp-content\/uploads\/2019\/11\/IMG_6396_compress3.jpg 1296w, http:\/\/lichri.radeln-in-den-sonnenaufgang.de\/wp-content\/uploads\/2019\/11\/IMG_6396_compress3-300x200.jpg 300w, http:\/\/lichri.radeln-in-den-sonnenaufgang.de\/wp-content\/uploads\/2019\/11\/IMG_6396_compress3-1024x683.jpg 1024w, http:\/\/lichri.radeln-in-den-sonnenaufgang.de\/wp-content\/uploads\/2019\/11\/IMG_6396_compress3-768x512.jpg 768w\" sizes=\"(max-width: 767px) 89vw, (max-width: 1000px) 54vw, (max-width: 1071px) 543px, 580px\" \/><\/figure>\n\n\n\n<figure class=\"wp-block-image\"><img decoding=\"async\" loading=\"lazy\" width=\"864\" height=\"1296\" src=\"http:\/\/lichri.radeln-in-den-sonnenaufgang.de\/wp-content\/uploads\/2019\/11\/img_6777_compress51995111545611195715.jpg\" alt=\"\" class=\"wp-image-1153\" srcset=\"http:\/\/lichri.radeln-in-den-sonnenaufgang.de\/wp-content\/uploads\/2019\/11\/img_6777_compress51995111545611195715.jpg 864w, http:\/\/lichri.radeln-in-den-sonnenaufgang.de\/wp-content\/uploads\/2019\/11\/img_6777_compress51995111545611195715-200x300.jpg 200w, http:\/\/lichri.radeln-in-den-sonnenaufgang.de\/wp-content\/uploads\/2019\/11\/img_6777_compress51995111545611195715-683x1024.jpg 683w, http:\/\/lichri.radeln-in-den-sonnenaufgang.de\/wp-content\/uploads\/2019\/11\/img_6777_compress51995111545611195715-768x1152.jpg 768w\" sizes=\"(max-width: 767px) 89vw, (max-width: 1000px) 54vw, (max-width: 1071px) 543px, 580px\" \/><\/figure>\n\n\n\n<figure class=\"wp-block-image\"><img decoding=\"async\" loading=\"lazy\" width=\"864\" height=\"1296\" src=\"http:\/\/lichri.radeln-in-den-sonnenaufgang.de\/wp-content\/uploads\/2019\/11\/img_6786_compress472118848771426435981.jpg\" alt=\"\" class=\"wp-image-1154\" srcset=\"http:\/\/lichri.radeln-in-den-sonnenaufgang.de\/wp-content\/uploads\/2019\/11\/img_6786_compress472118848771426435981.jpg 864w, http:\/\/lichri.radeln-in-den-sonnenaufgang.de\/wp-content\/uploads\/2019\/11\/img_6786_compress472118848771426435981-200x300.jpg 200w, http:\/\/lichri.radeln-in-den-sonnenaufgang.de\/wp-content\/uploads\/2019\/11\/img_6786_compress472118848771426435981-683x1024.jpg 683w, http:\/\/lichri.radeln-in-den-sonnenaufgang.de\/wp-content\/uploads\/2019\/11\/img_6786_compress472118848771426435981-768x1152.jpg 768w\" sizes=\"(max-width: 767px) 89vw, (max-width: 1000px) 54vw, (max-width: 1071px) 543px, 580px\" \/><\/figure>\n\n\n\n<figure class=\"wp-block-image\"><img decoding=\"async\" loading=\"lazy\" width=\"1296\" height=\"864\" src=\"http:\/\/lichri.radeln-in-den-sonnenaufgang.de\/wp-content\/uploads\/2019\/11\/IMG_6829_compress62.jpg\" alt=\"\" class=\"wp-image-1155\" srcset=\"http:\/\/lichri.radeln-in-den-sonnenaufgang.de\/wp-content\/uploads\/2019\/11\/IMG_6829_compress62.jpg 1296w, http:\/\/lichri.radeln-in-den-sonnenaufgang.de\/wp-content\/uploads\/2019\/11\/IMG_6829_compress62-300x200.jpg 300w, http:\/\/lichri.radeln-in-den-sonnenaufgang.de\/wp-content\/uploads\/2019\/11\/IMG_6829_compress62-1024x683.jpg 1024w, http:\/\/lichri.radeln-in-den-sonnenaufgang.de\/wp-content\/uploads\/2019\/11\/IMG_6829_compress62-768x512.jpg 768w\" sizes=\"(max-width: 767px) 89vw, (max-width: 1000px) 54vw, (max-width: 1071px) 543px, 580px\" \/><\/figure>\n\n\n\n<figure class=\"wp-block-image\"><img decoding=\"async\" loading=\"lazy\" width=\"864\" height=\"1296\" src=\"http:\/\/lichri.radeln-in-den-sonnenaufgang.de\/wp-content\/uploads\/2019\/11\/img_6845_compress452445688332984502953.jpg\" alt=\"\" class=\"wp-image-1156\" srcset=\"http:\/\/lichri.radeln-in-den-sonnenaufgang.de\/wp-content\/uploads\/2019\/11\/img_6845_compress452445688332984502953.jpg 864w, http:\/\/lichri.radeln-in-den-sonnenaufgang.de\/wp-content\/uploads\/2019\/11\/img_6845_compress452445688332984502953-200x300.jpg 200w, http:\/\/lichri.radeln-in-den-sonnenaufgang.de\/wp-content\/uploads\/2019\/11\/img_6845_compress452445688332984502953-683x1024.jpg 683w, http:\/\/lichri.radeln-in-den-sonnenaufgang.de\/wp-content\/uploads\/2019\/11\/img_6845_compress452445688332984502953-768x1152.jpg 768w\" sizes=\"(max-width: 767px) 89vw, (max-width: 1000px) 54vw, (max-width: 1071px) 543px, 580px\" \/><\/figure>\n\n\n\n<figure class=\"wp-block-image\"><img decoding=\"async\" loading=\"lazy\" width=\"1296\" height=\"864\" src=\"http:\/\/lichri.radeln-in-den-sonnenaufgang.de\/wp-content\/uploads\/2019\/11\/IMG_6883_compress82.jpg\" alt=\"\" class=\"wp-image-1157\" srcset=\"http:\/\/lichri.radeln-in-den-sonnenaufgang.de\/wp-content\/uploads\/2019\/11\/IMG_6883_compress82.jpg 1296w, http:\/\/lichri.radeln-in-den-sonnenaufgang.de\/wp-content\/uploads\/2019\/11\/IMG_6883_compress82-300x200.jpg 300w, http:\/\/lichri.radeln-in-den-sonnenaufgang.de\/wp-content\/uploads\/2019\/11\/IMG_6883_compress82-1024x683.jpg 1024w, http:\/\/lichri.radeln-in-den-sonnenaufgang.de\/wp-content\/uploads\/2019\/11\/IMG_6883_compress82-768x512.jpg 768w\" sizes=\"(max-width: 767px) 89vw, (max-width: 1000px) 54vw, (max-width: 1071px) 543px, 580px\" \/><\/figure>\n\n\n\n<figure class=\"wp-block-image\"><img decoding=\"async\" loading=\"lazy\" width=\"1296\" height=\"864\" src=\"http:\/\/lichri.radeln-in-den-sonnenaufgang.de\/wp-content\/uploads\/2019\/11\/IMG_6907_compress83.jpg\" alt=\"\" class=\"wp-image-1158\" srcset=\"http:\/\/lichri.radeln-in-den-sonnenaufgang.de\/wp-content\/uploads\/2019\/11\/IMG_6907_compress83.jpg 1296w, http:\/\/lichri.radeln-in-den-sonnenaufgang.de\/wp-content\/uploads\/2019\/11\/IMG_6907_compress83-300x200.jpg 300w, http:\/\/lichri.radeln-in-den-sonnenaufgang.de\/wp-content\/uploads\/2019\/11\/IMG_6907_compress83-1024x683.jpg 1024w, http:\/\/lichri.radeln-in-den-sonnenaufgang.de\/wp-content\/uploads\/2019\/11\/IMG_6907_compress83-768x512.jpg 768w\" sizes=\"(max-width: 767px) 89vw, (max-width: 1000px) 54vw, (max-width: 1071px) 543px, 580px\" \/><\/figure>\n\n\n\n<figure class=\"wp-block-image\"><img decoding=\"async\" loading=\"lazy\" width=\"1296\" height=\"864\" src=\"http:\/\/lichri.radeln-in-den-sonnenaufgang.de\/wp-content\/uploads\/2019\/11\/IMG_6863_compress42.jpg\" alt=\"\" class=\"wp-image-1159\" srcset=\"http:\/\/lichri.radeln-in-den-sonnenaufgang.de\/wp-content\/uploads\/2019\/11\/IMG_6863_compress42.jpg 1296w, http:\/\/lichri.radeln-in-den-sonnenaufgang.de\/wp-content\/uploads\/2019\/11\/IMG_6863_compress42-300x200.jpg 300w, http:\/\/lichri.radeln-in-den-sonnenaufgang.de\/wp-content\/uploads\/2019\/11\/IMG_6863_compress42-1024x683.jpg 1024w, http:\/\/lichri.radeln-in-den-sonnenaufgang.de\/wp-content\/uploads\/2019\/11\/IMG_6863_compress42-768x512.jpg 768w\" sizes=\"(max-width: 767px) 89vw, (max-width: 1000px) 54vw, (max-width: 1071px) 543px, 580px\" \/><\/figure>\n\n\n\n<figure class=\"wp-block-image\"><img decoding=\"async\" loading=\"lazy\" width=\"1296\" height=\"864\" src=\"http:\/\/lichri.radeln-in-den-sonnenaufgang.de\/wp-content\/uploads\/2019\/11\/IMG_6755_compress93.jpg\" alt=\"\" class=\"wp-image-1160\" srcset=\"http:\/\/lichri.radeln-in-den-sonnenaufgang.de\/wp-content\/uploads\/2019\/11\/IMG_6755_compress93.jpg 1296w, http:\/\/lichri.radeln-in-den-sonnenaufgang.de\/wp-content\/uploads\/2019\/11\/IMG_6755_compress93-300x200.jpg 300w, http:\/\/lichri.radeln-in-den-sonnenaufgang.de\/wp-content\/uploads\/2019\/11\/IMG_6755_compress93-1024x683.jpg 1024w, http:\/\/lichri.radeln-in-den-sonnenaufgang.de\/wp-content\/uploads\/2019\/11\/IMG_6755_compress93-768x512.jpg 768w\" sizes=\"(max-width: 767px) 89vw, (max-width: 1000px) 54vw, (max-width: 1071px) 543px, 580px\" \/><\/figure>\n\n\n\n<figure class=\"wp-block-image\"><img decoding=\"async\" loading=\"lazy\" width=\"1296\" height=\"864\" src=\"http:\/\/lichri.radeln-in-den-sonnenaufgang.de\/wp-content\/uploads\/2019\/11\/IMG_6761_compress94.jpg\" alt=\"\" class=\"wp-image-1161\" srcset=\"http:\/\/lichri.radeln-in-den-sonnenaufgang.de\/wp-content\/uploads\/2019\/11\/IMG_6761_compress94.jpg 1296w, http:\/\/lichri.radeln-in-den-sonnenaufgang.de\/wp-content\/uploads\/2019\/11\/IMG_6761_compress94-300x200.jpg 300w, http:\/\/lichri.radeln-in-den-sonnenaufgang.de\/wp-content\/uploads\/2019\/11\/IMG_6761_compress94-1024x683.jpg 1024w, http:\/\/lichri.radeln-in-den-sonnenaufgang.de\/wp-content\/uploads\/2019\/11\/IMG_6761_compress94-768x512.jpg 768w\" sizes=\"(max-width: 767px) 89vw, (max-width: 1000px) 54vw, (max-width: 1071px) 543px, 580px\" \/><\/figure>\n\n\n\n<figure class=\"wp-block-image\"><img decoding=\"async\" loading=\"lazy\" width=\"1296\" height=\"864\" src=\"http:\/\/lichri.radeln-in-den-sonnenaufgang.de\/wp-content\/uploads\/2019\/11\/IMG_7192_compress53.jpg\" alt=\"\" class=\"wp-image-1170\" srcset=\"http:\/\/lichri.radeln-in-den-sonnenaufgang.de\/wp-content\/uploads\/2019\/11\/IMG_7192_compress53.jpg 1296w, http:\/\/lichri.radeln-in-den-sonnenaufgang.de\/wp-content\/uploads\/2019\/11\/IMG_7192_compress53-300x200.jpg 300w, http:\/\/lichri.radeln-in-den-sonnenaufgang.de\/wp-content\/uploads\/2019\/11\/IMG_7192_compress53-1024x683.jpg 1024w, http:\/\/lichri.radeln-in-den-sonnenaufgang.de\/wp-content\/uploads\/2019\/11\/IMG_7192_compress53-768x512.jpg 768w\" sizes=\"(max-width: 767px) 89vw, (max-width: 1000px) 54vw, (max-width: 1071px) 543px, 580px\" \/><\/figure>\n\n\n\n<figure class=\"wp-block-image\"><img decoding=\"async\" loading=\"lazy\" width=\"864\" height=\"1296\" src=\"http:\/\/lichri.radeln-in-den-sonnenaufgang.de\/wp-content\/uploads\/2019\/11\/img_6680_compress708831558192776469029.jpg\" alt=\"\" class=\"wp-image-1162\" srcset=\"http:\/\/lichri.radeln-in-den-sonnenaufgang.de\/wp-content\/uploads\/2019\/11\/img_6680_compress708831558192776469029.jpg 864w, http:\/\/lichri.radeln-in-den-sonnenaufgang.de\/wp-content\/uploads\/2019\/11\/img_6680_compress708831558192776469029-200x300.jpg 200w, http:\/\/lichri.radeln-in-den-sonnenaufgang.de\/wp-content\/uploads\/2019\/11\/img_6680_compress708831558192776469029-683x1024.jpg 683w, http:\/\/lichri.radeln-in-den-sonnenaufgang.de\/wp-content\/uploads\/2019\/11\/img_6680_compress708831558192776469029-768x1152.jpg 768w\" sizes=\"(max-width: 767px) 89vw, (max-width: 1000px) 54vw, (max-width: 1071px) 543px, 580px\" \/><\/figure>\n\n\n\n<figure class=\"wp-block-image\"><img decoding=\"async\" loading=\"lazy\" width=\"864\" height=\"1296\" src=\"http:\/\/lichri.radeln-in-den-sonnenaufgang.de\/wp-content\/uploads\/2019\/11\/img_6423_compress15605445177975935538.jpg\" alt=\"\" class=\"wp-image-1163\" srcset=\"http:\/\/lichri.radeln-in-den-sonnenaufgang.de\/wp-content\/uploads\/2019\/11\/img_6423_compress15605445177975935538.jpg 864w, http:\/\/lichri.radeln-in-den-sonnenaufgang.de\/wp-content\/uploads\/2019\/11\/img_6423_compress15605445177975935538-200x300.jpg 200w, http:\/\/lichri.radeln-in-den-sonnenaufgang.de\/wp-content\/uploads\/2019\/11\/img_6423_compress15605445177975935538-683x1024.jpg 683w, http:\/\/lichri.radeln-in-den-sonnenaufgang.de\/wp-content\/uploads\/2019\/11\/img_6423_compress15605445177975935538-768x1152.jpg 768w\" sizes=\"(max-width: 767px) 89vw, (max-width: 1000px) 54vw, (max-width: 1071px) 543px, 580px\" \/><\/figure>\n\n\n\n<figure class=\"wp-block-image\"><img decoding=\"async\" loading=\"lazy\" width=\"1296\" height=\"864\" src=\"http:\/\/lichri.radeln-in-den-sonnenaufgang.de\/wp-content\/uploads\/2019\/11\/IMG_6443_compress78.jpg\" alt=\"\" class=\"wp-image-1164\" srcset=\"http:\/\/lichri.radeln-in-den-sonnenaufgang.de\/wp-content\/uploads\/2019\/11\/IMG_6443_compress78.jpg 1296w, http:\/\/lichri.radeln-in-den-sonnenaufgang.de\/wp-content\/uploads\/2019\/11\/IMG_6443_compress78-300x200.jpg 300w, http:\/\/lichri.radeln-in-den-sonnenaufgang.de\/wp-content\/uploads\/2019\/11\/IMG_6443_compress78-1024x683.jpg 1024w, http:\/\/lichri.radeln-in-den-sonnenaufgang.de\/wp-content\/uploads\/2019\/11\/IMG_6443_compress78-768x512.jpg 768w\" sizes=\"(max-width: 767px) 89vw, (max-width: 1000px) 54vw, (max-width: 1071px) 543px, 580px\" \/><\/figure>\n\n\n\n<figure class=\"wp-block-image\"><img decoding=\"async\" loading=\"lazy\" width=\"1296\" height=\"864\" src=\"http:\/\/lichri.radeln-in-den-sonnenaufgang.de\/wp-content\/uploads\/2019\/11\/IMG_6444_compress15.jpg\" alt=\"\" class=\"wp-image-1165\" srcset=\"http:\/\/lichri.radeln-in-den-sonnenaufgang.de\/wp-content\/uploads\/2019\/11\/IMG_6444_compress15.jpg 1296w, http:\/\/lichri.radeln-in-den-sonnenaufgang.de\/wp-content\/uploads\/2019\/11\/IMG_6444_compress15-300x200.jpg 300w, http:\/\/lichri.radeln-in-den-sonnenaufgang.de\/wp-content\/uploads\/2019\/11\/IMG_6444_compress15-1024x683.jpg 1024w, http:\/\/lichri.radeln-in-den-sonnenaufgang.de\/wp-content\/uploads\/2019\/11\/IMG_6444_compress15-768x512.jpg 768w\" sizes=\"(max-width: 767px) 89vw, (max-width: 1000px) 54vw, (max-width: 1071px) 543px, 580px\" \/><\/figure>\n\n\n\n<figure class=\"wp-block-image\"><img decoding=\"async\" loading=\"lazy\" width=\"1296\" height=\"864\" src=\"http:\/\/lichri.radeln-in-den-sonnenaufgang.de\/wp-content\/uploads\/2019\/11\/IMG_6868_compress19.jpg\" alt=\"\" class=\"wp-image-1166\" srcset=\"http:\/\/lichri.radeln-in-den-sonnenaufgang.de\/wp-content\/uploads\/2019\/11\/IMG_6868_compress19.jpg 1296w, http:\/\/lichri.radeln-in-den-sonnenaufgang.de\/wp-content\/uploads\/2019\/11\/IMG_6868_compress19-300x200.jpg 300w, http:\/\/lichri.radeln-in-den-sonnenaufgang.de\/wp-content\/uploads\/2019\/11\/IMG_6868_compress19-1024x683.jpg 1024w, http:\/\/lichri.radeln-in-den-sonnenaufgang.de\/wp-content\/uploads\/2019\/11\/IMG_6868_compress19-768x512.jpg 768w\" sizes=\"(max-width: 767px) 89vw, (max-width: 1000px) 54vw, (max-width: 1071px) 543px, 580px\" \/><\/figure>\n\n\n\n<figure class=\"wp-block-image\"><img decoding=\"async\" loading=\"lazy\" width=\"1296\" height=\"864\" src=\"http:\/\/lichri.radeln-in-den-sonnenaufgang.de\/wp-content\/uploads\/2019\/11\/IMG_6625_compress94.jpg\" alt=\"\" class=\"wp-image-1167\" srcset=\"http:\/\/lichri.radeln-in-den-sonnenaufgang.de\/wp-content\/uploads\/2019\/11\/IMG_6625_compress94.jpg 1296w, http:\/\/lichri.radeln-in-den-sonnenaufgang.de\/wp-content\/uploads\/2019\/11\/IMG_6625_compress94-300x200.jpg 300w, http:\/\/lichri.radeln-in-den-sonnenaufgang.de\/wp-content\/uploads\/2019\/11\/IMG_6625_compress94-1024x683.jpg 1024w, http:\/\/lichri.radeln-in-den-sonnenaufgang.de\/wp-content\/uploads\/2019\/11\/IMG_6625_compress94-768x512.jpg 768w\" sizes=\"(max-width: 767px) 89vw, (max-width: 1000px) 54vw, (max-width: 1071px) 543px, 580px\" \/><\/figure>\n\n\n\n<figure class=\"wp-block-image\"><img decoding=\"async\" loading=\"lazy\" width=\"864\" height=\"1296\" src=\"http:\/\/lichri.radeln-in-den-sonnenaufgang.de\/wp-content\/uploads\/2019\/11\/img_6641_compress998018803002497431050.jpg\" alt=\"\" class=\"wp-image-1168\" srcset=\"http:\/\/lichri.radeln-in-den-sonnenaufgang.de\/wp-content\/uploads\/2019\/11\/img_6641_compress998018803002497431050.jpg 864w, http:\/\/lichri.radeln-in-den-sonnenaufgang.de\/wp-content\/uploads\/2019\/11\/img_6641_compress998018803002497431050-200x300.jpg 200w, http:\/\/lichri.radeln-in-den-sonnenaufgang.de\/wp-content\/uploads\/2019\/11\/img_6641_compress998018803002497431050-683x1024.jpg 683w, http:\/\/lichri.radeln-in-den-sonnenaufgang.de\/wp-content\/uploads\/2019\/11\/img_6641_compress998018803002497431050-768x1152.jpg 768w\" sizes=\"(max-width: 767px) 89vw, (max-width: 1000px) 54vw, (max-width: 1071px) 543px, 580px\" \/><\/figure>\n\n\n\n<figure class=\"wp-block-image\"><img decoding=\"async\" loading=\"lazy\" width=\"1296\" height=\"864\" src=\"http:\/\/lichri.radeln-in-den-sonnenaufgang.de\/wp-content\/uploads\/2019\/11\/IMG_6374_compress37-1.jpg\" alt=\"\" class=\"wp-image-1169\" srcset=\"http:\/\/lichri.radeln-in-den-sonnenaufgang.de\/wp-content\/uploads\/2019\/11\/IMG_6374_compress37-1.jpg 1296w, http:\/\/lichri.radeln-in-den-sonnenaufgang.de\/wp-content\/uploads\/2019\/11\/IMG_6374_compress37-1-300x200.jpg 300w, http:\/\/lichri.radeln-in-den-sonnenaufgang.de\/wp-content\/uploads\/2019\/11\/IMG_6374_compress37-1-1024x683.jpg 1024w, http:\/\/lichri.radeln-in-den-sonnenaufgang.de\/wp-content\/uploads\/2019\/11\/IMG_6374_compress37-1-768x512.jpg 768w\" sizes=\"(max-width: 767px) 89vw, (max-width: 1000px) 54vw, (max-width: 1071px) 543px, 580px\" \/><\/figure>\n\n\n\n<p>Szene 6<br>Es ist stockdunkel und lediglich das fahle Licht der Stirnlampe auf Sepps Kopf erhellt den staubigen, steinigen Weg, \u00fcber den sich Chris und Lisa unter best\u00e4ndigem Quitschen langsam und Serpentine um Serpentine bergab bewegen. <br>Lisa [seufzend]: \u201cSieben Tage auf und ab. Sieben Tage Bananen, Eier und Reis. Sieben Tage kommen wir bei Sonnenuntergang fix und fertig an. Und jetzt, ausgerechnet zum Neumond kommen wir im Nirgendwo an, es gibt keine Gasth\u00e4user, niemand will uns helfen, die Lichter sind kaputt, Batterien sind leer und obwohl wir auf Eseln sitzen, scheint es als w\u00fcrden da Bremsen quitschen.\u201d <br>Chris: \u201cEntweder das oder sie haben wegen all der Bananen Verstopfungen und Schmerzen. Aber diesmal wissen wir auch immerhin, dass wir unten im Tal in zirka 2 Stunden ein kleines Gasthaus finden werden und sogar noch ein paar Fertignudeln mit Ei kriegen. Ich bin zwar froh, dass sie uns \u00fcber den Tag hinweg gerettet haben, aber ich kann diese Moon-Cakes und Bananen nicht mehr sehen.\u201d<br>Ein langgezogenens Quitschen ert\u00f6nt, als sich beide Esel in die steile Kurve legen und Chris und Lisa versuchen nicht zu schnell zu werden, bevor die Kurve sie wieder in eine lange Gerade ausspuckt und das Quitschen nachl\u00e4sst. <br>Lisa: \u201cVielleicht h\u00e4tten wir doch nicht heute mittag sondern erst morgen und daf\u00fcr in aller Fr\u00fche aufbrechen sollen.\u201d<br>Chris: \u201cOh, ich w\u00e4re so gerne noch in dem sch\u00f6nen Hotel in Bao Lac geblieben. Ameisen hin oder her, so g\u00fcnstig und so sch\u00f6n! Und \u2018nen Pausetag h\u00e4tten wir auch echt gebrauchen k\u00f6nnen. Aber Madame wollte ja unbedingt heute noch die Berge hinter sich bringen.\u201d<br>Lisa: \u201cNa, aber das haben wir ja dann geschafft, was? 1.900 H\u00f6henmeter auf nicht mal 40 Kilometern.\u201d [Kopfsch\u00fctteln]<br>Chris: \u201cTja, ab morgen geht\u2019s dann vorwiegend flach weiter bis zur K\u00fcste!\u201d<br>Lisa [ernst]: \u201cDein \u2018flach\u2019 hat in der Regel immernoch Mittelgebirgs-Niveau.\u201d<br>Chris: \u201cIwo!\u201d [kommt seufzend zum Stehen] \u201cWow, schau mal nach oben! So viele Sterne hab ich ja noch nie gesehen!\u201d <br>Lisa [ebenfalls anhaltend, den Blick nach Oben gerichtet]: \u201cAu\u00dfer in der Ostgobi vielleicht.\u201d<br>Schweigend und fasziniert blicken beide zur leuchtenden Milchstra\u00dfe empor. Dann kommen bellend Hunde von der Seite zur Stra\u00dfe herangerannt, weshalb sich beide wieder in Bewegung setzen.<br>Chris: \u201cW\u00e4ren die Hunde nicht, w\u00fcsste man kaum, dass man sich schon wieder in einer Siedlung befindet, so stockdunkel ist hier alles. Keine Stra\u00dfenlaternen, keine Leuchtreklame, nicht einmal Licht in den H\u00e4u\u00dfern. Oder es dringt nicht nach drau\u00dfen, weil die hier keine Fenster in ihren H\u00fctten haben.\u201d <br>In diesem Moment \u00fcberholt ein Motorroller, dessen warmes, schwaches Scheinwerferlicht vereinzelt Gesichter von Menschen in ihren Hauseing\u00e4ngen erkennen l\u00e4sst, die ihrerseits neugierig auf die Durchreisenden blicken.<br>Lisa [winkend]: \u201cXin chao!\u201d [Schweigen; fr\u00f6stelnd] \u201cSchon ein bisschen creepy.\u201d<br>Chris: \u201cSchade vor allem. Da k\u00e4mpft man sich den ganzen Tag Berge rauf und wenn man dann endliche eine 1000-H\u00f6henmeter-Abfahrt genie\u00dfen k\u00f6nnte, ist es stockfinster, die Stra\u00dfe kaputt und man sieht von der angeblich so wundersch\u00f6nen Landschaft hier in Sichtweite der Chinesischen Grenze rein gar nichts. Geschweige denn die Stra\u00dfe vor sich. Oder das Schwein auf der Stra\u00dfe.\u201d<br>Das Licht eines entgegenkommenden Lastwagens schneidet zehn Meter vor den Reisenden die Silhouette eines gro\u00dfen Hausschweins aus dem Dunkel der Nacht. Beide, Reisende und Lastwagen, passieren das Tier, welches unger\u00fchrt in der Mitte der Stra\u00dfe verharrt, bis Stille und Dunkelheit der Siedlung es wieder verschlucken. <br>Chris: \u201cAber ich will mich nicht beklagen. Es war ja schon ein toller Ritt wieder. So sch\u00f6n wird es jetzt bis zu den Wasserf\u00e4llen nicht wieder: Wilde Karsth\u00f6hlen hinter Bananenstauden, kleine Felder und H\u00fcttchen dazwischen, urige Baumriesen, messerscharfe Felsen, Wasserb\u00fcffel, Reisfelder und diese wortw\u00f6rtlich atemberaubenden Serpentinen\u2026 [grinsend] Ach, ich bin hier schon auf meine Kosten gekommen!\u201d<br>Lisa: \u201cFreak. Dann k\u00f6nnen wir ja jetzt ans Meer, oder?\u201d<br>Chris [seufzend]: \u201cWenn\u2019s denn sein muss\u2026\u201d<br>Chris zwinkert Lisa zu. Eine ob der Dunkelheit ziemlich nutzloste Geste. Ein weiterer Lastwagen poltert an den Reisenden vor\u00fcber. Sie verschwinden in dessen aufgewirbelter Staubwolke.<br>Ende Szene 6<\/p>\n\n\n\n<figure class=\"wp-block-image\"><img decoding=\"async\" loading=\"lazy\" width=\"864\" height=\"1296\" src=\"http:\/\/lichri.radeln-in-den-sonnenaufgang.de\/wp-content\/uploads\/2019\/11\/img_7617_compress758194769443288928687.jpg\" alt=\"\" class=\"wp-image-1172\" srcset=\"http:\/\/lichri.radeln-in-den-sonnenaufgang.de\/wp-content\/uploads\/2019\/11\/img_7617_compress758194769443288928687.jpg 864w, http:\/\/lichri.radeln-in-den-sonnenaufgang.de\/wp-content\/uploads\/2019\/11\/img_7617_compress758194769443288928687-200x300.jpg 200w, http:\/\/lichri.radeln-in-den-sonnenaufgang.de\/wp-content\/uploads\/2019\/11\/img_7617_compress758194769443288928687-683x1024.jpg 683w, http:\/\/lichri.radeln-in-den-sonnenaufgang.de\/wp-content\/uploads\/2019\/11\/img_7617_compress758194769443288928687-768x1152.jpg 768w\" sizes=\"(max-width: 767px) 89vw, (max-width: 1000px) 54vw, (max-width: 1071px) 543px, 580px\" \/><\/figure>\n\n\n\n<figure class=\"wp-block-image\"><img decoding=\"async\" loading=\"lazy\" width=\"1296\" height=\"864\" src=\"http:\/\/lichri.radeln-in-den-sonnenaufgang.de\/wp-content\/uploads\/2019\/11\/IMG_7050_compress54.jpg\" alt=\"\" class=\"wp-image-1173\" srcset=\"http:\/\/lichri.radeln-in-den-sonnenaufgang.de\/wp-content\/uploads\/2019\/11\/IMG_7050_compress54.jpg 1296w, http:\/\/lichri.radeln-in-den-sonnenaufgang.de\/wp-content\/uploads\/2019\/11\/IMG_7050_compress54-300x200.jpg 300w, http:\/\/lichri.radeln-in-den-sonnenaufgang.de\/wp-content\/uploads\/2019\/11\/IMG_7050_compress54-1024x683.jpg 1024w, http:\/\/lichri.radeln-in-den-sonnenaufgang.de\/wp-content\/uploads\/2019\/11\/IMG_7050_compress54-768x512.jpg 768w\" sizes=\"(max-width: 767px) 89vw, (max-width: 1000px) 54vw, (max-width: 1071px) 543px, 580px\" \/><\/figure>\n\n\n\n<figure class=\"wp-block-image\"><img decoding=\"async\" loading=\"lazy\" width=\"1296\" height=\"864\" src=\"http:\/\/lichri.radeln-in-den-sonnenaufgang.de\/wp-content\/uploads\/2019\/11\/IMG_7116_compress67.jpg\" alt=\"\" class=\"wp-image-1174\" srcset=\"http:\/\/lichri.radeln-in-den-sonnenaufgang.de\/wp-content\/uploads\/2019\/11\/IMG_7116_compress67.jpg 1296w, http:\/\/lichri.radeln-in-den-sonnenaufgang.de\/wp-content\/uploads\/2019\/11\/IMG_7116_compress67-300x200.jpg 300w, http:\/\/lichri.radeln-in-den-sonnenaufgang.de\/wp-content\/uploads\/2019\/11\/IMG_7116_compress67-1024x683.jpg 1024w, http:\/\/lichri.radeln-in-den-sonnenaufgang.de\/wp-content\/uploads\/2019\/11\/IMG_7116_compress67-768x512.jpg 768w\" sizes=\"(max-width: 767px) 89vw, (max-width: 1000px) 54vw, (max-width: 1071px) 543px, 580px\" \/><\/figure>\n\n\n\n<figure class=\"wp-block-image\"><img decoding=\"async\" loading=\"lazy\" width=\"864\" height=\"1296\" src=\"http:\/\/lichri.radeln-in-den-sonnenaufgang.de\/wp-content\/uploads\/2019\/11\/img_6930_compress81351536720966625645.jpg\" alt=\"\" class=\"wp-image-1176\" srcset=\"http:\/\/lichri.radeln-in-den-sonnenaufgang.de\/wp-content\/uploads\/2019\/11\/img_6930_compress81351536720966625645.jpg 864w, http:\/\/lichri.radeln-in-den-sonnenaufgang.de\/wp-content\/uploads\/2019\/11\/img_6930_compress81351536720966625645-200x300.jpg 200w, http:\/\/lichri.radeln-in-den-sonnenaufgang.de\/wp-content\/uploads\/2019\/11\/img_6930_compress81351536720966625645-683x1024.jpg 683w, http:\/\/lichri.radeln-in-den-sonnenaufgang.de\/wp-content\/uploads\/2019\/11\/img_6930_compress81351536720966625645-768x1152.jpg 768w\" sizes=\"(max-width: 767px) 89vw, (max-width: 1000px) 54vw, (max-width: 1071px) 543px, 580px\" \/><\/figure>\n\n\n\n<figure class=\"wp-block-image\"><img decoding=\"async\" loading=\"lazy\" width=\"1296\" height=\"864\" src=\"http:\/\/lichri.radeln-in-den-sonnenaufgang.de\/wp-content\/uploads\/2019\/11\/IMG_7062_compress37.jpg\" alt=\"\" class=\"wp-image-1178\" srcset=\"http:\/\/lichri.radeln-in-den-sonnenaufgang.de\/wp-content\/uploads\/2019\/11\/IMG_7062_compress37.jpg 1296w, http:\/\/lichri.radeln-in-den-sonnenaufgang.de\/wp-content\/uploads\/2019\/11\/IMG_7062_compress37-300x200.jpg 300w, http:\/\/lichri.radeln-in-den-sonnenaufgang.de\/wp-content\/uploads\/2019\/11\/IMG_7062_compress37-1024x683.jpg 1024w, http:\/\/lichri.radeln-in-den-sonnenaufgang.de\/wp-content\/uploads\/2019\/11\/IMG_7062_compress37-768x512.jpg 768w\" sizes=\"(max-width: 767px) 89vw, (max-width: 1000px) 54vw, (max-width: 1071px) 543px, 580px\" \/><\/figure>\n\n\n\n<figure class=\"wp-block-image\"><img decoding=\"async\" loading=\"lazy\" width=\"864\" height=\"1296\" src=\"http:\/\/lichri.radeln-in-den-sonnenaufgang.de\/wp-content\/uploads\/2019\/11\/img_6531_compress90524070657224339731.jpg\" alt=\"\" class=\"wp-image-1179\" srcset=\"http:\/\/lichri.radeln-in-den-sonnenaufgang.de\/wp-content\/uploads\/2019\/11\/img_6531_compress90524070657224339731.jpg 864w, http:\/\/lichri.radeln-in-den-sonnenaufgang.de\/wp-content\/uploads\/2019\/11\/img_6531_compress90524070657224339731-200x300.jpg 200w, http:\/\/lichri.radeln-in-den-sonnenaufgang.de\/wp-content\/uploads\/2019\/11\/img_6531_compress90524070657224339731-683x1024.jpg 683w, http:\/\/lichri.radeln-in-den-sonnenaufgang.de\/wp-content\/uploads\/2019\/11\/img_6531_compress90524070657224339731-768x1152.jpg 768w\" sizes=\"(max-width: 767px) 89vw, (max-width: 1000px) 54vw, (max-width: 1071px) 543px, 580px\" \/><\/figure>\n\n\n\n<figure class=\"wp-block-image\"><img decoding=\"async\" loading=\"lazy\" width=\"864\" height=\"1296\" src=\"http:\/\/lichri.radeln-in-den-sonnenaufgang.de\/wp-content\/uploads\/2019\/11\/img_7034_compress775309910367581484085.jpg\" alt=\"\" class=\"wp-image-1177\" srcset=\"http:\/\/lichri.radeln-in-den-sonnenaufgang.de\/wp-content\/uploads\/2019\/11\/img_7034_compress775309910367581484085.jpg 864w, http:\/\/lichri.radeln-in-den-sonnenaufgang.de\/wp-content\/uploads\/2019\/11\/img_7034_compress775309910367581484085-200x300.jpg 200w, http:\/\/lichri.radeln-in-den-sonnenaufgang.de\/wp-content\/uploads\/2019\/11\/img_7034_compress775309910367581484085-683x1024.jpg 683w, http:\/\/lichri.radeln-in-den-sonnenaufgang.de\/wp-content\/uploads\/2019\/11\/img_7034_compress775309910367581484085-768x1152.jpg 768w\" sizes=\"(max-width: 767px) 89vw, (max-width: 1000px) 54vw, (max-width: 1071px) 543px, 580px\" \/><\/figure>\n\n\n\n<figure class=\"wp-block-image\"><img decoding=\"async\" loading=\"lazy\" width=\"864\" height=\"1296\" src=\"http:\/\/lichri.radeln-in-den-sonnenaufgang.de\/wp-content\/uploads\/2019\/11\/img_5977_compress765475774854576176113.jpg\" alt=\"\" class=\"wp-image-1180\" srcset=\"http:\/\/lichri.radeln-in-den-sonnenaufgang.de\/wp-content\/uploads\/2019\/11\/img_5977_compress765475774854576176113.jpg 864w, http:\/\/lichri.radeln-in-den-sonnenaufgang.de\/wp-content\/uploads\/2019\/11\/img_5977_compress765475774854576176113-200x300.jpg 200w, http:\/\/lichri.radeln-in-den-sonnenaufgang.de\/wp-content\/uploads\/2019\/11\/img_5977_compress765475774854576176113-683x1024.jpg 683w, http:\/\/lichri.radeln-in-den-sonnenaufgang.de\/wp-content\/uploads\/2019\/11\/img_5977_compress765475774854576176113-768x1152.jpg 768w\" sizes=\"(max-width: 767px) 89vw, (max-width: 1000px) 54vw, (max-width: 1071px) 543px, 580px\" \/><\/figure>\n\n\n\n<figure class=\"wp-block-image\"><img decoding=\"async\" loading=\"lazy\" width=\"1296\" height=\"864\" src=\"http:\/\/lichri.radeln-in-den-sonnenaufgang.de\/wp-content\/uploads\/2019\/11\/IMG_7030_compress53.jpg\" alt=\"\" class=\"wp-image-1181\" srcset=\"http:\/\/lichri.radeln-in-den-sonnenaufgang.de\/wp-content\/uploads\/2019\/11\/IMG_7030_compress53.jpg 1296w, http:\/\/lichri.radeln-in-den-sonnenaufgang.de\/wp-content\/uploads\/2019\/11\/IMG_7030_compress53-300x200.jpg 300w, http:\/\/lichri.radeln-in-den-sonnenaufgang.de\/wp-content\/uploads\/2019\/11\/IMG_7030_compress53-1024x683.jpg 1024w, http:\/\/lichri.radeln-in-den-sonnenaufgang.de\/wp-content\/uploads\/2019\/11\/IMG_7030_compress53-768x512.jpg 768w\" sizes=\"(max-width: 767px) 89vw, (max-width: 1000px) 54vw, (max-width: 1071px) 543px, 580px\" \/><\/figure>\n\n\n\n<figure class=\"wp-block-image\"><img decoding=\"async\" loading=\"lazy\" width=\"1296\" height=\"864\" src=\"http:\/\/lichri.radeln-in-den-sonnenaufgang.de\/wp-content\/uploads\/2019\/11\/IMG_7039_compress14.jpg\" alt=\"\" class=\"wp-image-1182\" srcset=\"http:\/\/lichri.radeln-in-den-sonnenaufgang.de\/wp-content\/uploads\/2019\/11\/IMG_7039_compress14.jpg 1296w, http:\/\/lichri.radeln-in-den-sonnenaufgang.de\/wp-content\/uploads\/2019\/11\/IMG_7039_compress14-300x200.jpg 300w, http:\/\/lichri.radeln-in-den-sonnenaufgang.de\/wp-content\/uploads\/2019\/11\/IMG_7039_compress14-1024x683.jpg 1024w, http:\/\/lichri.radeln-in-den-sonnenaufgang.de\/wp-content\/uploads\/2019\/11\/IMG_7039_compress14-768x512.jpg 768w\" sizes=\"(max-width: 767px) 89vw, (max-width: 1000px) 54vw, (max-width: 1071px) 543px, 580px\" \/><\/figure>\n\n\n\n<figure class=\"wp-block-image\"><img decoding=\"async\" loading=\"lazy\" width=\"1296\" height=\"864\" src=\"http:\/\/lichri.radeln-in-den-sonnenaufgang.de\/wp-content\/uploads\/2019\/11\/IMG_7092_compress22.jpg\" alt=\"\" class=\"wp-image-1183\" srcset=\"http:\/\/lichri.radeln-in-den-sonnenaufgang.de\/wp-content\/uploads\/2019\/11\/IMG_7092_compress22.jpg 1296w, http:\/\/lichri.radeln-in-den-sonnenaufgang.de\/wp-content\/uploads\/2019\/11\/IMG_7092_compress22-300x200.jpg 300w, http:\/\/lichri.radeln-in-den-sonnenaufgang.de\/wp-content\/uploads\/2019\/11\/IMG_7092_compress22-1024x683.jpg 1024w, http:\/\/lichri.radeln-in-den-sonnenaufgang.de\/wp-content\/uploads\/2019\/11\/IMG_7092_compress22-768x512.jpg 768w\" sizes=\"(max-width: 767px) 89vw, (max-width: 1000px) 54vw, (max-width: 1071px) 543px, 580px\" \/><\/figure>\n\n\n\n<figure class=\"wp-block-image\"><img decoding=\"async\" loading=\"lazy\" width=\"864\" height=\"1296\" src=\"http:\/\/lichri.radeln-in-den-sonnenaufgang.de\/wp-content\/uploads\/2019\/11\/img_7170_compress18650423650435892037.jpg\" alt=\"\" class=\"wp-image-1184\" srcset=\"http:\/\/lichri.radeln-in-den-sonnenaufgang.de\/wp-content\/uploads\/2019\/11\/img_7170_compress18650423650435892037.jpg 864w, http:\/\/lichri.radeln-in-den-sonnenaufgang.de\/wp-content\/uploads\/2019\/11\/img_7170_compress18650423650435892037-200x300.jpg 200w, http:\/\/lichri.radeln-in-den-sonnenaufgang.de\/wp-content\/uploads\/2019\/11\/img_7170_compress18650423650435892037-683x1024.jpg 683w, http:\/\/lichri.radeln-in-den-sonnenaufgang.de\/wp-content\/uploads\/2019\/11\/img_7170_compress18650423650435892037-768x1152.jpg 768w\" sizes=\"(max-width: 767px) 89vw, (max-width: 1000px) 54vw, (max-width: 1071px) 543px, 580px\" \/><\/figure>\n\n\n\n<figure class=\"wp-block-image\"><img decoding=\"async\" loading=\"lazy\" width=\"864\" height=\"1296\" src=\"http:\/\/lichri.radeln-in-den-sonnenaufgang.de\/wp-content\/uploads\/2019\/11\/img_7180_compress336611173993477310318.jpg\" alt=\"\" class=\"wp-image-1185\" srcset=\"http:\/\/lichri.radeln-in-den-sonnenaufgang.de\/wp-content\/uploads\/2019\/11\/img_7180_compress336611173993477310318.jpg 864w, http:\/\/lichri.radeln-in-den-sonnenaufgang.de\/wp-content\/uploads\/2019\/11\/img_7180_compress336611173993477310318-200x300.jpg 200w, http:\/\/lichri.radeln-in-den-sonnenaufgang.de\/wp-content\/uploads\/2019\/11\/img_7180_compress336611173993477310318-683x1024.jpg 683w, http:\/\/lichri.radeln-in-den-sonnenaufgang.de\/wp-content\/uploads\/2019\/11\/img_7180_compress336611173993477310318-768x1152.jpg 768w\" sizes=\"(max-width: 767px) 89vw, (max-width: 1000px) 54vw, (max-width: 1071px) 543px, 580px\" \/><\/figure>\n\n\n\n<figure class=\"wp-block-image\"><img decoding=\"async\" loading=\"lazy\" width=\"1296\" height=\"864\" src=\"http:\/\/lichri.radeln-in-den-sonnenaufgang.de\/wp-content\/uploads\/2019\/11\/IMG_7215_compress60.jpg\" alt=\"\" class=\"wp-image-1186\" srcset=\"http:\/\/lichri.radeln-in-den-sonnenaufgang.de\/wp-content\/uploads\/2019\/11\/IMG_7215_compress60.jpg 1296w, http:\/\/lichri.radeln-in-den-sonnenaufgang.de\/wp-content\/uploads\/2019\/11\/IMG_7215_compress60-300x200.jpg 300w, http:\/\/lichri.radeln-in-den-sonnenaufgang.de\/wp-content\/uploads\/2019\/11\/IMG_7215_compress60-1024x683.jpg 1024w, http:\/\/lichri.radeln-in-den-sonnenaufgang.de\/wp-content\/uploads\/2019\/11\/IMG_7215_compress60-768x512.jpg 768w\" sizes=\"(max-width: 767px) 89vw, (max-width: 1000px) 54vw, (max-width: 1071px) 543px, 580px\" \/><\/figure>\n\n\n\n<figure class=\"wp-block-image\"><img decoding=\"async\" loading=\"lazy\" width=\"984\" height=\"1312\" src=\"http:\/\/lichri.radeln-in-den-sonnenaufgang.de\/wp-content\/uploads\/2019\/11\/dsc_1038_compress918264403549752597989.jpg\" alt=\"\" class=\"wp-image-1187\" srcset=\"http:\/\/lichri.radeln-in-den-sonnenaufgang.de\/wp-content\/uploads\/2019\/11\/dsc_1038_compress918264403549752597989.jpg 984w, http:\/\/lichri.radeln-in-den-sonnenaufgang.de\/wp-content\/uploads\/2019\/11\/dsc_1038_compress918264403549752597989-225x300.jpg 225w, http:\/\/lichri.radeln-in-den-sonnenaufgang.de\/wp-content\/uploads\/2019\/11\/dsc_1038_compress918264403549752597989-768x1024.jpg 768w\" sizes=\"(max-width: 767px) 89vw, (max-width: 1000px) 54vw, (max-width: 1071px) 543px, 580px\" \/><\/figure>\n\n\n\n<figure class=\"wp-block-image\"><img decoding=\"async\" loading=\"lazy\" width=\"864\" height=\"1296\" src=\"http:\/\/lichri.radeln-in-den-sonnenaufgang.de\/wp-content\/uploads\/2019\/11\/img_7217_compress94051998194776289098.jpg\" alt=\"\" class=\"wp-image-1188\" srcset=\"http:\/\/lichri.radeln-in-den-sonnenaufgang.de\/wp-content\/uploads\/2019\/11\/img_7217_compress94051998194776289098.jpg 864w, http:\/\/lichri.radeln-in-den-sonnenaufgang.de\/wp-content\/uploads\/2019\/11\/img_7217_compress94051998194776289098-200x300.jpg 200w, http:\/\/lichri.radeln-in-den-sonnenaufgang.de\/wp-content\/uploads\/2019\/11\/img_7217_compress94051998194776289098-683x1024.jpg 683w, http:\/\/lichri.radeln-in-den-sonnenaufgang.de\/wp-content\/uploads\/2019\/11\/img_7217_compress94051998194776289098-768x1152.jpg 768w\" sizes=\"(max-width: 767px) 89vw, (max-width: 1000px) 54vw, (max-width: 1071px) 543px, 580px\" \/><\/figure>\n\n\n\n<figure class=\"wp-block-image\"><img decoding=\"async\" loading=\"lazy\" width=\"1296\" height=\"864\" src=\"http:\/\/lichri.radeln-in-den-sonnenaufgang.de\/wp-content\/uploads\/2019\/11\/IMG_7344_compress51.jpg\" alt=\"\" class=\"wp-image-1189\" srcset=\"http:\/\/lichri.radeln-in-den-sonnenaufgang.de\/wp-content\/uploads\/2019\/11\/IMG_7344_compress51.jpg 1296w, http:\/\/lichri.radeln-in-den-sonnenaufgang.de\/wp-content\/uploads\/2019\/11\/IMG_7344_compress51-300x200.jpg 300w, http:\/\/lichri.radeln-in-den-sonnenaufgang.de\/wp-content\/uploads\/2019\/11\/IMG_7344_compress51-1024x683.jpg 1024w, http:\/\/lichri.radeln-in-den-sonnenaufgang.de\/wp-content\/uploads\/2019\/11\/IMG_7344_compress51-768x512.jpg 768w\" sizes=\"(max-width: 767px) 89vw, (max-width: 1000px) 54vw, (max-width: 1071px) 543px, 580px\" \/><\/figure>\n\n\n\n<figure class=\"wp-block-image\"><img decoding=\"async\" loading=\"lazy\" width=\"864\" height=\"1296\" src=\"http:\/\/lichri.radeln-in-den-sonnenaufgang.de\/wp-content\/uploads\/2019\/11\/img_7249_compress09057274608648700991.jpg\" alt=\"\" class=\"wp-image-1190\" srcset=\"http:\/\/lichri.radeln-in-den-sonnenaufgang.de\/wp-content\/uploads\/2019\/11\/img_7249_compress09057274608648700991.jpg 864w, http:\/\/lichri.radeln-in-den-sonnenaufgang.de\/wp-content\/uploads\/2019\/11\/img_7249_compress09057274608648700991-200x300.jpg 200w, http:\/\/lichri.radeln-in-den-sonnenaufgang.de\/wp-content\/uploads\/2019\/11\/img_7249_compress09057274608648700991-683x1024.jpg 683w, http:\/\/lichri.radeln-in-den-sonnenaufgang.de\/wp-content\/uploads\/2019\/11\/img_7249_compress09057274608648700991-768x1152.jpg 768w\" sizes=\"(max-width: 767px) 89vw, (max-width: 1000px) 54vw, (max-width: 1071px) 543px, 580px\" \/><\/figure>\n\n\n\n<figure class=\"wp-block-image\"><img decoding=\"async\" loading=\"lazy\" width=\"864\" height=\"1296\" src=\"http:\/\/lichri.radeln-in-den-sonnenaufgang.de\/wp-content\/uploads\/2019\/11\/img_7328_compress41449129278625957300.jpg\" alt=\"\" class=\"wp-image-1191\" srcset=\"http:\/\/lichri.radeln-in-den-sonnenaufgang.de\/wp-content\/uploads\/2019\/11\/img_7328_compress41449129278625957300.jpg 864w, http:\/\/lichri.radeln-in-den-sonnenaufgang.de\/wp-content\/uploads\/2019\/11\/img_7328_compress41449129278625957300-200x300.jpg 200w, http:\/\/lichri.radeln-in-den-sonnenaufgang.de\/wp-content\/uploads\/2019\/11\/img_7328_compress41449129278625957300-683x1024.jpg 683w, http:\/\/lichri.radeln-in-den-sonnenaufgang.de\/wp-content\/uploads\/2019\/11\/img_7328_compress41449129278625957300-768x1152.jpg 768w\" sizes=\"(max-width: 767px) 89vw, (max-width: 1000px) 54vw, (max-width: 1071px) 543px, 580px\" \/><\/figure>\n\n\n\n<figure class=\"wp-block-image\"><img decoding=\"async\" loading=\"lazy\" width=\"864\" height=\"1296\" src=\"http:\/\/lichri.radeln-in-den-sonnenaufgang.de\/wp-content\/uploads\/2019\/11\/img_7337_compress106518589894918849959.jpg\" alt=\"\" class=\"wp-image-1192\" srcset=\"http:\/\/lichri.radeln-in-den-sonnenaufgang.de\/wp-content\/uploads\/2019\/11\/img_7337_compress106518589894918849959.jpg 864w, http:\/\/lichri.radeln-in-den-sonnenaufgang.de\/wp-content\/uploads\/2019\/11\/img_7337_compress106518589894918849959-200x300.jpg 200w, http:\/\/lichri.radeln-in-den-sonnenaufgang.de\/wp-content\/uploads\/2019\/11\/img_7337_compress106518589894918849959-683x1024.jpg 683w, http:\/\/lichri.radeln-in-den-sonnenaufgang.de\/wp-content\/uploads\/2019\/11\/img_7337_compress106518589894918849959-768x1152.jpg 768w\" sizes=\"(max-width: 767px) 89vw, (max-width: 1000px) 54vw, (max-width: 1071px) 543px, 580px\" \/><\/figure>\n\n\n\n<figure class=\"wp-block-image\"><img decoding=\"async\" loading=\"lazy\" width=\"864\" height=\"1296\" src=\"http:\/\/lichri.radeln-in-den-sonnenaufgang.de\/wp-content\/uploads\/2019\/11\/img_7398_compress277993531812516073698.jpg\" alt=\"\" class=\"wp-image-1193\" srcset=\"http:\/\/lichri.radeln-in-den-sonnenaufgang.de\/wp-content\/uploads\/2019\/11\/img_7398_compress277993531812516073698.jpg 864w, http:\/\/lichri.radeln-in-den-sonnenaufgang.de\/wp-content\/uploads\/2019\/11\/img_7398_compress277993531812516073698-200x300.jpg 200w, http:\/\/lichri.radeln-in-den-sonnenaufgang.de\/wp-content\/uploads\/2019\/11\/img_7398_compress277993531812516073698-683x1024.jpg 683w, http:\/\/lichri.radeln-in-den-sonnenaufgang.de\/wp-content\/uploads\/2019\/11\/img_7398_compress277993531812516073698-768x1152.jpg 768w\" sizes=\"(max-width: 767px) 89vw, (max-width: 1000px) 54vw, (max-width: 1071px) 543px, 580px\" \/><\/figure>\n\n\n\n<figure class=\"wp-block-image\"><img decoding=\"async\" loading=\"lazy\" width=\"1296\" height=\"864\" src=\"http:\/\/lichri.radeln-in-den-sonnenaufgang.de\/wp-content\/uploads\/2019\/11\/IMG_7441_compress69.jpg\" alt=\"\" class=\"wp-image-1195\" srcset=\"http:\/\/lichri.radeln-in-den-sonnenaufgang.de\/wp-content\/uploads\/2019\/11\/IMG_7441_compress69.jpg 1296w, http:\/\/lichri.radeln-in-den-sonnenaufgang.de\/wp-content\/uploads\/2019\/11\/IMG_7441_compress69-300x200.jpg 300w, http:\/\/lichri.radeln-in-den-sonnenaufgang.de\/wp-content\/uploads\/2019\/11\/IMG_7441_compress69-1024x683.jpg 1024w, http:\/\/lichri.radeln-in-den-sonnenaufgang.de\/wp-content\/uploads\/2019\/11\/IMG_7441_compress69-768x512.jpg 768w\" sizes=\"(max-width: 767px) 89vw, (max-width: 1000px) 54vw, (max-width: 1071px) 543px, 580px\" \/><\/figure>\n\n\n\n<figure class=\"wp-block-image\"><img decoding=\"async\" loading=\"lazy\" width=\"1296\" height=\"864\" src=\"http:\/\/lichri.radeln-in-den-sonnenaufgang.de\/wp-content\/uploads\/2019\/11\/IMG_7463_compress2.jpg\" alt=\"\" class=\"wp-image-1194\" srcset=\"http:\/\/lichri.radeln-in-den-sonnenaufgang.de\/wp-content\/uploads\/2019\/11\/IMG_7463_compress2.jpg 1296w, http:\/\/lichri.radeln-in-den-sonnenaufgang.de\/wp-content\/uploads\/2019\/11\/IMG_7463_compress2-300x200.jpg 300w, http:\/\/lichri.radeln-in-den-sonnenaufgang.de\/wp-content\/uploads\/2019\/11\/IMG_7463_compress2-1024x683.jpg 1024w, http:\/\/lichri.radeln-in-den-sonnenaufgang.de\/wp-content\/uploads\/2019\/11\/IMG_7463_compress2-768x512.jpg 768w\" sizes=\"(max-width: 767px) 89vw, (max-width: 1000px) 54vw, (max-width: 1071px) 543px, 580px\" \/><\/figure>\n\n\n\n<figure class=\"wp-block-image\"><img decoding=\"async\" loading=\"lazy\" width=\"1296\" height=\"864\" src=\"http:\/\/lichri.radeln-in-den-sonnenaufgang.de\/wp-content\/uploads\/2019\/11\/IMG_7558_compress9.jpg\" alt=\"\" class=\"wp-image-1204\" srcset=\"http:\/\/lichri.radeln-in-den-sonnenaufgang.de\/wp-content\/uploads\/2019\/11\/IMG_7558_compress9.jpg 1296w, http:\/\/lichri.radeln-in-den-sonnenaufgang.de\/wp-content\/uploads\/2019\/11\/IMG_7558_compress9-300x200.jpg 300w, http:\/\/lichri.radeln-in-den-sonnenaufgang.de\/wp-content\/uploads\/2019\/11\/IMG_7558_compress9-1024x683.jpg 1024w, http:\/\/lichri.radeln-in-den-sonnenaufgang.de\/wp-content\/uploads\/2019\/11\/IMG_7558_compress9-768x512.jpg 768w\" sizes=\"(max-width: 767px) 89vw, (max-width: 1000px) 54vw, (max-width: 1071px) 543px, 580px\" \/><\/figure>\n\n\n\n<figure class=\"wp-block-image\"><img decoding=\"async\" loading=\"lazy\" width=\"1296\" height=\"864\" src=\"http:\/\/lichri.radeln-in-den-sonnenaufgang.de\/wp-content\/uploads\/2019\/11\/IMG_7580_compress76.jpg\" alt=\"\" class=\"wp-image-1196\" srcset=\"http:\/\/lichri.radeln-in-den-sonnenaufgang.de\/wp-content\/uploads\/2019\/11\/IMG_7580_compress76.jpg 1296w, http:\/\/lichri.radeln-in-den-sonnenaufgang.de\/wp-content\/uploads\/2019\/11\/IMG_7580_compress76-300x200.jpg 300w, http:\/\/lichri.radeln-in-den-sonnenaufgang.de\/wp-content\/uploads\/2019\/11\/IMG_7580_compress76-1024x683.jpg 1024w, http:\/\/lichri.radeln-in-den-sonnenaufgang.de\/wp-content\/uploads\/2019\/11\/IMG_7580_compress76-768x512.jpg 768w\" sizes=\"(max-width: 767px) 89vw, (max-width: 1000px) 54vw, (max-width: 1071px) 543px, 580px\" \/><\/figure>\n\n\n\n<figure class=\"wp-block-image\"><img decoding=\"async\" loading=\"lazy\" width=\"864\" height=\"1296\" src=\"http:\/\/lichri.radeln-in-den-sonnenaufgang.de\/wp-content\/uploads\/2019\/11\/img_7639_compress377860627136303031857.jpg\" alt=\"\" class=\"wp-image-1213\" srcset=\"http:\/\/lichri.radeln-in-den-sonnenaufgang.de\/wp-content\/uploads\/2019\/11\/img_7639_compress377860627136303031857.jpg 864w, http:\/\/lichri.radeln-in-den-sonnenaufgang.de\/wp-content\/uploads\/2019\/11\/img_7639_compress377860627136303031857-200x300.jpg 200w, http:\/\/lichri.radeln-in-den-sonnenaufgang.de\/wp-content\/uploads\/2019\/11\/img_7639_compress377860627136303031857-683x1024.jpg 683w, http:\/\/lichri.radeln-in-den-sonnenaufgang.de\/wp-content\/uploads\/2019\/11\/img_7639_compress377860627136303031857-768x1152.jpg 768w\" sizes=\"(max-width: 767px) 89vw, (max-width: 1000px) 54vw, (max-width: 1071px) 543px, 580px\" \/><\/figure>\n\n\n\n<figure class=\"wp-block-image\"><img decoding=\"async\" loading=\"lazy\" width=\"864\" height=\"1296\" src=\"http:\/\/lichri.radeln-in-den-sonnenaufgang.de\/wp-content\/uploads\/2019\/11\/img_7664_compress417497049206906014446.jpg\" alt=\"\" class=\"wp-image-1205\" srcset=\"http:\/\/lichri.radeln-in-den-sonnenaufgang.de\/wp-content\/uploads\/2019\/11\/img_7664_compress417497049206906014446.jpg 864w, http:\/\/lichri.radeln-in-den-sonnenaufgang.de\/wp-content\/uploads\/2019\/11\/img_7664_compress417497049206906014446-200x300.jpg 200w, http:\/\/lichri.radeln-in-den-sonnenaufgang.de\/wp-content\/uploads\/2019\/11\/img_7664_compress417497049206906014446-683x1024.jpg 683w, http:\/\/lichri.radeln-in-den-sonnenaufgang.de\/wp-content\/uploads\/2019\/11\/img_7664_compress417497049206906014446-768x1152.jpg 768w\" sizes=\"(max-width: 767px) 89vw, (max-width: 1000px) 54vw, (max-width: 1071px) 543px, 580px\" \/><\/figure>\n\n\n\n<figure class=\"wp-block-image\"><img decoding=\"async\" loading=\"lazy\" width=\"1296\" height=\"864\" src=\"http:\/\/lichri.radeln-in-den-sonnenaufgang.de\/wp-content\/uploads\/2019\/11\/IMG_7600_compress7.jpg\" alt=\"\" class=\"wp-image-1206\" srcset=\"http:\/\/lichri.radeln-in-den-sonnenaufgang.de\/wp-content\/uploads\/2019\/11\/IMG_7600_compress7.jpg 1296w, http:\/\/lichri.radeln-in-den-sonnenaufgang.de\/wp-content\/uploads\/2019\/11\/IMG_7600_compress7-300x200.jpg 300w, http:\/\/lichri.radeln-in-den-sonnenaufgang.de\/wp-content\/uploads\/2019\/11\/IMG_7600_compress7-1024x683.jpg 1024w, http:\/\/lichri.radeln-in-den-sonnenaufgang.de\/wp-content\/uploads\/2019\/11\/IMG_7600_compress7-768x512.jpg 768w\" sizes=\"(max-width: 767px) 89vw, (max-width: 1000px) 54vw, (max-width: 1071px) 543px, 580px\" \/><\/figure>\n\n\n\n<figure class=\"wp-block-image\"><img decoding=\"async\" loading=\"lazy\" width=\"984\" height=\"1312\" src=\"http:\/\/lichri.radeln-in-den-sonnenaufgang.de\/wp-content\/uploads\/2019\/11\/dsc_1432_compress11490220621721727681.jpg\" alt=\"\" class=\"wp-image-1209\" srcset=\"http:\/\/lichri.radeln-in-den-sonnenaufgang.de\/wp-content\/uploads\/2019\/11\/dsc_1432_compress11490220621721727681.jpg 984w, http:\/\/lichri.radeln-in-den-sonnenaufgang.de\/wp-content\/uploads\/2019\/11\/dsc_1432_compress11490220621721727681-225x300.jpg 225w, http:\/\/lichri.radeln-in-den-sonnenaufgang.de\/wp-content\/uploads\/2019\/11\/dsc_1432_compress11490220621721727681-768x1024.jpg 768w\" sizes=\"(max-width: 767px) 89vw, (max-width: 1000px) 54vw, (max-width: 1071px) 543px, 580px\" \/><\/figure>\n\n\n\n<figure class=\"wp-block-image\"><img decoding=\"async\" loading=\"lazy\" width=\"1296\" height=\"864\" src=\"http:\/\/lichri.radeln-in-den-sonnenaufgang.de\/wp-content\/uploads\/2019\/11\/IMG_7704_compress91.jpg\" alt=\"\" class=\"wp-image-1207\" srcset=\"http:\/\/lichri.radeln-in-den-sonnenaufgang.de\/wp-content\/uploads\/2019\/11\/IMG_7704_compress91.jpg 1296w, http:\/\/lichri.radeln-in-den-sonnenaufgang.de\/wp-content\/uploads\/2019\/11\/IMG_7704_compress91-300x200.jpg 300w, http:\/\/lichri.radeln-in-den-sonnenaufgang.de\/wp-content\/uploads\/2019\/11\/IMG_7704_compress91-1024x683.jpg 1024w, http:\/\/lichri.radeln-in-den-sonnenaufgang.de\/wp-content\/uploads\/2019\/11\/IMG_7704_compress91-768x512.jpg 768w\" sizes=\"(max-width: 767px) 89vw, (max-width: 1000px) 54vw, (max-width: 1071px) 543px, 580px\" \/><\/figure>\n\n\n\n<figure class=\"wp-block-image\"><img decoding=\"async\" loading=\"lazy\" width=\"1296\" height=\"864\" src=\"http:\/\/lichri.radeln-in-den-sonnenaufgang.de\/wp-content\/uploads\/2019\/11\/IMG_7722_compress98.jpg\" alt=\"\" class=\"wp-image-1210\" srcset=\"http:\/\/lichri.radeln-in-den-sonnenaufgang.de\/wp-content\/uploads\/2019\/11\/IMG_7722_compress98.jpg 1296w, http:\/\/lichri.radeln-in-den-sonnenaufgang.de\/wp-content\/uploads\/2019\/11\/IMG_7722_compress98-300x200.jpg 300w, http:\/\/lichri.radeln-in-den-sonnenaufgang.de\/wp-content\/uploads\/2019\/11\/IMG_7722_compress98-1024x683.jpg 1024w, http:\/\/lichri.radeln-in-den-sonnenaufgang.de\/wp-content\/uploads\/2019\/11\/IMG_7722_compress98-768x512.jpg 768w\" sizes=\"(max-width: 767px) 89vw, (max-width: 1000px) 54vw, (max-width: 1071px) 543px, 580px\" \/><\/figure>\n\n\n\n<figure class=\"wp-block-image\"><img decoding=\"async\" loading=\"lazy\" width=\"1296\" height=\"864\" src=\"http:\/\/lichri.radeln-in-den-sonnenaufgang.de\/wp-content\/uploads\/2019\/11\/IMG_7727_compress73.jpg\" alt=\"\" class=\"wp-image-1208\" srcset=\"http:\/\/lichri.radeln-in-den-sonnenaufgang.de\/wp-content\/uploads\/2019\/11\/IMG_7727_compress73.jpg 1296w, http:\/\/lichri.radeln-in-den-sonnenaufgang.de\/wp-content\/uploads\/2019\/11\/IMG_7727_compress73-300x200.jpg 300w, http:\/\/lichri.radeln-in-den-sonnenaufgang.de\/wp-content\/uploads\/2019\/11\/IMG_7727_compress73-1024x683.jpg 1024w, http:\/\/lichri.radeln-in-den-sonnenaufgang.de\/wp-content\/uploads\/2019\/11\/IMG_7727_compress73-768x512.jpg 768w\" sizes=\"(max-width: 767px) 89vw, (max-width: 1000px) 54vw, (max-width: 1071px) 543px, 580px\" \/><\/figure>\n\n\n\n<figure class=\"wp-block-image\"><img decoding=\"async\" loading=\"lazy\" width=\"864\" height=\"1296\" src=\"http:\/\/lichri.radeln-in-den-sonnenaufgang.de\/wp-content\/uploads\/2019\/11\/img_7757_compress871470907288531509355.jpg\" alt=\"\" class=\"wp-image-1211\" srcset=\"http:\/\/lichri.radeln-in-den-sonnenaufgang.de\/wp-content\/uploads\/2019\/11\/img_7757_compress871470907288531509355.jpg 864w, http:\/\/lichri.radeln-in-den-sonnenaufgang.de\/wp-content\/uploads\/2019\/11\/img_7757_compress871470907288531509355-200x300.jpg 200w, http:\/\/lichri.radeln-in-den-sonnenaufgang.de\/wp-content\/uploads\/2019\/11\/img_7757_compress871470907288531509355-683x1024.jpg 683w, http:\/\/lichri.radeln-in-den-sonnenaufgang.de\/wp-content\/uploads\/2019\/11\/img_7757_compress871470907288531509355-768x1152.jpg 768w\" sizes=\"(max-width: 767px) 89vw, (max-width: 1000px) 54vw, (max-width: 1071px) 543px, 580px\" \/><\/figure>\n\n\n\n<figure class=\"wp-block-image\"><img decoding=\"async\" loading=\"lazy\" width=\"864\" height=\"1296\" src=\"http:\/\/lichri.radeln-in-den-sonnenaufgang.de\/wp-content\/uploads\/2019\/11\/img_7739_compress291552230593685535953.jpg\" alt=\"\" class=\"wp-image-1212\" srcset=\"http:\/\/lichri.radeln-in-den-sonnenaufgang.de\/wp-content\/uploads\/2019\/11\/img_7739_compress291552230593685535953.jpg 864w, http:\/\/lichri.radeln-in-den-sonnenaufgang.de\/wp-content\/uploads\/2019\/11\/img_7739_compress291552230593685535953-200x300.jpg 200w, http:\/\/lichri.radeln-in-den-sonnenaufgang.de\/wp-content\/uploads\/2019\/11\/img_7739_compress291552230593685535953-683x1024.jpg 683w, http:\/\/lichri.radeln-in-den-sonnenaufgang.de\/wp-content\/uploads\/2019\/11\/img_7739_compress291552230593685535953-768x1152.jpg 768w\" sizes=\"(max-width: 767px) 89vw, (max-width: 1000px) 54vw, (max-width: 1071px) 543px, 580px\" \/><\/figure>\n\n\n\n<figure class=\"wp-block-image\"><img decoding=\"async\" loading=\"lazy\" width=\"1296\" height=\"864\" src=\"http:\/\/lichri.radeln-in-den-sonnenaufgang.de\/wp-content\/uploads\/2019\/11\/IMG_7764_compress50.jpg\" alt=\"\" class=\"wp-image-1214\" srcset=\"http:\/\/lichri.radeln-in-den-sonnenaufgang.de\/wp-content\/uploads\/2019\/11\/IMG_7764_compress50.jpg 1296w, http:\/\/lichri.radeln-in-den-sonnenaufgang.de\/wp-content\/uploads\/2019\/11\/IMG_7764_compress50-300x200.jpg 300w, http:\/\/lichri.radeln-in-den-sonnenaufgang.de\/wp-content\/uploads\/2019\/11\/IMG_7764_compress50-1024x683.jpg 1024w, http:\/\/lichri.radeln-in-den-sonnenaufgang.de\/wp-content\/uploads\/2019\/11\/IMG_7764_compress50-768x512.jpg 768w\" sizes=\"(max-width: 767px) 89vw, (max-width: 1000px) 54vw, (max-width: 1071px) 543px, 580px\" \/><\/figure>\n\n\n\n<figure class=\"wp-block-image\"><img decoding=\"async\" loading=\"lazy\" width=\"864\" height=\"1296\" src=\"http:\/\/lichri.radeln-in-den-sonnenaufgang.de\/wp-content\/uploads\/2019\/11\/img_7775_compress491742430390826378610.jpg\" alt=\"\" class=\"wp-image-1215\" srcset=\"http:\/\/lichri.radeln-in-den-sonnenaufgang.de\/wp-content\/uploads\/2019\/11\/img_7775_compress491742430390826378610.jpg 864w, http:\/\/lichri.radeln-in-den-sonnenaufgang.de\/wp-content\/uploads\/2019\/11\/img_7775_compress491742430390826378610-200x300.jpg 200w, http:\/\/lichri.radeln-in-den-sonnenaufgang.de\/wp-content\/uploads\/2019\/11\/img_7775_compress491742430390826378610-683x1024.jpg 683w, http:\/\/lichri.radeln-in-den-sonnenaufgang.de\/wp-content\/uploads\/2019\/11\/img_7775_compress491742430390826378610-768x1152.jpg 768w\" sizes=\"(max-width: 767px) 89vw, (max-width: 1000px) 54vw, (max-width: 1071px) 543px, 580px\" \/><\/figure>\n\n\n\n<figure class=\"wp-block-image\"><img decoding=\"async\" loading=\"lazy\" width=\"1296\" height=\"864\" src=\"http:\/\/lichri.radeln-in-den-sonnenaufgang.de\/wp-content\/uploads\/2019\/11\/IMG_7780_compress18.jpg\" alt=\"\" class=\"wp-image-1216\" srcset=\"http:\/\/lichri.radeln-in-den-sonnenaufgang.de\/wp-content\/uploads\/2019\/11\/IMG_7780_compress18.jpg 1296w, http:\/\/lichri.radeln-in-den-sonnenaufgang.de\/wp-content\/uploads\/2019\/11\/IMG_7780_compress18-300x200.jpg 300w, http:\/\/lichri.radeln-in-den-sonnenaufgang.de\/wp-content\/uploads\/2019\/11\/IMG_7780_compress18-1024x683.jpg 1024w, http:\/\/lichri.radeln-in-den-sonnenaufgang.de\/wp-content\/uploads\/2019\/11\/IMG_7780_compress18-768x512.jpg 768w\" sizes=\"(max-width: 767px) 89vw, (max-width: 1000px) 54vw, (max-width: 1071px) 543px, 580px\" \/><\/figure>\n\n\n\n<figure class=\"wp-block-image\"><img decoding=\"async\" loading=\"lazy\" width=\"1296\" height=\"864\" src=\"http:\/\/lichri.radeln-in-den-sonnenaufgang.de\/wp-content\/uploads\/2019\/11\/IMG_7929_compress77.jpg\" alt=\"\" class=\"wp-image-1217\" srcset=\"http:\/\/lichri.radeln-in-den-sonnenaufgang.de\/wp-content\/uploads\/2019\/11\/IMG_7929_compress77.jpg 1296w, http:\/\/lichri.radeln-in-den-sonnenaufgang.de\/wp-content\/uploads\/2019\/11\/IMG_7929_compress77-300x200.jpg 300w, http:\/\/lichri.radeln-in-den-sonnenaufgang.de\/wp-content\/uploads\/2019\/11\/IMG_7929_compress77-1024x683.jpg 1024w, http:\/\/lichri.radeln-in-den-sonnenaufgang.de\/wp-content\/uploads\/2019\/11\/IMG_7929_compress77-768x512.jpg 768w\" sizes=\"(max-width: 767px) 89vw, (max-width: 1000px) 54vw, (max-width: 1071px) 543px, 580px\" \/><\/figure>\n\n\n\n<figure class=\"wp-block-image\"><img decoding=\"async\" loading=\"lazy\" width=\"1296\" height=\"864\" src=\"http:\/\/lichri.radeln-in-den-sonnenaufgang.de\/wp-content\/uploads\/2019\/11\/IMG_7880_compress54.jpg\" alt=\"\" class=\"wp-image-1220\" srcset=\"http:\/\/lichri.radeln-in-den-sonnenaufgang.de\/wp-content\/uploads\/2019\/11\/IMG_7880_compress54.jpg 1296w, http:\/\/lichri.radeln-in-den-sonnenaufgang.de\/wp-content\/uploads\/2019\/11\/IMG_7880_compress54-300x200.jpg 300w, http:\/\/lichri.radeln-in-den-sonnenaufgang.de\/wp-content\/uploads\/2019\/11\/IMG_7880_compress54-1024x683.jpg 1024w, http:\/\/lichri.radeln-in-den-sonnenaufgang.de\/wp-content\/uploads\/2019\/11\/IMG_7880_compress54-768x512.jpg 768w\" sizes=\"(max-width: 767px) 89vw, (max-width: 1000px) 54vw, (max-width: 1071px) 543px, 580px\" \/><\/figure>\n\n\n\n<figure class=\"wp-block-image\"><img decoding=\"async\" loading=\"lazy\" width=\"864\" height=\"1296\" src=\"http:\/\/lichri.radeln-in-den-sonnenaufgang.de\/wp-content\/uploads\/2019\/11\/img_7886_compress61355522176433352169.jpg\" alt=\"\" class=\"wp-image-1221\" srcset=\"http:\/\/lichri.radeln-in-den-sonnenaufgang.de\/wp-content\/uploads\/2019\/11\/img_7886_compress61355522176433352169.jpg 864w, http:\/\/lichri.radeln-in-den-sonnenaufgang.de\/wp-content\/uploads\/2019\/11\/img_7886_compress61355522176433352169-200x300.jpg 200w, http:\/\/lichri.radeln-in-den-sonnenaufgang.de\/wp-content\/uploads\/2019\/11\/img_7886_compress61355522176433352169-683x1024.jpg 683w, http:\/\/lichri.radeln-in-den-sonnenaufgang.de\/wp-content\/uploads\/2019\/11\/img_7886_compress61355522176433352169-768x1152.jpg 768w\" sizes=\"(max-width: 767px) 89vw, (max-width: 1000px) 54vw, (max-width: 1071px) 543px, 580px\" \/><\/figure>\n\n\n\n<figure class=\"wp-block-image\"><img decoding=\"async\" loading=\"lazy\" width=\"864\" height=\"1296\" src=\"http:\/\/lichri.radeln-in-den-sonnenaufgang.de\/wp-content\/uploads\/2019\/11\/img_7866_compress917099386625099888814.jpg\" alt=\"\" class=\"wp-image-1218\" srcset=\"http:\/\/lichri.radeln-in-den-sonnenaufgang.de\/wp-content\/uploads\/2019\/11\/img_7866_compress917099386625099888814.jpg 864w, http:\/\/lichri.radeln-in-den-sonnenaufgang.de\/wp-content\/uploads\/2019\/11\/img_7866_compress917099386625099888814-200x300.jpg 200w, http:\/\/lichri.radeln-in-den-sonnenaufgang.de\/wp-content\/uploads\/2019\/11\/img_7866_compress917099386625099888814-683x1024.jpg 683w, http:\/\/lichri.radeln-in-den-sonnenaufgang.de\/wp-content\/uploads\/2019\/11\/img_7866_compress917099386625099888814-768x1152.jpg 768w\" sizes=\"(max-width: 767px) 89vw, (max-width: 1000px) 54vw, (max-width: 1071px) 543px, 580px\" \/><\/figure>\n\n\n\n<figure class=\"wp-block-image\"><img decoding=\"async\" loading=\"lazy\" width=\"1296\" height=\"864\" src=\"http:\/\/lichri.radeln-in-den-sonnenaufgang.de\/wp-content\/uploads\/2019\/11\/IMG_7854_compress92.jpg\" alt=\"\" class=\"wp-image-1219\" srcset=\"http:\/\/lichri.radeln-in-den-sonnenaufgang.de\/wp-content\/uploads\/2019\/11\/IMG_7854_compress92.jpg 1296w, http:\/\/lichri.radeln-in-den-sonnenaufgang.de\/wp-content\/uploads\/2019\/11\/IMG_7854_compress92-300x200.jpg 300w, http:\/\/lichri.radeln-in-den-sonnenaufgang.de\/wp-content\/uploads\/2019\/11\/IMG_7854_compress92-1024x683.jpg 1024w, http:\/\/lichri.radeln-in-den-sonnenaufgang.de\/wp-content\/uploads\/2019\/11\/IMG_7854_compress92-768x512.jpg 768w\" sizes=\"(max-width: 767px) 89vw, (max-width: 1000px) 54vw, (max-width: 1071px) 543px, 580px\" \/><\/figure>\n\n\n\n<figure class=\"wp-block-image\"><img decoding=\"async\" loading=\"lazy\" width=\"1312\" height=\"984\" src=\"http:\/\/lichri.radeln-in-den-sonnenaufgang.de\/wp-content\/uploads\/2019\/11\/DSC_1548_compress9.jpg\" alt=\"\" class=\"wp-image-1222\" srcset=\"http:\/\/lichri.radeln-in-den-sonnenaufgang.de\/wp-content\/uploads\/2019\/11\/DSC_1548_compress9.jpg 1312w, http:\/\/lichri.radeln-in-den-sonnenaufgang.de\/wp-content\/uploads\/2019\/11\/DSC_1548_compress9-300x225.jpg 300w, http:\/\/lichri.radeln-in-den-sonnenaufgang.de\/wp-content\/uploads\/2019\/11\/DSC_1548_compress9-1024x768.jpg 1024w, http:\/\/lichri.radeln-in-den-sonnenaufgang.de\/wp-content\/uploads\/2019\/11\/DSC_1548_compress9-768x576.jpg 768w\" sizes=\"(max-width: 767px) 89vw, (max-width: 1000px) 54vw, (max-width: 1071px) 543px, 580px\" \/><\/figure>\n\n\n\n<figure class=\"wp-block-image\"><img decoding=\"async\" loading=\"lazy\" width=\"1296\" height=\"864\" src=\"http:\/\/lichri.radeln-in-den-sonnenaufgang.de\/wp-content\/uploads\/2019\/11\/IMG_7538_compress15.jpg\" alt=\"\" class=\"wp-image-1197\" srcset=\"http:\/\/lichri.radeln-in-den-sonnenaufgang.de\/wp-content\/uploads\/2019\/11\/IMG_7538_compress15.jpg 1296w, http:\/\/lichri.radeln-in-den-sonnenaufgang.de\/wp-content\/uploads\/2019\/11\/IMG_7538_compress15-300x200.jpg 300w, http:\/\/lichri.radeln-in-den-sonnenaufgang.de\/wp-content\/uploads\/2019\/11\/IMG_7538_compress15-1024x683.jpg 1024w, http:\/\/lichri.radeln-in-den-sonnenaufgang.de\/wp-content\/uploads\/2019\/11\/IMG_7538_compress15-768x512.jpg 768w\" sizes=\"(max-width: 767px) 89vw, (max-width: 1000px) 54vw, (max-width: 1071px) 543px, 580px\" \/><\/figure>\n\n\n\n<figure class=\"wp-block-image\"><img decoding=\"async\" loading=\"lazy\" width=\"1296\" height=\"864\" src=\"http:\/\/lichri.radeln-in-den-sonnenaufgang.de\/wp-content\/uploads\/2019\/11\/IMG_7479_compress38.jpg\" alt=\"\" class=\"wp-image-1200\" srcset=\"http:\/\/lichri.radeln-in-den-sonnenaufgang.de\/wp-content\/uploads\/2019\/11\/IMG_7479_compress38.jpg 1296w, http:\/\/lichri.radeln-in-den-sonnenaufgang.de\/wp-content\/uploads\/2019\/11\/IMG_7479_compress38-300x200.jpg 300w, http:\/\/lichri.radeln-in-den-sonnenaufgang.de\/wp-content\/uploads\/2019\/11\/IMG_7479_compress38-1024x683.jpg 1024w, http:\/\/lichri.radeln-in-den-sonnenaufgang.de\/wp-content\/uploads\/2019\/11\/IMG_7479_compress38-768x512.jpg 768w\" sizes=\"(max-width: 767px) 89vw, (max-width: 1000px) 54vw, (max-width: 1071px) 543px, 580px\" \/><\/figure>\n\n\n\n<figure class=\"wp-block-image\"><img decoding=\"async\" loading=\"lazy\" width=\"1296\" height=\"864\" src=\"http:\/\/lichri.radeln-in-den-sonnenaufgang.de\/wp-content\/uploads\/2019\/11\/IMG_7510_compress61.jpg\" alt=\"\" class=\"wp-image-1198\" srcset=\"http:\/\/lichri.radeln-in-den-sonnenaufgang.de\/wp-content\/uploads\/2019\/11\/IMG_7510_compress61.jpg 1296w, http:\/\/lichri.radeln-in-den-sonnenaufgang.de\/wp-content\/uploads\/2019\/11\/IMG_7510_compress61-300x200.jpg 300w, http:\/\/lichri.radeln-in-den-sonnenaufgang.de\/wp-content\/uploads\/2019\/11\/IMG_7510_compress61-1024x683.jpg 1024w, http:\/\/lichri.radeln-in-den-sonnenaufgang.de\/wp-content\/uploads\/2019\/11\/IMG_7510_compress61-768x512.jpg 768w\" sizes=\"(max-width: 767px) 89vw, (max-width: 1000px) 54vw, (max-width: 1071px) 543px, 580px\" \/><\/figure>\n\n\n\n<figure class=\"wp-block-image\"><img decoding=\"async\" loading=\"lazy\" width=\"1296\" height=\"864\" src=\"http:\/\/lichri.radeln-in-den-sonnenaufgang.de\/wp-content\/uploads\/2019\/11\/IMG_7507_compress6.jpg\" alt=\"\" class=\"wp-image-1199\" srcset=\"http:\/\/lichri.radeln-in-den-sonnenaufgang.de\/wp-content\/uploads\/2019\/11\/IMG_7507_compress6.jpg 1296w, http:\/\/lichri.radeln-in-den-sonnenaufgang.de\/wp-content\/uploads\/2019\/11\/IMG_7507_compress6-300x200.jpg 300w, http:\/\/lichri.radeln-in-den-sonnenaufgang.de\/wp-content\/uploads\/2019\/11\/IMG_7507_compress6-1024x683.jpg 1024w, http:\/\/lichri.radeln-in-den-sonnenaufgang.de\/wp-content\/uploads\/2019\/11\/IMG_7507_compress6-768x512.jpg 768w\" sizes=\"(max-width: 767px) 89vw, (max-width: 1000px) 54vw, (max-width: 1071px) 543px, 580px\" \/><\/figure>\n\n\n\n<figure class=\"wp-block-image\"><img decoding=\"async\" loading=\"lazy\" width=\"984\" height=\"1312\" src=\"http:\/\/lichri.radeln-in-den-sonnenaufgang.de\/wp-content\/uploads\/2019\/11\/dsc_1301_compress878235548041056482845.jpg\" alt=\"\" class=\"wp-image-1201\" srcset=\"http:\/\/lichri.radeln-in-den-sonnenaufgang.de\/wp-content\/uploads\/2019\/11\/dsc_1301_compress878235548041056482845.jpg 984w, http:\/\/lichri.radeln-in-den-sonnenaufgang.de\/wp-content\/uploads\/2019\/11\/dsc_1301_compress878235548041056482845-225x300.jpg 225w, http:\/\/lichri.radeln-in-den-sonnenaufgang.de\/wp-content\/uploads\/2019\/11\/dsc_1301_compress878235548041056482845-768x1024.jpg 768w\" sizes=\"(max-width: 767px) 89vw, (max-width: 1000px) 54vw, (max-width: 1071px) 543px, 580px\" \/><\/figure>\n\n\n\n<figure class=\"wp-block-image\"><img decoding=\"async\" loading=\"lazy\" width=\"1312\" height=\"984\" src=\"http:\/\/lichri.radeln-in-den-sonnenaufgang.de\/wp-content\/uploads\/2019\/11\/DSC_1277_compress28.jpg\" alt=\"\" class=\"wp-image-1202\" srcset=\"http:\/\/lichri.radeln-in-den-sonnenaufgang.de\/wp-content\/uploads\/2019\/11\/DSC_1277_compress28.jpg 1312w, http:\/\/lichri.radeln-in-den-sonnenaufgang.de\/wp-content\/uploads\/2019\/11\/DSC_1277_compress28-300x225.jpg 300w, http:\/\/lichri.radeln-in-den-sonnenaufgang.de\/wp-content\/uploads\/2019\/11\/DSC_1277_compress28-1024x768.jpg 1024w, http:\/\/lichri.radeln-in-den-sonnenaufgang.de\/wp-content\/uploads\/2019\/11\/DSC_1277_compress28-768x576.jpg 768w\" sizes=\"(max-width: 767px) 89vw, (max-width: 1000px) 54vw, (max-width: 1071px) 543px, 580px\" \/><\/figure>\n\n\n\n<figure class=\"wp-block-image\"><img decoding=\"async\" loading=\"lazy\" width=\"1312\" height=\"984\" src=\"http:\/\/lichri.radeln-in-den-sonnenaufgang.de\/wp-content\/uploads\/2019\/11\/DSC_1291_compress93.jpg\" alt=\"\" class=\"wp-image-1203\" srcset=\"http:\/\/lichri.radeln-in-den-sonnenaufgang.de\/wp-content\/uploads\/2019\/11\/DSC_1291_compress93.jpg 1312w, http:\/\/lichri.radeln-in-den-sonnenaufgang.de\/wp-content\/uploads\/2019\/11\/DSC_1291_compress93-300x225.jpg 300w, http:\/\/lichri.radeln-in-den-sonnenaufgang.de\/wp-content\/uploads\/2019\/11\/DSC_1291_compress93-1024x768.jpg 1024w, http:\/\/lichri.radeln-in-den-sonnenaufgang.de\/wp-content\/uploads\/2019\/11\/DSC_1291_compress93-768x576.jpg 768w\" sizes=\"(max-width: 767px) 89vw, (max-width: 1000px) 54vw, (max-width: 1071px) 543px, 580px\" \/><\/figure>\n\n\n\n<figure class=\"wp-block-image\"><img decoding=\"async\" loading=\"lazy\" width=\"1296\" height=\"864\" src=\"http:\/\/lichri.radeln-in-den-sonnenaufgang.de\/wp-content\/uploads\/2019\/11\/IMG_7540_compress43.jpg\" alt=\"\" class=\"wp-image-1223\" srcset=\"http:\/\/lichri.radeln-in-den-sonnenaufgang.de\/wp-content\/uploads\/2019\/11\/IMG_7540_compress43.jpg 1296w, http:\/\/lichri.radeln-in-den-sonnenaufgang.de\/wp-content\/uploads\/2019\/11\/IMG_7540_compress43-300x200.jpg 300w, http:\/\/lichri.radeln-in-den-sonnenaufgang.de\/wp-content\/uploads\/2019\/11\/IMG_7540_compress43-1024x683.jpg 1024w, http:\/\/lichri.radeln-in-den-sonnenaufgang.de\/wp-content\/uploads\/2019\/11\/IMG_7540_compress43-768x512.jpg 768w\" sizes=\"(max-width: 767px) 89vw, (max-width: 1000px) 54vw, (max-width: 1071px) 543px, 580px\" \/><\/figure>\n\n\n\n<figure class=\"wp-block-image\"><img decoding=\"async\" loading=\"lazy\" width=\"984\" height=\"1312\" src=\"http:\/\/lichri.radeln-in-den-sonnenaufgang.de\/wp-content\/uploads\/2019\/11\/dsc_1633_compress498391783102117699452.jpg\" alt=\"\" class=\"wp-image-1240\" srcset=\"http:\/\/lichri.radeln-in-den-sonnenaufgang.de\/wp-content\/uploads\/2019\/11\/dsc_1633_compress498391783102117699452.jpg 984w, http:\/\/lichri.radeln-in-den-sonnenaufgang.de\/wp-content\/uploads\/2019\/11\/dsc_1633_compress498391783102117699452-225x300.jpg 225w, http:\/\/lichri.radeln-in-den-sonnenaufgang.de\/wp-content\/uploads\/2019\/11\/dsc_1633_compress498391783102117699452-768x1024.jpg 768w\" sizes=\"(max-width: 767px) 89vw, (max-width: 1000px) 54vw, (max-width: 1071px) 543px, 580px\" \/><\/figure>\n\n\n\n<figure class=\"wp-block-image\"><img decoding=\"async\" loading=\"lazy\" width=\"1296\" height=\"864\" src=\"http:\/\/lichri.radeln-in-den-sonnenaufgang.de\/wp-content\/uploads\/2019\/11\/IMG_8476_compress43.jpg\" alt=\"\" class=\"wp-image-1241\" srcset=\"http:\/\/lichri.radeln-in-den-sonnenaufgang.de\/wp-content\/uploads\/2019\/11\/IMG_8476_compress43.jpg 1296w, http:\/\/lichri.radeln-in-den-sonnenaufgang.de\/wp-content\/uploads\/2019\/11\/IMG_8476_compress43-300x200.jpg 300w, http:\/\/lichri.radeln-in-den-sonnenaufgang.de\/wp-content\/uploads\/2019\/11\/IMG_8476_compress43-1024x683.jpg 1024w, http:\/\/lichri.radeln-in-den-sonnenaufgang.de\/wp-content\/uploads\/2019\/11\/IMG_8476_compress43-768x512.jpg 768w\" sizes=\"(max-width: 767px) 89vw, (max-width: 1000px) 54vw, (max-width: 1071px) 543px, 580px\" \/><\/figure>\n\n\n\n<figure class=\"wp-block-image\"><img decoding=\"async\" loading=\"lazy\" width=\"1312\" height=\"984\" src=\"http:\/\/lichri.radeln-in-den-sonnenaufgang.de\/wp-content\/uploads\/2019\/11\/DSC_1642_compress59.jpg\" alt=\"\" class=\"wp-image-1242\" srcset=\"http:\/\/lichri.radeln-in-den-sonnenaufgang.de\/wp-content\/uploads\/2019\/11\/DSC_1642_compress59.jpg 1312w, http:\/\/lichri.radeln-in-den-sonnenaufgang.de\/wp-content\/uploads\/2019\/11\/DSC_1642_compress59-300x225.jpg 300w, http:\/\/lichri.radeln-in-den-sonnenaufgang.de\/wp-content\/uploads\/2019\/11\/DSC_1642_compress59-1024x768.jpg 1024w, http:\/\/lichri.radeln-in-den-sonnenaufgang.de\/wp-content\/uploads\/2019\/11\/DSC_1642_compress59-768x576.jpg 768w\" sizes=\"(max-width: 767px) 89vw, (max-width: 1000px) 54vw, (max-width: 1071px) 543px, 580px\" \/><\/figure>\n\n\n\n<figure class=\"wp-block-image\"><img decoding=\"async\" loading=\"lazy\" width=\"1296\" height=\"864\" src=\"http:\/\/lichri.radeln-in-den-sonnenaufgang.de\/wp-content\/uploads\/2019\/11\/IMG_8000_compress67.jpg\" alt=\"\" class=\"wp-image-1244\" srcset=\"http:\/\/lichri.radeln-in-den-sonnenaufgang.de\/wp-content\/uploads\/2019\/11\/IMG_8000_compress67.jpg 1296w, http:\/\/lichri.radeln-in-den-sonnenaufgang.de\/wp-content\/uploads\/2019\/11\/IMG_8000_compress67-300x200.jpg 300w, http:\/\/lichri.radeln-in-den-sonnenaufgang.de\/wp-content\/uploads\/2019\/11\/IMG_8000_compress67-1024x683.jpg 1024w, http:\/\/lichri.radeln-in-den-sonnenaufgang.de\/wp-content\/uploads\/2019\/11\/IMG_8000_compress67-768x512.jpg 768w\" sizes=\"(max-width: 767px) 89vw, (max-width: 1000px) 54vw, (max-width: 1071px) 543px, 580px\" \/><\/figure>\n\n\n\n<figure class=\"wp-block-image\"><img decoding=\"async\" loading=\"lazy\" width=\"1296\" height=\"864\" src=\"http:\/\/lichri.radeln-in-den-sonnenaufgang.de\/wp-content\/uploads\/2019\/11\/IMG_8004_compress93-1.jpg\" alt=\"\" class=\"wp-image-1259\" srcset=\"http:\/\/lichri.radeln-in-den-sonnenaufgang.de\/wp-content\/uploads\/2019\/11\/IMG_8004_compress93-1.jpg 1296w, http:\/\/lichri.radeln-in-den-sonnenaufgang.de\/wp-content\/uploads\/2019\/11\/IMG_8004_compress93-1-300x200.jpg 300w, http:\/\/lichri.radeln-in-den-sonnenaufgang.de\/wp-content\/uploads\/2019\/11\/IMG_8004_compress93-1-1024x683.jpg 1024w, http:\/\/lichri.radeln-in-den-sonnenaufgang.de\/wp-content\/uploads\/2019\/11\/IMG_8004_compress93-1-768x512.jpg 768w\" sizes=\"(max-width: 767px) 89vw, (max-width: 1000px) 54vw, (max-width: 1071px) 543px, 580px\" \/><\/figure>\n\n\n\n<figure class=\"wp-block-image\"><img decoding=\"async\" loading=\"lazy\" width=\"1296\" height=\"864\" src=\"http:\/\/lichri.radeln-in-den-sonnenaufgang.de\/wp-content\/uploads\/2019\/11\/IMG_8327_compress85.jpg\" alt=\"\" class=\"wp-image-1243\" srcset=\"http:\/\/lichri.radeln-in-den-sonnenaufgang.de\/wp-content\/uploads\/2019\/11\/IMG_8327_compress85.jpg 1296w, http:\/\/lichri.radeln-in-den-sonnenaufgang.de\/wp-content\/uploads\/2019\/11\/IMG_8327_compress85-300x200.jpg 300w, http:\/\/lichri.radeln-in-den-sonnenaufgang.de\/wp-content\/uploads\/2019\/11\/IMG_8327_compress85-1024x683.jpg 1024w, http:\/\/lichri.radeln-in-den-sonnenaufgang.de\/wp-content\/uploads\/2019\/11\/IMG_8327_compress85-768x512.jpg 768w\" sizes=\"(max-width: 767px) 89vw, (max-width: 1000px) 54vw, (max-width: 1071px) 543px, 580px\" \/><\/figure>\n\n\n\n<figure class=\"wp-block-image\"><img decoding=\"async\" loading=\"lazy\" width=\"1296\" height=\"864\" src=\"http:\/\/lichri.radeln-in-den-sonnenaufgang.de\/wp-content\/uploads\/2019\/11\/IMG_8140_compress16.jpg\" alt=\"\" class=\"wp-image-1245\" srcset=\"http:\/\/lichri.radeln-in-den-sonnenaufgang.de\/wp-content\/uploads\/2019\/11\/IMG_8140_compress16.jpg 1296w, http:\/\/lichri.radeln-in-den-sonnenaufgang.de\/wp-content\/uploads\/2019\/11\/IMG_8140_compress16-300x200.jpg 300w, http:\/\/lichri.radeln-in-den-sonnenaufgang.de\/wp-content\/uploads\/2019\/11\/IMG_8140_compress16-1024x683.jpg 1024w, http:\/\/lichri.radeln-in-den-sonnenaufgang.de\/wp-content\/uploads\/2019\/11\/IMG_8140_compress16-768x512.jpg 768w\" sizes=\"(max-width: 767px) 89vw, (max-width: 1000px) 54vw, (max-width: 1071px) 543px, 580px\" \/><\/figure>\n\n\n\n<figure class=\"wp-block-image\"><img decoding=\"async\" loading=\"lazy\" width=\"864\" height=\"1296\" src=\"http:\/\/lichri.radeln-in-den-sonnenaufgang.de\/wp-content\/uploads\/2019\/11\/img_8189_compress07617200427203836855.jpg\" alt=\"\" class=\"wp-image-1246\" srcset=\"http:\/\/lichri.radeln-in-den-sonnenaufgang.de\/wp-content\/uploads\/2019\/11\/img_8189_compress07617200427203836855.jpg 864w, http:\/\/lichri.radeln-in-den-sonnenaufgang.de\/wp-content\/uploads\/2019\/11\/img_8189_compress07617200427203836855-200x300.jpg 200w, http:\/\/lichri.radeln-in-den-sonnenaufgang.de\/wp-content\/uploads\/2019\/11\/img_8189_compress07617200427203836855-683x1024.jpg 683w, http:\/\/lichri.radeln-in-den-sonnenaufgang.de\/wp-content\/uploads\/2019\/11\/img_8189_compress07617200427203836855-768x1152.jpg 768w\" sizes=\"(max-width: 767px) 89vw, (max-width: 1000px) 54vw, (max-width: 1071px) 543px, 580px\" \/><\/figure>\n\n\n\n<figure class=\"wp-block-image\"><img decoding=\"async\" loading=\"lazy\" width=\"1296\" height=\"864\" src=\"http:\/\/lichri.radeln-in-den-sonnenaufgang.de\/wp-content\/uploads\/2019\/11\/IMG_8213_compress23.jpg\" alt=\"\" class=\"wp-image-1248\" srcset=\"http:\/\/lichri.radeln-in-den-sonnenaufgang.de\/wp-content\/uploads\/2019\/11\/IMG_8213_compress23.jpg 1296w, http:\/\/lichri.radeln-in-den-sonnenaufgang.de\/wp-content\/uploads\/2019\/11\/IMG_8213_compress23-300x200.jpg 300w, http:\/\/lichri.radeln-in-den-sonnenaufgang.de\/wp-content\/uploads\/2019\/11\/IMG_8213_compress23-1024x683.jpg 1024w, http:\/\/lichri.radeln-in-den-sonnenaufgang.de\/wp-content\/uploads\/2019\/11\/IMG_8213_compress23-768x512.jpg 768w\" sizes=\"(max-width: 767px) 89vw, (max-width: 1000px) 54vw, (max-width: 1071px) 543px, 580px\" \/><\/figure>\n\n\n\n<figure class=\"wp-block-image\"><img alt=\"\"\/><\/figure>\n\n\n\n<figure class=\"wp-block-image\"><img decoding=\"async\" loading=\"lazy\" width=\"1296\" height=\"864\" src=\"http:\/\/lichri.radeln-in-den-sonnenaufgang.de\/wp-content\/uploads\/2019\/11\/IMG_8229_compress92.jpg\" alt=\"\" class=\"wp-image-1247\" srcset=\"http:\/\/lichri.radeln-in-den-sonnenaufgang.de\/wp-content\/uploads\/2019\/11\/IMG_8229_compress92.jpg 1296w, http:\/\/lichri.radeln-in-den-sonnenaufgang.de\/wp-content\/uploads\/2019\/11\/IMG_8229_compress92-300x200.jpg 300w, http:\/\/lichri.radeln-in-den-sonnenaufgang.de\/wp-content\/uploads\/2019\/11\/IMG_8229_compress92-1024x683.jpg 1024w, http:\/\/lichri.radeln-in-den-sonnenaufgang.de\/wp-content\/uploads\/2019\/11\/IMG_8229_compress92-768x512.jpg 768w\" sizes=\"(max-width: 767px) 89vw, (max-width: 1000px) 54vw, (max-width: 1071px) 543px, 580px\" \/><\/figure>\n\n\n\n<figure class=\"wp-block-image\"><img decoding=\"async\" loading=\"lazy\" width=\"864\" height=\"1296\" src=\"http:\/\/lichri.radeln-in-den-sonnenaufgang.de\/wp-content\/uploads\/2019\/11\/img_8419_compress667987577937666643252.jpg\" alt=\"\" class=\"wp-image-1249\" srcset=\"http:\/\/lichri.radeln-in-den-sonnenaufgang.de\/wp-content\/uploads\/2019\/11\/img_8419_compress667987577937666643252.jpg 864w, http:\/\/lichri.radeln-in-den-sonnenaufgang.de\/wp-content\/uploads\/2019\/11\/img_8419_compress667987577937666643252-200x300.jpg 200w, http:\/\/lichri.radeln-in-den-sonnenaufgang.de\/wp-content\/uploads\/2019\/11\/img_8419_compress667987577937666643252-683x1024.jpg 683w, http:\/\/lichri.radeln-in-den-sonnenaufgang.de\/wp-content\/uploads\/2019\/11\/img_8419_compress667987577937666643252-768x1152.jpg 768w\" sizes=\"(max-width: 767px) 89vw, (max-width: 1000px) 54vw, (max-width: 1071px) 543px, 580px\" \/><\/figure>\n\n\n\n<figure class=\"wp-block-image\"><img decoding=\"async\" loading=\"lazy\" width=\"864\" height=\"1296\" src=\"http:\/\/lichri.radeln-in-den-sonnenaufgang.de\/wp-content\/uploads\/2019\/11\/img_8389_compress315329228457282752913.jpg\" alt=\"\" class=\"wp-image-1250\" srcset=\"http:\/\/lichri.radeln-in-den-sonnenaufgang.de\/wp-content\/uploads\/2019\/11\/img_8389_compress315329228457282752913.jpg 864w, http:\/\/lichri.radeln-in-den-sonnenaufgang.de\/wp-content\/uploads\/2019\/11\/img_8389_compress315329228457282752913-200x300.jpg 200w, http:\/\/lichri.radeln-in-den-sonnenaufgang.de\/wp-content\/uploads\/2019\/11\/img_8389_compress315329228457282752913-683x1024.jpg 683w, http:\/\/lichri.radeln-in-den-sonnenaufgang.de\/wp-content\/uploads\/2019\/11\/img_8389_compress315329228457282752913-768x1152.jpg 768w\" sizes=\"(max-width: 767px) 89vw, (max-width: 1000px) 54vw, (max-width: 1071px) 543px, 580px\" \/><\/figure>\n\n\n\n<figure class=\"wp-block-image\"><img decoding=\"async\" loading=\"lazy\" width=\"1296\" height=\"864\" src=\"http:\/\/lichri.radeln-in-den-sonnenaufgang.de\/wp-content\/uploads\/2019\/11\/IMG_8398_compress92.jpg\" alt=\"\" class=\"wp-image-1251\" srcset=\"http:\/\/lichri.radeln-in-den-sonnenaufgang.de\/wp-content\/uploads\/2019\/11\/IMG_8398_compress92.jpg 1296w, http:\/\/lichri.radeln-in-den-sonnenaufgang.de\/wp-content\/uploads\/2019\/11\/IMG_8398_compress92-300x200.jpg 300w, http:\/\/lichri.radeln-in-den-sonnenaufgang.de\/wp-content\/uploads\/2019\/11\/IMG_8398_compress92-1024x683.jpg 1024w, http:\/\/lichri.radeln-in-den-sonnenaufgang.de\/wp-content\/uploads\/2019\/11\/IMG_8398_compress92-768x512.jpg 768w\" sizes=\"(max-width: 767px) 89vw, (max-width: 1000px) 54vw, (max-width: 1071px) 543px, 580px\" \/><\/figure>\n\n\n\n<figure class=\"wp-block-image\"><img decoding=\"async\" loading=\"lazy\" width=\"1296\" height=\"864\" src=\"http:\/\/lichri.radeln-in-den-sonnenaufgang.de\/wp-content\/uploads\/2019\/11\/IMG_8457_compress55.jpg\" alt=\"\" class=\"wp-image-1252\" srcset=\"http:\/\/lichri.radeln-in-den-sonnenaufgang.de\/wp-content\/uploads\/2019\/11\/IMG_8457_compress55.jpg 1296w, http:\/\/lichri.radeln-in-den-sonnenaufgang.de\/wp-content\/uploads\/2019\/11\/IMG_8457_compress55-300x200.jpg 300w, http:\/\/lichri.radeln-in-den-sonnenaufgang.de\/wp-content\/uploads\/2019\/11\/IMG_8457_compress55-1024x683.jpg 1024w, http:\/\/lichri.radeln-in-den-sonnenaufgang.de\/wp-content\/uploads\/2019\/11\/IMG_8457_compress55-768x512.jpg 768w\" sizes=\"(max-width: 767px) 89vw, (max-width: 1000px) 54vw, (max-width: 1071px) 543px, 580px\" \/><\/figure>\n\n\n\n<figure class=\"wp-block-image\"><img decoding=\"async\" loading=\"lazy\" width=\"864\" height=\"1296\" src=\"http:\/\/lichri.radeln-in-den-sonnenaufgang.de\/wp-content\/uploads\/2019\/11\/img_8459_compress836843783304959330142.jpg\" alt=\"\" class=\"wp-image-1253\" srcset=\"http:\/\/lichri.radeln-in-den-sonnenaufgang.de\/wp-content\/uploads\/2019\/11\/img_8459_compress836843783304959330142.jpg 864w, http:\/\/lichri.radeln-in-den-sonnenaufgang.de\/wp-content\/uploads\/2019\/11\/img_8459_compress836843783304959330142-200x300.jpg 200w, http:\/\/lichri.radeln-in-den-sonnenaufgang.de\/wp-content\/uploads\/2019\/11\/img_8459_compress836843783304959330142-683x1024.jpg 683w, http:\/\/lichri.radeln-in-den-sonnenaufgang.de\/wp-content\/uploads\/2019\/11\/img_8459_compress836843783304959330142-768x1152.jpg 768w\" sizes=\"(max-width: 767px) 89vw, (max-width: 1000px) 54vw, (max-width: 1071px) 543px, 580px\" \/><\/figure>\n\n\n\n<figure class=\"wp-block-image\"><img decoding=\"async\" loading=\"lazy\" width=\"1296\" height=\"864\" src=\"http:\/\/lichri.radeln-in-den-sonnenaufgang.de\/wp-content\/uploads\/2019\/11\/IMG_8465_compress16.jpg\" alt=\"\" class=\"wp-image-1254\" srcset=\"http:\/\/lichri.radeln-in-den-sonnenaufgang.de\/wp-content\/uploads\/2019\/11\/IMG_8465_compress16.jpg 1296w, http:\/\/lichri.radeln-in-den-sonnenaufgang.de\/wp-content\/uploads\/2019\/11\/IMG_8465_compress16-300x200.jpg 300w, http:\/\/lichri.radeln-in-den-sonnenaufgang.de\/wp-content\/uploads\/2019\/11\/IMG_8465_compress16-1024x683.jpg 1024w, http:\/\/lichri.radeln-in-den-sonnenaufgang.de\/wp-content\/uploads\/2019\/11\/IMG_8465_compress16-768x512.jpg 768w\" sizes=\"(max-width: 767px) 89vw, (max-width: 1000px) 54vw, (max-width: 1071px) 543px, 580px\" \/><\/figure>\n\n\n\n<figure class=\"wp-block-image\"><img decoding=\"async\" loading=\"lazy\" width=\"1296\" height=\"864\" src=\"http:\/\/lichri.radeln-in-den-sonnenaufgang.de\/wp-content\/uploads\/2019\/11\/IMG_8445_compress29.jpg\" alt=\"\" class=\"wp-image-1255\" srcset=\"http:\/\/lichri.radeln-in-den-sonnenaufgang.de\/wp-content\/uploads\/2019\/11\/IMG_8445_compress29.jpg 1296w, http:\/\/lichri.radeln-in-den-sonnenaufgang.de\/wp-content\/uploads\/2019\/11\/IMG_8445_compress29-300x200.jpg 300w, http:\/\/lichri.radeln-in-den-sonnenaufgang.de\/wp-content\/uploads\/2019\/11\/IMG_8445_compress29-1024x683.jpg 1024w, http:\/\/lichri.radeln-in-den-sonnenaufgang.de\/wp-content\/uploads\/2019\/11\/IMG_8445_compress29-768x512.jpg 768w\" sizes=\"(max-width: 767px) 89vw, (max-width: 1000px) 54vw, (max-width: 1071px) 543px, 580px\" \/><\/figure>\n\n\n\n<figure class=\"wp-block-image\"><img decoding=\"async\" loading=\"lazy\" width=\"1296\" height=\"864\" src=\"http:\/\/lichri.radeln-in-den-sonnenaufgang.de\/wp-content\/uploads\/2019\/11\/IMG_7980_compress50.jpg\" alt=\"\" class=\"wp-image-1224\" srcset=\"http:\/\/lichri.radeln-in-den-sonnenaufgang.de\/wp-content\/uploads\/2019\/11\/IMG_7980_compress50.jpg 1296w, http:\/\/lichri.radeln-in-den-sonnenaufgang.de\/wp-content\/uploads\/2019\/11\/IMG_7980_compress50-300x200.jpg 300w, http:\/\/lichri.radeln-in-den-sonnenaufgang.de\/wp-content\/uploads\/2019\/11\/IMG_7980_compress50-1024x683.jpg 1024w, http:\/\/lichri.radeln-in-den-sonnenaufgang.de\/wp-content\/uploads\/2019\/11\/IMG_7980_compress50-768x512.jpg 768w\" sizes=\"(max-width: 767px) 89vw, (max-width: 1000px) 54vw, (max-width: 1071px) 543px, 580px\" \/><\/figure>\n\n\n\n<figure class=\"wp-block-image\"><img decoding=\"async\" loading=\"lazy\" width=\"2560\" height=\"1440\" src=\"http:\/\/lichri.radeln-in-den-sonnenaufgang.de\/wp-content\/uploads\/2019\/11\/DSC_1700-scaled.jpg\" alt=\"\" class=\"wp-image-1260\" srcset=\"http:\/\/lichri.radeln-in-den-sonnenaufgang.de\/wp-content\/uploads\/2019\/11\/DSC_1700-scaled.jpg 2560w, http:\/\/lichri.radeln-in-den-sonnenaufgang.de\/wp-content\/uploads\/2019\/11\/DSC_1700-300x169.jpg 300w, http:\/\/lichri.radeln-in-den-sonnenaufgang.de\/wp-content\/uploads\/2019\/11\/DSC_1700-1024x576.jpg 1024w, http:\/\/lichri.radeln-in-den-sonnenaufgang.de\/wp-content\/uploads\/2019\/11\/DSC_1700-768x432.jpg 768w, http:\/\/lichri.radeln-in-den-sonnenaufgang.de\/wp-content\/uploads\/2019\/11\/DSC_1700-1536x864.jpg 1536w, http:\/\/lichri.radeln-in-den-sonnenaufgang.de\/wp-content\/uploads\/2019\/11\/DSC_1700-2048x1152.jpg 2048w\" sizes=\"(max-width: 767px) 89vw, (max-width: 1000px) 54vw, (max-width: 1071px) 543px, 580px\" \/><\/figure>\n\n\n\n<p>Szene 7<br>Chris: \u201cNa, ich will eigentlich zu DER Insel da dr\u00fcben. Auf 10 Uhr.\u201d<br>Lisa: \u201cDann lenk doch da hin!\u201d <br>Chris: \u201cAber ich hab das Gef\u00fchl, du lenkst die ganze Zeit mit und willst nach rechts paddeln.\u201d<br>Lisa: \u201cWie soll ich denn Lenken? Du sitzt doch hinten!\u201d<br>Lisa und Chris sitzen hintereinander in einem gelb-roten Kajak, das von dem zunehmenden Wellengang des nachmitt\u00e4glichen Gezeitenwechsels geschaukelt wird. Mit einem langen Zug steuerbord richtet der Chris das Gef\u00e4hrt in die gew\u00fcnschte Richtung aus, die nur nach wenigen weiteren Paddelschl\u00e4gen wieder verloren geht.<br>Chris: \u201cNa, dann halt da r\u00fcber.\u201d<br>Lisa: \u201cIch h\u00e4tte jetzt zu gern gewusst, was das Problem war. Vielleicht haben die sich tats\u00e4chlich ernsthaft Sorgen gemacht.\u201d<br>Chris: \u201cOder denen hat es gestunken, dass wir nichts f\u00fcr den Inselbesuch bezahlt hatten.\u201d<br>Lisa: \u201cWenn ich mir jetzt die Wellen so anschaue, waren die auf der Hinfahrt auch noch nicht so krass. Ich denke, die wenigsten machen halt so eine Tour daraus.\u201d<br>Chris: \u201cHm, stimmt. Normalerweise kommen die Touris mit dem Touri-Dampfer zur Insel und dann paddeln die da eine Runde um die Felsen. Kommt wahrscheinlich nicht allzu oft vor, dass tats\u00e4chlich jemand acht Kilometer durch die Halong-Bucht paddelt. Ich hoffe nur Ha, die Liebe, bekommt keinen Stress, weil wir hier wom\u00f6glich gar nicht paddeln d\u00fcrfen. Oder weil ich in die H\u00f6hle bin, ohne was zu zahlen. Naja, h\u00e4tten sie den Ticketschalter halt so bauen m\u00fcssen, dass man ihn auch sieht, wenn man vom Strand und nicht nur vom Pier her kommend sieht.\u201d [grinsend] \u201cWieder was gespart!\u201d<br>Lisa: \u201cDu Held. Jetzt bring uns lieber mal wieder \u00fcber die Bucht. Bei unserem Zeitmanagement kommen wir sonst erst wieder mitten in der Nacht an. Ich denk nur an unseren Wasserfall-Trip. So wundersch\u00f6n es in Ban Gioc und im Tempel auch war. So was wie die Nachtfahrt zur\u00fcck brauch ich nicht nochmal.\u201d<br>Chris: \u201cZumal ich mich in dieser Nussschale jetzt schon alles andere als sicher f\u00fchle.\u201d<br>Lisa: \u201cWas meinst du wie sicher ich mich hinter dir auf dem Moped gef\u00fchlt hab, du Raser!\u2026 Jetzt kannst du mal Gas geben!\u201d<br>Chris: \u201cNa, dann pass mal auf!\u201d<br>Einige Paddelschl\u00e4ge sp\u00e4ter.<br>Chris [\u00e4chzend]: \u201cIch kann nicht mehr!\u201d [Schweigen] \u201cDu hast \u00fcberhaupt nicht mitgepaddelt?\u201d<br>Lisa [dreht sich unschuldig l\u00e4chelnd zu Chris um]: \u201cIch hab aufgepasst.\u201d<\/p>\n\n\n\n<p>Ende Szene 7<\/p>\n\n\n\n<figure class=\"wp-block-image\"><img decoding=\"async\" loading=\"lazy\" width=\"1296\" height=\"864\" src=\"http:\/\/lichri.radeln-in-den-sonnenaufgang.de\/wp-content\/uploads\/2019\/11\/IMG_8815_compress75.jpg\" alt=\"\" class=\"wp-image-1225\" srcset=\"http:\/\/lichri.radeln-in-den-sonnenaufgang.de\/wp-content\/uploads\/2019\/11\/IMG_8815_compress75.jpg 1296w, http:\/\/lichri.radeln-in-den-sonnenaufgang.de\/wp-content\/uploads\/2019\/11\/IMG_8815_compress75-300x200.jpg 300w, http:\/\/lichri.radeln-in-den-sonnenaufgang.de\/wp-content\/uploads\/2019\/11\/IMG_8815_compress75-1024x683.jpg 1024w, http:\/\/lichri.radeln-in-den-sonnenaufgang.de\/wp-content\/uploads\/2019\/11\/IMG_8815_compress75-768x512.jpg 768w\" sizes=\"(max-width: 767px) 89vw, (max-width: 1000px) 54vw, (max-width: 1071px) 543px, 580px\" \/><\/figure>\n\n\n\n<figure class=\"wp-block-image\"><img decoding=\"async\" loading=\"lazy\" width=\"1312\" height=\"984\" src=\"http:\/\/lichri.radeln-in-den-sonnenaufgang.de\/wp-content\/uploads\/2019\/11\/DSC_1741_compress13.jpg\" alt=\"\" class=\"wp-image-1226\" srcset=\"http:\/\/lichri.radeln-in-den-sonnenaufgang.de\/wp-content\/uploads\/2019\/11\/DSC_1741_compress13.jpg 1312w, http:\/\/lichri.radeln-in-den-sonnenaufgang.de\/wp-content\/uploads\/2019\/11\/DSC_1741_compress13-300x225.jpg 300w, http:\/\/lichri.radeln-in-den-sonnenaufgang.de\/wp-content\/uploads\/2019\/11\/DSC_1741_compress13-1024x768.jpg 1024w, http:\/\/lichri.radeln-in-den-sonnenaufgang.de\/wp-content\/uploads\/2019\/11\/DSC_1741_compress13-768x576.jpg 768w\" sizes=\"(max-width: 767px) 89vw, (max-width: 1000px) 54vw, (max-width: 1071px) 543px, 580px\" \/><\/figure>\n\n\n\n<figure class=\"wp-block-image\"><img decoding=\"async\" loading=\"lazy\" width=\"984\" height=\"1312\" src=\"http:\/\/lichri.radeln-in-den-sonnenaufgang.de\/wp-content\/uploads\/2019\/11\/dsc_1745_compress602270380652614824594.jpg\" alt=\"\" class=\"wp-image-1227\" srcset=\"http:\/\/lichri.radeln-in-den-sonnenaufgang.de\/wp-content\/uploads\/2019\/11\/dsc_1745_compress602270380652614824594.jpg 984w, http:\/\/lichri.radeln-in-den-sonnenaufgang.de\/wp-content\/uploads\/2019\/11\/dsc_1745_compress602270380652614824594-225x300.jpg 225w, http:\/\/lichri.radeln-in-den-sonnenaufgang.de\/wp-content\/uploads\/2019\/11\/dsc_1745_compress602270380652614824594-768x1024.jpg 768w\" sizes=\"(max-width: 767px) 89vw, (max-width: 1000px) 54vw, (max-width: 1071px) 543px, 580px\" \/><\/figure>\n\n\n\n<figure class=\"wp-block-image\"><img decoding=\"async\" loading=\"lazy\" width=\"1280\" height=\"720\" src=\"http:\/\/lichri.radeln-in-den-sonnenaufgang.de\/wp-content\/uploads\/2019\/11\/DSC_1791_compress42.jpg\" alt=\"\" class=\"wp-image-1229\" srcset=\"http:\/\/lichri.radeln-in-den-sonnenaufgang.de\/wp-content\/uploads\/2019\/11\/DSC_1791_compress42.jpg 1280w, http:\/\/lichri.radeln-in-den-sonnenaufgang.de\/wp-content\/uploads\/2019\/11\/DSC_1791_compress42-300x169.jpg 300w, http:\/\/lichri.radeln-in-den-sonnenaufgang.de\/wp-content\/uploads\/2019\/11\/DSC_1791_compress42-1024x576.jpg 1024w, http:\/\/lichri.radeln-in-den-sonnenaufgang.de\/wp-content\/uploads\/2019\/11\/DSC_1791_compress42-768x432.jpg 768w\" sizes=\"(max-width: 767px) 89vw, (max-width: 1000px) 54vw, (max-width: 1071px) 543px, 580px\" \/><\/figure>\n\n\n\n<figure class=\"wp-block-image\"><img decoding=\"async\" loading=\"lazy\" width=\"1296\" height=\"864\" src=\"http:\/\/lichri.radeln-in-den-sonnenaufgang.de\/wp-content\/uploads\/2019\/11\/IMG_8613_compress43.jpg\" alt=\"\" class=\"wp-image-1230\" srcset=\"http:\/\/lichri.radeln-in-den-sonnenaufgang.de\/wp-content\/uploads\/2019\/11\/IMG_8613_compress43.jpg 1296w, http:\/\/lichri.radeln-in-den-sonnenaufgang.de\/wp-content\/uploads\/2019\/11\/IMG_8613_compress43-300x200.jpg 300w, http:\/\/lichri.radeln-in-den-sonnenaufgang.de\/wp-content\/uploads\/2019\/11\/IMG_8613_compress43-1024x683.jpg 1024w, http:\/\/lichri.radeln-in-den-sonnenaufgang.de\/wp-content\/uploads\/2019\/11\/IMG_8613_compress43-768x512.jpg 768w\" sizes=\"(max-width: 767px) 89vw, (max-width: 1000px) 54vw, (max-width: 1071px) 543px, 580px\" \/><\/figure>\n\n\n\n<figure class=\"wp-block-image\"><img decoding=\"async\" loading=\"lazy\" width=\"1296\" height=\"864\" src=\"http:\/\/lichri.radeln-in-den-sonnenaufgang.de\/wp-content\/uploads\/2019\/11\/IMG_8603_compress17.jpg\" alt=\"\" class=\"wp-image-1228\" srcset=\"http:\/\/lichri.radeln-in-den-sonnenaufgang.de\/wp-content\/uploads\/2019\/11\/IMG_8603_compress17.jpg 1296w, http:\/\/lichri.radeln-in-den-sonnenaufgang.de\/wp-content\/uploads\/2019\/11\/IMG_8603_compress17-300x200.jpg 300w, http:\/\/lichri.radeln-in-den-sonnenaufgang.de\/wp-content\/uploads\/2019\/11\/IMG_8603_compress17-1024x683.jpg 1024w, http:\/\/lichri.radeln-in-den-sonnenaufgang.de\/wp-content\/uploads\/2019\/11\/IMG_8603_compress17-768x512.jpg 768w\" sizes=\"(max-width: 767px) 89vw, (max-width: 1000px) 54vw, (max-width: 1071px) 543px, 580px\" \/><\/figure>\n\n\n\n<figure class=\"wp-block-image\"><img decoding=\"async\" loading=\"lazy\" width=\"1296\" height=\"864\" src=\"http:\/\/lichri.radeln-in-den-sonnenaufgang.de\/wp-content\/uploads\/2019\/11\/IMG_8607_compress18.jpg\" alt=\"\" class=\"wp-image-1231\" srcset=\"http:\/\/lichri.radeln-in-den-sonnenaufgang.de\/wp-content\/uploads\/2019\/11\/IMG_8607_compress18.jpg 1296w, http:\/\/lichri.radeln-in-den-sonnenaufgang.de\/wp-content\/uploads\/2019\/11\/IMG_8607_compress18-300x200.jpg 300w, http:\/\/lichri.radeln-in-den-sonnenaufgang.de\/wp-content\/uploads\/2019\/11\/IMG_8607_compress18-1024x683.jpg 1024w, http:\/\/lichri.radeln-in-den-sonnenaufgang.de\/wp-content\/uploads\/2019\/11\/IMG_8607_compress18-768x512.jpg 768w\" sizes=\"(max-width: 767px) 89vw, (max-width: 1000px) 54vw, (max-width: 1071px) 543px, 580px\" \/><\/figure>\n\n\n\n<figure class=\"wp-block-image\"><img decoding=\"async\" loading=\"lazy\" width=\"1312\" height=\"984\" src=\"http:\/\/lichri.radeln-in-den-sonnenaufgang.de\/wp-content\/uploads\/2019\/11\/DSC_1802_compress63.jpg\" alt=\"\" class=\"wp-image-1256\" srcset=\"http:\/\/lichri.radeln-in-den-sonnenaufgang.de\/wp-content\/uploads\/2019\/11\/DSC_1802_compress63.jpg 1312w, http:\/\/lichri.radeln-in-den-sonnenaufgang.de\/wp-content\/uploads\/2019\/11\/DSC_1802_compress63-300x225.jpg 300w, http:\/\/lichri.radeln-in-den-sonnenaufgang.de\/wp-content\/uploads\/2019\/11\/DSC_1802_compress63-1024x768.jpg 1024w, http:\/\/lichri.radeln-in-den-sonnenaufgang.de\/wp-content\/uploads\/2019\/11\/DSC_1802_compress63-768x576.jpg 768w\" sizes=\"(max-width: 767px) 89vw, (max-width: 1000px) 54vw, (max-width: 1071px) 543px, 580px\" \/><\/figure>\n\n\n\n<figure class=\"wp-block-image\"><img decoding=\"async\" loading=\"lazy\" width=\"1296\" height=\"864\" src=\"http:\/\/lichri.radeln-in-den-sonnenaufgang.de\/wp-content\/uploads\/2019\/11\/IMG_8624_compress88.jpg\" alt=\"\" class=\"wp-image-1232\" srcset=\"http:\/\/lichri.radeln-in-den-sonnenaufgang.de\/wp-content\/uploads\/2019\/11\/IMG_8624_compress88.jpg 1296w, http:\/\/lichri.radeln-in-den-sonnenaufgang.de\/wp-content\/uploads\/2019\/11\/IMG_8624_compress88-300x200.jpg 300w, http:\/\/lichri.radeln-in-den-sonnenaufgang.de\/wp-content\/uploads\/2019\/11\/IMG_8624_compress88-1024x683.jpg 1024w, http:\/\/lichri.radeln-in-den-sonnenaufgang.de\/wp-content\/uploads\/2019\/11\/IMG_8624_compress88-768x512.jpg 768w\" sizes=\"(max-width: 767px) 89vw, (max-width: 1000px) 54vw, (max-width: 1071px) 543px, 580px\" \/><\/figure>\n\n\n\n<figure class=\"wp-block-image\"><img decoding=\"async\" loading=\"lazy\" width=\"1296\" height=\"864\" src=\"http:\/\/lichri.radeln-in-den-sonnenaufgang.de\/wp-content\/uploads\/2019\/11\/IMG_8630_compress79.jpg\" alt=\"\" class=\"wp-image-1233\" srcset=\"http:\/\/lichri.radeln-in-den-sonnenaufgang.de\/wp-content\/uploads\/2019\/11\/IMG_8630_compress79.jpg 1296w, http:\/\/lichri.radeln-in-den-sonnenaufgang.de\/wp-content\/uploads\/2019\/11\/IMG_8630_compress79-300x200.jpg 300w, http:\/\/lichri.radeln-in-den-sonnenaufgang.de\/wp-content\/uploads\/2019\/11\/IMG_8630_compress79-1024x683.jpg 1024w, http:\/\/lichri.radeln-in-den-sonnenaufgang.de\/wp-content\/uploads\/2019\/11\/IMG_8630_compress79-768x512.jpg 768w\" sizes=\"(max-width: 767px) 89vw, (max-width: 1000px) 54vw, (max-width: 1071px) 543px, 580px\" \/><\/figure>\n\n\n\n<figure class=\"wp-block-image\"><img decoding=\"async\" loading=\"lazy\" width=\"1296\" height=\"864\" src=\"http:\/\/lichri.radeln-in-den-sonnenaufgang.de\/wp-content\/uploads\/2019\/11\/IMG_8646_compress43.jpg\" alt=\"\" class=\"wp-image-1234\" srcset=\"http:\/\/lichri.radeln-in-den-sonnenaufgang.de\/wp-content\/uploads\/2019\/11\/IMG_8646_compress43.jpg 1296w, http:\/\/lichri.radeln-in-den-sonnenaufgang.de\/wp-content\/uploads\/2019\/11\/IMG_8646_compress43-300x200.jpg 300w, http:\/\/lichri.radeln-in-den-sonnenaufgang.de\/wp-content\/uploads\/2019\/11\/IMG_8646_compress43-1024x683.jpg 1024w, http:\/\/lichri.radeln-in-den-sonnenaufgang.de\/wp-content\/uploads\/2019\/11\/IMG_8646_compress43-768x512.jpg 768w\" sizes=\"(max-width: 767px) 89vw, (max-width: 1000px) 54vw, (max-width: 1071px) 543px, 580px\" \/><\/figure>\n\n\n\n<figure class=\"wp-block-image\"><img decoding=\"async\" loading=\"lazy\" width=\"1296\" height=\"864\" src=\"http:\/\/lichri.radeln-in-den-sonnenaufgang.de\/wp-content\/uploads\/2019\/11\/IMG_8666_compress10.jpg\" alt=\"\" class=\"wp-image-1239\" srcset=\"http:\/\/lichri.radeln-in-den-sonnenaufgang.de\/wp-content\/uploads\/2019\/11\/IMG_8666_compress10.jpg 1296w, http:\/\/lichri.radeln-in-den-sonnenaufgang.de\/wp-content\/uploads\/2019\/11\/IMG_8666_compress10-300x200.jpg 300w, http:\/\/lichri.radeln-in-den-sonnenaufgang.de\/wp-content\/uploads\/2019\/11\/IMG_8666_compress10-1024x683.jpg 1024w, http:\/\/lichri.radeln-in-den-sonnenaufgang.de\/wp-content\/uploads\/2019\/11\/IMG_8666_compress10-768x512.jpg 768w\" sizes=\"(max-width: 767px) 89vw, (max-width: 1000px) 54vw, (max-width: 1071px) 543px, 580px\" \/><\/figure>\n\n\n\n<figure class=\"wp-block-image\"><img decoding=\"async\" loading=\"lazy\" width=\"1280\" height=\"720\" src=\"http:\/\/lichri.radeln-in-den-sonnenaufgang.de\/wp-content\/uploads\/2019\/11\/DSC_1851_compress64.jpg\" alt=\"\" class=\"wp-image-1257\" srcset=\"http:\/\/lichri.radeln-in-den-sonnenaufgang.de\/wp-content\/uploads\/2019\/11\/DSC_1851_compress64.jpg 1280w, http:\/\/lichri.radeln-in-den-sonnenaufgang.de\/wp-content\/uploads\/2019\/11\/DSC_1851_compress64-300x169.jpg 300w, http:\/\/lichri.radeln-in-den-sonnenaufgang.de\/wp-content\/uploads\/2019\/11\/DSC_1851_compress64-1024x576.jpg 1024w, http:\/\/lichri.radeln-in-den-sonnenaufgang.de\/wp-content\/uploads\/2019\/11\/DSC_1851_compress64-768x432.jpg 768w\" sizes=\"(max-width: 767px) 89vw, (max-width: 1000px) 54vw, (max-width: 1071px) 543px, 580px\" \/><\/figure>\n\n\n\n<figure class=\"wp-block-image\"><img decoding=\"async\" loading=\"lazy\" width=\"864\" height=\"1296\" src=\"http:\/\/lichri.radeln-in-den-sonnenaufgang.de\/wp-content\/uploads\/2019\/11\/img_8715_compress41149978339744109718.jpg\" alt=\"\" class=\"wp-image-1235\" srcset=\"http:\/\/lichri.radeln-in-den-sonnenaufgang.de\/wp-content\/uploads\/2019\/11\/img_8715_compress41149978339744109718.jpg 864w, http:\/\/lichri.radeln-in-den-sonnenaufgang.de\/wp-content\/uploads\/2019\/11\/img_8715_compress41149978339744109718-200x300.jpg 200w, http:\/\/lichri.radeln-in-den-sonnenaufgang.de\/wp-content\/uploads\/2019\/11\/img_8715_compress41149978339744109718-683x1024.jpg 683w, http:\/\/lichri.radeln-in-den-sonnenaufgang.de\/wp-content\/uploads\/2019\/11\/img_8715_compress41149978339744109718-768x1152.jpg 768w\" sizes=\"(max-width: 767px) 89vw, (max-width: 1000px) 54vw, (max-width: 1071px) 543px, 580px\" \/><\/figure>\n\n\n\n<figure class=\"wp-block-image\"><img decoding=\"async\" loading=\"lazy\" width=\"1296\" height=\"864\" src=\"http:\/\/lichri.radeln-in-den-sonnenaufgang.de\/wp-content\/uploads\/2019\/11\/IMG_8738_compress69.jpg\" alt=\"\" class=\"wp-image-1236\" srcset=\"http:\/\/lichri.radeln-in-den-sonnenaufgang.de\/wp-content\/uploads\/2019\/11\/IMG_8738_compress69.jpg 1296w, http:\/\/lichri.radeln-in-den-sonnenaufgang.de\/wp-content\/uploads\/2019\/11\/IMG_8738_compress69-300x200.jpg 300w, http:\/\/lichri.radeln-in-den-sonnenaufgang.de\/wp-content\/uploads\/2019\/11\/IMG_8738_compress69-1024x683.jpg 1024w, http:\/\/lichri.radeln-in-den-sonnenaufgang.de\/wp-content\/uploads\/2019\/11\/IMG_8738_compress69-768x512.jpg 768w\" sizes=\"(max-width: 767px) 89vw, (max-width: 1000px) 54vw, (max-width: 1071px) 543px, 580px\" \/><\/figure>\n\n\n\n<figure class=\"wp-block-image\"><img decoding=\"async\" loading=\"lazy\" width=\"1296\" height=\"864\" src=\"http:\/\/lichri.radeln-in-den-sonnenaufgang.de\/wp-content\/uploads\/2019\/11\/IMG_8768_compress44.jpg\" alt=\"\" class=\"wp-image-1237\" srcset=\"http:\/\/lichri.radeln-in-den-sonnenaufgang.de\/wp-content\/uploads\/2019\/11\/IMG_8768_compress44.jpg 1296w, http:\/\/lichri.radeln-in-den-sonnenaufgang.de\/wp-content\/uploads\/2019\/11\/IMG_8768_compress44-300x200.jpg 300w, http:\/\/lichri.radeln-in-den-sonnenaufgang.de\/wp-content\/uploads\/2019\/11\/IMG_8768_compress44-1024x683.jpg 1024w, http:\/\/lichri.radeln-in-den-sonnenaufgang.de\/wp-content\/uploads\/2019\/11\/IMG_8768_compress44-768x512.jpg 768w\" sizes=\"(max-width: 767px) 89vw, (max-width: 1000px) 54vw, (max-width: 1071px) 543px, 580px\" \/><\/figure>\n\n\n\n<figure class=\"wp-block-image\"><img decoding=\"async\" loading=\"lazy\" width=\"1296\" height=\"864\" src=\"http:\/\/lichri.radeln-in-den-sonnenaufgang.de\/wp-content\/uploads\/2019\/11\/IMG_8799_compress8.jpg\" alt=\"\" class=\"wp-image-1238\" srcset=\"http:\/\/lichri.radeln-in-den-sonnenaufgang.de\/wp-content\/uploads\/2019\/11\/IMG_8799_compress8.jpg 1296w, http:\/\/lichri.radeln-in-den-sonnenaufgang.de\/wp-content\/uploads\/2019\/11\/IMG_8799_compress8-300x200.jpg 300w, http:\/\/lichri.radeln-in-den-sonnenaufgang.de\/wp-content\/uploads\/2019\/11\/IMG_8799_compress8-1024x683.jpg 1024w, http:\/\/lichri.radeln-in-den-sonnenaufgang.de\/wp-content\/uploads\/2019\/11\/IMG_8799_compress8-768x512.jpg 768w\" sizes=\"(max-width: 767px) 89vw, (max-width: 1000px) 54vw, (max-width: 1071px) 543px, 580px\" \/><\/figure>\n\n\n\n<figure class=\"wp-block-image\"><img decoding=\"async\" loading=\"lazy\" width=\"1312\" height=\"984\" src=\"http:\/\/lichri.radeln-in-den-sonnenaufgang.de\/wp-content\/uploads\/2019\/11\/DSC_1981_compress59.jpg\" alt=\"\" class=\"wp-image-1261\" srcset=\"http:\/\/lichri.radeln-in-den-sonnenaufgang.de\/wp-content\/uploads\/2019\/11\/DSC_1981_compress59.jpg 1312w, http:\/\/lichri.radeln-in-den-sonnenaufgang.de\/wp-content\/uploads\/2019\/11\/DSC_1981_compress59-300x225.jpg 300w, http:\/\/lichri.radeln-in-den-sonnenaufgang.de\/wp-content\/uploads\/2019\/11\/DSC_1981_compress59-1024x768.jpg 1024w, http:\/\/lichri.radeln-in-den-sonnenaufgang.de\/wp-content\/uploads\/2019\/11\/DSC_1981_compress59-768x576.jpg 768w\" sizes=\"(max-width: 767px) 89vw, (max-width: 1000px) 54vw, (max-width: 1071px) 543px, 580px\" \/><\/figure>\n\n\n\n<figure class=\"wp-block-image\"><img decoding=\"async\" loading=\"lazy\" width=\"1312\" height=\"984\" src=\"http:\/\/lichri.radeln-in-den-sonnenaufgang.de\/wp-content\/uploads\/2019\/11\/DSC_1989_compress50.jpg\" alt=\"\" class=\"wp-image-1262\" srcset=\"http:\/\/lichri.radeln-in-den-sonnenaufgang.de\/wp-content\/uploads\/2019\/11\/DSC_1989_compress50.jpg 1312w, http:\/\/lichri.radeln-in-den-sonnenaufgang.de\/wp-content\/uploads\/2019\/11\/DSC_1989_compress50-300x225.jpg 300w, http:\/\/lichri.radeln-in-den-sonnenaufgang.de\/wp-content\/uploads\/2019\/11\/DSC_1989_compress50-1024x768.jpg 1024w, http:\/\/lichri.radeln-in-den-sonnenaufgang.de\/wp-content\/uploads\/2019\/11\/DSC_1989_compress50-768x576.jpg 768w\" sizes=\"(max-width: 767px) 89vw, (max-width: 1000px) 54vw, (max-width: 1071px) 543px, 580px\" \/><\/figure>\n\n\n\n<p>.<\/p>\n\n\n\n<p>..<\/p>\n\n\n\n<p>&#8230;<\/p>\n\n\n\n<p>Chris [st\u00f6hnend]: \u201cAu, mein Kopf\u2026\u201d<br>Chris setzt sich auf und r\u00fcttelt Lisa sanft an der Schulter, die neben ihm im Sand liegt und langsam wach wird.<br>Lisa: \u201cIch glaub ich war gerade weg getreten.\u201d [Atmet tief durch] \u201cIch muss mehr trinken.\u201d<br>Chris wuschelt sich mit beiden H\u00e4nden den Sand aus den Haaren und blickt dann langsam auf, \u00fcber Strand und Meer hinweg auf den glitzernden Horizont. Er l\u00e4chelt in sich hinein und sch\u00fcttelt sacht schmerzenden den Kopf.<br>Chris: \u201cHab ich einen Stuss getr\u00e4umt.\u201d<\/p>\n\n\n\n<figure class=\"wp-block-image size-large\"><img decoding=\"async\" loading=\"lazy\" width=\"1024\" height=\"683\" src=\"http:\/\/lichri.radeln-in-den-sonnenaufgang.de\/wp-content\/uploads\/2019\/11\/IMG_8918_compress32-1024x683.jpg\" alt=\"\" class=\"wp-image-1115\" srcset=\"http:\/\/lichri.radeln-in-den-sonnenaufgang.de\/wp-content\/uploads\/2019\/11\/IMG_8918_compress32-1024x683.jpg 1024w, http:\/\/lichri.radeln-in-den-sonnenaufgang.de\/wp-content\/uploads\/2019\/11\/IMG_8918_compress32-300x200.jpg 300w, http:\/\/lichri.radeln-in-den-sonnenaufgang.de\/wp-content\/uploads\/2019\/11\/IMG_8918_compress32-768x512.jpg 768w, http:\/\/lichri.radeln-in-den-sonnenaufgang.de\/wp-content\/uploads\/2019\/11\/IMG_8918_compress32.jpg 1296w\" sizes=\"(max-width: 767px) 89vw, (max-width: 1000px) 54vw, (max-width: 1071px) 543px, 580px\" \/><\/figure>\n\n\n\n<figure class=\"wp-block-image\"><img alt=\"\"\/><\/figure>\n","protected":false},"excerpt":{"rendered":"<p>Flashback in Text und Bildern &#8211; der etwas andere Blogbeitrag<\/p>\n","protected":false},"author":3,"featured_media":1263,"comment_status":"open","ping_status":"open","sticky":false,"template":"","format":"standard","meta":[],"categories":[1],"tags":[],"_links":{"self":[{"href":"http:\/\/lichri.radeln-in-den-sonnenaufgang.de\/index.php?rest_route=\/wp\/v2\/posts\/1114"}],"collection":[{"href":"http:\/\/lichri.radeln-in-den-sonnenaufgang.de\/index.php?rest_route=\/wp\/v2\/posts"}],"about":[{"href":"http:\/\/lichri.radeln-in-den-sonnenaufgang.de\/index.php?rest_route=\/wp\/v2\/types\/post"}],"author":[{"embeddable":true,"href":"http:\/\/lichri.radeln-in-den-sonnenaufgang.de\/index.php?rest_route=\/wp\/v2\/users\/3"}],"replies":[{"embeddable":true,"href":"http:\/\/lichri.radeln-in-den-sonnenaufgang.de\/index.php?rest_route=%2Fwp%2Fv2%2Fcomments&post=1114"}],"version-history":[{"count":3,"href":"http:\/\/lichri.radeln-in-den-sonnenaufgang.de\/index.php?rest_route=\/wp\/v2\/posts\/1114\/revisions"}],"predecessor-version":[{"id":1264,"href":"http:\/\/lichri.radeln-in-den-sonnenaufgang.de\/index.php?rest_route=\/wp\/v2\/posts\/1114\/revisions\/1264"}],"wp:featuredmedia":[{"embeddable":true,"href":"http:\/\/lichri.radeln-in-den-sonnenaufgang.de\/index.php?rest_route=\/wp\/v2\/media\/1263"}],"wp:attachment":[{"href":"http:\/\/lichri.radeln-in-den-sonnenaufgang.de\/index.php?rest_route=%2Fwp%2Fv2%2Fmedia&parent=1114"}],"wp:term":[{"taxonomy":"category","embeddable":true,"href":"http:\/\/lichri.radeln-in-den-sonnenaufgang.de\/index.php?rest_route=%2Fwp%2Fv2%2Fcategories&post=1114"},{"taxonomy":"post_tag","embeddable":true,"href":"http:\/\/lichri.radeln-in-den-sonnenaufgang.de\/index.php?rest_route=%2Fwp%2Fv2%2Ftags&post=1114"}],"curies":[{"name":"wp","href":"https:\/\/api.w.org\/{rel}","templated":true}]}}